{"id":10838,"date":"2024-10-08T13:52:35","date_gmt":"2024-10-08T13:52:35","guid":{"rendered":"https:\/\/neuronup.com\/fr\/?p=10838"},"modified":"2024-12-20T15:27:52","modified_gmt":"2024-12-20T13:27:52","slug":"diagnostic-differentiel-des-etiologies-de-la-demence-base-sur-lia-a-partir-de-donnees-multimodales","status":"publish","type":"post","link":"https:\/\/neuronup.com\/fr\/nouveautes-neuronup\/diagnostic-differentiel-des-etiologies-de-la-demence-base-sur-lia-a-partir-de-donnees-multimodales\/","title":{"rendered":"Diagnostic diff\u00e9rentiel des \u00e9tiologies de la d\u00e9mence bas\u00e9 sur l&#8217;IA \u00e0 partir de donn\u00e9es multimodales"},"content":{"rendered":"\n<p style=\"font-size:25px\">Le chercheur Antonio Javier Sutil Jim\u00e9nez expose dans cet article les donn\u00e9es les plus pertinentes sur l&rsquo;\u00e9tude <em>\u00ab\u00a0Diagnostic diff\u00e9rentiel des \u00e9tiologies de la d\u00e9mence bas\u00e9 sur l&rsquo;IA sur des donn\u00e9es multimodales\u00a0\u00bb<\/em>.<\/p>\n\n\n\n<h2 class=\"wp-block-heading\">Pourquoi l&rsquo;\u00e9tude de la d\u00e9mence et de l&rsquo;intelligence artificielle (IA) est-elle importante ?<\/h2>\n\n\n\n<p>La population mondiale vieillit et avec cela, nous faisons face \u00e0 de multiples risques pour la sant\u00e9 li\u00e9s \u00e0 l&rsquo;\u00e2ge. L&rsquo;un de ces risques est la d\u00e9mence, dont le diagnostic augmente d&rsquo;environ 10 millions de nouveaux cas chaque ann\u00e9e. Les <a href=\"https:\/\/neuronup.com\/fr\/la-neuro-reeducation\/les-maladies-neurodegeneratives\">d\u00e9mences <\/a>sont un ensemble de maladies caract\u00e9ris\u00e9es par la d\u00e9t\u00e9rioration des fonctions cognitives au point de rendre difficile ou impossible la r\u00e9alisation des activit\u00e9s de la vie quotidienne de mani\u00e8re ind\u00e9pendante. Parmi elles, la maladie d&rsquo;Alzheimer se distingue, mais il existe de nombreuses autres comme la d\u00e9mence vasculaire, la <a href=\"https:\/\/neuronup.com\/fr\/actualites-de-la-stimulation-cognitive\/maladies-neurodegeneratives\/maladie-a-corps-de-lewy\">d\u00e9mence \u00e0 corps de Lewy<\/a> ou la <a href=\"https:\/\/neuronup.com\/fr\/neuropsychologie-et-informations\/cerveau\/demence-frontotemporale-quest-ce-que-cest-types-symptomes-causes-diagnostic-et-traitement\">d\u00e9mence frontotemporale<\/a>.<\/p>\n\n\n\n<h3 class=\"wp-block-heading\">Comment intervenir pour r\u00e9duire les probl\u00e8mes associ\u00e9s aux d\u00e9mences ?<\/h3>\n\n\n\n<p>La r\u00e9ponse serait li\u00e9e \u00e0 <strong>l&rsquo;obtention de diagnostics pr\u00e9coces et pr\u00e9cis<\/strong> qui permettraient de r\u00e9aliser des th\u00e9rapies efficaces et sp\u00e9cifiquement dirig\u00e9es vers chaque maladie. En 2017, l&rsquo;Organisation mondiale de la sant\u00e9 (OMS) a d\u00e9j\u00e0 d\u00e9clar\u00e9 la n\u00e9cessit\u00e9 d&rsquo;am\u00e9liorer les diagnostics pour r\u00e9pondre \u00e0 l&rsquo;augmentation des cas de d\u00e9mence dans le monde. Cependant, les diff\u00e9rents types de d\u00e9mence sont <strong>parfois difficilement diff\u00e9renciables \u00e0 un stade pr\u00e9coce<\/strong>, car les sympt\u00f4mes associ\u00e9s \u00e0 chaque d\u00e9mence sont complexes. \u00c0 cela s&rsquo;ajoute que parfois, les diff\u00e9rentes d\u00e9mences peuvent coexister, ce qui entra\u00eene un grand nombre d&rsquo;erreurs diagnostiques.<\/p>\n\n\n\n<h3 class=\"wp-block-heading\">Gold Standard<\/h3>\n\n\n\n<p>Ces diagnostics se sont principalement bas\u00e9s sur des \u00e9valuations neuropsychologiques. Cependant, ces diagnostics bas\u00e9s sur des tests cognitifs et comportementaux ont \u00e9t\u00e9 tent\u00e9s d&rsquo;\u00eatre li\u00e9s \u00e0 des tests \u00e9valuant des \u00e9chantillons biologiques, comme des IRM, des \u00e9chantillons de sang ou de liquide c\u00e9phalorachidien, entre autres. Malgr\u00e9 de grands efforts, <strong>il manque encore un test de diagnostic de type \u00ab\u00a0Gold Standard\u00a0\u00bb<\/strong>. C&rsquo;est le nom qui d\u00e9signe un test de diagnostic ayant une haute fiabilit\u00e9 pour diagnostiquer une maladie sp\u00e9cifique. Ce Gold Standard a \u00e9t\u00e9 recherch\u00e9 principalement \u00e0 travers les donn\u00e9es biologiques, sans succ\u00e8s jusqu&rsquo;\u00e0 pr\u00e9sent.<\/p>\n\n\n\n<h3 class=\"wp-block-heading\">Solution bas\u00e9e sur l&rsquo;intelligence artificielle (IA)<\/h3>\n\n\n\n<p>Pour r\u00e9soudre cette situation, un groupe de chercheurs de l&rsquo;Universit\u00e9 de Boston, ainsi que des chercheurs de tous les \u00c9tats-Unis, a propos\u00e9 une solution bas\u00e9e sur l&rsquo;intelligence artificielle qui permettrait de travailler avec un grand ensemble de <strong>donn\u00e9es h\u00e9t\u00e9rog\u00e8nes<\/strong>. Ces donn\u00e9es sont h\u00e9t\u00e9rog\u00e8nes car elles visent \u00e0 <strong>imiter le monde r\u00e9el<\/strong>; c&rsquo;est-\u00e0-dire utiliser les m\u00eames outils qu&rsquo;un professionnel clinique utiliserait pour apporter une solution au probl\u00e8me de diagnostic et de pr\u00e9vention li\u00e9 aux d\u00e9mences. Les multiples types de donn\u00e9es abord\u00e9es sont : sociod\u00e9mographiques, neurologiques, physiques, histoire m\u00e9dicale et IRM.<\/p>\n\n\n\n<div style=\"height:50px\" aria-hidden=\"true\" class=\"wp-block-spacer\"><\/div>\n\n\n\n<div class=\"wp-block-group br-0111 has-primary-background-color has-background has-dark-background has-sm-padding-top has-sm-padding-left has-sm-padding-right has-xxl-margin-top\"><div class=\"wp-block-group__inner-container is-layout-constrained wp-block-group-is-layout-constrained\">\n<div class=\"wp-block-columns is-layout-flex wp-container-core-columns-is-layout-9d6595d7 wp-block-columns-is-layout-flex\">\n<div class=\"wp-block-column is-layout-flow wp-block-column-is-layout-flow\">\n<figure class=\"wp-block-image size-full desktop-position-absolute desktop-bottom-0 mobile-width-50 mobile-m-inline-auto has-xl-margin-top\"><img decoding=\"async\" width=\"292\" height=\"338\" src=\"https:\/\/neuronup.com\/fr\/wp-content\/uploads\/2024\/10\/certificat-produit.webp\" alt=\"\" class=\"wp-image-31568\" srcset=\"https:\/\/neuronup.com\/fr\/wp-content\/uploads\/2024\/10\/certificat-produit-259x300.webp 259w, https:\/\/neuronup.com\/fr\/wp-content\/uploads\/2024\/10\/certificat-produit.webp 292w\" sizes=\"(max-width: 292px) 100vw, 292px\" \/><\/figure>\n<\/div>\n\n\n\n<div class=\"wp-block-column is-layout-flow wp-block-column-is-layout-flow\">\n<h2 class=\"wp-block-heading has-white-color has-text-color\"><strong>Abonnez-vous<\/strong> <br>\u00e0 notre <br>Newsletter<\/h2>\n\n\n\n<div class=\"wp-block-buttons is-layout-flex wp-block-buttons-is-layout-flex\">\n<div class=\"wp-block-button--1\" style=\"--button-outline-color:var(--color-white);--button-outline-color-hover:rgba(0,0,0,0.8);\"><a class=\"wp-block-button__link button button-outline   wp-element-button\" href=\"https:\/\/neuronup.com\/fr\/newsletter\/\">Abonnez-vous<\/a><\/div>\n\n<\/div>\n\n\n\n<div style=\"height:40px\" aria-hidden=\"true\" class=\"wp-block-spacer\"><\/div>\n<\/div>\n<\/div>\n<\/div><\/div>\n\n\n\n\n<div style=\"height:50px\" aria-hidden=\"true\" class=\"wp-block-spacer\"><\/div>\n\n\n\n<h2 class=\"wp-block-heading\">Que s&rsquo;est-il pass\u00e9 ?<\/h2>\n\n\n\n<p>Pour pouvoir appliquer un mod\u00e8le bas\u00e9 sur l&rsquo;intelligence artificielle, une quantit\u00e9 massive de donn\u00e9es \u00e9tait n\u00e9cessaire, c&rsquo;est pourquoi les chercheurs ont fait appel \u00e0 <strong>neuf ensembles de donn\u00e9es ind\u00e9pendants r\u00e9unissant plus de 51 000 patients pr\u00e9sentant diff\u00e9rents types de d\u00e9mence<\/strong>.<\/p>\n\n\n\n<h3 class=\"wp-block-heading\">Patients avec diff\u00e9rents types de d\u00e9mence<\/h3>\n\n\n\n<p>L&rsquo;inclusion d&rsquo;un large \u00e9ventail de d\u00e9mences et de causes multiples a \u00e9t\u00e9 un pas fondamental pour obtenir une caract\u00e9risation riche et vari\u00e9e pouvant \u00eatre repr\u00e9sentative de la r\u00e9alit\u00e9. C&rsquo;est pourquoi des patients ayant une d\u00e9mence due \u00e0 de nombreuses causes diff\u00e9rentes ont \u00e9t\u00e9 inclus, comme <a href=\"https:\/\/neuronup.com\/fr\/la-neuro-reeducation\/les-maladies-neurodegeneratives\/maladie-dalzheimer\">la maladie d&rsquo;Alzheimer<\/a>, les accidents vasculaires c\u00e9r\u00e9braux, la d\u00e9g\u00e9n\u00e9rescence frontotemporale, la d\u00e9g\u00e9n\u00e9rescence corticobasale, due \u00e0 des infections, \u00e0 l&rsquo;abus de drogues, etc.<\/p>\n\n\n\n<h4 class=\"wp-block-heading\">Probl\u00e8me de perte de donn\u00e9es<\/h4>\n\n\n\n<p>Cependant, cette approche bas\u00e9e sur une quantit\u00e9 massive de donn\u00e9es rend \u00e9galement probable l&rsquo;existence de donn\u00e9es manquantes. C&rsquo;est l&rsquo;oppos\u00e9 des environnements tr\u00e8s contr\u00f4l\u00e9s et avec un nombre plus r\u00e9duit de patients, o\u00f9 la perte de donn\u00e9es est minimis\u00e9e. Dans ce cas, l&rsquo;approche n\u00e9cessite de grands ensembles de donn\u00e9es tr\u00e8s h\u00e9t\u00e9rog\u00e8nes permettant d&rsquo;apprendre au mod\u00e8le et d&rsquo;\u00eatre le plus r\u00e9aliste possible. Pour r\u00e9soudre le probl\u00e8me li\u00e9 \u00e0 la perte de donn\u00e9es, les chercheurs ont appliqu\u00e9 <strong>des techniques qui fourniront la plus grande robustesse durant les premi\u00e8res \u00e9tapes<\/strong>. La mise en \u0153uvre de ces m\u00e9thodes et strat\u00e9gies robustes <strong>\u00e9vite que l&rsquo;entra\u00eenement de l&rsquo;intelligence artificielle soit biais\u00e9<\/strong> et donc que les futures pr\u00e9dictions le soient \u00e9galement. De plus, des proc\u00e9dures standardis\u00e9es d&rsquo;inclusion et d&rsquo;exclusion ont \u00e9t\u00e9 suivies, garantissant la coh\u00e9rence et la cr\u00e9dibilit\u00e9 des r\u00e9sultats.<\/p>\n\n\n\n<h4 class=\"wp-block-heading\">Mod\u00e8le de type \u00ab\u00a0transformer\u00a0\u00bb<\/h4>\n\n\n\n<p>\u00c0 ce stade, un d\u00e9fi important se pose \u00e9galement, \u00e0 savoir la cr\u00e9ation d&rsquo;un mod\u00e8le permettant d&rsquo;agglom\u00e9rer plusieurs types de donn\u00e9es et param\u00e8tres de nature diff\u00e9rente, ce qu&rsquo;on appelle une architecture de type \u00ab\u00a0transformer\u00a0\u00bb. Dans ce type de mod\u00e8le, toutes les caract\u00e9ristiques diff\u00e9rentes incluses sont transform\u00e9es en ce que l&rsquo;on appelle un \u00ab\u00a0vecteur de longueur fixe\u00a0\u00bb, suivant une strat\u00e9gie sp\u00e9cifique qui permet de cr\u00e9er une premi\u00e8re couche du mod\u00e8le sur laquelle le reste sera construit en d\u00e9codant cela en une s\u00e9rie de pr\u00e9dictions.<\/p>\n\n\n\n<p>Pour mieux comprendre, nous pouvons penser \u00e0 ce mod\u00e8le comme \u00e0 une recette de cuisine, sauf qu&rsquo;au lieu de diff\u00e9rents pas comme nous avons dans la recette, le mod\u00e8le aura diff\u00e9rentes couches. Mais tout comme pour obtenir un bon plat apr\u00e8s la cuisson, nous avons besoin de bons ingr\u00e9dients qui se combinent de mani\u00e8re ad\u00e9quate. Les chercheurs voulaient un bon syst\u00e8me de classification des patients et avaient besoin que leurs ingr\u00e9dients ; c&rsquo;est-\u00e0-dire, les donn\u00e9es dont ils disposaient, soient bons et puissent se combiner de mani\u00e8re appropri\u00e9e. Dans notre similitude avec ce mod\u00e8le d&rsquo;intelligence artificielle, il s&rsquo;agirait de <strong>transformer les diff\u00e9rentes donn\u00e9es que nous avons en un format commun<\/strong> (vecteur de longueur fixe). Cela fait que le mod\u00e8le cr\u00e9\u00e9 sera tr\u00e8s robuste face \u00e0 la perte ou \u00e0 l&rsquo;incompl\u00e9tude des donn\u00e9es et pourra<strong> effectuer des pr\u00e9dictions fiables<\/strong>.<\/p>\n\n\n\n<h4 class=\"wp-block-heading\">Apprentissage autosupervis\u00e9<\/h4>\n\n\n\n<p>Concr\u00e8tement, ils utilisent un type de mod\u00e8le appel\u00e9 apprentissage autosupervis\u00e9. Dans cette approche d&rsquo;apprentissage automatique, le mod\u00e8le apprend \u00e0 partir de donn\u00e9es sans avoir besoin d&rsquo;\u00e9tiquettes explicites. Contrairement \u00e0 l&rsquo;apprentissage supervis\u00e9, qui n\u00e9cessite un ensemble de donn\u00e9es avec des \u00e9tiquettes, l&rsquo;apprentissage autosupervis\u00e9 repose sur la recherche de structures et de motifs dans les donn\u00e9es sans intervention humaine directe pour les \u00e9tiqueter.<\/p>\n\n\n\n<h4 class=\"wp-block-heading\">Phase d&rsquo;entra\u00eenement, de validation et de comparaison avec des experts<\/h4>\n\n\n\n<p>Ce qui a suivi dans le d\u00e9veloppement du mod\u00e8le a \u00e9t\u00e9 la phase d&rsquo;entra\u00eenement, de validation et de comparaison avec des experts. Les processus d&rsquo;entra\u00eenement et de validation sont habituels dans ce type d&rsquo;\u00e9tude.<\/p>\n\n\n\n<p>L&rsquo;entra\u00eenement consistait \u00e0 alimenter le mod\u00e8le en utilisant des donn\u00e9es provenant des diff\u00e9rentes cohortes, en int\u00e9grant toutes les modalit\u00e9s pour apprendre les motifs associ\u00e9s \u00e0 diff\u00e9rents types de d\u00e9mence. Apr\u00e8s l&rsquo;entra\u00eenement du mod\u00e8le, une validation a \u00e9t\u00e9 r\u00e9alis\u00e9e, utilisant des donn\u00e9es jamais vues auparavant, afin de garantir que le mod\u00e8le peut g\u00e9n\u00e9raliser ses pr\u00e9dictions \u00e0 des donn\u00e9es qu&rsquo;il ne conna\u00eet pas.<\/p>\n\n\n\n<p>Enfin, et de mani\u00e8re novatrice, les chercheurs ont test\u00e9 les diagnostics r\u00e9alis\u00e9s par le mod\u00e8le avec des m\u00e9decins sp\u00e9cialis\u00e9s dans le diagnostic des d\u00e9mences. Pour cela, ils ont invit\u00e9 un groupe de <strong>12 neurologues et 7 neuroradiologues \u00e0 participer \u00e0 des t\u00e2ches de diagnostic sur un sous-ensemble de 100 cas de diff\u00e9rents types de d\u00e9mence<\/strong>. On leur a fourni les donn\u00e9es disponibles pour chacun de ces 100 cas et on leur a demand\u00e9 de fournir leurs impressions diagnostiques, ainsi qu&rsquo;une note de confiance oscillant entre 0 et 100 pour le diagnostic de chacune des 13 \u00e9tiquettes possibles. \u00c0 ce stade, on voulait savoir si les jugements cliniques pouvaient \u00eatre am\u00e9lior\u00e9s en utilisant le mod\u00e8le cr\u00e9\u00e9.<\/p>\n\n\n\n<h2 class=\"wp-block-heading\">Quelles sont les principales conclusions de cette \u00e9tude sur la d\u00e9mence et l&rsquo;intelligence artificielle (IA) ?<\/h2>\n\n\n\n<p>Les r\u00e9sultats principaux peuvent \u00eatre divis\u00e9s en trois parties : classification des individus en bonne sant\u00e9 vs d\u00e9t\u00e9rioration, classification des pathologies et am\u00e9lioration du jugement clinique en utilisant le mod\u00e8le.<\/p>\n\n\n\n<p>L&rsquo;\u00e9tude a \u00e9valu\u00e9 les performances d&rsquo;un mod\u00e8le d&rsquo;intelligence artificielle (IA) pour classifier les individus en trois cat\u00e9gories cognitives :<\/p>\n\n\n\n<ul class=\"wp-block-list\">\n<li>sains ou cognitivement normaux,<\/li>\n\n\n\n<li>d\u00e9t\u00e9rioration cognitive l\u00e9g\u00e8re,<\/li>\n\n\n\n<li>et d\u00e9mence.<\/li>\n<\/ul>\n\n\n\n<p>Les m\u00e9triques utilis\u00e9es pour \u00e9valuer les performances du mod\u00e8le \u00e9taient les courbes ROC et PR. Les r\u00e9sultats obtenus peuvent \u00eatre observ\u00e9s dans le tableau suivant (tableau 1).<\/p>\n\n\n\n<ul class=\"wp-block-list\">\n<li>Les m\u00e9triques obtenues pour <strong>les mod\u00e8les ROC refl\u00e8tent une grande capacit\u00e9 du mod\u00e8le \u00e0 diff\u00e9rencier les trois classes mentionn\u00e9es<\/strong>, car ces m\u00e9triques sont \u00e9valu\u00e9es de 0 \u00e0 1, un chiffre proche de un \u00e9tant un indicateur d&rsquo;une excellente classification.<\/li>\n<\/ul>\n\n\n\n<ul class=\"wp-block-list\">\n<li><strong>Pour les m\u00e9triques AUAP, les valeurs continuent \u00e0 indiquer un bon rendement du mod\u00e8le<\/strong>, il est donc pertinent de consid\u00e9rer chaque classe.<\/li>\n<\/ul>\n\n\n\n<figure class=\"wp-block-table\"><table class=\"has-fixed-layout\"><tbody><tr><td><\/td><td>AUROC<\/td><td>AUAP<\/td><\/tr><tr><td>Micro<\/td><td>0.94<\/td><td>0.90<\/td><\/tr><tr><td>Macro<\/td><td>0.93<\/td><td>0.84<\/td><\/tr><tr><td>Weight<\/td><td>0.94<\/td><td>0.87<\/td><\/tr><\/tbody><\/table><figcaption class=\"wp-element-caption\">Tableau 1. Performance du mod\u00e8le pour la classification sain vs d\u00e9t\u00e9rioration.<\/figcaption><\/figure>\n\n\n\n<p>Le deuxi\u00e8me r\u00e9sultat de l&rsquo;\u00e9tude est li\u00e9 \u00e0 la capacit\u00e9 du mod\u00e8le \u00e0 diagnostiquer dix types diff\u00e9rents de d\u00e9mence, montrant des <strong>r\u00e9sultats tr\u00e8s significatifs en termes de pr\u00e9cision diagnostique.<\/strong><\/p>\n\n\n\n<ul class=\"wp-block-list\">\n<li>Les r\u00e9sultats des m\u00e9triques AUROC montrent \u00e0 nouveau une grande efficacit\u00e9 du mod\u00e8le, celui-ci \u00e9tant capable de distinguer dans la plupart des cas les types de d\u00e9mence.<\/li>\n<\/ul>\n\n\n\n<ul class=\"wp-block-list\">\n<li>D&rsquo;autre part, les mod\u00e8les AUPR continuent \u00e0 montrer que le mod\u00e8le pr\u00e9sente de bonnes performances, bien que non excellentes (voir tableau 2), ce qui indiquerait que le mod\u00e8le est plus pr\u00e9cis pour certaines maladies que pour d&rsquo;autres.<\/li>\n<\/ul>\n\n\n\n<figure class=\"wp-block-table\"><table class=\"has-fixed-layout\"><tbody><tr><td><\/td><td>AUROC<\/td><td>AP<\/td><\/tr><tr><td>Micro<\/td><td>0.96<\/td><td>0.70<\/td><\/tr><tr><td>Macro<\/td><td>0.90<\/td><td>0.36<\/td><\/tr><tr><td>Weight<\/td><td>0.94<\/td><td>0.73<\/td><\/tr><\/tbody><\/table><figcaption class=\"wp-element-caption\">Tableau 2 : Performance moyenne du mod\u00e8le pour la classification des d\u00e9mences.<\/figcaption><\/figure>\n\n\n\n<p>Enfin, en ce qui concerne l&rsquo;\u00e9valuation clinique assist\u00e9e par IA, les r\u00e9sultats indiquent qu&rsquo;elle <strong>pourrait augmenter la pr\u00e9cision diagnostique par rapport \u00e0 celle d&rsquo;un professionnel clinique agissant seul<\/strong>. Cela se manifeste par l&rsquo;am\u00e9lioration significative de la classification des types de d\u00e9mence. Par exemple :<\/p>\n\n\n\n<p>Les neurologues ont am\u00e9lior\u00e9 :<\/p>\n\n\n\n<ul class=\"wp-block-list\">\n<li>de 12 % dans la d\u00e9tection du d\u00e9clin cognitif l\u00e9ger,<\/li>\n\n\n\n<li>de 15 % pour la maladie d&rsquo;Alzheimer,<\/li>\n\n\n\n<li>de 26 % pour la d\u00e9mence fronto-temporale selon les valeurs AUROC,<\/li>\n\n\n\n<li>particuli\u00e8rement notable \u00e9tait l&rsquo;am\u00e9lioration pour la maladie \u00e0 prions, qui a augment\u00e9 de 73 %.<\/li>\n<\/ul>\n\n\n\n<p>Les radiologues ont :<\/p>\n\n\n\n<ul class=\"wp-block-list\">\n<li>am\u00e9lior\u00e9 de 9 % pour la d\u00e9mence de type Alzheimer,<\/li>\n\n\n\n<li>de 6 % pour la d\u00e9mence fronto-temporale,<\/li>\n\n\n\n<li>\u00e9galement notable est l&rsquo;am\u00e9lioration pour la maladie \u00e0 prions avec 68 %.<\/li>\n<\/ul>\n\n\n\n<p>En conclusion, nous pouvons en d\u00e9duire que de <strong>futurs mod\u00e8les bas\u00e9s sur l&rsquo;intelligence artificielle pourraient \u00eatre d&rsquo;une grande aide pour la diff\u00e9renciation diagnostique lorsque celle-ci repose sur la nature multifactorielle des diff\u00e9rents types de d\u00e9mence<\/strong>. Cela pourrait non seulement am\u00e9liorer le diagnostic, mais aussi faciliter la personnalisation des traitements et des interventions aux premiers stades de la maladie.<\/p>\n\n\n\n<div style=\"height:50px\" aria-hidden=\"true\" class=\"wp-block-spacer\"><\/div>\n\n\n\n<div class=\"wp-block-group\"><div class=\"wp-block-group__inner-container is-layout-constrained wp-block-group-is-layout-constrained\">\n<div class=\"wp-block-columns br-0111 particle-bg p-5 has-primary-background-color has-background is-layout-flex wp-container-core-columns-is-layout-9d6595d7 wp-block-columns-is-layout-flex\">\n<div class=\"wp-block-column is-layout-flow wp-block-column-is-layout-flow\" style=\"flex-basis:66.66%\">\n<h2 class=\"wp-block-heading has-white-color has-text-color\">Essayez NeuronUP 7 jours gratuitement<\/h2>\n\n\n\n<p class=\"has-white-color has-text-color\">Vous pourrez travailler avec nos activit\u00e9s, concevoir des s\u00e9ances ou effectuer des r\u00e9habilitations \u00e0 distance<\/p>\n<\/div>\n\n\n\n<div class=\"wp-block-column is-layout-flow wp-block-column-is-layout-flow\" style=\"flex-basis:33.33%\">\n<div class=\"wp-block-buttons is-content-justification-center is-layout-flex wp-container-core-buttons-is-layout-16018d1d wp-block-buttons-is-layout-flex\">\n<div class=\"wp-block-button\" style=\"--button-background:var(--color-custom-1);--button-background-hover:#cc7e00;\"><a class=\"wp-block-button__link button   wp-element-button\" href=\"https:\/\/neuronup.com\/fr\/landing\/\">Commencez votre essai<\/a><\/div>\n\n<\/div>\n<\/div>\n<\/div>\n<\/div><\/div>\n\n\n\n<div style=\"height:50px\" aria-hidden=\"true\" class=\"wp-block-spacer\"><\/div>\n\n\n\n<h2 class=\"wp-block-heading\">O\u00f9 NeuronUP pourrait-il contribuer \u00e0 une \u00e9tude comme celle-ci ?<\/h2>\n\n\n\n<p>NeuronUP peut apporter de nombreuses contributions \u00e0 une \u00e9tude comme celle-ci.<\/p>\n\n\n\n<ul class=\"wp-block-list\">\n<li><a href=\"https:\/\/neuronup.com\/fr\/\">NeuronUP <\/a>peut contribuer \u00e0 la mise en place de structures et de technologies qui permettraient de reproduire ou de r\u00e9pliquer une \u00e9tude de ce type, \u00e9tant donn\u00e9 que les ensembles de donn\u00e9es utilis\u00e9s sont libres d&rsquo;acc\u00e8s.<\/li>\n<\/ul>\n\n\n\n<ul class=\"wp-block-list\">\n<li>L&rsquo;\u00e9tude pourrait \u00eatre r\u00e9pliqu\u00e9e ou reproduite en utilisant une proc\u00e9dure diff\u00e9rente qui serait plus pr\u00e9cise ou moins co\u00fbteuse.<\/li>\n<\/ul>\n\n\n\n<ol class=\"wp-block-list\">\n<li><\/li>\n<\/ol>\n\n\n\n<ul class=\"wp-block-list\">\n<li>De plus, des techniques et des mod\u00e8les pourraient \u00eatre appliqu\u00e9s pour permettre une plus grande pr\u00e9cision et diff\u00e9rencier quels types de donn\u00e9es apportent le plus au mod\u00e8le ou si de bonnes m\u00e9triques de classification peuvent \u00eatre obtenues \u00e0 partir d&rsquo;un seul type de donn\u00e9es. Un exemple de cela serait d&rsquo;utiliser des donn\u00e9es neuropsychologiques et sociod\u00e9mographiques pour tenter d&rsquo;obtenir des r\u00e9sultats similaires.<\/li>\n<\/ul>\n\n\n\n<ul class=\"wp-block-list\">\n<li>D&rsquo;autre part, <a href=\"https:\/\/neuronup.com\/fr\/demande-informations\">NeuronUP <\/a>dispose d&rsquo;une vaste <strong>base de donn\u00e9es<\/strong> de nature neurocognitive, ce qui permettrait de r\u00e9aliser des classifications similaires afin de <strong>d\u00e9terminer quels aspects de la cognition pourraient faciliter une d\u00e9tection pr\u00e9coce et une pr\u00e9diction du d\u00e9clin<\/strong>. Cela est particuli\u00e8rement pertinent \u00e9tant donn\u00e9 que les d\u00e9mences pr\u00e9sentent toujours un caract\u00e8re neuropsychologique et un impact comportemental tr\u00e8s significatif. Au cours des derni\u00e8res ann\u00e9es, des progr\u00e8s consid\u00e9rables ont \u00e9t\u00e9 r\u00e9alis\u00e9s dans la recherche de biomarqueurs, mais la qualit\u00e9 de vie du patient reste primordiale et constitue la principale pr\u00e9occupation pour lui et ses proches. Ainsi, une plus grande pr\u00e9cision dans ce domaine ou l&rsquo;\u00e9laboration d&rsquo;un profil cognitif bas\u00e9 sur des tests cognitifs pourrait \u00eatre d&rsquo;une grande utilit\u00e9.<\/li>\n<\/ul>\n\n\n\n<ul class=\"wp-block-list\">\n<li>En continuant sur le plan neurocognitif, puisque ce sujet n&rsquo;est pas largement abord\u00e9 dans l&rsquo;article, on pourrait exploiter les grandes bases de donn\u00e9es dont dispose NeuronUP pour<strong> reproduire l&rsquo;\u00e9tude avec une nouvelle cohorte de patients<\/strong>. De plus, le type de donn\u00e9es neuropsychologiques utilis\u00e9es dans l&rsquo;\u00e9tude n&rsquo;est pas d\u00e9crit, il pourrait y avoir diff\u00e9rents domaines cognitifs qui sont plus pertinents.<\/li>\n<\/ul>\n\n\n\n<p>Chercheur principal : Dr. Vijaya B. Kolachalama est professeur associ\u00e9 \u00e0 l&rsquo;universit\u00e9 de Boston et chercheur principal du Kolachalama Lab \u00e0 l&rsquo;universit\u00e9 de Boston. Ses travaux portent principalement sur l&rsquo;application de l&rsquo;intelligence artificielle aux probl\u00e8mes m\u00e9dicaux. Sa mission est de cr\u00e9er des outils qui aident les neurologues dans des sc\u00e9narios r\u00e9els, principalement dans les maladies neurod\u00e9g\u00e9n\u00e9ratives.<\/p>\n\n\n\n<h2 class=\"wp-block-heading\">Bibliographie<\/h2>\n\n\n\n<ul class=\"wp-block-list\">\n<li class=\"has-small-font-size\">Xue, C., Kowshik, S.S., Lteif, D. et al. \u00ab\u00a0Diagn\u00f3stico diferencial de etiolog\u00edas de demencia basado en IA sobre datos multimodales\u00a0\u00bb. Nat Med (2024). https:\/\/doi.org\/10.1038\/s41591-024-03118-z<\/li>\n<\/ul>\n\n\n\n<h3 class=\"wp-block-heading\">Si vous avez aim\u00e9 ce post, ces articles de NeuronUP pourraient \u00e9galement vous int\u00e9resser :<\/h3>\n\n\n<div class=\"mai-grid entries entries-grid has-boxed has-image-full\" style=\"--entry-title-font-size:var(--font-size-lg);--align-text:start;--entry-meta-text-align:start;\"><div class=\"entries-wrap has-columns\" style=\"--columns-xs:1\/1;--columns-sm:1\/1;--columns-md:1\/3;--columns-lg:1\/3;--flex-xs:0 0 var(--flex-basis);--flex-sm:0 0 var(--flex-basis);--flex-md:0 0 var(--flex-basis);--flex-lg:0 0 var(--flex-basis);--column-gap:var(--spacing-lg);--row-gap:var(--spacing-lg);--align-columns:start;\"><article class=\"entry entry-grid is-column has-entry-link has-image has-image-first type-post category-activites-de-la-vie-quotidienne category-nouveautes-neuronup tag-activites-de-stimulation-cognitive tag-activites-de-stimulation-cognitive-pour-enfants tag-adulte tag-enfants tag-remediation-cognitive\" style=\"--entry-index:1;\" aria-label=\"Nouvelles activit\u00e9s NeuronUP : entra\u00eenez les fonctions cognitives dans des situations du quotidien\" itemscope itemtype=\"https:\/\/schema.org\/CreativeWork\"><a class=\"entry-image-link\" href=\"https:\/\/neuronup.com\/fr\/nouveautes-neuronup\/nouvelles-activites-neuronup-entrainez-les-fonctions-cognitives-dans-des-situations-du-quotidien\/\" tabindex=\"-1\" aria-hidden=\"true\"><img decoding=\"async\" width=\"400\" height=\"202\" src=\"https:\/\/neuronup.com\/fr\/wp-content\/uploads\/2026\/03\/Capture-decran-2026-03-30-111842-400x202.webp\" class=\"entry-image size-landscape-sm\" alt=\"\" \/><\/a><div class=\"entry-wrap entry-wrap-grid\"><h3 class=\"entry-title\" itemprop=\"headline\"><a class=\"entry-title-link\" href=\"https:\/\/neuronup.com\/fr\/nouveautes-neuronup\/nouvelles-activites-neuronup-entrainez-les-fonctions-cognitives-dans-des-situations-du-quotidien\/\" rel=\"bookmark\">Nouvelles activit\u00e9s NeuronUP : entra\u00eenez les fonctions cognitives dans des situations du quotidien<\/a><\/h3>\n<\/div><\/article><article class=\"entry entry-grid is-column has-entry-link has-image has-image-first type-post category-activites-dattention category-activites-de-neuro-reeducation category-activites-pour-les-fonctions-cognitives tag-adulte\" style=\"--entry-index:2;\" aria-label=\"Nouvelle activit\u00e9 Attention s\u00e9lective (Adultes)\" itemscope itemtype=\"https:\/\/schema.org\/CreativeWork\"><a class=\"entry-image-link\" href=\"https:\/\/neuronup.com\/fr\/activites-de-neuro-reeducation\/nouvelle-activite-attention-selective-adultes\/\" tabindex=\"-1\" aria-hidden=\"true\"><img decoding=\"async\" width=\"253\" height=\"230\" src=\"https:\/\/neuronup.com\/fr\/wp-content\/uploads\/2026\/03\/Capture-decran-2026-03-03-160917.webp\" class=\"entry-image size-landscape-sm\" alt=\"\" \/><\/a><div class=\"entry-wrap entry-wrap-grid\"><h3 class=\"entry-title\" itemprop=\"headline\"><a class=\"entry-title-link\" href=\"https:\/\/neuronup.com\/fr\/activites-de-neuro-reeducation\/nouvelle-activite-attention-selective-adultes\/\" rel=\"bookmark\">Nouvelle activit\u00e9 Attention s\u00e9lective (Adultes)<\/a><\/h3>\n<\/div><\/article><article class=\"entry entry-grid is-column has-entry-link has-image has-image-first type-post category-activites-de-cognition-sociale tag-activites-de-stimulation-cognitive tag-cognition-sociale tag-fonctions-executives\" style=\"--entry-index:3;\" aria-label=\"La cognition sociale ou comment comprendre les personnes : exercices de cognition sociale\" itemscope itemtype=\"https:\/\/schema.org\/CreativeWork\"><a class=\"entry-image-link\" href=\"https:\/\/neuronup.com\/fr\/activites-de-neuro-reeducation\/activites-pour-les-fonctions-cognitives\/activites-de-cognition-sociale\/la-cognition-sociale-ou-comment-comprendre-les-personnes-exercices-de-cognition-sociale\/\" tabindex=\"-1\" aria-hidden=\"true\"><img decoding=\"async\" width=\"396\" height=\"300\" src=\"https:\/\/neuronup.com\/fr\/wp-content\/uploads\/2022\/06\/Reaccion-emocional-ante-situaciones.webp\" class=\"entry-image size-landscape-sm\" alt=\"R\u00e9action \u00e9motionnelle face aux situations : Exercice de cognition sociale\" srcset=\"https:\/\/neuronup.com\/fr\/wp-content\/uploads\/2022\/06\/Reaccion-emocional-ante-situaciones-300x227.webp 300w, https:\/\/neuronup.com\/fr\/wp-content\/uploads\/2022\/06\/Reaccion-emocional-ante-situaciones-768x582.webp 768w, https:\/\/neuronup.com\/fr\/wp-content\/uploads\/2022\/06\/Reaccion-emocional-ante-situaciones-1024x776.webp 1024w, https:\/\/neuronup.com\/fr\/wp-content\/uploads\/2022\/06\/Reaccion-emocional-ante-situaciones.webp 1148w\" sizes=\"(max-width:599px) 599px, (min-width:600px) and (max-width: 799px) 799px, (min-width:800px) and (max-width: 999px) 333px, (min-width:1000px) 400px\" \/><\/a><div class=\"entry-wrap entry-wrap-grid\"><h3 class=\"entry-title\" itemprop=\"headline\"><a class=\"entry-title-link\" href=\"https:\/\/neuronup.com\/fr\/activites-de-neuro-reeducation\/activites-pour-les-fonctions-cognitives\/activites-de-cognition-sociale\/la-cognition-sociale-ou-comment-comprendre-les-personnes-exercices-de-cognition-sociale\/\" rel=\"bookmark\">La cognition sociale ou comment comprendre les personnes : exercices de cognition sociale<\/a><\/h3>\n<\/div><\/article><article class=\"entry entry-grid is-column has-entry-link has-image has-image-first type-post category-activites-pour-les-enfants-ayant-des-besoins-particuliers tag-activites-de-stimulation-cognitive tag-activites-de-stimulation-cognitive-pour-enfants tag-enfants\" style=\"--entry-index:4;\" aria-label=\"7+1 activit\u00e9s pour enfants avec des besoins \u00e9ducatifs sp\u00e9ciaux\" itemscope itemtype=\"https:\/\/schema.org\/CreativeWork\"><a class=\"entry-image-link\" href=\"https:\/\/neuronup.com\/fr\/activites-de-neuro-reeducation\/activites-pour-les-enfants-ayant-des-besoins-particuliers\/71-activites-pour-enfants-a-besoins-educatifs-speciaux\/\" tabindex=\"-1\" aria-hidden=\"true\"><img decoding=\"async\" width=\"400\" height=\"298\" src=\"https:\/\/neuronup.com\/fr\/wp-content\/uploads\/2022\/07\/Prepara-la-mochila.webp\" class=\"entry-image size-landscape-sm\" alt=\"Activit\u00e9 Pr\u00e9pare le sac \u00e0 dos pour les enfants ayant des besoins \u00e9ducatifs particuliers\" srcset=\"https:\/\/neuronup.com\/fr\/wp-content\/uploads\/2022\/07\/Prepara-la-mochila-300x224.webp 300w, https:\/\/neuronup.com\/fr\/wp-content\/uploads\/2022\/07\/Prepara-la-mochila-768x572.webp 768w, https:\/\/neuronup.com\/fr\/wp-content\/uploads\/2022\/07\/Prepara-la-mochila-1024x763.webp 1024w, https:\/\/neuronup.com\/fr\/wp-content\/uploads\/2022\/07\/Prepara-la-mochila.webp 1255w\" sizes=\"(max-width:599px) 599px, (min-width:600px) and (max-width: 799px) 799px, (min-width:800px) and (max-width: 999px) 333px, (min-width:1000px) 400px\" \/><\/a><div class=\"entry-wrap entry-wrap-grid\"><h3 class=\"entry-title\" itemprop=\"headline\"><a class=\"entry-title-link\" href=\"https:\/\/neuronup.com\/fr\/activites-de-neuro-reeducation\/activites-pour-les-enfants-ayant-des-besoins-particuliers\/71-activites-pour-enfants-a-besoins-educatifs-speciaux\/\" rel=\"bookmark\">7+1 activit\u00e9s pour enfants avec des besoins \u00e9ducatifs sp\u00e9ciaux<\/a><\/h3>\n<\/div><\/article><article class=\"entry entry-grid is-column has-entry-link has-image has-image-first type-post category-activites-de-cognition-sociale tag-activites-de-stimulation-cognitive tag-activites-de-stimulation-cognitive-pour-enfants tag-cognition-sociale\" style=\"--entry-index:5;\" aria-label=\"Exercices de cognition sociale pour enfants\" itemscope itemtype=\"https:\/\/schema.org\/CreativeWork\"><a class=\"entry-image-link\" href=\"https:\/\/neuronup.com\/fr\/activites-de-neuro-reeducation\/activites-pour-les-fonctions-cognitives\/activites-de-cognition-sociale\/exercices-de-cognition-sociale-pour-enfants\/\" tabindex=\"-1\" aria-hidden=\"true\"><img decoding=\"async\" width=\"400\" height=\"273\" src=\"https:\/\/neuronup.com\/fr\/wp-content\/uploads\/2022\/08\/Que-esperan-encontrar-4-1.webp\" class=\"entry-image size-landscape-sm\" alt=\"Exercices de cognition sociale pour enfants\" srcset=\"https:\/\/neuronup.com\/fr\/wp-content\/uploads\/2022\/08\/Que-esperan-encontrar-4-1-300x205.webp 300w, https:\/\/neuronup.com\/fr\/wp-content\/uploads\/2022\/08\/Que-esperan-encontrar-4-1-768x524.webp 768w, https:\/\/neuronup.com\/fr\/wp-content\/uploads\/2022\/08\/Que-esperan-encontrar-4-1-1024x699.webp 1024w, https:\/\/neuronup.com\/fr\/wp-content\/uploads\/2022\/08\/Que-esperan-encontrar-4-1.webp 1205w\" sizes=\"(max-width:599px) 599px, (min-width:600px) and (max-width: 799px) 799px, (min-width:800px) and (max-width: 999px) 333px, (min-width:1000px) 400px\" \/><\/a><div class=\"entry-wrap entry-wrap-grid\"><h3 class=\"entry-title\" itemprop=\"headline\"><a class=\"entry-title-link\" href=\"https:\/\/neuronup.com\/fr\/activites-de-neuro-reeducation\/activites-pour-les-fonctions-cognitives\/activites-de-cognition-sociale\/exercices-de-cognition-sociale-pour-enfants\/\" rel=\"bookmark\">Exercices de cognition sociale pour enfants<\/a><\/h3>\n<\/div><\/article><article class=\"entry entry-grid is-column has-entry-link has-image has-image-first type-post category-activites-de-cognition-sociale tag-activites-de-stimulation-cognitive tag-activites-de-stimulation-cognitive-pour-enfants tag-actualites-de-neuronup tag-cognition-sociale tag-enfants tag-intelligence-emotionnelle\" style=\"--entry-index:6;\" aria-label=\"Activit\u00e9 pour identifier les \u00e9motions : Devinez le visage ?\" itemscope itemtype=\"https:\/\/schema.org\/CreativeWork\"><a class=\"entry-image-link\" href=\"https:\/\/neuronup.com\/fr\/activites-de-neuro-reeducation\/activites-pour-les-fonctions-cognitives\/activites-de-cognition-sociale\/activite-pour-identifier-les-emotions\/\" tabindex=\"-1\" aria-hidden=\"true\"><img decoding=\"async\" width=\"400\" height=\"283\" src=\"https:\/\/neuronup.com\/fr\/wp-content\/uploads\/2022\/09\/Actividad-para-identificar-emociones-de-NeuronUP-Adivinas-la-cara-1-1-1.webp\" class=\"entry-image size-landscape-sm\" alt=\"Activit\u00e9 pour identifier les \u00e9motions de NeuronUP Tu devines le visage\" srcset=\"https:\/\/neuronup.com\/fr\/wp-content\/uploads\/2022\/09\/Actividad-para-identificar-emociones-de-NeuronUP-Adivinas-la-cara-1-1-1-300x212.webp 300w, https:\/\/neuronup.com\/fr\/wp-content\/uploads\/2022\/09\/Actividad-para-identificar-emociones-de-NeuronUP-Adivinas-la-cara-1-1-1-768x543.webp 768w, https:\/\/neuronup.com\/fr\/wp-content\/uploads\/2022\/09\/Actividad-para-identificar-emociones-de-NeuronUP-Adivinas-la-cara-1-1-1-1024x724.webp 1024w, https:\/\/neuronup.com\/fr\/wp-content\/uploads\/2022\/09\/Actividad-para-identificar-emociones-de-NeuronUP-Adivinas-la-cara-1-1-1.webp 1200w\" sizes=\"(max-width:599px) 599px, (min-width:600px) and (max-width: 799px) 799px, (min-width:800px) and (max-width: 999px) 333px, (min-width:1000px) 400px\" \/><\/a><div class=\"entry-wrap entry-wrap-grid\"><h3 class=\"entry-title\" itemprop=\"headline\"><a class=\"entry-title-link\" href=\"https:\/\/neuronup.com\/fr\/activites-de-neuro-reeducation\/activites-pour-les-fonctions-cognitives\/activites-de-cognition-sociale\/activite-pour-identifier-les-emotions\/\" rel=\"bookmark\">Activit\u00e9 pour identifier les \u00e9motions : Devinez le visage ?<\/a><\/h3>\n<\/div><\/article><\/div><\/div>","protected":false},"excerpt":{"rendered":"<p>Le chercheur Antonio Javier Sutil Jim\u00e9nez expose dans cet article les donn\u00e9es les plus pertinentes sur l&rsquo;\u00e9tude \u00ab\u00a0Diagnostic diff\u00e9rentiel des \u00e9tiologies de la d\u00e9mence bas\u00e9 sur l&rsquo;IA sur des donn\u00e9es multimodales\u00a0\u00bb. Pourquoi l&rsquo;\u00e9tude de la d\u00e9mence et de l&rsquo;intelligence artificielle (IA) est-elle importante ? La population mondiale vieillit et avec cela, nous faisons face \u00e0 &hellip;<\/p>\n","protected":false},"author":284,"featured_media":33345,"comment_status":"open","ping_status":"closed","sticky":false,"template":"","format":"standard","meta":{"_acf_changed":false,"_genesis_hide_title":false,"_genesis_hide_breadcrumbs":false,"_genesis_hide_singular_image":false,"_genesis_hide_footer_widgets":false,"_genesis_custom_body_class":"","_genesis_custom_post_class":"","_genesis_layout":"","footnotes":""},"categories":[609],"tags":[1015,1009],"class_list":{"2":"type-post","7":"category-nouveautes-neuronup","8":"tag-investigation","9":"tag-nouveautes-de-neuronup","10":"entry"},"acf":[],"_links":{"self":[{"href":"https:\/\/neuronup.com\/fr\/wp-json\/wp\/v2\/posts\/10838","targetHints":{"allow":["GET"]}}],"collection":[{"href":"https:\/\/neuronup.com\/fr\/wp-json\/wp\/v2\/posts"}],"about":[{"href":"https:\/\/neuronup.com\/fr\/wp-json\/wp\/v2\/types\/post"}],"author":[{"embeddable":true,"href":"https:\/\/neuronup.com\/fr\/wp-json\/wp\/v2\/users\/284"}],"replies":[{"embeddable":true,"href":"https:\/\/neuronup.com\/fr\/wp-json\/wp\/v2\/comments?post=10838"}],"version-history":[{"count":0,"href":"https:\/\/neuronup.com\/fr\/wp-json\/wp\/v2\/posts\/10838\/revisions"}],"wp:featuredmedia":[{"embeddable":true,"href":"https:\/\/neuronup.com\/fr\/wp-json\/wp\/v2\/media\/33345"}],"wp:attachment":[{"href":"https:\/\/neuronup.com\/fr\/wp-json\/wp\/v2\/media?parent=10838"}],"wp:term":[{"taxonomy":"category","embeddable":true,"href":"https:\/\/neuronup.com\/fr\/wp-json\/wp\/v2\/categories?post=10838"},{"taxonomy":"post_tag","embeddable":true,"href":"https:\/\/neuronup.com\/fr\/wp-json\/wp\/v2\/tags?post=10838"}],"curies":[{"name":"wp","href":"https:\/\/api.w.org\/{rel}","templated":true}]}}