{"id":10756,"date":"2024-09-27T11:34:20","date_gmt":"2024-09-27T11:34:20","guid":{"rendered":"https:\/\/neuronup.com\/fr\/?p=10756"},"modified":"2026-01-29T17:37:05","modified_gmt":"2026-01-29T15:37:05","slug":"test-de-raven","status":"publish","type":"post","link":"https:\/\/neuronup.com\/fr\/neurosciences\/neuropsychologie-et-informations\/test-de-neuropsychologie\/test-de-raven\/","title":{"rendered":"Test de Raven : Qu\u2019est-ce que c\u2019est et comment interpr\u00e9ter le test des matrices progressives de Raven"},"content":{"rendered":"\n<p style=\"font-size:25px\">Dans cet article, la neuropsychologue clinique et Directrice de Espai Neurol\u00f2gic, Anna Curto, explique <strong>en quoi consiste le test de Raven<\/strong> et comment interpr\u00e9ter les r\u00e9sultats du test des matrices progressives de Raven.<\/p>\n\n\n\n<h2 class=\"wp-block-heading\">Qu&rsquo;est-ce que le test de Raven et que mesure-t-il ?<\/h2>\n\n\n\n<p>Si vous vous demandez ce qu&rsquo;est le test de Raven et <strong>\u00e0 quoi il sert<\/strong>, le test de Raven est une \u00e9preuve psychom\u00e9trique qui <strong>consiste \u00e0 compl\u00e9ter les matrices qui sont pr\u00e9sent\u00e9es en choisissant parmi plusieurs options disponibles<\/strong>.<\/p>\n\n\n\n<p>Avec cette t\u00e2che apparemment simple, on \u00e9value la <strong>capacit\u00e9 \u00e9dutive<\/strong> du sujet, permettant ainsi d&rsquo;obtenir un score de sa capacit\u00e9 \u00e0 raisonner et \u00e0 r\u00e9soudre des probl\u00e8mes complexes.<\/p>\n\n\n<div class=\"wp-block-image image-interface\">\n<figure class=\"aligncenter size-full\"><img decoding=\"async\" width=\"1500\" height=\"750\" src=\"https:\/\/neuronup.com\/fr\/wp-content\/uploads\/2024\/11\/Test-de-Raven-Quest-ce-que-cest-et-comment-interpreter-le-test-des-matrices-progressives-de-Raven-1.webp\" alt=\"Tableau 3x3 de formes g\u00e9om\u00e9triques avec une pi\u00e8ce manquante en bas \u00e0 droite et trois options A, B et C autour du test Raven.\" class=\"wp-image-34038\" srcset=\"https:\/\/neuronup.com\/fr\/wp-content\/uploads\/2024\/11\/Test-de-Raven-Quest-ce-que-cest-et-comment-interpreter-le-test-des-matrices-progressives-de-Raven-1-300x150.webp 300w, https:\/\/neuronup.com\/fr\/wp-content\/uploads\/2024\/11\/Test-de-Raven-Quest-ce-que-cest-et-comment-interpreter-le-test-des-matrices-progressives-de-Raven-1-768x384.webp 768w, https:\/\/neuronup.com\/fr\/wp-content\/uploads\/2024\/11\/Test-de-Raven-Quest-ce-que-cest-et-comment-interpreter-le-test-des-matrices-progressives-de-Raven-1-1024x512.webp 1024w, https:\/\/neuronup.com\/fr\/wp-content\/uploads\/2024\/11\/Test-de-Raven-Quest-ce-que-cest-et-comment-interpreter-le-test-des-matrices-progressives-de-Raven-1.webp 1500w\" sizes=\"(max-width: 1500px) 100vw, 1500px\" \/><figcaption class=\"wp-element-caption\">Exemple similaire au test de Raven, o\u00f9 le candidat doit identifier la figure manquante.<\/figcaption><\/figure>\n<\/div>\n\n\n<h3 class=\"wp-block-heading\">Origine de l&rsquo;\u00e9preuve<\/h3>\n\n\n\n<p>Ce test a connu plusieurs noms et versions, la premi\u00e8re datant de 1938, publi\u00e9e sous le nom de <em><strong>Raven\u2019s Standard Progressive Matrices<\/strong><\/em>. L&rsquo;id\u00e9e n&rsquo;a pas beaucoup chang\u00e9 dans ses diff\u00e9rentes versions, mais elle a \u00e9t\u00e9 <strong>revue et adapt\u00e9e<\/strong> \u00e0 diff\u00e9rentes populations. La derni\u00e8re version publi\u00e9e est le Raven\u2019s 2, datant de 2019.<\/p>\n\n\n\n<p>Les <strong>matrices de Raven<\/strong> ont \u00e9t\u00e9 con\u00e7ues pour <strong>\u00e9valuer le \u00ab\u00a0Facteur G\u00a0\u00bb<\/strong> de l&rsquo;intelligence, qui est estim\u00e9 comme la capacit\u00e9 \u00e0 r\u00e9soudre des probl\u00e8mes complexes gr\u00e2ce au <strong>raisonnement intellectuel, sans interf\u00e9rence du langage<\/strong> et donc, <strong>sans influence du niveau d&rsquo;\u00e9ducation et culturel<\/strong> ant\u00e9rieur de la personne.<\/p>\n\n\n\n<div style=\"height:50px\" aria-hidden=\"true\" class=\"wp-block-spacer\"><\/div>\n\n\n\n<aside class=\"wp-block-group br-1010 has-primary-background-color has-background has-dark-background has-sm-padding-top has-sm-padding-bottom has-sm-padding-left has-sm-padding-right\"><div class=\"wp-block-group__inner-container is-layout-constrained wp-block-group-is-layout-constrained\">\n<div class=\"wp-block-columns are-vertically-aligned-center is-layout-flex wp-container-core-columns-is-layout-9d6595d7 wp-block-columns-is-layout-flex\">\n<div class=\"wp-block-column is-vertically-aligned-center has-white-color has-text-color has-link-color wp-elements-c538c4e2cc571a084404387159215734 is-layout-flow wp-block-column-is-layout-flow\" style=\"flex-basis:60%\">\n<p>Obtenez 10 activit\u00e9s pour la <strong>r\u00e9\u00e9ducation et la stimulation cognitive<\/strong> \u00e0 utiliser avec vos patients<\/p>\n<\/div>\n\n\n\n<div class=\"wp-block-column is-vertically-aligned-center is-layout-flow wp-block-column-is-layout-flow\" style=\"flex-basis:40%\">\n<div class=\"wp-block-buttons is-content-justification-center is-layout-flex wp-container-core-buttons-is-layout-16018d1d wp-block-buttons-is-layout-flex\">\n<div class=\"wp-block-button\" style=\"--button-secondary-color:var(--color-white);--button-secondary-background:var(--color-custom-1);--button-secondary-background-hover:#cc7e00;\"><a class=\"wp-block-button__link button button-secondary     has-link-color wp-element-button\" href=\"https:\/\/neuronup.com\/redirect\/?target=typeform\/worksheets-kids?utm_first_source=Web&#038;utm_first_campaign_name=Worksheets_general_adults_kids\">Obtenir gratuitement<\/a><\/div>\n\n<\/div>\n<\/div>\n<\/div>\n<\/div><\/aside>\n\n\n\n\n<div style=\"height:50px\" aria-hidden=\"true\" class=\"wp-block-spacer\"><\/div>\n\n\n\n<h3 class=\"wp-block-heading\">En quoi consiste le test de Raven ?<\/h3>\n\n\n\n<p>Comme pr\u00e9cis\u00e9 dans le manuel du Raven\u2019s 2 dans sa derni\u00e8re version, le test consiste en une s\u00e9rie de <strong>formes g\u00e9om\u00e9triques universelles et identifiables<\/strong>, ind\u00e9pendamment du niveau \u00e9ducatif. L&rsquo;instruction verbale est unique et ne n\u00e9cessite aucune capacit\u00e9 d&rsquo;\u00e9criture ou de parole pour une r\u00e9alisation correcte, puisqu&rsquo;il s&rsquo;agit simplement de compl\u00e9ter la matrice pr\u00e9sent\u00e9e avec un des \u00e9l\u00e9ments ou motifs montr\u00e9s parmi les diff\u00e9rentes r\u00e9ponses disponibles.<\/p>\n\n\n\n<h4 class=\"wp-block-heading\">Test de Raven : \u00e2ges<\/h4>\n\n\n\n<p>De plus, la tranche d&rsquo;\u00e2ge pour l&rsquo;application est tr\u00e8s large ; de <strong>4 ans jusqu&rsquo;\u00e0 69 ans et 11 mois.<\/strong><\/p>\n\n\n\n<p>Dans ce test, on mesure ce que <strong>Spearman<\/strong> (1927) a appel\u00e9 <strong>aptitude \u00e9dutive<\/strong>. L&rsquo;activit\u00e9 \u00e9dutive mentale consiste \u00e0 donner du sens au d\u00e9sordre, \u00e0 rechercher ce qui n&rsquo;est pas \u00e9vident et \u00e0 explorer de nouvelles perceptions. En r\u00e9sum\u00e9, cela \u00e9quivaut \u00e0 analyser le sch\u00e9ma de relations entre les stimuli pr\u00e9sent\u00e9s, \u00e0 identifier les changements ou relations entre eux, puis \u00e0 d\u00e9terminer la r\u00e9ponse correcte parmi celles propos\u00e9es.<\/p>\n\n\n\n<p>Ces t\u00e2ches sont pr\u00e9sent\u00e9es avec une <strong>difficult\u00e9 progressive<\/strong>, permettant ainsi au sujet de s&rsquo;entra\u00eener \u00e0 la m\u00e9thode de r\u00e9solution.<\/p>\n\n\n\n<h2 class=\"wp-block-heading\">Comment appliquer le test de Raven ? Principales utilisations<\/h2>\n\n\n\n<p>Le score obtenu au test de Raven <strong>ne peut pas \u00eatre interpr\u00e9t\u00e9 comme la valeur de l&rsquo;intelligence globale du sujet<\/strong>, puisqu&rsquo;il n&rsquo;\u00e9value que certains domaines sp\u00e9cifiques du fonctionnement cognitif.<\/p>\n\n\n\n<p>Ces domaines sont \u00e9troitement li\u00e9s aux <a href=\"https:\/\/neuronup.com\/areas-de-intervencion\/funciones-cognitivas\/funciones-ejecutivas\/\">fonctions ex\u00e9cutives<\/a> (raisonnement, planification, flexibilit\u00e9 cognitive, prise de d\u00e9cision, abstraction&#8230;), et il n&rsquo;est pas recommand\u00e9 de l&rsquo;administrer \u00e0 des personnes pour lesquelles ces domaines sont des points forts ou faibles, en raison du biais que cela peut entra\u00eener dans les r\u00e9sultats.<\/p>\n\n\n\n<p><strong>Il peut \u00eatre administr\u00e9 individuellement ou en groupe<\/strong>, ce qui le rend polyvalent, \u00e9tant utile pour <strong>\u00e9valuer la capacit\u00e9 \u00e9dutive<\/strong> dans des groupes (recherche scientifique, \u00e9tablissements d&rsquo;enseignement, processus de recrutement, etc.) ainsi que dans des \u00e9valuations individuelles comme dans les centres d&rsquo;\u00e9valuation cognitive et\/ou psychologique.<\/p>\n\n\n\n<h3 class=\"wp-block-heading\">Pratique clinique<\/h3>\n\n\n\n<p>Dans la pratique clinique, lorsque nous cherchons \u00e0 \u00e9valuer l&rsquo;intelligence globale d&rsquo;un sujet, il est plus appropri\u00e9 d&rsquo;utiliser d&rsquo;autres batteries d&rsquo;\u00e9valuation de l&rsquo;intelligence, telles que celles de <strong>Wechsler<\/strong> (WPPSI, WISC ou WAIS) dans leurs diff\u00e9rentes versions, car elles offrent une approche plus globale de la cognition.<\/p>\n\n\n\n<p>En particulier, les tests d&rsquo;intelligence de Wechsler comprennent une sous-\u00e9preuve dans le domaine du raisonnement perceptif ou du raisonnement fluide qui est pr\u00e9cis\u00e9ment bas\u00e9e sur les <strong>matrices progressives de Raven<\/strong>. Cela est d\u00fb au fait que la capacit\u00e9 d&rsquo;\u00e9duction \u00e9valu\u00e9e par le test de Raven est tr\u00e8s proche de ce que l&rsquo;on appelle <strong>l&rsquo;intelligence fluide<\/strong>, d\u00e9finie comme la <strong>capacit\u00e9 \u00e0 r\u00e9soudre des probl\u00e8mes<\/strong>, \u00e0 raisonner et \u00e0 penser avec flexibilit\u00e9.<\/p>\n\n\n\n<h4 class=\"wp-block-heading\">Patients avec des l\u00e9sions c\u00e9r\u00e9brales acquises et des troubles du langage<\/h4>\n\n\n\n<p>D&rsquo;autre part, les matrices de Raven sont tr\u00e8s utiles pour estimer les capacit\u00e9s des patients qui ne peuvent pas utiliser le langage, que ce soit en raison d&rsquo;un trouble, d&rsquo;une l\u00e9sion ou simplement parce qu&rsquo;ils ne le connaissent pas. Cela permet, par exemple, d&rsquo;estimer la capacit\u00e9 \u00e9dutive de patients ayant une <a href=\"https:\/\/neuronup.com\/neurorrehabilitacion\/dano-cerebral-adquirido\/\">l\u00e9sion c\u00e9r\u00e9brale acquise<strong> <\/strong><\/a>ayant perdu l&rsquo;usage du langage, afin de d\u00e9terminer, par exemple, leur <strong>niveau cognitif pr\u00e9morbide<\/strong> et ainsi formuler des objectifs de stimulation et\/ou de r\u00e9\u00e9ducation plus r\u00e9alistes.<\/p>\n\n\n\n<p>Il est \u00e9galement facile de l&rsquo;appliquer \u00e0 des personnes pr\u00e9sentant un trouble du langage, comme le <strong><a href=\"https:\/\/neuronup.com\/category\/estimulacion-y-rehabilitacion-cognitiva\/trastornos-del-lenguaje\/\">TDL<\/a><\/strong>, ou \u00e0 d&rsquo;autres, telles que le <strong>mutisme s\u00e9lectif<\/strong> ou des <strong>personnes \u00e9trang\u00e8res<\/strong> qui ne ma\u00eetrisent pas la langue.<\/p>\n\n\n\n<h2 class=\"wp-block-heading\">Comment interpr\u00e9ter le test de Raven ? Interpr\u00e9tation des r\u00e9sultats du test de Raven<\/h2>\n\n\n\n<p>Les r\u00e9sultats obtenus au test des matrices progressives de Raven doivent \u00eatre <strong>interpr\u00e9t\u00e9s en tenant compte des ant\u00e9c\u00e9dents m\u00e9dicaux<\/strong>, personnels, professionnels et \u00e9motionnels du patient, ainsi que de son niveau de motivation et d&rsquo;effort pendant la r\u00e9alisation du test.<\/p>\n\n\n\n<p>Les scores directs sont les r\u00e9ponses correctes obtenues directement dans le test, et ils sont finalement transform\u00e9s en scores typiques qui nous permettent de classer qualitativement la capacit\u00e9 \u00e9ducative du sujet.<\/p>\n\n\n\n<figure class=\"wp-block-table aligncenter\"><table class=\"has-fixed-layout\"><tbody><tr><td class=\"has-text-align-center\" data-align=\"center\"><strong>Score typique<\/strong><\/td><td class=\"has-text-align-center\" data-align=\"center\"><strong>Classification qualitative<\/strong><\/td><\/tr><tr><td class=\"has-text-align-center\" data-align=\"center\">\u2265 130<\/td><td class=\"has-text-align-center\" data-align=\"center\">Tr\u00e8s \u00e9lev\u00e9<\/td><\/tr><tr><td class=\"has-text-align-center\" data-align=\"center\">120-129<\/td><td class=\"has-text-align-center\" data-align=\"center\">\u00c9lev\u00e9<\/td><\/tr><tr><td class=\"has-text-align-center\" data-align=\"center\">110-119<\/td><td class=\"has-text-align-center\" data-align=\"center\">Moyen &#8211; \u00e9lev\u00e9<\/td><\/tr><tr><td class=\"has-text-align-center\" data-align=\"center\">90-109<\/td><td class=\"has-text-align-center\" data-align=\"center\">Moyen<\/td><\/tr><tr><td class=\"has-text-align-center\" data-align=\"center\">80-89<\/td><td class=\"has-text-align-center\" data-align=\"center\">Moyen &#8211; Bas<\/td><\/tr><tr><td class=\"has-text-align-center\" data-align=\"center\">70-79<\/td><td class=\"has-text-align-center\" data-align=\"center\">Bas<\/td><\/tr><tr><td class=\"has-text-align-center\" data-align=\"center\">\u2264 69<\/td><td class=\"has-text-align-center\" data-align=\"center\">Tr\u00e8s bas<\/td><\/tr><\/tbody><\/table><figcaption class=\"wp-element-caption\">R\u00e9sultats du test de Raven : 95e percentile, 90e percentile, 75e percentile, etc.<\/figcaption><\/figure>\n\n\n\n<p>En outre, il est possible de <strong>v\u00e9rifier l&rsquo;\u00e9quivalence d&rsquo;\u00e2ge<\/strong>, qui indique l&rsquo;\u00e2ge moyen, en ann\u00e9es et en mois, auquel un certain score d&rsquo;aptitude est le plus souvent obtenu. Cela facilite l&rsquo;interpr\u00e9tation et la compr\u00e9hension des scores et des \u00e9quivalences pour les personnes qui n&rsquo;ont pas de connaissances g\u00e9n\u00e9rales des concepts psychom\u00e9triques.<\/p>\n\n\n\n<h2 class=\"wp-block-heading\">Conclusion<\/h2>\n\n\n\n<p>Le test de Raven, \u00e9galement connu sous le nom de test matriciel progressif de Raven, est un test psychom\u00e9trique tr\u00e8s ancien dans l&rsquo;histoire de la psychologie, capable d&rsquo;estimer la capacit\u00e9 \u00e9ducative ou scolaire du sujet qui y r\u00e9pond.<\/p>\n\n\n\n<p>Il utilise des formes g\u00e9om\u00e9triques basiques et universelles, compr\u00e9hensibles pour tous les \u00e2ges et toutes les cultures. Il se base principalement sur la <strong>capacit\u00e9 de raisonnement intellectuel<\/strong>, pour donner un sens au d\u00e9sordre et<strong> sans interf\u00e9rence de la langue et\/ou de la culture<\/strong>.<\/p>\n\n\n\n<p>Il s&rsquo;agit d&rsquo;un test tr\u00e8s polyvalent, tant du point de vue de son application, qui peut \u00eatre collective ou individuelle, que de la tranche d&rsquo;\u00e2ge qu&rsquo;il peut \u00e9valuer, allant de 4 ans \u00e0 69 ans et 11 mois.<\/p>\n\n\n\n<h2 class=\"wp-block-heading\">R\u00e9f\u00e9rences<\/h2>\n\n\n\n<ul class=\"wp-block-list has-sm-font-size\">\n<li class=\"has-small-font-size\">Pearson (2019). Manual de Raven\u2019s 2, matrices progresivas.<\/li>\n<\/ul>\n\n\n\n<h3 class=\"wp-block-heading\">Si vous avez aim\u00e9 ce post, ces articles de NeuronUP pourraient \u00e9galement vous int\u00e9resser :<\/h3>\n\n\n<div class=\"mai-grid entries entries-grid has-boxed has-image-full\" style=\"--entry-title-font-size:var(--font-size-lg);--align-text:start;--entry-meta-text-align:start;\"><div class=\"entries-wrap has-columns\" style=\"--columns-xs:1\/1;--columns-sm:1\/1;--columns-md:1\/3;--columns-lg:1\/3;--flex-xs:0 0 var(--flex-basis);--flex-sm:0 0 var(--flex-basis);--flex-md:0 0 var(--flex-basis);--flex-lg:0 0 var(--flex-basis);--column-gap:var(--spacing-lg);--row-gap:var(--spacing-lg);--align-columns:start;\"><article class=\"entry entry-grid is-column has-entry-link has-image has-image-first type-post category-activites-de-la-vie-quotidienne category-nouveautes-neuronup tag-activites-de-stimulation-cognitive tag-activites-de-stimulation-cognitive-pour-enfants tag-adulte tag-enfants tag-remediation-cognitive\" style=\"--entry-index:1;\" aria-label=\"Nouvelles activit\u00e9s NeuronUP : entra\u00eenez les fonctions cognitives dans des situations du quotidien\" itemscope itemtype=\"https:\/\/schema.org\/CreativeWork\"><a class=\"entry-image-link\" href=\"https:\/\/neuronup.com\/fr\/nouveautes-neuronup\/nouvelles-activites-neuronup-entrainez-les-fonctions-cognitives-dans-des-situations-du-quotidien\/\" tabindex=\"-1\" aria-hidden=\"true\"><img decoding=\"async\" width=\"400\" height=\"202\" src=\"https:\/\/neuronup.com\/fr\/wp-content\/uploads\/2026\/03\/Capture-decran-2026-03-30-111842-400x202.webp\" class=\"entry-image size-landscape-sm\" alt=\"\" \/><\/a><div class=\"entry-wrap entry-wrap-grid\"><h3 class=\"entry-title\" itemprop=\"headline\"><a class=\"entry-title-link\" href=\"https:\/\/neuronup.com\/fr\/nouveautes-neuronup\/nouvelles-activites-neuronup-entrainez-les-fonctions-cognitives-dans-des-situations-du-quotidien\/\" rel=\"bookmark\">Nouvelles activit\u00e9s NeuronUP : entra\u00eenez les fonctions cognitives dans des situations du quotidien<\/a><\/h3>\n<\/div><\/article><article class=\"entry entry-grid is-column has-entry-link has-image has-image-first type-post category-activites-dattention category-activites-de-neuro-reeducation category-activites-pour-les-fonctions-cognitives tag-adulte\" style=\"--entry-index:2;\" aria-label=\"Nouvelle activit\u00e9 Attention s\u00e9lective (Adultes)\" itemscope itemtype=\"https:\/\/schema.org\/CreativeWork\"><a class=\"entry-image-link\" href=\"https:\/\/neuronup.com\/fr\/activites-de-neuro-reeducation\/nouvelle-activite-attention-selective-adultes\/\" tabindex=\"-1\" aria-hidden=\"true\"><img decoding=\"async\" width=\"253\" height=\"230\" src=\"https:\/\/neuronup.com\/fr\/wp-content\/uploads\/2026\/03\/Capture-decran-2026-03-03-160917.webp\" class=\"entry-image size-landscape-sm\" alt=\"\" \/><\/a><div class=\"entry-wrap entry-wrap-grid\"><h3 class=\"entry-title\" itemprop=\"headline\"><a class=\"entry-title-link\" href=\"https:\/\/neuronup.com\/fr\/activites-de-neuro-reeducation\/nouvelle-activite-attention-selective-adultes\/\" rel=\"bookmark\">Nouvelle activit\u00e9 Attention s\u00e9lective (Adultes)<\/a><\/h3>\n<\/div><\/article><article class=\"entry entry-grid is-column has-entry-link has-image has-image-first type-post category-activites-de-cognition-sociale tag-activites-de-stimulation-cognitive tag-cognition-sociale tag-fonctions-executives\" style=\"--entry-index:3;\" aria-label=\"La cognition sociale ou comment comprendre les personnes : exercices de cognition sociale\" itemscope itemtype=\"https:\/\/schema.org\/CreativeWork\"><a class=\"entry-image-link\" href=\"https:\/\/neuronup.com\/fr\/activites-de-neuro-reeducation\/activites-pour-les-fonctions-cognitives\/activites-de-cognition-sociale\/la-cognition-sociale-ou-comment-comprendre-les-personnes-exercices-de-cognition-sociale\/\" tabindex=\"-1\" aria-hidden=\"true\"><img decoding=\"async\" width=\"396\" height=\"300\" src=\"https:\/\/neuronup.com\/fr\/wp-content\/uploads\/2022\/06\/Reaccion-emocional-ante-situaciones.webp\" class=\"entry-image size-landscape-sm\" alt=\"R\u00e9action \u00e9motionnelle face aux situations : Exercice de cognition sociale\" srcset=\"https:\/\/neuronup.com\/fr\/wp-content\/uploads\/2022\/06\/Reaccion-emocional-ante-situaciones-300x227.webp 300w, https:\/\/neuronup.com\/fr\/wp-content\/uploads\/2022\/06\/Reaccion-emocional-ante-situaciones-768x582.webp 768w, https:\/\/neuronup.com\/fr\/wp-content\/uploads\/2022\/06\/Reaccion-emocional-ante-situaciones-1024x776.webp 1024w, https:\/\/neuronup.com\/fr\/wp-content\/uploads\/2022\/06\/Reaccion-emocional-ante-situaciones.webp 1148w\" sizes=\"(max-width:599px) 599px, (min-width:600px) and (max-width: 799px) 799px, (min-width:800px) and (max-width: 999px) 333px, (min-width:1000px) 400px\" \/><\/a><div class=\"entry-wrap entry-wrap-grid\"><h3 class=\"entry-title\" itemprop=\"headline\"><a class=\"entry-title-link\" href=\"https:\/\/neuronup.com\/fr\/activites-de-neuro-reeducation\/activites-pour-les-fonctions-cognitives\/activites-de-cognition-sociale\/la-cognition-sociale-ou-comment-comprendre-les-personnes-exercices-de-cognition-sociale\/\" rel=\"bookmark\">La cognition sociale ou comment comprendre les personnes : exercices de cognition sociale<\/a><\/h3>\n<\/div><\/article><article class=\"entry entry-grid is-column has-entry-link has-image has-image-first type-post category-activites-pour-les-enfants-ayant-des-besoins-particuliers tag-activites-de-stimulation-cognitive tag-activites-de-stimulation-cognitive-pour-enfants tag-enfants\" style=\"--entry-index:4;\" aria-label=\"7+1 activit\u00e9s pour enfants avec des besoins \u00e9ducatifs sp\u00e9ciaux\" itemscope itemtype=\"https:\/\/schema.org\/CreativeWork\"><a class=\"entry-image-link\" href=\"https:\/\/neuronup.com\/fr\/activites-de-neuro-reeducation\/activites-pour-les-enfants-ayant-des-besoins-particuliers\/71-activites-pour-enfants-a-besoins-educatifs-speciaux\/\" tabindex=\"-1\" aria-hidden=\"true\"><img decoding=\"async\" width=\"400\" height=\"298\" src=\"https:\/\/neuronup.com\/fr\/wp-content\/uploads\/2022\/07\/Prepara-la-mochila.webp\" class=\"entry-image size-landscape-sm\" alt=\"Activit\u00e9 Pr\u00e9pare le sac \u00e0 dos pour les enfants ayant des besoins \u00e9ducatifs particuliers\" srcset=\"https:\/\/neuronup.com\/fr\/wp-content\/uploads\/2022\/07\/Prepara-la-mochila-300x224.webp 300w, https:\/\/neuronup.com\/fr\/wp-content\/uploads\/2022\/07\/Prepara-la-mochila-768x572.webp 768w, https:\/\/neuronup.com\/fr\/wp-content\/uploads\/2022\/07\/Prepara-la-mochila-1024x763.webp 1024w, https:\/\/neuronup.com\/fr\/wp-content\/uploads\/2022\/07\/Prepara-la-mochila.webp 1255w\" sizes=\"(max-width:599px) 599px, (min-width:600px) and (max-width: 799px) 799px, (min-width:800px) and (max-width: 999px) 333px, (min-width:1000px) 400px\" \/><\/a><div class=\"entry-wrap entry-wrap-grid\"><h3 class=\"entry-title\" itemprop=\"headline\"><a class=\"entry-title-link\" href=\"https:\/\/neuronup.com\/fr\/activites-de-neuro-reeducation\/activites-pour-les-enfants-ayant-des-besoins-particuliers\/71-activites-pour-enfants-a-besoins-educatifs-speciaux\/\" rel=\"bookmark\">7+1 activit\u00e9s pour enfants avec des besoins \u00e9ducatifs sp\u00e9ciaux<\/a><\/h3>\n<\/div><\/article><article class=\"entry entry-grid is-column has-entry-link has-image has-image-first type-post category-activites-de-cognition-sociale tag-activites-de-stimulation-cognitive tag-activites-de-stimulation-cognitive-pour-enfants tag-cognition-sociale\" style=\"--entry-index:5;\" aria-label=\"Exercices de cognition sociale pour enfants\" itemscope itemtype=\"https:\/\/schema.org\/CreativeWork\"><a class=\"entry-image-link\" href=\"https:\/\/neuronup.com\/fr\/activites-de-neuro-reeducation\/activites-pour-les-fonctions-cognitives\/activites-de-cognition-sociale\/exercices-de-cognition-sociale-pour-enfants\/\" tabindex=\"-1\" aria-hidden=\"true\"><img decoding=\"async\" width=\"400\" height=\"273\" src=\"https:\/\/neuronup.com\/fr\/wp-content\/uploads\/2022\/08\/Que-esperan-encontrar-4-1.webp\" class=\"entry-image size-landscape-sm\" alt=\"Exercices de cognition sociale pour enfants\" srcset=\"https:\/\/neuronup.com\/fr\/wp-content\/uploads\/2022\/08\/Que-esperan-encontrar-4-1-300x205.webp 300w, https:\/\/neuronup.com\/fr\/wp-content\/uploads\/2022\/08\/Que-esperan-encontrar-4-1-768x524.webp 768w, https:\/\/neuronup.com\/fr\/wp-content\/uploads\/2022\/08\/Que-esperan-encontrar-4-1-1024x699.webp 1024w, https:\/\/neuronup.com\/fr\/wp-content\/uploads\/2022\/08\/Que-esperan-encontrar-4-1.webp 1205w\" sizes=\"(max-width:599px) 599px, (min-width:600px) and (max-width: 799px) 799px, (min-width:800px) and (max-width: 999px) 333px, (min-width:1000px) 400px\" \/><\/a><div class=\"entry-wrap entry-wrap-grid\"><h3 class=\"entry-title\" itemprop=\"headline\"><a class=\"entry-title-link\" href=\"https:\/\/neuronup.com\/fr\/activites-de-neuro-reeducation\/activites-pour-les-fonctions-cognitives\/activites-de-cognition-sociale\/exercices-de-cognition-sociale-pour-enfants\/\" rel=\"bookmark\">Exercices de cognition sociale pour enfants<\/a><\/h3>\n<\/div><\/article><article class=\"entry entry-grid is-column has-entry-link has-image has-image-first type-post category-activites-de-cognition-sociale tag-activites-de-stimulation-cognitive tag-activites-de-stimulation-cognitive-pour-enfants tag-actualites-de-neuronup tag-cognition-sociale tag-enfants tag-intelligence-emotionnelle\" style=\"--entry-index:6;\" aria-label=\"Activit\u00e9 pour identifier les \u00e9motions : Devinez le visage ?\" itemscope itemtype=\"https:\/\/schema.org\/CreativeWork\"><a class=\"entry-image-link\" href=\"https:\/\/neuronup.com\/fr\/activites-de-neuro-reeducation\/activites-pour-les-fonctions-cognitives\/activites-de-cognition-sociale\/activite-pour-identifier-les-emotions\/\" tabindex=\"-1\" aria-hidden=\"true\"><img decoding=\"async\" width=\"400\" height=\"283\" src=\"https:\/\/neuronup.com\/fr\/wp-content\/uploads\/2022\/09\/Actividad-para-identificar-emociones-de-NeuronUP-Adivinas-la-cara-1-1-1.webp\" class=\"entry-image size-landscape-sm\" alt=\"Activit\u00e9 pour identifier les \u00e9motions de NeuronUP Tu devines le visage\" srcset=\"https:\/\/neuronup.com\/fr\/wp-content\/uploads\/2022\/09\/Actividad-para-identificar-emociones-de-NeuronUP-Adivinas-la-cara-1-1-1-300x212.webp 300w, https:\/\/neuronup.com\/fr\/wp-content\/uploads\/2022\/09\/Actividad-para-identificar-emociones-de-NeuronUP-Adivinas-la-cara-1-1-1-768x543.webp 768w, https:\/\/neuronup.com\/fr\/wp-content\/uploads\/2022\/09\/Actividad-para-identificar-emociones-de-NeuronUP-Adivinas-la-cara-1-1-1-1024x724.webp 1024w, https:\/\/neuronup.com\/fr\/wp-content\/uploads\/2022\/09\/Actividad-para-identificar-emociones-de-NeuronUP-Adivinas-la-cara-1-1-1.webp 1200w\" sizes=\"(max-width:599px) 599px, (min-width:600px) and (max-width: 799px) 799px, (min-width:800px) and (max-width: 999px) 333px, (min-width:1000px) 400px\" \/><\/a><div class=\"entry-wrap entry-wrap-grid\"><h3 class=\"entry-title\" itemprop=\"headline\"><a class=\"entry-title-link\" href=\"https:\/\/neuronup.com\/fr\/activites-de-neuro-reeducation\/activites-pour-les-fonctions-cognitives\/activites-de-cognition-sociale\/activite-pour-identifier-les-emotions\/\" rel=\"bookmark\">Activit\u00e9 pour identifier les \u00e9motions : Devinez le visage ?<\/a><\/h3>\n<\/div><\/article><\/div><\/div>","protected":false},"excerpt":{"rendered":"<p>Dans cet article, la neuropsychologue clinique et Directrice de Espai Neurol\u00f2gic, Anna Curto, explique en quoi consiste le test de Raven et comment interpr\u00e9ter les r\u00e9sultats du test des matrices progressives de Raven. Qu&rsquo;est-ce que le test de Raven et que mesure-t-il ? Si vous vous demandez ce qu&rsquo;est le test de Raven et \u00e0 &hellip;<\/p>\n","protected":false},"author":144,"featured_media":34038,"comment_status":"open","ping_status":"closed","sticky":false,"template":"","format":"standard","meta":{"_acf_changed":false,"_genesis_hide_title":false,"_genesis_hide_breadcrumbs":false,"_genesis_hide_singular_image":false,"_genesis_hide_footer_widgets":false,"_genesis_custom_body_class":"","_genesis_custom_post_class":"","_genesis_layout":"","footnotes":""},"categories":[607],"tags":[],"class_list":{"2":"type-post","7":"category-test-de-neuropsychologie","8":"entry"},"acf":[],"_links":{"self":[{"href":"https:\/\/neuronup.com\/fr\/wp-json\/wp\/v2\/posts\/10756","targetHints":{"allow":["GET"]}}],"collection":[{"href":"https:\/\/neuronup.com\/fr\/wp-json\/wp\/v2\/posts"}],"about":[{"href":"https:\/\/neuronup.com\/fr\/wp-json\/wp\/v2\/types\/post"}],"author":[{"embeddable":true,"href":"https:\/\/neuronup.com\/fr\/wp-json\/wp\/v2\/users\/144"}],"replies":[{"embeddable":true,"href":"https:\/\/neuronup.com\/fr\/wp-json\/wp\/v2\/comments?post=10756"}],"version-history":[{"count":0,"href":"https:\/\/neuronup.com\/fr\/wp-json\/wp\/v2\/posts\/10756\/revisions"}],"wp:featuredmedia":[{"embeddable":true,"href":"https:\/\/neuronup.com\/fr\/wp-json\/wp\/v2\/media\/34038"}],"wp:attachment":[{"href":"https:\/\/neuronup.com\/fr\/wp-json\/wp\/v2\/media?parent=10756"}],"wp:term":[{"taxonomy":"category","embeddable":true,"href":"https:\/\/neuronup.com\/fr\/wp-json\/wp\/v2\/categories?post=10756"},{"taxonomy":"post_tag","embeddable":true,"href":"https:\/\/neuronup.com\/fr\/wp-json\/wp\/v2\/tags?post=10756"}],"curies":[{"name":"wp","href":"https:\/\/api.w.org\/{rel}","templated":true}]}}