{"id":10500,"date":"2024-08-26T09:18:06","date_gmt":"2024-08-26T09:18:06","guid":{"rendered":"https:\/\/neuronup.com\/fr\/?p=10500"},"modified":"2024-12-20T15:30:10","modified_gmt":"2024-12-20T13:30:10","slug":"deconstruction-du-syndrome-de-myhre","status":"publish","type":"post","link":"https:\/\/neuronup.com\/fr\/actualites-de-la-stimulation-cognitive\/troubles-neuro-developpementaux\/deconstruction-du-syndrome-de-myhre\/","title":{"rendered":"D\u00e9construction du syndrome de Myhre"},"content":{"rendered":"\n<p style=\"font-size:25px\">As-tu entendu parler du syndrome de Myhre ? Dans cet article, nous expliquons en d\u00e9tail <strong>en quoi consiste le syndrome de Myhre<\/strong>, un trouble g\u00e9n\u00e9tique rare qui affecte une personne sur un million dans le monde.<\/p>\n\n\n\n<h2 class=\"wp-block-heading\">Qu&rsquo;est-ce que le syndrome de Myhre ?<\/h2>\n\n\n\n<p>Le syndrome de Myhre est une condition g\u00e9n\u00e9tique extr\u00eamement rare et peu connue, caract\u00e9ris\u00e9e par un ensemble de sympt\u00f4mes et de caract\u00e9ristiques physiques et d\u00e9veloppementales sp\u00e9cifiques. C&rsquo;est un trouble g\u00e9n\u00e9tique qui affecte plusieurs syst\u00e8mes du corps. On pense qu&rsquo;il est caus\u00e9 par des mutations du g\u00e8ne SMAD4, qui joue un r\u00f4le crucial dans la signalisation cellulaire et le d\u00e9veloppement des tissus.<\/p>\n\n\n\n<p>On estime que sa pr\u00e9valence est d&rsquo;environ une personne sur un million dans le monde. En fait, il n&rsquo;y a actuellement que deux cents cas diagnostiqu\u00e9s dans le monde. En Espagne, le nombre de personnes touch\u00e9es s&rsquo;\u00e9l\u00e8ve \u00e0 16.<\/p>\n\n\n\n<p>Bien qu&rsquo;il ait \u00e9t\u00e9 d\u00e9couvert et d\u00e9crit pour la premi\u00e8re fois dans les ann\u00e9es 1980, il reste \u00e0 ce jour un sujet d&rsquo;\u00e9tude pour mieux comprendre sa cause, ses manifestations et les meilleures fa\u00e7ons de le g\u00e9rer et de le traiter.<\/p>\n\n\n\n<p>Les \u00e9tudes g\u00e9n\u00e9tiques et cliniques aident \u00e0 d\u00e9m\u00ealer les m\u00e9canismes sous-jacents de la condition et \u00e0 d\u00e9velopper de meilleures strat\u00e9gies de traitement et de gestion.<\/p>\n\n\n\n<h2 class=\"wp-block-heading\">Causes du syndrome de Myhre<\/h2>\n\n\n\n<p>Le syndrome de Myhre peut \u00eatre caus\u00e9 par des mutations du g\u00e8ne SMAD4, qui joue un r\u00f4le fondamental dans la signalisation cellulaire et la r\u00e9gulation de la croissance et du d\u00e9veloppement de divers tissus et organes dans le corps. Les mutations dans le SMAD4 alt\u00e8rent la fonction normale de la prot\u00e9ine cod\u00e9e par ce g\u00e8ne, ce qui conduit aux diverses manifestations cliniques du syndrome.<\/p>\n\n\n\n<h3 class=\"wp-block-heading\">D\u00e9tails sur le g\u00e8ne SMAD4<\/h3>\n\n\n\n<ul class=\"wp-block-list\">\n<li><strong>Fonction du g\u00e8ne SMAD4<\/strong> : le g\u00e8ne SMAD4 code une prot\u00e9ine qui fait partie de la voie de signalisation TGF-b\u00eata (facteur de croissance transformant b\u00eata), laquelle est importante pour le d\u00e9veloppement et le maintien du tissu conjonctif, la r\u00e9gulation de la croissance cellulaire et la r\u00e9ponse immunitaire.<\/li>\n<\/ul>\n\n\n\n<ul class=\"wp-block-list\">\n<li><strong>Mutation <\/strong>: les mutations qui causent le syndrome de Myhre sont g\u00e9n\u00e9ralement de novo, ce qui signifie qu&rsquo;elles se produisent pour la premi\u00e8re fois chez la personne affect\u00e9e et ne sont pas h\u00e9rit\u00e9es des parents. Ces mutations sont g\u00e9n\u00e9ralement des changements ponctuels dans le g\u00e8ne qui alt\u00e8rent la fonction de la prot\u00e9ine SMAD4, entra\u00eenant un dysfonctionnement dans les voies de signalisation cellulaire que cette prot\u00e9ine r\u00e9gule.<\/li>\n<\/ul>\n\n\n\n<h2 class=\"wp-block-heading\">Signes et sympt\u00f4mes du syndrome de Myhre<\/h2>\n\n\n\n<p>Les cas document\u00e9s ont permis d\u2019identifier un sch\u00e9ma coh\u00e9rent de sympt\u00f4mes et de caract\u00e9ristiques.<\/p>\n\n\n\n<p>Le syndrome de Myhre pr\u00e9sente une vari\u00e9t\u00e9 de signes et de sympt\u00f4mes qui affectent de nombreuses parties du corps, bien que toutes les personnes ne pr\u00e9sentent pas toutes les caract\u00e9ristiques possibles.<\/p>\n\n\n\n<p>Les plus courants incluent une petite taille, des anomalies squelettiques, une mobilit\u00e9 articulaire limit\u00e9e, des traits faciaux caract\u00e9ristiques, des probl\u00e8mes intellectuels et comportementaux, une perte d\u2019audition, une tendance \u00e0 l\u2019accumulation de tissu cicatriciel (fibrose) dans la peau et les organes internes, ainsi que des anomalies cardiaques et pulmonaires.<\/p>\n\n\n\n<p>Voici une classification de ces sympt\u00f4mes :<\/p>\n\n\n\n<h3 class=\"wp-block-heading\">Traits faciaux et physiques<\/h3>\n\n\n\n<ul class=\"wp-block-list\">\n<li><strong>Traits distinctifs<\/strong> : les individus atteints de ce syndrome ont g\u00e9n\u00e9ralement un visage caract\u00e9ristique avec des traits tels qu\u2019un front pro\u00e9minent, un pont nasal plat, des l\u00e8vres fines et une petite m\u00e2choire (micrognathie).<\/li>\n\n\n\n<li><strong>Petite taille<\/strong> : la majorit\u00e9 des patients pr\u00e9sentent une taille significativement inf\u00e9rieure \u00e0 la moyenne pour leur \u00e2ge et leur sexe.<\/li>\n\n\n\n<li><strong>Rigidit\u00e9 articulaire<\/strong> : la rigidit\u00e9 des articulations est une constatation courante, ce qui peut entra\u00eener des limitations de la mobilit\u00e9 et des probl\u00e8mes orthop\u00e9diques. L\u2019une des difficult\u00e9s les plus fr\u00e9quentes est celle de lever les bras ou de serrer les poings.<\/li>\n\n\n\n<li><strong>Anomalies oculaires<\/strong> comme le strabisme.<\/li>\n<\/ul>\n\n\n\n<div style=\"height:50px\" aria-hidden=\"true\" class=\"wp-block-spacer\"><\/div>\n\n\n\n<div class=\"wp-block-group br-0111 has-primary-background-color has-background has-dark-background has-sm-padding-top has-sm-padding-left has-sm-padding-right has-xxl-margin-top\"><div class=\"wp-block-group__inner-container is-layout-constrained wp-block-group-is-layout-constrained\">\n<div class=\"wp-block-columns is-layout-flex wp-container-core-columns-is-layout-9d6595d7 wp-block-columns-is-layout-flex\">\n<div class=\"wp-block-column is-layout-flow wp-block-column-is-layout-flow\">\n<figure class=\"wp-block-image size-full desktop-position-absolute desktop-bottom-0 mobile-width-50 mobile-m-inline-auto has-xl-margin-top\"><img decoding=\"async\" width=\"292\" height=\"338\" src=\"https:\/\/neuronup.com\/fr\/wp-content\/uploads\/2024\/10\/certificat-produit.webp\" alt=\"\" class=\"wp-image-31568\" srcset=\"https:\/\/neuronup.com\/fr\/wp-content\/uploads\/2024\/10\/certificat-produit-259x300.webp 259w, https:\/\/neuronup.com\/fr\/wp-content\/uploads\/2024\/10\/certificat-produit.webp 292w\" sizes=\"(max-width: 292px) 100vw, 292px\" \/><\/figure>\n<\/div>\n\n\n\n<div class=\"wp-block-column is-layout-flow wp-block-column-is-layout-flow\">\n<h2 class=\"wp-block-heading has-white-color has-text-color\"><strong>Abonnez-vous<\/strong> <br>\u00e0 notre <br>Newsletter<\/h2>\n\n\n\n<div class=\"wp-block-buttons is-layout-flex wp-block-buttons-is-layout-flex\">\n<div class=\"wp-block-button--1\" style=\"--button-outline-color:var(--color-white);--button-outline-color-hover:rgba(0,0,0,0.8);\"><a class=\"wp-block-button__link button button-outline   wp-element-button\" href=\"https:\/\/neuronup.com\/fr\/newsletter\/\">Abonnez-vous<\/a><\/div>\n\n<\/div>\n\n\n\n<div style=\"height:40px\" aria-hidden=\"true\" class=\"wp-block-spacer\"><\/div>\n<\/div>\n<\/div>\n<\/div><\/div>\n\n\n\n\n<div style=\"height:50px\" aria-hidden=\"true\" class=\"wp-block-spacer\"><\/div>\n\n\n\n<h3 class=\"wp-block-heading\">D\u00e9ficits cognitifs<\/h3>\n\n\n\n<ul class=\"wp-block-list\">\n<li><strong>Retard dans le d\u00e9veloppement moteur et du langage<\/strong> : de nombreux enfants atteints du syndrome de Myhre connaissent des retards dans l&rsquo;atteinte des jalons du d\u00e9veloppement tels que s&rsquo;asseoir, marcher et parler, qui peuvent \u00eatre \u00e9vidents d\u00e8s les premi\u00e8res ann\u00e9es de vie.<\/li>\n<\/ul>\n\n\n\n<ul class=\"wp-block-list\">\n<li><strong>Handicaps intellectuels <\/strong>: la plupart des personnes affect\u00e9es pr\u00e9sentent un certain degr\u00e9 de handicap intellectuel qui peut varier de l\u00e9ger \u00e0 mod\u00e9r\u00e9 ou s\u00e9v\u00e8re.<\/li>\n<\/ul>\n\n\n\n<ul class=\"wp-block-list\">\n<li><strong>Difficult\u00e9s d&rsquo;apprentissage<\/strong> : les enfants atteints de ce syndrome peuvent rencontrer des probl\u00e8mes significatifs dans l&rsquo;apprentissage dans des environnements \u00e9ducatifs classiques et dans leur performance. Ces difficult\u00e9s peuvent \u00eatre li\u00e9es \u00e0 des probl\u00e8mes de m\u00e9moire \u00e0 court terme, d&rsquo;attention, de raisonnement abstrait, de traitement de l&rsquo;information et de r\u00e9solution de probl\u00e8mes.<\/li>\n<\/ul>\n\n\n\n<ul class=\"wp-block-list\">\n<li><strong>Probl\u00e8mes de langage et de communication<\/strong> : les d\u00e9ficits dans le d\u00e9veloppement du langage sont courants et peuvent inclure des probl\u00e8mes tant dans le langage expressif (difficult\u00e9 \u00e0 articuler des mots ou \u00e0 former des phrases complexes) que dans le langage r\u00e9ceptif (difficult\u00e9 \u00e0 comprendre ce qui leur est dit, \u00e0 suivre des instructions et \u00e0 participer \u00e0 des conversations).<\/li>\n<\/ul>\n\n\n\n<ul class=\"wp-block-list\">\n<li><strong>Probl\u00e8mes de comportement<\/strong> : des comportements r\u00e9p\u00e9titifs, st\u00e9r\u00e9otyp\u00e9s ou rituels peuvent \u00eatre fr\u00e9quents. Des probl\u00e8mes d&rsquo;interaction sociale, similaires \u00e0 ceux observ\u00e9s dans les troubles du spectre autistique, peuvent \u00e9galement \u00eatre pr\u00e9sents.<\/li>\n<\/ul>\n\n\n\n<ul class=\"wp-block-list\">\n<li><strong>Probl\u00e8mes de sant\u00e9 mentale<\/strong> : certains peuvent souffrir de probl\u00e8mes de sant\u00e9 mentale, tels que l&rsquo;anxi\u00e9t\u00e9 ou la d\u00e9pression, en raison des difficult\u00e9s cognitives et sociales. Dans certains cas, des comportements d\u00e9fiants ou perturbateurs peuvent appara\u00eetre, n\u00e9cessitant une intervention comportementale ou un soutien psychologique.<\/li>\n<\/ul>\n\n\n\n<ul class=\"wp-block-list\">\n<li><strong>Difficult\u00e9s motrices<\/strong> : les capacit\u00e9s motrices fines et grossi\u00e8res peuvent \u00eatre affect\u00e9es, ce qui impacte la capacit\u00e9 \u00e0 accomplir des t\u00e2ches quotidiennes (comme \u00e9crire ou boutonner un v\u00eatement) et \u00e0 participer \u00e0 des activit\u00e9s physiques. La coordination et l&rsquo;\u00e9quilibre peuvent \u00e9galement \u00eatre compromis.<\/li>\n<\/ul>\n\n\n\n<h3 class=\"wp-block-heading\">Probl\u00e8mes cardiaques et respiratoires<\/h3>\n\n\n\n<ul class=\"wp-block-list\">\n<li><strong>Anomalies morphologiques cardiovasculaires<\/strong> : la grande majorit\u00e9 des personnes affect\u00e9es peuvent pr\u00e9senter des malformations cardiaques cong\u00e9nitales qui n\u00e9cessitent une surveillance et, dans certains cas, une intervention m\u00e9dicale.<\/li>\n<\/ul>\n\n\n\n<ul class=\"wp-block-list\">\n<li><strong>Probl\u00e8mes respiratoires <\/strong>: la rigidit\u00e9 des tissus peut affecter la fonction pulmonaire et respiratoire, provoquant des complications telles que l&rsquo;apn\u00e9e du sommeil ou des maladies pulmonaires restrictives.<\/li>\n<\/ul>\n\n\n\n<h3 class=\"wp-block-heading\">Autres probl\u00e8mes de sant\u00e9<\/h3>\n\n\n\n<ul class=\"wp-block-list\">\n<li><strong>Hypoacousie <\/strong>: la perte d&rsquo;audition, souvent due \u00e0 des otites moyennes r\u00e9currentes, est une caract\u00e9ristique relativement courante.<\/li>\n<\/ul>\n\n\n\n<ul class=\"wp-block-list\">\n<li><strong>Probl\u00e8mes gastro-intestinaux<\/strong> : certains patients connaissent des probl\u00e8mes digestifs, notamment le reflux gastro-\u0153sophagien et la constipation.<\/li>\n<\/ul>\n\n\n\n<h2 class=\"wp-block-heading\">Diagnostic et traitement<\/h2>\n\n\n\n<p>Le diagnostic du syndrome de Myhre repose sur l&rsquo;\u00e9valuation clinique et peut \u00eatre confirm\u00e9 par des tests g\u00e9n\u00e9tiques identifiant des mutations dans le g\u00e8ne SMAD4.<\/p>\n\n\n\n<p>La plupart des cas sont diagnostiqu\u00e9s durant l&rsquo;enfance ou la petite enfance, en raison des retards de d\u00e9veloppement et des caract\u00e9ristiques physiques \u00e9videntes.<\/p>\n\n\n\n<p>\u00c9tant donn\u00e9 la nature complexe et multisyst\u00e9mique du syndrome, et en l&rsquo;absence de traitement curatif, la prise en charge vise \u00e0 g\u00e9rer les sympt\u00f4mes par une approche multidisciplinaire.<\/p>\n\n\n\n<h3 class=\"wp-block-heading\">Gestion multidisciplinaire<\/h3>\n\n\n\n<ul class=\"wp-block-list\">\n<li><strong>Suivi m\u00e9dical r\u00e9gulier <\/strong>: la surveillance r\u00e9guli\u00e8re par une \u00e9quipe de sp\u00e9cialistes pouvant inclure des g\u00e9n\u00e9ticiens, cardiologues, orthop\u00e9distes et orthophonistes, entre autres.<\/li>\n<\/ul>\n\n\n\n<ul class=\"wp-block-list\">\n<li><strong>Interventions th\u00e9rapeutiques <\/strong>: les th\u00e9rapies physiques et occupationnelles peuvent aider \u00e0 am\u00e9liorer la mobilit\u00e9 et la fonctionnalit\u00e9.<\/li>\n<\/ul>\n\n\n\n<ul class=\"wp-block-list\">\n<li><strong>Soutien \u00e9ducatif <\/strong>: des programmes d&rsquo;\u00e9ducation sp\u00e9ciale et un soutien en classe peuvent \u00eatre n\u00e9cessaires pour r\u00e9pondre aux difficult\u00e9s d&rsquo;apprentissage.<\/li>\n<\/ul>\n\n\n\n<h3 class=\"wp-block-heading\">Soutien psychosocial<\/h3>\n\n\n\n<p>Le soutien psychosocial aux familles est \u00e9galement crucial. Les groupes de soutien et les organisations d\u00e9di\u00e9es aux maladies rares peuvent fournir des ressources pr\u00e9cieuses et un r\u00e9seau de soutien \u00e9motionnel pour les parents et les aidants.<\/p>\n\n\n\n<h2 class=\"wp-block-heading\">Conclusion<\/h2>\n\n\n\n<p>Le syndrome de Myhre, bien que rare, est une condition qui pr\u00e9sente des d\u00e9fis significatifs pour ceux qui en sont atteints ainsi que pour leurs familles. Avec une compr\u00e9hension ad\u00e9quate et une prise en charge interdisciplinaire, il est possible d&rsquo;am\u00e9liorer la qualit\u00e9 de vie de ces patients. La sensibilisation et la recherche continue sont essentielles pour continuer \u00e0 progresser dans la connaissance et le traitement de cette condition complexe.<\/p>\n\n\n\n<h3 class=\"wp-block-heading\">Si vous avez aim\u00e9 ce post, ces articles de NeuronUP pourraient \u00e9galement vous int\u00e9resser:<\/h3>\n\n\n<div class=\"mai-grid entries entries-grid has-boxed has-image-full\" style=\"--entry-title-font-size:var(--font-size-lg);--align-text:start;--entry-meta-text-align:start;\"><div class=\"entries-wrap has-columns\" style=\"--columns-xs:1\/1;--columns-sm:1\/1;--columns-md:1\/3;--columns-lg:1\/3;--flex-xs:0 0 var(--flex-basis);--flex-sm:0 0 var(--flex-basis);--flex-md:0 0 var(--flex-basis);--flex-lg:0 0 var(--flex-basis);--column-gap:var(--spacing-lg);--row-gap:var(--spacing-lg);--align-columns:start;\"><article class=\"entry entry-grid is-column has-entry-link has-image has-image-first type-post category-activites-de-la-vie-quotidienne category-nouveautes-neuronup tag-activites-de-stimulation-cognitive tag-activites-de-stimulation-cognitive-pour-enfants tag-adulte tag-enfants tag-remediation-cognitive\" style=\"--entry-index:1;\" aria-label=\"Nouvelles activit\u00e9s NeuronUP : entra\u00eenez les fonctions cognitives dans des situations du quotidien\" itemscope itemtype=\"https:\/\/schema.org\/CreativeWork\"><a class=\"entry-image-link\" href=\"https:\/\/neuronup.com\/fr\/nouveautes-neuronup\/nouvelles-activites-neuronup-entrainez-les-fonctions-cognitives-dans-des-situations-du-quotidien\/\" tabindex=\"-1\" aria-hidden=\"true\"><img decoding=\"async\" width=\"400\" height=\"202\" src=\"https:\/\/neuronup.com\/fr\/wp-content\/uploads\/2026\/03\/Capture-decran-2026-03-30-111842-400x202.webp\" class=\"entry-image size-landscape-sm\" alt=\"\" \/><\/a><div class=\"entry-wrap entry-wrap-grid\"><h3 class=\"entry-title\" itemprop=\"headline\"><a class=\"entry-title-link\" href=\"https:\/\/neuronup.com\/fr\/nouveautes-neuronup\/nouvelles-activites-neuronup-entrainez-les-fonctions-cognitives-dans-des-situations-du-quotidien\/\" rel=\"bookmark\">Nouvelles activit\u00e9s NeuronUP : entra\u00eenez les fonctions cognitives dans des situations du quotidien<\/a><\/h3>\n<\/div><\/article><article class=\"entry entry-grid is-column has-entry-link has-image has-image-first type-post category-activites-dattention category-activites-de-neuro-reeducation category-activites-pour-les-fonctions-cognitives tag-adulte\" style=\"--entry-index:2;\" aria-label=\"Nouvelle activit\u00e9 Attention s\u00e9lective (Adultes)\" itemscope itemtype=\"https:\/\/schema.org\/CreativeWork\"><a class=\"entry-image-link\" href=\"https:\/\/neuronup.com\/fr\/activites-de-neuro-reeducation\/nouvelle-activite-attention-selective-adultes\/\" tabindex=\"-1\" aria-hidden=\"true\"><img decoding=\"async\" width=\"253\" height=\"230\" src=\"https:\/\/neuronup.com\/fr\/wp-content\/uploads\/2026\/03\/Capture-decran-2026-03-03-160917.webp\" class=\"entry-image size-landscape-sm\" alt=\"\" \/><\/a><div class=\"entry-wrap entry-wrap-grid\"><h3 class=\"entry-title\" itemprop=\"headline\"><a class=\"entry-title-link\" href=\"https:\/\/neuronup.com\/fr\/activites-de-neuro-reeducation\/nouvelle-activite-attention-selective-adultes\/\" rel=\"bookmark\">Nouvelle activit\u00e9 Attention s\u00e9lective (Adultes)<\/a><\/h3>\n<\/div><\/article><article class=\"entry entry-grid is-column has-entry-link has-image has-image-first type-post category-activites-de-cognition-sociale tag-activites-de-stimulation-cognitive tag-cognition-sociale tag-fonctions-executives\" style=\"--entry-index:3;\" aria-label=\"La cognition sociale ou comment comprendre les personnes : exercices de cognition sociale\" itemscope itemtype=\"https:\/\/schema.org\/CreativeWork\"><a class=\"entry-image-link\" href=\"https:\/\/neuronup.com\/fr\/activites-de-neuro-reeducation\/activites-pour-les-fonctions-cognitives\/activites-de-cognition-sociale\/la-cognition-sociale-ou-comment-comprendre-les-personnes-exercices-de-cognition-sociale\/\" tabindex=\"-1\" aria-hidden=\"true\"><img decoding=\"async\" width=\"396\" height=\"300\" src=\"https:\/\/neuronup.com\/fr\/wp-content\/uploads\/2022\/06\/Reaccion-emocional-ante-situaciones.webp\" class=\"entry-image size-landscape-sm\" alt=\"R\u00e9action \u00e9motionnelle face aux situations : Exercice de cognition sociale\" srcset=\"https:\/\/neuronup.com\/fr\/wp-content\/uploads\/2022\/06\/Reaccion-emocional-ante-situaciones-300x227.webp 300w, https:\/\/neuronup.com\/fr\/wp-content\/uploads\/2022\/06\/Reaccion-emocional-ante-situaciones-768x582.webp 768w, https:\/\/neuronup.com\/fr\/wp-content\/uploads\/2022\/06\/Reaccion-emocional-ante-situaciones-1024x776.webp 1024w, https:\/\/neuronup.com\/fr\/wp-content\/uploads\/2022\/06\/Reaccion-emocional-ante-situaciones.webp 1148w\" sizes=\"(max-width:599px) 599px, (min-width:600px) and (max-width: 799px) 799px, (min-width:800px) and (max-width: 999px) 333px, (min-width:1000px) 400px\" \/><\/a><div class=\"entry-wrap entry-wrap-grid\"><h3 class=\"entry-title\" itemprop=\"headline\"><a class=\"entry-title-link\" href=\"https:\/\/neuronup.com\/fr\/activites-de-neuro-reeducation\/activites-pour-les-fonctions-cognitives\/activites-de-cognition-sociale\/la-cognition-sociale-ou-comment-comprendre-les-personnes-exercices-de-cognition-sociale\/\" rel=\"bookmark\">La cognition sociale ou comment comprendre les personnes : exercices de cognition sociale<\/a><\/h3>\n<\/div><\/article><article class=\"entry entry-grid is-column has-entry-link has-image has-image-first type-post category-activites-pour-les-enfants-ayant-des-besoins-particuliers tag-activites-de-stimulation-cognitive tag-activites-de-stimulation-cognitive-pour-enfants tag-enfants\" style=\"--entry-index:4;\" aria-label=\"7+1 activit\u00e9s pour enfants avec des besoins \u00e9ducatifs sp\u00e9ciaux\" itemscope itemtype=\"https:\/\/schema.org\/CreativeWork\"><a class=\"entry-image-link\" href=\"https:\/\/neuronup.com\/fr\/activites-de-neuro-reeducation\/activites-pour-les-enfants-ayant-des-besoins-particuliers\/71-activites-pour-enfants-a-besoins-educatifs-speciaux\/\" tabindex=\"-1\" aria-hidden=\"true\"><img decoding=\"async\" width=\"400\" height=\"298\" src=\"https:\/\/neuronup.com\/fr\/wp-content\/uploads\/2022\/07\/Prepara-la-mochila.webp\" class=\"entry-image size-landscape-sm\" alt=\"Activit\u00e9 Pr\u00e9pare le sac \u00e0 dos pour les enfants ayant des besoins \u00e9ducatifs particuliers\" srcset=\"https:\/\/neuronup.com\/fr\/wp-content\/uploads\/2022\/07\/Prepara-la-mochila-300x224.webp 300w, https:\/\/neuronup.com\/fr\/wp-content\/uploads\/2022\/07\/Prepara-la-mochila-768x572.webp 768w, https:\/\/neuronup.com\/fr\/wp-content\/uploads\/2022\/07\/Prepara-la-mochila-1024x763.webp 1024w, https:\/\/neuronup.com\/fr\/wp-content\/uploads\/2022\/07\/Prepara-la-mochila.webp 1255w\" sizes=\"(max-width:599px) 599px, (min-width:600px) and (max-width: 799px) 799px, (min-width:800px) and (max-width: 999px) 333px, (min-width:1000px) 400px\" \/><\/a><div class=\"entry-wrap entry-wrap-grid\"><h3 class=\"entry-title\" itemprop=\"headline\"><a class=\"entry-title-link\" href=\"https:\/\/neuronup.com\/fr\/activites-de-neuro-reeducation\/activites-pour-les-enfants-ayant-des-besoins-particuliers\/71-activites-pour-enfants-a-besoins-educatifs-speciaux\/\" rel=\"bookmark\">7+1 activit\u00e9s pour enfants avec des besoins \u00e9ducatifs sp\u00e9ciaux<\/a><\/h3>\n<\/div><\/article><article class=\"entry entry-grid is-column has-entry-link has-image has-image-first type-post category-activites-de-cognition-sociale tag-activites-de-stimulation-cognitive tag-activites-de-stimulation-cognitive-pour-enfants tag-cognition-sociale\" style=\"--entry-index:5;\" aria-label=\"Exercices de cognition sociale pour enfants\" itemscope itemtype=\"https:\/\/schema.org\/CreativeWork\"><a class=\"entry-image-link\" href=\"https:\/\/neuronup.com\/fr\/activites-de-neuro-reeducation\/activites-pour-les-fonctions-cognitives\/activites-de-cognition-sociale\/exercices-de-cognition-sociale-pour-enfants\/\" tabindex=\"-1\" aria-hidden=\"true\"><img decoding=\"async\" width=\"400\" height=\"273\" src=\"https:\/\/neuronup.com\/fr\/wp-content\/uploads\/2022\/08\/Que-esperan-encontrar-4-1.webp\" class=\"entry-image size-landscape-sm\" alt=\"Exercices de cognition sociale pour enfants\" srcset=\"https:\/\/neuronup.com\/fr\/wp-content\/uploads\/2022\/08\/Que-esperan-encontrar-4-1-300x205.webp 300w, https:\/\/neuronup.com\/fr\/wp-content\/uploads\/2022\/08\/Que-esperan-encontrar-4-1-768x524.webp 768w, https:\/\/neuronup.com\/fr\/wp-content\/uploads\/2022\/08\/Que-esperan-encontrar-4-1-1024x699.webp 1024w, https:\/\/neuronup.com\/fr\/wp-content\/uploads\/2022\/08\/Que-esperan-encontrar-4-1.webp 1205w\" sizes=\"(max-width:599px) 599px, (min-width:600px) and (max-width: 799px) 799px, (min-width:800px) and (max-width: 999px) 333px, (min-width:1000px) 400px\" \/><\/a><div class=\"entry-wrap entry-wrap-grid\"><h3 class=\"entry-title\" itemprop=\"headline\"><a class=\"entry-title-link\" href=\"https:\/\/neuronup.com\/fr\/activites-de-neuro-reeducation\/activites-pour-les-fonctions-cognitives\/activites-de-cognition-sociale\/exercices-de-cognition-sociale-pour-enfants\/\" rel=\"bookmark\">Exercices de cognition sociale pour enfants<\/a><\/h3>\n<\/div><\/article><article class=\"entry entry-grid is-column has-entry-link has-image has-image-first type-post category-activites-de-cognition-sociale tag-activites-de-stimulation-cognitive tag-activites-de-stimulation-cognitive-pour-enfants tag-actualites-de-neuronup tag-cognition-sociale tag-enfants tag-intelligence-emotionnelle\" style=\"--entry-index:6;\" aria-label=\"Activit\u00e9 pour identifier les \u00e9motions : Devinez le visage ?\" itemscope itemtype=\"https:\/\/schema.org\/CreativeWork\"><a class=\"entry-image-link\" href=\"https:\/\/neuronup.com\/fr\/activites-de-neuro-reeducation\/activites-pour-les-fonctions-cognitives\/activites-de-cognition-sociale\/activite-pour-identifier-les-emotions\/\" tabindex=\"-1\" aria-hidden=\"true\"><img decoding=\"async\" width=\"400\" height=\"283\" src=\"https:\/\/neuronup.com\/fr\/wp-content\/uploads\/2022\/09\/Actividad-para-identificar-emociones-de-NeuronUP-Adivinas-la-cara-1-1-1.webp\" class=\"entry-image size-landscape-sm\" alt=\"Activit\u00e9 pour identifier les \u00e9motions de NeuronUP Tu devines le visage\" srcset=\"https:\/\/neuronup.com\/fr\/wp-content\/uploads\/2022\/09\/Actividad-para-identificar-emociones-de-NeuronUP-Adivinas-la-cara-1-1-1-300x212.webp 300w, https:\/\/neuronup.com\/fr\/wp-content\/uploads\/2022\/09\/Actividad-para-identificar-emociones-de-NeuronUP-Adivinas-la-cara-1-1-1-768x543.webp 768w, https:\/\/neuronup.com\/fr\/wp-content\/uploads\/2022\/09\/Actividad-para-identificar-emociones-de-NeuronUP-Adivinas-la-cara-1-1-1-1024x724.webp 1024w, https:\/\/neuronup.com\/fr\/wp-content\/uploads\/2022\/09\/Actividad-para-identificar-emociones-de-NeuronUP-Adivinas-la-cara-1-1-1.webp 1200w\" sizes=\"(max-width:599px) 599px, (min-width:600px) and (max-width: 799px) 799px, (min-width:800px) and (max-width: 999px) 333px, (min-width:1000px) 400px\" \/><\/a><div class=\"entry-wrap entry-wrap-grid\"><h3 class=\"entry-title\" itemprop=\"headline\"><a class=\"entry-title-link\" href=\"https:\/\/neuronup.com\/fr\/activites-de-neuro-reeducation\/activites-pour-les-fonctions-cognitives\/activites-de-cognition-sociale\/activite-pour-identifier-les-emotions\/\" rel=\"bookmark\">Activit\u00e9 pour identifier les \u00e9motions : Devinez le visage ?<\/a><\/h3>\n<\/div><\/article><\/div><\/div>","protected":false},"excerpt":{"rendered":"<p>As-tu entendu parler du syndrome de Myhre ? Dans cet article, nous expliquons en d\u00e9tail en quoi consiste le syndrome de Myhre, un trouble g\u00e9n\u00e9tique rare qui affecte une personne sur un million dans le monde. Qu&rsquo;est-ce que le syndrome de Myhre ? Le syndrome de Myhre est une condition g\u00e9n\u00e9tique extr\u00eamement rare et peu &hellip;<\/p>\n","protected":false},"author":7,"featured_media":33337,"comment_status":"open","ping_status":"closed","sticky":false,"template":"","format":"standard","meta":{"_acf_changed":false,"_genesis_hide_title":false,"_genesis_hide_breadcrumbs":false,"_genesis_hide_singular_image":false,"_genesis_hide_footer_widgets":false,"_genesis_custom_body_class":"","_genesis_custom_post_class":"","_genesis_layout":"","footnotes":""},"categories":[587],"tags":[940],"class_list":{"2":"type-post","7":"category-troubles-neuro-developpementaux","8":"tag-troubles-du-neuro-developpement","9":"entry"},"acf":[],"_links":{"self":[{"href":"https:\/\/neuronup.com\/fr\/wp-json\/wp\/v2\/posts\/10500","targetHints":{"allow":["GET"]}}],"collection":[{"href":"https:\/\/neuronup.com\/fr\/wp-json\/wp\/v2\/posts"}],"about":[{"href":"https:\/\/neuronup.com\/fr\/wp-json\/wp\/v2\/types\/post"}],"author":[{"embeddable":true,"href":"https:\/\/neuronup.com\/fr\/wp-json\/wp\/v2\/users\/7"}],"replies":[{"embeddable":true,"href":"https:\/\/neuronup.com\/fr\/wp-json\/wp\/v2\/comments?post=10500"}],"version-history":[{"count":0,"href":"https:\/\/neuronup.com\/fr\/wp-json\/wp\/v2\/posts\/10500\/revisions"}],"wp:featuredmedia":[{"embeddable":true,"href":"https:\/\/neuronup.com\/fr\/wp-json\/wp\/v2\/media\/33337"}],"wp:attachment":[{"href":"https:\/\/neuronup.com\/fr\/wp-json\/wp\/v2\/media?parent=10500"}],"wp:term":[{"taxonomy":"category","embeddable":true,"href":"https:\/\/neuronup.com\/fr\/wp-json\/wp\/v2\/categories?post=10500"},{"taxonomy":"post_tag","embeddable":true,"href":"https:\/\/neuronup.com\/fr\/wp-json\/wp\/v2\/tags?post=10500"}],"curies":[{"name":"wp","href":"https:\/\/api.w.org\/{rel}","templated":true}]}}