{"id":10045,"date":"2024-06-13T08:00:21","date_gmt":"2024-06-13T08:00:21","guid":{"rendered":"https:\/\/neuronup.com\/fr\/?p=10045"},"modified":"2026-01-29T17:36:43","modified_gmt":"2026-01-29T15:36:43","slug":"la-trisomie-21-racontee-par-down-las-palmas","status":"publish","type":"post","link":"https:\/\/neuronup.com\/fr\/actualites-de-la-stimulation-cognitive\/deficience-intellectuelle\/trisomie-21\/la-trisomie-21-racontee-par-down-las-palmas\/","title":{"rendered":"La Trisomie 21 racont\u00e9e par Down Las Palmas"},"content":{"rendered":"\n<p style=\"font-size:25px\">L&rsquo;Association S\u00edndrome de Down Las Palmas d\u00e9crit dans cet article <strong>le travail qu&rsquo;ils r\u00e9alisent pour soutenir les personnes atteintes de Trsiomie 21 et leur exp\u00e9rience avec NeuronUP.<\/strong><\/p>\n\n\n\n<h2 class=\"wp-block-heading\">Qu&rsquo;est-ce que le syndrome de Down?<\/h2>\n\n\n\n<p>Le syndrome de Down est une particularit\u00e9 humaine r\u00e9sultant d&rsquo;une <strong>anomalie g\u00e9n\u00e9tique<\/strong> (l&rsquo;apparition d&rsquo;un chromosome suppl\u00e9mentaire sur la paire 21 des cellules du corps), perturbant le fonctionnement normal de l&rsquo;organisme et entra\u00eenant un handicap intellectuel. Les personnes atteintes du syndrome de Down <strong>ont trois chromosomes sur la paire 21 au lieu des deux habituels <\/strong>; c&rsquo;est pourquoi ce syndrome est \u00e9galement connu sous le nom de trisomie 21. Ce n&rsquo;est pas une maladie.<\/p>\n\n\n\n<p>Cependant, le d\u00e9veloppement de l&rsquo;enfant avec la Trisomie 21 d\u00e9pend non seulement des g\u00e8nes, mais surtout de l&rsquo;environnement, des soutiens et des stimulations qu&rsquo;il re\u00e7oit tout au long de sa vie. Une <strong>attention pr\u00e9coce<\/strong> ad\u00e9quate, ainsi qu&rsquo;une assistance et un soutien constants, r\u00e9duisent ses limitations physiques et renforcent ses capacit\u00e9s intellectuelles. Ainsi, les personnes atteintes de Trisomie 21 peuvent mener une <strong>vie \u00e9panouie, normale et autonome<\/strong>.<\/p>\n\n\n\n<p>On estime qu&rsquo;en Espagne vivent environ <strong>34 000 personnes<\/strong> atteintes du syndrome de Down, et un total de six millions dans le monde.<\/p>\n\n\n\n<p>Les calculs indiquent que entre <strong>30 %<\/strong> et <strong>40 % <\/strong>des personnes ayant une d\u00e9ficience intellectuelle ont le syndrome de Down.<\/p>\n\n\n\n<p>L&rsquo;esp\u00e9rance de vie d&rsquo;une personne atteinte de Trisomie 21 a consid\u00e9rablement augment\u00e9 <strong>pour atteindre environ 60 ans de nos jours.<\/strong><\/p>\n\n\n\n<h2 class=\"wp-block-heading\">Caract\u00e9ristiques du syndrome de Down<\/h2>\n\n\n\n<h3 class=\"wp-block-heading\">Sant\u00e9 et probl\u00e8mes m\u00e9dicaux<\/h3>\n\n\n\n<p>En ce qui concerne la sant\u00e9 physique et mentale des personnes atteintes de Trisomie 21, la plupart jouissent d&rsquo;une bonne sant\u00e9 et leur esp\u00e9rance de vie est en moyenne d&rsquo;environ<strong> 60 ans<\/strong>. Le syndrome entra\u00eene des probl\u00e8mes de sant\u00e9 qui sont parfois l\u00e9gers, facilement pr\u00e9visibles et corrigeables, et parfois graves. La gravit\u00e9 ne signifie pas que les alt\u00e9rations ne peuvent pas \u00eatre trait\u00e9es : une <strong>cardiopathie <\/strong>grave ou une atr\u00e9sie du duod\u00e9num peuvent \u00eatre pleinement corrig\u00e9es par chirurgie ; une leuc\u00e9mie peut \u00eatre gu\u00e9rie par chimioth\u00e9rapie.<\/p>\n\n\n\n<p>Dans une perspective globale et longitudinale, la personne atteinte du syndrome de Down pr\u00e9sente les caract\u00e9ristiques suivantes :<\/p>\n\n\n\n<ol class=\"wp-block-list\">\n<li>Ensemble de c<strong>aract\u00e9ristiques et de signes d\u00e9tectables chez le nouveau-n\u00e9<\/strong>, comme indiqu\u00e9 dans les caract\u00e9ristiques biom\u00e9dicales (section suivante).<\/li>\n\n\n\n<li><strong>Croissance corporelle lente et r\u00e9duite, <\/strong>y compris la croissance c\u00e9phalique. Par cons\u00e9quent, la taille atteinte est plus petite et la microc\u00e9phalie est souvent pr\u00e9sente.<\/li>\n\n\n\n<li><strong>Ralentissement du d\u00e9veloppement moteur et cognitif<\/strong>. La variabilit\u00e9 individuelle est \u00e9norme. La lenteur n&rsquo;est pas synonyme d&rsquo;absence de progr\u00e8s, de sorte que, m\u00eame si le QI diminue avec l&rsquo;\u00e2ge, les capacit\u00e9s et les comp\u00e9tences cognitives progressent de telle sorte que la plupart des individus sont en mesure d&rsquo;exp\u00e9rimenter leurs capacit\u00e9s cognitives et adaptatives dans un environnement ordinaire, \u00e0 leur satisfaction.<\/li>\n\n\n\n<li><strong>Probl\u00e8mes immunitaires.<\/strong> Cela explique la fr\u00e9quence des infections r\u00e9currentes (rhinite chronique, otite moyenne s\u00e9reuse, pneumonies, parodontite). Parfois, un trouble auto-immun (par exemple, dysfonctionnement de la thyro\u00efde, maladie c\u0153liaque) ou une maladie maligne (par exemple, la leuc\u00e9mie infantile, qui, bien que rare en termes absolus, moins de 1 %, est plus fr\u00e9quente que dans le reste de la population) peuvent survenir.<\/li>\n<\/ol>\n\n\n\n<h3 class=\"wp-block-heading\">Caract\u00e9ristiques biom\u00e9dicales<\/h3>\n\n\n\n<p>Petit cr\u00e2ne (microc\u00e9phalie), visage rond, palais ojival ou en forme de vo\u00fbte, hypotonie, d\u00e9formations des pieds, probl\u00e8mes associ\u00e9s d&rsquo;ou\u00efe (hypersensibilit\u00e9) et de vue (strabisme).<\/p>\n\n\n\n<h3 class=\"wp-block-heading\">Caract\u00e9ristiques cognitives<\/h3>\n\n\n\n<p>Handicap intellectuel, capacit\u00e9 d&rsquo;attention limit\u00e9e, retard de d\u00e9veloppement, facilit\u00e9 de d\u00e9sr\u00e9gulation \u00e9motionnelle.<\/p>\n\n\n\n<h3 class=\"wp-block-heading\">Caract\u00e9ristiques comportementales<\/h3>\n\n\n\n<p>Difficult\u00e9 d&rsquo;interaction avec l&rsquo;environnement et apparition de st\u00e9r\u00e9otypies.<\/p>\n\n\n\n<h3 class=\"wp-block-heading\">Caract\u00e9ristiques communicatives<\/h3>\n\n\n\n<p>Retard g\u00e9n\u00e9ral dans l&rsquo;acquisition du langage qui se caract\u00e9rise par une grande difficult\u00e9 dans l&rsquo;expression orale, la compr\u00e9hension \u00e9tant plus d\u00e9velopp\u00e9e.<\/p>\n\n\n<div class=\"wp-block-image image-interface\">\n<figure class=\"aligncenter size-medium\"><img decoding=\"async\" width=\"300\" height=\"300\" src=\"https:\/\/neuronup.com\/fr\/wp-content\/uploads\/2024\/11\/SIntomas-Down-FR-2-300x300.webp\" alt=\"Enfant en marche avec des fl\u00e8ches indiquant des sympt\u00f4mes li\u00e9s \u00e0 la trisomie 21; logo NeuronUp visible, cadre p\u00e9dagogique.\" class=\"wp-image-34012\" srcset=\"https:\/\/neuronup.com\/fr\/wp-content\/uploads\/2024\/11\/SIntomas-Down-FR-2-24x24.webp 24w, https:\/\/neuronup.com\/fr\/wp-content\/uploads\/2024\/11\/SIntomas-Down-FR-2-48x48.webp 48w, https:\/\/neuronup.com\/fr\/wp-content\/uploads\/2024\/11\/SIntomas-Down-FR-2-80x80.webp 80w, https:\/\/neuronup.com\/fr\/wp-content\/uploads\/2024\/11\/SIntomas-Down-FR-2-96x96.webp 96w, https:\/\/neuronup.com\/fr\/wp-content\/uploads\/2024\/11\/SIntomas-Down-FR-2-150x150.webp 150w, https:\/\/neuronup.com\/fr\/wp-content\/uploads\/2024\/11\/SIntomas-Down-FR-2-300x300.webp 300w, https:\/\/neuronup.com\/fr\/wp-content\/uploads\/2024\/11\/SIntomas-Down-FR-2-768x768.webp 768w, https:\/\/neuronup.com\/fr\/wp-content\/uploads\/2024\/11\/SIntomas-Down-FR-2-1024x1024.webp 1024w, https:\/\/neuronup.com\/fr\/wp-content\/uploads\/2024\/11\/SIntomas-Down-FR-2.webp 1080w\" sizes=\"(max-width: 300px) 100vw, 300px\" \/><figcaption class=\"wp-element-caption\">Symptomes li\u00e9s \u00e0 la Trisomie 21<\/figcaption><\/figure>\n<\/div>\n\n\n<h2 class=\"wp-block-heading\">L&rsquo;Association S\u00edndrome de Down de Las Palmas<\/h2>\n\n\n<div class=\"wp-block-image image-interface\">\n<figure class=\"aligncenter size-full is-resized\"><img decoding=\"async\" width=\"1024\" height=\"681\" src=\"https:\/\/neuronup.com\/fr\/wp-content\/uploads\/2024\/11\/La-Trisomie-21-racontee-par-Down-Las-Palmas-1.webp\" alt=\"Groupe en cuisine professionnelle, tabliers blancs et coiffes, souriants autour de tables inox et plats pr\u00e9par\u00e9s.\" class=\"wp-image-33649\" style=\"width:768px\" srcset=\"https:\/\/neuronup.com\/fr\/wp-content\/uploads\/2024\/11\/La-Trisomie-21-racontee-par-Down-Las-Palmas-1-300x200.webp 300w, https:\/\/neuronup.com\/fr\/wp-content\/uploads\/2024\/11\/La-Trisomie-21-racontee-par-Down-Las-Palmas-1-768x511.webp 768w, https:\/\/neuronup.com\/fr\/wp-content\/uploads\/2024\/11\/La-Trisomie-21-racontee-par-Down-Las-Palmas-1.webp 1024w\" sizes=\"(max-width: 1024px) 100vw, 1024px\" \/><figcaption class=\"wp-element-caption\">Des membres de l&rsquo;association du syndrome de Down de Las Palmas en train de cuisiner.<\/figcaption><\/figure>\n<\/div>\n\n\n<p>L&rsquo;Association du syndrome de Down de Las Palmas (ASDLP) est une organisation \u00e0 but non lucratif cr\u00e9\u00e9e en 1987 par un groupe de parents de personnes atteintes du syndrome de Down, servant d&rsquo;instrument pour r\u00e9pondre aux besoins et aux pr\u00e9occupations de ses membres. La singularit\u00e9 de la Trisomie 21 n\u00e9cessite une sp\u00e9cialisation psychologique, p\u00e9dagogique et une attention professionnelle \u00e9lev\u00e9e (car il englobe des caract\u00e9ristiques et des besoins bien diff\u00e9renci\u00e9s). Et c&rsquo;est pour r\u00e9pondre de mani\u00e8re ad\u00e9quate \u00e0 ceux-ci, et pour pallier le manque d&rsquo;institutions soutenant ces personnes et leurs familles, que notre association a vu le jour.<\/p>\n\n\n\n<p>C&rsquo;est dans ce cadre que Down Las Palmas apporte des solutions concr\u00e8tes et professionnalis\u00e9es aux personnes atteintes de Trisomie 21 et \u00e0 leurs familles, se fixant comme objectif de \u00ab\u00a0<strong>promouvoir le d\u00e9veloppement, la normalisation et l&rsquo;int\u00e9gration compl\u00e8te des personnes atteintes du syndrome de Down dans tous les domaines de leur vie (personnel, familial, \u00e9ducatif, professionnel et social)<\/strong>\u00ab\u00a0. <\/p>\n\n\n\n<p>Down Las Palmas est membre de la F\u00e9d\u00e9ration espagnole des institutions pour le syndrome de Down (Down Espa\u00f1a), ainsi que de la Conf\u00e9d\u00e9ration des Organisations en faveur des Personnes en situation de Handicap Intellectuel (Plena Inclusi\u00f3n) et de sa F\u00e9d\u00e9ration aux Canaries (Plena Inclusi\u00f3n Canarias).<\/p>\n\n\n\n<h3 class=\"wp-block-heading\">Notre mission<\/h3>\n\n\n\n<p>Notre mission est d&rsquo;\u00eatre l&rsquo;entit\u00e9 de r\u00e9f\u00e9rence aux Canaries,<strong> garantissant le d\u00e9veloppement<\/strong> personnel, familial, \u00e9ducatif, professionnel et social complet des personnes atteintes de Trisomie 21, tout en <strong>impulsant des actions de normalisation et de sensibilisation sociale<\/strong>.<\/p>\n\n\n\n<h3 class=\"wp-block-heading\">Ce que nous faisons : programmes professionnalis\u00e9s de travail<\/h3>\n\n\n\n<p>Pour am\u00e9liorer la qualit\u00e9 de vie des personnes atteintes de Trisomie 21 et de leurs familles, notre travail se concentre sur <strong>7 programmes professionnalis\u00e9s<\/strong>, comprenant les diff\u00e9rents projets et activit\u00e9s que nous d\u00e9veloppons quotidiennement:<\/p>\n\n\n\n<h4 class=\"wp-block-heading\">1. Gestion et promotion de l&rsquo;association<\/h4>\n\n\n\n<p>Programme visant \u00e0 g\u00e9rer les ressources humaines, mat\u00e9rielles et financi\u00e8res pour soutenir l&rsquo;association et le bon d\u00e9roulement de ses activit\u00e9s, ainsi qu&rsquo;\u00e0 promouvoir sa pr\u00e9sence et sa participation dans la soci\u00e9t\u00e9 et ses institutions.<\/p>\n\n\n\n<h4 class=\"wp-block-heading\">2. Volontariat et participation sociale<\/h4>\n\n\n\n<p>Programme visant \u00e0 promouvoir le recrutement et la participation active des b\u00e9n\u00e9voles, ainsi que la participation sociale en g\u00e9n\u00e9ral et la formation professionnelle.<\/p>\n\n\n\n<h4 class=\"wp-block-heading\">3. Soutien aux familles<\/h4>\n\n\n\n<p>Programme visant \u00e0 soutenir, informer et conseiller les familles, \u00e0 diff\u00e9rentes \u00e9tapes et circonstances de la vie des personnes atteintes de Trisomie 21.<\/p>\n\n\n\n<h4 class=\"wp-block-heading\">4. \u00c9ducation sp\u00e9cialis\u00e9e<\/h4>\n\n\n\n<p>Programme visant \u00e0 f<strong>avoriser l&rsquo;int\u00e9gration pleine dans le syst\u00e8me \u00e9ducatif<\/strong> des personnes atteintes du syndrome de Down, ainsi qu&rsquo;\u00e0 collaborer activement avec l&rsquo;ensemble de la communaut\u00e9 \u00e9ducative \u00e0 cette fin. Il inclut \u00e9galement le d\u00e9veloppement d&rsquo;actions \u00e9ducatives\/compl\u00e9mentaires pour le d\u00e9veloppement int\u00e9gral des personnes atteintes de Trisomie 21.<\/p>\n\n\n\n<h4 class=\"wp-block-heading\">5. Int\u00e9gration sociale et autonomie personnelle<\/h4>\n\n\n\n<p>Programme visant \u00e0 promouvoir l&rsquo;int\u00e9gration, la normalisation sociale et l&rsquo;autonomie personnelle des personnes atteintes de Trisomie 21 \u00e0 travers des <strong>actions culturelles, ludiques, sportives<\/strong>, etc.<\/p>\n\n\n\n<h4 class=\"wp-block-heading\">6. Formation et int\u00e9gration professionnelle<\/h4>\n\n\n\n<p>Programme visant \u00e0 promouvoir la formation professionnelle orient\u00e9e vers l&rsquo;int\u00e9gration professionnelle des personnes atteintes de Trisomie 21, et la gestion de l&#8217;emploi dans l&rsquo;entreprise ordinaire.<\/p>\n\n\n\n<h4 class=\"wp-block-heading\">7. D\u00e9veloppement et maintien socio-personnel<\/h4>\n\n\n\n<p>Programme visant \u00e0 offrir des r\u00e9ponses adapt\u00e9es aux d\u00e9fis, besoins et situations auxquels sont confront\u00e9es les personnes atteintes de Trisomie 21 et leurs familles \u00e0 l&rsquo;\u00e2ge adulte.<\/p>\n\n\n\n<h2 class=\"wp-block-heading\">Notre exp\u00e9rience avec NeuronUP<\/h2>\n\n\n\n<div class=\"wp-block-columns is-layout-flex wp-container-core-columns-is-layout-9d6595d7 wp-block-columns-is-layout-flex\">\n<div class=\"wp-block-column is-layout-flow wp-block-column-is-layout-flow\"><div class=\"wp-block-image image-interface\">\n<figure class=\"aligncenter size-full\"><img decoding=\"async\" width=\"716\" height=\"960\" src=\"https:\/\/neuronup.com\/fr\/wp-content\/uploads\/2024\/11\/La-Trisomie-21-racontee-par-Down-Las-Palmas-2.webp\" alt=\"Personne assise devant un ordinateur avec \u00e9couteurs et clavier; \u00e9cran affichant 29,84 \u20ac et des billets, dans un espace de travail.\" class=\"wp-image-33650\" srcset=\"https:\/\/neuronup.com\/fr\/wp-content\/uploads\/2024\/11\/La-Trisomie-21-racontee-par-Down-Las-Palmas-2-224x300.webp 224w, https:\/\/neuronup.com\/fr\/wp-content\/uploads\/2024\/11\/La-Trisomie-21-racontee-par-Down-Las-Palmas-2.webp 716w\" sizes=\"(max-width: 716px) 100vw, 716px\" \/><figcaption class=\"wp-element-caption\">Une patiente de l&rsquo;Association du syndrome de Down de Las Palmas travaillant avec l&rsquo;activit\u00e9 <em>\u00ab\u00a0Paiements exacts\u00a0\u00bb<\/em>.<\/figcaption><\/figure>\n<\/div><\/div>\n\n\n\n<div class=\"wp-block-column is-layout-flow wp-block-column-is-layout-flow\"><div class=\"wp-block-image image-interface\">\n<figure class=\"aligncenter size-full\"><img decoding=\"async\" width=\"716\" height=\"960\" src=\"https:\/\/neuronup.com\/fr\/wp-content\/uploads\/2024\/11\/La-Trisomie-21-racontee-par-Down-Las-Palmas-3.webp\" alt=\"Personne assise devant un ordinateur avec \u00e9couteurs, concentr\u00e9e sur l&#039;\u00e9cran affichant un graphique de points connect\u00e9s par des lignes; bureau et clavier visibles.\" class=\"wp-image-33651\" srcset=\"https:\/\/neuronup.com\/fr\/wp-content\/uploads\/2024\/11\/La-Trisomie-21-racontee-par-Down-Las-Palmas-3-224x300.webp 224w, https:\/\/neuronup.com\/fr\/wp-content\/uploads\/2024\/11\/La-Trisomie-21-racontee-par-Down-Las-Palmas-3.webp 716w\" sizes=\"(max-width: 716px) 100vw, 716px\" \/><figcaption class=\"wp-element-caption\">Un patient de l&rsquo;Association du Syndrome de Down Las Palmas travaillant avec NeuronUP.<\/figcaption><\/figure>\n<\/div><\/div>\n<\/div>\n\n\n\n<p>Nous utilisons NeuronUP depuis deux ans, l&rsquo;\u00e9tablissant d\u00e8s le d\u00e9part comme un support fondamental pour les professionnels de notre organisation impliqu\u00e9s dans les processus de <strong>r\u00e9habilitation et de stimulation cognitive.<\/strong><\/p>\n\n\n\n<p>Cet outil nous permet de <strong>r\u00e9aliser de nombreuses activit\u00e9s de mani\u00e8re personnalis\u00e9e<\/strong> pour l&rsquo;am\u00e9lioration cognitive des personnes atteintes de Trisomie 21 avec lesquelles nous travaillons.<\/p>\n\n\n\n<p>Environ 50 personnes atteintes du syndrome de Down b\u00e9n\u00e9ficient directement, avec des \u00e2ges et des situations de vie tr\u00e8s diversifi\u00e9s, et NeuronUP nous permet d&rsquo;<strong>individualiser et d&rsquo;atteindre les \u00e9tudiants \u00e0 diff\u00e9rents niveaux de difficult\u00e9<\/strong>, pouvant ainsi travailler sur de nombreux objectifs \u00e9ducatifs et formatifs.<\/p>\n\n\n\n<div style=\"height:50px\" aria-hidden=\"true\" class=\"wp-block-spacer\"><\/div>\n\n\n\n<div class=\"wp-block-group\"><div class=\"wp-block-group__inner-container is-layout-constrained wp-block-group-is-layout-constrained\">\n<div class=\"wp-block-columns br-0111 particle-bg p-5 has-primary-background-color has-background is-layout-flex wp-container-core-columns-is-layout-9d6595d7 wp-block-columns-is-layout-flex\">\n<div class=\"wp-block-column is-layout-flow wp-block-column-is-layout-flow\" style=\"flex-basis:66.66%\">\n<h2 class=\"wp-block-heading has-white-color has-text-color\">Essayez NeuronUP 7 jours gratuitement<\/h2>\n\n\n\n<p class=\"has-white-color has-text-color\">Vous pourrez travailler avec nos activit\u00e9s, concevoir des s\u00e9ances ou effectuer des r\u00e9habilitations \u00e0 distance<\/p>\n<\/div>\n\n\n\n<div class=\"wp-block-column is-layout-flow wp-block-column-is-layout-flow\" style=\"flex-basis:33.33%\">\n<div class=\"wp-block-buttons is-content-justification-center is-layout-flex wp-container-core-buttons-is-layout-16018d1d wp-block-buttons-is-layout-flex\">\n<div class=\"wp-block-button\" style=\"--button-background:var(--color-custom-1);--button-background-hover:#cc7e00;\"><a class=\"wp-block-button__link button   wp-element-button\" href=\"https:\/\/neuronup.com\/fr\/landing\/\">Commencez votre essai<\/a><\/div>\n\n<\/div>\n<\/div>\n<\/div>\n<\/div><\/div>\n\n\n\n<div style=\"height:50px\" aria-hidden=\"true\" class=\"wp-block-spacer\"><\/div>\n\n\n\n<h3 class=\"wp-block-heading\">Si vous avez aim\u00e9 ce post, ces articles de NeuronUP pourraient \u00e9galement vous int\u00e9resser:<\/h3>\n\n\n<div class=\"mai-grid entries entries-grid has-boxed has-image-full\" style=\"--entry-title-font-size:var(--font-size-lg);--align-text:start;--entry-meta-text-align:start;\"><div class=\"entries-wrap has-columns\" style=\"--columns-xs:1\/1;--columns-sm:1\/1;--columns-md:1\/3;--columns-lg:1\/3;--flex-xs:0 0 var(--flex-basis);--flex-sm:0 0 var(--flex-basis);--flex-md:0 0 var(--flex-basis);--flex-lg:0 0 var(--flex-basis);--column-gap:var(--spacing-lg);--row-gap:var(--spacing-lg);--align-columns:start;\"><article class=\"entry entry-grid is-column has-entry-link has-image has-image-first type-post category-activites-de-la-vie-quotidienne category-nouveautes-neuronup tag-activites-de-stimulation-cognitive tag-activites-de-stimulation-cognitive-pour-enfants tag-adulte tag-enfants tag-remediation-cognitive\" style=\"--entry-index:1;\" aria-label=\"Nouvelles activit\u00e9s NeuronUP : entra\u00eenez les fonctions cognitives dans des situations du quotidien\" itemscope itemtype=\"https:\/\/schema.org\/CreativeWork\"><a class=\"entry-image-link\" href=\"https:\/\/neuronup.com\/fr\/nouveautes-neuronup\/nouvelles-activites-neuronup-entrainez-les-fonctions-cognitives-dans-des-situations-du-quotidien\/\" tabindex=\"-1\" aria-hidden=\"true\"><img decoding=\"async\" width=\"400\" height=\"202\" src=\"https:\/\/neuronup.com\/fr\/wp-content\/uploads\/2026\/03\/Capture-decran-2026-03-30-111842-400x202.webp\" class=\"entry-image size-landscape-sm\" alt=\"\" \/><\/a><div class=\"entry-wrap entry-wrap-grid\"><h3 class=\"entry-title\" itemprop=\"headline\"><a class=\"entry-title-link\" href=\"https:\/\/neuronup.com\/fr\/nouveautes-neuronup\/nouvelles-activites-neuronup-entrainez-les-fonctions-cognitives-dans-des-situations-du-quotidien\/\" rel=\"bookmark\">Nouvelles activit\u00e9s NeuronUP : entra\u00eenez les fonctions cognitives dans des situations du quotidien<\/a><\/h3>\n<\/div><\/article><article class=\"entry entry-grid is-column has-entry-link has-image has-image-first type-post category-activites-dattention category-activites-de-neuro-reeducation category-activites-pour-les-fonctions-cognitives tag-adulte\" style=\"--entry-index:2;\" aria-label=\"Nouvelle activit\u00e9 Attention s\u00e9lective (Adultes)\" itemscope itemtype=\"https:\/\/schema.org\/CreativeWork\"><a class=\"entry-image-link\" href=\"https:\/\/neuronup.com\/fr\/activites-de-neuro-reeducation\/nouvelle-activite-attention-selective-adultes\/\" tabindex=\"-1\" aria-hidden=\"true\"><img decoding=\"async\" width=\"253\" height=\"230\" src=\"https:\/\/neuronup.com\/fr\/wp-content\/uploads\/2026\/03\/Capture-decran-2026-03-03-160917.webp\" class=\"entry-image size-landscape-sm\" alt=\"\" \/><\/a><div class=\"entry-wrap entry-wrap-grid\"><h3 class=\"entry-title\" itemprop=\"headline\"><a class=\"entry-title-link\" href=\"https:\/\/neuronup.com\/fr\/activites-de-neuro-reeducation\/nouvelle-activite-attention-selective-adultes\/\" rel=\"bookmark\">Nouvelle activit\u00e9 Attention s\u00e9lective (Adultes)<\/a><\/h3>\n<\/div><\/article><article class=\"entry entry-grid is-column has-entry-link has-image has-image-first type-post category-activites-de-cognition-sociale tag-activites-de-stimulation-cognitive tag-cognition-sociale tag-fonctions-executives\" style=\"--entry-index:3;\" aria-label=\"La cognition sociale ou comment comprendre les personnes : exercices de cognition sociale\" itemscope itemtype=\"https:\/\/schema.org\/CreativeWork\"><a class=\"entry-image-link\" href=\"https:\/\/neuronup.com\/fr\/activites-de-neuro-reeducation\/activites-pour-les-fonctions-cognitives\/activites-de-cognition-sociale\/la-cognition-sociale-ou-comment-comprendre-les-personnes-exercices-de-cognition-sociale\/\" tabindex=\"-1\" aria-hidden=\"true\"><img decoding=\"async\" width=\"396\" height=\"300\" src=\"https:\/\/neuronup.com\/fr\/wp-content\/uploads\/2022\/06\/Reaccion-emocional-ante-situaciones.webp\" class=\"entry-image size-landscape-sm\" alt=\"R\u00e9action \u00e9motionnelle face aux situations : Exercice de cognition sociale\" srcset=\"https:\/\/neuronup.com\/fr\/wp-content\/uploads\/2022\/06\/Reaccion-emocional-ante-situaciones-300x227.webp 300w, https:\/\/neuronup.com\/fr\/wp-content\/uploads\/2022\/06\/Reaccion-emocional-ante-situaciones-768x582.webp 768w, https:\/\/neuronup.com\/fr\/wp-content\/uploads\/2022\/06\/Reaccion-emocional-ante-situaciones-1024x776.webp 1024w, https:\/\/neuronup.com\/fr\/wp-content\/uploads\/2022\/06\/Reaccion-emocional-ante-situaciones.webp 1148w\" sizes=\"(max-width:599px) 599px, (min-width:600px) and (max-width: 799px) 799px, (min-width:800px) and (max-width: 999px) 333px, (min-width:1000px) 400px\" \/><\/a><div class=\"entry-wrap entry-wrap-grid\"><h3 class=\"entry-title\" itemprop=\"headline\"><a class=\"entry-title-link\" href=\"https:\/\/neuronup.com\/fr\/activites-de-neuro-reeducation\/activites-pour-les-fonctions-cognitives\/activites-de-cognition-sociale\/la-cognition-sociale-ou-comment-comprendre-les-personnes-exercices-de-cognition-sociale\/\" rel=\"bookmark\">La cognition sociale ou comment comprendre les personnes : exercices de cognition sociale<\/a><\/h3>\n<\/div><\/article><article class=\"entry entry-grid is-column has-entry-link has-image has-image-first type-post category-activites-pour-les-enfants-ayant-des-besoins-particuliers tag-activites-de-stimulation-cognitive tag-activites-de-stimulation-cognitive-pour-enfants tag-enfants\" style=\"--entry-index:4;\" aria-label=\"7+1 activit\u00e9s pour enfants avec des besoins \u00e9ducatifs sp\u00e9ciaux\" itemscope itemtype=\"https:\/\/schema.org\/CreativeWork\"><a class=\"entry-image-link\" href=\"https:\/\/neuronup.com\/fr\/activites-de-neuro-reeducation\/activites-pour-les-enfants-ayant-des-besoins-particuliers\/71-activites-pour-enfants-a-besoins-educatifs-speciaux\/\" tabindex=\"-1\" aria-hidden=\"true\"><img decoding=\"async\" width=\"400\" height=\"298\" src=\"https:\/\/neuronup.com\/fr\/wp-content\/uploads\/2022\/07\/Prepara-la-mochila.webp\" class=\"entry-image size-landscape-sm\" alt=\"Activit\u00e9 Pr\u00e9pare le sac \u00e0 dos pour les enfants ayant des besoins \u00e9ducatifs particuliers\" srcset=\"https:\/\/neuronup.com\/fr\/wp-content\/uploads\/2022\/07\/Prepara-la-mochila-300x224.webp 300w, https:\/\/neuronup.com\/fr\/wp-content\/uploads\/2022\/07\/Prepara-la-mochila-768x572.webp 768w, https:\/\/neuronup.com\/fr\/wp-content\/uploads\/2022\/07\/Prepara-la-mochila-1024x763.webp 1024w, https:\/\/neuronup.com\/fr\/wp-content\/uploads\/2022\/07\/Prepara-la-mochila.webp 1255w\" sizes=\"(max-width:599px) 599px, (min-width:600px) and (max-width: 799px) 799px, (min-width:800px) and (max-width: 999px) 333px, (min-width:1000px) 400px\" \/><\/a><div class=\"entry-wrap entry-wrap-grid\"><h3 class=\"entry-title\" itemprop=\"headline\"><a class=\"entry-title-link\" href=\"https:\/\/neuronup.com\/fr\/activites-de-neuro-reeducation\/activites-pour-les-enfants-ayant-des-besoins-particuliers\/71-activites-pour-enfants-a-besoins-educatifs-speciaux\/\" rel=\"bookmark\">7+1 activit\u00e9s pour enfants avec des besoins \u00e9ducatifs sp\u00e9ciaux<\/a><\/h3>\n<\/div><\/article><article class=\"entry entry-grid is-column has-entry-link has-image has-image-first type-post category-activites-de-cognition-sociale tag-activites-de-stimulation-cognitive tag-activites-de-stimulation-cognitive-pour-enfants tag-cognition-sociale\" style=\"--entry-index:5;\" aria-label=\"Exercices de cognition sociale pour enfants\" itemscope itemtype=\"https:\/\/schema.org\/CreativeWork\"><a class=\"entry-image-link\" href=\"https:\/\/neuronup.com\/fr\/activites-de-neuro-reeducation\/activites-pour-les-fonctions-cognitives\/activites-de-cognition-sociale\/exercices-de-cognition-sociale-pour-enfants\/\" tabindex=\"-1\" aria-hidden=\"true\"><img decoding=\"async\" width=\"400\" height=\"273\" src=\"https:\/\/neuronup.com\/fr\/wp-content\/uploads\/2022\/08\/Que-esperan-encontrar-4-1.webp\" class=\"entry-image size-landscape-sm\" alt=\"Exercices de cognition sociale pour enfants\" srcset=\"https:\/\/neuronup.com\/fr\/wp-content\/uploads\/2022\/08\/Que-esperan-encontrar-4-1-300x205.webp 300w, https:\/\/neuronup.com\/fr\/wp-content\/uploads\/2022\/08\/Que-esperan-encontrar-4-1-768x524.webp 768w, https:\/\/neuronup.com\/fr\/wp-content\/uploads\/2022\/08\/Que-esperan-encontrar-4-1-1024x699.webp 1024w, https:\/\/neuronup.com\/fr\/wp-content\/uploads\/2022\/08\/Que-esperan-encontrar-4-1.webp 1205w\" sizes=\"(max-width:599px) 599px, (min-width:600px) and (max-width: 799px) 799px, (min-width:800px) and (max-width: 999px) 333px, (min-width:1000px) 400px\" \/><\/a><div class=\"entry-wrap entry-wrap-grid\"><h3 class=\"entry-title\" itemprop=\"headline\"><a class=\"entry-title-link\" href=\"https:\/\/neuronup.com\/fr\/activites-de-neuro-reeducation\/activites-pour-les-fonctions-cognitives\/activites-de-cognition-sociale\/exercices-de-cognition-sociale-pour-enfants\/\" rel=\"bookmark\">Exercices de cognition sociale pour enfants<\/a><\/h3>\n<\/div><\/article><article class=\"entry entry-grid is-column has-entry-link has-image has-image-first type-post category-activites-de-cognition-sociale tag-activites-de-stimulation-cognitive tag-activites-de-stimulation-cognitive-pour-enfants tag-actualites-de-neuronup tag-cognition-sociale tag-enfants tag-intelligence-emotionnelle\" style=\"--entry-index:6;\" aria-label=\"Activit\u00e9 pour identifier les \u00e9motions : Devinez le visage ?\" itemscope itemtype=\"https:\/\/schema.org\/CreativeWork\"><a class=\"entry-image-link\" href=\"https:\/\/neuronup.com\/fr\/activites-de-neuro-reeducation\/activites-pour-les-fonctions-cognitives\/activites-de-cognition-sociale\/activite-pour-identifier-les-emotions\/\" tabindex=\"-1\" aria-hidden=\"true\"><img decoding=\"async\" width=\"400\" height=\"283\" src=\"https:\/\/neuronup.com\/fr\/wp-content\/uploads\/2022\/09\/Actividad-para-identificar-emociones-de-NeuronUP-Adivinas-la-cara-1-1-1.webp\" class=\"entry-image size-landscape-sm\" alt=\"Activit\u00e9 pour identifier les \u00e9motions de NeuronUP Tu devines le visage\" srcset=\"https:\/\/neuronup.com\/fr\/wp-content\/uploads\/2022\/09\/Actividad-para-identificar-emociones-de-NeuronUP-Adivinas-la-cara-1-1-1-300x212.webp 300w, https:\/\/neuronup.com\/fr\/wp-content\/uploads\/2022\/09\/Actividad-para-identificar-emociones-de-NeuronUP-Adivinas-la-cara-1-1-1-768x543.webp 768w, https:\/\/neuronup.com\/fr\/wp-content\/uploads\/2022\/09\/Actividad-para-identificar-emociones-de-NeuronUP-Adivinas-la-cara-1-1-1-1024x724.webp 1024w, https:\/\/neuronup.com\/fr\/wp-content\/uploads\/2022\/09\/Actividad-para-identificar-emociones-de-NeuronUP-Adivinas-la-cara-1-1-1.webp 1200w\" sizes=\"(max-width:599px) 599px, (min-width:600px) and (max-width: 799px) 799px, (min-width:800px) and (max-width: 999px) 333px, (min-width:1000px) 400px\" \/><\/a><div class=\"entry-wrap entry-wrap-grid\"><h3 class=\"entry-title\" itemprop=\"headline\"><a class=\"entry-title-link\" href=\"https:\/\/neuronup.com\/fr\/activites-de-neuro-reeducation\/activites-pour-les-fonctions-cognitives\/activites-de-cognition-sociale\/activite-pour-identifier-les-emotions\/\" rel=\"bookmark\">Activit\u00e9 pour identifier les \u00e9motions : Devinez le visage ?<\/a><\/h3>\n<\/div><\/article><\/div><\/div>","protected":false},"excerpt":{"rendered":"<p>L&rsquo;Association S\u00edndrome de Down Las Palmas d\u00e9crit dans cet article le travail qu&rsquo;ils r\u00e9alisent pour soutenir les personnes atteintes de Trsiomie 21 et leur exp\u00e9rience avec NeuronUP. Qu&rsquo;est-ce que le syndrome de Down? Le syndrome de Down est une particularit\u00e9 humaine r\u00e9sultant d&rsquo;une anomalie g\u00e9n\u00e9tique (l&rsquo;apparition d&rsquo;un chromosome suppl\u00e9mentaire sur la paire 21 des cellules &hellip;<\/p>\n","protected":false},"author":271,"featured_media":34102,"comment_status":"open","ping_status":"closed","sticky":false,"template":"","format":"standard","meta":{"_acf_changed":false,"_genesis_hide_title":false,"_genesis_hide_breadcrumbs":false,"_genesis_hide_singular_image":false,"_genesis_hide_footer_widgets":false,"_genesis_custom_body_class":"","_genesis_custom_post_class":"","_genesis_layout":"","footnotes":""},"categories":[570],"tags":[902,775,894],"class_list":{"2":"type-post","7":"category-trisomie-21","8":"tag-deficience-intellectuelle","9":"tag-temoignages","10":"tag-trisomie-21","11":"entry"},"acf":[],"_links":{"self":[{"href":"https:\/\/neuronup.com\/fr\/wp-json\/wp\/v2\/posts\/10045","targetHints":{"allow":["GET"]}}],"collection":[{"href":"https:\/\/neuronup.com\/fr\/wp-json\/wp\/v2\/posts"}],"about":[{"href":"https:\/\/neuronup.com\/fr\/wp-json\/wp\/v2\/types\/post"}],"author":[{"embeddable":true,"href":"https:\/\/neuronup.com\/fr\/wp-json\/wp\/v2\/users\/271"}],"replies":[{"embeddable":true,"href":"https:\/\/neuronup.com\/fr\/wp-json\/wp\/v2\/comments?post=10045"}],"version-history":[{"count":0,"href":"https:\/\/neuronup.com\/fr\/wp-json\/wp\/v2\/posts\/10045\/revisions"}],"wp:featuredmedia":[{"embeddable":true,"href":"https:\/\/neuronup.com\/fr\/wp-json\/wp\/v2\/media\/34102"}],"wp:attachment":[{"href":"https:\/\/neuronup.com\/fr\/wp-json\/wp\/v2\/media?parent=10045"}],"wp:term":[{"taxonomy":"category","embeddable":true,"href":"https:\/\/neuronup.com\/fr\/wp-json\/wp\/v2\/categories?post=10045"},{"taxonomy":"post_tag","embeddable":true,"href":"https:\/\/neuronup.com\/fr\/wp-json\/wp\/v2\/tags?post=10045"}],"curies":[{"name":"wp","href":"https:\/\/api.w.org\/{rel}","templated":true}]}}