{"id":10041,"date":"2024-06-12T12:07:21","date_gmt":"2024-06-12T12:07:21","guid":{"rendered":"https:\/\/neuronup.com\/fr\/?p=10041"},"modified":"2024-12-20T15:52:58","modified_gmt":"2024-12-20T13:52:58","slug":"quel-est-le-profil-neuropsychologique-typique-des-personnes-atteintes-de-sclerose-en-plaques","status":"publish","type":"post","link":"https:\/\/neuronup.com\/fr\/actualites-de-la-stimulation-cognitive\/maladies-neurodegeneratives\/sclerose-en-plaques\/quel-est-le-profil-neuropsychologique-typique-des-personnes-atteintes-de-sclerose-en-plaques\/","title":{"rendered":"Quel est le profil neuropsychologique typique des personnes atteintes de scl\u00e9rose en plaques?"},"content":{"rendered":"\n<p style=\"font-size:25px\">Conchi Moreno Rodr\u00edguez, psychologue clinicienne et neuropsychologue, parle dans cet article de la <strong>dysfonction cognitive et de la r\u00e9gulation \u00e9motionnelle chez les personnes atteintes de scl\u00e9rose en plaques.<\/strong><\/p>\n\n\n\n<p>La <a href=\"https:\/\/neuronup.com\/fr\/la-neuro-reeducation\/les-maladies-neurodegeneratives\/sclerose-en-plaques\">scl\u00e9rose en plaques (SEP)<\/a> est une maladie neurod\u00e9g\u00e9n\u00e9rative qui touche principalement les adultes jeunes. Sa symptomatologie est tr\u00e8s diversifi\u00e9e : sympt\u00f4mes sensitifs, moteurs, visuels, v\u00e9sicaux, cognitifs, \u00e9motionnels et fatigue, entre autres. Plus sp\u00e9cifiquement, la neuropsychologie se concentre sur la dysfonction cognitive, dont le spectre est large, et son objectif est de l&rsquo;\u00e9tudier et de la traiter car elle influe consid\u00e9rablement sur la qualit\u00e9 de vie de ces personnes.<\/p>\n\n\n\n<h2 class=\"wp-block-heading\">Qu&rsquo;est-ce que la scl\u00e9rose en plaques?<\/h2>\n\n\n\n<p>La scl\u00e9rose en plaques est une <strong>maladie d\u00e9my\u00e9linisante, chronique et auto-immune caract\u00e9ris\u00e9e par la perte de my\u00e9line et la d\u00e9g\u00e9n\u00e9rescence axonale<\/strong>, donnant lieu au d\u00e9veloppement de l\u00e9sions multifocales, appel\u00e9es plaques, dans le SNC (Mahad, Trapp et Lassmann, 2015; Mcalpine, 1973).<\/p>\n\n\n\n<p>Actuellement, plusieurs hypoth\u00e8ses sont toujours envisag\u00e9es concernant l&rsquo;\u00e9tiologie de la maladie, cependant, celle-ci reste inconnue, mais tout semble indiquer que l&rsquo;origine peut \u00eatre multifactorielle, avec une influence notable de la pr\u00e9disposition g\u00e9n\u00e9tique et des facteurs environnementaux (Arruti, Castillo-Trivi\u00f1o, Eg\u00fc\u00e9s et Olascoaga, 2015; Briggs, et al., 2019).<\/p>\n\n\n\n<p>La scl\u00e9rose en plaques <strong>est l&rsquo;une des principales causes d&rsquo;incapacit\u00e9 neurologique chez les jeunes adultes<\/strong>, et ses manifestations cliniques surviennent g\u00e9n\u00e9ralement entre 20 et 40 ans, \u00e9tant plus fr\u00e9quentes chez les femmes que chez les hommes (3:1) (Kingwell et al., 2013).<\/p>\n\n\n\n<h2 class=\"wp-block-heading\">Quels sont les types de scl\u00e9rose en plaques et quelles sont leurs caract\u00e9ristiques cliniques?<\/h2>\n\n\n\n<h3 class=\"wp-block-heading\">Ph\u00e9notypes de la scl\u00e9rose en plaques<\/h3>\n\n\n\n<ul class=\"wp-block-list\">\n<li><strong>Scl\u00e9rose en plaques r\u00e9currente-r\u00e9mittente (SEP-RR)<\/strong> : elle se caract\u00e9rise par l&rsquo;<strong>apparition de pouss\u00e9es distinctes accompagn\u00e9es de p\u00e9riodes de r\u00e9cup\u00e9ration<\/strong> partielle ou compl\u00e8te des sympt\u00f4mes. Ce ph\u00e9notype est pr\u00e9sent dans plus de 80 % de la population atteinte de scl\u00e9rose en plaques.<\/li>\n\n\n\n<li><strong>Scl\u00e9rose en plaques secondairement progressive (SPMS)<\/strong> : d\u00e9finie par un <strong>handicap persistant et\/ou croissant<\/strong>. Les pouss\u00e9es ne sont pas clairement d\u00e9limit\u00e9es. Environ 50 % des patients atteints de SEP-RR d\u00e9veloppent cette forme progressive environ dix ans apr\u00e8s le d\u00e9but de la maladie.<\/li>\n\n\n\n<li><strong>Scl\u00e9rose en plaques primaire progressive (SPPP) <\/strong>: elle se caract\u00e9rise par une <strong>progression des sympt\u00f4mes cliniques depuis l&rsquo;apparition de la maladie<\/strong>, avec une am\u00e9lioration minimale. Ce ph\u00e9notype est rare, avec une pr\u00e9valence de 10 %.<\/li>\n<\/ul>\n\n\n\n<h2 class=\"wp-block-heading\">Quelles sont les fonctions cognitives les plus couramment affect\u00e9es dans la scl\u00e9rose en plaques?<\/h2>\n\n\n\n<h3 class=\"wp-block-heading\">Neuropsychologie de la scl\u00e9rose en plaques : sch\u00e9ma cognitif<\/h3>\n\n\n\n<p><strong>La pr\u00e9valence du trouble neurocognitif dans la scl\u00e9rose en plaques varie entre 40 % et 75 % <\/strong>(Chiaravalloti et DeLuca, 2008 ; Matias-Guiu et al., 2017 ; Peyser, Rao, La Rocca et Kapplan, 1990). Bien que le d\u00e9ficit cognitif soit g\u00e9n\u00e9ralement l\u00e9ger, entre 10 % et 20 % environ de la population peut remplir les crit\u00e8res d&rsquo;un trouble neurocognitif majeur ou de d\u00e9mence (Benedict et Bobholz, 2007).<\/p>\n\n\n\n<p>Les <strong>fonctions cognitives les plus couramment affect\u00e9es<\/strong> sont l&rsquo;attention complexe, la vitesse de traitement, les processus mn\u00e9siques et d&rsquo;apprentissage, ainsi que les fonctions ex\u00e9cutives, entre autres. Bien que l&rsquo;atteinte puisse \u00eatre pr\u00e9sente d\u00e8s les premi\u00e8res phases de la maladie, sa fr\u00e9quence augmente dans les formes progressives (Matias-Guiu et al., 2017).<\/p>\n\n\n\n<h3 class=\"wp-block-heading\">Attention<\/h3>\n\n\n\n<p>Parmi les diff\u00e9rents processus attentionnels, des <strong>d\u00e9ficits ont \u00e9t\u00e9 observ\u00e9s dans l&rsquo;attention<\/strong> soutenue, s\u00e9lective et divis\u00e9e (De Sonneville et al., 2002).<\/p>\n\n\n\n<h3 class=\"wp-block-heading\">Vitesse de traitement<\/h3>\n\n\n\n<p>Dans la scl\u00e9rose en plaques, il est <strong>particuli\u00e8rement caract\u00e9ristique que la vitesse de traitement de l&rsquo;information ralentisse<\/strong>. Cette fonction cognitive est souvent affect\u00e9e d\u00e8s les premi\u00e8res phases de la maladie, observ\u00e9e dans tous les ph\u00e9notypes, mais semble plus affect\u00e9e dans les formes progressives de la SEP (Papathanasiou, Messinis, Georgiou et Papathanasopoulos, 2014).<\/p>\n\n\n\n<h3 class=\"wp-block-heading\">Processus mn\u00e9siques<\/h3>\n\n\n\n<p><strong>Les performances dans les processus mn\u00e9siques sont g\u00e9n\u00e9ralement assez faibles<\/strong> dans la scl\u00e9rose en plaques. Plusieurs \u00e9tudes ont tent\u00e9 d&rsquo;expliquer les d\u00e9ficiences de m\u00e9moire pour comprendre les m\u00e9canismes qui conduisent \u00e0 ces perturbations, ce qui a donn\u00e9 lieu \u00e0 plusieurs <strong>hypoth\u00e8ses <\/strong>:<\/p>\n\n\n\n<ol class=\"wp-block-list\">\n<li>Tout d&rsquo;abord, certains sugg\u00e8rent qu&rsquo;elle peut \u00eatre due \u00e0 des <strong>perturbations du rappel\/m\u00e9morisation <\/strong>comme cause principale du dysfonctionnement (Rao, Leo et Aubin-Faubert, 1989).<\/li>\n\n\n\n<li>Deuxi\u00e8mement, d&rsquo;autres recherches sugg\u00e8rent que les p<strong>rocessus d&rsquo;encodage et d&rsquo;organisation sont principalement responsables<\/strong>, les \u00e9tapes de rappel \u00e9tant une d\u00e9ficience secondaire (Lafosse, Mitchell, Corboy, &amp; Filley, 2013).<\/li>\n\n\n\n<li>Troisi\u00e8mement, d&rsquo;autres soulignent qu&rsquo;aux <strong>stades pr\u00e9coces<\/strong> de la scl\u00e9rose en plaques, les d\u00e9faillances mn\u00e9siques sont principalement li\u00e9es \u00e0 des <strong>dysfonctionnements des processus d&rsquo;\u00e9vocation<\/strong>, alors qu&rsquo;aux <strong>stades plus avanc\u00e9s<\/strong> de la maladie, c&rsquo;est l&rsquo;<strong>\u00e9tape d&rsquo;encodage<\/strong> qui donne lieu \u00e0 ces perturbations (Brissart, Morele, Baumann et Debouverie, 2012).<\/li>\n<\/ol>\n\n\n\n<div style=\"height:100px\" aria-hidden=\"true\" class=\"wp-block-spacer\"><\/div>\n\n\n\n<div class=\"wp-block-group\"><div class=\"wp-block-group__inner-container is-layout-constrained wp-block-group-is-layout-constrained\">\n<div class=\"wp-block-columns br-0101 has-custom-2-background-color has-background is-layout-flex wp-container-core-columns-is-layout-9d6595d7 wp-block-columns-is-layout-flex\">\n<div class=\"wp-block-column mobile-order-1 is-layout-flow wp-block-column-is-layout-flow\" style=\"flex-basis:25%\"><div class=\"wp-block-image opacity-gradient mobile-translate-y-4\">\n<figure class=\"aligncenter size-full has--xxxl-margin-top has--xxxl-margin-bottom\"><img decoding=\"async\" width=\"267\" height=\"437\" src=\"https:\/\/neuronup.com\/fr\/wp-content\/uploads\/2024\/10\/jeu-neuronup.webp\" alt=\"jeu neuronup\" class=\"wp-image-31665\" srcset=\"https:\/\/neuronup.com\/fr\/wp-content\/uploads\/2024\/10\/jeu-neuronup-183x300.webp 183w, https:\/\/neuronup.com\/fr\/wp-content\/uploads\/2024\/10\/jeu-neuronup.webp 267w\" sizes=\"(max-width: 267px) 100vw, 267px\" \/><\/figure>\n<\/div><\/div>\n\n\n\n<div class=\"wp-block-column is-vertically-aligned-center is-layout-flow wp-block-column-is-layout-flow\" style=\"flex-basis:50%\">\n<h2 class=\"wp-block-heading has-text-align-left has-white-color has-text-color\">D\u00e9couvrez des milliers <strong>d&rsquo;exercices<\/strong><br>plus sur notre plateforme<\/h2>\n<\/div>\n\n\n\n<div class=\"wp-block-column is-vertically-aligned-center is-layout-flow wp-block-column-is-layout-flow\" style=\"flex-basis:25%\">\n<div class=\"wp-block-buttons mobile-center\">\n<div class=\"wp-block-button orange-button\"><a href=\"https:\/\/neuronup.com\/fr\/landing-store-user\/\" class=\"wp-block-button__link button button-secondary\" style=\"flex-direction: row;\" >Essayez-le gratuitement <img decoding=\"async\" class=\"wp-image-18719\" style=\"width: 8px;\" src=\"https:\/\/neuronup.com\/fr\/wp-content\/uploads\/2024\/10\/icon_rightArrow-white.svg\" alt=\"\"><\/a><\/div>\n<\/div>\n<\/div>\n<\/div>\n<\/div><\/div>\n\n\n\n<div style=\"height:50px\" aria-hidden=\"true\" class=\"wp-block-spacer\"><\/div>\n\n\n\n<h3 class=\"wp-block-heading\">Fonctions ex\u00e9cutives<\/h3>\n\n\n\n<p>Les fonctions ex\u00e9cutives sont un autre ensemble de fonctions cognitives qui sont g\u00e9n\u00e9ralement affect\u00e9es chez les personnes atteintes de scl\u00e9rose en plaques. Parmi les diff\u00e9rents processus associ\u00e9s au fonctionnement ex\u00e9cutif, on observe une performance <strong>faible dans le contr\u00f4le inhibiteur, la flexibilit\u00e9 cognitive, la m\u00e9moire de travail, le raisonnement abstrait et la fluidit\u00e9 verbale <\/strong>(Cerezo, Mart\u00edn et Aladro, 2015 ; Cores, Vanotti, Garcea, Osorio et Politis, 2017 ; Kouvatsou, Masoura, Kiosseoglou et Kimiskidis, 2019).<\/p>\n\n\n\n<p>Il convient de noter que l&rsquo;\u00e9tude des performances cognitives dans la scl\u00e9rose en plaques s&rsquo;est principalement concentr\u00e9e sur des fonctions telles que la m\u00e9moire et la vitesse de traitement, tandis que les fonctions ex\u00e9cutives ont \u00e9t\u00e9 relativement moins \u00e9tudi\u00e9es, malgr\u00e9 leur importance pour surveiller et r\u00e9guler les aspects cognitifs, comportementaux et \u00e9motionnels.<\/p>\n\n\n\n<h3 class=\"wp-block-heading\">Fonctions visuospatiales et visuoconstructives<\/h3>\n\n\n\n<p>Certains auteurs indiquent qu&rsquo;entre 21 % et 26 % des patients atteints de scl\u00e9rose en plaques pr\u00e9sentent des alt\u00e9rations dans ces fonctions. Cependant, ces domaines cognitifs n&rsquo;ont pas \u00e9t\u00e9 largement \u00e9tudi\u00e9s et il y a m\u00eame eu des limites dans la compr\u00e9hension de ces alt\u00e9rations, car on sugg\u00e8re que cela pourrait \u00eatre d\u00fb \u00e0 des d\u00e9ficits visuels primaires (Marasescu, Garc\u00eda et Benito, 2016).<\/p>\n\n\n\n<div style=\"height:50px\" aria-hidden=\"true\" class=\"wp-block-spacer\"><\/div>\n\n\n\n<div class=\"wp-block-group br-0111 has-primary-background-color has-background has-dark-background has-sm-padding-top has-sm-padding-left has-sm-padding-right has-xxl-margin-top\"><div class=\"wp-block-group__inner-container is-layout-constrained wp-block-group-is-layout-constrained\">\n<div class=\"wp-block-columns is-layout-flex wp-container-core-columns-is-layout-9d6595d7 wp-block-columns-is-layout-flex\">\n<div class=\"wp-block-column is-layout-flow wp-block-column-is-layout-flow\">\n<figure class=\"wp-block-image size-full desktop-position-absolute desktop-bottom-0 mobile-width-50 mobile-m-inline-auto has-xl-margin-top\"><img decoding=\"async\" width=\"292\" height=\"338\" src=\"https:\/\/neuronup.com\/fr\/wp-content\/uploads\/2024\/10\/certificat-produit.webp\" alt=\"\" class=\"wp-image-31568\" srcset=\"https:\/\/neuronup.com\/fr\/wp-content\/uploads\/2024\/10\/certificat-produit-259x300.webp 259w, https:\/\/neuronup.com\/fr\/wp-content\/uploads\/2024\/10\/certificat-produit.webp 292w\" sizes=\"(max-width: 292px) 100vw, 292px\" \/><\/figure>\n<\/div>\n\n\n\n<div class=\"wp-block-column is-layout-flow wp-block-column-is-layout-flow\">\n<h2 class=\"wp-block-heading has-white-color has-text-color\"><strong>Abonnez-vous<\/strong> <br>\u00e0 notre <br>Newsletter<\/h2>\n\n\n\n<div class=\"wp-block-buttons is-layout-flex wp-block-buttons-is-layout-flex\">\n<div class=\"wp-block-button--1\" style=\"--button-outline-color:var(--color-white);--button-outline-color-hover:rgba(0,0,0,0.8);\"><a class=\"wp-block-button__link button button-outline   wp-element-button\" href=\"https:\/\/neuronup.com\/fr\/newsletter\/\">Abonnez-vous<\/a><\/div>\n\n<\/div>\n\n\n\n<div style=\"height:40px\" aria-hidden=\"true\" class=\"wp-block-spacer\"><\/div>\n<\/div>\n<\/div>\n<\/div><\/div>\n\n\n\n\n<div style=\"height:50px\" aria-hidden=\"true\" class=\"wp-block-spacer\"><\/div>\n\n\n\n<h2 class=\"wp-block-heading\">Les techniques de neuroimagerie et de cognition dans la scl\u00e9rose en plaques : Qu&rsquo;a-t-on d\u00e9couvert ?<\/h2>\n\n\n\n<p>La t<strong>echnique la plus utilis\u00e9e pour le suivi clinique<\/strong> des patients est l&rsquo;imagerie par <strong>r\u00e9sonance magn\u00e9tique <\/strong>car elle permet d&rsquo;observer s&rsquo;il existe de nouvelles l\u00e9sions ou une r\u00e9activation de celles-ci.&nbsp;&nbsp;<\/p>\n\n\n\n<h3 class=\"wp-block-heading\">L&rsquo;utilisation de l&rsquo;IRM et la fonction cognitive<\/h3>\n\n\n\n<p>Bien que l&rsquo;imagerie par r\u00e9sonance magn\u00e9tique ait \u00e9t\u00e9 largement utilis\u00e9e pour observer la relation entre les changements du substrat neuroanatomique de la maladie et la cognition chez les personnes atteintes de scl\u00e9rose en plaques, <strong>il existe actuellement des techniques plus r\u00e9centes telles que l&rsquo;imagerie par r\u00e9sonance magn\u00e9tique fonctionnelle (IRMF) et l&rsquo;imagerie par tenseur de diffusion (DTI)<\/strong> qui nous ont fourni de nouvelles preuves que l&rsquo;IRM conventionnelle ne captait pas.<\/p>\n\n\n\n<p>D&rsquo;une part, <strong>l&rsquo;IRMF <\/strong>a offert des images des <strong>processus de neuroplasticit\u00e9 <\/strong>qui peuvent \u00eatre li\u00e9s \u00e0 l&rsquo;atteinte cognitive dans les premiers stades de la SEP. D&rsquo;autre part, la <strong>DTI <\/strong>a r\u00e9v\u00e9l\u00e9 des <strong>alt\u00e9rations microstructurales dans la substance blanche et grise<\/strong> d&rsquo;apparence normale d\u00e8s les premiers stades de la maladie, permettant d&rsquo;observer une relation entre les l\u00e9sions de la substance blanche et grise et l&rsquo;atteinte cognitive g\u00e9n\u00e9rale.<\/p>\n\n\n\n<h2 class=\"wp-block-heading\">Dysfonction cognitive et r\u00e9gulation \u00e9motionnelle chez les personnes atteintes de scl\u00e9rose en plaques<\/h2>\n\n\n\n<p>En raison de l&rsquo;\u00e9volution impr\u00e9visible de la maladie, la pr\u00e9sence d&rsquo;incertitude est fr\u00e9quente, en particulier aux premiers stades, concernant l&rsquo;\u00e9volution et la gravit\u00e9 des sympt\u00f4mes.&nbsp;&nbsp;<\/p>\n\n\n\n<p>Les psychopathologies les plus courantes sont l&rsquo;anxi\u00e9t\u00e9 et la d\u00e9pression. La<strong> pr\u00e9valence de la symptomatologie anxieuse varie entre 44,5 % et 57 %<\/strong>, tandis que les <strong>sympt\u00f4mes d\u00e9pressifs atteignent environ 50 % <\/strong>(Boeschoten et al., 2017; Butler, Matcham y Chalder, 2016).<\/p>\n\n\n\n<p>L&rsquo;\u00e9tude de la relation entre la symptomatologie anxiodepressive et la fonction cognitive a donn\u00e9 des r\u00e9sultats contradictoires, mais une relation plus coh\u00e9rente a \u00e9t\u00e9 observ\u00e9e avec la perception subjective du d\u00e9clin cognitif (Wallis, K\u00f6hler y van Heugten, 2020).<\/p>\n\n\n\n<p>Les interventions th\u00e9rapeutiques, telles que l&rsquo;approche cognitivo-comportementale, ont un effet positif sur la symptomatologie \u00e9motionnelle d\u00e9crite et sur la perception cognitive subjective.<\/p>\n\n\n\n<h3 class=\"wp-block-heading\">Pourquoi l&rsquo;intervention psychologique est-elle si importante ?<\/h3>\n\n\n\n<p>Son importance r\u00e9side dans l&rsquo;<strong>am\u00e9lioration de la qualit\u00e9 de vie,<\/strong> car le diagnostic et la vari\u00e9t\u00e9 des sympt\u00f4mes associ\u00e9s \u00e0 la maladie repr\u00e9sentent un grand d\u00e9fi pour les personnes qui en souffrent. De plus, elle est fondamentale car la pr\u00e9sence de symptomatologie d\u00e9pressive et anxieuse peut contribuer \u00e0 une mauvaise adh\u00e9rence au traitement. (Bruce et al., 2010).<\/p>\n\n\n\n<h2 class=\"wp-block-heading\">Conclusions<\/h2>\n\n\n\n<p>La scl\u00e9rose en plaques (SEP) est une maladie neurod\u00e9g\u00e9n\u00e9rative avec un large \u00e9ventail de sympt\u00f4mes, dont la cognition. La d\u00e9t\u00e9rioration cognitive est tr\u00e8s courante chez les patients atteints de SEP et son diagnostic a un impact consid\u00e9rablement significatif, car il affecte tous les domaines qui d\u00e9terminent la qualit\u00e9 de vie (personnelle, sociale, acad\u00e9mique, professionnelle&#8230;). Il est donc extr\u00eamement important non seulement de poser un diagnostic mais aussi de fournir un traitement appropri\u00e9 pour am\u00e9liorer et adapter, dans la mesure du possible, la fonctionnalit\u00e9 de la personne.<\/p>\n\n\n\n<h2 class=\"wp-block-heading\">Bibliographie<\/h2>\n\n\n\n<ul class=\"wp-block-list has-sm-font-size\">\n<li class=\"has-small-font-size\">Arruti, M., Castillo-Trivi\u00f1o, T., Egu\u00e9s, N. y Olascoaga, J. (2015). Smoking and multiple sclerosis. Revista de Neurolog\u00eda, 60(4), 169-78<\/li>\n\n\n\n<li class=\"has-small-font-size\">Benedict, R. y Bobholz, J. (2007). Multiple sclerosis. Semin Neurol 27(1), 78-85. doi:10.1055\/s-2006-956758<\/li>\n\n\n\n<li class=\"has-small-font-size\">Boeschoten, R.E., Braamse, A.M.J., Beekman, A.T.F., Cuijpers, P., van Oppen, P., Dekker,<\/li>\n\n\n\n<li class=\"has-small-font-size\">J., Uitdehaag, B.M.J. (2017). Prevalence of depression and anxiety in Multiple Sclerosis: A systematic review and metaanalysis. Journal of the Neurological Sciences, 372 \u0327 331- doi: 10.1016\/j.jns.2016.11.067.<\/li>\n\n\n\n<li class=\"has-small-font-size\">Briggs, F. B., Justin, C. Y., Davis, M. F., Jiangyang, J., Fu, S., Parrotta, E., Ontaneda, D. (2019). Multiple sclerosis risk factors contribute to onset heterogeneity. Multiple Sclerosis and Related Disorders, 28, 11-16.<\/li>\n\n\n\n<li class=\"has-small-font-size\">Brissart, H., Morele, E., Baumann, C., y Debouverie, M. (2012). Verbal episodic memory in 426 multiple sclerosis patients: impairment in encoding, retrieval or both? Neurological sciences, 33(5), 1117-1123.<\/li>\n\n\n\n<li class=\"has-small-font-size\">Bruce, J.M., Hancock, L.,M., Arnett, P., y Lynch, S. (2010). Treatment adherence in multiple sclerosis: association with emotional status, personality, and cognition. Journal of behavioral medicine, 33(3), 219-227<\/li>\n\n\n\n<li class=\"has-small-font-size\">Butler, E., Matcham, F. y Chalder, T. (2016). A systematic review of anxiety amongst people with multiple sclerosis. Multiple Sclerosis and Related Disorders, 10, 145-168.<\/li>\n\n\n\n<li class=\"has-small-font-size\">Cerezo, M., Mart\u00edn, P., y Aladro, Y. (2015). Alteration profile of executive functions in multiple sclerosis. Acta Neurologica Scandinavica, 131(5), 313-320.<\/li>\n\n\n\n<li class=\"has-small-font-size\">Chiaravalloti, N.D. y DeLuca, J. (2008). Cognitive impairment in multiple sclerosis. The Lancet Neurology, 7(12), 1139-51. doi: 10.1016\/S1474-4422(08)70259-X.<\/li>\n\n\n\n<li class=\"has-small-font-size\">Cores, E.V., Vanotti, S., Garcea, O., Osorio, M., y Politis, D.G. (2017). Prospective memory in patients with relapsing remitting multiple sclerosis. Interdisciplinaria 34(2), 295-306<\/li>\n\n\n\n<li class=\"has-small-font-size\">De Giglio, L., Silvia, T., Nikolaos, P. y Patrizia, P. (2018). The role of fMRI in the Assessment of Neuroplasticity in MS: a systematic review. Neural Plasticity. doi: 10.1155\/2018\/3419871.<\/li>\n\n\n\n<li class=\"has-small-font-size\">De Sonneville, L. M. J., Boringa, J. B., Reuling, I. E. W., Lazeron, R. H. C., Ader, H. J., y Polman, C. H. (2002). Information processing characteristics in subtypes of multiple sclerosis. Neuropsychologia, 40(11), 1751-1765.<\/li>\n\n\n\n<li class=\"has-small-font-size\">Kingwell, E., Marriott, J.J., Jett\u00e9, N., Pringsheim, T., Makhani, N., Morrow, S.A., Fisk, J.D., Evans, C., B\u00e9land, S.G., Kulaga, S., Dykeman, J., Wolfson, C., Koch, M.W. y Marrie, R.A. (2013). Incidence and prevalence of multiple sclerosis In europe: a systematic review. BMC Neurology, 13, 128<\/li>\n\n\n\n<li class=\"has-small-font-size\">Kouvatsou, Z., Masoura, E., Kiosseoglou, G., y Kimiskidis, V.K. (2019). Working memory profiles of patients with multiple sclerosis: Where does the impairment lie? Journal of clinical and experimental neuropsychology, 41(8), 832-844<\/li>\n\n\n\n<li class=\"has-small-font-size\">Labbe, T., Ciampi, E., Cruz, J.P., Zurita, M., Uribe, S. y Carcamo, C. (2018). Functional magnetic resonance imaging in the study of multiple sclerosis. Revista de Neurolog\u00eda, 67(3), 91-98.<\/li>\n\n\n\n<li class=\"has-small-font-size\">Lafosse, J.M., Mitchell, S.M., Corboy, J.R., y Filley, C.M. (2013). La naturaleza del deterioro de la memoria verbal en la esclerosis m\u00faltiple: un estudio metaanal\u00edtico y de aprendizaje de listas. Revista de la Sociedad Internacional de Neuropsicolog\u00eda, 19 (9), 995-1008.<\/li>\n\n\n\n<li class=\"has-small-font-size\">Mahad, D.H., Trapp, B.D. y Lassmann, H. (2015). Pathological mechanisms in progressive multiple sclerosis. The Lancet Neurology, 14(2), 183-93. doi:10.1016\/S1474- 4422(14)70256-X.<\/li>\n\n\n\n<li class=\"has-small-font-size\">Marasescu, R., Garc\u00eda, M. C., y Benito, Y. A. (2016). Impairment of visuospatial\/visuoconstructional skills in multiple sclerosis patients: the correlation with regional lesion load and subcortical atrophy. Neurolog\u00eda (English Edition), 31(3), 169- 175.<\/li>\n\n\n\n<li class=\"has-small-font-size\">Matias-Guiu, J. A., Cort\u00e9s-Mart\u00ednez, A., Valles-Salgado, M., Oreja-Guevara, C., Pytel, V., Montero, P., Moreno-Ramos, T., y Matias-Guiu, J. (2017). Functional components of cognitive impairment in multiple sclerosis: a cross-sectional investigation. Frontiers in neurology, 8, 643.<\/li>\n\n\n\n<li class=\"has-small-font-size\">Mcalpine, D. (1973). Occasional survey multiple sclerosis. British Medical Journal, 2, 292- 295<\/li>\n\n\n\n<li class=\"has-small-font-size\">Papathanasiou, A., Messinis, L., Georgiou, V.L. y Papathanasopoulos, P. (2014). Cognitive impairment in relapsin remitting and secondary progressive multiple sclerosis patients: efficacy of a computerized cognitive screening battery. ISRN Neurology, 2014. doi: 10.1155\/2014\/151379<\/li>\n\n\n\n<li class=\"has-small-font-size\">Peyser, J.M., Rao, S.M., La Rocca, N.G. y Kaplan, E. (1990). Guidelines for neuropsychological research in multiple sclerosis. Neurology, 47(1), 94-7.<\/li>\n\n\n\n<li class=\"has-small-font-size\">Rao, S.M., Leo, G.J., y Aubin-Faubert-P.S. (1989). On the nature of memory disturbance in multiple sclerosis. Journal of clinical and experimental neuropsychology, 11(5), 699- 712<\/li>\n\n\n\n<li class=\"has-small-font-size\">Roman, C.A. y Arnett, P.A. (2016). Structural brain \u00edndices and executive functioning in multiple sclerosis: a review. Journal of Clinical and Experimental Neuropsychology, 38(3), 261-74. doi: 10.1080\/13803395.2015.1105199<\/li>\n\n\n\n<li class=\"has-small-font-size\">Wallis, O., Bol, Y., K\u00f6hler, S., y van Heugten, C. (2020). Anxiety in multiple sclerosis is related to depressive symptoms and cognitive complaints. Acta Neurologica Scandinavica, 141(3), 212-218.<\/li>\n\n\n\n<li class=\"has-small-font-size\">Zhang, X., Zhang, F., Huang, D., Wu, L., Ma, L., Liu, H., Zhao, Y., Yu, S. y Shi, J. (2016). Contribution of Gray and White Matter Abnormalities to Cognitive Impairment in Multiple Sclerosis. International Journal of Molecular Sciences, 18(1). doi: 10.3390\/ijms18010046.<\/li>\n<\/ul>\n\n\n\n<h3 class=\"wp-block-heading\">Si vous avez aim\u00e9 ce post, ces articles de NeuronUP pourraient \u00e9galement vous int\u00e9resser:<\/h3>\n\n\n<div class=\"mai-grid entries entries-grid has-boxed has-image-full\" style=\"--entry-title-font-size:var(--font-size-lg);--align-text:start;--entry-meta-text-align:start;\"><div class=\"entries-wrap has-columns\" style=\"--columns-xs:1\/1;--columns-sm:1\/1;--columns-md:1\/3;--columns-lg:1\/3;--flex-xs:0 0 var(--flex-basis);--flex-sm:0 0 var(--flex-basis);--flex-md:0 0 var(--flex-basis);--flex-lg:0 0 var(--flex-basis);--column-gap:var(--spacing-lg);--row-gap:var(--spacing-lg);--align-columns:start;\"><article class=\"entry entry-grid is-column has-entry-link has-image has-image-first type-post category-activites-de-la-vie-quotidienne category-nouveautes-neuronup tag-activites-de-stimulation-cognitive tag-activites-de-stimulation-cognitive-pour-enfants tag-adulte tag-enfants tag-remediation-cognitive\" style=\"--entry-index:1;\" aria-label=\"Nouvelles activit\u00e9s NeuronUP : entra\u00eenez les fonctions cognitives dans des situations du quotidien\" itemscope itemtype=\"https:\/\/schema.org\/CreativeWork\"><a class=\"entry-image-link\" href=\"https:\/\/neuronup.com\/fr\/nouveautes-neuronup\/nouvelles-activites-neuronup-entrainez-les-fonctions-cognitives-dans-des-situations-du-quotidien\/\" tabindex=\"-1\" aria-hidden=\"true\"><img decoding=\"async\" width=\"400\" height=\"202\" src=\"https:\/\/neuronup.com\/fr\/wp-content\/uploads\/2026\/03\/Capture-decran-2026-03-30-111842-400x202.webp\" class=\"entry-image size-landscape-sm\" alt=\"\" \/><\/a><div class=\"entry-wrap entry-wrap-grid\"><h3 class=\"entry-title\" itemprop=\"headline\"><a class=\"entry-title-link\" href=\"https:\/\/neuronup.com\/fr\/nouveautes-neuronup\/nouvelles-activites-neuronup-entrainez-les-fonctions-cognitives-dans-des-situations-du-quotidien\/\" rel=\"bookmark\">Nouvelles activit\u00e9s NeuronUP : entra\u00eenez les fonctions cognitives dans des situations du quotidien<\/a><\/h3>\n<\/div><\/article><article class=\"entry entry-grid is-column has-entry-link has-image has-image-first type-post category-activites-dattention category-activites-de-neuro-reeducation category-activites-pour-les-fonctions-cognitives tag-adulte\" style=\"--entry-index:2;\" aria-label=\"Nouvelle activit\u00e9 Attention s\u00e9lective (Adultes)\" itemscope itemtype=\"https:\/\/schema.org\/CreativeWork\"><a class=\"entry-image-link\" href=\"https:\/\/neuronup.com\/fr\/activites-de-neuro-reeducation\/nouvelle-activite-attention-selective-adultes\/\" tabindex=\"-1\" aria-hidden=\"true\"><img decoding=\"async\" width=\"253\" height=\"230\" src=\"https:\/\/neuronup.com\/fr\/wp-content\/uploads\/2026\/03\/Capture-decran-2026-03-03-160917.webp\" class=\"entry-image size-landscape-sm\" alt=\"\" \/><\/a><div class=\"entry-wrap entry-wrap-grid\"><h3 class=\"entry-title\" itemprop=\"headline\"><a class=\"entry-title-link\" href=\"https:\/\/neuronup.com\/fr\/activites-de-neuro-reeducation\/nouvelle-activite-attention-selective-adultes\/\" rel=\"bookmark\">Nouvelle activit\u00e9 Attention s\u00e9lective (Adultes)<\/a><\/h3>\n<\/div><\/article><article class=\"entry entry-grid is-column has-entry-link has-image has-image-first type-post category-activites-de-cognition-sociale tag-activites-de-stimulation-cognitive tag-cognition-sociale tag-fonctions-executives\" style=\"--entry-index:3;\" aria-label=\"La cognition sociale ou comment comprendre les personnes : exercices de cognition sociale\" itemscope itemtype=\"https:\/\/schema.org\/CreativeWork\"><a class=\"entry-image-link\" href=\"https:\/\/neuronup.com\/fr\/activites-de-neuro-reeducation\/activites-pour-les-fonctions-cognitives\/activites-de-cognition-sociale\/la-cognition-sociale-ou-comment-comprendre-les-personnes-exercices-de-cognition-sociale\/\" tabindex=\"-1\" aria-hidden=\"true\"><img decoding=\"async\" width=\"396\" height=\"300\" src=\"https:\/\/neuronup.com\/fr\/wp-content\/uploads\/2022\/06\/Reaccion-emocional-ante-situaciones.webp\" class=\"entry-image size-landscape-sm\" alt=\"R\u00e9action \u00e9motionnelle face aux situations : Exercice de cognition sociale\" srcset=\"https:\/\/neuronup.com\/fr\/wp-content\/uploads\/2022\/06\/Reaccion-emocional-ante-situaciones-300x227.webp 300w, https:\/\/neuronup.com\/fr\/wp-content\/uploads\/2022\/06\/Reaccion-emocional-ante-situaciones-768x582.webp 768w, https:\/\/neuronup.com\/fr\/wp-content\/uploads\/2022\/06\/Reaccion-emocional-ante-situaciones-1024x776.webp 1024w, https:\/\/neuronup.com\/fr\/wp-content\/uploads\/2022\/06\/Reaccion-emocional-ante-situaciones.webp 1148w\" sizes=\"(max-width:599px) 599px, (min-width:600px) and (max-width: 799px) 799px, (min-width:800px) and (max-width: 999px) 333px, (min-width:1000px) 400px\" \/><\/a><div class=\"entry-wrap entry-wrap-grid\"><h3 class=\"entry-title\" itemprop=\"headline\"><a class=\"entry-title-link\" href=\"https:\/\/neuronup.com\/fr\/activites-de-neuro-reeducation\/activites-pour-les-fonctions-cognitives\/activites-de-cognition-sociale\/la-cognition-sociale-ou-comment-comprendre-les-personnes-exercices-de-cognition-sociale\/\" rel=\"bookmark\">La cognition sociale ou comment comprendre les personnes : exercices de cognition sociale<\/a><\/h3>\n<\/div><\/article><article class=\"entry entry-grid is-column has-entry-link has-image has-image-first type-post category-activites-pour-les-enfants-ayant-des-besoins-particuliers tag-activites-de-stimulation-cognitive tag-activites-de-stimulation-cognitive-pour-enfants tag-enfants\" style=\"--entry-index:4;\" aria-label=\"7+1 activit\u00e9s pour enfants avec des besoins \u00e9ducatifs sp\u00e9ciaux\" itemscope itemtype=\"https:\/\/schema.org\/CreativeWork\"><a class=\"entry-image-link\" href=\"https:\/\/neuronup.com\/fr\/activites-de-neuro-reeducation\/activites-pour-les-enfants-ayant-des-besoins-particuliers\/71-activites-pour-enfants-a-besoins-educatifs-speciaux\/\" tabindex=\"-1\" aria-hidden=\"true\"><img decoding=\"async\" width=\"400\" height=\"298\" src=\"https:\/\/neuronup.com\/fr\/wp-content\/uploads\/2022\/07\/Prepara-la-mochila.webp\" class=\"entry-image size-landscape-sm\" alt=\"Activit\u00e9 Pr\u00e9pare le sac \u00e0 dos pour les enfants ayant des besoins \u00e9ducatifs particuliers\" srcset=\"https:\/\/neuronup.com\/fr\/wp-content\/uploads\/2022\/07\/Prepara-la-mochila-300x224.webp 300w, https:\/\/neuronup.com\/fr\/wp-content\/uploads\/2022\/07\/Prepara-la-mochila-768x572.webp 768w, https:\/\/neuronup.com\/fr\/wp-content\/uploads\/2022\/07\/Prepara-la-mochila-1024x763.webp 1024w, https:\/\/neuronup.com\/fr\/wp-content\/uploads\/2022\/07\/Prepara-la-mochila.webp 1255w\" sizes=\"(max-width:599px) 599px, (min-width:600px) and (max-width: 799px) 799px, (min-width:800px) and (max-width: 999px) 333px, (min-width:1000px) 400px\" \/><\/a><div class=\"entry-wrap entry-wrap-grid\"><h3 class=\"entry-title\" itemprop=\"headline\"><a class=\"entry-title-link\" href=\"https:\/\/neuronup.com\/fr\/activites-de-neuro-reeducation\/activites-pour-les-enfants-ayant-des-besoins-particuliers\/71-activites-pour-enfants-a-besoins-educatifs-speciaux\/\" rel=\"bookmark\">7+1 activit\u00e9s pour enfants avec des besoins \u00e9ducatifs sp\u00e9ciaux<\/a><\/h3>\n<\/div><\/article><article class=\"entry entry-grid is-column has-entry-link has-image has-image-first type-post category-activites-de-cognition-sociale tag-activites-de-stimulation-cognitive tag-activites-de-stimulation-cognitive-pour-enfants tag-cognition-sociale\" style=\"--entry-index:5;\" aria-label=\"Exercices de cognition sociale pour enfants\" itemscope itemtype=\"https:\/\/schema.org\/CreativeWork\"><a class=\"entry-image-link\" href=\"https:\/\/neuronup.com\/fr\/activites-de-neuro-reeducation\/activites-pour-les-fonctions-cognitives\/activites-de-cognition-sociale\/exercices-de-cognition-sociale-pour-enfants\/\" tabindex=\"-1\" aria-hidden=\"true\"><img decoding=\"async\" width=\"400\" height=\"273\" src=\"https:\/\/neuronup.com\/fr\/wp-content\/uploads\/2022\/08\/Que-esperan-encontrar-4-1.webp\" class=\"entry-image size-landscape-sm\" alt=\"Exercices de cognition sociale pour enfants\" srcset=\"https:\/\/neuronup.com\/fr\/wp-content\/uploads\/2022\/08\/Que-esperan-encontrar-4-1-300x205.webp 300w, https:\/\/neuronup.com\/fr\/wp-content\/uploads\/2022\/08\/Que-esperan-encontrar-4-1-768x524.webp 768w, https:\/\/neuronup.com\/fr\/wp-content\/uploads\/2022\/08\/Que-esperan-encontrar-4-1-1024x699.webp 1024w, https:\/\/neuronup.com\/fr\/wp-content\/uploads\/2022\/08\/Que-esperan-encontrar-4-1.webp 1205w\" sizes=\"(max-width:599px) 599px, (min-width:600px) and (max-width: 799px) 799px, (min-width:800px) and (max-width: 999px) 333px, (min-width:1000px) 400px\" \/><\/a><div class=\"entry-wrap entry-wrap-grid\"><h3 class=\"entry-title\" itemprop=\"headline\"><a class=\"entry-title-link\" href=\"https:\/\/neuronup.com\/fr\/activites-de-neuro-reeducation\/activites-pour-les-fonctions-cognitives\/activites-de-cognition-sociale\/exercices-de-cognition-sociale-pour-enfants\/\" rel=\"bookmark\">Exercices de cognition sociale pour enfants<\/a><\/h3>\n<\/div><\/article><article class=\"entry entry-grid is-column has-entry-link has-image has-image-first type-post category-activites-de-cognition-sociale tag-activites-de-stimulation-cognitive tag-activites-de-stimulation-cognitive-pour-enfants tag-actualites-de-neuronup tag-cognition-sociale tag-enfants tag-intelligence-emotionnelle\" style=\"--entry-index:6;\" aria-label=\"Activit\u00e9 pour identifier les \u00e9motions : Devinez le visage ?\" itemscope itemtype=\"https:\/\/schema.org\/CreativeWork\"><a class=\"entry-image-link\" href=\"https:\/\/neuronup.com\/fr\/activites-de-neuro-reeducation\/activites-pour-les-fonctions-cognitives\/activites-de-cognition-sociale\/activite-pour-identifier-les-emotions\/\" tabindex=\"-1\" aria-hidden=\"true\"><img decoding=\"async\" width=\"400\" height=\"283\" src=\"https:\/\/neuronup.com\/fr\/wp-content\/uploads\/2022\/09\/Actividad-para-identificar-emociones-de-NeuronUP-Adivinas-la-cara-1-1-1.webp\" class=\"entry-image size-landscape-sm\" alt=\"Activit\u00e9 pour identifier les \u00e9motions de NeuronUP Tu devines le visage\" srcset=\"https:\/\/neuronup.com\/fr\/wp-content\/uploads\/2022\/09\/Actividad-para-identificar-emociones-de-NeuronUP-Adivinas-la-cara-1-1-1-300x212.webp 300w, https:\/\/neuronup.com\/fr\/wp-content\/uploads\/2022\/09\/Actividad-para-identificar-emociones-de-NeuronUP-Adivinas-la-cara-1-1-1-768x543.webp 768w, https:\/\/neuronup.com\/fr\/wp-content\/uploads\/2022\/09\/Actividad-para-identificar-emociones-de-NeuronUP-Adivinas-la-cara-1-1-1-1024x724.webp 1024w, https:\/\/neuronup.com\/fr\/wp-content\/uploads\/2022\/09\/Actividad-para-identificar-emociones-de-NeuronUP-Adivinas-la-cara-1-1-1.webp 1200w\" sizes=\"(max-width:599px) 599px, (min-width:600px) and (max-width: 799px) 799px, (min-width:800px) and (max-width: 999px) 333px, (min-width:1000px) 400px\" \/><\/a><div class=\"entry-wrap entry-wrap-grid\"><h3 class=\"entry-title\" itemprop=\"headline\"><a class=\"entry-title-link\" href=\"https:\/\/neuronup.com\/fr\/activites-de-neuro-reeducation\/activites-pour-les-fonctions-cognitives\/activites-de-cognition-sociale\/activite-pour-identifier-les-emotions\/\" rel=\"bookmark\">Activit\u00e9 pour identifier les \u00e9motions : Devinez le visage ?<\/a><\/h3>\n<\/div><\/article><\/div><\/div>","protected":false},"excerpt":{"rendered":"<p>Conchi Moreno Rodr\u00edguez, psychologue clinicienne et neuropsychologue, parle dans cet article de la dysfonction cognitive et de la r\u00e9gulation \u00e9motionnelle chez les personnes atteintes de scl\u00e9rose en plaques. La scl\u00e9rose en plaques (SEP) est une maladie neurod\u00e9g\u00e9n\u00e9rative qui touche principalement les adultes jeunes. Sa symptomatologie est tr\u00e8s diversifi\u00e9e : sympt\u00f4mes sensitifs, moteurs, visuels, v\u00e9sicaux, cognitifs, &hellip;<\/p>\n","protected":false},"author":270,"featured_media":33937,"comment_status":"open","ping_status":"closed","sticky":false,"template":"","format":"standard","meta":{"_acf_changed":false,"_genesis_hide_title":false,"_genesis_hide_breadcrumbs":false,"_genesis_hide_singular_image":false,"_genesis_hide_footer_widgets":false,"_genesis_custom_body_class":"","_genesis_custom_post_class":"","_genesis_layout":"","footnotes":""},"categories":[581],"tags":[645,642],"class_list":{"2":"type-post","7":"category-sclerose-en-plaques","8":"tag-sclerose-en-plaques","9":"tag-stimulation-cognitive","10":"entry"},"acf":[],"_links":{"self":[{"href":"https:\/\/neuronup.com\/fr\/wp-json\/wp\/v2\/posts\/10041","targetHints":{"allow":["GET"]}}],"collection":[{"href":"https:\/\/neuronup.com\/fr\/wp-json\/wp\/v2\/posts"}],"about":[{"href":"https:\/\/neuronup.com\/fr\/wp-json\/wp\/v2\/types\/post"}],"author":[{"embeddable":true,"href":"https:\/\/neuronup.com\/fr\/wp-json\/wp\/v2\/users\/270"}],"replies":[{"embeddable":true,"href":"https:\/\/neuronup.com\/fr\/wp-json\/wp\/v2\/comments?post=10041"}],"version-history":[{"count":0,"href":"https:\/\/neuronup.com\/fr\/wp-json\/wp\/v2\/posts\/10041\/revisions"}],"wp:featuredmedia":[{"embeddable":true,"href":"https:\/\/neuronup.com\/fr\/wp-json\/wp\/v2\/media\/33937"}],"wp:attachment":[{"href":"https:\/\/neuronup.com\/fr\/wp-json\/wp\/v2\/media?parent=10041"}],"wp:term":[{"taxonomy":"category","embeddable":true,"href":"https:\/\/neuronup.com\/fr\/wp-json\/wp\/v2\/categories?post=10041"},{"taxonomy":"post_tag","embeddable":true,"href":"https:\/\/neuronup.com\/fr\/wp-json\/wp\/v2\/tags?post=10041"}],"curies":[{"name":"wp","href":"https:\/\/api.w.org\/{rel}","templated":true}]}}