{"id":7043,"date":"2025-07-18T10:02:18","date_gmt":"2025-07-18T10:02:18","guid":{"rendered":"https:\/\/neuronup.com\/?p=7043"},"modified":"2025-07-18T10:02:18","modified_gmt":"2025-07-18T10:02:18","slug":"12-wege-einer-person-mit-tourette-syndrom-zu-helfen","status":"publish","type":"post","link":"https:\/\/neuronup.com\/de\/kognitive-stimulation-und-rehabilitation\/neurologische-entwicklungsstorungen\/12-wege-einer-person-mit-tourette-syndrom-zu-helfen\/","title":{"rendered":"12 M\u00f6glichkeiten, einer Person mit Tourette-Syndrom zu helfen"},"content":{"rendered":"\n<p>Das Tourette-Syndrom kann f\u00fcr Menschen, die es nicht kennen oder nicht verstehen, sehr seltsam wirken. Anl\u00e4sslich des <strong>Tags zur Sensibilisierung f\u00fcr das Tourette-Syndrom<\/strong>, der am 7. Juni begangen wird, haben wir ein paar Tipps zusammengestellt, wie man mit Betroffenen umgehen kann.<\/p>\n\n\n\n<p>Diese Tipps wurden durch die Erfahrungsberichte der Betroffenen selbst best\u00e4tigt; Mitglieder der Madrider Vereinigung f\u00fcr Tourette-Syndrom und verwandte St\u00f6rungen (AMPASTTA). Vielen Dank an alle, an dieser Stelle!<\/p>\n\n\n\n<h2 class=\"wp-block-heading\" id=\"que-es-el-sindrome-de-tourette\"><strong>Was ist das Tourette-Syndrom?<\/strong><\/h2>\n\n\n\n<p>Das Tourette-Syndrom ist die wichtigste bekannte <strong>ticsbezogene St\u00f6rung<\/strong>. Die Tics k\u00f6nnen <strong>Bewegungen<\/strong> (motorische Tics) oder <strong>W\u00f6rter oder Laute<\/strong> (vokale Tics) sein. Sie sind immer<strong> unwillk\u00fcrlich und pl\u00f6tzlich<\/strong> und richten sich nicht auf ein bestimmtes Ziel, im Gegensatz zu freiwilligen Bewegungen oder zur absichtlichen \u00c4u\u00dferung von W\u00f6rtern oder Lauten, die einen Zweck verfolgen.<\/p>\n\n\n\n<p>Obwohl gesch\u00e4tzt wird, dass <strong>90%<\/strong> der Menschen mit Tourette-Syndrom neben den Tics <strong>weitere Symptome und\/oder Begleiterkrankungen<\/strong> aufweisen (wie Aufmerksamkeitsdefizit-\/Hyperaktivit\u00e4tsst\u00f6rung\u2013<strong>ADHS<\/strong>\u2013, Zwangsst\u00f6rung\u2013<strong>OCD<\/strong>\u2013 und\/oder Autismus-Spektrum-St\u00f6rung \u2013<strong>ASS<\/strong>\u2013) und nur <strong>10%<\/strong> der Betroffenen ausschlie\u00dflich <strong>Tics<\/strong> als Symptom haben, werden wir uns in diesem Artikel auf die Tics konzentrieren, da sie das Hauptsymptom f\u00fcr die Diagnose und zugleich das sichtbarste Symptom sind.<\/p>\n\n\n\n<h2 class=\"wp-block-heading\" id=\"12-consejos-para-ayudar-a-una-persona-afectada-de-tourette\"><strong>12 Tipps, um einer Person mit Tourette zu helfen<\/strong><\/h2>\n\n\n\n<p>Das Tourette-Syndrom kann f\u00fcr Betroffene selbst und f\u00fcr ihr Umfeld ein schwieriges Thema sein; doch wie bei jeder anderen St\u00f6rung ist es ratsam, sie nicht zu ignorieren, sondern <strong>sich damit vertraut zu machen und offen damit umzugehen.<\/strong><\/p>\n\n\n\n<p>Wenn du jemals einer Person mit diesem Syndrom begegnest, besonders wenn du einen Freund mit Tourette (oder ein Familienmitglied, einen Kollegen oder auch nur einen Bekannten) hast, ist es wichtig zu wissen, was ihnen ein gutes Gef\u00fchl gibt und was nicht. Deshalb pr\u00e4sentieren wir dir <strong>12 M\u00f6glichkeiten, eine Person mit Tourette-Syndrom zu unterst\u00fctzen.<\/strong><\/p>\n\n\n\n<h3 class=\"wp-block-heading\" id=\"1-no-te-quedes-mirandole-cuando-tenga-un-tic\"><strong>1. Schau nicht zu, wenn er einen Tic hat<\/strong><\/h3>\n\n\n\n<p>Es mag offensichtlich erscheinen, aber manche Tics k\u00f6nnen aufgrund ihrer Auspr\u00e4gung sehr auff\u00e4llig sein (Schreien, Springen, Ger\u00e4usche mit dem Mund machen, Gliedma\u00dfen bewegen usw.). So auff\u00e4llig oder heftig sie auch sein m\u00f6gen, behandle es ganz <strong>normal<\/strong> und tue so, als w\u00fcrdest du es nicht bemerken. Auch wenn du neugierig bist, ist es sehr unh\u00f6flich, zu starren.<\/p>\n\n\n\n<h3 class=\"wp-block-heading\" id=\"2-mientras-conversas-con-el-intenta-fingir-que-los-tics-derivados-del-tourette-no-estan-alli\"><strong>2. Wenn du dich mit ihm unterh\u00e4ltst, tu so, als w\u00e4ren die Tics nicht da<\/strong><\/h3>\n\n\n\n<p>Ignoriere die Tics, tu so, als st\u00f6rten sie dich nicht, oder reagiere einfach<strong> nicht darauf<\/strong>. Wenn er merkt, dass andere seine Tics bemerken, f\u00fchlt er sich gestresster, was zu einer Zunahme seiner Tics f\u00fchrt, was ihn \u00e4rgert, da er sie nicht kontrollieren kann, und ihn noch weiter stresst \u2013 ein Teufelskreis.<\/p>\n\n\n\n<p>Tics k\u00f6nnen stets eine Ablenkung sein, aber er m\u00f6chte, wie jeder andere, normale Gespr\u00e4che f\u00fchren. Wenn diese unterbrochen werden oder enden, sobald die Tics beginnen, kann ihn das ver\u00e4rgern, auch wenn er versucht, es zu verbergen; besonders, wenn es h\u00e4ufig passiert.<\/p>\n\n\n\n<p>Es hilft immer, sich in die Lage des anderen hineinzuversetzen, und in diesem Fall kann es n\u00fctzlich sein, daran zu denken, wie schwierig es f\u00fcr dich w\u00e4re, wenn der eigene K\u00f6rper dich in all oder fast allen Unterhaltungen unterbrechen w\u00fcrde.<\/p>\n\n\n\n<h3 class=\"wp-block-heading\" id=\"3-se-paciente\"><strong>3. Sei geduldig<\/strong><\/h3>\n\n\n\n<p>Wenn die Person irgendeinen Tic hat, der ihre Rede unterbricht, <strong>sei geduldig und lass sie ausreden<\/strong>. Es kann uns allen missfallen, nicht einen Satz beenden zu d\u00fcrfen, aber besonders, wenn wir manchmal Schwierigkeiten damit haben.<\/p>\n\n\n\n<h3 class=\"wp-block-heading\" id=\"4-preguntale-sobre-sus-tics-pero-trata-el-tema-de-acuerdo-a-su-propia-aceptacion-de-ellos\"><strong>4. Frag ihn nach seinen Tics, aber gehe das Thema entsprechend seiner eigenen Akzeptanz an<\/strong><\/h3>\n\n\n\n<p>Wir sind alle unterschiedlich, und manche f\u00fchlen sich wohl dabei, \u00fcber ihre Schwierigkeiten zu sprechen, andere nicht. Es ist ratsam, sie erst einmal zuzuh\u00f6ren und zu beobachten, um herauszufinden, wie wohl sie sich dabei f\u00fchlen und ob sie es bereits ganz nat\u00fcrlich handhaben oder nicht.<\/p>\n\n\n\n<p>Danach kannst du sie fragen, ob sie sich wohl f\u00fchlen, dar\u00fcber zu sprechen, und wenn ja, kannst du weitere Fragen stellen. Das l\u00e4sst sie sich bei dir wohlf\u00fchlen. Aber achte darauf, intelligente Fragen zu stellen und nicht etwas wie \u201eKannst du nicht aufh\u00f6ren?\u201c, denn sie kann es nicht \u2013 sie hat einfach keine vollst\u00e4ndige Kontrolle \u00fcber ihren K\u00f6rper.<\/p>\n\n\n\n<p>Beachte auch, <strong>wann und in welchem Umfang es angemessen ist, dar\u00fcber zu sprechen<\/strong>. Es ist in Ordnung, Fragen zu stellen, aber nicht so, dass es das einzige oder ein zu h\u00e4ufiges Thema wird. Wenn sie das Gef\u00fchl haben, dir vertrauen zu k\u00f6nnen und offen mit dir zu sprechen, werden sie entspannter sein, was sogar dazu f\u00fchren kann, dass sie weniger Tics als gew\u00f6hnlich haben.<\/p>\n\n\n\n<h3 class=\"wp-block-heading\" id=\"5-no-trates-de-cambiar-a-una-persona-con-tourette\"><strong>5. Versuch nicht, eine Person mit Tourette zu \u00e4ndern<\/strong><\/h3>\n\n\n\n<p>Was uns allen Geborgenheit gibt, ist die <strong>Annahme<\/strong>; besonders, wenn es etwas in uns gibt, das schwer oder vielleicht unm\u00f6glich zu \u00e4ndern ist \u2013 wir wollen geliebt werden, wie wir sind.<\/p>\n\n\n\n<p>F\u00fcr jemanden mit Tourette ist es nicht anders, ganz im Gegenteil \u2013 es ist in seinem Fall besonders wichtig, weil er keine Kontrolle \u00fcber seine Tics hat und sich deswegen oft schlecht f\u00fchlt. Im Allgemeinen machen sie h\u00e4ufig unangenehme Erfahrungen, da nicht jeder das Tourette-Syndrom kennt und viele ihr vokales oder motorisches Tic als unh\u00f6fliches oder absichtliches Fehlverhalten interpretieren oder sogar als Versuch, absichtlich jemanden zu bel\u00e4stigen.<\/p>\n\n\n\n<p>Die beste Art, sich um jemanden mit Tourette zu k\u00fcmmern, ist, <strong>ihn so zu lieben, wie er ist<\/strong>. Wenn du versuchst zu helfen, etwa indem du fragst, ob er ein bestimmtes Heilmittel ausprobiert hat oder indem du ihm eine Behandlung vorschl\u00e4gst, von der du gelesen hast, k\u00f6nnte er das so auffassen, dass du ihm best\u00e4tigst, was er sowieso schon \u00fcber sich denkt: Dass etwas in ihm inakzeptabel sei und du es am liebsten \u00e4ndern w\u00fcrdest.<\/p>\n\n\n\n<p>Es ist etwas anderes, wenn er dich um Hilfe bittet, aber es ist besser, Hilfe nicht anzubieten, bis er darum bittet, da es sonst sein k\u00f6nnte, dass er sich ungeliebt f\u00fchlt und beleidigt ist. Wir alle w\u00fcnschen uns am Ende, von Freunden und Familie so akzeptiert zu werden, wie wir sind.<\/p>\n\n\n\n<h3 class=\"wp-block-heading\" id=\"6-no-le-senales-sus-nuevos-tics\"><strong>6. Weishe nicht auf seine neuen Tics hin<\/strong><\/h3>\n\n\n\n<p>Manche Menschen sch\u00e4tzen es, wenn ihre Angeh\u00f6rigen sie fragen, ob ein Tic neu ist oder ob sie es schon l\u00e4nger haben, aber wie immer sind wir alle verschieden, und manche k\u00f6nnten sich davon gest\u00f6rt f\u00fchlen, besonders wenn sie nicht genug Vertrauen zu der Person haben, die es anspricht.<\/p>\n\n\n\n<p>Wahrscheinlich war er selbst der Erste, der den neuen Tic bemerkt hat, und ist alles andere als erfreut \u00fcber dessen Auftreten. Einen neuen Tic zu betonen kann dasselbe sein wie zu sagen: \u201eHey, schau mal, du machst jetzt etwas Neues und Merkw\u00fcrdiges!\u201c. Anstatt sich daf\u00fcr zu bedanken, k\u00f6nnte er sich \u00e4rgern. Wieder geht es darum, jegliches Symptom mit <strong>Normalit\u00e4t<\/strong> zu behandeln, um ihm ein Wohlgef\u00fchl zu geben.<\/p>\n\n\n\n<h3 class=\"wp-block-heading\" id=\"7-advierte-sus-aumentos-de-tics-y-ofrecele-ayuda-sutil\"><strong>7. Beachte eine Zunahme der Tics und biete dezente Hilfe an<\/strong><\/h3>\n\n\n\n<p>Wenn du bemerkst, dass er eine Art <strong>Tic-Anfall<\/strong> hat, kann das darauf hinweisen, dass er aus irgendeinem Grund nerv\u00f6ser oder \u00e4ngstlicher ist als sonst.<\/p>\n\n\n\n<p>Das kann daran liegen, dass er sich in einer Zeit zus\u00e4tzlicher Belastung befindet (zum Beispiel Pr\u00fcfungen oder eine arbeitsreiche Woche), oder weil ihr euch an einem neuen Ort, in der \u00d6ffentlichkeit oder in Situationen befindet, in denen er sich beobachtet und verurteilt f\u00fchlt, oder einfach \u00fcberreizt ist.<\/p>\n\n\n\n<p>In diesem Kontext kannst du ihm dezent einen <strong>Ausweg aus der stressigen Situation<\/strong> anbieten; hier ist subtile Hilfe wichtig, da sonst deine Hilfe kontraproduktiv sein und ihn noch weiter aufregen und zu mehr Tics f\u00fchren k\u00f6nnte.<\/p>\n\n\n\n<h4 class=\"wp-block-heading\" id=\"formas-de-ayudar-a-una-persona-con-tourette-cuando-aumentan-sus-tics\">M\u00f6glichkeiten, einer Person mit Tourette zu helfen, wenn ihre Tics zunehmen<\/h4>\n\n\n\n<p>Versuche, <strong>mit ihm zu sprechen<\/strong>, aber nicht so, dass offensichtlich wird, dass es daran liegt, dass du eine Zunahme seiner Tics bemerkt hast. Du kannst ihn wie jede andere Person, die du besorgt wirkend wahrnimmst, fragen, ohne direkt auf Tourette hinzuweisen: \u201eHey, du wirkst ein wenig gestresst. Machst du dir Sorgen?\u201c<\/p>\n\n\n\n<p>Schlage vor, gemeinsam den Ort zu <strong>verlassen<\/strong> (zum Beispiel aus einem Restaurant oder einer Feier), indem du sagst: \u201eIch w\u00fcrde gerne frische Luft schnappen, kommst du mit?\u201c oder frage, ob er dich begleitet, um eine Besorgung zu machen, etwa mehr Getr\u00e4nke zu kaufen. Die meisten Menschen mit Tourette berichten, dass <strong>frische Luft oder ein Wechsel der Umgebung hilft, das Gehirn zu \u00bbresetten\u00ab<\/strong>.<\/p>\n\n\n\n<p>Eine leichte <strong>Aufmerksamkeitsverlagerung<\/strong> (zum Beispiel fragen, wie sp\u00e4t es ist, ihn bitten, dir etwas zu reichen oder aus irgendeinem Grund den Platz zu wechseln) ist besonders n\u00fctzlich in Situationen, in denen ein Ortswechsel nicht m\u00f6glich ist (zum Beispiel im Aufzug oder in der U-Bahn). Wahrscheinlich wird er merken, warum du es tust, und auch wenn er es dir nicht sagt, wird er deine R\u00fccksichtnahme zu sch\u00e4tzen wissen.<\/p>\n\n\n\n<h3 class=\"wp-block-heading\" id=\"8-el-contacto-fisico-puede-ser-reconfortante-para-una-persona-con-tourette\"><strong>8. K\u00f6rperkontakt kann f\u00fcr eine Person mit Tourette tr\u00f6stlich sein<\/strong><\/h3>\n\n\n\n<p>Eine Umarmung spendet Trost und beruhigt, indem sie das sympathische Nervensystem <strong>deaktiviert und die Angst reduziert<\/strong>. Es ist nicht n\u00f6tig, ihn zu umarmen, wenn die Situation nicht passend ist, da es als unangebracht oder sogar als gewaltsam empfunden werden kann, doch auch leichter K\u00f6rperkontakt kann Stress abbauen.<\/p>\n\n\n\n<p>Unter Ber\u00fccksichtigung der Situation und seiner pers\u00f6nlichen Vorlieben k\u00f6nntest du ihm Unterst\u00fctzung signalisieren, indem du sanft seinen Unterarm dr\u00fcckst oder ihm leicht auf die Schulter klopfst.<\/p>\n\n\n\n<p><strong>Eine k\u00f6rperliche Geste des Trostes ist ausgezeichnet<\/strong>, nicht nur, weil sie <strong>das Unwohlsein reduzieren<\/strong> kann, sondern auch, weil sie zeigt, dass du f\u00fcr ihn da bist, ohne die Aufmerksamkeit der anderen Anwesenden auf euch zu ziehen. Es signalisiert, dass du ihn unterst\u00fctzt und wei\u00dft, dass er eine schwierige Zeit durchmacht.<\/p>\n\n\n\n<h3 class=\"wp-block-heading\" id=\"9-no-bromees-sobre-el-tourette\"><strong>9. Mach keine Witze \u00fcber Tourette<\/strong><\/h3>\n\n\n\n<p>Dies ist ein <strong>empfindliches Thema<\/strong>. Auch wenn Humor oft hilft, ein kompliziertes Thema zu entsch\u00e4rfen, h\u00e4ngt es vollst\u00e4ndig von der betroffenen Person ab, ob es angemessen ist, Witze \u00fcber Tourette zu machen.<\/p>\n\n\n\n<p>Im Allgemeinen funktioniert das besser bei Erwachsenen als bei Kindern, da diese empfindlicher sind und sich verletzt f\u00fchlen k\u00f6nnen, selbst wenn ihre Mutter scheinbar harmlose Witze macht, die gut gemeint sind. Dennoch <strong>h\u00e4ngt alles von der jeweiligen Person ab.<\/strong><\/p>\n\n\n\n<p>Es <strong>kann auch vom Moment abh\u00e4ngen<\/strong>, wie bei uns allen. Es gibt Tage, an denen sie nicht m\u00f6chten, dass \u00fcber ihre Symptome gescherzt wird, und andere, an denen sie selbst gerne Witze dar\u00fcber machen (ebenso wie es gesund sein kann, sich gelegentlich selbst auf die Schippe zu nehmen) und m\u00f6chten, dass du mitscherzt. Wie zu erwarten ist, ist es wahrscheinlicher, dass ein Witz negative Auswirkungen hat, je weniger Vertrauen zwischen der Witz machenden und der betroffenen Person besteht.<\/p>\n\n\n\n<h3 class=\"wp-block-heading\" id=\"10-no-le-digas-que-esta-siendo-grosero-ni-que-esta-montando-un-espectaculo\"><strong>10. Sag ihm nicht, er sei unh\u00f6flich oder mache eine Show<\/strong><\/h3>\n\n\n\n<p>Besonders wenn die Person mit Tourette ein Kind ist, wird es sie ohne Zweifel treffen. Erwachsene reagieren oft ver\u00e4rgert oder ver\u00e4rgert, auch wenn sie es nicht zeigen. Kinder hingegen k\u00f6nnen, weil sie verletzlicher sind, sogar denken, sie seien \u201eb\u00f6se\u201c.<\/p>\n\n\n\n<p>Viele Kinder mit Tourette (wenn nicht die meisten) machen in der Schule sehr unangenehme Erfahrungen, nicht nur mit anderen Kindern, sondern besonders mit Lehrkr\u00e4ften, die die St\u00f6rung v\u00f6llig unbekannt ist und das Verhalten der Kinder mit Tourette als schlechtes Benehmen oder problematische Pers\u00f6nlichkeit interpretieren, weil sie ihre Tics und andere Symptome als absichtliches Verhalten deuten.<\/p>\n\n\n\n<p><strong>Sag niemals einem Kind mit Tourette, es mache Probleme beim Spielen, sei ungehorsam, frech, r\u00fccksichtslos oder stelle eine Show dar<\/strong> \u2013 und glaube ihm, wenn es dir sagt, dass es das nicht absichtlich tut.<\/p>\n\n\n\n<h3 class=\"wp-block-heading\" id=\"11-defi\u00e9ndele\"><strong>11. Steh ihm bei<\/strong><\/h3>\n\n\n\n<p>Es wird Leute geben, die ihn einsch\u00fcchtern, sich \u00fcber ihn lustig machen oder ihn beleidigen, oder sogar Leute, die ihn aus einem Lokal verweisen oder rauswerfen wollen, weil sie ihn f\u00fcr laut oder st\u00f6rend halten. <strong>Setz dich f\u00fcr ihn ein und lass ihn sp\u00fcren, dass er dir wichtig ist.<\/strong> Jede dieser Situationen w\u00fcrde jedem von uns schrecklich zusetzen \u2013 steh ihm bei gegen\u00fcber denen, die es nicht vermeiden k\u00f6nnen.<\/p>\n\n\n\n<p>Auch wenn du den Konflikt in diesem Moment nicht gewinnst, hast du ihm gezeigt, dass du f\u00fcr ihn da bist, wenn n\u00f6tig.<\/p>\n\n\n\n<h3 class=\"wp-block-heading\" id=\"12-y-ten-presente\"><strong>12. Und bedenke\u2026<\/strong><\/h3>\n\n\n\n<p>Dass er sich <strong>jeden Tag mehreren K\u00e4mpfen stellt<\/strong>: mit seinen <strong>Tics<\/strong> (die ihn ablenken und in seinen Aktivit\u00e4ten unterbrechen), mit der <strong>Akzeptanz durch die Gesellschaft<\/strong> (er w\u00fcnscht sich, auf der Stra\u00dfe zu gehen, ohne seltsame Blicke oder unangenehme und sogar grausame Kommentare zu erhalten), mit der <strong>Akzeptanz durch Familie und Freunde<\/strong> (es ist eine gro\u00dfe Wahrheit, dass man, wenn man zu Hause gen\u00fcgend Unterst\u00fctzung hat, sich bereit f\u00fchlt, der Welt gegen\u00fcberzutreten) und mit der <strong>Selbstakzeptanz<\/strong> (wobei das Wichtigste die Unterst\u00fctzung, der Respekt und die Zuneigung von Familie und Freunden ist, denn ohne dies wird er es schwer finden, zu glauben, dass er eine Person ist, die Liebe von seinen Angeh\u00f6rigen verdient).<\/p>\n\n\n\n<h2 class=\"wp-block-heading\" id=\"testimonios-de-miembros-de-la-asociacion-madrilena-de-sindrome-de-tourette-y-trastornos-asociados-ampastta\"><strong>Erfahrungsberichte von Mitgliedern der Madrider Vereinigung f\u00fcr Tourette-Syndrom und verwandte St\u00f6rungen (AMPASTTA)<\/strong><\/h2>\n\n\n\n<p>Im Folgenden pr\u00e4sentieren wir euch eine Reihe von <strong>Ausschnitten aus Erfahrungsberichten von AMPASTTA-Mitgliedern<\/strong>. In ihren eigenen Worten\u2026.<\/p>\n\n\n\n<h3 class=\"wp-block-heading\" id=\"juan-jose-gomez-43-anos\"><strong>Juan Jos\u00e9 G\u00f3mez (43 Jahre):<\/strong><\/h3>\n\n\n\n<p><em>\u201eMeine Freunde respektieren mich und helfen mir sehr. Sie gehen ganz normal mit den Situationen um.\u201c<\/em><\/p>\n\n\n\n<p><em>Die Familie ist immer da und k\u00fcmmert sich, ist aufmerksam&#8230; Aber die betroffene Person mit Tourette kann merken, dass sie zu viele Dritte in ihr Problem einbezieht und sich dadurch \u00fcberw\u00e4ltigt f\u00fchlen und ihre Tics sich verschlimmern k\u00f6nnen.\u201c<\/em><\/p>\n\n\n\n<p><em>\u201eIch denke, man muss akzeptieren, was man hat, und versuchen, damit bestm\u00f6glich umzugehen, denn auch wenn die Leute sensibilisiert sind, werden sie dich weiter anschauen, und das muss man akzeptieren. Wir brauchen Zuneigung und Hilfe. Wenn die Person mit Tourette dich darum bittet, muss man mit ihr sprechen und sie in Situationen, in denen sie aufgeregt oder nerv\u00f6s ist, verstehen.\u201c<\/em><\/p>\n\n\n\n<p><em>\u201eIch w\u00fcrde mir w\u00fcnschen, dass unsere neurologische St\u00f6rung den \u00c4rzten besser bekannt ist und auch in anderen Medien wie Radio, Presse, Fernsehen bekannter gemacht wird\u2026\u201c<\/em><\/p>\n\n\n\n<p><em>\u201eZusammenfassend w\u00fcrde ich sagen, man m\u00fcsste dieser Krankheit mehr Sichtbarkeit verschaffen. Sie normalisieren, damit die Gesellschaft sieht, dass wir normale Menschen sind und nur m\u00f6chten, dass man uns respektiert und gleichbehandelt.\u201c<\/em><\/p>\n\n\n\n<h3 class=\"wp-block-heading\" id=\"gonzalo-ibanez-8-anos\"><strong>Gonzalo Ib\u00e1\u00f1ez (8 Jahre):<\/strong><\/h3>\n\n\n\n<p><em>\u201eIch spreche nicht gerne in der \u00d6ffentlichkeit, weil ich denke, sie werden sich \u00fcber mich lustig machen. Ich m\u00f6chte, dass man mir glaubt, dass ich es nicht absichtlich tue.\u201c<\/em><\/p>\n\n\n\n<h3 class=\"wp-block-heading\" id=\"sergio-silveira-10-anos\"><strong>Sergio Silveira (10 Jahre):<\/strong><\/h3>\n\n\n\n<p><em>\u201eDrau\u00dfen ist es etwas anderes. Wenn ich Ger\u00e4usche mache, schauen die Leute, aber ich kann nicht anders. Ich habe Gl\u00fcck, meine Mitsch\u00fcler in der Schule passen gut auf mich auf und sehen das schon als ganz normal an. Am Anfang haben mich meine Lehrer in den Flur geschickt, weil ich nicht aufh\u00f6rte, Ger\u00e4usche zu machen, und selbst wenn ich ihnen sagte, dass ich es nicht kontrollieren kann, haben sie es mir nicht geglaubt. Aber jetzt habe ich kein Problem mehr.\u201c<\/em><\/p>\n\n\n\n<h3 class=\"wp-block-heading\" id=\"marcos-varas-9-anos\"><strong>Marcos Varas (9 Jahre):<\/strong><\/h3>\n\n\n\n<p><em>\u201eMich beruhigt sehr, dass die Menschen, die mit mir zusammenleben \u2013 meine Freunde, meine Klassenkameraden\u2026 \u2013 wissen, was mit mir los ist, und mir deswegen nichts sagen, weil ich zum Beispiel die rote Farbe neben die gr\u00fcne stellen oder den Buchstaben A zweimal l\u00f6schen muss. Es ist einfacher, dass dich Kinder in deinem Alter verstehen als Erwachsene; Kinder stellen nicht so viele Fragen oder schauen dich an, als w\u00e4rst du ein Marsmensch. Meine Freunde sagen \u201aAch so\u2018, und das war\u2019s.\u201c<\/em><\/p>\n\n\n\n<p><em>\u201eIch w\u00fcrde mir w\u00fcnschen, dass die Leute sich nicht \u00fcber andere lustig machen, weil sie etwas anders tun. Ich tue niemandem weh, wenn ich meine Tics habe, aber sie tun mir weh, wenn sie \u00fcber mich lachen, weil ich mich dann furchtbar f\u00fchle und denke, ich werde nie zu etwas in der Lage sein. Am besten ist, jeder, der mit mir zusammen sein m\u00f6chte, akzeptiert mich so, wie ich bin und dass ich manchmal merkw\u00fcrdige Dinge tue. Wer es nicht will, soll gehen, aber zumindest soll er mich nicht st\u00f6ren, denn ich versuche, niemanden zu st\u00f6ren.\u201c<\/em><\/p>\n\n\n\n<h3 class=\"wp-block-heading\" id=\"raul-varas-13-anos\"><strong>Ra\u00fal Varas (13 Jahre):<\/strong><\/h3>\n\n\n\n<p><em>\u201eWenn ich dar\u00fcber nachdenke, was man tun k\u00f6nnte, damit ich mich besser f\u00fchle, f\u00e4llt alles auf eins zur\u00fcck: dass die Leute mich so akzeptieren, wie ich bin, und nicht immer denken, sie w\u00fcrden sich \u00fcber mich lustig machen oder mich wie einen komischen Kauz ansehen, weil ich Tics habe oder weil mich bestimmte Dinge sehr nerv\u00f6s machen.\u201c<\/em><\/p>\n\n\n\n<p><em>\u201eIch f\u00fchle mich viel besser, wenn die Leute in meiner Umgebung wissen, was mit mir los ist. Ich habe kein Problem damit zu sagen, dass ich das Tourette-Syndrom habe. Ich habe es meiner Klasse erz\u00e4hlt, meinem Fu\u00dfballteam, meinen Freunden\u2026 Nun ja, manchmal ist es offensichtlich, dass etwas mit mir nicht stimmt, und ich nenne es gerne beim Namen: Tourette.\u201c<\/em><\/p>\n\n\n\n<p><em>\u201eWenn die Leute es wissen, h\u00f6ren sie auf, dich zu fragen: \u203aWas machst du da?\u2039 oder \u203aWarum tust du das?\u2039, und lachen nicht, weil sie denken, du w\u00fcrdest einen Scherz machen. Au\u00dferdem habe ich festgestellt, dass ich, wenn sie es wissen, quasi freie Bahn habe, meine Tics zu zeigen, und sie dann seltener auftreten und ich keine Tic-Explosion erleben muss, weil ich sie unterdr\u00fccke.\u201c<\/em><\/p>\n\n\n\n<div style=\"height:50px\" aria-hidden=\"true\" class=\"wp-block-spacer\"><\/div>\n\n\n\n<div class=\"wp-block-group br-0111 has-primary-background-color has-background has-dark-background has-sm-padding-top has-sm-padding-left has-sm-padding-right has-xxl-margin-top\"><div class=\"wp-block-group__inner-container is-layout-constrained wp-block-group-is-layout-constrained\">\n<div class=\"wp-block-columns is-layout-flex wp-container-core-columns-is-layout-9d6595d7 wp-block-columns-is-layout-flex\">\n<div class=\"wp-block-column is-layout-flow wp-block-column-is-layout-flow\">\n<figure class=\"wp-block-image size-full desktop-position-absolute desktop-bottom-0 mobile-width-50 mobile-m-inline-auto has-xl-margin-top\"><img decoding=\"async\" width=\"292\" height=\"338\" src=\"https:\/\/neuronup.com\/de\/wp-content\/uploads\/2023\/12\/Produkt-Zertifikat.webp\" alt=\"\" class=\"wp-image-27552\" srcset=\"https:\/\/neuronup.com\/de\/wp-content\/uploads\/2023\/12\/Produkt-Zertifikat-259x300.webp 259w, https:\/\/neuronup.com\/de\/wp-content\/uploads\/2023\/12\/Produkt-Zertifikat.webp 292w\" sizes=\"(max-width: 292px) 100vw, 292px\" \/><\/figure>\n<\/div>\n\n\n\n<div class=\"wp-block-column is-layout-flow wp-block-column-is-layout-flow\">\n<h2 class=\"wp-block-heading has-white-color has-text-color\">Melden Sie sich<br> f\u00fcr unseren<br> <strong>Newsletter<\/strong>\u00a0an<\/h2>\n\n\n\n<div class=\"wp-block-buttons is-layout-flex wp-block-buttons-is-layout-flex\">\n<div class=\"wp-block-button--1\" style=\"--button-outline-color:var(--color-white);--button-outline-color-hover:rgba(0,0,0,0.8);\"><a class=\"wp-block-button__link button button-outline   wp-element-button\" href=\"https:\/\/neuronup.com\/de\/newsletter\/#form\">Jetzt anmelden<\/a><\/div>\n\n<\/div>\n\n\n\n<div style=\"height:40px\" aria-hidden=\"true\" class=\"wp-block-spacer\"><\/div>\n<\/div>\n<\/div>\n<\/div><\/div>\n\n\n\n\n<div style=\"height:50px\" aria-hidden=\"true\" class=\"wp-block-spacer\"><\/div>\n\n\n<h2 id=\"referencias-y-agradecimientos\"><strong>Quellen und Danksagungen<\/strong><\/h2>\n\n\n<p>F\u00fcr die Erstellung dieses Artikels wurde <strong>unter anderem<\/strong> mitgewirkt von:<\/p>\n\n\n\n<p>Die Mitwirkung der <strong>AMPASTTA-Mitglieder<\/strong> (Madrider Vereinigung von Patienten mit Tourette-Syndrom und verwandten St\u00f6rungen) in Form ihrer schriftlichen Erfahrungsberichte: Juan Jos\u00e9 G\u00f3mez (43 Jahre), Gonzalo Ib\u00e1\u00f1ez (8 Jahre), Sergio Silveira (10 Jahre) und Ra\u00fal und Marcos Varas (13 bzw. 9 Jahre).<\/p>\n\n\n\n<p><em>Der Artikel \u201e6 Ways to Support Your Friend with Tourette\u2019s\u201c von Brittany Fichtery, ver\u00f6ffentlicht auf ihrem Blog \u00fcber ihre pers\u00f6nliche Erfahrung mit dem Syndrom. Abgerufen von <a href=\"http:\/\/brittanyfichterwrites.com\/6-ways-to-support-your-friend-with-tourettes\/\" target=\"_blank\" rel=\"noreferrer noopener nofollow\">http:\/\/brittanyfichterwrites.com\/6-ways-to-support-your-friend-with-tourettes\/<\/a><\/em><\/p>\n\n\n\n<p><em>Der auf wikiHow ver\u00f6ffentlichte Artikel \u201e<a href=\"https:\/\/www.wikihow.com\/Understand-and-Accept-a-Person-with-Tourette%27s-Syndrome\">How to understand a person with Tourette\u2019s Syndrome<\/a>\u201c. <\/em><\/p>\n\n\n\n<p>Zum Schluss m\u00f6chten wir Brittany Fichter f\u00fcr ihren gro\u00dfartigen Artikel danken und insbesondere den AMPASTTA-Freiwilligen f\u00fcr ihre mutigen Erfahrungsberichte sowie ihrem Pr\u00e4sidenten Mario Mart\u00edn f\u00fcr seine Unterst\u00fctzung und Einsatzbereitschaft danken.<\/p>\n\n\n\n<p><strong>Sch\u00f6ne Woche zum Europ\u00e4ischen Tag der Sensibilisierung f\u00fcr das Tourette-Syndrom!<\/strong><\/p>\n\n\n\n<h3 class=\"wp-block-heading\" id=\"si-te-ha-gustado-este-articulo-sobre-el-sindrome-de-tourette-puede-que-tambien-estes-interesado-en-otras-publicaciones-de-neuronup\"><strong>Wenn dir dieser Artikel \u00fcber das Tourette-Syndrom gefallen hat, k\u00f6nnte dich auch interessieren, was NeuronUP sonst noch ver\u00f6ffentlicht hat:<\/strong><\/h3>\n\n\n\n<p><\/p>\n<div class=\"mai-grid entries entries-grid has-boxed has-image-full\" style=\"--entry-title-font-size:var(--font-size-lg);--align-text:start;--entry-meta-text-align:start;\"><div class=\"entries-wrap has-columns\" style=\"--columns-xs:1\/1;--columns-sm:1\/1;--columns-md:1\/3;--columns-lg:1\/3;--flex-xs:0 0 var(--flex-basis);--flex-sm:0 0 var(--flex-basis);--flex-md:0 0 var(--flex-basis);--flex-lg:0 0 var(--flex-basis);--column-gap:var(--spacing-lg);--row-gap:var(--spacing-lg);--align-columns:start;\"><article class=\"entry entry-grid is-column has-entry-link has-image has-image-first type-post category-sprachstorungen tag-erfahrungsberichte tag-kognitive-stimulation tag-sprache tag-telerehabilitation\" style=\"--entry-index:1;\" aria-label=\"Online-Logop\u00e4die: Methodik und logop\u00e4dische \u00dcbungen\" itemscope itemtype=\"https:\/\/schema.org\/CreativeWork\"><a class=\"entry-image-link\" href=\"https:\/\/neuronup.com\/de\/kognitive-stimulation-und-rehabilitation\/sprachstorungen\/logopadie-online-ubungen-der-logopadie\/\" tabindex=\"-1\" aria-hidden=\"true\"><img decoding=\"async\" width=\"367\" height=\"300\" src=\"https:\/\/neuronup.com\/de\/wp-content\/uploads\/2022\/10\/Logopedia.webp\" class=\"entry-image size-landscape-sm\" alt=\"Logop\u00e4die: Was ist das, Behandlung und Erfahrungen mit NeuronUP\" srcset=\"https:\/\/neuronup.com\/de\/wp-content\/uploads\/2022\/10\/Logopedia-300x245.webp 300w, https:\/\/neuronup.com\/de\/wp-content\/uploads\/2022\/10\/Logopedia-768x627.webp 768w, https:\/\/neuronup.com\/de\/wp-content\/uploads\/2022\/10\/Logopedia-1024x836.webp 1024w, https:\/\/neuronup.com\/de\/wp-content\/uploads\/2022\/10\/Logopedia.webp 1200w\" sizes=\"(max-width:599px) 599px, (min-width:600px) and (max-width: 799px) 799px, (min-width:800px) and (max-width: 999px) 333px, (min-width:1000px) 400px\" \/><\/a><div class=\"entry-wrap entry-wrap-grid\"><h3 class=\"entry-title\" itemprop=\"headline\"><a class=\"entry-title-link\" href=\"https:\/\/neuronup.com\/de\/kognitive-stimulation-und-rehabilitation\/sprachstorungen\/logopadie-online-ubungen-der-logopadie\/\" rel=\"bookmark\">Online-Logop\u00e4die: Methodik und logop\u00e4dische \u00dcbungen<\/a><\/h3>\n<\/div><\/article><article class=\"entry entry-grid is-column has-entry-link has-image has-image-first type-post category-neurowissenschaften\" style=\"--entry-index:2;\" aria-label=\"Die wunderbare Welt der Neurodiversit\u00e4t\" itemscope itemtype=\"https:\/\/schema.org\/CreativeWork\"><a class=\"entry-image-link\" href=\"https:\/\/neuronup.com\/de\/neurowissenschaften\/die-wunderbare-welt-der-neurodiversitat\/\" tabindex=\"-1\" aria-hidden=\"true\"><img decoding=\"async\" width=\"400\" height=\"229\" src=\"https:\/\/neuronup.com\/de\/wp-content\/uploads\/2024\/02\/siluetas-figuras-evocan-emocion-e-imaginacion-abstracta-ia-generativa-1.webp\" class=\"entry-image size-landscape-sm\" alt=\"Die wunderbare Welt der Neurodiversit\u00e4t\" srcset=\"https:\/\/neuronup.com\/de\/wp-content\/uploads\/2024\/02\/siluetas-figuras-evocan-emocion-e-imaginacion-abstracta-ia-generativa-1-300x172.webp 300w, https:\/\/neuronup.com\/de\/wp-content\/uploads\/2024\/02\/siluetas-figuras-evocan-emocion-e-imaginacion-abstracta-ia-generativa-1-768x439.webp 768w, https:\/\/neuronup.com\/de\/wp-content\/uploads\/2024\/02\/siluetas-figuras-evocan-emocion-e-imaginacion-abstracta-ia-generativa-1-1024x585.webp 1024w, https:\/\/neuronup.com\/de\/wp-content\/uploads\/2024\/02\/siluetas-figuras-evocan-emocion-e-imaginacion-abstracta-ia-generativa-1.webp 1200w\" sizes=\"(max-width:599px) 599px, (min-width:600px) and (max-width: 799px) 799px, (min-width:800px) and (max-width: 999px) 333px, (min-width:1000px) 400px\" \/><\/a><div class=\"entry-wrap entry-wrap-grid\"><h3 class=\"entry-title\" itemprop=\"headline\"><a class=\"entry-title-link\" href=\"https:\/\/neuronup.com\/de\/neurowissenschaften\/die-wunderbare-welt-der-neurodiversitat\/\" rel=\"bookmark\">Die wunderbare Welt der Neurodiversit\u00e4t<\/a><\/h3>\n<\/div><\/article><article class=\"entry entry-grid is-column has-entry-link has-image has-image-first type-post category-gedachtnisaktivitaten tag-aktivitaten-zur-kognitiven-stimulation tag-aktivitaten-zur-kognitiven-stimulation-fur-kinder tag-gedachtnis tag-kinder tag-neuronup-nachrichten\" style=\"--entry-index:3;\" aria-label=\"Generator zur F\u00f6rderung des semantischen Ged\u00e4chtnisses bei Kindern: Kategorien durch Zuordnen lernen\" itemscope itemtype=\"https:\/\/schema.org\/CreativeWork\"><a class=\"entry-image-link\" href=\"https:\/\/neuronup.com\/de\/aktivitaten-fur-neurorehabilitation\/aktivitaten-fur-kognitive-funktionen\/gedachtnisaktivitaten\/generator-zum-trainieren-des-semantischen-gedaechtnisses-bei-kindern-kategorien-durch-zuordnung-lernen\/\" tabindex=\"-1\" aria-hidden=\"true\"><img decoding=\"async\" width=\"400\" height=\"225\" src=\"https:\/\/neuronup.com\/de\/wp-content\/uploads\/2024\/04\/Nuevo-generador-para-ninos-Aprende-categorias-emparejando.webp\" class=\"entry-image size-landscape-sm\" alt=\"Neuer Generator f\u00fcr Kinder &#039;Lerne Kategorien durch Zuordnen&#039;\" srcset=\"https:\/\/neuronup.com\/de\/wp-content\/uploads\/2024\/04\/Nuevo-generador-para-ninos-Aprende-categorias-emparejando-300x169.webp 300w, https:\/\/neuronup.com\/de\/wp-content\/uploads\/2024\/04\/Nuevo-generador-para-ninos-Aprende-categorias-emparejando-768x432.webp 768w, https:\/\/neuronup.com\/de\/wp-content\/uploads\/2024\/04\/Nuevo-generador-para-ninos-Aprende-categorias-emparejando-1024x576.webp 1024w, https:\/\/neuronup.com\/de\/wp-content\/uploads\/2024\/04\/Nuevo-generador-para-ninos-Aprende-categorias-emparejando.webp 1200w\" sizes=\"(max-width:599px) 599px, (min-width:600px) and (max-width: 799px) 799px, (min-width:800px) and (max-width: 999px) 333px, (min-width:1000px) 400px\" \/><\/a><div class=\"entry-wrap entry-wrap-grid\"><h3 class=\"entry-title\" itemprop=\"headline\"><a class=\"entry-title-link\" href=\"https:\/\/neuronup.com\/de\/aktivitaten-fur-neurorehabilitation\/aktivitaten-fur-kognitive-funktionen\/gedachtnisaktivitaten\/generator-zum-trainieren-des-semantischen-gedaechtnisses-bei-kindern-kategorien-durch-zuordnung-lernen\/\" rel=\"bookmark\">Generator zur F\u00f6rderung des semantischen Ged\u00e4chtnisses bei Kindern: Kategorien durch Zuordnen lernen<\/a><\/h3>\n<\/div><\/article><article class=\"entry entry-grid is-column has-entry-link has-image has-image-first type-post category-neurologische-entwicklungsstorungen tag-hirnschadigung tag-kinder tag-neuroentwicklungsstorungen\" style=\"--entry-index:4;\" aria-label=\"Zerebralparese: Verst\u00e4ndnis und Behandlung einer komplexen neuroentwicklungsbedingten Erkrankung\" itemscope itemtype=\"https:\/\/schema.org\/CreativeWork\"><a class=\"entry-image-link\" href=\"https:\/\/neuronup.com\/de\/kognitive-stimulation-und-rehabilitation\/neurologische-entwicklungsstorungen\/zerebralparese\/\" tabindex=\"-1\" aria-hidden=\"true\"><img decoding=\"async\" width=\"400\" height=\"267\" src=\"https:\/\/neuronup.com\/de\/wp-content\/uploads\/2023\/10\/Nina-con-paralisis-cerebral.webp\" class=\"entry-image size-landscape-sm\" alt=\"M\u00e4dchen mit Zerebralparese\" srcset=\"https:\/\/neuronup.com\/de\/wp-content\/uploads\/2023\/10\/Nina-con-paralisis-cerebral-300x201.webp 300w, https:\/\/neuronup.com\/de\/wp-content\/uploads\/2023\/10\/Nina-con-paralisis-cerebral-768x513.webp 768w, https:\/\/neuronup.com\/de\/wp-content\/uploads\/2023\/10\/Nina-con-paralisis-cerebral-1024x684.webp 1024w, https:\/\/neuronup.com\/de\/wp-content\/uploads\/2023\/10\/Nina-con-paralisis-cerebral.webp 1200w\" sizes=\"(max-width:599px) 599px, (min-width:600px) and (max-width: 799px) 799px, (min-width:800px) and (max-width: 999px) 333px, (min-width:1000px) 400px\" \/><\/a><div class=\"entry-wrap entry-wrap-grid\"><h3 class=\"entry-title\" itemprop=\"headline\"><a class=\"entry-title-link\" href=\"https:\/\/neuronup.com\/de\/kognitive-stimulation-und-rehabilitation\/neurologische-entwicklungsstorungen\/zerebralparese\/\" rel=\"bookmark\">Zerebralparese: Verst\u00e4ndnis und Behandlung einer komplexen neuroentwicklungsbedingten Erkrankung<\/a><\/h3>\n<\/div><\/article><article class=\"entry entry-grid is-column has-entry-link has-image has-image-first type-post category-ass-autismus-spektrum-storungen tag-autismus tag-kinder tag-neuroentwicklungsstorungen tag-neuropsychologie\" style=\"--entry-index:5;\" aria-label=\"Asperger-Syndrom: Was ist es, Bereiche, Merkmale und Neuropsychologie\" itemscope itemtype=\"https:\/\/schema.org\/CreativeWork\"><a class=\"entry-image-link\" href=\"https:\/\/neuronup.com\/de\/kognitive-stimulation-und-rehabilitation\/neurologische-entwicklungsstorungen\/ass-autismus-spektrum-storungen\/das-asperger-syndrom-was-ist-bereiche-merkmale-und-neuropsychologie\/\" tabindex=\"-1\" aria-hidden=\"true\"><img decoding=\"async\" width=\"400\" height=\"267\" src=\"https:\/\/neuronup.com\/de\/wp-content\/uploads\/2022\/11\/El-sindrome-de-Asperger.webp\" class=\"entry-image size-landscape-sm\" alt=\"Das Asperger-Syndrom: Was es ist, Bereiche, Merkmale und Neuropsychologie\" srcset=\"https:\/\/neuronup.com\/de\/wp-content\/uploads\/2022\/11\/El-sindrome-de-Asperger-300x200.webp 300w, https:\/\/neuronup.com\/de\/wp-content\/uploads\/2022\/11\/El-sindrome-de-Asperger-768x512.webp 768w, https:\/\/neuronup.com\/de\/wp-content\/uploads\/2022\/11\/El-sindrome-de-Asperger-1024x683.webp 1024w, https:\/\/neuronup.com\/de\/wp-content\/uploads\/2022\/11\/El-sindrome-de-Asperger.webp 1205w\" sizes=\"(max-width:599px) 599px, (min-width:600px) and (max-width: 799px) 799px, (min-width:800px) and (max-width: 999px) 333px, (min-width:1000px) 400px\" \/><\/a><div class=\"entry-wrap entry-wrap-grid\"><h3 class=\"entry-title\" itemprop=\"headline\"><a class=\"entry-title-link\" href=\"https:\/\/neuronup.com\/de\/kognitive-stimulation-und-rehabilitation\/neurologische-entwicklungsstorungen\/ass-autismus-spektrum-storungen\/das-asperger-syndrom-was-ist-bereiche-merkmale-und-neuropsychologie\/\" rel=\"bookmark\">Asperger-Syndrom: Was ist es, Bereiche, Merkmale und Neuropsychologie<\/a><\/h3>\n<\/div><\/article><article class=\"entry entry-grid is-column has-entry-link has-image has-image-first type-post category-gedachtnisaktivitaten tag-aktivitaten-zur-kognitiven-stimulation tag-aktivitaten-zur-kognitiven-stimulation-fur-kinder tag-gedachtnis tag-kinder tag-neuronup-nachrichten\" style=\"--entry-index:6;\" aria-label=\"Spiel zur F\u00f6rderung des episodischen Ged\u00e4chtnisses bei Kindern: Lerne die Namen\" itemscope itemtype=\"https:\/\/schema.org\/CreativeWork\"><a class=\"entry-image-link\" href=\"https:\/\/neuronup.com\/de\/aktivitaten-fur-neurorehabilitation\/aktivitaten-fur-kognitive-funktionen\/gedachtnisaktivitaten\/spiel-zum-trainieren-des-episodischen-gedachtnisses-bei-kindern-lerne-die-namen\/\" tabindex=\"-1\" aria-hidden=\"true\"><img decoding=\"async\" width=\"400\" height=\"273\" src=\"https:\/\/neuronup.com\/de\/wp-content\/uploads\/2023\/02\/Captura-de-Pantalla-2023-02-22-a-las-20.16.43.webp\" class=\"entry-image size-landscape-sm\" alt=\"Spiel zur F\u00f6rderung des episodischen Ged\u00e4chtnisses bei Kindern: Lerne die Namen.\" srcset=\"https:\/\/neuronup.com\/de\/wp-content\/uploads\/2023\/02\/Captura-de-Pantalla-2023-02-22-a-las-20.16.43-300x205.webp 300w, https:\/\/neuronup.com\/de\/wp-content\/uploads\/2023\/02\/Captura-de-Pantalla-2023-02-22-a-las-20.16.43-768x524.webp 768w, https:\/\/neuronup.com\/de\/wp-content\/uploads\/2023\/02\/Captura-de-Pantalla-2023-02-22-a-las-20.16.43-1024x698.webp 1024w, https:\/\/neuronup.com\/de\/wp-content\/uploads\/2023\/02\/Captura-de-Pantalla-2023-02-22-a-las-20.16.43.webp 1210w\" sizes=\"(max-width:599px) 599px, (min-width:600px) and (max-width: 799px) 799px, (min-width:800px) and (max-width: 999px) 333px, (min-width:1000px) 400px\" \/><\/a><div class=\"entry-wrap entry-wrap-grid\"><h3 class=\"entry-title\" itemprop=\"headline\"><a class=\"entry-title-link\" href=\"https:\/\/neuronup.com\/de\/aktivitaten-fur-neurorehabilitation\/aktivitaten-fur-kognitive-funktionen\/gedachtnisaktivitaten\/spiel-zum-trainieren-des-episodischen-gedachtnisses-bei-kindern-lerne-die-namen\/\" rel=\"bookmark\">Spiel zur F\u00f6rderung des episodischen Ged\u00e4chtnisses bei Kindern: Lerne die Namen<\/a><\/h3>\n<\/div><\/article><\/div><\/div>\n\n\n<div style=\"height:50px\" aria-hidden=\"true\" class=\"wp-block-spacer\"><\/div>\n\n\n\n<p class=\"has-sm-font-size\">Dieser Artikel wurde \u00fcbersetzt; Link zum Originalartikel auf Spanisch:<br \/><a href=\"https:\/\/neuronup.com\/estimulacion-y-rehabilitacion-cognitiva\/trastornos-del-neurodesarrollo\/12-formas-de-ayudar-a-una-persona-con-sindrome-de-tourette\/\" data-type=\"link\" data-id=\"https:\/\/neuronup.com\/estimulacion-y-rehabilitacion-cognitiva\/trastornos-del-neurodesarrollo\/12-formas-de-ayudar-a-una-persona-con-sindrome-de-tourette\/\"><em>12 formas de ayudar a una persona con s\u00edndrome de Tourette<\/em><\/a><\/p>\n\n","protected":false},"excerpt":{"rendered":"<p>Das Tourette-Syndrom kann f\u00fcr Menschen, die es nicht kennen oder nicht verstehen, sehr seltsam wirken. Anl\u00e4sslich des Tags zur Sensibilisierung f\u00fcr das Tourette-Syndrom, der am 7. Juni begangen wird, haben wir ein paar Tipps zusammengestellt, wie man mit Betroffenen umgehen kann. Diese Tipps wurden durch die Erfahrungsberichte der Betroffenen selbst best\u00e4tigt; Mitglieder der Madrider Vereinigung &hellip;<\/p>\n","protected":false},"author":26,"featured_media":7044,"comment_status":"open","ping_status":"open","sticky":false,"template":"","format":"standard","meta":{"_acf_changed":false,"_genesis_hide_title":false,"_genesis_hide_breadcrumbs":false,"_genesis_hide_singular_image":false,"_genesis_hide_footer_widgets":false,"_genesis_custom_body_class":"","_genesis_custom_post_class":"","_genesis_layout":"","footnotes":""},"categories":[14],"tags":[],"class_list":{"2":"type-post","7":"category-neurologische-entwicklungsstorungen","8":"entry"},"acf":[],"_links":{"self":[{"href":"https:\/\/neuronup.com\/de\/wp-json\/wp\/v2\/posts\/7043","targetHints":{"allow":["GET"]}}],"collection":[{"href":"https:\/\/neuronup.com\/de\/wp-json\/wp\/v2\/posts"}],"about":[{"href":"https:\/\/neuronup.com\/de\/wp-json\/wp\/v2\/types\/post"}],"author":[{"embeddable":true,"href":"https:\/\/neuronup.com\/de\/wp-json\/wp\/v2\/users\/26"}],"replies":[{"embeddable":true,"href":"https:\/\/neuronup.com\/de\/wp-json\/wp\/v2\/comments?post=7043"}],"version-history":[{"count":0,"href":"https:\/\/neuronup.com\/de\/wp-json\/wp\/v2\/posts\/7043\/revisions"}],"wp:featuredmedia":[{"embeddable":true,"href":"https:\/\/neuronup.com\/de\/wp-json\/wp\/v2\/media\/7044"}],"wp:attachment":[{"href":"https:\/\/neuronup.com\/de\/wp-json\/wp\/v2\/media?parent=7043"}],"wp:term":[{"taxonomy":"category","embeddable":true,"href":"https:\/\/neuronup.com\/de\/wp-json\/wp\/v2\/categories?post=7043"},{"taxonomy":"post_tag","embeddable":true,"href":"https:\/\/neuronup.com\/de\/wp-json\/wp\/v2\/tags?post=7043"}],"curies":[{"name":"wp","href":"https:\/\/api.w.org\/{rel}","templated":true}]}}