{"id":6907,"date":"2025-07-13T10:02:18","date_gmt":"2025-07-13T10:02:18","guid":{"rendered":"https:\/\/neuronup.com\/?p=6907"},"modified":"2025-07-13T10:02:18","modified_gmt":"2025-07-13T10:02:18","slug":"die-uberreste-eines-schiffswracks-affektives-gedachtnis-und-alzheimer","status":"publish","type":"post","link":"https:\/\/neuronup.com\/de\/kognitive-stimulation-und-rehabilitation\/neurodegenerative-erkrankungen\/alzheimer\/die-uberreste-eines-schiffswracks-affektives-gedachtnis-und-alzheimer\/","title":{"rendered":"Die \u00dcberreste eines Schiffsbruchs: affektives Ged\u00e4chtnis und Alzheimer"},"content":{"rendered":"\n<p>Die \u00dcberreste eines Schiffsungl\u00fccks. So bezeichne ich gerne das, was der&nbsp;<strong>Alzheimer<\/strong>&nbsp;nicht mitnimmt. Und irgendwie ist das tats\u00e4chlich die Darstellung dessen, was nach diesem gewaltigen Tsunami der Verw\u00fcstung von der Krankheit \u00fcbrig bleibt. Nachdem Erinnerungen, Identit\u00e4t und, wenn man es so sagen darf, sogar die Essenz als Person verloren gegangen sind, bleibt bei einem von <strong>Alzheimer<\/strong> Betroffenen noch Platz f\u00fcr das&nbsp;<strong>affektive Ged\u00e4chtnis<\/strong>. Ein dazu noch privilegierter Platz. Das affektive Ged\u00e4chtnis ist jenes, von dem wir so viel h\u00f6ren und das sich in einem Wort zusammenfassen l\u00e4sst:&nbsp;<strong>LIEBE<\/strong>. Denn es ist wahr, dass die Krankheit die Erinnerungen und auch das Leben des Erkrankten ausl\u00f6scht, doch sie l\u00f6scht nicht die Zuneigung.<\/p>\n\n\n\n<p>Wenn die Diagnose eintrifft, f\u00fcrchten die Angeh\u00f6rigen eines <strong>Alzheimer<\/strong>-Erkrankten nach der ersten Trauerphase oft erneut, nachdem sie erfahren haben, dass er an dieser Krankheit leidet, wie sie ihn behandeln oder sich emotional mit ihm verbinden sollen. Hinter dieser H\u00fclle, die von Tag zu Tag mehr verf\u00e4llt, steckt eine Person, die dieselben Zuneigungen hat wie zuvor, nur dass diese nun auch von den allseits bekannten Symptomen begleitet werden.<\/p>\n\n\n\n<h2 class=\"wp-block-heading\"><strong>Affektives Ged\u00e4chtnis in der Psychologie<\/strong><\/h2>\n\n\n\n<p>Psychologisch versteht man unter dem <strong>affektiven Ged\u00e4chtnis&nbsp;<\/strong><em>\u201edas Gef\u00fchl mit einer besonderen emotionalen Ladung, das jedes Mal wiederkehrt, wenn man sich an eine vorherige bedeutsame Erfahrung erinnert.\u201c&nbsp;<\/em>Hier k\u00f6nnten wir auch hinzuf\u00fcgen&nbsp;<em>\u201ejedes Mal, wenn der Patient eine geliebte Person sieht, oder jedes Mal, wenn ihm jemand eine Umarmung schenkt\u201c<\/em><\/p>\n\n\n\n<p>Ich muss sagen, dass ich keinen einzigen Fall von <strong>Alzheimer<\/strong> kenne, in dem das <strong>affektive Ged\u00e4chtnis<\/strong> nicht in der einen oder anderen Form pr\u00e4sent w\u00e4re. Alle Erkrankten, unabh\u00e4ngig von der Phase der Krankheit und davon, wie ihr Verlauf gerade ist, reagieren <strong>positiv auf affektive Reize<\/strong>. Das ist f\u00fcr den Betreuer eine Quelle der Sicherheit und Verankerung im Hier und Jetzt, denn nichts ist verloren, wenn eine Umarmung dem Erkrankten noch ein L\u00e4cheln oder einen Moment der Ruhe und Geborgenheit zwischen Episoden von Nervosit\u00e4t, Wahnvorstellungen oder Halluzinationen entlocken kann.<\/p>\n\n\n\n\n\n\n<div style=\"height:50px\" aria-hidden=\"true\" class=\"wp-block-spacer\"><\/div>\n\n\n\n<div class=\"wp-block-group br-0111 has-primary-background-color has-background has-dark-background has-sm-padding-top has-sm-padding-left has-sm-padding-right has-xxl-margin-top\"><div class=\"wp-block-group__inner-container is-layout-constrained wp-block-group-is-layout-constrained\">\n<div class=\"wp-block-columns is-layout-flex wp-container-core-columns-is-layout-9d6595d7 wp-block-columns-is-layout-flex\">\n<div class=\"wp-block-column is-layout-flow wp-block-column-is-layout-flow\">\n<figure class=\"wp-block-image size-full desktop-position-absolute desktop-bottom-0 mobile-width-50 mobile-m-inline-auto has-xl-margin-top\"><img decoding=\"async\" width=\"292\" height=\"338\" src=\"https:\/\/neuronup.com\/de\/wp-content\/uploads\/2023\/12\/Produkt-Zertifikat.webp\" alt=\"\" class=\"wp-image-27552\" srcset=\"https:\/\/neuronup.com\/de\/wp-content\/uploads\/2023\/12\/Produkt-Zertifikat-259x300.webp 259w, https:\/\/neuronup.com\/de\/wp-content\/uploads\/2023\/12\/Produkt-Zertifikat.webp 292w\" sizes=\"(max-width: 292px) 100vw, 292px\" \/><\/figure>\n<\/div>\n\n\n\n<div class=\"wp-block-column is-layout-flow wp-block-column-is-layout-flow\">\n<h2 class=\"wp-block-heading has-white-color has-text-color\">Melden Sie sich<br> f\u00fcr unseren<br> <strong>Newsletter<\/strong>\u00a0an<\/h2>\n\n\n\n<div class=\"wp-block-buttons is-layout-flex wp-block-buttons-is-layout-flex\">\n<div class=\"wp-block-button--1\" style=\"--button-outline-color:var(--color-white);--button-outline-color-hover:rgba(0,0,0,0.8);\"><a class=\"wp-block-button__link button button-outline   wp-element-button\" href=\"https:\/\/neuronup.com\/de\/newsletter\/#form\">Jetzt anmelden<\/a><\/div>\n\n<\/div>\n\n\n\n<div style=\"height:40px\" aria-hidden=\"true\" class=\"wp-block-spacer\"><\/div>\n<\/div>\n<\/div>\n<\/div><\/div>\n\n\n\n\n<div style=\"height:50px\" aria-hidden=\"true\" class=\"wp-block-spacer\"><\/div>\n\n\n<h2 class=\"wp-block-heading\"><strong>Alzheimer-Erkrankte k\u00f6nnen Emotionen empfinden<\/strong><\/h2>\n\n\n\n<p>Diejenigen, die dies lesen, fragen sich vielleicht, wie es m\u00f6glich ist, dass eine Person, die nicht mehr wei\u00df, wer sie ist, dennoch die Bedeutung eines Kusses, einer Umarmung oder einer Streicheleinheit kennt. Die Erkl\u00e4rung ist ganz einfach: Alzheimer-Erkrankte k\u00f6nnen <strong>Emotionen<\/strong> empfinden, auch wenn sie aufgrund der Krankheit den Ausl\u00f6ser vergessen, doch das Gef\u00fchl, wenn auch fl\u00fcchtig, existiert \u2013 und genau das ist das Wesen der Zuneigung.<\/p>\n\n\n\n<p>Ein Alzheimer-Erkrankter kann sich nicht daran erinnern, dass die Person, die er t\u00e4glich sieht und die f\u00fcr ihn sorgt, sein Sohn ist, doch dessen blo\u00dfe Anwesenheit kann ihm Ruhe schenken. Denn in dem wirren mentalen Geflecht, das sein Bewusstsein lenkt, ist das Gesicht seines Sohnes ein \u201efreundliches\u201c Antlitz, Quelle von Z\u00e4rtlichkeiten und vielleicht auch von K\u00fcssen und Umarmungen, ein Brett, an dem er sich mitten im Schiffswrack festhalten kann.<\/p>\n\n\n\n<h3 class=\"wp-block-heading\">Mit Gesten sprechen<\/h3>\n\n\n\n<p>F\u00fcr die Erkrankten ist es positiv, dank des affektiven Ged\u00e4chtnisses Liebe, Sicherheit und Geborgenheit zu erleben, doch das gilt ebenso f\u00fcr die Betreuenden. Deshalb gilt zunehmend, dass die <strong>Angeh\u00f6rigen<\/strong> eines Alzheimer-Erkrankten und seine Hauptpflegenden lernen sollten, mit Gesten <strong>auszudr\u00fccken<\/strong>, was sie einst mit Worten vermitteln konnten, um positive Emotionen mit dem Erkrankten auszutauschen (und nicht nur zu geben).<\/p>\n\n\n\n<p>Dieser Austausch positiver affektiver Emotionen h\u00e4lt bis zum Ende an, denn auch wenn der Erkrankte schon vor langer Zeit einen Weg ohne R\u00fcckkehr eingeschlagen hat, auf dem er seine Erinnerungen zusammen mit seinem gesamten Lebensfundus zur\u00fcckl\u00e4sst, m\u00fcssen wir uns klarmachen, dass nur die Liebe, die wir f\u00fcr ihn empfinden, ihn an uns und an die Person, die er einst war, gebunden h\u00e4lt.<\/p>\n\n\n\n<p><strong><em>\u201eKein Vergessen z\u00e4hlt, du bewahrst die Gef\u00fchle, ich bewahre die Erinnerungen\u2026\u201c \u2013 anonym<\/em><\/strong><\/p>\n\n\n\n<p>Von: Merche Cardona<\/p>\n\n\n\n<div class=\"wp-block-buttons is-layout-flex wp-block-buttons-is-layout-flex\">\n<div class=\"wp-block-button\"><a class=\"wp-block-button__link button wp-element-button\" href=\"https:\/\/app.neuronup.com\/public\/trial\/request;from=blog\">Demo anfordern<\/a><\/div>\n<\/div>\n\n\n\n<p>Wenn dir dieser Artikel \u00fcber das affektive Ged\u00e4chtnis und Alzheimer gefallen hat, k\u00f6nnten dich auch folgende Beitr\u00e4ge interessieren:<\/p>\n\n<div class=\"mai-grid entries entries-grid has-boxed has-image-full\" style=\"--entry-title-font-size:var(--font-size-lg);--align-text:start;--entry-meta-text-align:start;\"><div class=\"entries-wrap has-columns\" style=\"--columns-xs:1\/1;--columns-sm:1\/1;--columns-md:1\/3;--columns-lg:1\/3;--flex-xs:0 0 var(--flex-basis);--flex-sm:0 0 var(--flex-basis);--flex-md:0 0 var(--flex-basis);--flex-lg:0 0 var(--flex-basis);--column-gap:var(--spacing-lg);--row-gap:var(--spacing-lg);--align-columns:start;\"><article class=\"entry entry-grid is-column has-entry-link has-image has-image-first type-post category-ass-autismus-spektrum-storungen tag-autismus tag-kinder tag-neuroentwicklungsstorungen tag-neuropsychologie\" style=\"--entry-index:1;\" aria-label=\"Asperger-Syndrom: Was ist es, Bereiche, Merkmale und Neuropsychologie\" itemscope itemtype=\"https:\/\/schema.org\/CreativeWork\"><a class=\"entry-image-link\" href=\"https:\/\/neuronup.com\/de\/kognitive-stimulation-und-rehabilitation\/neurologische-entwicklungsstorungen\/ass-autismus-spektrum-storungen\/das-asperger-syndrom-was-ist-bereiche-merkmale-und-neuropsychologie\/\" tabindex=\"-1\" aria-hidden=\"true\"><img decoding=\"async\" width=\"400\" height=\"267\" src=\"https:\/\/neuronup.com\/de\/wp-content\/uploads\/2022\/11\/El-sindrome-de-Asperger.webp\" class=\"entry-image size-landscape-sm\" alt=\"Das Asperger-Syndrom: Was es ist, Bereiche, Merkmale und Neuropsychologie\" srcset=\"https:\/\/neuronup.com\/de\/wp-content\/uploads\/2022\/11\/El-sindrome-de-Asperger-300x200.webp 300w, https:\/\/neuronup.com\/de\/wp-content\/uploads\/2022\/11\/El-sindrome-de-Asperger-768x512.webp 768w, https:\/\/neuronup.com\/de\/wp-content\/uploads\/2022\/11\/El-sindrome-de-Asperger-1024x683.webp 1024w, https:\/\/neuronup.com\/de\/wp-content\/uploads\/2022\/11\/El-sindrome-de-Asperger.webp 1205w\" sizes=\"(max-width:599px) 599px, (min-width:600px) and (max-width: 799px) 799px, (min-width:800px) and (max-width: 999px) 333px, (min-width:1000px) 400px\" \/><\/a><div class=\"entry-wrap entry-wrap-grid\"><h3 class=\"entry-title\" itemprop=\"headline\"><a class=\"entry-title-link\" href=\"https:\/\/neuronup.com\/de\/kognitive-stimulation-und-rehabilitation\/neurologische-entwicklungsstorungen\/ass-autismus-spektrum-storungen\/das-asperger-syndrom-was-ist-bereiche-merkmale-und-neuropsychologie\/\" rel=\"bookmark\">Asperger-Syndrom: Was ist es, Bereiche, Merkmale und Neuropsychologie<\/a><\/h3>\n<\/div><\/article><article class=\"entry entry-grid is-column has-entry-link has-image has-image-first type-post category-forschungslinien tag-erworbene-hirnschadigung tag-forschung tag-kognitive-stimulation\" style=\"--entry-index:2;\" aria-label=\"Kognitive Funktion bei Erwachsenen mit erworbenem Hirnschaden: Zusammenhang mit k\u00f6rperlicher Aktivit\u00e4t und Bewegungsmangel\" itemscope itemtype=\"https:\/\/schema.org\/CreativeWork\"><a class=\"entry-image-link\" href=\"https:\/\/neuronup.com\/de\/forschung\/forschungslinien\/kognitive-funktion-bei-erwachsenen-mit-erworbener-hirnschadigung-bezug-zu-korperlicher-aktivitat-und-bewegungsmangel\/\" tabindex=\"-1\" aria-hidden=\"true\"><img decoding=\"async\" width=\"400\" height=\"267\" src=\"https:\/\/neuronup.com\/de\/wp-content\/uploads\/2023\/02\/Adultos-con-dano-cerebral-adquirido.webp\" class=\"entry-image size-landscape-sm\" alt=\"Erwachsene mit erworbenem Hirntrauma. \u00c4ltere Menschen, die k\u00f6rperliche Aktivit\u00e4ten aus\u00fcben.\" srcset=\"https:\/\/neuronup.com\/de\/wp-content\/uploads\/2023\/02\/Adultos-con-dano-cerebral-adquirido-300x200.webp 300w, https:\/\/neuronup.com\/de\/wp-content\/uploads\/2023\/02\/Adultos-con-dano-cerebral-adquirido-768x512.webp 768w, https:\/\/neuronup.com\/de\/wp-content\/uploads\/2023\/02\/Adultos-con-dano-cerebral-adquirido-1024x683.webp 1024w, https:\/\/neuronup.com\/de\/wp-content\/uploads\/2023\/02\/Adultos-con-dano-cerebral-adquirido.webp 1200w\" sizes=\"(max-width:599px) 599px, (min-width:600px) and (max-width: 799px) 799px, (min-width:800px) and (max-width: 999px) 333px, (min-width:1000px) 400px\" \/><\/a><div class=\"entry-wrap entry-wrap-grid\"><h3 class=\"entry-title\" itemprop=\"headline\"><a class=\"entry-title-link\" href=\"https:\/\/neuronup.com\/de\/forschung\/forschungslinien\/kognitive-funktion-bei-erwachsenen-mit-erworbener-hirnschadigung-bezug-zu-korperlicher-aktivitat-und-bewegungsmangel\/\" rel=\"bookmark\">Kognitive Funktion bei Erwachsenen mit erworbenem Hirnschaden: Zusammenhang mit k\u00f6rperlicher Aktivit\u00e4t und Bewegungsmangel<\/a><\/h3>\n<\/div><\/article><article class=\"entry entry-grid is-column has-entry-link has-image has-image-first type-post category-neuronup-academy tag-neuroentwicklungsstorungen tag-neuronup-academy\" style=\"--entry-index:3;\" aria-label=\"Ana Bel\u00e9n Vintimilla beantwortet Fragen zu ihrem Vortrag \u00fcber Neuroentwicklung bei p\u00e4diatrischer Hirnsch\u00e4digung\" itemscope itemtype=\"https:\/\/schema.org\/CreativeWork\"><a class=\"entry-image-link\" href=\"https:\/\/neuronup.com\/de\/ausbildung\/neuronup-academy\/fragen-zum-vortrag-uber-neuroentwicklung-bei-padiatrischem-hirnschaden\/\" tabindex=\"-1\" aria-hidden=\"true\"><img decoding=\"async\" width=\"400\" height=\"225\" src=\"https:\/\/neuronup.com\/de\/wp-content\/uploads\/2021\/10\/ana-belen-neurodesarrollo-dano-cerebral-pediatrico.webp\" class=\"entry-image size-landscape-sm\" alt=\"Neuroentwicklung bei Kinder mit zerebralen Sch\u00e4den\" srcset=\"https:\/\/neuronup.com\/de\/wp-content\/uploads\/2021\/10\/ana-belen-neurodesarrollo-dano-cerebral-pediatrico-300x169.webp 300w, https:\/\/neuronup.com\/de\/wp-content\/uploads\/2021\/10\/ana-belen-neurodesarrollo-dano-cerebral-pediatrico-768x432.webp 768w, https:\/\/neuronup.com\/de\/wp-content\/uploads\/2021\/10\/ana-belen-neurodesarrollo-dano-cerebral-pediatrico-1024x576.webp 1024w, https:\/\/neuronup.com\/de\/wp-content\/uploads\/2021\/10\/ana-belen-neurodesarrollo-dano-cerebral-pediatrico.webp 1200w\" sizes=\"(max-width:599px) 599px, (min-width:600px) and (max-width: 799px) 799px, (min-width:800px) and (max-width: 999px) 333px, (min-width:1000px) 400px\" \/><\/a><div class=\"entry-wrap entry-wrap-grid\"><h3 class=\"entry-title\" itemprop=\"headline\"><a class=\"entry-title-link\" href=\"https:\/\/neuronup.com\/de\/ausbildung\/neuronup-academy\/fragen-zum-vortrag-uber-neuroentwicklung-bei-padiatrischem-hirnschaden\/\" rel=\"bookmark\">Ana Bel\u00e9n Vintimilla beantwortet Fragen zu ihrem Vortrag \u00fcber Neuroentwicklung bei p\u00e4diatrischer Hirnsch\u00e4digung<\/a><\/h3>\n<\/div><\/article><article class=\"entry entry-grid is-column has-entry-link has-image has-image-first type-post category-neurowissenschaften tag-gehirn\" style=\"--entry-index:4;\" aria-label=\"Beziehung zwischen Gehirn und Verhalten: Sind wir unser Gehirn?\" itemscope itemtype=\"https:\/\/schema.org\/CreativeWork\"><a class=\"entry-image-link\" href=\"https:\/\/neuronup.com\/de\/neurowissenschaften\/beziehung-zwischen-gehirn-und-verhalten-wir-sind-unser-gehirn\/\" tabindex=\"-1\" aria-hidden=\"true\"><img decoding=\"async\" width=\"400\" height=\"267\" src=\"https:\/\/neuronup.com\/de\/wp-content\/uploads\/2023\/11\/El-lenguaje-como-factor-predictor-de-las-demencias-.webp\" class=\"entry-image size-landscape-sm\" alt=\"Die Sprache als pr\u00e4diktiver Faktor f\u00fcr Demenzen\" srcset=\"https:\/\/neuronup.com\/de\/wp-content\/uploads\/2023\/11\/El-lenguaje-como-factor-predictor-de-las-demencias--300x200.webp 300w, https:\/\/neuronup.com\/de\/wp-content\/uploads\/2023\/11\/El-lenguaje-como-factor-predictor-de-las-demencias--768x512.webp 768w, https:\/\/neuronup.com\/de\/wp-content\/uploads\/2023\/11\/El-lenguaje-como-factor-predictor-de-las-demencias--1024x683.webp 1024w, https:\/\/neuronup.com\/de\/wp-content\/uploads\/2023\/11\/El-lenguaje-como-factor-predictor-de-las-demencias-.webp 1200w\" sizes=\"(max-width:599px) 599px, (min-width:600px) and (max-width: 799px) 799px, (min-width:800px) and (max-width: 999px) 333px, (min-width:1000px) 400px\" \/><\/a><div class=\"entry-wrap entry-wrap-grid\"><h3 class=\"entry-title\" itemprop=\"headline\"><a class=\"entry-title-link\" href=\"https:\/\/neuronup.com\/de\/neurowissenschaften\/beziehung-zwischen-gehirn-und-verhalten-wir-sind-unser-gehirn\/\" rel=\"bookmark\">Beziehung zwischen Gehirn und Verhalten: Sind wir unser Gehirn?<\/a><\/h3>\n<\/div><\/article><article class=\"entry entry-grid is-column has-entry-link has-image has-image-first type-post category-neuronup-nachrichten tag-aktivitaten-zur-kognitiven-stimulation tag-aktivitaten-zur-kognitiven-stimulation-fur-kinder tag-neuronup\" style=\"--entry-index:5;\" aria-label=\"Arbeite an der kognitiven Stimulation in verschiedenen Sprachen\" itemscope itemtype=\"https:\/\/schema.org\/CreativeWork\"><a class=\"entry-image-link\" href=\"https:\/\/neuronup.com\/de\/neuronup-nachrichten\/arbeite-an-der-kognitiven-stimulation-in-verschiedenen-sprachen\/\" tabindex=\"-1\" aria-hidden=\"true\"><img decoding=\"async\" width=\"400\" height=\"225\" src=\"https:\/\/neuronup.com\/de\/wp-content\/uploads\/2022\/11\/Trabaja-la-estimulacion-cognitiva-en-diferentes-idiomas.webp\" class=\"entry-image size-landscape-sm\" alt=\"Arbeite an der kognitiven Stimulation in verschiedenen Sprachen\" srcset=\"https:\/\/neuronup.com\/de\/wp-content\/uploads\/2022\/11\/Trabaja-la-estimulacion-cognitiva-en-diferentes-idiomas-300x169.webp 300w, https:\/\/neuronup.com\/de\/wp-content\/uploads\/2022\/11\/Trabaja-la-estimulacion-cognitiva-en-diferentes-idiomas-768x432.webp 768w, https:\/\/neuronup.com\/de\/wp-content\/uploads\/2022\/11\/Trabaja-la-estimulacion-cognitiva-en-diferentes-idiomas-1024x576.webp 1024w, https:\/\/neuronup.com\/de\/wp-content\/uploads\/2022\/11\/Trabaja-la-estimulacion-cognitiva-en-diferentes-idiomas.webp 1200w\" sizes=\"(max-width:599px) 599px, (min-width:600px) and (max-width: 799px) 799px, (min-width:800px) and (max-width: 999px) 333px, (min-width:1000px) 400px\" \/><\/a><div class=\"entry-wrap entry-wrap-grid\"><h3 class=\"entry-title\" itemprop=\"headline\"><a class=\"entry-title-link\" href=\"https:\/\/neuronup.com\/de\/neuronup-nachrichten\/arbeite-an-der-kognitiven-stimulation-in-verschiedenen-sprachen\/\" rel=\"bookmark\">Arbeite an der kognitiven Stimulation in verschiedenen Sprachen<\/a><\/h3>\n<\/div><\/article><article class=\"entry entry-grid is-column has-entry-link has-image has-image-first type-post category-schlaganfalle-oder-erebrovaskulare-erkrankungen tag-erworbene-hirnschadigung tag-gehirnwoche tag-hirnschadigung tag-kognitive-stimulation tag-schlaganfall\" style=\"--entry-index:6;\" aria-label=\"Schlaganfall und kognitive Rehabilitation: Wie das Gehirn nach schweren Sch\u00e4den neu lernen kann\" itemscope itemtype=\"https:\/\/schema.org\/CreativeWork\"><a class=\"entry-image-link\" href=\"https:\/\/neuronup.com\/de\/kognitive-stimulation-und-rehabilitation\/erworbene-hirnschadigung\/schlaganfalle-oder-erebrovaskulare-erkrankungen\/schlaganfall-und-kognitive-rehabilitation-wie-kann-das-gehirn-nach-einer-schweren-schadigung-neu-lernen\/\" tabindex=\"-1\" aria-hidden=\"true\"><img decoding=\"async\" width=\"400\" height=\"224\" src=\"https:\/\/neuronup.com\/de\/wp-content\/uploads\/2025\/03\/Ictus-y-rehabilitacion-cognitiva-Como-puede-reaprender-el-cerebro-tras-un-dano-severo-scaled-1.webp\" class=\"entry-image size-landscape-sm\" alt=\"Schlaganfall und kognitive Rehabilitation: Wie das Gehirn nach einer schweren Sch\u00e4digung neu lernen kann\" srcset=\"https:\/\/neuronup.com\/de\/wp-content\/uploads\/2025\/03\/Ictus-y-rehabilitacion-cognitiva-Como-puede-reaprender-el-cerebro-tras-un-dano-severo-scaled-1-300x168.webp 300w, https:\/\/neuronup.com\/de\/wp-content\/uploads\/2025\/03\/Ictus-y-rehabilitacion-cognitiva-Como-puede-reaprender-el-cerebro-tras-un-dano-severo-scaled-1-768x431.webp 768w, https:\/\/neuronup.com\/de\/wp-content\/uploads\/2025\/03\/Ictus-y-rehabilitacion-cognitiva-Como-puede-reaprender-el-cerebro-tras-un-dano-severo-scaled-1-1024x574.webp 1024w, https:\/\/neuronup.com\/de\/wp-content\/uploads\/2025\/03\/Ictus-y-rehabilitacion-cognitiva-Como-puede-reaprender-el-cerebro-tras-un-dano-severo-scaled-1-1536x861.webp 1536w, https:\/\/neuronup.com\/de\/wp-content\/uploads\/2025\/03\/Ictus-y-rehabilitacion-cognitiva-Como-puede-reaprender-el-cerebro-tras-un-dano-severo-scaled-1-2048x1148.webp 2048w, https:\/\/neuronup.com\/de\/wp-content\/uploads\/2025\/03\/Ictus-y-rehabilitacion-cognitiva-Como-puede-reaprender-el-cerebro-tras-un-dano-severo-scaled-1.webp 2560w\" sizes=\"(max-width:599px) 599px, (min-width:600px) and (max-width: 799px) 799px, (min-width:800px) and (max-width: 999px) 333px, (min-width:1000px) 400px\" \/><\/a><div class=\"entry-wrap entry-wrap-grid\"><h3 class=\"entry-title\" itemprop=\"headline\"><a class=\"entry-title-link\" href=\"https:\/\/neuronup.com\/de\/kognitive-stimulation-und-rehabilitation\/erworbene-hirnschadigung\/schlaganfalle-oder-erebrovaskulare-erkrankungen\/schlaganfall-und-kognitive-rehabilitation-wie-kann-das-gehirn-nach-einer-schweren-schadigung-neu-lernen\/\" rel=\"bookmark\">Schlaganfall und kognitive Rehabilitation: Wie das Gehirn nach schweren Sch\u00e4den neu lernen kann<\/a><\/h3>\n<\/div><\/article><\/div><\/div>\n\n\n<div style=\"height:50px\" aria-hidden=\"true\" class=\"wp-block-spacer\"><\/div>\n\n\n\n<p class=\"has-sm-font-size\">Dieser Artikel wurde \u00fcbersetzt; Link zum Originalartikel auf Spanisch:<br \/><a href=\"https:\/\/neuronup.com\/estimulacion-y-rehabilitacion-cognitiva\/enfermedades-neurodegenerativas\/enfermedad-de-alzheimer\/los-restos-de-un-naufragio-memoria-afectiva-y-alzheimer\/\" data-type=\"link\" data-id=\"https:\/\/neuronup.com\/estimulacion-y-rehabilitacion-cognitiva\/enfermedades-neurodegenerativas\/enfermedad-de-alzheimer\/los-restos-de-un-naufragio-memoria-afectiva-y-alzheimer\/\"><em>Los restos de un naufragio: memoria afectiva y Alzheimer<\/em><\/a><\/p>\n\n","protected":false},"excerpt":{"rendered":"<p>Die \u00dcberreste eines Schiffsungl\u00fccks. So bezeichne ich gerne das, was der&nbsp;Alzheimer&nbsp;nicht mitnimmt. Und irgendwie ist das tats\u00e4chlich die Darstellung dessen, was nach diesem gewaltigen Tsunami der Verw\u00fcstung von der Krankheit \u00fcbrig bleibt. Nachdem Erinnerungen, Identit\u00e4t und, wenn man es so sagen darf, sogar die Essenz als Person verloren gegangen sind, bleibt bei einem von Alzheimer &hellip;<\/p>\n","protected":false},"author":10,"featured_media":6913,"comment_status":"open","ping_status":"closed","sticky":false,"template":"","format":"standard","meta":{"_acf_changed":false,"_genesis_hide_title":false,"_genesis_hide_breadcrumbs":false,"_genesis_hide_singular_image":false,"_genesis_hide_footer_widgets":false,"_genesis_custom_body_class":"","_genesis_custom_post_class":"","_genesis_layout":"","footnotes":""},"categories":[11],"tags":[446,443,339],"class_list":{"2":"type-post","7":"category-alzheimer","8":"tag-altere-erwachsene","9":"tag-morbus-alzheimer","10":"tag-neurodegenerative-erkrankungen","11":"entry"},"acf":[],"_links":{"self":[{"href":"https:\/\/neuronup.com\/de\/wp-json\/wp\/v2\/posts\/6907","targetHints":{"allow":["GET"]}}],"collection":[{"href":"https:\/\/neuronup.com\/de\/wp-json\/wp\/v2\/posts"}],"about":[{"href":"https:\/\/neuronup.com\/de\/wp-json\/wp\/v2\/types\/post"}],"author":[{"embeddable":true,"href":"https:\/\/neuronup.com\/de\/wp-json\/wp\/v2\/users\/10"}],"replies":[{"embeddable":true,"href":"https:\/\/neuronup.com\/de\/wp-json\/wp\/v2\/comments?post=6907"}],"version-history":[{"count":0,"href":"https:\/\/neuronup.com\/de\/wp-json\/wp\/v2\/posts\/6907\/revisions"}],"wp:featuredmedia":[{"embeddable":true,"href":"https:\/\/neuronup.com\/de\/wp-json\/wp\/v2\/media\/6913"}],"wp:attachment":[{"href":"https:\/\/neuronup.com\/de\/wp-json\/wp\/v2\/media?parent=6907"}],"wp:term":[{"taxonomy":"category","embeddable":true,"href":"https:\/\/neuronup.com\/de\/wp-json\/wp\/v2\/categories?post=6907"},{"taxonomy":"post_tag","embeddable":true,"href":"https:\/\/neuronup.com\/de\/wp-json\/wp\/v2\/tags?post=6907"}],"curies":[{"name":"wp","href":"https:\/\/api.w.org\/{rel}","templated":true}]}}