{"id":45737,"date":"2025-10-17T19:05:00","date_gmt":"2025-10-17T19:05:00","guid":{"rendered":"https:\/\/neuronup.com\/?p=45737"},"modified":"2025-10-17T19:05:00","modified_gmt":"2025-10-17T19:05:00","slug":"lesetipps-zu-neurodegenerativen-demenzen","status":"publish","type":"post","link":"https:\/\/neuronup.com\/de\/neuronup-talks\/lesetipps-zu-neurodegenerativen-demenzen\/","title":{"rendered":"Empfohlene Lekt\u00fcren zu neurodegenerativen Demenzen"},"content":{"rendered":"\n<p class=\"has-xl-font-size\">Hat Sie unser Interview mit Adri\u00e0 Tort Merino bei NeuronUP Talks interessiert? In diesem Artikel&nbsp;<strong>teilen wir die von diesem Neuropsychologen empfohlene Bibliographie<\/strong>, damit Sie Ihr Wissen \u00fcber neurodegenerative Demenzen weiter vertiefen k\u00f6nnen.<\/p>\n\n\n\n<h2 class=\"wp-block-heading\">Wer ist Adri\u00e0 Tort Merino<\/h2>\n\n\n\n<p>Adri\u00e0 Tort-Merino ist <strong>klinischer Neuropsychologe in der Abteilung f\u00fcr Alzheimer und andere kognitive St\u00f6rungen des Hospital Cl\u00ednic de Barcelona und akkreditierter Postdoktorand am IDIBAPS<\/strong>.&nbsp;<\/p>\n\n\n\n<p>Mit mehr als zehn Jahren Erfahrung in der Beurteilung und Behandlung von Personen mit leichter kognitiver Beeintr\u00e4chtigung, Alzheimer-Krankheit und anderen Demenzen, <strong>konzentriert sich seine Arbeit darauf, fr\u00fchzeitige kognitive Marker zu identifizieren<\/strong>, die eine fr\u00fchere Diagnose und eine effektivere Intervention erm\u00f6glichen. Seine Forschungen haben das Vorhandensein subtiler Defizite im Ged\u00e4chtnis und in der Sprache in pr\u00e4klinischen Stadien des Alzheimer gezeigt, sowie Unterschiede im neuropsychologischen Profil zwischen fr\u00fch einsetzendem und sp\u00e4t einsetzendem Alzheimer.<\/p>\n\n\n\n<p>Seine Arbeit ist insbesondere f\u00fcr Fachleute relevant, die Programme zur kognitiven Stimulation durchf\u00fchren, da <strong>sie Evidenz daf\u00fcr liefert, wie man minimale Ver\u00e4nderungen in der kognitiven Leistungsf\u00e4higkeit erkennt und die Therapien anpasst<\/strong>, um die neuronale Plastizit\u00e4t zu f\u00f6rdern und den Abbau zu verlangsamen. Au\u00dferdem hat er Ph\u00e4nomene wie das beschleunigte langfristige Vergessen bei Tr\u00e4gern des APOE \u025b4-Allels untersucht, wodurch neue Wege er\u00f6ffnet wurden, um zu verstehen, wie langfristiges Vergessen entsteht und wie man individueller intervenieren kann.<\/p>\n\n\n\n<h2 class=\"wp-block-heading\">Interview mit Adri\u00e0 Tort Merino bei NeuronUP Talks<\/h2>\n\n\n\n<div style=\"height:50px\" aria-hidden=\"true\" class=\"wp-block-spacer\"><\/div>\n\n\n\n<figure class=\"wp-block-embed aligncenter is-type-video is-provider-youtube wp-block-embed-youtube image-interface wp-embed-aspect-16-9 wp-has-aspect-ratio\"><div class=\"wp-block-embed__wrapper\">\n<iframe title=\"Neuropsicolog\u00eda de las demencias neurodegenerativas |Adri\u00e0 Tort &amp; Carolina Sastre|NeuronUPTalks T2E1\" width=\"800\" height=\"450\" src=\"https:\/\/www.youtube.com\/embed\/ZaqpiglhzCw?feature=oembed\" frameborder=\"0\" allow=\"accelerometer; autoplay; clipboard-write; encrypted-media; gyroscope; picture-in-picture; web-share\" referrerpolicy=\"strict-origin-when-cross-origin\" allowfullscreen><\/iframe>\n<\/div><\/figure>\n\n\n\n<div style=\"height:50px\" aria-hidden=\"true\" class=\"wp-block-spacer\"><\/div>\n\n\n\n<p>NeuronUP Talks kehrt mit einer zweiten Staffel zur\u00fcck, gef\u00fcllt mit Gespr\u00e4chen und wertvollen Inhalten f\u00fcr Fachleute, die in der kognitiven Stimulation und Neurorehabilitation t\u00e4tig sind.<\/p>\n\n\n\n<p>In dieser ersten Folge sitzt Carolina Sastre mit dem Neuropsychologen Adri\u00e0 Tort Merino zusammen, um \u00fcber die <strong>neurodegenerativen Demenzen<\/strong> zu sprechen. <\/p>\n\n\n\n<p>Die fr\u00fchzeitige Beurteilung kognitiver Beeintr\u00e4chtigungen, neue psychometrische Instrumente und longitudinale Daten, die Bedeutung des klinischen Urteils und die Beziehung zum Patienten; sowie die aktuellen Einschr\u00e4nkungen und Herausforderungen in der klinischen Praxis sind nur einige der Punkte, die beide Neuropsychologen diesmal ansprechen. <\/p>\n\n\n\n<p>Wenn Sie Ihre klinische Praxis verbessern, Ihr Wissen aktualisieren und \u00fcberdenken m\u00f6chten, wie wir das bewerten, was noch nicht sichtbar ist, sollten Sie diesen Auftakt der Staffel nicht verpassen. <\/p>\n\n\n\n<div style=\"height:50px\" aria-hidden=\"true\" class=\"wp-block-spacer\"><\/div>\n\n\n\n<div class=\"wp-block-group br-0111 has-primary-background-color has-background has-dark-background has-sm-padding-top has-sm-padding-left has-sm-padding-right has-xxl-margin-top\"><div class=\"wp-block-group__inner-container is-layout-constrained wp-block-group-is-layout-constrained\">\n<div class=\"wp-block-columns is-layout-flex wp-container-core-columns-is-layout-9d6595d7 wp-block-columns-is-layout-flex\">\n<div class=\"wp-block-column is-layout-flow wp-block-column-is-layout-flow\">\n<figure class=\"wp-block-image size-full desktop-position-absolute desktop-bottom-0 mobile-width-50 mobile-m-inline-auto has-xl-margin-top\"><img decoding=\"async\" width=\"292\" height=\"338\" src=\"https:\/\/neuronup.com\/de\/wp-content\/uploads\/2023\/12\/Produkt-Zertifikat.webp\" alt=\"\" class=\"wp-image-27552\" srcset=\"https:\/\/neuronup.com\/de\/wp-content\/uploads\/2023\/12\/Produkt-Zertifikat-259x300.webp 259w, https:\/\/neuronup.com\/de\/wp-content\/uploads\/2023\/12\/Produkt-Zertifikat.webp 292w\" sizes=\"(max-width: 292px) 100vw, 292px\" \/><\/figure>\n<\/div>\n\n\n\n<div class=\"wp-block-column is-layout-flow wp-block-column-is-layout-flow\">\n<h2 class=\"wp-block-heading has-white-color has-text-color\">Melden Sie sich<br> f\u00fcr unseren<br> <strong>Newsletter<\/strong>\u00a0an<\/h2>\n\n\n\n<div class=\"wp-block-buttons is-layout-flex wp-block-buttons-is-layout-flex\">\n<div class=\"wp-block-button--1\" style=\"--button-outline-color:var(--color-white);--button-outline-color-hover:rgba(0,0,0,0.8);\"><a class=\"wp-block-button__link button button-outline   wp-element-button\" href=\"https:\/\/neuronup.com\/de\/newsletter\/#form\">Jetzt anmelden<\/a><\/div>\n\n<\/div>\n\n\n\n<div style=\"height:40px\" aria-hidden=\"true\" class=\"wp-block-spacer\"><\/div>\n<\/div>\n<\/div>\n<\/div><\/div>\n\n\n\n\n<div style=\"height:50px\" aria-hidden=\"true\" class=\"wp-block-spacer\"><\/div>\n\n\n\n<h2 class=\"wp-block-heading\">Empfohlene Lekt\u00fcre zu neurodegenerativen Demenzen<\/h2>\n\n\n\n<h3 class=\"wp-block-heading\">Empfohlene wissenschaftliche Artikel<\/h3>\n\n\n\n<ul class=\"wp-block-list\">\n<li>Aschenbrenner et al.(2022). Avoid or embrace? Practice effects in Alzheimer\u2019s disease prevention trials. Frontiers in Aging Neuroscience, 14, Article 883131. https:\/\/doi.org\/10.3389\/fnagi.2022.883131<\/li>\n\n\n\n<li>Baddeley, A. D., Atkinson, A. L., Hitch, G. J., &amp; Allen, R. J. (2021). Detecting accelerated long-term forgetting: A problem and some solutions. Cortex, 142, 237-251. https:\/\/doi.org\/10.1016\/j.cortex.2021.03.038<\/li>\n<\/ul>\n\n\n\n<ul class=\"wp-block-list\">\n<li>Duff, K., Callister, C., Dennett, K., &amp; Tometich, D. (2012). Practice Effects: A Unique Cognitive Variable. The Clinical Neuropsychologist, 26(7), 1117\u20131127. https:\/\/doi.org\/10.1080\/13854046.2012.722685<\/li>\n\n\n\n<li>Hassenstab, J., Ruvolo, D., Jasielec, M., Xiong, C., Grant, E., &amp; Morris, J. C. (2015). Absence of practice effects in preclinical Alzheimer\u2019s disease. Neuropsychology, 29(6), 940\u2013948. https:\/\/doi.org\/10.1037\/neu0000208<\/li>\n\n\n\n<li>Putcha, D., Katsumi, Y., Touroutoglou, A. et al. Heterogeneous clinical phenotypes of sporadic early-onset Alzheimer\u2019s disease: a neuropsychological data-driven approach. Alz Res Therapy 17, 38 (2025). https:\/\/doi.org\/10.1186\/s13195-025-01689-8<\/li>\n\n\n\n<li>Rentz, D.M., Parra Rodriguez, M.A., Amariglio, R. et al. Promising developments in neuropsychological approaches for the detection of preclinical Alzheimer\u2019s disease: a selective review. Alz Res Therapy 5, 58 (2013). https:\/\/doi.org\/10.1186\/alzrt222<\/li>\n<\/ul>\n\n\n\n<div style=\"height:50px\" aria-hidden=\"true\" class=\"wp-block-spacer\"><\/div>\n\n\n\n<div class=\"wp-block-group\"><div class=\"wp-block-group__inner-container is-layout-constrained wp-block-group-is-layout-constrained\">\n<div class=\"wp-block-columns br-0111 particle-bg p-5 has-primary-background-color has-background is-layout-flex wp-container-core-columns-is-layout-9d6595d7 wp-block-columns-is-layout-flex\">\n<div class=\"wp-block-column is-layout-flow wp-block-column-is-layout-flow\" style=\"flex-basis:66.66%\">\n<h2 class=\"wp-block-heading has-white-color has-text-color\">Testen Sie NeuronUP 7 Tage kostenlos<\/h2>\n\n\n\n<p class=\"has-white-color has-text-color\">Probieren Sie unsere verschiedenen \u00dcbungen, erstellen Sie Sitzungen oder arbeiten Sie remote mithilfe von Online-Sitzungen<\/p>\n<\/div>\n\n\n\n<div class=\"wp-block-column is-layout-flow wp-block-column-is-layout-flow\" style=\"flex-basis:33.33%\">\n<div class=\"wp-block-buttons is-content-justification-center is-layout-flex wp-container-core-buttons-is-layout-16018d1d wp-block-buttons-is-layout-flex\">\n<div class=\"wp-block-button\" style=\"--button-background:var(--color-custom-1);--button-background-hover:#cc7e00;\"><a class=\"wp-block-button__link button   wp-element-button\" href=\"https:\/\/neuronup.com\/de\/landing-store-user\/\">Kostenlos testen<\/a><\/div>\n\n<\/div>\n<\/div>\n<\/div>\n<\/div><\/div>\n\n\n\n<div style=\"height:50px\" aria-hidden=\"true\" class=\"wp-block-spacer\"><\/div>\n\n\n\n<h3 class=\"wp-block-heading\">Wenn Ihnen dieser Blogbeitrag \u00fcber <strong>empfohlene Lekt\u00fcren zu neurodegenerativen Demenzen<\/strong> gefallen hat, k\u00f6nnten Sie an diesen Artikeln von NeuronUP interessiert sein:<\/h3>\n\n<div class=\"mai-grid entries entries-grid has-boxed has-image-full\" style=\"--entry-title-font-size:var(--font-size-lg);--align-text:start;--entry-meta-text-align:start;\"><div class=\"entries-wrap has-columns\" style=\"--columns-xs:1\/1;--columns-sm:1\/1;--columns-md:1\/3;--columns-lg:1\/3;--flex-xs:0 0 var(--flex-basis);--flex-sm:0 0 var(--flex-basis);--flex-md:0 0 var(--flex-basis);--flex-lg:0 0 var(--flex-basis);--column-gap:var(--spacing-lg);--row-gap:var(--spacing-lg);--align-columns:start;\"><article class=\"entry entry-grid is-column has-entry-link has-image has-image-first type-post category-multiple-sklerose tag-gehirnwoche tag-kognitive-stimulation tag-multiple-sklerose tag-neurodegenerative-erkrankungen\" style=\"--entry-index:1;\" aria-label=\"Kognitive Rehabilitation bei Patienten mit Multipler Sklerose: Strategien zur Verbesserung der Lebensqualit\u00e4t\" itemscope itemtype=\"https:\/\/schema.org\/CreativeWork\"><a class=\"entry-image-link\" href=\"https:\/\/neuronup.com\/de\/kognitive-stimulation-und-rehabilitation\/neurodegenerative-erkrankungen\/multiple-sklerose\/kognitive-rehabilitation-bei-patienten-mit-multipler-sklerose-strategien-zur-verbesserung-der-lebensqualitat\/\" tabindex=\"-1\" aria-hidden=\"true\"><img decoding=\"async\" width=\"400\" height=\"267\" src=\"https:\/\/neuronup.com\/de\/wp-content\/uploads\/2025\/03\/Rehabilitacion-cognitiva-en-pacientes-con-esclerosis-multiple-estrategias-para-mejorar-la-calidad-de-vida.webp\" class=\"entry-image size-landscape-sm\" alt=\"Kognitive Rehabilitation bei Patienten mit Multipler Sklerose Strategien zur Verbesserung der Lebensqualit\u00e4t\" srcset=\"https:\/\/neuronup.com\/de\/wp-content\/uploads\/2025\/03\/Rehabilitacion-cognitiva-en-pacientes-con-esclerosis-multiple-estrategias-para-mejorar-la-calidad-de-vida-300x200.webp 300w, https:\/\/neuronup.com\/de\/wp-content\/uploads\/2025\/03\/Rehabilitacion-cognitiva-en-pacientes-con-esclerosis-multiple-estrategias-para-mejorar-la-calidad-de-vida-768x512.webp 768w, https:\/\/neuronup.com\/de\/wp-content\/uploads\/2025\/03\/Rehabilitacion-cognitiva-en-pacientes-con-esclerosis-multiple-estrategias-para-mejorar-la-calidad-de-vida-1024x683.webp 1024w, https:\/\/neuronup.com\/de\/wp-content\/uploads\/2025\/03\/Rehabilitacion-cognitiva-en-pacientes-con-esclerosis-multiple-estrategias-para-mejorar-la-calidad-de-vida.webp 1200w\" sizes=\"(max-width:599px) 599px, (min-width:600px) and (max-width: 799px) 799px, (min-width:800px) and (max-width: 999px) 333px, (min-width:1000px) 400px\" \/><\/a><div class=\"entry-wrap entry-wrap-grid\"><h3 class=\"entry-title\" itemprop=\"headline\"><a class=\"entry-title-link\" href=\"https:\/\/neuronup.com\/de\/kognitive-stimulation-und-rehabilitation\/neurodegenerative-erkrankungen\/multiple-sklerose\/kognitive-rehabilitation-bei-patienten-mit-multipler-sklerose-strategien-zur-verbesserung-der-lebensqualitat\/\" rel=\"bookmark\">Kognitive Rehabilitation bei Patienten mit Multipler Sklerose: Strategien zur Verbesserung der Lebensqualit\u00e4t<\/a><\/h3>\n<\/div><\/article><article class=\"entry entry-grid is-column has-entry-link has-image has-image-first type-post category-aktivitaten-fur-alzheimer-patienten tag-aktivitaten-zur-kognitiven-stimulation tag-alzheimer tag-neurodegenerative-erkrankungen\" style=\"--entry-index:2;\" aria-label=\"10 \u00dcbungen f\u00fcr kognitives Training f\u00fcr Menschen mit Alzheimer\" itemscope itemtype=\"https:\/\/schema.org\/CreativeWork\"><a class=\"entry-image-link\" href=\"https:\/\/neuronup.com\/de\/aktivitaten-fur-neurorehabilitation\/aktivitaten-fur-alzheimer-patienten\/10-uebungen-fuer-kognitives-training-fuer-menschen-mit-alzheimer\/\" tabindex=\"-1\" aria-hidden=\"true\"><img decoding=\"async\" width=\"400\" height=\"300\" src=\"https:\/\/neuronup.com\/de\/wp-content\/uploads\/2024\/04\/Uebung-Zieh-dich-an-400x300.webp\" class=\"entry-image size-landscape-sm\" alt=\"\u00dcbung-Zieh-dich-an\" \/><\/a><div class=\"entry-wrap entry-wrap-grid\"><h3 class=\"entry-title\" itemprop=\"headline\"><a class=\"entry-title-link\" href=\"https:\/\/neuronup.com\/de\/aktivitaten-fur-neurorehabilitation\/aktivitaten-fur-alzheimer-patienten\/10-uebungen-fuer-kognitives-training-fuer-menschen-mit-alzheimer\/\" rel=\"bookmark\">10 \u00dcbungen f\u00fcr kognitives Training f\u00fcr Menschen mit Alzheimer<\/a><\/h3>\n<\/div><\/article><article class=\"entry entry-grid is-column has-entry-link has-image has-image-first type-post category-adhs-aufmerksamkeitsdefizit-hyperaktivitatsstorung tag-adhs tag-neuroentwicklungsstorungen\" style=\"--entry-index:3;\" aria-label=\"Unterschiede zwischen ADHS und ASS: Verst\u00e4ndnis f\u00fcr zwei neuroentwicklungsbedingter St\u00f6rungen\" itemscope itemtype=\"https:\/\/schema.org\/CreativeWork\"><a class=\"entry-image-link\" href=\"https:\/\/neuronup.com\/de\/kognitive-stimulation-und-rehabilitation\/neurologische-entwicklungsstorungen\/adhs-aufmerksamkeitsdefizit-hyperaktivitatsstorung\/unterschiede-zwischen-adhs-und-ass-zwei-neuroentwicklungsstorungen-verstehen\/\" tabindex=\"-1\" aria-hidden=\"true\"><img decoding=\"async\" width=\"400\" height=\"267\" src=\"https:\/\/neuronup.com\/de\/wp-content\/uploads\/2023\/07\/Diferencias-entre-TDAH-y-TEA.webp\" class=\"entry-image size-landscape-sm\" alt=\"Erh\u00f6ht ADHS das Risiko, Verhaltensprobleme zu entwickeln?\" srcset=\"https:\/\/neuronup.com\/de\/wp-content\/uploads\/2023\/07\/Diferencias-entre-TDAH-y-TEA-300x200.webp 300w, https:\/\/neuronup.com\/de\/wp-content\/uploads\/2023\/07\/Diferencias-entre-TDAH-y-TEA-768x512.webp 768w, https:\/\/neuronup.com\/de\/wp-content\/uploads\/2023\/07\/Diferencias-entre-TDAH-y-TEA-1024x682.webp 1024w, https:\/\/neuronup.com\/de\/wp-content\/uploads\/2023\/07\/Diferencias-entre-TDAH-y-TEA.webp 1202w\" sizes=\"(max-width:599px) 599px, (min-width:600px) and (max-width: 799px) 799px, (min-width:800px) and (max-width: 999px) 333px, (min-width:1000px) 400px\" \/><\/a><div class=\"entry-wrap entry-wrap-grid\"><h3 class=\"entry-title\" itemprop=\"headline\"><a class=\"entry-title-link\" href=\"https:\/\/neuronup.com\/de\/kognitive-stimulation-und-rehabilitation\/neurologische-entwicklungsstorungen\/adhs-aufmerksamkeitsdefizit-hyperaktivitatsstorung\/unterschiede-zwischen-adhs-und-ass-zwei-neuroentwicklungsstorungen-verstehen\/\" rel=\"bookmark\">Unterschiede zwischen ADHS und ASS: Verst\u00e4ndnis f\u00fcr zwei neuroentwicklungsbedingter St\u00f6rungen<\/a><\/h3>\n<\/div><\/article><article class=\"entry entry-grid is-column has-entry-link has-image has-image-first type-post category-multiple-sklerose tag-erfahrungsberichte tag-multiple-sklerose tag-neurodegenerative-erkrankungen\" style=\"--entry-index:4;\" aria-label=\"Die umfassendste kognitive \u00dcbung f\u00fcr Menschen mit Multipler Sklerose\" itemscope itemtype=\"https:\/\/schema.org\/CreativeWork\"><a class=\"entry-image-link\" href=\"https:\/\/neuronup.com\/de\/kognitive-stimulation-und-rehabilitation\/neurodegenerative-erkrankungen\/multiple-sklerose\/ubung-fur-menschen-mit-multipler-sklerose\/\" tabindex=\"-1\" aria-hidden=\"true\"><img decoding=\"async\" width=\"400\" height=\"288\" src=\"https:\/\/neuronup.com\/de\/wp-content\/uploads\/2022\/09\/El-ejercicio-cognitivo-mas-completo-para-personas-con-esclerosis-multiple-1-2-1-1.webp\" class=\"entry-image size-landscape-sm\" alt=\"\u00fcbung-f\u00fcr-menschen-mit-multiple-sklerose\" srcset=\"https:\/\/neuronup.com\/de\/wp-content\/uploads\/2022\/09\/El-ejercicio-cognitivo-mas-completo-para-personas-con-esclerosis-multiple-1-2-1-1-300x216.webp 300w, https:\/\/neuronup.com\/de\/wp-content\/uploads\/2022\/09\/El-ejercicio-cognitivo-mas-completo-para-personas-con-esclerosis-multiple-1-2-1-1-768x553.webp 768w, https:\/\/neuronup.com\/de\/wp-content\/uploads\/2022\/09\/El-ejercicio-cognitivo-mas-completo-para-personas-con-esclerosis-multiple-1-2-1-1-1024x737.webp 1024w, https:\/\/neuronup.com\/de\/wp-content\/uploads\/2022\/09\/El-ejercicio-cognitivo-mas-completo-para-personas-con-esclerosis-multiple-1-2-1-1.webp 1200w\" sizes=\"(max-width:599px) 599px, (min-width:600px) and (max-width: 799px) 799px, (min-width:800px) and (max-width: 999px) 333px, (min-width:1000px) 400px\" \/><\/a><div class=\"entry-wrap entry-wrap-grid\"><h3 class=\"entry-title\" itemprop=\"headline\"><a class=\"entry-title-link\" href=\"https:\/\/neuronup.com\/de\/kognitive-stimulation-und-rehabilitation\/neurodegenerative-erkrankungen\/multiple-sklerose\/ubung-fur-menschen-mit-multipler-sklerose\/\" rel=\"bookmark\">Die umfassendste kognitive \u00dcbung f\u00fcr Menschen mit Multipler Sklerose<\/a><\/h3>\n<\/div><\/article><article class=\"entry entry-grid is-column has-entry-link has-image has-image-first type-post category-neurodegenerative-erkrankungen tag-alzheimer tag-erfahrungsberichte tag-exekutive-funktionen tag-kognitives-training tag-neurodegenerative-erkrankungen tag-parkinson\" style=\"--entry-index:5;\" aria-label=\"Der Einsatz von NeuronUP bei neurodegenerativen Erkrankungen\" itemscope itemtype=\"https:\/\/schema.org\/CreativeWork\"><a class=\"entry-image-link\" href=\"https:\/\/neuronup.com\/de\/kognitive-stimulation-und-rehabilitation\/neurodegenerative-erkrankungen\/der-einsatz-von-neuronup-bei-neurodegenerativen-erkrankungen\/\" tabindex=\"-1\" aria-hidden=\"true\"><img decoding=\"async\" width=\"400\" height=\"300\" src=\"https:\/\/neuronup.com\/de\/wp-content\/uploads\/2024\/01\/Therapeutin-arbeitet-mit-aelterem-Patient-mit-neurodegenerativer-Erkrankung-1-1-400x300.webp\" class=\"entry-image size-landscape-sm\" alt=\"Therapeutin-arbeitet-mit-\u00e4lterem-Patient-mit-neurodegenerativer-Erkrankung\" srcset=\"https:\/\/neuronup.com\/de\/wp-content\/uploads\/2024\/01\/Therapeutin-arbeitet-mit-aelterem-Patient-mit-neurodegenerativer-Erkrankung-1-1-400x300.webp 400w, https:\/\/neuronup.com\/de\/wp-content\/uploads\/2024\/01\/Therapeutin-arbeitet-mit-aelterem-Patient-mit-neurodegenerativer-Erkrankung-1-1-800x600.webp 800w\" sizes=\"(max-width:599px) 599px, (min-width:600px) and (max-width: 799px) 799px, (min-width:800px) and (max-width: 999px) 333px, (min-width:1000px) 400px\" \/><\/a><div class=\"entry-wrap entry-wrap-grid\"><h3 class=\"entry-title\" itemprop=\"headline\"><a class=\"entry-title-link\" href=\"https:\/\/neuronup.com\/de\/kognitive-stimulation-und-rehabilitation\/neurodegenerative-erkrankungen\/der-einsatz-von-neuronup-bei-neurodegenerativen-erkrankungen\/\" rel=\"bookmark\">Der Einsatz von NeuronUP bei neurodegenerativen Erkrankungen<\/a><\/h3>\n<\/div><\/article><article class=\"entry entry-grid is-column has-entry-link has-image has-image-first type-post category-aktivitaten-des-taglichen-lebens-adls tag-aktivitaten-des-taglichen-lebens tag-aktivitaten-zur-kognitiven-stimulation tag-aufmerksamkeit tag-exekutive-funktionen tag-gedachtnis tag-orientierung\" style=\"--entry-index:6;\" aria-label=\"Instrumentelle Aktivit\u00e4ten des t\u00e4glichen Lebens: Was sie sind, Typen und Beispiele\" itemscope itemtype=\"https:\/\/schema.org\/CreativeWork\"><a class=\"entry-image-link\" href=\"https:\/\/neuronup.com\/de\/aktivitaten-fur-neurorehabilitation\/aktivitaten-des-taglichen-lebens-adls\/instrumentelle-aktivitaten-des-taglichen-lebens-was-sind-typen-und-beispiele\/\" tabindex=\"-1\" aria-hidden=\"true\"><img decoding=\"async\" width=\"400\" height=\"297\" src=\"https:\/\/neuronup.com\/de\/wp-content\/uploads\/2022\/06\/Actividades-instrumentales-de-la-vida-diaria.-Actividad-de-NeuronUP-Recicla-tu-basura.webp\" class=\"entry-image size-landscape-sm\" alt=\"Instrumentelle Aktivit\u00e4ten des t\u00e4glichen Lebens. NeuronUP Aktivit\u00e4t: Recycle deinen M\u00fcll\" srcset=\"https:\/\/neuronup.com\/de\/wp-content\/uploads\/2022\/06\/Actividades-instrumentales-de-la-vida-diaria.-Actividad-de-NeuronUP-Recicla-tu-basura-300x223.webp 300w, https:\/\/neuronup.com\/de\/wp-content\/uploads\/2022\/06\/Actividades-instrumentales-de-la-vida-diaria.-Actividad-de-NeuronUP-Recicla-tu-basura-768x570.webp 768w, https:\/\/neuronup.com\/de\/wp-content\/uploads\/2022\/06\/Actividades-instrumentales-de-la-vida-diaria.-Actividad-de-NeuronUP-Recicla-tu-basura.webp 879w\" sizes=\"(max-width:599px) 599px, (min-width:600px) and (max-width: 799px) 799px, (min-width:800px) and (max-width: 999px) 333px, (min-width:1000px) 400px\" \/><\/a><div class=\"entry-wrap entry-wrap-grid\"><h3 class=\"entry-title\" itemprop=\"headline\"><a class=\"entry-title-link\" href=\"https:\/\/neuronup.com\/de\/aktivitaten-fur-neurorehabilitation\/aktivitaten-des-taglichen-lebens-adls\/instrumentelle-aktivitaten-des-taglichen-lebens-was-sind-typen-und-beispiele\/\" rel=\"bookmark\">Instrumentelle Aktivit\u00e4ten des t\u00e4glichen Lebens: Was sie sind, Typen und Beispiele<\/a><\/h3>\n<\/div><\/article><\/div><\/div>\n\n<div style=\"height:50px\" aria-hidden=\"true\" class=\"wp-block-spacer\"><\/div>\n\n\n\n<p class=\"has-sm-font-size\">&#8222;Dieser Artikel wurde \u00fcbersetzt. Link zum Originalartikel auf Spanisch:&#8220;<br><a href=\"https:\/\/neuronup.com\/neuronup-talks\/lecturas-recomendadas-sobre-demencias-neurodegenerativas\/\" data-type=\"link\" data-id=\"https:\/\/neuronup.com\/neuronup-talks\/lecturas-recomendadas-sobre-demencias-neurodegenerativas\/\"><em>Lecturas recomendadas sobre demencias neurodegenerativas<\/em><\/a><\/p>\n\n","protected":false},"excerpt":{"rendered":"<p>Hat Sie unser Interview mit Adri\u00e0 Tort Merino bei NeuronUP Talks interessiert? In diesem Artikel&nbsp;teilen wir die von diesem Neuropsychologen empfohlene Bibliographie, damit Sie Ihr Wissen \u00fcber neurodegenerative Demenzen weiter vertiefen k\u00f6nnen. Wer ist Adri\u00e0 Tort Merino Adri\u00e0 Tort-Merino ist klinischer Neuropsychologe in der Abteilung f\u00fcr Alzheimer und andere kognitive St\u00f6rungen des Hospital Cl\u00ednic de &hellip;<\/p>\n","protected":false},"author":33,"featured_media":45939,"comment_status":"open","ping_status":"open","sticky":false,"template":"","format":"standard","meta":{"_acf_changed":false,"_genesis_hide_title":false,"_genesis_hide_breadcrumbs":false,"_genesis_hide_singular_image":false,"_genesis_hide_footer_widgets":false,"_genesis_custom_body_class":"","_genesis_custom_post_class":"","_genesis_layout":"content-sidebar","footnotes":""},"categories":[435],"tags":[391,339,477],"class_list":{"2":"type-post","7":"category-neuronup-talks","8":"tag-demenz","9":"tag-neurodegenerative-erkrankungen","10":"tag-neuronup-talks","11":"entry"},"acf":[],"_links":{"self":[{"href":"https:\/\/neuronup.com\/de\/wp-json\/wp\/v2\/posts\/45737","targetHints":{"allow":["GET"]}}],"collection":[{"href":"https:\/\/neuronup.com\/de\/wp-json\/wp\/v2\/posts"}],"about":[{"href":"https:\/\/neuronup.com\/de\/wp-json\/wp\/v2\/types\/post"}],"author":[{"embeddable":true,"href":"https:\/\/neuronup.com\/de\/wp-json\/wp\/v2\/users\/33"}],"replies":[{"embeddable":true,"href":"https:\/\/neuronup.com\/de\/wp-json\/wp\/v2\/comments?post=45737"}],"version-history":[{"count":0,"href":"https:\/\/neuronup.com\/de\/wp-json\/wp\/v2\/posts\/45737\/revisions"}],"wp:featuredmedia":[{"embeddable":true,"href":"https:\/\/neuronup.com\/de\/wp-json\/wp\/v2\/media\/45939"}],"wp:attachment":[{"href":"https:\/\/neuronup.com\/de\/wp-json\/wp\/v2\/media?parent=45737"}],"wp:term":[{"taxonomy":"category","embeddable":true,"href":"https:\/\/neuronup.com\/de\/wp-json\/wp\/v2\/categories?post=45737"},{"taxonomy":"post_tag","embeddable":true,"href":"https:\/\/neuronup.com\/de\/wp-json\/wp\/v2\/tags?post=45737"}],"curies":[{"name":"wp","href":"https:\/\/api.w.org\/{rel}","templated":true}]}}