{"id":45215,"date":"2025-10-16T07:30:00","date_gmt":"2025-10-16T07:30:00","guid":{"rendered":"https:\/\/neuronup.com\/?p=45215"},"modified":"2025-10-16T07:30:00","modified_gmt":"2025-10-16T07:30:00","slug":"traumatische-hirnverletzung-durch-autounfall-und-disquisis-neuropsychologische-auswirkungen","status":"publish","type":"post","link":"https:\/\/neuronup.com\/de\/kognitive-stimulation-und-rehabilitation\/erworbene-hirnschadigung\/schadel-hirn-trauma-sht\/traumatische-hirnverletzung-durch-autounfall-und-disquisis-neuropsychologische-auswirkungen\/","title":{"rendered":"Sch\u00e4del-Hirn-Trauma durch Autounfall und Diaschisis: neuropsychologische Auswirkungen"},"content":{"rendered":"\n<p class=\"has-xl-font-size\">Martha Valeria Medina Rivera, Neuropsychologin bei NeuronUP, erkl\u00e4rt uns <strong>wie die Diaschisis die kognitiven Folgen nach einem TCE beeinflusst und welche Schl\u00fcsselrolle die Neuropsychologie bei deren Rehabilitation spielt<\/strong>.<\/p>\n\n\n\n<h2 class=\"wp-block-heading\">Einleitung<\/h2>\n\n\n\n<p>Das <a href=\"https:\/\/neuronup.com\/estimulacion-y-rehabilitacion-cognitiva\/dano-cerebral-adquirido\/traumatismos-craneoencefalicos-tce\/traumatismo-craneoencefalico-manejo-y-tratamiento\/\">traumatische Sch\u00e4del-Hirn-Trauma (TCE)<\/a> ist eine der Hauptursachen f\u00fcr Behinderungen und Mortalit\u00e4t weltweit. Zu den h\u00e4ufigsten Ursachen geh\u00f6ren St\u00fcrze und Verkehrsunf\u00e4lle; letztere haben in L\u00e4ndern mit niedrigem und mittlerem Einkommen ein deutlich gr\u00f6\u00dferes Gewicht und machen dort bis zu 56 % der F\u00e4lle aus, im Vergleich zu 25 % in L\u00e4ndern mit hohem Einkommen, da die Verkehrssicherheit und -regulierung jedes Landes ihre H\u00e4ufigkeit bestimmen. Global betrachtet <strong>wird gesch\u00e4tzt, dass j\u00e4hrlich etwa 69 Millionen TCE auftreten<\/strong>, mit einer drei Mal h\u00f6heren Belastung in L\u00e4ndern mit geringen Ressourcen (Halalmeh et al., 2024).<\/p>\n\n\n\n<p>Dieses Bild spiegelt die Komplexit\u00e4t des TCE wider, insbesondere bei Verkehrsunf\u00e4llen, bei denen<strong> die Verletzungen nicht nur fokale Sch\u00e4den verursachen, sondern auch funktionelle Fernverbindungen unterbrechen<\/strong>. Hier tritt das Konzept der <strong>Diaschisis<\/strong> in den Vordergrund, das entscheidend daf\u00fcr ist zu verstehen, warum viele kognitive St\u00f6rungen nicht ausschlie\u00dflich von der gesch\u00e4digten Region abh\u00e4ngen, sondern von der Disconnection gr\u00f6\u00dferer neuronaler Netzwerke.<\/p>\n\n\n\n<p>Daher ist das Ziel dieses Artikels, <strong>die Beziehung zwischen TCE durch Verkehrsunf\u00e4lle und dem Ph\u00e4nomen der Diaschisis sowie die Rolle der Neuropsychologie<\/strong> als zentraler Bestandteil zur Optimierung von Interventionsstrategien und zur Verbesserung der funktionellen Prognose betroffener Personen zu analysieren.<\/p>\n\n\n\n<h2 class=\"wp-block-heading\">Traumatisches Sch\u00e4del-Hirn-Trauma (TCE)<\/h2>\n\n\n\n<p>Ein TCE wird verstanden als eine <strong>strukturelle Verletzung oder eine physiologische St\u00f6rung der Hirnfunktion, verursacht durch eine \u00e4u\u00dfere Kraft <\/strong>(Mckee &amp; Daneshvar, 2015). <\/p>\n\n\n\n<p>Laut der klinischen Leitlinie des US Department of Veterans Affairs und des Department of Defense (VA\/DoD, 2009 in Mckee &amp; Daneshvar, 2015) wird die Diagnose <strong>gestellt, wenn mindestens eine der folgenden Manifestationen beobachtet wird<\/strong>: Verlust oder Ver\u00e4nderung des Bewusstseins, posttraumatische Amnesie, Verwirrung oder verlangsamtes Denken, vor\u00fcbergehende oder persistente neurologische Ver\u00e4nderungen sowie der Nachweis einer intrakraniellen Verletzung.<\/p>\n\n\n\n<p>Die Schwere des TCE wird haupts\u00e4chlich mittels der Glasgow Coma Scale (GCS), der Dauer des Bewusstseinsverlusts (LOC) und der posttraumatischen Amnesie (PTA) klassifiziert:<\/p>\n\n\n\n<ul class=\"wp-block-list\">\n<li><strong>Leicht<\/strong>: GCS 13\u201315, LOC &lt; 1 h, PTA &lt; 24 h. <\/li>\n\n\n\n<li><strong>Mittelgradig<\/strong>: GCS 9\u201313, LOC 1\u201324 h, PTA 1\u20137 Tage. <\/li>\n\n\n\n<li><strong>Schwer<\/strong>: GCS 3\u20138, LOC &gt; 24 h, PTA &gt; 1 Woche.<\/li>\n<\/ul>\n\n\n\n<p>Obwohl die Mehrheit der F\u00e4lle (75\u201385 %) leicht sind, <strong>entwickeln zwischen 15\u201330 % der Betroffenen persistierende Symptome<\/strong>, die Kognition, Verhalten und emotionalen Zustand beeintr\u00e4chtigen und zeigen, dass selbst die mildesten Formen langfristige Folgen haben k\u00f6nnen (Mckee &amp; Daneshvar, 2015).<\/p>\n\n\n\n<div style=\"height:50px\" aria-hidden=\"true\" class=\"wp-block-spacer\"><\/div>\n\n\n\n<div class=\"wp-block-group br-0111 has-primary-background-color has-background has-dark-background has-sm-padding-top has-sm-padding-left has-sm-padding-right has-xxl-margin-top\"><div class=\"wp-block-group__inner-container is-layout-constrained wp-block-group-is-layout-constrained\">\n<div class=\"wp-block-columns is-layout-flex wp-container-core-columns-is-layout-9d6595d7 wp-block-columns-is-layout-flex\">\n<div class=\"wp-block-column is-layout-flow wp-block-column-is-layout-flow\">\n<figure class=\"wp-block-image size-full desktop-position-absolute desktop-bottom-0 mobile-width-50 mobile-m-inline-auto has-xl-margin-top\"><img decoding=\"async\" width=\"292\" height=\"338\" src=\"https:\/\/neuronup.com\/de\/wp-content\/uploads\/2023\/12\/Produkt-Zertifikat.webp\" alt=\"\" class=\"wp-image-27552\" srcset=\"https:\/\/neuronup.com\/de\/wp-content\/uploads\/2023\/12\/Produkt-Zertifikat-259x300.webp 259w, https:\/\/neuronup.com\/de\/wp-content\/uploads\/2023\/12\/Produkt-Zertifikat.webp 292w\" sizes=\"(max-width: 292px) 100vw, 292px\" \/><\/figure>\n<\/div>\n\n\n\n<div class=\"wp-block-column is-layout-flow wp-block-column-is-layout-flow\">\n<h2 class=\"wp-block-heading has-white-color has-text-color\">Melden Sie sich<br> f\u00fcr unseren<br> <strong>Newsletter<\/strong>\u00a0an<\/h2>\n\n\n\n<div class=\"wp-block-buttons is-layout-flex wp-block-buttons-is-layout-flex\">\n<div class=\"wp-block-button--1\" style=\"--button-outline-color:var(--color-white);--button-outline-color-hover:rgba(0,0,0,0.8);\"><a class=\"wp-block-button__link button button-outline   wp-element-button\" href=\"https:\/\/neuronup.com\/de\/newsletter\/#form\">Jetzt anmelden<\/a><\/div>\n\n<\/div>\n\n\n\n<div style=\"height:40px\" aria-hidden=\"true\" class=\"wp-block-spacer\"><\/div>\n<\/div>\n<\/div>\n<\/div><\/div>\n\n\n\n\n<div style=\"height:50px\" aria-hidden=\"true\" class=\"wp-block-spacer\"><\/div>\n\n\n\n<h2 class=\"wp-block-heading\">Zusammenhang zwischen kognitiven St\u00f6rungen und spezifischer Hirnsch\u00e4digung nach TCE<\/h2>\n\n\n\n<p><strong>Die <a href=\"https:\/\/neuronup.com\/estimulacion-y-rehabilitacion-cognitiva\/dano-cerebral-adquirido\/tendencias-actuales-en-el-tratamiento-de-dano-cerebral-adquirido-dca\/\">kognitiven und Verhaltens\u00e4nderungen nach einem TCE<\/a> sind h\u00e4ufig und beeintr\u00e4chtigen das t\u00e4gliche Leben erheblich<\/strong> (MckKee &amp; Daneshvar, 2015; Halalmeh et al., 2024). Um diese Komplexit\u00e4t zu verstehen, ist es notwendig, die Verletzungsmechanismen und die neurophysiologischen Prozesse zu beschreiben, die dem TCE zugrunde liegen, insbesondere im Kontext von Verkehrsunf\u00e4llen (Azouvi et al., 2017; Le Prieult et al., 2017; Halalmeh et al., 2024).<\/p>\n\n\n\n<p>Bei einem Aufprall ist das Gehirn Beschleunigungs\u2011\/Verz\u00f6gerungskr\u00e4ften, direkten St\u00f6\u00dfen und Rotationsbewegungen ausgesetzt (Azouvi et al., 2017). <strong>Diese Mechanismen verursachen zwei Haupttypen von Sch\u00e4den<\/strong>:<\/p>\n\n\n\n<ul class=\"wp-block-list\">\n<li><strong>Fokale L\u00e4sionen<\/strong>: Entz\u00fcndungen, Kontusionen, H\u00e4matome oder innere Blutungen, die haupts\u00e4chlich frontale und temporale Regionen betreffen (Mckee &amp; Daneshvar, 2015).<\/li>\n\n\n\n<li><strong>Difuse L\u00e4sionen<\/strong>: betreffen die wei\u00dfe Substanz, insbesondere den Corpus callosum und Verbindungsbahnen frontostriataler sowie temporoparietaler Trakte und st\u00f6ren gro\u00dfr\u00e4umige neuronale Netzwerke (Mckee &amp; Daneshvar).<\/li>\n<\/ul>\n\n\n\n<p>Dazu kommt eine Kaskade von <strong>sekund\u00e4ren Prozessen, die die Ver\u00e4nderungen im Gehirn verst\u00e4rken<\/strong>: Exzitotoxizit\u00e4t durch \u00fcbersch\u00fcssiges Glutamat, mitochondrialer Funktionsverlust, oxidativer Stress, reduzierte zerebrale Durchblutung, \u00d6deme, Neurotransmitter-Ungleichgewichte und mikroglia-vermittelte Neuroinflammation (mit sowohl sch\u00e4dlichen als auch reparativen Effekten) (Mckee &amp; Daneshvar, 2015).<\/p>\n\n\n\n<p>Fokale L\u00e4sionen, diffuse Sch\u00e4den und sekund\u00e4re Prozesse bilden die neurobiologische Grundlage der nach einem TCE beobachteten kognitiven und Verhaltensschwierigkeiten. Die h\u00e4ufigsten kognitiven Folgen sind meist mit den durch die Verletzung betroffenen Arealen assoziiert und umfassen Schwierigkeiten (Halalmeh et al., 2024).<\/p>\n\n\n\n<h2 class=\"wp-block-heading\">Diaschisis und ihre Beziehung zum TCE<\/h2>\n\n\n\n<p>Wie gesehen, kann ein TCE Hirnregionen sch\u00e4digen, die an bestimmten <a href=\"https:\/\/neuronup.com\/de\/einsatzbereiche\/kognitive-funktionen\/\">kognitiven Funktionen<\/a> beteiligt sind; jedoch <strong>wissen wir heute, dass es keinen strikten Lokalisationismus gibt, der eine Funktion ausschlie\u00dflich einer Zone zuordnet<\/strong>. Das Gehirn funktioniert als ein vernetztes System, und h\u00e4ufig treten kognitive St\u00f6rungen auf, obwohl die L\u00e4sion nicht in der Region liegt, die \u00fcblicherweise mit diesen Funktionen in Verbindung gebracht wird.<\/p>\n\n\n\n<p>Dieses Ph\u00e4nomen, 1914 von von Monakow als Diaschisis beschrieben, besteht in einer <strong>Verminderung der neuronalen Erregbarkeit in weit entfernten Bereichen der L\u00e4sion aufgrund der Unterbrechung von Verbindungswegen<\/strong> (Carrera &amp; Tononi, 2014).&nbsp;<\/p>\n\n\n\n<p>Die Diaschisis wirkt wie eine Abwehrstrategie: nach der Verletzung treten weite Regionen in einen Zustand der Hypoexzitabilit\u00e4t oder \u201eSchockphase\u201c ein, der sich je nach Ausdehnung des Schadens und der neuronalen Plastizit\u00e4t schrittweise zur\u00fcckbilden kann. Dieses Ph\u00e4nomen <strong>erkl\u00e4rt, warum einige Personen motorische, sensorische oder kognitive Ver\u00e4nderungen zeigen, die nicht mit dem anatomisch gesch\u00e4digten Bereich \u00fcbereinstimmen<\/strong>, da dies nicht nur die Kortexregionen, sondern auch tiefe Strukturen wie den Thalamus und das Kleinhirn betreffen kann, die f\u00fcr motorische und kognitive Organisation von zentraler Bedeutung sind (Sarmati, 2022). <\/p>\n\n\n\n<p>In Tiermodellen wurde zudem eine akute transhemisph\u00e4rische Diaschisis beschrieben, gekennzeichnet durch eine vor\u00fcbergehende kontralaterale \u00dcberaktivit\u00e4t in den ersten 24\u201348 Stunden, was die M\u00f6glichkeit fr\u00fcher Interventionen zur Modulation neuronaler Plastizit\u00e4t er\u00f6ffnet (Le Prieult et al., 2017).<\/p>\n\n\n\n<p>K\u00fcrzlich wurde vorgeschlagen, dass die Diaschisis auch metabolische Anpassungen umfasst. Boggs et al. (2024) beschreiben ein Muster fokaler metabolischer Diaschisis, bei dem Regionen, die der L\u00e4sion gegen\u00fcberliegen, biochemische Ver\u00e4nderungen zeigen, die offenbar auf eine Verbesserung der mitochondrialen Funktion, die Reduktion von oxidativem Stress, die Erhaltung der neuronalen Integrit\u00e4t und die Verhinderung glialer Degeneration abzielen. Dieser Befund unterstreicht, dass die Diaschisis <strong>auch als Schutzmechanismus wirken kann<\/strong>, indem sie den Energiestoffwechsel moduliert, um die durch die initiale TCE-Sch\u00e4digung verursachte Dysfunktion zu kompensieren.<\/p>\n\n\n\n<p>Es ist wichtig, das Ph\u00e4nomen der Diaschisis von distalen L\u00e4sionen wie axonalem diffusen Schaden zu unterscheiden, der durch Dehnungskr\u00e4fte verursacht wird, die die axonalen Membranen direkt sch\u00e4digen&nbsp; (Azouvi et al., 2017; Le Prieult et al., 2017; Halalmeh et al., 2024), da bei der Diaschisis der Fokus haupts\u00e4chlich auf funktioneller Disconnection und nicht auf einem tats\u00e4chlichen Riss liegt (Le Prieult et al., 2017).<\/p>\n\n\n\n<p>Daher ist das Verst\u00e4ndnis der Diaschisis <strong>entscheidend, um zu erkl\u00e4ren, warum kognitive und emotionale Schwierigkeiten nach einem TCE nicht ausschlie\u00dflich von der prim\u00e4ren L\u00e4sion abh\u00e4ngen<\/strong>, sondern von einem netzwerkweiten Effekt, der die globale Effizienz des Gehirns beeintr\u00e4chtigt. Klinisch kann dieser Zustand Wochen, Monate oder sogar ein Leben lang andauern, was die <strong>Bedeutung unterstreicht, die zerebrale Reorganisation mit geeigneten neurokognitiven Interventionen zu steuern<\/strong>, die die zeitlichen Abl\u00e4ufe des Nervensystems respektieren (Sarmati, 2022).<\/p>\n\n\n\n<div style=\"height:50px\" aria-hidden=\"true\" class=\"wp-block-spacer\"><\/div>\n\n\n\n<div class=\"wp-block-group\"><div class=\"wp-block-group__inner-container is-layout-constrained wp-block-group-is-layout-constrained\">\n<div class=\"wp-block-columns br-0111 particle-bg p-5 has-primary-background-color has-background is-layout-flex wp-container-core-columns-is-layout-9d6595d7 wp-block-columns-is-layout-flex\">\n<div class=\"wp-block-column is-layout-flow wp-block-column-is-layout-flow\" style=\"flex-basis:66.66%\">\n<h2 class=\"wp-block-heading has-white-color has-text-color\">Testen Sie NeuronUP 7 Tage kostenlos<\/h2>\n\n\n\n<p class=\"has-white-color has-text-color\">Probieren Sie unsere verschiedenen \u00dcbungen, erstellen Sie Sitzungen oder arbeiten Sie remote mithilfe von Online-Sitzungen<\/p>\n<\/div>\n\n\n\n<div class=\"wp-block-column is-layout-flow wp-block-column-is-layout-flow\" style=\"flex-basis:33.33%\">\n<div class=\"wp-block-buttons is-content-justification-center is-layout-flex wp-container-core-buttons-is-layout-16018d1d wp-block-buttons-is-layout-flex\">\n<div class=\"wp-block-button\" style=\"--button-background:var(--color-custom-1);--button-background-hover:#cc7e00;\"><a class=\"wp-block-button__link button   wp-element-button\" href=\"https:\/\/neuronup.com\/de\/landing-store-user\/\">Kostenlos testen<\/a><\/div>\n\n<\/div>\n<\/div>\n<\/div>\n<\/div><\/div>\n\n\n\n<div style=\"height:50px\" aria-hidden=\"true\" class=\"wp-block-spacer\"><\/div>\n\n\n\n<h2 class=\"wp-block-heading\">Kognitive Schwierigkeiten nach einem TCE und die Rolle der Diaschisis<\/h2>\n\n\n\n<p>Die <strong>kognitiven und verhaltensbezogenen Folgen eines traumatischen Sch\u00e4del-Hirn-Traumas (TCE) sind vielf\u00e4ltig<\/strong> und h\u00e4ngen sowohl von der direkten Sch\u00e4digung als auch von sekund\u00e4ren Prozessen ab, die die Dynamik neuronaler Netzwerke beeinflussen. Unter diesen ist die Diaschisis besonders relevant, da sie erkl\u00e4rt, wie weit entfernte Funktionen durch die funktionelle Disconnection miteinander verkn\u00fcpfter Schaltkreise betroffen sein k\u00f6nnen (Carrera &amp; Tononi, 2014).<\/p>\n\n\n\n<h3 class=\"wp-block-heading\">Ged\u00e4chtnisst\u00f6rungen nach einem TCE <\/h3>\n\n\n\n<p>Ged\u00e4chtnisst\u00f6rungen <strong>geh\u00f6ren zu den hartn\u00e4ckigsten nach einem TCE<\/strong>. Das episodische Ged\u00e4chtnis ist durch langsameres Lernen, beschleunigtes Vergessen und erh\u00f6hte Anf\u00e4lligkeit f\u00fcr Interferenzen gekennzeichnet; ebenso zeigen das prospektive und das autobiografische Ged\u00e4chtnis bedeutende Schwierigkeiten (Halalmeh et al., 2024). Diese Ver\u00e4nderungen spiegeln nicht nur direkte Sch\u00e4den in frontotemporalen Regionen wider, sondern <strong>k\u00f6nnen auch Folge einer Disconnection zwischen dem Hippokampus und den pr\u00e4frontalen Arealen durch Diaschisis sein<\/strong>, was die effiziente Enkodierung und den Abruf von Informationen beeintr\u00e4chtigt.<\/p>\n\n\n\n<h3 class=\"wp-block-heading\">Aufmerksamkeits- und Verarbeitungsgeschwindigkeitsst\u00f6rungen nach einem TCE<\/h3>\n\n\n\n<p>Personen mit TCE <strong>zeigen h\u00e4ufig Probleme mit der <a href=\"https:\/\/neuronup.com\/actividades-de-neurorrehabilitacion\/actividades-para-funciones-cognitivas\/actividades-de-atencion\/actividades-de-atencion-sostenida-para-adultos-y-ninos\/\">aufmerksamen, anhaltenden<\/a>, geteilten und selektiven Aufmerksamkeit, oft begleitet von mentaler Erm\u00fcdung<\/strong>. Obwohl dies meist mit diffusem axonalem Schaden in Verbindung gebracht wird, kann es auch durch die Hypoexzitabilit\u00e4t frontoparietaler Netzwerke infolge der Diaschisis erkl\u00e4rt werden, die die F\u00e4higkeit einschr\u00e4nkt, Aufmerksamkeitsressourcen effektiv zu verteilen (Le Prieult et al., 2017). Parallel dazu ist <strong>die Verarbeitungsgeschwindigkeit selbst bei einfachen Aufgaben verlangsamt<\/strong>, nicht nur durch strukturelle Beeintr\u00e4chtigungen der wei\u00dfen Substanz, sondern auch durch die Unterbrechung der interhemisph\u00e4rischen Konnektivit\u00e4t (Azouvi et al., 2017).<\/p>\n\n\n\n\n<h3 class=\"wp-block-heading\">Exekutive Funktionsst\u00f6rungen nach einem TCE<\/h3>\n\n\n\n<p>Auch die <a href=\"https:\/\/neuronup.com\/estimulacion-y-rehabilitacion-cognitiva\/dano-cerebral-adquirido\/traumatismo-craneoencefalico-y-su-rehabilitacion-neuropsicologica-en-funciones-ejecutivas\/\"><strong>exekutiven Funktionen sind nach einem TCE beeintr\u00e4chtigt<\/strong><\/a>. Obwohl direkte frontale Sch\u00e4den ein offensichtlicher Faktor sind, erkl\u00e4rt die Diaschisis, warum auch L\u00e4sionen in temporalen oder subkortikalen Bereichen exekutive St\u00f6rungen hervorrufen k\u00f6nnen: Wird die Kommunikation mit pr\u00e4frontalen Netzwerken unterbrochen, nimmt die Schwierigkeit der Selbstregulation und der funktionellen Anpassungsf\u00e4higkeit zu (Halalmeh et al., 2024).<\/p>\n\n\n\n<p>Schlie\u00dflich k\u00f6nnen nach einem TCE <strong>auch soziale Kognition und Verhalten Schwierigkeiten beim Erkennen von Emotionen und bei der Interpretation sozialer Hinweise aufweisen<\/strong>, was direkte Auswirkungen auf zwischenmenschliche Beziehungen hat. <\/p>\n\n\n\n<p>Dar\u00fcber hinaus <strong>k\u00f6nnen Verhaltens\u00e4nderungen wie Enthemmung, Impulsivit\u00e4t und Reizbarkeit sowie <a href=\"https:\/\/neuronup.com\/neuronup-talks\/lecturas-recomendadas-sobre-apatia\/\">Apathie<\/a> oder mangelnde Initiative auftreten<\/strong>, was die famili\u00e4re, soziale und berufliche Wiedereingliederung beeintr\u00e4chtigt (Azouvi et al., 2017). Hier spielt die Diaschisis eine erkl\u00e4rende Rolle, indem sie zeigt, wie Ver\u00e4nderungen in verteilten Netzwerken \u2014 \u00fcber die fokale L\u00e4sion hinaus \u2014 komplexe soziale und emotionale Prozesse beeinflussen.<\/p>\n\n\n\n<h2 class=\"wp-block-heading\">Die Bedeutung der Neuropsychologie im Umgang mit TCE<\/h2>\n\n\n\n<p>Angesichts der Komplexit\u00e4t der bereits erw\u00e4hnten strukturellen und funktionellen Ver\u00e4nderungen, die oft durch Diaschisis moduliert werden, spielt die Neuropsychologie sowohl in der Diagnostik als auch in der Intervention eine zentrale Rolle. Halalmeh et al. (2024) heben die <strong>Bedeutung der Interventions-Neuropsychologie hervor, um die Progression zu einem <a href=\"https:\/\/neuronup.com\/estimulacion-y-rehabilitacion-cognitiva\/dano-cerebral-adquirido\/el-sindrome-posconmocional-y-la-rehabilitacion-neuropsicologica\/\">postkommotionellen Syndrom (PCS)<\/a> und anderen persistierenden Ver\u00e4nderungen zu verhindern<\/strong>. Selbst bei leichten TCE entwickeln einige Personen anhaltende Symptome wie Kopfschmerzen, Ged\u00e4chtnisprobleme oder emotionale Ver\u00e4nderungen.<\/p>\n\n\n\n<p>Fr\u00fche <strong>psychoedukative Interventionen haben sich als wirksam erwiesen, um die Chronifizierung von Symptomen zu reduzieren<\/strong>, negative Erwartungen zu ver\u00e4ndern und die schrittweise Wiedereingliederung in Aktivit\u00e4ten zu unterst\u00fctzen. Gleichzeitig erm\u00f6glichen <strong><a href=\"https:\/\/neuronup.com\/estimulacion-y-rehabilitacion-cognitiva\/dano-cerebral-adquirido\/actividades-de-rehabilitacion-cognitiva-tras-un-dano-cerebral-adquirido\/\">Programme zur kognitiven Rehabilitation<\/a>, Funktionen wie Aufmerksamkeit, Ged\u00e4chtnis und exekutive Funktionen<\/strong> durch personalisiertes Training zu st\u00e4rken. Diese Ma\u00dfnahmen werden durch Psychotherapie, insbesondere die kognitiv-behaviorale Therapie, erg\u00e4nzt, die hilft, emotionale und verhaltensbezogene Symptome im Zusammenhang mit dem TCE zu bew\u00e4ltigen.<\/p>\n\n\n\n<p>Dieser ganzheitliche Ansatz verbessert nicht nur die funktionelle Prognose, sondern optimiert auch die Nutzung von Gesundheitsressourcen und reduziert den Bedarf an invasiveren Interventionen in sp\u00e4teren Phasen.<\/p>\n\n\n\n\n<h2 class=\"wp-block-heading\">Fazit<\/h2>\n\n\n\n<p>Das TCE bei Verkehrsunf\u00e4llen ist ein neurologisches Ereignis von gro\u00dfer Komplexit\u00e4t mit Folgen, die weit \u00fcber den sichtbaren fokalen Schaden hinausgehen. Die Einbeziehung des Konzepts der <strong>Diaschisis hilft besser zu verstehen, warum kognitive und verhaltensbezogene Schwierigkeiten nicht immer direkt mit dem gesch\u00e4digten Bereich korrespondieren<\/strong>, sondern die Beeintr\u00e4chtigung vernetzter Hirnnetzwerke widerspiegeln.<\/p>\n\n\n\n<p>Dieses Ph\u00e4nomen, das nicht nur funktionelle Inhibitionsprozesse, sondern auch metabolische Anpassungen umfasst, zeigt, dass das Gehirn auf Verletzungen sowohl mit Verwundbarkeits- als auch mit Kompensationsmechanismen reagiert. So k\u00f6nnen Funktionen wie Ged\u00e4chtnis, Aufmerksamkeit, Verarbeitungsgeschwindigkeit oder <a href=\"https:\/\/neuronup.com\/de\/einsatzbereiche\/kognitive-funktionen\/exekutive-funktionen\/\">exekutive Funktionen<\/a> beeintr\u00e4chtigt sein, selbst wenn keine direkte L\u00e4sion in den traditionell damit assoziierten Bereichen vorliegt.<\/p>\n\n\n\n<p>Insgesamt erinnert uns das Studium von TCE und Diaschisis daran, dass das Gehirn als ein vernetztes System arbeitet. Die Anerkennung dieser Perspektive ist entscheidend, um zu realistischeren Erkl\u00e4rungsmodellen f\u00fcr die globalen Auswirkungen dieser Verletzungen zu gelangen.<\/p>\n\n\n\n<p>Daher <strong>ist ein interdisziplin\u00e4res Modell, in dem Neuropsychologie, Neurologie, Physiotherapie und Ergotherapie eng zusammenarbeiten, unerl\u00e4sslich<\/strong>. In diesem Sinne ist es wichtig zu betonen, dass die Neuropsychologie eine wesentliche Rolle bei der Bewertung und Intervention nach einem TCE spielt, da sie erm\u00f6glicht, die betroffenen Funktionen pr\u00e4zise zu identifizieren und zu verstehen, wie sie mit Ph\u00e4nomenen der zerebralen Disconnection interagieren; dadurch erh\u00e4lt man nicht nur das kognitive Profil jeder Person, sondern schafft auch die Grundlage f\u00fcr die Entwicklung individualisierter und fundierter Behandlungsstrategien.<\/p>\n\n\n\n<h2 class=\"wp-block-heading\">Literatur<\/h2>\n\n\n\n<ul class=\"wp-block-list\">\n<li class=\"has-sm-font-size\">Azouvi, P., Arnould, A., Dromer, E., &amp; Vallat-Azouvi, C. (2017). Neuropsychology of traumatic brain injury: An expert overview. <em>Revue Neurologique, 173<\/em>(7), 461\u2013472. https:\/\/doi.org\/10.1016\/j.neurol.2017.07.006<\/li>\n\n\n\n<li class=\"has-sm-font-size\">Boggs, R. C., Watts, L. T., Fox, P. T., &amp; Clarke, G. D. (2024). Metabolic diaschisis in mild traumatic brain injury. <em>Journal of Neurotrauma, 41<\/em>(13\u201314), e1793\u2013e1806. https:\/\/doi.org\/10.1089\/neu.2023.0290<\/li>\n\n\n\n<li class=\"has-sm-font-size\">Carrera, E., &amp; Tononi, G. (2014). Diaschisis: Past, present, future. <em>Brain, 137<\/em>(9), 2408\u20132422. https:\/\/doi.org\/10.1093\/brain\/awu101<\/li>\n\n\n\n<li class=\"has-sm-font-size\">Halalmeh, D. R., Salama, H. Z., LeUnes, E., Feitosa, D., Ansari, Y., Sachwani-Daswani, G. R., &amp; Moisi, M. D. (2024). The role of neuropsychology in traumatic brain injury: Comprehensive literature review. <em>World Neurosurgery, 183<\/em>, 128\u2013143. https:\/\/doi.org\/10.1016\/j.wneu.2023.12.069<\/li>\n\n\n\n<li class=\"has-sm-font-size\">Le Prieult, F., Thal, S. C., Engelhard, K., Imbrosci, B., &amp; Mittmann, T. (2017). Acute cortical transhemispheric diaschisis after unilateral traumatic brain injury. <em>Journal of Neurotrauma, 34<\/em>(5), 1097\u20131110. https:\/\/doi.org\/10.1089\/neu.2016.4575<\/li>\n\n\n\n<li class=\"has-sm-font-size\">Mckee, A. C., &amp; Daneshvar, D. H. (2015). The neuropathology of traumatic brain injury. <em>Handbook of Clinical Neurology, 127<\/em>, 45\u201366. https:\/\/doi.org\/10.1016\/B978-0-444-52892-6.00004-0<\/li>\n\n\n\n<li class=\"has-sm-font-size\">Sarmati, V. (2022.). Diasquisis. <em>Stroke Therapy Revolution<\/em>. Abgerufen am 25. August 2025, von https:\/\/www.stroke-therapy-revolution.es\/diasquisis<a href=\"https:\/\/www.stroke-therapy-revolution.es\/diasquisis\/\">\/<\/a><\/li>\n\n\n\n<li class=\"has-sm-font-size\">Wiley, C. A., Bissel, S. J., Lesniak, A., Dixon, C. E., Franks, J., Beer Stolz, D., Sun, M., Wang, G., Switzer, R., Kochanek, P. M., &amp; Murdoch, G. (2016). Ultrastructure of diaschisis lesions after traumatic brain injury. <em>Journal of Neurotrauma, 33<\/em>(20), 1866\u20131882. https:\/\/doi.org\/10.1089\/neu.2015.4272<\/li>\n<\/ul>\n\n\n\n<div style=\"height:70px\" aria-hidden=\"true\" class=\"wp-block-spacer\"><\/div>\n\n\n\n<div class=\"wp-block-group p-4 br-0111 has-alt-background-color has-background has-light-background\"><div class=\"wp-block-group__inner-container is-layout-constrained wp-block-group-is-layout-constrained\">\n<h2 class=\"wp-block-heading\"><strong>H\u00e4ufig gestellte Fragen zum TCE und zur Diaschisis<\/strong><\/h2>\n\n\n\n<div style=\"height:20px\" aria-hidden=\"true\" class=\"wp-block-spacer\"><\/div>\n\n\n\n<div class=\"wp-block-pb-accordion-item c-accordion__item js-accordion-item no-js\" data-initially-open=\"false\" data-click-to-close=\"true\" data-auto-close=\"true\" data-scroll=\"false\" data-scroll-offset=\"0\" id=\"trabajarneuronup\"><h3 id=\"at-452150\" class=\"c-accordion__title js-accordion-controller\" role=\"button\">1. Was ist ein traumatisches Sch\u00e4del-Hirn-Trauma (TCE)?<\/h3><div id=\"ac-452150\" class=\"c-accordion__content\">\n<p>Ein traumatisches Sch\u00e4del-Hirn-Trauma ist eine Verletzung des Gehirns, die durch eine \u00e4u\u00dfere Kraft wie einen Schlag, Ruck oder direkten Aufprall auf den Kopf verursacht wird. Es kann leicht, mittelgradig oder schwer sein, je nach Bewusstseinslage, Dauer der Amnesie und Vorhandensein struktureller Sch\u00e4den.<\/p>\n<\/div><\/div>\n\n\n\n<div class=\"wp-block-pb-accordion-item c-accordion__item js-accordion-item no-js\" data-initially-open=\"false\" data-click-to-close=\"true\" data-auto-close=\"true\" data-scroll=\"false\" data-scroll-offset=\"0\" id=\"trabajarneuronup\"><h3 id=\"at-452151\" class=\"c-accordion__title js-accordion-controller\" role=\"button\">2. Was ist Diaschisis und wie h\u00e4ngt sie mit dem TCE zusammen?<\/h3><div id=\"ac-452151\" class=\"c-accordion__content\">\n<p>Diaschisis ist ein Ph\u00e4nomen, bei dem weit entfernte Gehirnareale ihre Aktivit\u00e4t verringern, weil neuronale Netzwerke funktionell getrennt sind. Bei einem TCE erkl\u00e4rt es, warum Defizite in Regionen auftreten k\u00f6nnen, die nicht direkt verletzt wurden.<\/p>\n<\/div><\/div>\n\n\n\n<div class=\"wp-block-pb-accordion-item c-accordion__item js-accordion-item no-js\" data-initially-open=\"false\" data-click-to-close=\"true\" data-auto-close=\"true\" data-scroll=\"false\" data-scroll-offset=\"0\" id=\"videosneuronup\"><h3 id=\"at-452152\" class=\"c-accordion__title js-accordion-controller\" role=\"button\">3. Welche kognitiven Folgen sind nach einem TCE am h\u00e4ufigsten?<\/h3><div id=\"ac-452152\" class=\"c-accordion__content\">\n<p>Zu den h\u00e4ufigsten Folgen geh\u00f6ren Beeintr\u00e4chtigungen des Ged\u00e4chtnisses, der Aufmerksamkeit, der Verarbeitungsgeschwindigkeit, der exekutiven Funktionen und der sozialen Kognition. Diese k\u00f6nnen das t\u00e4gliche Leben und die soziale sowie berufliche Wiedereingliederung dauerhaft beeintr\u00e4chtigen.<\/p>\n<\/div><\/div>\n\n\n\n<div class=\"wp-block-pb-accordion-item c-accordion__item js-accordion-item no-js\" data-initially-open=\"false\" data-click-to-close=\"true\" data-auto-close=\"true\" data-scroll=\"false\" data-scroll-offset=\"0\" id=\"formaciongratuita\"><h3 id=\"at-452153\" class=\"c-accordion__title js-accordion-controller\" role=\"button\">4. Warum ist die Neuropsychologie bei der Behandlung von TCE wichtig?<\/h3><div id=\"ac-452153\" class=\"c-accordion__content\">\n<p>Die Neuropsychologie bewertet die kognitiven und emotionalen Auswirkungen des TCE und implementiert personalisierte Programme zur kognitiven Rehabilitation, Psychoedukation und verhaltenstherapeutischen Ma\u00dfnahmen, um die funktionelle Erholung zu f\u00f6rdern und chronische Folgesch\u00e4den zu verhindern.<\/p>\n<\/div><\/div>\n\n\n\n<div class=\"wp-block-pb-accordion-item c-accordion__item js-accordion-item no-js\" data-initially-open=\"false\" data-click-to-close=\"true\" data-auto-close=\"true\" data-scroll=\"false\" data-scroll-offset=\"0\" id=\"formaciongratuita\"><h3 id=\"at-452154\" class=\"c-accordion__title js-accordion-controller\" role=\"button\">5. Welche Techniken der kognitiven Stimulation werden in der Rehabilitation nach TCE eingesetzt?<\/h3><div id=\"ac-452154\" class=\"c-accordion__content\">\n<p>Es werden Trainingsprogramme zur kognitiven Verbesserung eingesetzt, die sich auf Ged\u00e4chtnis, Aufmerksamkeit und exekutive Funktionen konzentrieren und an die Bed\u00fcrfnisse der Betroffenen angepasst sind, kombiniert mit Psychotherapie, kompensatorischen Techniken und interdisziplin\u00e4rer Unterst\u00fctzung (Physiotherapie und Ergotherapie).<\/p>\n<\/div><\/div>\n<\/div><\/div>\n\n\n\n\n<div style=\"height:50px\" aria-hidden=\"true\" class=\"wp-block-spacer\"><\/div>\n\n\n\n<h3 class=\"wp-block-heading\">Wenn Ihnen dieser Artikel \u00fcber das <strong>traumatische Sch\u00e4del-Hirn-Trauma durch Verkehrsunf\u00e4lle und Diaschisis: neuropsychologische Auswirkungen<\/strong> gefallen hat, k\u00f6nnten Sie sich f\u00fcr diese Artikel von NeuronUP interessieren:<\/h3>\n\n\n\n<div class=\"mai-grid entries entries-grid has-boxed has-image-full\" style=\"--entry-title-font-size:var(--font-size-lg);--align-text:start;--entry-meta-text-align:start;\"><div class=\"entries-wrap has-columns\" style=\"--columns-xs:1\/1;--columns-sm:1\/1;--columns-md:1\/3;--columns-lg:1\/3;--flex-xs:0 0 var(--flex-basis);--flex-sm:0 0 var(--flex-basis);--flex-md:0 0 var(--flex-basis);--flex-lg:0 0 var(--flex-basis);--column-gap:var(--spacing-lg);--row-gap:var(--spacing-lg);--align-columns:start;\"><article class=\"entry entry-grid is-column has-entry-link has-image has-image-first type-post category-neurologische-entwicklungsstorungen tag-neurologische-entwicklungsstorungen\" style=\"--entry-index:1;\" aria-label=\"Aktuelle Trends in der Behandlung von neurologischen Entwicklungsst\u00f6rungen\" itemscope itemtype=\"https:\/\/schema.org\/CreativeWork\"><a class=\"entry-image-link\" href=\"https:\/\/neuronup.com\/de\/kognitive-stimulation-und-rehabilitation\/neurologische-entwicklungsstorungen\/aktuelle-trends-in-der-behandlung-von-neurologischen-entwicklungsstoerungen\/\" tabindex=\"-1\" aria-hidden=\"true\"><img decoding=\"async\" width=\"400\" height=\"300\" src=\"https:\/\/neuronup.com\/de\/wp-content\/uploads\/2025\/01\/Aktuelle-Trends-in-der-Behandlung-von-neurologischen-Entwicklungsstoerungen-400x300.webp\" class=\"entry-image size-landscape-sm\" alt=\"Aktuelle Trends in der Behandlung von neurologischen Entwicklungsst\u00f6rungen\" srcset=\"https:\/\/neuronup.com\/de\/wp-content\/uploads\/2025\/01\/Aktuelle-Trends-in-der-Behandlung-von-neurologischen-Entwicklungsstoerungen-400x300.webp 400w, https:\/\/neuronup.com\/de\/wp-content\/uploads\/2025\/01\/Aktuelle-Trends-in-der-Behandlung-von-neurologischen-Entwicklungsstoerungen-800x600.webp 800w\" sizes=\"(max-width:599px) 599px, (min-width:600px) and (max-width: 799px) 799px, (min-width:800px) and (max-width: 999px) 333px, (min-width:1000px) 400px\" \/><\/a><div class=\"entry-wrap entry-wrap-grid\"><h3 class=\"entry-title\" itemprop=\"headline\"><a class=\"entry-title-link\" href=\"https:\/\/neuronup.com\/de\/kognitive-stimulation-und-rehabilitation\/neurologische-entwicklungsstorungen\/aktuelle-trends-in-der-behandlung-von-neurologischen-entwicklungsstoerungen\/\" rel=\"bookmark\">Aktuelle Trends in der Behandlung von neurologischen Entwicklungsst\u00f6rungen<\/a><\/h3>\n<\/div><\/article><article class=\"entry entry-grid is-column has-entry-link has-image has-image-first type-post category-neurologische-entwicklungsstorungen tag-hirnschadigung tag-kinder tag-neuroentwicklungsstorungen\" style=\"--entry-index:2;\" aria-label=\"Zerebralparese: Verst\u00e4ndnis und Behandlung einer komplexen neuroentwicklungsbedingten Erkrankung\" itemscope itemtype=\"https:\/\/schema.org\/CreativeWork\"><a class=\"entry-image-link\" href=\"https:\/\/neuronup.com\/de\/kognitive-stimulation-und-rehabilitation\/neurologische-entwicklungsstorungen\/zerebralparese\/\" tabindex=\"-1\" aria-hidden=\"true\"><img decoding=\"async\" width=\"400\" height=\"267\" src=\"https:\/\/neuronup.com\/de\/wp-content\/uploads\/2023\/10\/Nina-con-paralisis-cerebral.webp\" class=\"entry-image size-landscape-sm\" alt=\"M\u00e4dchen mit Zerebralparese\" srcset=\"https:\/\/neuronup.com\/de\/wp-content\/uploads\/2023\/10\/Nina-con-paralisis-cerebral-300x201.webp 300w, https:\/\/neuronup.com\/de\/wp-content\/uploads\/2023\/10\/Nina-con-paralisis-cerebral-768x513.webp 768w, https:\/\/neuronup.com\/de\/wp-content\/uploads\/2023\/10\/Nina-con-paralisis-cerebral-1024x684.webp 1024w, https:\/\/neuronup.com\/de\/wp-content\/uploads\/2023\/10\/Nina-con-paralisis-cerebral.webp 1200w\" sizes=\"(max-width:599px) 599px, (min-width:600px) and (max-width: 799px) 799px, (min-width:800px) and (max-width: 999px) 333px, (min-width:1000px) 400px\" \/><\/a><div class=\"entry-wrap entry-wrap-grid\"><h3 class=\"entry-title\" itemprop=\"headline\"><a class=\"entry-title-link\" href=\"https:\/\/neuronup.com\/de\/kognitive-stimulation-und-rehabilitation\/neurologische-entwicklungsstorungen\/zerebralparese\/\" rel=\"bookmark\">Zerebralparese: Verst\u00e4ndnis und Behandlung einer komplexen neuroentwicklungsbedingten Erkrankung<\/a><\/h3>\n<\/div><\/article><article class=\"entry entry-grid is-column has-entry-link has-image has-image-first type-post category-aktivitaten-fur-neurorehabilitation category-kognitive-stimulation-und-rehabilitation tag-aktivitaten-zur-kognitiven-stimulation tag-aktivitaten-zur-kognitiven-stimulation-fur-kinder tag-altere-menschen tag-kinder\" style=\"--entry-index:3;\" aria-label=\"10 \u00dcbungen f\u00fcr kognitives Training\" itemscope itemtype=\"https:\/\/schema.org\/CreativeWork\"><a class=\"entry-image-link\" href=\"https:\/\/neuronup.com\/de\/kognitive-stimulation-und-rehabilitation\/10-ubungen-zur-kognitiven-stimulation\/\" tabindex=\"-1\" aria-hidden=\"true\"><img decoding=\"async\" width=\"400\" height=\"300\" src=\"https:\/\/neuronup.com\/de\/wp-content\/uploads\/2022\/03\/Aktivitat-von-NeuronUP-400x300.webp\" class=\"entry-image size-landscape-sm\" alt=\"\" srcset=\"https:\/\/neuronup.com\/de\/wp-content\/uploads\/2022\/03\/Aktivitat-von-NeuronUP-400x300.webp 400w, https:\/\/neuronup.com\/de\/wp-content\/uploads\/2022\/03\/Aktivitat-von-NeuronUP-800x600.webp 800w\" sizes=\"(max-width:599px) 599px, (min-width:600px) and (max-width: 799px) 799px, (min-width:800px) and (max-width: 999px) 333px, (min-width:1000px) 400px\" \/><\/a><div class=\"entry-wrap entry-wrap-grid\"><h3 class=\"entry-title\" itemprop=\"headline\"><a class=\"entry-title-link\" href=\"https:\/\/neuronup.com\/de\/kognitive-stimulation-und-rehabilitation\/10-ubungen-zur-kognitiven-stimulation\/\" rel=\"bookmark\">10 \u00dcbungen f\u00fcr kognitives Training<\/a><\/h3>\n<\/div><\/article><article class=\"entry entry-grid is-column has-entry-link has-image has-image-first type-post category-alzheimer tag-altere-erwachsene tag-morbus-alzheimer tag-neurodegenerative-erkrankungen\" style=\"--entry-index:4;\" aria-label=\"Alzheimer malen\" itemscope itemtype=\"https:\/\/schema.org\/CreativeWork\"><a class=\"entry-image-link\" href=\"https:\/\/neuronup.com\/de\/kognitive-stimulation-und-rehabilitation\/neurodegenerative-erkrankungen\/alzheimer\/den-alzheimer-malen\/\" tabindex=\"-1\" aria-hidden=\"true\"><img decoding=\"async\" width=\"400\" height=\"249\" src=\"https:\/\/neuronup.com\/de\/wp-content\/uploads\/2021\/11\/pintando-el-alzheimer-william-utermohlen.webp\" class=\"entry-image size-landscape-sm\" alt=\"Alzheimer malen, William Utermohlen\" srcset=\"https:\/\/neuronup.com\/de\/wp-content\/uploads\/2021\/11\/pintando-el-alzheimer-william-utermohlen-300x187.webp 300w, https:\/\/neuronup.com\/de\/wp-content\/uploads\/2021\/11\/pintando-el-alzheimer-william-utermohlen.webp 674w\" sizes=\"(max-width:599px) 599px, (min-width:600px) and (max-width: 799px) 799px, (min-width:800px) and (max-width: 999px) 333px, (min-width:1000px) 400px\" \/><\/a><div class=\"entry-wrap entry-wrap-grid\"><h3 class=\"entry-title\" itemprop=\"headline\"><a class=\"entry-title-link\" href=\"https:\/\/neuronup.com\/de\/kognitive-stimulation-und-rehabilitation\/neurodegenerative-erkrankungen\/alzheimer\/den-alzheimer-malen\/\" rel=\"bookmark\">Alzheimer malen<\/a><\/h3>\n<\/div><\/article><article class=\"entry entry-grid is-column has-entry-link has-image has-image-first type-post category-gedaechtnis tag-exekutive-funktionen tag-gedachtnis\" style=\"--entry-index:5;\" aria-label=\"Prospektives Ged\u00e4chtnis: was es ist, Unterschiede zum retrospektiven Ged\u00e4chtnis, Kontextualisierung, Evaluation und beeinflussende Variablen\" itemscope itemtype=\"https:\/\/schema.org\/CreativeWork\"><a class=\"entry-image-link\" href=\"https:\/\/neuronup.com\/de\/neurowissenschaften\/neuropsychologie\/gedaechtnis\/prospektives-gedachtnis-was-ist-es-unterschiede-zum-retrospektiven-gedachtnis-kontextualisierung-bewertung-und-beeinflussende-variablen\/\" tabindex=\"-1\" aria-hidden=\"true\"><img decoding=\"async\" width=\"400\" height=\"267\" src=\"https:\/\/neuronup.com\/de\/wp-content\/uploads\/2022\/08\/high-angle-notebook-with-colorful-post-its.webp\" class=\"entry-image size-landscape-sm\" alt=\"Prospektives Ged\u00e4chtnis: Was ist es, Unterschiede zum retrospektiven Ged\u00e4chtnis, Kontextualisierung, Bewertung und Variablen. Notizbuch mit bunten Post-its.\" srcset=\"https:\/\/neuronup.com\/de\/wp-content\/uploads\/2022\/08\/high-angle-notebook-with-colorful-post-its-300x200.webp 300w, https:\/\/neuronup.com\/de\/wp-content\/uploads\/2022\/08\/high-angle-notebook-with-colorful-post-its-768x512.webp 768w, https:\/\/neuronup.com\/de\/wp-content\/uploads\/2022\/08\/high-angle-notebook-with-colorful-post-its-1024x683.webp 1024w, https:\/\/neuronup.com\/de\/wp-content\/uploads\/2022\/08\/high-angle-notebook-with-colorful-post-its.webp 1200w\" sizes=\"(max-width:599px) 599px, (min-width:600px) and (max-width: 799px) 799px, (min-width:800px) and (max-width: 999px) 333px, (min-width:1000px) 400px\" \/><\/a><div class=\"entry-wrap entry-wrap-grid\"><h3 class=\"entry-title\" itemprop=\"headline\"><a class=\"entry-title-link\" href=\"https:\/\/neuronup.com\/de\/neurowissenschaften\/neuropsychologie\/gedaechtnis\/prospektives-gedachtnis-was-ist-es-unterschiede-zum-retrospektiven-gedachtnis-kontextualisierung-bewertung-und-beeinflussende-variablen\/\" rel=\"bookmark\">Prospektives Ged\u00e4chtnis: was es ist, Unterschiede zum retrospektiven Ged\u00e4chtnis, Kontextualisierung, Evaluation und beeinflussende Variablen<\/a><\/h3>\n<\/div><\/article><article class=\"entry entry-grid is-column has-entry-link has-image has-image-first type-post category-gedachtnisaktivitaten tag-aktivitaten-zur-kognitiven-stimulation tag-aktivitaten-zur-kognitiven-stimulation-fur-kinder tag-aufmerksamkeit tag-gedachtnis tag-kinder\" style=\"--entry-index:6;\" aria-label=\"Aufmerksamkeits- und Ged\u00e4chtnisbl\u00e4tter f\u00fcr Kinder und Erwachsene\" itemscope itemtype=\"https:\/\/schema.org\/CreativeWork\"><a class=\"entry-image-link\" href=\"https:\/\/neuronup.com\/de\/aktivitaten-fur-neurorehabilitation\/aktivitaten-fur-kognitive-funktionen\/gedachtnisaktivitaten\/arbeitsblatter-zur-aufmerksamkeit-und-zum-gedachtnis-fur-kinder-und-erwachsene\/\" tabindex=\"-1\" aria-hidden=\"true\"><img decoding=\"async\" width=\"395\" height=\"300\" src=\"https:\/\/neuronup.com\/de\/wp-content\/uploads\/2022\/10\/Fichas-de-atencion-y-memoria-para-ninos-6-1.webp\" class=\"entry-image size-landscape-sm\" alt=\"Aufmerksamkeits- und Ged\u00e4chtnisbl\u00e4tter f\u00fcr Kinder und Erwachsene\" srcset=\"https:\/\/neuronup.com\/de\/wp-content\/uploads\/2022\/10\/Fichas-de-atencion-y-memoria-para-ninos-6-1-300x228.webp 300w, https:\/\/neuronup.com\/de\/wp-content\/uploads\/2022\/10\/Fichas-de-atencion-y-memoria-para-ninos-6-1-768x583.webp 768w, https:\/\/neuronup.com\/de\/wp-content\/uploads\/2022\/10\/Fichas-de-atencion-y-memoria-para-ninos-6-1-1024x777.webp 1024w, https:\/\/neuronup.com\/de\/wp-content\/uploads\/2022\/10\/Fichas-de-atencion-y-memoria-para-ninos-6-1.webp 1200w\" sizes=\"(max-width:599px) 599px, (min-width:600px) and (max-width: 799px) 799px, (min-width:800px) and (max-width: 999px) 333px, (min-width:1000px) 400px\" \/><\/a><div class=\"entry-wrap entry-wrap-grid\"><h3 class=\"entry-title\" itemprop=\"headline\"><a class=\"entry-title-link\" href=\"https:\/\/neuronup.com\/de\/aktivitaten-fur-neurorehabilitation\/aktivitaten-fur-kognitive-funktionen\/gedachtnisaktivitaten\/arbeitsblatter-zur-aufmerksamkeit-und-zum-gedachtnis-fur-kinder-und-erwachsene\/\" rel=\"bookmark\">Aufmerksamkeits- und Ged\u00e4chtnisbl\u00e4tter f\u00fcr Kinder und Erwachsene<\/a><\/h3>\n<\/div><\/article><\/div><\/div>\n\n<div style=\"height:50px\" aria-hidden=\"true\" class=\"wp-block-spacer\"><\/div>\n\n\n\n<p class=\"has-sm-font-size\">&#8222;Dieser Artikel wurde \u00fcbersetzt. Link zum Originalartikel auf Spanisch:&#8220;<br><a href=\"https:\/\/neuronup.com\/estimulacion-y-rehabilitacion-cognitiva\/dano-cerebral-adquirido\/traumatismos-craneoencefalicos-tce\/traumatismo-craneoencefalico-por-accidente-automovilistico-y-diasquisis-impacto-neuropsicologico\/\" data-type=\"link\" data-id=\"https:\/\/neuronup.com\/estimulacion-y-rehabilitacion-cognitiva\/dano-cerebral-adquirido\/traumatismos-craneoencefalicos-tce\/traumatismo-craneoencefalico-por-accidente-automovilistico-y-diasquisis-impacto-neuropsicologico\/\"><em>Traumatismo craneoencef\u00e1lico por accidente automovil\u00edstico y diasquisis: impacto neuropsicol\u00f3gico<\/em><\/a><\/p>\n\n","protected":false},"excerpt":{"rendered":"<p>Martha Valeria Medina Rivera, Neuropsychologin bei NeuronUP, erkl\u00e4rt uns wie die Diaschisis die kognitiven Folgen nach einem TCE beeinflusst und welche Schl\u00fcsselrolle die Neuropsychologie bei deren Rehabilitation spielt. Einleitung Das traumatische Sch\u00e4del-Hirn-Trauma (TCE) ist eine der Hauptursachen f\u00fcr Behinderungen und Mortalit\u00e4t weltweit. Zu den h\u00e4ufigsten Ursachen geh\u00f6ren St\u00fcrze und Verkehrsunf\u00e4lle; letztere haben in L\u00e4ndern mit &hellip;<\/p>\n","protected":false},"author":261,"featured_media":45217,"comment_status":"open","ping_status":"open","sticky":false,"template":"","format":"standard","meta":{"_acf_changed":false,"_genesis_hide_title":false,"_genesis_hide_breadcrumbs":false,"_genesis_hide_singular_image":false,"_genesis_hide_footer_widgets":false,"_genesis_custom_body_class":"","_genesis_custom_post_class":"","_genesis_layout":"content-sidebar","footnotes":""},"categories":[6],"tags":[112,363],"class_list":{"2":"type-post","7":"category-schadel-hirn-trauma-sht","8":"tag-erworbene-hirnschadigung","9":"tag-hirnschadigung","10":"entry"},"acf":[],"_links":{"self":[{"href":"https:\/\/neuronup.com\/de\/wp-json\/wp\/v2\/posts\/45215","targetHints":{"allow":["GET"]}}],"collection":[{"href":"https:\/\/neuronup.com\/de\/wp-json\/wp\/v2\/posts"}],"about":[{"href":"https:\/\/neuronup.com\/de\/wp-json\/wp\/v2\/types\/post"}],"author":[{"embeddable":true,"href":"https:\/\/neuronup.com\/de\/wp-json\/wp\/v2\/users\/261"}],"replies":[{"embeddable":true,"href":"https:\/\/neuronup.com\/de\/wp-json\/wp\/v2\/comments?post=45215"}],"version-history":[{"count":0,"href":"https:\/\/neuronup.com\/de\/wp-json\/wp\/v2\/posts\/45215\/revisions"}],"wp:featuredmedia":[{"embeddable":true,"href":"https:\/\/neuronup.com\/de\/wp-json\/wp\/v2\/media\/45217"}],"wp:attachment":[{"href":"https:\/\/neuronup.com\/de\/wp-json\/wp\/v2\/media?parent=45215"}],"wp:term":[{"taxonomy":"category","embeddable":true,"href":"https:\/\/neuronup.com\/de\/wp-json\/wp\/v2\/categories?post=45215"},{"taxonomy":"post_tag","embeddable":true,"href":"https:\/\/neuronup.com\/de\/wp-json\/wp\/v2\/tags?post=45215"}],"curies":[{"name":"wp","href":"https:\/\/api.w.org\/{rel}","templated":true}]}}