{"id":44514,"date":"2025-10-14T08:00:00","date_gmt":"2025-10-14T08:00:00","guid":{"rendered":"https:\/\/neuronup.com\/?p=44514"},"modified":"2025-10-14T08:00:00","modified_gmt":"2025-10-14T08:00:00","slug":"studie-zur-machbarkeit-der-neuromodulation-und-des-kognitiven-trainings-zur-fatigue-nach-covid","status":"publish","type":"post","link":"https:\/\/neuronup.com\/de\/forschung\/forschungslinien\/studie-zur-machbarkeit-der-neuromodulation-und-des-kognitiven-trainings-zur-fatigue-nach-covid\/","title":{"rendered":"Machbarkeitsstudie der Neuromodulation und des kognitiven Trainings bei der Post-COVID-Fatigue"},"content":{"rendered":"\n<p class=\"has-xl-font-size\">Die Doktoren Mar\u00eda D\u00edez-Cicarda und Jordi Mat\u00edas-Guiu pr\u00e4sentieren <em>\u00abEine randomisierte vergleichende Machbarkeitsstudie zur Neuromodulation und zum kognitiven Training bei Post-COVID-Fatigue\u00bb<\/em>, in der unsere Plattform f\u00fcr Neurorehabilitation, NeuronUP, verwendet wurde.<\/p>\n\n\n\n<h2 class=\"wp-block-heading\">Relevanz der Studie<\/h2>\n\n\n\n<p>Diese Studie hat zum Ziel die Entwicklung einer Behandlung, die sowohl die <strong><a href=\"https:\/\/neuronup.com\/investigacion\/lineas-de-investigacion\/niebla-mental-post-covid-19-evaluacion-clinica-del-deterioro-atencional\/\">Fatigue<\/a> als auch die <a href=\"https:\/\/neuronup.com\/neurociencia\/neuropsicologia\/consecuencias-neuropsicologicas-del-covid-19\/\">Kognition<\/a> im Post-COVID-Syndrom verbessert<\/strong>. Daf\u00fcr wird die Wirksamkeit der kombinierten Behandlung aus Neuromodulation (mit Vergleich zweier unterschiedlicher therapeutischer Zielregionen) mittels <a href=\"https:\/\/neuronup.com\/estimulacion-y-rehabilitacion-cognitiva\/aplicaciones-neuromodulacion-neurorrehabilitacion\/\">transkranieller Gleichstromstimulation (tDCS)<\/a>, kombiniert mit kognitiver Intervention, zur Verbesserung von Fatigue und Kognition im Post-COVID-Syndrom verglichen.<\/p>\n\n\n\n<p>Die Ergebnisse zeigen, dass die tDCS-Stimulation kombiniert mit kognitivem Training mit <a href=\"https:\/\/neuronup.com\/de\/\">NeuronUP<\/a> ein praktikabler, sicherer und wirksamer Ansatz ist, um Fatigue zu reduzieren und die Kognition bei Patienten mit Post-COVID-Syndrom zu verbessern. Obwohl beide Stimulationsziele vorteilhaft waren, schien die Stimulation des prim\u00e4ren motorischen Kortex etwas wirksamer zu sein, die Fatigue zu reduzieren und die Schlafqualit\u00e4t zu verbessern.<\/p>\n\n\n\n<h2 class=\"wp-block-heading\">Verwendete Methodik<\/h2>\n\n\n\n<p>Die Methodik der Studie umfasste einen <strong>randomisierten, vergleichenden klinischen Versuch mit 63 Teilnehmern<\/strong>, randomisiert in: <\/p>\n\n\n\n<ul class=\"wp-block-list\">\n<li>Gruppe 1: Neuromodulation im dorsolateralen pr\u00e4frontalen Bereich + kognitive Stimulation mit NeuronUP.<\/li>\n\n\n\n<li>Gruppe 2: Neuromodulation im prim\u00e4ren motorischen Bereich + kognitive Stimulation mit NeuronUP. <\/li>\n<\/ul>\n\n\n\n<p>Beide Gruppen erhielten die Behandlung mit gleicher Dauer und Frequenz: 15 Sitzungen, 1 Sitzung\/Tag, 20 Minuten\/Sitzung.<\/p>\n\n\n\n<h2 class=\"wp-block-heading\">Beitrag von NeuronUP<\/h2>\n\n\n\n<p>NeuronUP war die Plattform zur Durchf\u00fchrung der <a href=\"https:\/\/neuronup.com\/de\/produkt\/\">kognitiven Intervention<\/a>, w\u00e4hrend die Teilnehmenden die neuromodulatorische Behandlung erhielten. Konkret wurden die kognitiven Dom\u00e4nen Aufmerksamkeit, Arbeitsged\u00e4chtnis und Verarbeitungsgeschwindigkeit trainiert.<\/p>\n\n\n\n<div style=\"height:50px\" aria-hidden=\"true\" class=\"wp-block-spacer\"><\/div>\n\n\n\n<div class=\"wp-block-group\"><div class=\"wp-block-group__inner-container is-layout-constrained wp-block-group-is-layout-constrained\">\n<div class=\"wp-block-columns br-0111 particle-bg p-5 has-primary-background-color has-background is-layout-flex wp-container-core-columns-is-layout-9d6595d7 wp-block-columns-is-layout-flex\">\n<div class=\"wp-block-column is-layout-flow wp-block-column-is-layout-flow\" style=\"flex-basis:66.66%\">\n<h2 class=\"wp-block-heading has-white-color has-text-color\">Testen Sie NeuronUP 7 Tage kostenlos<\/h2>\n\n\n\n<p class=\"has-white-color has-text-color\">Probieren Sie unsere verschiedenen \u00dcbungen, erstellen Sie Sitzungen oder arbeiten Sie remote mithilfe von Online-Sitzungen<\/p>\n<\/div>\n\n\n\n<div class=\"wp-block-column is-layout-flow wp-block-column-is-layout-flow\" style=\"flex-basis:33.33%\">\n<div class=\"wp-block-buttons is-content-justification-center is-layout-flex wp-container-core-buttons-is-layout-16018d1d wp-block-buttons-is-layout-flex\">\n<div class=\"wp-block-button\" style=\"--button-background:var(--color-custom-1);--button-background-hover:#cc7e00;\"><a class=\"wp-block-button__link button   wp-element-button\" href=\"https:\/\/neuronup.com\/de\/landing-store-user\/\">Kostenlos testen<\/a><\/div>\n\n<\/div>\n<\/div>\n<\/div>\n<\/div><\/div>\n\n\n\n<div style=\"height:50px\" aria-hidden=\"true\" class=\"wp-block-spacer\"><\/div>\n\n\n\n<h2 class=\"wp-block-heading\">\u00dcber das Forschungsteam<\/h2>\n\n\n\n<p>Die Forschungsgruppe f\u00fcr Enfermedades Neurol\u00f3gicas des Hospital Clinico San Carlos (in Madrid) konzentriert sich auf die Diagnose und Behandlung verschiedener neurologischer und neurodegenerativer Erkrankungen. <\/p>\n\n\n\n<p>Dr. Jordi Mat\u00edas-Guiu und Dr. Mar\u00eda Diez-Cirarda arbeiten im Forschungsbereich der <strong>kognitiven Neurologie, Neurobildgebung und Neuromodulation<\/strong>, der sich auf die Verbesserung der kognitiven und klinischen Diagnostik sowie auf die Untersuchung der zerebralen Grundlagen verschiedener kognitiver St\u00f6rungen konzentriert. Dar\u00fcber hinaus zielt der Forschungsbereich Neuromodulation darauf ab, diese kognitiven und klinischen Symptome durch die Entwicklung wirksamer Behandlungen und die Kombination von Therapien zu verbessern oder zu lindern.<\/p>\n\n\n\n<h2 class=\"wp-block-heading\">Weitere Informationen<\/h2>\n\n\n\n<ul class=\"wp-block-list\">\n<li>\u00dcber das Forschungsteam unter: <a href=\"https:\/\/www.comunidad.madrid\/hospital\/clinicosancarlos\/profesionales\/neurologia-cognitiva\">https:\/\/www.comunidad.madrid\/hospital\/clinicosancarlos\/profesionales\/neurologia-cognitiva<\/a><\/li>\n\n\n\n<li>Zum ver\u00f6ffentlichten Artikel in <a href=\"https:\/\/www.nature.com\/articles\/s41598-025-09772-8\">https:\/\/www.nature.com\/articles\/s41598-025-09772-8<\/a> <\/li>\n\n\n\n<li>\u00dcber NeuronUP unter <a href=\"https:\/\/www.neuronup.com\/\">https:\/\/www.neuronup.com\/<\/a><\/li>\n<\/ul>\n\n\n\n<div style=\"height:50px\" aria-hidden=\"true\" class=\"wp-block-spacer\"><\/div>\n\n\n\n<div class=\"wp-block-group alignfull has-alt-background-color has-background has-light-background has-sm-padding-top has-sm-padding-bottom\"><div class=\"wp-block-group__inner-container is-layout-constrained wp-block-group-is-layout-constrained\">\n<p class=\"has-text-align-left has-link-color has-text-color has-xxl-font-size\"><strong><a href=\"https:\/\/www.nature.com\/articles\/s41598-025-09772-8\">Direkter Zugang zur Studie<\/a><\/strong><\/p>\n\n\n\n<p class=\"has-text-align-left\">Interessierte Personen k\u00f6nnen die Details der Studie \u00fcber <strong><a href=\"https:\/\/www.nature.com\/articles\/s41598-025-09772-8\">hier<\/a><\/strong> abrufen.<\/p>\n<\/div><\/div>\n\n\n\n\n<h3 class=\"wp-block-heading\">Wenn Ihnen dieser Blogbeitrag \u00fcber diese&nbsp;<strong>randomisierte vergleichende Machbarkeitsstudie zur Neuromodulation und zum kognitiven Training bei Post-COVID-Fatigue<\/strong> gefallen hat, k\u00f6nnten Sie an diesen Artikeln von NeuronUP interessiert sein:<\/h3>\n\n\n\n<div class=\"mai-grid entries entries-grid has-boxed has-image-full\" style=\"--entry-title-font-size:var(--font-size-lg);--align-text:start;--entry-meta-text-align:start;\"><div class=\"entries-wrap has-columns\" style=\"--columns-xs:1\/1;--columns-sm:1\/1;--columns-md:1\/3;--columns-lg:1\/3;--flex-xs:0 0 var(--flex-basis);--flex-sm:0 0 var(--flex-basis);--flex-md:0 0 var(--flex-basis);--flex-lg:0 0 var(--flex-basis);--column-gap:var(--spacing-lg);--row-gap:var(--spacing-lg);--align-columns:start;\"><article class=\"entry entry-grid is-column has-entry-link has-image has-image-first type-post category-gedachtnisaktivitaten tag-aktivitaten-zur-kognitiven-stimulation tag-aktivitaten-zur-kognitiven-stimulation-fur-kinder tag-gedachtnis tag-neuronup-nachrichten\" style=\"--entry-index:1;\" aria-label=\"Neues Arbeitsblatt f\u00fcrs episodische Ged\u00e4chtnis f\u00fcr Kinder: Merke dir die Sternbilder\" itemscope itemtype=\"https:\/\/schema.org\/CreativeWork\"><a class=\"entry-image-link\" href=\"https:\/\/neuronup.com\/de\/aktivitaten-fur-neurorehabilitation\/aktivitaten-fur-kognitive-funktionen\/gedachtnisaktivitaten\/arbeitsblatt-episodisches-gedachtnis-fur-kinder\/\" tabindex=\"-1\" aria-hidden=\"true\"><img decoding=\"async\" width=\"370\" height=\"300\" src=\"https:\/\/neuronup.com\/de\/wp-content\/uploads\/2022\/03\/Nueva-ficha-de-memoria-episodica-para-ninos-Memoriza-las-constelaciones-1-1.webp\" class=\"entry-image size-landscape-sm\" alt=\"Neue Erinnerungsbl\u00e4tter f\u00fcr Kinder - Merke dir die Sternbilder 1\" srcset=\"https:\/\/neuronup.com\/de\/wp-content\/uploads\/2022\/03\/Nueva-ficha-de-memoria-episodica-para-ninos-Memoriza-las-constelaciones-1-1-300x243.webp 300w, https:\/\/neuronup.com\/de\/wp-content\/uploads\/2022\/03\/Nueva-ficha-de-memoria-episodica-para-ninos-Memoriza-las-constelaciones-1-1-768x622.webp 768w, https:\/\/neuronup.com\/de\/wp-content\/uploads\/2022\/03\/Nueva-ficha-de-memoria-episodica-para-ninos-Memoriza-las-constelaciones-1-1-1024x829.webp 1024w, https:\/\/neuronup.com\/de\/wp-content\/uploads\/2022\/03\/Nueva-ficha-de-memoria-episodica-para-ninos-Memoriza-las-constelaciones-1-1.webp 1200w\" sizes=\"(max-width:599px) 599px, (min-width:600px) and (max-width: 799px) 799px, (min-width:800px) and (max-width: 999px) 333px, (min-width:1000px) 400px\" \/><\/a><div class=\"entry-wrap entry-wrap-grid\"><h3 class=\"entry-title\" itemprop=\"headline\"><a class=\"entry-title-link\" href=\"https:\/\/neuronup.com\/de\/aktivitaten-fur-neurorehabilitation\/aktivitaten-fur-kognitive-funktionen\/gedachtnisaktivitaten\/arbeitsblatt-episodisches-gedachtnis-fur-kinder\/\" rel=\"bookmark\">Neues Arbeitsblatt f\u00fcrs episodische Ged\u00e4chtnis f\u00fcr Kinder: Merke dir die Sternbilder<\/a><\/h3>\n<\/div><\/article><article class=\"entry entry-grid is-column has-entry-link has-image has-image-first type-post category-geschlechtsdysphorie tag-kinder\" style=\"--entry-index:2;\" aria-label=\"Geschlechtsdysphorie in Kindheit und Jugend. Behandlungen und psychosoziale Folgen\" itemscope itemtype=\"https:\/\/schema.org\/CreativeWork\"><a class=\"entry-image-link\" href=\"https:\/\/neuronup.com\/de\/neurowissenschaften\/gehirn-neurowissenschaften\/geschlechtsdysphorie\/geschlechtsdysphorie-in-der-kindheit-und-jugend\/\" tabindex=\"-1\" aria-hidden=\"true\"><img decoding=\"async\" width=\"400\" height=\"225\" src=\"https:\/\/neuronup.com\/de\/wp-content\/uploads\/2022\/03\/Disforia-de-genero-en-la-infancia-y-la-adolescencia.webp\" class=\"entry-image size-landscape-sm\" alt=\"Geschlechtsdysphorie in der Kindheit und Jugend\" srcset=\"https:\/\/neuronup.com\/de\/wp-content\/uploads\/2022\/03\/Disforia-de-genero-en-la-infancia-y-la-adolescencia-300x169.webp 300w, https:\/\/neuronup.com\/de\/wp-content\/uploads\/2022\/03\/Disforia-de-genero-en-la-infancia-y-la-adolescencia-768x432.webp 768w, https:\/\/neuronup.com\/de\/wp-content\/uploads\/2022\/03\/Disforia-de-genero-en-la-infancia-y-la-adolescencia-1024x576.webp 1024w, https:\/\/neuronup.com\/de\/wp-content\/uploads\/2022\/03\/Disforia-de-genero-en-la-infancia-y-la-adolescencia.webp 1200w\" sizes=\"(max-width:599px) 599px, (min-width:600px) and (max-width: 799px) 799px, (min-width:800px) and (max-width: 999px) 333px, (min-width:1000px) 400px\" \/><\/a><div class=\"entry-wrap entry-wrap-grid\"><h3 class=\"entry-title\" itemprop=\"headline\"><a class=\"entry-title-link\" href=\"https:\/\/neuronup.com\/de\/neurowissenschaften\/gehirn-neurowissenschaften\/geschlechtsdysphorie\/geschlechtsdysphorie-in-der-kindheit-und-jugend\/\" rel=\"bookmark\">Geschlechtsdysphorie in Kindheit und Jugend. Behandlungen und psychosoziale Folgen<\/a><\/h3>\n<\/div><\/article><article class=\"entry entry-grid is-column has-entry-link has-image has-image-first type-post category-aktivitaten-fur-alzheimer-patienten tag-aktivitaten-zur-kognitiven-stimulation tag-alzheimer tag-neurodegenerative-erkrankungen\" style=\"--entry-index:3;\" aria-label=\"10 \u00dcbungen f\u00fcr kognitives Training f\u00fcr Menschen mit Alzheimer\" itemscope itemtype=\"https:\/\/schema.org\/CreativeWork\"><a class=\"entry-image-link\" href=\"https:\/\/neuronup.com\/de\/aktivitaten-fur-neurorehabilitation\/aktivitaten-fur-alzheimer-patienten\/10-uebungen-fuer-kognitives-training-fuer-menschen-mit-alzheimer\/\" tabindex=\"-1\" aria-hidden=\"true\"><img decoding=\"async\" width=\"400\" height=\"300\" src=\"https:\/\/neuronup.com\/de\/wp-content\/uploads\/2024\/04\/Uebung-Zieh-dich-an-400x300.webp\" class=\"entry-image size-landscape-sm\" alt=\"\u00dcbung-Zieh-dich-an\" \/><\/a><div class=\"entry-wrap entry-wrap-grid\"><h3 class=\"entry-title\" itemprop=\"headline\"><a class=\"entry-title-link\" href=\"https:\/\/neuronup.com\/de\/aktivitaten-fur-neurorehabilitation\/aktivitaten-fur-alzheimer-patienten\/10-uebungen-fuer-kognitives-training-fuer-menschen-mit-alzheimer\/\" rel=\"bookmark\">10 \u00dcbungen f\u00fcr kognitives Training f\u00fcr Menschen mit Alzheimer<\/a><\/h3>\n<\/div><\/article><article class=\"entry entry-grid is-column has-entry-link has-image has-image-first type-post category-alzheimer tag-morbus-alzheimer tag-neurodegenerative-erkrankungen\" style=\"--entry-index:4;\" aria-label=\"Der Welt-Alzheimertag hebt die Arbeit der Pflegeperson hervor\" itemscope itemtype=\"https:\/\/schema.org\/CreativeWork\"><a class=\"entry-image-link\" href=\"https:\/\/neuronup.com\/de\/kognitive-stimulation-und-rehabilitation\/neurodegenerative-erkrankungen\/alzheimer\/der-welt-alzheimertag-hebt-die-arbeit-der-pflegekraft-hervor\/\" tabindex=\"-1\" aria-hidden=\"true\"><img decoding=\"async\" width=\"400\" height=\"300\" src=\"https:\/\/neuronup.com\/de\/wp-content\/uploads\/2021\/11\/woman-on-a-wheelchair-2021-08-27-11-05-04-utc.webp\" class=\"entry-image size-landscape-sm\" alt=\"Der Welt-Alzheimer-Tag hebt die Arbeit der Pflegekraft hervor\" srcset=\"https:\/\/neuronup.com\/de\/wp-content\/uploads\/2021\/11\/woman-on-a-wheelchair-2021-08-27-11-05-04-utc-300x225.webp 300w, https:\/\/neuronup.com\/de\/wp-content\/uploads\/2021\/11\/woman-on-a-wheelchair-2021-08-27-11-05-04-utc-768x576.webp 768w, https:\/\/neuronup.com\/de\/wp-content\/uploads\/2021\/11\/woman-on-a-wheelchair-2021-08-27-11-05-04-utc-1024x768.webp 1024w, https:\/\/neuronup.com\/de\/wp-content\/uploads\/2021\/11\/woman-on-a-wheelchair-2021-08-27-11-05-04-utc.webp 1200w\" sizes=\"(max-width:599px) 599px, (min-width:600px) and (max-width: 799px) 799px, (min-width:800px) and (max-width: 999px) 333px, (min-width:1000px) 400px\" \/><\/a><div class=\"entry-wrap entry-wrap-grid\"><h3 class=\"entry-title\" itemprop=\"headline\"><a class=\"entry-title-link\" href=\"https:\/\/neuronup.com\/de\/kognitive-stimulation-und-rehabilitation\/neurodegenerative-erkrankungen\/alzheimer\/der-welt-alzheimertag-hebt-die-arbeit-der-pflegekraft-hervor\/\" rel=\"bookmark\">Der Welt-Alzheimertag hebt die Arbeit der Pflegeperson hervor<\/a><\/h3>\n<\/div><\/article><article class=\"entry entry-grid is-column has-entry-link has-image has-image-first type-post category-ausbildung category-neuronup-academy tag-neuronup-academy\" style=\"--entry-index:5;\" aria-label=\"Dr. Elena Mu\u00f1oz beantwortet die Fragen zu ihrem Vortrag \u00fcber die transkranielle Magnetstimulation in der neuropsychologischen Rehabilitation\" itemscope itemtype=\"https:\/\/schema.org\/CreativeWork\"><a class=\"entry-image-link\" href=\"https:\/\/neuronup.com\/de\/ausbildung\/dr-elena-munoz-beantwortet-die-fragen-zu-ihrem-vortrag-uber-transkranielle-magnetstimulation-in-der-neuropsychologischen-rehabilitation\/\" tabindex=\"-1\" aria-hidden=\"true\"><img decoding=\"async\" width=\"400\" height=\"228\" src=\"https:\/\/neuronup.com\/de\/wp-content\/uploads\/2023\/03\/Elena-Munoz-1.webp\" class=\"entry-image size-landscape-sm\" alt=\"Dr. Elena Mu\u00f1oz beantwortet die offenen Fragen zur Pr\u00e4sentation \u00fcber transkranielle Magnetstimulation in der neuropsychologischen Rehabilitation\" srcset=\"https:\/\/neuronup.com\/de\/wp-content\/uploads\/2023\/03\/Elena-Munoz-1-300x171.webp 300w, https:\/\/neuronup.com\/de\/wp-content\/uploads\/2023\/03\/Elena-Munoz-1-768x438.webp 768w, https:\/\/neuronup.com\/de\/wp-content\/uploads\/2023\/03\/Elena-Munoz-1-1024x585.webp 1024w, https:\/\/neuronup.com\/de\/wp-content\/uploads\/2023\/03\/Elena-Munoz-1.webp 1200w\" sizes=\"(max-width:599px) 599px, (min-width:600px) and (max-width: 799px) 799px, (min-width:800px) and (max-width: 999px) 333px, (min-width:1000px) 400px\" \/><\/a><div class=\"entry-wrap entry-wrap-grid\"><h3 class=\"entry-title\" itemprop=\"headline\"><a class=\"entry-title-link\" href=\"https:\/\/neuronup.com\/de\/ausbildung\/dr-elena-munoz-beantwortet-die-fragen-zu-ihrem-vortrag-uber-transkranielle-magnetstimulation-in-der-neuropsychologischen-rehabilitation\/\" rel=\"bookmark\">Dr. Elena Mu\u00f1oz beantwortet die Fragen zu ihrem Vortrag \u00fcber die transkranielle Magnetstimulation in der neuropsychologischen Rehabilitation<\/a><\/h3>\n<\/div><\/article><article class=\"entry entry-grid is-column has-entry-link has-image has-image-first type-post category-neuronup-nachrichten tag-erwachsene tag-kinder tag-kognitive-stimulation tag-neuronup-nachrichten\" style=\"--entry-index:6;\" aria-label=\"Entdecken Sie an diesem Valentinstag die Vorteile der Rehabilitation und kognitiven Stimulation als Paar\" itemscope itemtype=\"https:\/\/schema.org\/CreativeWork\"><a class=\"entry-image-link\" href=\"https:\/\/neuronup.com\/de\/neuronup-nachrichten\/diesen-valentinstag-entdecke-die-vorteile-von-rehabilitation-und-kognitiver-stimulation-als-paar\/\" tabindex=\"-1\" aria-hidden=\"true\"><img decoding=\"async\" width=\"400\" height=\"267\" src=\"https:\/\/neuronup.com\/de\/wp-content\/uploads\/2025\/02\/San-Valentin-NeuronUP.webp\" class=\"entry-image size-landscape-sm\" alt=\"Entdecke an diesem Valentinstag die Vorteile der Rehabilitation und kognitiven Stimulation im Partnerkreis\" srcset=\"https:\/\/neuronup.com\/de\/wp-content\/uploads\/2025\/02\/San-Valentin-NeuronUP-300x200.webp 300w, https:\/\/neuronup.com\/de\/wp-content\/uploads\/2025\/02\/San-Valentin-NeuronUP-768x512.webp 768w, https:\/\/neuronup.com\/de\/wp-content\/uploads\/2025\/02\/San-Valentin-NeuronUP-1024x683.webp 1024w, https:\/\/neuronup.com\/de\/wp-content\/uploads\/2025\/02\/San-Valentin-NeuronUP.webp 1200w\" sizes=\"(max-width:599px) 599px, (min-width:600px) and (max-width: 799px) 799px, (min-width:800px) and (max-width: 999px) 333px, (min-width:1000px) 400px\" \/><\/a><div class=\"entry-wrap entry-wrap-grid\"><h3 class=\"entry-title\" itemprop=\"headline\"><a class=\"entry-title-link\" href=\"https:\/\/neuronup.com\/de\/neuronup-nachrichten\/diesen-valentinstag-entdecke-die-vorteile-von-rehabilitation-und-kognitiver-stimulation-als-paar\/\" rel=\"bookmark\">Entdecken Sie an diesem Valentinstag die Vorteile der Rehabilitation und kognitiven Stimulation als Paar<\/a><\/h3>\n<\/div><\/article><\/div><\/div>\n\n<div style=\"height:50px\" aria-hidden=\"true\" class=\"wp-block-spacer\"><\/div>\n\n\n\n<p class=\"has-sm-font-size\">&#8222;Dieser Artikel wurde \u00fcbersetzt. Link zum Originalartikel auf Spanisch:&#8220;<br><a href=\"https:\/\/neuronup.com\/investigacion\/lineas-de-investigacion\/estudio-de-viabilidad-de-la-neuromodulacion-y-el-entrenamiento-cognitivo-para-la-fatiga-post-covid\/\" data-type=\"link\" data-id=\"https:\/\/neuronup.com\/investigacion\/lineas-de-investigacion\/estudio-de-viabilidad-de-la-neuromodulacion-y-el-entrenamiento-cognitivo-para-la-fatiga-post-covid\/\"><em>Estudio de viabilidad de la neuromodulaci\u00f3n y el entrenamiento cognitivo para la fatiga post-COVID<\/em><\/a><\/p>\n\n","protected":false},"excerpt":{"rendered":"<p>Die Doktoren Mar\u00eda D\u00edez-Cicarda und Jordi Mat\u00edas-Guiu pr\u00e4sentieren \u00abEine randomisierte vergleichende Machbarkeitsstudie zur Neuromodulation und zum kognitiven Training bei Post-COVID-Fatigue\u00bb, in der unsere Plattform f\u00fcr Neurorehabilitation, NeuronUP, verwendet wurde. Relevanz der Studie Diese Studie hat zum Ziel die Entwicklung einer Behandlung, die sowohl die Fatigue als auch die Kognition im Post-COVID-Syndrom verbessert. Daf\u00fcr wird die &hellip;<\/p>\n","protected":false},"author":251,"featured_media":44520,"comment_status":"open","ping_status":"open","sticky":false,"template":"","format":"standard","meta":{"_acf_changed":false,"_genesis_hide_title":false,"_genesis_hide_breadcrumbs":false,"_genesis_hide_singular_image":false,"_genesis_hide_footer_widgets":false,"_genesis_custom_body_class":"","_genesis_custom_post_class":"","_genesis_layout":"content-sidebar","footnotes":""},"categories":[438],"tags":[370,421],"class_list":{"2":"type-post","7":"category-forschungslinien","8":"tag-forschung","9":"tag-kognitive-stimulation","10":"entry"},"acf":[],"_links":{"self":[{"href":"https:\/\/neuronup.com\/de\/wp-json\/wp\/v2\/posts\/44514","targetHints":{"allow":["GET"]}}],"collection":[{"href":"https:\/\/neuronup.com\/de\/wp-json\/wp\/v2\/posts"}],"about":[{"href":"https:\/\/neuronup.com\/de\/wp-json\/wp\/v2\/types\/post"}],"author":[{"embeddable":true,"href":"https:\/\/neuronup.com\/de\/wp-json\/wp\/v2\/users\/251"}],"replies":[{"embeddable":true,"href":"https:\/\/neuronup.com\/de\/wp-json\/wp\/v2\/comments?post=44514"}],"version-history":[{"count":0,"href":"https:\/\/neuronup.com\/de\/wp-json\/wp\/v2\/posts\/44514\/revisions"}],"wp:featuredmedia":[{"embeddable":true,"href":"https:\/\/neuronup.com\/de\/wp-json\/wp\/v2\/media\/44520"}],"wp:attachment":[{"href":"https:\/\/neuronup.com\/de\/wp-json\/wp\/v2\/media?parent=44514"}],"wp:term":[{"taxonomy":"category","embeddable":true,"href":"https:\/\/neuronup.com\/de\/wp-json\/wp\/v2\/categories?post=44514"},{"taxonomy":"post_tag","embeddable":true,"href":"https:\/\/neuronup.com\/de\/wp-json\/wp\/v2\/tags?post=44514"}],"curies":[{"name":"wp","href":"https:\/\/api.w.org\/{rel}","templated":true}]}}