{"id":38142,"date":"2026-04-26T08:08:00","date_gmt":"2026-04-26T08:08:00","guid":{"rendered":"https:\/\/neuronup.com\/?p=38142"},"modified":"2026-04-26T08:08:00","modified_gmt":"2026-04-26T08:08:00","slug":"hoervermoegen-und-gehirn-die-beziehung-zwischen-hoerverlust-und-kognitiven-funktionen","status":"publish","type":"post","link":"https:\/\/neuronup.com\/de\/neurowissenschaften\/gehirn-neurowissenschaften\/hoervermoegen-und-gehirn-die-beziehung-zwischen-hoerverlust-und-kognitiven-funktionen\/","title":{"rendered":"H\u00f6ren und Gehirn: Die Beziehung zwischen H\u00f6rverlust und kognitiven Funktionen"},"content":{"rendered":"\n<p class=\"has-xl-font-size\">Anl\u00e4sslich des Welt-H\u00f6rtags beleuchten wir in diesem Artikel die Beziehung zwischen dem H\u00f6ren und dem Gehirn, wobei wir besonderes Augenmerk darauf richten, <strong>wie H\u00f6rverlust die kognitiven Funktionen beeinflusst und welche Strategien zur auditiven Rehabilitation angewendet werden k\u00f6nnen<\/strong>.<\/p>\n\n\n\n<h2 class=\"wp-block-heading\">Einf\u00fchrung<\/h2>\n\n\n\n<p>Jeden 3. M\u00e4rz wird der <strong>Welt-H\u00f6rtag<\/strong> begangen, eine Initiative der Weltgesundheitsorganisation (WHO), um <strong>das Bewusstsein f\u00fcr die Bedeutung der Geh\u00f6rgesundheit und die Pr\u00e4vention von H\u00f6rst\u00f6rungen<\/strong> zu sch\u00e4rfen (World Health Organization, 2023). Im Bereich der Neurorehabilitation spielt das H\u00f6ren eine entscheidende Rolle bei der kognitiven Verarbeitung, der Kommunikation und der Lebensqualit\u00e4t.<\/p>\n\n\n\n<p>Aktuelle Studien haben gezeigt, dass <strong>H\u00f6rverlust<\/strong> nicht nur die Schallwahrnehmung beeintr\u00e4chtigt, sondern auch <strong>negative Auswirkungen auf Ged\u00e4chtnis, Aufmerksamkeit und andere <a href=\"https:\/\/neuronup.com\/areas-de-intervencion\/funciones-cognitivas\/\">Schl\u00fcsselfunktionen der Kognition<\/a> haben kann<\/strong> (Lin et al., 2013).<\/p>\n\n\n\n<p>Dieser Artikel untersucht die Verbindung zwischen H\u00f6ren und Gehirn, die Auswirkungen von H\u00f6rminderung auf die Gehirnfunktion und auditiven Rehabilitationsstrategien im Bereich der kognitiven Stimulation.<\/p>\n\n\n\n<h2 class=\"wp-block-heading\">Die Verbindung zwischen H\u00f6ren und Gehirn<\/h2>\n\n\n\n<p>Das menschliche H\u00f6rsystem ist ein <strong>komplexer neurosensorischer Prozess, der nicht nur die Ohren<\/strong> umfasst, sondern auch weitere wesentliche Hirnstrukturen f\u00fcr die Schallwahrnehmung und Kommunikation (Peelle et al., 2010).<\/p>\n\n\n\n<p>Wenn das Ohr einen Schall wahrnimmt, werden Schallwellen in elektrische Impulse umgewandelt, die \u00fcber den H\u00f6rnerv zur auditorischen Rinde im Temporallappen des Gehirns geleitet werden. Dieser Bereich ist entscheidend, um die Bedeutung von Ger\u00e4uschen zu interpretieren, Stimmen zu erkennen und die <a href=\"https:\/\/neuronup.com\/areas-de-intervencion\/funciones-cognitivas\/lenguaje\/\">Sprache<\/a> zu verstehen.<\/p>\n\n\n\n<p>Dieser Prozess <strong>beinhaltet zentrale Strukturen<\/strong> wie:<\/p>\n\n\n\n<ul class=\"wp-block-list\">\n<li><strong>Au\u00dfen-, Mittel- und Innenohr<\/strong>, zust\u00e4ndig f\u00fcr die Aufnahme und Weiterleitung von Schallwellen.<\/li>\n<li><strong>H\u00f6rnerv<\/strong>, der die Informationen zum Gehirn leitet.<\/li>\n<li><strong>auditorische Rinde<\/strong>, im Temporallappen gelegen, wo Ger\u00e4usche verarbeitet und interpretiert werden.<\/li>\n<\/ul>\n\n\n\n<p>Dar\u00fcber hinaus steht das H\u00f6ren in enger Verbindung mit anderen kognitiven Funktionen. Studien haben gezeigt, dass <strong>nicht behandelter H\u00f6rverlust den <a href=\"https:\/\/neuronup.com\/estimulacion-y-rehabilitacion-cognitiva\/deterioro-cognitivo\/la-rehabilitacion-neuropsicologica-en-el-deterioro-cognitivo-leve\/\">kognitiven Abbau<\/a> beschleunigen und das Risiko f\u00fcr <a href=\"https:\/\/neuronup.com\/estimulacion-cognitiva-de-personas-con-alzheimer\/\">Demenz<\/a><\/strong> erh\u00f6hen kann (Livingston et al., 2020). Dies k\u00f6nnte auf die kognitive \u00dcberlastung zur\u00fcckzuf\u00fchren sein, die durch das Ausgleichen des H\u00f6rverlusts entsteht, sowie auf die reduzierte Gehirnstimulation und verringerte soziale Interaktion (Oxford University, 2021).<\/p>\n\n\n\n<p>Wenn dieses System durch H\u00f6rverlust gest\u00f6rt wird, muss das Gehirn das Defizit ausgleichen, indem es Ressourcen neu verteilt, um Ger\u00e4usche weniger effizient zu interpretieren. Untersuchungen deuten darauf hin, dass diese zus\u00e4tzliche Anstrengung zu einer kognitiven \u00dcberlastung f\u00fchren und andere Gehirnfunktionen beeintr\u00e4chtigen kann (Lin et al., 2013).<\/p>\n\n\n\n<div style=\"height:50px\" aria-hidden=\"true\" class=\"wp-block-spacer\"><\/div>\n\n\n\n<div class=\"wp-block-group br-0111 has-primary-background-color has-background has-dark-background has-sm-padding-top has-sm-padding-left has-sm-padding-right has-xxl-margin-top\"><div class=\"wp-block-group__inner-container is-layout-constrained wp-block-group-is-layout-constrained\">\n<div class=\"wp-block-columns is-layout-flex wp-container-core-columns-is-layout-9d6595d7 wp-block-columns-is-layout-flex\">\n<div class=\"wp-block-column is-layout-flow wp-block-column-is-layout-flow\">\n<figure class=\"wp-block-image size-full desktop-position-absolute desktop-bottom-0 mobile-width-50 mobile-m-inline-auto has-xl-margin-top\"><img decoding=\"async\" width=\"292\" height=\"338\" src=\"https:\/\/neuronup.com\/de\/wp-content\/uploads\/2023\/12\/Produkt-Zertifikat.webp\" alt=\"\" class=\"wp-image-27552\" srcset=\"https:\/\/neuronup.com\/de\/wp-content\/uploads\/2023\/12\/Produkt-Zertifikat-259x300.webp 259w, https:\/\/neuronup.com\/de\/wp-content\/uploads\/2023\/12\/Produkt-Zertifikat.webp 292w\" sizes=\"(max-width: 292px) 100vw, 292px\" \/><\/figure>\n<\/div>\n\n\n\n<div class=\"wp-block-column is-layout-flow wp-block-column-is-layout-flow\">\n<h2 class=\"wp-block-heading has-white-color has-text-color\">Melden Sie sich<br> f\u00fcr unseren<br> <strong>Newsletter<\/strong>\u00a0an<\/h2>\n\n\n\n<div class=\"wp-block-buttons is-layout-flex wp-block-buttons-is-layout-flex\">\n<div class=\"wp-block-button--1\" style=\"--button-outline-color:var(--color-white);--button-outline-color-hover:rgba(0,0,0,0.8);\"><a class=\"wp-block-button__link button button-outline   wp-element-button\" href=\"https:\/\/neuronup.com\/de\/newsletter\/#form\">Jetzt anmelden<\/a><\/div>\n\n<\/div>\n\n\n\n<div style=\"height:40px\" aria-hidden=\"true\" class=\"wp-block-spacer\"><\/div>\n<\/div>\n<\/div>\n<\/div><\/div>\n\n\n\n\n<div style=\"height:50px\" aria-hidden=\"true\" class=\"wp-block-spacer\"><\/div>\n\n\n\n<h2 class=\"wp-block-heading\">Auswirkungen von H\u00f6rverlust auf die kognitive Funktion<\/h2>\n\n\n\n<p>H\u00f6rverlust beeintr\u00e4chtigt nicht nur die H\u00f6rf\u00e4higkeit, sondern hat auch erhebliche Auswirkungen auf die kognitive Funktion. Wenn das Gehirn weniger auditive Reize erh\u00e4lt, k\u00f6nnen die Verarbeitungsf\u00e4higkeit und damit verbundene Gehirnfunktionen wie Ged\u00e4chtnis und Aufmerksamkeit beeintr\u00e4chtigt werden (Arlinger, 2003). <strong>Der Mangel an auditiver Stimulation verringert die Aktivierung bestimmter Gehirnareale<\/strong>, was zu einer Abnahme der kognitiven Effizienz f\u00fchren kann.<\/p>\n\n\n\n<p>Verschiedene Studien und wissenschaftliche Untersuchungen haben eine Korrelation zwischen H\u00f6rverlust und kognitivem Abbau festgestellt, insbesondere bei \u00e4lteren Erwachsenen (Livingston et al., 2020).<\/p>\n\n\n\n<p>Es wurden verschiedene Theorien zu dieser Korrelation aufgestellt, beispielsweise die Vermeidung sozialer Interaktionen. Dies kann jedoch zu sozialer Isolation f\u00fchren, die zusammen mit der zus\u00e4tzlichen kognitiven Belastung durch das Bem\u00fchen, Ger\u00e4usche zu verstehen, mentalen Stress erzeugt und den kognitiven Abbau beschleunigen kann (Oxford University, 2023).<\/p>\n\n\n\n<h2 class=\"wp-block-heading\">Strategien zur auditiven Rehabilitation<\/h2>\n\n\n\n<p>Auditive Rehabilitation geht \u00fcber die Wiederherstellung des H\u00f6rverm\u00f6gens hinaus und <strong>beinhaltet auch die Abschw\u00e4chung der negativen Auswirkungen von H\u00f6rverlust auf die Kognition und die St\u00e4rkung der Verbindung zwischen H\u00f6ren und Gehirn<\/strong>.<\/p>\n\n\n\n<p>Um dies zu erreichen, ist es wesentlich, Strategien umzusetzen, die die Gehirn\u00adstimulation f\u00f6rdern und die Kommunikation verbessern. Zu den effektivsten geh\u00f6ren der Einsatz von H\u00f6rger\u00e4ten, spezialisierte auditive Reha-Therapien und gezielte kognitive Stimulation sowie die Einf\u00fchrung gesunder Gewohnheiten, die die Klangverarbeitung unterst\u00fctzen.<\/p>\n\n\n\n<h3 class=\"wp-block-heading\">1. Einsatz auditiver Hilfsmittel zur Rehabilitation<\/h3>\n\n\n\n<p>Auditive Hilfsmittel spielen eine Schl\u00fcsselrolle in der auditiven Rehabilitation, da sie <strong>nicht nur das H\u00f6ren verbessern, sondern auch das Gehirn stimulieren<\/strong> und so helfen, den mit H\u00f6rverlust verbundenen kognitiven Abbau zu verhindern (Lin et al., 2013).<\/p>\n\n\n\n<p>Die Technologie hat sich in diesem Bereich erheblich weiterentwickelt und bietet ma\u00dfgeschneiderte L\u00f6sungen f\u00fcr jede Art von H\u00f6rminderung.<\/p>\n\n\n\n<p>Der Einsatz von H\u00f6rger\u00e4ten oder Cochlea-Implantaten hilft, das H\u00f6rsystem zu stimulieren, die Klangwahrnehmung zu verbessern, akustische Deprivation zu vermeiden und letztlich die kognitive Belastung des Gehirns zu reduzieren.<\/p>\n\n\n\n<p>Der Gebrauch auditiver Hilfsmittel tr\u00e4gt nicht nur zur Kompensation des H\u00f6rverlusts bei, sondern st\u00e4rkt auch die Verbindung zwischen H\u00f6ren und Gehirn, verbessert die Lebensqualit\u00e4t und beugt sozialer Isolation vor.<\/p>\n\n\n\n<p>Zahlreiche Untersuchungen unterst\u00fctzen die Idee, dass das Sch\u00fctzen des Geh\u00f6rs durch Geh\u00f6rschutz in lauten Umgebungen oder das Tragen von H\u00f6rger\u00e4ten das Demenzrisiko verhindern oder verringern kann. Es ist jedoch zu beachten, dass der Anpassungsprozess an diese Ger\u00e4te Zeit und Training erfordert, um ihre Wirksamkeit zu optimieren.<\/p>\n\n\n\n<h4 class=\"wp-block-heading\">Welche auditiven Hilfsmittel k\u00f6nnen f\u00fcr die Rehabilitation eingesetzt werden?<\/h4>\n\n\n\n<h5 class=\"wp-block-heading\">1. Einsatz von H\u00f6rger\u00e4ten zur kognitiven Rehabilitation<\/h5>\n\n\n\n<p>H\u00f6rger\u00e4te verst\u00e4rken Schall und verbessern die Sprachwahrnehmung, was die Kommunikation in verschiedenen Umgebungen erleichtert. Es gibt digitale Modelle, die sich automatisch an Lautst\u00e4rke\u00e4nderungen anpassen und Hintergrundger\u00e4usche reduzieren, um ein klareres und nat\u00fcrlicheres H\u00f6rerlebnis zu bieten.<\/p>\n\n\n\n<h5 class=\"wp-block-heading\">2. Einsatz von Cochlea-Implantaten zur auditiven Rehabilitation<\/h5>\n\n\n\n<p>F\u00fcr Personen mit schwerem oder hochgradigem H\u00f6rverlust sind Cochlea-Implantate eine wirksame Alternative. Diese Ger\u00e4te wandeln Schall in elektrische Signale um, die den H\u00f6rnerv direkt stimulieren und so die H\u00f6rwahrnehmung selbst in F\u00e4llen wiederherstellen, in denen H\u00f6rger\u00e4te nicht ausreichen.<\/p>\n\n\n\n<h3 class=\"wp-block-heading\">2. Kognitive Stimulationstherapien f\u00fcr die auditive Rehabilitation<\/h3>\n\n\n\n<p>Auditive Rehabilitation h\u00e4ngt nicht nur von Hilfsmitteln wie H\u00f6rger\u00e4ten oder Cochlea-Implantaten ab, sondern <strong>erfordert auch einen ganzheitlichen Ansatz, bei dem die kognitive Stimulation eine Schl\u00fcsselrolle spielt<\/strong>.<\/p>\n\n\n\n<p>Kognitive Stimulationstherapien <strong>helfen, zentrale Funktionen zu st\u00e4rken<\/strong> wie das auditive Ged\u00e4chtnis, die selektive Aufmerksamkeit und die Geschwindigkeit der auditiven Verarbeitung und optimieren so die Sprachverst\u00e4ndlichkeit, insbesondere in herausfordernden Umgebungen (Peelle et al., 2010).<\/p>\n\n\n\n<div style=\"height:50px\" aria-hidden=\"true\" class=\"wp-block-spacer\"><\/div>\n\n\n\n<div class=\"wp-block-group br-0111 has-primary-background-color has-background has-dark-background has-sm-padding-top has-sm-padding-left has-sm-padding-right has-xxl-margin-top\"><div class=\"wp-block-group__inner-container is-layout-constrained wp-block-group-is-layout-constrained\">\n<div class=\"wp-block-columns is-layout-flex wp-container-core-columns-is-layout-9d6595d7 wp-block-columns-is-layout-flex\">\n<div class=\"wp-block-column is-layout-flow wp-block-column-is-layout-flow\">\n<figure class=\"wp-block-image size-full desktop-position-absolute desktop-bottom-0 mobile-width-50 mobile-m-inline-auto has-xl-margin-top\"><img decoding=\"async\" width=\"292\" height=\"338\" src=\"https:\/\/neuronup.com\/de\/wp-content\/uploads\/2023\/12\/Produkt-Zertifikat.webp\" alt=\"\" class=\"wp-image-27552\" srcset=\"https:\/\/neuronup.com\/de\/wp-content\/uploads\/2023\/12\/Produkt-Zertifikat-259x300.webp 259w, https:\/\/neuronup.com\/de\/wp-content\/uploads\/2023\/12\/Produkt-Zertifikat.webp 292w\" sizes=\"(max-width: 292px) 100vw, 292px\" \/><\/figure>\n<\/div>\n\n\n\n<div class=\"wp-block-column is-layout-flow wp-block-column-is-layout-flow\">\n<h2 class=\"wp-block-heading has-white-color has-text-color\">Melden Sie sich<br> f\u00fcr unseren<br> <strong>Newsletter<\/strong>\u00a0an<\/h2>\n\n\n\n<div class=\"wp-block-buttons is-layout-flex wp-block-buttons-is-layout-flex\">\n<div class=\"wp-block-button--2\" style=\"--button-outline-color:var(--color-white);--button-outline-color-hover:rgba(0,0,0,0.8);\"><a class=\"wp-block-button__link button button-outline   wp-element-button\" href=\"https:\/\/neuronup.com\/de\/newsletter\/#form\">Jetzt anmelden<\/a><\/div>\n\n<\/div>\n\n\n\n<div style=\"height:40px\" aria-hidden=\"true\" class=\"wp-block-spacer\"><\/div>\n<\/div>\n<\/div>\n<\/div><\/div>\n\n\n\n\n<div style=\"height:60px\" aria-hidden=\"true\" class=\"wp-block-spacer\"><\/div>\n\n\n\n<p>In diesem Sinne f\u00f6rdern kognitive Stimulationssitzeungen, die sich auf <strong>Lautlesen, aktives Musikh\u00f6ren und das Durchf\u00fchren von <a href=\"https:\/\/neuronup.com\/actividades-de-neurorrehabilitacion\/actividades-auditivas-en-rehabilitacion-cognitiva-de-ninos-y-adultos\/\">auditiven Ged\u00e4chtnisspielen<\/a> konzentrieren<\/strong>, die Integration von Klang mit anderen kognitiven Funktionen. Dadurch werden Aufmerksamkeit und Sprachverst\u00e4ndnis verbessert und neuronale Verbindungen, die f\u00fcr die auditive Verarbeitung verantwortlich sind, gest\u00e4rkt.<\/p>\n\n\n\n<p>Zu den angewandten Techniken <strong>geh\u00f6ren<\/strong>:<\/p>\n\n\n\n<ul class=\"wp-block-list\">\n<li><strong>\u00dcbungen zur auditiven Diskrimination<\/strong>, die darauf abzielen, das Gehirn darin zu schulen, \u00e4hnliche Ger\u00e4usche zu unterscheiden, um das Sprachverst\u00e4ndnis zu erleichtern.<\/li>\n<li><strong>Ged\u00e4chtnisaktivit\u00e4ten<\/strong>, die darauf ausgerichtet sind, die F\u00e4higkeit zu st\u00e4rken, auditive Informationen zu speichern und zu verarbeiten.<\/li>\n<li><strong>Spiele zur selektiven Aufmerksamkeit<\/strong>, die helfen, sich in lauten Umgebungen auf bestimmte Ger\u00e4usche zu konzentrieren.<\/li>\n<li><strong>\u00dcbungen zur phonologischen Verarbeitung<\/strong>, die darauf abzielen, die Identifikation und Produktion von Sprachlauten zu verbessern.<\/li>\n<li><strong>Aktivit\u00e4ten zur Lateralisierung und\/oder Lokalisierung von Ger\u00e4uschen<\/strong>, die dabei helfen festzustellen, aus welcher Richtung ein Ton kommt.<\/li>\n<\/ul>\n\n\n\n<div style=\"height:40px\" aria-hidden=\"true\" class=\"wp-block-spacer\"><\/div>\n\n\n\n<div class=\"wp-block-columns is-layout-flex wp-container-core-columns-is-layout-9d6595d7 wp-block-columns-is-layout-flex\"><div class=\"wp-block-column testimonial-block br-0101 is-layout-flow wp-block-column-is-layout-flow\">\n<h2 class=\"wp-block-heading has-lg-font-size\"><strong><a href=\"https:\/\/neuronup.com\/actividades-de-neurorrehabilitacion\/actividades-de-la-vida-diaria-avds\/actividades-de-la-vida-diaria-avds-definicion-clasificacion-y-ejercicios\/\">Aktivit\u00e4ten des t\u00e4glichen Lebens (ADLs)<\/a><\/strong><\/h2>\n\n\n\n<p>Die Aktivit\u00e4ten des t\u00e4glichen Lebens (ADLs) sind <strong>wesentlich, um die in auditiven Trainings erworbenen F\u00e4higkeiten zu st\u00e4rken<\/strong>, da ihr Abbau und Verlust ein Hinweis auf eine leichte kognitive Beeintr\u00e4chtigung (MCI) sein k\u00f6nnen.<\/p>\n\n\n\n<p>Allt\u00e4gliche T\u00e4tigkeiten wie die t\u00e4gliche Kommunikation, die Interaktion in sozialen Umgebungen, Eink\u00e4ufe oder die Haushaltsorganisation k\u00f6nnen trainiert werden, um die auditive Verarbeitung in allt\u00e4glichen Situationen zu erleichtern. Die Integration dieser Aufgaben in den Alltag f\u00f6rdert die Generalisierung der erlernten F\u00e4higkeiten, unterst\u00fctzt die Unabh\u00e4ngigkeit und verbessert die H\u00f6rf\u00e4higkeit in nat\u00fcrlichen Kontexten.<\/p>\n<\/div><\/div>\n\n\n\n<div style=\"height:20px\" aria-hidden=\"true\" class=\"wp-block-spacer\"><\/div>\n\n\n\n<h4 class=\"wp-block-heading\">Vorteile kognitiver Stimulationstherapien f\u00fcr die auditive Rehabilitation<\/h4>\n\n\n\n<h5 class=\"wp-block-heading\">1. Verbesserung der auditiven Verarbeitung<\/h5>\n\n\n\n<p>Kognitive Stimulation st\u00e4rkt F\u00e4higkeiten wie das Arbeitsged\u00e4chtnis, die selektive Aufmerksamkeit und die Verarbeitungsgeschwindigkeit, was die Interpretation von Ger\u00e4uschen und die Spracherkennung, insbesondere in lauten Umgebungen, erleichtert.<\/p>\n\n\n\n<h5 class=\"wp-block-heading\">2. Kompensation auditiver Defizite<\/h5>\n\n\n\n<p>Menschen mit H\u00f6rverlust entwickeln h\u00e4ufig kognitive Strategien, um die verringerte Schallwahrnehmung auszugleichen. Kognitive Stimulationstrainings unterst\u00fctzen diese Strategien und f\u00f6rdern das Sprachverst\u00e4ndnis selbst bei reduzierter H\u00f6rf\u00e4higkeit.<\/p>\n\n\n\n<h5 class=\"wp-block-heading\">3. Reduzierung der H\u00f6ranstrengung<\/h5>\n\n\n\n<p>H\u00f6rverlust bedeutet eine h\u00f6here mentale Anstrengung, um Ger\u00e4usche zu verstehen. Kognitives Training optimiert die neuronale Effizienz, verringert die H\u00f6rerm\u00fcdung und verbessert die Lebensqualit\u00e4t.<\/p>\n\n\n\n<h5 class=\"wp-block-heading\">4. Pr\u00e4vention kognitiven Abbaus<\/h5>\n\n\n\n<p>Unbehandelter H\u00f6rverlust wird mit einem h\u00f6heren Risiko f\u00fcr kognitiven Abbau in Verbindung gebracht. Die Stimulation von Funktionen wie Ged\u00e4chtnis, Aufmerksamkeit und exekutiven Funktionen hilft, diesen negativen Auswirkungen vorzubeugen.<\/p>\n\n\n\n<div style=\"height:50px\" aria-hidden=\"true\" class=\"wp-block-spacer\"><\/div>\n\n\n\n<div class=\"wp-block-group\"><div class=\"wp-block-group__inner-container is-layout-constrained wp-block-group-is-layout-constrained\">\n<div class=\"wp-block-columns br-0111 particle-bg p-5 has-primary-background-color has-background is-layout-flex wp-container-core-columns-is-layout-9d6595d7 wp-block-columns-is-layout-flex\">\n<div class=\"wp-block-column is-layout-flow wp-block-column-is-layout-flow\" style=\"flex-basis:66.66%\">\n<h2 class=\"wp-block-heading has-white-color has-text-color\">Testen Sie NeuronUP 7 Tage kostenlos<\/h2>\n\n\n\n<p class=\"has-white-color has-text-color\">Probieren Sie unsere verschiedenen \u00dcbungen, erstellen Sie Sitzungen oder arbeiten Sie remote mithilfe von Online-Sitzungen<\/p>\n<\/div>\n\n\n\n<div class=\"wp-block-column is-layout-flow wp-block-column-is-layout-flow\" style=\"flex-basis:33.33%\">\n<div class=\"wp-block-buttons is-content-justification-center is-layout-flex wp-container-core-buttons-is-layout-16018d1d wp-block-buttons-is-layout-flex\">\n<div class=\"wp-block-button\" style=\"--button-background:var(--color-custom-1);--button-background-hover:#cc7e00;\"><a class=\"wp-block-button__link button   wp-element-button\" href=\"https:\/\/neuronup.com\/de\/landing-store-user\/\">Kostenlos testen<\/a><\/div>\n\n<\/div>\n<\/div>\n<\/div>\n<\/div><\/div>\n\n\n\n<div style=\"height:50px\" aria-hidden=\"true\" class=\"wp-block-spacer\"><\/div>\n\n\n\n<h3 class=\"wp-block-heading\">3. F\u00f6rderung gesunder Gewohnheiten<\/h3>\n\n\n\n<p>Pr\u00e4vention und Pflege des H\u00f6rsystems sind entscheidend, um das Fortschreiten des H\u00f6rverlusts zu verhindern und die Rehabilitationsergebnisse zu optimieren (World Health Organization, 2023).<\/p>\n\n\n\n<p>Im Folgenden einige <strong>Tipps zur Erhaltung einer guten auditiven und kognitiven Gesundheit<\/strong>:<\/p>\n\n\n\n<ul class=\"wp-block-list\">\n<li><strong>L\u00e4ngerfristige Belastung durch laute Ger\u00e4usche vermeiden<\/strong>, die den H\u00f6rverlust beschleunigen k\u00f6nnen. Eine Moderation der Lautst\u00e4rke elektronischer Ger\u00e4te kann ebenfalls das Risiko von H\u00f6rsch\u00e4den verringern.<\/li>\n<li><strong>Einer ausgewogenen Ern\u00e4hrung<\/strong> folgen, die reich an Antioxidantien und Fetts\u00e4uren wie Omega-3, Magnesium sowie den Vitaminen A, C und E ist, welche die Gesundheit des Innenohrs f\u00f6rdern.<\/li>\n<li><strong>Regelm\u00e4\u00dfig k\u00f6rperlich aktiv sein<\/strong>, um die Blutversorgung des Innenohrs zu verbessern und das Risiko altersbedingten H\u00f6rverlusts zu verringern.<\/li>\n<li><strong>Rauchen und \u00fcberm\u00e4\u00dfigen Alkoholkonsum vermeiden<\/strong>, da beide Faktoren mit einem erh\u00f6hten Risiko f\u00fcr H\u00f6rsch\u00e4den verbunden sind.<\/li>\n<li><strong>Regelm\u00e4\u00dfige H\u00f6runtersuchungen durchf\u00fchren lassen<\/strong>, um eine fr\u00fchzeitige Erkennung von H\u00f6rproblemen zu erm\u00f6glichen und rechtzeitige Interventionen einzuleiten.<\/li>\n<\/ul>\n\n\n\n<h2 class=\"wp-block-heading\">Fazit<\/h2>\n\n\n\n<p>Die Beziehung zwischen H\u00f6ren und Gehirn ist ein wachsendes Forschungsfeld in der Neurorehabilitation. H\u00f6rverlust beeintr\u00e4chtigt nicht nur die Schallwahrnehmung, sondern kann auch Auswirkungen auf Ged\u00e4chtnis, Aufmerksamkeit und die kognitive Funktion insgesamt haben.<\/p>\n\n\n\n<p>Fr\u00fchzeitige Erkennung, der Einsatz auditiver Hilfsmittel, kognitive Stimulationstherapien und die Umsetzung gesunder Gewohnheiten sind Schl\u00fcsselstrategien, um diese Effekte abzuschw\u00e4chen und die Lebensqualit\u00e4t der Betroffenen zu verbessern.<\/p>\n\n\n\n<h2 class=\"wp-block-heading\">Literaturverzeichnis<\/h2>\n\n\n\n<ul class=\"wp-block-list\">\n<li class=\"has-sm-font-size\">Arlinger, S. (2003). Negative consequences of uncorrected hearing loss \u2013 A review. International Journal of Audiology, 42(sup2), 17-20.<\/li>\n<li class=\"has-sm-font-size\">Lin, F. R., Yaffe, K., Xia, J., et al. (2013). Hearing loss and cognitive decline in older adults. JAMA Internal Medicine, 173(4), 293-299.<\/li>\n<li class=\"has-sm-font-size\">Livingston, G., Huntley, J., Sommerlad, A., et al. (2020). Dementia prevention, intervention, and care: 2020 report of the Lancet Commission. The Lancet, 396(10248), 413-446.<\/li>\n<li class=\"has-sm-font-size\">Stevenson, J. S., Clifton, L., Ku\u017ama, E., &amp; Littlejohns, T. J. (2022). Speech\u2010in\u2010noise hearing impairment is associated with an increased risk of incident dementia in 82,039 UK Biobank participants. Alzheimer&apos;s &amp; Dementia, 18(3), 445-456.<\/li>\n<li class=\"has-sm-font-size\">Stevenson, J., &amp; Littlejohns, T. (2021, 21 Juli). <em>Difficulty hearing speech could be a risk factor for dementia<\/em>. University of Oxford. https:\/\/www.ox.ac.uk\/news\/2021-07-21-difficulty-hearing-speech-could-be-risk-factor-dementia<\/li>\n<li class=\"has-sm-font-size\">Peelle, J. E., Troiani, V., Wingfield, A., &amp; Grossman, M. (2010). Neural processing of speech in aging and hearing loss: Functional MRI evidence of compensatory mechanisms. The Journal of Neuroscience, 30(48), 15250-15258.<\/li>\n<li class=\"has-sm-font-size\">World Health Organization (2023). World Hearing Day: Hearing care for all. Disponible en: https:\/\/www.who.int<\/li>\n<\/ul>\n\n\n\n<h3 class=\"wp-block-heading\">Wenn Ihnen dieser Blogbeitrag zur <strong>Beziehung zwischen H\u00f6rverlust und kognitiven Funktionen<\/strong> gefallen hat, k\u00f6nnten Sie auch an diesen Artikeln von NeuronUP interessiert sein:<\/h3>\n\n<div class=\"mai-grid entries entries-grid has-boxed has-image-full\" style=\"--entry-title-font-size:var(--font-size-lg);--align-text:start;--entry-meta-text-align:start;\"><div class=\"entries-wrap has-columns\" style=\"--columns-xs:1\/1;--columns-sm:1\/1;--columns-md:1\/3;--columns-lg:1\/3;--flex-xs:0 0 var(--flex-basis);--flex-sm:0 0 var(--flex-basis);--flex-md:0 0 var(--flex-basis);--flex-lg:0 0 var(--flex-basis);--column-gap:var(--spacing-lg);--row-gap:var(--spacing-lg);--align-columns:start;\"><article class=\"entry entry-grid is-column has-entry-link has-image has-image-first type-post category-aktivitaten-zu-visuell-raumlichen-fahigkeiten tag-aktivitaten-zur-kognitiven-stimulation tag-aktivitaten-zur-kognitiven-stimulation-fur-erwachsene tag-erwachsene tag-neuronup-nachrichten tag-visuospatialen-fahigkeiten\" style=\"--entry-index:1;\" aria-label=\"Arbeitsblatt zur F\u00f6rderung der r\u00e4umlichen Vorstellung bei Erwachsenen: Mentale Rekonstruktion von W\u00fcrfeln\" itemscope itemtype=\"https:\/\/schema.org\/CreativeWork\"><a class=\"entry-image-link\" href=\"https:\/\/neuronup.com\/de\/aktivitaten-fur-neurorehabilitation\/aktivitaten-fur-kognitive-funktionen\/aktivitaten-zu-visuell-raumlichen-fahigkeiten\/arbeitsblatt-zur-forderung-der-raumlichen-visualisierung-bei-erwachsenen-mentale-rekonstruktion-von-wurfeln\/\" tabindex=\"-1\" aria-hidden=\"true\"><img decoding=\"async\" width=\"400\" height=\"270\" src=\"https:\/\/neuronup.com\/de\/wp-content\/uploads\/2023\/05\/Captura-de-pantalla-2023-05-16-a-las-19.27.36.webp\" class=\"entry-image size-landscape-sm\" alt=\"Arbeitsblatt zur r\u00e4umlichen Visualisierung bei Erwachsenen: Mentale Rekonstruktion von W\u00fcrfeln\" srcset=\"https:\/\/neuronup.com\/de\/wp-content\/uploads\/2023\/05\/Captura-de-pantalla-2023-05-16-a-las-19.27.36-300x202.webp 300w, https:\/\/neuronup.com\/de\/wp-content\/uploads\/2023\/05\/Captura-de-pantalla-2023-05-16-a-las-19.27.36-768x518.webp 768w, https:\/\/neuronup.com\/de\/wp-content\/uploads\/2023\/05\/Captura-de-pantalla-2023-05-16-a-las-19.27.36-1024x691.webp 1024w, https:\/\/neuronup.com\/de\/wp-content\/uploads\/2023\/05\/Captura-de-pantalla-2023-05-16-a-las-19.27.36.webp 1300w\" sizes=\"(max-width:599px) 599px, (min-width:600px) and (max-width: 799px) 799px, (min-width:800px) and (max-width: 999px) 333px, (min-width:1000px) 400px\" \/><\/a><div class=\"entry-wrap entry-wrap-grid\"><h3 class=\"entry-title\" itemprop=\"headline\"><a class=\"entry-title-link\" href=\"https:\/\/neuronup.com\/de\/aktivitaten-fur-neurorehabilitation\/aktivitaten-fur-kognitive-funktionen\/aktivitaten-zu-visuell-raumlichen-fahigkeiten\/arbeitsblatt-zur-forderung-der-raumlichen-visualisierung-bei-erwachsenen-mentale-rekonstruktion-von-wurfeln\/\" rel=\"bookmark\">Arbeitsblatt zur F\u00f6rderung der r\u00e4umlichen Vorstellung bei Erwachsenen: Mentale Rekonstruktion von W\u00fcrfeln<\/a><\/h3>\n<\/div><\/article><article class=\"entry entry-grid is-column has-entry-link has-image has-image-first type-post category-gedachtnisaktivitaten tag-aktivitaten-zur-kognitiven-stimulation tag-aktivitaten-zur-kognitiven-stimulation-fur-kinder tag-gedachtnis tag-kinder tag-neuronup-nachrichten\" style=\"--entry-index:2;\" aria-label=\"Spiel zur F\u00f6rderung des episodischen Ged\u00e4chtnisses bei Kindern: Lerne die Namen\" itemscope itemtype=\"https:\/\/schema.org\/CreativeWork\"><a class=\"entry-image-link\" href=\"https:\/\/neuronup.com\/de\/aktivitaten-fur-neurorehabilitation\/aktivitaten-fur-kognitive-funktionen\/gedachtnisaktivitaten\/spiel-zum-trainieren-des-episodischen-gedachtnisses-bei-kindern-lerne-die-namen\/\" tabindex=\"-1\" aria-hidden=\"true\"><img decoding=\"async\" width=\"400\" height=\"273\" src=\"https:\/\/neuronup.com\/de\/wp-content\/uploads\/2023\/02\/Captura-de-Pantalla-2023-02-22-a-las-20.16.43.webp\" class=\"entry-image size-landscape-sm\" alt=\"Spiel zur F\u00f6rderung des episodischen Ged\u00e4chtnisses bei Kindern: Lerne die Namen.\" srcset=\"https:\/\/neuronup.com\/de\/wp-content\/uploads\/2023\/02\/Captura-de-Pantalla-2023-02-22-a-las-20.16.43-300x205.webp 300w, https:\/\/neuronup.com\/de\/wp-content\/uploads\/2023\/02\/Captura-de-Pantalla-2023-02-22-a-las-20.16.43-768x524.webp 768w, https:\/\/neuronup.com\/de\/wp-content\/uploads\/2023\/02\/Captura-de-Pantalla-2023-02-22-a-las-20.16.43-1024x698.webp 1024w, https:\/\/neuronup.com\/de\/wp-content\/uploads\/2023\/02\/Captura-de-Pantalla-2023-02-22-a-las-20.16.43.webp 1210w\" sizes=\"(max-width:599px) 599px, (min-width:600px) and (max-width: 799px) 799px, (min-width:800px) and (max-width: 999px) 333px, (min-width:1000px) 400px\" \/><\/a><div class=\"entry-wrap entry-wrap-grid\"><h3 class=\"entry-title\" itemprop=\"headline\"><a class=\"entry-title-link\" href=\"https:\/\/neuronup.com\/de\/aktivitaten-fur-neurorehabilitation\/aktivitaten-fur-kognitive-funktionen\/gedachtnisaktivitaten\/spiel-zum-trainieren-des-episodischen-gedachtnisses-bei-kindern-lerne-die-namen\/\" rel=\"bookmark\">Spiel zur F\u00f6rderung des episodischen Ged\u00e4chtnisses bei Kindern: Lerne die Namen<\/a><\/h3>\n<\/div><\/article><article class=\"entry entry-grid is-column has-entry-link has-image has-image-first type-post category-aktivitaten-bei-neurologischen-entwicklungsstorungen tag-aktivitaten-zur-kognitiven-stimulation tag-aktivitaten-zur-kognitiven-stimulation-fur-kinder\" style=\"--entry-index:3;\" aria-label=\"Gekreuzte Lateralit\u00e4t und Lernschwierigkeiten: Aktivit\u00e4ten zur F\u00f6rderung der Lateralit\u00e4t\" itemscope itemtype=\"https:\/\/schema.org\/CreativeWork\"><a class=\"entry-image-link\" href=\"https:\/\/neuronup.com\/de\/aktivitaten-fur-neurorehabilitation\/aktivitaten-bei-neurologischen-entwicklungsstorungen\/aktivitaten-zum-trainieren-der-gekreuzten-lateralitat\/\" tabindex=\"-1\" aria-hidden=\"true\"><img decoding=\"async\" width=\"400\" height=\"256\" src=\"https:\/\/neuronup.com\/de\/wp-content\/uploads\/2022\/01\/actividad-de-neuronup-entrelazados.webp\" class=\"entry-image size-landscape-sm\" alt=\"Aktivit\u00e4t von NeuronUP Entrelazados, die im kognitiven Interventionsprogramm f\u00fcr Personen mit dem Williams-Syndrom verwendet wird\" srcset=\"https:\/\/neuronup.com\/de\/wp-content\/uploads\/2022\/01\/actividad-de-neuronup-entrelazados-300x192.webp 300w, https:\/\/neuronup.com\/de\/wp-content\/uploads\/2022\/01\/actividad-de-neuronup-entrelazados-768x491.webp 768w, https:\/\/neuronup.com\/de\/wp-content\/uploads\/2022\/01\/actividad-de-neuronup-entrelazados-1024x655.webp 1024w, https:\/\/neuronup.com\/de\/wp-content\/uploads\/2022\/01\/actividad-de-neuronup-entrelazados.webp 1200w\" sizes=\"(max-width:599px) 599px, (min-width:600px) and (max-width: 799px) 799px, (min-width:800px) and (max-width: 999px) 333px, (min-width:1000px) 400px\" \/><\/a><div class=\"entry-wrap entry-wrap-grid\"><h3 class=\"entry-title\" itemprop=\"headline\"><a class=\"entry-title-link\" href=\"https:\/\/neuronup.com\/de\/aktivitaten-fur-neurorehabilitation\/aktivitaten-bei-neurologischen-entwicklungsstorungen\/aktivitaten-zum-trainieren-der-gekreuzten-lateralitat\/\" rel=\"bookmark\">Gekreuzte Lateralit\u00e4t und Lernschwierigkeiten: Aktivit\u00e4ten zur F\u00f6rderung der Lateralit\u00e4t<\/a><\/h3>\n<\/div><\/article><article class=\"entry entry-grid is-column has-entry-link has-image has-image-first type-post category-down-syndrom tag-down-syndrom tag-erfahrungsberichte tag-intellektuelle-behinderung\" style=\"--entry-index:4;\" aria-label=\"Altern von Menschen mit Down-Syndrom\" itemscope itemtype=\"https:\/\/schema.org\/CreativeWork\"><a class=\"entry-image-link\" href=\"https:\/\/neuronup.com\/de\/kognitive-stimulation-und-rehabilitation\/menschen-mit-behinderung\/down-syndrom\/altern-von-menschen-mit-down-syndrom\/\" tabindex=\"-1\" aria-hidden=\"true\"><img decoding=\"async\" width=\"400\" height=\"300\" src=\"https:\/\/neuronup.com\/de\/wp-content\/uploads\/2022\/02\/closeup-of-support-hands-1-400x300-1.webp\" class=\"entry-image size-landscape-sm\" alt=\"Alterung von Menschen mit Down-Syndrom\" srcset=\"https:\/\/neuronup.com\/de\/wp-content\/uploads\/2022\/02\/closeup-of-support-hands-1-400x300-1-300x225.webp 300w, https:\/\/neuronup.com\/de\/wp-content\/uploads\/2022\/02\/closeup-of-support-hands-1-400x300-1-768x576.webp 768w, https:\/\/neuronup.com\/de\/wp-content\/uploads\/2022\/02\/closeup-of-support-hands-1-400x300-1-1024x768.webp 1024w, https:\/\/neuronup.com\/de\/wp-content\/uploads\/2022\/02\/closeup-of-support-hands-1-400x300-1.webp 1200w\" sizes=\"(max-width:599px) 599px, (min-width:600px) and (max-width: 799px) 799px, (min-width:800px) and (max-width: 999px) 333px, (min-width:1000px) 400px\" \/><\/a><div class=\"entry-wrap entry-wrap-grid\"><h3 class=\"entry-title\" itemprop=\"headline\"><a class=\"entry-title-link\" href=\"https:\/\/neuronup.com\/de\/kognitive-stimulation-und-rehabilitation\/menschen-mit-behinderung\/down-syndrom\/altern-von-menschen-mit-down-syndrom\/\" rel=\"bookmark\">Altern von Menschen mit Down-Syndrom<\/a><\/h3>\n<\/div><\/article><article class=\"entry entry-grid is-column has-entry-link has-image has-image-first type-post category-sprachliche-aktivitaten tag-aktivitaten-zur-kognitiven-stimulation-fur-kinder tag-sprache\" style=\"--entry-index:5;\" aria-label=\"Neue Lesevorbereitungsaktivit\u00e4t f\u00fcr Vorschulkinder: Gedrehte Buchstaben\" itemscope itemtype=\"https:\/\/schema.org\/CreativeWork\"><a class=\"entry-image-link\" href=\"https:\/\/neuronup.com\/de\/aktivitaten-fur-neurorehabilitation\/aktivitaten-fur-kognitive-funktionen\/sprachliche-aktivitaten\/neue-aktivitat-zur-fruhkindlichen-lesevorbereitung-gedrehte-buchstaben\/\" tabindex=\"-1\" aria-hidden=\"true\"><img decoding=\"async\" width=\"400\" height=\"264\" src=\"https:\/\/neuronup.com\/de\/wp-content\/uploads\/2024\/02\/Nueva-actividad-de-prelectura-infantil-Letras-giradas-1.webp\" class=\"entry-image size-landscape-sm\" alt=\"Neue Vorschul-Leseaktivit\u00e4t Gedrehte Buchstaben\" srcset=\"https:\/\/neuronup.com\/de\/wp-content\/uploads\/2024\/02\/Nueva-actividad-de-prelectura-infantil-Letras-giradas-1-300x198.webp 300w, https:\/\/neuronup.com\/de\/wp-content\/uploads\/2024\/02\/Nueva-actividad-de-prelectura-infantil-Letras-giradas-1-768x507.webp 768w, https:\/\/neuronup.com\/de\/wp-content\/uploads\/2024\/02\/Nueva-actividad-de-prelectura-infantil-Letras-giradas-1-1024x676.webp 1024w, https:\/\/neuronup.com\/de\/wp-content\/uploads\/2024\/02\/Nueva-actividad-de-prelectura-infantil-Letras-giradas-1.webp 1458w\" sizes=\"(max-width:599px) 599px, (min-width:600px) and (max-width: 799px) 799px, (min-width:800px) and (max-width: 999px) 333px, (min-width:1000px) 400px\" \/><\/a><div class=\"entry-wrap entry-wrap-grid\"><h3 class=\"entry-title\" itemprop=\"headline\"><a class=\"entry-title-link\" href=\"https:\/\/neuronup.com\/de\/aktivitaten-fur-neurorehabilitation\/aktivitaten-fur-kognitive-funktionen\/sprachliche-aktivitaten\/neue-aktivitat-zur-fruhkindlichen-lesevorbereitung-gedrehte-buchstaben\/\" rel=\"bookmark\">Neue Lesevorbereitungsaktivit\u00e4t f\u00fcr Vorschulkinder: Gedrehte Buchstaben<\/a><\/h3>\n<\/div><\/article><article class=\"entry entry-grid is-column has-entry-link has-image has-image-first type-post category-neuronup-talks tag-demenz tag-neurodegenerative-erkrankungen tag-neuronup-talks\" style=\"--entry-index:6;\" aria-label=\"Empfohlene Lekt\u00fcren zu neurodegenerativen Demenzen\" itemscope itemtype=\"https:\/\/schema.org\/CreativeWork\"><a class=\"entry-image-link\" href=\"https:\/\/neuronup.com\/de\/neuronup-talks\/lesetipps-zu-neurodegenerativen-demenzen\/\" tabindex=\"-1\" aria-hidden=\"true\"><img decoding=\"async\" width=\"400\" height=\"225\" src=\"https:\/\/neuronup.com\/de\/wp-content\/uploads\/2025\/10\/Demencias-neurodegenerativas-de-investigacion-a-clinica-l-Carolina-Sastre-Adria-Tort-Merino-l-NeuronUP-Talks-l-Episodio-1-Temporada-2.webp\" class=\"entry-image size-landscape-sm\" alt=\"Neuropsychologie der neurodegenerativen Demenzen |Adri\u00e0 Tort &amp; Carolina Sastre|NeuronUPTalks T2E1\" srcset=\"https:\/\/neuronup.com\/de\/wp-content\/uploads\/2025\/10\/Demencias-neurodegenerativas-de-investigacion-a-clinica-l-Carolina-Sastre-Adria-Tort-Merino-l-NeuronUP-Talks-l-Episodio-1-Temporada-2-300x169.webp 300w, https:\/\/neuronup.com\/de\/wp-content\/uploads\/2025\/10\/Demencias-neurodegenerativas-de-investigacion-a-clinica-l-Carolina-Sastre-Adria-Tort-Merino-l-NeuronUP-Talks-l-Episodio-1-Temporada-2-768x432.webp 768w, https:\/\/neuronup.com\/de\/wp-content\/uploads\/2025\/10\/Demencias-neurodegenerativas-de-investigacion-a-clinica-l-Carolina-Sastre-Adria-Tort-Merino-l-NeuronUP-Talks-l-Episodio-1-Temporada-2-1024x576.webp 1024w, https:\/\/neuronup.com\/de\/wp-content\/uploads\/2025\/10\/Demencias-neurodegenerativas-de-investigacion-a-clinica-l-Carolina-Sastre-Adria-Tort-Merino-l-NeuronUP-Talks-l-Episodio-1-Temporada-2.webp 1280w\" sizes=\"(max-width:599px) 599px, (min-width:600px) and (max-width: 799px) 799px, (min-width:800px) and (max-width: 999px) 333px, (min-width:1000px) 400px\" \/><\/a><div class=\"entry-wrap entry-wrap-grid\"><h3 class=\"entry-title\" itemprop=\"headline\"><a class=\"entry-title-link\" href=\"https:\/\/neuronup.com\/de\/neuronup-talks\/lesetipps-zu-neurodegenerativen-demenzen\/\" rel=\"bookmark\">Empfohlene Lekt\u00fcren zu neurodegenerativen Demenzen<\/a><\/h3>\n<\/div><\/article><\/div><\/div>\n\n\n<div style=\"height:50px\" aria-hidden=\"true\" class=\"wp-block-spacer\"><\/div>\n\n\n\n<p class=\"has-sm-font-size\">Dieser Artikel wurde \u00fcbersetzt; Link zum Originalartikel auf Spanisch:<br><a href=\"https:\/\/neuronup.com\/neurociencia\/cerebro-neurociencia\/audicion-y-cerebro-la-relacion-entre-la-perdida-auditiva-y-las-funciones-cognitivas\/\" data-type=\"link\" data-id=\"https:\/\/neuronup.com\/neurociencia\/cerebro-neurociencia\/audicion-y-cerebro-la-relacion-entre-la-perdida-auditiva-y-las-funciones-cognitivas\/\"><em>Audici\u00f3n y cerebro: La relaci\u00f3n entre la p\u00e9rdida auditiva y las funciones cognitivas<\/em><\/a><\/p>\n\n","protected":false},"excerpt":{"rendered":"<p>Anl\u00e4sslich des Welt-H\u00f6rtags beleuchten wir in diesem Artikel die Beziehung zwischen dem H\u00f6ren und dem Gehirn, wobei wir besonderes Augenmerk darauf richten, wie H\u00f6rverlust die kognitiven Funktionen beeinflusst und welche Strategien zur auditiven Rehabilitation angewendet werden k\u00f6nnen. Einf\u00fchrung Jeden 3. M\u00e4rz wird der Welt-H\u00f6rtag begangen, eine Initiative der Weltgesundheitsorganisation (WHO), um das Bewusstsein f\u00fcr die &hellip;<\/p>\n","protected":false},"author":134,"featured_media":38174,"comment_status":"open","ping_status":"open","sticky":false,"template":"","format":"standard","meta":{"_acf_changed":false,"_genesis_hide_title":false,"_genesis_hide_breadcrumbs":false,"_genesis_hide_singular_image":false,"_genesis_hide_footer_widgets":false,"_genesis_custom_body_class":"","_genesis_custom_post_class":"","_genesis_layout":"","footnotes":""},"categories":[66],"tags":[57,216],"class_list":{"2":"type-post","7":"category-gehirn-neurowissenschaften","8":"tag-aktivitaten-zur-kognitiven-stimulation","9":"tag-gehirn","10":"entry"},"acf":[],"_links":{"self":[{"href":"https:\/\/neuronup.com\/de\/wp-json\/wp\/v2\/posts\/38142","targetHints":{"allow":["GET"]}}],"collection":[{"href":"https:\/\/neuronup.com\/de\/wp-json\/wp\/v2\/posts"}],"about":[{"href":"https:\/\/neuronup.com\/de\/wp-json\/wp\/v2\/types\/post"}],"author":[{"embeddable":true,"href":"https:\/\/neuronup.com\/de\/wp-json\/wp\/v2\/users\/134"}],"replies":[{"embeddable":true,"href":"https:\/\/neuronup.com\/de\/wp-json\/wp\/v2\/comments?post=38142"}],"version-history":[{"count":1,"href":"https:\/\/neuronup.com\/de\/wp-json\/wp\/v2\/posts\/38142\/revisions"}],"predecessor-version":[{"id":46598,"href":"https:\/\/neuronup.com\/de\/wp-json\/wp\/v2\/posts\/38142\/revisions\/46598"}],"wp:featuredmedia":[{"embeddable":true,"href":"https:\/\/neuronup.com\/de\/wp-json\/wp\/v2\/media\/38174"}],"wp:attachment":[{"href":"https:\/\/neuronup.com\/de\/wp-json\/wp\/v2\/media?parent=38142"}],"wp:term":[{"taxonomy":"category","embeddable":true,"href":"https:\/\/neuronup.com\/de\/wp-json\/wp\/v2\/categories?post=38142"},{"taxonomy":"post_tag","embeddable":true,"href":"https:\/\/neuronup.com\/de\/wp-json\/wp\/v2\/tags?post=38142"}],"curies":[{"name":"wp","href":"https:\/\/api.w.org\/{rel}","templated":true}]}}