{"id":31646,"date":"2025-04-17T11:24:13","date_gmt":"2025-04-17T09:24:13","guid":{"rendered":"https:\/\/neuronup.com\/de\/?p=31646"},"modified":"2025-04-17T11:24:15","modified_gmt":"2025-04-17T09:24:15","slug":"musiktherapie-in-der-behandlung-von-demenz-nutzen-arten-und-auswirkungen-auf-das-gehirn","status":"publish","type":"post","link":"https:\/\/neuronup.com\/de\/kognitive-stimulation-und-rehabilitation\/neurodegenerative-erkrankungen\/musiktherapie-in-der-behandlung-von-demenz-nutzen-arten-und-auswirkungen-auf-das-gehirn\/","title":{"rendered":"Musiktherapie in der Behandlung von Demenz: Nutzen, Arten und Auswirkungen auf das Gehirn"},"content":{"rendered":"\n<p class=\"has-xl-font-size\">Der Neuropsychologe Diego Alvarado informiert in diesem Artikel \u00fcber <strong>die wichtigsten Wirkungen der Musiktherapie bei Patienten mit Demenz<\/strong> und stellt gleichzeitig einen Vergleich zwischen den beiden am weitesten verbreiteten Arten der Musiktherapie im Rahmen musikalischer Therapien sowie deren Vorteile und Nutzen an.<\/p>\n\n\n\n<h2 class=\"wp-block-heading\">Was ist Demenz oder eine schwere neurokognitive St\u00f6rung?<\/h2>\n\n\n\n<p>Die <a href=\"https:\/\/neuronup.com\/de\/neurowissenschaften\/gehirn-neurowissenschaften\/frontotemporale-demenz-definition-arten-symptome-ursachen-diagnose-und-behandlung\/\">Demenz<\/a>, im DSM-5 heute als <strong>schwere neurokognitive St\u00f6rung<\/strong> bezeichnet, stellt <strong>eines der gravierendsten Gesundheitsprobleme weltweit<\/strong> dar, aufgrund ihrer hohen Pr\u00e4valenz sowie der enormen wirtschaftlichen und sozialen Kosten. Weltweit <strong>leben aktuell \u00fcber 55 Millionen Menschen mit einer Form von Demenz<\/strong>, von denen 60\u00a0% in L\u00e4ndern mit niedrigem oder mittlerem Einkommen leben; j\u00e4hrlich kommen \u00fcber zehn Millionen neue F\u00e4lle hinzu (Weltgesundheitsorganisation [WHO], 2023).<\/p>\n\n\n\n<p>Ihre Pr\u00e4valenz verdoppelt sich ab dem 65. Lebensjahr: 5\u20138&nbsp;% der Menschen zwischen 65 und 70 Jahren sind betroffen, 15\u201320&nbsp;% der \u00fcber 75-J\u00e4hrigen und 25\u201350&nbsp;% der \u00fcber 85-J\u00e4hrigen (Custodio et al., 2017). Obwohl das Alter der gr\u00f6\u00dfte Risikofaktor f\u00fcr Demenz ist, ist sie keine unvermeidliche Folge des Alterns und betrifft nicht ausschlie\u00dflich \u00e4ltere Menschen (Alzheimer Europe, 2019).<\/p>\n\n\n\n<p>Es handelt sich um einen <strong>chronisch fortschreitenden neurodegenerativen Prozess<\/strong>, bei dem psychologische und verhaltensbezogene Symptome gro\u00dfes Leid sowohl bei den Patienten als auch bei ihren Pflegepersonen verursachen. Beide befinden sich oft in einem fragilen physischen und sozialen Umfeld, das den kognitiven und funktionalen Abbau weiter versch\u00e4rft und eine fr\u00fchzeitige Heimeinweisung beg\u00fcnstigt (Mazorra, 2022).<\/p>\n\n\n\n<p>Obwohl medikament\u00f6se Behandlungen die erste Wahl waren, zeigen die hohen Kosten, die langsamen Fortschritte bei den Patienten und die geringe Lebensqualit\u00e4t w\u00e4hrend der Behandlung <strong>die Notwendigkeit zus\u00e4tzlicher Ans\u00e4tze<\/strong>, die sich auf die Lebensqualit\u00e4t konzentrieren und das emotionale Wohlbefinden der Patienten verbessern sollen.<\/p>\n\n\n\n<h2 class=\"wp-block-heading\">Die Wirkung von Musik auf das Gehirn<\/h2>\n\n\n\n<p>Neurobildgebende Verfahren zeigen, dass <strong>Musik mehrere Bereiche beider Gehirnh\u00e4lften aktivieren kann<\/strong> \u2013 selbst dann, wenn eine Person die Musik nicht h\u00f6rt, sondern sich diese nur vorstellt.<\/p>\n\n\n\n<ul class=\"wp-block-list\">\n<li>Der <strong>Frontallappen<\/strong>, verantwortlich f\u00fcr Funktionen wie Entscheidungsfindung, Denken und Planung, wird durch Musik stimuliert.<\/li>\n\n\n\n<li>Der <strong>Temporallappen<\/strong> verarbeitet und analysiert musikalische Muster sowie Tonh\u00f6he, Melodie und Rhythmus.<\/li>\n\n\n\n<li>Das <strong>Kleinhirn<\/strong> koordiniert Bewegungen und speichert motorische Erinnerungen (z.\u00a0B. das Klavierspielen). Diese Erinnerungen bleiben bei Menschen mit Demenz erhalten.<\/li>\n\n\n\n<li>Der <strong>Balken (Corpus callosum)<\/strong> erm\u00f6glicht die Kommunikation zwischen den beiden Gehirnh\u00e4lften und erlaubt damit koordinierte Bewegungen, wie sie beim Spielen eines Instruments mit beiden H\u00e4nden erforderlich sind.<\/li>\n<\/ul>\n\n\n\n<p>Insgesamt ist jede Gehirnstruktur an einer oder mehreren Aufgaben beteiligt, was auf eine weitreichende Aktivierung hindeutet und zeigt, dass <strong>Musik ein bedeutender und bereichernder Stimulus f\u00fcr die Gehirnfunktion ist<\/strong> (Sacks, 2006).<\/p>\n\n\n\n<p>Vor diesem Hintergrund stellt die <strong>Musiktherapie im klinischen Bereich eine vielversprechende Alternative<\/strong> dar, um die starke Wirkung der Musik auf die Gehirnphysiologie zu nutzen \u2013 durch strukturierte Programme zur <strong>Stimulation mit Kl\u00e4ngen, Rhythmen und Melodien zur Verbesserung von Angst- und Depressionssymptomen, Impulskontrollst\u00f6rungen und sozialen Anpassungsproblemen<\/strong> bei Patienten mit Demenz. Diese Herangehensweise bietet ein g\u00fcnstigeres Kosten-Nutzen-Verh\u00e4ltnis als traditionelle medikament\u00f6se Therapien, deren j\u00e4hrliche Kosten pro Person in Spanien \u00fcber 37.000&nbsp;Euro betragen (Gesundheitsministerium, 2017).<\/p>\n\n\n\n<div style=\"height:50px\" aria-hidden=\"true\" class=\"wp-block-spacer\"><\/div>\n\n\n\n<div class=\"wp-block-group br-0111 has-primary-background-color has-background has-dark-background has-sm-padding-top has-sm-padding-left has-sm-padding-right has-xxl-margin-top\"><div class=\"wp-block-group__inner-container is-layout-constrained wp-block-group-is-layout-constrained\">\n<div class=\"wp-block-columns is-layout-flex wp-container-core-columns-is-layout-9d6595d7 wp-block-columns-is-layout-flex\">\n<div class=\"wp-block-column is-layout-flow wp-block-column-is-layout-flow\">\n<figure class=\"wp-block-image size-full desktop-position-absolute desktop-bottom-0 mobile-width-50 mobile-m-inline-auto has-xl-margin-top\"><img decoding=\"async\" width=\"292\" height=\"338\" src=\"https:\/\/neuronup.com\/de\/wp-content\/uploads\/2023\/12\/Produkt-Zertifikat.webp\" alt=\"\" class=\"wp-image-27552\" srcset=\"https:\/\/neuronup.com\/de\/wp-content\/uploads\/2023\/12\/Produkt-Zertifikat-259x300.webp 259w, https:\/\/neuronup.com\/de\/wp-content\/uploads\/2023\/12\/Produkt-Zertifikat.webp 292w\" sizes=\"(max-width: 292px) 100vw, 292px\" \/><\/figure>\n<\/div>\n\n\n\n<div class=\"wp-block-column is-layout-flow wp-block-column-is-layout-flow\">\n<h2 class=\"wp-block-heading has-white-color has-text-color\">Melden Sie sich<br> f\u00fcr unseren<br> <strong>Newsletter<\/strong>\u00a0an<\/h2>\n\n\n\n<div class=\"wp-block-buttons is-layout-flex wp-block-buttons-is-layout-flex\">\n<div class=\"wp-block-button--1\" style=\"--button-outline-color:var(--color-white);--button-outline-color-hover:rgba(0,0,0,0.8);\"><a class=\"wp-block-button__link button button-outline   wp-element-button\" href=\"https:\/\/neuronup.com\/de\/newsletter\/#form\">Jetzt anmelden<\/a><\/div>\n\n<\/div>\n\n\n\n<div style=\"height:40px\" aria-hidden=\"true\" class=\"wp-block-spacer\"><\/div>\n<\/div>\n<\/div>\n<\/div><\/div>\n\n\n\n\n<div style=\"height:50px\" aria-hidden=\"true\" class=\"wp-block-spacer\"><\/div>\n\n\n\n<h2 class=\"wp-block-heading\">Musiktherapie zur Behandlung von Demenz<\/h2>\n\n\n\n<h3 class=\"wp-block-heading\">Was ist Musiktherapie?<\/h3>\n\n\n\n<p>Musiktherapie wird definiert als die <strong>gezielte Nutzung musikalischer Elemente<\/strong> wie Rhythmus, Melodie und Tonh\u00f6hen <strong>zu Rehabilitations- und\/oder Entspannungszwecken<\/strong>. Es gibt zwei Formen: aktiv und passiv.<\/p>\n\n\n\n<p><strong>Die Behandlung von Demenz mit Musiktherapie sollte individuell angepasst<\/strong> werden, je nach den pers\u00f6nlichen Vorlieben. Auch wenn <a href=\"https:\/\/neuronup.com\/de\/aktivitaten-fur-neurorehabilitation\/aktivitaten-fur-alzheimer-patienten\/10-uebungen-fuer-kognitives-training-fuer-menschen-mit-alzheimer\/\">kognitive Stimulation<\/a> durch Musik meist kurzfristige Effekte zeigt, belegen aktuelle Studien zur Wirksamkeit der Musiktherapie, dass <strong>die Therapietreue entscheidend f\u00fcr den langfristigen Erhalt dieser Effekte<\/strong> ist. Es ist daher wichtig, festzustellen, ob eine Person eher auf aktive (bewegungsbasierte) oder passive (h\u00f6rbasierte) Musiktherapie anspricht.<\/p>\n\n\n\n<h3 class=\"wp-block-heading\">Arten der Musiktherapie<\/h3>\n\n\n\n<h4 class=\"wp-block-heading\">1. Aktive Musiktherapie<\/h4>\n\n\n\n<p>Sie erfordert <strong>qualifizierte Fachkr\u00e4fte<\/strong> und setzt voraus, dass die Teilnehmenden <strong>\u00fcber intakte motorische F\u00e4higkeiten<\/strong> verf\u00fcgen und nicht durch andere Erkrankungen in ihrer Beweglichkeit eingeschr\u00e4nkt sind.<\/p>\n\n\n\n<p>Ihre <strong>Vorteile<\/strong> sind vielf\u00e4ltig:<\/p>\n\n\n\n<ol class=\"wp-block-list\">\n<li><strong>gest\u00e4rktes Selbstwertgef\u00fchl<\/strong>;<\/li>\n\n\n\n<li><strong>bessere Impulskontrolle<\/strong>;<\/li>\n\n\n\n<li><strong>gef\u00f6rderte Sozialkompetenz<\/strong> durch Gruppent\u00e4nze;<\/li>\n\n\n\n<li>und <strong>mehr kognitive Flexibilit\u00e4t<\/strong> durch das Improvisieren von Tanzschritten und Bewegungen.<\/li>\n<\/ol>\n\n\n\n<p>Aktive Musiktherapie <strong>zeigt bemerkenswerte Wirkungen auf die kognitive Aktivierung<\/strong>, w\u00e4hrend passive Musiktherapie vermehrt zur Selbstkontrolle, inneren Ruhe und Selbstregulation beitr\u00e4gt. Dies zeigt, dass jede Form der Musiktherapie je nach Krankheitsverlauf sinnvoll eingesetzt werden kann. Pers\u00f6nliche Eigenschaften und fr\u00fchere musikalische Erfahrungen k\u00f6nnen dabei den therapeutischen Erfolg beeinflussen. Positive Effekte sind in beiden Dimensionen feststellbar, sodass beide Musiktherapieformen in der Behandlung von Demenz eingesetzt werden k\u00f6nnen.<\/p>\n\n\n\n<h4 class=\"wp-block-heading\">2. Passive Musiktherapie<\/h4>\n\n\n\n<p>Sie erfordert nahezu keine externen Ressourcen, erleichtert die Abstraktion und f\u00f6rdert \u00e4sthetische Reflexion. Dadurch entsteht eine intensive kognitive Stimulation durch Musik, wobei lediglich eine <strong>normgerechte F\u00e4higkeit zur anhaltenden Aufmerksamkeit<\/strong> erforderlich ist.<\/p>\n\n\n\n<h3 class=\"wp-block-heading\">Vorteile der Musiktherapie bei Demenz<\/h3>\n\n\n\n<p>Vergleicht man beide Formen, so <strong>zeigen sich in den Bereichen Verhalten, Emotionen, Psychologie und Sozialverhalten deutliche Verbesserungen<\/strong>. Beide haben zudem einen positiven klinischen Effekt auf affektive Symptome und f\u00f6rdern ein positives emotionales Erleben, das auch nach Abschluss der Interventionen anh\u00e4lt.<\/p>\n\n\n\n<p>Aktive Musiktherapie wirkt besonders stark auf die kognitive Aktivierung, w\u00e4hrend passive Musiktherapie die Selbstkontrolle, Ruhe und Selbstregulation f\u00f6rdert. Dies belegt, dass jede Form der Musiktherapie je nach Stadium der Erkrankung und individuellen Merkmalen effektiv sein kann. Beide Formen haben ihre positiven Wirkungen und k\u00f6nnen daher erg\u00e4nzend zur Behandlung von Demenz eingesetzt werden.<\/p>\n\n\n\n<p><strong>Aktive Musiktherapie wirkt deutlich auf die kognitive Aktivierung<\/strong>, w\u00e4hrend <strong>passive Musiktherapie die Selbstkontrolle, Ruhe und Selbstregulation f\u00f6rdert<\/strong>.<\/p>\n\n\n\n<p>Dies unterstreicht, dass beide Therapieformen je nach Stadium und pers\u00f6nlicher Erfahrung eingesetzt werden k\u00f6nnen. <strong>Beide Musiktherapieformen sind zur Behandlung von Demenz geeignet<\/strong>.<\/p>\n\n\n\n<p>Neuere Studien zur Wirksamkeit von Musiktherapie bei Demenz zeigen, dass <strong>Musikh\u00f6ren sowohl ein protektiver Faktor als auch ein therapeutisches Instrument<\/strong> sein kann (Witte, 2022). Ihre Effekte auf kognitive Funktionen sind bereits seit Jahrhunderten in Kulturen wie der asiatischen dokumentiert, in denen Musik zur F\u00f6rderung von Gedanken, Reflexion und geistiger Klarheit diente \u2013 Effekte, die auch mit kognitiver Stimulation in vielen F\u00e4llen von Demenz angestrebt werden.<\/p>\n\n\n\n<p>Dies gilt zweifellos auch f\u00fcr die aktive Musiktherapie, bei der <strong>k\u00f6rperliche Bewegung das Bewusstsein f\u00fcr die Umgebung f\u00f6rdert, die Kommunikationsf\u00e4higkeit mit anderen st\u00e4rkt und den Cortisolspiegel senkt<\/strong>. Ein dauerhaft erh\u00f6hter Cortisolspiegel beeintr\u00e4chtigt die f\u00fcr Planung und Organisation zust\u00e4ndigen frontalen Hirnareale.<\/p>\n\n\n\n<p><strong>Bei Demenzen finden wir eine signifikante frontale Degeneration<\/strong>. Durch den Einsatz von Musiktherapie wird jedoch dieser Bereich stimuliert, und der Abbau scheint sich zu verlangsamen. Dies zeigt sich in den <strong>Verbesserungen, die einige Patienten in Bereichen wie dem logischen Denken erzielen<\/strong>: Sie sind in der Lage, sich an Tanzschritte anzupassen, einen Rhythmus intuitiv fortzusetzen und den Liedtext fl\u00fcssiger zu verarbeiten (Bleibel, 2023).<\/p>\n\n\n\n<p>In sp\u00e4teren Interventionen zeigen sich eine gr\u00f6\u00dfere Entspannung w\u00e4hrend der Aktivit\u00e4ten, eine h\u00f6here Bereitschaft zur Teilnahme sowie positive Ver\u00e4nderungen in funktionalen Pers\u00f6nlichkeitsmerkmalen, die sich in einer h\u00f6heren Effizienz bei allt\u00e4glichen Aufgaben und in <strong>einer verbesserten Lebensqualit\u00e4t<\/strong> widerspiegeln.<\/p>\n\n\n\n<p><strong>Die Anfangseffekte sind unterschiedlich<\/strong>. Bei einigen Patienten werden bereits in den ersten Sitzungen positive Effekte berichtet, bei anderen treten zun\u00e4chst keine Ver\u00e4nderungen auf. Die fr\u00fchere Beziehung zur Musik scheint eine wichtige Rolle zu spielen. Dennoch <strong>berichten die meisten Patienten im Verlauf der Therapie \u00fcber einen oder mehrere positive Effekte<\/strong>, unabh\u00e4ngig vom Musikstil oder von den eingesetzten Rhythmen und Melodien. Schlie\u00dflich berichten Pflegekr\u00e4fte, dass <strong>die Aktivit\u00e4t langfristig positiv wahrgenommen wird<\/strong> \u2013 sei es aufgrund des sozialen Aspekts der Musiktherapie-Routine oder durch direkte Auswirkungen der Musik.<\/p>\n\n\n\n<p>Auch <strong>die Ver\u00e4nderungen im Leben der Pflegepersonen<\/strong> sind nicht zu untersch\u00e4tzen. Sie berichten von <strong>verbesserter Kommunikation mit den Patienten<\/strong> und einer positiveren Wahrnehmung ihrer Rolle als Pflegeperson. Die Beziehung kann emotional enger gestaltet werden, wenn keine Faktoren vorhanden sind, die Angst oder Depression ausl\u00f6sen. In diesem Sinne <strong>k\u00f6nnen weitere gemeinsame Aktivit\u00e4ten zwischen Pflegeperson und Patient die Beziehung st\u00e4rken<\/strong> und helfen, Schwierigkeiten im Pflegekontext abzumildern.<\/p>\n\n\n\n<h3 class=\"wp-block-heading\">Musiktherapie oder erg\u00e4nzende Therapien zur Behandlung von Demenz<\/h3>\n\n\n\n<p>Wie die Musiktherapie nutzen auch andere Therapieformen Elemente wie <strong>D\u00fcfte (Aromatherapie), Akupunktur, Phytotherapie oder Entspannungstechniken<\/strong>, um Symptome wie Ged\u00e4chtnisverlust bei <a href=\"https:\/\/neuronup.com\/de\/neurorehabilitation\/neurodegenerative-erkrankungen\/alzheimer-krankheit\/\">Alzheimer (AD)<\/a>, Depression oder Impulsivit\u00e4t zu behandeln. Subjektive Verbesserungen werden dabei h\u00e4ufig berichtet, wodurch psychisches Unwohlsein im Verlauf der Demenz zumindest teilweise gelindert wird.<\/p>\n\n\n\n<p>Der Hauptunterschied liegt in der <strong>Qualit\u00e4t der wissenschaftlichen Evidenz, die zu diesen Therapieformen vorliegt<\/strong>. Oft fehlt es an klaren Angaben zu Dosis und Anwendungsdauer, oder es mangelt an standardisierten Protokollen, die eine fundierte Nachverfolgung des Patientenzustands erlauben. Im Gegensatz dazu hat die Musiktherapie gezeigt, dass sich ihre Effekte bei korrekter Anwendung, definierten Zeitrahmen und guter Therapietreue quantifizierbar und pr\u00e4zise untersuchen lassen.<\/p>\n\n\n\n<p>Ein weiterer Vorteil ist, dass <strong>Musik eine universelle Sprache ist<\/strong>. Die meisten Menschen haben bereits einen Bezug zu bestimmten Elementen, die in den Programmen verwendet werden, <strong>was die Anpassung an die eingesetzten Methoden und damit die aktive Teilnahme erleichtert<\/strong>.<\/p>\n\n\n\n<h3 class=\"wp-block-heading\">Wie l\u00e4sst sich Musiktherapie in die kognitive Stimulation bei Demenz integrieren?<\/h3>\n\n\n\n<p>Musiktherapie ist ein wirksames Instrument bei Menschen mit Demenz, da sie Gehirnregionen wie folgende aktiviert:<\/p>\n\n\n\n<ul class=\"wp-block-list\">\n<li>den <strong>Hippocampus<\/strong>, der Teil des limbischen Systems ist und f\u00fcr das Speichern und Abrufen von Informationen zust\u00e4ndig ist;<\/li>\n\n\n\n<li>das <strong>limbische System<\/strong>, das emotionale Reaktionen verarbeitet;<\/li>\n\n\n\n<li>und den <strong>pr\u00e4frontalen Kortex<\/strong>, der mit h\u00f6heren kognitiven Funktionen verbunden ist.<\/li>\n<\/ul>\n\n\n\n<p>In <strong>fr\u00fchen Stadien<\/strong> eignen sich Aktivit\u00e4ten wie Singen, Tanzen, Instrumente spielen oder Lieder h\u00f6ren. In <strong>mittleren und fortgeschrittenen Stadien<\/strong> k\u00f6nnen diese Ma\u00dfnahmen durch sensorische Stimulation erg\u00e4nzt werden, wobei Musik mit pers\u00f6nlicher Bedeutung f\u00fcr den Patienten im Vordergrund steht.<\/p>\n\n\n\n<p>Weitere Strategien k\u00f6nnten sein:<\/p>\n\n\n\n<ol class=\"wp-block-list\">\n<li>Lieder zu identifizieren, die im Leben des Patienten eine besondere Rolle gespielt haben (z.\u00a0B. Volkslieder, religi\u00f6se Musik, Hymnen);<\/li>\n\n\n\n<li>in Zusammenarbeit mit Angeh\u00f6rigen individuelle Wiedergabelisten zu erstellen.<\/li>\n<\/ol>\n\n\n\n<p>Um die Interventionen zu verst\u00e4rken, <strong>sollte Musik in die t\u00e4glichen Routinen integriert werden<\/strong>, etwa durch lebhafte Melodien am Morgen und beruhigende Kl\u00e4nge am Abend.<\/p>\n\n\n\n<p>Ebenso wichtig ist es, Musiktherapie mit multisensorischer Stimulation, k\u00f6rperlicher Bewegung und weiteren kognitiven Reizen entsprechend den Bed\u00fcrfnissen des Patienten zu kombinieren.<\/p>\n\n\n\n<p>Eine interessante Strategie ist das <strong>Erinnern an Liedtexte und deren Verkn\u00fcpfung mit pers\u00f6nlichen Erlebnissen<\/strong>, was ein effektives Ged\u00e4chtnistraining darstellt. Ebenso hilfreich ist <strong>das gemeinsame Singen oder das Vervollst\u00e4ndigen bekannter Liedtexte<\/strong> zur Sprachstimulation.<\/p>\n\n\n\n<p>Zur F\u00f6rderung der Aufmerksamkeit und der motorischen Koordination kann das <strong>gezielte Spielen von Musikinstrumenten<\/strong> genutzt werden \u2013 unabh\u00e4ngig davon, ob der Patient Vorerfahrung mit Musik hat oder nicht. Alternativ kann eine <strong>freie Spielweise<\/strong> gew\u00e4hlt werden, wenn Unruhe oder Angstsymptome gelindert werden sollen.<\/p>\n\n\n\n<h2 class=\"wp-block-heading\">Fazit<\/h2>\n\n\n\n<p>Musiktherapie ist eine aufstrebende Disziplin, die weitere Forschung und eine gemeinsame Betrachtung mit anderen therapeutischen Variablen erfordert. Obwohl <strong>bisherige Evidenz auf eine hohe Wirksamkeit von Behandlungsprogrammen mit Musiktherapie<\/strong> bei Demenzpatienten hinweist, ist ihre Anwendung in einem interdisziplin\u00e4ren Rahmen notwendig, in enger Zusammenarbeit mit ergotherapeutischen und neuropsychologischen Ma\u00dfnahmen.<\/p>\n\n\n\n<p><strong>Die Unterst\u00fctzung durch Pflegepersonen ist ebenfalls entscheidend<\/strong>, denn die Einbindung von Musik in den Alltag tr\u00e4gt dazu bei, den Fokus der Intervention aufrechtzuerhalten und das in der Therapie Erarbeitete zu festigen.<\/p>\n\n\n\n<h2 class=\"wp-block-heading\">Literaturverzeichnis<\/h2>\n\n\n\n<ul class=\"wp-block-list\">\n<li class=\"has-sm-font-size\">Alzheimer Europe. (2019). Demenz in Europa. Jahresbericht 2019: Sch\u00e4tzung der Pr\u00e4valenz von Demenz in Europa. Alzheimer Europe.\u00a0https:\/\/www.alzheimer-europe.org<\/li>\n\n\n\n<li class=\"has-sm-font-size\">Bleibel, M., El Cheikh, A., Sadier, N. S., &amp; Abou-Abbas, L. (2023). The effect of music therapy on cognitive functions in patients with Alzheimer&#8217;s disease: A systematic review of randomized controlled trials. Alzheimer\u2019s Research &amp; Therapy, 15(1), 65.\u00a0https:\/\/doi.org\/10.1186\/s13195-023-01214-9<\/li>\n\n\n\n<li class=\"has-sm-font-size\">Mazorra Ruiz, D. (2022). Behandlung von Alzheimer und Parkinson, Grenzen. Suche nach neuen therapeutischen Zielen und Medikamenten [Masterarbeit, Nationale Fernuniversit\u00e4t UNED]. Repositorium UNED.\u00a0http:\/\/creativecommons.org\/licenses\/by-nc-nd\/4.0info:eu-repo\/semantics\/openAccess<\/li>\n\n\n\n<li class=\"has-sm-font-size\">Spanisches Gesundheitsministerium. (2017). Integrierter Plan f\u00fcr Alzheimer und andere Demenzen (2017\u20132023). Spanisches Gesundheitsministerium.<\/li>\n\n\n\n<li class=\"has-sm-font-size\">Weltgesundheitsorganisation. (2023). [Titel des Dokuments, falls verf\u00fcgbar]. WHO.\u00a0https:\/\/www.who.int<\/li>\n\n\n\n<li class=\"has-sm-font-size\">Sacks, O. (2006). The power of music. Brain, 129(10), 2528-2532.\u00a0https:\/\/academic.oup.com\/brain\/article-abstract\/129\/10\/2528\/292982<\/li>\n\n\n\n<li class=\"has-sm-font-size\">Witte, M., Pinho, A. D. S., Stams, G. J., Moonen, X., Bos, A. E. R., &amp; van Hooren, S. (2022). Music therapy for stress reduction: A systematic review and meta-analysis. Health Psychology Review, 16(1), 134-159.\u00a0https:\/\/doi.org\/10.1080\/17437199.2020.1846580<\/li>\n<\/ul>\n\n\n\n<h3 class=\"wp-block-heading\">Wenn Ihnen dieser Blogartikel \u00fcber <strong>Demenz und Musiktherapie<\/strong> gefallen hat, k\u00f6nnten Sie auch diese Beitr\u00e4ge von NeuronUP interessieren:<\/h3>\n\n\n<div class=\"mai-grid entries entries-grid has-boxed has-image-full\" style=\"--entry-title-font-size:var(--font-size-lg);--align-text:start;--entry-meta-text-align:start;\"><div class=\"entries-wrap has-columns\" style=\"--columns-xs:1\/1;--columns-sm:1\/1;--columns-md:1\/3;--columns-lg:1\/3;--flex-xs:0 0 var(--flex-basis);--flex-sm:0 0 var(--flex-basis);--flex-md:0 0 var(--flex-basis);--flex-lg:0 0 var(--flex-basis);--column-gap:var(--spacing-lg);--row-gap:var(--spacing-lg);--align-columns:start;\"><article class=\"entry entry-grid is-column has-entry-link has-image has-image-first type-post category-neurodegenerative-erkrankungen tag-demenz tag-neurodegenerative-erkrankungen\" style=\"--entry-index:1;\" aria-label=\"Verst\u00e4ndnis der frontotemporalen Demenz: Die Bedeutung der Psychoedukation f\u00fcr Angeh\u00f6rige\" itemscope itemtype=\"https:\/\/schema.org\/CreativeWork\"><a class=\"entry-image-link\" href=\"https:\/\/neuronup.com\/de\/kognitive-stimulation-und-rehabilitation\/neurodegenerative-erkrankungen\/die-frontotemporale-demenz-verstehen-die-bedeutung-der-psychoedukation-fur-angehorige\/\" tabindex=\"-1\" aria-hidden=\"true\"><img decoding=\"async\" width=\"400\" height=\"267\" src=\"https:\/\/neuronup.com\/de\/wp-content\/uploads\/2024\/07\/Comprendiendo-la-demencia-frontotemporal-La-importancia-de-la-psicoeducacion-para-los-familiares-NeuronUP.webp\" class=\"entry-image size-landscape-sm\" alt=\"Verstehen der frontotemporalen Demenz: Die Bedeutung der Psychoedukation f\u00fcr die Angeh\u00f6rigen von NeuronUP\" srcset=\"https:\/\/neuronup.com\/de\/wp-content\/uploads\/2024\/07\/Comprendiendo-la-demencia-frontotemporal-La-importancia-de-la-psicoeducacion-para-los-familiares-NeuronUP-300x200.webp 300w, https:\/\/neuronup.com\/de\/wp-content\/uploads\/2024\/07\/Comprendiendo-la-demencia-frontotemporal-La-importancia-de-la-psicoeducacion-para-los-familiares-NeuronUP-768x512.webp 768w, https:\/\/neuronup.com\/de\/wp-content\/uploads\/2024\/07\/Comprendiendo-la-demencia-frontotemporal-La-importancia-de-la-psicoeducacion-para-los-familiares-NeuronUP-1024x683.webp 1024w, https:\/\/neuronup.com\/de\/wp-content\/uploads\/2024\/07\/Comprendiendo-la-demencia-frontotemporal-La-importancia-de-la-psicoeducacion-para-los-familiares-NeuronUP.webp 1200w\" sizes=\"(max-width:599px) 599px, (min-width:600px) and (max-width: 799px) 799px, (min-width:800px) and (max-width: 999px) 333px, (min-width:1000px) 400px\" \/><\/a><div class=\"entry-wrap entry-wrap-grid\"><h3 class=\"entry-title\" itemprop=\"headline\"><a class=\"entry-title-link\" href=\"https:\/\/neuronup.com\/de\/kognitive-stimulation-und-rehabilitation\/neurodegenerative-erkrankungen\/die-frontotemporale-demenz-verstehen-die-bedeutung-der-psychoedukation-fur-angehorige\/\" rel=\"bookmark\">Verst\u00e4ndnis der frontotemporalen Demenz: Die Bedeutung der Psychoedukation f\u00fcr Angeh\u00f6rige<\/a><\/h3>\n<\/div><\/article><article class=\"entry entry-grid is-column has-entry-link has-image has-image-first type-post category-parkinson tag-kognitive-rehabilitation tag-parkinson\" style=\"--entry-index:2;\" aria-label=\"Neuropsychologische Rehabilitation bei Morbus Parkinson\" itemscope itemtype=\"https:\/\/schema.org\/CreativeWork\"><a class=\"entry-image-link\" href=\"https:\/\/neuronup.com\/de\/kognitive-stimulation-und-rehabilitation\/neurodegenerative-erkrankungen\/parkinson\/neuropsychologische-rehabilitation-bei-der-parkinson-krankheit\/\" tabindex=\"-1\" aria-hidden=\"true\"><img decoding=\"async\" width=\"398\" height=\"300\" src=\"https:\/\/neuronup.com\/de\/wp-content\/uploads\/2023\/10\/Rehabilitacion-neuropsicologica-en-la-enfermedad-de-Parkinson-2-1.webp\" class=\"entry-image size-landscape-sm\" alt=\"Neuropsychologische-Rehabilitation-bei-Parkinson-Krankheit\" srcset=\"https:\/\/neuronup.com\/de\/wp-content\/uploads\/2023\/10\/Rehabilitacion-neuropsicologica-en-la-enfermedad-de-Parkinson-2-1-300x226.webp 300w, https:\/\/neuronup.com\/de\/wp-content\/uploads\/2023\/10\/Rehabilitacion-neuropsicologica-en-la-enfermedad-de-Parkinson-2-1-768x579.webp 768w, https:\/\/neuronup.com\/de\/wp-content\/uploads\/2023\/10\/Rehabilitacion-neuropsicologica-en-la-enfermedad-de-Parkinson-2-1-1024x771.webp 1024w, https:\/\/neuronup.com\/de\/wp-content\/uploads\/2023\/10\/Rehabilitacion-neuropsicologica-en-la-enfermedad-de-Parkinson-2-1.webp 1200w\" sizes=\"(max-width:599px) 599px, (min-width:600px) and (max-width: 799px) 799px, (min-width:800px) and (max-width: 999px) 333px, (min-width:1000px) 400px\" \/><\/a><div class=\"entry-wrap entry-wrap-grid\"><h3 class=\"entry-title\" itemprop=\"headline\"><a class=\"entry-title-link\" href=\"https:\/\/neuronup.com\/de\/kognitive-stimulation-und-rehabilitation\/neurodegenerative-erkrankungen\/parkinson\/neuropsychologische-rehabilitation-bei-der-parkinson-krankheit\/\" rel=\"bookmark\">Neuropsychologische Rehabilitation bei Morbus Parkinson<\/a><\/h3>\n<\/div><\/article><article class=\"entry entry-grid is-column has-entry-link has-image has-image-first type-post category-parkinson tag-parkinson\" style=\"--entry-index:3;\" aria-label=\"Geruch von Parkinson\" itemscope itemtype=\"https:\/\/schema.org\/CreativeWork\"><a class=\"entry-image-link\" href=\"https:\/\/neuronup.com\/de\/kognitive-stimulation-und-rehabilitation\/neurodegenerative-erkrankungen\/parkinson\/geruch-nach-parkinson\/\" tabindex=\"-1\" aria-hidden=\"true\"><img decoding=\"async\" width=\"400\" height=\"267\" src=\"https:\/\/neuronup.com\/de\/wp-content\/uploads\/2023\/04\/olor-a-parkinson.webp\" class=\"entry-image size-landscape-sm\" alt=\"\" srcset=\"https:\/\/neuronup.com\/de\/wp-content\/uploads\/2023\/04\/olor-a-parkinson-300x200.webp 300w, https:\/\/neuronup.com\/de\/wp-content\/uploads\/2023\/04\/olor-a-parkinson-768x512.webp 768w, https:\/\/neuronup.com\/de\/wp-content\/uploads\/2023\/04\/olor-a-parkinson-1024x683.webp 1024w, https:\/\/neuronup.com\/de\/wp-content\/uploads\/2023\/04\/olor-a-parkinson.webp 1200w\" sizes=\"(max-width:599px) 599px, (min-width:600px) and (max-width: 799px) 799px, (min-width:800px) and (max-width: 999px) 333px, (min-width:1000px) 400px\" \/><\/a><div class=\"entry-wrap entry-wrap-grid\"><h3 class=\"entry-title\" itemprop=\"headline\"><a class=\"entry-title-link\" href=\"https:\/\/neuronup.com\/de\/kognitive-stimulation-und-rehabilitation\/neurodegenerative-erkrankungen\/parkinson\/geruch-nach-parkinson\/\" rel=\"bookmark\">Geruch von Parkinson<\/a><\/h3>\n<\/div><\/article><article class=\"entry entry-grid is-column has-entry-link has-image has-image-first type-post category-alzheimer tag-altere-erwachsene tag-morbus-alzheimer tag-neurodegenerative-erkrankungen tag-normales-altern\" style=\"--entry-index:4;\" aria-label=\"Gestaltung sinnvoller Aktivit\u00e4ten f\u00fcr Demenzpatienten und gesundes Altern\" itemscope itemtype=\"https:\/\/schema.org\/CreativeWork\"><a class=\"entry-image-link\" href=\"https:\/\/neuronup.com\/de\/kognitive-stimulation-und-rehabilitation\/neurodegenerative-erkrankungen\/alzheimer\/gestaltung-von-aktivitaten-fur-patienten-mit-demenz-und-gesundes-altern\/\" tabindex=\"-1\" aria-hidden=\"true\"><img decoding=\"async\" width=\"400\" height=\"300\" src=\"https:\/\/neuronup.com\/de\/wp-content\/uploads\/2022\/10\/1202982913070921.Td96AfIJM1Twk8FZADJl_height640-1-1-1-1-1-1-1-1-1-1-1.webp\" class=\"entry-image size-landscape-sm\" alt=\"Gestaltung bedeutungsvoller Aktivit\u00e4ten f\u00fcr Patienten mit Demenz und gesundem Altern\" srcset=\"https:\/\/neuronup.com\/de\/wp-content\/uploads\/2022\/10\/1202982913070921.Td96AfIJM1Twk8FZADJl_height640-1-1-1-1-1-1-1-1-1-1-1-300x225.webp 300w, https:\/\/neuronup.com\/de\/wp-content\/uploads\/2022\/10\/1202982913070921.Td96AfIJM1Twk8FZADJl_height640-1-1-1-1-1-1-1-1-1-1-1-768x576.webp 768w, https:\/\/neuronup.com\/de\/wp-content\/uploads\/2022\/10\/1202982913070921.Td96AfIJM1Twk8FZADJl_height640-1-1-1-1-1-1-1-1-1-1-1-1024x768.webp 1024w, https:\/\/neuronup.com\/de\/wp-content\/uploads\/2022\/10\/1202982913070921.Td96AfIJM1Twk8FZADJl_height640-1-1-1-1-1-1-1-1-1-1-1.webp 1200w\" sizes=\"(max-width:599px) 599px, (min-width:600px) and (max-width: 799px) 799px, (min-width:800px) and (max-width: 999px) 333px, (min-width:1000px) 400px\" \/><\/a><div class=\"entry-wrap entry-wrap-grid\"><h3 class=\"entry-title\" itemprop=\"headline\"><a class=\"entry-title-link\" href=\"https:\/\/neuronup.com\/de\/kognitive-stimulation-und-rehabilitation\/neurodegenerative-erkrankungen\/alzheimer\/gestaltung-von-aktivitaten-fur-patienten-mit-demenz-und-gesundes-altern\/\" rel=\"bookmark\">Gestaltung sinnvoller Aktivit\u00e4ten f\u00fcr Demenzpatienten und gesundes Altern<\/a><\/h3>\n<\/div><\/article><article class=\"entry entry-grid is-column has-entry-link has-image has-image-first type-post category-multiple-sklerose tag-erfahrungsberichte tag-multiple-sklerose tag-neurodegenerative-erkrankungen\" style=\"--entry-index:5;\" aria-label=\"Die umfassendste kognitive \u00dcbung f\u00fcr Menschen mit Multipler Sklerose\" itemscope itemtype=\"https:\/\/schema.org\/CreativeWork\"><a class=\"entry-image-link\" href=\"https:\/\/neuronup.com\/de\/kognitive-stimulation-und-rehabilitation\/neurodegenerative-erkrankungen\/multiple-sklerose\/ubung-fur-menschen-mit-multipler-sklerose\/\" tabindex=\"-1\" aria-hidden=\"true\"><img decoding=\"async\" width=\"400\" height=\"288\" src=\"https:\/\/neuronup.com\/de\/wp-content\/uploads\/2022\/09\/El-ejercicio-cognitivo-mas-completo-para-personas-con-esclerosis-multiple-1-2-1-1.webp\" class=\"entry-image size-landscape-sm\" alt=\"\u00fcbung-f\u00fcr-menschen-mit-multiple-sklerose\" srcset=\"https:\/\/neuronup.com\/de\/wp-content\/uploads\/2022\/09\/El-ejercicio-cognitivo-mas-completo-para-personas-con-esclerosis-multiple-1-2-1-1-300x216.webp 300w, https:\/\/neuronup.com\/de\/wp-content\/uploads\/2022\/09\/El-ejercicio-cognitivo-mas-completo-para-personas-con-esclerosis-multiple-1-2-1-1-768x553.webp 768w, https:\/\/neuronup.com\/de\/wp-content\/uploads\/2022\/09\/El-ejercicio-cognitivo-mas-completo-para-personas-con-esclerosis-multiple-1-2-1-1-1024x737.webp 1024w, https:\/\/neuronup.com\/de\/wp-content\/uploads\/2022\/09\/El-ejercicio-cognitivo-mas-completo-para-personas-con-esclerosis-multiple-1-2-1-1.webp 1200w\" sizes=\"(max-width:599px) 599px, (min-width:600px) and (max-width: 799px) 799px, (min-width:800px) and (max-width: 999px) 333px, (min-width:1000px) 400px\" \/><\/a><div class=\"entry-wrap entry-wrap-grid\"><h3 class=\"entry-title\" itemprop=\"headline\"><a class=\"entry-title-link\" href=\"https:\/\/neuronup.com\/de\/kognitive-stimulation-und-rehabilitation\/neurodegenerative-erkrankungen\/multiple-sklerose\/ubung-fur-menschen-mit-multipler-sklerose\/\" rel=\"bookmark\">Die umfassendste kognitive \u00dcbung f\u00fcr Menschen mit Multipler Sklerose<\/a><\/h3>\n<\/div><\/article><article class=\"entry entry-grid is-column has-entry-link has-image has-image-first type-post category-neurodegenerative-erkrankungen tag-altere-erwachsene tag-morbus-alzheimer tag-multiple-sklerose tag-neurodegenerative-erkrankungen tag-parkinson\" style=\"--entry-index:6;\" aria-label=\"F\u00fcnf Filme \u00fcber neurodegenerative Erkrankungen\" itemscope itemtype=\"https:\/\/schema.org\/CreativeWork\"><a class=\"entry-image-link\" href=\"https:\/\/neuronup.com\/de\/kognitive-stimulation-und-rehabilitation\/neurodegenerative-erkrankungen\/funf-filme-uber-neurodegenerative-erkrankungen\/\" tabindex=\"-1\" aria-hidden=\"true\"><img decoding=\"async\" width=\"400\" height=\"267\" src=\"https:\/\/neuronup.com\/de\/wp-content\/uploads\/2022\/06\/Amor-y-otras-drogas.webp\" class=\"entry-image size-landscape-sm\" alt=\"Liebe und andere Drogen: Film \u00fcber Parkinson\" srcset=\"https:\/\/neuronup.com\/de\/wp-content\/uploads\/2022\/06\/Amor-y-otras-drogas-300x200.webp 300w, https:\/\/neuronup.com\/de\/wp-content\/uploads\/2022\/06\/Amor-y-otras-drogas-768x512.webp 768w, https:\/\/neuronup.com\/de\/wp-content\/uploads\/2022\/06\/Amor-y-otras-drogas.webp 1000w\" sizes=\"(max-width:599px) 599px, (min-width:600px) and (max-width: 799px) 799px, (min-width:800px) and (max-width: 999px) 333px, (min-width:1000px) 400px\" \/><\/a><div class=\"entry-wrap entry-wrap-grid\"><h3 class=\"entry-title\" itemprop=\"headline\"><a class=\"entry-title-link\" href=\"https:\/\/neuronup.com\/de\/kognitive-stimulation-und-rehabilitation\/neurodegenerative-erkrankungen\/funf-filme-uber-neurodegenerative-erkrankungen\/\" rel=\"bookmark\">F\u00fcnf Filme \u00fcber neurodegenerative Erkrankungen<\/a><\/h3>\n<\/div><\/article><\/div><\/div>","protected":false},"excerpt":{"rendered":"<p>Der Neuropsychologe Diego Alvarado informiert in diesem Artikel \u00fcber die wichtigsten Wirkungen der Musiktherapie bei Patienten mit Demenz und stellt gleichzeitig einen Vergleich zwischen den beiden am weitesten verbreiteten Arten der Musiktherapie im Rahmen musikalischer Therapien sowie deren Vorteile und Nutzen an. Was ist Demenz oder eine schwere neurokognitive St\u00f6rung? Die Demenz, im DSM-5 heute &hellip;<\/p>\n","protected":false},"author":170,"featured_media":31647,"comment_status":"open","ping_status":"open","sticky":false,"template":"","format":"standard","meta":{"_acf_changed":false,"_genesis_hide_title":false,"_genesis_hide_breadcrumbs":false,"_genesis_hide_singular_image":false,"_genesis_hide_footer_widgets":false,"_genesis_custom_body_class":"","_genesis_custom_post_class":"","_genesis_layout":"","footnotes":""},"categories":[9],"tags":[156,339],"class_list":{"2":"type-post","7":"category-neurodegenerative-erkrankungen","8":"tag-kognitives-training","9":"tag-neurodegenerative-erkrankungen","10":"entry"},"acf":[],"_links":{"self":[{"href":"https:\/\/neuronup.com\/de\/wp-json\/wp\/v2\/posts\/31646","targetHints":{"allow":["GET"]}}],"collection":[{"href":"https:\/\/neuronup.com\/de\/wp-json\/wp\/v2\/posts"}],"about":[{"href":"https:\/\/neuronup.com\/de\/wp-json\/wp\/v2\/types\/post"}],"author":[{"embeddable":true,"href":"https:\/\/neuronup.com\/de\/wp-json\/wp\/v2\/users\/170"}],"replies":[{"embeddable":true,"href":"https:\/\/neuronup.com\/de\/wp-json\/wp\/v2\/comments?post=31646"}],"version-history":[{"count":0,"href":"https:\/\/neuronup.com\/de\/wp-json\/wp\/v2\/posts\/31646\/revisions"}],"wp:featuredmedia":[{"embeddable":true,"href":"https:\/\/neuronup.com\/de\/wp-json\/wp\/v2\/media\/31647"}],"wp:attachment":[{"href":"https:\/\/neuronup.com\/de\/wp-json\/wp\/v2\/media?parent=31646"}],"wp:term":[{"taxonomy":"category","embeddable":true,"href":"https:\/\/neuronup.com\/de\/wp-json\/wp\/v2\/categories?post=31646"},{"taxonomy":"post_tag","embeddable":true,"href":"https:\/\/neuronup.com\/de\/wp-json\/wp\/v2\/tags?post=31646"}],"curies":[{"name":"wp","href":"https:\/\/api.w.org\/{rel}","templated":true}]}}