{"id":30274,"date":"2024-05-14T12:58:18","date_gmt":"2024-05-14T10:58:18","guid":{"rendered":"https:\/\/neuronup.com\/de\/?p=30274"},"modified":"2025-02-28T11:48:07","modified_gmt":"2025-02-28T09:48:07","slug":"lewy-koerperchen-demenz","status":"publish","type":"post","link":"https:\/\/neuronup.com\/de\/kognitive-stimulation-und-rehabilitation\/neurodegenerative-erkrankungen\/lewy-koerperchen-demenz\/","title":{"rendered":"Lewy-K\u00f6rperchen-Demenz"},"content":{"rendered":"\n<p class=\"has-xl-font-size\">Irma Otero V\u00e1zquez, Gesundheitspsychologin und Therapeutin, erforscht die <strong>Lewy-K\u00f6rperchen-Demenz<\/strong>. Dabei legt sie besonderen Wert auf die <strong>Untersuchung der Symptome dieser Krankheit und deren Unterscheidungsmerkmale im Vergleich zur Demenz im Kontext von Parkinson- und Alzheimer-Krankheiten.<\/strong><\/p>\n\n\n\n<p>Die steigende Lebenserwartung der Bev\u00f6lkerung hat zu einem Anstieg der Inzidenz und Pr\u00e4valenz neurodegenerativer Erkrankungen gef\u00fchrt. Die Lewy-K\u00f6rperchen-Demenz ist f\u00fcr einen Gro\u00dfteil dieses Problems verantwortlich. Die Kenntnis dieser Krankheit und ihre Behandlung sind daher von entscheidender Bedeutung, um die sozio\u00f6konomischen und pers\u00f6nlichen &#8222;Kosten&#8220; dieser Krankheit zu senken.<\/p>\n\n\n\n<h2 class=\"wp-block-heading\">Was sind Lewy-K\u00f6rperchen?<\/h2>\n\n\n\n<p>Lewy-K\u00f6rper sind abnorme Anh\u00e4ufungen von Alpha-Synukleinproteinen, die im Nervensystem auf kortikaler und subkortikaler Ebene auftreten. Es hat sich gezeigt, dass Anomalien dieses Proteins zu neuronalen Funktionsst\u00f6rungen und schlie\u00dflich zum Absterben von Neuronen f\u00fchren. Dies f\u00fchrt zu einer erheblichen Verringerung des Dopaminspiegels, zu cholinerger Pathologie und zu St\u00f6rungen anderer Neurotransmitter, die sich in einer spezifischen Symptomatik niederschlagen. Erkrankungen mit dieser \u00c4tiologie werden daher als Alpha-Synucleinopathien bezeichnet (Prasad et al., 2023).<\/p>\n\n\n\n<p><a href=\"https:\/\/neuronup.com\/de\/neurorehabilitation\/neurodegenerative-erkrankungen\/\" data-type=\"link\" data-id=\"https:\/\/neuronup.com\/de\/neurorehabilitation\/neurodegenerative-erkrankungen\/\"><strong>Neurodegenerative Erkrankungen<\/strong><\/a>\/Demenzen k\u00f6nnen anhand verschiedener Kriterien klassifiziert werden, von denen eines die molekulare Pathologie ist (Kovacs, 2017), zu der auch Alpha-Synukleopathien und damit Lewy-K\u00f6rperchen geh\u00f6ren w\u00fcrden.<\/p>\n\n\n\n<h2 class=\"wp-block-heading\">Lewy-K\u00f6rperchen-Krankheit<\/h2>\n\n\n\n<p>In j\u00fcngster Zeit In aktueller Zeit wurde das Konzept der Lewy-K\u00f6rperchen-Krankheit vorgeschlagen, um eine Gruppe von Alpha-Synucleinopathien zu umfassen. Dies geschieht aufgrund der klinischen und pathologischen \u00c4hnlichkeiten zwischen den verschiedenen Erkrankungen (Men\u0161\u00edkov\u00e1 et al., 2022). Dadurch werden die folgenden klinisch-pathologischen Entit\u00e4ten einbezogen:<\/p>\n\n\n\n<ul class=\"wp-block-list\">\n<li>Parkinson-Krankheit<\/li>\n\n\n\n<li>Lewy-K\u00f6rperchen-Demenz.<\/li>\n\n\n\n<li>Multiple Systematrophie.<\/li>\n<\/ul>\n\n\n\n<p>Ebenso k\u00f6nnen unter dem Begriff &#8222;Lewy-K\u00f6rperchen-Demenz&#8220; sowohl die Demenz im Zusammenhang mit der Parkinson-Krankheit als auch die Demenz aufgrund von Lewy-K\u00f6rperchen zusammengefasst werden (Walker et al., 2015). Daher ist die Terminologie von gro\u00dfer Bedeutung, wenn es um die Bezugnahme auf eine der beiden Pathologien geht.<\/p>\n\n\n\n<p>Es ist zu beachten, dass sich die motorischen, kognitiven, verhaltensbezogenen und psychologischen Merkmale zwischen den verschiedenen Entit\u00e4ten unterscheiden k\u00f6nnen, wodurch die Heterogenit\u00e4t in der Symptomatik und im Krankheitsverlauf deutlich wird. Die genauen Ursachen hierf\u00fcr sind noch nicht vollst\u00e4ndig gekl\u00e4rt, doch einige Studien legen nahe, dass das gleichzeitige Vorhandensein von Beta-Amyloid- und Tau-Pathologien, die charakteristisch f\u00fcr die Alzheimer-Krankheit sind, diese Unterschiede beeinflussen k\u00f6nnte (Coughlin et al., 2020).<\/p>\n\n\n\n<h2 class=\"wp-block-heading\">Lewy-K\u00f6rperchen-Demenz<\/h2>\n\n\n\n<p>Die Lewy-K\u00f6rperchen-Demenz ist nach der Alzheimer-Krankheit <strong>die zweith\u00e4ufigste Ursache f\u00fcr neurodegenerative Erkrankungen<\/strong> bei Menschen \u00fcber 75 Jahren. Dennoch ist die in verschiedenen Studien angegebene Pr\u00e4valenz unterschiedlich. Dies k\u00f6nnte ein Indikator f\u00fcr eine Unterdiagnose sein, da die Krankheit aufgrund ihrer \u00e4hnlichen Symptome manchmal f\u00e4lschlicherweise als Demenz vom Alzheimer-Typ oder Parkinson-Krankheit mit leichter kognitiver Beeintr\u00e4chtigung eingestuft wird (Mil\u00e1n-Tom\u00e1s, Fern\u00e1ndez-Matarrubia und Rodr\u00edguez-Oroz, 2021).<br>Die \u00c4tiologie der Lewy-K\u00f6rperchen-Demenz ist unbekannt, es wird jedoch eine Wechselwirkung zwischen genetischen und Umweltfaktoren vermutet (Bellas-Lamas, 2012). <strong>Ob die Lewy-K\u00f6rperchen-Demenz vererbbar ist<\/strong>, l\u00e4sst sich daran erkennen, dass die meisten F\u00e4lle eher sporadisch auftreten. Es wurden jedoch einige F\u00e4lle von autosomal-dominantem Erbgang mit Mutation in bestimmten Genen gemeldet (Walker et al., 2015).<br>Die Erkrankung <strong>beginnt in der Regel zwischen dem 70. und 80. Lebensjahr<\/strong>, setzt tendenziell schleichend ein und ist mit einem schnelleren Funktionsverlust als bei der Alzheimer-Krankheit verbunden, mit einem fluktuierenden und progressiven Verlauf (Bellas-Lamas et al., 2012).<\/p>\n\n\n\n<h3 class=\"wp-block-heading\">Symptomatik<\/h3>\n\n\n\n<p>Es gibt eine Reihe von Kernmerkmalen bei der Lewy-K\u00f6rperchen-Krankheit, die sowohl die Parkinson-Demenz als auch die Lewy-K\u00f6rperchen-Demenz umfassen.<\/p>\n\n\n\n<h4 class=\"wp-block-heading\">Parkinsonismus<\/h4>\n\n\n\n<p>Diese Symptomatik resultiert aus dem Verlust von dopaminergen Neuronen in den nigrostriatalen Bahnen und dem Vorhandensein von Lewy-K\u00f6rpern. <strong>Bradykinesie und Steifheit<\/strong> sind die h\u00e4ufigsten Anzeichen (&gt;85 %). Der Parkinsonismus ist in der Regel symmetrisch, und zus\u00e4tzlich zum Myoklonus treten h\u00e4ufig Anzeichen einer extrapyramidalen Dysfunktion auf. Dies erh\u00f6ht das Risiko von Schluckproblemen oder St\u00fcrzen sowie das schlechte Ansprechen auf Levodopa\/Carbidopa-Medikamente im Gegensatz zur Parkinson-Krankheit (Prasad et al., 2023).<\/p>\n\n\n\n<h4 class=\"wp-block-heading\">REM-Schlafst\u00f6rung<\/h4>\n\n\n\n<p>Hierbei handelt es sich um eine Parasomnie, bei der die f\u00fcr den REM-Schlaf typische Muskelatonie gest\u00f6rt ist. Sie tritt bei 76 % der Patient:innen auf und ist durch <strong>Handlungen, Laut\u00e4u\u00dferungen und Bewegungen<\/strong> gekennzeichnet, die das Geschehen in ihren Tr\u00e4umen widerspiegeln. Sie tritt in der Regel Jahre vor anderen Symptomen auf und kann von verwirrtem Aufwachen, Tagesm\u00fcdigkeit, Schlaflosigkeit usw. begleitet sein (Prasad et al., 2023).<\/p>\n\n\n\n<h4 class=\"wp-block-heading\">Kognitive Schwankungen<\/h4>\n\n\n\n<p>Diese Schwankungen \u00e4hneln denen, die w\u00e4hrend einer Deliriumsepisode auftreten, und beziehen sich auf offensichtliche <strong>Unterschiede in der Kognition, der Aufmerksamkeit und dem Erregungsniveau,<\/strong> die manchmal zu Tagesschl\u00e4frigkeit oder Ver\u00e4nderungen der Denkprozesse f\u00fchren. Auch Verhaltens\u00e4nderungen, undeutliches Sprechen, Bewusstseinsst\u00f6rungen oder Beeintr\u00e4chtigungen der visuell-r\u00e4umlichen F\u00e4higkeiten k\u00f6nnen auftreten (Gomperts, 2016 und Mil\u00e1n-Tom\u00e1s et al. 2021).<\/p>\n\n\n\n<h4 class=\"wp-block-heading\">Halluzinationen<\/h4>\n\n\n\n<p>Am h\u00e4ufigsten sind die visuellen Halluzinationen, die bei 80 % der Patient:innen auftreten. Diese sind in der Regel <strong>hochkomplex und emotionsneutral<\/strong> und nehmen oft die Form von Tieren oder Menschen an. Die Betroffenen nehmen sie in der Regel wahr und berichten anderen Familienmitgliedern davon. Manchmal beschreiben sie auch ein Gef\u00fchl der Anwesenheit oder dass jemand in ihrer N\u00e4he geht. Auditive Halluzinationen sind weniger h\u00e4ufig und meist verbal (Prasad et al., 2023).<\/p>\n\n\n\n<h4 class=\"wp-block-heading\">Beeintr\u00e4chtigung der Regulierung des autonomen Nervensystems<\/h4>\n\n\n\n<p>Die Pr\u00e4valenz dieser Art von Symptomen liegt bei 90 %, die h\u00e4ufigsten sind: orthostatische Hypotonie, Harninkontinenz, Hyposmie, Verstopfung, erektile Dysfunktion, Gastroparese oder Seborrh\u00f6 (Prasad et al., 2023; Bellas-Lamas et al., 2012).<\/p>\n\n\n\n<h4 class=\"wp-block-heading\">\u00dcberempfindlichkeit gegen Neuroleptika<\/h4>\n\n\n\n<p>Der Verlust dopaminerger Neuronen bei dieser Gruppe von Patient:innen ist in gewissem Ma\u00dfe f\u00fcr die \u00dcberempfindlichkeit gegen\u00fcber Antipsychotika verantwortlich. Als Folge der Einnahme von Antipsychotika verschlimmert sich der Parkinsonismus, und das Sterberisiko aufgrund eines neuroleptischen malignen Syndroms steigt. Bestimmte Manifestationen dieser Menschen k\u00f6nnen in der Notaufnahme als psychotische Symptome bewertet werden, wobei die Verabreichung dieser Medikamentenklasse erhebliche Folgen f\u00fcr ihre Gesundheit hat (Gomerts, 2016).<\/p>\n\n\n\n<div style=\"height:50px\" aria-hidden=\"true\" class=\"wp-block-spacer\"><\/div>\n\n\n\n<div class=\"wp-block-group\"><div class=\"wp-block-group__inner-container is-layout-constrained wp-block-group-is-layout-constrained\">\n<div class=\"wp-block-columns is-layout-flex wp-container-core-columns-is-layout-9d6595d7 wp-block-columns-is-layout-flex\">\n<div class=\"wp-block-column br-0111 p-5 particle-bg anims-fadein-up has-primary-background-color has-background is-layout-flow wp-block-column-is-layout-flow\">\n<h2 class=\"wp-block-heading has-white-color has-text-color\">Erfahren Sie mehr \u00fcber <strong>NeuronUP<\/strong><\/h2>\n\n\n\n<div class=\"wp-block-buttons is-layout-flex wp-block-buttons-is-layout-flex\">\n<div class=\"wp-block-button--1\" style=\"--button-outline-color:var(--color-white);--button-outline-color-hover:rgba(0,0,0,0.8);\"><a class=\"wp-block-button__link button button-outline   has-link-color wp-element-button\" href=\"https:\/\/neuronup.com\/redirect\/?target=typeform\/de-neuronUP?utm_first_source=Web&#038;utm_first_campaign_name=Request_meeting\">Videoanruf anfordem<\/a><\/div>\n\n<\/div>\n<\/div>\n\n\n\n<div class=\"wp-block-column br-0111 p-5 particle-bg anims-fadein-up has-primary-background-color has-background is-layout-flow wp-block-column-is-layout-flow\">\n<h2 class=\"wp-block-heading has-white-color has-text-color\">Kostenlos testen<\/h2>\n\n\n\n<p class=\"has-white-color has-text-color\"><strong>Mehr als 4.500 <\/strong>Fachkr\u00e4fte nutzen unsere Plattform bereits t\u00e4glich.<\/p>\n\n\n\n<div class=\"wp-block-buttons is-layout-flex wp-block-buttons-is-layout-flex\">\n<div class=\"wp-block-button orange-button\" style=\"--button-background:var(--color-custom-1);--button-background-hover:#cc7e00;\"><a class=\"wp-block-button__link button   wp-element-button\" href=\"https:\/\/neuronup.com\/de\/landing-store-user\/\">Kostenlos testen<img decoding=\"async\" class=\"wp-image-18719\" style=\"width: 8px;\" src=\"\/de\/wp-content\/uploads\/2022\/v3\/icon_rightArrow-white.svg\"><\/a><\/div>\n\n<\/div>\n<\/div>\n<\/div>\n<\/div><\/div>\n\n\n\n<div style=\"height:50px\" aria-hidden=\"true\" class=\"wp-block-spacer\"><\/div>\n\n\n\n<h2 class=\"wp-block-heading\">Neuropsychologisches Profil der Demenz mit Lewy-K\u00f6rperchen-Demenz<\/h2>\n\n\n\n<p>Nach der Er\u00f6rterung der Hauptmerkmale der Lewy-K\u00f6rperchen-Demenz werden wir uns insbesondere auf das neuropsychologische Profil der <strong>Lewy-K\u00f6rperchen-Demenz <\/strong>konzentrieren, da es sich in gewisser Weise von dem der Parkinson-Krankheit unterscheidet.<br>Patient:innen mit dieser Pathologie weisen sowohl kortikale als auch subkortikale Ver\u00e4nderungen auf (Yubero et al., 2011), wobei die kognitiven Funktionen, die im Folgenden diskutiert werden, besonders betroffen sind.<br>Einerseits werden <strong>visokonstruktive Defizite<\/strong> ab dem Prodromalstadium der Krankheit beobachtet, bei denen Fehler bei der Reproduktion komplexer Figuren festgestellt werden. Einige Autor:innen vermuten, dass diese Ver\u00e4nderungen auf das Vorhandensein von Problemen visuoperzeptiver Art und im Bereich der Praxien zur\u00fcckzuf\u00fchren sein k\u00f6nnten, weshalb der Fokus bei der Untersuchung und Diagnostik auf diesen Bereich gerichtet sein sollte (Kempt et al., 2017). Dar\u00fcber hinaus k\u00f6nnen <strong>Defizite bei<\/strong> <strong>visuospatialen Aufgaben<\/strong> wie Form- und Gr\u00f6\u00dfendiskriminierung und bei der visuellen Organisation von Objekten beobachtet werden (Yubero, 211). Ebenso zeigen sich<strong> Defizite bei der Aufmerksamkeit und den exekutiven Funktionen<\/strong>, insbesondere in Bezug auf Ablenkbarkeit, Inhibition, Aufgabeninitiierung, Aufmerksamkeitswechsel und Arbeitsged\u00e4chtnis. Defizite in der Ged\u00e4chtnisfunktion sind zu Beginn leicht und relativ stabil (Subirana et al., 2011), obwohl Fehler bei der visuellen Erkennung bemerkenswert sind, w\u00e4hrend das verbale Ged\u00e4chtnis besser erhalten zu sein scheint. Diese Schwierigkeiten k\u00f6nnen jedoch auf visuelle oder Aufmerksamkeitsst\u00f6rungen zur\u00fcckzuf\u00fchren sein. Dar\u00fcber hinaus wurden in diesem Bereich auch <strong>Fehler beim Abrufen von Informationen<\/strong> beobachtet (Kempt et al., 2017). Im Bereich der Sprache wurden die gr\u00f6\u00dften Beeintr\u00e4chtigungen beim <strong>verbalen Sprachfluss <\/strong>festgestellt (Yubero et al., 2011).<br>Was die neuropsychiatrischen Manifestationen betrifft, so sind <strong>Symptome wie Angst, Depression und Apathie<\/strong> am h\u00e4ufigsten, treten in der Regel schon fr\u00fch auf und bleiben w\u00e4hrend des gesamten Krankheitsverlaufs bestehen (Donaghy et al., 2018 und Prasad et al., 2023).<\/p>\n\n\n\n<h2 class=\"wp-block-heading\">Unterschiede zwischen Lewy-K\u00f6rperchen-Demenz und Parkinson-Demenz<\/h2>\n\n\n\n<p>Die Lewy-K\u00f6rperchen-Demenz und Parkinson-assoziierte Demenz <strong>weisen zu etwa 85 % die gleiche Symptomatik auf<\/strong> und sind daher schwer voneinander zu unterscheiden. Das Hauptkriterium f\u00fcr die Unterscheidung zwischen der einen und der anderen St\u00f6rung ist der Zeitpunkt (Martini 2020), wie McKeith et al. 2017 feststellten: Wenn die <strong>kognitiven Symptome vor oder im Jahr vor<\/strong> dem Auftreten von Parkinsonismus auftreten, wird eine Lewy-K\u00f6rperchen-Demenz diagnostiziert (Armstrong, 2021). Dar\u00fcber hinaus sind extrapyramidale Symptome bei der Parkinson-Demenz oft deutlicher ausgepr\u00e4gt.<\/p>\n\n\n\n<p>Auf der kognitiven Ebene gibt es differenzierende Symptome wie visuell-r\u00e4umliche und visuell-konstruktive Funktionen sowie visuelles und verbales Ged\u00e4chtnis, die bei der Lewy-K\u00f6rperchen-Demenz tendenziell st\u00e4rker beeintr\u00e4chtigt sind, sowie visuelle Halluzinationen und Wahnvorstellungen, die bei der Lewy-K\u00f6rperchen-Demenz h\u00e4ufiger auftreten (Mil\u00e1n-Tom\u00e1s et al., 2021). Ein weiterer Unterscheidungsfaktor ist der Grad der Amyloid-Akkumulation im Hirnparenchym, die bei Lewy-K\u00f6rperchen-Demenz h\u00e4ufiger auftritt (Prasad et al., 2023).<\/p>\n\n\n\n<h2 class=\"wp-block-heading\">Unterschiede zwischen Lewy-K\u00f6rperchen-Demenz und Alzheimer-Demenz <\/h2>\n\n\n\n<p>Die fr\u00fchen Stadien von Lewy-K\u00f6rperchen-Demenz und Alzheimer-Krankheit weisen einige Gemeinsamkeiten auf, die eine pr\u00e4zise Diagnose erschweren, wie beispielsweise Beeintr\u00e4chtigungen des episodischen Ged\u00e4chtnisses, die bei beiden Erkrankungen auftreten (Yubero, 2011). Jedoch ist diese Annahme nicht ganz korrekt, da <strong>Fehler beim episodischen Ged\u00e4chtnis bei Alzheimer mit den Speicher- und Kodierungsprozessen<\/strong> verbunden sind, im Gegensatz zu denen bei Lewy-K\u00f6rperchen-Demenz, bei denen das Problem eher im Abrufprozess liegt (Ciofane et al., 2019). Im Bereich der visuell-r\u00e4umlichen F\u00e4higkeiten zeigen sich bei Lewy-K\u00f6rperchen-Demenz st\u00e4rkere und schnellere Beeintr\u00e4chtigungen (Mil\u00e1n-Tom\u00e1s et al., 2021), ebenso wie Schwankungen bei den Aufmerksamkeitsdefiziten, die bei Alzheimer nicht beobachtet werden, sowie bei den exekutiven und visuospatialen Funktionen. Letztere sind im Vergleich zu anderen Beeintr\u00e4chtigungen bei Lewy-K\u00f6rperchen-Demenz \u00fcberproportional stark betroffen (Yubero, 2011).<\/p>\n\n\n\n<h2 class=\"wp-block-heading\">Behandlung der Lewy-K\u00f6rperchen-Demenz<\/h2>\n\n\n\n<p>Derzeit gibt es keine wirksamen Therapien, die den Verlauf von Lewy-K\u00f6rperchen-Demenzen ver\u00e4ndern k\u00f6nnen. Daher zielt die Intervention auf die Behandlung der auff\u00e4lligsten Symptome ab, um deren Auswirkungen auf die Lebensqualit\u00e4t sowohl der Betroffenen als auch ihrer Umgebung zu lindern (Mil\u00e1n-Tom\u00e1s et al., 2021).<br>Beginnen wir mit den <strong>pharmakologischen Behandlungen<\/strong>, achten wir auf diejenigen, die die Symptome des Betroffenen verschlimmern, wie z. B. Benzodiazepine und Opiate, um nur einige zu nennen. Dar\u00fcber hinaus gibt es f\u00fcr jedes Symptom unterschiedliche pharmakologische Optionen: F\u00fcr kognitive Symptome werden Cholinesterasehemmer Donazepil und Rivastagmiga empfohlen, w\u00e4hrend f\u00fcr Schlafst\u00f6rungen h\u00e4ufig Melatonin eingesetzt wird (Armstrong, 2021).<br>Zu den <strong>nicht-pharmakologischen Behandlungen<\/strong>, die sich als geeignete therapeutische Option f\u00fcr die Behandlung der Erkrankung bewiesen haben, geh\u00f6ren <strong>Physiotherapie<\/strong> (die bei der Behandlung extrapyramidaler Anzeichen von Nutzen sein k\u00f6nnte), <strong>Ergotherapie<\/strong>, <strong>Logop\u00e4die<\/strong> und <strong>Schluckuntersuchungen<\/strong> (empfohlen zur Verbesserung der Dysphagie, zur Vorbeugung von St\u00fcrzen und zur Verbesserung der Funktionalit\u00e4t), <strong>kognitive Rehabilitation<\/strong> (wegen ihrer Auswirkungen auf die Lebensqualit\u00e4t, die Zufriedenheit und die Stimmung) und <strong>Ver\u00e4nderungen der Umwelt oder Musiktherapie<\/strong> (zur Verbesserung von Verhaltenssymptomen) (Guidi et al. , 2023 und Armstrong, 2023).<br>Zusammenfassend l\u00e4sst sich sagen, dass der therapeutische Ansatz bei dieser Art von Pathologie aus einer <strong>multidisziplin\u00e4ren Perspektive<\/strong> erfolgen muss, um die umfangreiche Symptomatik zu behandeln.<\/p>\n\n\n\n<div style=\"height:50px\" aria-hidden=\"true\" class=\"wp-block-spacer\"><\/div>\n\n\n\n<div class=\"wp-block-group alignfull has-white-color has-text-color has-background has-links-background-color has-dark-background has-md-padding-top has-md-padding-bottom\"><div class=\"wp-block-group__inner-container is-layout-flow wp-block-group-is-layout-flow\">\n<div class=\"wp-block-columns is-layout-flex wp-container-core-columns-is-layout-9d6595d7 wp-block-columns-is-layout-flex\">\n<div class=\"wp-block-column is-layout-flow wp-block-column-is-layout-flow\" style=\"flex-basis:66.66%\">\n<h3 class=\"wp-block-heading\" id=\"block-1f49016b-d769-4cf3-8e36-22c3eae4a01a\">Testen Sie NeuronUP 7 Tage kostenlos<\/h3>\n\n\n\n<p>Entdecken Sie unsere Aktivit\u00e4ten, erstellen Sie Sitzungen und arbeiten Sie remote mit Online-Sitzungen<\/p>\n<\/div>\n\n\n\n<div class=\"wp-block-column is-layout-flow wp-block-column-is-layout-flow\" style=\"flex-basis:33.33%\">\n<div class=\"wp-block-buttons is-horizontal is-content-justification-right is-layout-flex wp-container-core-buttons-is-layout-ae2fe186 wp-block-buttons-is-layout-flex\">\n<div class=\"wp-block-button orange-button\" style=\"--button-background:var(--color-custom-1);--button-background-hover:#cc7e00;\"><a class=\"wp-block-button__link button   wp-element-button\" href=\"https:\/\/neuronup.com\/de\/landing-store-user\/\">Jetzt kostenlos testen<\/a><\/div>\n\n<\/div>\n<\/div>\n<\/div>\n<\/div><\/div>\n\n\n\n\n<div style=\"height:50px\" aria-hidden=\"true\" class=\"wp-block-spacer\"><\/div>\n\n\n\n<h2 class=\"wp-block-heading\">Schlussfolgerungen<\/h2>\n\n\n\n<p>Die Lewy-K\u00f6rperchen-Demenz hat sich als ein weitaus komplexeres Krankheitsbild erwiesen, als man vor einigen Jahren angenommen hatte. Die subtilen Unterschiede zwischen den verschiedenen Pathologien k\u00f6nnen \u00e4u\u00dferst schwer zu erkennen sein. Daher ist es f\u00fcr Fachkr\u00e4fte von entscheidender Bedeutung, \u00e4u\u00dferst vorsichtig bei ihrer Evaluation vorzugehen, um die wesentlichen Anzeichen und Symptome zu identifizieren, die zu einer pr\u00e4zisen Diagnose f\u00fchren. Eine genaue pathologische Klassifizierung ist nicht nur wichtig, um eine angemessene Behandlung zu erm\u00f6glichen, sondern sie erweist sich auch als \u00e4u\u00dferst n\u00fctzlich, um die Lebensqualit\u00e4t und Funktionalit\u00e4t der Patient:innen und ihrer Betreuer:innen tats\u00e4chlich zu verbessern.<\/p>\n\n\n\n<h2 class=\"wp-block-heading\">Literaturangaben<\/h2>\n\n\n\n<ul class=\"wp-block-list\">\n<li class=\"has-sm-font-size\">Armstrong, M. J. (2021). Advances in dementia with Lewy bodies. Therapeutic Advances in Neurological Disorders, 14, 17562864211057666.<\/li>\n\n\n\n<li class=\"has-sm-font-size\">Bellas Lamas, P., Rodr\u00edguez Regal, A., &amp; Cebri\u00e1n P\u00e9rez, E. (2012). Demencia por cuerpos de Lewy. Rev. neurol.(Ed. impr.), s67-s74.<\/li>\n\n\n\n<li class=\"has-sm-font-size\">Ciafone, J., Little, B., Thomas, A. J., &amp; Gallagher, P. (2020). The neuropsychological profile of mild cognitive impairment in Lewy body dementias. Journal of the International Neuropsychological Society, 26(2), 210-225.<\/li>\n\n\n\n<li class=\"has-sm-font-size\">Coughlin, D. G., Hurtig, H. I., &amp; Irwin, D. J. (2020). Pathological influences on clinical heterogeneity in Lewy body diseases. Movement Disorders, 35(1), 5-19.<\/li>\n\n\n\n<li class=\"has-sm-font-size\">Donaghy, P. C., Taylor, J. P., T O&#8217;Brien, J., Barnett, N., Olsen, K., Colloby, S. J., \u2026 &amp; Thomas, A. J. (2018). Neuropsychiatric symptoms and cognitive profile in mild cognitive impairment with Lewy bodies. Psychological medicine, 48(14), 2384-2390.<\/li>\n\n\n\n<li class=\"has-sm-font-size\">Gomperts, S. N. (2016). Lewy body dementias: dementia with Lewy bodies and Parkinson disease dementia. Continuum: Lifelong Learning in Neurology, 22(2), 435-463.<\/li>\n\n\n\n<li class=\"has-sm-font-size\">Guidi, L., Evangelisti, S., Siniscalco, A., Lodi, R., Tonon, C., &amp; Mitolo, M. (2023). Non-pharmacological treatments in Lewy body disease: a systematic review. Dementia and Geriatric Cognitive Disorders, 52(1), 16-31.<\/li>\n\n\n\n<li class=\"has-sm-font-size\">Kemp, J., Philippi, N., Phillipps, C., Demuynck, C., Albasser, T., Martin-Hunyadi, C., \u2026 &amp; Blanc, F. (2017). Cognitive profile in prodromal dementia with Lewy bodies. Alzheimer&#8217;s research &amp; therapy, 9, 1-10.<\/li>\n\n\n\n<li class=\"has-sm-font-size\">Kovacs, G. G. (2018). Concepts and classification of neurodegenerative diseases. In Handbook of clinical neurology (Vol. 145, pp. 301-307). Elsevier.<\/li>\n\n\n\n<li class=\"has-sm-font-size\">McKeith, I. G., Boeve, B. F., Dickson, D. W., Halliday, G., Taylor, J. P., Weintraub, D., \u2026 &amp; Kosaka, K. (2017). Diagnosis and management of dementia with Lewy bodies: Fourth consensus report of the DLB Consortium. Neurology, 89(1), 88-100.<\/li>\n\n\n\n<li class=\"has-sm-font-size\">Men\u0161\u00edkov\u00e1, K., Mat\u011bj, R., Colosimo, C., Rosales, R., Tu\u010dkov\u00e1, L., Ehrmann, J., \u2026 &amp; Ka\u0148ovsk\u00fd, P. (2022). Lewy body disease or diseases with Lewy bodies?. npj Parkinson&#8217;s Disease, 8(1), 3.<\/li>\n\n\n\n<li class=\"has-sm-font-size\">Mil\u00e1n-Tom\u00e1s, \u00c1., Fern\u00e1ndez-Matarrubia, M., &amp; Rodr\u00edguez-Oroz, M. C. (2021). Lewy body dementias: a coin with two sides?. Behavioral Sciences, 11(7), 94.<\/li>\n\n\n\n<li class=\"has-sm-font-size\">Prasad, S., Katta, M. R., Abhishek, S., Sridhar, R., Valisekka, S. S., Hameed, M., \u2026 y Walia, N. (2023). Recent advances in Lewy body dementia: A comprehensive review. Disease-a-Month, 69(5), 101441.<\/li>\n\n\n\n<li class=\"has-sm-font-size\">Risacher, S. L., &amp; Saykin, A. J. (2019). Neuroimaging in aging and neurologic diseases.&nbsp;Handbook of clinical neurology,&nbsp;167, 191-227.<\/li>\n\n\n\n<li class=\"has-sm-font-size\">Subirana, J., Bast\u00e9, M. C., G\u00f3mez, N. C., P\u00e9rez, R. C., &amp; Signo, S. (2011). Demencias y enfermedad de Alzheimer. In&nbsp;Rehabilitaci\u00f3n neuropsicol\u00f3gica: intervenci\u00f3n y pr\u00e1ctica cl\u00ednica&nbsp;(pp. 289-317). Elsevier.<\/li>\n\n\n\n<li class=\"has-sm-font-size\">Walker, Z., Possin, K. L., Boeve, B. F., &amp; Aarsland, D. (2015). Non-Alzheimer\u2019s dementia 2: Lewy body dementias.&nbsp;Lancet (London, England),&nbsp;386(10004), 1683.<\/li>\n\n\n\n<li class=\"has-sm-font-size\">Yubero, R. (2011). Caracter\u00edsticas neuropsicol\u00f3gicas y aproximaci\u00f3n diagn\u00f3stica a la demencia Parkinson ya la demencia por cuerpos de Lewy. Revista Espa\u00f1ola de Geriatr\u00eda y Gerontolog\u00eda, 46, 12-18.<\/li>\n<\/ul>\n\n\n\n<h3 class=\"wp-block-heading\">Wenn Ihnen dieser Artikel \u00fcber <strong>Lewy-K\u00f6rperchen-Demenz <\/strong>gefallen hat, k\u00f6nnten Sie auch an diesen Beitr\u00e4gen von NeuronUP interessiert sein:<\/h3>\n\n\n<div class=\"mai-grid entries entries-grid has-boxed has-image-full\" style=\"--entry-title-font-size:var(--font-size-lg);--align-text:start;--entry-meta-text-align:start;\"><div class=\"entries-wrap has-columns\" style=\"--columns-xs:1\/1;--columns-sm:1\/1;--columns-md:1\/3;--columns-lg:1\/3;--flex-xs:0 0 var(--flex-basis);--flex-sm:0 0 var(--flex-basis);--flex-md:0 0 var(--flex-basis);--flex-lg:0 0 var(--flex-basis);--column-gap:var(--spacing-lg);--row-gap:var(--spacing-lg);--align-columns:start;\"><article class=\"entry entry-grid is-column has-entry-link has-image has-image-first type-post category-neurodegenerative-erkrankungen tag-demenz tag-neurodegenerative-erkrankungen\" style=\"--entry-index:1;\" aria-label=\"Verst\u00e4ndnis der frontotemporalen Demenz: Die Bedeutung der Psychoedukation f\u00fcr Angeh\u00f6rige\" itemscope itemtype=\"https:\/\/schema.org\/CreativeWork\"><a class=\"entry-image-link\" href=\"https:\/\/neuronup.com\/de\/kognitive-stimulation-und-rehabilitation\/neurodegenerative-erkrankungen\/die-frontotemporale-demenz-verstehen-die-bedeutung-der-psychoedukation-fur-angehorige\/\" tabindex=\"-1\" aria-hidden=\"true\"><img decoding=\"async\" width=\"400\" height=\"267\" src=\"https:\/\/neuronup.com\/de\/wp-content\/uploads\/2024\/07\/Comprendiendo-la-demencia-frontotemporal-La-importancia-de-la-psicoeducacion-para-los-familiares-NeuronUP.webp\" class=\"entry-image size-landscape-sm\" alt=\"Verstehen der frontotemporalen Demenz: Die Bedeutung der Psychoedukation f\u00fcr die Angeh\u00f6rigen von NeuronUP\" srcset=\"https:\/\/neuronup.com\/de\/wp-content\/uploads\/2024\/07\/Comprendiendo-la-demencia-frontotemporal-La-importancia-de-la-psicoeducacion-para-los-familiares-NeuronUP-300x200.webp 300w, https:\/\/neuronup.com\/de\/wp-content\/uploads\/2024\/07\/Comprendiendo-la-demencia-frontotemporal-La-importancia-de-la-psicoeducacion-para-los-familiares-NeuronUP-768x512.webp 768w, https:\/\/neuronup.com\/de\/wp-content\/uploads\/2024\/07\/Comprendiendo-la-demencia-frontotemporal-La-importancia-de-la-psicoeducacion-para-los-familiares-NeuronUP-1024x683.webp 1024w, https:\/\/neuronup.com\/de\/wp-content\/uploads\/2024\/07\/Comprendiendo-la-demencia-frontotemporal-La-importancia-de-la-psicoeducacion-para-los-familiares-NeuronUP.webp 1200w\" sizes=\"(max-width:599px) 599px, (min-width:600px) and (max-width: 799px) 799px, (min-width:800px) and (max-width: 999px) 333px, (min-width:1000px) 400px\" \/><\/a><div class=\"entry-wrap entry-wrap-grid\"><h3 class=\"entry-title\" itemprop=\"headline\"><a class=\"entry-title-link\" href=\"https:\/\/neuronup.com\/de\/kognitive-stimulation-und-rehabilitation\/neurodegenerative-erkrankungen\/die-frontotemporale-demenz-verstehen-die-bedeutung-der-psychoedukation-fur-angehorige\/\" rel=\"bookmark\">Verst\u00e4ndnis der frontotemporalen Demenz: Die Bedeutung der Psychoedukation f\u00fcr Angeh\u00f6rige<\/a><\/h3>\n<\/div><\/article><article class=\"entry entry-grid is-column has-entry-link has-image has-image-first type-post category-parkinson tag-kognitive-rehabilitation tag-parkinson\" style=\"--entry-index:2;\" aria-label=\"Neuropsychologische Rehabilitation bei Morbus Parkinson\" itemscope itemtype=\"https:\/\/schema.org\/CreativeWork\"><a class=\"entry-image-link\" href=\"https:\/\/neuronup.com\/de\/kognitive-stimulation-und-rehabilitation\/neurodegenerative-erkrankungen\/parkinson\/neuropsychologische-rehabilitation-bei-der-parkinson-krankheit\/\" tabindex=\"-1\" aria-hidden=\"true\"><img decoding=\"async\" width=\"398\" height=\"300\" src=\"https:\/\/neuronup.com\/de\/wp-content\/uploads\/2023\/10\/Rehabilitacion-neuropsicologica-en-la-enfermedad-de-Parkinson-2-1.webp\" class=\"entry-image size-landscape-sm\" alt=\"Neuropsychologische-Rehabilitation-bei-Parkinson-Krankheit\" srcset=\"https:\/\/neuronup.com\/de\/wp-content\/uploads\/2023\/10\/Rehabilitacion-neuropsicologica-en-la-enfermedad-de-Parkinson-2-1-300x226.webp 300w, https:\/\/neuronup.com\/de\/wp-content\/uploads\/2023\/10\/Rehabilitacion-neuropsicologica-en-la-enfermedad-de-Parkinson-2-1-768x579.webp 768w, https:\/\/neuronup.com\/de\/wp-content\/uploads\/2023\/10\/Rehabilitacion-neuropsicologica-en-la-enfermedad-de-Parkinson-2-1-1024x771.webp 1024w, https:\/\/neuronup.com\/de\/wp-content\/uploads\/2023\/10\/Rehabilitacion-neuropsicologica-en-la-enfermedad-de-Parkinson-2-1.webp 1200w\" sizes=\"(max-width:599px) 599px, (min-width:600px) and (max-width: 799px) 799px, (min-width:800px) and (max-width: 999px) 333px, (min-width:1000px) 400px\" \/><\/a><div class=\"entry-wrap entry-wrap-grid\"><h3 class=\"entry-title\" itemprop=\"headline\"><a class=\"entry-title-link\" href=\"https:\/\/neuronup.com\/de\/kognitive-stimulation-und-rehabilitation\/neurodegenerative-erkrankungen\/parkinson\/neuropsychologische-rehabilitation-bei-der-parkinson-krankheit\/\" rel=\"bookmark\">Neuropsychologische Rehabilitation bei Morbus Parkinson<\/a><\/h3>\n<\/div><\/article><article class=\"entry entry-grid is-column has-entry-link has-image has-image-first type-post category-parkinson tag-parkinson\" style=\"--entry-index:3;\" aria-label=\"Geruch von Parkinson\" itemscope itemtype=\"https:\/\/schema.org\/CreativeWork\"><a class=\"entry-image-link\" href=\"https:\/\/neuronup.com\/de\/kognitive-stimulation-und-rehabilitation\/neurodegenerative-erkrankungen\/parkinson\/geruch-nach-parkinson\/\" tabindex=\"-1\" aria-hidden=\"true\"><img decoding=\"async\" width=\"400\" height=\"267\" src=\"https:\/\/neuronup.com\/de\/wp-content\/uploads\/2023\/04\/olor-a-parkinson.webp\" class=\"entry-image size-landscape-sm\" alt=\"\" srcset=\"https:\/\/neuronup.com\/de\/wp-content\/uploads\/2023\/04\/olor-a-parkinson-300x200.webp 300w, https:\/\/neuronup.com\/de\/wp-content\/uploads\/2023\/04\/olor-a-parkinson-768x512.webp 768w, https:\/\/neuronup.com\/de\/wp-content\/uploads\/2023\/04\/olor-a-parkinson-1024x683.webp 1024w, https:\/\/neuronup.com\/de\/wp-content\/uploads\/2023\/04\/olor-a-parkinson.webp 1200w\" sizes=\"(max-width:599px) 599px, (min-width:600px) and (max-width: 799px) 799px, (min-width:800px) and (max-width: 999px) 333px, (min-width:1000px) 400px\" \/><\/a><div class=\"entry-wrap entry-wrap-grid\"><h3 class=\"entry-title\" itemprop=\"headline\"><a class=\"entry-title-link\" href=\"https:\/\/neuronup.com\/de\/kognitive-stimulation-und-rehabilitation\/neurodegenerative-erkrankungen\/parkinson\/geruch-nach-parkinson\/\" rel=\"bookmark\">Geruch von Parkinson<\/a><\/h3>\n<\/div><\/article><\/div><\/div>","protected":false},"excerpt":{"rendered":"<p>Irma Otero V\u00e1zquez, Gesundheitspsychologin und Therapeutin, erforscht die Lewy-K\u00f6rperchen-Demenz. Dabei legt sie besonderen Wert auf die Untersuchung der Symptome dieser Krankheit und deren Unterscheidungsmerkmale im Vergleich zur Demenz im Kontext von Parkinson- und Alzheimer-Krankheiten. Die steigende Lebenserwartung der Bev\u00f6lkerung hat zu einem Anstieg der Inzidenz und Pr\u00e4valenz neurodegenerativer Erkrankungen gef\u00fchrt. Die Lewy-K\u00f6rperchen-Demenz ist f\u00fcr einen &hellip;<\/p>\n","protected":false},"author":145,"featured_media":30283,"comment_status":"open","ping_status":"open","sticky":false,"template":"","format":"standard","meta":{"_acf_changed":false,"_genesis_hide_title":false,"_genesis_hide_breadcrumbs":false,"_genesis_hide_singular_image":false,"_genesis_hide_footer_widgets":false,"_genesis_custom_body_class":"","_genesis_custom_post_class":"","_genesis_layout":"","footnotes":""},"categories":[9],"tags":[371,391,156,339],"class_list":{"2":"type-post","7":"category-neurodegenerative-erkrankungen","8":"tag-altere-menschen","9":"tag-demenz","10":"tag-kognitives-training","11":"tag-neurodegenerative-erkrankungen","12":"entry"},"acf":[],"_links":{"self":[{"href":"https:\/\/neuronup.com\/de\/wp-json\/wp\/v2\/posts\/30274","targetHints":{"allow":["GET"]}}],"collection":[{"href":"https:\/\/neuronup.com\/de\/wp-json\/wp\/v2\/posts"}],"about":[{"href":"https:\/\/neuronup.com\/de\/wp-json\/wp\/v2\/types\/post"}],"author":[{"embeddable":true,"href":"https:\/\/neuronup.com\/de\/wp-json\/wp\/v2\/users\/145"}],"replies":[{"embeddable":true,"href":"https:\/\/neuronup.com\/de\/wp-json\/wp\/v2\/comments?post=30274"}],"version-history":[{"count":0,"href":"https:\/\/neuronup.com\/de\/wp-json\/wp\/v2\/posts\/30274\/revisions"}],"wp:featuredmedia":[{"embeddable":true,"href":"https:\/\/neuronup.com\/de\/wp-json\/wp\/v2\/media\/30283"}],"wp:attachment":[{"href":"https:\/\/neuronup.com\/de\/wp-json\/wp\/v2\/media?parent=30274"}],"wp:term":[{"taxonomy":"category","embeddable":true,"href":"https:\/\/neuronup.com\/de\/wp-json\/wp\/v2\/categories?post=30274"},{"taxonomy":"post_tag","embeddable":true,"href":"https:\/\/neuronup.com\/de\/wp-json\/wp\/v2\/tags?post=30274"}],"curies":[{"name":"wp","href":"https:\/\/api.w.org\/{rel}","templated":true}]}}