{"id":30090,"date":"2024-05-15T10:11:00","date_gmt":"2024-05-15T08:11:00","guid":{"rendered":"https:\/\/neuronup.com\/de\/?p=30090"},"modified":"2025-02-24T15:50:48","modified_gmt":"2025-02-24T13:50:48","slug":"frontotemporale-demenz-und-ihre-auswirkungen","status":"publish","type":"post","link":"https:\/\/neuronup.com\/de\/kognitive-stimulation-und-rehabilitation\/neurodegenerative-erkrankungen\/frontotemporale-demenz-und-ihre-auswirkungen\/","title":{"rendered":"Frontotemporale Demenz und ihre Auswirkungen"},"content":{"rendered":"\n<p class=\"has-xl-font-size\">Manuel Cassinello Marco, Facharzt f\u00fcr Neuropsychiatrie und Psychologe, erkl\u00e4rt in diesem Artikel, die Auswirkungen der <strong>frontotemporalen Demenz<\/strong>.<\/p>\n\n\n\n<p>Wenn wir an Demenz denken, denken wir in der Regel zuerst an die Alzheimer-Krankheit. Doch in Wirklichkeit gibt es viele andere Arten von neurodegenerativen Erkrankungen, die eine fortschreitende Atrophie in verschiedenen Teilen des Gehirns verursachen. Hierzu geh\u00f6rt auch die frontotemporale Demenz. Es ist entscheidend, die Symptome fr\u00fchzeitig zu erkennen, um sich rasch an Spezialist:innen zu wenden und eine Rehabilitation bzw. Therapie zu beginnen.<\/p>\n\n\n\n<h2 class=\"wp-block-heading\">Degeneration und frontotemporale Demenz<\/h2>\n\n\n\n<p><a href=\"https:\/\/neuronup.com\/de\/neurowissenschaften\/gehirn-neurowissenschaften\/frontotemporale-demenz-definition-arten-symptome-ursachen-diagnose-und-behandlung\/\"><strong>Frontotemporale Demenz<\/strong><\/a><strong> oder (veraltet) Morbus Pick<\/strong> bezeichnet ein klinisches Syndrom, bei dem das vorherrschende klinische Bild aus <strong>Pers\u00f6nlichkeitsst\u00f6rungen in Verbindung mit Verhaltensst\u00f6rungen, Sprachst\u00f6rungen und kognitiven Beeintr\u00e4chtigungen<\/strong> besteht. Es ist jedoch wichtig, sie von der frontotemporalen Degeneration abzugrenzen. Letztere bezieht sich nur auf das Vorhandensein einer Atrophie, die auf den vorderen Pr\u00e4frontal- und Temporallappen beschr\u00e4nkt ist. Mit anderen Worten, es kann auch eine Atrophie ohne eine damit verbundene klinische Demenz vorliegen.<\/p>\n\n\n\n<p>Die frontotemporale Demenz, auch bekannt als Morbus Pick, <strong>ist nach ihrem Entdecker Arnold Pick benannt und bezieht sich auf das Vorhandensein<\/strong> so genannter Pick&#8217;scher K\u00f6rper, d. h. <strong>Gruppen gesch\u00e4digter Neuronen<\/strong> aufgrund von Ablagerung und der Unf\u00e4higkeit, das so genannte Tau-Protein zu eliminieren, und ist mit einem damit verbundenen Ph\u00e4nomen, der so genannten Gliose, verbunden, die eine narbenartige L\u00e4sion hinterl\u00e4sst.<\/p>\n\n\n\n<h2 class=\"wp-block-heading\">Symptome der frontotemporalen Demenz<\/h2>\n\n\n\n<p>Wenn wir von frontotemporaler Demenz sprechen, ist es wichtig, darauf hinzuweisen, dass wir uns nicht auf ein einziges klinisches Bild beziehen, sondern auf verschiedene <strong>Erscheinungsformen, die gemeinsame L\u00e4sionen aufweisen<\/strong>, deren klinische Manifestation jedoch variieren kann. Aus diesem Grund m\u00fcssen wir in diesem Abschnitt <strong>zwischen den drei wichtigsten klinischen Varianten unterscheiden: der frontotemporalen Demenz in der Verhaltensvariante, der <strong>prim\u00e4r progressiven Aphasie<\/strong> und der semantischen Demenz<\/strong>.<\/p>\n\n\n\n<ul class=\"wp-block-list\">\n<li><strong>Verhaltensvariante<\/strong>: Dies ist die h\u00e4ufigste Variante, und die \u00fcblichen Symptome sind:\n<ul class=\"wp-block-list\">\n<li>Verhaltensauff\u00e4lligkeiten,<\/li>\n\n\n\n<li>Pers\u00f6nlichkeitsver\u00e4nderungen,<\/li>\n\n\n\n<li>Apathie <em>(bei dieser Darstellung ist Vorsicht geboten, da sie h\u00e4ufig mit einer Depression verwechselt wird)<\/em>,<\/li>\n\n\n\n<li>Enthemmung,<\/li>\n\n\n\n<li>unangemessenes Verhalten,<\/li>\n\n\n\n<li>mangelndes Urteilsverm\u00f6gen,<\/li>\n\n\n\n<li>Ern\u00e4hrungsst\u00f6rungen wie die Aufnahme von nicht nahrhaften Substanzen <em>(z. B. verdorbene Lebensmittel)<\/em>,<\/li>\n\n\n\n<li>Vernachl\u00e4ssigung von Hygiene und K\u00f6rperpflege,<\/li>\n\n\n\n<li>Starrheit in ihrem Verhalten,<\/li>\n\n\n\n<li>Reizbarkeit.<\/li>\n<\/ul>\n<\/li>\n\n\n\n<li><strong>Prim\u00e4r Progressive Aphasie<\/strong>: Zu den Symptomen geh\u00f6ren:\n<ul class=\"wp-block-list\">\n<li>Anomie oder Schwierigkeiten bei der Wortfindung oder der Benennung von Gegenst\u00e4nden <em>(dies w\u00e4re das grundlegende Symptom)<\/em>,<\/li>\n\n\n\n<li>unangemessener Gebrauch der Verbformen,<\/li>\n\n\n\n<li>\u00c4nderung der Wortfolge,<\/li>\n\n\n\n<li>gr\u00f6\u00dfere grammatikalische Fehler,<\/li>\n\n\n\n<li>Mutismus <em>(dies w\u00e4re das letzte Symptom in der Entwicklung dieser Variante)<\/em>.<\/li>\n<\/ul>\n<\/li>\n\n\n\n<li><strong>Semantische Demenz<\/strong>: Bei dieser letzten Form hat die Person in der Regel:\n<ul class=\"wp-block-list\">\n<li>Probleme, das Gelesene und Geh\u00f6rte zu verstehen,<\/li>\n\n\n\n<li>Schwierigkeiten, Objekte zu benennen oder gar zu beschreiben,<\/li>\n\n\n\n<li>weitestgehend Bewahren des autobiografischen und des episodischen Ged\u00e4chtnisses. Auffallend ist hierbei, dass Betroffene trotz des eingeschr\u00e4nkten Verst\u00e4ndnisses in der Lage zu sein scheinen, ein normales Gespr\u00e4ch zu f\u00fchren. Schat man jedoch genauer hin, so ist dieses Gespr\u00e4ch &#8222;leer&#8220; an Informationen.<\/li>\n<\/ul>\n<\/li>\n<\/ul>\n\n\n\n<h2 class=\"wp-block-heading\">Phasen der frontotemporalen Demenz<\/h2>\n\n\n\n<p>Obwohl der Verlauf bei allen Varianten progressiv ist, mit gelegentlicher Verschlechterung durch die Entwicklung von Komplikationen wie Infektionen, w\u00fcrde ich f\u00fcr praktische Zwecke zwei Phasen unterscheiden:<\/p>\n\n\n\n<ul class=\"wp-block-list\">\n<li><strong>Phase 1 oder pr\u00e4symptomatische Phase<\/strong>: In dieser Phase treten die \u00fcblichen Symptome der verschiedenen Formen der frontotemporalen Demenz (noch) nicht auf. Wir k\u00f6nnen jedoch einige Symptome wie <strong>Apathie<\/strong>, <strong>Desinteresse <\/strong>oder <strong>Aufmerksamkeitsst\u00f6rungen<\/strong> feststellen. Auch wenn die Familie in dieser Phase beginnt, Situationen wahrzunehmen, die un\u00fcblich sind, wird dem m\u00f6glicherweise keine gr\u00f6\u00dfere Bedeutung beigemessen, wenn Demenz in der Familiengeschichte bisher nicht vorgekommen ist.<\/li>\n\n\n\n<li><strong>Phase 2 oder symptomatische Phase<\/strong>: In dieser Phase beginnen die h\u00e4ufigsten Symptome der einzelnen Varianten aufzutreten. Die Entwicklung sowie die Anzahl der Symptome und ihre Intensit\u00e4t sind von Person zu Person sehr unterschiedlich und h\u00e4ngen unter anderem vom Auftreten von Komplikationen wie Krankenhauseinweisungen, Harnwegsinfektionen, Dekompensation anderer Krankheiten, Wohnortwechsel usw. ab. In dieser Phase ist in der Regel eine zunehmende <strong>Abh\u00e4ngigkeit<\/strong> <strong>von Pflegekr\u00e4ften und Angeh\u00f6rigen<\/strong> zu beobachten.<\/li>\n<\/ul>\n\n\n\n<div style=\"height:50px\" aria-hidden=\"true\" class=\"wp-block-spacer\"><\/div>\n\n\n\n<div class=\"wp-block-group alignfull has-white-color has-text-color has-background has-links-background-color has-dark-background has-md-padding-top has-md-padding-bottom\"><div class=\"wp-block-group__inner-container is-layout-flow wp-block-group-is-layout-flow\">\n<div class=\"wp-block-columns is-layout-flex wp-container-core-columns-is-layout-9d6595d7 wp-block-columns-is-layout-flex\">\n<div class=\"wp-block-column is-layout-flow wp-block-column-is-layout-flow\" style=\"flex-basis:66.66%\">\n<h3 class=\"wp-block-heading\" id=\"block-1f49016b-d769-4cf3-8e36-22c3eae4a01a\">Testen Sie NeuronUP 7 Tage kostenlos<\/h3>\n\n\n\n<p>Entdecken Sie unsere Aktivit\u00e4ten, erstellen Sie Sitzungen und arbeiten Sie remote mit Online-Sitzungen<\/p>\n<\/div>\n\n\n\n<div class=\"wp-block-column is-layout-flow wp-block-column-is-layout-flow\" style=\"flex-basis:33.33%\">\n<div class=\"wp-block-buttons is-horizontal is-content-justification-right is-layout-flex wp-container-core-buttons-is-layout-ae2fe186 wp-block-buttons-is-layout-flex\">\n<div class=\"wp-block-button orange-button\" style=\"--button-background:var(--color-custom-1);--button-background-hover:#cc7e00;\"><a class=\"wp-block-button__link button   wp-element-button\" href=\"https:\/\/neuronup.com\/de\/landing-store-user\/\">Jetzt kostenlos testen<\/a><\/div>\n\n<\/div>\n<\/div>\n<\/div>\n<\/div><\/div>\n\n\n\n\n<div style=\"height:50px\" aria-hidden=\"true\" class=\"wp-block-spacer\"><\/div>\n\n\n\n<h2 class=\"wp-block-heading\">Ursachen der frontotemporalen Demenz<\/h2>\n\n\n\n<p>Wie bereits erw\u00e4hnt, denken wir bei Demenz meist an die <strong>Alzheimer-Krankheit.<\/strong> Die <strong>frontotemporale Demenz macht<\/strong> jedoch <strong>etwa 5-10 % aller Demenzerkrankungen aus<\/strong>, und dieser Prozentsatz steigt auf etwas mehr als 20 %, wenn die Krankheit vor dem Alter von 65 Jahren beginnt. Wie bei der Alzheimer-Krankheit ist der Verlauf chronisch und fortschreitend.<\/p>\n\n\n\n<p>Frontotemporale Demenz <strong>hat eine starke genetische Komponente<\/strong> und <strong>in bis zu 50 % der F\u00e4lle gibt es eine Familienanamnese f\u00fcr frontotemporale Demenz, psychiatrische St\u00f6rungen oder ALS<\/strong>. Sie tritt bei beiden Geschlechtern gleicherma\u00dfen auf und wurde mit mehreren Genen in Verbindung gebracht: PGRN (Progranulin-Gen) und MAPT (Mikrotubuli-assoziiertes Tau-Protein), die beide auf Chromosom 17q21 liegen. Dies bedeutet, dass die frontotemporale Demenz in einem hohen Prozentsatz der F\u00e4lle vererbbar ist.<\/p>\n\n\n\n<h2 class=\"wp-block-heading\">Diagnose der frontotemporalen Demenz<\/h2>\n\n\n\n<p>Wie bei anderen Demenzerkrankungen <strong>ist die Diagnose klinisch und erfordert eine Reihe von Tests<\/strong>, wie z. B. die Durchf\u00fchrung von folgenden Untersuchungen:<\/p>\n\n\n\n<ul class=\"wp-block-list\">\n<li><strong>Blutuntersuchungen<\/strong>, einschlie\u00dflich Vitamin B12, Fols\u00e4ure, Schilddr\u00fcsenhormone und generell alle Parameter, die es uns erm\u00f6glichen, sie von einer reversiblen Demenzursache zu unterscheiden.<\/li>\n\n\n\n<li><strong>Liquordiagnostik<\/strong>, bei der der Gehalt an Tau-Proteinen analysiert werden kann, um die Art der Demenz von der Alzheimer-Demenz unterscheiden zu k\u00f6nnen.<\/li>\n\n\n\n<li><strong>Bildgebende Untersuchungen<\/strong> wie eine anatomische und funktionelle Kernspintomographie (MRT) des Gehirns, bei der eine Atrophie in beiden Frontallappen und eine verringerte Aktivit\u00e4t in den Frontallappen festgestellt werden kann. Manchmal kann auch eine Atrophie in den Temporallappen beobachtet werden. <br>Da es sich um keine einheitliche Erkrankung handelt und es drei verschiedene Formen gibt, ist es \u00fcblich, dass die Ergebnisse der Bildgebung von einer Person zur anderen und von einer klinischen Form zur anderen variieren k\u00f6nnen.<\/li>\n<\/ul>\n\n\n\n<h2 class=\"wp-block-heading\">Behandlung der frontotemporalen Demenz<\/h2>\n\n\n\n<p>Leider gibt es bis heute <strong>keine heilende Behandlung f\u00fcr die frontotemporale Demenz, die Behandlung ist symptomatisch<\/strong>. Folgende Behandlungsm\u00f6glichkeiten stehen zur Verf\u00fcgung:<\/p>\n\n\n\n<ul class=\"wp-block-list\">\n<li><strong>Antidepressiva<\/strong>: Vorzugsweise solche, die als Erstlinientherapie oder Serotoninergika bezeichnet werden, da aufgrund des Bereichs, in dem die Atrophie auftritt, ein gr\u00f6\u00dferes Serotonindefizit besteht, das von diesen Behandlungen profitieren kann.<\/li>\n\n\n\n<li><strong>Trazodon<\/strong>: Ein atypisches Antidepressivum, das zur Behandlung von Verhaltensst\u00f6rungen eingesetzt wird und gut vertr\u00e4glich ist.<\/li>\n\n\n\n<li><strong>Antipsychotika (Neuroleptika)<\/strong>: In niedriger Dosierung helfen sie, Reizbarkeit, Verhaltensst\u00f6rungen, eventuell auftretende psychotische Symptome und Schlaflosigkeit zu lindern.<\/li>\n\n\n\n<li>F\u00fcr Acetylcholinesterasehemmer oder Memantin, die h\u00e4ufig bei der Alzheimer-Krankheit eingesetzt werden, gibt es keine eindeutigen Belege, die ihren Einsatz bei Patient:innen mit frontotemporaler Demenz empfehlen.<\/li>\n\n\n\n<li><strong>Kognitive Rehabilitation<\/strong>: Heute gibt es zahlreiche Programme zur kognitiven Rehabilitation, die zwar den Krankheitsverlauf nicht ver\u00e4ndern, aber eine <strong>deutliche Verbesserung der Lebensqualit\u00e4t<\/strong> dieser Patient:innen erm\u00f6glichen, indem sie ein professionell angeleitetes Training der auftretenden Defizite erlauben.<\/li>\n<\/ul>\n\n\n\n<div style=\"height:50px\" aria-hidden=\"true\" class=\"wp-block-spacer\"><\/div>\n\n\n\n<div class=\"wp-block-group\"><div class=\"wp-block-group__inner-container is-layout-constrained wp-block-group-is-layout-constrained\">\n<div class=\"wp-block-columns is-layout-flex wp-container-core-columns-is-layout-9d6595d7 wp-block-columns-is-layout-flex\">\n<div class=\"wp-block-column br-0111 p-5 particle-bg anims-fadein-up has-primary-background-color has-background is-layout-flow wp-block-column-is-layout-flow\">\n<h2 class=\"wp-block-heading has-white-color has-text-color\">Erfahren Sie noch mehr \u00fcber<br><strong>NeuronUP<\/strong><\/h2>\n\n\n\n<div class=\"wp-block-buttons is-layout-flex wp-block-buttons-is-layout-flex\">\n<div class=\"wp-block-button--1\" style=\"--button-outline-color:var(--color-white);--button-outline-color-hover:rgba(0,0,0,0.8);\"><a class=\"wp-block-button__link button button-outline   wp-element-button\" href=\"https:\/\/neuronup.com\/de\/informationen-anfordern\/\">Informationen anfordern<\/a><\/div>\n\n<\/div>\n<\/div>\n\n\n\n<div class=\"wp-block-column br-0111 p-5 particle-bg anims-fadein-up has-primary-background-color has-background is-layout-flow wp-block-column-is-layout-flow\">\n<h2 class=\"wp-block-heading has-white-color has-text-color\">Kostenlos testen<\/h2>\n\n\n\n<p class=\"has-white-color has-text-color\">Die Plattform, die <strong>mehr als 3.500 Fachkr\u00e4fte<\/strong> t\u00e4glich nutzen<\/p>\n\n\n\n<div class=\"wp-block-buttons is-layout-flex wp-block-buttons-is-layout-flex\">\n<div class=\"wp-block-button orange-button\" style=\"--button-background:var(--color-custom-1);--button-background-hover:#cc7e00;\"><a class=\"wp-block-button__link button   wp-element-button\" href=\"https:\/\/neuronup.com\/de\/landing-store-user\/\">Kostenlos testen<img decoding=\"async\" class=\"wp-image-18719\" style=\"width: 8px;\" src=\"\/de\/wp-content\/uploads\/2022\/v3\/icon_rightArrow-white.svg\"><\/a><\/div>\n\n<\/div>\n<\/div>\n<\/div>\n<\/div><\/div>\n\n\n\n<div style=\"height:50px\" aria-hidden=\"true\" class=\"wp-block-spacer\"><\/div>\n\n\n\n<p>Was die <strong>Lebenserwartung<\/strong> betrifft, so ist die Spanne der Jahre sehr gro\u00df. In der Regel liegt sie jedoch <strong>zwischen zwei und zehn Jahren nach der Diagnose<\/strong>.<\/p>\n\n\n\n<p>Deshalb ist es wichtig, einen multidisziplin\u00e4ren Ansatz zu verfolgen, an dem Neurolog:innen, Ergotherapeut:innen, Logop\u00e4d:innen, Neuropsychiater:innen und Neuropsycholog:innen beteiligt sind. Die Kombination all dieser Fachkr\u00e4fte zielt darauf ab, eine gute Behandlung durchzuf\u00fchren, sowohl pharmakologisch als auch rehabilitativ, um die Lebensqualit\u00e4t, nicht nur f\u00fcr die Patient:innen, sondern auch f\u00fcr ihre Betreuer:innen zu verbessern.<\/p>\n\n\n\n<h2 class=\"wp-block-heading\">Literaturverzeichnis<\/h2>\n\n\n\n<ul class=\"wp-block-list\">\n<li class=\"has-sm-font-size\">Abhandlung \u00fcber Neuropsychogeriatrie (Spanisch).<\/li>\n\n\n\n<li class=\"has-sm-font-size\">Neuropsicolog\u00eda von Javier Tirapu Ust\u00e1rroz, Marcos R\u00edos Lago und Fernando Maest\u00fa Unturbe.<\/li>\n\n\n\n<li class=\"has-sm-font-size\">Einf\u00fchrung in die Psychopathologie und Psychiatrie von J. Vallejo (Spanisch).<\/li>\n\n\n\n<li class=\"has-sm-font-size\">Alzheimer-Krankheit und andere Demenzkrankheiten von R. Alberca und S. L\u00f3pez-Pouda (Spanisch).<\/li>\n\n\n\n<li class=\"has-sm-font-size\">Geriatrische Psychiatrie von Ag\u00fcera, Mart\u00edn und S\u00e1nchez (Spanisch).<\/li>\n<\/ul>\n\n\n\n<div style=\"height:25px\" aria-hidden=\"true\" class=\"wp-block-spacer\"><\/div>\n\n\n\n<h3 class=\"wp-block-heading\">Wenn Ihnen dieser Artikel \u00fcber <strong>Frontotemporale Demenz<\/strong> gefallen hat, k\u00f6nnten Sie auch an diesen Beitr\u00e4gen von NeuronUP interessiert sein:<\/h3>\n\n\n<div class=\"mai-grid entries entries-grid has-boxed has-image-full\" style=\"--entry-title-font-size:var(--font-size-lg);--align-text:start;--entry-meta-text-align:start;\"><div class=\"entries-wrap has-columns\" style=\"--columns-xs:1\/1;--columns-sm:1\/1;--columns-md:1\/3;--columns-lg:1\/3;--flex-xs:0 0 var(--flex-basis);--flex-sm:0 0 var(--flex-basis);--flex-md:0 0 var(--flex-basis);--flex-lg:0 0 var(--flex-basis);--column-gap:var(--spacing-lg);--row-gap:var(--spacing-lg);--align-columns:start;\"><article class=\"entry entry-grid is-column has-entry-link has-image has-image-first type-post category-multiple-sklerose tag-aktivitaten-zur-kognitiven-stimulation tag-multiple-sklerose\" style=\"--entry-index:1;\" aria-label=\"Kognitiver Workshop mit NeuronUP zur Intervention bei Multipler Sklerose (MS)\" itemscope itemtype=\"https:\/\/schema.org\/CreativeWork\"><a class=\"entry-image-link\" href=\"https:\/\/neuronup.com\/de\/kognitive-stimulation-und-rehabilitation\/neurodegenerative-erkrankungen\/multiple-sklerose\/kognitiver-workshop-mit-neuronup-zur-intervention-bei-multipler-sklerose-ms\/\" tabindex=\"-1\" aria-hidden=\"true\"><img decoding=\"async\" width=\"400\" height=\"300\" src=\"https:\/\/neuronup.com\/de\/wp-content\/uploads\/2024\/10\/Actividad-Objetos-en-el-hogar.webp\" class=\"entry-image size-landscape-sm\" alt=\"Aktivit\u00e4t: Gegenst\u00e4nde im Haushalt\" srcset=\"https:\/\/neuronup.com\/de\/wp-content\/uploads\/2024\/10\/Actividad-Objetos-en-el-hogar-300x225.webp 300w, https:\/\/neuronup.com\/de\/wp-content\/uploads\/2024\/10\/Actividad-Objetos-en-el-hogar-768x577.webp 768w, https:\/\/neuronup.com\/de\/wp-content\/uploads\/2024\/10\/Actividad-Objetos-en-el-hogar-1024x769.webp 1024w, https:\/\/neuronup.com\/de\/wp-content\/uploads\/2024\/10\/Actividad-Objetos-en-el-hogar.webp 1200w\" sizes=\"(max-width:599px) 599px, (min-width:600px) and (max-width: 799px) 799px, (min-width:800px) and (max-width: 999px) 333px, (min-width:1000px) 400px\" \/><\/a><div class=\"entry-wrap entry-wrap-grid\"><h3 class=\"entry-title\" itemprop=\"headline\"><a class=\"entry-title-link\" href=\"https:\/\/neuronup.com\/de\/kognitive-stimulation-und-rehabilitation\/neurodegenerative-erkrankungen\/multiple-sklerose\/kognitiver-workshop-mit-neuronup-zur-intervention-bei-multipler-sklerose-ms\/\" rel=\"bookmark\">Kognitiver Workshop mit NeuronUP zur Intervention bei Multipler Sklerose (MS)<\/a><\/h3>\n<\/div><\/article><article class=\"entry entry-grid is-column has-entry-link has-image has-image-first type-post category-neurodegenerative-erkrankungen tag-demenz tag-neurodegenerative-erkrankungen\" style=\"--entry-index:2;\" aria-label=\"Verst\u00e4ndnis der frontotemporalen Demenz: Die Bedeutung der Psychoedukation f\u00fcr Angeh\u00f6rige\" itemscope itemtype=\"https:\/\/schema.org\/CreativeWork\"><a class=\"entry-image-link\" href=\"https:\/\/neuronup.com\/de\/kognitive-stimulation-und-rehabilitation\/neurodegenerative-erkrankungen\/die-frontotemporale-demenz-verstehen-die-bedeutung-der-psychoedukation-fur-angehorige\/\" tabindex=\"-1\" aria-hidden=\"true\"><img decoding=\"async\" width=\"400\" height=\"267\" src=\"https:\/\/neuronup.com\/de\/wp-content\/uploads\/2024\/07\/Comprendiendo-la-demencia-frontotemporal-La-importancia-de-la-psicoeducacion-para-los-familiares-NeuronUP.webp\" class=\"entry-image size-landscape-sm\" alt=\"Verstehen der frontotemporalen Demenz: Die Bedeutung der Psychoedukation f\u00fcr die Angeh\u00f6rigen von NeuronUP\" srcset=\"https:\/\/neuronup.com\/de\/wp-content\/uploads\/2024\/07\/Comprendiendo-la-demencia-frontotemporal-La-importancia-de-la-psicoeducacion-para-los-familiares-NeuronUP-300x200.webp 300w, https:\/\/neuronup.com\/de\/wp-content\/uploads\/2024\/07\/Comprendiendo-la-demencia-frontotemporal-La-importancia-de-la-psicoeducacion-para-los-familiares-NeuronUP-768x512.webp 768w, https:\/\/neuronup.com\/de\/wp-content\/uploads\/2024\/07\/Comprendiendo-la-demencia-frontotemporal-La-importancia-de-la-psicoeducacion-para-los-familiares-NeuronUP-1024x683.webp 1024w, https:\/\/neuronup.com\/de\/wp-content\/uploads\/2024\/07\/Comprendiendo-la-demencia-frontotemporal-La-importancia-de-la-psicoeducacion-para-los-familiares-NeuronUP.webp 1200w\" sizes=\"(max-width:599px) 599px, (min-width:600px) and (max-width: 799px) 799px, (min-width:800px) and (max-width: 999px) 333px, (min-width:1000px) 400px\" \/><\/a><div class=\"entry-wrap entry-wrap-grid\"><h3 class=\"entry-title\" itemprop=\"headline\"><a class=\"entry-title-link\" href=\"https:\/\/neuronup.com\/de\/kognitive-stimulation-und-rehabilitation\/neurodegenerative-erkrankungen\/die-frontotemporale-demenz-verstehen-die-bedeutung-der-psychoedukation-fur-angehorige\/\" rel=\"bookmark\">Verst\u00e4ndnis der frontotemporalen Demenz: Die Bedeutung der Psychoedukation f\u00fcr Angeh\u00f6rige<\/a><\/h3>\n<\/div><\/article><article class=\"entry entry-grid is-column has-entry-link has-image has-image-first type-post category-parkinson tag-kognitive-rehabilitation tag-parkinson\" style=\"--entry-index:3;\" aria-label=\"Neuropsychologische Rehabilitation bei Morbus Parkinson\" itemscope itemtype=\"https:\/\/schema.org\/CreativeWork\"><a class=\"entry-image-link\" href=\"https:\/\/neuronup.com\/de\/kognitive-stimulation-und-rehabilitation\/neurodegenerative-erkrankungen\/parkinson\/neuropsychologische-rehabilitation-bei-der-parkinson-krankheit\/\" tabindex=\"-1\" aria-hidden=\"true\"><img decoding=\"async\" width=\"398\" height=\"300\" src=\"https:\/\/neuronup.com\/de\/wp-content\/uploads\/2023\/10\/Rehabilitacion-neuropsicologica-en-la-enfermedad-de-Parkinson-2-1.webp\" class=\"entry-image size-landscape-sm\" alt=\"Neuropsychologische-Rehabilitation-bei-Parkinson-Krankheit\" srcset=\"https:\/\/neuronup.com\/de\/wp-content\/uploads\/2023\/10\/Rehabilitacion-neuropsicologica-en-la-enfermedad-de-Parkinson-2-1-300x226.webp 300w, https:\/\/neuronup.com\/de\/wp-content\/uploads\/2023\/10\/Rehabilitacion-neuropsicologica-en-la-enfermedad-de-Parkinson-2-1-768x579.webp 768w, https:\/\/neuronup.com\/de\/wp-content\/uploads\/2023\/10\/Rehabilitacion-neuropsicologica-en-la-enfermedad-de-Parkinson-2-1-1024x771.webp 1024w, https:\/\/neuronup.com\/de\/wp-content\/uploads\/2023\/10\/Rehabilitacion-neuropsicologica-en-la-enfermedad-de-Parkinson-2-1.webp 1200w\" sizes=\"(max-width:599px) 599px, (min-width:600px) and (max-width: 799px) 799px, (min-width:800px) and (max-width: 999px) 333px, (min-width:1000px) 400px\" \/><\/a><div class=\"entry-wrap entry-wrap-grid\"><h3 class=\"entry-title\" itemprop=\"headline\"><a class=\"entry-title-link\" href=\"https:\/\/neuronup.com\/de\/kognitive-stimulation-und-rehabilitation\/neurodegenerative-erkrankungen\/parkinson\/neuropsychologische-rehabilitation-bei-der-parkinson-krankheit\/\" rel=\"bookmark\">Neuropsychologische Rehabilitation bei Morbus Parkinson<\/a><\/h3>\n<\/div><\/article><\/div><\/div>\n\n","protected":false},"excerpt":{"rendered":"<p>Manuel Cassinello Marco, Facharzt f\u00fcr Neuropsychiatrie und Psychologe, erkl\u00e4rt in diesem Artikel, die Auswirkungen der frontotemporalen Demenz. Wenn wir an Demenz denken, denken wir in der Regel zuerst an die Alzheimer-Krankheit. Doch in Wirklichkeit gibt es viele andere Arten von neurodegenerativen Erkrankungen, die eine fortschreitende Atrophie in verschiedenen Teilen des Gehirns verursachen. Hierzu geh\u00f6rt auch &hellip;<\/p>\n","protected":false},"author":138,"featured_media":30096,"comment_status":"open","ping_status":"open","sticky":false,"template":"","format":"standard","meta":{"_acf_changed":false,"_genesis_hide_title":false,"_genesis_hide_breadcrumbs":false,"_genesis_hide_singular_image":false,"_genesis_hide_footer_widgets":false,"_genesis_custom_body_class":"","_genesis_custom_post_class":"","_genesis_layout":"","footnotes":""},"categories":[9],"tags":[391,339],"class_list":{"2":"type-post","7":"category-neurodegenerative-erkrankungen","8":"tag-demenz","9":"tag-neurodegenerative-erkrankungen","10":"entry"},"acf":[],"_links":{"self":[{"href":"https:\/\/neuronup.com\/de\/wp-json\/wp\/v2\/posts\/30090","targetHints":{"allow":["GET"]}}],"collection":[{"href":"https:\/\/neuronup.com\/de\/wp-json\/wp\/v2\/posts"}],"about":[{"href":"https:\/\/neuronup.com\/de\/wp-json\/wp\/v2\/types\/post"}],"author":[{"embeddable":true,"href":"https:\/\/neuronup.com\/de\/wp-json\/wp\/v2\/users\/138"}],"replies":[{"embeddable":true,"href":"https:\/\/neuronup.com\/de\/wp-json\/wp\/v2\/comments?post=30090"}],"version-history":[{"count":0,"href":"https:\/\/neuronup.com\/de\/wp-json\/wp\/v2\/posts\/30090\/revisions"}],"wp:featuredmedia":[{"embeddable":true,"href":"https:\/\/neuronup.com\/de\/wp-json\/wp\/v2\/media\/30096"}],"wp:attachment":[{"href":"https:\/\/neuronup.com\/de\/wp-json\/wp\/v2\/media?parent=30090"}],"wp:term":[{"taxonomy":"category","embeddable":true,"href":"https:\/\/neuronup.com\/de\/wp-json\/wp\/v2\/categories?post=30090"},{"taxonomy":"post_tag","embeddable":true,"href":"https:\/\/neuronup.com\/de\/wp-json\/wp\/v2\/tags?post=30090"}],"curies":[{"name":"wp","href":"https:\/\/api.w.org\/{rel}","templated":true}]}}