{"id":28792,"date":"2026-03-11T12:24:53","date_gmt":"2026-03-11T12:24:53","guid":{"rendered":"https:\/\/neuronup.com\/?p=28792"},"modified":"2026-03-11T12:24:53","modified_gmt":"2026-03-11T12:24:53","slug":"die-blauen-zonen-langlebigkeit","status":"publish","type":"post","link":"https:\/\/neuronup.com\/de\/kognitive-stimulation-und-rehabilitation\/normale-alterserscheinungen\/die-blauen-zonen-langlebigkeit\/","title":{"rendered":"Die blauen Zonen und das Geheimnis der Langlebigkeit"},"content":{"rendered":"\n<p class=\"has-xl-font-size\">Die Neuropsychologin Diana Carolina G\u00f3mez Blanco erkl\u00e4rt uns in diesem Artikel, was die <strong>Blauen Zonen<\/strong> (ZA) sind und das Geheimnis der Langlebigkeit ihrer Bewohner, wobei sie besonderen Wert auf die Merkmale, Schl\u00fcssel und Lebensstile der ZA-Bev\u00f6lkerungen legt.<\/p>\n\n\n\n<p><strong>Die Blauen Zonen und das Geheimnis der Langlebigkeit<\/strong><\/p>\n\n\n\n<p>Seit der Antike hat die Suche nach <strong>ewiger Jugend<\/strong> die Menschheit fasziniert, und viele haben nach jener magischen Formel gesucht, die es erlaubt, die Lebensjahre zu verl\u00e4ngern und den gef\u00fcrchteten Tod zu besiegen. Noch heute besteht dieser ungez\u00fcgelte Drang, jung zu bleiben, und es werden immer mehr Di\u00e4ten, medizinische Verfahren und Sch\u00f6nheitsartikel angeboten, die behaupten, den Lauf der Zeit aufzuhalten. Tats\u00e4chlich ist es aber so, dass<strong> sich die Lebenserwartung in den letzten 150 Jahren <\/strong>sprunghaft erh\u00f6ht hat, und immer mehr Menschen ein hohes Alter erreichen.&nbsp;<\/p>\n\n\n\n<p>\u201cDie Langlebigkeit steigt weltweit schneller an, als viele von uns es sich vorstellen k\u00f6nnen. Tats\u00e4chlich sagen Demografen, dass das Baby, das 200 Jahre alt werden wird, bereits geboren ist\u201d (Figueroa Suarez et al., 2019, S.281). Dazu wird zus\u00e4tzlich hervorgehoben, dass eine <strong>Alterung der Bev\u00f6lkerung ohne jeglichen Pr\u00e4zedenzfall<\/strong> in der Menschheitsgeschichte stattfindet. Und obwohl die kardiovaskul\u00e4re Sterblichkeit gesunken ist, ist <strong>im Gegensatz dazu die Sterblichkeit durch Erkrankungen des Nervensystems und psychische St\u00f6rungen gestiegen<\/strong>.<\/p>\n\n\n<div class=\"wp-block-image\">\n<figure class=\"aligncenter size-large\"><img decoding=\"async\" width=\"1024\" height=\"1024\" src=\"https:\/\/neuronup.com\/de\/wp-content\/uploads\/2024\/01\/zonas-azules-1024x1024.webp\" alt=\"Zonas azules\" class=\"wp-image-28798\" srcset=\"https:\/\/neuronup.com\/de\/wp-content\/uploads\/2024\/01\/zonas-azules-150x150.webp 150w, https:\/\/neuronup.com\/de\/wp-content\/uploads\/2024\/01\/zonas-azules-300x300.webp 300w, https:\/\/neuronup.com\/de\/wp-content\/uploads\/2024\/01\/zonas-azules-768x768.webp 768w, https:\/\/neuronup.com\/de\/wp-content\/uploads\/2024\/01\/zonas-azules-1024x1024.webp 1024w, https:\/\/neuronup.com\/de\/wp-content\/uploads\/2024\/01\/zonas-azules.webp 1200w\" sizes=\"(max-width: 1024px) 100vw, 1024px\" \/><figcaption class=\"wp-element-caption\">Projektion des Anstiegs der weltweiten Lebenserwartung.<a href=\" https:\/\/es.statista.com\/grafico\/29351\/esperanza-de-vida-al-nacer-estimada-por-region\/\"> https:\/\/es.statista.com\/grafico\/29351\/esperanza-de-vida-al-nacer-estimada-por-region\/<\/a>.<\/figcaption><\/figure>\n<\/div>\n\n\n<p>Angesichts Letzteren bewirkt der Lebensstil der <strong>modernen Gesellschaft<\/strong>, bei dem vor allem Bewegungsmangel gef\u00f6rdert wird, sowie die Integration von<strong> Technologien, die das Leben erleichtern<\/strong> \u2013 sowohl physisch als auch kognitiv \u2013, eine Ern\u00e4hrung, die auf verarbeiteten Lebensmitteln mit hohem Zucker-, Natrium-, Kalorien- und ges\u00e4ttigten Fettgehalt basiert, sowie ein stressiger Lebensrhythmus, dass dieser Traum von langer Langlebigkeit in Dauer und Qualit\u00e4t scheitert. Doch es gibt einige Orte auf der Welt, an denen sich dieser Traum gro\u00dfer Langlebigkeit offenbar erf\u00fcllt (Y\u00e1\u00f1ez-Y\u00e1\u00f1ez &amp; Mc Ardle Draguicevic, 2021, S.155).&nbsp;<\/p>\n\n\n\n<h2 class=\"wp-block-heading\">Blaue Zonen<\/h2>\n\n\n\n<p>In diesen Zonen leben die Menschen nicht nur l\u00e4nger, sondern <strong>sie genie\u00dfen ein besseres Leben<\/strong>, wobei ein hohes Alter nicht mit Behinderung gleichzusetzen ist, sondern im Gegenteil ein sehr hohes Funktionsniveau erhalten bleibt. Diese Gebiete werden als \u201eBlaue Zonen\u201c bezeichnet.<\/p>\n\n\n\n<p>Eine Blaue Zone (ZA) ist ein geografisch abgegrenztes Gebiet, in dem die Bev\u00f6lkerung <strong>eine au\u00dfergew\u00f6hnlich hohe Langlebigkeit <\/strong>aufweist, obwohl dies nicht mit hohem Einkommen oder spezialisierter Gesundheitsversorgung zusammenh\u00e4ngt. Urspr\u00fcnglich wurden diese Zonen so genannt, weil die ersten Forscher sie mit einem blauen Marker gekennzeichnet haben.<\/p>\n\n\n\n<p>Auf der folgenden Karte sind die bisher entdeckten Blauen Zonen dargestellt.&nbsp;<\/p>\n\n\n\n<figure class=\"wp-block-image size-full\"><img decoding=\"async\" width=\"1200\" height=\"675\" src=\"https:\/\/neuronup.com\/de\/wp-content\/uploads\/2024\/01\/zonas-azules-1-1.webp\" alt=\"zonas azules\" class=\"wp-image-28799\" srcset=\"https:\/\/neuronup.com\/de\/wp-content\/uploads\/2024\/01\/zonas-azules-1-1-300x169.webp 300w, https:\/\/neuronup.com\/de\/wp-content\/uploads\/2024\/01\/zonas-azules-1-1-768x432.webp 768w, https:\/\/neuronup.com\/de\/wp-content\/uploads\/2024\/01\/zonas-azules-1-1-1024x576.webp 1024w, https:\/\/neuronup.com\/de\/wp-content\/uploads\/2024\/01\/zonas-azules-1-1.webp 1200w\" sizes=\"(max-width: 1200px) 100vw, 1200px\" \/><figcaption class=\"wp-element-caption\">Weltweite Lokalisierung der Blauen Zonen<a href=\" https:\/\/universidadesazules.org\/zona-azul\/ \"> https:\/\/universidadesazules.org\/zona-azul\/ <\/a>.<\/figcaption><\/figure>\n\n\n\n<p>Allerdings sind die <strong>Daten<\/strong> zur Langlebigkeit und Lebenserwartung in den ZAs derzeit <strong>nicht abschlie\u00dfend<\/strong>, obwohl sie im Vergleich zu entwickelten L\u00e4ndern sowohl sozial als auch wirtschaftlich eine h\u00f6here Anzahl und Proportion von Hundertj\u00e4hrigen aufweisen.<\/p>\n\n\n\n<p>Eine weitere Schwierigkeit bei der Untersuchung dieser Populationen ist, dass sie <strong>genetische Merkmale<\/strong> mit ihrem Lebensstil teilen, weshalb es notwendig ist, den Zusammenhang mit einer h\u00f6heren Langlebigkeit eingehender zu erforschen. Dabei ist zu kl\u00e4ren, dass das menschliche Altern auf einer Mischung genetischer und epigenetischer Faktoren beruht, weshalb es wichtig ist, auf jene Lebensstilfaktoren zu achten, die sich einfacher ver\u00e4ndern lassen (Navarro-Pardo, 2015, S.79).&nbsp;<\/p>\n\n\n\n<h3 class=\"wp-block-heading\">Variablen der Blauen Zonen (ZA)<\/h3>\n\n\n\n<p>Zu den Einflussgr\u00f6\u00dfen sei an erster Stelle zu erw\u00e4hnen, dass <strong>nur 20 % der Langlebigkeit auf genetische Faktoren zur\u00fcckzuf\u00fchren sind<\/strong>, w\u00e4hrend <strong>80 % von Umwelt und Lebensstil beeinflusst werden<\/strong>. Andere Autoren gehen davon aus, dass der genetische Faktor zwischen 25\u201330 % der Variabilit\u00e4t in der Langlebigkeit ausmacht.<\/p>\n\n\n\n<div style=\"height:50px\" aria-hidden=\"true\" class=\"wp-block-spacer\"><\/div>\n\n\n\n<div class=\"wp-block-group br-0111 has-primary-background-color has-background has-dark-background has-sm-padding-top has-sm-padding-left has-sm-padding-right has-xxl-margin-top\"><div class=\"wp-block-group__inner-container is-layout-constrained wp-block-group-is-layout-constrained\">\n<div class=\"wp-block-columns is-layout-flex wp-container-core-columns-is-layout-9d6595d7 wp-block-columns-is-layout-flex\">\n<div class=\"wp-block-column is-layout-flow wp-block-column-is-layout-flow\">\n<figure class=\"wp-block-image size-full desktop-position-absolute desktop-bottom-0 mobile-width-50 mobile-m-inline-auto has-xl-margin-top\"><img decoding=\"async\" width=\"292\" height=\"338\" src=\"https:\/\/neuronup.com\/de\/wp-content\/uploads\/2023\/12\/Produkt-Zertifikat.webp\" alt=\"\" class=\"wp-image-27552\" srcset=\"https:\/\/neuronup.com\/de\/wp-content\/uploads\/2023\/12\/Produkt-Zertifikat-259x300.webp 259w, https:\/\/neuronup.com\/de\/wp-content\/uploads\/2023\/12\/Produkt-Zertifikat.webp 292w\" sizes=\"(max-width: 292px) 100vw, 292px\" \/><\/figure>\n<\/div>\n\n\n\n<div class=\"wp-block-column is-layout-flow wp-block-column-is-layout-flow\">\n<h2 class=\"wp-block-heading has-white-color has-text-color\">Melden Sie sich<br> f\u00fcr unseren<br> <strong>Newsletter<\/strong>\u00a0an<\/h2>\n\n\n\n<div class=\"wp-block-buttons is-layout-flex wp-block-buttons-is-layout-flex\">\n<div class=\"wp-block-button--1\" style=\"--button-outline-color:var(--color-white);--button-outline-color-hover:rgba(0,0,0,0.8);\"><a class=\"wp-block-button__link button button-outline   wp-element-button\" href=\"https:\/\/neuronup.com\/de\/newsletter\/#form\">Jetzt anmelden<\/a><\/div>\n\n<\/div>\n\n\n\n<div style=\"height:40px\" aria-hidden=\"true\" class=\"wp-block-spacer\"><\/div>\n<\/div>\n<\/div>\n<\/div><\/div>\n\n\n\n\n<div style=\"height:50px\" aria-hidden=\"true\" class=\"wp-block-spacer\"><\/div>\n\n\n\n<h2 class=\"wp-block-heading\">Merkmale der Bev\u00f6lkerung in den Blauen Zonen nach Regionen:<\/h2>\n\n\n\n<p>Im Folgenden werden die wichtigsten Eigenschaften beschrieben, die diese Bev\u00f6lkerungsgruppen im Einzelnen aufweisen:<\/p>\n\n\n\n<h3 class=\"wp-block-heading\">1. Ikaria (Griechenland)<\/h3>\n\n\n\n<p>In Blauen Zonen weisen die Bev\u00f6lkerungen einige Gewohnheiten und Lebensstile auf, die ihre hohe Langlebigkeit f\u00f6rdern. Zum Beispiel haben die Bewohner Ikarias, einer griechischen Insel von 255 km2, <strong>drei Mal h\u00f6heres Risiko, 100 Jahre alt zu werden<\/strong> als an jedem anderen Ort der Welt; zudem liegt der Anteil von Menschen ab 90 Jahren <strong>zehnmal h\u00f6her als der europ\u00e4ische Durchschnitt<\/strong>.<\/p>\n\n\n\n<h4 class=\"wp-block-heading\">Morbidit\u00e4t<\/h4>\n\n\n\n<p>Bez\u00fcglich der Morbidit\u00e4t:<\/p>\n\n\n\n<ul class=\"wp-block-list\">\n<li><strong>die Krebsinzidenzrate liegt unter 20 %<\/strong>, <\/li>\n\n\n\n<li>die Rate kardiovaskul\u00e4rer Erkrankungen um 50 % niedriger, <\/li>\n\n\n\n<li>keine F\u00e4lle von Depression, <\/li>\n\n\n\n<li>keine F\u00e4lle von Demenz.<\/li>\n<\/ul>\n\n\n\n<h4 class=\"wp-block-heading\">Schl\u00fcssel zur Langlebigkeit auf Ikaria (Griechenland)<\/h4>\n\n\n\n<p>Eine Studie hat die m\u00f6glichen Schl\u00fcssel zu dieser Langlebigkeit zusammengetragen. Rodr\u00edguez-Pardo del Castillo &amp; L\u00f3pez Farr\u00e9 (2017, S.71\u201372) f\u00fchren Folgendes an:<\/p>\n\n\n\n<ul class=\"wp-block-list\">\n<li>Eine m\u00f6gliche Ursache ist die <strong>Isolation<\/strong>; aufgrund der Abgeschiedenheit halten die \u00c4lteren noch die Gewohnheiten von vor einem halben Jahrhundert bei, wie zum Beispiel<strong> das Wandern in den schroffen Bergen der Insel.<\/strong><\/li>\n\n\n\n<li>Ebenfalls hervorgehoben wird die <strong>mediterrane Ern\u00e4hrung<\/strong>: Viele der Hundertj\u00e4hrigen geben an, <strong>nur das zu essen, was sie anbauen und fangen<\/strong>, dabei verzichten sie auf Fleisch. Einige sind der Meinung, dass ein Glas Wein statt Wasser verj\u00fcngend wirkt. Einer New York Times-Studie zufolge k\u00f6nnten das mit Oliven\u00f6l zubereitete Essen, das Klima und der geringe Stressfaktor die gemeinsamen Ursachen ihres Geheimnisses sein. Zudem wird zur mediterranen Kost t\u00e4glich ein Bergkr\u00e4utertee mit getrocknetem Salbei, Thymian, Minze und Kamille getrunken.&nbsp;&nbsp;<\/li>\n\n\n\n<li><strong>Eine 30-min\u00fctige Siesta t\u00e4glich, f\u00fcnfmal pro Woche<\/strong> verringert das Risiko f\u00fcr Herz-Kreislauf-Erkrankungen um ein Drittel. Au\u00dferdem k\u00f6nnen die Inselbewohner bis zu 10 Stunden tief schlafen.<\/li>\n\n\n\n<li>Die Sterblichkeitsrate sinkt um fast die H\u00e4lfte bei Personen, die nach dem 50. Lebensjahr <strong>mindestens zweimal pro Woche Geschlechtsverkehr haben<\/strong>.<\/li>\n\n\n\n<li><strong>K\u00f6rperliche Aktivit\u00e4t im Alltag<\/strong>, wie das Anlegen eines Gartens, das dazu f\u00fchrt, dass man hinausgeht, um zu gie\u00dfen, Unkraut zu j\u00e4ten und zu ernten.<\/li>\n\n\n\n<li>Auf Ikaria (Griechenland) verwenden sie ausschlie\u00dflich <strong>Handwerkzeuge<\/strong>, bereiten Brot von Hand zu und gehen zu Fu\u00df zum Supermarkt oder zur Arbeit.<\/li>\n\n\n\n<li><strong>Bewusst und ohne Eile leben<\/strong>: Die Inselbewohner f\u00fchren ein gem\u00e4chliches Leben ohne Hast, nehmen sich Zeit zum Beobachten und Erleben \u2013 sehr \u00e4hnlich den \u00dcbungen der Meditation.<\/li>\n<\/ul>\n\n\n\n<h3 class=\"wp-block-heading\">2. Okinawa (Japan)<\/h3>\n\n\n\n<p>Dar\u00fcber hinaus zeichnet sich Okinawa (Japan) nicht nur durch seine Langlebigkeit aus, sondern es wurden auch <strong>niedrige Raten von Arteriosklerose und Magenkrebs<\/strong> sowie ein geringes Risiko f\u00fcr Brust- und Prostatakrebs nachgewiesen. Ebenso wurden niedrigere Alzheimer-Raten festgestellt.<\/p>\n\n\n\n<h4 class=\"wp-block-heading\">Ern\u00e4hrung in der Blauen Zone von Okinawa<\/h4>\n\n\n\n<p>Verschiedene Autoren haben acht Elemente bez\u00fcglich der Ern\u00e4hrung dieser Bev\u00f6lkerung zusammengefasst:<\/p>\n\n\n\n<ol class=\"wp-block-list\">\n<li><strong>Wasser:<\/strong> sie trinken zwischen <strong>acht und zw\u00f6lf Gl\u00e4sern t\u00e4glich<\/strong>.<\/li>\n\n\n\n<li><strong>Kr\u00e4utertees:<\/strong> insbesondere gr\u00fcner und schwarzer Tee, die sie pur ohne Milch oder jegliche S\u00fc\u00dfstoffe trinken.<\/li>\n\n\n\n<li><strong>Calziumreiche Lebensmittel.<\/strong><\/li>\n\n\n\n<li><strong>Rotes Fleisch und Eier einmal pro Woche.<\/strong><\/li>\n\n\n\n<li>H\u00e4ufiger Konsum von <strong>Soya<\/strong>.<\/li>\n\n\n\n<li><strong>Fisch<\/strong>: <strong>ein bis drei Portionen t\u00e4glich<\/strong>, insbesondere fettreicher Fisch wie Lachs oder Thunfisch.<\/li>\n\n\n\n<li><strong>drei bis f\u00fcnf Portionen Reis<\/strong>, Mais oder Nudeln pro Tag.<\/li>\n\n\n\n<li><strong>Konsum von Obst und Gem\u00fcse,<\/strong> vorzugsweise roh, insbesondere Karotten, Kohlgem\u00fcse, Zwiebeln, Paprika und Algen.<\/li>\n<\/ol>\n\n\n\n<h4 class=\"wp-block-heading\">Ikigai<\/h4>\n\n\n\n<p>Zus\u00e4tzlich zu dieser kalorienarmen Ern\u00e4hrung praktizieren die \u00c4lteren in Okinawa Ikigai, was sich auf einen <strong>Lebenszweck<\/strong> bezieht; sie betreiben <strong>k\u00f6rperliche Aktivit\u00e4t<\/strong> und \u00fcbernehmen h\u00e4ufig <strong>famili\u00e4re Verantwortungen<\/strong>. Die Alten werden von der Familie aufgenommen, wobei zus\u00e4tzlich die japanische Spiritualit\u00e4t eine Rolle spielt.<\/p>\n\n\n\n<h4 class=\"wp-block-heading\">Moais<\/h4>\n\n\n\n<p>Ebenso werden die Freundschaftsgruppen, die sogenannten \u201eMoais\u201c, hervorgehoben, in denen <strong>f\u00fcnf engagierte Freunde<\/strong> ein soziales Umfeld f\u00f6rdern.<\/p>\n\n\n\n<h4 class=\"wp-block-heading\">Yuimaru<\/h4>\n\n\n\n<p>Okinawa ist eine sehr eng verbundene Gemeinschaft, in der das \u201eYuimaru\u201c \u2013 Kreis der Beziehungen \u2013 eine wichtige Rolle spielt; so gibt es zum Beispiel gemeinschaftliche und famili\u00e4re <strong>G\u00e4rten<\/strong>.<\/p>\n\n\n\n<p>All diese Aktivit\u00e4ten sowie zus\u00e4tzlich die <strong>Fischerei und andere T\u00e4tigkeiten<\/strong> halten die Menschen selbst im hohen Alter (90 Jahre und \u00e4lter) aktiv, zumal sie im Freien stattfinden, was ihnen Sonnenschein und die Synthese von Vitamin D erm\u00f6glicht, das die Knochen st\u00e4rkt.&nbsp;<\/p>\n\n\n\n<h4 class=\"wp-block-heading\">Lebensstil, der Okinawa zur Blauen Zone macht<\/h4>\n\n\n\n<p>Schlie\u00dflich wurden weitere Lebensstilfaktoren identifiziert, die zu ihrer gro\u00dfen Langlebigkeit beitragen:<\/p>\n\n\n\n<ul class=\"wp-block-list\">\n<li><strong>80 % der \u00c4lteren leben allein<\/strong> und sind nicht pflegebed\u00fcrftig, da ihre Gesundheit dies zul\u00e4sst.<\/li>\n\n\n\n<li>Sie legen Strecken meist <strong>mit dem Fahrrad oder zu Fu\u00df zur\u00fcck<\/strong>.<\/li>\n\n\n\n<li>Interessanterweise weisen sie niedrigere Werte des <strong>Hormons DHEA<\/strong>, Vorstufe von \u00d6strogen und Testosteron, auf.<\/li>\n\n\n\n<li><strong>Sie stehen sehr fr\u00fch auf und gehen sehr fr\u00fch zu Bett<\/strong>.<\/li>\n<\/ul>\n\n\n\n<h3 class=\"wp-block-heading\">3. Loma Linda (Kalifornien \u2013 USA)<\/h3>\n\n\n\n<p>W\u00e4hrenddessen zeichnet sich auf der anderen Seite der Welt in Loma Linda (Kalifornien \u2013 USA) eine Besonderheit ab: Mehr als die H\u00e4lfte der Einwohner geh\u00f6rt der <strong>Siebenten-Tags-Adventisten-Kirche<\/strong> an, und offenbar ist die Zugeh\u00f6rigkeit zu dieser Gemeinschaft der Hauptfaktor f\u00fcr ihre Langlebigkeit.<\/p>\n\n\n\n<p>So ist der Samstag (<strong>Sabbath<\/strong>) dem Ruhen gewidmet; es wird nichts getan, was als Arbeit gelten k\u00f6nnte. Au\u00dferdem pflegen sie <strong>soziale Gewohnheiten wie Nichtrauchen<\/strong>,<strong> keinen Alkoholkonsum<\/strong> und die meisten <strong>verzichten auf Fleisch<\/strong>: Ihre Ern\u00e4hrung besteht haupts\u00e4chlich aus Vollkorngetreide, frischem Obst und N\u00fcssen; sie konsumieren weder Koffein noch ges\u00e4ttigte Fette.<\/p>\n\n\n\n<p>Hervorzuheben ist auch die <strong>Religiosit\u00e4t<\/strong>, der ein Zuwachs von vier bis vierzehn Jahren an Lebenserwartung zugeschrieben wird. Man hat festgestellt, dass dieser Faktor hilft, Emotionen durch das Leben mit einem h\u00f6heren Sinn zu regulieren, weshalb dieses emotionale Gleichgewicht Stresssituationen reduziert.<\/p>\n\n\n\n<p>Es wurde festgestellt, dass die Einwohner von Loma Linda an denselben Krankheiten sterben, aber in deutlich h\u00f6herem Alter, da sie Sport treiben, fr\u00fch schlafen gehen, ohne Alkohol und Tabak leben und beten.<\/p>\n\n\n\n<h3 class=\"wp-block-heading\">4. Nicoya (Costa Rica)<\/h3>\n\n\n\n<p>Diese Halbinsel gilt als die <strong>gr\u00f6\u00dfte Blaue Zone der Welt<\/strong>, was im Kontrast dazu steht, dass sie eine <strong>extrem arme Region<\/strong> mit Problemen in Ern\u00e4hrung und Hygiene ist.<\/p>\n\n\n\n<p>In einer Studie zur Untersuchung eines m\u00f6glichen <strong>genetischen Faktors<\/strong> wurde festgestellt, dass die Nicoyaner zwar j\u00e4hrlich mehr Telomerpaare verlieren, ihre Telomerl\u00e4nge jedoch nahezu derjenigen Gleichgesinnter entspricht, die von gesundheitsf\u00f6rderlichen Gewohnheiten wie regelm\u00e4\u00dfiger Bewegung profitieren.<\/p>\n\n\n\n<p>Zus\u00e4tzlich wurden in Nicoya Gewohnheiten wie der Verzehr frischer und unverarbeiteter Lebensmittel, <strong>Priorisierung von Ruhe und Freundschaften<\/strong> sowie regelm\u00e4\u00dfige k\u00f6rperliche Aktivit\u00e4t erkannt.<\/p>\n\n\n\n<p>Ihre Ern\u00e4hrung ist vor allem reich an Vollkornprodukten wie K\u00fcrbis, Mais und Kochbananen bei relativ geringem Fleischkonsum; viele Lebensmittel stammen aus Eigenanbau.<\/p>\n\n\n\n<p>Ferner wurde als besonderes Merkmal dieser Region erkannt, dass das Wasser reich an Kalzium ist, was zu niedrigeren Herz-Kreislauf-Erkrankungsraten, st\u00e4rkeren Knochen und weniger H\u00fcftfrakturen f\u00fchrt.<\/p>\n\n\n\n<h3 class=\"wp-block-heading\">5. Sardinien (Italien)<\/h3>\n\n\n\n<p>Abschlie\u00dfend wird f\u00fcr diese letzte Blaue Zone die <strong>mediterrane Kost<\/strong> als Schl\u00fcssel ihrer Langlebigkeit betrachtet, bei der viel Oliven\u00f6l, N\u00fcsse, frisches Gem\u00fcse und Obst konsumiert werden.<\/p>\n\n\n\n<p>Zudem hat die Isolation dieser Bev\u00f6lkerungsgruppe zur Entstehung genetischer Marker beigetragen, die mit Langlebigkeit in Verbindung stehen.<\/p>\n\n\n\n<p>Auch sind in dieser Bev\u00f6lkerung noch zahlreiche <strong>manuelle T\u00e4tigkeiten<\/strong> erhalten, die allein k\u00f6rperlich anstrengender sind als ein Fitnessstudio-Training.&nbsp;<\/p>\n\n\n\n<p>Sie sind eine <strong>Gemeinschaft<\/strong>, die gesunde Beziehungen zu ihrem Umfeld pflegt; niemand lebt wirklich isoliert, selbst wenn er allein wohnt. Sie bleiben unabh\u00e4ngig, k\u00fcmmern sich um die Hausarbeit, spazieren zu den Nachbarn, wodurch ihr Stoffwechsel auf hohem Niveau arbeitet.<\/p>\n\n\n\n<h2 class=\"wp-block-heading\">Fazit<\/h2>\n\n\n\n<h3 class=\"wp-block-heading\">Gemeinsame Merkmale der Blauen Zonen<\/h3>\n\n\n\n<p>Diese f\u00fcnf Blauen Zonen teilen folgende <strong>Merkmale, die gesunde Lebensstile und Gewohnheiten st\u00e4rken<\/strong> (Cavallini Solano et al., 2022, S.99):<\/p>\n\n\n\n<ol class=\"wp-block-list\">\n<li>t\u00e4gliche k\u00f6rperliche Aktivit\u00e4t im Alltag,<\/li>\n\n\n\n<li>Lebenssinn,<\/li>\n\n\n\n<li>Rituale zur Stressbew\u00e4ltigung,<\/li>\n\n\n\n<li>reduzierte Nahrungsaufnahme, Verzehr von H\u00fclsenfr\u00fcchten,<\/li>\n\n\n\n<li>moderater Alkoholkonsum,<\/li>\n\n\n\n<li>Zugeh\u00f6rigkeit zu Glaubensgemeinschaften,<\/li>\n\n\n\n<li>Engagement f\u00fcr die Familie,<\/li>\n\n\n\n<li>Unterst\u00fctzende soziale Netzwerke von Familie und Gemeinschaft.<\/li>\n<\/ol>\n\n\n\n<p>Die Untersuchung dieser Bev\u00f6lkerungsgruppen ist wichtig, da sie unzweifelhaft die Meilensteine dessen bilden, was als <strong><a href=\"https:\/\/neuronup.com\/casos-de-uso-envejecimiento-normal\/\">gesundes Altern<\/a><\/strong> gilt, und die Lebensstile verdeutlichen, die ein langes Leben erm\u00f6glichen, ohne dass dies Krankheit, Behinderung oder Einsamkeit bedeuten muss.<\/p>\n\n\n\n<p>Diese Blauen Zonen sind in einer immer \u00e4lter werdenden Bev\u00f6lkerung von Bedeutung, in der neurologische und demenzielle Erkrankungen zunehmen, und durch Anpassung des Lebensstils wirksam zur Pr\u00e4vention dieser Erkrankungen beitragen k\u00f6nnen.&nbsp;<\/p>\n\n\n\n<h2 class=\"wp-block-heading\">Literaturverzeichnis<\/h2>\n\n\n\n<ul class=\"wp-block-list\">\n<li class=\"has-sm-font-size\">Figueroa Suarez, J. A., Bravo Cevallos, D. M., &amp; Guillen Mendoza, R. V. (2019). Salud, la esperanza y el coste de vida Health, hope and cost of living. <em>Revista Arbitrada Interdisciplinaria de Ciencias de la Salud. SALUD Y VIDA<\/em>, <em>3<\/em>(6), 278-299. http:\/\/dx.doi.org\/10.35381\/s.v.v3i6.322<\/li>\n\n\n\n<li class=\"has-sm-font-size\">Navarro-Pardo, E. (2015). \u00bfPor qu\u00e9 nos interesan las Zonas Azules? <em>Conversas de Psicologia e do Envelhecimento Ativo<\/em>, 77-91. ResearchGate. https:\/\/www.researchgate.net\/publication\/283625085_Por_que_nos_interesan_las_Zonas_Azules<\/li>\n\n\n\n<li class=\"has-sm-font-size\">Rodriguez &#8211; Pardo del Castillo, J. M., &amp; Lop\u00e9z Farr\u00e9, A. (2017). <em>Longevidad y envejecimiento en el tercer milenio: Nuevas perspectivas<\/em> (1st ed.). Fundaci\u00f3n Mapfre. https:\/\/www.escueladepensamiento.org\/wp-content\/uploads\/2021\/03\/00000001_compressed.pdf<\/li>\n\n\n\n<li class=\"has-sm-font-size\">Y\u00e1\u00f1ez-Y\u00e1\u00f1ez, R., &amp; Mc Ardle Draguicevic, N. (2021). Zonas azules: longevidad poblacional, un anhelo de la sociedad. <em>Rev Med Chile<\/em>, (149), 147-158. https:\/\/www.scielo.cl\/pdf\/rmc\/v149n1\/0717-6163-rmc-149-01-0154.pdf<\/li>\n<\/ul>\n\n\n\n<h3 class=\"wp-block-heading\">Wenn Ihnen dieser Artikel \u00fcber d<strong>ie Blauen Zonen<\/strong> gefallen hat, k\u00f6nnte Sie auch interessieren:<\/h3>\n\n<div class=\"mai-grid entries entries-grid has-boxed has-image-full\" style=\"--entry-title-font-size:var(--font-size-lg);--align-text:start;--entry-meta-text-align:start;\"><div class=\"entries-wrap has-columns\" style=\"--columns-xs:1\/1;--columns-sm:1\/1;--columns-md:1\/3;--columns-lg:1\/3;--flex-xs:0 0 var(--flex-basis);--flex-sm:0 0 var(--flex-basis);--flex-md:0 0 var(--flex-basis);--flex-lg:0 0 var(--flex-basis);--column-gap:var(--spacing-lg);--row-gap:var(--spacing-lg);--align-columns:start;\"><article class=\"entry entry-grid is-column has-entry-link has-image has-image-first type-post category-aktivitaten-fur-aufmerksamkeit tag-aktivitaten-zur-kognitiven-stimulation tag-aktivitaten-zur-kognitiven-stimulation-fur-erwachsene tag-aufmerksamkeit tag-erwachsene tag-neuronup-nachrichten\" style=\"--entry-index:1;\" aria-label=\"Arbeitsblatt zur F\u00f6rderung der Verarbeitungsgeschwindigkeit bei Erwachsenen: Au\u00dfen oder Innen\" itemscope itemtype=\"https:\/\/schema.org\/CreativeWork\"><a class=\"entry-image-link\" href=\"https:\/\/neuronup.com\/de\/aktivitaten-fur-neurorehabilitation\/aktivitaten-fur-kognitive-funktionen\/aktivitaten-fur-aufmerksamkeit\/arbeitsblatt-zur-forderung-der-verarbeitungsgeschwindigkeit-bei-erwachsenen-drauen-oder-drinnen\/\" tabindex=\"-1\" aria-hidden=\"true\"><img decoding=\"async\" width=\"400\" height=\"271\" src=\"https:\/\/neuronup.com\/de\/wp-content\/uploads\/2023\/07\/Captura-de-pantalla-2023-07-05-a-las-12.12.47.webp\" class=\"entry-image size-landscape-sm\" alt=\"Blatt zur Arbeit an der Verarbeitungsgeschwindigkeit bei Erwachsenen: Drau\u00dfen oder drinnen\" srcset=\"https:\/\/neuronup.com\/de\/wp-content\/uploads\/2023\/07\/Captura-de-pantalla-2023-07-05-a-las-12.12.47-300x203.webp 300w, https:\/\/neuronup.com\/de\/wp-content\/uploads\/2023\/07\/Captura-de-pantalla-2023-07-05-a-las-12.12.47-768x520.webp 768w, https:\/\/neuronup.com\/de\/wp-content\/uploads\/2023\/07\/Captura-de-pantalla-2023-07-05-a-las-12.12.47-1024x693.webp 1024w, https:\/\/neuronup.com\/de\/wp-content\/uploads\/2023\/07\/Captura-de-pantalla-2023-07-05-a-las-12.12.47.webp 1256w\" sizes=\"(max-width:599px) 599px, (min-width:600px) and (max-width: 799px) 799px, (min-width:800px) and (max-width: 999px) 333px, (min-width:1000px) 400px\" \/><\/a><div class=\"entry-wrap entry-wrap-grid\"><h3 class=\"entry-title\" itemprop=\"headline\"><a class=\"entry-title-link\" href=\"https:\/\/neuronup.com\/de\/aktivitaten-fur-neurorehabilitation\/aktivitaten-fur-kognitive-funktionen\/aktivitaten-fur-aufmerksamkeit\/arbeitsblatt-zur-forderung-der-verarbeitungsgeschwindigkeit-bei-erwachsenen-drauen-oder-drinnen\/\" rel=\"bookmark\">Arbeitsblatt zur F\u00f6rderung der Verarbeitungsgeschwindigkeit bei Erwachsenen: Au\u00dfen oder Innen<\/a><\/h3>\n<\/div><\/article><article class=\"entry entry-grid is-column has-entry-link has-image has-image-first type-post category-neurodegenerative-erkrankungen tag-neurodegenerative-erkrankungen\" style=\"--entry-index:2;\" aria-label=\"Aktuelle Trends in der Behandlung von neurodegenerativen Erkrankungen\" itemscope itemtype=\"https:\/\/schema.org\/CreativeWork\"><a class=\"entry-image-link\" href=\"https:\/\/neuronup.com\/de\/kognitive-stimulation-und-rehabilitation\/neurodegenerative-erkrankungen\/aktuelle-trends-in-der-behandlung-von-neurodegenerativen-erkrankungen\/\" tabindex=\"-1\" aria-hidden=\"true\"><img decoding=\"async\" width=\"400\" height=\"300\" src=\"https:\/\/neuronup.com\/de\/wp-content\/uploads\/2024\/12\/Aktuelle-Trends-in-der-Behandlung-von-neurodegenerativen-Erkrankungen-400x300.webp\" class=\"entry-image size-landscape-sm\" alt=\"Aktuelle Trends in der Behandlung von neurodegenerativen Erkrankungen\" srcset=\"https:\/\/neuronup.com\/de\/wp-content\/uploads\/2024\/12\/Aktuelle-Trends-in-der-Behandlung-von-neurodegenerativen-Erkrankungen-400x300.webp 400w, https:\/\/neuronup.com\/de\/wp-content\/uploads\/2024\/12\/Aktuelle-Trends-in-der-Behandlung-von-neurodegenerativen-Erkrankungen-800x600.webp 800w\" sizes=\"(max-width:599px) 599px, (min-width:600px) and (max-width: 799px) 799px, (min-width:800px) and (max-width: 999px) 333px, (min-width:1000px) 400px\" \/><\/a><div class=\"entry-wrap entry-wrap-grid\"><h3 class=\"entry-title\" itemprop=\"headline\"><a class=\"entry-title-link\" href=\"https:\/\/neuronup.com\/de\/kognitive-stimulation-und-rehabilitation\/neurodegenerative-erkrankungen\/aktuelle-trends-in-der-behandlung-von-neurodegenerativen-erkrankungen\/\" rel=\"bookmark\">Aktuelle Trends in der Behandlung von neurodegenerativen Erkrankungen<\/a><\/h3>\n<\/div><\/article><article class=\"entry entry-grid is-column has-entry-link has-image has-image-first type-post category-gedaechtnis tag-gedachtnis\" style=\"--entry-index:3;\" aria-label=\"Alles \u00fcber das Ged\u00e4chtnis\" itemscope itemtype=\"https:\/\/schema.org\/CreativeWork\"><a class=\"entry-image-link\" href=\"https:\/\/neuronup.com\/de\/neurowissenschaften\/neuropsychologie\/gedaechtnis\/alles-uber-das-gedachtnis\/\" tabindex=\"-1\" aria-hidden=\"true\"><img decoding=\"async\" width=\"400\" height=\"265\" src=\"https:\/\/neuronup.com\/de\/wp-content\/uploads\/2023\/05\/todo-sobre-la-memoria.webp\" class=\"entry-image size-landscape-sm\" alt=\"{}\" srcset=\"https:\/\/neuronup.com\/de\/wp-content\/uploads\/2023\/05\/todo-sobre-la-memoria-300x199.webp 300w, https:\/\/neuronup.com\/de\/wp-content\/uploads\/2023\/05\/todo-sobre-la-memoria-768x509.webp 768w, https:\/\/neuronup.com\/de\/wp-content\/uploads\/2023\/05\/todo-sobre-la-memoria-1024x679.webp 1024w, https:\/\/neuronup.com\/de\/wp-content\/uploads\/2023\/05\/todo-sobre-la-memoria.webp 1206w\" sizes=\"(max-width:599px) 599px, (min-width:600px) and (max-width: 799px) 799px, (min-width:800px) and (max-width: 999px) 333px, (min-width:1000px) 400px\" \/><\/a><div class=\"entry-wrap entry-wrap-grid\"><h3 class=\"entry-title\" itemprop=\"headline\"><a class=\"entry-title-link\" href=\"https:\/\/neuronup.com\/de\/neurowissenschaften\/neuropsychologie\/gedaechtnis\/alles-uber-das-gedachtnis\/\" rel=\"bookmark\">Alles \u00fcber das Ged\u00e4chtnis<\/a><\/h3>\n<\/div><\/article><article class=\"entry entry-grid is-column has-entry-link has-image has-image-first type-post category-neuropsychologie tag-exekutive-funktionen tag-psychische-gesundheit\" style=\"--entry-index:4;\" aria-label=\"Der anteriore cingul\u00e4re Cortex: Exekutive Kontrolle und emotionale Kontrolle\" itemscope itemtype=\"https:\/\/schema.org\/CreativeWork\"><a class=\"entry-image-link\" href=\"https:\/\/neuronup.com\/de\/neurowissenschaften\/neuropsychologie\/vorderer-cingularer-kortex-exekutive-kontrolle-und-emotionale-kontrolle\/\" tabindex=\"-1\" aria-hidden=\"true\"><img decoding=\"async\" width=\"400\" height=\"290\" src=\"https:\/\/neuronup.com\/de\/wp-content\/uploads\/2022\/04\/medical-background-crumpled-paper-brain-shape-with-light-bulb.webp\" class=\"entry-image size-landscape-sm\" alt=\"Papiergehirn\" srcset=\"https:\/\/neuronup.com\/de\/wp-content\/uploads\/2022\/04\/medical-background-crumpled-paper-brain-shape-with-light-bulb-300x217.webp 300w, https:\/\/neuronup.com\/de\/wp-content\/uploads\/2022\/04\/medical-background-crumpled-paper-brain-shape-with-light-bulb-768x556.webp 768w, https:\/\/neuronup.com\/de\/wp-content\/uploads\/2022\/04\/medical-background-crumpled-paper-brain-shape-with-light-bulb.webp 1000w\" sizes=\"(max-width:599px) 599px, (min-width:600px) and (max-width: 799px) 799px, (min-width:800px) and (max-width: 999px) 333px, (min-width:1000px) 400px\" \/><\/a><div class=\"entry-wrap entry-wrap-grid\"><h3 class=\"entry-title\" itemprop=\"headline\"><a class=\"entry-title-link\" href=\"https:\/\/neuronup.com\/de\/neurowissenschaften\/neuropsychologie\/vorderer-cingularer-kortex-exekutive-kontrolle-und-emotionale-kontrolle\/\" rel=\"bookmark\">Der anteriore cingul\u00e4re Cortex: Exekutive Kontrolle und emotionale Kontrolle<\/a><\/h3>\n<\/div><\/article><article class=\"entry entry-grid is-column has-entry-link has-image has-image-first type-post category-aktivitaten-fur-aufmerksamkeit tag-aktivitaten-zur-kognitiven-stimulation-fur-kinder tag-aufmerksamkeit tag-kinder tag-neuronup-nachrichten\" style=\"--entry-index:5;\" aria-label=\"Arbeitsblatt zur F\u00f6rderung der selektiven Aufmerksamkeit bei Kindern: Exakte Objekte\" itemscope itemtype=\"https:\/\/schema.org\/CreativeWork\"><a class=\"entry-image-link\" href=\"https:\/\/neuronup.com\/de\/aktivitaten-fur-neurorehabilitation\/aktivitaten-fur-kognitive-funktionen\/aktivitaten-fur-aufmerksamkeit\/arbeitsblatt-zur-forderung-der-selektiven-aufmerksamkeit-bei-kindern-genaue-gegenstande\/\" tabindex=\"-1\" aria-hidden=\"true\"><img decoding=\"async\" width=\"400\" height=\"225\" src=\"https:\/\/neuronup.com\/de\/wp-content\/uploads\/2023\/10\/Ficha-para-trabajar-la-atencion-selectiva-con-ninos-Objetos-exactos.webp\" class=\"entry-image size-landscape-sm\" alt=\"Arbeitsblatt zur Arbeit mit selektiver Aufmerksamkeit bei Kindern genaue Objekte\" srcset=\"https:\/\/neuronup.com\/de\/wp-content\/uploads\/2023\/10\/Ficha-para-trabajar-la-atencion-selectiva-con-ninos-Objetos-exactos-300x169.webp 300w, https:\/\/neuronup.com\/de\/wp-content\/uploads\/2023\/10\/Ficha-para-trabajar-la-atencion-selectiva-con-ninos-Objetos-exactos-768x432.webp 768w, https:\/\/neuronup.com\/de\/wp-content\/uploads\/2023\/10\/Ficha-para-trabajar-la-atencion-selectiva-con-ninos-Objetos-exactos-1024x576.webp 1024w, https:\/\/neuronup.com\/de\/wp-content\/uploads\/2023\/10\/Ficha-para-trabajar-la-atencion-selectiva-con-ninos-Objetos-exactos.webp 1366w\" sizes=\"(max-width:599px) 599px, (min-width:600px) and (max-width: 799px) 799px, (min-width:800px) and (max-width: 999px) 333px, (min-width:1000px) 400px\" \/><\/a><div class=\"entry-wrap entry-wrap-grid\"><h3 class=\"entry-title\" itemprop=\"headline\"><a class=\"entry-title-link\" href=\"https:\/\/neuronup.com\/de\/aktivitaten-fur-neurorehabilitation\/aktivitaten-fur-kognitive-funktionen\/aktivitaten-fur-aufmerksamkeit\/arbeitsblatt-zur-forderung-der-selektiven-aufmerksamkeit-bei-kindern-genaue-gegenstande\/\" rel=\"bookmark\">Arbeitsblatt zur F\u00f6rderung der selektiven Aufmerksamkeit bei Kindern: Exakte Objekte<\/a><\/h3>\n<\/div><\/article><article class=\"entry entry-grid is-column has-entry-link has-image has-image-first type-post category-forschungslinien tag-kognitive-stimulation tag-neuronup-nachrichten\" style=\"--entry-index:6;\" aria-label=\"Q-Learning: Von Pawlows Experimenten bis zur modernen Neurorehabilitation\" itemscope itemtype=\"https:\/\/schema.org\/CreativeWork\"><a class=\"entry-image-link\" href=\"https:\/\/neuronup.com\/de\/forschung\/forschungslinien\/q-learning-von-den-pavlov-experimenten-zur-modernen-neurorehabilitation\/\" tabindex=\"-1\" aria-hidden=\"true\"><img decoding=\"async\" width=\"400\" height=\"250\" src=\"https:\/\/neuronup.com\/de\/wp-content\/uploads\/2024\/08\/neuronup-labs-experimento-pavlov.webp\" class=\"entry-image size-landscape-sm\" alt=\"NeuronUP Labs Pavlov-Experimente\" srcset=\"https:\/\/neuronup.com\/de\/wp-content\/uploads\/2024\/08\/neuronup-labs-experimento-pavlov-300x188.webp 300w, https:\/\/neuronup.com\/de\/wp-content\/uploads\/2024\/08\/neuronup-labs-experimento-pavlov-768x480.webp 768w, https:\/\/neuronup.com\/de\/wp-content\/uploads\/2024\/08\/neuronup-labs-experimento-pavlov-1024x640.webp 1024w, https:\/\/neuronup.com\/de\/wp-content\/uploads\/2024\/08\/neuronup-labs-experimento-pavlov.webp 1200w\" sizes=\"(max-width:599px) 599px, (min-width:600px) and (max-width: 799px) 799px, (min-width:800px) and (max-width: 999px) 333px, (min-width:1000px) 400px\" \/><\/a><div class=\"entry-wrap entry-wrap-grid\"><h3 class=\"entry-title\" itemprop=\"headline\"><a class=\"entry-title-link\" href=\"https:\/\/neuronup.com\/de\/forschung\/forschungslinien\/q-learning-von-den-pavlov-experimenten-zur-modernen-neurorehabilitation\/\" rel=\"bookmark\">Q-Learning: Von Pawlows Experimenten bis zur modernen Neurorehabilitation<\/a><\/h3>\n<\/div><\/article><\/div><\/div>\n\n\n<div style=\"height:50px\" aria-hidden=\"true\" class=\"wp-block-spacer\"><\/div>\n\n\n\n<p class=\"has-sm-font-size\">Dieser Artikel wurde \u00fcbersetzt; Link zum Originalartikel auf Spanisch:<br \/><a href=\"https:\/\/neuronup.com\/estimulacion-y-rehabilitacion-cognitiva\/envejecimiento-normal\/las-zonas-azules-longevidad\/\" data-type=\"link\" data-id=\"https:\/\/neuronup.com\/estimulacion-y-rehabilitacion-cognitiva\/envejecimiento-normal\/las-zonas-azules-longevidad\/\"><em>Las zonas azules y el secreto de la longevidad<\/em><\/a><\/p>\n\n","protected":false},"excerpt":{"rendered":"<p>Die Neuropsychologin Diana Carolina G\u00f3mez Blanco erkl\u00e4rt uns in diesem Artikel, was die Blauen Zonen (ZA) sind und das Geheimnis der Langlebigkeit ihrer Bewohner, wobei sie besonderen Wert auf die Merkmale, Schl\u00fcssel und Lebensstile der ZA-Bev\u00f6lkerungen legt. Die Blauen Zonen und das Geheimnis der Langlebigkeit Seit der Antike hat die Suche nach ewiger Jugend die &hellip;<\/p>\n","protected":false},"author":162,"featured_media":28800,"comment_status":"open","ping_status":"open","sticky":false,"template":"","format":"standard","meta":{"_acf_changed":false,"_genesis_hide_title":false,"_genesis_hide_breadcrumbs":false,"_genesis_hide_singular_image":false,"_genesis_hide_footer_widgets":false,"_genesis_custom_body_class":"","_genesis_custom_post_class":"","_genesis_layout":"","footnotes":""},"categories":[25],"tags":[446,339,458],"class_list":{"2":"type-post","7":"category-normale-alterserscheinungen","8":"tag-altere-erwachsene","9":"tag-neurodegenerative-erkrankungen","10":"tag-normales-altern","11":"entry"},"acf":[],"_links":{"self":[{"href":"https:\/\/neuronup.com\/de\/wp-json\/wp\/v2\/posts\/28792","targetHints":{"allow":["GET"]}}],"collection":[{"href":"https:\/\/neuronup.com\/de\/wp-json\/wp\/v2\/posts"}],"about":[{"href":"https:\/\/neuronup.com\/de\/wp-json\/wp\/v2\/types\/post"}],"author":[{"embeddable":true,"href":"https:\/\/neuronup.com\/de\/wp-json\/wp\/v2\/users\/162"}],"replies":[{"embeddable":true,"href":"https:\/\/neuronup.com\/de\/wp-json\/wp\/v2\/comments?post=28792"}],"version-history":[{"count":0,"href":"https:\/\/neuronup.com\/de\/wp-json\/wp\/v2\/posts\/28792\/revisions"}],"wp:featuredmedia":[{"embeddable":true,"href":"https:\/\/neuronup.com\/de\/wp-json\/wp\/v2\/media\/28800"}],"wp:attachment":[{"href":"https:\/\/neuronup.com\/de\/wp-json\/wp\/v2\/media?parent=28792"}],"wp:term":[{"taxonomy":"category","embeddable":true,"href":"https:\/\/neuronup.com\/de\/wp-json\/wp\/v2\/categories?post=28792"},{"taxonomy":"post_tag","embeddable":true,"href":"https:\/\/neuronup.com\/de\/wp-json\/wp\/v2\/tags?post=28792"}],"curies":[{"name":"wp","href":"https:\/\/api.w.org\/{rel}","templated":true}]}}