{"id":27104,"date":"2026-03-08T12:24:53","date_gmt":"2026-03-08T12:24:53","guid":{"rendered":"https:\/\/neuronup.com\/?p=27104"},"modified":"2026-03-08T12:24:53","modified_gmt":"2026-03-08T12:24:53","slug":"prominente-mit-neurologischen-und-psychischen-erkrankungen","status":"publish","type":"post","link":"https:\/\/neuronup.com\/de\/kognitive-stimulation-und-rehabilitation\/psychische-erkrankung\/prominente-mit-neurologischen-und-psychischen-erkrankungen\/","title":{"rendered":"12 Prominente mit neurologischen und psychischen Erkrankungen"},"content":{"rendered":"\n<p class=\"has-xl-font-size\">Es spielt keine Rolle, ob man reich oder arm ist. Ob man ber\u00fchmt ist oder nicht. Krankheiten betreffen uns alle gleicherma\u00dfen. Sportler, Politiker, Schauspieler, S\u00e4nger\u2026 niemand entkommt dieser Lotterie, an einer Krankheit zu leiden. Heute sprechen wir \u00fcber die <strong>neurologischen und psychischen Erkrankungen, unter denen einige Prominente leiden<\/strong>.<\/p>\n\n\n\n<h2 class=\"wp-block-heading\">1. Brad Pitt: Er leidet an Prosopagnosie<\/h2>\n\n\n\n<div class=\"wp-block-columns is-layout-flex wp-container-core-columns-is-layout-9d6595d7 wp-block-columns-is-layout-flex\">\n<div class=\"wp-block-column is-layout-flow wp-block-column-is-layout-flow\">\n<p>Der Schauspieler leidet an einer neurologischen St\u00f6rung namens <strong>Prosopagnosie<\/strong>, wie er 2013 in einem Interview mit \u201eEsquire\u201c zugab. Diese Erkrankung, auch Gesichtblindheit oder Gesichtsagnosie genannt, ist eine neurologische St\u00f6rung, die sich in der Unf\u00e4higkeit zeigt, Gesichter zu erkennen \u2013 in manchen F\u00e4llen sogar das eigene.<\/p>\n<\/div>\n<\/div>\n\n\n\n<p>Brad Pitt gab zu, dass ihn diese St\u00f6rung in <strong>soziale Schwierigkeiten<\/strong> gebracht hatte. \u201eViele Menschen hassen mich, weil sie glauben, ich w\u00fcrde sie beleidigen.<\/p>\n\n\n\n<p>Ein Jahr lang sagte ich einfach: Diesmal werde ich mich dem stellen und die Leute fragen: \u201aWo haben wir uns kennengelernt?\u2018 Aber alles wurde schlimmer. Die Menschen waren noch emp\u00f6rter und deuteten mein Problem als Eitelkeit oder Egozentrik. Aber f\u00fcr mich ist es ein R\u00e4tsel; ich kann mir einfach kein Gesicht merken\u201c, versicherte der Schauspieler.<\/p>\n\n\n\n<div style=\"height:50px\" aria-hidden=\"true\" class=\"wp-block-spacer\"><\/div>\n\n\n\n<h2 class=\"wp-block-heading\">2. \u00c1ngel Mart\u00edn: Er erlitt einen psychotischen Schub<\/h2>\n\n\n\n<div class=\"wp-block-columns is-layout-flex wp-container-core-columns-is-layout-9d6595d7 wp-block-columns-is-layout-flex\">\n<div class=\"wp-block-column is-layout-flow wp-block-column-is-layout-flow\">\n<p>\u00c1ngel Mart\u00edn wurde im Juni 2017 wegen eines <strong>psychotischen Schubs<\/strong> station\u00e4r behandelt.<\/p>\n\n\n\n<p>Ein psychotischer Schub ist, wie der Name schon sagt, eine &#8222;vor\u00fcbergehende Abspaltung von der Realit\u00e4t&#8220;. Diese Episode tritt abrupt auf und beeintr\u00e4chtigt den Alltag der betroffenen Person. Der Moderator m\u00f6chte psychische Erkrankungen normalisieren und schrieb dazu sein Buch &#8218;F\u00fcr den Fall, dass die Stimmen zur\u00fcckkehren&#8216;, in dem er \u00fcber seinen psychotischen Schub berichtet, der ihn f\u00fcr 14 Tage ins Krankenhaus brachte.<\/p>\n<\/div>\n<\/div>\n\n\n\n<div style=\"height:50px\" aria-hidden=\"true\" class=\"wp-block-spacer\"><\/div>\n\n\n\n<h2 class=\"wp-block-heading\">3. Bruce Willis: Stottern<\/h2>\n\n\n\n<div class=\"wp-block-columns is-layout-flex wp-container-core-columns-is-layout-9d6595d7 wp-block-columns-is-layout-flex\">\n<div class=\"wp-block-column is-layout-flow wp-block-column-is-layout-flow\">\n<p>Als er Kind war, haben ihn besonders in der Schule seine Mitsch\u00fcler wegen dieses Problems geh\u00e4nselt. Dennoch verwandelte sich Bruce auf der B\u00fchne, und sein Stottern verschwand.<\/p>\n\n\n\n<p><strong>Stottern ist eine Sprachst\u00f6rung<\/strong>, die dauerhaft bestehen oder nur unter bestimmten Umst\u00e4nden auftreten kann. Wortwiederholungen, Unterbrechungen beim Sprechen sowie das Verl\u00e4ngern einzelner Laute sind nur einige Merkmale dieser St\u00f6rung.<\/p>\n<\/div>\n<\/div>\n\n\n\n<div style=\"height:50px\" aria-hidden=\"true\" class=\"wp-block-spacer\"><\/div>\n\n\n\n<h2 class=\"wp-block-heading\">4. Mercedes Mil\u00e1: Sie litt an Depressionen<\/h2>\n\n\n\n<div class=\"wp-block-columns is-layout-flex wp-container-core-columns-is-layout-9d6595d7 wp-block-columns-is-layout-flex\">\n<div class=\"wp-block-column is-layout-flow wp-block-column-is-layout-flow\">\n<p>Sie war die letzte bekannte spanische Pers\u00f6nlichkeit, die \u00fcber ihre psychischen Probleme sprach.<\/p>\n\n\n\n<p>Am 23. M\u00e4rz 2022 tat sie dies in der Sendung &#8218;Las Tres Puertas&#8216;, moderiert von Mar\u00eda Casado. Mil\u00e1 gestand, dass sie <strong>seit Jahren an Depressionen leidet<\/strong>, mit drei intensiven Phasen: \u201eDie erste Depression entstand durch Liebeskummer, die zweite, dritte und die weiteren Phasen durch \u00fcberm\u00e4\u00dfigen Stress\u201c, teilte die Katalonin mit, die trotz allem die Leute ermutigen wollte, \u201enicht die Flinte ins Korn zu werfen\u201c.<\/p>\n\n\n<\/div>\n<\/div>\n\n\n\n<p>Sie erinnerte sich an ihre Jahre bei &#8218;Gran Hermano&#8216; und erz\u00e4hlte, dass sie mit ihrer Arbeit sehr zufrieden war und ihr die Kritik egal gewesen sei, denn das Problem lag in ihr selbst: <strong>\u201eIch konnte die ganze Woche bis Donnerstag weinen<\/strong>, stand an diesem Tag auf, moderierte die Sendung und niemand merkte etwas daran\u201c, offenbarte Mil\u00e1, bewusst, dass \u201euns psychische Erkrankungen immer mehr umgeben. Wir m\u00fcssen sie sehr ernst nehmen\u201c, versicherte sie.<\/p>\n\n\n\n<div style=\"height:50px\" aria-hidden=\"true\" class=\"wp-block-spacer\"><\/div>\n\n\n\n<h2 class=\"wp-block-heading\">5. Jennifer Lawrence: ADHS<\/h2>\n\n\n\n<div class=\"wp-block-columns is-layout-flex wp-container-core-columns-is-layout-9d6595d7 wp-block-columns-is-layout-flex\">\n<div class=\"wp-block-column is-layout-flow wp-block-column-is-layout-flow\">\n<p>Eine weitere prominente Pers\u00f6nlichkeit mit psychischen St\u00f6rungen ist Jennifer Lawrence; die Schauspielerin wurde bereits in ihrer Kindheit mit ADHS diagnostiziert und erz\u00e4hlt, dass ihre Familie sie wegen ihrer explosiven Art wie Nitroglycerin \u201eNitro\u201c nannte.<\/p>\n\n\n\n<p>Der <a href=\"https:\/\/neuronup.com\/neurorrehabilitacion\/trastornos-del-neurodesarrollo\/trastorno-de-atencion-con-hiperactividad-tdah\/\">ADHS<\/a> ist eine chronische St\u00f6rung, die ein Leben lang andauert, aber behandelbar ist; im Erwachsenenalter klingen die hyperaktiven Symptome meist ab (was beim Aufmerksamkeitsdefizit nicht so leicht der Fall ist).<\/p>\n<\/div>\n<\/div>\n\n\n\n<div style=\"height:50px\" aria-hidden=\"true\" class=\"wp-block-spacer\"><\/div>\n\n\n\n<h2 class=\"wp-block-heading\">6. Pr\u00e4sidenten mit Alzheimer: Reagan, Su\u00e1rez und Maragall<\/h2>\n\n\n\n<div class=\"wp-block-columns is-layout-flex wp-container-core-columns-is-layout-9d6595d7 wp-block-columns-is-layout-flex\">\n<div class=\"wp-block-column is-layout-flow wp-block-column-is-layout-flow\">\n<p><strong><a href=\"https:\/\/neuronup.com\/neurorrehabilitacion\/enfermedades-neurodegenerativas\/enfermedad-de-alzheimer\/\">Alzheimer-Krankheit<\/a> ist die h\u00e4ufigste Form der Demenz<\/strong>. Der Beginn dieser Demenz ist langsam und betrifft zun\u00e4chst jene Bereiche des Gehirns, die f\u00fcr Ged\u00e4chtnis, Denken und Sprache verantwortlich sind.<\/p>\n\n\n\n<p>Im Laufe der Zeit verschlimmern sich diese Symptome, bis die Betroffenen ihre n\u00e4chsten Angeh\u00f6rigen nicht mehr erkennen und Schwierigkeiten bei Alltagsaktivit\u00e4ten wie Ankleiden oder K\u00f6rperpflege zeigen.<\/p>\n<\/div>\n<\/div>\n\n\n\n<p>Beim fr\u00fcheren US-Pr\u00e4sidenten <strong>Ronald Reagan<\/strong> wurde 1994 Alzheimer diagnostiziert, nur f\u00fcnf Jahre nachdem er das Amt verlassen hatte. Laut Aussage seines Sohnes Ron im Buch \u201eMy Father at 100: A Memoir\u201c zeigten sich die Symptome bereits w\u00e4hrend seiner Zeit im Wei\u00dfen Haus. Er verstarb 2004.<\/p>\n\n\n\n<div class=\"wp-block-columns is-layout-flex wp-container-core-columns-is-layout-9d6595d7 wp-block-columns-is-layout-flex\">\n<div class=\"wp-block-column is-layout-flow wp-block-column-is-layout-flow\">\n<p>Reagan ist nicht der einzige Pr\u00e4sident, der sein Amt verga\u00df. In Spanien litt der Ministerpr\u00e4sident w\u00e4hrend der Transition, <strong>Adolfo Su\u00e1rez<\/strong>, ebenfalls an dieser neurodegenerativen Erkrankung. Ebenso der ehemalige Pr\u00e4sident der Generalitat und B\u00fcrgermeister von Barcelona, <strong>Pasqual Maragall<\/strong>, der 2007 bekanntgab, an dieser Krankheit zu leiden. Ein Jahr sp\u00e4ter wurde die <strong>Pasqual-Maragall-Stiftung<\/strong> zur Alzheimer-Forschung gegr\u00fcndet.<\/p>\n<\/div>\n<\/div>\n\n\n\n<div style=\"height:50px\" aria-hidden=\"true\" class=\"wp-block-spacer\"><\/div>\n\n\n\n<h2 class=\"wp-block-heading\">7. Andr\u00e9s Iniesta erlitt eine Depression<\/h2>\n\n\n\n<div class=\"wp-block-columns is-layout-flex wp-container-core-columns-is-layout-9d6595d7 wp-block-columns-is-layout-flex\">\n<div class=\"wp-block-column is-layout-flow wp-block-column-is-layout-flow\">\n<p>Der spanische Fu\u00dfballer und Weltmeister Andr\u00e9s Iniesta erlitt eine Depression. Er selbst best\u00e4tigte dies im vergangenen November in der Sendung \u201aSalvados\u2018. Laut der Weltgesundheitsorganisation ist Depression eine h\u00e4ufige psychische St\u00f6rung, die durch anhaltende Traurigkeit, Interessen- oder Freudverlust, Schuldgef\u00fchle oder mangelndes Selbstwertgef\u00fchl, Schlaf- oder Appetitst\u00f6rungen, Ersch\u00f6pfung und Konzentrationsprobleme gekennzeichnet ist. <strong>\u201eWenn du eine Depression hast, bist du nicht mehr du selbst\u201c<\/strong>. Wenn du so verletzlich bist, ist es schwer, die Lebensmomente zu kontrollieren\u201c, erkl\u00e4rte der Mittelfeldspieler.<\/p>\n<\/div>\n<\/div>\n\n\n\n<div style=\"height:50px\" aria-hidden=\"true\" class=\"wp-block-spacer\"><\/div>\n\n\n\n<div class=\"wp-block-group br-0111 has-primary-background-color has-background has-dark-background has-sm-padding-top has-sm-padding-left has-sm-padding-right has-xxl-margin-top\"><div class=\"wp-block-group__inner-container is-layout-constrained wp-block-group-is-layout-constrained\">\n<div class=\"wp-block-columns is-layout-flex wp-container-core-columns-is-layout-9d6595d7 wp-block-columns-is-layout-flex\">\n<div class=\"wp-block-column is-layout-flow wp-block-column-is-layout-flow\">\n<figure class=\"wp-block-image size-full desktop-position-absolute desktop-bottom-0 mobile-width-50 mobile-m-inline-auto has-xl-margin-top\"><img decoding=\"async\" width=\"292\" height=\"338\" src=\"https:\/\/neuronup.com\/de\/wp-content\/uploads\/2023\/12\/Produkt-Zertifikat.webp\" alt=\"\" class=\"wp-image-27552\" srcset=\"https:\/\/neuronup.com\/de\/wp-content\/uploads\/2023\/12\/Produkt-Zertifikat-259x300.webp 259w, https:\/\/neuronup.com\/de\/wp-content\/uploads\/2023\/12\/Produkt-Zertifikat.webp 292w\" sizes=\"(max-width: 292px) 100vw, 292px\" \/><\/figure>\n<\/div>\n\n\n\n<div class=\"wp-block-column is-layout-flow wp-block-column-is-layout-flow\">\n<h2 class=\"wp-block-heading has-white-color has-text-color\">Melden Sie sich<br> f\u00fcr unseren<br> <strong>Newsletter<\/strong>\u00a0an<\/h2>\n\n\n\n<div class=\"wp-block-buttons is-layout-flex wp-block-buttons-is-layout-flex\">\n<div class=\"wp-block-button--1\" style=\"--button-outline-color:var(--color-white);--button-outline-color-hover:rgba(0,0,0,0.8);\"><a class=\"wp-block-button__link button button-outline   wp-element-button\" href=\"https:\/\/neuronup.com\/de\/newsletter\/#form\">Jetzt anmelden<\/a><\/div>\n\n<\/div>\n\n\n\n<div style=\"height:40px\" aria-hidden=\"true\" class=\"wp-block-spacer\"><\/div>\n<\/div>\n<\/div>\n<\/div><\/div>\n\n\n\n\n<hr class=\"wp-block-separator has-alpha-channel-opacity\"\/>\n\n\n\n<div style=\"height:50px\" aria-hidden=\"true\" class=\"wp-block-spacer\"><\/div>\n\n\n\n<h2 class=\"wp-block-heading\">8. Catherine Zeta Jones: Bipolare St\u00f6rung<\/h2>\n\n\n\n<div class=\"wp-block-columns is-layout-flex wp-container-core-columns-is-layout-9d6595d7 wp-block-columns-is-layout-flex\">\n<div class=\"wp-block-column is-layout-flow wp-block-column-is-layout-flow\">\n<p>Die <strong>bipolare St\u00f6rung<\/strong> ist eine psychische Erkrankung, die durch<strong> Stimmungsschwankungen<\/strong> gekennzeichnet ist, wobei ein Extrem die Manie und das andere die Depression darstellt. Catherine Zeta Jones leidet an dieser Erkrankung.<\/p>\n\n\n\n<p>\u201eDiese St\u00f6rung betrifft Millionen von Menschen, und ich bin eine von ihnen. Wenn das Offenlegen meiner bipolaren St\u00f6rung Typ II jemanden ermutigt hat, Hilfe zu suchen, dann hat es sich gelohnt. Es gibt keinen Grund, still zu leiden, und es ist keine Schande, um Hilfe zu bitten\u201c, erkl\u00e4rte die Schauspielerin.<\/p>\n<\/div>\n<\/div>\n\n\n\n<div style=\"height:50px\" aria-hidden=\"true\" class=\"wp-block-spacer\"><\/div>\n\n\n\n<h2 class=\"wp-block-heading\">9. Javier Otxoa und die Zerebralparese<\/h2>\n\n\n\n<div class=\"wp-block-columns is-layout-flex wp-container-core-columns-is-layout-9d6595d7 wp-block-columns-is-layout-flex\">\n<div class=\"wp-block-column is-layout-flow wp-block-column-is-layout-flow\">\n<p>Der Radrennfahrer, Paralympics-Medaillengewinner und Etappensieger der Tour de France 2000, Javier Otxoa, erlebte 2011, wie sein Leben aus der Bahn geworfen wurde, als er bei einem Stra\u00dfenunfall w\u00e4hrend des Trainings mit seinem Zwillingsbruder Ricardo verungl\u00fcckte, der noch am Unfallort verstarb.<\/p>\n<\/div>\n<\/div>\n\n\n\n<p>Javier \u00fcberlebte, begann aber ein neues Leben mit <strong>Zerebralparese<\/strong>, einer Erkrankung, die durch eine Beeintr\u00e4chtigung der \u00dcbertragung von Signalen vom Gehirn zu den Muskeln gekennzeichnet ist. <strong>Ab diesem Zeitpunkt trat er in paralympischen Wettk\u00e4mpfen an<\/strong>. Er verstarb im vergangenen August.<\/p>\n\n\n\n<div style=\"height:50px\" aria-hidden=\"true\" class=\"wp-block-spacer\"><\/div>\n\n\n\n<h2 class=\"wp-block-heading\">10. Mit Multipler Sklerose in der Basketball-Elite: Chris Wright und Asier de la Iglesia<\/h2>\n\n\n\n<p>Der Point Guard <strong>Chris Wright<\/strong> ist der <strong>erste Spieler in der Geschichte, der mit<\/strong> <strong><a href=\"https:\/\/neuronup.com\/neurorrehabilitacion\/enfermedades-neurodegenerativas\/esclerosis-multiple\/\">Multipler Sklerose<\/a><\/strong> in die NBA kam, eine Autoimmunerkrankung, die durch ein Virus oder ein unbekanntes Antigen ausgel\u00f6st wird.<\/p>\n\n\n\n<p>Das Immunsystem unseres K\u00f6rpers greift das Myelin an, eine Substanz, die die Nervenfasern umh\u00fcllt und die \u00dcbertragung des Nervensignals mit angemessener Geschwindigkeit erm\u00f6glicht. Dadurch kommt es zu einer schlechten Kommunikation zwischen den Neuronen und zu vielf\u00e4ltigen Symptomen: Sehst\u00f6rungen, Gleichgewichtsst\u00f6rungen, Sprachprobleme, Zittern in den H\u00e4nden, Muskelschw\u00e4che und Kraftverlust.<\/p>\n\n\n\n<p>Auch kognitive Probleme wie Beeintr\u00e4chtigungen bei Ged\u00e4chtnis, Informationscodierung und -abruf sowie emotionale Probleme wie Angstzust\u00e4nde und Depressionen treten h\u00e4ufig auf.<\/p>\n\n\n\n<div class=\"wp-block-columns is-layout-flex wp-container-core-columns-is-layout-9d6595d7 wp-block-columns-is-layout-flex\">\n<div class=\"wp-block-column is-layout-flow wp-block-column-is-layout-flow\">\n<p>Ein weiteres Beispiel ist <strong>Asier de la Iglesia<\/strong>, der im vergangenen Mai mit 35 Jahren in der ACB deb\u00fctierte und damit der <strong>erste Spieler mit Multipler Sklerose<\/strong> in der h\u00f6chsten spanischen Basketballliga wurde.<\/p>\n<\/div>\n<\/div>\n\n\n\n<div style=\"height:50px\" aria-hidden=\"true\" class=\"wp-block-spacer\"><\/div>\n\n\n\n<h2 class=\"wp-block-heading\">11. Miguel Boyer und der Schlaganfall<\/h2>\n\n\n\n<div class=\"wp-block-columns is-layout-flex wp-container-core-columns-is-layout-9d6595d7 wp-block-columns-is-layout-flex\">\n<div class=\"wp-block-column is-layout-flow wp-block-column-is-layout-flow\">\n<p>Der ehemalige Wirtschaftsminister Miguel Boyer erlitt 2012 einen Schlaganfall, der schwere Folgesch\u00e4den hinterlie\u00df. Unter anderem sprach er mit gro\u00dfer M\u00fche und konnte nicht schreiben.<\/p>\n\n\n\n<p>Der Schlaganfall, auch bekannt als zerebrovaskul\u00e4rer Unfall (ZAV), Embolie oder Thrombose, ist eine Gef\u00e4\u00dferkrankung des Gehirns, die auftritt, wenn ein Gef\u00e4\u00df, das Blut zum Gehirn transportiert, platzt oder durch ein Gerinnsel oder eine andere Partikel blockiert wird.<\/p>\n\n\n\n<p>Das Blut gelangt nicht in ausreichender Menge zum Gehirn, sodass die Nervenzellen keinen Sauerstoff erhalten und aufh\u00f6ren zu funktionieren. Der Schlaganfall ist das \u00c4quivalent eines Herzinfarkts, jedoch im Gehirn.<\/p>\n\n\n\n<p>Der sozialistische Exminister verstarb zwei Jahre sp\u00e4ter an einer Lungenembolie.<\/p>\n<\/div>\n<\/div>\n\n\n\n<div style=\"height:50px\" aria-hidden=\"true\" class=\"wp-block-spacer\"><\/div>\n\n\n\n<h2 class=\"wp-block-heading\">12. Muhammad Ali und die Parkinson-Krankheit<\/h2>\n\n\n\n<div class=\"wp-block-columns is-layout-flex wp-container-core-columns-is-layout-9d6595d7 wp-block-columns-is-layout-flex\">\n<div class=\"wp-block-column is-layout-flow wp-block-column-is-layout-flow\">\n<p>Die Boxlegende Muhammad Ali f\u00fchrte den h\u00e4rtesten Kampf fernab der Ringe. Ali k\u00e4mpfte 32 Jahre lang gegen den Parkinson. Eine Krankheit, die durch das fortschreitende Absterben von Neuronen in einem Teil des Gehirns, der sogenannten Substantia nigra, genauer gesagt in einem Bereich dieses Kerns, der kompakten Substantia, gekennzeichnet ist.<\/p>\n<\/div>\n<\/div>\n\n\n\n<p>Dies f\u00fchrt zu einer Abnahme der Dopaminsynthese, was eine Dysfunktion in der Regulierung der wichtigsten Hirnstrukturen zur Bewegungssteuerung zur Folge hat.<\/p>\n\n\n\n<p>Zu den Hauptsymptomen geh\u00f6ren eine allgemeine Ungeschicklichkeit mit verlangsamten Bewegungsabl\u00e4ufen, verminderte spontane Beweglichkeit, Ruhetremor und Steifigkeit. Auch St\u00f6rungen der Gleichgewichtsreflexe k\u00f6nnen auftreten und zu St\u00fcrzen f\u00fchren. H\u00e4ufig kommt es zu kognitivem Abbau, wobei Ged\u00e4chtnis, Aufmerksamkeit oder Verarbeitungsgeschwindigkeit beeintr\u00e4chtigt werden.<\/p>\n\n\n\n<p>1984 wurde bei Ali <a href=\"https:\/\/neuronup.com\/neurorrehabilitacion\/enfermedades-neurodegenerativas\/enfermedad-de-parkinson\/\">Parkinson<\/a> diagnostiziert. \u201eAnfangs gab es Momente, in denen ich die Gedanken an die Krankheit aus meinem Kopf verdr\u00e4ngen konnte. Sobald die k\u00f6rperlichen Symptome nicht mehr ignorierbar waren, gab es Phasen der Frustration und Depression\u201c, sagte die Boxlegende.<\/p>\n\n\n\n<p>Dennoch stellte sich Ali der Krankheit und wurde so zu einem Vorbild f\u00fcr viele Betroffene. Der Boxer verstarb 2016 an einer mit der Krankheit verbundenen Atemwegs\u00adkomplikation.<\/p>\n\n\n\n<h3 class=\"wp-block-heading\">Wenn dir dieser Beitrag \u00fcber <strong>Prominente mit neurologischen und psychischen Erkrankungen<\/strong> gefallen hat, interessiert dich sicher auch der folgende Artikel:<\/h3>\n\n<div class=\"mai-grid entries entries-grid has-boxed has-image-full\" style=\"--entry-title-font-size:var(--font-size-lg);--align-text:start;--entry-meta-text-align:start;\"><div class=\"entries-wrap has-columns\" style=\"--columns-xs:1\/1;--columns-sm:1\/1;--columns-md:1\/3;--columns-lg:1\/3;--flex-xs:0 0 var(--flex-basis);--flex-sm:0 0 var(--flex-basis);--flex-md:0 0 var(--flex-basis);--flex-lg:0 0 var(--flex-basis);--column-gap:var(--spacing-lg);--row-gap:var(--spacing-lg);--align-columns:start;\"><article class=\"entry entry-grid is-column has-entry-link has-image has-image-first type-post category-legasthenie category-neurologische-entwicklungsstorungen tag-aktivitaten-zur-kognitiven-stimulation\" style=\"--entry-index:1;\" aria-label=\"Legasthenie: Definition, Symptome, Arten und \u00dcbungen f\u00fcr Legastheniker:innen\" itemscope itemtype=\"https:\/\/schema.org\/CreativeWork\"><a class=\"entry-image-link\" href=\"https:\/\/neuronup.com\/de\/kognitive-stimulation-und-rehabilitation\/neurologische-entwicklungsstorungen\/legasthenie-was-ist-symptome-typen-und-ubungen-fur-legastheniker\/\" tabindex=\"-1\" aria-hidden=\"true\"><img decoding=\"async\" width=\"400\" height=\"300\" src=\"https:\/\/neuronup.com\/de\/wp-content\/uploads\/2024\/07\/NeuronUP-Uebung-Woerter-bilden-1-400x300.webp\" class=\"entry-image size-landscape-sm\" alt=\"NeuronUP-\u00dcbung-W\u00f6rter-bilden\" srcset=\"https:\/\/neuronup.com\/de\/wp-content\/uploads\/2024\/07\/NeuronUP-Uebung-Woerter-bilden-1-400x300.webp 400w, https:\/\/neuronup.com\/de\/wp-content\/uploads\/2024\/07\/NeuronUP-Uebung-Woerter-bilden-1-800x600.webp 800w\" sizes=\"(max-width:599px) 599px, (min-width:600px) and (max-width: 799px) 799px, (min-width:800px) and (max-width: 999px) 333px, (min-width:1000px) 400px\" \/><\/a><div class=\"entry-wrap entry-wrap-grid\"><h3 class=\"entry-title\" itemprop=\"headline\"><a class=\"entry-title-link\" href=\"https:\/\/neuronup.com\/de\/kognitive-stimulation-und-rehabilitation\/neurologische-entwicklungsstorungen\/legasthenie-was-ist-symptome-typen-und-ubungen-fur-legastheniker\/\" rel=\"bookmark\">Legasthenie: Definition, Symptome, Arten und \u00dcbungen f\u00fcr Legastheniker:innen<\/a><\/h3>\n<\/div><\/article><article class=\"entry entry-grid is-column has-entry-link has-image has-image-first type-post category-gehirn-neurowissenschaften tag-exekutive-funktionen tag-gedachtnis tag-gehirn tag-psychische-gesundheit\" style=\"--entry-index:2;\" aria-label=\"Sport als bester Verb\u00fcndeter unseres Gehirns\" itemscope itemtype=\"https:\/\/schema.org\/CreativeWork\"><a class=\"entry-image-link\" href=\"https:\/\/neuronup.com\/de\/neurowissenschaften\/gehirn-neurowissenschaften\/der-sport-als-bester-verbundeter-unseres-gehirns\/\" tabindex=\"-1\" aria-hidden=\"true\"><img decoding=\"async\" width=\"400\" height=\"267\" src=\"https:\/\/neuronup.com\/de\/wp-content\/uploads\/2022\/05\/young-couple-runner-running-on-running-road-in-city-park.webp\" class=\"entry-image size-landscape-sm\" alt=\"junges paar beim sport\" srcset=\"https:\/\/neuronup.com\/de\/wp-content\/uploads\/2022\/05\/young-couple-runner-running-on-running-road-in-city-park-300x200.webp 300w, https:\/\/neuronup.com\/de\/wp-content\/uploads\/2022\/05\/young-couple-runner-running-on-running-road-in-city-park-768x512.webp 768w, https:\/\/neuronup.com\/de\/wp-content\/uploads\/2022\/05\/young-couple-runner-running-on-running-road-in-city-park.webp 1000w\" sizes=\"(max-width:599px) 599px, (min-width:600px) and (max-width: 799px) 799px, (min-width:800px) and (max-width: 999px) 333px, (min-width:1000px) 400px\" \/><\/a><div class=\"entry-wrap entry-wrap-grid\"><h3 class=\"entry-title\" itemprop=\"headline\"><a class=\"entry-title-link\" href=\"https:\/\/neuronup.com\/de\/neurowissenschaften\/gehirn-neurowissenschaften\/der-sport-als-bester-verbundeter-unseres-gehirns\/\" rel=\"bookmark\">Sport als bester Verb\u00fcndeter unseres Gehirns<\/a><\/h3>\n<\/div><\/article><article class=\"entry entry-grid is-column has-entry-link has-image has-image-first type-post category-ausbildung tag-neuronup\" style=\"--entry-index:3;\" aria-label=\"NeuronUP-Zertifikat: 3 einfache M\u00f6glichkeiten, dein Zertifikat zu LinkedIn hinzuzuf\u00fcgen\" itemscope itemtype=\"https:\/\/schema.org\/CreativeWork\"><a class=\"entry-image-link\" href=\"https:\/\/neuronup.com\/de\/ausbildung\/neuronup-zertifikat-3-einfache-wege-dein-zertifikat-zu-linkedin-hinzuzufuegen\/\" tabindex=\"-1\" aria-hidden=\"true\"><img decoding=\"async\" width=\"400\" height=\"282\" src=\"https:\/\/neuronup.com\/de\/wp-content\/uploads\/2022\/06\/Certificado-de-NeuronUP.webp\" class=\"entry-image size-landscape-sm\" alt=\"NeuronUP-Zertifikat\" srcset=\"https:\/\/neuronup.com\/de\/wp-content\/uploads\/2022\/06\/Certificado-de-NeuronUP-300x211.webp 300w, https:\/\/neuronup.com\/de\/wp-content\/uploads\/2022\/06\/Certificado-de-NeuronUP.webp 655w\" sizes=\"(max-width:599px) 599px, (min-width:600px) and (max-width: 799px) 799px, (min-width:800px) and (max-width: 999px) 333px, (min-width:1000px) 400px\" \/><\/a><div class=\"entry-wrap entry-wrap-grid\"><h3 class=\"entry-title\" itemprop=\"headline\"><a class=\"entry-title-link\" href=\"https:\/\/neuronup.com\/de\/ausbildung\/neuronup-zertifikat-3-einfache-wege-dein-zertifikat-zu-linkedin-hinzuzufuegen\/\" rel=\"bookmark\">NeuronUP-Zertifikat: 3 einfache M\u00f6glichkeiten, dein Zertifikat zu LinkedIn hinzuzuf\u00fcgen<\/a><\/h3>\n<\/div><\/article><article class=\"entry entry-grid is-column has-entry-link has-image has-image-first type-post category-neurologische-entwicklungsstorungen tag-erfahrungsberichte tag-kinder tag-neuroentwicklungsstorungen\" style=\"--entry-index:4;\" aria-label=\"Fetale Alkoholspektrumst\u00f6rung\" itemscope itemtype=\"https:\/\/schema.org\/CreativeWork\"><a class=\"entry-image-link\" href=\"https:\/\/neuronup.com\/de\/kognitive-stimulation-und-rehabilitation\/neurologische-entwicklungsstorungen\/die-storung-des-fetalen-alkoholspektrums\/\" tabindex=\"-1\" aria-hidden=\"true\"><img decoding=\"async\" width=\"400\" height=\"300\" src=\"https:\/\/neuronup.com\/de\/wp-content\/uploads\/2022\/06\/pregnant-woman-refusing-glass-of-wine-alcohol-in-pregnancy-unrecognizable-expectant-lady-gestring-stop-to-offered-glass-of-wine-2-1-400x300-1.webp\" class=\"entry-image size-landscape-sm\" alt=\"Das Fetale Alkohol-Spektrum-St\u00f6rung\" srcset=\"https:\/\/neuronup.com\/de\/wp-content\/uploads\/2022\/06\/pregnant-woman-refusing-glass-of-wine-alcohol-in-pregnancy-unrecognizable-expectant-lady-gestring-stop-to-offered-glass-of-wine-2-1-400x300-1-300x225.webp 300w, https:\/\/neuronup.com\/de\/wp-content\/uploads\/2022\/06\/pregnant-woman-refusing-glass-of-wine-alcohol-in-pregnancy-unrecognizable-expectant-lady-gestring-stop-to-offered-glass-of-wine-2-1-400x300-1-768x576.webp 768w, https:\/\/neuronup.com\/de\/wp-content\/uploads\/2022\/06\/pregnant-woman-refusing-glass-of-wine-alcohol-in-pregnancy-unrecognizable-expectant-lady-gestring-stop-to-offered-glass-of-wine-2-1-400x300-1-1024x768.webp 1024w, https:\/\/neuronup.com\/de\/wp-content\/uploads\/2022\/06\/pregnant-woman-refusing-glass-of-wine-alcohol-in-pregnancy-unrecognizable-expectant-lady-gestring-stop-to-offered-glass-of-wine-2-1-400x300-1.webp 1200w\" sizes=\"(max-width:599px) 599px, (min-width:600px) and (max-width: 799px) 799px, (min-width:800px) and (max-width: 999px) 333px, (min-width:1000px) 400px\" \/><\/a><div class=\"entry-wrap entry-wrap-grid\"><h3 class=\"entry-title\" itemprop=\"headline\"><a class=\"entry-title-link\" href=\"https:\/\/neuronup.com\/de\/kognitive-stimulation-und-rehabilitation\/neurologische-entwicklungsstorungen\/die-storung-des-fetalen-alkoholspektrums\/\" rel=\"bookmark\">Fetale Alkoholspektrumst\u00f6rung<\/a><\/h3>\n<\/div><\/article><article class=\"entry entry-grid is-column has-entry-link has-image has-image-first type-post category-neurologische-entwicklungsstorungen tag-adhs tag-neuroentwicklungsstorungen\" style=\"--entry-index:5;\" aria-label=\"Neuroentwicklung: Verst\u00e4ndnis der Diagnose von Autismus-Spektrum-St\u00f6rung (ASS) und Aufmerksamkeitsdefizit-\/Hyperaktivit\u00e4tsst\u00f6rung (ADHS)\" itemscope itemtype=\"https:\/\/schema.org\/CreativeWork\"><a class=\"entry-image-link\" href=\"https:\/\/neuronup.com\/de\/kognitive-stimulation-und-rehabilitation\/neurologische-entwicklungsstorungen\/neuroentwicklung-verstehen-der-diagnose-der-autismus-spektrum-storung-ass-und-aufmerksamkeitsdefizit-hyperaktivitatsstorung-adhs\/\" tabindex=\"-1\" aria-hidden=\"true\"><img decoding=\"async\" width=\"400\" height=\"267\" src=\"https:\/\/neuronup.com\/de\/wp-content\/uploads\/2024\/03\/Neurodesarrollo-entendiendo-el-diagnostico-del-trastorno-del-espectro-autista-TEA-y-trastorno-por-deficit-de-atencion-e-hiperactividad-TDAH.webp\" class=\"entry-image size-landscape-sm\" alt=\"Neuroentwicklung Verstehen des Diagnose des Autismus-Spektrum-St\u00f6rung (ASS) und der Aufmerksamkeitsdefizit-Hyperaktivit\u00e4tsst\u00f6rung (ADHS)\" srcset=\"https:\/\/neuronup.com\/de\/wp-content\/uploads\/2024\/03\/Neurodesarrollo-entendiendo-el-diagnostico-del-trastorno-del-espectro-autista-TEA-y-trastorno-por-deficit-de-atencion-e-hiperactividad-TDAH-300x200.webp 300w, https:\/\/neuronup.com\/de\/wp-content\/uploads\/2024\/03\/Neurodesarrollo-entendiendo-el-diagnostico-del-trastorno-del-espectro-autista-TEA-y-trastorno-por-deficit-de-atencion-e-hiperactividad-TDAH-768x512.webp 768w, https:\/\/neuronup.com\/de\/wp-content\/uploads\/2024\/03\/Neurodesarrollo-entendiendo-el-diagnostico-del-trastorno-del-espectro-autista-TEA-y-trastorno-por-deficit-de-atencion-e-hiperactividad-TDAH-1024x683.webp 1024w, https:\/\/neuronup.com\/de\/wp-content\/uploads\/2024\/03\/Neurodesarrollo-entendiendo-el-diagnostico-del-trastorno-del-espectro-autista-TEA-y-trastorno-por-deficit-de-atencion-e-hiperactividad-TDAH.webp 1200w\" sizes=\"(max-width:599px) 599px, (min-width:600px) and (max-width: 799px) 799px, (min-width:800px) and (max-width: 999px) 333px, (min-width:1000px) 400px\" \/><\/a><div class=\"entry-wrap entry-wrap-grid\"><h3 class=\"entry-title\" itemprop=\"headline\"><a class=\"entry-title-link\" href=\"https:\/\/neuronup.com\/de\/kognitive-stimulation-und-rehabilitation\/neurologische-entwicklungsstorungen\/neuroentwicklung-verstehen-der-diagnose-der-autismus-spektrum-storung-ass-und-aufmerksamkeitsdefizit-hyperaktivitatsstorung-adhs\/\" rel=\"bookmark\">Neuroentwicklung: Verst\u00e4ndnis der Diagnose von Autismus-Spektrum-St\u00f6rung (ASS) und Aufmerksamkeitsdefizit-\/Hyperaktivit\u00e4tsst\u00f6rung (ADHS)<\/a><\/h3>\n<\/div><\/article><article class=\"entry entry-grid is-column has-entry-link has-image has-image-first type-post category-aktivitaten-fur-neurorehabilitation category-aktivitaten-fur-normale-alterserscheinungen tag-aktivitaten-zur-kognitiven-stimulation tag-altere-erwachsene tag-normales-altern\" style=\"--entry-index:6;\" aria-label=\"7 \u00dcbungen zur kognitiven Stimulation f\u00fcr Senioren\" itemscope itemtype=\"https:\/\/schema.org\/CreativeWork\"><a class=\"entry-image-link\" href=\"https:\/\/neuronup.com\/de\/aktivitaten-fur-neurorehabilitation\/kognitive-stimulierung-fur-senioren-ubungen-zur-kognitiven-stimulierung-fur-senioren\/\" tabindex=\"-1\" aria-hidden=\"true\"><img decoding=\"async\" width=\"400\" height=\"300\" src=\"https:\/\/neuronup.com\/de\/wp-content\/uploads\/2024\/10\/Actividad-Separa-los-bichos.webp\" class=\"entry-image size-landscape-sm\" alt=\"Aktivit\u00e4t: Trenne die Insekten\" srcset=\"https:\/\/neuronup.com\/de\/wp-content\/uploads\/2024\/10\/Actividad-Separa-los-bichos-300x226.webp 300w, https:\/\/neuronup.com\/de\/wp-content\/uploads\/2024\/10\/Actividad-Separa-los-bichos-768x578.webp 768w, https:\/\/neuronup.com\/de\/wp-content\/uploads\/2024\/10\/Actividad-Separa-los-bichos-1024x771.webp 1024w, https:\/\/neuronup.com\/de\/wp-content\/uploads\/2024\/10\/Actividad-Separa-los-bichos.webp 1200w\" sizes=\"(max-width:599px) 599px, (min-width:600px) and (max-width: 799px) 799px, (min-width:800px) and (max-width: 999px) 333px, (min-width:1000px) 400px\" \/><\/a><div class=\"entry-wrap entry-wrap-grid\"><h3 class=\"entry-title\" itemprop=\"headline\"><a class=\"entry-title-link\" href=\"https:\/\/neuronup.com\/de\/aktivitaten-fur-neurorehabilitation\/kognitive-stimulierung-fur-senioren-ubungen-zur-kognitiven-stimulierung-fur-senioren\/\" rel=\"bookmark\">7 \u00dcbungen zur kognitiven Stimulation f\u00fcr Senioren<\/a><\/h3>\n<\/div><\/article><\/div><\/div>\n\n\n<div style=\"height:50px\" aria-hidden=\"true\" class=\"wp-block-spacer\"><\/div>\n\n\n\n<p class=\"has-sm-font-size\">Dieser Artikel wurde \u00fcbersetzt; Link zum Originalartikel auf Spanisch:<br \/><a href=\"https:\/\/neuronup.com\/estimulacion-y-rehabilitacion-cognitiva\/enfermedad-mental\/famosos-con-enfermedades-neurologicas-y-mentales\/\" data-type=\"link\" data-id=\"https:\/\/neuronup.com\/estimulacion-y-rehabilitacion-cognitiva\/enfermedad-mental\/famosos-con-enfermedades-neurologicas-y-mentales\/\"><em>12 Famosos con enfermedades neurol\u00f3gicas y mentales<\/em><\/a><\/p>\n\n","protected":false},"excerpt":{"rendered":"<p>Es spielt keine Rolle, ob man reich oder arm ist. Ob man ber\u00fchmt ist oder nicht. Krankheiten betreffen uns alle gleicherma\u00dfen. Sportler, Politiker, Schauspieler, S\u00e4nger\u2026 niemand entkommt dieser Lotterie, an einer Krankheit zu leiden. Heute sprechen wir \u00fcber die neurologischen und psychischen Erkrankungen, unter denen einige Prominente leiden. 1. Brad Pitt: Er leidet an Prosopagnosie &hellip;<\/p>\n","protected":false},"author":134,"featured_media":27350,"comment_status":"open","ping_status":"open","sticky":false,"template":"","format":"standard","meta":{"_acf_changed":false,"_genesis_hide_title":false,"_genesis_hide_breadcrumbs":false,"_genesis_hide_singular_image":false,"_genesis_hide_footer_widgets":false,"_genesis_custom_body_class":"","_genesis_custom_post_class":"","_genesis_layout":"","footnotes":""},"categories":[22],"tags":[443,142,339,237,449,115],"class_list":{"2":"type-post","7":"category-psychische-erkrankung","8":"tag-morbus-alzheimer","9":"tag-multiple-sklerose","10":"tag-neurodegenerative-erkrankungen","11":"tag-parkinson","12":"tag-psychische-gesundheit","13":"tag-schlaganfall","14":"entry"},"acf":[],"_links":{"self":[{"href":"https:\/\/neuronup.com\/de\/wp-json\/wp\/v2\/posts\/27104","targetHints":{"allow":["GET"]}}],"collection":[{"href":"https:\/\/neuronup.com\/de\/wp-json\/wp\/v2\/posts"}],"about":[{"href":"https:\/\/neuronup.com\/de\/wp-json\/wp\/v2\/types\/post"}],"author":[{"embeddable":true,"href":"https:\/\/neuronup.com\/de\/wp-json\/wp\/v2\/users\/134"}],"replies":[{"embeddable":true,"href":"https:\/\/neuronup.com\/de\/wp-json\/wp\/v2\/comments?post=27104"}],"version-history":[{"count":0,"href":"https:\/\/neuronup.com\/de\/wp-json\/wp\/v2\/posts\/27104\/revisions"}],"wp:featuredmedia":[{"embeddable":true,"href":"https:\/\/neuronup.com\/de\/wp-json\/wp\/v2\/media\/27350"}],"wp:attachment":[{"href":"https:\/\/neuronup.com\/de\/wp-json\/wp\/v2\/media?parent=27104"}],"wp:term":[{"taxonomy":"category","embeddable":true,"href":"https:\/\/neuronup.com\/de\/wp-json\/wp\/v2\/categories?post=27104"},{"taxonomy":"post_tag","embeddable":true,"href":"https:\/\/neuronup.com\/de\/wp-json\/wp\/v2\/tags?post=27104"}],"curies":[{"name":"wp","href":"https:\/\/api.w.org\/{rel}","templated":true}]}}