{"id":23262,"date":"2026-01-24T11:26:14","date_gmt":"2026-01-24T11:26:14","guid":{"rendered":"https:\/\/neuronup.com\/?p=23262"},"modified":"2026-01-24T11:26:14","modified_gmt":"2026-01-24T11:26:14","slug":"prominente-tragen-dazu-bei-psychische-gesundheitsprobleme-zu-normalisieren","status":"publish","type":"post","link":"https:\/\/neuronup.com\/de\/psychologie\/prominente-tragen-dazu-bei-psychische-gesundheitsprobleme-zu-normalisieren\/","title":{"rendered":"Prominente tragen dazu bei, psychische Gesundheitsprobleme zu normalisieren"},"content":{"rendered":"\n<p class=\"has-xl-font-size\">Ein neuer Trend bahnt sich in der scheinbar perfekten Welt der Prominenten an. Denn in den letzten Jahren hat sich die Zahl der bekannten Gesichter, die sich der \u00f6ffentlichen Meinung \u00f6ffnen und ihre <strong>psychischen Gesundheitsprobleme<\/strong> offenlegen, exponentiell vervielfacht.<\/p>\n\n\n\n<h2 class=\"wp-block-heading\">Psychische Gesundheitsprobleme im Mittelpunkt der Diskussion<\/h2>\n\n\n\n<p>Von Schauspielern \u00fcber Musiker bis hin zu Fu\u00dfballspielern haben viele beschlossen, ihren Beitrag zu einer so bedeutenden Sache zu leisten wie dem <strong>Abbau des Stigmas gegen\u00fcber Psychologen<\/strong>. Denn die Angst, abgestempelt zu werden, h\u00e4lt viele Menschen zur\u00fcck, obwohl der Gang zu einem Spezialisten nicht bedeutet, verr\u00fcckt zu sein.<\/p>\n\n\n\n<p>Es sind bereits viele, die den Mut gefunden haben, ihre Erfahrungen zu teilen, und damit einen <strong>Dialog \u00fcber psychische Gesundheit<\/strong> in Gang gesetzt haben, der f\u00fcr die Gesellschaft sehr positiv ist.<\/p>\n\n\n\n<p>Aussagen von Pers\u00f6nlichkeiten wie <strong>Angelina Jolie<\/strong>, die an <strong>Depression<\/strong> litt und den Entschluss fasste, Hilfe zu suchen, um ihr Leben neu auszurichten. <strong>Elton John<\/strong>, der nicht zulie\u00df, dass die <strong>Bulimie<\/strong> die Oberhand gewinnt. <strong>Adam Levine<\/strong> und das <strong>ADHS<\/strong>, unter dem er leidet. Oder <strong>Brad Pitt<\/strong> und sein Kampf gegen die <strong>Depression<\/strong>. Das sind nur einige Beispiele, die <strong>neben der Sensibilisierung f\u00fcr die Bedeutung der Behandlung psychischer Probleme auch zu deren Sichtbarkeit beitragen<\/strong>.<\/p>\n\n\n\n<h3 class=\"wp-block-heading\">Einige Prominente, die zu diesem Anliegen beigetragen haben<\/h3>\n\n\n\n<p><strong>Lady Gaga<\/strong>, die im Alter von 19 Jahren Opfer eines <strong>sexuellen Missbrauchs<\/strong> wurde, begann eine dialektisch-behaviorale Therapie. Diese half ihr, das durch das Trauma verursachte posttraumatische Stresssyndrom zu bew\u00e4ltigen und den sie qu\u00e4lenden Schmerz radikal zu lindern, sodass sie das Leben f\u00fchren konnte, das sie sich w\u00fcnschte.<\/p>\n\n\n\n<p><strong>Leonardo DiCaprio<\/strong> gab preis, dass er seit seiner Kindheit an <strong>Zwangsst\u00f6rung (Obsessive-Compulsive Disorder, OCD)<\/strong> leidet, und obwohl er angibt, sie unter Kontrolle zu haben, hat er einger\u00e4umt, sehr schwierige Zeiten durchlebt zu haben. Die Zwangsst\u00f6rung ist durch Obsessionen \u2013 st\u00f6rende Gedanken \u2013 gekennzeichnet, die dazu f\u00fchren, bestimmte Rituale, sogenannte Zw\u00e4nge, auszuf\u00fchren, um die Angst zu mildern. Es handelt sich um eine Erkrankung, die den Alltag Betroffener einschr\u00e4nkt und ihre Lebensqualit\u00e4t beeintr\u00e4chtigt. Trotz dieses Leidens ist es ihm gelungen, zu einem der besten Schauspieler seiner Generation zu werden \u2013 und f\u00fcr viele sogar zum Besten.<\/p>\n\n\n\n<p>Die S\u00e4ngerin <strong>Demi Lovato<\/strong> neigt dazu, \u00f6ffentlich \u00fcber die <strong>verschiedenen psychischen Probleme<\/strong> zu sprechen, die sie erlebt hat. Sie ist ein echtes Symbol, da sie tausenden von Menschen mit <strong>bipolaren St\u00f6rungen<\/strong> eine Stimme gibt und die Botschaft verbreitet, dass es mit viel Arbeit m\u00f6glich ist, mit der Krankheit zu leben.<\/p>\n\n\n\n<p>Der gefeierte Schauspieler <strong>Jim Carrey<\/strong> geriet nach dem Selbstmord seiner Ex-Freundin, f\u00fcr den er zu Unrecht beschuldigt wurde (sp\u00e4ter wurde seine Unschuld bewiesen), in eine tiefe <strong>Depression<\/strong>. Im Jahr 2017 gelang es ihm dank der Hilfe eines Fachmanns, diese zu \u00fcberwinden \u2013 eine Erfahrung, die seine Sicht auf das Leben ver\u00e4nderte.<\/p>\n\n\n\n<h3 class=\"wp-block-heading\">Auch spanische Prominente sprechen \u00fcber ihre psychischen Probleme<\/h3>\n\n\n\n<p>Der bekannte Streamer <strong>Ibai Llanos<\/strong> ist keine Ausnahme, wenn es um <strong>psychische Probleme<\/strong> geht. Als Jugendlicher, als der Ruhm gerade Teil seines Lebens wurde, geriet er in eine Phase von <strong>Angstzust\u00e4nden<\/strong>. Er probierte verschiedene Behandlungen, doch eine Psychologin half ihm, sich seinen Problemen zu stellen und L\u00f6sungen zu finden. Der YouTuber sendet eine Botschaft der Hoffnung und ermutigt, Hilfe zu suchen.<\/p>\n\n\n\n<p><strong>Mar\u00eda Pombo<\/strong>, die spanische Fashion-Influencerin, erz\u00e4hlte, wie sie in den letzten Monaten von <strong>Angstzust\u00e4nden<\/strong> \u00fcberw\u00e4ltigt wurde, bis sie die <strong>Hilfe eines Psychiaters<\/strong> in Anspruch nehmen musste, mit dem sie weiterhin zusammenarbeitet. Sie betont, wie wichtig es ist, auf die mentale Gesundheit zu achten und sich daf\u00fcr nicht zu sch\u00e4men.<\/p>\n\n\n\n<p>Und schlie\u00dflich der Held der von Spanien gewonnenen Weltmeisterschaft, <strong>Andr\u00e9s Iniesta<\/strong>, gestand, dass ihn eine Reihe von Ereignissen in ein schwarzes Loch st\u00fcrzte, aus dem er mit Hilfe verschiedener Spezialisten gest\u00e4rkt hervorging. Ganz in seiner Philosophie: <strong>aufstehen und weiterk\u00e4mpfen.<\/strong><\/p>\n\n\n\n<p>Tats\u00e4chlich arbeiten viele Sportler mit einem Coach zusammen, um <strong>ihre Leistung zu steigern und den mentalen Bereich zu trainieren<\/strong>, wie es bei den meisten Tennisspielern der Fall ist.<\/p>\n\n\n\n<h3 class=\"wp-block-heading\">Die Notwendigkeit, das Bewusstsein f\u00fcr psychische Probleme zu sch\u00e4rfen<\/h3>\n\n\n\n<p>Immer mehr Menschen ben\u00f6tigen psychologische Unterst\u00fctzung, doch nur 5 von 100 Spaniern erhalten eine Behandlung. Aus diesem Grund schlagen Experten vor, <strong>der Informationsknappheit entgegenzuwirken<\/strong>, indem in verschiedenen Bereichen wie Schule und Arbeitsplatz die Botschaft vermittelt wird, dass <strong>der Gang zu einem Spezialisten \u00e4u\u00dferst vorteilhaft ist<\/strong>. Schlie\u00dflich handelt es sich um einen Fachmann, der dich bei neuen Entscheidungen unterst\u00fctzt, um dein Leben zu verbessern.<\/p>\n\n\n\n<p>Au\u00dferdem muss man sich bewusst sein, dass es unm\u00f6glich ist, zu jeder Zeit gl\u00fccklich zu sein \u2013 schlie\u00dflich w\u00fcssten wir sonst nicht, was Gl\u00fcck bedeutet.<\/p>\n\n\n\n<p>Wir erleben ein Ph\u00e4nomen, das entscheidend dazu beitr\u00e4gt, etwas so Menschliches wie Emotionen zu normalisieren und Menschen mit Problemen dazu ermutigt, Hilfe zu suchen, was letztlich <strong>einen Nutzen f\u00fcr die Gesellschaft und die \u00f6ffentliche Gesundheit<\/strong> bringt.<\/p>\n\n\n\n<h3 class=\"wp-block-heading\">Wenn dir dieser Artikel \u00fcber den Beitrag der Prominenten zu psychischen Problemen gefallen hat, k\u00f6nnten dich auch die folgenden Artikel interessieren:<\/h3>\n\n\n\n<div style=\"height:50px\" aria-hidden=\"true\" class=\"wp-block-spacer\"><\/div>\n\n\n\n<div class=\"wp-block-group br-0111 has-primary-background-color has-background has-dark-background has-sm-padding-top has-sm-padding-left has-sm-padding-right has-xxl-margin-top\"><div class=\"wp-block-group__inner-container is-layout-constrained wp-block-group-is-layout-constrained\">\n<div class=\"wp-block-columns is-layout-flex wp-container-core-columns-is-layout-9d6595d7 wp-block-columns-is-layout-flex\">\n<div class=\"wp-block-column is-layout-flow wp-block-column-is-layout-flow\">\n<figure class=\"wp-block-image size-full desktop-position-absolute desktop-bottom-0 mobile-width-50 mobile-m-inline-auto has-xl-margin-top\"><img decoding=\"async\" width=\"292\" height=\"338\" src=\"https:\/\/neuronup.com\/de\/wp-content\/uploads\/2023\/12\/Produkt-Zertifikat.webp\" alt=\"\" class=\"wp-image-27552\" srcset=\"https:\/\/neuronup.com\/de\/wp-content\/uploads\/2023\/12\/Produkt-Zertifikat-259x300.webp 259w, https:\/\/neuronup.com\/de\/wp-content\/uploads\/2023\/12\/Produkt-Zertifikat.webp 292w\" sizes=\"(max-width: 292px) 100vw, 292px\" \/><\/figure>\n<\/div>\n\n\n\n<div class=\"wp-block-column is-layout-flow wp-block-column-is-layout-flow\">\n<h2 class=\"wp-block-heading has-white-color has-text-color\">Melden Sie sich<br> f\u00fcr unseren<br> <strong>Newsletter<\/strong>\u00a0an<\/h2>\n\n\n\n<div class=\"wp-block-buttons is-layout-flex wp-block-buttons-is-layout-flex\">\n<div class=\"wp-block-button--1\" style=\"--button-outline-color:var(--color-white);--button-outline-color-hover:rgba(0,0,0,0.8);\"><a class=\"wp-block-button__link button button-outline   wp-element-button\" href=\"https:\/\/neuronup.com\/de\/newsletter\/#form\">Jetzt anmelden<\/a><\/div>\n\n<\/div>\n\n\n\n<div style=\"height:40px\" aria-hidden=\"true\" class=\"wp-block-spacer\"><\/div>\n<\/div>\n<\/div>\n<\/div><\/div>\n\n\n\n\n<div style=\"height:50px\" aria-hidden=\"true\" class=\"wp-block-spacer\"><\/div>\n\n<div class=\"mai-grid entries entries-grid has-boxed has-image-full\" style=\"--entry-title-font-size:var(--font-size-lg);--align-text:start;--entry-meta-text-align:start;\"><div class=\"entries-wrap has-columns\" style=\"--columns-xs:1\/1;--columns-sm:1\/1;--columns-md:1\/3;--columns-lg:1\/3;--flex-xs:0 0 var(--flex-basis);--flex-sm:0 0 var(--flex-basis);--flex-md:0 0 var(--flex-basis);--flex-lg:0 0 var(--flex-basis);--column-gap:var(--spacing-lg);--row-gap:var(--spacing-lg);--align-columns:start;\"><article class=\"entry entry-grid is-column has-entry-link has-image has-image-first type-post category-parkinson tag-neuronup-nachrichten tag-parkinson\" style=\"--entry-index:1;\" aria-label=\"Auswirkungen eines kognitiven Trainings auf das Gleichgewicht und die motorischen Symptome bei der Parkinson-Krankheit: eine randomisierte kontrollierte Studie zur Sondierung\" itemscope itemtype=\"https:\/\/schema.org\/CreativeWork\"><a class=\"entry-image-link\" href=\"https:\/\/neuronup.com\/de\/kognitive-stimulation-und-rehabilitation\/neurodegenerative-erkrankungen\/parkinson\/auswirkungen-eines-kognitiven-trainings-auf-das-gleichgewicht-und-die-motorischen-symptome-bei-der-parkinson-krankheit-eine-randomisierte-kontrollierte-studie-zur-sondierung\/\" tabindex=\"-1\" aria-hidden=\"true\"><img decoding=\"async\" width=\"400\" height=\"300\" src=\"https:\/\/neuronup.com\/de\/wp-content\/uploads\/2025\/04\/Auswirkungen-eines-kognitiven-Trainings-auf-das-Gleichgewicht-und-die-motorischen-Symptome-bei-der-Parkinson-Krankheit-eine-randomisierte-kontrollierte-Studie-zur-Sondierung-400x300.webp\" class=\"entry-image size-landscape-sm\" alt=\"Auswirkungen eines kognitiven Trainings auf das Gleichgewicht und die motorischen Symptome bei der Parkinson-Krankheit eine randomisierte kontrollierte Studie zur Sondierung\" srcset=\"https:\/\/neuronup.com\/de\/wp-content\/uploads\/2025\/04\/Auswirkungen-eines-kognitiven-Trainings-auf-das-Gleichgewicht-und-die-motorischen-Symptome-bei-der-Parkinson-Krankheit-eine-randomisierte-kontrollierte-Studie-zur-Sondierung-400x300.webp 400w, https:\/\/neuronup.com\/de\/wp-content\/uploads\/2025\/04\/Auswirkungen-eines-kognitiven-Trainings-auf-das-Gleichgewicht-und-die-motorischen-Symptome-bei-der-Parkinson-Krankheit-eine-randomisierte-kontrollierte-Studie-zur-Sondierung-800x600.webp 800w\" sizes=\"(max-width:599px) 599px, (min-width:600px) and (max-width: 799px) 799px, (min-width:800px) and (max-width: 999px) 333px, (min-width:1000px) 400px\" \/><\/a><div class=\"entry-wrap entry-wrap-grid\"><h3 class=\"entry-title\" itemprop=\"headline\"><a class=\"entry-title-link\" href=\"https:\/\/neuronup.com\/de\/kognitive-stimulation-und-rehabilitation\/neurodegenerative-erkrankungen\/parkinson\/auswirkungen-eines-kognitiven-trainings-auf-das-gleichgewicht-und-die-motorischen-symptome-bei-der-parkinson-krankheit-eine-randomisierte-kontrollierte-studie-zur-sondierung\/\" rel=\"bookmark\">Auswirkungen eines kognitiven Trainings auf das Gleichgewicht und die motorischen Symptome bei der Parkinson-Krankheit: eine randomisierte kontrollierte Studie zur Sondierung<\/a><\/h3>\n<\/div><\/article><article class=\"entry entry-grid is-column has-entry-link has-image has-image-first type-post category-ergotherapie tag-aktivitaten-des-taglichen-lebens tag-erfahrungsberichte tag-ergotherapie tag-telerehabilitation\" style=\"--entry-index:2;\" aria-label=\"Ergotherapie zu Hause: Was sie ist und wie sie funktioniert\" itemscope itemtype=\"https:\/\/schema.org\/CreativeWork\"><a class=\"entry-image-link\" href=\"https:\/\/neuronup.com\/de\/kognitive-stimulation-und-rehabilitation\/ergotherapie\/hausliche-ergotherapie-was-sie-ist-und-wie-sie-funktioniert\/\" tabindex=\"-1\" aria-hidden=\"true\"><img decoding=\"async\" width=\"400\" height=\"246\" src=\"https:\/\/neuronup.com\/de\/wp-content\/uploads\/2022\/11\/terapia-ocupacional-online-1.webp\" class=\"entry-image size-landscape-sm\" alt=\"Ergotherapie zu Hause: Was es ist und wie sie arbeitet\" srcset=\"https:\/\/neuronup.com\/de\/wp-content\/uploads\/2022\/11\/terapia-ocupacional-online-1-300x185.webp 300w, https:\/\/neuronup.com\/de\/wp-content\/uploads\/2022\/11\/terapia-ocupacional-online-1-768x473.webp 768w, https:\/\/neuronup.com\/de\/wp-content\/uploads\/2022\/11\/terapia-ocupacional-online-1-1024x631.webp 1024w, https:\/\/neuronup.com\/de\/wp-content\/uploads\/2022\/11\/terapia-ocupacional-online-1.webp 1205w\" sizes=\"(max-width:599px) 599px, (min-width:600px) and (max-width: 799px) 799px, (min-width:800px) and (max-width: 999px) 333px, (min-width:1000px) 400px\" \/><\/a><div class=\"entry-wrap entry-wrap-grid\"><h3 class=\"entry-title\" itemprop=\"headline\"><a class=\"entry-title-link\" href=\"https:\/\/neuronup.com\/de\/kognitive-stimulation-und-rehabilitation\/ergotherapie\/hausliche-ergotherapie-was-sie-ist-und-wie-sie-funktioniert\/\" rel=\"bookmark\">Ergotherapie zu Hause: Was sie ist und wie sie funktioniert<\/a><\/h3>\n<\/div><\/article><article class=\"entry entry-grid is-column has-entry-link has-image has-image-first type-post category-aktivitaten-der-exekutivfunktionen tag-aktivitaten-zur-kognitiven-stimulation tag-aktivitaten-zur-kognitiven-stimulation-fur-erwachsene tag-erwachsene tag-exekutive-funktionen tag-neuronup-nachrichten\" style=\"--entry-index:3;\" aria-label=\"Inhibitionsspiel f\u00fcr Erwachsene: Kategorien gegen die Uhr\" itemscope itemtype=\"https:\/\/schema.org\/CreativeWork\"><a class=\"entry-image-link\" href=\"https:\/\/neuronup.com\/de\/aktivitaten-fur-neurorehabilitation\/aktivitaten-fur-kognitive-funktionen\/aktivitaten-der-exekutivfunktionen\/impulskontrollspiel-fur-erwachsene-kategorien-gegen-die-uhr\/\" tabindex=\"-1\" aria-hidden=\"true\"><img decoding=\"async\" width=\"400\" height=\"225\" src=\"https:\/\/neuronup.com\/de\/wp-content\/uploads\/2024\/03\/Categorias-a-contrarreloj-NeuronUP.webp\" class=\"entry-image size-landscape-sm\" alt=\"Kategorien im Schnellvergleich neue Aktivit\u00e4t NeuronUP\" srcset=\"https:\/\/neuronup.com\/de\/wp-content\/uploads\/2024\/03\/Categorias-a-contrarreloj-NeuronUP-300x169.webp 300w, https:\/\/neuronup.com\/de\/wp-content\/uploads\/2024\/03\/Categorias-a-contrarreloj-NeuronUP-768x432.webp 768w, https:\/\/neuronup.com\/de\/wp-content\/uploads\/2024\/03\/Categorias-a-contrarreloj-NeuronUP-1024x576.webp 1024w, https:\/\/neuronup.com\/de\/wp-content\/uploads\/2024\/03\/Categorias-a-contrarreloj-NeuronUP.webp 1199w\" sizes=\"(max-width:599px) 599px, (min-width:600px) and (max-width: 799px) 799px, (min-width:800px) and (max-width: 999px) 333px, (min-width:1000px) 400px\" \/><\/a><div class=\"entry-wrap entry-wrap-grid\"><h3 class=\"entry-title\" itemprop=\"headline\"><a class=\"entry-title-link\" href=\"https:\/\/neuronup.com\/de\/aktivitaten-fur-neurorehabilitation\/aktivitaten-fur-kognitive-funktionen\/aktivitaten-der-exekutivfunktionen\/impulskontrollspiel-fur-erwachsene-kategorien-gegen-die-uhr\/\" rel=\"bookmark\">Inhibitionsspiel f\u00fcr Erwachsene: Kategorien gegen die Uhr<\/a><\/h3>\n<\/div><\/article><article class=\"entry entry-grid is-column has-entry-link has-image has-image-first type-post category-gehirn-neurowissenschaften tag-gehirn tag-neuropsychologie\" style=\"--entry-index:4;\" aria-label=\"Spiegelneuronensystem: Funktion, Dysfunktion und Vorschl\u00e4ge f\u00fcr die Rehabilitation\" itemscope itemtype=\"https:\/\/schema.org\/CreativeWork\"><a class=\"entry-image-link\" href=\"https:\/\/neuronup.com\/de\/neurowissenschaften\/gehirn-neurowissenschaften\/spiegelneuronensystem-funktion-dysfunktion-und-vorschlaege-fuer-die-rehabilitation\/\" tabindex=\"-1\" aria-hidden=\"true\"><img decoding=\"async\" width=\"400\" height=\"300\" src=\"https:\/\/neuronup.com\/de\/wp-content\/uploads\/2024\/05\/Spiegelneuronen.webp\" class=\"entry-image size-landscape-sm\" alt=\"Spiegelneuronen\" srcset=\"https:\/\/neuronup.com\/de\/wp-content\/uploads\/2024\/05\/Spiegelneuronen-300x225.webp 300w, https:\/\/neuronup.com\/de\/wp-content\/uploads\/2024\/05\/Spiegelneuronen.webp 400w\" sizes=\"(max-width:599px) 599px, (min-width:600px) and (max-width: 799px) 799px, (min-width:800px) and (max-width: 999px) 333px, (min-width:1000px) 400px\" \/><\/a><div class=\"entry-wrap entry-wrap-grid\"><h3 class=\"entry-title\" itemprop=\"headline\"><a class=\"entry-title-link\" href=\"https:\/\/neuronup.com\/de\/neurowissenschaften\/gehirn-neurowissenschaften\/spiegelneuronensystem-funktion-dysfunktion-und-vorschlaege-fuer-die-rehabilitation\/\" rel=\"bookmark\">Spiegelneuronensystem: Funktion, Dysfunktion und Vorschl\u00e4ge f\u00fcr die Rehabilitation<\/a><\/h3>\n<\/div><\/article><article class=\"entry entry-grid is-column has-entry-link has-image has-image-first type-post category-neue-technologien tag-forschung tag-neuropsychologische-diagnostik\" style=\"--entry-index:5;\" aria-label=\"Die Digitalisierung in der neuropsychologischen Diagnostik\" itemscope itemtype=\"https:\/\/schema.org\/CreativeWork\"><a class=\"entry-image-link\" href=\"https:\/\/neuronup.com\/de\/forschung\/neue-technologien\/die-digitalisierung-in-der-neuropsychologischen-diagnostik\/\" tabindex=\"-1\" aria-hidden=\"true\"><img decoding=\"async\" width=\"400\" height=\"267\" src=\"https:\/\/neuronup.com\/de\/wp-content\/uploads\/2025\/05\/La-digitalizacion-en-la-evaluacion-neuropsicologica-Marcos-Rios-NeuronUP.webp\" class=\"entry-image size-landscape-sm\" alt=\"Digitalisierung in der neuropsychologischen Bewertung Marcos R\u00edos NeuronUP\" srcset=\"https:\/\/neuronup.com\/de\/wp-content\/uploads\/2025\/05\/La-digitalizacion-en-la-evaluacion-neuropsicologica-Marcos-Rios-NeuronUP-300x200.webp 300w, https:\/\/neuronup.com\/de\/wp-content\/uploads\/2025\/05\/La-digitalizacion-en-la-evaluacion-neuropsicologica-Marcos-Rios-NeuronUP-768x512.webp 768w, https:\/\/neuronup.com\/de\/wp-content\/uploads\/2025\/05\/La-digitalizacion-en-la-evaluacion-neuropsicologica-Marcos-Rios-NeuronUP-1024x683.webp 1024w, https:\/\/neuronup.com\/de\/wp-content\/uploads\/2025\/05\/La-digitalizacion-en-la-evaluacion-neuropsicologica-Marcos-Rios-NeuronUP.webp 1200w\" sizes=\"(max-width:599px) 599px, (min-width:600px) and (max-width: 799px) 799px, (min-width:800px) and (max-width: 999px) 333px, (min-width:1000px) 400px\" \/><\/a><div class=\"entry-wrap entry-wrap-grid\"><h3 class=\"entry-title\" itemprop=\"headline\"><a class=\"entry-title-link\" href=\"https:\/\/neuronup.com\/de\/forschung\/neue-technologien\/die-digitalisierung-in-der-neuropsychologischen-diagnostik\/\" rel=\"bookmark\">Die Digitalisierung in der neuropsychologischen Diagnostik<\/a><\/h3>\n<\/div><\/article><article class=\"entry entry-grid is-column has-entry-link has-image has-image-first type-post category-neurodegenerative-erkrankungen tag-alzheimer tag-kognitives-training\" style=\"--entry-index:6;\" aria-label=\"Hippocampus-Atrophie: Unterschiede zwischen leichter kognitiver Beeintr\u00e4chtigung (MCI) und der Alzheimer-Krankheit (AD)\" itemscope itemtype=\"https:\/\/schema.org\/CreativeWork\"><a class=\"entry-image-link\" href=\"https:\/\/neuronup.com\/de\/kognitive-stimulation-und-rehabilitation\/neurodegenerative-erkrankungen\/hippocampus-atrophie-unterschiede-zwischen-leichter-kognitiver-beeintraechtigung-mci-und-der-alzheimer-krankheit-ad\/\" tabindex=\"-1\" aria-hidden=\"true\"><img decoding=\"async\" width=\"400\" height=\"300\" src=\"https:\/\/neuronup.com\/de\/wp-content\/uploads\/2025\/05\/Hippocampus-Atrophie-Unterschiede-zwischen-leichter-kognitiver-Beeintraechtigung-MCI-und-der-Alzheimer-Krankheit-AD-400x300.webp\" class=\"entry-image size-landscape-sm\" alt=\"Hippocampus-Atrophie Unterschiede zwischen leichter kognitiver Beeintr\u00e4chtigung (MCI) und der Alzheimer-Krankheit (AD)\" srcset=\"https:\/\/neuronup.com\/de\/wp-content\/uploads\/2025\/05\/Hippocampus-Atrophie-Unterschiede-zwischen-leichter-kognitiver-Beeintraechtigung-MCI-und-der-Alzheimer-Krankheit-AD-400x300.webp 400w, https:\/\/neuronup.com\/de\/wp-content\/uploads\/2025\/05\/Hippocampus-Atrophie-Unterschiede-zwischen-leichter-kognitiver-Beeintraechtigung-MCI-und-der-Alzheimer-Krankheit-AD-800x600.webp 800w\" sizes=\"(max-width:599px) 599px, (min-width:600px) and (max-width: 799px) 799px, (min-width:800px) and (max-width: 999px) 333px, (min-width:1000px) 400px\" \/><\/a><div class=\"entry-wrap entry-wrap-grid\"><h3 class=\"entry-title\" itemprop=\"headline\"><a class=\"entry-title-link\" href=\"https:\/\/neuronup.com\/de\/kognitive-stimulation-und-rehabilitation\/neurodegenerative-erkrankungen\/hippocampus-atrophie-unterschiede-zwischen-leichter-kognitiver-beeintraechtigung-mci-und-der-alzheimer-krankheit-ad\/\" rel=\"bookmark\">Hippocampus-Atrophie: Unterschiede zwischen leichter kognitiver Beeintr\u00e4chtigung (MCI) und der Alzheimer-Krankheit (AD)<\/a><\/h3>\n<\/div><\/article><\/div><\/div>\n\n\n<div style=\"height:50px\" aria-hidden=\"true\" class=\"wp-block-spacer\"><\/div>\n\n\n\n<p class=\"has-sm-font-size\">Dieser Artikel wurde \u00fcbersetzt; Link zum Originalartikel auf Spanisch:<br \/><a href=\"https:\/\/neuronup.com\/psicologia\/los-famosos-contribuyen-a-normalizar-los-problemas-de-salud-mental\/\" data-type=\"link\" data-id=\"https:\/\/neuronup.com\/psicologia\/los-famosos-contribuyen-a-normalizar-los-problemas-de-salud-mental\/\"><em>Los famosos contribuyen a normalizar los problemas de salud mental<\/em><\/a><\/p>\n\n","protected":false},"excerpt":{"rendered":"<p>Ein neuer Trend bahnt sich in der scheinbar perfekten Welt der Prominenten an. Denn in den letzten Jahren hat sich die Zahl der bekannten Gesichter, die sich der \u00f6ffentlichen Meinung \u00f6ffnen und ihre psychischen Gesundheitsprobleme offenlegen, exponentiell vervielfacht. Psychische Gesundheitsprobleme im Mittelpunkt der Diskussion Von Schauspielern \u00fcber Musiker bis hin zu Fu\u00dfballspielern haben viele beschlossen, &hellip;<\/p>\n","protected":false},"author":134,"featured_media":23264,"comment_status":"open","ping_status":"open","sticky":false,"template":"","format":"standard","meta":{"_acf_changed":false,"_genesis_hide_title":false,"_genesis_hide_breadcrumbs":false,"_genesis_hide_singular_image":false,"_genesis_hide_footer_widgets":false,"_genesis_custom_body_class":"","_genesis_custom_post_class":"","_genesis_layout":"","footnotes":""},"categories":[91],"tags":[449],"class_list":{"2":"type-post","7":"category-psychologie","8":"tag-psychische-gesundheit","9":"entry"},"acf":[],"_links":{"self":[{"href":"https:\/\/neuronup.com\/de\/wp-json\/wp\/v2\/posts\/23262","targetHints":{"allow":["GET"]}}],"collection":[{"href":"https:\/\/neuronup.com\/de\/wp-json\/wp\/v2\/posts"}],"about":[{"href":"https:\/\/neuronup.com\/de\/wp-json\/wp\/v2\/types\/post"}],"author":[{"embeddable":true,"href":"https:\/\/neuronup.com\/de\/wp-json\/wp\/v2\/users\/134"}],"replies":[{"embeddable":true,"href":"https:\/\/neuronup.com\/de\/wp-json\/wp\/v2\/comments?post=23262"}],"version-history":[{"count":0,"href":"https:\/\/neuronup.com\/de\/wp-json\/wp\/v2\/posts\/23262\/revisions"}],"wp:featuredmedia":[{"embeddable":true,"href":"https:\/\/neuronup.com\/de\/wp-json\/wp\/v2\/media\/23264"}],"wp:attachment":[{"href":"https:\/\/neuronup.com\/de\/wp-json\/wp\/v2\/media?parent=23262"}],"wp:term":[{"taxonomy":"category","embeddable":true,"href":"https:\/\/neuronup.com\/de\/wp-json\/wp\/v2\/categories?post=23262"},{"taxonomy":"post_tag","embeddable":true,"href":"https:\/\/neuronup.com\/de\/wp-json\/wp\/v2\/tags?post=23262"}],"curies":[{"name":"wp","href":"https:\/\/api.w.org\/{rel}","templated":true}]}}