{"id":22865,"date":"2026-01-23T11:26:14","date_gmt":"2026-01-23T11:26:14","guid":{"rendered":"https:\/\/neuronup.com\/?p=22865"},"modified":"2026-01-23T11:26:14","modified_gmt":"2026-01-23T11:26:14","slug":"aktivitat-zum-alphabetischen-sortieren-von-wortern","status":"publish","type":"post","link":"https:\/\/neuronup.com\/de\/aktivitaten-fur-neurorehabilitation\/aktivitaten-fur-kognitive-funktionen\/gedachtnisaktivitaten\/aktivitat-zum-alphabetischen-sortieren-von-wortern\/","title":{"rendered":"Aktivit\u00e4t zum alphabetischen Sortieren von W\u00f6rtern"},"content":{"rendered":"\n<p class=\"has-xl-font-size\">Heute pr\u00e4sentieren wir euch eine Aktivit\u00e4t zum alphabetischen Ordnen von W\u00f6rtern, die euch begeistern wird. Es handelt sich um <strong><em>W\u00f6rter alphabetisch ordnen<\/em>.<\/strong>&nbsp;&nbsp;Eine grundlegende \u00dcbung, um zu \u00fcben, wie man verschiedene Konzepte sortiert, die uns zwei Fachkr\u00e4fte aus unterschiedlichen Einrichtungen angefragt haben: Roser Fern\u00e1ndez von der Fundaci\u00f3n Aura in Barcelona und Silvia Canal von der Residenz Los Nogales Imperial in Madrid.<\/p>\n\n\n\n<h2 class=\"wp-block-heading\">Worum geht es?<\/h2>\n\n\n\n<p>Die Nutzer m\u00fcssen <strong>W\u00f6rter in alphabetischer Reihenfolge ordnen<\/strong>, wie im folgenden Video gezeigt:<\/p>\n\n\n\n<figure class=\"wp-block-embed is-type-video is-provider-youtube wp-block-embed-youtube wp-embed-aspect-4-3 wp-has-aspect-ratio\"><div class=\"wp-block-embed__wrapper\">\n<iframe title=\"Actividad de NeuronUP Ordenar alfab\u00e9ticamente palabras\" width=\"800\" height=\"600\" src=\"https:\/\/www.youtube.com\/embed\/_q6pTkNT_LA?feature=oembed\" frameborder=\"0\" allow=\"accelerometer; autoplay; clipboard-write; encrypted-media; gyroscope; picture-in-picture; web-share\" allowfullscreen><\/iframe>\n<\/div><\/figure>\n\n\n\n<h2 class=\"wp-block-heading\">Welche Funktionen werden bei dieser Aktivit\u00e4t \u201eW\u00f6rter alphabetisch ordnen\u201c gef\u00f6rdert?<\/h2>\n\n\n\n<h3 class=\"wp-block-heading\">Hauptfunktion<\/h3>\n\n\n\n<p>Diese Aktivit\u00e4t trainiert in erster Linie das <strong>Arbeitsged\u00e4chtnis<\/strong>. Der Nutzer geht dabei mental das Alphabet durch und w\u00e4hlt die entsprechenden W\u00f6rter aus.<\/p>\n\n\n\n<h3 class=\"wp-block-heading\">Sekund\u00e4re Funktionen<\/h3>\n\n\n\n<ul class=\"wp-block-list\">\n<li><strong>Semantisches Ged\u00e4chtnis<\/strong>, weil der Nutzer das Alphabet kennen muss;<\/li>\n\n\n\n<li><strong>Lesef\u00e4higkeit<\/strong>, weil der Nutzer die Buchstaben erkennen und sich mit ihnen vertraut machen muss.<\/li>\n<\/ul>\n\n\n\n<h2 class=\"wp-block-heading\">Anwendung im Alltag<\/h2>\n\n\n\n<p>Diese Aktivit\u00e4t zum alphabetischen Ordnen von W\u00f6rtern kann im Alltag angewendet werden f\u00fcr:<\/p>\n\n\n\n<ul class=\"wp-block-list\">\n<li>Verschiedene Begriffe ordnen,<\/li>\n\n\n\n<li>Formulare ausf\u00fcllen, in denen die Eintr\u00e4ge alphabetisch geordnet sind,<\/li>\n\n\n\n<li>Namen in einer Liste finden,<\/li>\n\n\n\n<li>B\u00fccher in einer Bibliothek finden.<\/li>\n<\/ul>\n\n\n\n<div class=\"wp-block-group\"><div class=\"wp-block-group__inner-container is-layout-constrained wp-block-group-is-layout-constrained\">\n<div class=\"wp-block-columns br-0111 particle-bg p-5 has-primary-background-color has-background is-layout-flex wp-container-core-columns-is-layout-9d6595d7 wp-block-columns-is-layout-flex\">\n<div class=\"wp-block-column is-layout-flow wp-block-column-is-layout-flow\" style=\"flex-basis:66.66%\">\n<h2 class=\"wp-block-heading has-white-color has-text-color\">Testen Sie NeuronUP 7 Tage kostenlos<\/h2>\n\n\n\n<p class=\"has-white-color has-text-color\">Probieren Sie unsere verschiedenen \u00dcbungen, erstellen Sie Sitzungen oder arbeiten Sie remote mithilfe von Online-Sitzungen<\/p>\n<\/div>\n\n\n\n<div class=\"wp-block-column is-layout-flow wp-block-column-is-layout-flow\" style=\"flex-basis:33.33%\">\n<div class=\"wp-block-buttons is-content-justification-center is-layout-flex wp-container-core-buttons-is-layout-16018d1d wp-block-buttons-is-layout-flex\">\n<div class=\"wp-block-button\" style=\"--button-background:var(--color-custom-1);--button-background-hover:#cc7e00;\"><a class=\"wp-block-button__link button   wp-element-button\" href=\"https:\/\/neuronup.com\/de\/landing-store-user\/\">Kostenlos testen<\/a><\/div>\n\n<\/div>\n<\/div>\n<\/div>\n<\/div><\/div>\n\n\n\n<h2 class=\"wp-block-heading\">Personalisierung der Aktivit\u00e4t<\/h2>\n\n\n\n<p>Denke daran, dass du diesen Generator an die F\u00e4higkeiten jedes Nutzers anpassen kannst.<\/p>\n\n\n\n<h3 class=\"wp-block-heading\">Allgemeine Aspekte<\/h3>\n\n\n\n<p>Du kannst einerseits allgemeine Einstellungen wie den Funktionsmodus, die maximal verf\u00fcgbare Zeit, die Sichtbarkeit eines Timers und eine Inaktivit\u00e4tswarnung festlegen oder die Durchf\u00fchrungshinweise \u00e4ndern.<\/p>\n\n\n\n<h3 class=\"wp-block-heading\">Parameter<\/h3>\n\n\n\n<p>Und zum anderen die Parameter, bei denen du w\u00e4hlen kannst:<\/p>\n\n\n\n<ul class=\"wp-block-list\">\n<li><strong>Die Reihenfolge:<\/strong> aufsteigend oder absteigend,<\/li>\n\n\n\n<li><strong>Anzahl der W\u00f6rter<\/strong>,<\/li>\n\n\n\n<li><strong>Die W\u00f6rter:<\/strong> Du kannst festlegen, ob sie zuf\u00e4llig gew\u00e4hlt werden, zu einem bestimmten Thema angeh\u00f6ren oder <strong>selbst von dir ausgew\u00e4hlt<\/strong> werden, entsprechend den Vorlieben und Bed\u00fcrfnissen deines Nutzers.<\/li>\n<\/ul>\n\n\n\n<h3 class=\"wp-block-heading\">Anpassbarkeit<\/h3>\n\n\n\n<p>Du kannst au\u00dferdem die <strong>Ausrichtung<\/strong> w\u00e4hlen, damit die W\u00f6rter auf der einen oder anderen Seite des Bildschirms dargestellt werden. So kann es f\u00fcr den Patienten, wenn er Linksh\u00e4nder ist oder Mobilit\u00e4tseinschr\u00e4nkungen hat, viel bequemer sein, auf dem Tablet zu arbeiten.<\/p>\n\n\n\n<h2 class=\"wp-block-heading\">Format<\/h2>\n\n\n\n<p>Dieser Generator zum alphabetischen Ordnen von W\u00f6rtern ist nicht nur im <strong>digitalen<\/strong> Format verf\u00fcgbar, sondern auch f\u00fcr die Arbeit auf <strong>Papier<\/strong>. Du kannst ihn personalisieren, ausdrucken und mit jedem deiner Nutzer einsetzen.<\/p>\n\n\n\n<h3 class=\"wp-block-heading\">Wenn dir diese Aktivit\u00e4t zum alphabetischen Ordnen von W\u00f6rtern gefallen hat, k\u00f6nnten dich auch diese Artikel interessieren:<\/h3>\n\n<div class=\"mai-grid entries entries-grid has-boxed has-image-full\" style=\"--entry-title-font-size:var(--font-size-lg);--align-text:start;--entry-meta-text-align:start;\"><div class=\"entries-wrap has-columns\" style=\"--columns-xs:1\/1;--columns-sm:1\/1;--columns-md:1\/3;--columns-lg:1\/3;--flex-xs:0 0 var(--flex-basis);--flex-sm:0 0 var(--flex-basis);--flex-md:0 0 var(--flex-basis);--flex-lg:0 0 var(--flex-basis);--column-gap:var(--spacing-lg);--row-gap:var(--spacing-lg);--align-columns:start;\"><article class=\"entry entry-grid is-column has-entry-link has-image has-image-first type-post category-down-syndrom tag-down-syndrom tag-erfahrungsberichte tag-intellektuelle-behinderung tag-kognitive-stimulation\" style=\"--entry-index:1;\" aria-label=\"Wie arbeitet eine Down-Syndrom-Stiftung?\" itemscope itemtype=\"https:\/\/schema.org\/CreativeWork\"><a class=\"entry-image-link\" href=\"https:\/\/neuronup.com\/de\/kognitive-stimulation-und-rehabilitation\/menschen-mit-behinderung\/down-syndrom\/wie-arbeitet-eine-stiftung-fur-das-down-syndrom\/\" tabindex=\"-1\" aria-hidden=\"true\"><img decoding=\"async\" width=\"319\" height=\"300\" src=\"https:\/\/neuronup.com\/de\/wp-content\/uploads\/2022\/02\/La-Fundacion-Sindrome-de-Down-de-la-Region-de-Murcia-FUNDOWN-explica-en-este-articulo-las-acciones-y-programas-de-estimulacion-y-rehabilitacion-cognitiva.webp\" class=\"entry-image size-landscape-sm\" alt=\"Die Stiftung S\u00edndrome de Down de la Regi\u00f3n de Murcia (FUNDOWN) erkl\u00e4rt in diesem Artikel die Ma\u00dfnahmen und Programme zur Stimulation und kognitiven Rehabilitation\" srcset=\"https:\/\/neuronup.com\/de\/wp-content\/uploads\/2022\/02\/La-Fundacion-Sindrome-de-Down-de-la-Region-de-Murcia-FUNDOWN-explica-en-este-articulo-las-acciones-y-programas-de-estimulacion-y-rehabilitacion-cognitiva-300x282.webp 300w, https:\/\/neuronup.com\/de\/wp-content\/uploads\/2022\/02\/La-Fundacion-Sindrome-de-Down-de-la-Region-de-Murcia-FUNDOWN-explica-en-este-articulo-las-acciones-y-programas-de-estimulacion-y-rehabilitacion-cognitiva-768x721.webp 768w, https:\/\/neuronup.com\/de\/wp-content\/uploads\/2022\/02\/La-Fundacion-Sindrome-de-Down-de-la-Region-de-Murcia-FUNDOWN-explica-en-este-articulo-las-acciones-y-programas-de-estimulacion-y-rehabilitacion-cognitiva-1024x962.webp 1024w, https:\/\/neuronup.com\/de\/wp-content\/uploads\/2022\/02\/La-Fundacion-Sindrome-de-Down-de-la-Region-de-Murcia-FUNDOWN-explica-en-este-articulo-las-acciones-y-programas-de-estimulacion-y-rehabilitacion-cognitiva.webp 1200w\" sizes=\"(max-width:599px) 599px, (min-width:600px) and (max-width: 799px) 799px, (min-width:800px) and (max-width: 999px) 333px, (min-width:1000px) 400px\" \/><\/a><div class=\"entry-wrap entry-wrap-grid\"><h3 class=\"entry-title\" itemprop=\"headline\"><a class=\"entry-title-link\" href=\"https:\/\/neuronup.com\/de\/kognitive-stimulation-und-rehabilitation\/menschen-mit-behinderung\/down-syndrom\/wie-arbeitet-eine-stiftung-fur-das-down-syndrom\/\" rel=\"bookmark\">Wie arbeitet eine Down-Syndrom-Stiftung?<\/a><\/h3>\n<\/div><\/article><article class=\"entry entry-grid is-column has-entry-link has-image has-image-first type-post category-erfahrungsberichte tag-erfahrungsberichte tag-kinder tag-kognitives-training\" style=\"--entry-index:2;\" aria-label=\"Optimierung des kognitiven Trainings: Die Rolle von NeuronUP in unserer Einrichtung\" itemscope itemtype=\"https:\/\/schema.org\/CreativeWork\"><a class=\"entry-image-link\" href=\"https:\/\/neuronup.com\/de\/kognitive-stimulation-und-rehabilitation\/erfahrungsberichte\/optimierung-des-kognitiven-trainings-die-rolle-von-neuronup-in-unserer-einrichtung\/\" tabindex=\"-1\" aria-hidden=\"true\"><img decoding=\"async\" width=\"400\" height=\"300\" src=\"https:\/\/neuronup.com\/de\/wp-content\/uploads\/2024\/07\/Patient-arbeitet-im-psychosozialen-Zentrum-Brainkare-768x1024-1-400x300.webp\" class=\"entry-image size-landscape-sm\" alt=\"Patient-arbeitet-im-psychosozialen-Zentrum-Brainkare-768x1024\" \/><\/a><div class=\"entry-wrap entry-wrap-grid\"><h3 class=\"entry-title\" itemprop=\"headline\"><a class=\"entry-title-link\" href=\"https:\/\/neuronup.com\/de\/kognitive-stimulation-und-rehabilitation\/erfahrungsberichte\/optimierung-des-kognitiven-trainings-die-rolle-von-neuronup-in-unserer-einrichtung\/\" rel=\"bookmark\">Optimierung des kognitiven Trainings: Die Rolle von NeuronUP in unserer Einrichtung<\/a><\/h3>\n<\/div><\/article><article class=\"entry entry-grid is-column has-entry-link has-image has-image-first type-post category-neuronup-nachrichten tag-erwachsene tag-kinder tag-kognitive-stimulation tag-neuronup-nachrichten\" style=\"--entry-index:3;\" aria-label=\"Entdecken Sie an diesem Valentinstag die Vorteile der Rehabilitation und kognitiven Stimulation als Paar\" itemscope itemtype=\"https:\/\/schema.org\/CreativeWork\"><a class=\"entry-image-link\" href=\"https:\/\/neuronup.com\/de\/neuronup-nachrichten\/diesen-valentinstag-entdecke-die-vorteile-von-rehabilitation-und-kognitiver-stimulation-als-paar\/\" tabindex=\"-1\" aria-hidden=\"true\"><img decoding=\"async\" width=\"400\" height=\"267\" src=\"https:\/\/neuronup.com\/de\/wp-content\/uploads\/2025\/02\/San-Valentin-NeuronUP.webp\" class=\"entry-image size-landscape-sm\" alt=\"Entdecke an diesem Valentinstag die Vorteile der Rehabilitation und kognitiven Stimulation im Partnerkreis\" srcset=\"https:\/\/neuronup.com\/de\/wp-content\/uploads\/2025\/02\/San-Valentin-NeuronUP-300x200.webp 300w, https:\/\/neuronup.com\/de\/wp-content\/uploads\/2025\/02\/San-Valentin-NeuronUP-768x512.webp 768w, https:\/\/neuronup.com\/de\/wp-content\/uploads\/2025\/02\/San-Valentin-NeuronUP-1024x683.webp 1024w, https:\/\/neuronup.com\/de\/wp-content\/uploads\/2025\/02\/San-Valentin-NeuronUP.webp 1200w\" sizes=\"(max-width:599px) 599px, (min-width:600px) and (max-width: 799px) 799px, (min-width:800px) and (max-width: 999px) 333px, (min-width:1000px) 400px\" \/><\/a><div class=\"entry-wrap entry-wrap-grid\"><h3 class=\"entry-title\" itemprop=\"headline\"><a class=\"entry-title-link\" href=\"https:\/\/neuronup.com\/de\/neuronup-nachrichten\/diesen-valentinstag-entdecke-die-vorteile-von-rehabilitation-und-kognitiver-stimulation-als-paar\/\" rel=\"bookmark\">Entdecken Sie an diesem Valentinstag die Vorteile der Rehabilitation und kognitiven Stimulation als Paar<\/a><\/h3>\n<\/div><\/article><article class=\"entry entry-grid is-column has-entry-link has-image has-image-first type-post category-neurologische-entwicklungsstorungen tag-adhs tag-autismus tag-kinder tag-neuroentwicklungsstorungen\" style=\"--entry-index:4;\" aria-label=\"Kinderst\u00f6rungen: Was sie sind, Typen, Beispiele und Interventionsmethoden\" itemscope itemtype=\"https:\/\/schema.org\/CreativeWork\"><a class=\"entry-image-link\" href=\"https:\/\/neuronup.com\/de\/kognitive-stimulation-und-rehabilitation\/neurologische-entwicklungsstorungen\/kindliche-storungen-was-sind-arten-beispiele-und-interventionsmethoden\/\" tabindex=\"-1\" aria-hidden=\"true\"><img decoding=\"async\" width=\"400\" height=\"266\" src=\"https:\/\/neuronup.com\/de\/wp-content\/uploads\/2022\/12\/Trastornos-infantiles.webp\" class=\"entry-image size-landscape-sm\" alt=\"Kindliche St\u00f6rungen: was sie sind, Arten, Beispiele und Interventionsmethoden\" srcset=\"https:\/\/neuronup.com\/de\/wp-content\/uploads\/2022\/12\/Trastornos-infantiles-300x200.webp 300w, https:\/\/neuronup.com\/de\/wp-content\/uploads\/2022\/12\/Trastornos-infantiles-768x511.webp 768w, https:\/\/neuronup.com\/de\/wp-content\/uploads\/2022\/12\/Trastornos-infantiles-1024x682.webp 1024w, https:\/\/neuronup.com\/de\/wp-content\/uploads\/2022\/12\/Trastornos-infantiles.webp 1205w\" sizes=\"(max-width:599px) 599px, (min-width:600px) and (max-width: 799px) 799px, (min-width:800px) and (max-width: 999px) 333px, (min-width:1000px) 400px\" \/><\/a><div class=\"entry-wrap entry-wrap-grid\"><h3 class=\"entry-title\" itemprop=\"headline\"><a class=\"entry-title-link\" href=\"https:\/\/neuronup.com\/de\/kognitive-stimulation-und-rehabilitation\/neurologische-entwicklungsstorungen\/kindliche-storungen-was-sind-arten-beispiele-und-interventionsmethoden\/\" rel=\"bookmark\">Kinderst\u00f6rungen: Was sie sind, Typen, Beispiele und Interventionsmethoden<\/a><\/h3>\n<\/div><\/article><article class=\"entry entry-grid is-column has-entry-link has-image has-image-first type-post category-seltene-erkrankungen tag-seltene-erkrankungen\" style=\"--entry-index:5;\" aria-label=\"Das Gerstmann-Syndrom verstehen\" itemscope itemtype=\"https:\/\/schema.org\/CreativeWork\"><a class=\"entry-image-link\" href=\"https:\/\/neuronup.com\/de\/seltene-erkrankungen\/das-gerstmann-syndrom-verstehen\/\" tabindex=\"-1\" aria-hidden=\"true\"><img decoding=\"async\" width=\"400\" height=\"267\" src=\"https:\/\/neuronup.com\/de\/wp-content\/uploads\/2024\/11\/Comprendiendo-el-Sindrome-de-Gerstmann-NeuronUP.webp\" class=\"entry-image size-landscape-sm\" alt=\"Das Gerstmann-Syndrom verstehen NeuronUP\" srcset=\"https:\/\/neuronup.com\/de\/wp-content\/uploads\/2024\/11\/Comprendiendo-el-Sindrome-de-Gerstmann-NeuronUP-300x200.webp 300w, https:\/\/neuronup.com\/de\/wp-content\/uploads\/2024\/11\/Comprendiendo-el-Sindrome-de-Gerstmann-NeuronUP-768x512.webp 768w, https:\/\/neuronup.com\/de\/wp-content\/uploads\/2024\/11\/Comprendiendo-el-Sindrome-de-Gerstmann-NeuronUP-1024x683.webp 1024w, https:\/\/neuronup.com\/de\/wp-content\/uploads\/2024\/11\/Comprendiendo-el-Sindrome-de-Gerstmann-NeuronUP.webp 1200w\" sizes=\"(max-width:599px) 599px, (min-width:600px) and (max-width: 799px) 799px, (min-width:800px) and (max-width: 999px) 333px, (min-width:1000px) 400px\" \/><\/a><div class=\"entry-wrap entry-wrap-grid\"><h3 class=\"entry-title\" itemprop=\"headline\"><a class=\"entry-title-link\" href=\"https:\/\/neuronup.com\/de\/seltene-erkrankungen\/das-gerstmann-syndrom-verstehen\/\" rel=\"bookmark\">Das Gerstmann-Syndrom verstehen<\/a><\/h3>\n<\/div><\/article><article class=\"entry entry-grid is-column has-entry-link has-image has-image-first type-post category-down-syndrom tag-down-syndrom tag-erfahrungsberichte tag-menschen-mit-behinderung tag-telerehabilitation\" style=\"--entry-index:6;\" aria-label=\"\u00abDown Madrid\u00bb berichten \u00fcber ihre Erfahrungen mit Telerehabilitation\" itemscope itemtype=\"https:\/\/schema.org\/CreativeWork\"><a class=\"entry-image-link\" href=\"https:\/\/neuronup.com\/de\/kognitive-stimulation-und-rehabilitation\/menschen-mit-behinderung\/down-syndrom\/down-madrid-berichten-ueber-ihre-erfahrungen-mit-telerehabilitation\/\" tabindex=\"-1\" aria-hidden=\"true\"><img decoding=\"async\" width=\"400\" height=\"300\" src=\"https:\/\/neuronup.com\/de\/wp-content\/uploads\/2024\/02\/Menschen-mit-down-syndrom-arbeiten-mit-neuronup-1-1-400x300.webp\" class=\"entry-image size-landscape-sm\" alt=\"Menschen-mit-down-syndrom-arbeiten-mit-neuronup\" srcset=\"https:\/\/neuronup.com\/de\/wp-content\/uploads\/2024\/02\/Menschen-mit-down-syndrom-arbeiten-mit-neuronup-1-1-300x225.webp 300w, https:\/\/neuronup.com\/de\/wp-content\/uploads\/2024\/02\/Menschen-mit-down-syndrom-arbeiten-mit-neuronup-1-1-400x300.webp 400w, https:\/\/neuronup.com\/de\/wp-content\/uploads\/2024\/02\/Menschen-mit-down-syndrom-arbeiten-mit-neuronup-1-1-768x576.webp 768w, https:\/\/neuronup.com\/de\/wp-content\/uploads\/2024\/02\/Menschen-mit-down-syndrom-arbeiten-mit-neuronup-1-1-800x600.webp 800w, https:\/\/neuronup.com\/de\/wp-content\/uploads\/2024\/02\/Menschen-mit-down-syndrom-arbeiten-mit-neuronup-1-1-1024x768.webp 1024w, https:\/\/neuronup.com\/de\/wp-content\/uploads\/2024\/02\/Menschen-mit-down-syndrom-arbeiten-mit-neuronup-1-1.webp 1200w\" sizes=\"(max-width:599px) 599px, (min-width:600px) and (max-width: 799px) 799px, (min-width:800px) and (max-width: 999px) 333px, (min-width:1000px) 400px\" \/><\/a><div class=\"entry-wrap entry-wrap-grid\"><h3 class=\"entry-title\" itemprop=\"headline\"><a class=\"entry-title-link\" href=\"https:\/\/neuronup.com\/de\/kognitive-stimulation-und-rehabilitation\/menschen-mit-behinderung\/down-syndrom\/down-madrid-berichten-ueber-ihre-erfahrungen-mit-telerehabilitation\/\" rel=\"bookmark\">\u00abDown Madrid\u00bb berichten \u00fcber ihre Erfahrungen mit Telerehabilitation<\/a><\/h3>\n<\/div><\/article><\/div><\/div>\n\n\n<div style=\"height:50px\" aria-hidden=\"true\" class=\"wp-block-spacer\"><\/div>\n\n\n\n<p class=\"has-sm-font-size\">Dieser Artikel wurde \u00fcbersetzt; Link zum Originalartikel auf Spanisch:<br \/><a href=\"https:\/\/neuronup.com\/actividades-de-neurorrehabilitacion\/actividades-para-funciones-cognitivas\/actividades-de-memoria\/actividad-para-ordenar-alfabeticamente-palabras\/\" data-type=\"link\" data-id=\"https:\/\/neuronup.com\/actividades-de-neurorrehabilitacion\/actividades-para-funciones-cognitivas\/actividades-de-memoria\/actividad-para-ordenar-alfabeticamente-palabras\/\"><em>Actividad para ordenar alfab\u00e9ticamente palabras<\/em><\/a><\/p>\n\n","protected":false},"excerpt":{"rendered":"<p>Heute pr\u00e4sentieren wir euch eine Aktivit\u00e4t zum alphabetischen Ordnen von W\u00f6rtern, die euch begeistern wird. Es handelt sich um W\u00f6rter alphabetisch ordnen.&nbsp;&nbsp;Eine grundlegende \u00dcbung, um zu \u00fcben, wie man verschiedene Konzepte sortiert, die uns zwei Fachkr\u00e4fte aus unterschiedlichen Einrichtungen angefragt haben: Roser Fern\u00e1ndez von der Fundaci\u00f3n Aura in Barcelona und Silvia Canal von der Residenz &hellip;<\/p>\n","protected":false},"author":134,"featured_media":22869,"comment_status":"open","ping_status":"closed","sticky":false,"template":"","format":"standard","meta":{"_acf_changed":false,"_genesis_hide_title":false,"_genesis_hide_breadcrumbs":false,"_genesis_hide_singular_image":false,"_genesis_hide_footer_widgets":false,"_genesis_custom_body_class":"","_genesis_custom_post_class":"","_genesis_layout":"","footnotes":""},"categories":[44],"tags":[57,58,149,172],"class_list":{"2":"type-post","7":"category-gedachtnisaktivitaten","8":"tag-aktivitaten-zur-kognitiven-stimulation","9":"tag-aufmerksamkeit","10":"tag-gedachtnis","11":"tag-neuronup-nachrichten","12":"entry"},"acf":[],"_links":{"self":[{"href":"https:\/\/neuronup.com\/de\/wp-json\/wp\/v2\/posts\/22865","targetHints":{"allow":["GET"]}}],"collection":[{"href":"https:\/\/neuronup.com\/de\/wp-json\/wp\/v2\/posts"}],"about":[{"href":"https:\/\/neuronup.com\/de\/wp-json\/wp\/v2\/types\/post"}],"author":[{"embeddable":true,"href":"https:\/\/neuronup.com\/de\/wp-json\/wp\/v2\/users\/134"}],"replies":[{"embeddable":true,"href":"https:\/\/neuronup.com\/de\/wp-json\/wp\/v2\/comments?post=22865"}],"version-history":[{"count":0,"href":"https:\/\/neuronup.com\/de\/wp-json\/wp\/v2\/posts\/22865\/revisions"}],"wp:featuredmedia":[{"embeddable":true,"href":"https:\/\/neuronup.com\/de\/wp-json\/wp\/v2\/media\/22869"}],"wp:attachment":[{"href":"https:\/\/neuronup.com\/de\/wp-json\/wp\/v2\/media?parent=22865"}],"wp:term":[{"taxonomy":"category","embeddable":true,"href":"https:\/\/neuronup.com\/de\/wp-json\/wp\/v2\/categories?post=22865"},{"taxonomy":"post_tag","embeddable":true,"href":"https:\/\/neuronup.com\/de\/wp-json\/wp\/v2\/tags?post=22865"}],"curies":[{"name":"wp","href":"https:\/\/api.w.org\/{rel}","templated":true}]}}