{"id":22775,"date":"2026-01-22T11:26:14","date_gmt":"2026-01-22T11:26:14","guid":{"rendered":"https:\/\/neuronup.com\/?p=22775"},"modified":"2026-01-22T11:26:14","modified_gmt":"2026-01-22T11:26:14","slug":"beurteilung-und-neuropsychologische-rehabilitation-bei-aphasien","status":"publish","type":"post","link":"https:\/\/neuronup.com\/de\/kognitive-stimulation-und-rehabilitation\/sprachstorungen\/beurteilung-und-neuropsychologische-rehabilitation-bei-aphasien\/","title":{"rendered":"Neuropsychologische Evaluation und Rehabilitation bei Aphasien"},"content":{"rendered":"\n<p class=\"has-xl-font-size\">Der Neuropsychologe Aar\u00f3n Fern\u00e1ndez erkl\u00e4rt die neuropsychologische Bewertung und neuropsychologische Rehabilitation bei Aphasien.<\/p>\n\n\n\n<h2 class=\"wp-block-heading\">Die Rolle der Neuropsychologie bei Aphasien<\/h2>\n\n\n\n<p>Aphasien, definiert als eine Reihe von <strong>Sprach- und Kommunikationsst\u00f6rungen infolge einer Hirnsch\u00e4digung,<\/strong> bedeuten eine Einschr\u00e4nkung f\u00fcr die Lebensgestaltung der betroffenen Person, die weit \u00fcber das reine Sprachproblem hinausgeht. <\/p>\n\n\n\n<p>Angesichts dieser Komplexit\u00e4t ist es notwendig, ein Team aus vielen Fachleuten zu haben, die aus verschiedenen Perspektiven versuchen, die gr\u00f6\u00dftm\u00f6gliche Funktionalit\u00e4t wiederherzustellen und die Anpassung der Person an ihre neue Lebenssituation zu erleichtern. <\/p>\n\n\n\n<p><strong>Sprachtherapeuten, Ergotherapeuten, Physiotherapeuten, Sozialarbeiter, klinische Psychologen<\/strong> sollten ihre Beurteilung einbringen und, falls erforderlich, ihre Behandlungsans\u00e4tze. Nat\u00fcrlich spielt auch der <strong>Neuropsychologe<\/strong> eine wichtige Rolle in diesem Prozess, den wir in diesem Artikel darlegen werden.<\/p>\n\n\n\n<p>Der Neuropsychologe ist daf\u00fcr zust\u00e4ndig, das kognitive Profil der Person nach der Hirnsch\u00e4digung, die die Aphasie verursacht hat, zu beschreiben. In diesem Zusammenhang, wenn wir Sprache als kognitive Funktion verstehen, ist es schwierig, sie von anderen Funktionen zu trennen, von denen sie abh\u00e4ngt und die sie ebenfalls beeinflussen, wie <strong>das Arbeitsged\u00e4chtnis, die Exekutivfunktion, das Ged\u00e4chtnis und mehr(1)<\/strong>. Dieses Profil zu kennen kann ein wichtiger Schl\u00fcssel sein, um zu wissen, womit wir in der Rehabilitation arbeiten k\u00f6nnen und womit nicht.<\/p>\n\n\n\n<p>Au\u00dferdem ist die Neuropsychologie ma\u00dfgeblich daran beteiligt, die verschiedenen Fortschritte aus den Neurowissenschaften \u00fcber das Sprachfunktionieren zu kanalisieren, die es erm\u00f6glichen, neue Ans\u00e4tze f\u00fcr die Rehabilitation zu entwickeln, indem man von einem syndromalen Kategoriemodell zu <strong>einem Ansatzmodell basierend auf Sprachprozessen(2,3)<\/strong> \u00fcbergeht.<\/p>\n\n\n\n<h2 class=\"wp-block-heading\">Neuropsychologische Bewertung von Aphasien<\/h2>\n\n\n\n<h3 class=\"wp-block-heading\">Das Basismodell<\/h3>\n\n\n\n<p>Eines der wichtigen Voraussetzungen f\u00fcr die neuropsychologische Bewertung der Sprache ist ein Modell, das es uns erm\u00f6glicht zu verstehen, wie diese funktioniert. <\/p>\n\n\n\n<p>\u00dcblicherweise greift man auf das <strong>klassische Wernicke-Geschwind-Modell(4)<\/strong> zur\u00fcck, das eine Reihe abgeschlossener und segmentierter Syndrome beschreibt, sich jedoch als unzureichend erweist, um die bei einer Aphasikerin oder einem Aphasiker vorhandenen Sprachst\u00f6rungen zu beschreiben und daher <strong>wenig spezifisch als Bewertungsgrundlage<\/strong> f\u00fcr ein anschlie\u00dfendes Rehabilitationsprogramm ist. <\/p>\n\n\n\n<p>Auf zwei sich perfekt erg\u00e4nzenden Ebenen gibt es einige Modelle, die f\u00fcr uns n\u00fctzlicher sein k\u00f6nnen.<\/p>\n\n\n\n<p><strong>Auf anatomisch-funktionaler Ebene<\/strong> haben wir das von Hickok und Poeppel(5) vorgeschlagene Doppelroutenmodell, das zwei Routen definiert, die sich jeweils auf Sprachproduktion und Sprachverst\u00e4ndnis beziehen. <\/p>\n\n\n\n<p><strong>Eine dorsale Route (entsprechend dem Wernicke-Geschwind-Modell)<\/strong>, die mit phonologischer und grammatischer Konstruktion sowie artikulatorischer Kontrolle zusammenh\u00e4ngt, und eine ventrale Route, die st\u00e4rker mit Aspekten des auditorischen Verst\u00e4ndnisses in Verbindung steht, sowohl der Unterscheidung verbaler Laute als auch semantischer oder grammatischer Aspekte. <\/p>\n\n\n\n<p>Sp\u00e4ter f\u00fcgten <strong>Friederici und Gierhan(6)<\/strong> <strong>zwei Unterteilungen dieser Routen<\/strong> hinzu, die versuchen, verschiedene Prozesse zu trennen und mit unterschiedlichen Faserb\u00fcndeln zu verkn\u00fcpfen. <\/p>\n\n\n\n<p><strong>Auf einer eher rein kognitiven Ebene<\/strong> haben wir das von <strong>Ellis und Young(7)<\/strong> vorgeschlagene Sprachverarbeitungsmodell, das es uns erm\u00f6glicht, verschiedene Prozesse innerhalb der unterschiedlichen Sprachaspekte, die wir \u00fcblicherweise bewerten, zu dissoziieren und somit klarer zu erkennen, was die Ursache des beobachteten Problems ist. Sein Kenntnis ist f\u00fcr einen korrekten Ansatz bei Aphasien unerl\u00e4sslich.<\/p>\n\n\n<div class=\"wp-block-image wp-image-5712\">\n<figure class=\"aligncenter\"><img decoding=\"async\" src=\"https:\/\/blog.neuronup.com\/wp-content\/uploads\/2018\/03\/Modelo-animado-Ellis-Castellano.gif\" alt=\"Neuropsychologische Bewertung und Rehabilitation bei Aphasien\" class=\"wp-image-5712\"\/><figcaption class=\"wp-element-caption\">Kognitives Sprachmodell und seine Routen<\/figcaption><\/figure>\n<\/div>\n\n\n<h3 class=\"wp-block-heading\">Einige Tests zur neuropsychologischen Bewertung von Aphasien<\/h3>\n\n\n\n<p>Der Schl\u00fcssel zur Erstellung eines Rehabilitationsprogramms liegt daher in unserer F\u00e4higkeit, <strong>die Sprachprozesse zu erkennen, die Schwierigkeiten bereiten, und jene, die es nicht tun<\/strong>. Daf\u00fcr ist es entscheidend, die verschiedenen Dissoziationen durch spezifische Aufgaben zu identifizieren und die daraus resultierenden Fehler zu analysieren.<\/p>\n\n\n\n<p>Die Test-Batterien, die uns diese Analysestufe erm\u00f6glichen, sind beispielsweise <strong>die BETA-Batterie und die EPLA-Batterie<\/strong>, die aus verschiedenen Aufgaben bestehen, die unterschiedliche grundlegende Sprachprozesse aufzeigen. Auch <strong>der Test \u201ePyramiden und Palmen\u201c<\/strong> ist im Hinblick auf die semantische Komponente interessant.<\/p>\n\n\n\n<p>Es muss jedoch auch ber\u00fccksichtigt werden, dass in den meisten F\u00e4llen eine Bewertung durchgef\u00fchrt werden muss, die es uns erm\u00f6glicht zu bestimmen, wie andere kognitive Funktionen die Sprache im Allgemeinen oder einen bestimmten Prozess beeinflussen k\u00f6nnen.<\/p>\n\n\n\n<h3 class=\"wp-block-heading\">Ein Hinweis auf das, was wir ausgelassen haben<\/h3>\n\n\n\n<p>Man darf nicht vergessen, dass es in vielen F\u00e4llen bei der Bewertung nicht nur darum geht, den gest\u00f6rten Prozess zu lokalisieren, sondern dass es wichtig ist, <strong>wie dieses Problem jede einzelne Person beeinflusst<\/strong>. Und das ist etwas Einzigartiges, sodass man sagen kann, dass jede Person <strong>wirklich eine andere Art der Aphasie<\/strong> hat und dass wir nur durch die Ber\u00fccksichtigung der Person vor uns den geeigneten Ansatz finden k\u00f6nnen.<\/p>\n\n\n\n<p>Die <strong>neurofunktionalen Bewertungs-Tests<\/strong>, die wir \u00fcblicherweise verwenden, um die Auswirkungen einer Hirnsch\u00e4digung auf das t\u00e4gliche Leben zu beurteilen, sind wenig bis gar nicht sensitiv gegen\u00fcber den Auswirkungen einer <strong>Sprachst\u00f6rung auf unser Leben(8)<\/strong>. Es wird empfohlen, spezifische Tests wie den <strong>Kommunikativen Effektivit\u00e4tsindex<\/strong>, das <strong>CADL-2<\/strong> (Kommunikation in Alltagsaktivit\u00e4ten) oder das <strong>Communicative Activity Log (CAL)<\/strong> einzusetzen.<\/p>\n\n\n\n<h2 class=\"wp-block-heading\">Neuropsychologische Sprachrehabilitation<\/h2>\n\n\n\n<h3 class=\"wp-block-heading\">Ansatz zur Rehabilitation von Aphasien<\/h3>\n\n\n\n<p>Ausgehend von diesen Pr\u00e4missen muss unser neuropsychologischer Ansatz darauf ausgerichtet sein, mit den Prozessen zu arbeiten, die wir nach unserer ersten Bewertung als gest\u00f6rt identifiziert haben. <\/p>\n\n\n\n<p>Diese k\u00f6nnen durch den Einsatz klassischer Techniken wie <strong>Fehlerfreies Lernen<\/strong> oder durch die Verkn\u00fcpfung verschiedener Elemente mit den <strong>sprachlichen \u00c4u\u00dferungen<\/strong> (z. B. die Verkn\u00fcpfung von Elementen eines Satzes und ihrer Reihenfolge mit Farben zur Arbeit an Agrammatismen) rehabilitiert werden. Daraus folgt, dass <strong>jede Behandlung spezifisch und sehr unterschiedlich<\/strong> <strong>f\u00fcr jede Person<\/strong> sein wird.<\/p>\n\n\n\n<p>Dennoch ist das <strong>REGIA-Programm<\/strong> hervorzuheben, das die Methode der Einschr\u00e4nkung der Bewegung der gesunden Extremit\u00e4t auf den Sprachbereich anwendet und in diesem Fall die nonverbale Kommunikation einschr\u00e4nkt. Es handelt sich um eine intensive Gruppenbehandlung, f\u00fcr deren Einsatz eine gute wissenschaftliche Evidenz vorliegt (9).<\/p>\n\n\n\n<p>Ein weiterer wichtiger Schl\u00fcssel ist der <strong>Einsatz alternativer Kommunikationssysteme<\/strong> als Variante, um die schwerwiegenderen Sprachschwierigkeiten der Person auszugleichen. <\/p>\n\n\n\n<p>Man darf nicht vergessen, dass nach einer Aphasie die Person letztendlich eine <strong>vollst\u00e4ndige Anpassung an ihre Umgebung<\/strong> und ein <strong>neues Verst\u00e4ndnis der Welt<\/strong> (10) ben\u00f6tigt, weshalb die Intervention nicht nur in unserer Praxis stattfinden sollte.<\/p>\n\n\n\n<h3 class=\"wp-block-heading\">Im chronischen Stadium<\/h3>\n\n\n\n<p>Abschlie\u00dfend ist festzustellen, dass die neuropsychologische Behandlung bei Aphasien <strong>im ersten Jahr nach der Sch\u00e4digung sehr effektiv<\/strong> ist, aber auch im chronischen Stadium wirksam bleibt, da es Belege daf\u00fcr gibt, die Behandlung bei chronischen Patienten hinsichtlich ihrer Ergebnisse auszuweiten (9).<\/p>\n\n\n\n<div style=\"height:50px\" aria-hidden=\"true\" class=\"wp-block-spacer\"><\/div>\n\n\n\n<div class=\"wp-block-group br-0111 has-primary-background-color has-background has-dark-background has-sm-padding-top has-sm-padding-left has-sm-padding-right has-xxl-margin-top\"><div class=\"wp-block-group__inner-container is-layout-constrained wp-block-group-is-layout-constrained\">\n<div class=\"wp-block-columns is-layout-flex wp-container-core-columns-is-layout-9d6595d7 wp-block-columns-is-layout-flex\">\n<div class=\"wp-block-column is-layout-flow wp-block-column-is-layout-flow\">\n<figure class=\"wp-block-image size-full desktop-position-absolute desktop-bottom-0 mobile-width-50 mobile-m-inline-auto has-xl-margin-top\"><img decoding=\"async\" width=\"292\" height=\"338\" src=\"https:\/\/neuronup.com\/de\/wp-content\/uploads\/2023\/12\/Produkt-Zertifikat.webp\" alt=\"\" class=\"wp-image-27552\" srcset=\"https:\/\/neuronup.com\/de\/wp-content\/uploads\/2023\/12\/Produkt-Zertifikat-259x300.webp 259w, https:\/\/neuronup.com\/de\/wp-content\/uploads\/2023\/12\/Produkt-Zertifikat.webp 292w\" sizes=\"(max-width: 292px) 100vw, 292px\" \/><\/figure>\n<\/div>\n\n\n\n<div class=\"wp-block-column is-layout-flow wp-block-column-is-layout-flow\">\n<h2 class=\"wp-block-heading has-white-color has-text-color\">Melden Sie sich<br> f\u00fcr unseren<br> <strong>Newsletter<\/strong>\u00a0an<\/h2>\n\n\n\n<div class=\"wp-block-buttons is-layout-flex wp-block-buttons-is-layout-flex\">\n<div class=\"wp-block-button--1\" style=\"--button-outline-color:var(--color-white);--button-outline-color-hover:rgba(0,0,0,0.8);\"><a class=\"wp-block-button__link button button-outline   wp-element-button\" href=\"https:\/\/neuronup.com\/de\/newsletter\/#form\">Jetzt anmelden<\/a><\/div>\n\n<\/div>\n\n\n\n<div style=\"height:40px\" aria-hidden=\"true\" class=\"wp-block-spacer\"><\/div>\n<\/div>\n<\/div>\n<\/div><\/div>\n\n\n\n\n<div style=\"height:50px\" aria-hidden=\"true\" class=\"wp-block-spacer\"><\/div>\n\n\n<h2 class=\"wp-block-heading\">Bibliographie<\/h2>\n\n\n<ol class=\"has-sm-font-size wp-block-list\">\n<li>Cahana-Amitay D, Albert M. RedefiningRecoveryfromAphasia. Oxford, New York: Oxford UniversityPress; 2015. 296 p.<\/li>\n\n\n\n<li>Tremblay P, Dick AS. Broca and Wernicke are dead, ormovingpasttheclassicmodel of languageneurobiology. BrainLang. 1 de noviembre de 2016;162:60-71.<\/li>\n\n\n\n<li>Vega FC. Neurociencia del lenguaje: bases neurol\u00f3gicas e implicaciones cl\u00ednicas [Internet]. Madrid: Panamericana; 2011 [citado 7 de marzo de 2018]. Disponible en: https:\/\/dialnet.unirioja.es\/servlet\/libro?codigo=555469<\/li>\n\n\n\n<li>Geschwind N. Disconnexionsyndromes in animals and man. I. Brain J Neurol. junio de 1965;88(2):237-94.<\/li>\n\n\n\n<li>Hickok G, Poeppel D. Dorsal and ventral streams: a frameworkforunderstandingaspects of thefunctionalanatomy of language. Cognition. junio de 2004;92(1-2):67-99.<\/li>\n\n\n\n<li>Friederici AD, Gierhan SM. Thelanguagenetwork. CurrOpinNeurobiol. 1 de abril de 2013;23(2):250-4.<\/li>\n\n\n\n<li>Ellis AW, Young AW. Human CognitiveNeuropsychology: A TextbookWithReadings. PsychologyPress; 2013. 694 p.<\/li>\n\n\n\n<li>Terradillos E, L\u00f3pez-Higes R. Gu\u00eda de intervenci\u00f3n logop\u00e9dica en las afasias. 2016.<\/li>\n\n\n\n<li>Berthier ML, Green C, Lara JP, Higueras C, Barbancho MA, D\u00e1vila G, et al. Memantine and constraint-inducedaphasiatherapy in chronicpoststrokeaphasia. Ann Neurol. mayo de 2009;65(5):577-85.<\/li>\n\n\n\n<li>Paniagua PJ. El entorno como sistema de comunicaci\u00f3n [Internet]. Logocerebral. 2018 [citado 7 de marzo de 2018]. Disponible en: http:\/\/logocerebral.es\/entorno-sistema-comunicacion\/<\/li>\n<\/ol>\n\n\n\n<h3 class=\"wp-block-heading\">Wenn Ihnen dieser Beitrag \u00fcber Aphasien gefallen hat, k\u00f6nnten Sie an diesen NeuronUP-Beitr\u00e4gen interessiert sein:<\/h3>\n\n<div class=\"mai-grid entries entries-grid has-boxed has-image-full\" style=\"--entry-title-font-size:var(--font-size-lg);--align-text:start;--entry-meta-text-align:start;\"><div class=\"entries-wrap has-columns\" style=\"--columns-xs:1\/1;--columns-sm:1\/1;--columns-md:1\/3;--columns-lg:1\/3;--flex-xs:0 0 var(--flex-basis);--flex-sm:0 0 var(--flex-basis);--flex-md:0 0 var(--flex-basis);--flex-lg:0 0 var(--flex-basis);--column-gap:var(--spacing-lg);--row-gap:var(--spacing-lg);--align-columns:start;\"><article class=\"entry entry-grid is-column has-entry-link has-image has-image-first type-post category-neuronup-nachrichten tag-forschung tag-neuronup-nachrichten\" style=\"--entry-index:1;\" aria-label=\"NeuronUP prognostiziert kognitive Beeintr\u00e4chtigungen ein Jahr im Voraus\" itemscope itemtype=\"https:\/\/schema.org\/CreativeWork\"><a class=\"entry-image-link\" href=\"https:\/\/neuronup.com\/de\/neuronup-nachrichten\/neuronup-prognostiziert-kognitive-beeintraechtigungen-ein-jahr-im-voraus\/\" tabindex=\"-1\" aria-hidden=\"true\"><img decoding=\"async\" width=\"400\" height=\"300\" src=\"https:\/\/neuronup.com\/de\/wp-content\/uploads\/2024\/07\/NeuronUP-prognostiziert-kognitive-Beeintraechtigungen-ein-Jahr-im-Voraus-400x300.webp\" class=\"entry-image size-landscape-sm\" alt=\"NeuronUP prognostiziert kognitive Beeintr\u00e4chtigungen ein Jahr im Voraus\" srcset=\"https:\/\/neuronup.com\/de\/wp-content\/uploads\/2024\/07\/NeuronUP-prognostiziert-kognitive-Beeintraechtigungen-ein-Jahr-im-Voraus-400x300.webp 400w, https:\/\/neuronup.com\/de\/wp-content\/uploads\/2024\/07\/NeuronUP-prognostiziert-kognitive-Beeintraechtigungen-ein-Jahr-im-Voraus-800x600.webp 800w\" sizes=\"(max-width:599px) 599px, (min-width:600px) and (max-width: 799px) 799px, (min-width:800px) and (max-width: 999px) 333px, (min-width:1000px) 400px\" \/><\/a><div class=\"entry-wrap entry-wrap-grid\"><h3 class=\"entry-title\" itemprop=\"headline\"><a class=\"entry-title-link\" href=\"https:\/\/neuronup.com\/de\/neuronup-nachrichten\/neuronup-prognostiziert-kognitive-beeintraechtigungen-ein-jahr-im-voraus\/\" rel=\"bookmark\">NeuronUP prognostiziert kognitive Beeintr\u00e4chtigungen ein Jahr im Voraus<\/a><\/h3>\n<\/div><\/article><article class=\"entry entry-grid is-column has-entry-link has-image has-image-first type-post category-normale-alterserscheinungen tag-altere-erwachsene tag-normales-altern\" style=\"--entry-index:2;\" aria-label=\"Wie man unerw\u00fcnschte Einsamkeit bei \u00e4lteren Menschen bek\u00e4mpft\" itemscope itemtype=\"https:\/\/schema.org\/CreativeWork\"><a class=\"entry-image-link\" href=\"https:\/\/neuronup.com\/de\/kognitive-stimulation-und-rehabilitation\/normale-alterserscheinungen\/wie-man-unerwunschte-einsamkeit-bei-alteren-menschen-bekampft\/\" tabindex=\"-1\" aria-hidden=\"true\"><img decoding=\"async\" width=\"400\" height=\"225\" src=\"https:\/\/neuronup.com\/de\/wp-content\/uploads\/2023\/10\/Persona-mayor-sentada-en-el-banco.webp\" class=\"entry-image size-landscape-sm\" alt=\"Wie man unerw\u00fcnschte Einsamkeit bei \u00e4lteren Menschen lindert.\" srcset=\"https:\/\/neuronup.com\/de\/wp-content\/uploads\/2023\/10\/Persona-mayor-sentada-en-el-banco-300x169.webp 300w, https:\/\/neuronup.com\/de\/wp-content\/uploads\/2023\/10\/Persona-mayor-sentada-en-el-banco-768x432.webp 768w, https:\/\/neuronup.com\/de\/wp-content\/uploads\/2023\/10\/Persona-mayor-sentada-en-el-banco-1024x576.webp 1024w, https:\/\/neuronup.com\/de\/wp-content\/uploads\/2023\/10\/Persona-mayor-sentada-en-el-banco.webp 1200w\" sizes=\"(max-width:599px) 599px, (min-width:600px) and (max-width: 799px) 799px, (min-width:800px) and (max-width: 999px) 333px, (min-width:1000px) 400px\" \/><\/a><div class=\"entry-wrap entry-wrap-grid\"><h3 class=\"entry-title\" itemprop=\"headline\"><a class=\"entry-title-link\" href=\"https:\/\/neuronup.com\/de\/kognitive-stimulation-und-rehabilitation\/normale-alterserscheinungen\/wie-man-unerwunschte-einsamkeit-bei-alteren-menschen-bekampft\/\" rel=\"bookmark\">Wie man unerw\u00fcnschte Einsamkeit bei \u00e4lteren Menschen bek\u00e4mpft<\/a><\/h3>\n<\/div><\/article><article class=\"entry entry-grid is-column has-entry-link has-image has-image-first type-post category-aktivitaten-fur-adhs tag-adhs tag-aktivitaten-zur-kognitiven-stimulation tag-aufmerksamkeit tag-exekutive-funktionen tag-neuroentwicklungsstorungen\" style=\"--entry-index:3;\" aria-label=\"10 Aktivit\u00e4ten zur kognitiven Rehabilitation f\u00fcr Kinder mit ADHS\" itemscope itemtype=\"https:\/\/schema.org\/CreativeWork\"><a class=\"entry-image-link\" href=\"https:\/\/neuronup.com\/de\/aktivitaten-fur-neurorehabilitation\/aktivitaten-fur-adhs\/10-aktivitaten-zur-kognitiven-rehabilitation-fur-kinder-mit-adhs\/\" tabindex=\"-1\" aria-hidden=\"true\"><img decoding=\"async\" width=\"400\" height=\"285\" src=\"https:\/\/neuronup.com\/de\/wp-content\/uploads\/2021\/09\/actividades-de-rehabilitacion-cognitiva-para-ninos-con-TDAH-imgenes-revueltas-optimizada.webp\" class=\"entry-image size-landscape-sm\" alt=\"kognitive rehabilitationsaktivitaeten fuer kinder mit ADHS angebrachte bilder\" srcset=\"https:\/\/neuronup.com\/de\/wp-content\/uploads\/2021\/09\/actividades-de-rehabilitacion-cognitiva-para-ninos-con-TDAH-imgenes-revueltas-optimizada-300x214.webp 300w, https:\/\/neuronup.com\/de\/wp-content\/uploads\/2021\/09\/actividades-de-rehabilitacion-cognitiva-para-ninos-con-TDAH-imgenes-revueltas-optimizada.webp 743w\" sizes=\"(max-width:599px) 599px, (min-width:600px) and (max-width: 799px) 799px, (min-width:800px) and (max-width: 999px) 333px, (min-width:1000px) 400px\" \/><\/a><div class=\"entry-wrap entry-wrap-grid\"><h3 class=\"entry-title\" itemprop=\"headline\"><a class=\"entry-title-link\" href=\"https:\/\/neuronup.com\/de\/aktivitaten-fur-neurorehabilitation\/aktivitaten-fur-adhs\/10-aktivitaten-zur-kognitiven-rehabilitation-fur-kinder-mit-adhs\/\" rel=\"bookmark\">10 Aktivit\u00e4ten zur kognitiven Rehabilitation f\u00fcr Kinder mit ADHS<\/a><\/h3>\n<\/div><\/article><article class=\"entry entry-grid is-column has-entry-link has-image has-image-first type-post category-ass-autismus-spektrum-storungen tag-autismus tag-gehirn tag-neuroentwicklungsstorungen\" style=\"--entry-index:4;\" aria-label=\"Autismus und Gehirn: neurobiologische Ursachen des Autismus\" itemscope itemtype=\"https:\/\/schema.org\/CreativeWork\"><a class=\"entry-image-link\" href=\"https:\/\/neuronup.com\/de\/kognitive-stimulation-und-rehabilitation\/neurologische-entwicklungsstorungen\/ass-autismus-spektrum-storungen\/autismus-und-gehirn-neurobiologische-ursachen-des-autismus\/\" tabindex=\"-1\" aria-hidden=\"true\"><img decoding=\"async\" width=\"400\" height=\"267\" src=\"https:\/\/neuronup.com\/de\/wp-content\/uploads\/2022\/07\/iq-development-intellectual-puzzles-the-puzzle-is-empty-brain-training-hand-puts-puzzle-pieces-together-1.webp\" class=\"entry-image size-landscape-sm\" alt=\"Autismus und Gehirn: neurobiologische Ursachen des Autismus\" srcset=\"https:\/\/neuronup.com\/de\/wp-content\/uploads\/2022\/07\/iq-development-intellectual-puzzles-the-puzzle-is-empty-brain-training-hand-puts-puzzle-pieces-together-1-300x200.webp 300w, https:\/\/neuronup.com\/de\/wp-content\/uploads\/2022\/07\/iq-development-intellectual-puzzles-the-puzzle-is-empty-brain-training-hand-puts-puzzle-pieces-together-1-768x512.webp 768w, https:\/\/neuronup.com\/de\/wp-content\/uploads\/2022\/07\/iq-development-intellectual-puzzles-the-puzzle-is-empty-brain-training-hand-puts-puzzle-pieces-together-1.webp 1000w\" sizes=\"(max-width:599px) 599px, (min-width:600px) and (max-width: 799px) 799px, (min-width:800px) and (max-width: 999px) 333px, (min-width:1000px) 400px\" \/><\/a><div class=\"entry-wrap entry-wrap-grid\"><h3 class=\"entry-title\" itemprop=\"headline\"><a class=\"entry-title-link\" href=\"https:\/\/neuronup.com\/de\/kognitive-stimulation-und-rehabilitation\/neurologische-entwicklungsstorungen\/ass-autismus-spektrum-storungen\/autismus-und-gehirn-neurobiologische-ursachen-des-autismus\/\" rel=\"bookmark\">Autismus und Gehirn: neurobiologische Ursachen des Autismus<\/a><\/h3>\n<\/div><\/article><article class=\"entry entry-grid is-column has-entry-link has-image has-image-first type-post category-schlaganfalle-oder-erebrovaskulare-erkrankungen tag-erworbene-hirnschadigung tag-exekutive-funktionen tag-gehirn tag-schlaganfall\" style=\"--entry-index:5;\" aria-label=\"Schlaganfall: Definition, Arten und m\u00f6gliche Folgen\" itemscope itemtype=\"https:\/\/schema.org\/CreativeWork\"><a class=\"entry-image-link\" href=\"https:\/\/neuronup.com\/de\/kognitive-stimulation-und-rehabilitation\/erworbene-hirnschadigung\/schlaganfalle-oder-erebrovaskulare-erkrankungen\/schlaganfall-definition-arten-und-moegliche-folgen\/\" tabindex=\"-1\" aria-hidden=\"true\"><img decoding=\"async\" width=\"150\" height=\"150\" src=\"https:\/\/neuronup.com\/de\/wp-content\/uploads\/2024\/04\/MRT-Bild-Schlaganfall-1.webp\" class=\"entry-image size-landscape-sm\" alt=\"MRT-Bild-Schlaganfall\" srcset=\"https:\/\/neuronup.com\/de\/wp-content\/uploads\/2024\/04\/MRT-Bild-Schlaganfall-1-80x80.webp 80w, https:\/\/neuronup.com\/de\/wp-content\/uploads\/2024\/04\/MRT-Bild-Schlaganfall-1.webp 150w\" sizes=\"(max-width:599px) 599px, (min-width:600px) and (max-width: 799px) 799px, (min-width:800px) and (max-width: 999px) 333px, (min-width:1000px) 400px\" \/><\/a><div class=\"entry-wrap entry-wrap-grid\"><h3 class=\"entry-title\" itemprop=\"headline\"><a class=\"entry-title-link\" href=\"https:\/\/neuronup.com\/de\/kognitive-stimulation-und-rehabilitation\/erworbene-hirnschadigung\/schlaganfalle-oder-erebrovaskulare-erkrankungen\/schlaganfall-definition-arten-und-moegliche-folgen\/\" rel=\"bookmark\">Schlaganfall: Definition, Arten und m\u00f6gliche Folgen<\/a><\/h3>\n<\/div><\/article><article class=\"entry entry-grid is-column has-entry-link has-image has-image-first type-post category-psychologie tag-gehirn tag-psychische-gesundheit\" style=\"--entry-index:6;\" aria-label=\"Die 7 Schl\u00fcssel, um eine gute psychische Gesundheit aufrechtzuerhalten\" itemscope itemtype=\"https:\/\/schema.org\/CreativeWork\"><a class=\"entry-image-link\" href=\"https:\/\/neuronup.com\/de\/psychologie\/die-7-schluessel-um-eine-gute-psychische-gesundheit-zu-erhalten\/\" tabindex=\"-1\" aria-hidden=\"true\"><img decoding=\"async\" width=\"400\" height=\"267\" src=\"https:\/\/neuronup.com\/de\/wp-content\/uploads\/2022\/03\/Mujer-con-buena-salud-mental.webp\" class=\"entry-image size-landscape-sm\" alt=\"Frau mit guter psychischer Gesundheit\" srcset=\"https:\/\/neuronup.com\/de\/wp-content\/uploads\/2022\/03\/Mujer-con-buena-salud-mental-300x200.webp 300w, https:\/\/neuronup.com\/de\/wp-content\/uploads\/2022\/03\/Mujer-con-buena-salud-mental-768x512.webp 768w, https:\/\/neuronup.com\/de\/wp-content\/uploads\/2022\/03\/Mujer-con-buena-salud-mental.webp 1024w\" sizes=\"(max-width:599px) 599px, (min-width:600px) and (max-width: 799px) 799px, (min-width:800px) and (max-width: 999px) 333px, (min-width:1000px) 400px\" \/><\/a><div class=\"entry-wrap entry-wrap-grid\"><h3 class=\"entry-title\" itemprop=\"headline\"><a class=\"entry-title-link\" href=\"https:\/\/neuronup.com\/de\/psychologie\/die-7-schluessel-um-eine-gute-psychische-gesundheit-zu-erhalten\/\" rel=\"bookmark\">Die 7 Schl\u00fcssel, um eine gute psychische Gesundheit aufrechtzuerhalten<\/a><\/h3>\n<\/div><\/article><\/div><\/div>\n\n\n<div style=\"height:50px\" aria-hidden=\"true\" class=\"wp-block-spacer\"><\/div>\n\n\n\n<p class=\"has-sm-font-size\">Dieser Artikel wurde \u00fcbersetzt; Link zum Originalartikel auf Spanisch:<br \/><a href=\"https:\/\/neuronup.com\/estimulacion-y-rehabilitacion-cognitiva\/trastornos-del-lenguaje\/evaluacion-y-rehabilitacion-neuropsicologica-en-las-afasias\/\" data-type=\"link\" data-id=\"https:\/\/neuronup.com\/estimulacion-y-rehabilitacion-cognitiva\/trastornos-del-lenguaje\/evaluacion-y-rehabilitacion-neuropsicologica-en-las-afasias\/\"><em>Evaluaci\u00f3n y rehabilitaci\u00f3n neuropsicol\u00f3gica en las afasias<\/em><\/a><\/p>\n\n","protected":false},"excerpt":{"rendered":"<p>Der Neuropsychologe Aar\u00f3n Fern\u00e1ndez erkl\u00e4rt die neuropsychologische Bewertung und neuropsychologische Rehabilitation bei Aphasien. Die Rolle der Neuropsychologie bei Aphasien Aphasien, definiert als eine Reihe von Sprach- und Kommunikationsst\u00f6rungen infolge einer Hirnsch\u00e4digung, bedeuten eine Einschr\u00e4nkung f\u00fcr die Lebensgestaltung der betroffenen Person, die weit \u00fcber das reine Sprachproblem hinausgeht. Angesichts dieser Komplexit\u00e4t ist es notwendig, ein Team &hellip;<\/p>\n","protected":false},"author":172,"featured_media":22783,"comment_status":"open","ping_status":"open","sticky":false,"template":"","format":"standard","meta":{"_acf_changed":false,"_genesis_hide_title":false,"_genesis_hide_breadcrumbs":false,"_genesis_hide_singular_image":false,"_genesis_hide_footer_widgets":false,"_genesis_custom_body_class":"","_genesis_custom_post_class":"","_genesis_layout":"","footnotes":""},"categories":[385],"tags":[453,445,148],"class_list":{"2":"type-post","7":"category-sprachstorungen","8":"tag-aphasie","9":"tag-neuroentwicklungsstorungen","10":"tag-sprache","11":"entry"},"acf":[],"_links":{"self":[{"href":"https:\/\/neuronup.com\/de\/wp-json\/wp\/v2\/posts\/22775","targetHints":{"allow":["GET"]}}],"collection":[{"href":"https:\/\/neuronup.com\/de\/wp-json\/wp\/v2\/posts"}],"about":[{"href":"https:\/\/neuronup.com\/de\/wp-json\/wp\/v2\/types\/post"}],"author":[{"embeddable":true,"href":"https:\/\/neuronup.com\/de\/wp-json\/wp\/v2\/users\/172"}],"replies":[{"embeddable":true,"href":"https:\/\/neuronup.com\/de\/wp-json\/wp\/v2\/comments?post=22775"}],"version-history":[{"count":0,"href":"https:\/\/neuronup.com\/de\/wp-json\/wp\/v2\/posts\/22775\/revisions"}],"wp:featuredmedia":[{"embeddable":true,"href":"https:\/\/neuronup.com\/de\/wp-json\/wp\/v2\/media\/22783"}],"wp:attachment":[{"href":"https:\/\/neuronup.com\/de\/wp-json\/wp\/v2\/media?parent=22775"}],"wp:term":[{"taxonomy":"category","embeddable":true,"href":"https:\/\/neuronup.com\/de\/wp-json\/wp\/v2\/categories?post=22775"},{"taxonomy":"post_tag","embeddable":true,"href":"https:\/\/neuronup.com\/de\/wp-json\/wp\/v2\/tags?post=22775"}],"curies":[{"name":"wp","href":"https:\/\/api.w.org\/{rel}","templated":true}]}}