{"id":19855,"date":"2026-01-21T11:26:14","date_gmt":"2026-01-21T11:26:14","guid":{"rendered":"https:\/\/neuronup.com\/?p=19855"},"modified":"2026-01-21T11:26:14","modified_gmt":"2026-01-21T11:26:14","slug":"nicht-verbale-lernstorung","status":"publish","type":"post","link":"https:\/\/neuronup.com\/de\/kognitive-stimulation-und-rehabilitation\/sprachstorungen\/nicht-verbale-lernstorung\/","title":{"rendered":"Nicht-verbale Lernst\u00f6rung"},"content":{"rendered":"\n<p class=\"has-xl-font-size\">Der Neuropsychologe Aar\u00f3n F. del Olmo erl\u00e4utert die <strong>nonverbale Lernst\u00f6rung (TANV)<\/strong>, ihre Hauptmerkmale und ihr Diagnoseproblem.<\/p>\n\n\n\n<p>Auch wenn man davon ausgeht, dass bei der Ausf\u00fchrung einer Aufgabe das gesamte Gehirn beteiligt ist, ist es verlockend, die Kognition zur Untersuchung zu segmentieren. Vielleicht sogar mehr als verlockend, denn es verschafft uns eine tr\u00fcgerische Sicherheit, \u00e4hnlich wie beim Vorgehen zu den Exekutivfunktionen (Garc\u00eda-Molina, 2018; Tirapu-Ust\u00e1rroz, Molina, Lago &#038; Ardila, 2012). Aber wie bekannt ist, wirken bei dieser Ausf\u00fchrung viele dieser Funktionen gemeinsam in einer recht gut synchronisierten Weise. Und diese Synchronisierung sowie die Automatisierung unserer Funktionsweise entwickeln sich w\u00e4hrend der Neuroentwicklung.<\/p>\n\n\n\n<p>In dieser Neuroentwicklung gibt es St\u00f6rungen oder Schwierigkeiten, die allen, die im Bereich der Kinderneuropsychologie arbeiten, gut bekannt sind, wobei zweifellos die <strong>ADHS<\/strong> hervorzuheben ist, eine St\u00f6rung, die weiterhin eine erbitterte Debatte \u00fcber ihre Existenz und\/oder tats\u00e4chliche Pr\u00e4valenz ausl\u00f6st. Aber allgemein \u2013 und mit Erlaubnis f\u00fcr den <strong>ASS<\/strong> (eine der bekanntesten St\u00f6rungen) \u2013 ist es recht h\u00e4ufig, Diagnosen zu finden, die Probleme in der Entwicklung der linken Gehirnh\u00e4lfte bezeichnen, wie etwa die spezifische Sprachentwicklungsst\u00f6rung (<strong>SES<\/strong>), die <strong>Dyslexie<\/strong> oder die <strong>Dysgraphie<\/strong>.<\/p>\n\n\n\n<p>Wenn man jedoch zur anderen, der rechten Gehirnh\u00e4lfte \u00fcbergeht, erweist es sich als schwieriger, Informationen \u00fcber St\u00f6rungen zu finden, die auf einer fehlerhaften Funktion derselben beruhen.<\/p>\n\n\n\n<p>Johnson und Myklebust (1967) hatten vor fast 50 Jahren bereits ein kognitives Profil bei Kindern beschrieben, die statt Schwierigkeiten in den typischen oder sprachbezogenen Lernbereichen andere Probleme aufwiesen, die sich im Endeffekt als schwerer zu objektivieren erwiesen, was sie als<strong> nonverbale Lernst\u00f6rung (TANV)<\/strong> bezeichneten.<\/p>\n\n\n\n<p>Ziel dieses Beitrags ist es, die St\u00f6rung zu beschreiben angesichts des gro\u00dfen Unwissens, das wir dar\u00fcber haben, und den Grund daf\u00fcr zu reflektieren. Ein Grund, der offenbar hinter dem allgemeinen Diagnoseproblem bei den St\u00f6rungen der Neuroentwicklung steht und genau dem, warum sie in den \u00fcblichen diagnostischen Leitlinien, dem DSM-V, nicht als solche anerkannt ist.<\/p>\n\n\n\n<p>Wie gesagt, Johnson und Myklebust (1967) beobachteten eine Gruppe von Kindern mit visuospatialen Problemen, motorischer Koordination und Verst\u00e4ndnis des sozialen Kontexts, stark verbunden mit der<strong> Schwierigkeit, mit nonverbaler Sprache verbundene Gesten zu interpretieren<\/strong>, die sie mit der Funktion der rechten Hemisph\u00e4re in Verbindung brachten.<\/p>\n\n\n\n<p>Nat\u00fcrlich f\u00fchren diese Schwierigkeiten, die st\u00e4rker die <strong>manipulativen und perzeptiven Aspekte<\/strong> betreffen, zu Defiziten in F\u00e4chern, die im Lehrplan weniger \u201erelevant&#8220; sind (Sportunterricht, Musik oder Kunsterziehung), was tats\u00e4chlich auf eine akademische Asymmetrie hinweist, bei der die rechten Hemisph\u00e4renf\u00e4higkeiten weniger Gewicht haben als die linken (Garc\u00eda-Nonell, Rigau-Ratera &#038; Pallar\u00e9s, 2006).<\/p>\n\n\n\n<h2 class=\"wp-block-heading\"><strong>Merkmale der nonverbalen Lernst\u00f6rung<\/strong><\/h2>\n\n\n\n<p>Harnadek und Rourke (1994) beschrieben dieses St\u00f6rungsbild mit folgenden Merkmalen:<\/p>\n\n\n\n<ul class=\"wp-block-list\">\n<li>Beidseitige Defizite in der taktilen Wahrnehmung, etwas ausgepr\u00e4gter in der linken K\u00f6rperh\u00e4lfte,<\/li>\n\n\n\n<li>beidseitige Defizite in der psychomotorischen Koordination, ebenfalls etwas st\u00e4rker in der linken K\u00f6rperh\u00e4lfte,<\/li>\n\n\n\n<li>Probleme bei der visuell-r\u00e4umlichen Organisation,<\/li>\n\n\n\n<li>Schwierigkeiten, mit neuen Informationen zu arbeiten und sich an komplexe, neuartige Situationen anzupassen,<\/li>\n\n\n\n<li>Defizite bei der L\u00f6sung nonverbaler Aufgaben, Konzeptbildung und Hypothesenerstellung,<\/li>\n\n\n\n<li>Schwierigkeiten in der Wahrnehmung des Zeitgef\u00fchls,<\/li>\n\n\n\n<li>gute Entwicklung automatisierter verbaler F\u00e4higkeiten,<\/li>\n\n\n\n<li>Wortschwall, gekennzeichnet durch mechanische, repetitive Ausdrucksweise im Rahmen pragmatischer Sprachst\u00f6rungen,<\/li>\n\n\n\n<li>Defizite in den arithmetischen Grundfertigkeiten,<\/li>\n\n\n\n<li>erhebliche Defizite in Wahrnehmung, Urteilsverm\u00f6gen und sozialer Interaktion.<\/li>\n<\/ul>\n\n\n\n<p>In gewisser Weise kann man sagen, dass <strong>diese Jungen und M\u00e4dchen eine oft \u00fcber dem erwarteten Alter entsprechende verbale Kompetenz<\/strong> aufweisen, als Zeichen daf\u00fcr, dass die linke Hemisph\u00e4re <strong>ein wenig diese Schwierigkeiten auf der rechten Seite kompensiert<\/strong>. Genau umgekehrt verh\u00e4lt es sich bei Kindern mit Sprachst\u00f6rungen, die ihr Verst\u00e4ndnis der Umgebung visuell kompensieren.<\/p>\n\n\n\n<h2 class=\"wp-block-heading\">Kernbereiche innerhalb der <strong>TANV<\/strong><\/h2>\n\n\n\n<p>An dieser Stelle konzentrieren wir uns auf die drei Bereiche, die innerhalb dieser St\u00f6rung als am \u201enuklearsten&#8220; angesehen werden:<\/p>\n\n\n\n<h3 class=\"wp-block-heading\"><strong>Die motorische Koordination<\/strong><\/h3>\n\n\n\n<p>Einer der am leichtesten beobachtbaren St\u00f6rungen betrifft den Erwerb motorischer Routinen. In diesem Zusammenhang besteht eine <strong>gro\u00dfe \u00dcberschneidung mit der Diagnose Entwicklungsst\u00f6rung der motorischen Koordination<\/strong>, die im DSM-IV-Handbuch aufgef\u00fchrt ist.<\/p>\n\n\n\n<p>Ausgehend von dieser Idee k\u00f6nnten Kinder mit nonverbaler Lernst\u00f6rung Schwierigkeiten in der motorischen Koordination und Dyspraxie aufweisen und allgemein in ihrem Umfeld als <strong>\u201eungeschickte&#8220; Kinder<\/strong> bezeichnet werden, die Spiele meiden, die motorische Fertigkeiten erfordern.<\/p>\n\n\n\n<p>Dieses Muster ist so relevant, dass es sogar von anderen Autoren (Crespo-Egu\u00edlaz &#038; Garc\u00eda, 2009) als zentrale Achse einer von ihnen vorgeschlagenen Neudefinition des TANV, der prozeduralen Lernst\u00f6rung (TAP), angesehen wird.<\/p>\n\n\n\n<p>In diesem Sinne, um eine gewisse Analogie herzustellen: W\u00e4hrend bei der spezifischen Sprachentwicklungsst\u00f6rung die Automatisierung der Sprache erschwert ist \u2013 ebenso bei anderen Bezeichnungen des Lese- oder Schreiblernens \u2013, ist bei der TANV das Erreichen motorischer \u201eMeilensteine&#8220; deutlich langsamer und das Erlernen motorischer Muster f\u00fcr die Betroffenen zeitaufw\u00e4ndiger und schwieriger.<\/p>\n\n\n\n<p>Als Standardtests zur Beobachtung dieser motorischen Koordination werden die <strong>Spezialbatterie MACB-2 oder verschiedene Untertests der Nepsy-II oder Cumanin<\/strong> eingesetzt, wobei es jedoch sinnvoll ist, daran zu erinnern, dass neben den erzielten Testergebnissen weitere Aspekte beobachtet werden sollten.<\/p>\n\n\n\n<h3 class=\"wp-block-heading\"><strong>Visuell-r\u00e4umliche Wahrnehmung<\/strong><\/h3>\n\n\n\n<p>Auf der visuospatialen Ebene k\u00f6nnen Kinder mit TANV Schwierigkeiten bei der Wahrnehmungsintegration haben, insbesondere <strong>unvollst\u00e4ndigen Reizen visuell Gestalt zu verleihen<\/strong>, sowie Probleme, <strong>die Ausrichtung von Objekten, Proportionen und Entfernungen korrekt wahrzunehmen<\/strong>.<\/p>\n\n\n\n<p>Diese St\u00f6rungen sind im ersten Moment schwer zu erkennen, vor allem wegen der Subjektivit\u00e4t der Wahrnehmungserfahrung, f\u00fchren jedoch zu erheblichen Schwierigkeiten bei der Interpretation visuellen Materials, was sekund\u00e4r das Behalten dieser Art von Material beeintr\u00e4chtigt.<\/p>\n\n\n\n<p>Nicht umsonst spielt die rechte, \u00fcberwiegend visuelle Hemisph\u00e4re eine wichtige Rolle bei der globalen Interpretation der Umwelt. Dies hat offensichtlich Auswirkungen nicht nur auf das Verst\u00e4ndnis visueller Aspekte, sondern auch auf die Integration nonverbaler Kommunikation, was wir im n\u00e4chsten Punkt sehen werden.<\/p>\n\n\n\n<h3 class=\"wp-block-heading\"><strong>Nonverbale Sprache<\/strong><\/h3>\n\n\n\n<p>Ein weiteres gro\u00dfes Problem beim TANV ist die<strong> Schwierigkeit, nonverbale Sprache zu interpretieren<\/strong>, die in der Kommunikation eine gro\u00dfe Rolle spielt und oft die Intention der verbalen Botschaft umkehrt. Aspekte wie <strong>Prosodie und nicht w\u00f6rtliche Bedeutungen<\/strong> entgehen den betroffenen Kindern, und au\u00dferdem f\u00e4llt es ihnen schwer, nonverbale Sprache zu deuten und auszudr\u00fccken, was ihre soziale Interaktion mit Gleichaltrigen direkt beeintr\u00e4chtigt.<\/p>\n\n\n\n<p>Gerade dieser Punkt veranlasst auch andere Autoren (Crespo-Egu\u00edlaz &#038; Garc\u00eda, 2009), die Bezeichnung TAP zu verwenden und klarere Kriterien zur Definition dieser St\u00f6rung zu entwickeln. Allein die Bezeichnung als St\u00f6rung der nonverbalen Sprache f\u00fcr ein Syndrom, das die zuvor genannten prosodischen Aspekte umfasst, erscheint etwas inkoh\u00e4rent.<\/p>\n\n\n\n<h3 class=\"wp-block-heading\"><strong>Die emotionale Auswirkung<\/strong><\/h3>\n\n\n\n<p>Es ist wichtig darauf hinzuweisen, dass all diese St\u00f6rungen eine bedeutende emotionale Auswirkung auf das Kind haben. Vor allem aufgrund der <strong>Labels \u201eungeschickt&#8220; oder \u201eseltsam&#8220;<\/strong>, die infolge ihrer sozialen Schwierigkeiten entstehen.<\/p>\n\n\n\n<p>Die mangelnde Erkennung oder unzureichende Kenntnis dieser St\u00f6rung f\u00fchrt dazu, dass dem Kind eine absichtliche Verhaltensweise unterstellt wird (faul oder tr\u00e4ge, weil es bei vermeintlich \u201eleichten&#8220; F\u00e4chern durchf\u00e4llt), w\u00e4hrend das Kind sich seiner Einschr\u00e4nkungen sehr bewusst ist und st\u00e4ndig an ihnen scheitert, da es <strong>keine angemessenen Anpassungen erh\u00e4lt<\/strong>. Dieser Punkt steht im starken Kontrast zu anderen St\u00f6rungen mit offensichtlicheren Symptomen, da das Kind mit TANV seine Leistungsprobleme eher intern attribuiert.<\/p>\n\n\n\n<h2 class=\"wp-block-heading\"><strong>Ein kurzer abschlie\u00dfender Gedanke<\/strong><\/h2>\n\n\n\n<p>Zum Unwissen \u00fcber die nonverbale Lernst\u00f6rung kommt tats\u00e4chlich das <strong>Unwissen dar\u00fcber, wie St\u00f6rungen der Neuroentwicklung angegangen werden sollen<\/strong>. Denn es scheint, dass die Arbeit in diesem Bereich darauf abzielt, das Kind in vorgegebene Labels einzuordnen und Verhaltensweisen zu erkennen, ohne die dahinterliegenden Ursachen zu hinterfragen.<\/p>\n\n\n\n<p>Konkret haben viele Kinder mit nonverbaler Lernst\u00f6rung zwar <strong>Aufmerksamkeitsprobleme<\/strong>, diese resultieren jedoch aus der Schwierigkeit, visuelle Aspekte korrekt zu verarbeiten oder zumindest deren Verarbeitung zu automatisieren, ohne dass eine Aufmerksamkeitsst\u00f6rung im engeren Sinne vorliegt. Und das f\u00fchrt uns zur\u00fcck zum Anfang dieses Beitrags: Das beobachtbare Verhalten ist das Ergebnis der Interaktion vieler Prozesse, die sich w\u00e4hrend der Neuroentwicklung synchronisiert haben. Au\u00dferdem ist es schwierig, nicht den Eindruck zu gewinnen, nur an der Oberfl\u00e4che des Problems zu kratzen, wenn man nicht betrachtet, wie dieser Prozess verlaufen ist, welche Vorgeschichte das Kind hat und letztlich, was diese Ausf\u00fchrungsweise der Aufgaben verursacht.<\/p>\n\n\n\n<p>Vielleicht ist es deshalb so schwierig, den TANV zu beschreiben und in diagnostischen Leitlinien unterzubringen, die versuchen, Labels so \u201eabgeschlossen&#8220; wie m\u00f6glich zu gestalten \u2013 und, nicht zuletzt, auf schnelle \u201eDiagnosen&#8220; ausgerichtet sind.<\/p>\n\n\n\n<p>Es ist daher wichtig festzuhalten, dass es zwar eine Reihe von Zeichen gibt, die zum TANV geh\u00f6ren, aber f\u00fcr jedes Kind ein <strong>individuelles Profil<\/strong> vorliegt \u2013 sowohl hinsichtlich der vorhandenen Merkmale und ihrer Auspr\u00e4gung (die auch mit dem Alter variiert) als auch der Auswirkungen auf das Kind und seine Familie im Alltag. Und sicherlich f\u00fchrt diese Analyse dazu, besser zu verstehen, wie man die notwendigen Unterst\u00fctzungen bereitstellt, um eine bessere Anpassung an die umgebende Welt zu erm\u00f6glichen, was letztlich unser Ziel ist: helfen.<\/p>\n\n\n\n<div style=\"height:50px\" aria-hidden=\"true\" class=\"wp-block-spacer\"><\/div>\n\n\n\n<div class=\"wp-block-group br-0111 has-primary-background-color has-background has-dark-background has-sm-padding-top has-sm-padding-left has-sm-padding-right has-xxl-margin-top\"><div class=\"wp-block-group__inner-container is-layout-constrained wp-block-group-is-layout-constrained\">\n<div class=\"wp-block-columns is-layout-flex wp-container-core-columns-is-layout-9d6595d7 wp-block-columns-is-layout-flex\">\n<div class=\"wp-block-column is-layout-flow wp-block-column-is-layout-flow\">\n<figure class=\"wp-block-image size-full desktop-position-absolute desktop-bottom-0 mobile-width-50 mobile-m-inline-auto has-xl-margin-top\"><img decoding=\"async\" width=\"292\" height=\"338\" src=\"https:\/\/neuronup.com\/de\/wp-content\/uploads\/2023\/12\/Produkt-Zertifikat.webp\" alt=\"\" class=\"wp-image-27552\" srcset=\"https:\/\/neuronup.com\/de\/wp-content\/uploads\/2023\/12\/Produkt-Zertifikat-259x300.webp 259w, https:\/\/neuronup.com\/de\/wp-content\/uploads\/2023\/12\/Produkt-Zertifikat.webp 292w\" sizes=\"(max-width: 292px) 100vw, 292px\" \/><\/figure>\n<\/div>\n\n\n\n<div class=\"wp-block-column is-layout-flow wp-block-column-is-layout-flow\">\n<h2 class=\"wp-block-heading has-white-color has-text-color\">Melden Sie sich<br> f\u00fcr unseren<br> <strong>Newsletter<\/strong>\u00a0an<\/h2>\n\n\n\n<div class=\"wp-block-buttons is-layout-flex wp-block-buttons-is-layout-flex\">\n<div class=\"wp-block-button--1\" style=\"--button-outline-color:var(--color-white);--button-outline-color-hover:rgba(0,0,0,0.8);\"><a class=\"wp-block-button__link button button-outline   wp-element-button\" href=\"https:\/\/neuronup.com\/de\/newsletter\/#form\">Jetzt anmelden<\/a><\/div>\n\n<\/div>\n\n\n\n<div style=\"height:40px\" aria-hidden=\"true\" class=\"wp-block-spacer\"><\/div>\n<\/div>\n<\/div>\n<\/div><\/div>\n\n\n\n\n<div style=\"height:50px\" aria-hidden=\"true\" class=\"wp-block-spacer\"><\/div>\n\n\n<h2 class=\"wp-block-heading\"><strong>Literaturverzeichnis<\/strong><\/h2>\n<!-- \/wp:post-content -->\n\n<!-- wp:list {\"fontSize\":\"sm\"} -->\n<ul class=\"has-sm-font-size\"><!-- wp:list-item -->\n<li>Crespo-Egu\u00edlaz, N., &amp; Garc\u00eda, J. N. (2009). Trastorno de aprendizaje procedimental: caracter\u00edsticas neuropsicol\u00f3gicas. <em>Revista de neurolog\u00eda<\/em>, <em>49<\/em>(8), 409-416.<\/li>\n<!-- \/wp:list-item -->\n\n<!-- wp:list-item -->\n<li>Garc\u00eda-Molina, A. (2018). <em>Evaluaci\u00f3n de las funciones ejecutivas<\/em>.<\/li>\n<!-- \/wp:list-item -->\n\n<!-- wp:list-item -->\n<li>Garc\u00eda-Nonell, C., Rigau-Ratera, E., &amp; Pallar\u00e9s, J. A. (2006). Perfil neurocognitivo del trastorno de aprendizaje no verbal. <em>Revista de neurolog\u00eda<\/em>, <em>43<\/em>(5), 268-274.<\/li>\n<!-- \/wp:list-item -->\n\n<!-- wp:list-item -->\n<li>Harnadek, M. C., &amp; Rourke, B. P. (1994). Principal identifying features of the syndrome of nonverbal learning disabilities in children. <em>Journal of Learning Disabilities<\/em>, <em>27<\/em>(3), 144-154. https:\/\/doi.org\/10.1177\/002221949402700303<\/li>\n<!-- \/wp:list-item -->\n\n<!-- wp:list-item -->\n<li>Johnson, D. J., &amp; Myklebust, H. R. (1967). <em>Learning Disabilities; Educational Principles and Practices<\/em>.<\/li>\n<!-- \/wp:list-item -->\n\n<!-- wp:list-item -->\n<li>Tirapu-Ust\u00e1rroz, J., Molina, A. G., Lago, M. R., &amp; Ardila, A. A. (2012). <em>Neuropsicolog\u00eda de la corteza prefrontal y las funciones ejecutivas<\/em>. Recuperado de https:\/\/dialnet.unirioja.es\/servlet\/libro?codigo=557535<\/li>\n<!-- \/wp:list-item --><\/ul>\n<!-- \/wp:list -->\n\n<!-- wp:heading {\"level\":3} -->\n<h3 class=\"wp-block-heading\">Wenn Ihnen dieser Artikel \u00fcber die nonverbale Lernst\u00f6rung gefallen hat, k\u00f6nnten Sie auch an folgenden Beitr\u00e4gen interessiert sein:<\/h3>\n<!-- wp:acf\/mai-post-grid {\"name\":\"acf\/mai-post-grid\",\"data\":{\"mai_post_grid_clone\":{\"mai_grid_block_show\":[\"image\",\"title\"],\"mai_grid_block_title_size\":\"lg\",\"mai_grid_block_image_orientation\":\"landscape\",\"mai_grid_block_image_position\":\"full\",\"mai_grid_block_align_text\":\"start\",\"mai_grid_block_boxed\":\"1\",\"mai_grid_block_border_radius\":\"\",\"mai_grid_block_columns\":\"3\",\"mai_grid_block_columns_responsive\":\"0\",\"mai_grid_block_align_columns\":\"start\",\"mai_grid_block_align_columns_vertical\":\"\",\"mai_grid_block_column_gap\":\"lg\",\"mai_grid_block_row_gap\":\"lg\",\"mai_grid_block_margin_top\":\"\",\"mai_grid_block_margin_bottom\":\"\",\"mai_grid_block_post_type\":[\"post\"],\"mai_grid_block_query_by\":\"\",\"mai_grid_block_posts_per_page\":\"6\",\"mai_grid_block_posts_offset\":\"0\",\"mai_grid_block_posts_date_after\":\"\",\"mai_grid_block_posts_date_before\":\"\",\"mai_grid_block_posts_orderby\":\"rand\",\"mai_grid_block_posts_order\":\"DESC\",\"mai_grid_block_post_not_in\":\"\",\"mai_grid_block_posts_exclude\":[\"exclude_current\"],\"mai_grid_block_disable_entry_link\":\"0\",\"mai_grid_block_no_results\":\"\"}},\"mode\":\"preview\"} \/-->\n\n<!-- wp:spacer {\"height\":\"50px\"} -->\n<div style=\"height:50px\" aria-hidden=\"true\" class=\"wp-block-spacer\"><\/div>\n<!-- \/wp:spacer -->\n\n<!-- wp:paragraph {\"fontSize\":\"sm\"} -->\n<p class=\"has-sm-font-size\">Dieser Artikel wurde \u00fcbersetzt; Link zum Originalartikel auf Spanisch:<br \/><a href=\"https:\/\/neuronup.com\/estimulacion-y-rehabilitacion-cognitiva\/trastornos-del-lenguaje\/trastorno-de-aprendizaje-no-verbal\/\" data-type=\"link\" data-id=\"https:\/\/neuronup.com\/estimulacion-y-rehabilitacion-cognitiva\/trastornos-del-lenguaje\/trastorno-de-aprendizaje-no-verbal\/\"><em>Trastorno de aprendizaje no verbal<\/em><\/a><\/p>\n<!-- \/wp:paragraph -->\n","protected":false},"excerpt":{"rendered":"<p>Der Neuropsychologe Aar\u00f3n F. del Olmo erl\u00e4utert die nonverbale Lernst\u00f6rung (TANV), ihre Hauptmerkmale und ihr Diagnoseproblem. Auch wenn man davon ausgeht, dass bei der Ausf\u00fchrung einer Aufgabe das gesamte Gehirn beteiligt ist, ist es verlockend, die Kognition zur Untersuchung zu segmentieren. Vielleicht sogar mehr als verlockend, denn es verschafft uns eine tr\u00fcgerische Sicherheit, \u00e4hnlich wie &hellip;<\/p>\n","protected":false},"author":172,"featured_media":20119,"comment_status":"open","ping_status":"open","sticky":false,"template":"","format":"standard","meta":{"_acf_changed":false,"_genesis_hide_title":false,"_genesis_hide_breadcrumbs":false,"_genesis_hide_singular_image":false,"_genesis_hide_footer_widgets":false,"_genesis_custom_body_class":"","_genesis_custom_post_class":"","_genesis_layout":"","footnotes":""},"categories":[385],"tags":[109,445,148],"class_list":{"2":"type-post","7":"category-sprachstorungen","8":"tag-kinder","9":"tag-neuroentwicklungsstorungen","10":"tag-sprache","11":"entry"},"acf":[],"_links":{"self":[{"href":"https:\/\/neuronup.com\/de\/wp-json\/wp\/v2\/posts\/19855","targetHints":{"allow":["GET"]}}],"collection":[{"href":"https:\/\/neuronup.com\/de\/wp-json\/wp\/v2\/posts"}],"about":[{"href":"https:\/\/neuronup.com\/de\/wp-json\/wp\/v2\/types\/post"}],"author":[{"embeddable":true,"href":"https:\/\/neuronup.com\/de\/wp-json\/wp\/v2\/users\/172"}],"replies":[{"embeddable":true,"href":"https:\/\/neuronup.com\/de\/wp-json\/wp\/v2\/comments?post=19855"}],"version-history":[{"count":0,"href":"https:\/\/neuronup.com\/de\/wp-json\/wp\/v2\/posts\/19855\/revisions"}],"wp:featuredmedia":[{"embeddable":true,"href":"https:\/\/neuronup.com\/de\/wp-json\/wp\/v2\/media\/20119"}],"wp:attachment":[{"href":"https:\/\/neuronup.com\/de\/wp-json\/wp\/v2\/media?parent=19855"}],"wp:term":[{"taxonomy":"category","embeddable":true,"href":"https:\/\/neuronup.com\/de\/wp-json\/wp\/v2\/categories?post=19855"},{"taxonomy":"post_tag","embeddable":true,"href":"https:\/\/neuronup.com\/de\/wp-json\/wp\/v2\/tags?post=19855"}],"curies":[{"name":"wp","href":"https:\/\/api.w.org\/{rel}","templated":true}]}}