{"id":18669,"date":"2025-12-08T18:06:32","date_gmt":"2025-12-08T18:06:32","guid":{"rendered":"https:\/\/neuronup.com\/?p=18669"},"modified":"2025-12-08T18:06:32","modified_gmt":"2025-12-08T18:06:32","slug":"die-bedeutung-des-unterstutzungsnetzwerks-bei-neuroentwicklungsstorungen","status":"publish","type":"post","link":"https:\/\/neuronup.com\/de\/kognitive-stimulation-und-rehabilitation\/neurologische-entwicklungsstorungen\/die-bedeutung-des-unterstutzungsnetzwerks-bei-neuroentwicklungsstorungen\/","title":{"rendered":"Die Bedeutung des Unterst\u00fctzungsnetzwerks bei neuroentwicklungsbedingten St\u00f6rungen"},"content":{"rendered":"\n<p class=\"has-xl-font-size\">Die Spezialistin f\u00fcr Bildungsintervention und Autismusbehandlung Irma Fern\u00e1ndez Hern\u00e1ndez erkl\u00e4rt uns, wie wichtig es ist, ein<strong> Unterst\u00fctzungsnetzwerk in Familien zu haben, in denen ein Mitglied an einer neuroentwicklungsbedingten St\u00f6rung leidet.<\/strong><\/p>\n\n\n\n<div style=\"height:50px\" aria-hidden=\"true\" class=\"wp-block-spacer\"><\/div>\n\n\n\n<figure class=\"wp-block-image size-large image-interface\"><a href=\"https:\/\/neuronup.com\/wp-content\/uploads\/2025\/01\/Infografia-sindrome-de-Asperger-NeuronUP.pdf\"><img decoding=\"async\" src=\"https:\/\/neuronup.com\/wp-content\/uploads\/2025\/01\/Infografia-breve-Asperger-ES-NeuronUP-1024x576.webp\" alt=\"Kurze Infografik Asperger ES NeuronUP\" class=\"wp-image-36958\"\/><\/a><figcaption class=\"wp-element-caption\">Wesentliche Daten zum Asperger-Syndrom.<\/figcaption><\/figure>\n\n\n\n<div style=\"height:50px\" aria-hidden=\"true\" class=\"wp-block-spacer\"><\/div>\n\n\n\n<p>Jede Wartezeit ist voller Vorfreude, besonders wenn ein Baby erwartet wird. <strong>Kommt ein Kind mit einer neuroentwicklungsbedingten St\u00f6rung zur Welt<\/strong>, trifft das die gesamte Familie \u2013 ob Eltern- oder Alleinerziehendenfamilie, funktional oder dysfunktional, gleich welcher Art \u2013 und es bleibt ihr nicht erspart, einen<strong> Trauerprozess zu durchlaufen.<\/strong><\/p>\n\n\n\n<p>Wenn wir den Alltag dieses famili\u00e4ren Kerns analysieren, best\u00e4tigt sich die Vorstellung dessen, was von ihm erwartet wird: einen B\u00fcrger f\u00fcr die Gesellschaft zu formen, der<strong> zum Wohlbefinden, zur Entwicklung und zur pers\u00f6nlichen sowie kollektiven Verbesserung beitr\u00e4gt<\/strong>. Um dies zu erreichen, bedarf es ohne Zweifel eines <strong>Unterst\u00fctzungsnetzwerks<\/strong>, das dabei hilft, das Ziel zu verfolgen, <strong>eine kompetente und f\u00e4hige Pers\u00f6nlichkeit zu formen, die aktiv an pers\u00f6nlicher und kollektiver Verbesserung mitwirkt.<\/strong><\/p>\n\n\n\n<h2 class=\"wp-block-heading\"><strong>Die Bedeutung des Lebensstils<\/strong><\/h2>\n\n\n\n<p>Die<strong> <\/strong>Anspr\u00fcche des Alltags zwingen uns dazu, Lebensstile anzunehmen, die kurz-, mittel- oder langfristig in kleinem oder gro\u00dfem Ma\u00dfstab sch\u00e4dlich sein k\u00f6nnen, in Bereichen wie Ern\u00e4hrung, Umwelt&nbsp;und dem Umgang mit unserer Umgebung.<\/p>\n\n\n\n<p>Fast Food ist k\u00f6stlich, auff\u00e4llig pr\u00e4sentiert und leicht erh\u00e4ltlich und konsumierbar, weshalb es bei den meisten sehr beliebt ist. Viele berufst\u00e4tige Eltern f\u00fchlen sich weniger schuldig, wenn sie diese Art der Ern\u00e4hrung ihren Kindern erm\u00f6glichen und f\u00f6rdern. Allerdings<strong> <\/strong>wird es zunehmend schwieriger, die damit verbundene <strong>Sucht<\/strong> zu \u00fcberwinden. Wenn eines ihrer Kinder sensorische Besonderheiten in Bezug auf Geschmack hat und nichts anderes akzeptiert als &#8222;Nuggets&#8220; oder Milch (die harmlos erscheint), f\u00fcttern die Eltern oder Betreuer es ausschlie\u00dflich damit.<\/p>\n\n\n\n<p>Der Lebensstil, den wir unbewusst aufbauen, stellt sich generell als<strong> gegen die Natur<\/strong> dar \u2013 zuerst gegen die des Kindes selbst und dann gegen die Umwelt, die uns umgibt. Wir haben etwa keine Zeit, das Kind zu motivieren und ihm beizubringen, eine Pflanze zu s\u00e4en und die Herausforderung, es davon abzuhalten, die Erde zu essen, als Chance zu nutzen, seine Entwicklungsstufe kennenzulernen. Stattdessen ziehen wir es vor, <strong>chemisch hergestellte Essenzen als Schlafmittel zu verwenden<\/strong>, unangenehme Ger\u00fcche zu vertreiben oder S\u00fc\u00dfigkeiten zu kaufen, um es zu besch\u00e4ftigen.<\/p>\n\n\n\n<h2 class=\"wp-block-heading\">Die Notwendigkeit der Anpassung und eines Unterst\u00fctzungsnetzwerks<\/h2>\n\n\n\n<p><strong>Wir Menschen besitzen ein Gehirn, das mit einem gesamten Set ausgestattet ist, das schon vor der Geburt komplexe Handlungen steuern kann.<\/strong> Das famili\u00e4re Umfeld stellt jedem Kind eine Vielzahl sozialer Hinweise zur Verf\u00fcgung, die ihm helfen, sich anzupassen, zu lernen, Beziehungen aufzubauen und sein Lernen fortzusetzen.<\/p>\n\n\n\n<p>Menschen mit einer neuroentwicklungsbedingten St\u00f6rung, speziell <strong>Autismus<\/strong>, verf\u00fcgen \u00fcber ein <strong>anders funktionierendes Set<\/strong>, weshalb das Umfeld auf bestimmte Ressourcen zur\u00fcckgreifen muss, um das zu erreichen, was normalerweise auf nat\u00fcrliche Weise erwartet wird.<\/p>\n\n\n\n<h3 class=\"wp-block-heading\">Die anspruchsvollen Anforderungen der heutigen Gesellschaft<\/h3>\n\n\n\n<p>Der <strong>Kampf, in einer hochgradig fordernden und wandelbaren Gesellschaft mit flie\u00dfenden Standards Fu\u00df zu fassen<\/strong>, ist endlos und zerm\u00fcrbend und hinterl\u00e4sst gleichzeitig ein<strong> Gef\u00fchl der Frustration.<\/strong> Diese Volatilit\u00e4t zerst\u00f6rt die Bem\u00fchungen von Menschen mit einer neuroentwicklungsbedingten St\u00f6rung und bringt ihre Familien an den Rand des Zusammenbruchs.<\/p>\n\n\n\n<h4 class=\"wp-block-heading\">Die Bedeutung des Unterst\u00fctzungsnetzwerks bei neuroentwicklungsbedingten St\u00f6rungen<\/h4>\n\n\n\n<p>Daher besteht die Notwendigkeit, ein <strong>Unterst\u00fctzungsnetzwerk zu schaffen, das grundlegende und verl\u00e4ssliche Informationen bietet<\/strong> \u00fcber die Bedeutung von:<\/p>\n\n\n\n<ul class=\"wp-block-list\"><li>eine <strong>angemessene, n\u00e4hrstoffreiche Ern\u00e4hrung<\/strong>, die substanzielle Vorteile bietet<\/li><li>die Gewinnm\u00f6glichkeit durch <strong>Interaktion mit der Natur<\/strong>, indem man mit den H\u00e4nden f\u00fcr deren Pflege, Erhalt und Ver\u00e4nderung sorgt<\/li><li>R\u00e4ume und Strategien bereitzustellen, die eine <strong>gegenseitige Unterst\u00fctzungsbeziehung<\/strong> f\u00f6rdern \u2013 das hei\u00dft, zu entdecken, was die Person mit einer St\u00f6rung uns lehrt und beitr\u00e4gt, wie jene Momente des Friedens mit sich selbst, die unter den aktuellen Umst\u00e4nden die <strong>neurotypische Gesellschaft<\/strong> irgendwann braucht.<\/li><\/ul>\n\n\n\n<p>Wer mit einer St\u00f6rung lebt, schenkt uns dieses nat\u00fcrliche Unterst\u00fctzungsnetzwerk ungefragt; es ist einfach da und steht uns zur Verf\u00fcgung, denn niemand hat behauptet, dass unser Lebensstil der richtige sei. W\u00e4re er es, l\u00e4gen die Raten von Stresskrankheiten, Selbstmorden, Alkoholismus, Drogenabh\u00e4ngigkeit etc. deutlich niedriger.<\/p>\n\n\n\n<p>Die <strong>Gesellschaft erwartet, dass wir in allem kompetent sind<\/strong>. Diese Vorstellung erzeugt einen Teufelskreis in den Familien. Zum Beispiel der <strong>allt\u00e4gliche Stress<\/strong> einer Person, die sich um das physische, emotionale und soziale Wohlbefinden jedes Familienmitglieds k\u00fcmmert und dabei vergisst, wer wer ist und was jedes Individuum auf nat\u00fcrliche Weise f\u00fchlt und denkt. Stattdessen dominiert, was sein sollte, gesagt, gedacht und getan werden muss, um dem Ideal eines effektiven B\u00fcrgers zu entsprechen. Das ist zu hundert Prozent stressig \u2013 und man sollte nicht vergessen, dass jedes Kind<strong> <\/strong>\u00fcber die Emotionen der Eltern lebt.<\/p>\n\n\n\n<p><strong>Die Anpassung an die Umwelt ist wichtig<\/strong>. F\u00fcr jemanden mit einer neuroentwicklungsbedingten St\u00f6rung ist sie vielleicht weniger relevant. Die Familie sehnt sich nach Inklusion, und um dies zu erreichen, hilft die Zugeh\u00f6rigkeit zu einem Unterst\u00fctzungsnetzwerk, die mit jedem Ziel verbundenen Herausforderungen zu bew\u00e4ltigen.<\/p>\n\n\n\n<h4 class=\"wp-block-heading\"><strong>Die mit dem Arbeitsmarkt verbundenen Schwierigkeiten<\/strong><\/h4>\n\n\n\n<p>Es scheint unverzichtbar zu sein, Menschen in <strong>f\u00e4hig und unf\u00e4hig<\/strong> einzuteilen. Die einen bestimmen, wie die Welt sich bewegen muss, und die anderen sorgen daf\u00fcr, dass sie sich bewegt.<\/p>\n\n\n\n<p>Aus diesem Grund wird es immer schwieriger, Menschen mit einer bestimmten Bedingung erfolgreich in den Arbeitsmarkt zu integrieren, da die Chancen von F\u00e4higkeiten, Kompetenzen und Einsatz abh\u00e4ngen. Hier werden unsere Elterntr\u00e4ume unm\u00f6glich, und das Unterst\u00fctzungsnetzwerk muss die v\u00e4terliche <strong>Entmutigung<\/strong> auffangen.<\/p>\n\n\n\n<h3 class=\"wp-block-heading\">Ressourcen zur Erreichung der angestrebten Ziele<\/h3>\n\n\n\n<p><strong>Sozialgeschichten, Piktogramm-Hinweise, Tagespl\u00e4ne und Zeitpl\u00e4ne<\/strong> sind Ressourcen, die dabei helfen, das Denken (Exekutivfunktionen) zu flexibilisieren und sie dazu zu bringen, neue Lebensmittel zu probieren, sogar Eis am Stiel, das den Mundbereich leicht bet\u00e4ubt, um<strong> neue und vor allem nahrhafte Speisen zu verkosten<\/strong>. Es ist schwierig, selbstgemachtes Essen &#8222;aufzuh\u00fcbschen&#8220;, damit es aussieht wie das aus dem Supermarkt oder anderen Gesch\u00e4ften und aufgrund der <strong>hyperreaktiven Reaktion<\/strong> akzeptiert wird, doch es lohnt sich, es zu versuchen.<\/p>\n\n\n\n<p>Schlie\u00dfen wir eine <strong>Allianz mit der Natur<\/strong> und w\u00fcrdigen wir das Nat\u00fcrliche in der Natur, indem wir beispielsweise schlaff\u00f6rdernde Salatbl\u00e4tter verwenden (vielleicht als Aufguss f\u00fcr ein entspannendes Bad). Lavendel, Rosmarin oder Zimt sind hervorragende Aromastoffe, und Wasser ist eine unsch\u00e4tzbare Ressource zum Spielen und gleichzeitig die beste Gelegenheit, Wissen zu teilen.<\/p>\n\n\n\n<h2 class=\"wp-block-heading\">Was ist ein Unterst\u00fctzungsnetzwerk?<\/h2>\n\n\n\n<p>Eine Gruppe von <strong>Personen mit demselben Ziel<\/strong>, die flexibel, best\u00e4ndig, nachhaltig und verf\u00fcgbar organisiert ist und in der Lage ist, die Emotionalit\u00e4t jedes Mitglieds zu tragen.<\/p>\n\n\n\n<p>Es ist eine lebendige Gemeinschaft, die die Merkmale der sie verbindenden Bedingung kennt und Erfahrungen teilt<strong> mit dem Ziel,<\/strong> <strong>anzuleiten und zusammenzuarbeiten, um<\/strong> <strong>die Lebensqualit\u00e4t ihrer Mitglieder zu verbessern.<\/strong> Denn das sollte das \u00fcbergeordnete Ziel f\u00fcr alle sein.<\/p>\n\n\n<div class=\"wp-block-image\">\n<figure class=\"aligncenter size-full\"><img decoding=\"async\" width=\"768\" height=\"512\" src=\"https:\/\/neuronup.com\/de\/wp-content\/uploads\/2022\/11\/La-red-de-apoyo.webp\" alt=\"Die Bedeutung des Unterst\u00fctzungsnetzwerks bei neuroentwicklungsbedingten St\u00f6rungen\" class=\"wp-image-18714\" srcset=\"https:\/\/neuronup.com\/de\/wp-content\/uploads\/2022\/11\/La-red-de-apoyo-300x200.webp 300w, https:\/\/neuronup.com\/de\/wp-content\/uploads\/2022\/11\/La-red-de-apoyo.webp 768w\" sizes=\"(max-width: 768px) 100vw, 768px\" \/><figcaption class=\"wp-element-caption\">Eltern mit ihrem an Autismus erkrankten Kind.<\/figcaption><\/figure>\n<\/div>\n\n\n<p>Eltern, deren Kind mit einer St\u00f6rung lebt, f\u00fchlen sich h\u00e4ufig allein, unverstanden, beurteilt, stigmatisiert und <strong>von der dominanten (neurotypischen) Gesellschaft ausgeschlossen<\/strong>.<\/p>\n\n\n\n<p>Es wird empfohlen, dieses<strong> <\/strong>Unterst\u00fctzungsnetzwerk zu suchen, und falls es nicht existiert, eines zu gr\u00fcnden, das St\u00e4rke, W\u00e4rme, Respekt und Inklusion bietet.<\/p>\n\n\n\n<h3 class=\"wp-block-heading\"><strong>Das Wohlbefinden der Mitglieder<\/strong><\/h3>\n\n\n\n<p><strong>Wohlbefinden ist absolut subjektiv.<\/strong><\/p>\n\n\n\n<h4 class=\"wp-block-heading\">Wohlbefinden f\u00fcr eine Person mit neuroentwicklungsbedingter St\u00f6rung<\/h4>\n\n\n\n<p>F\u00fcr eine Person mit einer neuroentwicklungsbedingten St\u00f6rung kann es bedeuten:<\/p>\n\n\n\n<ul class=\"wp-block-list\"><li>das Vergn\u00fcgen, das es ihr bereitet, zeitlich zu verl\u00e4ngern,<\/li><li>die Spielsachen in einer Reihe aufzustellen,<\/li><li>die Ordnung ihrer Lieblingsgegenst\u00e4nde aufrechtzuerhalten,<\/li><li>einen Film mehrfach anzusehen,<\/li><li>den Duft der Haare von Menschen zu riechen,<\/li><li>und vieles mehr.<\/li><\/ul>\n\n\n\n<p>Das Wohlbefinden k\u00f6nnte auch damit zusammenh\u00e4ngen, Schokolade zu essen und Lebensmittel zu sich zu nehmen, die sie aufw\u00fchlen, oder die meiste Zeit in ihrem Zimmer Comicb\u00fccher zu lesen.<\/p>\n\n\n\n<h4 class=\"wp-block-heading\">Wohlbefinden f\u00fcr die Betreuer einer Person mit neuroentwicklungsbedingter St\u00f6rung<\/h4>\n\n\n\n<p>F\u00fcr die Betreuer h\u00e4ngt das Wohlbefinden h\u00e4ufig damit zusammen, ein m\u00f6glichst normales Leben zu f\u00fchren, aufgrund der Unsicherheit, dass ihr Kind auch dann gut versorgt ist, wenn sie nicht mehr da sind.<\/p>\n\n\n\n<p>Somit sind sie es, die damit beginnen m\u00fcssen, die F\u00e4den zu weben, um dieses Unterst\u00fctzungsnetzwerk zu bilden, gefolgt von Geschwistern, Cousins oder Nachbarn. Jedes Unterst\u00fctzungsnetzwerk ist daf\u00fcr verantwortlich, Informationen \u00fcber die sie verbindende Bedingung aktuell zu halten, f\u00fcr ihre Rechte zu k\u00e4mpfen, sie in ihren Verpflichtungen zu begleiten und M\u00f6glichkeiten auf dem Arbeitsmarkt zu schaffen.<\/p>\n\n\n\n<h3 class=\"wp-block-heading\"><strong>Das Unterst\u00fctzungsnetzwerk als Quelle pers\u00f6nlicher Entwicklung und Verbesserung<\/strong><\/h3>\n\n\n\n<p>Ganzheitliche Entwicklung umfasst f\u00fcr jeden Menschen die emotionalen, physischen, famili\u00e4ren, sozialen, intellektuellen und finanziellen Aspekte. F\u00fcr Menschen mit einer neuroentwicklungsbedingten St\u00f6rung ist die Abh\u00e4ngigkeit von dem Unterst\u00fctzungsnetzwerk, das sie zur Verf\u00fcgung haben, weitgehend offensichtlich, ebenso wie in gewissem Ma\u00dfe von ihren eigenen F\u00e4higkeiten.<\/p>\n\n\n\n<p>Die Familie sollte die <strong>Autonomie<\/strong> ihrer Mitglieder in den genannten Bereichen f\u00f6rdern, damit sie die <strong>Entwicklung<\/strong> erreichen, auf die wir alle Anspruch haben. So beginnt jedes <strong>Unterst\u00fctzungsnetzwerk<\/strong>.<\/p>\n\n\n\n<p>Vielleicht fragst du dich gerade \u2026 und die Menschen, die sehr viel Unterst\u00fctzung ben\u00f6tigen, k\u00f6nnen sie die angesprochene Entwicklung erreichen? Die Antwort lautet: Ja. Es erfordert eine gewaltige, kollaborative Arbeit, die in jeder einzelnen Zelle beginnt und sich auf das Ganze ausdehnt. So kann man eine <strong>pers\u00f6nliche Verbesserung<\/strong> erreichen, die einen Einfluss auf den Kontext hat, dem es angeh\u00f6rt, angefangen beim eigenen Unterst\u00fctzungsnetzwerk. Wir sind nicht alle dazu berufen, Ingenieure, Architekten oder Juristen zu werden, aber wir k\u00f6nnen in den M\u00f6glichkeiten jedes Einzelnen erfolgreich sein.<\/p>\n\n\n\n<h2 class=\"wp-block-heading\">Fazit<\/h2>\n\n\n\n<p>Alle Bedingungen sind in ihrem Kern genau gleich. Sie zeigen sich lediglich in ihren <strong>verschiedenen Auspr\u00e4gungen<\/strong> entsprechend pr\u00e4ziser pers\u00f6nlicher Besonderheiten. Die H\u00e4ufigkeit von <strong>Zuneigung, Engagement und Begleitung<\/strong>, die jedes Unterst\u00fctzungsnetzwerk bietet, f\u00fchrt zu bedeutenden Fortschritten.<\/p>\n\n\n\n<p>Das Kind zu beobachten, sein Talent zu entdecken und eine <strong>Verbindung zu seinem Wesen<\/strong> herzustellen, kommt allen zugute. Wir lernen alle voneinander. Es <strong>f\u00f6rdert neue Projekte<\/strong> und beschleunigt die Beherrschung der eigenen pers\u00f6nlichen Anweisungen durch Achtsamkeit.<\/p>\n\n\n\n<p>Das Ziel ist, sich st\u00e4rker an den <strong>Prinzipien der Natur<\/strong> auszurichten statt an <strong>Konflikt, Antagonismus und der Schwierigkeit des Gemeinsamen<\/strong>. Wo etwas nicht funktioniert, m\u00fcssen die notwendigen Ver\u00e4nderungen herbeigef\u00fchrt werden. Man muss die <strong>Kraft, Ausdauer und Geduld<\/strong> finden, um ein Unterst\u00fctzungsnetzwerk zu bilden, wenn es eine Option ist.<\/p>\n\n\n\n<div style=\"height:50px\" aria-hidden=\"true\" class=\"wp-block-spacer\"><\/div>\n\n\n\n<div style=\"height:50px\" aria-hidden=\"true\" class=\"wp-block-spacer\"><\/div>\n\n\n<h2 class=\"wp-block-heading\"><strong>Quellen<\/strong><\/h2>\n\n\n<ul class=\"wp-block-list has-sm-font-size\"><li>Lafuente, A. (Hrsg.). (2020). Wie wir f\u00fcr uns selbst sorgen. http:\/\/laaventuradeaprender.intef.es\/documents\/10184\/127257\/Guia+Autocuidarnos.pdg\/9e81972a-589b-451f-b496-599d6d6da015<\/li><li>Bauman, Zygmunt. (2004). Fl\u00fcssige Moderne. https:\/\/catedraepistemologia.files.wordpress.com\/2009\/05\/modernidad-liquida.pdf<\/li><\/ul>\n\n\n\n<h3 class=\"wp-block-heading\">Wenn dir dieser Beitrag \u00fcber die Bedeutung eines Unterst\u00fctzungsnetzwerks bei neuroentwicklungsbedingten St\u00f6rungen gefallen hat, k\u00f6nnten dich diese Beitr\u00e4ge interessieren:<\/h3>\n\n<div class=\"mai-grid entries entries-grid has-boxed has-image-full\" style=\"--entry-title-font-size:var(--font-size-lg);--align-text:start;--entry-meta-text-align:start;\"><div class=\"entries-wrap has-columns\" style=\"--columns-xs:1\/1;--columns-sm:1\/1;--columns-md:1\/3;--columns-lg:1\/3;--flex-xs:0 0 var(--flex-basis);--flex-sm:0 0 var(--flex-basis);--flex-md:0 0 var(--flex-basis);--flex-lg:0 0 var(--flex-basis);--column-gap:var(--spacing-lg);--row-gap:var(--spacing-lg);--align-columns:start;\"><article class=\"entry entry-grid is-column has-entry-link has-image has-image-first type-post category-schizophrenie tag-aktivitaten-zur-kognitiven-stimulation tag-schizophrenie\" style=\"--entry-index:1;\" aria-label=\"Kognitiver Workshop mit NeuronUP zur Intervention bei Schizophrenie\" itemscope itemtype=\"https:\/\/schema.org\/CreativeWork\"><a class=\"entry-image-link\" href=\"https:\/\/neuronup.com\/de\/kognitive-stimulation-und-rehabilitation\/psychische-erkrankung\/schizophrenie\/kognitiver-workshop-mit-neuronup-zur-intervention-bei-schizophrenie\/\" tabindex=\"-1\" aria-hidden=\"true\"><img decoding=\"async\" width=\"400\" height=\"300\" src=\"https:\/\/neuronup.com\/de\/wp-content\/uploads\/2024\/09\/Actividad-Empareja-las-cartas-1.webp\" class=\"entry-image size-landscape-sm\" alt=\"\" srcset=\"https:\/\/neuronup.com\/de\/wp-content\/uploads\/2024\/09\/Actividad-Empareja-las-cartas-1-300x225.webp 300w, https:\/\/neuronup.com\/de\/wp-content\/uploads\/2024\/09\/Actividad-Empareja-las-cartas-1-768x577.webp 768w, https:\/\/neuronup.com\/de\/wp-content\/uploads\/2024\/09\/Actividad-Empareja-las-cartas-1-1024x769.webp 1024w, https:\/\/neuronup.com\/de\/wp-content\/uploads\/2024\/09\/Actividad-Empareja-las-cartas-1.webp 1200w\" sizes=\"(max-width:599px) 599px, (min-width:600px) and (max-width: 799px) 799px, (min-width:800px) and (max-width: 999px) 333px, (min-width:1000px) 400px\" \/><\/a><div class=\"entry-wrap entry-wrap-grid\"><h3 class=\"entry-title\" itemprop=\"headline\"><a class=\"entry-title-link\" href=\"https:\/\/neuronup.com\/de\/kognitive-stimulation-und-rehabilitation\/psychische-erkrankung\/schizophrenie\/kognitiver-workshop-mit-neuronup-zur-intervention-bei-schizophrenie\/\" rel=\"bookmark\">Kognitiver Workshop mit NeuronUP zur Intervention bei Schizophrenie<\/a><\/h3>\n<\/div><\/article><article class=\"entry entry-grid is-column has-entry-link has-image has-image-first type-post category-ass-autismus-spektrum-storungen tag-autismus tag-kinder tag-neuroentwicklungsstorungen tag-neuropsychologie\" style=\"--entry-index:2;\" aria-label=\"Asperger-Syndrom: Was ist es, Bereiche, Merkmale und Neuropsychologie\" itemscope itemtype=\"https:\/\/schema.org\/CreativeWork\"><a class=\"entry-image-link\" href=\"https:\/\/neuronup.com\/de\/kognitive-stimulation-und-rehabilitation\/neurologische-entwicklungsstorungen\/ass-autismus-spektrum-storungen\/das-asperger-syndrom-was-ist-bereiche-merkmale-und-neuropsychologie\/\" tabindex=\"-1\" aria-hidden=\"true\"><img decoding=\"async\" width=\"400\" height=\"267\" src=\"https:\/\/neuronup.com\/de\/wp-content\/uploads\/2022\/11\/El-sindrome-de-Asperger.webp\" class=\"entry-image size-landscape-sm\" alt=\"Das Asperger-Syndrom: Was es ist, Bereiche, Merkmale und Neuropsychologie\" srcset=\"https:\/\/neuronup.com\/de\/wp-content\/uploads\/2022\/11\/El-sindrome-de-Asperger-300x200.webp 300w, https:\/\/neuronup.com\/de\/wp-content\/uploads\/2022\/11\/El-sindrome-de-Asperger-768x512.webp 768w, https:\/\/neuronup.com\/de\/wp-content\/uploads\/2022\/11\/El-sindrome-de-Asperger-1024x683.webp 1024w, https:\/\/neuronup.com\/de\/wp-content\/uploads\/2022\/11\/El-sindrome-de-Asperger.webp 1205w\" sizes=\"(max-width:599px) 599px, (min-width:600px) and (max-width: 799px) 799px, (min-width:800px) and (max-width: 999px) 333px, (min-width:1000px) 400px\" \/><\/a><div class=\"entry-wrap entry-wrap-grid\"><h3 class=\"entry-title\" itemprop=\"headline\"><a class=\"entry-title-link\" href=\"https:\/\/neuronup.com\/de\/kognitive-stimulation-und-rehabilitation\/neurologische-entwicklungsstorungen\/ass-autismus-spektrum-storungen\/das-asperger-syndrom-was-ist-bereiche-merkmale-und-neuropsychologie\/\" rel=\"bookmark\">Asperger-Syndrom: Was ist es, Bereiche, Merkmale und Neuropsychologie<\/a><\/h3>\n<\/div><\/article><article class=\"entry entry-grid is-column has-entry-link has-image has-image-first type-post category-erworbene-hirnschadigung tag-erworbene-hirnschadigung tag-hirnschadigung\" style=\"--entry-index:3;\" aria-label=\"Die Rolle der Pflegeperson in der Rehabilitation nach einer Hirnverletzung (HV)\" itemscope itemtype=\"https:\/\/schema.org\/CreativeWork\"><a class=\"entry-image-link\" href=\"https:\/\/neuronup.com\/de\/kognitive-stimulation-und-rehabilitation\/erworbene-hirnschadigung\/die-rolle-des-betreuers-in-der-rehabilitation-einer-gehirnverletzung-lc\/\" tabindex=\"-1\" aria-hidden=\"true\"><img decoding=\"async\" width=\"400\" height=\"267\" src=\"https:\/\/neuronup.com\/de\/wp-content\/uploads\/2025\/02\/El-papel-del-cuidador-en-la-rehabilitacion-de-lesion-cerebral-LC-NeuronUP.webp\" class=\"entry-image size-landscape-sm\" alt=\"Die Rolle des Betreuers in der Rehabilitation von Gehirnverletzungen (GI) NeuronUP\" srcset=\"https:\/\/neuronup.com\/de\/wp-content\/uploads\/2025\/02\/El-papel-del-cuidador-en-la-rehabilitacion-de-lesion-cerebral-LC-NeuronUP-300x200.webp 300w, https:\/\/neuronup.com\/de\/wp-content\/uploads\/2025\/02\/El-papel-del-cuidador-en-la-rehabilitacion-de-lesion-cerebral-LC-NeuronUP-768x512.webp 768w, https:\/\/neuronup.com\/de\/wp-content\/uploads\/2025\/02\/El-papel-del-cuidador-en-la-rehabilitacion-de-lesion-cerebral-LC-NeuronUP-1024x683.webp 1024w, https:\/\/neuronup.com\/de\/wp-content\/uploads\/2025\/02\/El-papel-del-cuidador-en-la-rehabilitacion-de-lesion-cerebral-LC-NeuronUP.webp 1200w\" sizes=\"(max-width:599px) 599px, (min-width:600px) and (max-width: 799px) 799px, (min-width:800px) and (max-width: 999px) 333px, (min-width:1000px) 400px\" \/><\/a><div class=\"entry-wrap entry-wrap-grid\"><h3 class=\"entry-title\" itemprop=\"headline\"><a class=\"entry-title-link\" href=\"https:\/\/neuronup.com\/de\/kognitive-stimulation-und-rehabilitation\/erworbene-hirnschadigung\/die-rolle-des-betreuers-in-der-rehabilitation-einer-gehirnverletzung-lc\/\" rel=\"bookmark\">Die Rolle der Pflegeperson in der Rehabilitation nach einer Hirnverletzung (HV)<\/a><\/h3>\n<\/div><\/article><article class=\"entry entry-grid is-column has-entry-link has-image has-image-first type-post category-sprachstorungen tag-aphasie tag-erworbene-hirnschadigung tag-hirnschadigung tag-sprache\" style=\"--entry-index:4;\" aria-label=\"Aphasie: Differentialdiagnose und Aphasie-Typen\" itemscope itemtype=\"https:\/\/schema.org\/CreativeWork\"><a class=\"entry-image-link\" href=\"https:\/\/neuronup.com\/de\/kognitive-stimulation-und-rehabilitation\/sprachstorungen\/aphasie-typen\/\" tabindex=\"-1\" aria-hidden=\"true\"><img decoding=\"async\" width=\"400\" height=\"267\" src=\"https:\/\/neuronup.com\/de\/wp-content\/uploads\/2022\/10\/afasia.webp\" class=\"entry-image size-landscape-sm\" alt=\"Afasie: Differentialdiagnose\" srcset=\"https:\/\/neuronup.com\/de\/wp-content\/uploads\/2022\/10\/afasia-300x200.webp 300w, https:\/\/neuronup.com\/de\/wp-content\/uploads\/2022\/10\/afasia-768x512.webp 768w, https:\/\/neuronup.com\/de\/wp-content\/uploads\/2022\/10\/afasia-1024x683.webp 1024w, https:\/\/neuronup.com\/de\/wp-content\/uploads\/2022\/10\/afasia.webp 1200w\" sizes=\"(max-width:599px) 599px, (min-width:600px) and (max-width: 799px) 799px, (min-width:800px) and (max-width: 999px) 333px, (min-width:1000px) 400px\" \/><\/a><div class=\"entry-wrap entry-wrap-grid\"><h3 class=\"entry-title\" itemprop=\"headline\"><a class=\"entry-title-link\" href=\"https:\/\/neuronup.com\/de\/kognitive-stimulation-und-rehabilitation\/sprachstorungen\/aphasie-typen\/\" rel=\"bookmark\">Aphasie: Differentialdiagnose und Aphasie-Typen<\/a><\/h3>\n<\/div><\/article><article class=\"entry entry-grid is-column has-entry-link has-image has-image-first type-post category-schizophrenie tag-salud-psychische-gesundheit tag-psychologie\" style=\"--entry-index:5;\" aria-label=\"Schizophrenie aus neuropsychologischer Sicht\" itemscope itemtype=\"https:\/\/schema.org\/CreativeWork\"><a class=\"entry-image-link\" href=\"https:\/\/neuronup.com\/de\/kognitive-stimulation-und-rehabilitation\/psychische-erkrankung\/schizophrenie\/schizophrenie-aus-neuropsychologischer-sicht\/\" tabindex=\"-1\" aria-hidden=\"true\"><img decoding=\"async\" width=\"400\" height=\"300\" src=\"https:\/\/neuronup.com\/de\/wp-content\/uploads\/2024\/06\/Schizophrenie-aus-neuropsychologischer-Sicht-NeuronUP-400x300.webp\" class=\"entry-image size-landscape-sm\" alt=\"Schizophrenie-aus-neuropsychologischer-Sicht-NeuronUP\" srcset=\"https:\/\/neuronup.com\/de\/wp-content\/uploads\/2024\/06\/Schizophrenie-aus-neuropsychologischer-Sicht-NeuronUP-400x300.webp 400w, https:\/\/neuronup.com\/de\/wp-content\/uploads\/2024\/06\/Schizophrenie-aus-neuropsychologischer-Sicht-NeuronUP-800x600.webp 800w\" sizes=\"(max-width:599px) 599px, (min-width:600px) and (max-width: 799px) 799px, (min-width:800px) and (max-width: 999px) 333px, (min-width:1000px) 400px\" \/><\/a><div class=\"entry-wrap entry-wrap-grid\"><h3 class=\"entry-title\" itemprop=\"headline\"><a class=\"entry-title-link\" href=\"https:\/\/neuronup.com\/de\/kognitive-stimulation-und-rehabilitation\/psychische-erkrankung\/schizophrenie\/schizophrenie-aus-neuropsychologischer-sicht\/\" rel=\"bookmark\">Schizophrenie aus neuropsychologischer Sicht<\/a><\/h3>\n<\/div><\/article><article class=\"entry entry-grid is-column has-entry-link has-image has-image-first type-post category-menschen-mit-behinderung tag-down-syndrom tag-erfahrungsberichte tag-intellektuelle-behinderung tag-kinder tag-kognitive-stimulation\" style=\"--entry-index:6;\" aria-label=\"Aura Fundaci\u00f3 erkl\u00e4rt die Bedeutung der kognitiven Stimulation bei Menschen mit geistiger Behinderung\" itemscope itemtype=\"https:\/\/schema.org\/CreativeWork\"><a class=\"entry-image-link\" href=\"https:\/\/neuronup.com\/de\/kognitive-stimulation-und-rehabilitation\/menschen-mit-behinderung\/die-kognitive-stimulation-bei-personen-mit-geistiger-behinderung\/\" tabindex=\"-1\" aria-hidden=\"true\"><img decoding=\"async\" width=\"296\" height=\"300\" src=\"https:\/\/neuronup.com\/de\/wp-content\/uploads\/2022\/10\/Aura-Fundacio-explica-la-importancia-de-la-estimulacion-cognitiva-en-personas-con-discapacidad-intelectual-1.webp\" class=\"entry-image size-landscape-sm\" alt=\"Roser Fern\u00e1ndez von Aura Fundaci\u00f3 erkl\u00e4rt die Bedeutung der kognitiven Stimulation bei Personen mit geistiger Behinderung.\" srcset=\"https:\/\/neuronup.com\/de\/wp-content\/uploads\/2022\/10\/Aura-Fundacio-explica-la-importancia-de-la-estimulacion-cognitiva-en-personas-con-discapacidad-intelectual-1-296x300.webp 296w, https:\/\/neuronup.com\/de\/wp-content\/uploads\/2022\/10\/Aura-Fundacio-explica-la-importancia-de-la-estimulacion-cognitiva-en-personas-con-discapacidad-intelectual-1-768x778.webp 768w, https:\/\/neuronup.com\/de\/wp-content\/uploads\/2022\/10\/Aura-Fundacio-explica-la-importancia-de-la-estimulacion-cognitiva-en-personas-con-discapacidad-intelectual-1-1011x1024.webp 1011w, https:\/\/neuronup.com\/de\/wp-content\/uploads\/2022\/10\/Aura-Fundacio-explica-la-importancia-de-la-estimulacion-cognitiva-en-personas-con-discapacidad-intelectual-1.webp 1200w\" sizes=\"(max-width:599px) 599px, (min-width:600px) and (max-width: 799px) 799px, (min-width:800px) and (max-width: 999px) 333px, (min-width:1000px) 400px\" \/><\/a><div class=\"entry-wrap entry-wrap-grid\"><h3 class=\"entry-title\" itemprop=\"headline\"><a class=\"entry-title-link\" href=\"https:\/\/neuronup.com\/de\/kognitive-stimulation-und-rehabilitation\/menschen-mit-behinderung\/die-kognitive-stimulation-bei-personen-mit-geistiger-behinderung\/\" rel=\"bookmark\">Aura Fundaci\u00f3 erkl\u00e4rt die Bedeutung der kognitiven Stimulation bei Menschen mit geistiger Behinderung<\/a><\/h3>\n<\/div><\/article><\/div><\/div>\n\n\n<div style=\"height:50px\" aria-hidden=\"true\" class=\"wp-block-spacer\"><\/div>\n\n\n\n<p class=\"has-sm-font-size\">Dieser Artikel wurde \u00fcbersetzt; Link zum Originalartikel auf Spanisch:<br><a href=\"https:\/\/neuronup.com\/estimulacion-y-rehabilitacion-cognitiva\/trastornos-del-neurodesarrollo\/la-importancia-de-la-red-de-apoyo-en-los-trastornos-del-neurodesarrollo\/\" data-type=\"link\" data-id=\"https:\/\/neuronup.com\/estimulacion-y-rehabilitacion-cognitiva\/trastornos-del-neurodesarrollo\/la-importancia-de-la-red-de-apoyo-en-los-trastornos-del-neurodesarrollo\/\"><em>La importancia de la red de apoyo en los trastornos del neurodesarrollo<\/em><\/a><\/p>\n\n","protected":false},"excerpt":{"rendered":"<p>Die Spezialistin f\u00fcr Bildungsintervention und Autismusbehandlung Irma Fern\u00e1ndez Hern\u00e1ndez erkl\u00e4rt uns, wie wichtig es ist, ein Unterst\u00fctzungsnetzwerk in Familien zu haben, in denen ein Mitglied an einer neuroentwicklungsbedingten St\u00f6rung leidet. Jede Wartezeit ist voller Vorfreude, besonders wenn ein Baby erwartet wird. Kommt ein Kind mit einer neuroentwicklungsbedingten St\u00f6rung zur Welt, trifft das die gesamte Familie &hellip;<\/p>\n","protected":false},"author":28,"featured_media":18702,"comment_status":"open","ping_status":"closed","sticky":false,"template":"","format":"standard","meta":{"_acf_changed":false,"_genesis_hide_title":false,"_genesis_hide_breadcrumbs":false,"_genesis_hide_singular_image":false,"_genesis_hide_footer_widgets":false,"_genesis_custom_body_class":"","_genesis_custom_post_class":"","_genesis_layout":"","footnotes":""},"categories":[14],"tags":[163,109,445],"class_list":{"2":"type-post","7":"category-neurologische-entwicklungsstorungen","8":"tag-autismus","9":"tag-kinder","10":"tag-neuroentwicklungsstorungen","11":"entry"},"acf":[],"_links":{"self":[{"href":"https:\/\/neuronup.com\/de\/wp-json\/wp\/v2\/posts\/18669","targetHints":{"allow":["GET"]}}],"collection":[{"href":"https:\/\/neuronup.com\/de\/wp-json\/wp\/v2\/posts"}],"about":[{"href":"https:\/\/neuronup.com\/de\/wp-json\/wp\/v2\/types\/post"}],"author":[{"embeddable":true,"href":"https:\/\/neuronup.com\/de\/wp-json\/wp\/v2\/users\/28"}],"replies":[{"embeddable":true,"href":"https:\/\/neuronup.com\/de\/wp-json\/wp\/v2\/comments?post=18669"}],"version-history":[{"count":0,"href":"https:\/\/neuronup.com\/de\/wp-json\/wp\/v2\/posts\/18669\/revisions"}],"wp:featuredmedia":[{"embeddable":true,"href":"https:\/\/neuronup.com\/de\/wp-json\/wp\/v2\/media\/18702"}],"wp:attachment":[{"href":"https:\/\/neuronup.com\/de\/wp-json\/wp\/v2\/media?parent=18669"}],"wp:term":[{"taxonomy":"category","embeddable":true,"href":"https:\/\/neuronup.com\/de\/wp-json\/wp\/v2\/categories?post=18669"},{"taxonomy":"post_tag","embeddable":true,"href":"https:\/\/neuronup.com\/de\/wp-json\/wp\/v2\/tags?post=18669"}],"curies":[{"name":"wp","href":"https:\/\/api.w.org\/{rel}","templated":true}]}}