{"id":17888,"date":"2025-12-02T18:06:32","date_gmt":"2025-12-02T18:06:32","guid":{"rendered":"https:\/\/neuronup.com\/?p=17888"},"modified":"2025-12-02T18:06:32","modified_gmt":"2025-12-02T18:06:32","slug":"rehabilitation-der-geteilten-aufmerksamkeit","status":"publish","type":"post","link":"https:\/\/neuronup.com\/de\/neurowissenschaften\/neuropsychologie\/rehabilitation-der-geteilten-aufmerksamkeit\/","title":{"rendered":"Rehabilitation der geteilten Aufmerksamkeit"},"content":{"rendered":"\n<p class=\"has-xl-font-size\">Die Neuropsychologin und Forscherin Daniela Ramos Usuga erkl\u00e4rt in diesem Artikel <strong>was geteilte Aufmerksamkeit ist, das klinische Modell von Sohlberg und Mateer und die Bewertung der geteilten Aufmerksamkeit.<\/strong><\/p>\n\n\n\n<h2 class=\"wp-block-heading\"><strong>Was ist geteilte Aufmerksamkeit?<\/strong><\/h2>\n\n\n\n<p><strong>Geteilte Aufmerksamkeit ist das letzte und h\u00f6chste Niveau der vom klinischen Modell von Sohlberg und Mateer<sup>1<\/sup> festgelegten Hierarchie<\/strong>, gefolgt von alternierender, selektiver, anhaltender und fokussierter Aufmerksamkeit. Diese Art der Aufmerksamkeit erm\u00f6glicht es uns, verschiedene Aufgaben gleichzeitig auszuf\u00fchren, was gemeinhin als Multitasking bezeichnet wird.<\/p>\n\n\n\n<p>Der Beginn der geteilten Aufmerksamkeit erfolgt, wenn wir gleichzeitig zwei Aktivit\u00e4ten ausf\u00fchren, die unterschiedliche Reaktionen oder kognitive Anforderungen erfordern, oder wenn die Anforderungen \u00e4hnlich sind, sich aber die Art des zu bearbeitenden Reizes in jeder Aktivit\u00e4t unterscheidet.<\/p>\n\n\n\n<h2 class=\"wp-block-heading\">Das klinische Modell von Sohlberg und Mateer<\/h2>\n\n\n\n<p>Das klinische Modell von Sohlberg und Mateer<sup>1<\/sup> stellt eine Abh\u00e4ngigkeit zwischen den Aufmerksamkeitsniveaus her, sodass das korrekte Funktionieren der h\u00f6heren Niveaus von den niedrigeren Niveaus abh\u00e4ngt.<\/p>\n\n\n\n<p>Beim Thema alternierende Aufmerksamkeit wurde dargelegt, wie ihr Funktionieren von selektiver, anhaltender und fokussierter Aufmerksamkeit abh\u00e4ngt. Um nun die Unterordnung der Funktionsweise der geteilten Aufmerksamkeit unter die niedrigeren Niveaus darzustellen, reicht es aus, auf die enge Beziehung zwischen dieser Aufmerksamkeitsform und der alternierenden hinzuweisen, wie es die Autorinnen selbst formulieren: <strong>\u201eGeteilte Aufmerksamkeit kann eine kontinuierliche und schnelle alternierende Aufmerksamkeit widerspiegeln oder die Abh\u00e4ngigkeit von automatischer, eher unbewusster Verarbeitung f\u00fcr mindestens eine der Aufgaben darstellen\u201c<\/strong><sup>2<\/sup>.<\/p>\n\n\n\n<p>Diese Aussage zeigt, dass wir bei der Ausf\u00fchrung einer Aufgabe mit geteilter Aufmerksamkeit, zum Beispiel eine Nachricht mit dem Mobiltelefon senden, w\u00e4hrend wir die Stra\u00dfe entlanggehen, beide Aktivit\u00e4ten sehr schnell abwechseln, sodass wir sie gleichzeitig durchf\u00fchren k\u00f6nnen. Au\u00dferdem f\u00fcgen sie hinzu, dass die Ausf\u00fchrung einer der Aufgaben automatisch erfolgen kann, wie beim Gehen.<\/p>\n\n\n\n<figure class=\"wp-block-image alignwide size-full\"><img decoding=\"async\" width=\"768\" height=\"512\" src=\"https:\/\/neuronup.com\/de\/wp-content\/uploads\/2022\/10\/multitarea.webp\" alt=\"Rehabilitation der geteilten Aufmerksamkeit\" class=\"wp-image-17906\" srcset=\"https:\/\/neuronup.com\/de\/wp-content\/uploads\/2022\/10\/multitarea-300x200.webp 300w, https:\/\/neuronup.com\/de\/wp-content\/uploads\/2022\/10\/multitarea.webp 768w\" sizes=\"(max-width: 768px) 100vw, 768px\" \/><figcaption class=\"wp-element-caption\">Beispiel f\u00fcr geteilte Aufmerksamkeit. Eine Frau, die mehrere Aufgaben gleichzeitig ausf\u00fchrt.<\/figcaption><\/figure>\n\n\n\n<p>Das obige Beispiel verdeutlicht die zahlreichen Alltagssituationen, in denen wir geteilte Aufmerksamkeit einsetzen, und obwohl wir schon immer einer gro\u00dfen Menge an Reizen, insbesondere visuellen und auditiven, ausgesetzt waren, <strong>hat sich mit dem Aufkommen mobiler Ger\u00e4te<\/strong> (Handy, Tablet, E-Reader, Konsolen etc.) <strong>die Menge an Informationen, die wir gleichzeitig verarbeiten m\u00fcssen, erh\u00f6ht.<\/strong><\/p>\n\n\n\n<p>So bedeutete eine T\u00e4tigkeit wie Autofahren bereits, auf verschiedene visuelle Reize (z. B. Verkehrsschilder) und auditive Reize (z. B. Hupen anderer Fahrzeuge) zu achten, w\u00e4hrend man die typischen Fahrhandlungen wie Gasgeben, Bremsen und Lenken ausf\u00fchrt. Heutzutage ist es jedoch sehr \u00fcblich, w\u00e4hrend des Fahrens zu telefonieren, sodass die kognitiven Anforderungen steigen und die Integration und das reibungslose Funktionieren der Aufmerksamkeit auf allen Ebenen erforderlich sind.<\/p>\n\n\n\n<p>Angesichts der gro\u00dfen Bedeutung der geteilten Aufmerksamkeit in unserem Alltag ist es nicht erstaunlich, dass <strong>Probleme bei der gleichzeitigen Ausf\u00fchrung mehrerer Aufgaben<\/strong>, die h\u00e4ufig Personen mit Hirnverletzungen betreffen, am st\u00e4rksten <strong>die berufliche oder schulische Wiedereingliederung und die R\u00fcckkehr in den Alltag einschr\u00e4nken.<\/strong> Aus diesem Grund ist es \u00e4u\u00dferst wichtig, diese Aufmerksamkeitsform nach einer Hirnverletzung in die neuropsychologische Bewertung einzubeziehen.<\/p>\n\n\n\n<figure class=\"wp-block-embed is-type-wp-embed is-provider-neuronup wp-block-embed-neuronup\"><div class=\"wp-block-embed__wrapper\">\n<blockquote class=\"wp-embedded-content\" data-secret=\"0DvacPxCzy\"><a href=\"https:\/\/neuronup.com\/areas-de-intervencion\/funciones-cognitivas\/atencion\/\">Atenci\u00f3n<\/a><\/blockquote><iframe class=\"wp-embedded-content\" sandbox=\"allow-scripts\" security=\"restricted\" style=\"position: absolute; clip: rect(1px, 1px, 1px, 1px);\" title=\"\u00abAtenci\u00f3n\u00bb \u2014 NeuronUP\" src=\"https:\/\/neuronup.com\/areas-de-intervencion\/funciones-cognitivas\/atencion\/embed\/#?secret=wI6rNQeyV6#?secret=0DvacPxCzy\" data-secret=\"0DvacPxCzy\" width=\"600\" height=\"338\" frameborder=\"0\" marginwidth=\"0\" marginheight=\"0\" scrolling=\"no\"><\/iframe>\n<\/div><\/figure>\n\n\n\n<h2 class=\"wp-block-heading\"><strong>Bewertung der geteilten Aufmerksamkeit<\/strong><\/h2>\n\n\n\n<p>In der Regel bewerten die am h\u00e4ufigsten verwendeten Tests die anhaltende Aufmerksamkeit (z. B. den BTA) und die selektive Aufmerksamkeit (z. B. Streichaufgaben wie den d2).<\/p>\n\n\n\n<p>In starren Testbatterien wie den Intelligenztestbatterien von Wechsler wird die Aufmerksamkeit durch den Subtest \u201eZiffernfolge\u201c (anhaltende Aufmerksamkeit) und \u201eBuchstaben und Zahlen\u201c (alternierende Aufmerksamkeit)<sup>3<\/sup> bewertet. Der Mangel an Instrumenten zur Bewertung der geteilten Aufmerksamkeit f\u00fchrt oft dazu, dass Probleme in diesem Bereich in den Hintergrund r\u00fccken, was wiederum eine vollst\u00e4ndige Rehabilitation verhindert.<\/p>\n\n\n\n<p>Man k\u00f6nnte meinen, dass man durch die Bewertung der niedrigeren Aufmerksamkeitsniveaus Informationen \u00fcber die geteilte Aufmerksamkeit erh\u00e4lt; idealerweise sollte jedoch eine umfassende Bewertung erfolgen, die alle Niveaus einschlie\u00dft, insbesondere in F\u00e4llen, in denen das Hauptproblem die Aufmerksamkeit ist. Zu diesem Zweck ist das am h\u00e4ufigsten verwendete Instrument zur Bewertung der geteilten Aufmerksamkeit der <em>Paced Auditory Serial Addition Test<\/em> (PASAT)<sup>4<\/sup>.<\/p>\n\n\n\n<p>In diesem Test wird dem Patienten \u00fcber eine CD oder ein Kassettenger\u00e4t alle 3 Sekunden eine Ziffer pr\u00e4sentiert, und seine Aufgabe besteht darin, jede neue Ziffer zur vorherigen zu addieren; wenn die erste Zahl beispielsweise 5 und die zweite 2 ist, lautet die richtige Antwort 7, und wenn die n\u00e4chste Zahl 8 ist, lautet die richtige Antwort 10 (2+8).<\/p>\n\n\n\n<h2 class=\"wp-block-heading\"><strong>Rehabilitation der Aufmerksamkeit<\/strong><\/h2>\n\n\n\n<p>Ebenso wie bei der Bewertung k\u00f6nnte man zu dem Schluss kommen, dass durch die Rehabilitation der niedrigeren Niveaus automatisch eine Verbesserung der h\u00f6heren, insbesondere der geteilten Aufmerksamkeit, erreicht wird.<\/p>\n\n\n\n<p>Die Rehabilitation der Aufmerksamkeit muss jedoch ganzheitlich sein und alle Ebenen hierarchisch bearbeiten, sodass die Rehabilitation oder Verst\u00e4rkung jeder Ebene als \u201eGer\u00fcst\u201c f\u00fcr die Intervention der n\u00e4chsten dient.<\/p>\n\n\n\n<p>Wie bereits mehrfach erw\u00e4hnt, ist das am h\u00e4ufigsten in Klinik und Forschung verwendete Rehabilitationsprogramm f\u00fcr Aufmerksamkeit das <strong><em>Attention Process Training<\/em> (APT)<\/strong>, mit dem anhaltende, selektive, alternierende und geteilte Aufmerksamkeit durch Papier-und-Bleistift-\u00dcbungen und computergest\u00fctzte akustische Aufgaben trainiert werden.<\/p>\n\n\n\n<h3 class=\"wp-block-heading\">Training der geteilten Aufmerksamkeit<\/h3>\n\n\n\n<p>Das Training der geteilten Aufmerksamkeit erfolgt speziell durch <strong>drei Aufgabemodalit\u00e4ten<\/strong><sup>2<\/sup>:<\/p>\n\n\n\n<ol class=\"wp-block-list\">\n<li>Verst\u00e4ndnisvolles Lesen eines Textes und Suche nach einem bestimmten Reiz (z. B. dem Buchstaben \u201eh\u201c),<\/li>\n<li>Kombination von auditiven Aufgaben zur anhaltenden Aufmerksamkeit mit Aufgaben, die eine motorische Reaktion auf das Auftreten eines bestimmten Reizes erfordern, wobei die Reaktionszeit gemessen wird,<\/li>\n<li>Kombination von anhaltenden Aufmerksamkeitsaufgaben mit Zeit\u00fcberwachung (Verfolgung der verstrichenen Zeit).<\/li>\n<\/ol>\n\n\n\n<p>Das APT, ebenso wie die Plattform NeuronUP, die eine Vielzahl von \u00dcbungen zur Arbeit an unterschiedlichen kognitiven Funktionen bietet, geh\u00f6rt zu den Programmen, die direkt auf die Defizite einwirken, was als Funktionsrestauration bezeichnet wird.<\/p>\n\n\n\n<p>In der neuropsychologischen Intervention k\u00f6nnen jedoch auch andere Verfahren angewandt werden, die je nach klinischen Merkmalen und den Bed\u00fcrfnissen des jeweiligen Patienten zum Einsatz kommen.<\/p>\n\n\n\n<h3 class=\"wp-block-heading\">Verschiedene Interventionsarten<\/h3>\n\n\n\n<p>Diese Verfahren oder Interventionsarten schlie\u00dfen einander nicht aus; tats\u00e4chlich sollten sie in den meisten F\u00e4llen <strong>kombiniert werden, um die bestm\u00f6gliche Genesung des Patienten zu gew\u00e4hrleisten<\/strong>.<\/p>\n\n\n\n<ul class=\"wp-block-list\">\n<li><strong>Funktionale Kompensation\/Anpassung<\/strong>: Nach einer Hirnverletzung und insbesondere bei Erwachsenen ist es m\u00f6glich, dass die gesch\u00e4digte Funktion nicht wiederhergestellt werden kann. Daher wird <strong>an anderen, weniger beeintr\u00e4chtigten oder intakten Funktionen gearbeitet<\/strong>, damit diese die Defizite des Patienten ausgleichen k\u00f6nnen;<\/li>\n<li><strong>Umweltanpassungen<\/strong>: Dabei geht es darum, <strong>die Umgebung des Patienten<\/strong> so anzupassen, dass das kognitive Funktionieren gef\u00f6rdert wird. Bei der Aufmerksamkeit w\u00e4re eine Umweltanpassung beispielsweise die Reduzierung von Ablenkungen;<\/li>\n<li><strong>externe Hilfen:<\/strong> Falls die kognitive Funktion nicht wiederhergestellt werden kann, wird der Patient <strong>mit Hilfsmitteln<\/strong> ausgestattet, die es ihm erm\u00f6glichen, allt\u00e4gliche Aktivit\u00e4ten durchzuf\u00fchren, ohne auf die gesch\u00e4digte Funktion angewiesen zu sein. Ein Beispiel w\u00e4re die Verwendung eines Diktierger\u00e4ts im Unterricht f\u00fcr Studierende mit Aufmerksamkeitsproblemen.<\/li>\n<li><strong>Familieneinbeziehung<\/strong>: Die kognitiven, verhaltensbezogenen und emotionalen Probleme von Patienten mit Hirnverletzungen k\u00f6nnen f\u00fcr die Familienangeh\u00f6rigen und\/oder Betreuer belastend sein, weshalb es \u00e4u\u00dferst wichtig ist, mit ihnen durch <strong>Psychoedukation und psychologische Unterst\u00fctzung<\/strong> zusammenzuarbeiten. Dar\u00fcber hinaus spielen sie eine aktive und wesentliche Rolle in der Rehabilitation, indem sie Informationen \u00fcber die Resultate der Intervention au\u00dferhalb der Klinik liefern oder Aktivit\u00e4ten zuhause als Teil der Rehabilitation durchf\u00fchren;<\/li>\n<li><strong>Verhaltens- und Emotionsinterventionen<\/strong>: Diese Probleme k\u00f6nnen das Ergebnis organischer Ver\u00e4nderungen durch die Verletzung sein oder eine emotionale Reaktion auf die Defizite darstellen, die der Patient wahrnimmt. Es ist wichtig, die emotionale Ebene nicht au\u00dfer Acht zu lassen, da sie eng mit dem kognitiven Funktionieren verkn\u00fcpft ist. Zum Beispiel k\u00f6nnen depressive Symptome die Aufmerksamkeitsprobleme verschlimmern.<\/li>\n<\/ul>\n\n\n\n<p>Im Rahmen der Verhaltens- und Emotionsintervention verdient die Arbeit an der <strong>Motivation<\/strong> besondere Beachtung, da sie aus mehreren Gr\u00fcnden eine wertvolle Verb\u00fcndete bei der F\u00f6rderung der Rehabilitation oder Kompensation der Defizite ist:<\/p>\n\n\n\n<ul class=\"wp-block-list\">\n<li>Sie verbessert die Therapietreue.<\/li>\n<li>Sie gew\u00e4hrleistet den maximalen Einsatz des Patienten bei der Durchf\u00fchrung der Aufgaben und f\u00fchrt zu besseren Ergebnissen.<\/li>\n<li>Sie erm\u00f6glicht die Einbeziehung von Aufgaben au\u00dferhalb der Klinik in den Interventionsplan. Nach Abschluss der Intervention bietet sie die Grundlage daf\u00fcr, dass der Patient bei Bedarf weiterhin Richtlinien befolgt.<\/li>\n<\/ul>\n\n\n\n<h4 class=\"wp-block-heading\">Richtlinien zur Steigerung der Motivation des Patienten<\/h4>\n\n\n\n<p>Um die Motivation des Patienten zu steigern, ist es hilfreich, einige Richtlinien zu befolgen, darunter die folgenden:<\/p>\n\n\n\n<ul class=\"wp-block-list\">\n<li>Von Anfang an ein <strong>Vertrauensverh\u00e4ltnis zum Patienten aufbauen<\/strong>, ihn in der Klinik wohlf\u00fchlen lassen und ihm vor allem das Vertrauen geben, alle seine Zweifel und Gef\u00fchle \u00e4u\u00dfern zu k\u00f6nnen,<\/li>\n<li><strong>ehrlich mit dem Patienten sein und ihm keine falschen Hoffnungen machen<\/strong>. Seine Erwartungen an das anpassen, was durch die Rehabilitation erreicht werden kann,<\/li>\n<li>Zu Beginn der Intervention <strong>detailliert erkl\u00e4ren, worin sie bestehen wird<\/strong>, wie lange sie dauert und welches Engagement sowohl von seiner Seite als auch von d\n<div class=\"mai-grid entries entries-grid has-boxed has-image-full\" style=\"--entry-title-font-size:var(--font-size-lg);--align-text:start;--entry-meta-text-align:start;\"><div class=\"entries-wrap has-columns\" style=\"--columns-xs:1\/1;--columns-sm:1\/1;--columns-md:1\/3;--columns-lg:1\/3;--flex-xs:0 0 var(--flex-basis);--flex-sm:0 0 var(--flex-basis);--flex-md:0 0 var(--flex-basis);--flex-lg:0 0 var(--flex-basis);--column-gap:var(--spacing-lg);--row-gap:var(--spacing-lg);--align-columns:start;\"><article class=\"entry entry-grid is-column has-entry-link has-image has-image-first type-post category-neuropsychologie tag-neuropsychologie tag-neuropsychologische-diagnostik\" style=\"--entry-index:1;\" aria-label=\"Multifaktorialit\u00e4t neuropsychologischer Tests: Was bewerten wir, wenn wir bewerten?\" itemscope itemtype=\"https:\/\/schema.org\/CreativeWork\"><a class=\"entry-image-link\" href=\"https:\/\/neuronup.com\/de\/neurowissenschaften\/neuropsychologie\/multifaktorialitat-der-neuropsychologischen-tests\/\" tabindex=\"-1\" aria-hidden=\"true\"><img decoding=\"async\" width=\"200\" height=\"300\" src=\"https:\/\/neuronup.com\/de\/wp-content\/uploads\/2022\/09\/Platano-azul.webp\" class=\"entry-image size-landscape-sm\" alt=\"Die Multifaktorit\u00e4t neuropsychologischer Tests\" srcset=\"https:\/\/neuronup.com\/de\/wp-content\/uploads\/2022\/09\/Platano-azul-200x300.webp 200w, https:\/\/neuronup.com\/de\/wp-content\/uploads\/2022\/09\/Platano-azul-683x1024.webp 683w, https:\/\/neuronup.com\/de\/wp-content\/uploads\/2022\/09\/Platano-azul-768x1152.webp 768w, https:\/\/neuronup.com\/de\/wp-content\/uploads\/2022\/09\/Platano-azul-1024x1536.webp 1024w, https:\/\/neuronup.com\/de\/wp-content\/uploads\/2022\/09\/Platano-azul.webp 1200w\" sizes=\"(max-width:599px) 599px, (min-width:600px) and (max-width: 799px) 799px, (min-width:800px) and (max-width: 999px) 333px, (min-width:1000px) 400px\" \/><\/a><div class=\"entry-wrap entry-wrap-grid\"><h3 class=\"entry-title\" itemprop=\"headline\"><a class=\"entry-title-link\" href=\"https:\/\/neuronup.com\/de\/neurowissenschaften\/neuropsychologie\/multifaktorialitat-der-neuropsychologischen-tests\/\" rel=\"bookmark\">Multifaktorialit\u00e4t neuropsychologischer Tests: Was bewerten wir, wenn wir bewerten?<\/a><\/h3>\n<\/div><\/article><article class=\"entry entry-grid is-column has-entry-link has-image has-image-first type-post category-aktivitaten-zur-sozialen-kognition tag-aktivitaten-zur-kognitiven-stimulation tag-aktivitaten-zur-kognitiven-stimulation-fur-kinder tag-autismus tag-neuronup-nachrichten tag-soziale-kognition\" style=\"--entry-index:2;\" aria-label=\"Aktivit\u00e4ten zur F\u00f6rderung der Theory of Mind bei Kindern\" itemscope itemtype=\"https:\/\/schema.org\/CreativeWork\"><a class=\"entry-image-link\" href=\"https:\/\/neuronup.com\/de\/aktivitaten-fur-neurorehabilitation\/aktivitaten-fur-kognitive-funktionen\/aktivitaten-zur-sozialen-kognition\/aktivitaten-zur-forderung-der-theorie-des-geistes-bei-kindern\/\" tabindex=\"-1\" aria-hidden=\"true\"><img decoding=\"async\" width=\"400\" height=\"232\" src=\"https:\/\/neuronup.com\/de\/wp-content\/uploads\/2023\/10\/Actividades-para-trabajar-la-Teoria-de-la-Mente-con-ninos.webp\" class=\"entry-image size-landscape-sm\" alt=\"Aktivit\u00e4ten zur F\u00f6rderung der Theorie des Geistes bei Kindern\" srcset=\"https:\/\/neuronup.com\/de\/wp-content\/uploads\/2023\/10\/Actividades-para-trabajar-la-Teoria-de-la-Mente-con-ninos-300x174.webp 300w, https:\/\/neuronup.com\/de\/wp-content\/uploads\/2023\/10\/Actividades-para-trabajar-la-Teoria-de-la-Mente-con-ninos-768x446.webp 768w, https:\/\/neuronup.com\/de\/wp-content\/uploads\/2023\/10\/Actividades-para-trabajar-la-Teoria-de-la-Mente-con-ninos-1024x595.webp 1024w, https:\/\/neuronup.com\/de\/wp-content\/uploads\/2023\/10\/Actividades-para-trabajar-la-Teoria-de-la-Mente-con-ninos.webp 1200w\" sizes=\"(max-width:599px) 599px, (min-width:600px) and (max-width: 799px) 799px, (min-width:800px) and (max-width: 999px) 333px, (min-width:1000px) 400px\" \/><\/a><div class=\"entry-wrap entry-wrap-grid\"><h3 class=\"entry-title\" itemprop=\"headline\"><a class=\"entry-title-link\" href=\"https:\/\/neuronup.com\/de\/aktivitaten-fur-neurorehabilitation\/aktivitaten-fur-kognitive-funktionen\/aktivitaten-zur-sozialen-kognition\/aktivitaten-zur-forderung-der-theorie-des-geistes-bei-kindern\/\" rel=\"bookmark\">Aktivit\u00e4ten zur F\u00f6rderung der Theory of Mind bei Kindern<\/a><\/h3>\n<\/div><\/article><article class=\"entry entry-grid is-column has-entry-link has-image has-image-first type-post category-neuropsychologie tag-kinder tag-neuropsychologie\" style=\"--entry-index:3;\" aria-label=\"Die Bindungstheorie: Was sie ist, Grunds\u00e4tze, Anwendungen und St\u00f6rungen\" itemscope itemtype=\"https:\/\/schema.org\/CreativeWork\"><a class=\"entry-image-link\" href=\"https:\/\/neuronup.com\/de\/neurowissenschaften\/neuropsychologie\/die-bindungstheorie-was-sie-ist-postulate-anwendungen-und-storungen\/\" tabindex=\"-1\" aria-hidden=\"true\"><img decoding=\"async\" width=\"400\" height=\"267\" src=\"https:\/\/neuronup.com\/de\/wp-content\/uploads\/2023\/06\/teoria-del-apego.webp\" class=\"entry-image size-landscape-sm\" alt=\"Die Bindungstheorie: Was ist sie, Postulate, Anwendungen und St\u00f6rungen\" srcset=\"https:\/\/neuronup.com\/de\/wp-content\/uploads\/2023\/06\/teoria-del-apego-300x200.webp 300w, https:\/\/neuronup.com\/de\/wp-content\/uploads\/2023\/06\/teoria-del-apego-768x512.webp 768w, https:\/\/neuronup.com\/de\/wp-content\/uploads\/2023\/06\/teoria-del-apego-1024x683.webp 1024w, https:\/\/neuronup.com\/de\/wp-content\/uploads\/2023\/06\/teoria-del-apego.webp 1201w\" sizes=\"(max-width:599px) 599px, (min-width:600px) and (max-width: 799px) 799px, (min-width:800px) and (max-width: 999px) 333px, (min-width:1000px) 400px\" \/><\/a><div class=\"entry-wrap entry-wrap-grid\"><h3 class=\"entry-title\" itemprop=\"headline\"><a class=\"entry-title-link\" href=\"https:\/\/neuronup.com\/de\/neurowissenschaften\/neuropsychologie\/die-bindungstheorie-was-sie-ist-postulate-anwendungen-und-storungen\/\" rel=\"bookmark\">Die Bindungstheorie: Was sie ist, Grunds\u00e4tze, Anwendungen und St\u00f6rungen<\/a><\/h3>\n<\/div><\/article><article class=\"entry entry-grid is-column has-entry-link has-image has-image-first type-post category-kognitive-stimulation-und-rehabilitation tag-exekutivfunktionen\" style=\"--entry-index:4;\" aria-label=\"Programm zur Zug\u00e4nglichkeit von Musik\" itemscope itemtype=\"https:\/\/schema.org\/CreativeWork\"><a class=\"entry-image-link\" href=\"https:\/\/neuronup.com\/de\/kognitive-stimulation-und-rehabilitation\/programm-zur-zugaenglichkeit-von-musik\/\" tabindex=\"-1\" aria-hidden=\"true\"><img decoding=\"async\" width=\"400\" height=\"300\" src=\"https:\/\/neuronup.com\/de\/wp-content\/uploads\/2024\/11\/Programm-fuer-den-Zugang-zu-Musik-in-der-Rehabilitation-400x300.webp\" class=\"entry-image size-landscape-sm\" alt=\"Programm f\u00fcr den Zugang zu Musik in der Rehabilitation\" srcset=\"https:\/\/neuronup.com\/de\/wp-content\/uploads\/2024\/11\/Programm-fuer-den-Zugang-zu-Musik-in-der-Rehabilitation-400x300.webp 400w, https:\/\/neuronup.com\/de\/wp-content\/uploads\/2024\/11\/Programm-fuer-den-Zugang-zu-Musik-in-der-Rehabilitation-800x600.webp 800w\" sizes=\"(max-width:599px) 599px, (min-width:600px) and (max-width: 799px) 799px, (min-width:800px) and (max-width: 999px) 333px, (min-width:1000px) 400px\" \/><\/a><div class=\"entry-wrap entry-wrap-grid\"><h3 class=\"entry-title\" itemprop=\"headline\"><a class=\"entry-title-link\" href=\"https:\/\/neuronup.com\/de\/kognitive-stimulation-und-rehabilitation\/programm-zur-zugaenglichkeit-von-musik\/\" rel=\"bookmark\">Programm zur Zug\u00e4nglichkeit von Musik<\/a><\/h3>\n<\/div><\/article><article class=\"entry entry-grid is-column has-entry-link has-image has-image-first type-post category-therapeutische-und-psychologische-interventionsmethoden-und-techniken tag-erfahrungsberichte tag-rehabilitacion-kognitive-rehabilitation\" style=\"--entry-index:5;\" aria-label=\"Physiotherapie und Dual-Tasking: therapeutische \u00dcbungen mit NeuronUP\" itemscope itemtype=\"https:\/\/schema.org\/CreativeWork\"><a class=\"entry-image-link\" href=\"https:\/\/neuronup.com\/de\/kognitive-stimulation-und-rehabilitation\/therapeutische-und-psychologische-interventionsmethoden-und-techniken\/physiotherapie-und-dual-tasking-therapeutische-uebungen-mit-neuronup\/\" tabindex=\"-1\" aria-hidden=\"true\"><img decoding=\"async\" width=\"400\" height=\"300\" src=\"https:\/\/neuronup.com\/de\/wp-content\/uploads\/2024\/02\/physiotherapie-und-dual-tasking-1-1-1-400x300.webp\" class=\"entry-image size-landscape-sm\" alt=\"physiotherapie-und-dual-tasking\" srcset=\"https:\/\/neuronup.com\/de\/wp-content\/uploads\/2024\/02\/physiotherapie-und-dual-tasking-1-1-1-400x300.webp 400w, https:\/\/neuronup.com\/de\/wp-content\/uploads\/2024\/02\/physiotherapie-und-dual-tasking-1-1-1-800x600.webp 800w\" sizes=\"(max-width:599px) 599px, (min-width:600px) and (max-width: 799px) 799px, (min-width:800px) and (max-width: 999px) 333px, (min-width:1000px) 400px\" \/><\/a><div class=\"entry-wrap entry-wrap-grid\"><h3 class=\"entry-title\" itemprop=\"headline\"><a class=\"entry-title-link\" href=\"https:\/\/neuronup.com\/de\/kognitive-stimulation-und-rehabilitation\/therapeutische-und-psychologische-interventionsmethoden-und-techniken\/physiotherapie-und-dual-tasking-therapeutische-uebungen-mit-neuronup\/\" rel=\"bookmark\">Physiotherapie und Dual-Tasking: therapeutische \u00dcbungen mit NeuronUP<\/a><\/h3>\n<\/div><\/article><article class=\"entry entry-grid is-column has-entry-link has-image has-image-first type-post category-aktivitaten-fur-down-syndrom tag-aktivitaten-zur-kognitiven-stimulation tag-down-syndrom tag-erfahrungsberichte tag-intellektuelle-behinderung\" style=\"--entry-index:6;\" aria-label=\"Aktivit\u00e4ten f\u00fcr Menschen mit Down-Syndrom\" itemscope itemtype=\"https:\/\/schema.org\/CreativeWork\"><a class=\"entry-image-link\" href=\"https:\/\/neuronup.com\/de\/aktivitaten-fur-neurorehabilitation\/aktivitaten-fur-down-syndrom\/aktivitaten-fur-menschen-mit-down-syndrom\/\" tabindex=\"-1\" aria-hidden=\"true\"><img decoding=\"async\" width=\"400\" height=\"258\" src=\"https:\/\/neuronup.com\/de\/wp-content\/uploads\/2022\/02\/actividades-para-personas-con-sindrome-de-Down.webp\" class=\"entry-image size-landscape-sm\" alt=\"aktivit\u00e4ten f\u00fcr menschen mit down-syndrom\" srcset=\"https:\/\/neuronup.com\/de\/wp-content\/uploads\/2022\/02\/actividades-para-personas-con-sindrome-de-Down-300x194.webp 300w, https:\/\/neuronup.com\/de\/wp-content\/uploads\/2022\/02\/actividades-para-personas-con-sindrome-de-Down-768x496.webp 768w, https:\/\/neuronup.com\/de\/wp-content\/uploads\/2022\/02\/actividades-para-personas-con-sindrome-de-Down-1024x662.webp 1024w, https:\/\/neuronup.com\/de\/wp-content\/uploads\/2022\/02\/actividades-para-personas-con-sindrome-de-Down.webp 1280w\" sizes=\"(max-width:599px) 599px, (min-width:600px) and (max-width: 799px) 799px, (min-width:800px) and (max-width: 999px) 333px, (min-width:1000px) 400px\" \/><\/a><div class=\"entry-wrap entry-wrap-grid\"><h3 class=\"entry-title\" itemprop=\"headline\"><a class=\"entry-title-link\" href=\"https:\/\/neuronup.com\/de\/aktivitaten-fur-neurorehabilitation\/aktivitaten-fur-down-syndrom\/aktivitaten-fur-menschen-mit-down-syndrom\/\" rel=\"bookmark\">Aktivit\u00e4ten f\u00fcr Menschen mit Down-Syndrom<\/a><\/h3>\n<\/div><\/article><\/div><\/div>\n\n\n<div style=\"height:50px\" aria-hidden=\"true\" class=\"wp-block-spacer\"><\/div>\n\n\n\n<p class=\"has-sm-font-size\">Dieser Artikel wurde \u00fcbersetzt; Link zum Originalartikel auf Spanisch:<br><a href=\"https:\/\/neuronup.com\/neurociencia\/neuropsicologia\/rehabilitacion-de-la-atencion-dividida\/\" data-type=\"link\" data-id=\"https:\/\/neuronup.com\/neurociencia\/neuropsicologia\/rehabilitacion-de-la-atencion-dividida\/\"><em>Rehabilitaci\u00f3n de la atenci\u00f3n dividida<\/em><\/a><\/p>\n\n","protected":false},"excerpt":{"rendered":"<p>Die Neuropsychologin und Forscherin Daniela Ramos Usuga erkl\u00e4rt in diesem Artikel was geteilte Aufmerksamkeit ist, das klinische Modell von Sohlberg und Mateer und die Bewertung der geteilten Aufmerksamkeit. Was ist geteilte Aufmerksamkeit? Geteilte Aufmerksamkeit ist das letzte und h\u00f6chste Niveau der vom klinischen Modell von Sohlberg und Mateer1 festgelegten Hierarchie, gefolgt von alternierender, selektiver, anhaltender &hellip;<\/p>\n","protected":false},"author":197,"featured_media":17904,"comment_status":"open","ping_status":"open","sticky":false,"template":"","format":"standard","meta":{"_acf_changed":false,"_genesis_hide_title":false,"_genesis_hide_breadcrumbs":false,"_genesis_hide_singular_image":false,"_genesis_hide_footer_widgets":false,"_genesis_custom_body_class":"","_genesis_custom_post_class":"","_genesis_layout":"","footnotes":""},"categories":[65],"tags":[58],"class_list":{"2":"type-post","7":"category-neuropsychologie","8":"tag-aufmerksamkeit","9":"entry"},"acf":[],"_links":{"self":[{"href":"https:\/\/neuronup.com\/de\/wp-json\/wp\/v2\/posts\/17888","targetHints":{"allow":["GET"]}}],"collection":[{"href":"https:\/\/neuronup.com\/de\/wp-json\/wp\/v2\/posts"}],"about":[{"href":"https:\/\/neuronup.com\/de\/wp-json\/wp\/v2\/types\/post"}],"author":[{"embeddable":true,"href":"https:\/\/neuronup.com\/de\/wp-json\/wp\/v2\/users\/197"}],"replies":[{"embeddable":true,"href":"https:\/\/neuronup.com\/de\/wp-json\/wp\/v2\/comments?post=17888"}],"version-history":[{"count":0,"href":"https:\/\/neuronup.com\/de\/wp-json\/wp\/v2\/posts\/17888\/revisions"}],"wp:featuredmedia":[{"embeddable":true,"href":"https:\/\/neuronup.com\/de\/wp-json\/wp\/v2\/media\/17904"}],"wp:attachment":[{"href":"https:\/\/neuronup.com\/de\/wp-json\/wp\/v2\/media?parent=17888"}],"wp:term":[{"taxonomy":"category","embeddable":true,"href":"https:\/\/neuronup.com\/de\/wp-json\/wp\/v2\/categories?post=17888"},{"taxonomy":"post_tag","embeddable":true,"href":"https:\/\/neuronup.com\/de\/wp-json\/wp\/v2\/tags?post=17888"}],"curies":[{"name":"wp","href":"https:\/\/api.w.org\/{rel}","templated":true}]}}