{"id":15014,"date":"2025-10-15T10:57:02","date_gmt":"2025-10-15T10:57:02","guid":{"rendered":"https:\/\/neuronup.com\/?p=15014"},"modified":"2025-10-15T10:57:02","modified_gmt":"2025-10-15T10:57:02","slug":"die-exekutivfunktionen-was-sind-sie-welche-rolle-haben-sie-und-wie-man-sie-verbessert","status":"publish","type":"post","link":"https:\/\/neuronup.com\/de\/neurowissenschaften\/neuropsychologie\/exekutive-funktionen\/die-exekutivfunktionen-was-sind-sie-welche-rolle-haben-sie-und-wie-man-sie-verbessert\/","title":{"rendered":"Exekutive Funktionen: Was sie sind, welche Rolle sie spielen und wie man sie verbessert"},"content":{"rendered":"\n<p>In gewisser Weise hast du bereits eine Form von <strong>exekutiven Funktionen<\/strong> verwendet, um diesen Artikel zu suchen und anzuklicken.<\/p>\n\n\n\n<p>Und w\u00e4hrend du ihn jetzt liest, nutzt du eine andere Art exekutiver Funktion, um deine <strong>Aufmerksamkeit<\/strong> aufrechtzuerhalten und deinem Gehirn zu erm\u00f6glichen, jegliche Hintergrundger\u00e4usche auszublenden, die dich ablenken k\u00f6nnten.<\/p>\n\n\n\n<p>Aber was genau sind exekutive Funktionen? Und warum sind sie so wichtig?<\/p>\n\n\n\n<h2 class=\"wp-block-heading\">Was sind exekutive Funktionen?<\/h2>\n\n\n\n<p>Nach der Definition des Center on the Developing Child der Harvard University beziehen sich exekutive Funktionen auf \u201eeine <strong>Reihe mentaler Prozesse<\/strong>, die es uns erm\u00f6glichen, Zeit zu <strong>planen<\/strong>, Anweisungen zu <strong>erinnern<\/strong>, die <strong>Aufmerksamkeit<\/strong> zu fokussieren und <strong>mehrere Aufgaben<\/strong> erfolgreich zu bew\u00e4ltigen\u201c. Dank dieser F\u00e4higkeiten sind wir in der Lage, Ablenkungen zu filtern, Aufgaben zu priorisieren, unsere Impulse zu kontrollieren und erreichbare Ziele in unserem Leben zu setzen.<\/p>\n\n\n\n<p>Ob es nun darum geht, sich in der Schule zu konzentrieren, einen Urlaub zu planen, ein Treffen mit Freunden und Familie zu organisieren, eine Kampagne am Arbeitsplatz zu erstellen oder ein IKEA-M\u00f6belst\u00fcck zusammenzubauen \u2013 exekutive Funktionen geben uns die F\u00e4higkeit, viele Lebensbereiche zu meistern, indem sie es uns erm\u00f6glichen, Dinge zu erledigen.<\/p>\n\n\n\n<p>Wie ein Dirigent koordinieren exekutive Funktionen effektiv die Vielzahl innerer Prozesse des Gehirns, indem sie jeden \u201eMusiker\u201c \u2013 oder die jeweilige <strong>kognitive F\u00e4higkeit<\/strong> \u2013 wissen lassen, wann er aktiv werden soll, mit wem, wie lange oder wie er stoppen soll.<\/p>\n\n\n\n<p>Ohne dieses Level an exekutiver Kontrolle k\u00f6nnte unser Gehirn einfach nicht reibungslos arbeiten oder richtig funktionieren, was uns einen Mangel an Selbstkontrolle und eine Unf\u00e4higkeit zur angemessenen Verhaltenssteuerung hinterlassen w\u00fcrde.<\/p>\n\n\n\n<h2 class=\"wp-block-heading\">Die Rolle der exekutiven Funktionen<\/h2>\n\n\n\n<p>Exekutive Funktionen spielen eine grundlegende Rolle in unserer F\u00e4higkeit, normal zu funktionieren. Wenn sie nicht richtig arbeiten, kann das drastische Auswirkungen auf unsere Konzentrationsf\u00e4higkeit, das Management multipler Arbeitsbelastungen, das Ausblenden irrelevanter Informationen, die Impulskontrolle und das effektive Erinnern haben.<\/p>\n\n\n\n<p>Nicht nur das: Wenn diese exekutiven Funktionen nicht zusammenspielen, k\u00f6nnen auch h\u00f6herwertige exekutive Funktionen beeintr\u00e4chtigt sein, was unsere Probleml\u00f6sungs-, Argumentations- und Planungsf\u00e4higkeit beeinflusst (Miller und Wallis, 2009).<\/p>\n\n\n\n<p>Aus diesem Grund werden Probleme mit den exekutiven Funktionen h\u00e4ufig mit <strong>Aufmerksamkeitsdefizit-\/Hyperaktivit\u00e4tsst\u00f6rung<\/strong> (ADHS) und <strong>Demenz<\/strong> in Verbindung gebracht, zwei neurologische Erkrankungen, die durch Symptome wie Unaufmerksamkeit und mangelnde Kontrolle \u00fcber emotionale Reaktionen gekennzeichnet sind.<\/p>\n\n\n\n<div style=\"height:50px\" aria-hidden=\"true\" class=\"wp-block-spacer\"><\/div>\n\n\n\n<div class=\"wp-block-group br-0111 has-primary-background-color has-background has-dark-background has-sm-padding-top has-sm-padding-left has-sm-padding-right has-xxl-margin-top\"><div class=\"wp-block-group__inner-container is-layout-constrained wp-block-group-is-layout-constrained\">\n<div class=\"wp-block-columns is-layout-flex wp-container-core-columns-is-layout-9d6595d7 wp-block-columns-is-layout-flex\">\n<div class=\"wp-block-column is-layout-flow wp-block-column-is-layout-flow\">\n<figure class=\"wp-block-image size-full desktop-position-absolute desktop-bottom-0 mobile-width-50 mobile-m-inline-auto has-xl-margin-top\"><img decoding=\"async\" width=\"292\" height=\"338\" src=\"https:\/\/neuronup.com\/de\/wp-content\/uploads\/2023\/12\/Produkt-Zertifikat.webp\" alt=\"\" class=\"wp-image-27552\" srcset=\"https:\/\/neuronup.com\/de\/wp-content\/uploads\/2023\/12\/Produkt-Zertifikat-259x300.webp 259w, https:\/\/neuronup.com\/de\/wp-content\/uploads\/2023\/12\/Produkt-Zertifikat.webp 292w\" sizes=\"(max-width: 292px) 100vw, 292px\" \/><\/figure>\n<\/div>\n\n\n\n<div class=\"wp-block-column is-layout-flow wp-block-column-is-layout-flow\">\n<h2 class=\"wp-block-heading has-white-color has-text-color\">Melden Sie sich<br> f\u00fcr unseren<br> <strong>Newsletter<\/strong>\u00a0an<\/h2>\n\n\n\n<div class=\"wp-block-buttons is-layout-flex wp-block-buttons-is-layout-flex\">\n<div class=\"wp-block-button--1\" style=\"--button-outline-color:var(--color-white);--button-outline-color-hover:rgba(0,0,0,0.8);\"><a class=\"wp-block-button__link button button-outline   wp-element-button\" href=\"https:\/\/neuronup.com\/de\/newsletter\/#form\">Jetzt anmelden<\/a><\/div>\n\n<\/div>\n\n\n\n<div style=\"height:40px\" aria-hidden=\"true\" class=\"wp-block-spacer\"><\/div>\n<\/div>\n<\/div>\n<\/div><\/div>\n\n\n\n\n<div style=\"height:50px\" aria-hidden=\"true\" class=\"wp-block-spacer\"><\/div>\n\n\n\n<h2 class=\"wp-block-heading\">Probleme exekutiver Dysfunktion<\/h2>\n\n\n\n<p>Wenn exekutive Funktionen negativ beeintr\u00e4chtigt werden \u2013 sei es durch Sucht, Schlafmangel, Stress oder Krankheit \u2013 gibt es in der Regel eine Vielzahl von Konsequenzen.<\/p>\n\n\n\n<p>Diese variieren von Person zu Person, umfassen aber im Allgemeinen:<\/p>\n\n\n\n<h3 class=\"wp-block-heading\">Angst<\/h3>\n\n\n\n<p>Gef\u00fchle von Angst sind \u00fcblich, wenn exekutive Funktionen gest\u00f6rt sind.<\/p>\n\n\n\n<p>Man nimmt an, dass Stress zum Beispiel das <strong>Arbeitsged\u00e4chtnis<\/strong> und die <strong>kognitive Flexibilit\u00e4t<\/strong> (Shields et al., 2016) beeintr\u00e4chtigt, was unsere F\u00e4higkeit st\u00f6rt, uns zu organisieren, unsere Zeit zu planen und produktiv zu arbeiten. Aufgrund dieser Unf\u00e4higkeit, fokussiert zu bleiben, k\u00f6nnen bald Panik- und Angstgef\u00fchle auftreten, die unseren Stresspegel weiter erh\u00f6hen und eine Art Teufelskreis erzeugen.<\/p>\n\n\n\n<h3 class=\"wp-block-heading\">Versp\u00e4tungen<\/h3>\n\n\n\n<p>Exekutive Funktionen steuern unsere F\u00e4higkeit, <strong>Zeit effektiv zu verwalten<\/strong>, indem sie unsere Tage so planen, dass wir priorisieren, welche Aufgaben wann erledigt werden m\u00fcssen. Wenn sie beeintr\u00e4chtigt sind, kommen viele Menschen oft zu sp\u00e4t und haben Schwierigkeiten zu wissen, welche Aufgaben zuerst erledigt werden m\u00fcssen.<\/p>\n\n\n\n<p>Ebenso ist es \u00fcblich, Gegenst\u00e4nde zu verlieren, da das Arbeitsged\u00e4chtnis aufgrund exekutiver Funktionsst\u00f6rungen versagt.<\/p>\n\n\n\n<h3 class=\"wp-block-heading\">Mangel an Selbstkontrolle<\/h3>\n\n\n\n<p>Defizite exekutiver Funktionen k\u00f6nnen auch die F\u00e4higkeit einer Person erheblich beeintr\u00e4chtigen, sich zu <strong>konzentrieren<\/strong> und <strong>Aufgaben zu erledigen<\/strong>, insbesondere wenn sie mehrere Dinge gleichzeitig tun muss.<\/p>\n\n\n\n<p>Dies wird auf mangelnde Selbstkontrolle und die <strong>Unf\u00e4higkeit, Arbeitsbelastungen zu priorisieren<\/strong> zur\u00fcckgef\u00fchrt, was uns anf\u00e4lliger f\u00fcr Prokrastination macht oder dazu f\u00fchrt, unser impulsives Verhalten schwerer zu kontrollieren.<\/p>\n\n\n\n<h2 class=\"wp-block-heading\">Wie man exekutive Funktionen verbessert<\/h2>\n\n\n\n<p>Defizite exekutiver Funktionen k\u00f6nnen sehr h\u00e4ufig sein, aber gl\u00fccklicherweise gibt es verschiedene M\u00f6glichkeiten, sie anzugehen.<\/p>\n\n\n\n<p>Eine davon ist die <strong>kognitive Rehabilitationsbehandlung<\/strong>, deren Ziel es ist, die kognitive Funktion im Falle einer Hirnverletzung oder kognitiven Beeintr\u00e4chtigung zu verbessern, um die normale Funktion wiederherzustellen oder kognitive Defizite zu kompensieren.<\/p>\n\n\n\n<p>Au\u00dferdem k\u00f6nnen Checklisten und das Erstellen von Kalendern sehr wertvoll sein, wenn man Probleme mit dem Zeitmanagement hat, da sie die Verwaltung von Arbeitsbelastungen in einem \u00fcbersichtlicheren Format erleichtern.<\/p>\n\n\n\n<p>Ebenso kann das Aufschreiben von Terminen, Fristen, Namen und Telefonnummern das <strong>Arbeitsged\u00e4chtnis<\/strong> st\u00e4rken und sicherstellen, dass keine wichtigen Informationen unabsichtlich verloren gehen oder vergessen werden.<\/p>\n\n\n\n<p>Auf der anderen Seite kann eine angemessene Stressbew\u00e4ltigung die exekutiven Funktionen ebenfalls erheblich verbessern. Ob durch Achtsamkeitstechniken, mehr Zeit im Freien, das Treffen mit Freunden oder Familie oder einfach mehr Puffer zwischen den Aktivit\u00e4ten \u2013 alle Formen der Stressreduktion helfen, die inneren Mechanismen des Gehirns am Laufen zu halten.<\/p>\n\n\n\n<h2 class=\"wp-block-heading\">Schlussfolgerungen<\/h2>\n\n\n\n<p>Auf die Frage \u201eWas sind exekutive Funktionen?\u201c lautet die Antwort also: Es sind die mentalen Prozesse, die unseren Alltag formen und uns zu dem machen, was wir sind.<\/p>\n\n\n\n<p>Ohne sie w\u00e4re unser Leben erheblich eingeschr\u00e4nkt, was nicht nur unsere F\u00e4higkeit, effektiv zu arbeiten, beeintr\u00e4chtigen w\u00fcrde, sondern auch unsere Beziehungen.<\/p>\n\n\n\n<p>Daher ist es wichtig, alles zu tun, um die eigenen exekutiven Funktionen langfristig gesund zu erhalten. Ansonsten k\u00f6nnte man \u00f6fter als einem lieb ist sein Telefon, Portemonnaie oder die Schl\u00fcssel ersetzen m\u00fcssen.<\/p>\n\n\n\n<h2 class=\"wp-block-heading\">Literaturverzeichnis<\/h2>\n\n\n\n<ul class=\"wp-block-list has-sm-font-size\"><li>Bailey, E. (2022). <em>Improve Working Memory: Brain Training Tricks.<\/em> Abgerufen von: https:\/\/www.additudemag.com\/improve-working-memory\/.<\/li><li>Center on the Developing Child Harvard University. (2022). <em>Executive Function &amp; Self-Regulation.<\/em> Abgerufen von: https:\/\/developingchild.harvard.edu\/science\/key-concepts\/executive-function\/.<\/li><li>Fourie, G. (2022). <em>The benefits of quality time in the great outdoors to improve mental health.<\/em> Abgerufen von: https:\/\/www.whiterivermanor.com\/news\/benefits-of-quality-time-in-the-great-outdoors-to-improve-mental-health\/.<\/li><li>Iverson, B. (2022). <em>Executive Functions and Their Relationship to the Reading Process and Academic Performance.<\/em> Abgerufen von: https:\/\/neuronup.us\/cognitive-stimulation-news\/cognitive-functions\/executive-functions\/executive-functions-and-their-relationship-to-the-reading-process-and-academic-performance\/.<\/li><li>Martinez De Toda, M. (2021). <em>Executive functions: Can they be improved?<\/em> Abgerufen von: https:\/\/neuronup.us\/cognitive-stimulation-news\/cognitive-functions\/executive-functions\/executive-functions-can-they-be-improved\/.<\/li><li>Miller, E. &amp; Wallis, J. (2009). Executive Function and Higher-Order Cognition: Definition and Neural Substrates. In: <em>Encyclopedia of Neuroscience.<\/em> 4, 99\u2013104. DOI: 10.1016\/B978-008045046-9.00418-6.<\/li><li>Neuron UP. (2022). <em>Attention Deficit Hyperactivity Disorder (ADHD).<\/em> Abgerufen von: https:\/\/neuronup.us\/neurorehabilitation\/neurodevelopmental-disorders\/adhd\/.<\/li><li>Shields, G., Sazma, M. &amp; Yonelinas, A. (2016). The effects of acute stress on core executive functions: A meta-analysis and comparison with cortisol. <em>Neuroscience &amp; Biobehavioural Reviews.<\/em> 68, 651\u2013668.<\/li><\/ul>\n\n\n\n<h3 class=\"wp-block-heading\">Wenn dir dieser Beitrag \u00fcber exekutive Funktionen gefallen hat, k\u00f6nnten dich diese Beitr\u00e4ge von NeuronUP interessieren:<\/h3>\n\n<div class=\"mai-grid entries entries-grid has-boxed has-image-full\" style=\"--entry-title-font-size:var(--font-size-lg);--align-text:start;--entry-meta-text-align:start;\"><div class=\"entries-wrap has-columns\" style=\"--columns-xs:1\/1;--columns-sm:1\/1;--columns-md:1\/3;--columns-lg:1\/3;--flex-xs:0 0 var(--flex-basis);--flex-sm:0 0 var(--flex-basis);--flex-md:0 0 var(--flex-basis);--flex-lg:0 0 var(--flex-basis);--column-gap:var(--spacing-lg);--row-gap:var(--spacing-lg);--align-columns:start;\"><article class=\"entry entry-grid is-column has-entry-link has-image has-image-first type-post category-aktivitaten-des-taglichen-lebens-adls tag-aktivitaten-des-taglichen-lebens tag-aktivitaten-zur-kognitiven-stimulation\" style=\"--entry-index:1;\" aria-label=\"Aktivit\u00e4ten des t\u00e4glichen Lebens (ATL): Definition, Klassifikation und \u00dcbungen\" itemscope itemtype=\"https:\/\/schema.org\/CreativeWork\"><a class=\"entry-image-link\" href=\"https:\/\/neuronup.com\/de\/aktivitaten-fur-neurorehabilitation\/aktivitaten-des-taglichen-lebens-adls\/aktivitaten-des-taglichen-lebens-atls-definition-klassifikation-und-ubungen\/\" tabindex=\"-1\" aria-hidden=\"true\"><img decoding=\"async\" width=\"400\" height=\"269\" src=\"https:\/\/neuronup.com\/de\/wp-content\/uploads\/2022\/03\/activida-de-la-vida-diaria-de-NeuronUP-Ordena-la-cocina-1.webp\" class=\"entry-image size-landscape-sm\" alt=\"tagesaktivit\u00e4t von NeuronUP K\u00fcche ordnen\" srcset=\"https:\/\/neuronup.com\/de\/wp-content\/uploads\/2022\/03\/activida-de-la-vida-diaria-de-NeuronUP-Ordena-la-cocina-1-300x202.webp 300w, https:\/\/neuronup.com\/de\/wp-content\/uploads\/2022\/03\/activida-de-la-vida-diaria-de-NeuronUP-Ordena-la-cocina-1-768x516.webp 768w, https:\/\/neuronup.com\/de\/wp-content\/uploads\/2022\/03\/activida-de-la-vida-diaria-de-NeuronUP-Ordena-la-cocina-1-1024x688.webp 1024w, https:\/\/neuronup.com\/de\/wp-content\/uploads\/2022\/03\/activida-de-la-vida-diaria-de-NeuronUP-Ordena-la-cocina-1.webp 1200w\" sizes=\"(max-width:599px) 599px, (min-width:600px) and (max-width: 799px) 799px, (min-width:800px) and (max-width: 999px) 333px, (min-width:1000px) 400px\" \/><\/a><div class=\"entry-wrap entry-wrap-grid\"><h3 class=\"entry-title\" itemprop=\"headline\"><a class=\"entry-title-link\" href=\"https:\/\/neuronup.com\/de\/aktivitaten-fur-neurorehabilitation\/aktivitaten-des-taglichen-lebens-adls\/aktivitaten-des-taglichen-lebens-atls-definition-klassifikation-und-ubungen\/\" rel=\"bookmark\">Aktivit\u00e4ten des t\u00e4glichen Lebens (ATL): Definition, Klassifikation und \u00dcbungen<\/a><\/h3>\n<\/div><\/article><article class=\"entry entry-grid is-column has-entry-link has-image has-image-first type-post category-alzheimer tag-kinder tag-morbus-alzheimer tag-neurodegenerative-erkrankungen\" style=\"--entry-index:2;\" aria-label=\"Wie man den Kleinsten, den Kindern, erkl\u00e4rt, was Alzheimer ist\" itemscope itemtype=\"https:\/\/schema.org\/CreativeWork\"><a class=\"entry-image-link\" href=\"https:\/\/neuronup.com\/de\/kognitive-stimulation-und-rehabilitation\/neurodegenerative-erkrankungen\/alzheimer\/wie-man-kleinen-kindern-erklart-was-alzheimer-ist\/\" tabindex=\"-1\" aria-hidden=\"true\"><img decoding=\"async\" width=\"400\" height=\"267\" src=\"https:\/\/neuronup.com\/de\/wp-content\/uploads\/2021\/10\/grandfather-and-grandson-reading-the-news-8CLEBCE-1536x1025-1.webp\" class=\"entry-image size-landscape-sm\" alt=\"Wie man den Kleinen, den Kindern, erkl\u00e4rt, was Alzheimer ist\" srcset=\"https:\/\/neuronup.com\/de\/wp-content\/uploads\/2021\/10\/grandfather-and-grandson-reading-the-news-8CLEBCE-1536x1025-1-300x200.webp 300w, https:\/\/neuronup.com\/de\/wp-content\/uploads\/2021\/10\/grandfather-and-grandson-reading-the-news-8CLEBCE-1536x1025-1-768x513.webp 768w, https:\/\/neuronup.com\/de\/wp-content\/uploads\/2021\/10\/grandfather-and-grandson-reading-the-news-8CLEBCE-1536x1025-1-1024x683.webp 1024w, https:\/\/neuronup.com\/de\/wp-content\/uploads\/2021\/10\/grandfather-and-grandson-reading-the-news-8CLEBCE-1536x1025-1.webp 1536w\" sizes=\"(max-width:599px) 599px, (min-width:600px) and (max-width: 799px) 799px, (min-width:800px) and (max-width: 999px) 333px, (min-width:1000px) 400px\" \/><\/a><div class=\"entry-wrap entry-wrap-grid\"><h3 class=\"entry-title\" itemprop=\"headline\"><a class=\"entry-title-link\" href=\"https:\/\/neuronup.com\/de\/kognitive-stimulation-und-rehabilitation\/neurodegenerative-erkrankungen\/alzheimer\/wie-man-kleinen-kindern-erklart-was-alzheimer-ist\/\" rel=\"bookmark\">Wie man den Kleinsten, den Kindern, erkl\u00e4rt, was Alzheimer ist<\/a><\/h3>\n<\/div><\/article><article class=\"entry entry-grid is-column has-entry-link has-image has-image-first type-post category-normale-alterserscheinungen tag-altere-erwachsene tag-normales-altern\" style=\"--entry-index:3;\" aria-label=\"Wie man unerw\u00fcnschte Einsamkeit bei \u00e4lteren Menschen bek\u00e4mpft\" itemscope itemtype=\"https:\/\/schema.org\/CreativeWork\"><a class=\"entry-image-link\" href=\"https:\/\/neuronup.com\/de\/kognitive-stimulation-und-rehabilitation\/normale-alterserscheinungen\/wie-man-unerwunschte-einsamkeit-bei-alteren-menschen-bekampft\/\" tabindex=\"-1\" aria-hidden=\"true\"><img decoding=\"async\" width=\"400\" height=\"225\" src=\"https:\/\/neuronup.com\/de\/wp-content\/uploads\/2023\/10\/Persona-mayor-sentada-en-el-banco.webp\" class=\"entry-image size-landscape-sm\" alt=\"Wie man unerw\u00fcnschte Einsamkeit bei \u00e4lteren Menschen lindert.\" srcset=\"https:\/\/neuronup.com\/de\/wp-content\/uploads\/2023\/10\/Persona-mayor-sentada-en-el-banco-300x169.webp 300w, https:\/\/neuronup.com\/de\/wp-content\/uploads\/2023\/10\/Persona-mayor-sentada-en-el-banco-768x432.webp 768w, https:\/\/neuronup.com\/de\/wp-content\/uploads\/2023\/10\/Persona-mayor-sentada-en-el-banco-1024x576.webp 1024w, https:\/\/neuronup.com\/de\/wp-content\/uploads\/2023\/10\/Persona-mayor-sentada-en-el-banco.webp 1200w\" sizes=\"(max-width:599px) 599px, (min-width:600px) and (max-width: 799px) 799px, (min-width:800px) and (max-width: 999px) 333px, (min-width:1000px) 400px\" \/><\/a><div class=\"entry-wrap entry-wrap-grid\"><h3 class=\"entry-title\" itemprop=\"headline\"><a class=\"entry-title-link\" href=\"https:\/\/neuronup.com\/de\/kognitive-stimulation-und-rehabilitation\/normale-alterserscheinungen\/wie-man-unerwunschte-einsamkeit-bei-alteren-menschen-bekampft\/\" rel=\"bookmark\">Wie man unerw\u00fcnschte Einsamkeit bei \u00e4lteren Menschen bek\u00e4mpft<\/a><\/h3>\n<\/div><\/article><article class=\"entry entry-grid is-column has-entry-link has-image has-image-first type-post category-neuropsychologie tag-aufmerksamkeit\" style=\"--entry-index:4;\" aria-label=\"Rehabilitation der geteilten Aufmerksamkeit\" itemscope itemtype=\"https:\/\/schema.org\/CreativeWork\"><a class=\"entry-image-link\" href=\"https:\/\/neuronup.com\/de\/neurowissenschaften\/neuropsychologie\/rehabilitation-der-geteilten-aufmerksamkeit\/\" tabindex=\"-1\" aria-hidden=\"true\"><img decoding=\"async\" width=\"400\" height=\"267\" src=\"https:\/\/neuronup.com\/de\/wp-content\/uploads\/2022\/10\/multitarear.webp\" class=\"entry-image size-landscape-sm\" alt=\"Rehabilitation der geteilten Aufmerksamkeit\" srcset=\"https:\/\/neuronup.com\/de\/wp-content\/uploads\/2022\/10\/multitarear-300x200.webp 300w, https:\/\/neuronup.com\/de\/wp-content\/uploads\/2022\/10\/multitarear-768x513.webp 768w, https:\/\/neuronup.com\/de\/wp-content\/uploads\/2022\/10\/multitarear-1024x684.webp 1024w, https:\/\/neuronup.com\/de\/wp-content\/uploads\/2022\/10\/multitarear.webp 1200w\" sizes=\"(max-width:599px) 599px, (min-width:600px) and (max-width: 799px) 799px, (min-width:800px) and (max-width: 999px) 333px, (min-width:1000px) 400px\" \/><\/a><div class=\"entry-wrap entry-wrap-grid\"><h3 class=\"entry-title\" itemprop=\"headline\"><a class=\"entry-title-link\" href=\"https:\/\/neuronup.com\/de\/neurowissenschaften\/neuropsychologie\/rehabilitation-der-geteilten-aufmerksamkeit\/\" rel=\"bookmark\">Rehabilitation der geteilten Aufmerksamkeit<\/a><\/h3>\n<\/div><\/article><article class=\"entry entry-grid is-column has-entry-link has-image has-image-first type-post category-aktivitaten-zur-sozialen-kognition tag-erfahrungsberichte tag-exekutive-funktionen tag-gedachtnis tag-soziale-fahigkeiten tag-soziale-kognition\" style=\"--entry-index:5;\" aria-label=\"Soziale Kognition bei Kindern und wie wir sie mit NeuronUP f\u00f6rdern\" itemscope itemtype=\"https:\/\/schema.org\/CreativeWork\"><a class=\"entry-image-link\" href=\"https:\/\/neuronup.com\/de\/aktivitaten-fur-neurorehabilitation\/aktivitaten-fur-kognitive-funktionen\/aktivitaten-zur-sozialen-kognition\/die-soziale-kognition-bei-kindern-und-wie-wir-sie-mit-neuronup-bearbeiten\/\" tabindex=\"-1\" aria-hidden=\"true\"><img decoding=\"async\" width=\"400\" height=\"268\" src=\"https:\/\/neuronup.com\/de\/wp-content\/uploads\/2022\/03\/Imagen-Articulo-Neuronup-ITACA.webp\" class=\"entry-image size-landscape-sm\" alt=\"Kind arbeitet an der sozialen Kognition mit NeuronUP\" srcset=\"https:\/\/neuronup.com\/de\/wp-content\/uploads\/2022\/03\/Imagen-Articulo-Neuronup-ITACA-300x201.webp 300w, https:\/\/neuronup.com\/de\/wp-content\/uploads\/2022\/03\/Imagen-Articulo-Neuronup-ITACA-768x514.webp 768w, https:\/\/neuronup.com\/de\/wp-content\/uploads\/2022\/03\/Imagen-Articulo-Neuronup-ITACA-1024x685.webp 1024w, https:\/\/neuronup.com\/de\/wp-content\/uploads\/2022\/03\/Imagen-Articulo-Neuronup-ITACA.webp 1491w\" sizes=\"(max-width:599px) 599px, (min-width:600px) and (max-width: 799px) 799px, (min-width:800px) and (max-width: 999px) 333px, (min-width:1000px) 400px\" \/><\/a><div class=\"entry-wrap entry-wrap-grid\"><h3 class=\"entry-title\" itemprop=\"headline\"><a class=\"entry-title-link\" href=\"https:\/\/neuronup.com\/de\/aktivitaten-fur-neurorehabilitation\/aktivitaten-fur-kognitive-funktionen\/aktivitaten-zur-sozialen-kognition\/die-soziale-kognition-bei-kindern-und-wie-wir-sie-mit-neuronup-bearbeiten\/\" rel=\"bookmark\">Soziale Kognition bei Kindern und wie wir sie mit NeuronUP f\u00f6rdern<\/a><\/h3>\n<\/div><\/article><article class=\"entry entry-grid is-column has-entry-link has-image has-image-first type-post category-veranstaltungen tag-kongress\" style=\"--entry-index:6;\" aria-label=\"Global Neuropsychology Congress: Der Kongress, der die Welt in Porto vereinte\" itemscope itemtype=\"https:\/\/schema.org\/CreativeWork\"><a class=\"entry-image-link\" href=\"https:\/\/neuronup.com\/de\/veranstaltungen\/globaler-neuropsychologie-kongress-der-kongress-der-die-welt-in-porto-vereinte\/\" tabindex=\"-1\" aria-hidden=\"true\"><img decoding=\"async\" width=\"225\" height=\"300\" src=\"https:\/\/neuronup.com\/de\/wp-content\/uploads\/2024\/07\/IMG_9004-1.webp\" class=\"entry-image size-landscape-sm\" alt=\"NeuronUP beim Globalen Neuropsychologie-Kongress\" srcset=\"https:\/\/neuronup.com\/de\/wp-content\/uploads\/2024\/07\/IMG_9004-1-225x300.webp 225w, https:\/\/neuronup.com\/de\/wp-content\/uploads\/2024\/07\/IMG_9004-1-768x1024.webp 768w, https:\/\/neuronup.com\/de\/wp-content\/uploads\/2024\/07\/IMG_9004-1.webp 900w\" sizes=\"(max-width:599px) 599px, (min-width:600px) and (max-width: 799px) 799px, (min-width:800px) and (max-width: 999px) 333px, (min-width:1000px) 400px\" \/><\/a><div class=\"entry-wrap entry-wrap-grid\"><h3 class=\"entry-title\" itemprop=\"headline\"><a class=\"entry-title-link\" href=\"https:\/\/neuronup.com\/de\/veranstaltungen\/globaler-neuropsychologie-kongress-der-kongress-der-die-welt-in-porto-vereinte\/\" rel=\"bookmark\">Global Neuropsychology Congress: Der Kongress, der die Welt in Porto vereinte<\/a><\/h3>\n<\/div><\/article><\/div><\/div>\n\n\n<div style=\"height:50px\" aria-hidden=\"true\" class=\"wp-block-spacer\"><\/div>\n\n\n\n<p class=\"has-sm-font-size\">Dieser Artikel wurde \u00fcbersetzt; Link zum Originalartikel auf Spanisch:<br \/><a href=\"https:\/\/neuronup.com\/neurociencia\/neuropsicologia\/funciones-ejecutivas\/las-funciones-ejecutivas-que-son-cual-es-su-papel-y-como-mejorarlas\/\" data-type=\"link\" data-id=\"https:\/\/neuronup.com\/neurociencia\/neuropsicologia\/funciones-ejecutivas\/las-funciones-ejecutivas-que-son-cual-es-su-papel-y-como-mejorarlas\/\"><em>Las funciones ejecutivas: qu\u00e9 son, cu\u00e1l es su papel y c\u00f3mo mejorarlas<\/em><\/a><\/p>\n\n","protected":false},"excerpt":{"rendered":"<p>In gewisser Weise hast du bereits eine Form von exekutiven Funktionen verwendet, um diesen Artikel zu suchen und anzuklicken. Und w\u00e4hrend du ihn jetzt liest, nutzt du eine andere Art exekutiver Funktion, um deine Aufmerksamkeit aufrechtzuerhalten und deinem Gehirn zu erm\u00f6glichen, jegliche Hintergrundger\u00e4usche auszublenden, die dich ablenken k\u00f6nnten. Aber was genau sind exekutive Funktionen? Und &hellip;<\/p>\n","protected":false},"author":74,"featured_media":15017,"comment_status":"open","ping_status":"open","sticky":false,"template":"","format":"standard","meta":{"_acf_changed":false,"_genesis_hide_title":false,"_genesis_hide_breadcrumbs":false,"_genesis_hide_singular_image":false,"_genesis_hide_footer_widgets":false,"_genesis_custom_body_class":"","_genesis_custom_post_class":"","_genesis_layout":"","footnotes":""},"categories":[350],"tags":[58,56,444],"class_list":{"2":"type-post","7":"category-exekutive-funktionen","8":"tag-aufmerksamkeit","9":"tag-exekutive-funktionen","10":"tag-kognitive-rehabilitation","11":"entry"},"acf":[],"_links":{"self":[{"href":"https:\/\/neuronup.com\/de\/wp-json\/wp\/v2\/posts\/15014","targetHints":{"allow":["GET"]}}],"collection":[{"href":"https:\/\/neuronup.com\/de\/wp-json\/wp\/v2\/posts"}],"about":[{"href":"https:\/\/neuronup.com\/de\/wp-json\/wp\/v2\/types\/post"}],"author":[{"embeddable":true,"href":"https:\/\/neuronup.com\/de\/wp-json\/wp\/v2\/users\/74"}],"replies":[{"embeddable":true,"href":"https:\/\/neuronup.com\/de\/wp-json\/wp\/v2\/comments?post=15014"}],"version-history":[{"count":0,"href":"https:\/\/neuronup.com\/de\/wp-json\/wp\/v2\/posts\/15014\/revisions"}],"wp:featuredmedia":[{"embeddable":true,"href":"https:\/\/neuronup.com\/de\/wp-json\/wp\/v2\/media\/15017"}],"wp:attachment":[{"href":"https:\/\/neuronup.com\/de\/wp-json\/wp\/v2\/media?parent=15014"}],"wp:term":[{"taxonomy":"category","embeddable":true,"href":"https:\/\/neuronup.com\/de\/wp-json\/wp\/v2\/categories?post=15014"},{"taxonomy":"post_tag","embeddable":true,"href":"https:\/\/neuronup.com\/de\/wp-json\/wp\/v2\/tags?post=15014"}],"curies":[{"name":"wp","href":"https:\/\/api.w.org\/{rel}","templated":true}]}}