{"id":15007,"date":"2025-10-20T10:57:02","date_gmt":"2025-10-20T10:57:02","guid":{"rendered":"https:\/\/neuronup.com\/?p=15007"},"modified":"2025-10-20T10:57:02","modified_gmt":"2025-10-20T10:57:02","slug":"autismus-und-gehirn-neurobiologische-ursachen-des-autismus","status":"publish","type":"post","link":"https:\/\/neuronup.com\/de\/kognitive-stimulation-und-rehabilitation\/neurologische-entwicklungsstorungen\/ass-autismus-spektrum-storungen\/autismus-und-gehirn-neurobiologische-ursachen-des-autismus\/","title":{"rendered":"Autismus und Gehirn: neurobiologische Ursachen des Autismus"},"content":{"rendered":"\n<p>Die Murcianische Gesellschaft f\u00fcr Neurowissenschaften erkl\u00e4rt den Zusammenhang zwischen Autismus und Gehirn sowie die neurobiologischen Ursachen, die zum Auftreten von Autismus f\u00fchren.<\/p>\n\n\n\n<div style=\"height:50px\" aria-hidden=\"true\" class=\"wp-block-spacer\"><\/div>\n\n\n\n<figure class=\"wp-block-image size-large image-interface\"><a href=\"https:\/\/neuronup.com\/wp-content\/uploads\/2025\/01\/Infografia-sindrome-de-Asperger-NeuronUP.pdf\"><img decoding=\"async\" src=\"https:\/\/neuronup.com\/wp-content\/uploads\/2025\/01\/Infografia-breve-Asperger-ES-NeuronUP-1024x576.webp\" alt=\"Infograf\u00eda breve Asperger ES NeuronUP\" class=\"wp-image-36958\"\/><\/a><figcaption class=\"wp-element-caption\">Wesentliche Daten zum Asperger-Syndrom.<\/figcaption><\/figure>\n\n\n\n<div style=\"height:50px\" aria-hidden=\"true\" class=\"wp-block-spacer\"><\/div>\n\n\n\n<h2 class=\"wp-block-heading\">Einf\u00fchrung in Autismus und Gehirn<\/h2>\n\n\n\n<p>Autismus ist eine <strong>neurobiologische Entwicklungsst\u00f6rung<\/strong>, die sich in den ersten drei bis vier Lebensjahren zeigt. Zudem ist es eine St\u00f6rung, die \u00fcber den gesamten Lebenszyklus hinweg bestehen bleibt. Obwohl jedes autistische Syndrom in seiner Symptomatik unterschiedlich ist, gibt es f\u00fcr diese St\u00f6rung zwei gemeinsame Faktoren:<\/p>\n\n\n\n<ol class=\"wp-block-list\">\n<li>Das Kind weist <strong>anhaltende Defizite in der sozialen Interaktion und Kommunikation<\/strong> auf<\/li>\n\n\n\n<li>Es zeigt<strong> einschr\u00e4nkende und sich wiederholende Verhaltensmuster, Interessen oder Aktivit\u00e4ten<\/strong> (Volden, 2017).<\/li>\n<\/ol>\n\n\n\n<h2 class=\"wp-block-heading\">Neurobiologische Ursachen<\/h2>\n\n\n\n<p>Autismus geht vor allem mit Verhaltensdefiziten einher; zahlreiche Untersuchungen haben jedoch gezeigt, dass das Problem bereits in der neuronalen Entwicklung des F\u00f6tus beginnt. Im Folgenden werden die neuesten Forschungsans\u00e4tze zu den neurobiologischen Ursachen dieser St\u00f6rung beschrieben.<\/p>\n\n\n\n<h3 class=\"wp-block-heading\"><strong>&nbsp;Autismus und Hirnvolumen<\/strong><\/h3>\n\n\n\n<p>Erstens haben einige Forscher einen Zusammenhang zwischen dem Ausma\u00df des \u00fcberm\u00e4\u00dfigen Hirnwachstums und der Schwere der Autismus-Symptome festgestellt. Tats\u00e4chlich haben Untersuchungen mittels struktureller Magnetresonanztomographie gezeigt, dass das \u00fcberm\u00e4\u00dfige Wachstum des Gehirns bei Kindern mit Autismus im ersten Lebensjahr oder sogar fr\u00fcher beginnt (Amaral et al., 2017; Kessler, Seymour und Rippon, 2016). Obwohl die Ursache dieses beschleunigten Wachstums derzeit unbekannt ist, stellen diese Erkenntnisse einen gro\u00dfen Fortschritt f\u00fcr die fr\u00fchzeitige Diagnose und Behandlung von Autismus dar.<\/p>\n\n\n\n<h3 class=\"wp-block-heading\"><strong>Autismus und abnorme Organisation der Gehirnrinde<\/strong><\/h3>\n\n\n\n<p>Zweitens betrachten wir die Gehirnrinde, die sich bereits in den ersten Monaten der fetalen Entwicklung in differenzierte Regionen organisiert. Es wurde jedoch beobachtet, dass diese Differenzierung bei Kindern mit Autismus nicht in gleicher Weise erfolgt. In einer Studie wurde die Gehirnorganisation verstorbener autistischer Kinder mittels tomografischer Verfahren mit der von nicht diagnostizierten Kindern verglichen. Beide Gruppen waren im Alter zwischen 2 und 15 Jahren. Das Ergebnis zeigte, dass in den Gehirnen der autistischen Kinder desorganisierte Bereiche vorhanden waren, in denen Zellen in der pr\u00e4frontalen Rinde, die eng mit Kommunikation und sozialer Interaktion verbunden ist, fehlplatziert waren (Sanz-Cortes, Egana-Ugrinovic, Zupan, Figueras und Gratacos, 2014). Weitere Studien haben diesen Befund best\u00e4tigt und sehen eine m\u00f6gliche Ursache in der fehlerhaften neuronalen Entwicklung w\u00e4hrend des zweiten und dritten Trimesters der Schwangerschaft.<\/p>\n\n\n\n<h3 class=\"wp-block-heading\"><strong>Autismus und Hypoaktivierung der Amygdala<\/strong><\/h3>\n\n\n\n<p>Die Amygdala ist n\u00e4mlich die Hirnstruktur, die f\u00fcr die emotionale Verarbeitung zust\u00e4ndig ist. Ihre emotionale Funktion ist so bedeutend, dass eine gesch\u00e4digte Amygdala dazu f\u00fchrt, dass eine Person nicht in der Lage ist, Emotionen bei anderen zu erkennen, auszudr\u00fccken oder zu benennen. Pionierstudien, die funktionelle Magnetresonanztomographie einsetzten, zeigten, dass die Amygdala von Kindern mit Autismus eine niedrigere funktionelle Aktivierung aufwies, wenn sie eine \u00dcbung zur Emotionserkennung durchf\u00fchrten, verglichen mit der Aktivierungsstufe von gleichaltrigen nicht diagnostizierten Kindern (Barnea-Goraly et al., 2014). Andere Autoren fanden au\u00dferdem morphologische und sensitivit\u00e4tsbezogene Unterschiede in der Funktionalit\u00e4t der Amygdala zwischen einem Kind mit Autismus und einem ohne Diagnose (Kiefer et al., 2017).<\/p>\n\n\n\n\n<div style=\"height:100px\" aria-hidden=\"true\" class=\"wp-block-spacer\"><\/div>\n\n\n\n<h3 class=\"wp-block-heading\"><strong>Autismus und Verz\u00f6gerung der funktionellen Gehirnentwicklung<\/strong><\/h3>\n\n\n\n<p>Obwohl es noch keine schl\u00fcssigen Daten gibt, haben einige Untersuchungen gezeigt, dass die Hirnareale, die an Kommunikation und sozialer Interaktion beteiligt sind, bei autistischen Kindern langsamer wachsen und funktionell erschlie\u00dfen als bei nicht betroffenen Kindern (Ameis und Catani, 2015; Washington et al., 2014). Dies k\u00f6nnte die Unf\u00e4higkeit dieser Kinder erkl\u00e4ren, emotionale Bindungen einzugehen und sich in ihrer Umwelt zu vernetzen.<\/p>\n\n\n\n<p>Wie in diesem Beitrag ersichtlich ist, gibt es zahlreiche Theorien, die versuchen, Autismus zu erkl\u00e4ren. Diese Vielzahl an Hypothesen liegt sicherlich an der Vielfalt der Symptome der St\u00f6rung und an der Komplexit\u00e4t von Autismus. Nichtsdestotrotz sind die zuk\u00fcnftigen Forschungsans\u00e4tze, insbesondere die beiden ersten, vielversprechend und werden es Psychologen, Neuropsychologen und anderen Fachkr\u00e4ften erm\u00f6glichen, Autismus sowie dessen Pr\u00e4vention und Intervention \u00fcber den gesamten Lebenszyklus besser zu verstehen.<\/p>\n\n\n\n<div style=\"height:50px\" aria-hidden=\"true\" class=\"wp-block-spacer\"><\/div>\n\n\n\n<div class=\"wp-block-group br-0111 has-primary-background-color has-background has-dark-background has-sm-padding-top has-sm-padding-left has-sm-padding-right has-xxl-margin-top\"><div class=\"wp-block-group__inner-container is-layout-constrained wp-block-group-is-layout-constrained\">\n<div class=\"wp-block-columns is-layout-flex wp-container-core-columns-is-layout-9d6595d7 wp-block-columns-is-layout-flex\">\n<div class=\"wp-block-column is-layout-flow wp-block-column-is-layout-flow\">\n<figure class=\"wp-block-image size-full desktop-position-absolute desktop-bottom-0 mobile-width-50 mobile-m-inline-auto has-xl-margin-top\"><img decoding=\"async\" width=\"292\" height=\"338\" src=\"https:\/\/neuronup.com\/de\/wp-content\/uploads\/2023\/12\/Produkt-Zertifikat.webp\" alt=\"\" class=\"wp-image-27552\" srcset=\"https:\/\/neuronup.com\/de\/wp-content\/uploads\/2023\/12\/Produkt-Zertifikat-259x300.webp 259w, https:\/\/neuronup.com\/de\/wp-content\/uploads\/2023\/12\/Produkt-Zertifikat.webp 292w\" sizes=\"(max-width: 292px) 100vw, 292px\" \/><\/figure>\n<\/div>\n\n\n\n<div class=\"wp-block-column is-layout-flow wp-block-column-is-layout-flow\">\n<h2 class=\"wp-block-heading has-white-color has-text-color\">Melden Sie sich<br> f\u00fcr unseren<br> <strong>Newsletter<\/strong>\u00a0an<\/h2>\n\n\n\n<div class=\"wp-block-buttons is-layout-flex wp-block-buttons-is-layout-flex\">\n<div class=\"wp-block-button--1\" style=\"--button-outline-color:var(--color-white);--button-outline-color-hover:rgba(0,0,0,0.8);\"><a class=\"wp-block-button__link button button-outline   wp-element-button\" href=\"https:\/\/neuronup.com\/de\/newsletter\/#form\">Jetzt anmelden<\/a><\/div>\n\n<\/div>\n\n\n\n<div style=\"height:40px\" aria-hidden=\"true\" class=\"wp-block-spacer\"><\/div>\n<\/div>\n<\/div>\n<\/div><\/div>\n\n\n\n\n<div style=\"height:50px\" aria-hidden=\"true\" class=\"wp-block-spacer\"><\/div>\n\n\n<h2 class=\"wp-block-heading\"><strong>Literatur<\/strong><\/h2>\n\n\n<ul class=\"wp-block-list\">\n<li>Amaral, D. G., Li, D., Libero, L., Solomon, M., Van de Water, J., Mastergeorge, A., &#8230; y Wu Nordahl, C. (2017). In pursuit of neurophenotypes: The consequences of having autism and a big brain. <em>Autism Research<\/em>, <em>10<\/em>(5), 711-722.<\/li>\n\n\n\n<li>Ameis, S. H. y Catani, M. (2015). Altered white matter connectivity as a neural substrate for social impairment in Autism Spectrum Disorder. <em>Cortex<\/em>, <em>62<\/em>, 158-181.<\/li>\n\n\n\n<li>Barnea-Goraly, N., Frazier, T. W., Piacenza, L., Minshew, N. J., Keshavan, M. S., Reiss, A. L. y Hardan, A. Y. (2014). A preliminary longitudinal volumetric MRI study of amygdala and hippocampal volumes in autism. <em>Progress in Neuro Psychopharmacology and Biological Psychiatry<\/em>, <em>48<\/em>, 124-128.<\/li>\n\n\n\n<li>Kessler, K., Seymour, R. A. y Rippon, G. (2016). Brain oscillations and connectivity in autism spectrum disorders (ASD): new approaches to methodology, measurement and modelling. <em>Neuroscience &amp; Biobehavioral Reviews<\/em>, <em>71<\/em>, 601-620.<\/li>\n\n\n\n<li>Kiefer, C., Kryza-Lacombe, M., Cole, K., Lord, C., Monk, C. y Wiggins, J. L. (2017). 126-Irritability and Amygdala-Ventral Prefrontal Cortex Connectivity in Children with High Functioning Autism Spectrum Disorder. <em>Biological Psychiatry<\/em>, <em>81<\/em>(10), 53-58.<\/li>\n\n\n\n<li>Sanz-Cortes, M., Egana-Ugrinovic, G., Zupan, R., Figueras, F. y Gratacos, E. (2014). Brainstem and cerebellar differences and their association with neurobehavior in term small-for-gestational-age fetuses assessed by fetal MRI. <em>American journal of obstetrics and gynecology<\/em>, <em>210<\/em>(5), 452-459.<\/li>\n\n\n\n<li>Volden, J. (2017). <em>Autism Spectrum Disorder. <\/em>California: Springer International Publishing.<\/li>\n\n\n\n<li>Washington, S. D., Gordon, E. M., Brar, J., Warburton, S., Sawyer, A. T., Wolfe, A., &#8230; y Gaillard, W. D. (2014). Dysmaturation of the default mode network in autism. <em>Human brain mapping<\/em>, <em>35<\/em>(4), 1284-1296.<\/li>\n<\/ul>\n\n\n\n<h3 class=\"wp-block-heading\">Wenn Sie an diesem Artikel \u00fcber Autismus und Gehirn interessiert sind, k\u00f6nnten Sie auch an folgenden Artikeln interessiert sein:<\/h3>\n\n<div class=\"mai-grid entries entries-grid has-boxed has-image-full\" style=\"--entry-title-font-size:var(--font-size-lg);--align-text:start;--entry-meta-text-align:start;\"><div class=\"entries-wrap has-columns\" style=\"--columns-xs:1\/1;--columns-sm:1\/1;--columns-md:1\/3;--columns-lg:1\/3;--flex-xs:0 0 var(--flex-basis);--flex-sm:0 0 var(--flex-basis);--flex-md:0 0 var(--flex-basis);--flex-lg:0 0 var(--flex-basis);--column-gap:var(--spacing-lg);--row-gap:var(--spacing-lg);--align-columns:start;\"><article class=\"entry entry-grid is-column has-entry-link has-image has-image-first type-post category-gedachtnisaktivitaten tag-aktivitaten-zur-kognitiven-stimulation tag-gedachtnis tag-neuronup-nachrichten\" style=\"--entry-index:1;\" aria-label=\"Musikspiel zur F\u00f6rderung des episodischen Ged\u00e4chtnisses bei Erwachsenen\" itemscope itemtype=\"https:\/\/schema.org\/CreativeWork\"><a class=\"entry-image-link\" href=\"https:\/\/neuronup.com\/de\/aktivitaten-fur-neurorehabilitation\/aktivitaten-fur-kognitive-funktionen\/gedachtnisaktivitaten\/musikspiel-zur-forderung-des-episodischen-gedachtnisses-bei-erwachsenen\/\" tabindex=\"-1\" aria-hidden=\"true\"><img decoding=\"async\" width=\"400\" height=\"280\" src=\"https:\/\/neuronup.com\/de\/wp-content\/uploads\/2022\/11\/Juego-de-musica-para-trabajar-la-memoria-episodica-con-adultos-2-1-1-1-1-1.webp\" class=\"entry-image size-landscape-sm\" alt=\"Musikspiel zur Arbeit an episodischem Ged\u00e4chtnis mit Erwachsenen, Konzertnacht\" srcset=\"https:\/\/neuronup.com\/de\/wp-content\/uploads\/2022\/11\/Juego-de-musica-para-trabajar-la-memoria-episodica-con-adultos-2-1-1-1-1-1-300x210.webp 300w, https:\/\/neuronup.com\/de\/wp-content\/uploads\/2022\/11\/Juego-de-musica-para-trabajar-la-memoria-episodica-con-adultos-2-1-1-1-1-1-768x537.webp 768w, https:\/\/neuronup.com\/de\/wp-content\/uploads\/2022\/11\/Juego-de-musica-para-trabajar-la-memoria-episodica-con-adultos-2-1-1-1-1-1-1024x716.webp 1024w, https:\/\/neuronup.com\/de\/wp-content\/uploads\/2022\/11\/Juego-de-musica-para-trabajar-la-memoria-episodica-con-adultos-2-1-1-1-1-1.webp 1205w\" sizes=\"(max-width:599px) 599px, (min-width:600px) and (max-width: 799px) 799px, (min-width:800px) and (max-width: 999px) 333px, (min-width:1000px) 400px\" \/><\/a><div class=\"entry-wrap entry-wrap-grid\"><h3 class=\"entry-title\" itemprop=\"headline\"><a class=\"entry-title-link\" href=\"https:\/\/neuronup.com\/de\/aktivitaten-fur-neurorehabilitation\/aktivitaten-fur-kognitive-funktionen\/gedachtnisaktivitaten\/musikspiel-zur-forderung-des-episodischen-gedachtnisses-bei-erwachsenen\/\" rel=\"bookmark\">Musikspiel zur F\u00f6rderung des episodischen Ged\u00e4chtnisses bei Erwachsenen<\/a><\/h3>\n<\/div><\/article><article class=\"entry entry-grid is-column has-entry-link has-image has-image-first type-post category-ass-autismus-spektrum-storungen tag-autismus tag-erfahrungsberichte tag-kinder tag-neurologische-entwicklungsstorungen\" style=\"--entry-index:2;\" aria-label=\"Wie kann man die kognitiven Funktionen bei Kindern mit einer Autismus-Spektrum-St\u00f6rung verbessern?\" itemscope itemtype=\"https:\/\/schema.org\/CreativeWork\"><a class=\"entry-image-link\" href=\"https:\/\/neuronup.com\/de\/kognitive-stimulation-und-rehabilitation\/neurologische-entwicklungsstorungen\/ass-autismus-spektrum-storungen\/wie-kann-man-die-kognitiven-funktionen-bei-kindern-mit-einer-autismus-spektrum-storung-verbessern\/\" tabindex=\"-1\" aria-hidden=\"true\"><img decoding=\"async\" width=\"400\" height=\"300\" src=\"https:\/\/neuronup.com\/de\/wp-content\/uploads\/2024\/02\/Nino-trabajando-con-las-actividades-de-NeuronUP-1-400x300.webp\" class=\"entry-image size-landscape-sm\" alt=\"Kind-arbeitet-mit-NeuronUP\" srcset=\"https:\/\/neuronup.com\/de\/wp-content\/uploads\/2024\/02\/Nino-trabajando-con-las-actividades-de-NeuronUP-1-300x225.webp 300w, https:\/\/neuronup.com\/de\/wp-content\/uploads\/2024\/02\/Nino-trabajando-con-las-actividades-de-NeuronUP-1-400x300.webp 400w, https:\/\/neuronup.com\/de\/wp-content\/uploads\/2024\/02\/Nino-trabajando-con-las-actividades-de-NeuronUP-1-768x576.webp 768w, https:\/\/neuronup.com\/de\/wp-content\/uploads\/2024\/02\/Nino-trabajando-con-las-actividades-de-NeuronUP-1-800x600.webp 800w, https:\/\/neuronup.com\/de\/wp-content\/uploads\/2024\/02\/Nino-trabajando-con-las-actividades-de-NeuronUP-1-1024x768.webp 1024w, https:\/\/neuronup.com\/de\/wp-content\/uploads\/2024\/02\/Nino-trabajando-con-las-actividades-de-NeuronUP-1.webp 1200w\" sizes=\"(max-width:599px) 599px, (min-width:600px) and (max-width: 799px) 799px, (min-width:800px) and (max-width: 999px) 333px, (min-width:1000px) 400px\" \/><\/a><div class=\"entry-wrap entry-wrap-grid\"><h3 class=\"entry-title\" itemprop=\"headline\"><a class=\"entry-title-link\" href=\"https:\/\/neuronup.com\/de\/kognitive-stimulation-und-rehabilitation\/neurologische-entwicklungsstorungen\/ass-autismus-spektrum-storungen\/wie-kann-man-die-kognitiven-funktionen-bei-kindern-mit-einer-autismus-spektrum-storung-verbessern\/\" rel=\"bookmark\">Wie kann man die kognitiven Funktionen bei Kindern mit einer Autismus-Spektrum-St\u00f6rung verbessern?<\/a><\/h3>\n<\/div><\/article><article class=\"entry entry-grid is-column has-entry-link has-image has-image-first type-post category-nachrichten\" style=\"--entry-index:3;\" aria-label=\"Cache und Cookies l\u00f6schen, um die Updates zu genie\u00dfen\" itemscope itemtype=\"https:\/\/schema.org\/CreativeWork\"><a class=\"entry-image-link\" href=\"https:\/\/neuronup.com\/de\/neuronup-nachrichten\/nachrichten\/cache-und-cookies-loschen\/\" tabindex=\"-1\" aria-hidden=\"true\"><img decoding=\"async\" width=\"323\" height=\"300\" src=\"https:\/\/neuronup.com\/de\/wp-content\/uploads\/2024\/06\/Borrar-cache-2-1.webp\" class=\"entry-image size-landscape-sm\" alt=\"Cache l\u00f6schen\" srcset=\"https:\/\/neuronup.com\/de\/wp-content\/uploads\/2024\/06\/Borrar-cache-2-1-300x278.webp 300w, https:\/\/neuronup.com\/de\/wp-content\/uploads\/2024\/06\/Borrar-cache-2-1-768x712.webp 768w, https:\/\/neuronup.com\/de\/wp-content\/uploads\/2024\/06\/Borrar-cache-2-1-1024x950.webp 1024w, https:\/\/neuronup.com\/de\/wp-content\/uploads\/2024\/06\/Borrar-cache-2-1.webp 1200w\" sizes=\"(max-width:599px) 599px, (min-width:600px) and (max-width: 799px) 799px, (min-width:800px) and (max-width: 999px) 333px, (min-width:1000px) 400px\" \/><\/a><div class=\"entry-wrap entry-wrap-grid\"><h3 class=\"entry-title\" itemprop=\"headline\"><a class=\"entry-title-link\" href=\"https:\/\/neuronup.com\/de\/neuronup-nachrichten\/nachrichten\/cache-und-cookies-loschen\/\" rel=\"bookmark\">Cache und Cookies l\u00f6schen, um die Updates zu genie\u00dfen<\/a><\/h3>\n<\/div><\/article><article class=\"entry entry-grid is-column has-entry-link has-image has-image-first type-post category-alzheimer tag-gedachtnis tag-kognitive-rehabilitation tag-morbus-alzheimer tag-neurodegenerative-erkrankungen\" style=\"--entry-index:4;\" aria-label=\"Kognitive Rehabilitation f\u00fcr Menschen mit Alzheimer\" itemscope itemtype=\"https:\/\/schema.org\/CreativeWork\"><a class=\"entry-image-link\" href=\"https:\/\/neuronup.com\/de\/kognitive-stimulation-und-rehabilitation\/neurodegenerative-erkrankungen\/alzheimer\/kognitive-rehabilitation-fur-menschen-mit-alzheimer\/\" tabindex=\"-1\" aria-hidden=\"true\"><img decoding=\"async\" width=\"400\" height=\"267\" src=\"https:\/\/neuronup.com\/de\/wp-content\/uploads\/2021\/11\/providing-care-for-elderly-2021-08-26-22-39-35-utc.webp\" class=\"entry-image size-landscape-sm\" alt=\"Fachkraft, die die kognitive Rehabilitation einer Person mit Alzheimer-Erkrankung durchf\u00fchrt\" srcset=\"https:\/\/neuronup.com\/de\/wp-content\/uploads\/2021\/11\/providing-care-for-elderly-2021-08-26-22-39-35-utc-300x200.webp 300w, https:\/\/neuronup.com\/de\/wp-content\/uploads\/2021\/11\/providing-care-for-elderly-2021-08-26-22-39-35-utc-768x512.webp 768w, https:\/\/neuronup.com\/de\/wp-content\/uploads\/2021\/11\/providing-care-for-elderly-2021-08-26-22-39-35-utc-1024x683.webp 1024w, https:\/\/neuronup.com\/de\/wp-content\/uploads\/2021\/11\/providing-care-for-elderly-2021-08-26-22-39-35-utc.webp 1200w\" sizes=\"(max-width:599px) 599px, (min-width:600px) and (max-width: 799px) 799px, (min-width:800px) and (max-width: 999px) 333px, (min-width:1000px) 400px\" \/><\/a><div class=\"entry-wrap entry-wrap-grid\"><h3 class=\"entry-title\" itemprop=\"headline\"><a class=\"entry-title-link\" href=\"https:\/\/neuronup.com\/de\/kognitive-stimulation-und-rehabilitation\/neurodegenerative-erkrankungen\/alzheimer\/kognitive-rehabilitation-fur-menschen-mit-alzheimer\/\" rel=\"bookmark\">Kognitive Rehabilitation f\u00fcr Menschen mit Alzheimer<\/a><\/h3>\n<\/div><\/article><article class=\"entry entry-grid is-column has-entry-link has-image has-image-first type-post category-sprachstorungen tag-aphasie tag-neuroentwicklungsstorungen tag-sprache\" style=\"--entry-index:5;\" aria-label=\"Neuropsychologische Evaluation und Rehabilitation bei Aphasien\" itemscope itemtype=\"https:\/\/schema.org\/CreativeWork\"><a class=\"entry-image-link\" href=\"https:\/\/neuronup.com\/de\/kognitive-stimulation-und-rehabilitation\/sprachstorungen\/beurteilung-und-neuropsychologische-rehabilitation-bei-aphasien\/\" tabindex=\"-1\" aria-hidden=\"true\"><img decoding=\"async\" width=\"300\" height=\"300\" src=\"https:\/\/neuronup.com\/de\/wp-content\/uploads\/2023\/01\/afasias.webp\" class=\"entry-image size-landscape-sm\" alt=\"Aphasien: neuropsychologische Evaluation und Rehabilitation\" srcset=\"https:\/\/neuronup.com\/de\/wp-content\/uploads\/2023\/01\/afasias-150x150.webp 150w, https:\/\/neuronup.com\/de\/wp-content\/uploads\/2023\/01\/afasias-300x300.webp 300w, https:\/\/neuronup.com\/de\/wp-content\/uploads\/2023\/01\/afasias-768x768.webp 768w, https:\/\/neuronup.com\/de\/wp-content\/uploads\/2023\/01\/afasias-1024x1024.webp 1024w, https:\/\/neuronup.com\/de\/wp-content\/uploads\/2023\/01\/afasias.webp 1200w\" sizes=\"(max-width:599px) 599px, (min-width:600px) and (max-width: 799px) 799px, (min-width:800px) and (max-width: 999px) 333px, (min-width:1000px) 400px\" \/><\/a><div class=\"entry-wrap entry-wrap-grid\"><h3 class=\"entry-title\" itemprop=\"headline\"><a class=\"entry-title-link\" href=\"https:\/\/neuronup.com\/de\/kognitive-stimulation-und-rehabilitation\/sprachstorungen\/beurteilung-und-neuropsychologische-rehabilitation-bei-aphasien\/\" rel=\"bookmark\">Neuropsychologische Evaluation und Rehabilitation bei Aphasien<\/a><\/h3>\n<\/div><\/article><article class=\"entry entry-grid is-column has-entry-link has-image has-image-first type-post category-gedachtnisaktivitaten tag-aktivitaten-zur-kognitiven-stimulation tag-aktivitaten-zur-kognitiven-stimulation-fur-kinder tag-gedachtnis tag-kinder tag-neuronup-nachrichten\" style=\"--entry-index:6;\" aria-label=\"Generator zur F\u00f6rderung des semantischen Ged\u00e4chtnisses bei Kindern: Kategorien durch Zuordnen lernen\" itemscope itemtype=\"https:\/\/schema.org\/CreativeWork\"><a class=\"entry-image-link\" href=\"https:\/\/neuronup.com\/de\/aktivitaten-fur-neurorehabilitation\/aktivitaten-fur-kognitive-funktionen\/gedachtnisaktivitaten\/generator-zum-trainieren-des-semantischen-gedaechtnisses-bei-kindern-kategorien-durch-zuordnung-lernen\/\" tabindex=\"-1\" aria-hidden=\"true\"><img decoding=\"async\" width=\"400\" height=\"225\" src=\"https:\/\/neuronup.com\/de\/wp-content\/uploads\/2024\/04\/Nuevo-generador-para-ninos-Aprende-categorias-emparejando.webp\" class=\"entry-image size-landscape-sm\" alt=\"Neuer Generator f\u00fcr Kinder &#039;Lerne Kategorien durch Zuordnen&#039;\" srcset=\"https:\/\/neuronup.com\/de\/wp-content\/uploads\/2024\/04\/Nuevo-generador-para-ninos-Aprende-categorias-emparejando-300x169.webp 300w, https:\/\/neuronup.com\/de\/wp-content\/uploads\/2024\/04\/Nuevo-generador-para-ninos-Aprende-categorias-emparejando-768x432.webp 768w, https:\/\/neuronup.com\/de\/wp-content\/uploads\/2024\/04\/Nuevo-generador-para-ninos-Aprende-categorias-emparejando-1024x576.webp 1024w, https:\/\/neuronup.com\/de\/wp-content\/uploads\/2024\/04\/Nuevo-generador-para-ninos-Aprende-categorias-emparejando.webp 1200w\" sizes=\"(max-width:599px) 599px, (min-width:600px) and (max-width: 799px) 799px, (min-width:800px) and (max-width: 999px) 333px, (min-width:1000px) 400px\" \/><\/a><div class=\"entry-wrap entry-wrap-grid\"><h3 class=\"entry-title\" itemprop=\"headline\"><a class=\"entry-title-link\" href=\"https:\/\/neuronup.com\/de\/aktivitaten-fur-neurorehabilitation\/aktivitaten-fur-kognitive-funktionen\/gedachtnisaktivitaten\/generator-zum-trainieren-des-semantischen-gedaechtnisses-bei-kindern-kategorien-durch-zuordnung-lernen\/\" rel=\"bookmark\">Generator zur F\u00f6rderung des semantischen Ged\u00e4chtnisses bei Kindern: Kategorien durch Zuordnen lernen<\/a><\/h3>\n<\/div><\/article><\/div><\/div>\n\n\n<div style=\"height:50px\" aria-hidden=\"true\" class=\"wp-block-spacer\"><\/div>\n\n\n\n<p class=\"has-sm-font-size\">Dieser Artikel wurde \u00fcbersetzt; Link zum Originalartikel auf Spanisch:<br \/><a href=\"https:\/\/neuronup.com\/estimulacion-y-rehabilitacion-cognitiva\/trastornos-del-neurodesarrollo\/tea-trastornos-del-espectro-autista\/autismo-y-cerebro-causas-neurobiologicas-del-autismo\/\" data-type=\"link\" data-id=\"https:\/\/neuronup.com\/estimulacion-y-rehabilitacion-cognitiva\/trastornos-del-neurodesarrollo\/tea-trastornos-del-espectro-autista\/autismo-y-cerebro-causas-neurobiologicas-del-autismo\/\"><em>Autismo y cerebro: causas neurobiol\u00f3gicas del autismo<\/em><\/a><\/p>\n\n","protected":false},"excerpt":{"rendered":"<p>Die Murcianische Gesellschaft f\u00fcr Neurowissenschaften erkl\u00e4rt den Zusammenhang zwischen Autismus und Gehirn sowie die neurobiologischen Ursachen, die zum Auftreten von Autismus f\u00fchren. Einf\u00fchrung in Autismus und Gehirn Autismus ist eine neurobiologische Entwicklungsst\u00f6rung, die sich in den ersten drei bis vier Lebensjahren zeigt. Zudem ist es eine St\u00f6rung, die \u00fcber den gesamten Lebenszyklus hinweg bestehen bleibt. &hellip;<\/p>\n","protected":false},"author":134,"featured_media":15008,"comment_status":"open","ping_status":"closed","sticky":false,"template":"","format":"standard","meta":{"_acf_changed":false,"_genesis_hide_title":false,"_genesis_hide_breadcrumbs":false,"_genesis_hide_singular_image":false,"_genesis_hide_footer_widgets":false,"_genesis_custom_body_class":"","_genesis_custom_post_class":"","_genesis_layout":"","footnotes":""},"categories":[19],"tags":[163,216,445],"class_list":{"2":"type-post","7":"category-ass-autismus-spektrum-storungen","8":"tag-autismus","9":"tag-gehirn","10":"tag-neuroentwicklungsstorungen","11":"entry"},"acf":[],"_links":{"self":[{"href":"https:\/\/neuronup.com\/de\/wp-json\/wp\/v2\/posts\/15007","targetHints":{"allow":["GET"]}}],"collection":[{"href":"https:\/\/neuronup.com\/de\/wp-json\/wp\/v2\/posts"}],"about":[{"href":"https:\/\/neuronup.com\/de\/wp-json\/wp\/v2\/types\/post"}],"author":[{"embeddable":true,"href":"https:\/\/neuronup.com\/de\/wp-json\/wp\/v2\/users\/134"}],"replies":[{"embeddable":true,"href":"https:\/\/neuronup.com\/de\/wp-json\/wp\/v2\/comments?post=15007"}],"version-history":[{"count":0,"href":"https:\/\/neuronup.com\/de\/wp-json\/wp\/v2\/posts\/15007\/revisions"}],"wp:featuredmedia":[{"embeddable":true,"href":"https:\/\/neuronup.com\/de\/wp-json\/wp\/v2\/media\/15008"}],"wp:attachment":[{"href":"https:\/\/neuronup.com\/de\/wp-json\/wp\/v2\/media?parent=15007"}],"wp:term":[{"taxonomy":"category","embeddable":true,"href":"https:\/\/neuronup.com\/de\/wp-json\/wp\/v2\/categories?post=15007"},{"taxonomy":"post_tag","embeddable":true,"href":"https:\/\/neuronup.com\/de\/wp-json\/wp\/v2\/tags?post=15007"}],"curies":[{"name":"wp","href":"https:\/\/api.w.org\/{rel}","templated":true}]}}