{"id":12058,"date":"2025-09-05T10:57:02","date_gmt":"2025-09-05T10:57:02","guid":{"rendered":"https:\/\/neuronup.com\/?p=12058"},"modified":"2025-09-05T10:57:02","modified_gmt":"2025-09-05T10:57:02","slug":"die-borderline-personlichkeitsstorung-aus-der-ersten-person-erzahlt","status":"publish","type":"post","link":"https:\/\/neuronup.com\/de\/kognitive-stimulation-und-rehabilitation\/psychische-erkrankung\/die-borderline-personlichkeitsstorung-aus-der-ersten-person-erzahlt\/","title":{"rendered":"Die Borderline-Pers\u00f6nlichkeitsst\u00f6rung aus erster Person erz\u00e4hlt"},"content":{"rendered":"\n<p class=\"has-xl-font-size\"><strong>Borderline-Pers\u00f6nlichkeitsst\u00f6rung<\/strong> erkl\u00e4rt von Elena Serrano und ihren Erfahrungen im Lauf der Jahre mit dieser Erkrankung.<\/p>\n\n\n\n<p class=\"is-style-default\">Hallo, ich hei\u00dfe Elena, bin 36 Jahre alt und lebe seit 3 Jahren mit einer Borderline-Pers\u00f6nlichkeitsst\u00f6rung (BPS) und einem chronisch angst-depressiven Syndrom. Obwohl ich vor ungef\u00e4hr 3,5 Jahren diagnostiziert wurde, wei\u00df ich nicht, wie lange ich wirklich schon an BPS leide. Au\u00dferdem begann ich mit 16 Jahren unter <strong>Angst<\/strong> zu leiden, und die <strong>Depression<\/strong> lie\u00df nicht lange auf sich warten.<\/p>\n\n\n\n<p class=\"is-style-default\">In diesem Artikel werde ich ausf\u00fchrlich \u00fcber die Borderline-Pers\u00f6nlichkeitsst\u00f6rung und <strong>meine Erfahrungen im Lauf der Jahre<\/strong> mit dieser St\u00f6rung sprechen, die, auch wenn sie gesellschaftlich wenig bekannt ist, nicht weniger schwerwiegend ist.<\/p>\n\n\n\n<h2 class=\"wp-block-heading\">Was ist die Borderline-Pers\u00f6nlichkeitsst\u00f6rung?<\/h2>\n\n\n\n<p class=\"is-style-default\">Die Borderline-Pers\u00f6nlichkeitsst\u00f6rung ist eine schwere <strong>psychische Erkrankung<\/strong>, die durch instabile Stimmungen, Verhaltensweisen und Beziehungen gekennzeichnet ist.<\/p>\n\n\n\n<p class=\"is-style-default\">Die meisten Menschen mit Borderline-Pers\u00f6nlichkeitsst\u00f6rung leiden unter:<\/p>\n\n\n\n<ul class=\"wp-block-list\">\n<li>Problemen, <strong>Gef\u00fchle und Gedanken<\/strong> zu regulieren.<\/li>\n\n\n\n\n<li><strong>Impulsives<\/strong> und un\u00fcberlegtes Verhalten.<\/li>\n\n\n\n\n<li><strong>Instabile Beziehungen<\/strong> zu anderen Menschen.<\/li>\n<\/ul>\n\n\n\n<p class=\"is-style-default\">Menschen mit dieser St\u00f6rung weisen auch hohe Raten an Begleiterkrankungen auf. Zum Beispiel <strong>Depressionen<\/strong>, <strong>Angstst\u00f6rungen<\/strong>, Substanzmissbrauch und Essst\u00f6rungen. Ebenso Selbstverletzungen, suizidale Verhaltensweisen oder Suizide.<\/p>\n\n\n\n<h3 class=\"wp-block-heading\">Symptome der BPS oder <em>Borderline<\/em><\/h3>\n\n\n\n<p class=\"is-style-default\">Obwohl ich bereits einige in dieser St\u00f6rung vorkommende Symptome erw\u00e4hnt habe, gibt es sicherlich eine Reihe von <strong>Diagnosekriterien<\/strong>, die im DSM-5 (Diagnostisches und Statistisches Manual Psychischer St\u00f6rungen) beschrieben sind. Dieses Manual ist ein Klassifikationssystem f\u00fcr psychische St\u00f6rungen, das klare Beschreibungen der diagnostischen Kategorien liefert. Sein Ziel ist es, Klinikern und Forschern im Gesundheitswesen zu erm\u00f6glichen, verschiedene St\u00f6rungen zu diagnostizieren, zu erforschen, Informationen auszutauschen und die unterschiedlichen St\u00f6rungen zu behandeln.<\/p>\n\n\n\n<p class=\"is-style-default\">In dieser Liste sind 9 Kriterien aufgef\u00fchrt, jedoch muss man mindestens 5 dieser Kriterien <strong>erf\u00fcllen, um mit BPS diagnostiziert zu werden<\/strong>:<\/p>\n\n\n\n<ul class=\"wp-block-list\">\n<li><strong>Verzweifelte Bem\u00fchungen, echtes oder vorgestelltes Verlassenwerden zu verhindern<\/strong>.<\/li>\n\n\n\n<li><strong>Muster instabiler und intensiver zwischenmenschlicher Beziehungen<\/strong>, gekennzeichnet durch Wechsel zwischen Extremen der Idealisierung und Entwertung.<\/li>\n\n\n\n<li><strong>Identit\u00e4tsst\u00f6rung<\/strong>: anhaltend und signifikant instabiles Selbstbild oder Selbstgef\u00fchl.<\/li>\n\n\n\n<li><strong>Impulsivit\u00e4t in mindestens zwei potenziell selbstsch\u00e4digenden Bereichen<\/strong> (z. B. Geldausgaben, Sexualverhalten, Substanzmissbrauch, r\u00fccksichtsloses Fahren, Essanf\u00e4lle).<\/li>\n\n\n\n<li><strong>Wiederholtes suizidales Verhalten<\/strong>, Gesten oder Drohungen oder selbstsch\u00e4digendes Verhalten.<\/li>\n\n\n\n<li><strong>Affektive Instabilit\u00e4t<\/strong> aufgrund ausgepr\u00e4gter Stimmungslabilit\u00e4t (z. B. Episoden intensiver Dysphorie, Reizbarkeit oder Angst, die meist Stunden andauern und selten l\u00e4nger als wenige Tage).<\/li>\n\n\n\n<li><strong>Chronische Gef\u00fchle innerer Leere<\/strong>.<\/li>\n\n\n\n<li><strong>Unangemessene, intensive Wut<\/strong> oder Schwierigkeiten, die Wut zu kontrollieren (z. B. h\u00e4ufige Wutausbr\u00fcche, andauernde Gereiztheit, wiederkehrende k\u00f6rperliche Auseinandersetzungen).<\/li>\n\n\n\n<li><strong>Vor\u00fcbergehende paranoide Vorstellungen<\/strong> im Zusammenhang mit Stress oder schwere dissoziative Symptome.<\/li>\n<\/ul>\n\n\n\n<h3 class=\"wp-block-heading\">Ursachen der Borderline-Pers\u00f6nlichkeitsst\u00f6rung<\/h3>\n\n\n\n<p class=\"is-style-default\">Im Allgemeinen gibt es zwei miteinander verkn\u00fcpfte Faktoren, die zur Entwicklung der Pers\u00f6nlichkeit beitragen. Diese Faktoren sind:<\/p>\n\n\n\n<ol class=\"wp-block-list\">\n<li><strong>Umweltfaktoren<\/strong>, das hei\u00dft die Lebenserfahrungen einer Person, insbesondere Erfahrungen in der fr\u00fchen Kindheit.<\/li>\n\n\n\n<li><strong>Biologische Faktoren<\/strong>, das hei\u00dft genetische Veranlagung und Temperament.<\/li>\n<\/ol>\n\n\n\n<p class=\"is-style-default\">Die Genetik eines Menschen und seine fr\u00fchen Lebenserfahrungen interagieren auf komplexe Weise, um die Pers\u00f6nlichkeitsentwicklung und anschlie\u00dfend die Anf\u00e4lligkeit f\u00fcr die Entwicklung von Pers\u00f6nlichkeitsst\u00f6rungen zu beeinflussen.<\/p>\n\n\n\n<h4 class=\"wp-block-heading\">Kindheitserfahrungen<\/h4>\n\n\n\n<p class=\"is-style-default\">Zahlreiche Studien und klinische Beobachtungen st\u00fctzen die Idee, dass Kindheitserfahrungen eine wichtige Rolle bei der Entwicklung von <strong>Pers\u00f6nlichkeitsmerkmalen<\/strong> und Pers\u00f6nlichkeitsst\u00f6rungen spielen.<\/p>\n\n\n\n<p class=\"is-style-default\">Traumatische Kindheitserlebnisse wie k\u00f6rperlicher, sexueller oder emotionaler Missbrauch sowie Vernachl\u00e4ssigung wurden als Risikofaktoren identifiziert, die die Wahrscheinlichkeit <strong>erh\u00f6hen, eine Pers\u00f6nlichkeitsst\u00f6rung zu entwickeln<\/strong>. Aber auch andere negative Erfahrungen in der Kindheit k\u00f6nnen das Risiko erh\u00f6hen, Pers\u00f6nlichkeitsst\u00f6rungsmerkmale auszubilden.<\/p>\n\n\n\n<p class=\"is-style-default\">Die folgenden Angaben stammen aus der Familialen Kindheitserfahrungsskala (EFI, 2010):<\/p>\n\n\n\n<ul class=\"wp-block-list\">\n<li>Gef\u00fchle wurden nicht offen besprochen.<\/li>\n\n\n\n<li>Als Kind hat niemand bemerkt, wie man sich f\u00fchlte.<\/li>\n\n\n\n<li>Sich in der Kindheit unsicher f\u00fchlen.<\/li>\n\n\n\n<li>H\u00e4ufiges Schreien zu Hause.<\/li>\n\n\n\n<li>Kaum Lachen und Spa\u00df im Haushalt.<\/li>\n\n\n\n<li>Zuhause passierte so viel, dass man versuchte, unsichtbar zu sein.<\/li>\n\n\n\n<li>Gef\u00fchl, dass die eigenen Sorgen nicht wichtig waren.<\/li>\n\n\n\n<li>Egal, was man tat, es war nie genug.<\/li>\n\n\n\n<li>Emotional abwesende Elternteile.<\/li>\n\n\n\n<li>Gewaltt\u00e4tiger Elternteil oder Betreuer.<\/li>\n\n\n\n<li>Fehlende positive Best\u00e4rkung.<\/li>\n\n\n\n<li>Man wurde von der Familie verspottet (gedem\u00fctigt), wenn man eine Idee oder Emotion \u00e4u\u00dferte.<\/li>\n\n\n\n<li>Erwachsene in der Familie berichteten von ihren Problemen oder bezogen einen mit ein.<\/li>\n\n\n\n<li>H\u00e4ufige Beleidigungen wie nutzlos, dumm, faul.<\/li>\n\n\n\n<li>Sexueller Missbrauch.<\/li>\n<\/ul>\n\n\n\n<h4 class=\"wp-block-heading\">Bindung<\/h4>\n\n\n\n<p class=\"is-style-default\">Es gibt au\u00dferdem Bindungsstile, die ich f\u00fcr wichtig halte zu erw\u00e4hnen, da sie ebenfalls <strong>die Entstehung von Pers\u00f6nlichkeitsst\u00f6rungen beeinflussen k\u00f6nnen<\/strong>. Die Bindungsstile k\u00f6nnen sein:<\/p>\n\n\n\n<ul class=\"wp-block-list\">\n<li>Sicher<\/li>\n\n\n\n<li>Unsicher-vermeidend<\/li>\n\n\n\n<li>Unsicher-ambivalent<\/li>\n\n\n\n<li>Desorganisiert<\/li>\n<\/ul>\n\n\n\n<h4 class=\"wp-block-heading\">Entwicklung der BPS<\/h4>\n\n\n\n<p class=\"is-style-default\">Es gibt also eine Dysregulation im Erwachsenenalter, die infolge der Faktoren, die, wie gesagt, bereits in der fr\u00fchen Kindheit Einfluss nehmen, Folgendes zur Folge hat:<\/p>\n\n\n\n<ul class=\"wp-block-list\">\n<li>Wenn Kinder nicht gelernt haben, eigene von fremden Gef\u00fchlen zu unterscheiden, neigen sie auch im Erwachsenenalter dazu, dasselbe Verhalten fortzusetzen.<\/li>\n\n\n\n<li>Menschen mit Bindungsproblemen schlie\u00dfen oft darauf, was andere denken und f\u00fchlen, basierend auf dem eigenen emotionalen Zustand und wiederholen dabei das Gelernte (sie reagieren so, wie es ihre Eltern taten, als sie selbst Kinder waren).<\/li>\n\n\n\n<li>Eine Person mit unsicherer oder desorganisierter Bindung hat h\u00e4ufig gro\u00dfe Schwierigkeiten, Probleme effektiv zu bew\u00e4ltigen, und neigt dazu, impulsiv zu handeln.<\/li>\n<\/ul>\n\n\n\n<p class=\"is-style-default\">Und das Problem bleibt nicht nur dabei, sondern Kinder, die jegliche Form von Missbrauch erleiden, neigen dazu, die Botschaften dar\u00fcber, wie sie behandelt wurden, zu verinnerlichen. Wenn Patienten beispielsweise bestraft wurden, weil sie eine bestimmte Emotion ge\u00e4u\u00dfert oder gef\u00fchlt haben, neigen sie dazu, dasselbe als Erwachsene zu tun. Auch gibt es die typischen S\u00e4tze, die viele Kinder h\u00f6ren mussten und an die sie noch glauben, nur weil ihnen diese im Kindesalter immer wieder gesagt wurden:<\/p>\n\n\n\n<ul class=\"wp-block-list\">\n<li>Du bist wertlos.<\/li>\n\n\n\n<li>Es k\u00fcmmert sich niemand um dich.<\/li>\n\n\n\n<li>Du bist ein Versager.<\/li>\n\n\n\n<li>Du h\u00e4ttest nicht geboren werden sollen; es w\u00e4re besser, du w\u00e4rst tot.<\/li>\n\n\n\n<li>Du kannst niemandem vertrauen; alle werden dir wehtun.<\/li>\n\n\n\n<li>Niemand wird dich lieben, wenn er dich wirklich kennenlernt.<\/li>\n\n\n\n<li>Du bist zu nichts zu gebrauchen.<\/li>\n<\/ul>\n\n\n\n<h3 class=\"wp-block-heading\">Komorbidit\u00e4t mit anderen St\u00f6rungen<\/h3>\n\n\n\n<p class=\"is-style-default\">Komorbidit\u00e4t ist das gleichzeitige Vorliegen einer weiteren klinisch diagnostizierten Erkrankung neben der Haupt-Erkrankung. In diesem Fall handelt es sich um die Borderline-Pers\u00f6nlichkeitsst\u00f6rung.<\/p>\n\n\n\n<p class=\"is-style-default\">St\u00f6rungen, Erkrankungen oder Verhaltensweisen, die mit BPS komorbid sind:<\/p>\n\n\n\n<ul class=\"wp-block-list\">\n<li>Substanzmissbrauch.<\/li>\n\n\n\n<li>Affektive St\u00f6rungen wie Bipolarst\u00f6rung, Major Depression und Dysthymie.<\/li>\n\n\n\n<li>Essst\u00f6rungen.<\/li>\n\n\n\n<li>Impulsivit\u00e4tsprobleme, z. B. St\u00f6rungen wie Kleptomanie, Pyromanie, Impulsk\u00e4ufe, wiederholte Selbstverletzung, pathologisches Spielen, Onychophagie (N\u00e4gelkauen) und Trichotillomanie (Herausrei\u00dfen von Haaren oder K\u00f6rperbehaarung).<\/li>\n\n\n\n<li>ADHS.<\/li>\n\n\n\n<li>Psychosen.<\/li>\n\n\n\n<li>Angstst\u00f6rungen, wie z. B. posttraumatische Belastungsst\u00f6rung, Lernst\u00f6rungen, soziale Phobie, spezifische Phobie, Zwangsst\u00f6rung, Agoraphobie und generalisierte Angstst\u00f6rung.<\/li>\n\n\n\n<li>Somatoforme St\u00f6rungen.<\/li>\n\n\n\n<li>Dissoziative St\u00f6rungen.<\/li>\n\n\n\n<li>Andere Pers\u00f6nlichkeitsst\u00f6rungen wie histrionisch, narzisstisch, antisozial, schizotyp, schizoide, paranoid, abh\u00e4ngigkeitsbezogen, zwanghaft und vermeidend.<\/li>\n\n\n\n<li>Suizid.<\/li>\n<\/ul>\n\n\n\n<p class=\"is-style-default\">Wie ihr seht, ist die Borderline-Pers\u00f6nlichkeitsst\u00f6rung eine sehr komplexe St\u00f6rung. Sie kann mit anderen St\u00f6rungen koexistieren oder mit ihnen verwechselt werden, weshalb eine gr\u00fcndliche Untersuchung des Patienten und seiner Symptome f\u00fcr eine korrekte Diagnose \u00e4u\u00dferst wichtig ist.<\/p>\n\n\n\n<h2 class=\"wp-block-heading\">Behandlungen bei BPS<\/h2>\n\n\n\n<p class=\"is-style-default\">Die <em>Borderline-St\u00f6rung<\/em> ist eine St\u00f6rung, die erst k\u00fcrzlich durch medizinische und psychologische Forschungserfolge entdeckt wurde. Heutzutage stehen uns eine Vielzahl sehr wirksamer Therapien zur Verf\u00fcgung. Jede einzelne von ihnen ist gleicherma\u00dfen effektiv, jede mit ihrer eigenen Behandlungsweise, aber nicht weniger wertvoll.<\/p>\n\n\n\n<p class=\"is-style-default\">Im Folgenden nenne ich die Behandlungen:<\/p>\n\n\n\n<ul class=\"wp-block-list\">\n<li>Kognitive Verhaltenstherapie.<\/li>\n\n\n\n<li>Dialektisch-Behaviorale Therapie.<\/li>\n\n\n\n<li>Akzeptanz- und Commitment-Therapie (ACT).<\/li>\n\n\n\n<li>Achtsamkeit (Mindfulness).<\/li>\n<\/ul>\n\n\n\n<h2 class=\"wp-block-heading\">Meine pers\u00f6nliche Erfahrung mit der Borderline-Pers\u00f6nlichkeitsst\u00f6rung<\/h2>\n\n\n\n<div class=\"wp-block-columns is-layout-flex wp-container-core-columns-is-layout-9d6595d7 wp-block-columns-is-layout-flex\">\n<div class=\"wp-block-column is-layout-flow wp-block-column-is-layout-flow\" style=\"flex-basis:33.33%\"><div class=\"wp-block-image\">\n<figure class=\"aligncenter size-full\"><img decoding=\"async\" width=\"300\" height=\"298\" src=\"https:\/\/neuronup.com\/de\/wp-content\/uploads\/2022\/03\/Elena-Serrano-2.webp\" alt=\"Elena Serrano. Autorin 'Die Borderline-Pers\u00f6nlichkeitsst\u00f6rung aus erster Hand erz\u00e4hlt'\" class=\"wp-image-12060\" srcset=\"https:\/\/neuronup.com\/de\/wp-content\/uploads\/2022\/03\/Elena-Serrano-2-150x150.webp 150w, https:\/\/neuronup.com\/de\/wp-content\/uploads\/2022\/03\/Elena-Serrano-2.webp 300w\" sizes=\"(max-width: 300px) 100vw, 300px\" \/><\/figure>\n<\/div><\/div>\n\n\n\n<div class=\"wp-block-column is-layout-flow wp-block-column-is-layout-flow\" style=\"flex-basis:66.66%\">\n<p>Aus meiner Erfahrung als Betroffene einer Borderline-Pers\u00f6nlichkeitsst\u00f6rung k\u00f6nnte ich viel erz\u00e4hlen, denn ich leide schon sehr lange an dieser St\u00f6rung. Das Problem ist, dass die Diagnose erst relativ sp\u00e4t gestellt wurde, und das hat mein Leiden noch verschlimmert.<\/p>\n\n\n\n<p>Fachleuten, man k\u00f6nnte sagen <strong>Psychologen<\/strong> oder Psychiatern, gefallen Etiketten meist nicht, aber wenn man unter einer Reihe von Symptomen leidet (die ich im Folgenden aus meiner Erfahrung erkl\u00e4ren werde), kann ich versichern, dass <strong>das Wissen, dass das, was mit einem passiert, einen Namen hat, sehr hilfreich ist und enorm entlastet<\/strong>. Das behebt das Problem keineswegs, denn es ist keine Heilung. Es ist jedoch, als w\u00fcrde man eine Last abwerfen.<\/p>\n<\/div>\n<\/div>\n\n\n\n<h3 class=\"wp-block-heading\">Meine Diagnose<\/h3>\n\n\n\n<p class=\"is-style-default\">Wie bereits erw\u00e4hnt, muss man von den neun Kriterien mindestens f\u00fcnf erf\u00fcllen, um mit BPS diagnostiziert zu werden, wobei ich praktisch alle neun erf\u00fclle. Au\u00dferdem wurde bei mir ein chronisch angst-depressives Syndrom diagnostiziert.<\/p>\n\n\n\n<p class=\"is-style-default\">Zun\u00e4chst habe ich all die Risikofaktoren, die die Wahrscheinlichkeit erh\u00f6hen, seit der Kindheit an BPS zu erkranken, selbst erlebt. Negative Erlebnisse, die Kommentare, die ich erhielt, weil ich etwas sagte, dachte, f\u00fchlte oder tat. All das habe ich am eigenen Leib erfahren. So ist das, wenn man eine dysfunktionale Familie hatte.<\/p>\n\n\n\n<p class=\"is-style-default\">Hinsichtlich der diagnostischen Kriterien der BPS, die in den vorangegangenen neun Punkten aufgef\u00fchrt wurden, kann ich folgende Symptome angeben:<\/p>\n\n\n\n<ul class=\"wp-block-list\">\n<li>Selbstverletzendes Schneiden und Suizidversuche.<\/li>\n\n\n\n<li>Impulsive Handlungen wie Essanf\u00e4lle, Eink\u00e4ufe und r\u00fccksichtsloses Fahren.<\/li>\n\n\n\n<li>Probleme mit meinen Emotionen. Zum Beispiel Leeregef\u00fchle und extreme Stimmungsschwankungen (an einem Tag liebe ich dich, und wenn du etwas tust oder sagst, was mir nicht gef\u00e4llt oder ich als unangemessen empfinde, hasse ich dich).<\/li>\n\n\n\n<li>V\u00f6llig instabile zwischenmenschliche Beziehungen. In diesem Bereich habe ich mit niemandem Kontakt, ich habe keine Freunde und gehe nicht aus.<\/li>\n\n\n\n<li>Echtes oder eingebildetes Verlassenwerden, das f\u00fcr mich ohne jeden Zweifel real ist, daher meine schlechten zwischenmenschlichen Beziehungen oder meinen pl\u00f6tzlichen Hass auf Menschen. Wenn ich jemanden kennenlerne, was ich meist \u00fcber soziale Medien tue, entferne ich diese Person letztlich aus meinem Leben durch mein Verhalten und behandle sie schlecht.<\/li>\n<\/ul>\n\n\n\n<h3 class=\"wp-block-heading\">Kindheit<\/h3>\n\n\n\n<p class=\"is-style-default\">Sollen wir \u00fcber meine Kindheit sprechen? Ja, ich gebe es zu, meine Kindheit war v\u00f6llig dysfunktional. Mein Vater war alkoholkrank und gewaltt\u00e4tig. Neben der Angst vor ihm f\u00fchlte ich mich von ihm verlassen. Er lie\u00df mich keine Freundinnen haben, nicht ausgehen und keine Beziehung zu M\u00e4dchen in meinem Alter pflegen. Meine Mutter k\u00fcmmerte sich ebenfalls nicht um mich, und auch von ihr f\u00fchlte ich mich verlassen. Alle Risikofaktoren, die seit der Kindheit die Wahrscheinlichkeit erh\u00f6hen, an BPS zu erkranken, habe ich erlebt. Die einzigen, die ich wirklich liebte und die immer f\u00fcr mich da waren, waren mein Bruder und meine Gro\u00dfeltern. Heute ist niemand mehr da, nicht einmal mein Bruder.<\/p>\n\n\n\n<p class=\"is-style-default\">Die <strong>Angst<\/strong>, die chronisch ist, begleitet mich st\u00e4ndig. Kann sich jemand vorstellen, wie es ist, seit 20 Jahren 24 Stunden am Tag, 365 Tage im Jahr mit Angst zu leben?<\/p>\n\n\n\n<h3 class=\"wp-block-heading\"><strong>Medikation und Behandlung<\/strong><\/h3>\n\n\n\n<p class=\"is-style-default\">Ich nehme an, die Medikation zeigt ihre Wirkung. Ich denke, ohne sie ginge es mir schlechter. Aber wenn ich das meinem Psychiater schildere, habe ich das Gef\u00fchl, er versteht mich nicht. Ich spreche mit einer Privatpsychologin und werde w\u00fctend, weil ich auch das Gef\u00fchl habe, sie versteht mich nicht. Das Problem ist, dass sie denken, oder na ja, meine Psychologin denkt, dass durch dies und jenes die Angst und die restlichen Symptome sich beruhigen. Man wei\u00df ja, dass BPS nicht heilbar ist, aber man kann erreichen, dass die Symptome abnehmen und man ein v\u00f6llig normales Leben f\u00fchren kann. Das kann ich bei einem \u201anormalen\u2018 BPS verstehen, aber sie versteht nicht, dass ich seit so vielen Jahren mit so viel Schmerz, so viel Angst, so viel Wut und so vielem mehr lebe, dass ich manchmal denke, ich sei ein hoffnungsloser Fall.<\/p>\n\n\n\n\n\n\n<div style=\"height:50px\" aria-hidden=\"true\" class=\"wp-block-spacer\"><\/div>\n\n\n\n<div class=\"wp-block-group br-0111 has-primary-background-color has-background has-dark-background has-sm-padding-top has-sm-padding-left has-sm-padding-right has-xxl-margin-top\"><div class=\"wp-block-group__inner-container is-layout-constrained wp-block-group-is-layout-constrained\">\n<div class=\"wp-block-columns is-layout-flex wp-container-core-columns-is-layout-9d6595d7 wp-block-columns-is-layout-flex\">\n<div class=\"wp-block-column is-layout-flow wp-block-column-is-layout-flow\">\n<figure class=\"wp-block-image size-full desktop-position-absolute desktop-bottom-0 mobile-width-50 mobile-m-inline-auto has-xl-margin-top\"><img decoding=\"async\" width=\"292\" height=\"338\" src=\"https:\/\/neuronup.com\/de\/wp-content\/uploads\/2023\/12\/Produkt-Zertifikat.webp\" alt=\"\" class=\"wp-image-27552\" srcset=\"https:\/\/neuronup.com\/de\/wp-content\/uploads\/2023\/12\/Produkt-Zertifikat-259x300.webp 259w, https:\/\/neuronup.com\/de\/wp-content\/uploads\/2023\/12\/Produkt-Zertifikat.webp 292w\" sizes=\"(max-width: 292px) 100vw, 292px\" \/><\/figure>\n<\/div>\n\n\n\n<div class=\"wp-block-column is-layout-flow wp-block-column-is-layout-flow\">\n<h2 class=\"wp-block-heading has-white-color has-text-color\">Melden Sie sich<br> f\u00fcr unseren<br> <strong>Newsletter<\/strong>\u00a0an<\/h2>\n\n\n\n<div class=\"wp-block-buttons is-layout-flex wp-block-buttons-is-layout-flex\">\n<div class=\"wp-block-button--1\" style=\"--button-outline-color:var(--color-white);--button-outline-color-hover:rgba(0,0,0,0.8);\"><a class=\"wp-block-button__link button button-outline   wp-element-button\" href=\"https:\/\/neuronup.com\/de\/newsletter\/#form\">Jetzt anmelden<\/a><\/div>\n\n<\/div>\n\n\n\n<div style=\"height:40px\" aria-hidden=\"true\" class=\"wp-block-spacer\"><\/div>\n<\/div>\n<\/div>\n<\/div><\/div>\n\n\n\n\n<div style=\"height:50px\" aria-hidden=\"true\" class=\"wp-block-spacer\"><\/div>\n\n\n<h2>Fazit<\/h2>\n\n\n\n<p class=\"is-style-default\">Abschlie\u00dfend kann ich nur sagen, dass mein Leben, seit ich denken kann, eine H\u00f6lle war. Wenn ich an meine Kindheit denke, erinnere ich mich nur an k\u00f6rperliche und psychische Misshandlungen, Angst und Vernachl\u00e4ssigung; je \u00e4lter ich wurde, desto mehr Misshandlungen, mehr Angst und mehr Vernachl\u00e4ssigung und hinzu kamen Zw\u00e4nge. In meiner Jugend erinnere ich mich an Angst, Zw\u00e4nge und Verlassenwerden. Im Erwachsenenalter bis zum 22. Lebensjahr erinnere ich mich an Zw\u00e4nge, Angst, Schmerz, Wut gegen\u00fcber anderen und mir selbst. Diese Wut begann schon als Kind und ist mit mir gewachsen. Heute ist sie immer noch an meiner Seite, und ich glaube nicht, dass sie jemals verschwindet. Und den Rest meines Erwachsenenlebens erinnere ich mich an Verlassenwerden, Schmerz und Wut und nat\u00fcrlich Angst, die, wie bereits erw\u00e4hnt, mit 16 Jahren begann.<\/p>\n\n\n\n<p class=\"is-style-default\">Und das ist mein Leben.<\/p>\n\n\n\n<h3 class=\"wp-block-heading\">Wenn dir dieser Beitrag \u00fcber die Borderline-Pers\u00f6nlichkeitsst\u00f6rung aus erster Hand gefallen hat, empfehlen wir dir, einen Blick auf diese Beitr\u00e4ge zu werfen:<\/h3>\n\n<div class=\"mai-grid entries entries-grid has-boxed has-image-full\" style=\"--entry-title-font-size:var(--font-size-lg);--align-text:start;--entry-meta-text-align:start;\"><div class=\"entries-wrap has-columns\" style=\"--columns-xs:1\/1;--columns-sm:1\/1;--columns-md:1\/3;--columns-lg:1\/3;--flex-xs:0 0 var(--flex-basis);--flex-sm:0 0 var(--flex-basis);--flex-md:0 0 var(--flex-basis);--flex-lg:0 0 var(--flex-basis);--column-gap:var(--spacing-lg);--row-gap:var(--spacing-lg);--align-columns:start;\"><article class=\"entry entry-grid is-column has-entry-link has-image has-image-first type-post category-erworbene-hirnschadigung tag-erfahrungsberichte tag-erworbene-hirnschadigung tag-rehabilitacion-kognitive-rehabilitation\" style=\"--entry-index:1;\" aria-label=\"NeuronUP aus der Sicht von Menschen mit erworbener Hirnsch\u00e4digung\" itemscope itemtype=\"https:\/\/schema.org\/CreativeWork\"><a class=\"entry-image-link\" href=\"https:\/\/neuronup.com\/de\/kognitive-stimulation-und-rehabilitation\/erworbene-hirnschadigung\/neuronup-aus-der-sicht-von-menschen-mit-erworbener-hirnschaedigung\/\" tabindex=\"-1\" aria-hidden=\"true\"><img decoding=\"async\" width=\"400\" height=\"300\" src=\"https:\/\/neuronup.com\/de\/wp-content\/uploads\/2024\/05\/Erfahrung-mit-NeuronUP-400x300.webp\" class=\"entry-image size-landscape-sm\" alt=\"Erfahrung mit NeuronUP\" srcset=\"https:\/\/neuronup.com\/de\/wp-content\/uploads\/2024\/05\/Erfahrung-mit-NeuronUP-300x225.webp 300w, https:\/\/neuronup.com\/de\/wp-content\/uploads\/2024\/05\/Erfahrung-mit-NeuronUP-400x300.webp 400w, https:\/\/neuronup.com\/de\/wp-content\/uploads\/2024\/05\/Erfahrung-mit-NeuronUP-768x576.webp 768w, https:\/\/neuronup.com\/de\/wp-content\/uploads\/2024\/05\/Erfahrung-mit-NeuronUP-800x600.webp 800w, https:\/\/neuronup.com\/de\/wp-content\/uploads\/2024\/05\/Erfahrung-mit-NeuronUP.webp 1024w\" sizes=\"(max-width:599px) 599px, (min-width:600px) and (max-width: 799px) 799px, (min-width:800px) and (max-width: 999px) 333px, (min-width:1000px) 400px\" \/><\/a><div class=\"entry-wrap entry-wrap-grid\"><h3 class=\"entry-title\" itemprop=\"headline\"><a class=\"entry-title-link\" href=\"https:\/\/neuronup.com\/de\/kognitive-stimulation-und-rehabilitation\/erworbene-hirnschadigung\/neuronup-aus-der-sicht-von-menschen-mit-erworbener-hirnschaedigung\/\" rel=\"bookmark\">NeuronUP aus der Sicht von Menschen mit erworbener Hirnsch\u00e4digung<\/a><\/h3>\n<\/div><\/article><article class=\"entry entry-grid is-column has-entry-link has-image has-image-first type-post category-kognitive-beeintrachtigung tag-exekutive-funktionen tag-neuropsychologie\" style=\"--entry-index:2;\" aria-label=\"Epilepsie: Was ist sie und welche Rolle spielt sie bei kognitiven Beeintr\u00e4chtigungen\" itemscope itemtype=\"https:\/\/schema.org\/CreativeWork\"><a class=\"entry-image-link\" href=\"https:\/\/neuronup.com\/de\/kognitive-stimulation-und-rehabilitation\/kognitive-beeintrachtigung\/epilepsie-was-ist-das-und-welche-rolle-spielt-sie-beim-kognitiven-abbau\/\" tabindex=\"-1\" aria-hidden=\"true\"><img decoding=\"async\" width=\"400\" height=\"246\" src=\"https:\/\/neuronup.com\/de\/wp-content\/uploads\/2023\/03\/epilepsia-1.webp\" class=\"entry-image size-landscape-sm\" alt=\"epilepsie, nervensystem\" srcset=\"https:\/\/neuronup.com\/de\/wp-content\/uploads\/2023\/03\/epilepsia-1-300x185.webp 300w, https:\/\/neuronup.com\/de\/wp-content\/uploads\/2023\/03\/epilepsia-1-768x472.webp 768w, https:\/\/neuronup.com\/de\/wp-content\/uploads\/2023\/03\/epilepsia-1-1024x630.webp 1024w, https:\/\/neuronup.com\/de\/wp-content\/uploads\/2023\/03\/epilepsia-1.webp 1200w\" sizes=\"(max-width:599px) 599px, (min-width:600px) and (max-width: 799px) 799px, (min-width:800px) and (max-width: 999px) 333px, (min-width:1000px) 400px\" \/><\/a><div class=\"entry-wrap entry-wrap-grid\"><h3 class=\"entry-title\" itemprop=\"headline\"><a class=\"entry-title-link\" href=\"https:\/\/neuronup.com\/de\/kognitive-stimulation-und-rehabilitation\/kognitive-beeintrachtigung\/epilepsie-was-ist-das-und-welche-rolle-spielt-sie-beim-kognitiven-abbau\/\" rel=\"bookmark\">Epilepsie: Was ist sie und welche Rolle spielt sie bei kognitiven Beeintr\u00e4chtigungen<\/a><\/h3>\n<\/div><\/article><article class=\"entry entry-grid is-column has-entry-link has-image has-image-first type-post category-sprachstorungen tag-erfahrungsberichte tag-kinder tag-neuroentwicklungsstorungen tag-telerehabilitation\" style=\"--entry-index:3;\" aria-label=\"Leseprobleme: Wie man Leseschwierigkeiten trainiert\" itemscope itemtype=\"https:\/\/schema.org\/CreativeWork\"><a class=\"entry-image-link\" href=\"https:\/\/neuronup.com\/de\/kognitive-stimulation-und-rehabilitation\/sprachstorungen\/leseprobleme-wie-man-leseschwierigkeiten-trainiert\/\" tabindex=\"-1\" aria-hidden=\"true\"><img decoding=\"async\" width=\"400\" height=\"246\" src=\"https:\/\/neuronup.com\/de\/wp-content\/uploads\/2022\/10\/problemas-de-lectura.webp\" class=\"entry-image size-landscape-sm\" alt=\"Leseprobleme: wie man die Schwierigkeiten beim Lesen trainiert\" srcset=\"https:\/\/neuronup.com\/de\/wp-content\/uploads\/2022\/10\/problemas-de-lectura-300x185.webp 300w, https:\/\/neuronup.com\/de\/wp-content\/uploads\/2022\/10\/problemas-de-lectura-768x473.webp 768w, https:\/\/neuronup.com\/de\/wp-content\/uploads\/2022\/10\/problemas-de-lectura-1024x631.webp 1024w, https:\/\/neuronup.com\/de\/wp-content\/uploads\/2022\/10\/problemas-de-lectura.webp 1205w\" sizes=\"(max-width:599px) 599px, (min-width:600px) and (max-width: 799px) 799px, (min-width:800px) and (max-width: 999px) 333px, (min-width:1000px) 400px\" \/><\/a><div class=\"entry-wrap entry-wrap-grid\"><h3 class=\"entry-title\" itemprop=\"headline\"><a class=\"entry-title-link\" href=\"https:\/\/neuronup.com\/de\/kognitive-stimulation-und-rehabilitation\/sprachstorungen\/leseprobleme-wie-man-leseschwierigkeiten-trainiert\/\" rel=\"bookmark\">Leseprobleme: Wie man Leseschwierigkeiten trainiert<\/a><\/h3>\n<\/div><\/article><article class=\"entry entry-grid is-column has-entry-link has-image has-image-first type-post category-aktivitaten-zur-sozialen-kognition tag-aktivitaten-zur-kognitiven-stimulation tag-aktivitaten-zur-kognitiven-stimulation-fur-kinder tag-emotionale-intelligenz tag-kinder tag-neuronup-nachrichten tag-soziale-kognition\" style=\"--entry-index:4;\" aria-label=\"Aktivit\u00e4t zur Arbeit mit Emotionen bei Kindern: Was ist mit den Leuten los?\" itemscope itemtype=\"https:\/\/schema.org\/CreativeWork\"><a class=\"entry-image-link\" href=\"https:\/\/neuronup.com\/de\/aktivitaten-fur-neurorehabilitation\/aktivitaten-fur-kognitive-funktionen\/aktivitaten-zur-sozialen-kognition\/aktivitat-um-emotionen-mit-kindern-zu-bearbeiten\/\" tabindex=\"-1\" aria-hidden=\"true\"><img decoding=\"async\" width=\"400\" height=\"262\" src=\"https:\/\/neuronup.com\/de\/wp-content\/uploads\/2022\/05\/que-le-pasa-a-la-gente-1-1.webp\" class=\"entry-image size-landscape-sm\" alt=\"Aktivit\u00e4t zur Bearbeitung von Emotionen mit Kindern: Was passiert mit den Menschen?\" srcset=\"https:\/\/neuronup.com\/de\/wp-content\/uploads\/2022\/05\/que-le-pasa-a-la-gente-1-1-300x197.webp 300w, https:\/\/neuronup.com\/de\/wp-content\/uploads\/2022\/05\/que-le-pasa-a-la-gente-1-1-768x503.webp 768w, https:\/\/neuronup.com\/de\/wp-content\/uploads\/2022\/05\/que-le-pasa-a-la-gente-1-1-1024x671.webp 1024w, https:\/\/neuronup.com\/de\/wp-content\/uploads\/2022\/05\/que-le-pasa-a-la-gente-1-1.webp 1200w\" sizes=\"(max-width:599px) 599px, (min-width:600px) and (max-width: 799px) 799px, (min-width:800px) and (max-width: 999px) 333px, (min-width:1000px) 400px\" \/><\/a><div class=\"entry-wrap entry-wrap-grid\"><h3 class=\"entry-title\" itemprop=\"headline\"><a class=\"entry-title-link\" href=\"https:\/\/neuronup.com\/de\/aktivitaten-fur-neurorehabilitation\/aktivitaten-fur-kognitive-funktionen\/aktivitaten-zur-sozialen-kognition\/aktivitat-um-emotionen-mit-kindern-zu-bearbeiten\/\" rel=\"bookmark\">Aktivit\u00e4t zur Arbeit mit Emotionen bei Kindern: Was ist mit den Leuten los?<\/a><\/h3>\n<\/div><\/article><article class=\"entry entry-grid is-column has-entry-link has-image has-image-first type-post category-forschungslinien tag-forschung tag-kognitive-stimulation\" style=\"--entry-index:5;\" aria-label=\"Machbarkeitsstudie der Neuromodulation und des kognitiven Trainings bei der Post-COVID-Fatigue\" itemscope itemtype=\"https:\/\/schema.org\/CreativeWork\"><a class=\"entry-image-link\" href=\"https:\/\/neuronup.com\/de\/forschung\/forschungslinien\/studie-zur-machbarkeit-der-neuromodulation-und-des-kognitiven-trainings-zur-fatigue-nach-covid\/\" tabindex=\"-1\" aria-hidden=\"true\"><img decoding=\"async\" width=\"400\" height=\"164\" src=\"https:\/\/neuronup.com\/de\/wp-content\/uploads\/2025\/09\/Estudio-de-viabilidad-de-la-neuromodulacion-y-el-entrenamiento-cognitivo-para-la-fatiga-post-COVID.webp\" class=\"entry-image size-landscape-sm\" alt=\"Machbarkeitsstudie der Neuromodulation und des kognitiven Trainings zur Post-COVID-Fatigue\" srcset=\"https:\/\/neuronup.com\/de\/wp-content\/uploads\/2025\/09\/Estudio-de-viabilidad-de-la-neuromodulacion-y-el-entrenamiento-cognitivo-para-la-fatiga-post-COVID-300x123.webp 300w, https:\/\/neuronup.com\/de\/wp-content\/uploads\/2025\/09\/Estudio-de-viabilidad-de-la-neuromodulacion-y-el-entrenamiento-cognitivo-para-la-fatiga-post-COVID-768x315.webp 768w, https:\/\/neuronup.com\/de\/wp-content\/uploads\/2025\/09\/Estudio-de-viabilidad-de-la-neuromodulacion-y-el-entrenamiento-cognitivo-para-la-fatiga-post-COVID-1024x419.webp 1024w, https:\/\/neuronup.com\/de\/wp-content\/uploads\/2025\/09\/Estudio-de-viabilidad-de-la-neuromodulacion-y-el-entrenamiento-cognitivo-para-la-fatiga-post-COVID-1536x629.webp 1536w, https:\/\/neuronup.com\/de\/wp-content\/uploads\/2025\/09\/Estudio-de-viabilidad-de-la-neuromodulacion-y-el-entrenamiento-cognitivo-para-la-fatiga-post-COVID.webp 1648w\" sizes=\"(max-width:599px) 599px, (min-width:600px) and (max-width: 799px) 799px, (min-width:800px) and (max-width: 999px) 333px, (min-width:1000px) 400px\" \/><\/a><div class=\"entry-wrap entry-wrap-grid\"><h3 class=\"entry-title\" itemprop=\"headline\"><a class=\"entry-title-link\" href=\"https:\/\/neuronup.com\/de\/forschung\/forschungslinien\/studie-zur-machbarkeit-der-neuromodulation-und-des-kognitiven-trainings-zur-fatigue-nach-covid\/\" rel=\"bookmark\">Machbarkeitsstudie der Neuromodulation und des kognitiven Trainings bei der Post-COVID-Fatigue<\/a><\/h3>\n<\/div><\/article><article class=\"entry entry-grid is-column has-entry-link has-image has-image-first type-post category-aktivitaten-fur-gnosis tag-aktivitaten-zur-kognitiven-stimulation tag-gnosien\" style=\"--entry-index:6;\" aria-label=\"5 Arbeitsbl\u00e4tter zur kognitiven Stimulation f\u00fcr Gnosien\" itemscope itemtype=\"https:\/\/schema.org\/CreativeWork\"><a class=\"entry-image-link\" href=\"https:\/\/neuronup.com\/de\/aktivitaten-fur-neurorehabilitation\/aktivitaten-fur-kognitive-funktionen\/aktivitaten-fur-gnosis\/5-arbeitsblatter-zur-kognitiven-stimulation-der-gnosien\/\" tabindex=\"-1\" aria-hidden=\"true\"><img decoding=\"async\" width=\"400\" height=\"270\" src=\"https:\/\/neuronup.com\/de\/wp-content\/uploads\/2022\/04\/Fichas-de-estimulacion-cognitiva-para-trabajar-las-gnosias-pizza-1-1-1.webp\" class=\"entry-image size-landscape-sm\" alt=\"Kognitive-Stimulationskarte f\u00fcr Gnosien - Aktivit\u00e4t unvollst\u00e4ndige Bilder\" srcset=\"https:\/\/neuronup.com\/de\/wp-content\/uploads\/2022\/04\/Fichas-de-estimulacion-cognitiva-para-trabajar-las-gnosias-pizza-1-1-1-300x203.webp 300w, https:\/\/neuronup.com\/de\/wp-content\/uploads\/2022\/04\/Fichas-de-estimulacion-cognitiva-para-trabajar-las-gnosias-pizza-1-1-1-768x519.webp 768w, https:\/\/neuronup.com\/de\/wp-content\/uploads\/2022\/04\/Fichas-de-estimulacion-cognitiva-para-trabajar-las-gnosias-pizza-1-1-1-1024x692.webp 1024w, https:\/\/neuronup.com\/de\/wp-content\/uploads\/2022\/04\/Fichas-de-estimulacion-cognitiva-para-trabajar-las-gnosias-pizza-1-1-1.webp 1200w\" sizes=\"(max-width:599px) 599px, (min-width:600px) and (max-width: 799px) 799px, (min-width:800px) and (max-width: 999px) 333px, (min-width:1000px) 400px\" \/><\/a><div class=\"entry-wrap entry-wrap-grid\"><h3 class=\"entry-title\" itemprop=\"headline\"><a class=\"entry-title-link\" href=\"https:\/\/neuronup.com\/de\/aktivitaten-fur-neurorehabilitation\/aktivitaten-fur-kognitive-funktionen\/aktivitaten-fur-gnosis\/5-arbeitsblatter-zur-kognitiven-stimulation-der-gnosien\/\" rel=\"bookmark\">5 Arbeitsbl\u00e4tter zur kognitiven Stimulation f\u00fcr Gnosien<\/a><\/h3>\n<\/div><\/article><\/div><\/div>\n\n\n<div style=\"height:50px\" aria-hidden=\"true\" class=\"wp-block-spacer\"><\/div>\n\n\n\n<p class=\"has-sm-font-size\">Dieser Artikel wurde \u00fcbersetzt; Link zum Originalartikel auf Spanisch:<br \/><a href=\"https:\/\/neuronup.com\/estimulacion-y-rehabilitacion-cognitiva\/enfermedad-mental\/el-trastorno-limite-de-personalidad-contado-en-primera-persona\/\" data-type=\"link\" data-id=\"https:\/\/neuronup.com\/estimulacion-y-rehabilitacion-cognitiva\/enfermedad-mental\/el-trastorno-limite-de-personalidad-contado-en-primera-persona\/\"><em>El trastorno l\u00edmite de personalidad contado en primera persona<\/em><\/a><\/p>\n\n","protected":false},"excerpt":{"rendered":"<p>Borderline-Pers\u00f6nlichkeitsst\u00f6rung erkl\u00e4rt von Elena Serrano und ihren Erfahrungen im Lauf der Jahre mit dieser Erkrankung. Hallo, ich hei\u00dfe Elena, bin 36 Jahre alt und lebe seit 3 Jahren mit einer Borderline-Pers\u00f6nlichkeitsst\u00f6rung (BPS) und einem chronisch angst-depressiven Syndrom. Obwohl ich vor ungef\u00e4hr 3,5 Jahren diagnostiziert wurde, wei\u00df ich nicht, wie lange ich wirklich schon an BPS &hellip;<\/p>\n","protected":false},"author":205,"featured_media":19986,"comment_status":"open","ping_status":"open","sticky":false,"template":"","format":"standard","meta":{"_acf_changed":false,"_genesis_hide_title":false,"_genesis_hide_breadcrumbs":false,"_genesis_hide_singular_image":false,"_genesis_hide_footer_widgets":false,"_genesis_custom_body_class":"","_genesis_custom_post_class":"","_genesis_layout":"","footnotes":""},"categories":[22],"tags":[449],"class_list":{"2":"type-post","7":"category-psychische-erkrankung","8":"tag-psychische-gesundheit","9":"entry"},"acf":[],"_links":{"self":[{"href":"https:\/\/neuronup.com\/de\/wp-json\/wp\/v2\/posts\/12058","targetHints":{"allow":["GET"]}}],"collection":[{"href":"https:\/\/neuronup.com\/de\/wp-json\/wp\/v2\/posts"}],"about":[{"href":"https:\/\/neuronup.com\/de\/wp-json\/wp\/v2\/types\/post"}],"author":[{"embeddable":true,"href":"https:\/\/neuronup.com\/de\/wp-json\/wp\/v2\/users\/205"}],"replies":[{"embeddable":true,"href":"https:\/\/neuronup.com\/de\/wp-json\/wp\/v2\/comments?post=12058"}],"version-history":[{"count":0,"href":"https:\/\/neuronup.com\/de\/wp-json\/wp\/v2\/posts\/12058\/revisions"}],"wp:featuredmedia":[{"embeddable":true,"href":"https:\/\/neuronup.com\/de\/wp-json\/wp\/v2\/media\/19986"}],"wp:attachment":[{"href":"https:\/\/neuronup.com\/de\/wp-json\/wp\/v2\/media?parent=12058"}],"wp:term":[{"taxonomy":"category","embeddable":true,"href":"https:\/\/neuronup.com\/de\/wp-json\/wp\/v2\/categories?post=12058"},{"taxonomy":"post_tag","embeddable":true,"href":"https:\/\/neuronup.com\/de\/wp-json\/wp\/v2\/tags?post=12058"}],"curies":[{"name":"wp","href":"https:\/\/api.w.org\/{rel}","templated":true}]}}