{"id":11914,"date":"2025-09-04T10:57:02","date_gmt":"2025-09-04T10:57:02","guid":{"rendered":"https:\/\/neuronup.com\/?p=11914"},"modified":"2025-09-16T13:19:30","modified_gmt":"2025-09-16T11:19:30","slug":"unterschiede-zwischen-multiple-sklerose-und-amyotrophe-lateralsklerose","status":"publish","type":"post","link":"https:\/\/neuronup.com\/de\/kognitive-stimulation-und-rehabilitation\/neurodegenerative-erkrankungen\/multiple-sklerose\/unterschiede-zwischen-multiple-sklerose-und-amyotrophe-lateralsklerose\/","title":{"rendered":"Unterschiede zwischen Multipler Sklerose und der Amyotrophen Lateralsklerose und die Auswirkungen des ELA-Gesetzes 2024"},"content":{"rendered":"\n<p class=\"has-xl-font-size\">In diesem Artikel analysieren wir die <strong>Hauptunterschiede zwischen Multipler Sklerose und Amyotropher Lateralsklerose<\/strong> und untersuchen zugleich, wie das <strong>ELA-Gesetz<\/strong> die Behandlung und Rehabilitationsdienste von ALS-Patienten beeinflusst.<\/p>\n\n\n\n<p>Neurodegenerative Erkrankungen wie Multiple Sklerose (MS) und Amyotrophe Lateralsklerose (ALS) beeintr\u00e4chtigen die Lebensqualit\u00e4t der Betroffenen erheblich. Obwohl beide Erkrankungen Auswirkungen auf das Nervensystem haben, unterscheiden sie sich in Ursachen, Symptomen und Behandlungen deutlich. Mit der j\u00fcngsten Verabschiedung des <strong>ELA-Gesetzes 2024<\/strong> in Spanien er\u00f6ffnen sich neue M\u00f6glichkeiten, die Versorgung und Rehabilitation von ALS-Betroffenen zu verbessern, was wiederum erhebliche Auswirkungen auf den Bereich der Neurorehabilitation hat.<\/p>\n\n\n\n<h2 class=\"wp-block-heading\">MS und ALS \u2013 derselbe Name, anderer Nachname<\/h2>\n\n\n\n<p class=\"is-style-default\">Zwischen Multipler Sklerose (MS) und Amyotropher Lateralsklerose (ALS) herrscht gro\u00dfe Verwirrung. Viele Menschen glauben, es handele sich um dieselbe Krankheit, dabei sind sie sehr unterschiedlich, obwohl beide <strong><a href=\"https:\/\/neuronup.com\/neurorrehabilitacion\/enfermedades-neurodegenerativas\/\">neurodegenerative Erkrankungen<\/a><\/strong> sind und \u201eSklerose\u201c im Namen tragen. Aus diesem Grund m\u00f6chten wir die Hauptunterschiede zwischen MS und ALS erkl\u00e4ren.<\/p>\n\n\n\n<h3 class=\"wp-block-heading\">Was verursacht sie?<\/h3>\n\n\n\n<p class=\"is-style-default\">Die <strong><a href=\"https:\/\/neuronup.com\/neurorrehabilitacion\/enfermedades-neurodegenerativas\/esclerosis-multiple\/\">Multiple Sklerose<\/a><\/strong> ist eine Autoimmunerkrankung, die durch ein Virus oder ein unbekanntes Antigen verursacht wird. In diesem Fall greift das Immunsystem unseres K\u00f6rpers die Myelinschicht an, eine Substanz, die die Nervenfasern umgibt und die Weiterleitung von Nervenimpulsen mit angemessener Geschwindigkeit erm\u00f6glicht. Folglich entsteht eine <strong>schlechte Kommunikation zwischen den Neuronen<\/strong>, was vielf\u00e4ltige Symptome zur Folge hat, die wir im Folgenden beschreiben werden.<\/p>\n\n\n\n<p class=\"is-style-default\">Bei der <strong>Amyotrophen Lateralsklerose<\/strong> sind die Nervenzellen betroffen, die f\u00fcr die willk\u00fcrlichen Bewegungen des Gehirns und des R\u00fcckenmarks zust\u00e4ndig sind. Daher <strong>betrifft diese Erkrankung ausschlie\u00dflich das motorische System<\/strong>. Auch hier ist die Ursache unbekannt.<\/p>\n\n\n\n<h3 class=\"wp-block-heading\">Symptome bei MS und ALS<\/h3>\n\n\n\n<p class=\"is-style-default\">Die h\u00e4ufigsten Symptome der <strong>Multiplen Sklerose<\/strong> sind <strong>Sehst\u00f6rungen<\/strong>, <strong>Gleichgewichtsprobleme<\/strong>, <strong>Sprechst\u00f6rungen<\/strong>, <strong>Handzittern<\/strong>, <strong>Schw\u00e4che in den Gliedma\u00dfen<\/strong> und <strong>Kraftverlust<\/strong>. Au\u00dferdem treten h\u00e4ufig <strong>kognitive Probleme<\/strong> in Bezug auf Ged\u00e4chtnis, Informationscodierung und -abruf auf sowie emotionale Probleme wie Angstzust\u00e4nde und Depression.<\/p>\n\n\n\n<p class=\"is-style-default\">Ein Patient mit <strong>Amyotropher Lateralsklerose<\/strong> zeigt hingegen nur motorische Symptome. Die <strong>willenm\u00e4\u00dfigen Bewegungen<\/strong> sind beeintr\u00e4chtigt, es kommt zu <strong>Kraftverlust<\/strong> in Armen und Beinen, zu <strong>Sprachbildungsst\u00f6rungen<\/strong> und zu <strong>Schluckbeschwerden<\/strong>. Hervorzuheben ist die Schwere dieser Erkrankung, da Betroffene letztlich eine Funktionsst\u00f6rung der Atemmuskulatur entwickeln k\u00f6nnen, wodurch die Lebenserwartung ab der Diagnose nur noch 3 bis 5 Jahre betr\u00e4gt.<\/p>\n\n\n\n<figure class=\"wp-block-image alignwide size-full image-interface\"><img decoding=\"async\" width=\"768\" height=\"768\" src=\"https:\/\/neuronup.com\/de\/wp-content\/uploads\/2022\/03\/Infografia.webp\" alt=\"Multiple Sklerose und Amyotrophe Lateralsklerose\" class=\"wp-image-19923\" srcset=\"https:\/\/neuronup.com\/de\/wp-content\/uploads\/2022\/03\/Infografia-150x150.webp 150w, https:\/\/neuronup.com\/de\/wp-content\/uploads\/2022\/03\/Infografia-300x300.webp 300w, https:\/\/neuronup.com\/de\/wp-content\/uploads\/2022\/03\/Infografia.webp 768w\" sizes=\"(max-width: 768px) 100vw, 768px\" \/><figcaption class=\"wp-element-caption\">Infografik.<\/figcaption><\/figure>\n\n\n\n<h3 class=\"wp-block-heading\">Wie werden sie diagnostiziert?<\/h3>\n\n\n\n<p class=\"is-style-default\">Multiple Sklerose ist <strong>weder ansteckend noch vererbbar<\/strong> und <strong>kann nicht verhindert werden.<\/strong> Eine fr\u00fchzeitige Diagnose ist entscheidend.<\/p>\n\n\n\n<p class=\"is-style-heading\">Die Diagnose von MS erfolgt mittels:<\/p>\n\n\n\n<ul class=\"wp-block-list\">\n<li>Anamnese.<\/li>\n\n\n\n<li>Neurologische Untersuchung.<\/li>\n\n\n\n<li>Evokierte Potentiale.<\/li>\n\n\n\n<li>Daten der Untersuchung der Liquor cerebrospinalis.<\/li>\n\n\n\n<li>Die demyelinisierenden L\u00e4sionen, die mittels <strong>Magnetresonanztomographie<\/strong> erkannt werden k\u00f6nnen. Die Magnetresonanztomographie (MRT) ist eine der wichtigsten Untersuchungen zur Diagnose der Multiplen Sklerose. Dabei handelt es sich um eine nicht-invasive Technik zur Anfertigung sehr detaillierter Bilder von Gehirn und R\u00fcckenmark.<\/li>\n<\/ul>\n\n\n\n<p class=\"is-style-default\">Dank der Magnetresonanztomographie k\u00f6nnen im Gehirn die L\u00e4sionen sichtbar gemacht werden, die durch den Angriff des Immunsystems auf die Myelinschicht entstehen. Dabei ist jedoch anzumerken, dass diese Untersuchung nicht als endg\u00fcltig angesehen werden kann, da nicht alle L\u00e4sionen vom Scanner erfasst werden und andere Erkrankungen identische Anomalien hervorrufen k\u00f6nnen.<\/p>\n\n\n\n<p class=\"is-style-default\">Die Amyotrophe Lateralsklerose ist schwer zu diagnostizieren, da ihre <strong>Symptomatik der anderer Erkrankungen \u00e4hnelt.<\/strong> Die Diagnose erfolgt anhand der festgestellten Symptome und durch eine Untersuchung, die sogenannte <strong>Elektromyographie<\/strong>. In manchen F\u00e4llen sind weitere Untersuchungen wie zervikale oder zerebrale Magnetresonanztomographien, Muskelbiopsien, Blutanalysen oder eine Lumbalpunktion erforderlich, wenn weiterhin Unklarheiten bestehen.<\/p>\n\n\n\n<div style=\"height:50px\" aria-hidden=\"true\" class=\"wp-block-spacer\"><\/div>\n\n\n\n<h3 class=\"wp-block-heading\">Behandlung der Erkrankung<\/h3>\n\n\n\n<p class=\"is-style-default\">Derzeit <strong>gibt es keine Behandlung<\/strong>, die eine dieser neurodegenerativen Erkrankungen heilt. Allerdings gibt es einige Medikamente, die ihr Fortschreiten verz\u00f6gern und die Symptome lindern.<\/p>\n\n\n\n<p class=\"is-style-default\">Bei beiden Erkrankungen besteht die Behandlung aus Medikamenten, die das Fortschreiten bremsen, kombiniert mit <strong>Physiotherapie<\/strong>, <strong>Ergotherapie<\/strong> und <strong>Logop\u00e4die<\/strong>. Dar\u00fcber hinaus ist bei Multipler Sklerose die Rolle des <strong>Neuropsychologen<\/strong> unerl\u00e4sslich, um die auftretenden <strong>kognitiven Defizite<\/strong> zu behandeln.<\/p>\n\n\n\n<h3 class=\"wp-block-heading\">Wie verlaufen MS und ALS?<\/h3>\n\n\n\n<p class=\"is-style-default\">Bei Multipler Sklerose zeigen <strong>85%<\/strong> der Patienten ein Bild mit <strong>periodischem Auftreten von Sch\u00fcben und Remissionen<\/strong> (rezidivierende Multiple Sklerose). Diese Sch\u00fcbe betreffen alle Patientengruppen, wobei die Symptome 24 bis 72 Stunden andauern und dann zur\u00fcckgehen. H\u00e4ufig verschwinden sie sogar vollst\u00e4ndig, was jedoch nicht verhindert, dass sich die Betroffenen durch jeden Schub weiter verschlechtern. Die \u00fcbrigen <strong>15%<\/strong> der Patienten erleben einen <strong>langsamen und progredienten Krankheitsbeginn<\/strong> (prim\u00e4r progrediente Form).<\/p>\n\n\n\n<p class=\"is-style-default\">Im Gegensatz dazu verl\u00e4uft die Amyotrophe Lateralsklerose stets <strong>progressiv<\/strong>, wobei die Geschwindigkeit des Fortschreitens von Patient zu Patient variieren kann.<\/p>\n\n\n\n<h3 class=\"wp-block-heading\">Wie ist die von Multipler Sklerose und Amyotropher Lateralsklerose betroffene Bev\u00f6lkerung?<\/h3>\n\n\n\n<p class=\"is-style-default\">MS betrifft \u00fcberwiegend <strong>junge Frauen im Alter von 20 bis 40 Jahren<\/strong>, w\u00e4hrend die prim\u00e4r progrediente Form eher <strong>M\u00e4nner im Alter von 50 bis 60 Jahren<\/strong> betrifft.<\/p>\n\n\n\n<p class=\"is-style-default\">Die ALS betrifft Menschen im Alter von <strong>40 bis 70 Jahren<\/strong> und trifft dabei im Verh\u00e4ltnis von <strong>3 zu 1 das m\u00e4nnliche Geschlecht<\/strong>.<\/p>\n\n\n\n<p class=\"is-style-default\">Im Folgenden pr\u00e4sentieren wir Ihnen einige <strong>Berichte \u00fcber die Auswirkungen von MS.<\/strong><\/p>\n\n\n\n<figure class=\"wp-block-embed is-type-video is-provider-youtube wp-block-embed-youtube wp-embed-aspect-16-9 wp-has-aspect-ratio image-interface\"><div class=\"wp-block-embed__wrapper\">\n<iframe title=\"C\u00f3mo afecta la esclerosis m\u00faltiple\" width=\"800\" height=\"450\" src=\"https:\/\/www.youtube.com\/embed\/PdTA6la5894?feature=oembed\" frameborder=\"0\" allow=\"accelerometer; autoplay; clipboard-write; encrypted-media; gyroscope; picture-in-picture; web-share\" referrerpolicy=\"strict-origin-when-cross-origin\" allowfullscreen><\/iframe>\n<\/div><\/figure>\n\n\n\n<h3 class=\"wp-block-heading\">Esclerosis en la Onda<\/h3>\n\n\n\n<p class=\"is-style-default\">\u201eEsclerosis en la Onda\u201c ist eine Radiosendung, die von und f\u00fcr Multiple-Sklerose-Geplagte gestaltet wird. Wissen Sie, welche Vorteile ein Haustier f\u00fcr Menschen mit Multipler Sklerose bieten kann?<\/p>\n\n\n<p><iframe id=\"audio_70435749\" style=\"width: 100%;\" src=\"https:\/\/www.ivoox.com\/player_ej_70435749_6_1.html\" height=\"200\" frameborder=\"0\" scrolling=\"no\" allowfullscreen=\"allowfullscreen\"><\/iframe><\/p>\n\n\n<h2 class=\"wp-block-heading\">ELA-Gesetz 2024<\/h2>\n\n\n\n<p>Am 10. Oktober 2024 wurde in Spanien das <strong>ELA-Gesetz<\/strong> verabschiedet, eine Regelung, die darauf abzielt, die Lebensbedingungen von Menschen mit Amyotropher Lateralsklerose (ALS) zu verbessern und deren Recht auf Zugang zu Behandlungen und Pflege zu st\u00e4rken.<\/p>\n\n\n\n<p>Dieses Gesetz stellt in vielerlei Hinsicht einen gro\u00dfen Fortschritt dar. Es ist nicht nur ein Fortschritt im Bereich der \u00f6ffentlichen Politik, sondern wirkt sich auch positiv auf die Fachkr\u00e4fte im Gesundheits- und Neurorehabilitationsbereich aus, die nun \u00fcber mehr Ressourcen verf\u00fcgen, um ihren Patienten eine ganzheitliche und multidisziplin\u00e4re Behandlung zu bieten.<\/p>\n\n\n\n<h3 class=\"wp-block-heading\">Hauptvorteile des ELA-Gesetzes 2024 f\u00fcr Betroffene mit Sklerose<\/h3>\n\n\n\n<h4 class=\"wp-block-heading\">Zugang zu fortschrittlichen Behandlungen<\/h4>\n\n\n\n<p>Das neue Gesetz erleichtert Betroffenen mit ALS den Zugang zu fortschrittlichen, innovativen und experimentellen Behandlungen, die ihnen bislang nicht zug\u00e4nglich waren. Dazu geh\u00f6ren sowohl bereits zugelassene Therapien als auch experimentelle Behandlungen, die einen Unterschied im Krankheitsverlauf bewirken k\u00f6nnten.<\/p>\n\n\n\n<ul class=\"wp-block-list\">\n<li><strong>Verf\u00fcgbarkeit experimenteller Behandlungen<\/strong>: Betroffene k\u00f6nnen auf Medikamente und Therapien im Rahmen klinischer Studien zugreifen, die ihre Lebensqualit\u00e4t verbessern oder das Fortschreiten der Sklerose verlangsamen k\u00f6nnten.<\/li>\n\n\n\n<li><strong>Gleicher Zugang zu neuen Therapien<\/strong>: Es wird sichergestellt, dass unabh\u00e4ngig von wirtschaftlicher Lage oder Wohnort alle Personen die gleichen Chancen haben, von fortschrittlichen ALS-Behandlungen zu profitieren.<\/li>\n<\/ul>\n\n\n\n<h4 class=\"wp-block-heading\">Finanzielle Unterst\u00fctzung<\/h4>\n\n\n\n<p>Da die finanzielle Belastung f\u00fcr ALS-Betroffene \u00fcberw\u00e4ltigend sein kann, sieht das Gesetz finanzielle Hilfen vor, die auf die Verbesserung der Lebensqualit\u00e4t der Erkrankten und die Verringerung der finanziellen Belastung ihrer Familien abzielen.<\/p>\n\n\n\n<ul class=\"wp-block-list\">\n<li><strong>Medikamentenzusch\u00fcsse<\/strong>: Betroffene erhalten erleichterten Zugang zu modernsten Medikamenten mit h\u00f6herer staatlicher Kosten\u00fcbernahme, was die finanzielle Belastung der Familien lindert.<\/li>\n\n\n\n<li><strong>Steuerliche Verg\u00fcnstigungen<\/strong>: Familien von ALS-Erkrankten erhalten steuerliche Anreize, um Ausgaben f\u00fcr Behandlung und t\u00e4gliche Pflege zu verringern.<\/li>\n\n\n\n<li><strong>Langfristige Hilfsfonds<\/strong>: Mit der Einf\u00fchrung des ELA-Gesetzes wird auch ein spezieller Fonds eingerichtet, um die wirtschaftliche Nachhaltigkeit der Erkrankten und ihrer Familien zu sichern. Dabei handelt es sich um <strong>staatliche Hilfen<\/strong>, die f\u00fcr Rollst\u00fchle und andere Mobilit\u00e4tshilfen sowie f\u00fcr die Anpassung des Wohnraums an individuelle Bed\u00fcrfnisse genutzt werden k\u00f6nnen.<\/li>\n<\/ul>\n\n\n\n<h4 class=\"wp-block-heading\">Verbesserung der h\u00e4uslichen Pflege<\/h4>\n\n\n\n<p>Auch die h\u00e4usliche Pflege wird durch die Verabschiedung des ELA-Gesetzes 2024 verbessert. Von nun an haben Betroffene Zugang zu einer <strong>spezialisierten h\u00e4uslichen Betreuung<\/strong> bei der Versorgung neurodegenerativer Erkrankungen. Dies beinhaltet eine 24-st\u00fcndige Betreuung durch Fachpersonen wie Physiotherapeuten, Ergotherapeuten, Logop\u00e4den und Neuropsychologen.<\/p>\n\n\n\n<h4 class=\"wp-block-heading\">F\u00f6rderung der Forschung<\/h4>\n\n\n\n<p>Das <strong>Instituto de Salud Carlos III<\/strong> wurde als reine Forschungsstruktur f\u00fcr ALS eingerichtet, mit dem Ziel, Forschung, Entwicklung, Innovation und Wissensvermittlung rund um diese Erkrankung zu f\u00f6rdern und wissenschaftliche Fortschritte voranzutreiben.<\/p>\n\n\n\n<p>Dar\u00fcber hinaus bietet das ELA-Gesetz <strong>Anreize f\u00fcr wissenschaftliche Institutionen<\/strong>, um die Forschung zur Amyotrophen Lateralsklerose (ALS) zu f\u00f6rdern, was die Entwicklung wirksamerer Behandlungen beschleunigen und die Lebensbedingungen der Patienten verbessern k\u00f6nnte.<\/p>\n\n\n\n<h4 class=\"wp-block-heading\">Staatliches Register f\u00fcr neurodegenerative Erkrankungen<\/h4>\n\n\n\n<p>Mit der Verabschiedung des ELA-Gesetzes wird das <strong>Staatliche Register f\u00fcr neurodegenerative Erkrankungen<\/strong> eingerichtet, um wertvolle Informationen zur Inzidenz, Pr\u00e4valenz und weiteren Aspekten dieser Erkrankung zu sammeln.<\/p>\n\n\n\n<p>Die Erhebung und der Zugriff auf diese Daten erm\u00f6glichen es k\u00fcnftig, die Auswirkungen von ALS besser zu verstehen und die Verwaltung der Unterst\u00fctzungsressourcen f\u00fcr Betroffene zu optimieren.<\/p>\n\n\n\n<div style=\"height:50px\" aria-hidden=\"true\" class=\"wp-block-spacer\"><\/div>\n\n\n\n<div class=\"wp-block-group br-0111 has-primary-background-color has-background has-dark-background has-sm-padding-top has-sm-padding-left has-sm-padding-right has-xxl-margin-top\"><div class=\"wp-block-group__inner-container is-layout-constrained wp-block-group-is-layout-constrained\">\n<div class=\"wp-block-columns is-layout-flex wp-container-core-columns-is-layout-9d6595d7 wp-block-columns-is-layout-flex\">\n<div class=\"wp-block-column is-layout-flow wp-block-column-is-layout-flow\">\n<figure class=\"wp-block-image size-full desktop-position-absolute desktop-bottom-0 mobile-width-50 mobile-m-inline-auto has-xl-margin-top\"><img decoding=\"async\" width=\"292\" height=\"338\" src=\"https:\/\/neuronup.com\/de\/wp-content\/uploads\/2023\/12\/Produkt-Zertifikat.webp\" alt=\"\" class=\"wp-image-27552\" srcset=\"https:\/\/neuronup.com\/de\/wp-content\/uploads\/2023\/12\/Produkt-Zertifikat-259x300.webp 259w, https:\/\/neuronup.com\/de\/wp-content\/uploads\/2023\/12\/Produkt-Zertifikat.webp 292w\" sizes=\"(max-width: 292px) 100vw, 292px\" \/><\/figure>\n<\/div>\n\n\n\n<div class=\"wp-block-column is-layout-flow wp-block-column-is-layout-flow\">\n<h2 class=\"wp-block-heading has-white-color has-text-color\">Melden Sie sich<br> f\u00fcr unseren<br> <strong>Newsletter<\/strong>\u00a0an<\/h2>\n\n\n\n<div class=\"wp-block-buttons is-layout-flex wp-block-buttons-is-layout-flex\">\n<div class=\"wp-block-button--1\" style=\"--button-outline-color:var(--color-white);--button-outline-color-hover:rgba(0,0,0,0.8);\"><a class=\"wp-block-button__link button button-outline   wp-element-button\" href=\"https:\/\/neuronup.com\/de\/newsletter\/#form\">Jetzt anmelden<\/a><\/div>\n\n<\/div>\n\n\n\n<div style=\"height:40px\" aria-hidden=\"true\" class=\"wp-block-spacer\"><\/div>\n<\/div>\n<\/div>\n<\/div><\/div>\n\n\n\n\n<div style=\"height:50px\" aria-hidden=\"true\" class=\"wp-block-spacer\"><\/div>\n\n\n<h2 class=\"wp-block-heading\">Fazit<\/h2>\n\n\n<p>Auch wenn <strong>Multiple Sklerose (MS)<\/strong> und <strong>Amyotrophe Lateralsklerose (ALS)<\/strong> neurodegenerative Erkrankungen mit erheblichen Unterschieden im Verlauf und in der Behandlung sind, stellt die j\u00fcngste Verabschiedung des <strong>ELA-Gesetzes 2024<\/strong> einen entscheidenden Wendepunkt f\u00fcr Menschen mit ALS dar.<\/p>\n\n\n\n<p>Dieses Gesetz bietet verbesserten Zugang zu fortschrittlichen Behandlungen, spezialisierter h\u00e4uslicher Betreuung und finanzieller Unterst\u00fctzung f\u00fcr Patienten und ihre Familien. Dar\u00fcber hinaus f\u00f6rdert es die Forschung zur Amyotrophen Lateralsklerose und gew\u00e4hrleistet eine umfassendere Betreuung.<\/p>\n\n\n\n<p><strong>Das ELA-Gesetz 2024 setzt einen Meilenstein im Kampf gegen ALS<\/strong>, indem es den Betroffenen Hoffnung schenkt und ihre Lebensqualit\u00e4t verbessert.<\/p>\n\n\n\n<h3 class=\"wp-block-heading\">Wenn Ihnen dieser Artikel \u00fcber die <strong>Unterschiede zwischen Multipler Sklerose und Amyotropher Lateralsklerose<\/strong> <strong>und die Auswirkungen des ELA-Gesetzes 2024<\/strong> gefallen hat, k\u00f6nnten Sie auch an weiteren Beitr\u00e4gen von <strong>NeuronUP<\/strong> interessiert sein:<\/h3>\n\n\n<div class=\"mai-grid entries entries-grid has-boxed has-image-full\" style=\"--entry-title-font-size:var(--font-size-lg);--align-text:start;--entry-meta-text-align:start;\"><div class=\"entries-wrap has-columns\" style=\"--columns-xs:1\/1;--columns-sm:1\/1;--columns-md:1\/3;--columns-lg:1\/3;--flex-xs:0 0 var(--flex-basis);--flex-sm:0 0 var(--flex-basis);--flex-md:0 0 var(--flex-basis);--flex-lg:0 0 var(--flex-basis);--column-gap:var(--spacing-lg);--row-gap:var(--spacing-lg);--align-columns:start;\"><article class=\"entry entry-grid is-column has-entry-link has-image has-image-first type-post category-neuropsychologie tag-exekutive-funktionen tag-kinder tag-neuroentwicklungsstorungen tag-neuropsychologie\" style=\"--entry-index:1;\" aria-label=\"Die exekutiven Funktionen und ihr Zusammenhang mit dem Leseprozess und der schulischen Leistung\" itemscope itemtype=\"https:\/\/schema.org\/CreativeWork\"><a class=\"entry-image-link\" href=\"https:\/\/neuronup.com\/de\/neurowissenschaften\/neuropsychologie\/die-exekutiven-funktionen-und-ihre-beziehung-zum-leseprozess-und-zur-akademischen-leistung\/\" tabindex=\"-1\" aria-hidden=\"true\"><img decoding=\"async\" width=\"400\" height=\"300\" src=\"https:\/\/neuronup.com\/de\/wp-content\/uploads\/2022\/02\/everyone-knows-right-answear-400x300-1-1.webp\" class=\"entry-image size-landscape-sm\" alt=\"exekutive Funktionen. Kinder in der Schule\" srcset=\"https:\/\/neuronup.com\/de\/wp-content\/uploads\/2022\/02\/everyone-knows-right-answear-400x300-1-1-300x225.webp 300w, https:\/\/neuronup.com\/de\/wp-content\/uploads\/2022\/02\/everyone-knows-right-answear-400x300-1-1-768x576.webp 768w, https:\/\/neuronup.com\/de\/wp-content\/uploads\/2022\/02\/everyone-knows-right-answear-400x300-1-1-1024x768.webp 1024w, https:\/\/neuronup.com\/de\/wp-content\/uploads\/2022\/02\/everyone-knows-right-answear-400x300-1-1.webp 1200w\" sizes=\"(max-width:599px) 599px, (min-width:600px) and (max-width: 799px) 799px, (min-width:800px) and (max-width: 999px) 333px, (min-width:1000px) 400px\" \/><\/a><div class=\"entry-wrap entry-wrap-grid\"><h3 class=\"entry-title\" itemprop=\"headline\"><a class=\"entry-title-link\" href=\"https:\/\/neuronup.com\/de\/neurowissenschaften\/neuropsychologie\/die-exekutiven-funktionen-und-ihre-beziehung-zum-leseprozess-und-zur-akademischen-leistung\/\" rel=\"bookmark\">Die exekutiven Funktionen und ihr Zusammenhang mit dem Leseprozess und der schulischen Leistung<\/a><\/h3>\n<\/div><\/article><article class=\"entry entry-grid is-column has-entry-link has-image has-image-first type-post category-erworbene-hirnschadigung tag-erworbene-hirnschadigung tag-neuropsychologie\" style=\"--entry-index:2;\" aria-label=\"Das Bewusstsein f\u00fcr Defizite in der Genesung von erworbenem Hirnschaden\" itemscope itemtype=\"https:\/\/schema.org\/CreativeWork\"><a class=\"entry-image-link\" href=\"https:\/\/neuronup.com\/de\/kognitive-stimulation-und-rehabilitation\/erworbene-hirnschadigung\/das-bewusstsein-der-defizite-in-der-genesung-von-erworbenem-hirnschaden\/\" tabindex=\"-1\" aria-hidden=\"true\"><img decoding=\"async\" width=\"400\" height=\"300\" src=\"https:\/\/neuronup.com\/de\/wp-content\/uploads\/2025\/07\/La-consciencia-de-los-deficits-en-la-recuperacion-del-dano-cerebral-adquirido-400x300.webp\" class=\"entry-image size-landscape-sm\" alt=\"Das Bewusstsein f\u00fcr Defizite in der Genesung von erworbenem Hirnschaden\" srcset=\"https:\/\/neuronup.com\/de\/wp-content\/uploads\/2025\/07\/La-consciencia-de-los-deficits-en-la-recuperacion-del-dano-cerebral-adquirido-400x300.webp 400w, https:\/\/neuronup.com\/de\/wp-content\/uploads\/2025\/07\/La-consciencia-de-los-deficits-en-la-recuperacion-del-dano-cerebral-adquirido-800x600.webp 800w\" sizes=\"(max-width:599px) 599px, (min-width:600px) and (max-width: 799px) 799px, (min-width:800px) and (max-width: 999px) 333px, (min-width:1000px) 400px\" \/><\/a><div class=\"entry-wrap entry-wrap-grid\"><h3 class=\"entry-title\" itemprop=\"headline\"><a class=\"entry-title-link\" href=\"https:\/\/neuronup.com\/de\/kognitive-stimulation-und-rehabilitation\/erworbene-hirnschadigung\/das-bewusstsein-der-defizite-in-der-genesung-von-erworbenem-hirnschaden\/\" rel=\"bookmark\">Das Bewusstsein f\u00fcr Defizite in der Genesung von erworbenem Hirnschaden<\/a><\/h3>\n<\/div><\/article><article class=\"entry entry-grid is-column has-entry-link has-image has-image-first type-post category-ausbildung tag-neuronup\" style=\"--entry-index:3;\" aria-label=\"NeuronUP-Zertifikat: 3 einfache M\u00f6glichkeiten, dein Zertifikat zu LinkedIn hinzuzuf\u00fcgen\" itemscope itemtype=\"https:\/\/schema.org\/CreativeWork\"><a class=\"entry-image-link\" href=\"https:\/\/neuronup.com\/de\/ausbildung\/neuronup-zertifikat-3-einfache-wege-dein-zertifikat-zu-linkedin-hinzuzufuegen\/\" tabindex=\"-1\" aria-hidden=\"true\"><img decoding=\"async\" width=\"400\" height=\"282\" src=\"https:\/\/neuronup.com\/de\/wp-content\/uploads\/2022\/06\/Certificado-de-NeuronUP.webp\" class=\"entry-image size-landscape-sm\" alt=\"NeuronUP-Zertifikat\" srcset=\"https:\/\/neuronup.com\/de\/wp-content\/uploads\/2022\/06\/Certificado-de-NeuronUP-300x211.webp 300w, https:\/\/neuronup.com\/de\/wp-content\/uploads\/2022\/06\/Certificado-de-NeuronUP.webp 655w\" sizes=\"(max-width:599px) 599px, (min-width:600px) and (max-width: 799px) 799px, (min-width:800px) and (max-width: 999px) 333px, (min-width:1000px) 400px\" \/><\/a><div class=\"entry-wrap entry-wrap-grid\"><h3 class=\"entry-title\" itemprop=\"headline\"><a class=\"entry-title-link\" href=\"https:\/\/neuronup.com\/de\/ausbildung\/neuronup-zertifikat-3-einfache-wege-dein-zertifikat-zu-linkedin-hinzuzufuegen\/\" rel=\"bookmark\">NeuronUP-Zertifikat: 3 einfache M\u00f6glichkeiten, dein Zertifikat zu LinkedIn hinzuzuf\u00fcgen<\/a><\/h3>\n<\/div><\/article><article class=\"entry entry-grid is-column has-entry-link has-image has-image-first type-post category-aktivitaten-bei-neurologischen-entwicklungsstorungen tag-aktivitaten-zur-kognitiven-stimulation tag-aktivitaten-zur-kognitiven-stimulation-fur-kinder tag-kinder tag-kognitive-stimulation tag-legasthenie tag-neuroentwicklungsstorungen\" style=\"--entry-index:4;\" aria-label=\"Aktivit\u00e4ten f\u00fcr Menschen mit Dyslexie\" itemscope itemtype=\"https:\/\/schema.org\/CreativeWork\"><a class=\"entry-image-link\" href=\"https:\/\/neuronup.com\/de\/aktivitaten-fur-neurorehabilitation\/aktivitaten-bei-neurologischen-entwicklungsstorungen\/aktivitaten-fur-menschen-mit-dyslexie\/\" tabindex=\"-1\" aria-hidden=\"true\"><img decoding=\"async\" width=\"400\" height=\"225\" src=\"https:\/\/neuronup.com\/de\/wp-content\/uploads\/2024\/10\/Detective-de-letras-NeuronUP.webp\" class=\"entry-image size-landscape-sm\" alt=\"NeuronUP-Blatt zur Arbeit mit dem Vokabular und der Unterscheidung bei Kindern: Buchstaben-Detektiv.\" srcset=\"https:\/\/neuronup.com\/de\/wp-content\/uploads\/2024\/10\/Detective-de-letras-NeuronUP-300x169.webp 300w, https:\/\/neuronup.com\/de\/wp-content\/uploads\/2024\/10\/Detective-de-letras-NeuronUP-768x432.webp 768w, https:\/\/neuronup.com\/de\/wp-content\/uploads\/2024\/10\/Detective-de-letras-NeuronUP-1024x576.webp 1024w, https:\/\/neuronup.com\/de\/wp-content\/uploads\/2024\/10\/Detective-de-letras-NeuronUP.webp 1200w\" sizes=\"(max-width:599px) 599px, (min-width:600px) and (max-width: 799px) 799px, (min-width:800px) and (max-width: 999px) 333px, (min-width:1000px) 400px\" \/><\/a><div class=\"entry-wrap entry-wrap-grid\"><h3 class=\"entry-title\" itemprop=\"headline\"><a class=\"entry-title-link\" href=\"https:\/\/neuronup.com\/de\/aktivitaten-fur-neurorehabilitation\/aktivitaten-bei-neurologischen-entwicklungsstorungen\/aktivitaten-fur-menschen-mit-dyslexie\/\" rel=\"bookmark\">Aktivit\u00e4ten f\u00fcr Menschen mit Dyslexie<\/a><\/h3>\n<\/div><\/article><article class=\"entry entry-grid is-column has-entry-link has-image has-image-first type-post category-neuropsychologie tag-kognitive-rehabilitation tag-neuropsychologie\" style=\"--entry-index:5;\" aria-label=\"Psychoedukation bei Kindern: Schl\u00fcsselfaktoren f\u00fcr die kognitive und emotionale Entwicklung\" itemscope itemtype=\"https:\/\/schema.org\/CreativeWork\"><a class=\"entry-image-link\" href=\"https:\/\/neuronup.com\/de\/neurowissenschaften\/neuropsychologie\/psychoedukation-bei-kindern-schluesselstrategien-fuer-die-kognitive-und-emotionale-entwicklung\/\" tabindex=\"-1\" aria-hidden=\"true\"><img decoding=\"async\" width=\"400\" height=\"225\" src=\"https:\/\/neuronup.com\/de\/wp-content\/uploads\/2025\/01\/Psicoeducacion-en-ninos-Estrategias-clave-para-el-desarrollo-cognitivo-y-emocional-NeuronUP.webp\" class=\"entry-image size-landscape-sm\" alt=\"Psychoedukation bei Kindern Schl\u00fcsselstrategien f\u00fcr die kognitive und emotionale Entwicklung NeuronUP\" srcset=\"https:\/\/neuronup.com\/de\/wp-content\/uploads\/2025\/01\/Psicoeducacion-en-ninos-Estrategias-clave-para-el-desarrollo-cognitivo-y-emocional-NeuronUP-300x169.webp 300w, https:\/\/neuronup.com\/de\/wp-content\/uploads\/2025\/01\/Psicoeducacion-en-ninos-Estrategias-clave-para-el-desarrollo-cognitivo-y-emocional-NeuronUP-768x432.webp 768w, https:\/\/neuronup.com\/de\/wp-content\/uploads\/2025\/01\/Psicoeducacion-en-ninos-Estrategias-clave-para-el-desarrollo-cognitivo-y-emocional-NeuronUP-1024x576.webp 1024w, https:\/\/neuronup.com\/de\/wp-content\/uploads\/2025\/01\/Psicoeducacion-en-ninos-Estrategias-clave-para-el-desarrollo-cognitivo-y-emocional-NeuronUP.webp 1200w\" sizes=\"(max-width:599px) 599px, (min-width:600px) and (max-width: 799px) 799px, (min-width:800px) and (max-width: 999px) 333px, (min-width:1000px) 400px\" \/><\/a><div class=\"entry-wrap entry-wrap-grid\"><h3 class=\"entry-title\" itemprop=\"headline\"><a class=\"entry-title-link\" href=\"https:\/\/neuronup.com\/de\/neurowissenschaften\/neuropsychologie\/psychoedukation-bei-kindern-schluesselstrategien-fuer-die-kognitive-und-emotionale-entwicklung\/\" rel=\"bookmark\">Psychoedukation bei Kindern: Schl\u00fcsselfaktoren f\u00fcr die kognitive und emotionale Entwicklung<\/a><\/h3>\n<\/div><\/article><article class=\"entry entry-grid is-column has-entry-link has-image has-image-first type-post category-neurodegenerative-erkrankungen tag-demenz tag-neurodegenerative-erkrankungen\" style=\"--entry-index:6;\" aria-label=\"Frontotemporale Demenz und ihre Auswirkungen\" itemscope itemtype=\"https:\/\/schema.org\/CreativeWork\"><a class=\"entry-image-link\" href=\"https:\/\/neuronup.com\/de\/kognitive-stimulation-und-rehabilitation\/neurodegenerative-erkrankungen\/frontotemporale-demenz-und-ihre-auswirkungen\/\" tabindex=\"-1\" aria-hidden=\"true\"><img decoding=\"async\" width=\"400\" height=\"300\" src=\"https:\/\/neuronup.com\/de\/wp-content\/uploads\/2024\/04\/Frontotemporale-Demenz-400x300.webp\" class=\"entry-image size-landscape-sm\" alt=\"Frontotemporale Demenz\" \/><\/a><div class=\"entry-wrap entry-wrap-grid\"><h3 class=\"entry-title\" itemprop=\"headline\"><a class=\"entry-title-link\" href=\"https:\/\/neuronup.com\/de\/kognitive-stimulation-und-rehabilitation\/neurodegenerative-erkrankungen\/frontotemporale-demenz-und-ihre-auswirkungen\/\" rel=\"bookmark\">Frontotemporale Demenz und ihre Auswirkungen<\/a><\/h3>\n<\/div><\/article><\/div><\/div>\n\n\n<div style=\"height:50px\" aria-hidden=\"true\" class=\"wp-block-spacer\"><\/div>\n\n\n\n<p class=\"has-sm-font-size\">Dieser Artikel wurde \u00fcbersetzt; Link zum Originalartikel auf Spanisch:<br><a href=\"https:\/\/neuronup.com\/estimulacion-y-rehabilitacion-cognitiva\/enfermedades-neurodegenerativas\/esclerosis-multiple\/diferencias-entre-la-esclerosis-multiple-y-la-esclerosis-lateral-amiotrofica\/\" data-type=\"link\" data-id=\"https:\/\/neuronup.com\/estimulacion-y-rehabilitacion-cognitiva\/enfermedades-neurodegenerativas\/esclerosis-multiple\/diferencias-entre-la-esclerosis-multiple-y-la-esclerosis-lateral-amiotrofica\/\"><em>Diferencias entre la esclerosis m\u00faltiple y la esclerosis lateral amiotr\u00f3fica y el impacto de la Ley ELA 2024<\/em><\/a><\/p>\n","protected":false},"excerpt":{"rendered":"<p>In diesem Artikel analysieren wir die Hauptunterschiede zwischen Multipler Sklerose und Amyotropher Lateralsklerose und untersuchen zugleich, wie das ELA-Gesetz die Behandlung und Rehabilitationsdienste von ALS-Patienten beeinflusst. Neurodegenerative Erkrankungen wie Multiple Sklerose (MS) und Amyotrophe Lateralsklerose (ALS) beeintr\u00e4chtigen die Lebensqualit\u00e4t der Betroffenen erheblich. Obwohl beide Erkrankungen Auswirkungen auf das Nervensystem haben, unterscheiden sie sich in Ursachen, &hellip;<\/p>\n","protected":false},"author":134,"featured_media":38614,"comment_status":"open","ping_status":"closed","sticky":false,"template":"","format":"standard","meta":{"_acf_changed":false,"_genesis_hide_title":false,"_genesis_hide_breadcrumbs":false,"_genesis_hide_singular_image":false,"_genesis_hide_footer_widgets":false,"_genesis_custom_body_class":"","_genesis_custom_post_class":"","_genesis_layout":"","footnotes":""},"categories":[10],"tags":[142,339],"class_list":{"2":"type-post","7":"category-multiple-sklerose","8":"tag-multiple-sklerose","9":"tag-neurodegenerative-erkrankungen","10":"entry"},"acf":[],"_links":{"self":[{"href":"https:\/\/neuronup.com\/de\/wp-json\/wp\/v2\/posts\/11914","targetHints":{"allow":["GET"]}}],"collection":[{"href":"https:\/\/neuronup.com\/de\/wp-json\/wp\/v2\/posts"}],"about":[{"href":"https:\/\/neuronup.com\/de\/wp-json\/wp\/v2\/types\/post"}],"author":[{"embeddable":true,"href":"https:\/\/neuronup.com\/de\/wp-json\/wp\/v2\/users\/134"}],"replies":[{"embeddable":true,"href":"https:\/\/neuronup.com\/de\/wp-json\/wp\/v2\/comments?post=11914"}],"version-history":[{"count":0,"href":"https:\/\/neuronup.com\/de\/wp-json\/wp\/v2\/posts\/11914\/revisions"}],"wp:featuredmedia":[{"embeddable":true,"href":"https:\/\/neuronup.com\/de\/wp-json\/wp\/v2\/media\/38614"}],"wp:attachment":[{"href":"https:\/\/neuronup.com\/de\/wp-json\/wp\/v2\/media?parent=11914"}],"wp:term":[{"taxonomy":"category","embeddable":true,"href":"https:\/\/neuronup.com\/de\/wp-json\/wp\/v2\/categories?post=11914"},{"taxonomy":"post_tag","embeddable":true,"href":"https:\/\/neuronup.com\/de\/wp-json\/wp\/v2\/tags?post=11914"}],"curies":[{"name":"wp","href":"https:\/\/api.w.org\/{rel}","templated":true}]}}