{"id":11099,"date":"2025-09-01T10:57:02","date_gmt":"2025-09-01T10:57:02","guid":{"rendered":"https:\/\/neuronup.com\/?p=11099"},"modified":"2025-09-01T10:57:02","modified_gmt":"2025-09-01T10:57:02","slug":"geschlechtsdysphorie-in-der-kindheit-und-jugend","status":"publish","type":"post","link":"https:\/\/neuronup.com\/de\/neurowissenschaften\/gehirn-neurowissenschaften\/geschlechtsdysphorie\/geschlechtsdysphorie-in-der-kindheit-und-jugend\/","title":{"rendered":"Geschlechtsdysphorie in Kindheit und Jugend. Behandlungen und psychosoziale Folgen"},"content":{"rendered":"\n<p class=\"has-xl-font-size\">Wei\u00dft du, was <strong>Geschlechtsdysphorie<\/strong> ist? Und was sind die Ursachen, Behandlungen und psychosozialen Folgen, die diese Menschen erleben? Die Neuropsychologin Daniela Ramos erkl\u00e4rt es dir in diesem Artikel.<\/p>\n\n\n\n<h2 class=\"wp-block-heading\">Unterschied zwischen Sex und Gender<\/h2>\n\n\n\n<p>Eine <strong>transgeschlechtliche Person<\/strong> ist jemand, der eine <strong>Diskrepanz zwischen dem biologischen Geschlecht und seiner Geschlechtsidentit\u00e4t<\/strong> empfindet. Oft werden die Begriffe Sex und Gender gleich und unangemessen verwendet, was zu Verwirrung f\u00fchren kann, wenn es um Themen wie dieses hier geht. Daher ist es zun\u00e4chst notwendig, die Bedeutung und die Unterschiede der einzelnen Begriffe zu kl\u00e4ren<sup>1<\/sup>.<\/p>\n\n\n\n<ul class=\"wp-block-list\">\n<li><strong>Sex<\/strong>: biologische und physiologische Merkmale, die eine Person als Mann oder Frau definieren. Sex umfasst Hormone, Geschlechtsorgane, Geschlechtschromosomen und Genetik und wird bei der Geburt unter Ber\u00fccksichtigung dieser Faktoren zugewiesen.<\/li>\n\n\n\n<li><strong>Gender<\/strong>: sozial konstruierte Merkmale, die die Rolle einer Person in der Gesellschaft definieren und sie als Mann oder Frau kategorisieren. Gender umfasst Identit\u00e4t, Verhalten und \u00dcberzeugungen und bestimmt, wie Personen mit anderen des gleichen oder des anderen Geschlechts in Haushalten, Gemeinschaften und am Arbeitsplatz interagieren sollen.<\/li>\n<\/ul>\n\n\n\n<h2 class=\"wp-block-heading\">Was ist Geschlechtsdysphorie?<\/h2>\n\n\n\n<p>Sind diese beiden Konzepte gekl\u00e4rt, l\u00e4sst sich Geschlechtsdysphorie (GD) als psychiatrische Diagnose verstehen, die durch erhebliches psychologisches Unbehagen aufgrund einer <strong>Diskrepanz zwischen dem bei der Geburt zugewiesenen biologischen Geschlecht und der Geschlechtsidentit\u00e4t<\/strong> gekennzeichnet ist. Diese Diskrepanz tritt meist in fr\u00fchem Alter auf, sodass Kinder mit GD Verhaltensweisen und Vorlieben zeigen, die nicht mit ihrem biologischen Geschlecht \u00fcbereinstimmen<sup>2<\/sup>.<\/p>\n\n\n\n<h2 class=\"wp-block-heading\">Kriterien f\u00fcr die Diagnose von Geschlechtsdysphorie<\/h2>\n\n\n\n<h3 class=\"wp-block-heading\">Kriterien f\u00fcr die Diagnose von Geschlechtsdysphorie bei <strong>Kindern<\/strong><\/h3>\n\n\n\n<p>Laut dem Diagnostischen und Statistischen Manual Psychischer St\u00f6rungen, f\u00fcnfte Ausgabe (DSM-5)<sup>3<\/sup>, lauten die Kriterien f\u00fcr die Diagnose von Geschlechtsdysphorie bei <strong>Kindern<\/strong> wie folgt:<\/p>\n\n\n\n<ol class=\"wp-block-list\">\n<li>Eine ausgepr\u00e4gte Inkongruenz zwischen dem empfundenen oder ge\u00e4u\u00dferten Geschlecht und dem zugewiesenen Geschlecht, von mindestens <strong>sechs Monaten<\/strong> Dauer, manifestiert durch mindestens sechs der folgenden Merkmale (eines davon muss Kriterium A1 sein):<\/li>\n\n\n\n<li>Ein starkes Verlangen, dem anderen Geschlecht anzugeh\u00f6ren, oder das Beharren darauf, Mann oder Frau des anderen Geschlechts (oder eines alternativen Geschlechts zur bei der Geburt zugewiesenen) zu sein.<\/li>\n\n\n\n<li>Bei denjenigen, denen bei der Geburt m\u00e4nnliches Geschlecht zugewiesen wurde, starke Vorliebe f\u00fcr Travestie oder das Nachahmen weiblicher Kleidung; bei denjenigen, denen weibliches Geschlecht zugewiesen wurde, starke Vorliebe daf\u00fcr, ausschlie\u00dflich typischerweise m\u00e4nnliche Kleidung zu tragen, und deutlicher Widerstand dagegen, typisch weibliche Kleidung zu tragen.<\/li>\n\n\n\n<li>Ausgepr\u00e4gte und anhaltende Vorliebe f\u00fcr die Rolle des anderen Geschlechts oder Fantasien, dem anderen Geschlecht anzugeh\u00f6ren.<\/li>\n\n\n\n<li>Ausgepr\u00e4gte Vorliebe f\u00fcr Spielzeug, Spiele oder Aktivit\u00e4ten, die \u00fcblicherweise vom anderen Geschlecht verwendet oder ausge\u00fcbt werden.<\/li>\n\n\n\n<li>Ausgepr\u00e4gte Vorliebe f\u00fcr Spielkameraden des anderen Geschlechts.<\/li>\n\n\n\n<li>Bei denjenigen, denen bei der Geburt m\u00e4nnliches Geschlecht zugewiesen wurde, starke Abneigung gegen typischerweise m\u00e4nnliches Spielzeug, Spiele und Aktivit\u00e4ten sowie ausgepr\u00e4gtes Meiden rauer Spiele; bei denjenigen, denen weibliches Geschlecht zugewiesen wurde, starke Abneigung gegen typischerweise weibliches Spielzeug, Spiele und Aktivit\u00e4ten.<\/li>\n\n\n\n<li>Ausgepr\u00e4gtes Ekelgef\u00fchl gegen\u00fcber der eigenen Sexualanatomie.<\/li>\n\n\n\n<li>Starkes Verlangen, Prim\u00e4r- und Sekund\u00e4rmerkmale des empfundenen Geschlechts zu besitzen.<\/li>\n\n\n\n<li>Das Problem geht mit klinisch signifikantem Leidensdruck oder Beeintr\u00e4chtigungen im sozialen, schulischen oder anderen wichtigen Funktionsbereichen einher.<\/li>\n<\/ol>\n\n\n\n<h3 class=\"wp-block-heading\">Kriterien f\u00fcr die Diagnose von Geschlechtsdysphorie bei Jugendlichen und Erwachsenen<\/h3>\n\n\n\n<p>Im Fall von <strong>Jugendlichen<\/strong> sind die Kriterien dieselben wie f\u00fcr Erwachsene:<\/p>\n\n\n\n<ol class=\"wp-block-list\">\n<li>Eine ausgepr\u00e4gte Inkongruenz zwischen dem empfundenen oder ge\u00e4u\u00dferten Geschlecht und dem zugewiesenen Geschlecht, von mindestens <strong>sechs Monaten<\/strong> Dauer, manifestiert durch mindestens zwei der folgenden Merkmale:<\/li>\n\n\n\n<li>Ausgepr\u00e4gte Inkongruenz zwischen dem empfundenen oder ge\u00e4u\u00dferten Geschlecht und den prim\u00e4ren oder sekund\u00e4ren Geschlechtsmerkmalen (bzw. bei jungen Jugendlichen den erwarteten sekund\u00e4ren Geschlechtsmerkmalen).<\/li>\n\n\n\n<li>Starkes Verlangen, die eigenen prim\u00e4ren oder sekund\u00e4ren Geschlechtsmerkmale loszuwerden aufgrund der ausgepr\u00e4gten Inkongruenz mit dem empfundenen oder ge\u00e4u\u00dferten Geschlecht (bzw. bei jungen Jugendlichen Wunsch, die Entwicklung der erwarteten sekund\u00e4ren Geschlechtsmerkmale zu verhindern).<\/li>\n\n\n\n<li>Starkes Verlangen, prim\u00e4re und sekund\u00e4re Geschlechtsmerkmale des anderen Geschlechts zu besitzen.<\/li>\n\n\n\n<li>Starkes Verlangen, dem anderen Geschlecht (oder einem alternativen Geschlecht zur bei der Geburt zugewiesenen) anzugeh\u00f6ren.<\/li>\n\n\n\n<li>Starkes Verlangen, wie Angeh\u00f6riger des anderen Geschlechts (oder eines alternativen Geschlechts zur bei der Geburt zugewiesenen) behandelt zu werden.<\/li>\n\n\n\n<li>Starke \u00dcberzeugung, die Gef\u00fchle und Reaktionen des anderen Geschlechts (oder eines alternativen Geschlechts zur bei der Geburt zugewiesenen) zu haben.<\/li>\n\n\n\n<li>Das Problem geht mit klinisch signifikantem Leidensdruck oder Beeintr\u00e4chtigungen im sozialen, beruflichen oder anderen wichtigen Funktionsbereichen einher.<\/li>\n<\/ol>\n\n\n\n<h2 class=\"wp-block-heading\">Ursachen der Geschlechtsdysphorie<\/h2>\n\n\n\n<h3 class=\"wp-block-heading\">Hormonelle Faktoren<\/h3>\n\n\n\n<p>Obwohl versucht wurde, die Ursachen von Geschlechtsdysphorie zu ermitteln, sind die Forschungsergebnisse nicht schl\u00fcssig. Unter den aufgestellten Hypothesen werden <strong>hormonelle Faktoren<\/strong> als m\u00f6gliche Erkl\u00e4rung hervorgehoben, sodass eine atypische Produktion von Sexualhormonen in der pr\u00e4natalen Phase w\u00e4hrend der Pubert\u00e4t zu Ver\u00e4nderungen in der Aktivierung neuronaler Schaltkreise f\u00fchrt, die die von dieser Population erlebte Inkongruenz erkl\u00e4ren<sup>4<\/sup>.<\/p>\n\n\n\n<p>Im Zusammenhang damit haben verschiedene Studien an Erwachsenen gezeigt, dass bei Transgender-Personen ein spezifisches Aktivierungsmuster vorliegt, das sich von dem bei M\u00e4nnern und Frauen unterscheidet<sup>5-7<\/sup>. Diese Erkenntnisse wurden bei Kindern in der Studie von Nota und Kollegen<sup>8<\/sup> untersucht, in der Jugendliche, aber nicht Kinder, funktionelle Konnektivit\u00e4tsmuster zeigten, die ihrem erlebten Geschlecht und nicht ihrem bei der Geburt zugewiesenen Geschlecht \u00e4hnelten. Es ist jedoch zu beachten, dass f\u00fcr die Festigung dieser Hypothese weitere Studien erforderlich sind.<\/p>\n\n\n\n<h3 class=\"wp-block-heading\">Genetischer Faktor<\/h3>\n\n\n\n<p>Au\u00dferdem wurde festgestellt, dass eineiige Zwillinge mit h\u00f6herer Wahrscheinlichkeit beide an GD leiden als zweieiige Zwillinge. Dies deutet darauf hin, dass ein <strong>genetischer Faktor<\/strong> eine bedeutende Rolle bei der Entwicklung von GD spielen k\u00f6nnte, allerdings gibt es diesbez\u00fcglich bisher noch nicht gen\u00fcgend Evidenz<sup>9<\/sup>.<\/p>\n\n\n\n<h3 class=\"wp-block-heading\">Psychosoziale und Umweltperspektive<\/h3>\n\n\n\n<p>Schlie\u00dflich wurde versucht, eine Erkl\u00e4rung aus einer psychosozialen und umweltbedingten Perspektive zu geben, mit der Argumentation, dass sich GD in Situationen entwickelt, in denen eine <strong>\u00e4ngstliche Neigung der Kinder in Kombination mit einem psychopathologischen Profil der Eltern<\/strong> vorliegt, begleitet von anderen biologischen Faktoren wie einem femininen Aspekt bei Jungen oder einem maskulinen Aspekt bei M\u00e4dchen<sup>10<\/sup>.<\/p>\n\n\n\n<h4 class=\"wp-block-heading\">Unzufriedenheit mit dem bin\u00e4ren System<\/h4>\n\n\n\n<p>Ebenso wird die Hypothese aufgestellt, dass Kinder mit GD tats\u00e4chlich eine Unzufriedenheit mit dem in den meisten Gesellschaften vorherrschenden bin\u00e4ren System (Mann\/Frau) aufweisen<sup>11<\/sup>. Wie in den vorhergehenden F\u00e4llen ist jedoch die Wahrheit dieser Erkl\u00e4rungen nicht eindeutig gekl\u00e4rt.<\/p>\n\n\n\n<h2 class=\"wp-block-heading\">Psychosoziale Folgen<\/h2>\n\n\n\n<h3 class=\"wp-block-heading\">Emotionale Probleme<\/h3>\n\n\n\n<p>Fest steht, dass diese Situation f\u00fcr Minderj\u00e4hrige wirklich nachteilig sein und eine Reihe von <strong>emotionalen und sozialen Problemen<\/strong> ausl\u00f6sen kann, die ihre Lebensqualit\u00e4t beeintr\u00e4chtigen.<\/p>\n\n\n\n<p>Es muss jedoch klargestellt werden, dass das psychologische Leiden infolge der Diskrepanz zwischen biologischem Geschlecht und Geschlechtsidentit\u00e4t von den emotionalen Problemen zu unterscheiden ist, die durch soziale Ablehnung entstehen und sowohl die Kinder als auch deren Angeh\u00f6rige betreffen.<\/p>\n\n\n\n<p>Meist werden diese Minderj\u00e4hrigen missverstanden und als \u201eAu\u00dfenseiter\u201c behandelt, weil sie nicht dem gesellschaftlich Akzeptierten entsprechen.<\/p>\n\n\n\n<h4 class=\"wp-block-heading\">Schulische Reaktion<\/h4>\n\n\n\n<p>Im schulischen Umfeld f\u00fchrt die Ablehnung durch Mitsch\u00fcler und sogar Lehrkr\u00e4fte dazu, dass Kinder und Jugendliche die Schule mit negativen Erfahrungen verbinden und sie als unsicheren Ort empfinden. Das wiederum kann dazu f\u00fchren, dass sie nicht mehr zur Schule gehen m\u00f6chten oder nicht erscheinen, im Unterricht nicht aufpassen oder Verhaltensprobleme entwickeln, was letztendlich zu Schulversagen f\u00fchrt.<\/p>\n\n\n\n<h4 class=\"wp-block-heading\">Famili\u00e4re Reaktion<\/h4>\n\n\n\n<p>Im famili\u00e4ren Umfeld kann es ebenfalls Ablehnung seitens der Eltern und\/oder anderer Familienangeh\u00f6riger geben, die die Situation mit Angst oder Unsicherheit angehen und die notwendige Unterst\u00fctzung vers\u00e4umen.<\/p>\n\n\n\n<h4 class=\"wp-block-heading\">Institutionelle Reaktion<\/h4>\n\n\n\n<p>Auf institutioneller Ebene m\u00fcssen diese Minderj\u00e4hrigen zudem mit allt\u00e4glichen H\u00fcrden k\u00e4mpfen, die, so unbedeutend sie erscheinen m\u00f6gen, f\u00fcr sie gro\u00dfes Leid bedeuten k\u00f6nnen. Zum Beispiel verbot das Transsexuellengesetz von 2007 bis Oktober 2018 Minderj\u00e4hrigen die \u00c4nderung von Namen und eingetragenem Geschlecht. Erst dann wurde ein Gesetzesentwurf eingebracht, der Minderj\u00e4hrigen erm\u00f6glichen soll, \u00fcber ihre Eltern oder gesetzlichen Vertreter eine Namens\u00e4nderung im Register zu beantragen<sup>12<\/sup>.<\/p>\n\n\n\n<h3 class=\"wp-block-heading\">Angst und Depression<\/h3>\n\n\n\n<p>Insgesamt f\u00f6rdern all diese Faktoren die Entwicklung von <strong>Angst- und Depressionssymptomen<\/strong> bei Kindern und Jugendlichen, die in extremen F\u00e4llen zu Suizid f\u00fchren k\u00f6nnen, wie der j\u00fcngste Fall von Ekaique, der ganz Spanien ersch\u00fctterte<sup>13<\/sup>. Tats\u00e4chlich sind Minderj\u00e4hrige, die soziale Unterst\u00fctzung erfahren und in einer toleranten Umgebung aufwachsen, weniger anf\u00e4llig f\u00fcr emotionale St\u00f6rungen.<\/p>\n\n\n\n<p>Au\u00dferdem wurde dokumentiert, dass sich die emotionalen Probleme deutlich verringern, sobald die Minderj\u00e4hrigen mit einer Behandlung beginnen. Auch wenn es ein langer Prozess ist, bedeutet die Aussicht, die Person zu werden, die sie wirklich sein m\u00f6chten, eine Erleichterung f\u00fcr sie<sup>14<\/sup>.<\/p>\n\n\n\n<h2 class=\"wp-block-heading\">Behandlungen<\/h2>\n\n\n\n<p>Es handelt sich um einen schrittweisen Prozess, der aus den folgenden Phasen besteht<sup>1<\/sup>:<\/p>\n\n\n\n<ul class=\"wp-block-list\">\n<li><strong>Soziale Transition<\/strong>: Die Kinder und Jugendlichen nehmen einen Namen und Pronomen entsprechend ihrem erlebten Geschlecht an sowie Kleidung, Frisur usw.<\/li>\n\n\n\n<li><strong>Unterdr\u00fcckung der Pubert\u00e4t:<\/strong> Es wird eine Behandlung mit GnRH-Agonisten (Gonadotropin-Releasing-Hormon-Agonisten) eingeleitet, die die Entwicklung unerw\u00fcnschter k\u00f6rperlicher und sexueller Merkmale wie Bartwuchs bei Jungen oder Brustwachstum bei M\u00e4dchen verhindert. Diese Behandlung beginnt im Jugendalter, zwischen 12 und 16 Jahren.<\/li>\n\n\n\n<li><strong>Geschlechtsangleichung:<\/strong> Einerseits werden ab dem 16. Lebensjahr geschlechtsangleichende Hormone verabreicht, andererseits kann nach Erreichen der Vollj\u00e4hrigkeit eine Geschlechtsbest\u00e4tigungschirurgie durchgef\u00fchrt werden.<\/li>\n<\/ul>\n\n\n\n<div style=\"height:50px\" aria-hidden=\"true\" class=\"wp-block-spacer\"><\/div>\n\n\n<div class=\"wp-block-image image-interface\">\n<figure class=\"aligncenter size-large\"><img decoding=\"async\" width=\"1024\" height=\"683\" src=\"https:\/\/neuronup.com\/de\/wp-content\/uploads\/2022\/03\/Disforia-de-genero-en-la-infancia-y-la-adolescencia-1-1024x683.webp\" alt=\"Geschlechtsdysphorie in Kindheit und Jugendalter\" class=\"wp-image-38879\" style=\"object-fit:cover\" srcset=\"https:\/\/neuronup.com\/de\/wp-content\/uploads\/2022\/03\/Disforia-de-genero-en-la-infancia-y-la-adolescencia-1-300x200.webp 300w, https:\/\/neuronup.com\/de\/wp-content\/uploads\/2022\/03\/Disforia-de-genero-en-la-infancia-y-la-adolescencia-1-768x512.webp 768w, https:\/\/neuronup.com\/de\/wp-content\/uploads\/2022\/03\/Disforia-de-genero-en-la-infancia-y-la-adolescencia-1-1024x683.webp 1024w, https:\/\/neuronup.com\/de\/wp-content\/uploads\/2022\/03\/Disforia-de-genero-en-la-infancia-y-la-adolescencia-1.webp 1200w\" sizes=\"(max-width: 1024px) 100vw, 1024px\" \/><\/figure>\n<\/div>\n\n\n<div style=\"height:50px\" aria-hidden=\"true\" class=\"wp-block-spacer\"><\/div>\n\n\n\n<h2 class=\"wp-block-heading\">Fazit<\/h2>\n\n\n\n<p>Transgender-Personen, insbesondere die J\u00fcngsten, befinden sich in einer<strong> Situation der Verwundbarkeit<\/strong> aufgrund mangelnden Wissens in der Gesellschaft \u00fcber dieses Thema. Die Folgen, wie dargestellt, sind vielf\u00e4ltig und k\u00f6nnen fatal sein. Daher ist es unerl\u00e4sslich, die Bev\u00f6lkerung zu<strong> informieren und zu sensibilisieren<\/strong>, damit diese Kinder nicht die Zeche f\u00fcr die <strong>Intoleranz<\/strong> gegen\u00fcber dem als anders Empfundenen zahlen m\u00fcssen. Das Wohlbefinden und sogar das Leben dieser Menschen steht auf dem Spiel, wenn nicht dringend ein<strong> Umdenken im Verst\u00e4ndnis von \u201eNormalit\u00e4t\u201c<\/strong> erfolgt.<\/p>\n\n\n\n<p>Aber wie kann dies erreicht werden? Auch wenn es keine leichte Aufgabe ist, k\u00f6nnen wir durch kleine Ma\u00dfnahmen nach und nach das Ziel erreichen. Zum Beispiel ist es \u00e4u\u00dferst wichtig, in Schulen und Familien den J\u00fcngsten das gesamte Spektrum m\u00f6glicher Identit\u00e4ten nahezubringen. Dazu ist es auch wichtig, <strong>Informationssitzungen in Elternvereinigungen<\/strong> anzubieten, in denen das Thema erkl\u00e4rt und gezeigt wird, wie man es den Kindern vermittelt. In diesem Zusammenhang w\u00e4re es ebenfalls angebracht, Materialien wie <strong>M\u00e4rchen oder Filme<\/strong> zu entwickeln, die das Verst\u00e4ndnis der J\u00fcngsten f\u00f6rdern.<\/p>\n\n\n\n<p>Es bleibt noch viel zu tun, doch dank des Engagements vieler Menschen werden Initiativen umgesetzt und kleine Ver\u00e4nderungen erreicht, die eine gro\u00dfe Auswirkung auf die Situation dieser Minderj\u00e4hrigen haben.<\/p>\n\n\n\n<div style=\"height:50px\" aria-hidden=\"true\" class=\"wp-block-spacer\"><\/div>\n\n\n\n<div class=\"wp-block-group\"><div class=\"wp-block-group__inner-container is-layout-constrained wp-block-group-is-layout-constrained\">\n<div class=\"wp-block-columns br-0111 particle-bg p-5 has-primary-background-color has-background is-layout-flex wp-container-core-columns-is-layout-9d6595d7 wp-block-columns-is-layout-flex\">\n<div class=\"wp-block-column is-layout-flow wp-block-column-is-layout-flow\" style=\"flex-basis:66.66%\">\n<h2 class=\"wp-block-heading has-white-color has-text-color\">Testen Sie NeuronUP 7 Tage kostenlos<\/h2>\n\n\n\n<p class=\"has-white-color has-text-color\">Probieren Sie unsere verschiedenen \u00dcbungen, erstellen Sie Sitzungen oder arbeiten Sie remote mithilfe von Online-Sitzungen<\/p>\n<\/div>\n\n\n\n<div class=\"wp-block-column is-layout-flow wp-block-column-is-layout-flow\" style=\"flex-basis:33.33%\">\n<div class=\"wp-block-buttons is-content-justification-center is-layout-flex wp-container-core-buttons-is-layout-16018d1d wp-block-buttons-is-layout-flex\">\n<div class=\"wp-block-button\" style=\"--button-background:var(--color-custom-1);--button-background-hover:#cc7e00;\"><a class=\"wp-block-button__link button   wp-element-button\" href=\"https:\/\/neuronup.com\/de\/landing-store-user\/\">Kostenlos testen<\/a><\/div>\n\n<\/div>\n<\/div>\n<\/div>\n<\/div><\/div>\n\n\n\n<div style=\"height:50px\" aria-hidden=\"true\" class=\"wp-block-spacer\"><\/div>\n\n\n\n<h2 class=\"wp-block-heading\">Quellen<\/h2>\n\n\n\n<ul class=\"wp-block-list has-sm-font-size\">\n<li>Trujillo MA, Tabaac AR, Wall CSJ. Disforia de g\u00e9nero en ni\u00f1os. En Arango-Lasprilla JC, Romero I, Hewitt N, Rodr\u00edguez-Irizarry W. Trastornos psicol\u00f3gicos y neuropsicol\u00f3gicos en la infancia. M\u00e9xico: Manual Moderno; 2018. 197-212.<\/li>\n\n\n\n<li>Ristori J, Steensma TD. Gender dysphoria in childhood. Int Rev Psychiatry. 2016;28(1):13-20.<\/li>\n\n\n\n<li>American Psychiatric Association. (2013). <em>Diagnostic and statistical manual of mental disorders (DSM-5\u00ae)<\/em>. American Psychiatric Pub.<\/li>\n\n\n\n<li>Swaab DF, Garc\u00eda-Falgueras A. Sexual differentiation of the human brain in relation to the gender identity and sexual orientation. Funct Neurol. 2009;24(1):17.<\/li>\n\n\n\n<li>Clemens B, Junger J, Pauly K, Neulen J, Neuschaefer-Rube C, Fr\u00f6lich D. Male-to-female gender dysphoria: Gender-specific differences in resting-state networks. Brain Behav. 2017 Apr 5;7(5):e00691.<\/li>\n\n\n\n<li>Feusner JD, Lidstr\u00f6m A, Moody TD, Dhejne C, Bookheimer SY, Savic I, et al. Intrinsic network connectivity and own body perception in gender dysphoria. Brain Imaging Behav. 2017 Aug;11(4):964-976.<\/li>\n\n\n\n<li>Kreukels BP, Guillamon A. Neuroimaging studies in people with gender incongruence. Int Rev Psychiatry. 2016;28(1):120-8.<\/li>\n\n\n\n<li>Nota NM, Kreukels BPC, den Heijer M, Veltman DJ, Cohen-Kettenis PT, Burke SM, Bakker J. Brain functional connectivity patterns in children and adolescents with gender dysphoria: Sex-atypical or not? Psychoneuroendocrinology. 2017 Dec;86:187-195.<\/li>\n\n\n\n<li>Coolidge FL, Thede LL, Young SE. The heritability of gender identity disorder in a child and adolescent twin sample. Behav Genet. 2002 Jul;32(4):251-7.<\/li>\n\n\n\n<li>Wallien MS1, van Goozen SH, Cohen-Kettenis PT. Physiological correlates of anxiety in children with gender identity disorder. Eur Child Adolesc Psychiatry. 2007 Aug;16(5):309-15.<\/li>\n\n\n\n<li>Cruz TM. Assessing access to care for transgender and gender nonconforming people: a consideration of diversity in combating discrimination. Soc Sci Med. 2014 Jun;110:65-73.<\/li>\n\n\n\n<li>Rader DJ, Hobbs HH. Trastornos del metabolismo de las lipoprote\u00ednas. En: Barnes PJ, Longo DL, Fauci AS, et al., editores. Harrison principios de medicina interna. Vol 2. 18a ed. M\u00e9xico: McGraw\u2010Hill; 2012. p. 3145\u20103161.<\/li>\n\n\n\n<li>Benito E. Justicia facilitar\u00e1 que los menores trans cambien el nombre del registro. <em>El Pa\u00eds<\/em>. 2018. Recuperado de: https:\/\/elpais.com\/sociedad\/2018\/10\/17\/actualidad\/1539779587_691507.html<\/li>\n\n\n\n<li>N. Ekai, el ni\u00f1o transexual que se suicid\u00f3 tras una adolescencia esperando sus hormonas. <em>El Espa\u00f1ol<\/em>. 2017. Recuperado de: https:\/\/www.elespanol.com\/reportajes\/20180217\/ekai-nino-transexual-suicido-adolescencia-esperando-hormonas\/285472481_0.html<\/li>\n\n\n\n<li>de Vries AL, McGuire JK, Steensma TD, Wagenaar EC, Doreleijers TA, Cohen-Kettenis PT. Young adult psychological outcome after puberty suppression and gender reassignment. Pediatrics. 2014 Oct;134(4):696-704.<\/li>\n<\/ul>\n\n\n\n<h3 class=\"wp-block-heading\">Wenn dir dieser Artikel \u00fcber Geschlechtsdysphorie in Kindheit und Jugend gefallen hat, k\u00f6nnten dich auch folgende Beitr\u00e4ge interessieren:<\/h3>\n\n<div class=\"mai-grid entries entries-grid has-boxed has-image-full\" style=\"--entry-title-font-size:var(--font-size-lg);--align-text:start;--entry-meta-text-align:start;\"><div class=\"entries-wrap has-columns\" style=\"--columns-xs:1\/1;--columns-sm:1\/1;--columns-md:1\/3;--columns-lg:1\/3;--flex-xs:0 0 var(--flex-basis);--flex-sm:0 0 var(--flex-basis);--flex-md:0 0 var(--flex-basis);--flex-lg:0 0 var(--flex-basis);--column-gap:var(--spacing-lg);--row-gap:var(--spacing-lg);--align-columns:start;\"><article class=\"entry entry-grid is-column has-entry-link has-image has-image-first type-post category-aktivitaten-der-exekutivfunktionen tag-aktivitaten-zur-kognitiven-stimulation tag-aktivitaten-zur-kognitiven-stimulation-fur-erwachsene tag-erwachsene tag-exekutive-funktionen tag-neuronup-nachrichten\" style=\"--entry-index:1;\" aria-label=\"Inhibitionsspiel f\u00fcr Erwachsene: Kategorien gegen die Uhr\" itemscope itemtype=\"https:\/\/schema.org\/CreativeWork\"><a class=\"entry-image-link\" href=\"https:\/\/neuronup.com\/de\/aktivitaten-fur-neurorehabilitation\/aktivitaten-fur-kognitive-funktionen\/aktivitaten-der-exekutivfunktionen\/impulskontrollspiel-fur-erwachsene-kategorien-gegen-die-uhr\/\" tabindex=\"-1\" aria-hidden=\"true\"><img decoding=\"async\" width=\"400\" height=\"225\" src=\"https:\/\/neuronup.com\/de\/wp-content\/uploads\/2024\/03\/Categorias-a-contrarreloj-NeuronUP.webp\" class=\"entry-image size-landscape-sm\" alt=\"Kategorien im Schnellvergleich neue Aktivit\u00e4t NeuronUP\" srcset=\"https:\/\/neuronup.com\/de\/wp-content\/uploads\/2024\/03\/Categorias-a-contrarreloj-NeuronUP-300x169.webp 300w, https:\/\/neuronup.com\/de\/wp-content\/uploads\/2024\/03\/Categorias-a-contrarreloj-NeuronUP-768x432.webp 768w, https:\/\/neuronup.com\/de\/wp-content\/uploads\/2024\/03\/Categorias-a-contrarreloj-NeuronUP-1024x576.webp 1024w, https:\/\/neuronup.com\/de\/wp-content\/uploads\/2024\/03\/Categorias-a-contrarreloj-NeuronUP.webp 1199w\" sizes=\"(max-width:599px) 599px, (min-width:600px) and (max-width: 799px) 799px, (min-width:800px) and (max-width: 999px) 333px, (min-width:1000px) 400px\" \/><\/a><div class=\"entry-wrap entry-wrap-grid\"><h3 class=\"entry-title\" itemprop=\"headline\"><a class=\"entry-title-link\" href=\"https:\/\/neuronup.com\/de\/aktivitaten-fur-neurorehabilitation\/aktivitaten-fur-kognitive-funktionen\/aktivitaten-der-exekutivfunktionen\/impulskontrollspiel-fur-erwachsene-kategorien-gegen-die-uhr\/\" rel=\"bookmark\">Inhibitionsspiel f\u00fcr Erwachsene: Kategorien gegen die Uhr<\/a><\/h3>\n<\/div><\/article><article class=\"entry entry-grid is-column has-entry-link has-image has-image-first type-post category-aktivitaten-fur-neurorehabilitation category-aktivitaten-fur-normale-alterserscheinungen tag-aktivitaten-zur-kognitiven-stimulation tag-altere-erwachsene tag-normales-altern\" style=\"--entry-index:2;\" aria-label=\"7 \u00dcbungen zur kognitiven Stimulation f\u00fcr Senioren\" itemscope itemtype=\"https:\/\/schema.org\/CreativeWork\"><a class=\"entry-image-link\" href=\"https:\/\/neuronup.com\/de\/aktivitaten-fur-neurorehabilitation\/kognitive-stimulierung-fur-senioren-ubungen-zur-kognitiven-stimulierung-fur-senioren\/\" tabindex=\"-1\" aria-hidden=\"true\"><img decoding=\"async\" width=\"400\" height=\"300\" src=\"https:\/\/neuronup.com\/de\/wp-content\/uploads\/2024\/10\/Actividad-Separa-los-bichos.webp\" class=\"entry-image size-landscape-sm\" alt=\"Aktivit\u00e4t: Trenne die Insekten\" srcset=\"https:\/\/neuronup.com\/de\/wp-content\/uploads\/2024\/10\/Actividad-Separa-los-bichos-300x226.webp 300w, https:\/\/neuronup.com\/de\/wp-content\/uploads\/2024\/10\/Actividad-Separa-los-bichos-768x578.webp 768w, https:\/\/neuronup.com\/de\/wp-content\/uploads\/2024\/10\/Actividad-Separa-los-bichos-1024x771.webp 1024w, https:\/\/neuronup.com\/de\/wp-content\/uploads\/2024\/10\/Actividad-Separa-los-bichos.webp 1200w\" sizes=\"(max-width:599px) 599px, (min-width:600px) and (max-width: 799px) 799px, (min-width:800px) and (max-width: 999px) 333px, (min-width:1000px) 400px\" \/><\/a><div class=\"entry-wrap entry-wrap-grid\"><h3 class=\"entry-title\" itemprop=\"headline\"><a class=\"entry-title-link\" href=\"https:\/\/neuronup.com\/de\/aktivitaten-fur-neurorehabilitation\/kognitive-stimulierung-fur-senioren-ubungen-zur-kognitiven-stimulierung-fur-senioren\/\" rel=\"bookmark\">7 \u00dcbungen zur kognitiven Stimulation f\u00fcr Senioren<\/a><\/h3>\n<\/div><\/article><article class=\"entry entry-grid is-column has-entry-link has-image has-image-first type-post category-neuronup-nachrichten tag-neuronup-nachrichten\" style=\"--entry-index:3;\" aria-label=\"Marcos R\u00edos-Lago, eine Autorit\u00e4t in der Neuropsychologie, schlie\u00dft sich NeuronUP an\" itemscope itemtype=\"https:\/\/schema.org\/CreativeWork\"><a class=\"entry-image-link\" href=\"https:\/\/neuronup.com\/de\/neuronup-nachrichten\/marcos-rios-lago-autoritat-in-der-neuropsychologie-schliet-sich-neuronup-an\/\" tabindex=\"-1\" aria-hidden=\"true\"><img decoding=\"async\" width=\"400\" height=\"200\" src=\"https:\/\/neuronup.com\/de\/wp-content\/uploads\/2025\/03\/marcos-rios-lago.webp\" class=\"entry-image size-landscape-sm\" alt=\"Marcos R\u00edos NeuronUP\" srcset=\"https:\/\/neuronup.com\/de\/wp-content\/uploads\/2025\/03\/marcos-rios-lago-300x150.webp 300w, https:\/\/neuronup.com\/de\/wp-content\/uploads\/2025\/03\/marcos-rios-lago-768x384.webp 768w, https:\/\/neuronup.com\/de\/wp-content\/uploads\/2025\/03\/marcos-rios-lago-1024x512.webp 1024w, https:\/\/neuronup.com\/de\/wp-content\/uploads\/2025\/03\/marcos-rios-lago.webp 1350w\" sizes=\"(max-width:599px) 599px, (min-width:600px) and (max-width: 799px) 799px, (min-width:800px) and (max-width: 999px) 333px, (min-width:1000px) 400px\" \/><\/a><div class=\"entry-wrap entry-wrap-grid\"><h3 class=\"entry-title\" itemprop=\"headline\"><a class=\"entry-title-link\" href=\"https:\/\/neuronup.com\/de\/neuronup-nachrichten\/marcos-rios-lago-autoritat-in-der-neuropsychologie-schliet-sich-neuronup-an\/\" rel=\"bookmark\">Marcos R\u00edos-Lago, eine Autorit\u00e4t in der Neuropsychologie, schlie\u00dft sich NeuronUP an<\/a><\/h3>\n<\/div><\/article><article class=\"entry entry-grid is-column has-entry-link has-image has-image-first type-post category-neurologische-entwicklungsstorungen tag-adhs tag-autismus tag-down-syndrom tag-exekutive-funktionen tag-intellektuelle-behinderung tag-neuroentwicklungsstorungen tag-sprache\" style=\"--entry-index:4;\" aria-label=\"St\u00f6rungen der kindlichen Neuroentwicklung und ihre neuropsychologischen Auswirkungen\" itemscope itemtype=\"https:\/\/schema.org\/CreativeWork\"><a class=\"entry-image-link\" href=\"https:\/\/neuronup.com\/de\/kognitive-stimulation-und-rehabilitation\/neurologische-entwicklungsstorungen\/die-storungen-der-kindlichen-neuroentwicklung-und-ihre-neuropsychologischen-auswirkungen\/\" tabindex=\"-1\" aria-hidden=\"true\"><img decoding=\"async\" width=\"400\" height=\"267\" src=\"https:\/\/neuronup.com\/de\/wp-content\/uploads\/2022\/03\/young-woman-doing-speech-therapy-with-kids.webp\" class=\"entry-image size-landscape-sm\" alt=\"Frau mit Kindern, die Aktivit\u00e4ten zur kindlichen Neuroentwicklung durchf\u00fchren\" srcset=\"https:\/\/neuronup.com\/de\/wp-content\/uploads\/2022\/03\/young-woman-doing-speech-therapy-with-kids-300x200.webp 300w, https:\/\/neuronup.com\/de\/wp-content\/uploads\/2022\/03\/young-woman-doing-speech-therapy-with-kids-768x512.webp 768w, https:\/\/neuronup.com\/de\/wp-content\/uploads\/2022\/03\/young-woman-doing-speech-therapy-with-kids.webp 1000w\" sizes=\"(max-width:599px) 599px, (min-width:600px) and (max-width: 799px) 799px, (min-width:800px) and (max-width: 999px) 333px, (min-width:1000px) 400px\" \/><\/a><div class=\"entry-wrap entry-wrap-grid\"><h3 class=\"entry-title\" itemprop=\"headline\"><a class=\"entry-title-link\" href=\"https:\/\/neuronup.com\/de\/kognitive-stimulation-und-rehabilitation\/neurologische-entwicklungsstorungen\/die-storungen-der-kindlichen-neuroentwicklung-und-ihre-neuropsychologischen-auswirkungen\/\" rel=\"bookmark\">St\u00f6rungen der kindlichen Neuroentwicklung und ihre neuropsychologischen Auswirkungen<\/a><\/h3>\n<\/div><\/article><article class=\"entry entry-grid is-column has-entry-link has-image has-image-first type-post category-psychische-erkrankung tag-soziale-kognition\" style=\"--entry-index:5;\" aria-label=\"Buch \u00fcber Neurokognition, Sozialkognition und Metakognition bei Psychosen\" itemscope itemtype=\"https:\/\/schema.org\/CreativeWork\"><a class=\"entry-image-link\" href=\"https:\/\/neuronup.com\/de\/kognitive-stimulation-und-rehabilitation\/psychische-erkrankung\/buch-der-neurokognition-sozialkognition-und-metakognition-bei-psychosen\/\" tabindex=\"-1\" aria-hidden=\"true\"><img decoding=\"async\" width=\"304\" height=\"300\" src=\"https:\/\/neuronup.com\/de\/wp-content\/uploads\/2023\/03\/Libro-neurocognicion.webp\" class=\"entry-image size-landscape-sm\" alt=\"Buch \u00fcber Neurokognition, soziale Kognition und Metakognition in Psychosen. Buch \u00fcber das Gehirn.\" srcset=\"https:\/\/neuronup.com\/de\/wp-content\/uploads\/2023\/03\/Libro-neurocognicion-300x296.webp 300w, https:\/\/neuronup.com\/de\/wp-content\/uploads\/2023\/03\/Libro-neurocognicion-768x757.webp 768w, https:\/\/neuronup.com\/de\/wp-content\/uploads\/2023\/03\/Libro-neurocognicion-1024x1009.webp 1024w, https:\/\/neuronup.com\/de\/wp-content\/uploads\/2023\/03\/Libro-neurocognicion.webp 1200w\" sizes=\"(max-width:599px) 599px, (min-width:600px) and (max-width: 799px) 799px, (min-width:800px) and (max-width: 999px) 333px, (min-width:1000px) 400px\" \/><\/a><div class=\"entry-wrap entry-wrap-grid\"><h3 class=\"entry-title\" itemprop=\"headline\"><a class=\"entry-title-link\" href=\"https:\/\/neuronup.com\/de\/kognitive-stimulation-und-rehabilitation\/psychische-erkrankung\/buch-der-neurokognition-sozialkognition-und-metakognition-bei-psychosen\/\" rel=\"bookmark\">Buch \u00fcber Neurokognition, Sozialkognition und Metakognition bei Psychosen<\/a><\/h3>\n<\/div><\/article><article class=\"entry entry-grid is-column has-entry-link has-image has-image-first type-post category-aktivitaten-fur-kinder-mit-besonderen-bedurfnissen tag-aktivitaten-zur-kognitiven-stimulation tag-aktivitaten-zur-kognitiven-stimulation-fur-kinder tag-kinder tag-neuroentwicklungsstorungen\" style=\"--entry-index:6;\" aria-label=\"Das Lernen bei Sch\u00fclerinnen und Sch\u00fclern mit sonderp\u00e4dagogischem F\u00f6rderbedarf\" itemscope itemtype=\"https:\/\/schema.org\/CreativeWork\"><a class=\"entry-image-link\" href=\"https:\/\/neuronup.com\/de\/aktivitaten-fur-neurorehabilitation\/aktivitaten-fur-kinder-mit-besonderen-bedurfnissen\/das-lernen-bei-schulern-mit-sonderpadagogischem-forderbedarf\/\" tabindex=\"-1\" aria-hidden=\"true\"><img decoding=\"async\" width=\"400\" height=\"286\" src=\"https:\/\/neuronup.com\/de\/wp-content\/uploads\/2023\/10\/Nina-con-necesidades-educativas-especiales-1.webp\" class=\"entry-image size-landscape-sm\" alt=\"Das Lernen von Sch\u00fclern mit sonderp\u00e4dagogischem Bedarf\" srcset=\"https:\/\/neuronup.com\/de\/wp-content\/uploads\/2023\/10\/Nina-con-necesidades-educativas-especiales-1-300x214.webp 300w, https:\/\/neuronup.com\/de\/wp-content\/uploads\/2023\/10\/Nina-con-necesidades-educativas-especiales-1-768x548.webp 768w, https:\/\/neuronup.com\/de\/wp-content\/uploads\/2023\/10\/Nina-con-necesidades-educativas-especiales-1-1024x731.webp 1024w, https:\/\/neuronup.com\/de\/wp-content\/uploads\/2023\/10\/Nina-con-necesidades-educativas-especiales-1.webp 1200w\" sizes=\"(max-width:599px) 599px, (min-width:600px) and (max-width: 799px) 799px, (min-width:800px) and (max-width: 999px) 333px, (min-width:1000px) 400px\" \/><\/a><div class=\"entry-wrap entry-wrap-grid\"><h3 class=\"entry-title\" itemprop=\"headline\"><a class=\"entry-title-link\" href=\"https:\/\/neuronup.com\/de\/aktivitaten-fur-neurorehabilitation\/aktivitaten-fur-kinder-mit-besonderen-bedurfnissen\/das-lernen-bei-schulern-mit-sonderpadagogischem-forderbedarf\/\" rel=\"bookmark\">Das Lernen bei Sch\u00fclerinnen und Sch\u00fclern mit sonderp\u00e4dagogischem F\u00f6rderbedarf<\/a><\/h3>\n<\/div><\/article><\/div><\/div>\n\n\n<div style=\"height:50px\" aria-hidden=\"true\" class=\"wp-block-spacer\"><\/div>\n\n\n\n<p class=\"has-sm-font-size\">Dieser Artikel wurde \u00fcbersetzt; Link zum Originalartikel auf Spanisch:<br \/><a href=\"https:\/\/neuronup.com\/neurociencia\/cerebro-neurociencia\/disforia-de-genero\/disforia-de-genero-en-la-infancia-y-la-adolescencia\/\" data-type=\"link\" data-id=\"https:\/\/neuronup.com\/neurociencia\/cerebro-neurociencia\/disforia-de-genero\/disforia-de-genero-en-la-infancia-y-la-adolescencia\/\"><em>Disforia de g\u00e9nero en la infancia y la adolescencia. Tratamientos y consecuencias psicosociales<\/em><\/a><\/p>\n\n","protected":false},"excerpt":{"rendered":"<p>Wei\u00dft du, was Geschlechtsdysphorie ist? Und was sind die Ursachen, Behandlungen und psychosozialen Folgen, die diese Menschen erleben? Die Neuropsychologin Daniela Ramos erkl\u00e4rt es dir in diesem Artikel. Unterschied zwischen Sex und Gender Eine transgeschlechtliche Person ist jemand, der eine Diskrepanz zwischen dem biologischen Geschlecht und seiner Geschlechtsidentit\u00e4t empfindet. Oft werden die Begriffe Sex und &hellip;<\/p>\n","protected":false},"author":197,"featured_media":38876,"comment_status":"open","ping_status":"closed","sticky":false,"template":"","format":"standard","meta":{"_acf_changed":false,"_genesis_hide_title":false,"_genesis_hide_breadcrumbs":false,"_genesis_hide_singular_image":false,"_genesis_hide_footer_widgets":false,"_genesis_custom_body_class":"","_genesis_custom_post_class":"","_genesis_layout":"","footnotes":""},"categories":[68],"tags":[109],"class_list":{"2":"type-post","7":"category-geschlechtsdysphorie","8":"tag-kinder","9":"entry"},"acf":[],"_links":{"self":[{"href":"https:\/\/neuronup.com\/de\/wp-json\/wp\/v2\/posts\/11099","targetHints":{"allow":["GET"]}}],"collection":[{"href":"https:\/\/neuronup.com\/de\/wp-json\/wp\/v2\/posts"}],"about":[{"href":"https:\/\/neuronup.com\/de\/wp-json\/wp\/v2\/types\/post"}],"author":[{"embeddable":true,"href":"https:\/\/neuronup.com\/de\/wp-json\/wp\/v2\/users\/197"}],"replies":[{"embeddable":true,"href":"https:\/\/neuronup.com\/de\/wp-json\/wp\/v2\/comments?post=11099"}],"version-history":[{"count":0,"href":"https:\/\/neuronup.com\/de\/wp-json\/wp\/v2\/posts\/11099\/revisions"}],"wp:featuredmedia":[{"embeddable":true,"href":"https:\/\/neuronup.com\/de\/wp-json\/wp\/v2\/media\/38876"}],"wp:attachment":[{"href":"https:\/\/neuronup.com\/de\/wp-json\/wp\/v2\/media?parent=11099"}],"wp:term":[{"taxonomy":"category","embeddable":true,"href":"https:\/\/neuronup.com\/de\/wp-json\/wp\/v2\/categories?post=11099"},{"taxonomy":"post_tag","embeddable":true,"href":"https:\/\/neuronup.com\/de\/wp-json\/wp\/v2\/tags?post=11099"}],"curies":[{"name":"wp","href":"https:\/\/api.w.org\/{rel}","templated":true}]}}