{"id":8888,"date":"2022-01-14T13:55:21","date_gmt":"2022-01-14T11:55:21","guid":{"rendered":"https:\/\/neuronup.com\/?p=8888"},"modified":"2022-01-14T13:55:21","modified_gmt":"2022-01-14T11:55:21","slug":"exercicio-para-trabalhar-a-memoria-episodica-com-criancas","status":"publish","type":"post","link":"https:\/\/neuronup.com\/br\/atividades-de-neurorreabilitacao\/para-funcoes-cognitivas\/de-memoria\/exercicio-para-trabalhar-a-memoria-episodica-com-criancas\/","title":{"rendered":"Exerc\u00edcio para trabalhar a mem\u00f3ria epis\u00f3dica com crian\u00e7as"},"content":{"rendered":"\n<p class=\"wp-block-paragraph\">J\u00e1 est\u00e1 aqui a primeira atividade de 2022 da NeuronUP! Coincidindo com S\u00e3o Ant\u00e3o, o padroeiro dos animais, lan\u00e7amos <em>O primeiro cachorro<\/em>, um <strong>exerc\u00edcio para trabalhar a mem\u00f3ria epis\u00f3dica com crian\u00e7as<\/strong>.<\/p>\n\n\n<div class=\"wp-block-image image-interface\">\n<figure class=\"aligncenter size-full\"><img decoding=\"async\" width=\"1200\" height=\"675\" src=\"https:\/\/neuronup.com\/br\/wp-content\/uploads\/2022\/01\/Actividades-NeuronUP-El-primer-perro.webp\" alt=\"Tela do jogo com 20 c\u00e3es marrons sobre fundo verde; c\u00e3o m\u00f3vel para apontar e controles na parte inferior.\" class=\"wp-image-45417\" srcset=\"https:\/\/neuronup.com\/br\/wp-content\/uploads\/2022\/01\/Actividades-NeuronUP-El-primer-perro-300x169.webp 300w, https:\/\/neuronup.com\/br\/wp-content\/uploads\/2022\/01\/Actividades-NeuronUP-El-primer-perro-768x432.webp 768w, https:\/\/neuronup.com\/br\/wp-content\/uploads\/2022\/01\/Actividades-NeuronUP-El-primer-perro-1024x576.webp 1024w, https:\/\/neuronup.com\/br\/wp-content\/uploads\/2022\/01\/Actividades-NeuronUP-El-primer-perro.webp 1200w\" sizes=\"(max-width: 1200px) 100vw, 1200px\" \/><\/figure>\n<\/div>\n\n\n<h2 class=\"wp-block-heading\">Em que consiste?<\/h2>\n\n\n\n<p class=\"wp-block-paragraph\">Este jogo consiste em <strong>memorizar O primeiro cachorro que se move<\/strong> de uma s\u00e9rie. A crian\u00e7a deve lembrar-se dele e apont\u00e1-lo.  No v\u00eddeo a seguir mostramos como se joga: <\/p>\n\n\n\n<figure class=\"wp-block-video aligncenter image-interface\"><video height=\"600\" style=\"aspect-ratio: 1200 \/ 600;\" width=\"1200\" autoplay controls loop muted src=\"https:\/\/neuronup.com\/br\/wp-content\/uploads\/2026\/02\/Atividade-da-NeuronUP-O-primeiro-cachorro-El-primer-perro.webm\" playsinline><\/video><figcaption class=\"wp-element-caption\">Atividade da NeuronUP: O primeiro cachorro.<\/figcaption><\/figure>\n\n\n\n<h2 class=\"wp-block-heading\">O que esta atividade trabalha?<\/h2>\n\n\n\n<p class=\"wp-block-paragraph\">Esta atividade da NeuronUP trabalha a <strong>mem\u00f3ria epis\u00f3dica<\/strong> e a <strong>inibi\u00e7\u00e3o.<\/strong><\/p>\n\n\n\n<h3 class=\"wp-block-heading\">Jogar por n\u00edveis<\/h3>\n\n\n\n<p class=\"wp-block-paragraph\">O jogo est\u00e1 dividido em fases. Sendo a fase 1 a mais f\u00e1cil e a 9 a mais complicada.<\/p>\n\n\n\n<p class=\"wp-block-paragraph\"><strong>O usu\u00e1rio subir\u00e1 ou descer\u00e1 de n\u00edvel automaticamente<\/strong> conforme seus acertos ou erros. Al\u00e9m disso, o profissional pode escolher a fase manualmente.<\/p>\n\n\n\n<h3 class=\"wp-block-heading\">Personaliza\u00e7\u00e3o da atividade<\/h3>\n\n\n\n<p class=\"wp-block-paragraph\">Al\u00e9m disso, podem ser criadas fases personalizadas para adapt\u00e1-las \u00e0s necessidades espec\u00edficas de cada crian\u00e7a.<\/p>\n\n\n\n<h4 class=\"wp-block-heading\">Par\u00e2metros<\/h4>\n\n\n\n<p class=\"wp-block-paragraph\">Neste exerc\u00edcio para trabalhar a mem\u00f3ria epis\u00f3dica com crian\u00e7as poderemos delimitar alguns par\u00e2metros da atividade como:<\/p>\n\n\n\n<ul class=\"wp-block-list\">\n<li>O tamanho da matriz.<\/li>\n\n\n\n<li>o n\u00famero de c\u00e3es que se movem.<\/li>\n\n\n\n<li>tempo de memoriza\u00e7\u00e3o.<\/li>\n<\/ul>\n\n\n<div class=\"wp-block-image image-interface\">\n<figure class=\"aligncenter size-full\"><img decoding=\"async\" width=\"678\" height=\"462\" src=\"https:\/\/neuronup.com\/br\/wp-content\/uploads\/2022\/01\/Parametros-El-primer-perro-actividad-de-NeuronUP-1.webp\" alt=\"Interface educativa em azul claro com duas se\u00e7\u00f5es: entrada de linhas e colunas, etiqueta 6 c\u00e3es e bot\u00e3o Finalizar.\" class=\"wp-image-8897\" srcset=\"https:\/\/neuronup.com\/br\/wp-content\/uploads\/2022\/01\/Parametros-El-primer-perro-actividad-de-NeuronUP-1-300x204.webp 300w, https:\/\/neuronup.com\/br\/wp-content\/uploads\/2022\/01\/Parametros-El-primer-perro-actividad-de-NeuronUP-1.webp 678w\" sizes=\"(max-width: 678px) 100vw, 678px\" \/><figcaption class=\"wp-element-caption\">Par\u00e2metros <em>O primeiro cachorro<\/em> atividade da NeuronUP<\/figcaption><\/figure>\n<\/div>\n\n\n<h4 class=\"wp-block-heading\">Aspectos gerais<\/h4>\n\n\n\n<p class=\"wp-block-paragraph\">Voc\u00ea poder\u00e1 escolher outros aspectos gerais, como:<\/p>\n\n\n\n<ul id=\"block-b0deb714-48e8-4114-8347-017d2cec6845\" class=\"wp-block-list\">\n<li>O n\u00famero de exerc\u00edcios,<\/li>\n\n\n\n<li>o tempo m\u00e1ximo,<\/li>\n\n\n\n<li>se deseja ou n\u00e3o cron\u00f4metro vis\u00edvel para a atividade,<\/li>\n\n\n\n<li>se deseja incluir aviso de inatividade ou n\u00e3o,<\/li>\n\n\n\n<li>modificar as instru\u00e7\u00f5es de realiza\u00e7\u00e3o.<\/li>\n<\/ul>\n\n\n<div class=\"wp-block-image image-interface\">\n<figure class=\"aligncenter size-full\"><img decoding=\"async\" width=\"678\" height=\"488\" src=\"https:\/\/neuronup.com\/br\/wp-content\/uploads\/2022\/01\/aspectos-generales-el-primer-perro-actividad-de-NeuronUP-1.webp\" alt=\"Interface educativa em tons suaves, com pain\u00e9is: exerc\u00edcios, tempo m\u00e1ximo, cron\u00f4metro, \u00e1rea de instru\u00e7\u00f5es e Finalizar.\" class=\"wp-image-8895\" srcset=\"https:\/\/neuronup.com\/br\/wp-content\/uploads\/2022\/01\/aspectos-generales-el-primer-perro-actividad-de-NeuronUP-1-300x216.webp 300w, https:\/\/neuronup.com\/br\/wp-content\/uploads\/2022\/01\/aspectos-generales-el-primer-perro-actividad-de-NeuronUP-1.webp 678w\" sizes=\"(max-width: 678px) 100vw, 678px\" \/><figcaption class=\"wp-element-caption\">Aspectos gerais <em>O primeiro cachorro<\/em> atividade da NeuronUP<\/figcaption><\/figure>\n<\/div>\n\n\n<h2 class=\"wp-block-heading\">Vers\u00e3o para adultos do exerc\u00edcio<\/h2>\n\n\n\n<p class=\"wp-block-paragraph\">O primeiro cachorro \u00e9 a vers\u00e3o infantil da atividade <strong><em>Primeira a voar<\/em>.<\/strong> Neste caso, o adulto ter\u00e1 que estar atento \u00e0s borboletas que movem suas asas porque dever\u00e1 indicar qual foi <strong>a primeira borboleta a mover as asas.<\/strong><\/p>\n\n\n\n<figure class=\"wp-block-video aligncenter image-interface\"><video height=\"600\" style=\"aspect-ratio: 1200 \/ 600;\" width=\"1200\" autoplay controls loop muted src=\"https:\/\/neuronup.com\/br\/wp-content\/uploads\/2026\/02\/Atividade-da-NeuronUP-Primeira-a-voar-Primer-aleteo.webm\" playsinline><\/video><figcaption class=\"wp-element-caption\">Atividade da NeuronUP: Primeira a voar.<\/figcaption><\/figure>\n\n\n\n<h2 class=\"wp-block-heading\">Idiomas dispon\u00edveis<\/h2>\n\n\n\n<p class=\"wp-block-paragraph\">Esta atividade est\u00e1 dispon\u00edvel em espanhol, ingl\u00eas, franc\u00eas e portugu\u00eas.<\/p>\n\n\n\n<p class=\"has-xl-font-size wp-block-paragraph\">Se voc\u00ea gostou deste exerc\u00edcio para trabalhar a mem\u00f3ria epis\u00f3dica com crian\u00e7as, talvez tamb\u00e9m lhe interesse esta informa\u00e7\u00e3o:<\/p>\n\n<div class=\"mai-grid entries entries-grid has-boxed has-image-full\" style=\"--entry-title-font-size:var(--font-size-lg);--align-text:start;--entry-meta-text-align:start;\"><div class=\"entries-wrap has-columns\" style=\"--columns-xs:1 \/ 1;--columns-sm:1 \/ 1;--columns-md:1 \/ 3;--columns-lg:1 \/ 3;--flex-xs:0 0 var(--flex-basis);--flex-sm:0 0 var(--flex-basis);--flex-md:0 0 var(--flex-basis);--flex-lg:0 0 var(--flex-basis);--column-gap:var(--spacing-lg);--row-gap:var(--spacing-lg);--align-columns:start;\"><article class=\"entry entry-grid is-column has-entry-link has-image has-image-first type-post category-doencas-neurodegenerativas tag-demencia tag-enfermedades-neurodegenerativas tag-maiores\" style=\"--entry-index:1;\" aria-label=\"Decl\u00ednio cognitivo leve (DCL) ou dem\u00eancia: diferen\u00e7as cl\u00ednicas, diagn\u00f3stico e estimula\u00e7\u00e3o cognitiva\" itemscope itemtype=\"https:\/\/schema.org\/CreativeWork\"><a class=\"entry-image-link\" href=\"https:\/\/neuronup.com\/br\/noticias-de-estimulacao-cognitiva\/doencas-neurodegenerativas\/deterioro-cognitivo-leve-demencia-diferencas-clinicas-diagnostico-e-estimulacao-cognitiva\/\" tabindex=\"-1\" aria-hidden=\"true\"><img decoding=\"async\" width=\"400\" height=\"300\" src=\"https:\/\/neuronup.com\/br\/wp-content\/uploads\/2025\/05\/Deterioro-cognitivo-leve-o-demencia-diferencias-clinicas-diagnostico-y-estimulacion-cognitiva-400x300.webp\" class=\"entry-image size-landscape-sm\" alt=\"Ilustra\u00e7\u00e3o comparando deteriora\u00e7\u00e3o cognitiva leve e dem\u00eancia, com \u00eanfase em diferen\u00e7as cl\u00ednicas para a avalia\u00e7\u00e3o.\" srcset=\"https:\/\/neuronup.com\/br\/wp-content\/uploads\/2025\/05\/Deterioro-cognitivo-leve-o-demencia-diferencias-clinicas-diagnostico-y-estimulacion-cognitiva-400x300.webp 400w, https:\/\/neuronup.com\/br\/wp-content\/uploads\/2025\/05\/Deterioro-cognitivo-leve-o-demencia-diferencias-clinicas-diagnostico-y-estimulacion-cognitiva-800x600.webp 800w\" sizes=\"(max-width:599px) 599px, (min-width:600px) and (max-width: 799px) 799px, (min-width:800px) and (max-width: 999px) 333px, (min-width:1000px) 400px\" \/><\/a><div class=\"entry-wrap entry-wrap-grid\"><h3 class=\"entry-title\" itemprop=\"headline\"><a class=\"entry-title-link\" href=\"https:\/\/neuronup.com\/br\/noticias-de-estimulacao-cognitiva\/doencas-neurodegenerativas\/deterioro-cognitivo-leve-demencia-diferencas-clinicas-diagnostico-e-estimulacao-cognitiva\/\" rel=\"bookmark\">Decl\u00ednio cognitivo leve (DCL) ou dem\u00eancia: diferen\u00e7as cl\u00ednicas, diagn\u00f3stico e estimula\u00e7\u00e3o cognitiva<\/a><\/h3>\n<\/div><\/article><article class=\"entry entry-grid is-column has-entry-link has-image has-image-first type-post category-dano-cerebral tag-dano-cerebral-adquirido\" style=\"--entry-index:2;\" aria-label=\"Aprendizagem motora: o que \u00e9, fatores, metodologia e objetivo\" itemscope itemtype=\"https:\/\/schema.org\/CreativeWork\"><a class=\"entry-image-link\" href=\"https:\/\/neuronup.com\/br\/noticias-de-estimulacao-cognitiva\/dano-cerebral\/aprendizagem-motora-o-que-e-fatores-metodologia-e-objetivo\/\" tabindex=\"-1\" aria-hidden=\"true\"><img decoding=\"async\" width=\"400\" height=\"300\" src=\"https:\/\/neuronup.com\/br\/wp-content\/uploads\/2021\/10\/cross-section-of-human-brain-tissue-8ALYQ7M-655x427-1-400x300.webp\" class=\"entry-image size-landscape-sm\" alt=\"Estrutura transversal com ramifica\u00e7\u00f5es do tipo rede neural em tons de marrom e dourado, parecida com o tecido cerebral.\" \/><\/a><div class=\"entry-wrap entry-wrap-grid\"><h3 class=\"entry-title\" itemprop=\"headline\"><a class=\"entry-title-link\" href=\"https:\/\/neuronup.com\/br\/noticias-de-estimulacao-cognitiva\/dano-cerebral\/aprendizagem-motora-o-que-e-fatores-metodologia-e-objetivo\/\" rel=\"bookmark\">Aprendizagem motora: o que \u00e9, fatores, metodologia e objetivo<\/a><\/h3>\n<\/div><\/article><article class=\"entry entry-grid is-column has-entry-link has-image has-image-first type-post category-atividades-de-neurorreabilitacao tag-actividades-de-estimulacion-cognitiva tag-actividades-de-estimulacion-cognitiva-para-ninos tag-noticias-de-neuronup\" style=\"--entry-index:3;\" aria-label=\"Descubra as 10 atividades da NeuronUP mais utilizadas para trabalhar com crian\u00e7as\" itemscope itemtype=\"https:\/\/schema.org\/CreativeWork\"><a class=\"entry-image-link\" href=\"https:\/\/neuronup.com\/br\/atividades-de-neurorreabilitacao\/conheca-as-10-atividades-neuronup-mais-utilizadas-para-trabalhar-com-criancas\/\" tabindex=\"-1\" aria-hidden=\"true\"><img decoding=\"async\" width=\"400\" height=\"300\" src=\"https:\/\/neuronup.com\/br\/wp-content\/uploads\/2024\/09\/Juego-de-NeuronUP-para-trabajar-la-relacion-espacial-en-ninos-Parada-en-boxes-400x300.webp\" class=\"entry-image size-landscape-sm\" alt=\"Interface do NeuronUP para rela\u00e7\u00e3o espacial em crian\u00e7as: pista para localizar objetos, com um personagem e controles na parte inferior.\" srcset=\"https:\/\/neuronup.com\/br\/wp-content\/uploads\/2024\/09\/Juego-de-NeuronUP-para-trabajar-la-relacion-espacial-en-ninos-Parada-en-boxes-400x300.webp 400w, https:\/\/neuronup.com\/br\/wp-content\/uploads\/2024\/09\/Juego-de-NeuronUP-para-trabajar-la-relacion-espacial-en-ninos-Parada-en-boxes-800x600.webp 800w\" sizes=\"(max-width:599px) 599px, (min-width:600px) and (max-width: 799px) 799px, (min-width:800px) and (max-width: 999px) 333px, (min-width:1000px) 400px\" \/><\/a><div class=\"entry-wrap entry-wrap-grid\"><h3 class=\"entry-title\" itemprop=\"headline\"><a class=\"entry-title-link\" href=\"https:\/\/neuronup.com\/br\/atividades-de-neurorreabilitacao\/conheca-as-10-atividades-neuronup-mais-utilizadas-para-trabalhar-com-criancas\/\" rel=\"bookmark\">Descubra as 10 atividades da NeuronUP mais utilizadas para trabalhar com crian\u00e7as<\/a><\/h3>\n<\/div><\/article><article class=\"entry entry-grid is-column has-entry-link has-image has-image-first type-post category-eventos tag-congresso\" style=\"--entry-index:4;\" aria-label=\"Global Neuropsychology Congress: o congresso que reuniu o mundo no Porto\" itemscope itemtype=\"https:\/\/schema.org\/CreativeWork\"><a class=\"entry-image-link\" href=\"https:\/\/neuronup.com\/br\/eventos\/global-neuropsychology-congress-conectando-o-mundo-no-porto\/\" tabindex=\"-1\" aria-hidden=\"true\"><img decoding=\"async\" width=\"400\" height=\"300\" src=\"https:\/\/neuronup.com\/br\/wp-content\/uploads\/2024\/07\/IMG_9004-1-400x300.webp\" class=\"entry-image size-landscape-sm\" alt=\"Participantes em uma confer\u00eancia no Porto, com palestrantes e tela de proje\u00e7\u00e3o durante o Congresso Global de Neuropsicologia.\" srcset=\"https:\/\/neuronup.com\/br\/wp-content\/uploads\/2024\/07\/IMG_9004-1-400x300.webp 400w, https:\/\/neuronup.com\/br\/wp-content\/uploads\/2024\/07\/IMG_9004-1-800x600.webp 800w\" sizes=\"(max-width:599px) 599px, (min-width:600px) and (max-width: 799px) 799px, (min-width:800px) and (max-width: 999px) 333px, (min-width:1000px) 400px\" \/><\/a><div class=\"entry-wrap entry-wrap-grid\"><h3 class=\"entry-title\" itemprop=\"headline\"><a class=\"entry-title-link\" href=\"https:\/\/neuronup.com\/br\/eventos\/global-neuropsychology-congress-conectando-o-mundo-no-porto\/\" rel=\"bookmark\">Global Neuropsychology Congress: o congresso que reuniu o mundo no Porto<\/a><\/h3>\n<\/div><\/article><article class=\"entry entry-grid is-column has-entry-link has-image has-image-first type-post category-linhas-de-investigacao tag-investigacion tag-ninos\" style=\"--entry-index:5;\" aria-label=\"Ferramentas digitais na interven\u00e7\u00e3o precoce: o que a evid\u00eancia internacional nos diz\" itemscope itemtype=\"https:\/\/schema.org\/CreativeWork\"><a class=\"entry-image-link\" href=\"https:\/\/neuronup.com\/br\/investigacao\/linhas-de-investigacao\/ferramentas-digitais-na-intervencao-precoce-o-que-a-evidencia-internacional-diz\/\" tabindex=\"-1\" aria-hidden=\"true\"><img decoding=\"async\" width=\"400\" height=\"300\" src=\"https:\/\/neuronup.com\/br\/wp-content\/uploads\/2026\/04\/Evidencia-sobre-las-herramientas-digitales-en-intervencion-temprana.-Como-las-tecnologias-digitales-transforman-la-intervencion-temprana-400x300.webp\" class=\"entry-image size-landscape-sm\" alt=\"Descubra como as tecnologias digitais transformam a interven\u00e7\u00e3o precoce, gra\u00e7as a uma an\u00e1lise baseada em evid\u00eancias de Liapakis (2025) e ao impacto da NeuronUP nas fun\u00e7\u00f5es executivas e na ades\u00e3o cl\u00ednica.\" srcset=\"https:\/\/neuronup.com\/br\/wp-content\/uploads\/2026\/04\/Evidencia-sobre-las-herramientas-digitales-en-intervencion-temprana.-Como-las-tecnologias-digitales-transforman-la-intervencion-temprana-400x300.webp 400w, https:\/\/neuronup.com\/br\/wp-content\/uploads\/2026\/04\/Evidencia-sobre-las-herramientas-digitales-en-intervencion-temprana.-Como-las-tecnologias-digitales-transforman-la-intervencion-temprana-800x600.webp 800w\" sizes=\"(max-width:599px) 599px, (min-width:600px) and (max-width: 799px) 799px, (min-width:800px) and (max-width: 999px) 333px, (min-width:1000px) 400px\" \/><\/a><div class=\"entry-wrap entry-wrap-grid\"><h3 class=\"entry-title\" itemprop=\"headline\"><a class=\"entry-title-link\" href=\"https:\/\/neuronup.com\/br\/investigacao\/linhas-de-investigacao\/ferramentas-digitais-na-intervencao-precoce-o-que-a-evidencia-internacional-diz\/\" rel=\"bookmark\">Ferramentas digitais na interven\u00e7\u00e3o precoce: o que a evid\u00eancia internacional nos diz<\/a><\/h3>\n<\/div><\/article><article class=\"entry entry-grid is-column has-entry-link has-image has-image-first type-post category-doencas-neurodegenerativas tag-doenca-de-alzheimer tag-enfermedades-neurodegenerativas\" style=\"--entry-index:6;\" aria-label=\"Microbiota intestinal e Alzheimer: papel do eixo intestino-c\u00e9rebro na deteriora\u00e7\u00e3o cognitiva\" itemscope itemtype=\"https:\/\/schema.org\/CreativeWork\"><a class=\"entry-image-link\" href=\"https:\/\/neuronup.com\/br\/noticias-de-estimulacao-cognitiva\/doencas-neurodegenerativas\/microbiota-intestinal-e-alzheimer-papel-do-eixo-intestino-cerebro-no-declinio-cognitivo\/\" tabindex=\"-1\" aria-hidden=\"true\"><img decoding=\"async\" width=\"400\" height=\"300\" src=\"https:\/\/neuronup.com\/br\/wp-content\/uploads\/2026\/04\/Microbiota-intestinal-y-alzheimer-papel-del-eje-intestino-cerebro-en-el-deterioro-cognitivo.-Relacion-entre-la-microbiota-intestinal-y-el-deterioro-cognitivo-400x300.webp\" class=\"entry-image size-landscape-sm\" alt=\"Microbiota intestinal e Alzheimer: papel do eixo intestino-c\u00e9rebro no decl\u00ednio cognitivo. Rela\u00e7\u00e3o entre a microbiota intestinal e o decl\u00ednio cognitivo.\" srcset=\"https:\/\/neuronup.com\/br\/wp-content\/uploads\/2026\/04\/Microbiota-intestinal-y-alzheimer-papel-del-eje-intestino-cerebro-en-el-deterioro-cognitivo.-Relacion-entre-la-microbiota-intestinal-y-el-deterioro-cognitivo-400x300.webp 400w, https:\/\/neuronup.com\/br\/wp-content\/uploads\/2026\/04\/Microbiota-intestinal-y-alzheimer-papel-del-eje-intestino-cerebro-en-el-deterioro-cognitivo.-Relacion-entre-la-microbiota-intestinal-y-el-deterioro-cognitivo-800x600.webp 800w\" sizes=\"(max-width:599px) 599px, (min-width:600px) and (max-width: 799px) 799px, (min-width:800px) and (max-width: 999px) 333px, (min-width:1000px) 400px\" \/><\/a><div class=\"entry-wrap entry-wrap-grid\"><h3 class=\"entry-title\" itemprop=\"headline\"><a class=\"entry-title-link\" href=\"https:\/\/neuronup.com\/br\/noticias-de-estimulacao-cognitiva\/doencas-neurodegenerativas\/microbiota-intestinal-e-alzheimer-papel-do-eixo-intestino-cerebro-no-declinio-cognitivo\/\" rel=\"bookmark\">Microbiota intestinal e Alzheimer: papel do eixo intestino-c\u00e9rebro na deteriora\u00e7\u00e3o cognitiva<\/a><\/h3>\n<\/div><\/article><\/div><\/div>","protected":false},"excerpt":{"rendered":"<p>J\u00e1 est\u00e1 aqui a primeira atividade de 2022 da NeuronUP! Coincidindo com S\u00e3o Ant\u00e3o, o padroeiro dos animais, lan\u00e7amos O primeiro cachorro, um exerc\u00edcio para trabalhar a mem\u00f3ria epis\u00f3dica com crian\u00e7as. Em que consiste? Este jogo consiste em memorizar O primeiro cachorro que se move de uma s\u00e9rie. A crian\u00e7a deve lembrar-se dele e apont\u00e1-lo. &hellip;<\/p>\n","protected":false},"author":7,"featured_media":45417,"comment_status":"open","ping_status":"open","sticky":false,"template":"","format":"standard","meta":{"_acf_changed":false,"_genesis_hide_title":false,"_genesis_hide_breadcrumbs":false,"_genesis_hide_singular_image":false,"_genesis_hide_footer_widgets":false,"_genesis_custom_body_class":"","_genesis_custom_post_class":"","_genesis_layout":"","footnotes":""},"categories":[609],"tags":[748,762,596,752,757],"class_list":["type-post","category-de-memoria","tag-actividades-de-estimulacion-cognitiva","tag-actividades-de-estimulacion-cognitiva-para-ninos","tag-memoria","tag-ninos","tag-noticias-de-neuronup","entry"],"acf":[],"_links":{"self":[{"href":"https:\/\/neuronup.com\/br\/wp-json\/wp\/v2\/posts\/8888","targetHints":{"allow":["GET"]}}],"collection":[{"href":"https:\/\/neuronup.com\/br\/wp-json\/wp\/v2\/posts"}],"about":[{"href":"https:\/\/neuronup.com\/br\/wp-json\/wp\/v2\/types\/post"}],"author":[{"embeddable":true,"href":"https:\/\/neuronup.com\/br\/wp-json\/wp\/v2\/users\/7"}],"replies":[{"embeddable":true,"href":"https:\/\/neuronup.com\/br\/wp-json\/wp\/v2\/comments?post=8888"}],"version-history":[{"count":0,"href":"https:\/\/neuronup.com\/br\/wp-json\/wp\/v2\/posts\/8888\/revisions"}],"wp:featuredmedia":[{"embeddable":true,"href":"https:\/\/neuronup.com\/br\/wp-json\/wp\/v2\/media\/45417"}],"wp:attachment":[{"href":"https:\/\/neuronup.com\/br\/wp-json\/wp\/v2\/media?parent=8888"}],"wp:term":[{"taxonomy":"category","embeddable":true,"href":"https:\/\/neuronup.com\/br\/wp-json\/wp\/v2\/categories?post=8888"},{"taxonomy":"post_tag","embeddable":true,"href":"https:\/\/neuronup.com\/br\/wp-json\/wp\/v2\/tags?post=8888"}],"curies":[{"name":"wp","href":"https:\/\/api.w.org\/{rel}","templated":true}]}}