{"id":7149,"date":"2024-10-24T00:30:00","date_gmt":"2024-10-23T22:30:00","guid":{"rendered":"https:\/\/neuronup.com\/br\/?p=7149"},"modified":"2026-01-26T18:17:38","modified_gmt":"2026-01-26T16:17:38","slug":"anosognosia-na-doenca-de-alzheimer","status":"publish","type":"post","link":"https:\/\/neuronup.com\/br\/noticias-de-estimulacao-cognitiva\/doencas-neurodegenerativas\/alzheimer\/anosognosia-na-doenca-de-alzheimer\/","title":{"rendered":"Anosognosia na doen\u00e7a de Alzheimer"},"content":{"rendered":"\n<p class=\"has-large-font-size\">Neste artigo, o neuropsic\u00f3logo \u00c1ngel Mart\u00ednez Nogueras explica <strong>como a anosognosia se manifesta na doen\u00e7a de Alzheimer e seu impacto nas atividades da vida di\u00e1ria.<\/strong><\/p>\n\n\n\n<h2 class=\"wp-block-heading\">O que \u00e9 anosognosia<\/h2>\n\n\n\n<p>Anosognosia ou falta de consci\u00eancia da pr\u00f3pria doen\u00e7a ou defici\u00eancia \u00e9 um sintoma comum em v\u00e1rios dist\u00farbios e doen\u00e7as neurol\u00f3gicas. <strong>As pessoas que sofrem com isso n\u00e3o reconhecem suas pr\u00f3prias limita\u00e7\u00f5es cognitivas ou motoras<\/strong>, embora estas sejam evidentes para os outros. Esta falta de consci\u00eancia n\u00e3o se deve \u00e0 nega\u00e7\u00e3o deliberada ou \u00e0 falta de compreens\u00e3o de si mesmo ou do ambiente, mas sim a uma falha na autopercep\u00e7\u00e3o causada pela les\u00e3o cerebral. Simples de definir, mas dif\u00edcil de entender e tolerar para n\u00f3s que acompanhamos pacientes com anosognosia no dia a dia, inclusive profissionais.<\/p>\n\n\n\n<p>O d\u00e9ficit de consci\u00eancia da doen\u00e7a ou anosognosia \u00e9, junto com a amn\u00e9sia, uma das altera\u00e7\u00f5es que mais gera literatura na <a href=\"https:\/\/neuronup.com\/br\/neurorreabilitacao\/doencas-neurodegenerativas\/doenca-de-alzheimer\/\" data-type=\"link\" data-id=\"https:\/\/neuronup.com\/neurorrehabilitacion\/enfermedades-neurodegenerativas\/enfermedad-de-alzheimer\/\">doen\u00e7a de Alzheimer (DA)<\/a>. Por\u00e9m, <strong>essa aten\u00e7\u00e3o que a anosognosia recebe do campo de pesquisa n\u00e3o foi transferida para o n\u00edvel da rua<\/strong>, ou seja, para o que as fam\u00edlias e profissionais sabem sobre essa altera\u00e7\u00e3o. Na verdade, a maior parte das fam\u00edlias que comparecem \u00e0s consultas de \u201cneuro\u201d fazem-no sem a menor ideia de que possa existir anosognosia. Nem falamos sobre a ideia que eles podem ter sobre a import\u00e2ncia de compreender e administrar isso no ambiente familiar.<\/p>\n\n\n\n<div class=\"wp-block-cover br-1010 has-sm-padding-top has-sm-padding-bottom has-sm-padding-left has-sm-padding-right\"><img decoding=\"async\" width=\"1280\" height=\"768\" sizes=\"(max-width: 600px) 100vw, 50vw\" class=\"wp-block-cover__image-background wp-image-31661 size-large\" alt=\"neuronup illustration background\" src=\"https:\/\/neuronup.com\/br\/wp-content\/uploads\/2024\/10\/neuronup-illustration-background.svg\" data-object-fit=\"cover\"\/><span aria-hidden=\"true\" class=\"wp-block-cover__background has-background-dim\" style=\"background-color:#005767\"><\/span><div class=\"wp-block-cover__inner-container is-layout-constrained wp-block-cover-is-layout-constrained\">\n<p class=\"has-xl-font-size\" style=\"letter-spacing:0.07rem\"><strong>Lan\u00e7amos NeuronUP Assessment!<\/strong><\/p>\n\n\n\n<div class=\"wp-block-columns are-vertically-aligned-center is-layout-flex wp-container-core-columns-is-layout-9d6595d7 wp-block-columns-is-layout-flex\">\n<div class=\"wp-block-column is-vertically-aligned-center has-white-color has-text-color has-link-color wp-elements-bd68cc8433c056f7c59b955812e8ea6c is-layout-flow wp-block-column-is-layout-flow\" style=\"flex-basis:70%\">\n<p class=\"has-no-margin-top has-no-margin-bottom\" style=\"letter-spacing:0.05rem\">O novo produto de Avalia\u00e7\u00e3o da NeuronUP.<\/p>\n\n\n\n<p class=\"has-text-align-left has-no-margin-top has-no-margin-bottom\" style=\"font-size:18px\">Solicite acesso para testar gratuitamente por tempo limitado.<\/p>\n<\/div>\n\n\n\n<div class=\"wp-block-column is-vertically-aligned-center is-layout-flow wp-block-column-is-layout-flow\" style=\"flex-basis:30%\">\n<div class=\"wp-block-buttons is-content-justification-center is-layout-flex wp-container-core-buttons-is-layout-16018d1d wp-block-buttons-is-layout-flex\">\n<div class=\"wp-block-button has-custom-width wp-block-button__width-100\" style=\"--button-color:#01606f;--button-background:var(--color-white);--button-background-hover:#e6e6e6;\"><a class=\"wp-block-button__link button    has-link-color wp-element-button\" href=\"https:\/\/neuronup.com\/br\/neuronup-assessment\/solicitar-acesso\/\" style=\"color:#01606f\"><strong>Solicite acceso<\/strong><\/a><\/div>\n\n<\/div>\n<\/div>\n<\/div>\n<\/div><\/div>\n\n\n\n<h3 class=\"wp-block-heading\">Anosognosia em n\u00fameros<\/h3>\n\n\n\n<p>Embora os n\u00fameros sejam muito vari\u00e1veis, possivelmente porque n\u00e3o h\u00e1 unanimidade na sua abordagem nem uma medida \u201c<em>padr\u00e3o ouro<\/em>\u201d na sua avalia\u00e7\u00e3o, estima-se que entre <strong>20% e 80% dos pacientes com DA apresentar\u00e3o um d\u00e9fice na consci\u00eancia <\/strong>da doen\u00e7a em algum ponto no curso evolutivo da doen\u00e7a (Starkstein, 2014). Se estreitarmos o ponto de vista e focarmos nas fases prodr\u00f4mica e pr\u00e9-cl\u00ednica, ou seja, na fase inicial da doen\u00e7a, a discord\u00e2ncia \u00e9 ainda maior.<\/p>\n\n\n\n<p>Nestes casos, os dados dispon\u00edveis t\u00eam sido muito contradit\u00f3rios, alternando estudos que encontraram evid\u00eancias de anosognosia nas fases iniciais da DA, com outros que n\u00e3o a encontraram (Roberts et al., 2009; Spalletta et al., 2012; Piras et al., 2009; Spalletta et al., 2012; Piras et al., 2009; Spalletta et al., 2012; Piras et al., 2009; Spalletta et al., 2012; Piras et al., 2009; Spalletta et al., 2012; Piras et al. al., 2016). No entanto, aos poucos esta quest\u00e3o est\u00e1 se tornando mais clara, e uma s\u00e9rie de descobertas recentes confirmam sinais de anosognosia em indiv\u00edduos que apresentam <a href=\"https:\/\/neuronup.com\/estimulacion-y-rehabilitacion-cognitiva\/deterioro-cognitivo\/la-rehabilitacion-neuropsicologica-en-el-deterioro-cognitivo-leve\/\" data-type=\"link\" data-id=\"https:\/\/neuronup.com\/estimulacion-y-rehabilitacion-cognitiva\/deterioro-cognitivo\/la-rehabilitacion-neuropsicologica-en-el-deterioro-cognitivo-leve\/\">comprometimento cognitivo leve<\/a> e nas fases pr\u00e9-cl\u00ednica e prodr\u00f4mica da DA (Guieysse et al., 2023).<\/p>\n\n\n\n<p>Estimativas sugerem que pelo menos 10% desses pacientes poderiam apresentar desconhecimento da doen\u00e7a, sendo que esse percentual aumenta gradativamente \u00e0 medida que as sucessivas fases da doen\u00e7a progridem.<\/p>\n\n\n\n<h2 class=\"wp-block-heading\">Anosognosia na doen\u00e7a de Alzheimer<\/h2>\n\n\n\n<p>Este achado de anosognosia precoce n\u00e3o \u00e9 trivial, pois ser\u00e1 um <strong>sinal muito relevante na evolu\u00e7\u00e3o do paciente<\/strong>, e detect\u00e1-lo o mais precocemente poss\u00edvel pode nos alertar sobre o que pode acontecer posteriormente. Neste sentido, a informa\u00e7\u00e3o que est\u00e1 a ser recolhida sobre a anosognosia sugere que a sua presen\u00e7a precoce est\u00e1 relacionada com um maior risco de progress\u00e3o do comprometimento cognitivo ligeiro para Alzheimer, com um pior progn\u00f3stico para a evolu\u00e7\u00e3o da doen\u00e7a, com maior sobrecarga familiar, com um maior gravidade de sintomas psicopatol\u00f3gicos como apatia, del\u00edrios, depress\u00e3o, ansiedade, irritabilidade, agita\u00e7\u00e3o ou desinibi\u00e7\u00e3o e, al\u00e9m disso, com comprometimento cognitivo do tipo amn\u00e9stico e disexecutivo (Starkstein et al., 2006; De Carolis et al., 2015 ; Mak et al., 2015;)<\/p>\n\n\n\n<p>A n\u00edvel neuroanat\u00f3mico, como acontece com qualquer processo cognitivo, <strong>n\u00e3o existe um lugar espec\u00edfico onde reside a capacidade de se tornar autoconsciente<\/strong> da doen\u00e7a ou da sa\u00fade, devemos pensar que esta capacidade ou fun\u00e7\u00e3o emerge da atividade combinada de m\u00faltiplas regi\u00f5es cerebrais, ou seja; , uma rede neural. Dessa forma, a anosognosia seria explicada por uma f<strong>alha no funcionamento ou desconex\u00e3o entre as regi\u00f5es cerebrais <\/strong>envolvidas no acesso, recupera\u00e7\u00e3o e atualiza\u00e7\u00e3o da informa\u00e7\u00e3o (linha m\u00e9dia posterior, temporal medial, c\u00f3rtices parietais inferiores), no seu monitoramento, avalia\u00e7\u00e3o. ou controle (c\u00f3rtices pr\u00e9-frontais medial e lateral), ou em introspec\u00e7\u00e3o e autoconsci\u00eancia (c\u00f3rtex cingulado anterior e posterior e precuneus).<\/p>\n\n\n\n<p>Embora a literatura sobre o assunto seja muito extensa e possa ser suficiente para v\u00e1rios posts de blogs, em geral, estudos de neuroimagem mostram que a anosognosia nos est\u00e1gios iniciais da doen\u00e7a de Alzheimer pode estar relacionada, e n\u00e3o a altera\u00e7\u00f5es estruturais, ao hipometabolismo e \u00e0 hipoconectividade cerebral. regi\u00f5es como o c\u00f3rtex cingulado anterior e posterior, precuneus, lobos temporais mediais bilaterais, lobo temporal lateral direito e c\u00e9rebro basal anterior, ou seja, regi\u00f5es tipicamente relacionadas \u00e0 DA (Starkstein, 2014; Senturk et al., 2017; Vannini et al. al., 2017; Salmon et al., 2023).&nbsp;<\/p>\n\n\n\n<p>At\u00e9 o momento, foi descrito o que \u00e9 a anosognosia e sua neuroanatomia, mas <strong>como a anosognosia emerge da disfun\u00e7\u00e3o cerebral.<\/strong> A n\u00edvel cognitivo, comportamental ou emocional, o que est\u00e1 errado. Existem v\u00e1rias teorias ou formas de explicar os fundamentos da anosognosia, talvez uma das explica\u00e7\u00f5es mais difundidas seja a proposta pelo <strong>Modelo de Consci\u00eancia Cognitiva (CAM)<\/strong>, um modelo cognitivo modular que relaciona a anosognosia a d\u00e9ficits amn\u00e9sticos e executivos.<\/p>\n\n\n\n<p>Em s\u00edntese, segundo o CAM haveria tr\u00eas fatores relacionados \u00e0 anosognosia: um, relacionado ao d\u00e9ficit na consolida\u00e7\u00e3o de informa\u00e7\u00f5es novas e atualizadas sobre si mesmo; outra, relacionada com um d\u00e9fice no processo de compara\u00e7\u00e3o entre as nossas capacidades atuais e passadas; e, o terceiro, com d\u00e9ficit no processo de atualiza\u00e7\u00e3o do estado cognitivo da pessoa.<\/p>\n\n\n\n<p>No entanto, proponho aqui outra ideia interessante que pode expandir o ponto de vista anterior sobre a anosognosia: a hip\u00f3tese mecanicista da via dupla. Esta hip\u00f3tese sugere que tanto os sistemas de monitoriza\u00e7\u00e3o de erros como os sistemas de processamento emocional seriam os elementos-chave para a autoconsci\u00eancia, com diferentes impactos no aparecimento da anosognosia na doen\u00e7a de Alzheimer.<\/p>\n\n\n\n<p>Por um lado, uma falha no sistema de monitoriza\u00e7\u00e3o de erros, que teria um impacto direto na consci\u00eancia do erro, impedindo assim que os pacientes tomem consci\u00eancia da sua doen\u00e7a em caso de falhas mesmo em tarefas simples. Por outro lado, um d\u00e9fice no sistema de processamento emocional, onde os pacientes seriam capazes de detectar os seus erros, mas n\u00e3o lhes atribuir um valor emocional adequado ou compreender as suas consequ\u00eancias e adaptar o seu comportamento como uma resposta ajustada a eles. E, em terceiro lugar, a situa\u00e7\u00e3o mais grave das tr\u00eas, em que falham tanto a monitoriza\u00e7\u00e3o dos erros como o processamento emocional, dando origem a um paciente que n\u00e3o \u00e9 capaz de aprender com os seus erros nem de adaptar o seu comportamento (Andrade et al., 2023).<\/p>\n\n\n\n<h2 class=\"wp-block-heading\">Impacto da anosognosia na vida di\u00e1ria<\/h2>\n\n\n\n<p><strong>Como tudo isso se traduz na vida real? <\/strong>Vejamos o d\u00e9fice de consci\u00eancia da doen\u00e7a na perspectiva de um caso cl\u00ednico real com uma jovem.<\/p>\n\n\n\n<p>Mulher de 61 anos, diagnosticada com doen\u00e7a de Alzheimer aos 58 anos, e que, ap\u00f3s 3 anos de evolu\u00e7\u00e3o desde o diagn\u00f3stico, encontra-se na fase ligeira segundo a Escala de Deteriora\u00e7\u00e3o Global de Reisberg (GDS). Apresenta d\u00e9ficit epis\u00f3dico de mem\u00f3ria anter\u00f3grada, sinais leves de desinibi\u00e7\u00e3o, desconfian\u00e7a, dist\u00farbios do sono, labilidade emocional, epis\u00f3dio isolado de desorienta\u00e7\u00e3o espacial e d\u00e9ficit de consci\u00eancia de sua amn\u00e9sia e de sua capacidade de realizar algumas<a href=\"https:\/\/neuronup.com\/br\/areas-de-intervencao\/atividades-da-vida-diaria-avds\/\" data-type=\"link\" data-id=\"https:\/\/neuronup.com\/areas-de-intervencion\/actividades-de-la-vida-diaria-avds\/\"> atividades da vida di\u00e1ria (AVD)<\/a>.<\/p>\n\n\n\n<p>Ainda independente para todos os AVDs b\u00e1sicos e alguns instrumentais. Dona de casa e boa cozinheira a vida toda, mas agora comete erros na cozinha, esquecendo alguns pratos ou tem ingredientes extras, \u00e0s vezes ela os queima ou deixa crus, em duas ocasi\u00f5es ela se queimou ao colocar os dedos no \u00f3leo quente da panela para virar alguns alimentos, alimentos perec\u00edveis estragam na geladeira (n\u00e3o lembra a data da compra) e acumula v\u00e1rios pacotes do mesmo alimento nos arm\u00e1rios da cozinha, faltando outros usos habituais. Mas ela ainda quer cozinhar e fazer compras, mesmo que esque\u00e7a os produtos da lista de compras antes de sair de casa, h\u00e1 risco de intoxica\u00e7\u00e3o alimentar, ferimentos por cortes e queimaduras, ou de ser roubada ao pagar em certos estabelecimentos.<\/p>\n\n\n\n<p>Os seus familiares preocupados dizem-lhe que est\u00e1 perdendo as faculdades, que j\u00e1 n\u00e3o prepara bem todas as refei\u00e7\u00f5es e que deveria deix\u00e1-los ajud\u00e1-lo na cozinha. Nesses momentos ela nega tudo categoricamente, fica extremamente irritada e nunca reconhece a sua limita\u00e7\u00e3o neste aspecto da vida di\u00e1ria. Em consulta, tamb\u00e9m n\u00e3o reconhece estes d\u00e9fices. Essa situa\u00e7\u00e3o gera discuss\u00f5es cont\u00ednuas, brigas, agress\u00f5es verbais, suspeitas e \u00e9 importante fonte de dist\u00farbios emocionais e sobrecarga para o c\u00f4njuge e filhos.<\/p>\n\n\n\n<p>A anosognosia tem um <strong>impacto profundo na vida quotidiana das pessoas afetadas e das suas fam\u00edlias<\/strong>. Para o indiv\u00edduo com Alzheimer, a falta de consci\u00eancia pode levar a uma falsa sensa\u00e7\u00e3o de seguran\u00e7a, o que aumenta o risco de acidentes e a exposi\u00e7\u00e3o a situa\u00e7\u00f5es perigosas. Para cuidadores e familiares, a anosognosia acrescenta grande carga emocional e desafios pr\u00e1ticos, pois os seus esfor\u00e7os para ajudar ou proteger o seu familiar podem ser rejeitados ou mal interpretados, gerando conflito e frustra\u00e7\u00e3o. Nosso trabalho \u00e9 fazer com que os familiares entendam que sua esposa ou m\u00e3e n\u00e3o se tornou teimosa e que n\u00e3o \u00e9 que eles n\u00e3o queiram reconhecer que precisam de ajuda em casa, \u00e9 que existe um mecanismo neurobiol\u00f3gico quebrado que os impede de fazer isso. assim, o processo de digitaliza\u00e7\u00e3o e fiscaliza\u00e7\u00e3o do estado de sa\u00fade em rela\u00e7\u00e3o \u00e0 realidade. \u00c0s vezes dou-lhes o exemplo de que fazer com que o seu familiar veja a raz\u00e3o \u00e9 como pedir a algu\u00e9m que dirija um carro sem motor. \u00c9 simplesmente imposs\u00edvel.<\/p>\n\n\n\n<h2 class=\"wp-block-heading\">Infogr\u00e1fico sobre Alzheimer<\/h2>\n\n\n<div class=\"wp-block-image\">\n<figure class=\"aligncenter size-large\"><img decoding=\"async\" width=\"410\" height=\"1024\" src=\"https:\/\/neuronup.com\/br\/wp-content\/uploads\/2024\/12\/Infografia-Alzheimer-BR-1-2-410x1024.webp\" alt=\"Infografia sobre Alzheimer com sintomas como perda de mem\u00f3ria, causas prov\u00e1veis e preven\u00e7\u00e3o; destaca recursos do NeuronUP.\" class=\"wp-image-33571\" style=\"object-fit:cover\" srcset=\"https:\/\/neuronup.com\/br\/wp-content\/uploads\/2024\/12\/Infografia-Alzheimer-BR-1-2-120x300.webp 120w, https:\/\/neuronup.com\/br\/wp-content\/uploads\/2024\/12\/Infografia-Alzheimer-BR-1-2-410x1024.webp 410w, https:\/\/neuronup.com\/br\/wp-content\/uploads\/2024\/12\/Infografia-Alzheimer-BR-1-2-768x1920.webp 768w, https:\/\/neuronup.com\/br\/wp-content\/uploads\/2024\/12\/Infografia-Alzheimer-BR-1-2.webp 800w\" sizes=\"(max-width: 410px) 100vw, 410px\" \/><\/figure>\n<\/div>\n\n\n<h2 class=\"wp-block-heading\">Conclus\u00f5es<\/h2>\n\n\n\n<p>A anosognosia nas fases iniciais da doen\u00e7a de Alzheimer pode ser um catalisador para situa\u00e7\u00f5es de dif\u00edcil resolu\u00e7\u00e3o que afetam tanto o paciente como o seu ambiente, uma vez que podemos encontrar uma pessoa com d\u00e9fices cognitivos j\u00e1 percept\u00edveis no seu n\u00edvel de execu\u00e7\u00e3o nas atividades de vida di\u00e1ria, mas que n\u00e3o as reconhece e ainda se mostra uma pessoa ativa, com iniciativa pr\u00f3pria, com independ\u00eancia para realizar as atividades b\u00e1sicas e instrumentais da vida di\u00e1ria, e, muito importante, que ainda mant\u00e9m a ideia de desempenhando um papel ativo no cuidado e na organiza\u00e7\u00e3o da fam\u00edlia. A anosognosia na doen\u00e7a de Alzheimer \u00e9 um desafio complexo, por isso \u00e9 fundamental que os profissionais e familiares compreendam esta condi\u00e7\u00e3o para prestar cuidados adequados e melhorar a qualidade de vida dos pacientes.<\/p>\n\n\n\n<p>Como disse o neurocientista Antonio Damasio: \u201cSomos hist\u00f3rias que contamos a n\u00f3s mesmos\u201d. A anosognosia mostra-nos como estas hist\u00f3rias podem ser distorcidas, com consequ\u00eancias devastadoras para a identidade e as rela\u00e7\u00f5es pessoais.<\/p>\n\n\n\n<h2 class=\"wp-block-heading\">Bibliograf\u00eda<\/h2>\n\n\n\n<ul class=\"wp-block-list has-sm-font-size\">\n<li style=\"font-size:13px\">Andrade, K., Guieysse, T., Medani, T., Koechlin, E., Pantazis, D. y Dubois, B. (2023). La hip\u00f3tesis de la v\u00eda dual para la aparici\u00f3n de anosognosia en la enfermedad de Alzheimer. Frontiers in Neurology , 14 , 1239057.<\/li>\n\n\n\n<li style=\"font-size:13px\">De Carolis, A., Cipollini, V., Corigliano, V., Comparelli, A., Sepe-Monti, M., Orzi, F., &#8230; &amp; Giubilei, F. (2015). Anosognosia in people with cogni-tive impairment: association with cognitive deficits and behavioral dis-turbances. Dementia and geriatric cognitive disorders extra, 5(1), 42-50.<\/li>\n\n\n\n<li style=\"font-size:13px\">Gerretsen, P., Chung, J. K., Shah, P., Plitman, E., Iwata, Y., Caravag-gio, F., &#8230; &amp; Graff-Guerrero, A. (2017). Anosognosia Is an Independent Predictor of Conversion From Mild Cognitive Impairment to Alzheimer&#8217;s Disease and Is Associated With Reduced Brain Metabolism. The Journal of clinical psychiatry, 78(9), e1187-e1196.<\/li>\n\n\n\n<li style=\"font-size:13px\">Guieysse, T., Lamothe, R., Houot, M., Razafimahatratra, S., Medani, T., Lejeune, F. X., Dreyfus, G., Klarsfeld, A., Pantazis, D., Koechlin, E., &amp; Andrade, K. (2023). Detecting Anosognosia from the Prodromal Stage of Alzheimer&#8217;s Disease. Journal of Alzheimer&#8217;s disease: JAD, 95(4), 1723\u20131733. https:\/\/doi.org\/10.3233\/JAD-230552<\/li>\n\n\n\n<li style=\"font-size:13px\">Mak, E., Chin, R., Ng, L. T., Yeo, D., &amp; Hameed, S. (2015). Clinical associations of anosognosia in mild cognitive impairment and Alzhei-mer&#8217;s disease. International journal of geriatric psychiatry, 30(12), 1207-1214.<\/li>\n\n\n\n<li style=\"font-size:13px\">Piras, F., Orfei, M. D., Caltagirone, C., &amp; Spalletta, G. (2016). Self-awareness in mild cognitive impairment: quantitative evidence from systematic review and meta-analysis. Neuroscience &amp; Biobehavioral Reviews, 61, 90-107.<\/li>\n\n\n\n<li style=\"font-size:13px\">Roberts, J. L., Clare, L., &amp; Woods, R. T. (2009). Subjective memory complaints and awareness of memory functioning in mild cognitive im-pairment: a systematic review. Dementia and geriatric cognitive disor-ders, 28(2), 95-109.<\/li>\n\n\n\n<li style=\"font-size:13px\">Salmon, E., Meyer, F., Genon, S., Collette, F., &amp; Bastin, C. (2023). Neural correlates of impaired cognitive processes underlying self-unawareness in Alzheimer\u2019s disease. Cortex.<\/li>\n\n\n\n<li style=\"font-size:13px\">Senturk, G., Bilgic, B., Arslan, A. B., Bayram, A., Hanagasi, H., Gurvit, H., &amp; Emre, M. (2017). Cognitive and anatomical correlates of ano-sognosia in amnestic mild cognitive impairment and early-stage Alzhei-mer&#8217;s disease. International psychogeriatrics, 29(2), 293-302.<\/li>\n\n\n\n<li style=\"font-size:13px\">Spalletta, G., Girardi, P., Caltagirone, C., &amp; Orfei, M. D. (2012). Ano-sognosia and neuropsychiatric symptoms and disorders in mild Alz-heimer disease and mild cognitive impairment. Journal of Alzheimer&#8217;s Disease, 29(4), 761-772.<\/li>\n\n\n\n<li style=\"font-size:13px\">Starkstein, S. E., Jorge, R., Mizrahi, R., &amp; Robinson, R. G. (2006). A diagnostic formulation for anosognosia in Alzheimer\u2019s disease. Journal of Neurology, Neurosurgery &amp; Psychiatry, 77(6), 719-725.<\/li>\n\n\n\n<li style=\"font-size:13px\">Starkstein, S. E. (2014). Anosognosia in Alzheimer&#8217;s disease: diagnosis, frequency, mechanism and clinical correlates. Cortex, 61, 64-73.<\/li>\n\n\n\n<li style=\"font-size:13px\">Vannini, P., Amariglio, R., Hanseeuw, B., Johnson, K. A., McLaren, D. G., Chhatwal, J., &#8230; &amp; Sperling, R. A. (2017). Memory self-awareness in the preclinical and prodromal stages of Alzheimer\u2019s disease. Neuropsy-chologia, 99, 343-349.<\/li>\n<\/ul>\n\n\n\n<h3 class=\"wp-block-heading\">Se voc\u00ea gostou deste artigo sobre anosognosia, <strong>provavelmente se interessar\u00e1 por estes artigos da NeuronUP:<\/strong><\/h3>\n\n\n<div class=\"mai-grid entries entries-grid has-boxed has-image-full\" style=\"--entry-title-font-size:var(--font-size-lg);--align-text:start;--entry-meta-text-align:start;\"><div class=\"entries-wrap has-columns\" style=\"--columns-xs:1\/1;--columns-sm:1\/1;--columns-md:1\/3;--columns-lg:1\/3;--flex-xs:0 0 var(--flex-basis);--flex-sm:0 0 var(--flex-basis);--flex-md:0 0 var(--flex-basis);--flex-lg:0 0 var(--flex-basis);--column-gap:var(--spacing-lg);--row-gap:var(--spacing-lg);--align-columns:start;\"><article class=\"entry entry-grid is-column has-entry-link has-image has-image-first type-post category-alzheimer tag-alzheimer tag-demencia tag-memoria\" style=\"--entry-index:1;\" aria-label=\"A linguagem como fator preditor das dem\u00eancias\" itemscope itemtype=\"https:\/\/schema.org\/CreativeWork\"><a class=\"entry-image-link\" href=\"https:\/\/neuronup.com\/br\/noticias-de-estimulacao-cognitiva\/doencas-neurodegenerativas\/alzheimer\/a-linguagem-como-fator-preditor-das-demencias\/\" tabindex=\"-1\" aria-hidden=\"true\"><img decoding=\"async\" width=\"400\" height=\"267\" src=\"https:\/\/neuronup.com\/br\/wp-content\/uploads\/2023\/11\/El-lenguaje-como-factor-predictor-de-las-demencias-1-2.webp\" class=\"entry-image size-landscape-sm\" alt=\"Ilustra\u00e7\u00e3o art\u00edstica de c\u00e9rebro branco com sulcos e fissuras pretas, parte desintegrando sobre fundo neutro\" srcset=\"https:\/\/neuronup.com\/br\/wp-content\/uploads\/2023\/11\/El-lenguaje-como-factor-predictor-de-las-demencias-1-2-300x200.webp 300w, https:\/\/neuronup.com\/br\/wp-content\/uploads\/2023\/11\/El-lenguaje-como-factor-predictor-de-las-demencias-1-2-768x512.webp 768w, https:\/\/neuronup.com\/br\/wp-content\/uploads\/2023\/11\/El-lenguaje-como-factor-predictor-de-las-demencias-1-2-1024x683.webp 1024w, https:\/\/neuronup.com\/br\/wp-content\/uploads\/2023\/11\/El-lenguaje-como-factor-predictor-de-las-demencias-1-2.webp 1200w\" sizes=\"(max-width:599px) 599px, (min-width:600px) and (max-width: 799px) 799px, (min-width:800px) and (max-width: 999px) 333px, (min-width:1000px) 400px\" \/><\/a><div class=\"entry-wrap entry-wrap-grid\"><h3 class=\"entry-title\" itemprop=\"headline\"><a class=\"entry-title-link\" href=\"https:\/\/neuronup.com\/br\/noticias-de-estimulacao-cognitiva\/doencas-neurodegenerativas\/alzheimer\/a-linguagem-como-fator-preditor-das-demencias\/\" rel=\"bookmark\">A linguagem como fator preditor das dem\u00eancias<\/a><\/h3>\n<\/div><\/article><article class=\"entry entry-grid is-column has-entry-link has-image has-image-first type-post category-alzheimer tag-alzheimer tag-doencas-neurodegenerativas tag-envelhecimento-normal tag-idosos\" style=\"--entry-index:2;\" aria-label=\"Desenvolvimento de atividades significativas para pacientes com dem\u00eancia e envelhecimento saud\u00e1vel\" itemscope itemtype=\"https:\/\/schema.org\/CreativeWork\"><a class=\"entry-image-link\" href=\"https:\/\/neuronup.com\/br\/noticias-de-estimulacao-cognitiva\/doencas-neurodegenerativas\/alzheimer\/design-de-atividades-para-pacientes-com-demencia-e-envelhecimento-saudavel\/\" tabindex=\"-1\" aria-hidden=\"true\"><img decoding=\"async\" width=\"400\" height=\"300\" src=\"https:\/\/neuronup.com\/br\/wp-content\/uploads\/2022\/10\/1202982913070921.Td96AfIJM1Twk8FZADJl_height640-1-1-1-1-1-1-1-1-1-1-1.webp\" class=\"entry-image size-landscape-sm\" alt=\"Tr\u00eas senhoras idosas participam de atividades art\u00edsticas e jogos \u00e0 mesa; ao fundo, janela com cortinas e um teclado.\" srcset=\"https:\/\/neuronup.com\/br\/wp-content\/uploads\/2022\/10\/1202982913070921.Td96AfIJM1Twk8FZADJl_height640-1-1-1-1-1-1-1-1-1-1-1-300x225.webp 300w, https:\/\/neuronup.com\/br\/wp-content\/uploads\/2022\/10\/1202982913070921.Td96AfIJM1Twk8FZADJl_height640-1-1-1-1-1-1-1-1-1-1-1-768x576.webp 768w, https:\/\/neuronup.com\/br\/wp-content\/uploads\/2022\/10\/1202982913070921.Td96AfIJM1Twk8FZADJl_height640-1-1-1-1-1-1-1-1-1-1-1-1024x768.webp 1024w, https:\/\/neuronup.com\/br\/wp-content\/uploads\/2022\/10\/1202982913070921.Td96AfIJM1Twk8FZADJl_height640-1-1-1-1-1-1-1-1-1-1-1.webp 1200w\" sizes=\"(max-width:599px) 599px, (min-width:600px) and (max-width: 799px) 799px, (min-width:800px) and (max-width: 999px) 333px, (min-width:1000px) 400px\" \/><\/a><div class=\"entry-wrap entry-wrap-grid\"><h3 class=\"entry-title\" itemprop=\"headline\"><a class=\"entry-title-link\" href=\"https:\/\/neuronup.com\/br\/noticias-de-estimulacao-cognitiva\/doencas-neurodegenerativas\/alzheimer\/design-de-atividades-para-pacientes-com-demencia-e-envelhecimento-saudavel\/\" rel=\"bookmark\">Desenvolvimento de atividades significativas para pacientes com dem\u00eancia e envelhecimento saud\u00e1vel<\/a><\/h3>\n<\/div><\/article><article class=\"entry entry-grid is-column has-entry-link has-image has-image-first type-post category-alzheimer tag-alzheimer tag-doencas-neurodegenerativas tag-estimulacao-cognitiva tag-idosos\" style=\"--entry-index:3;\" aria-label=\"Detec\u00e7\u00e3o de Alzheimer em idosos\" itemscope itemtype=\"https:\/\/schema.org\/CreativeWork\"><a class=\"entry-image-link\" href=\"https:\/\/neuronup.com\/br\/noticias-de-estimulacao-cognitiva\/doencas-neurodegenerativas\/alzheimer\/deteccao-de-alzheimer-em-adultos-maiores\/\" tabindex=\"-1\" aria-hidden=\"true\"><img decoding=\"async\" width=\"400\" height=\"225\" src=\"https:\/\/neuronup.com\/br\/wp-content\/uploads\/2024\/11\/La-enfermedad-de-alzheimer-como-constructo-clinico-biologico-recomendacion-de-un-grupo-de-trabajo-internacional-NeuronUP-1.webp\" class=\"entry-image size-landscape-sm\" alt=\"Idoso com barba e cabelo brancos monta quebra-cabe\u00e7a, veste camiseta listrada; ao lado, algu\u00e9m oferece apoio em espa\u00e7o claro.\" srcset=\"https:\/\/neuronup.com\/br\/wp-content\/uploads\/2024\/11\/La-enfermedad-de-alzheimer-como-constructo-clinico-biologico-recomendacion-de-un-grupo-de-trabajo-internacional-NeuronUP-1-300x169.webp 300w, https:\/\/neuronup.com\/br\/wp-content\/uploads\/2024\/11\/La-enfermedad-de-alzheimer-como-constructo-clinico-biologico-recomendacion-de-un-grupo-de-trabajo-internacional-NeuronUP-1-768x432.webp 768w, https:\/\/neuronup.com\/br\/wp-content\/uploads\/2024\/11\/La-enfermedad-de-alzheimer-como-constructo-clinico-biologico-recomendacion-de-un-grupo-de-trabajo-internacional-NeuronUP-1-1024x576.webp 1024w, https:\/\/neuronup.com\/br\/wp-content\/uploads\/2024\/11\/La-enfermedad-de-alzheimer-como-constructo-clinico-biologico-recomendacion-de-un-grupo-de-trabajo-internacional-NeuronUP-1.webp 1200w\" sizes=\"(max-width:599px) 599px, (min-width:600px) and (max-width: 799px) 799px, (min-width:800px) and (max-width: 999px) 333px, (min-width:1000px) 400px\" \/><\/a><div class=\"entry-wrap entry-wrap-grid\"><h3 class=\"entry-title\" itemprop=\"headline\"><a class=\"entry-title-link\" href=\"https:\/\/neuronup.com\/br\/noticias-de-estimulacao-cognitiva\/doencas-neurodegenerativas\/alzheimer\/deteccao-de-alzheimer-em-adultos-maiores\/\" rel=\"bookmark\">Detec\u00e7\u00e3o de Alzheimer em idosos<\/a><\/h3>\n<\/div><\/article><article class=\"entry entry-grid is-column has-entry-link has-image has-image-first type-post category-alzheimer tag-alzheimer tag-doencas-neurodegenerativas tag-idosos\" style=\"--entry-index:4;\" aria-label=\"Os restos de um naufr\u00e1gio: mem\u00f3ria afetiva e Alzheimer\" itemscope itemtype=\"https:\/\/schema.org\/CreativeWork\"><a class=\"entry-image-link\" href=\"https:\/\/neuronup.com\/br\/noticias-de-estimulacao-cognitiva\/doencas-neurodegenerativas\/alzheimer\/os-restos-de-um-naufragio-memoria-afetiva-e-alzheimer\/\" tabindex=\"-1\" aria-hidden=\"true\"><img decoding=\"async\" width=\"400\" height=\"266\" src=\"https:\/\/neuronup.com\/br\/wp-content\/uploads\/2021\/11\/Capture-decran-2021-11-11-a-11.47.34-1.webp\" class=\"entry-image size-landscape-sm\" alt=\"Caixa de madeira com fotografias antigas de v\u00e1rios tamanhos, algumas em preto e branco, em ambiente nost\u00e1lgico.\" srcset=\"https:\/\/neuronup.com\/br\/wp-content\/uploads\/2021\/11\/Capture-decran-2021-11-11-a-11.47.34-1-300x199.webp 300w, https:\/\/neuronup.com\/br\/wp-content\/uploads\/2021\/11\/Capture-decran-2021-11-11-a-11.47.34-1-768x510.webp 768w, https:\/\/neuronup.com\/br\/wp-content\/uploads\/2021\/11\/Capture-decran-2021-11-11-a-11.47.34-1-1024x680.webp 1024w, https:\/\/neuronup.com\/br\/wp-content\/uploads\/2021\/11\/Capture-decran-2021-11-11-a-11.47.34-1.webp 1530w\" sizes=\"(max-width:599px) 599px, (min-width:600px) and (max-width: 799px) 799px, (min-width:800px) and (max-width: 999px) 333px, (min-width:1000px) 400px\" \/><\/a><div class=\"entry-wrap entry-wrap-grid\"><h3 class=\"entry-title\" itemprop=\"headline\"><a class=\"entry-title-link\" href=\"https:\/\/neuronup.com\/br\/noticias-de-estimulacao-cognitiva\/doencas-neurodegenerativas\/alzheimer\/os-restos-de-um-naufragio-memoria-afetiva-e-alzheimer\/\" rel=\"bookmark\">Os restos de um naufr\u00e1gio: mem\u00f3ria afetiva e Alzheimer<\/a><\/h3>\n<\/div><\/article><article class=\"entry entry-grid is-column has-entry-link has-image has-image-first type-post category-alzheimer tag-alzheimer tag-doencas-neurodegenerativas tag-memoria tag-reabilitacao-cognitiva\" style=\"--entry-index:5;\" aria-label=\"Reabilita\u00e7\u00e3o cognitiva para pessoas com Alzheimer\" itemscope itemtype=\"https:\/\/schema.org\/CreativeWork\"><a class=\"entry-image-link\" href=\"https:\/\/neuronup.com\/br\/noticias-de-estimulacao-cognitiva\/doencas-neurodegenerativas\/alzheimer\/reabilitacao-cognitiva-para-pessoas-com-alzheimer\/\" tabindex=\"-1\" aria-hidden=\"true\"><img decoding=\"async\" width=\"400\" height=\"267\" src=\"https:\/\/neuronup.com\/br\/wp-content\/uploads\/2021\/11\/providing-care-for-elderly-2021-08-26-22-39-35-utc-1.webp\" class=\"entry-image size-landscape-sm\" alt=\"Duas mulheres em sala interna bem iluminada: idosa segura um tablet enquanto a cuidadora sorri ao lado.\" srcset=\"https:\/\/neuronup.com\/br\/wp-content\/uploads\/2021\/11\/providing-care-for-elderly-2021-08-26-22-39-35-utc-1-300x200.webp 300w, https:\/\/neuronup.com\/br\/wp-content\/uploads\/2021\/11\/providing-care-for-elderly-2021-08-26-22-39-35-utc-1-768x512.webp 768w, https:\/\/neuronup.com\/br\/wp-content\/uploads\/2021\/11\/providing-care-for-elderly-2021-08-26-22-39-35-utc-1-1024x683.webp 1024w, https:\/\/neuronup.com\/br\/wp-content\/uploads\/2021\/11\/providing-care-for-elderly-2021-08-26-22-39-35-utc-1.webp 1200w\" sizes=\"(max-width:599px) 599px, (min-width:600px) and (max-width: 799px) 799px, (min-width:800px) and (max-width: 999px) 333px, (min-width:1000px) 400px\" \/><\/a><div class=\"entry-wrap entry-wrap-grid\"><h3 class=\"entry-title\" itemprop=\"headline\"><a class=\"entry-title-link\" href=\"https:\/\/neuronup.com\/br\/noticias-de-estimulacao-cognitiva\/doencas-neurodegenerativas\/alzheimer\/reabilitacao-cognitiva-para-pessoas-com-alzheimer\/\" rel=\"bookmark\">Reabilita\u00e7\u00e3o cognitiva para pessoas com Alzheimer<\/a><\/h3>\n<\/div><\/article><article class=\"entry entry-grid is-column has-entry-link has-image has-image-first type-post category-alzheimer tag-alzheimer tag-doencas-neurodegenerativas tag-idosos\" style=\"--entry-index:6;\" aria-label=\"Pintando o Alzheimer\" itemscope itemtype=\"https:\/\/schema.org\/CreativeWork\"><a class=\"entry-image-link\" href=\"https:\/\/neuronup.com\/br\/noticias-de-estimulacao-cognitiva\/doencas-neurodegenerativas\/alzheimer\/pintando-o-alzheimer\/\" tabindex=\"-1\" aria-hidden=\"true\"><img decoding=\"async\" width=\"400\" height=\"249\" src=\"https:\/\/neuronup.com\/br\/wp-content\/uploads\/2021\/11\/pintando-el-alzheimer-william-utermohlen.webp\" class=\"entry-image size-landscape-sm\" alt=\"S\u00e9rie de retratos de William Utermohlen em papel, mostrando rostos de homem calvo com express\u00f5es introspectivas e melanc\u00f3licas.\" srcset=\"https:\/\/neuronup.com\/br\/wp-content\/uploads\/2021\/11\/pintando-el-alzheimer-william-utermohlen-300x187.webp 300w, https:\/\/neuronup.com\/br\/wp-content\/uploads\/2021\/11\/pintando-el-alzheimer-william-utermohlen.webp 674w\" sizes=\"(max-width:599px) 599px, (min-width:600px) and (max-width: 799px) 799px, (min-width:800px) and (max-width: 999px) 333px, (min-width:1000px) 400px\" \/><\/a><div class=\"entry-wrap entry-wrap-grid\"><h3 class=\"entry-title\" itemprop=\"headline\"><a class=\"entry-title-link\" href=\"https:\/\/neuronup.com\/br\/noticias-de-estimulacao-cognitiva\/doencas-neurodegenerativas\/alzheimer\/pintando-o-alzheimer\/\" rel=\"bookmark\">Pintando o Alzheimer<\/a><\/h3>\n<\/div><\/article><\/div><\/div>","protected":false},"excerpt":{"rendered":"<p>Neste artigo, o neuropsic\u00f3logo \u00c1ngel Mart\u00ednez Nogueras explica como a anosognosia se manifesta na doen\u00e7a de Alzheimer e seu impacto nas atividades da vida di\u00e1ria. O que \u00e9 anosognosia Anosognosia ou falta de consci\u00eancia da pr\u00f3pria doen\u00e7a ou defici\u00eancia \u00e9 um sintoma comum em v\u00e1rios dist\u00farbios e doen\u00e7as neurol\u00f3gicas. As pessoas que sofrem com isso &hellip;<\/p>\n","protected":false},"author":251,"featured_media":33093,"comment_status":"open","ping_status":"open","sticky":false,"template":"","format":"standard","meta":{"_acf_changed":false,"_genesis_hide_title":false,"_genesis_hide_breadcrumbs":false,"_genesis_hide_singular_image":false,"_genesis_hide_footer_widgets":false,"_genesis_custom_body_class":"","_genesis_custom_post_class":"","_genesis_layout":"","footnotes":""},"categories":[466],"tags":[537],"class_list":{"2":"type-post","7":"category-alzheimer","8":"tag-alzheimer","9":"entry"},"acf":[],"_links":{"self":[{"href":"https:\/\/neuronup.com\/br\/wp-json\/wp\/v2\/posts\/7149","targetHints":{"allow":["GET"]}}],"collection":[{"href":"https:\/\/neuronup.com\/br\/wp-json\/wp\/v2\/posts"}],"about":[{"href":"https:\/\/neuronup.com\/br\/wp-json\/wp\/v2\/types\/post"}],"author":[{"embeddable":true,"href":"https:\/\/neuronup.com\/br\/wp-json\/wp\/v2\/users\/251"}],"replies":[{"embeddable":true,"href":"https:\/\/neuronup.com\/br\/wp-json\/wp\/v2\/comments?post=7149"}],"version-history":[{"count":0,"href":"https:\/\/neuronup.com\/br\/wp-json\/wp\/v2\/posts\/7149\/revisions"}],"wp:featuredmedia":[{"embeddable":true,"href":"https:\/\/neuronup.com\/br\/wp-json\/wp\/v2\/media\/33093"}],"wp:attachment":[{"href":"https:\/\/neuronup.com\/br\/wp-json\/wp\/v2\/media?parent=7149"}],"wp:term":[{"taxonomy":"category","embeddable":true,"href":"https:\/\/neuronup.com\/br\/wp-json\/wp\/v2\/categories?post=7149"},{"taxonomy":"post_tag","embeddable":true,"href":"https:\/\/neuronup.com\/br\/wp-json\/wp\/v2\/tags?post=7149"}],"curies":[{"name":"wp","href":"https:\/\/api.w.org\/{rel}","templated":true}]}}