{"id":7042,"date":"2024-11-05T16:07:35","date_gmt":"2024-11-05T15:07:35","guid":{"rendered":"https:\/\/neuronup.com\/br\/?p=7042"},"modified":"2026-01-26T18:17:35","modified_gmt":"2026-01-26T16:17:35","slug":"as-provas-dos-jogos-paralimpicos-de-2024-e-a-importancia-da-saude-mental","status":"publish","type":"post","link":"https:\/\/neuronup.com\/br\/noticias-de-estimulacao-cognitiva\/doenca-mental\/as-provas-dos-jogos-paralimpicos-de-2024-e-a-importancia-da-saude-mental\/","title":{"rendered":"As provas dos Jogos Paral\u00edmpicos de 2024 e a import\u00e2ncia da sa\u00fade mental"},"content":{"rendered":"\n<p class=\"has-large-font-size\">Neste artigo exploramos as <strong>diferentes provas dos Jogos Paral\u00edmpicos de 2024<\/strong>, detalhando os esportes e categorias espec\u00edficas em que os atletas competiram.<\/p>\n\n\n\n<p>Os Jogos Paraol\u00edmpicos de 2024, que foram realizados em Paris, foram uma vitrine global do atletismo e da resili\u00eancia dos atletas com defici\u00eancia. Este evento destacou as habilidades excepcionais e a determina\u00e7\u00e3o desses atletas atrav\u00e9s de uma variedade de eventos esportivos.<\/p>\n\n\n\n<h2 class=\"wp-block-heading\">Hist\u00f3ria e origens dos Jogos Paral\u00edmpicos<\/h2>\n\n\n\n<p>Os Jogos Paral\u00edmpicos t\u00eam origem em competi\u00e7\u00f5es organizadas para veteranos da Segunda Guerra Mundial. O primeiro evento paral\u00edmpico oficial aconteceu em 1960, em Roma, It\u00e1lia, paralelamente aos Jogos Ol\u00edmpicos. Desde ent\u00e3o, o <strong>Jogos Paral\u00edmpicos tem evolu\u00eddo<\/strong> para incluir uma ampla variedade de esportes e se tornaram um <strong>importante evento na cena esportiva internacional<\/strong>.<\/p>\n\n\n\n<h2 class=\"wp-block-heading\">Esportes Paral\u00edmpicos de Ver\u00e3o nos Jogos Paral\u00edmpicos de 2024<\/h2>\n\n\n\n<p>Os Jogos Paral\u00edmpicos de Ver\u00e3o de 2024 inclu\u00edram<strong> 22 esportes<\/strong>, cada um com diversas categorias baseadas no <strong>tipo e grau de defici\u00eancia <\/strong>dos atletas. Abaixo est\u00e1 uma vis\u00e3o geral dos principais esportes:<\/p>\n\n\n\n<ul class=\"wp-block-list\">\n<li>Basquete em cadeira de rodas<\/li>\n\n\n\n<li>Bocha<\/li>\n\n\n\n<li>Goalball<\/li>\n\n\n\n<li>Esgrima em cadeira de rodas<\/li>\n\n\n\n<li>Futebol para cegos<\/li>\n\n\n\n<li>Atletismo paral\u00edmpico<\/li>\n\n\n\n<li>Remo paral\u00edmpico<\/li>\n\n\n\n<li>Badminton paral\u00edmpico<\/li>\n\n\n\n<li>Canoagem paral\u00edmpica<\/li>\n\n\n\n<li>Ciclismo de pista paral\u00edmpico<\/li>\n\n\n\n<li>Ciclismo de estrada paral\u00edmpico<\/li>\n\n\n\n<li>Paraquestre<\/li>\n\n\n\n<li>Jud\u00f4 paral\u00edmpico<\/li>\n\n\n\n<li>Nata\u00e7\u00e3o paral\u00edmpica<\/li>\n\n\n\n<li>Levantamento de peso paral\u00edmpico<\/li>\n\n\n\n<li>Taekwondo<\/li>\n\n\n\n<li>T\u00eanis de mesa paral\u00edmpico<\/li>\n\n\n\n<li>Tiro com arco paral\u00edmpico<\/li>\n\n\n\n<li>Tiro esportivo paral\u00edmpico<\/li>\n\n\n\n<li>Triatlo paral\u00edmpico<\/li>\n\n\n\n<li>R\u00fagbi em cadeira de rodas<\/li>\n\n\n\n<li>T\u00eanis em cadeira de rodas<\/li>\n\n\n\n<li>V\u00f4lei sentado<\/li>\n<\/ul>\n\n\n\n<h2 class=\"wp-block-heading\">Quais provas as pessoas com defici\u00eancia cognitiva podem exercitar nos Jogos Paral\u00edmpicos?<\/h2>\n\n\n\n<p>Nos Jogos Paral\u00edmpicos, atletas com <strong>defici\u00eancia cognitiva<\/strong>, como <strong>defici\u00eancia intelectual e s\u00edndrome de Down<\/strong>, t\u00eam a oportunidade de praticar diversos esportes adaptados. Estas provas s\u00e3o formuladas para serem<strong> inclusivas e acess\u00edveis<\/strong>, garantindo que todos os atletas possam competir em igualdade de condi\u00e7\u00f5es. Abaixo est\u00e3o alguns dos principais temas dispon\u00edveis:<\/p>\n\n\n\n<h3 class=\"wp-block-heading\">Atletismo paral\u00edmpico<\/h3>\n\n\n\n<p>O atletismo oferece uma ampla variedade de eventos para atletas com defici\u00eancias cognitivas. As categorias s\u00e3o adaptadas para garantir uma concorr\u00eancia leal. Os eventos incluem:<\/p>\n\n\n\n<ul class=\"wp-block-list\">\n<li><strong>Corridas de diferentes dist\u00e2ncias<\/strong>: 100m, 200m, 400m, 800m, e 1500m.<\/li>\n\n\n\n<li><strong>Salto a dist\u00e2ncia<\/strong>: Adaptado para garantir que os atletas possam participar com seguran\u00e7a.<\/li>\n\n\n\n<li><strong>Arremesso de peso<\/strong>: Adaptado para as capacidades f\u00edsicas e cognitivas dos atletas.<\/li>\n<\/ul>\n\n\n\n<h3 class=\"wp-block-heading\">Nata\u00e7\u00e3o paral\u00edmpica<\/h3>\n\n\n\n<p>A nata\u00e7\u00e3o paraol\u00edmpica inclui diversos testes adaptados para atletas com defici\u00eancias cognitivas:<\/p>\n\n\n\n<ul class=\"wp-block-list\">\n<li><strong>Estilo livre<\/strong>: Dist\u00e2ncias de 50m, 100m, e 200m.<\/li>\n\n\n\n<li><strong>Estilo borboleta<\/strong>: Adaptado para diferentes n\u00edveis de habilidade.<\/li>\n\n\n\n<li><strong>Estilo costas e peito<\/strong>: Com regras adaptadas para garantir a participa\u00e7\u00e3o segura e eficaz dos atletas.<\/li>\n<\/ul>\n\n\n\n<h3 class=\"wp-block-heading\">T\u00eanis de mesa paral\u00edmpico<\/h3>\n\n\n\n<p>O t\u00eanis de mesa \u00e9 uma disciplina popular entre atletas com defici\u00eancias cognitivas devido aos seus benef\u00edcios para coordena\u00e7\u00e3o e concentra\u00e7\u00e3o. As regras e equipamentos s\u00e3o ajustados:<\/p>\n\n\n\n<ul class=\"wp-block-list\">\n<li>O tamanho da mesa e das bolas \u00e9 adaptado de acordo com as necessidades dos jogadores.<\/li>\n\n\n\n<li>S\u00e3o disponibilizados treinadores e assistentes que possam auxiliar os atletas durante o jogo.<\/li>\n<\/ul>\n\n\n<div class=\"wp-block-image image-interface\">\n<figure class=\"aligncenter size-full\"><img decoding=\"async\" width=\"1024\" height=\"693\" src=\"https:\/\/neuronup.com\/br\/wp-content\/uploads\/2024\/12\/Atletas-paralimpicos-compitiendo-1024x693-1.webp\" alt=\"Competidores em cadeiras de rodas paral\u00edmpicas correndo na pista, com arquibancada cheia ao fundo e p\u00fablico assistindo.\" class=\"wp-image-33166\" srcset=\"https:\/\/neuronup.com\/br\/wp-content\/uploads\/2024\/12\/Atletas-paralimpicos-compitiendo-1024x693-1-300x203.webp 300w, https:\/\/neuronup.com\/br\/wp-content\/uploads\/2024\/12\/Atletas-paralimpicos-compitiendo-1024x693-1-768x520.webp 768w, https:\/\/neuronup.com\/br\/wp-content\/uploads\/2024\/12\/Atletas-paralimpicos-compitiendo-1024x693-1.webp 1024w\" sizes=\"(max-width: 1024px) 100vw, 1024px\" \/><figcaption class=\"wp-element-caption\">Atletas paral\u00edmpicos competindo.<\/figcaption><\/figure>\n<\/div>\n\n\n<div style=\"height:50px\" aria-hidden=\"true\" class=\"wp-block-spacer\"><\/div>\n\n\n\n<div class=\"wp-block-group br-0111 has-primary-background-color has-background has-dark-background has-sm-padding-top has-sm-padding-left has-sm-padding-right has-xxl-margin-top\"><div class=\"wp-block-group__inner-container is-layout-constrained wp-block-group-is-layout-constrained\">\n<div class=\"wp-block-columns is-layout-flex wp-container-core-columns-is-layout-9d6595d7 wp-block-columns-is-layout-flex\">\n<div class=\"wp-block-column is-layout-flow wp-block-column-is-layout-flow\">\n<figure class=\"wp-block-image size-full desktop-position-absolute desktop-bottom-0 mobile-width-50 mobile-m-inline-auto has-xl-margin-top\"><img decoding=\"async\" width=\"292\" height=\"338\" src=\"https:\/\/neuronup.com\/br\/wp-content\/uploads\/2024\/10\/certificado-de-produto.webp\" alt=\"\" class=\"wp-image-31568\" srcset=\"https:\/\/neuronup.com\/br\/wp-content\/uploads\/2024\/10\/certificado-de-produto-259x300.webp 259w, https:\/\/neuronup.com\/br\/wp-content\/uploads\/2024\/10\/certificado-de-produto.webp 292w\" sizes=\"(max-width: 292px) 100vw, 292px\" \/><\/figure>\n<\/div>\n\n\n\n<div class=\"wp-block-column is-layout-flow wp-block-column-is-layout-flow\">\n<h2 class=\"wp-block-heading has-white-color has-text-color\"><strong>Inscreva-se<\/strong> <br>na nossa <br>Newsletter<\/h2>\n\n\n\n<div class=\"wp-block-buttons is-layout-flex wp-block-buttons-is-layout-flex\">\n<div class=\"wp-block-button--1\" style=\"--button-outline-color:var(--color-white);--button-outline-color-hover:rgba(0,0,0,0.8);\"><a class=\"wp-block-button__link button button-outline   wp-element-button\" href=\"https:\/\/neuronup.com\/br\/newsletter\/\">Inscreva-se<\/a><\/div>\n\n<\/div>\n\n\n\n<div style=\"height:40px\" aria-hidden=\"true\" class=\"wp-block-spacer\"><\/div>\n<\/div>\n<\/div>\n<\/div><\/div>\n\n\n\n\n<div style=\"height:50px\" aria-hidden=\"true\" class=\"wp-block-spacer\"><\/div>\n\n\n\n<h2 class=\"wp-block-heading\">O impacto dos Jogos Paral\u00edmpicos na sociedade<\/h2>\n\n\n\n<p>Os Jogos Paraol\u00edmpicos de 2024 n\u00e3o s\u00e3o apenas uma vitrine de excel\u00eancia esportiva, mas tamb\u00e9m um poderoso <strong>motor de mudan\u00e7a social.<\/strong> Aumentando a consci\u00eancia p\u00fablica sobre as capacidades e realiza\u00e7\u00f5es das pessoas com defici\u00eancia, promovendo a inclus\u00e3o e a igualdade.<\/p>\n\n\n\n<p>Os atletas paral\u00edmpicos servem de modelo para jovens e idosos, inspirando milh\u00f5es de pessoas a superar desafios e seguir os seus sonhos. <strong>A sua resili\u00eancia e determina\u00e7\u00e3o mostram que a defici\u00eancia n\u00e3o define os limites de uma pessoa.<\/strong><\/p>\n\n\n\n<p>As inova\u00e7\u00f5es tecnol\u00f3gicas desenvolvidas para atletas paral\u00edmpicos, como pr\u00f3teses avan\u00e7adas e cadeiras de rodas esportivas, tem aplica\u00e7\u00f5es para al\u00e9m do esporte. Essas inova\u00e7\u00f5es contribuem para melhorar a qualidade de vida das pessoas com defici\u00eancia no seu dia a dia.<\/p>\n\n\n\n<p>Os Jogos Paral\u00edmpicos desempenham um papel crucial na sensibiliza\u00e7\u00e3o do p\u00fablico sobre os desafios e sucessos das pessoas com defici\u00eancia. <strong>Os Jogos encorajam uma mudan\u00e7a de atitude, promovendo uma vis\u00e3o mais inclusiva e respeitosa da diversidade humana.<\/strong><\/p>\n\n\n\n<h2 class=\"wp-block-heading\">Como os Jogos Paral\u00edmpicos promovem a sa\u00fade mental e cognitiva<\/h2>\n\n\n\n<p>Os Jogos Paral\u00edmpicos n\u00e3o s\u00f3 celebram as conquistas esportivas dos atletas com defici\u00eancia, mas tamb\u00e9m desempenham um papel crucial na <strong>promo\u00e7\u00e3o da sa\u00fade mental e cognitiva<\/strong>. Este evento internacional n\u00e3o s\u00f3 destaca a habilidade e determina\u00e7\u00e3o dos atletas, mas tamb\u00e9m contribui significativamente para o bem-estar mental e emocional dos participantes e do p\u00fablico em geral. <\/p>\n\n\n\n<h3 class=\"wp-block-heading\">Impacto na sa\u00fade mental dos atletas paraol\u00edmpicos<\/h3>\n\n\n\n<p>A participa\u00e7\u00e3o nos Jogos Paraol\u00edmpicos ajuda os atletas a superar o estigma associado \u00e0 defici\u00eancia. Ao demonstrarem suas habilidades e conquistas no cen\u00e1rio mundial, os atletas ganham maior autoestima e autoconfian\u00e7a. Este aumento da <strong>autoaceita\u00e7\u00e3o <\/strong>e do <strong>reconhecimento social <\/strong>pode ser muito ben\u00e9fico para a sa\u00fade mental, ajudando a combater sentimentos de inseguran\u00e7a e isolamento.<\/p>\n\n\n\n<p>Os Jogos Paral\u00edmpicos promovem um senso de comunidade e apoio entre os atletas. A camaradagem e o apoio m\u00fatuo entre concorrentes criam um ambiente positivo que pode ser crucial para a sa\u00fade mental. Sentir-se parte de uma comunidade que entende e valoriza as experi\u00eancias compartilhadas pode ajudar a <strong>reduzir o estresse e melhorar o bem-estar emocional. <\/strong><\/p>\n\n\n\n<h3 class=\"wp-block-heading\">Benef\u00edcios cognitivos da participa\u00e7\u00e3o nos Jogos Paral\u00edmpicos<\/h3>\n\n\n\n<p>A participa\u00e7\u00e3o em esportes paral\u00edmpicos pode ter efeitos positivos na <strong>fun\u00e7\u00e3o cognitiva<\/strong>. Treinamentos e competi\u00e7\u00f5es exigem altos n\u00edveis de <strong>concentra\u00e7\u00e3o, planejamento e tomada de decis\u00e3o<\/strong>, o que estimula e fortalece as habilidades cognitivas. Isto pode ser especialmente ben\u00e9fico para atletas com defici\u00eancias cognitivas, ajudando-os a melhorar as suas capacidades mentais atrav\u00e9s da pr\u00e1tica e do esfor\u00e7o. <\/p>\n\n\n\n<p>O esporte em si \u00e9 uma forma eficaz de estimula\u00e7\u00e3o mental. As rotinas de treinamento e competi\u00e7\u00f5es envolvem uma s\u00e9rie de desafios que mant\u00eam a mente ativa e engajada. Para os atletas paraol\u00edmpicos, isso pode significar melhora da mem\u00f3ria, da aten\u00e7\u00e3o e de outras habilidades cognitivas essenciais, contribuindo para um maior bem-estar mental.<\/p>\n\n\n\n<h3 class=\"wp-block-heading\">T\u00e9cnicas de estimula\u00e7\u00e3o cognitiva utilizadas no esporte paraol\u00edmpico<\/h3>\n\n\n\n<ul class=\"wp-block-list\">\n<li><strong>Exerc\u00edcios de aten\u00e7\u00e3o:<\/strong> Os exerc\u00edcios de aten\u00e7\u00e3o concentram-se em melhorar a capacidade de se concentrar em uma tarefa espec\u00edfica, ignorando as distra\u00e7\u00f5es. Esses exerc\u00edcios s\u00e3o cruciais para atletas que precisam manter um alto n\u00edvel de concentra\u00e7\u00e3o durante a competi\u00e7\u00e3o.<\/li>\n\n\n\n<li><strong>Treinamento de mem\u00f3ria<\/strong>: O treinamento da mem\u00f3ria inclui exerc\u00edcios e atividades destinadas a melhorar a capacidade de lembrar informa\u00e7\u00f5es e eventos. Para os atletas paral\u00edmpicos, isso pode significar lembrar t\u00e1ticas de jogo, rotinas de treinamento e detalhes importantes relacionados \u00e0 competi\u00e7\u00e3o.<\/li>\n\n\n\n<li><strong>Planejamento e organiza\u00e7\u00e3o:<\/strong> Habilidades de planejamento e organiza\u00e7\u00e3o s\u00e3o essenciais para o sucesso no esporte. A estimula\u00e7\u00e3o cognitiva pode incluir atividades que ajudem os atletas a planear estrat\u00e9gias de jogo, gerir o tempo e organizar o seu treino de forma eficaz.<\/li>\n\n\n\n<li><strong>Tomando uma decis\u00e3o:<\/strong> A tomada de decis\u00f5es r\u00e1pida e eficaz \u00e9 uma habilidade fundamental no esporte. Os exerc\u00edcios de estimula\u00e7\u00e3o cognitiva podem ajudar os atletas a tomar decis\u00f5es r\u00e1pidas e precisas sob press\u00e3o, o que \u00e9 essencial em situa\u00e7\u00f5es competitivas.<\/li>\n<\/ul>\n\n\n\n<h2 class=\"wp-block-heading\">A import\u00e2ncia da sa\u00fade mental nos Jogos Ol\u00edmpicos<\/h2>\n\n\n\n<p>Os Jogos Ol\u00edmpicos s\u00e3o o auge do esporte global, onde atletas de elite enfrentam n\u00e3o s\u00f3 rivais de todo o mundo, mas tamb\u00e9m press\u00f5es imensas e grandes expectativas. Tradicionalmente, o foco tem sido o condicionamento f\u00edsico e o desempenho atl\u00e9tico, mas nos \u00faltimos anos uma compreens\u00e3o mais profunda da <strong>Import\u00e2ncia da sa\u00fade mental para atletas ol\u00edmpicos<\/strong>. Um exemplo not\u00e1vel desta crescente conscientiza\u00e7\u00e3o ocorreu nos Jogos Ol\u00edmpicos de T\u00f3quio em 2020, onde a ginasta americana Simone Biles colocou a sa\u00fade mental dos atletas em destaque.<\/p>\n\n\n\n<h3 class=\"wp-block-heading\">O caso de Simone Biles<\/h3>\n\n\n\n<p><strong>Simone Biles<\/strong>, considerada uma das maiores ginastas de todos os tempos, ela chocou o mundo ao decidir se retirar de diversas competi\u00e7\u00f5es durante os Jogos de T\u00f3quio 2020. Biles citou a necessidade de cuidar de sua sa\u00fade mental como principal motivo de sua decis\u00e3o. Esta a\u00e7\u00e3o desencadeou um debate global sobre a press\u00e3o que os atletas enfrentam e a import\u00e2ncia de <strong>priorize seu bem-estar mental<\/strong> bem como sua prepara\u00e7\u00e3o f\u00edsica.<\/p>\n\n\n\n<p>Biles experimentou o que \u00e9 conhecido como \u201ctwisties\u201d, uma condi\u00e7\u00e3o em que os ginastas perdem a consci\u00eancia espacial durante as tor\u00e7\u00f5es no ar, o que pode ser extremamente perigoso. Esse problema n\u00e3o afeta apenas o desempenho, mas tamb\u00e9m coloca em risco a seguran\u00e7a f\u00edsica do atleta. Ao reconhecer e agir de acordo com suas <strong>limita\u00e7\u00f5es mentais<\/strong>, Biles n\u00e3o s\u00f3 protegeu o seu bem-estar f\u00edsico, como tamb\u00e9m abriu um di\u00e1logo crucial sobre a sa\u00fade mental no esporte.<\/p>\n\n\n\n<h3 class=\"wp-block-heading\">Bacon, o cachorro e apoio emocional<\/h3>\n\n\n\n<p>Outro exemplo do foco na sa\u00fade mental nas Olimp\u00edadas de T\u00f3quio foi a inclus\u00e3o de um membro muito especial na sele\u00e7\u00e3o dos EUA: Bacon, um <strong>c\u00e3o de apoio emocional<\/strong>. Bacon foi levado para fornecer apoio emocional aos atletas, ajudando-os a se acalmar e a se distrair do estresse antes das competi\u00e7\u00f5es.<\/p>\n\n\n\n<p>A presen\u00e7a de Bacon proporcionou aos atletas um momento de al\u00edvio e conforto num ambiente altamente competitivo e estressante. C\u00e3es de terapia como Bacon demonstraram ser eficazes na <strong>redu\u00e7\u00e3o da ansiedade <\/strong>e<strong> na melhoria do bem-estar emocional<\/strong>, proporcionando uma fuga moment\u00e2nea das press\u00f5es e permitindo que os atletas se concentrem melhor no seu desempenho.<\/p>\n\n\n\n<h3 class=\"wp-block-heading\">A relev\u00e2ncia da sa\u00fade mental no esporte<\/h3>\n\n\n\n<p>O caso de Simone Biles e a inclus\u00e3o de Bacon destacam a import\u00e2ncia de reconhecer e abordar a <strong>sa\u00fade mental dos atletas ol\u00edmpicos<\/strong>. A press\u00e3o de competir ao mais alto n\u00edvel, combinada com a aten\u00e7\u00e3o constante dos meios de comunica\u00e7\u00e3o social e as expectativas de um pa\u00eds inteiro, pode ser esmagadora. Os atletas n\u00e3o s\u00e3o apenas corpos que devem ter o melhor desempenho, mas tamb\u00e9m pessoas com emo\u00e7\u00f5es e vulnerabilidades.<\/p>\n\n\n\n<p>Priorizar a sa\u00fade mental pode levar a um <strong>melhor desempenho a longo prazo<\/strong>, pois os atletas que se sentem mentalmente saud\u00e1veis \u200b\u200be equilibrados s\u00e3o mais capazes de enfrentar desafios e manter o foco. Al\u00e9m disso, cria um ambiente esportivo mais humano e compreensivo, onde os atletas podem procurar ajuda sem medo de serem estigmatizados.<\/p>\n\n\n\n<h2 class=\"wp-block-heading\">Conclus\u00e3o<\/h2>\n\n\n\n<p>Os Jogos Paral\u00edmpicos de 2024 em Paris destacaram a resili\u00eancia e as habilidades dos atletas com defici\u00eancia em 23 modalidades esportivas, promovendo a inclus\u00e3o e a igualdade. Para al\u00e9m do esporte, estes jogos contribuem significativamente para a sa\u00fade mental e cognitiva dos atletas, ajudando a superar o estigma da defici\u00eancia, a melhorar a auto-estima e a promover um sentido de comunidade. Os Jogos Paral\u00edmpicos n\u00e3o apenas celebram conquistas esportivas, mas tamb\u00e9m impulsionam mudan\u00e7as sociais positivas e melhorias na qualidade de vida.<\/p>\n\n\n\n<h2 class=\"wp-block-heading\">Bibliograf\u00eda<\/h2>\n\n\n\n<ul class=\"wp-block-list has-sm-font-size\">\n<li style=\"font-size:13px\">American Psychological Association. (n.d.). Art\u00edculos y estudios sobre la rehabilitaci\u00f3n cognitiva. https:\/\/www.apa.org<\/li>\n\n\n\n<li style=\"font-size:13px\">Frontiers in Psychology. (n.d.). Art\u00edculos sobre los efectos de la rehabilitaci\u00f3n cognitiva y de la actividad f\u00edsica. https:\/\/www.frontiersin.org\/journals\/psychology<\/li>\n\n\n\n<li style=\"font-size:13px\">Journal of Applied Sport Psychology. (n.d.). Art\u00edculos sobre la preparaci\u00f3n mental de los atletas: WHO Mental Health in Sport. https:\/\/www.tandfonline.com\/toc\/uasp20\/current<\/li>\n\n\n\n<li style=\"font-size:13px\">Journal of Clinical Sport Psychology. (n.d.). Art\u00edculos sobre la psicolog\u00eda del deporte para los atletas paral\u00edmpicos. https:\/\/journals.humankinetics.com\/view\/journals\/jcsp\/jcsp-overview.xml<\/li>\n\n\n\n<li style=\"font-size:13px\">National Center for Biotechnology Information. (n.d.). Estudios sobre la rehabilitaci\u00f3n cognitiva y los atletas. https:\/\/www.ncbi.nlm.nih.gov<\/li>\n\n\n\n<li style=\"font-size:13px\">National Institutes of Health. (n.d.). Estudios sobre los beneficios cognitivos de la actividad f\u00edsica. https:\/\/www.nih.gov<\/li>\n\n\n\n<li style=\"font-size:13px\">Paralympic.org &#8211; Sitio oficial de los Juegos Paral\u00edmpicos, que contiene informaci\u00f3n detallada sobre los deportes, los atletas y los eventos: International Paralympic Committee. (n.d.). Paralympic.org . https:\/\/www.paralympic.org<\/li>\n\n\n\n<li style=\"font-size:13px\">ResearchGate. (n.d.). Estudios y art\u00edculos de investigaci\u00f3n sobre la salud mental y cognitiva de los atletas. https:\/\/www.researchgate.net<\/li>\n\n\n\n<li style=\"font-size:13px\">The New York Times (n.d.). Simone Biles is withdrawing from the Olympic all-around gymnastics competition. https:\/\/www.nytimes.com\/2021\/07\/28\/sports\/olympics\/simone-biles-out.html?smid=url-share<\/li>\n<\/ul>\n\n\n\n<h3 class=\"wp-block-heading\">Se voc\u00ea gostou deste artigo sobre jogos Paral\u00edmpicos e a import\u00e2ncia da sa\u00fade mental, <strong>provavelmente se interessar\u00e1 por estes artigos da NeuronUP:<\/strong><\/h3>\n\n\n<div class=\"mai-grid entries entries-grid has-boxed has-image-full\" style=\"--entry-title-font-size:var(--font-size-lg);--align-text:start;--entry-meta-text-align:start;\"><div class=\"entries-wrap has-columns\" style=\"--columns-xs:1\/1;--columns-sm:1\/1;--columns-md:1\/3;--columns-lg:1\/3;--flex-xs:0 0 var(--flex-basis);--flex-sm:0 0 var(--flex-basis);--flex-md:0 0 var(--flex-basis);--flex-lg:0 0 var(--flex-basis);--column-gap:var(--spacing-lg);--row-gap:var(--spacing-lg);--align-columns:start;\"><article class=\"entry entry-grid is-column has-entry-link has-image has-image-first type-post category-doenca-mental tag-esquizofrenia tag-saude-mental\" style=\"--entry-index:1;\" aria-label=\"Tend\u00eancias atuais no tratamento de doen\u00e7as mentais\" itemscope itemtype=\"https:\/\/schema.org\/CreativeWork\"><a class=\"entry-image-link\" href=\"https:\/\/neuronup.com\/br\/noticias-de-estimulacao-cognitiva\/doenca-mental\/tendencias-atuais-no-tratamento-de-doencas-mentais\/\" tabindex=\"-1\" aria-hidden=\"true\"><img decoding=\"async\" width=\"400\" height=\"257\" src=\"https:\/\/neuronup.com\/br\/wp-content\/uploads\/2024\/12\/Tendencias-actuales-en-el-tratamiento-de-enfermedades-mentales-NeuronUP.webp\" class=\"entry-image size-landscape-sm\" alt=\"Homem de cabelo castanho ondulado cobre o rosto com as m\u00e3os, express\u00e3o introspectiva, fundo cinza s\u00f3lido.\" srcset=\"https:\/\/neuronup.com\/br\/wp-content\/uploads\/2024\/12\/Tendencias-actuales-en-el-tratamiento-de-enfermedades-mentales-NeuronUP-300x193.webp 300w, https:\/\/neuronup.com\/br\/wp-content\/uploads\/2024\/12\/Tendencias-actuales-en-el-tratamiento-de-enfermedades-mentales-NeuronUP-768x493.webp 768w, https:\/\/neuronup.com\/br\/wp-content\/uploads\/2024\/12\/Tendencias-actuales-en-el-tratamiento-de-enfermedades-mentales-NeuronUP-1024x657.webp 1024w, https:\/\/neuronup.com\/br\/wp-content\/uploads\/2024\/12\/Tendencias-actuales-en-el-tratamiento-de-enfermedades-mentales-NeuronUP.webp 1200w\" sizes=\"(max-width:599px) 599px, (min-width:600px) and (max-width: 799px) 799px, (min-width:800px) and (max-width: 999px) 333px, (min-width:1000px) 400px\" \/><\/a><div class=\"entry-wrap entry-wrap-grid\"><h3 class=\"entry-title\" itemprop=\"headline\"><a class=\"entry-title-link\" href=\"https:\/\/neuronup.com\/br\/noticias-de-estimulacao-cognitiva\/doenca-mental\/tendencias-atuais-no-tratamento-de-doencas-mentais\/\" rel=\"bookmark\">Tend\u00eancias atuais no tratamento de doen\u00e7as mentais<\/a><\/h3>\n<\/div><\/article><article class=\"entry entry-grid is-column has-entry-link has-image has-image-first type-post category-esquizofrenia tag-cognicao-social tag-esquizofrenia tag-psicologia\" style=\"--entry-index:2;\" aria-label=\"Tratamento Cognitivo na Esquizofrenia: Programas para melhorar a percep\u00e7\u00e3o social e o reconhecimento emocional\" itemscope itemtype=\"https:\/\/schema.org\/CreativeWork\"><a class=\"entry-image-link\" href=\"https:\/\/neuronup.com\/br\/noticias-de-estimulacao-cognitiva\/doenca-mental\/esquizofrenia\/tratamento-cognitivo-na-esquizofrenia-melhorar-a-percepcao-social-e-o-reconhecimento-emocional\/\" tabindex=\"-1\" aria-hidden=\"true\"><img decoding=\"async\" width=\"400\" height=\"267\" src=\"https:\/\/neuronup.com\/br\/wp-content\/uploads\/2024\/10\/tratamiento-de-la-cognicion-social-en-esquizofrenia.webp\" class=\"entry-image size-landscape-sm\" alt=\"Mulher serena com olhos fechados, cabe\u00e7a levemente inclinada, cercada por m\u00e3os que tocam cabe\u00e7a e rosto, ilumina\u00e7\u00e3o suave.\" srcset=\"https:\/\/neuronup.com\/br\/wp-content\/uploads\/2024\/10\/tratamiento-de-la-cognicion-social-en-esquizofrenia-300x200.webp 300w, https:\/\/neuronup.com\/br\/wp-content\/uploads\/2024\/10\/tratamiento-de-la-cognicion-social-en-esquizofrenia-768x512.webp 768w, https:\/\/neuronup.com\/br\/wp-content\/uploads\/2024\/10\/tratamiento-de-la-cognicion-social-en-esquizofrenia-1024x683.webp 1024w, https:\/\/neuronup.com\/br\/wp-content\/uploads\/2024\/10\/tratamiento-de-la-cognicion-social-en-esquizofrenia.webp 1200w\" sizes=\"(max-width:599px) 599px, (min-width:600px) and (max-width: 799px) 799px, (min-width:800px) and (max-width: 999px) 333px, (min-width:1000px) 400px\" \/><\/a><div class=\"entry-wrap entry-wrap-grid\"><h3 class=\"entry-title\" itemprop=\"headline\"><a class=\"entry-title-link\" href=\"https:\/\/neuronup.com\/br\/noticias-de-estimulacao-cognitiva\/doenca-mental\/esquizofrenia\/tratamento-cognitivo-na-esquizofrenia-melhorar-a-percepcao-social-e-o-reconhecimento-emocional\/\" rel=\"bookmark\">Tratamento Cognitivo na Esquizofrenia: Programas para melhorar a percep\u00e7\u00e3o social e o reconhecimento emocional<\/a><\/h3>\n<\/div><\/article><article class=\"entry entry-grid is-column has-entry-link has-image has-image-first type-post category-esquizofrenia tag-cognicao-social tag-esquizofrenia tag-saude-mental\" style=\"--entry-index:3;\" aria-label=\"Estrat\u00e9gias e Terapias para d\u00e9ficits na cogni\u00e7\u00e3o social na esquizofrenia\" itemscope itemtype=\"https:\/\/schema.org\/CreativeWork\"><a class=\"entry-image-link\" href=\"https:\/\/neuronup.com\/br\/noticias-de-estimulacao-cognitiva\/doenca-mental\/esquizofrenia\/estrategias-e-terapias-para-deficits-em-cognicao-social-na-esquizofrenia\/\" tabindex=\"-1\" aria-hidden=\"true\"><img decoding=\"async\" width=\"400\" height=\"267\" src=\"https:\/\/neuronup.com\/br\/wp-content\/uploads\/2023\/11\/hombre-esquizofrenia.webp\" class=\"entry-image size-landscape-sm\" alt=\"Homem careca em movimento r\u00e1pido com a boca aberta; a imagem desfocada ao redor transmite express\u00e3o intensa.\" srcset=\"https:\/\/neuronup.com\/br\/wp-content\/uploads\/2023\/11\/hombre-esquizofrenia-300x200.webp 300w, https:\/\/neuronup.com\/br\/wp-content\/uploads\/2023\/11\/hombre-esquizofrenia-768x512.webp 768w, https:\/\/neuronup.com\/br\/wp-content\/uploads\/2023\/11\/hombre-esquizofrenia-1024x683.webp 1024w, https:\/\/neuronup.com\/br\/wp-content\/uploads\/2023\/11\/hombre-esquizofrenia.webp 1200w\" sizes=\"(max-width:599px) 599px, (min-width:600px) and (max-width: 799px) 799px, (min-width:800px) and (max-width: 999px) 333px, (min-width:1000px) 400px\" \/><\/a><div class=\"entry-wrap entry-wrap-grid\"><h3 class=\"entry-title\" itemprop=\"headline\"><a class=\"entry-title-link\" href=\"https:\/\/neuronup.com\/br\/noticias-de-estimulacao-cognitiva\/doenca-mental\/esquizofrenia\/estrategias-e-terapias-para-deficits-em-cognicao-social-na-esquizofrenia\/\" rel=\"bookmark\">Estrat\u00e9gias e Terapias para d\u00e9ficits na cogni\u00e7\u00e3o social na esquizofrenia<\/a><\/h3>\n<\/div><\/article><article class=\"entry entry-grid is-column has-entry-link has-image has-image-first type-post category-esquizofrenia tag-esquizofrenia\" style=\"--entry-index:4;\" aria-label=\"Estilo atribucional na esquizofrenia\" itemscope itemtype=\"https:\/\/schema.org\/CreativeWork\"><a class=\"entry-image-link\" href=\"https:\/\/neuronup.com\/br\/noticias-de-estimulacao-cognitiva\/doenca-mental\/esquizofrenia\/estilo-atribucional-na-esquizofrenia\/\" tabindex=\"-1\" aria-hidden=\"true\"><img decoding=\"async\" width=\"400\" height=\"267\" src=\"https:\/\/neuronup.com\/br\/wp-content\/uploads\/2024\/10\/estilo-atribucional-esquizofrenia.webp\" class=\"entry-image size-landscape-sm\" alt=\"Homem com cabe\u00e7a raspada em fundo escuro, olhando para a c\u00e2mera; m\u00e3os \u00e0 frente do rosto com movimento borrado, sugerindo dinamismo.\" srcset=\"https:\/\/neuronup.com\/br\/wp-content\/uploads\/2024\/10\/estilo-atribucional-esquizofrenia-300x200.webp 300w, https:\/\/neuronup.com\/br\/wp-content\/uploads\/2024\/10\/estilo-atribucional-esquizofrenia-768x512.webp 768w, https:\/\/neuronup.com\/br\/wp-content\/uploads\/2024\/10\/estilo-atribucional-esquizofrenia-1024x683.webp 1024w, https:\/\/neuronup.com\/br\/wp-content\/uploads\/2024\/10\/estilo-atribucional-esquizofrenia.webp 1200w\" sizes=\"(max-width:599px) 599px, (min-width:600px) and (max-width: 799px) 799px, (min-width:800px) and (max-width: 999px) 333px, (min-width:1000px) 400px\" \/><\/a><div class=\"entry-wrap entry-wrap-grid\"><h3 class=\"entry-title\" itemprop=\"headline\"><a class=\"entry-title-link\" href=\"https:\/\/neuronup.com\/br\/noticias-de-estimulacao-cognitiva\/doenca-mental\/esquizofrenia\/estilo-atribucional-na-esquizofrenia\/\" rel=\"bookmark\">Estilo atribucional na esquizofrenia<\/a><\/h3>\n<\/div><\/article><article class=\"entry entry-grid is-column has-entry-link has-image has-image-first type-post category-esquizofrenia tag-esquizofrenia\" style=\"--entry-index:5;\" aria-label=\"Esquizofrenia e neurorreabilita\u00e7\u00e3o\" itemscope itemtype=\"https:\/\/schema.org\/CreativeWork\"><a class=\"entry-image-link\" href=\"https:\/\/neuronup.com\/br\/noticias-de-estimulacao-cognitiva\/doenca-mental\/esquizofrenia\/esquizofrenia-e-neurorreabilitacao\/\" tabindex=\"-1\" aria-hidden=\"true\"><img decoding=\"async\" width=\"400\" height=\"267\" src=\"https:\/\/neuronup.com\/br\/wp-content\/uploads\/2024\/10\/esquizofrenia-y-neurorrehabilitacion.webp\" class=\"entry-image size-landscape-sm\" alt=\"Duas pessoas em consult\u00f3rio: mulher com bloco de notas de costas, jovem com express\u00e3o preocupada; plantas ao fundo.\" srcset=\"https:\/\/neuronup.com\/br\/wp-content\/uploads\/2024\/10\/esquizofrenia-y-neurorrehabilitacion-300x200.webp 300w, https:\/\/neuronup.com\/br\/wp-content\/uploads\/2024\/10\/esquizofrenia-y-neurorrehabilitacion-768x512.webp 768w, https:\/\/neuronup.com\/br\/wp-content\/uploads\/2024\/10\/esquizofrenia-y-neurorrehabilitacion-1024x683.webp 1024w, https:\/\/neuronup.com\/br\/wp-content\/uploads\/2024\/10\/esquizofrenia-y-neurorrehabilitacion.webp 1200w\" sizes=\"(max-width:599px) 599px, (min-width:600px) and (max-width: 799px) 799px, (min-width:800px) and (max-width: 999px) 333px, (min-width:1000px) 400px\" \/><\/a><div class=\"entry-wrap entry-wrap-grid\"><h3 class=\"entry-title\" itemprop=\"headline\"><a class=\"entry-title-link\" href=\"https:\/\/neuronup.com\/br\/noticias-de-estimulacao-cognitiva\/doenca-mental\/esquizofrenia\/esquizofrenia-e-neurorreabilitacao\/\" rel=\"bookmark\">Esquizofrenia e neurorreabilita\u00e7\u00e3o<\/a><\/h3>\n<\/div><\/article><article class=\"entry entry-grid is-column has-entry-link has-image has-image-first type-post category-esquizofrenia tag-avaliacao-neuropsicologica tag-esquizofrenia tag-psicologia\" style=\"--entry-index:6;\" aria-label=\"Percep\u00e7\u00e3o social na esquizofrenia\" itemscope itemtype=\"https:\/\/schema.org\/CreativeWork\"><a class=\"entry-image-link\" href=\"https:\/\/neuronup.com\/br\/noticias-de-estimulacao-cognitiva\/doenca-mental\/esquizofrenia\/percepcao-social-e-esquizofrenia\/\" tabindex=\"-1\" aria-hidden=\"true\"><img decoding=\"async\" width=\"400\" height=\"267\" src=\"https:\/\/neuronup.com\/br\/wp-content\/uploads\/2024\/10\/Percepcion-social-y-conocimiento-social-en-esquizofrenia.webp\" class=\"entry-image size-landscape-sm\" alt=\"Homem com \u00f3culos e su\u00e9ter cobre o rosto com as m\u00e3os em ambiente interno, sala de estar aconchegante com m\u00f3veis.\" srcset=\"https:\/\/neuronup.com\/br\/wp-content\/uploads\/2024\/10\/Percepcion-social-y-conocimiento-social-en-esquizofrenia-300x200.webp 300w, https:\/\/neuronup.com\/br\/wp-content\/uploads\/2024\/10\/Percepcion-social-y-conocimiento-social-en-esquizofrenia-768x512.webp 768w, https:\/\/neuronup.com\/br\/wp-content\/uploads\/2024\/10\/Percepcion-social-y-conocimiento-social-en-esquizofrenia-1024x683.webp 1024w, https:\/\/neuronup.com\/br\/wp-content\/uploads\/2024\/10\/Percepcion-social-y-conocimiento-social-en-esquizofrenia.webp 1200w\" sizes=\"(max-width:599px) 599px, (min-width:600px) and (max-width: 799px) 799px, (min-width:800px) and (max-width: 999px) 333px, (min-width:1000px) 400px\" \/><\/a><div class=\"entry-wrap entry-wrap-grid\"><h3 class=\"entry-title\" itemprop=\"headline\"><a class=\"entry-title-link\" href=\"https:\/\/neuronup.com\/br\/noticias-de-estimulacao-cognitiva\/doenca-mental\/esquizofrenia\/percepcao-social-e-esquizofrenia\/\" rel=\"bookmark\">Percep\u00e7\u00e3o social na esquizofrenia<\/a><\/h3>\n<\/div><\/article><\/div><\/div>","protected":false},"excerpt":{"rendered":"<p>Neste artigo exploramos as diferentes provas dos Jogos Paral\u00edmpicos de 2024, detalhando os esportes e categorias espec\u00edficas em que os atletas competiram. Os Jogos Paraol\u00edmpicos de 2024, que foram realizados em Paris, foram uma vitrine global do atletismo e da resili\u00eancia dos atletas com defici\u00eancia. Este evento destacou as habilidades excepcionais e a determina\u00e7\u00e3o desses &hellip;<\/p>\n","protected":false},"author":7,"featured_media":33601,"comment_status":"open","ping_status":"open","sticky":false,"template":"","format":"standard","meta":{"_acf_changed":false,"_genesis_hide_title":false,"_genesis_hide_breadcrumbs":false,"_genesis_hide_singular_image":false,"_genesis_hide_footer_widgets":false,"_genesis_custom_body_class":"","_genesis_custom_post_class":"","_genesis_layout":"","footnotes":""},"categories":[629],"tags":[581],"class_list":{"2":"type-post","7":"category-doenca-mental","8":"tag-novidades-neuronup","9":"entry"},"acf":[],"_links":{"self":[{"href":"https:\/\/neuronup.com\/br\/wp-json\/wp\/v2\/posts\/7042","targetHints":{"allow":["GET"]}}],"collection":[{"href":"https:\/\/neuronup.com\/br\/wp-json\/wp\/v2\/posts"}],"about":[{"href":"https:\/\/neuronup.com\/br\/wp-json\/wp\/v2\/types\/post"}],"author":[{"embeddable":true,"href":"https:\/\/neuronup.com\/br\/wp-json\/wp\/v2\/users\/7"}],"replies":[{"embeddable":true,"href":"https:\/\/neuronup.com\/br\/wp-json\/wp\/v2\/comments?post=7042"}],"version-history":[{"count":0,"href":"https:\/\/neuronup.com\/br\/wp-json\/wp\/v2\/posts\/7042\/revisions"}],"wp:featuredmedia":[{"embeddable":true,"href":"https:\/\/neuronup.com\/br\/wp-json\/wp\/v2\/media\/33601"}],"wp:attachment":[{"href":"https:\/\/neuronup.com\/br\/wp-json\/wp\/v2\/media?parent=7042"}],"wp:term":[{"taxonomy":"category","embeddable":true,"href":"https:\/\/neuronup.com\/br\/wp-json\/wp\/v2\/categories?post=7042"},{"taxonomy":"post_tag","embeddable":true,"href":"https:\/\/neuronup.com\/br\/wp-json\/wp\/v2\/tags?post=7042"}],"curies":[{"name":"wp","href":"https:\/\/api.w.org\/{rel}","templated":true}]}}