{"id":6882,"date":"2024-10-16T16:39:12","date_gmt":"2024-10-16T14:39:12","guid":{"rendered":"https:\/\/neuronup.com\/br\/?p=6882"},"modified":"2026-01-26T18:17:26","modified_gmt":"2026-01-26T16:17:26","slug":"disturbio-de-linguagem-del-causas-sintomas-e-comorbidades","status":"publish","type":"post","link":"https:\/\/neuronup.com\/br\/noticias-de-estimulacao-cognitiva\/transtorno-de-linguagem\/disturbio-de-linguagem-del-causas-sintomas-e-comorbidades\/","title":{"rendered":"Dist\u00farbio Espec\u00edfico de Linguagem (DEL): causas, sintomas e comorbidades"},"content":{"rendered":"\n<p>O Dist\u00farbio Espec\u00edfico de Linguagem (DEL) \u00e9 um dist\u00farbio do neurodesenvolvimento grave e duradouro que afeta a <strong>aquisi\u00e7\u00e3o e o desenvolvimento da linguagem oral<\/strong>. Al\u00e9m disso, pode alterar tanto a \u00e1rea abrangente quanto a expressiva ou ambas.<\/p>\n\n\n\n<p>\u00c9 classificado como um dist\u00farbio \u201c<strong>heterog\u00eaneo<\/strong>\u201d porque nunca encontraremos dois DELs id\u00eanticos. Isso significa que os sintomas variam muito de crian\u00e7a para crian\u00e7a e nem sempre se apresentam da mesma forma e intensidade.<\/p>\n\n\n\n<p>Assim, o transtorno de linguagem pode envolver um ou v\u00e1rios componentes da linguagem: fon\u00e9tica e fonol\u00f3gica, sem\u00e2ntica, morfossint\u00e1tica e\/ou pragm\u00e1tica.<\/p>\n\n\n\n<p>Nesta publica\u00e7\u00e3o, Cristina Mart\u00ednez Carrero, do centro D-letras, explica as causas, sintomas e suas comorbidades, bem como seu diagn\u00f3stico e interven\u00e7\u00e3o.<br><\/p>\n\n\n\n<h2 class=\"wp-block-heading\">Dificuldades espec\u00edficas por \u00e1reas&nbsp;<\/h2>\n\n\n<div class=\"wp-block-image image-interface\">\n<figure class=\"aligncenter size-full\"><img decoding=\"async\" width=\"900\" height=\"900\" src=\"https:\/\/neuronup.com\/br\/wp-content\/uploads\/2024\/12\/Trastorno-del-lenguaje-BR-1-1-1.webp\" alt=\"Sobre Transtorno de Linguagem: compreens\u00e3o e express\u00e3o, bal\u00f5es de fon\u00e9tica e fonologia, pragm\u00e1tica e sem\u00e2ntica; M\u00f4nica.\" class=\"wp-image-33970\" srcset=\"https:\/\/neuronup.com\/br\/wp-content\/uploads\/2024\/12\/Trastorno-del-lenguaje-BR-1-1-1-24x24.webp 24w, https:\/\/neuronup.com\/br\/wp-content\/uploads\/2024\/12\/Trastorno-del-lenguaje-BR-1-1-1-48x48.webp 48w, https:\/\/neuronup.com\/br\/wp-content\/uploads\/2024\/12\/Trastorno-del-lenguaje-BR-1-1-1-80x80.webp 80w, https:\/\/neuronup.com\/br\/wp-content\/uploads\/2024\/12\/Trastorno-del-lenguaje-BR-1-1-1-96x96.webp 96w, https:\/\/neuronup.com\/br\/wp-content\/uploads\/2024\/12\/Trastorno-del-lenguaje-BR-1-1-1-150x150.webp 150w, https:\/\/neuronup.com\/br\/wp-content\/uploads\/2024\/12\/Trastorno-del-lenguaje-BR-1-1-1-300x300.webp 300w, https:\/\/neuronup.com\/br\/wp-content\/uploads\/2024\/12\/Trastorno-del-lenguaje-BR-1-1-1-768x768.webp 768w, https:\/\/neuronup.com\/br\/wp-content\/uploads\/2024\/12\/Trastorno-del-lenguaje-BR-1-1-1.webp 900w\" sizes=\"(max-width: 900px) 100vw, 900px\" \/><\/figure>\n<\/div>\n\n\n<h3 class=\"wp-block-heading\">\u00c1rea fon\u00e9tica\/fonol\u00f3gica<\/h3>\n\n\n\n<p>Na \u00e1rea fon\u00e9tica\/fonol\u00f3gica costumamos encontrar crian\u00e7as com fala inintelig\u00edvel, com muitos erros de simplifica\u00e7\u00e3o fonol\u00f3gica, dislalias m\u00faltiplas e dificuldades de discrimina\u00e7\u00e3o auditiva.<\/p>\n\n\n\n<h3 class=\"wp-block-heading\">\u00c1rea sem\u00e1ntica<\/h3>\n\n\n\n<p>Na \u00e1rea sem\u00e2ntica encontramos crian\u00e7as com vocabul\u00e1rio reduzido, com dificuldades de acesso ao l\u00e9xico, conhecem as palavras, mas t\u00eam dificuldade em evoc\u00e1-las. Por esse motivo costumam usar palavras e circunl\u00f3quios muito gerais. Al\u00e9m disso, t\u00eam grande dificuldade em expressar e compreender tudo o que \u00e9 abstrato, ou seja, tudo o que n\u00e3o pode ser contextualizado. Al\u00e9m disso, \u00e9 muito dif\u00edcil para eles aprenderem um novo vocabul\u00e1rio.<\/p>\n\n\n\n<h3 class=\"wp-block-heading\">\u00c1rea morfossint\u00e1tica<\/h3>\n\n\n\n<p>A \u00e1rea morfossint\u00e1tica \u00e9 a mais afetada, crian\u00e7as com DEL costumam fazer uso de frases simples e com poucos elementos, geralmente mal estruturadas com erros de concord\u00e2ncia, com verbos mal conjugados, omiss\u00e3o de preposi\u00e7\u00f5es, pronomes, entre outros erros. Certamente, se a \u00e1rea morfossint\u00e1tica n\u00e3o for afetada, n\u00e3o podemos considerar o DEL.&nbsp;<\/p>\n\n\n\n<h3 class=\"wp-block-heading\">\u00c1rea pragm\u00e1tica<\/h3>\n\n\n\n<p>A \u00e1rea pragm\u00e1tica est\u00e1 sempre alterada nas pessoas com DEL. Pessoas com DEL t\u00eam dificuldade em estabelecer rela\u00e7\u00f5es sociais atrav\u00e9s da brincadeira. Assim como, compreender e respeitar as regras. Al\u00e9m disso, apresentam dificuldade em compreender estados emocionais e resolver problemas interpessoais. Isso representa um grande obst\u00e1culo para que fa\u00e7am infer\u00eancias, ou seja, compreendam tudo o que n\u00e3o seja literal e\/ou contextualizado como ironias, duplo sentido, met\u00e1foras, piadas, entre outros. Tudo isso marca significativamente a forma como se relacionam com os outros.<\/p>\n\n\n\n<p>Todas as dificuldades indicadas n\u00e3o podem ser associadas ou causadas por qualquer outro dist\u00farbio ou patologia, portanto, s\u00e3o descartadas quest\u00f5es como causas perda auditiva, danos cerebrais, baixo QI, d\u00e9ficit motor, fatores socioambientais ou altera\u00e7\u00f5es de desenvolvimento (Leonard, 1998).<\/p>\n\n\n\n<div class=\"wp-block-group\"><div class=\"wp-block-group__inner-container is-layout-constrained wp-block-group-is-layout-constrained\">\n<div class=\"wp-block-columns is-layout-flex wp-container-core-columns-is-layout-9d6595d7 wp-block-columns-is-layout-flex\">\n<div class=\"wp-block-column br-0111 p-5 particle-bg anims-fadein-up has-primary-background-color has-background is-layout-flow wp-block-column-is-layout-flow\">\n<h2 class=\"wp-block-heading has-white-color has-text-color\">Saiba mais sobre <br><strong>NeuronUP<\/strong><\/h2>\n\n\n\n<div class=\"wp-block-buttons is-layout-flex wp-block-buttons-is-layout-flex\">\n<div class=\"wp-block-button--1\" style=\"--button-outline-color:var(--color-white);--button-outline-color-hover:rgba(0,0,0,0.8);\"><a class=\"wp-block-button__link button button-outline   wp-element-button\" href=\"https:\/\/neuronup.com\/br\/solicitacao-informacao\/\">Solicitar Informa\u00e7\u00f5es<\/a><\/div>\n\n<\/div>\n<\/div>\n\n\n\n<div class=\"wp-block-column br-0111 p-5 particle-bg anims-fadein-up has-primary-background-color has-background is-layout-flow wp-block-column-is-layout-flow\">\n<h2 class=\"wp-block-heading has-white-color has-text-color\">Experimente Gratuitamente<\/h2>\n\n\n\n<p class=\"has-white-color has-text-color\">A plataforma que mais de <strong>4.500 profissionais<\/strong> utilizam todos os dias<\/p>\n\n\n\n<div class=\"wp-block-buttons is-layout-flex wp-block-buttons-is-layout-flex\">\n<div class=\"wp-block-button orange-button\" style=\"--button-background:var(--color-custom-1);--button-background-hover:#cc7e00;\"><a class=\"wp-block-button__link button   wp-element-button\" href=\"https:\/\/neuronup.com\/br\/landing-store-user\/\">Solicitar Teste<img decoding=\"async\" class=\"wp-image-18719\" style=\"width: 8px;\" src=\"\/wp-content\/uploads\/2022\/v3\/icon_rightArrow-white.svg\"><\/a><\/div>\n\n<\/div>\n<\/div>\n<\/div>\n<\/div><\/div>\n\n\n\n<h2 class=\"wp-block-heading\">\u00c1reas do desenvolvimento afetadas pelo dist\u00farbio de linguagem<\/h2>\n\n\n\n<p>DEL \u00e9 um termo relativamente novo que em pouco tempo sofreu muitas altera\u00e7\u00f5es em seu nome, sendo a mais conhecida \u201cdisfasia\u201d. Atualmente, com a nova classifica\u00e7\u00e3o do DSM-V, deixa de utilizar a classifica\u00e7\u00e3o de \u201cDist\u00farbio Espec\u00edfico de Linguagem, DEL\u201d e opta por \u201cTranstornos de Linguagem\u201d, entrando dentro da categoria \u201cTranstornos de comunica\u00e7\u00e3o&#8221;.<\/p>\n\n\n\n<p>O DEL \u00e9 dividido em duas categorias: fonol\u00f3gico-sint\u00e1tico e l\u00e9xico-sint\u00e1tico.<\/p>\n\n\n\n<p>Ainda n\u00e3o h\u00e1 um consenso claro no comit\u00ea de especialistas sobre qual \u00e9 a nomenclatura mais apropriada para o DEL. Contudo, muitos especialistas parecem concordar que \u201cespec\u00edfico\u201d \u00e9 um termo incongruente, pois, embora a maior condi\u00e7\u00e3o que as crian\u00e7as com DEL apresentam seja a dimens\u00e3o da linguagem, ela afeta muitas outras \u00e1reas do desenvolvimento, tais como:<\/p>\n\n\n\n<ul class=\"wp-block-list\">\n<li>Mem\u00f3ria de trabalho<\/li>\n\n\n\n<li>Habilidades mentalistas<\/li>\n\n\n\n<li>Audi\u00e7\u00e3o<\/li>\n\n\n\n<li>Fun\u00e7\u00f5es Executivas<\/li>\n\n\n\n<li>Controle do motor<\/li>\n\n\n\n<li>Aten\u00e7\u00e3o conjunta<\/li>\n\n\n\n<li>Desenvolvimento social<\/li>\n\n\n\n<li>Comportamento<\/li>\n\n\n\n<li>Desempenho acad\u00eamico<\/li>\n\n\n\n<li>Autoconceito<br><\/li>\n<\/ul>\n\n\n\n<h2 class=\"wp-block-heading\">Causas do Transtorno de Linguagem<\/h2>\n\n\n\n<p>Ainda <strong>se desconhecem as causas<\/strong> que geram o transtorno, mas estudos recentes corroboram a import\u00e2ncia da <strong>carga gen\u00e9tica<\/strong>; entre 50 e 70% das crian\u00e7as com DEL t\u00eam pelo menos um membro da fam\u00edlia com o mesmo transtorno. Al\u00e9m disso, foram encontradas altera\u00e7\u00f5es no gene FOXP2, conhecido como o gene da linguagem.<\/p>\n\n\n\n<h2 class=\"wp-block-heading\">Sintomas do Transtorno de linguagem<\/h2>\n\n\n\n<p>A preval\u00eancia do DEL \u00e9 de <strong>2 a 7% da popula\u00e7\u00e3o infantil<\/strong>, com uma propor\u00e7\u00e3o de 2:1 a 3:1 para meninos. \u00c9 um transtorno grave e persistente que afeta a aquisi\u00e7\u00e3o da linguagem desde o in\u00edcio, prolongando-se durante a inf\u00e2ncia e adolesc\u00eancia, podendo deixar sequelas significativas na idade adulta. <strong>Por isso, \u00e9 de vital import\u00e2ncia a detec\u00e7\u00e3o e interven\u00e7\u00e3o precoces.<\/strong><\/p>\n\n\n\n<p>Devemos prestar aten\u00e7\u00e3o a certos sinais de alerta assim que os percebermos. Evitemos alguns mitos e lendas como &#8220;ele(a) j\u00e1 vai falar&#8221;, &#8220;\u00e9 muito pequeno(a)&#8221;, &#8220;cada crian\u00e7a tem seu ritmo&#8221;&#8230; O DEL \u00e9 frequentemente visto como um atraso no desenvolvimento da linguagem. Isso n\u00e3o implica que todos os falantes tardios desenvolver\u00e3o um transtorno espec\u00edfico de linguagem; no entanto, \u00e9 verdade que todos os indiv\u00edduos com DEL foram, em algum momento, falantes tardios.<\/p>\n\n\n\n<p>Frequentemente, <strong>come\u00e7am a falar mais tarde<\/strong>, geralmente seu repert\u00f3rio de <strong>vocabul\u00e1rio \u00e9 muito escasso<\/strong>.<\/p>\n\n\n\n<ul class=\"wp-block-list\">\n<li>Se, <strong>aos 2 anos, a crian\u00e7a n\u00e3o tiver pelo menos 50 palavras em seu vocabul\u00e1rio<\/strong>, e se dessas 50 palavras, 20% forem verbos, isso indica um alto risco de DEL. Al\u00e9m disso, as crian\u00e7as dessa faixa et\u00e1ria que n\u00e3o conseguem formar combina\u00e7\u00f5es de duas palavras tamb\u00e9m apresentam sinais de alerta. <\/li>\n\n\n\n<li><strong>Aos 3 anos<\/strong>, \u00e9 comum que as crian\u00e7as falem, mas muitas vezes <strong>a fala pode ser inintelig\u00edvel<\/strong>, apresentando erros fon\u00e9ticos e fonol\u00f3gicos. Elas costumam n\u00e3o&nbsp;conseguir formar frases com tr\u00eas elementos e n\u00e3o&nbsp;conseguem compreender perguntas simples como &#8220;o que?&#8221;, &#8220;como?&#8221; e &#8220;quem?&#8221;.<\/li>\n\n\n\n<li><strong>Se aos 4 anos usam apenas frases de 3 palavras ou menos<\/strong>, n\u00e3o usam adjetivos nem pronomes, com um l\u00e9xico limitado, n\u00e3o fazem narra\u00e7\u00f5es.<\/li>\n\n\n\n<li><strong>Aos 5 anos<\/strong>, produzem frases gramaticalmente incorretas, t\u00eam dificuldade em recuperar palavras ao narrar&#8230;<\/li>\n<\/ul>\n\n\n\n<p>Aten\u00e7\u00e3o: esses s\u00e3o sinais de alerta que podem indicar poss\u00edveis dificuldades de linguagem. Por\u00e9m, o fato de uma crian\u00e7a apresentar algum desses sinais n\u00e3o significa, necessariamente, que ela ter\u00e1 um diagn\u00f3stico de DEL.<\/p>\n\n\n<div class=\"wp-block-image image-interface\">\n<figure class=\"aligncenter size-full\"><img decoding=\"async\" width=\"1300\" height=\"867\" src=\"https:\/\/neuronup.com\/br\/wp-content\/uploads\/2024\/12\/woman-doing-speech-therapy-with-little-boy-at-her-clinic-1-1-1.webp\" alt=\"Profissional de terapia da fala orienta crian\u00e7a durante sess\u00e3o, com folhas de letras coloridas sobre a mesa.\" class=\"wp-image-34046\" srcset=\"https:\/\/neuronup.com\/br\/wp-content\/uploads\/2024\/12\/woman-doing-speech-therapy-with-little-boy-at-her-clinic-1-1-1-300x200.webp 300w, https:\/\/neuronup.com\/br\/wp-content\/uploads\/2024\/12\/woman-doing-speech-therapy-with-little-boy-at-her-clinic-1-1-1-768x512.webp 768w, https:\/\/neuronup.com\/br\/wp-content\/uploads\/2024\/12\/woman-doing-speech-therapy-with-little-boy-at-her-clinic-1-1-1-1024x683.webp 1024w, https:\/\/neuronup.com\/br\/wp-content\/uploads\/2024\/12\/woman-doing-speech-therapy-with-little-boy-at-her-clinic-1-1-1.webp 1300w\" sizes=\"(max-width: 1300px) 100vw, 1300px\" \/><figcaption class=\"wp-element-caption\">Uma profissional realizando terapia da fala com uma crian\u00e7a em sua cl\u00ednica.<\/figcaption><\/figure>\n<\/div>\n\n\n<h2 class=\"wp-block-heading\">Diagn\u00f3stico e interven\u00e7\u00f5es para o tratamento de crian\u00e7as com DEL<\/h2>\n\n\n\n<p>A avalia\u00e7\u00e3o, diagn\u00f3stico e interven\u00e7\u00e3o precoce s\u00e3o fundamentais para a evolu\u00e7\u00e3o das crian\u00e7as com DEL.<\/p>\n\n\n\n<p>Por um lado, o diagn\u00f3stico \u00e9 bastante complexo e apresenta muitos desafios, especialmente em idades mais precoces.<\/p>\n\n\n\n<ul class=\"wp-block-list\">\n<li><strong>Antes dos 3 anos, \u00e9 dif\u00edcil determinar<\/strong> se as dificuldades na linguagem oral s\u00e3o resultado de um atraso no desenvolvimento da linguagem ou de um transtorno da linguagem.<\/li>\n\n\n\n<li><strong>A partir dos 4 anos, j\u00e1 \u00e9 poss\u00edvel considerar a possibilidade de um DEL.<\/strong><\/li>\n\n\n\n<li><strong>Com 5 anos, o diagn\u00f3stico costuma ser confirmado.<\/strong><\/li>\n<\/ul>\n\n\n\n<p>N\u00e3o devemos esperar para confirmar o diagn\u00f3stico; \u00e9 fundamental atender \u00e0s sinaliza\u00e7\u00f5es assim que forem detectadas. \u00c9 importante lembrar o grande impacto que esse transtorno pode ter na vida escolar, pessoal e emocional da crian\u00e7a, n\u00e3o apenas em idades precoces.<\/p>\n\n\n\n<p>Quando as crian\u00e7as ingressam na educa\u00e7\u00e3o prim\u00e1ria, muitas vezes conseguem compensar essas dificuldades. A sintomatologia tende a ser menos evidente, especialmente nos 2\u00ba e 3\u00ba ciclos da etapa prim\u00e1ria, pois conseguem se comunicar de maneira mais formal e elaborada. No entanto, isso pode levar \u00e0 confus\u00e3o de que superaram suas dificuldades lingu\u00edsticas. Na verdade, elas continuam enfrentando problemas com o l\u00e9xico, seu discurso expressivo fica comprometido e t\u00eam dificuldade em realizar narra\u00e7\u00f5es e manter um discurso coerente, com ideias bem coesas. Costumam contar hist\u00f3rias mais curtas, com menos ideias principais e secund\u00e1rias, e a sequ\u00eancia temporal pode estar prejudicada.<\/p>\n\n\n\n<p>Al\u00e9m disso, todos com DEL costumam apresentar <strong>dificuldades de aprendizagem<\/strong>, especialmente no desenvolvimento da<strong> leitura e escrita<\/strong>, assim como na aprendizagem de matem\u00e1tica, devido a problemas de compreens\u00e3o e aquisi\u00e7\u00e3o de conte\u00fados mais abstratos. O desempenho acad\u00eamico \u00e9 impactado<strong> em todas as etapas<\/strong>, incluindo a educa\u00e7\u00e3o secund\u00e1ria.<\/p>\n\n\n\n<h2 class=\"wp-block-heading\">Comorbidades do Transtorno de Linguagem<\/h2>\n\n\n\n<p>Muitas crian\u00e7as com DEL apresentam comorbidades com outros transtornos, como dislexia, discalculia, disgrafia, transtorno de d\u00e9ficit de aten\u00e7\u00e3o e hiperatividade, al\u00e9m de altera\u00e7\u00f5es na intera\u00e7\u00e3o social, entre outros.<\/p>\n\n\n\n<p>O transtorno de linguagem \u00e9 considerado uma necessidade educativa especial. Se houver um grande desvio curricular (de 1,5 a 2 anos), podem ser necess\u00e1rias adapta\u00e7\u00f5es curriculares significativas.<\/p>\n\n\n\n<div style=\"height:50px\" aria-hidden=\"true\" class=\"wp-block-spacer\"><\/div>\n\n\n<div class=\"wp-block-image image-interface\">\n<figure class=\"aligncenter size-full is-resized\"><img decoding=\"async\" width=\"954\" height=\"1400\" src=\"https:\/\/neuronup.com\/br\/wp-content\/uploads\/2024\/10\/Disturbio-Especifico-de-linguagem-Infografico-do-artigo.webp\" alt=\"Infogr\u00e1fico sobre Dist\u00farbio Espec\u00edfico de Linguagem (DEL) com defini\u00e7\u00e3o, \u00e1reas de dificuldade e interven\u00e7\u00e3o sugerida.\" class=\"wp-image-41437\" style=\"width:700px\" srcset=\"https:\/\/neuronup.com\/br\/wp-content\/uploads\/2024\/10\/Disturbio-Especifico-de-linguagem-Infografico-do-artigo-204x300.webp 204w, https:\/\/neuronup.com\/br\/wp-content\/uploads\/2024\/10\/Disturbio-Especifico-de-linguagem-Infografico-do-artigo-698x1024.webp 698w, https:\/\/neuronup.com\/br\/wp-content\/uploads\/2024\/10\/Disturbio-Especifico-de-linguagem-Infografico-do-artigo-768x1127.webp 768w, https:\/\/neuronup.com\/br\/wp-content\/uploads\/2024\/10\/Disturbio-Especifico-de-linguagem-Infografico-do-artigo.webp 954w\" sizes=\"(max-width: 954px) 100vw, 954px\" \/><\/figure>\n<\/div>\n\n\n<div style=\"height:50px\" aria-hidden=\"true\" class=\"wp-block-spacer\"><\/div>\n\n\n\n<h3 class=\"wp-block-heading\">Se voc\u00ea gostou deste artigo sobre Dist\u00farbio de linguagem (DEL): causas, sintomas e comorbidades, <strong>provavelmente se interessar\u00e1 por estes artigos da NeuronUP:<\/strong><\/h3>\n\n\n<div class=\"mai-grid entries entries-grid has-boxed has-image-full\" style=\"--entry-title-font-size:var(--font-size-lg);--align-text:start;--entry-meta-text-align:start;\"><div class=\"entries-wrap has-columns\" style=\"--columns-xs:1\/1;--columns-sm:1\/1;--columns-md:1\/3;--columns-lg:1\/3;--flex-xs:0 0 var(--flex-basis);--flex-sm:0 0 var(--flex-basis);--flex-md:0 0 var(--flex-basis);--flex-lg:0 0 var(--flex-basis);--column-gap:var(--spacing-lg);--row-gap:var(--spacing-lg);--align-columns:start;\"><article class=\"entry entry-grid is-column has-entry-link has-image has-image-first type-post category-transtorno-de-linguagem tag-criancas tag-linguagem tag-transtornos-do-neurodesenvolvimento\" style=\"--entry-index:1;\" aria-label=\"A dislexia como barreira na inf\u00e2ncia\" itemscope itemtype=\"https:\/\/schema.org\/CreativeWork\"><a class=\"entry-image-link\" href=\"https:\/\/neuronup.com\/br\/noticias-de-estimulacao-cognitiva\/transtorno-de-linguagem\/a-dislexia-na-infancia\/\" tabindex=\"-1\" aria-hidden=\"true\"><img decoding=\"async\" width=\"400\" height=\"226\" src=\"https:\/\/neuronup.com\/br\/wp-content\/uploads\/2024\/09\/dislexia-infancia.webp\" class=\"entry-image size-landscape-sm\" alt=\"Livro aberto em superf\u00edcie clara, duas m\u00e3os segurando as p\u00e1ginas; letras estilizadas parecem emergir, sugerindo leitura.\" srcset=\"https:\/\/neuronup.com\/br\/wp-content\/uploads\/2024\/09\/dislexia-infancia-300x170.webp 300w, https:\/\/neuronup.com\/br\/wp-content\/uploads\/2024\/09\/dislexia-infancia-768x434.webp 768w, https:\/\/neuronup.com\/br\/wp-content\/uploads\/2024\/09\/dislexia-infancia-1024x579.webp 1024w, https:\/\/neuronup.com\/br\/wp-content\/uploads\/2024\/09\/dislexia-infancia.webp 1200w\" sizes=\"(max-width:599px) 599px, (min-width:600px) and (max-width: 799px) 799px, (min-width:800px) and (max-width: 999px) 333px, (min-width:1000px) 400px\" \/><\/a><div class=\"entry-wrap entry-wrap-grid\"><h3 class=\"entry-title\" itemprop=\"headline\"><a class=\"entry-title-link\" href=\"https:\/\/neuronup.com\/br\/noticias-de-estimulacao-cognitiva\/transtorno-de-linguagem\/a-dislexia-na-infancia\/\" rel=\"bookmark\">A dislexia como barreira na inf\u00e2ncia<\/a><\/h3>\n<\/div><\/article><article class=\"entry entry-grid is-column has-entry-link has-image has-image-first type-post category-transtorno-de-linguagem tag-afasia tag-linguagem tag-transtornos-do-neurodesenvolvimento\" style=\"--entry-index:2;\" aria-label=\"Avalia\u00e7\u00e3o e reabilita\u00e7\u00e3o neuropsicol\u00f3gica em afasias\" itemscope itemtype=\"https:\/\/schema.org\/CreativeWork\"><a class=\"entry-image-link\" href=\"https:\/\/neuronup.com\/br\/noticias-de-estimulacao-cognitiva\/transtorno-de-linguagem\/avaliacao-e-reabilitacao-neuropsicologica-nas-afasias\/\" tabindex=\"-1\" aria-hidden=\"true\"><img decoding=\"async\" width=\"300\" height=\"300\" src=\"https:\/\/neuronup.com\/br\/wp-content\/uploads\/2023\/01\/afasias.webp\" class=\"entry-image size-landscape-sm\" alt=\"Ilustra\u00e7\u00e3o de c\u00e9rebro em duas metades, esquerda l\u00f3gica com gr\u00e1ficos e f\u00f3rmulas; direita criativa com cores.\" srcset=\"https:\/\/neuronup.com\/br\/wp-content\/uploads\/2023\/01\/afasias-24x24.webp 24w, https:\/\/neuronup.com\/br\/wp-content\/uploads\/2023\/01\/afasias-48x48.webp 48w, https:\/\/neuronup.com\/br\/wp-content\/uploads\/2023\/01\/afasias-96x96.webp 96w, https:\/\/neuronup.com\/br\/wp-content\/uploads\/2023\/01\/afasias-150x150.webp 150w, https:\/\/neuronup.com\/br\/wp-content\/uploads\/2023\/01\/afasias-300x300.webp 300w, https:\/\/neuronup.com\/br\/wp-content\/uploads\/2023\/01\/afasias-768x768.webp 768w, https:\/\/neuronup.com\/br\/wp-content\/uploads\/2023\/01\/afasias-1024x1024.webp 1024w, https:\/\/neuronup.com\/br\/wp-content\/uploads\/2023\/01\/afasias.webp 1200w\" sizes=\"(max-width:599px) 599px, (min-width:600px) and (max-width: 799px) 799px, (min-width:800px) and (max-width: 999px) 333px, (min-width:1000px) 400px\" \/><\/a><div class=\"entry-wrap entry-wrap-grid\"><h3 class=\"entry-title\" itemprop=\"headline\"><a class=\"entry-title-link\" href=\"https:\/\/neuronup.com\/br\/noticias-de-estimulacao-cognitiva\/transtorno-de-linguagem\/avaliacao-e-reabilitacao-neuropsicologica-nas-afasias\/\" rel=\"bookmark\">Avalia\u00e7\u00e3o e reabilita\u00e7\u00e3o neuropsicol\u00f3gica em afasias<\/a><\/h3>\n<\/div><\/article><article class=\"entry entry-grid is-column has-entry-link has-image has-image-first type-post category-transtorno-de-linguagem tag-criancas tag-linguagem tag-transtornos-do-neurodesenvolvimento\" style=\"--entry-index:3;\" aria-label=\"Transtorno de aprendizagem n\u00e3o verbal\" itemscope itemtype=\"https:\/\/schema.org\/CreativeWork\"><a class=\"entry-image-link\" href=\"https:\/\/neuronup.com\/br\/noticias-de-estimulacao-cognitiva\/transtorno-de-linguagem\/transtorno-de-aprendizagem-nao-verbal\/\" tabindex=\"-1\" aria-hidden=\"true\"><img decoding=\"async\" width=\"400\" height=\"267\" src=\"https:\/\/neuronup.com\/br\/wp-content\/uploads\/2022\/12\/Trastorno-de-aprendizaje-no-verbal.webp\" class=\"entry-image size-landscape-sm\" alt=\"Crian\u00e7a concentrada escrevendo em caderno; cabelo crespo em coque, blusa clara e jaqueta verde, colega ao lado, ilumina\u00e7\u00e3o.\" srcset=\"https:\/\/neuronup.com\/br\/wp-content\/uploads\/2022\/12\/Trastorno-de-aprendizaje-no-verbal-300x200.webp 300w, https:\/\/neuronup.com\/br\/wp-content\/uploads\/2022\/12\/Trastorno-de-aprendizaje-no-verbal-768x512.webp 768w, https:\/\/neuronup.com\/br\/wp-content\/uploads\/2022\/12\/Trastorno-de-aprendizaje-no-verbal-1024x683.webp 1024w, https:\/\/neuronup.com\/br\/wp-content\/uploads\/2022\/12\/Trastorno-de-aprendizaje-no-verbal.webp 1200w\" sizes=\"(max-width:599px) 599px, (min-width:600px) and (max-width: 799px) 799px, (min-width:800px) and (max-width: 999px) 333px, (min-width:1000px) 400px\" \/><\/a><div class=\"entry-wrap entry-wrap-grid\"><h3 class=\"entry-title\" itemprop=\"headline\"><a class=\"entry-title-link\" href=\"https:\/\/neuronup.com\/br\/noticias-de-estimulacao-cognitiva\/transtorno-de-linguagem\/transtorno-de-aprendizagem-nao-verbal\/\" rel=\"bookmark\">Transtorno de aprendizagem n\u00e3o verbal<\/a><\/h3>\n<\/div><\/article><article class=\"entry entry-grid is-column has-entry-link has-image has-image-first type-post category-transtorno-de-linguagem tag-afasia tag-lesao-cerebral tag-lesao-cerebral-adquirida tag-linguagem\" style=\"--entry-index:4;\" aria-label=\"Afasia: diagn\u00f3stico diferencial e tipos de afasias\" itemscope itemtype=\"https:\/\/schema.org\/CreativeWork\"><a class=\"entry-image-link\" href=\"https:\/\/neuronup.com\/br\/noticias-de-estimulacao-cognitiva\/transtorno-de-linguagem\/afasia-tipos\/\" tabindex=\"-1\" aria-hidden=\"true\"><img decoding=\"async\" width=\"400\" height=\"267\" src=\"https:\/\/neuronup.com\/br\/wp-content\/uploads\/2022\/10\/afasia.webp\" class=\"entry-image size-landscape-sm\" alt=\"Perfil humano estilizado em fundo azul, com redes de conex\u00f5es dentro da cabe\u00e7a e um ponto de luz azul roxo no centro.\" srcset=\"https:\/\/neuronup.com\/br\/wp-content\/uploads\/2022\/10\/afasia-300x200.webp 300w, https:\/\/neuronup.com\/br\/wp-content\/uploads\/2022\/10\/afasia-768x512.webp 768w, https:\/\/neuronup.com\/br\/wp-content\/uploads\/2022\/10\/afasia-1024x683.webp 1024w, https:\/\/neuronup.com\/br\/wp-content\/uploads\/2022\/10\/afasia.webp 1200w\" sizes=\"(max-width:599px) 599px, (min-width:600px) and (max-width: 799px) 799px, (min-width:800px) and (max-width: 999px) 333px, (min-width:1000px) 400px\" \/><\/a><div class=\"entry-wrap entry-wrap-grid\"><h3 class=\"entry-title\" itemprop=\"headline\"><a class=\"entry-title-link\" href=\"https:\/\/neuronup.com\/br\/noticias-de-estimulacao-cognitiva\/transtorno-de-linguagem\/afasia-tipos\/\" rel=\"bookmark\">Afasia: diagn\u00f3stico diferencial e tipos de afasias<\/a><\/h3>\n<\/div><\/article><article class=\"entry entry-grid is-column has-entry-link has-image has-image-first type-post category-transtorno-de-linguagem tag-atividades-de-estimulacao-cognitiva tag-criancas tag-disturbios-do-desenvolvimento-neurologico tag-linguagem\" style=\"--entry-index:5;\" aria-label=\"Dist\u00farbio Espec\u00edfico de Linguagem (DEL): causas, sintomas e comorbidades\" itemscope itemtype=\"https:\/\/schema.org\/CreativeWork\"><a class=\"entry-image-link\" href=\"https:\/\/neuronup.com\/br\/noticias-de-estimulacao-cognitiva\/transtorno-de-linguagem\/disturbio-de-linguagem-del-causas-sintomas-e-comorbidades\/\" tabindex=\"-1\" aria-hidden=\"true\"><img decoding=\"async\" width=\"400\" height=\"300\" src=\"https:\/\/neuronup.com\/br\/wp-content\/uploads\/2024\/12\/woman-doing-speech-therapy-with-little-boy-at-her-clinic-1-1-1-400x300.webp\" class=\"entry-image size-landscape-sm\" alt=\"Profissional de terapia da fala orienta crian\u00e7a durante sess\u00e3o, com folhas de letras coloridas sobre a mesa.\" srcset=\"https:\/\/neuronup.com\/br\/wp-content\/uploads\/2024\/12\/woman-doing-speech-therapy-with-little-boy-at-her-clinic-1-1-1-400x300.webp 400w, https:\/\/neuronup.com\/br\/wp-content\/uploads\/2024\/12\/woman-doing-speech-therapy-with-little-boy-at-her-clinic-1-1-1-800x600.webp 800w\" sizes=\"(max-width:599px) 599px, (min-width:600px) and (max-width: 799px) 799px, (min-width:800px) and (max-width: 999px) 333px, (min-width:1000px) 400px\" \/><\/a><div class=\"entry-wrap entry-wrap-grid\"><h3 class=\"entry-title\" itemprop=\"headline\"><a class=\"entry-title-link\" href=\"https:\/\/neuronup.com\/br\/noticias-de-estimulacao-cognitiva\/transtorno-de-linguagem\/disturbio-de-linguagem-del-causas-sintomas-e-comorbidades\/\" rel=\"bookmark\">Dist\u00farbio Espec\u00edfico de Linguagem (DEL): causas, sintomas e comorbidades<\/a><\/h3>\n<\/div><\/article><article class=\"entry entry-grid is-column has-entry-link has-image has-image-first type-post category-transtorno-de-linguagem tag-depoimentos tag-estimulacao-cognitiva tag-linguagem tag-telerreabilitacao\" style=\"--entry-index:6;\" aria-label=\"Fonoaudiologia online: metodologia e exerc\u00edcios de fonoaudiologia\" itemscope itemtype=\"https:\/\/schema.org\/CreativeWork\"><a class=\"entry-image-link\" href=\"https:\/\/neuronup.com\/br\/noticias-de-estimulacao-cognitiva\/transtorno-de-linguagem\/fonoaudiologia-online-metodologia-e-exercicios-de-fonoaudiologia\/\" tabindex=\"-1\" aria-hidden=\"true\"><img decoding=\"async\" width=\"400\" height=\"300\" src=\"https:\/\/neuronup.com\/br\/wp-content\/uploads\/2024\/12\/NeuronUP-para-fonoaudiologia-400x300.webp\" class=\"entry-image size-landscape-sm\" alt=\"Crian\u00e7a sentada \u00e0 mesa, de costas, interage com tablet; tela azul com c\u00edrculos coloridos. Sala de aula com foco na atividade.\" srcset=\"https:\/\/neuronup.com\/br\/wp-content\/uploads\/2024\/12\/NeuronUP-para-fonoaudiologia-400x300.webp 400w, https:\/\/neuronup.com\/br\/wp-content\/uploads\/2024\/12\/NeuronUP-para-fonoaudiologia-800x600.webp 800w, https:\/\/neuronup.com\/br\/wp-content\/uploads\/2024\/12\/NeuronUP-para-fonoaudiologia-1200x900.webp 1200w\" sizes=\"(max-width:599px) 599px, (min-width:600px) and (max-width: 799px) 799px, (min-width:800px) and (max-width: 999px) 333px, (min-width:1000px) 400px\" \/><\/a><div class=\"entry-wrap entry-wrap-grid\"><h3 class=\"entry-title\" itemprop=\"headline\"><a class=\"entry-title-link\" href=\"https:\/\/neuronup.com\/br\/noticias-de-estimulacao-cognitiva\/transtorno-de-linguagem\/fonoaudiologia-online-metodologia-e-exercicios-de-fonoaudiologia\/\" rel=\"bookmark\">Fonoaudiologia online: metodologia e exerc\u00edcios de fonoaudiologia<\/a><\/h3>\n<\/div><\/article><\/div><\/div>","protected":false},"excerpt":{"rendered":"<p>O Dist\u00farbio Espec\u00edfico de Linguagem (DEL) \u00e9 um dist\u00farbio do neurodesenvolvimento grave e duradouro que afeta a aquisi\u00e7\u00e3o e o desenvolvimento da linguagem oral. Al\u00e9m disso, pode alterar tanto a \u00e1rea abrangente quanto a expressiva ou ambas. \u00c9 classificado como um dist\u00farbio \u201cheterog\u00eaneo\u201d porque nunca encontraremos dois DELs id\u00eanticos. Isso significa que os sintomas variam &hellip;<\/p>\n","protected":false},"author":247,"featured_media":34046,"comment_status":"open","ping_status":"open","sticky":false,"template":"","format":"standard","meta":{"_acf_changed":false,"_genesis_hide_title":false,"_genesis_hide_breadcrumbs":false,"_genesis_hide_singular_image":false,"_genesis_hide_footer_widgets":false,"_genesis_custom_body_class":"","_genesis_custom_post_class":"","_genesis_layout":"","footnotes":""},"categories":[619],"tags":[545,569,614,547],"class_list":{"2":"type-post","7":"category-transtorno-de-linguagem","8":"tag-atividades-de-estimulacao-cognitiva","9":"tag-criancas","10":"tag-disturbios-do-desenvolvimento-neurologico","11":"tag-linguagem","12":"entry"},"acf":[],"_links":{"self":[{"href":"https:\/\/neuronup.com\/br\/wp-json\/wp\/v2\/posts\/6882","targetHints":{"allow":["GET"]}}],"collection":[{"href":"https:\/\/neuronup.com\/br\/wp-json\/wp\/v2\/posts"}],"about":[{"href":"https:\/\/neuronup.com\/br\/wp-json\/wp\/v2\/types\/post"}],"author":[{"embeddable":true,"href":"https:\/\/neuronup.com\/br\/wp-json\/wp\/v2\/users\/247"}],"replies":[{"embeddable":true,"href":"https:\/\/neuronup.com\/br\/wp-json\/wp\/v2\/comments?post=6882"}],"version-history":[{"count":0,"href":"https:\/\/neuronup.com\/br\/wp-json\/wp\/v2\/posts\/6882\/revisions"}],"wp:featuredmedia":[{"embeddable":true,"href":"https:\/\/neuronup.com\/br\/wp-json\/wp\/v2\/media\/34046"}],"wp:attachment":[{"href":"https:\/\/neuronup.com\/br\/wp-json\/wp\/v2\/media?parent=6882"}],"wp:term":[{"taxonomy":"category","embeddable":true,"href":"https:\/\/neuronup.com\/br\/wp-json\/wp\/v2\/categories?post=6882"},{"taxonomy":"post_tag","embeddable":true,"href":"https:\/\/neuronup.com\/br\/wp-json\/wp\/v2\/tags?post=6882"}],"curies":[{"name":"wp","href":"https:\/\/api.w.org\/{rel}","templated":true}]}}