{"id":6783,"date":"2024-08-12T13:05:23","date_gmt":"2024-08-12T11:05:23","guid":{"rendered":"https:\/\/neuronup.com\/br\/?p=6783"},"modified":"2025-02-13T12:36:19","modified_gmt":"2025-02-13T10:36:19","slug":"em-direcao-a-uma-neurodidatica-do-aprendizado-musical","status":"publish","type":"post","link":"https:\/\/neuronup.com\/br\/noticias-de-estimulacao-cognitiva\/deficiencia-intelectual\/em-direcao-a-uma-neurodidatica-do-aprendizado-musical\/","title":{"rendered":"Em dire\u00e7\u00e3o a uma neurodid\u00e1tica do aprendizado musical"},"content":{"rendered":"\n<p class=\"has-large-font-size\">Uma abordagem neurodid\u00e1tica para o ensino inclusivo de m\u00fasica que apresenta inova\u00e7\u00f5es na educa\u00e7\u00e3o musical. Neste artigo, o m\u00fasico e professor Ruben Montaldo D&#8217;Albora explora como a <strong>m\u00fasica e a neurodid\u00e1tica podem promover o desenvolvimento de habilidades cognitivas em alunos com defici\u00eancias<\/strong>, integrando ferramentas como a NeuronUP para aprimorar o aprendizado e a reabilita\u00e7\u00e3o cognitiva.<\/p>\n\n\n\n<p>Como m\u00fasico e professor profissional com mais de 40 anos de experi\u00eancia, dos quais os \u00faltimos 30 foram dedicados ao ensino especializado de m\u00fasica, desenvolvi o <strong>Programa de Acessibilidade Musical do Uruguai<\/strong>, patrocinado pela UNESCO e pelo UNICEF desde 2013. Esse programa criou a <strong>Orquesta Inclusiva Estable<\/strong>, composta por alunos com TEA, s\u00edndrome de Down e paralisia cerebral, juntamente com m\u00fasicos profissionais.<\/p>\n\n\n\n<p>Este artigo, baseado em minha ampla experi\u00eancia, explora como <strong>a neurodid\u00e1tica do aprendizado musical pode contribuir para a estimula\u00e7\u00e3o e o desenvolvimento de habilidades cognitivas e <a href=\"https:\/\/neuronup.com\/br\/areas-de-intervencao\/funcoes-cognitivas\/funcoes-executivas\/\">fun\u00e7\u00f5es executivas<\/a> nesses alunos.<\/strong><br><br>\u00c9 tamb\u00e9m proposta a integra\u00e7\u00e3o da plataforma NeuronUP como uma ferramenta valiosa nessa abordagem educacional.<\/p>\n\n\n\n<h2 class=\"wp-block-heading\">Fundamentos da neurodid\u00e1tica da m\u00fasica<\/h2>\n\n\n\n<p>A neurodid\u00e1tica da m\u00fasica <strong>combina princ\u00edpios da neuroci\u00eancia e da pedagogia para criar estrat\u00e9gias de ensino que aprimorem o desenvolvimento cognitivo e emocional dos alunos<\/strong>. Essa abordagem baseia-se na premissa de que a m\u00fasica n\u00e3o apenas enriquece a vida art\u00edstica dos alunos, mas tamb\u00e9m tem um impacto significativo em seu desenvolvimento intelectual e social.<\/p>\n\n\n\n<h3 class=\"wp-block-heading\">Conceito e relev\u00e2ncia<\/h3>\n\n\n\n<p>A Neurodid\u00e1tica baseia-se em uma compreens\u00e3o dos processos neurol\u00f3gicos subjacentes ao aprendizado. No contexto da m\u00fasica, isso envolve a cria\u00e7\u00e3o de atividades que estimulem \u00e1reas espec\u00edficas do c\u00e9rebro respons\u00e1veis pela percep\u00e7\u00e3o auditiva, aten\u00e7\u00e3o, mem\u00f3ria e fun\u00e7\u00f5es executivas. A pr\u00e1tica musical pode aprimorar significativamente essas habilidades, proporcionando uma base s\u00f3lida para o aprendizado acad\u00eamico e o desenvolvimento pessoal.<\/p>\n\n\n\n<h3 class=\"wp-block-heading\">Aplica\u00e7\u00e3o na educa\u00e7\u00e3o inclusiva<\/h3>\n\n\n\n<p>A educa\u00e7\u00e3o musical inclusiva \u00e9 adaptada \u00e0s necessidades individuais de cada aluno, especialmente daqueles com defici\u00eancias como TEA, s\u00edndrome de Down e paralisia cerebral. Atividades como improvisa\u00e7\u00e3o espont\u00e2nea e jogos auditivos n\u00e3o apenas incentivam a criatividade e a autoexpress\u00e3o, mas tamb\u00e9m melhoram a coordena\u00e7\u00e3o psicomotora e a integra\u00e7\u00e3o sensorial, que s\u00e3o essenciais para o desenvolvimento cognitivo geral.<\/p>\n\n\n\n<h2 class=\"wp-block-heading\">Impacto neuropsicol\u00f3gico do aprendizado musical<\/h2>\n\n\n\n<p>O aprendizado musical <strong>tem efeitos profundos em v\u00e1rias fun\u00e7\u00f5es cognitivas<\/strong>, especialmente em alunos com defici\u00eancias graves e patologias psiqui\u00e1tricas. A m\u00fasica, por ser um est\u00edmulo multissensorial, ativa v\u00e1rias \u00e1reas do c\u00e9rebro, promovendo uma integra\u00e7\u00e3o complexa das fun\u00e7\u00f5es cognitivas e emocionais.<\/p>\n\n\n\n<h3 class=\"wp-block-heading\">Percep\u00e7\u00e3o auditiva e de aten\u00e7\u00e3o<\/h3>\n\n\n\n<p>A percep\u00e7\u00e3o auditiva \u00e9 fundamental na m\u00fasica, pois os alunos precisam identificar e diferenciar sons, tons e ritmos. Isso aprimora a aten\u00e7\u00e3o sustentada e seletiva, permitindo que os alunos se concentrem melhor nas tarefas e melhorem seu desempenho acad\u00eamico. A pr\u00e1tica musical consistente fortalece essas habilidades, proporcionando uma base s\u00f3lida para o aprendizado.<\/p>\n\n\n\n<h3 class=\"wp-block-heading\">Mem\u00f3ria e fun\u00e7\u00f5es executivas<\/h3>\n\n\n\n<p>A mem\u00f3ria de trabalho \u00e9 essencial na performance musical, pois os alunos precisam se lembrar de sequ\u00eancias de notas e acordes. Isso n\u00e3o apenas fortalece a mem\u00f3ria musical, mas tamb\u00e9m a mem\u00f3ria geral, beneficiando outras \u00e1reas do aprendizado. A m\u00fasica tamb\u00e9m melhora as fun\u00e7\u00f5es executivas, como planejamento, organiza\u00e7\u00e3o e flexibilidade cognitiva, habilidades essenciais para a solu\u00e7\u00e3o de problemas e adapta\u00e7\u00e3o a novas situa\u00e7\u00f5es.<\/p>\n\n\n\n<h2 class=\"wp-block-heading\">Exemplos de atividades musicais para o desenvolvimento cognitivo<\/h2>\n\n\n\n<p>Abaixo est\u00e3o algumas atividades musicais que podem estimular e desenvolver habilidades cognitivas espec\u00edficas com base nos livros criados no \u00e2mbito do Programa de Acessibilidade Musical do Uruguai (&#8220;Planejamento por Compet\u00eancias &#8211; Aprendendo a Aprender com a M\u00fasica&#8221; e &#8220;Pedagogia Musical Inclusiva&#8221;).<\/p>\n\n\n\n<h3 class=\"wp-block-heading\">Improviso espont\u00e2neo<\/h3>\n\n\n\n<p><span style=\"text-decoration: underline;\">Descri\u00e7\u00e3o:<\/span> A improvisa\u00e7\u00e3o espont\u00e2nea envolve a cria\u00e7\u00e3o de melodias em tempo real de forma intuitiva. Os alunos s\u00e3o incentivados a explorar livremente os sons e as possibilidades de cada instrumento sem seguir partituras estritas.<\/p>\n\n\n\n<p><span style=\"text-decoration: underline;\">Benef\u00edcios: <\/span>Promove a autoexpress\u00e3o, melhora a percep\u00e7\u00e3o auditiva e a mem\u00f3ria de trabalho e facilita a coordena\u00e7\u00e3o psicomotora.<\/p>\n\n\n\n<h3 class=\"wp-block-heading\">Jogo de escuta<\/h3>\n\n\n\n<p><span style=\"text-decoration: underline;\">Descri\u00e7\u00e3o:<\/span> O professor toca uma s\u00e9rie de notas ou acordes e pede aos alunos que os identifiquem e reproduzam.<\/p>\n\n\n\n<p><span style=\"text-decoration: underline;\">Benef\u00edcios:<\/span> Melhora a percep\u00e7\u00e3o auditiva, a aten\u00e7\u00e3o e a mem\u00f3ria. Esse exerc\u00edcio ajuda a desenvolver a capacidade de processar informa\u00e7\u00f5es auditivas rapidamente.<\/p>\n\n\n\n<h3 class=\"wp-block-heading\">Ensaio segmentado<\/h3>\n\n\n\n<p><span style=\"text-decoration: underline;\">Descri\u00e7\u00e3o<\/span>: Os alunos praticam uma pe\u00e7a musical dividindo-a em pequenos segmentos, concentrando-se atentamente em cada se\u00e7\u00e3o antes de passar para a pr\u00f3xima.<\/p>\n\n\n\n<p><span style=\"text-decoration: underline;\">Benef\u00edcios:<\/span> Melhora a aten\u00e7\u00e3o, o planejamento e a organiza\u00e7\u00e3o, ajudando os alunos a se concentrarem em detalhes e a manterem a aten\u00e7\u00e3o por longos per\u00edodos de tempo.<\/p>\n\n\n\n<h2 class=\"wp-block-heading\">Integra\u00e7\u00e3o da NeuronUP em neurodid\u00e1tica musical<\/h2>\n\n\n\n<p>A plataforma <a href=\"https:\/\/neuronup.com\/br\/\">NeuronUP<\/a> oferece uma ampla variedade de atividades desenvolvidas para a reabilita\u00e7\u00e3o cognitiva, o que a torna uma ferramenta ideal para complementar a neurodid\u00e1tica do aprendizado musical. A integra\u00e7\u00e3o do NeuronUP ao processo educacional pode aprimorar os benef\u00edcios cognitivos e emocionais da m\u00fasica, oferecendo uma abordagem multidisciplinar e personalizada e permitindo a avalia\u00e7\u00e3o do desenvolvimento cognitivo musical dos alunos.<\/p>\n\n\n\n<h3 class=\"wp-block-heading\">Benef\u00edcios da NeuronUP<\/h3>\n\n\n\n<ol class=\"wp-block-list\">\n<li><strong>Reabilita\u00e7\u00e3o cognitiva<\/strong>: a NeuronUP oferece exerc\u00edcios espec\u00edficos para melhorar as fun\u00e7\u00f5es cognitivas, como mem\u00f3ria, aten\u00e7\u00e3o e planejamento. Esses exerc\u00edcios podem ser integrados a atividades musicais espec\u00edficas sistematizadas pelo Programa de Acessibilidade Musical para refor\u00e7ar o desenvolvimento cognitivo dos alunos.<\/li>\n\n\n\n<li><strong>Avalia\u00e7\u00e3o e monitoramento personalizados<\/strong>: a plataforma permite que professores e neuropsic\u00f3logos avaliem e monitorem o progresso de cada aluno, adaptando as atividades e desenvolvendo-as de acordo com as necessidades individuais. Isso garante uma abordagem personalizada e eficaz para cada aluno.<\/li>\n\n\n\n<li><strong>Acessibilidade e flexibilidade:<\/strong> a NeuronUP oferece recursos acess\u00edveis de qualquer lugar, permitindo que os alunos continuem sua reabilita\u00e7\u00e3o e pr\u00e1tica musical em casa. Essa flexibilidade \u00e9 especialmente valiosa para alunos com defici\u00eancias graves que podem precisar de um ambiente de aprendizado adaptado.<\/li>\n\n\n\n<li><strong>Interatividade e motiva\u00e7\u00e3o:<\/strong> As atividades interativas da NeuronUP s\u00e3o envolventes e motivadoras, incentivando a participa\u00e7\u00e3o ativa e o envolvimento dos alunos. A combina\u00e7\u00e3o dessas atividades com a pr\u00e1tica musical cria um ambiente de aprendizado din\u00e2mico e estimulante.<\/li>\n<\/ol>\n\n\n\n<h2 class=\"wp-block-heading\">Conclus\u00e3o<\/h2>\n\n\n\n<p>A neurodid\u00e1tica do aprendizado musical representa uma abordagem inovadora que combina princ\u00edpios pedag\u00f3gicos art\u00edsticos e neuropsicol\u00f3gicos para melhorar o desenvolvimento cognitivo e emocional dos alunos, especialmente aqueles com defici\u00eancias graves e patologias psiqui\u00e1tricas. A integra\u00e7\u00e3o da plataforma NeuronUP nesse processo oferece ferramentas adicionais que aumentam os benef\u00edcios da m\u00fasica, proporcionando uma abordagem multidisciplinar, personalizada e acess\u00edvel.<\/p>\n\n\n\n<p>Concluindo, a combina\u00e7\u00e3o de neurodid\u00e1tica musical e NeuronUP n\u00e3o apenas enriquece o aprendizado musical, mas tamb\u00e9m contribui significativamente para a reabilita\u00e7\u00e3o cognitiva e o desenvolvimento integral dos alunos. Essa sinergia representa uma oportunidade valiosa para inovar na educa\u00e7\u00e3o e na interven\u00e7\u00e3o psicossocial, beneficiando alunos, fam\u00edlias e comunidades.<\/p>\n\n\n\n<h2 class=\"wp-block-heading\">Bibliografia<\/h2>\n\n\n\n<ul class=\"wp-block-list has-sm-font-size\">\n<li class=\"has-sm-font-size\">Children\u2019s brains develop faster with music training &#8211; USC Today. Disponible en: USC Today. https:\/\/today.usc.edu\/childrens-brains-develop-faster-with-music-training\/<\/li>\n\n\n\n<li class=\"has-sm-font-size\">The Cognitive Benefits of Music &#8211; Edutopia. Disponible en: Edutopia. https:\/\/www.edutopia.org\/arts-music-curriculum-child-development<\/li>\n<\/ul>\n\n\n\n<h3 class=\"wp-block-heading\">Se voc\u00ea gostou deste artigo sobre neurodid\u00e1tica na m\u00fasica, <strong>provavelmente se interessar\u00e1 por estes artigos da NeuronUP:<\/strong><\/h3>\n\n\n<div class=\"mai-grid entries entries-grid has-boxed has-image-full\" style=\"--entry-title-font-size:var(--font-size-lg);--align-text:start;--entry-meta-text-align:start;\"><div class=\"entries-wrap has-columns\" style=\"--columns-xs:1\/1;--columns-sm:1\/1;--columns-md:1\/3;--columns-lg:1\/3;--flex-xs:0 0 var(--flex-basis);--flex-sm:0 0 var(--flex-basis);--flex-md:0 0 var(--flex-basis);--flex-lg:0 0 var(--flex-basis);--column-gap:var(--spacing-lg);--row-gap:var(--spacing-lg);--align-columns:start;\"><article class=\"entry entry-grid is-column has-entry-link has-image has-image-first type-post category-deficiencia-intelectual tag-deficiencia-intelectual tag-neuropsicologia\" style=\"--entry-index:1;\" aria-label=\"Consumo de \u00e1lcool durante a gravidez: efeitos no c\u00e9rebro fetal e risco de defici\u00eancia intelectual\" itemscope itemtype=\"https:\/\/schema.org\/CreativeWork\"><a class=\"entry-image-link\" href=\"https:\/\/neuronup.com\/br\/noticias-de-estimulacao-cognitiva\/deficiencia-intelectual\/consumo-de-alcool-durante-a-gravidez-efeitos-no-cerebro-fetal-e-risco-de-deficiencia-intelectual\/\" tabindex=\"-1\" aria-hidden=\"true\"><img decoding=\"async\" width=\"400\" height=\"267\" src=\"https:\/\/neuronup.com\/br\/wp-content\/uploads\/2024\/10\/Consumo-de-alcohol-durante-el-embarazo-efectos-en-el-cerebro-fetal-y-riesgo-de-discapacidad-intelectual-NeuronUP.webp\" class=\"entry-image size-landscape-sm\" alt=\"Mulher gr\u00e1vida segurando sapatinhos de couro marrom, em ambiente dom\u00e9stico acolhedor, com sorriso suave e foco nas m\u00e3os.\" srcset=\"https:\/\/neuronup.com\/br\/wp-content\/uploads\/2024\/10\/Consumo-de-alcohol-durante-el-embarazo-efectos-en-el-cerebro-fetal-y-riesgo-de-discapacidad-intelectual-NeuronUP-300x200.webp 300w, https:\/\/neuronup.com\/br\/wp-content\/uploads\/2024\/10\/Consumo-de-alcohol-durante-el-embarazo-efectos-en-el-cerebro-fetal-y-riesgo-de-discapacidad-intelectual-NeuronUP-768x512.webp 768w, https:\/\/neuronup.com\/br\/wp-content\/uploads\/2024\/10\/Consumo-de-alcohol-durante-el-embarazo-efectos-en-el-cerebro-fetal-y-riesgo-de-discapacidad-intelectual-NeuronUP-1024x683.webp 1024w, https:\/\/neuronup.com\/br\/wp-content\/uploads\/2024\/10\/Consumo-de-alcohol-durante-el-embarazo-efectos-en-el-cerebro-fetal-y-riesgo-de-discapacidad-intelectual-NeuronUP.webp 1200w\" sizes=\"(max-width:599px) 599px, (min-width:600px) and (max-width: 799px) 799px, (min-width:800px) and (max-width: 999px) 333px, (min-width:1000px) 400px\" \/><\/a><div class=\"entry-wrap entry-wrap-grid\"><h3 class=\"entry-title\" itemprop=\"headline\"><a class=\"entry-title-link\" href=\"https:\/\/neuronup.com\/br\/noticias-de-estimulacao-cognitiva\/deficiencia-intelectual\/consumo-de-alcool-durante-a-gravidez-efeitos-no-cerebro-fetal-e-risco-de-deficiencia-intelectual\/\" rel=\"bookmark\">Consumo de \u00e1lcool durante a gravidez: efeitos no c\u00e9rebro fetal e risco de defici\u00eancia intelectual<\/a><\/h3>\n<\/div><\/article><article class=\"entry entry-grid is-column has-entry-link has-image has-image-first type-post category-deficiencia-intelectual tag-deficiencia-intelectual\" style=\"--entry-index:2;\" aria-label=\"Benef\u00edcios do lazer e do turismo para pessoas com defici\u00eancia\" itemscope itemtype=\"https:\/\/schema.org\/CreativeWork\"><a class=\"entry-image-link\" href=\"https:\/\/neuronup.com\/br\/noticias-de-estimulacao-cognitiva\/deficiencia-intelectual\/beneficios-do-lazer-e-do-turismo-para-pessoas-com-deficiencia\/\" tabindex=\"-1\" aria-hidden=\"true\"><img decoding=\"async\" width=\"400\" height=\"267\" src=\"https:\/\/neuronup.com\/br\/wp-content\/uploads\/2023\/12\/Beneficios-del-ocio-y-el-turismo-para-personas-con-discapacidad.webp\" class=\"entry-image size-landscape-sm\" alt=\"Grupo de pessoas ao ar livre, duas em cadeiras de rodas sendo empurradas, outras conversando sob \u00e1rvores em ambiente tranquilo.\" srcset=\"https:\/\/neuronup.com\/br\/wp-content\/uploads\/2023\/12\/Beneficios-del-ocio-y-el-turismo-para-personas-con-discapacidad-300x200.webp 300w, https:\/\/neuronup.com\/br\/wp-content\/uploads\/2023\/12\/Beneficios-del-ocio-y-el-turismo-para-personas-con-discapacidad-768x512.webp 768w, https:\/\/neuronup.com\/br\/wp-content\/uploads\/2023\/12\/Beneficios-del-ocio-y-el-turismo-para-personas-con-discapacidad-1024x683.webp 1024w, https:\/\/neuronup.com\/br\/wp-content\/uploads\/2023\/12\/Beneficios-del-ocio-y-el-turismo-para-personas-con-discapacidad.webp 1200w\" sizes=\"(max-width:599px) 599px, (min-width:600px) and (max-width: 799px) 799px, (min-width:800px) and (max-width: 999px) 333px, (min-width:1000px) 400px\" \/><\/a><div class=\"entry-wrap entry-wrap-grid\"><h3 class=\"entry-title\" itemprop=\"headline\"><a class=\"entry-title-link\" href=\"https:\/\/neuronup.com\/br\/noticias-de-estimulacao-cognitiva\/deficiencia-intelectual\/beneficios-do-lazer-e-do-turismo-para-pessoas-com-deficiencia\/\" rel=\"bookmark\">Benef\u00edcios do lazer e do turismo para pessoas com defici\u00eancia<\/a><\/h3>\n<\/div><\/article><article class=\"entry entry-grid is-column has-entry-link has-image has-image-first type-post category-sindrome-de-down tag-deficiencia-intelectual tag-sindrome-de-down\" style=\"--entry-index:3;\" aria-label=\"S\u00edndrome de Down: o que \u00e9, n\u00fameros, mitos e verdades\" itemscope itemtype=\"https:\/\/schema.org\/CreativeWork\"><a class=\"entry-image-link\" href=\"https:\/\/neuronup.com\/br\/noticias-de-estimulacao-cognitiva\/deficiencia-intelectual\/sindrome-de-down\/sindrome-de-down-o-que-e-cifras-mitos-e-verdades\/\" tabindex=\"-1\" aria-hidden=\"true\"><img decoding=\"async\" width=\"400\" height=\"267\" src=\"https:\/\/neuronup.com\/br\/wp-content\/uploads\/2022\/02\/people-with-down-syndrome-cute-bonding-WMX5BHK-655x437-1-1-1.webp\" class=\"entry-image size-landscape-sm\" alt=\"Homem e menina sentados em tronco de \u00e1rvore no parque, sorrindo juntos, ambiente natural com \u00e1rvores e grama.\" srcset=\"https:\/\/neuronup.com\/br\/wp-content\/uploads\/2022\/02\/people-with-down-syndrome-cute-bonding-WMX5BHK-655x437-1-1-1-300x200.webp 300w, https:\/\/neuronup.com\/br\/wp-content\/uploads\/2022\/02\/people-with-down-syndrome-cute-bonding-WMX5BHK-655x437-1-1-1.webp 767w\" sizes=\"(max-width:599px) 599px, (min-width:600px) and (max-width: 799px) 799px, (min-width:800px) and (max-width: 999px) 333px, (min-width:1000px) 400px\" \/><\/a><div class=\"entry-wrap entry-wrap-grid\"><h3 class=\"entry-title\" itemprop=\"headline\"><a class=\"entry-title-link\" href=\"https:\/\/neuronup.com\/br\/noticias-de-estimulacao-cognitiva\/deficiencia-intelectual\/sindrome-de-down\/sindrome-de-down-o-que-e-cifras-mitos-e-verdades\/\" rel=\"bookmark\">S\u00edndrome de Down: o que \u00e9, n\u00fameros, mitos e verdades<\/a><\/h3>\n<\/div><\/article><article class=\"entry entry-grid is-column has-entry-link has-image has-image-first type-post category-deficiencia-intelectual tag-criancas tag-deficiencia-intelectual\" style=\"--entry-index:4;\" aria-label=\"Em dire\u00e7\u00e3o a uma neurodid\u00e1tica do aprendizado musical\" itemscope itemtype=\"https:\/\/schema.org\/CreativeWork\"><a class=\"entry-image-link\" href=\"https:\/\/neuronup.com\/br\/noticias-de-estimulacao-cognitiva\/deficiencia-intelectual\/em-direcao-a-uma-neurodidatica-do-aprendizado-musical\/\" tabindex=\"-1\" aria-hidden=\"true\"><img decoding=\"async\" width=\"400\" height=\"300\" src=\"https:\/\/neuronup.com\/br\/wp-content\/uploads\/2024\/12\/Neurodidatica-no-ensino-da-musica-400x300.webp\" class=\"entry-image size-landscape-sm\" alt=\"Menina sentada perto de uma janela, observando pensativamente o teclado, com laptop aberto, caderno e planta na mesa.\" srcset=\"https:\/\/neuronup.com\/br\/wp-content\/uploads\/2024\/12\/Neurodidatica-no-ensino-da-musica-400x300.webp 400w, https:\/\/neuronup.com\/br\/wp-content\/uploads\/2024\/12\/Neurodidatica-no-ensino-da-musica-800x600.webp 800w\" sizes=\"(max-width:599px) 599px, (min-width:600px) and (max-width: 799px) 799px, (min-width:800px) and (max-width: 999px) 333px, (min-width:1000px) 400px\" \/><\/a><div class=\"entry-wrap entry-wrap-grid\"><h3 class=\"entry-title\" itemprop=\"headline\"><a class=\"entry-title-link\" href=\"https:\/\/neuronup.com\/br\/noticias-de-estimulacao-cognitiva\/deficiencia-intelectual\/em-direcao-a-uma-neurodidatica-do-aprendizado-musical\/\" rel=\"bookmark\">Em dire\u00e7\u00e3o a uma neurodid\u00e1tica do aprendizado musical<\/a><\/h3>\n<\/div><\/article><article class=\"entry entry-grid is-column has-entry-link has-image has-image-first type-post category-sindrome-de-down tag-deficiencia-intelectual tag-depoimentos tag-sindrome-de-down\" style=\"--entry-index:5;\" aria-label=\"Trabalho com pessoas com s\u00edndrome de Down por grupos et\u00e1rios\" itemscope itemtype=\"https:\/\/schema.org\/CreativeWork\"><a class=\"entry-image-link\" href=\"https:\/\/neuronup.com\/br\/noticias-de-estimulacao-cognitiva\/deficiencia-intelectual\/sindrome-de-down\/trabalho-com-pessoas-com-sindrome-de-down-por-grupos-etarios\/\" tabindex=\"-1\" aria-hidden=\"true\"><img decoding=\"async\" width=\"400\" height=\"300\" src=\"https:\/\/neuronup.com\/br\/wp-content\/uploads\/2024\/12\/Trabalho-com-pessoas-com-sindrome-de-Down-por-grupos-etarios-400x300.webp\" class=\"entry-image size-landscape-sm\" alt=\"Menino sorridente com tablet em sala de aula, exibindo a mensagem &#039;N\u00e3o pode ser feito&#039;; outro estudante concentrado.\" srcset=\"https:\/\/neuronup.com\/br\/wp-content\/uploads\/2024\/12\/Trabalho-com-pessoas-com-sindrome-de-Down-por-grupos-etarios-300x225.webp 300w, https:\/\/neuronup.com\/br\/wp-content\/uploads\/2024\/12\/Trabalho-com-pessoas-com-sindrome-de-Down-por-grupos-etarios-400x300.webp 400w, https:\/\/neuronup.com\/br\/wp-content\/uploads\/2024\/12\/Trabalho-com-pessoas-com-sindrome-de-Down-por-grupos-etarios-768x576.webp 768w, https:\/\/neuronup.com\/br\/wp-content\/uploads\/2024\/12\/Trabalho-com-pessoas-com-sindrome-de-Down-por-grupos-etarios-800x600.webp 800w, https:\/\/neuronup.com\/br\/wp-content\/uploads\/2024\/12\/Trabalho-com-pessoas-com-sindrome-de-Down-por-grupos-etarios-1024x768.webp 1024w, https:\/\/neuronup.com\/br\/wp-content\/uploads\/2024\/12\/Trabalho-com-pessoas-com-sindrome-de-Down-por-grupos-etarios.webp 1200w\" sizes=\"(max-width:599px) 599px, (min-width:600px) and (max-width: 799px) 799px, (min-width:800px) and (max-width: 999px) 333px, (min-width:1000px) 400px\" \/><\/a><div class=\"entry-wrap entry-wrap-grid\"><h3 class=\"entry-title\" itemprop=\"headline\"><a class=\"entry-title-link\" href=\"https:\/\/neuronup.com\/br\/noticias-de-estimulacao-cognitiva\/deficiencia-intelectual\/sindrome-de-down\/trabalho-com-pessoas-com-sindrome-de-down-por-grupos-etarios\/\" rel=\"bookmark\">Trabalho com pessoas com s\u00edndrome de Down por grupos et\u00e1rios<\/a><\/h3>\n<\/div><\/article><article class=\"entry entry-grid is-column has-entry-link has-image has-image-first type-post category-sindrome-de-down tag-atividades-de-estimulacao-cognitiva tag-deficiencia-intelectual tag-depoimentos tag-sindrome-de-down\" style=\"--entry-index:6;\" aria-label=\"Atividades para pessoas com s\u00edndrome de Down\" itemscope itemtype=\"https:\/\/schema.org\/CreativeWork\"><a class=\"entry-image-link\" href=\"https:\/\/neuronup.com\/br\/noticias-de-estimulacao-cognitiva\/deficiencia-intelectual\/sindrome-de-down\/atividades-para-pessoas-com-sindrome-de-down\/\" tabindex=\"-1\" aria-hidden=\"true\"><img decoding=\"async\" width=\"400\" height=\"300\" src=\"https:\/\/neuronup.com\/br\/wp-content\/uploads\/2024\/12\/Atividades-multidisciplinares-para-sindrome-de-down-400x300.webp\" class=\"entry-image size-landscape-sm\" alt=\"Menina sorridente diante de um computador em sala educativa, concentrada em um jogo com imagens, usando blusa vermelha e la\u00e7o.\" srcset=\"https:\/\/neuronup.com\/br\/wp-content\/uploads\/2024\/12\/Atividades-multidisciplinares-para-sindrome-de-down-400x300.webp 400w, https:\/\/neuronup.com\/br\/wp-content\/uploads\/2024\/12\/Atividades-multidisciplinares-para-sindrome-de-down-800x600.webp 800w\" sizes=\"(max-width:599px) 599px, (min-width:600px) and (max-width: 799px) 799px, (min-width:800px) and (max-width: 999px) 333px, (min-width:1000px) 400px\" \/><\/a><div class=\"entry-wrap entry-wrap-grid\"><h3 class=\"entry-title\" itemprop=\"headline\"><a class=\"entry-title-link\" href=\"https:\/\/neuronup.com\/br\/noticias-de-estimulacao-cognitiva\/deficiencia-intelectual\/sindrome-de-down\/atividades-para-pessoas-com-sindrome-de-down\/\" rel=\"bookmark\">Atividades para pessoas com s\u00edndrome de Down<\/a><\/h3>\n<\/div><\/article><\/div><\/div>","protected":false},"excerpt":{"rendered":"<p>Uma abordagem neurodid\u00e1tica para o ensino inclusivo de m\u00fasica que apresenta inova\u00e7\u00f5es na educa\u00e7\u00e3o musical. Neste artigo, o m\u00fasico e professor Ruben Montaldo D&#8217;Albora explora como a m\u00fasica e a neurodid\u00e1tica podem promover o desenvolvimento de habilidades cognitivas em alunos com defici\u00eancias, integrando ferramentas como a NeuronUP para aprimorar o aprendizado e a reabilita\u00e7\u00e3o cognitiva. &hellip;<\/p>\n","protected":false},"author":244,"featured_media":33687,"comment_status":"open","ping_status":"open","sticky":false,"template":"","format":"standard","meta":{"_acf_changed":false,"_genesis_hide_title":false,"_genesis_hide_breadcrumbs":false,"_genesis_hide_singular_image":false,"_genesis_hide_footer_widgets":false,"_genesis_custom_body_class":"","_genesis_custom_post_class":"","_genesis_layout":"","footnotes":""},"categories":[624],"tags":[569,562],"class_list":{"2":"type-post","7":"category-deficiencia-intelectual","8":"tag-criancas","9":"tag-deficiencia-intelectual","10":"entry"},"acf":[],"_links":{"self":[{"href":"https:\/\/neuronup.com\/br\/wp-json\/wp\/v2\/posts\/6783","targetHints":{"allow":["GET"]}}],"collection":[{"href":"https:\/\/neuronup.com\/br\/wp-json\/wp\/v2\/posts"}],"about":[{"href":"https:\/\/neuronup.com\/br\/wp-json\/wp\/v2\/types\/post"}],"author":[{"embeddable":true,"href":"https:\/\/neuronup.com\/br\/wp-json\/wp\/v2\/users\/244"}],"replies":[{"embeddable":true,"href":"https:\/\/neuronup.com\/br\/wp-json\/wp\/v2\/comments?post=6783"}],"version-history":[{"count":0,"href":"https:\/\/neuronup.com\/br\/wp-json\/wp\/v2\/posts\/6783\/revisions"}],"wp:featuredmedia":[{"embeddable":true,"href":"https:\/\/neuronup.com\/br\/wp-json\/wp\/v2\/media\/33687"}],"wp:attachment":[{"href":"https:\/\/neuronup.com\/br\/wp-json\/wp\/v2\/media?parent=6783"}],"wp:term":[{"taxonomy":"category","embeddable":true,"href":"https:\/\/neuronup.com\/br\/wp-json\/wp\/v2\/categories?post=6783"},{"taxonomy":"post_tag","embeddable":true,"href":"https:\/\/neuronup.com\/br\/wp-json\/wp\/v2\/tags?post=6783"}],"curies":[{"name":"wp","href":"https:\/\/api.w.org\/{rel}","templated":true}]}}