{"id":6724,"date":"2024-07-12T08:46:18","date_gmt":"2024-07-12T06:46:18","guid":{"rendered":"https:\/\/neuronup.com\/br\/?p=6724"},"modified":"2026-01-26T18:17:17","modified_gmt":"2026-01-26T16:17:17","slug":"a-neuronup-antecipa-o-risco-de-declinio-cognitivo-em-um-ano","status":"publish","type":"post","link":"https:\/\/neuronup.com\/br\/novidades-neuronup\/a-neuronup-antecipa-o-risco-de-declinio-cognitivo-em-um-ano\/","title":{"rendered":"A NeuronUP antecipa o risco de decl\u00ednio cognitivo em um ano"},"content":{"rendered":"\n<h2 class=\"wp-block-heading\"><strong>O prestigiado Journal of Neuropsychology da British Psychological Society publicou<\/strong> um estudo que mostra que a NeuronUP antecipa em um ano o risco de comprometimento cognitivo.<\/h2>\n\n\n\n<p>A NeuronUP, conforme demonstrado pelo estudo &#8220;<a href=\"https:\/\/bpspsychub.onlinelibrary.wiley.com\/doi\/10.1111\/jnp.12307\">One-year prediction of cognitive decline following cognitive-stimulation from real-world data<\/a>&#8221; (Previs\u00e3o de um ano de decl\u00ednio cognitivo ap\u00f3s estimula\u00e7\u00e3o cognitiva a partir de dados do mundo real), publicado na \u00faltima edi\u00e7\u00e3o do British Journal of Neuropsychology, antecipa o risco de decl\u00ednio cognitivo em um ano.<\/p>\n\n\n\n<p>Esse sistema \u00e9 baseado em v\u00e1rios testes realizados pelos usu\u00e1rios e envolve diferentes \u00e1reas do c\u00e9rebro (materiais de treinamento cognitivo). Dependendo de seus resultados, eles alertam sobre a possibilidade de desenvolver um problema no futuro. Prever a degenera\u00e7\u00e3o permite que os profissionais de sa\u00fade intervenham para <strong>retardar ou atenuar a progress\u00e3o de patologias como o mal de Parkinson ou de Alzheimer.<\/strong><\/p>\n\n\n\n<h3 class=\"wp-block-heading\">Retardar ou atenuar a progress\u00e3o de patologias como Parkinson ou Alzheimer.<\/h3>\n\n\n\n<p>Em rela\u00e7\u00e3o \u00e0s suas aplica\u00e7\u00f5es, o professor do Instituto Biocruces-Bizkaia de Ikerbasque e chefe da unidade de I+D+i da NeuronUP, Jes\u00fas M. Cortes, destacou que &#8220;a antecipa\u00e7\u00e3o desse tipo de situa\u00e7\u00e3o permite <strong>atuar precocemente para desacelerar o avan\u00e7o de poss\u00edveis patologias<\/strong>; projetar programas de preven\u00e7\u00e3o e tratamento personalizado; monitorar o progresso ao longo do tempo para avaliar a efic\u00e1cia dos tratamentos; identificar fatores de risco modific\u00e1veis; desenvolver interven\u00e7\u00f5es para reduzir o risco e ajudar os profissionais a tomar decis\u00f5es informadas&#8221;.<\/p>\n\n\n\n<p>Esse estudo, que questionou a utilidade dos materiais de treinamento neuropsicol\u00f3gico da plataforma NeuronUP, consistiu em uma modelagem longitudinal dos resultados de 124.610 testes de monitoramento de 29 dom\u00ednios cognitivos. A pesquisa envolveu a participa\u00e7\u00e3o de 7.902 pessoas. O risco de comprometimento cognitivo foi avaliado de acordo com o desempenho (com base em um indicador chamado NeuronUP Score) que os participantes demonstraram nos diferentes testes da plataforma. Esse sistema, como explicou Cortes, &#8220;consiste em uma pontua\u00e7\u00e3o de 0 a 100 que mede o progresso dos usu\u00e1rios. Ela \u00e9 \u00fanica para cada participante e \u00e9 calculada por meio de uma f\u00f3rmula que combina sucessos, tempo gasto para concluir o desafio e seu n\u00edvel de dificuldade&#8221;.<\/p>\n\n\n\n<p>Dos 203 materiais de treinamento cognitivo que foram estudados, observou-se que alguns funcionam melhor do que outros. Como exemplo, Cortes indicou que &#8220;os materiais para treinar a velocidade de processamento, a aten\u00e7\u00e3o e a fun\u00e7\u00e3o executiva tinham um grande poder preditivo ou, para patologias espec\u00edficas, que alguns, como a aten\u00e7\u00e3o seletiva, preveem muito bem a deteriora\u00e7\u00e3o cognitiva na doen\u00e7a de Parkinson, mas n\u00e3o na doen\u00e7a de Alzheimer&#8221;.<\/p>\n\n\n\n<h3 class=\"wp-block-heading\">Esta pesquisa foi desenvolvida em um sistema de &#8220;Real World Data&#8221; (RWD)<\/h3>\n\n\n\n<p>Por fim, vale ressaltar que essa pesquisa <strong>foi desenvolvida em um sistema de &#8220;Real World Data&#8221; (RWD)<\/strong> que mistura dados de registros de sa\u00fade, plataformas on-line, seguros etc. &#8220;Essa metodologia oferece uma vis\u00e3o mais precisa e generaliz\u00e1vel de como um tratamento ou interven\u00e7\u00e3o se comporta na popula\u00e7\u00e3o real, o que permite uma melhor caracteriza\u00e7\u00e3o das popula\u00e7\u00f5es e uma maior compreens\u00e3o das intera\u00e7\u00f5es entre tratamentos e comorbidades&#8221;, disse Cortes.<\/p>\n\n\n\n<p>Voc\u00ea pode acessar o estudo completo <a href=\"https:\/\/bpspsychub.onlinelibrary.wiley.com\/doi\/10.1111\/jnp.12307\">aqui<\/a>.<\/p>\n\n\n\n<h2 class=\"wp-block-heading\">A m\u00eddia repercute a not\u00edcia<\/h2>\n\n\n\n<p>Meios de comunica\u00e7\u00e3o de prest\u00edgio, como Neurologia.com, Psiquiatria.com, Farmaco Salud, Europa Press ou Salud a Diario, repercutem a publica\u00e7\u00e3o desse estudo na prestigiosa revista brit\u00e2nica.<\/p>\n\n\n\n<ul class=\"wp-block-list\">\n<li>Artigo em <a href=\"https:\/\/neurologia.com\/noticia\/9054\/la-herramienta-predictiva-neuronup-es-capaz-de-anticipar-un-ano-el-riesgo-de-padecer-deterioro-cognitivo\">Neurologia.com<\/a><\/li>\n\n\n\n<li>Artigo em <a href=\"https:\/\/psiquiatria.com\/psiquiatria-general\/una-plataforma-informatica-anticipa-un-ano-el-riesgo-de-deterioro-cognitivo\/\">Psiquitaria.com<\/a><\/li>\n\n\n\n<li>Not\u00edcia no <a href=\"https:\/\/www.saludadiario.es\/investigacion\/una-plataforma-informatica-anticipa-un-ano-el-riesgo-de-deterioro-cognitivo\/\">Salud Diario<\/a><\/li>\n\n\n\n<li><a href=\"https:\/\/farmacosalud.com\/creada-una-plataforma-informatica-que-anticipa-un-ano-el-riesgo-de-padecer-deterioro-cognitivo\/\">Farmacosalud<\/a> publica um artigo sobre o estudo<\/li>\n\n\n\n<li>Artigo em <a href=\"https:\/\/www.geriatricarea.com\/2023\/03\/23\/un-sistema-de-pruebas-desarrollado-por-neuronup-preve-el-deterioro-cognitivo-con-un-ano-de-antelacion\/\">Geriatricarea<\/a><\/li>\n\n\n\n<li><a href=\"https:\/\/www.eldebate.com\/salud-y-bienestar\/salud\/20230318\/plataforma-informatica-anticipa-ano-riesgo-deterioro-cognitivo_99654.html\">El Debate<\/a> repercute o estudo<\/li>\n\n\n\n<li><a href=\"https:\/\/www.docnews.es\/una-plataforma-informativa-anticipa-un-ano-el-riesgo-de-deterioro-cognitivo\/\">Docs News<\/a> tamb\u00e9m destaca a import\u00e2ncia do estudo sobre d\u00e9ficit cognitivo.<\/li>\n<\/ul>\n\n\n\n<div class=\"wp-block-columns is-layout-flex wp-container-core-columns-is-layout-9d6595d7 wp-block-columns-is-layout-flex\">\n<div class=\"wp-block-column is-layout-flow wp-block-column-is-layout-flow\"><div class=\"wp-block-image image-interface\">\n<figure class=\"aligncenter size-full\"><img decoding=\"async\" width=\"768\" height=\"629\" src=\"https:\/\/neuronup.com\/br\/wp-content\/uploads\/2024\/12\/neurologia-2.webp\" alt=\"Captura de tela de not\u00edcia sobre a ferramenta preditiva NeuronUP, antevendo deteriora\u00e7\u00e3o cognitiva, com autores e data.\" class=\"wp-image-33688\" style=\"object-fit:cover\" srcset=\"https:\/\/neuronup.com\/br\/wp-content\/uploads\/2024\/12\/neurologia-2-300x246.webp 300w, https:\/\/neuronup.com\/br\/wp-content\/uploads\/2024\/12\/neurologia-2.webp 768w\" sizes=\"(max-width: 768px) 100vw, 768px\" \/><figcaption class=\"wp-element-caption\">O Neurologia.com faz refer\u00eancia ao artigo que demonstra que a NeuronUP antecipa em um ano o risco de sofrer comprometimento cognitivo.<\/figcaption><\/figure>\n<\/div><\/div>\n\n\n\n<div class=\"wp-block-column is-layout-flow wp-block-column-is-layout-flow\"><div class=\"wp-block-image image-interface\">\n<figure class=\"aligncenter size-full\"><img decoding=\"async\" src=\"https:\/\/neuronup.com\/br\/wp-content\/uploads\/2024\/12\/Psiquiatria-2.webp\" alt=\"P\u00e1gina com t\u00edtulo sobre plataforma de risco de deteriora\u00e7\u00e3o cognitiva, exibindo testes para usu\u00e1rios e informa\u00e7\u00f5es para profissionais da sa\u00fade; data 13\/09\/2023.\" class=\"wp-image-33845\"\/><figcaption class=\"wp-element-caption\">O artigo no Psiquiatria.com.<\/figcaption><\/figure>\n<\/div><\/div>\n\n\n\n<div class=\"wp-block-column is-layout-flow wp-block-column-is-layout-flow\"><div class=\"wp-block-image image-interface\">\n<figure class=\"aligncenter size-full\"><img decoding=\"async\" width=\"767\" height=\"512\" src=\"https:\/\/neuronup.com\/br\/wp-content\/uploads\/2024\/12\/Saluddiario-2.webp\" alt=\"Captura de tela do saluddiario.es sobre plataforma de previs\u00e3o de risco cognitivo, citando estudo com 7.800 pacientes.\" class=\"wp-image-33885\" srcset=\"https:\/\/neuronup.com\/br\/wp-content\/uploads\/2024\/12\/Saluddiario-2-300x200.webp 300w, https:\/\/neuronup.com\/br\/wp-content\/uploads\/2024\/12\/Saluddiario-2.webp 767w\" sizes=\"(max-width: 767px) 100vw, 767px\" \/><figcaption class=\"wp-element-caption\">Not\u00edcia no Salud Diario.<\/figcaption><\/figure>\n<\/div><\/div>\n<\/div>\n\n\n\n<div class=\"wp-block-columns is-layout-flex wp-container-core-columns-is-layout-9d6595d7 wp-block-columns-is-layout-flex\">\n<div class=\"wp-block-column is-layout-flow wp-block-column-is-layout-flow\"><div class=\"wp-block-image image-interface\">\n<figure class=\"aligncenter size-full\"><img decoding=\"async\" width=\"734\" height=\"927\" src=\"https:\/\/neuronup.com\/br\/wp-content\/uploads\/2024\/12\/Farmaco-Salud.webp\" alt=\"Captura de tela de p\u00e1gina na NeuronUP apresentando avalia\u00e7\u00e3o do risco de deteriora\u00e7\u00e3o cognitiva, com foco em Parkinson e Alzheimer.\" class=\"wp-image-33404\" srcset=\"https:\/\/neuronup.com\/br\/wp-content\/uploads\/2024\/12\/Farmaco-Salud-238x300.webp 238w, https:\/\/neuronup.com\/br\/wp-content\/uploads\/2024\/12\/Farmaco-Salud.webp 734w\" sizes=\"(max-width: 734px) 100vw, 734px\" \/><figcaption class=\"wp-element-caption\">A Farmacosalud publica uma not\u00edcia sobre o estudo.<\/figcaption><\/figure>\n<\/div><\/div>\n\n\n\n<div class=\"wp-block-column is-layout-flow wp-block-column-is-layout-flow\"><div class=\"wp-block-image image-interface\">\n<figure class=\"aligncenter size-full\"><img decoding=\"async\" width=\"688\" height=\"1003\" src=\"https:\/\/neuronup.com\/br\/wp-content\/uploads\/2024\/12\/DocNews-1.webp\" alt=\"Captura de tela de not\u00edcia de sa\u00fade e ci\u00eancia sobre plataforma que antecipa deteriora\u00e7\u00e3o cognitiva, com profissional e paciente, data 17 de mar\u00e7o de 2023.\" class=\"wp-image-33334\" srcset=\"https:\/\/neuronup.com\/br\/wp-content\/uploads\/2024\/12\/DocNews-1-206x300.webp 206w, https:\/\/neuronup.com\/br\/wp-content\/uploads\/2024\/12\/DocNews-1.webp 688w\" sizes=\"(max-width: 688px) 100vw, 688px\" \/><figcaption class=\"wp-element-caption\">O DocNews tamb\u00e9m destaca a import\u00e2ncia do estudo.<\/figcaption><\/figure>\n<\/div><\/div>\n\n\n\n<div class=\"wp-block-column is-layout-flow wp-block-column-is-layout-flow\"><div class=\"wp-block-image image-interface\">\n<figure class=\"aligncenter size-full\"><img decoding=\"async\" width=\"653\" height=\"998\" src=\"https:\/\/neuronup.com\/br\/wp-content\/uploads\/2024\/12\/El-debate.webp\" alt=\"Captura de tela do EL DEBATE sobre deterioro cognitivo, com ilustra\u00e7\u00f5es do c\u00e9rebro e gr\u00e1ficos; data 10\/03\/2023.\" class=\"wp-image-33343\" srcset=\"https:\/\/neuronup.com\/br\/wp-content\/uploads\/2024\/12\/El-debate-196x300.webp 196w, https:\/\/neuronup.com\/br\/wp-content\/uploads\/2024\/12\/El-debate.webp 653w\" sizes=\"(max-width: 653px) 100vw, 653px\" \/><figcaption class=\"wp-element-caption\">El Debate publica o estudo sobre defici\u00eancia cognitiva e NeuronUP.<\/figcaption><\/figure>\n<\/div><\/div>\n<\/div>\n\n\n\n<h3 class=\"wp-block-heading\">Se voc\u00ea gostou deste artigo , <strong>provavelmente se interessar\u00e1 por estes artigos da NeuronUP:<\/strong><\/h3>\n\n\n<div class=\"mai-grid entries entries-grid has-boxed has-image-full\" style=\"--entry-title-font-size:var(--font-size-lg);--align-text:start;--entry-meta-text-align:start;\"><div class=\"entries-wrap has-columns\" style=\"--columns-xs:1\/1;--columns-sm:1\/1;--columns-md:1\/3;--columns-lg:1\/3;--flex-xs:0 0 var(--flex-basis);--flex-sm:0 0 var(--flex-basis);--flex-md:0 0 var(--flex-basis);--flex-lg:0 0 var(--flex-basis);--column-gap:var(--spacing-lg);--row-gap:var(--spacing-lg);--align-columns:start;\"><article class=\"entry entry-grid is-column has-entry-link has-image has-image-first type-post category-novidades-neuronup tag-neuronup2go\" style=\"--entry-index:1;\" aria-label=\"Por que utilizar o NeuronUP2GO?\" itemscope itemtype=\"https:\/\/schema.org\/CreativeWork\"><a class=\"entry-image-link\" href=\"https:\/\/neuronup.com\/br\/novidades-neuronup\/por-que-utilizar-neuronup2go\/\" tabindex=\"-1\" aria-hidden=\"true\"><img decoding=\"async\" width=\"400\" height=\"267\" src=\"https:\/\/neuronup.com\/br\/wp-content\/uploads\/2024\/12\/neuronup2go-article.webp\" class=\"entry-image size-landscape-sm\" alt=\"Pessoa usando notebook em mesa de madeira, planta ao fundo, tela exibe NeuronUP 2GO, ambiente com parede de tijolos.\" srcset=\"https:\/\/neuronup.com\/br\/wp-content\/uploads\/2024\/12\/neuronup2go-article-300x200.webp 300w, https:\/\/neuronup.com\/br\/wp-content\/uploads\/2024\/12\/neuronup2go-article-768x512.webp 768w, https:\/\/neuronup.com\/br\/wp-content\/uploads\/2024\/12\/neuronup2go-article-1024x683.webp 1024w, https:\/\/neuronup.com\/br\/wp-content\/uploads\/2024\/12\/neuronup2go-article.webp 1200w\" sizes=\"(max-width:599px) 599px, (min-width:600px) and (max-width: 799px) 799px, (min-width:800px) and (max-width: 999px) 333px, (min-width:1000px) 400px\" \/><\/a><div class=\"entry-wrap entry-wrap-grid\"><h3 class=\"entry-title\" itemprop=\"headline\"><a class=\"entry-title-link\" href=\"https:\/\/neuronup.com\/br\/novidades-neuronup\/por-que-utilizar-neuronup2go\/\" rel=\"bookmark\">Por que utilizar o NeuronUP2GO?<\/a><\/h3>\n<\/div><\/article><article class=\"entry entry-grid is-column has-entry-link has-image has-image-first type-post category-novidades-neuronup tag-personalizacao tag-valor-ecologico\" style=\"--entry-index:2;\" aria-label=\"O que \u00e9 o valor ecol\u00f3gico do NeuronUP?\" itemscope itemtype=\"https:\/\/schema.org\/CreativeWork\"><a class=\"entry-image-link\" href=\"https:\/\/neuronup.com\/br\/novidades-neuronup\/qual-e-o-valor-ecologico-do-neuronup\/\" tabindex=\"-1\" aria-hidden=\"true\"><img decoding=\"async\" width=\"400\" height=\"267\" src=\"https:\/\/neuronup.com\/br\/wp-content\/uploads\/2024\/12\/freepik__upload__67275.webp\" class=\"entry-image size-landscape-sm\" alt=\"Idoso sorridente preparando salada em cozinha moderna, veste camisa clara e \u00f3culos, com tigela e bancada de m\u00e1rmore.\" srcset=\"https:\/\/neuronup.com\/br\/wp-content\/uploads\/2024\/12\/freepik__upload__67275-300x200.webp 300w, https:\/\/neuronup.com\/br\/wp-content\/uploads\/2024\/12\/freepik__upload__67275-768x512.webp 768w, https:\/\/neuronup.com\/br\/wp-content\/uploads\/2024\/12\/freepik__upload__67275-1024x682.webp 1024w, https:\/\/neuronup.com\/br\/wp-content\/uploads\/2024\/12\/freepik__upload__67275-1536x1024.webp 1536w, https:\/\/neuronup.com\/br\/wp-content\/uploads\/2024\/12\/freepik__upload__67275.webp 2000w\" sizes=\"(max-width:599px) 599px, (min-width:600px) and (max-width: 799px) 799px, (min-width:800px) and (max-width: 999px) 333px, (min-width:1000px) 400px\" \/><\/a><div class=\"entry-wrap entry-wrap-grid\"><h3 class=\"entry-title\" itemprop=\"headline\"><a class=\"entry-title-link\" href=\"https:\/\/neuronup.com\/br\/novidades-neuronup\/qual-e-o-valor-ecologico-do-neuronup\/\" rel=\"bookmark\">O que \u00e9 o valor ecol\u00f3gico do NeuronUP?<\/a><\/h3>\n<\/div><\/article><article class=\"entry entry-grid is-column has-entry-link has-image has-image-first type-post category-novidades-neuronup tag-noticias-da-neuronup\" style=\"--entry-index:3;\" aria-label=\"Marco te\u00f3rico por tr\u00e1s do NeuronUP\" itemscope itemtype=\"https:\/\/schema.org\/CreativeWork\"><a class=\"entry-image-link\" href=\"https:\/\/neuronup.com\/br\/novidades-neuronup\/marco-teorico-atras-do-neuronup\/\" tabindex=\"-1\" aria-hidden=\"true\"><img decoding=\"async\" width=\"400\" height=\"267\" src=\"https:\/\/neuronup.com\/br\/wp-content\/uploads\/2024\/12\/1386.webp\" class=\"entry-image size-landscape-sm\" alt=\"Pessoa digitando em um laptop, com \u00edcones de documentos e verifica\u00e7\u00e3o ao lado; caneta na tela em ambiente moderno.\" srcset=\"https:\/\/neuronup.com\/br\/wp-content\/uploads\/2024\/12\/1386-300x200.webp 300w, https:\/\/neuronup.com\/br\/wp-content\/uploads\/2024\/12\/1386-768x512.webp 768w, https:\/\/neuronup.com\/br\/wp-content\/uploads\/2024\/12\/1386-1024x683.webp 1024w, https:\/\/neuronup.com\/br\/wp-content\/uploads\/2024\/12\/1386.webp 1200w\" sizes=\"(max-width:599px) 599px, (min-width:600px) and (max-width: 799px) 799px, (min-width:800px) and (max-width: 999px) 333px, (min-width:1000px) 400px\" \/><\/a><div class=\"entry-wrap entry-wrap-grid\"><h3 class=\"entry-title\" itemprop=\"headline\"><a class=\"entry-title-link\" href=\"https:\/\/neuronup.com\/br\/novidades-neuronup\/marco-teorico-atras-do-neuronup\/\" rel=\"bookmark\">Marco te\u00f3rico por tr\u00e1s do NeuronUP<\/a><\/h3>\n<\/div><\/article><article class=\"entry entry-grid is-column has-entry-link has-image has-image-first type-post category-novidades-neuronup tag-noticias-da-neuronup\" style=\"--entry-index:4;\" aria-label=\"Viagem pela neurorreabilita\u00e7\u00e3o: O Calend\u00e1rio do Advento da NeuronUP\" itemscope itemtype=\"https:\/\/schema.org\/CreativeWork\"><a class=\"entry-image-link\" href=\"https:\/\/neuronup.com\/br\/novidades-neuronup\/um-viagem-pela-neurorrehabilitacao-o-calendario-do-advento-do-neuronup\/\" tabindex=\"-1\" aria-hidden=\"true\"><img decoding=\"async\" width=\"400\" height=\"140\" src=\"https:\/\/neuronup.com\/br\/wp-content\/uploads\/2024\/12\/Captura-de-pantalla-2024-12-01-a-las-10.05.16-scaled-1.webp\" class=\"entry-image size-landscape-sm\" alt=\"An\u00fancio de Advento sobre neurorehabilita\u00e7\u00e3o com neve ao fundo, destacando tend\u00eancias em estimula\u00e7\u00e3o cognitiva e NeuronUP.\" srcset=\"https:\/\/neuronup.com\/br\/wp-content\/uploads\/2024\/12\/Captura-de-pantalla-2024-12-01-a-las-10.05.16-scaled-1-300x105.webp 300w, https:\/\/neuronup.com\/br\/wp-content\/uploads\/2024\/12\/Captura-de-pantalla-2024-12-01-a-las-10.05.16-scaled-1-768x269.webp 768w, https:\/\/neuronup.com\/br\/wp-content\/uploads\/2024\/12\/Captura-de-pantalla-2024-12-01-a-las-10.05.16-scaled-1-1024x359.webp 1024w, https:\/\/neuronup.com\/br\/wp-content\/uploads\/2024\/12\/Captura-de-pantalla-2024-12-01-a-las-10.05.16-scaled-1-1536x539.webp 1536w, https:\/\/neuronup.com\/br\/wp-content\/uploads\/2024\/12\/Captura-de-pantalla-2024-12-01-a-las-10.05.16-scaled-1-2048x718.webp 2048w, https:\/\/neuronup.com\/br\/wp-content\/uploads\/2024\/12\/Captura-de-pantalla-2024-12-01-a-las-10.05.16-scaled-1.webp 2560w\" sizes=\"(max-width:599px) 599px, (min-width:600px) and (max-width: 799px) 799px, (min-width:800px) and (max-width: 999px) 333px, (min-width:1000px) 400px\" \/><\/a><div class=\"entry-wrap entry-wrap-grid\"><h3 class=\"entry-title\" itemprop=\"headline\"><a class=\"entry-title-link\" href=\"https:\/\/neuronup.com\/br\/novidades-neuronup\/um-viagem-pela-neurorrehabilitacao-o-calendario-do-advento-do-neuronup\/\" rel=\"bookmark\">Viagem pela neurorreabilita\u00e7\u00e3o: O Calend\u00e1rio do Advento da NeuronUP<\/a><\/h3>\n<\/div><\/article><article class=\"entry entry-grid is-column has-entry-link has-image has-image-first type-post category-novidades-neuronup tag-noticias-da-neuronup\" style=\"--entry-index:5;\" aria-label=\"Conv\u00eanio de est\u00e1gios UNIR Latam e NeuronUP\" itemscope itemtype=\"https:\/\/schema.org\/CreativeWork\"><a class=\"entry-image-link\" href=\"https:\/\/neuronup.com\/br\/novidades-neuronup\/convenio-de-praticas-unir-latam-e-neuronup\/\" tabindex=\"-1\" aria-hidden=\"true\"><img decoding=\"async\" width=\"212\" height=\"300\" src=\"https:\/\/neuronup.com\/br\/wp-content\/uploads\/2024\/11\/convenio-UNIR-2.webp\" class=\"entry-image size-landscape-sm\" alt=\"Convite da UNIR Latam para rede de parceiros, promovendo colabora\u00e7\u00e3o entre institui\u00e7\u00f5es, com edif\u00edcios e gr\u00e1ficos.\" srcset=\"https:\/\/neuronup.com\/br\/wp-content\/uploads\/2024\/11\/convenio-UNIR-2-212x300.webp 212w, https:\/\/neuronup.com\/br\/wp-content\/uploads\/2024\/11\/convenio-UNIR-2-724x1024.webp 724w, https:\/\/neuronup.com\/br\/wp-content\/uploads\/2024\/11\/convenio-UNIR-2-768x1087.webp 768w, https:\/\/neuronup.com\/br\/wp-content\/uploads\/2024\/11\/convenio-UNIR-2-1086x1536.webp 1086w, https:\/\/neuronup.com\/br\/wp-content\/uploads\/2024\/11\/convenio-UNIR-2.webp 1200w\" sizes=\"(max-width:599px) 599px, (min-width:600px) and (max-width: 799px) 799px, (min-width:800px) and (max-width: 999px) 333px, (min-width:1000px) 400px\" \/><\/a><div class=\"entry-wrap entry-wrap-grid\"><h3 class=\"entry-title\" itemprop=\"headline\"><a class=\"entry-title-link\" href=\"https:\/\/neuronup.com\/br\/novidades-neuronup\/convenio-de-praticas-unir-latam-e-neuronup\/\" rel=\"bookmark\">Conv\u00eanio de est\u00e1gios UNIR Latam e NeuronUP<\/a><\/h3>\n<\/div><\/article><article class=\"entry entry-grid is-column has-entry-link has-image has-image-first type-post category-novidades-neuronup tag-noticias-da-neuronup\" style=\"--entry-index:6;\" aria-label=\"Efeitos psicol\u00f3gicos da DANA e de outras cat\u00e1strofes em pessoas com comprometimento cognitivo\" itemscope itemtype=\"https:\/\/schema.org\/CreativeWork\"><a class=\"entry-image-link\" href=\"https:\/\/neuronup.com\/br\/novidades-neuronup\/efeitos-psicologicos-da-dano-e-outras-catastrofes-em-pessoas-com-afetacao-cognitiva\/\" tabindex=\"-1\" aria-hidden=\"true\"><img decoding=\"async\" width=\"400\" height=\"267\" src=\"https:\/\/neuronup.com\/br\/wp-content\/uploads\/2024\/11\/Efectos-de-la-DANA-NeuronUP.webp\" class=\"entry-image size-landscape-sm\" alt=\"Pessoa de costas sentada em rua alagada at\u00e9 os joelhos, com mochila, cabelo cacheado, em ambiente urbano com detritos na \u00e1gua.\" srcset=\"https:\/\/neuronup.com\/br\/wp-content\/uploads\/2024\/11\/Efectos-de-la-DANA-NeuronUP-300x200.webp 300w, https:\/\/neuronup.com\/br\/wp-content\/uploads\/2024\/11\/Efectos-de-la-DANA-NeuronUP-768x512.webp 768w, https:\/\/neuronup.com\/br\/wp-content\/uploads\/2024\/11\/Efectos-de-la-DANA-NeuronUP-1024x683.webp 1024w, https:\/\/neuronup.com\/br\/wp-content\/uploads\/2024\/11\/Efectos-de-la-DANA-NeuronUP.webp 1200w\" sizes=\"(max-width:599px) 599px, (min-width:600px) and (max-width: 799px) 799px, (min-width:800px) and (max-width: 999px) 333px, (min-width:1000px) 400px\" \/><\/a><div class=\"entry-wrap entry-wrap-grid\"><h3 class=\"entry-title\" itemprop=\"headline\"><a class=\"entry-title-link\" href=\"https:\/\/neuronup.com\/br\/novidades-neuronup\/efeitos-psicologicos-da-dano-e-outras-catastrofes-em-pessoas-com-afetacao-cognitiva\/\" rel=\"bookmark\">Efeitos psicol\u00f3gicos da DANA e de outras cat\u00e1strofes em pessoas com comprometimento cognitivo<\/a><\/h3>\n<\/div><\/article><\/div><\/div>","protected":false},"excerpt":{"rendered":"<p>O prestigiado Journal of Neuropsychology da British Psychological Society publicou um estudo que mostra que a NeuronUP antecipa em um ano o risco de comprometimento cognitivo. A NeuronUP, conforme demonstrado pelo estudo &#8220;One-year prediction of cognitive decline following cognitive-stimulation from real-world data&#8221; (Previs\u00e3o de um ano de decl\u00ednio cognitivo ap\u00f3s estimula\u00e7\u00e3o cognitiva a partir de &hellip;<\/p>\n","protected":false},"author":176,"featured_media":33699,"comment_status":"open","ping_status":"open","sticky":false,"template":"","format":"standard","meta":{"_acf_changed":false,"_genesis_hide_title":false,"_genesis_hide_breadcrumbs":false,"_genesis_hide_singular_image":false,"_genesis_hide_footer_widgets":false,"_genesis_custom_body_class":"","_genesis_custom_post_class":"","_genesis_layout":"","footnotes":""},"categories":[580],"tags":[622],"class_list":{"2":"type-post","7":"category-novidades-neuronup","8":"tag-noticias-da-neuronup","9":"entry"},"acf":[],"_links":{"self":[{"href":"https:\/\/neuronup.com\/br\/wp-json\/wp\/v2\/posts\/6724","targetHints":{"allow":["GET"]}}],"collection":[{"href":"https:\/\/neuronup.com\/br\/wp-json\/wp\/v2\/posts"}],"about":[{"href":"https:\/\/neuronup.com\/br\/wp-json\/wp\/v2\/types\/post"}],"author":[{"embeddable":true,"href":"https:\/\/neuronup.com\/br\/wp-json\/wp\/v2\/users\/176"}],"replies":[{"embeddable":true,"href":"https:\/\/neuronup.com\/br\/wp-json\/wp\/v2\/comments?post=6724"}],"version-history":[{"count":0,"href":"https:\/\/neuronup.com\/br\/wp-json\/wp\/v2\/posts\/6724\/revisions"}],"wp:featuredmedia":[{"embeddable":true,"href":"https:\/\/neuronup.com\/br\/wp-json\/wp\/v2\/media\/33699"}],"wp:attachment":[{"href":"https:\/\/neuronup.com\/br\/wp-json\/wp\/v2\/media?parent=6724"}],"wp:term":[{"taxonomy":"category","embeddable":true,"href":"https:\/\/neuronup.com\/br\/wp-json\/wp\/v2\/categories?post=6724"},{"taxonomy":"post_tag","embeddable":true,"href":"https:\/\/neuronup.com\/br\/wp-json\/wp\/v2\/tags?post=6724"}],"curies":[{"name":"wp","href":"https:\/\/api.w.org\/{rel}","templated":true}]}}