{"id":6509,"date":"2024-05-28T09:28:20","date_gmt":"2024-05-28T07:28:20","guid":{"rendered":"https:\/\/neuronup.com\/br\/?p=6509"},"modified":"2026-01-26T18:16:51","modified_gmt":"2026-01-26T16:16:51","slug":"a-sindrome-de-down-contada-pela-associacao-down-las-palmas","status":"publish","type":"post","link":"https:\/\/neuronup.com\/br\/noticias-de-estimulacao-cognitiva\/deficiencia-intelectual\/sindrome-de-down\/a-sindrome-de-down-contada-pela-associacao-down-las-palmas\/","title":{"rendered":"A s\u00edndrome de Down contada pela associa\u00e7\u00e3o Down Las Palmas"},"content":{"rendered":"\n<p class=\"has-xl-font-size\">A Associa\u00e7\u00e3o S\u00edndrome de Down Las Palmas conta neste artigo sobre <strong>o trabalho que realiza para apoiar pessoas com s\u00edndrome de Down e sua experi\u00eancia com o NeuronUP.<\/strong><\/p>\n\n\n\n<h3 class=\"wp-block-heading\" id=\"que-es-el-sindrome-de-down\"><strong>O que \u00e9 a s\u00edndrome de Down<\/strong>?<\/h3>\n\n\n\n<p>A s\u00edndrome de Down \u00e9 uma caracter\u00edstica do ser humano que ocorre como resultado de uma <strong>altera\u00e7\u00e3o gen\u00e9tica<\/strong> (devido ao aparecimento de um cromossomo extra no 21\u00ba par de c\u00e9lulas do corpo), <strong>alterando assim o funcionamento normal do organismo<\/strong> e dando origem ao aparecimento de uma defici\u00eancia intelectual. As pessoas com s\u00edndrome de Down t\u00eam tr\u00eas cromossomos no 21\u00ba par em vez dos dois habituais, raz\u00e3o pela qual essa s\u00edndrome tamb\u00e9m \u00e9 conhecida como trissomia do 21. <strong>N\u00e3o se trata de uma doen\u00e7a.<\/strong><\/p>\n\n\n\n<p>Entretanto, o desenvolvimento de crian\u00e7as com s\u00edndrome de Down n\u00e3o \u00e9 produto exclusivo de seus genes, mas, acima de tudo, de seu ambiente e do apoio e est\u00edmulos que recebem ao longo da vida. <strong>O cuidado precoce adequado<\/strong>, bem como o acompanhamento e o apoio constantes, minimizam suas limita\u00e7\u00f5es f\u00edsicas e aprimoram suas habilidades intelectuais. Dessa forma, as pessoas com s\u00edndrome de Down podem desenvolver uma <strong>vida plena, normalizada e aut\u00f4noma.<\/strong><\/p>\n\n\n\n<p>Estima-se que existam 34.000 pessoas com s\u00edndrome de Down na Espanha e um total de seis milh\u00f5es no mundo.<\/p>\n\n\n\n<p>As estimativas indicam que <strong>30 <\/strong>a <strong>40% <\/strong>das pessoas com defici\u00eancia intelectual t\u00eam s\u00edndrome de Down.<\/p>\n\n\n\n<p>A expectativa de vida de uma pessoa com s\u00edndrome de Down aumentou consideravelmente, <strong>chegando a cerca de 60 anos atualmente<\/strong>.<\/p>\n\n\n\n<h2 class=\"wp-block-heading\" id=\"caracteristicas-del-sindrome-de-down\">Caracter\u00edsticas da s\u00edndrome de Down<\/h2>\n\n\n\n<h3 class=\"wp-block-heading\" id=\"salud-y-problemas-medicos\">Problemas m\u00e9dicos e de sa\u00fade<\/h3>\n\n\n\n<p>Com rela\u00e7\u00e3o \u00e0 sa\u00fade f\u00edsica e mental das pessoas com s\u00edndrome de Down, na maioria das vezes, elas t\u00eam boa sa\u00fade e sua expectativa de vida \u00e9, em m\u00e9dia, de <strong>60 anos<\/strong>. A s\u00edndrome traz consigo alguns problemas de sa\u00fade que \u00e0s vezes s\u00e3o leves, facilmente previs\u00edveis e corrig\u00edveis, e \u00e0s vezes s\u00e3o graves. A gravidade n\u00e3o significa que as altera\u00e7\u00f5es n\u00e3o possam ser tratadas: uma <strong>doen\u00e7a card\u00edaca grave<\/strong> ou atresia duodenal pode ser totalmente corrigida por cirurgia; a leucemia pode ser curada por quimioterapia.<\/p>\n\n\n\n<p>Em uma vis\u00e3o global e longitudinal, a pessoa com s\u00edndrome de Down apresenta as seguintes caracter\u00edsticas:<\/p>\n\n\n\n<ol class=\"wp-block-list\">\n<li>Um conjunto de <strong>caracter\u00edsticas e sinais detect\u00e1veis no rec\u00e9m-nascido<\/strong> que s\u00e3o indicados nas caracter\u00edsticas biom\u00e9dicas (pr\u00f3xima se\u00e7\u00e3o).<\/li>\n\n\n\n<li><strong>Crescimento corporal lento e reduzido<\/strong>, incluindo o crescimento cef\u00e1lico. Como resultado, eles s\u00e3o menores em estatura e frequentemente apresentam microcefalia.<\/li>\n\n\n\n<li><strong>Desenvolvimento motor e cognitivo lento.<\/strong> A variabilidade individual \u00e9 enorme. A lentid\u00e3o n\u00e3o significa aus\u00eancia de progresso, de modo que, embora o QI diminua com a idade, a capacidade e as habilidades cognitivas progridem, de modo que a maioria das pessoas pode experimentar suas habilidades cognitivas e adaptativas no ambiente comum com satisfa\u00e7\u00e3o.<\/li>\n\n\n\n<li><strong>Problemas de imunidade<\/strong>. Isso explica a frequ\u00eancia de infec\u00e7\u00f5es recorrentes (por exemplo, rinite cr\u00f4nica, otite m\u00e9dia serosa, pneumonia, periodontite). Outras vezes, podem ocorrer condi\u00e7\u00f5es autoimunes (por exemplo, disfun\u00e7\u00e3o da tireoide, doen\u00e7a cel\u00edaca) ou doen\u00e7as malignas (por exemplo, leucemia infantil, que, embora rara em termos absolutos, menos de 1%, \u00e9 mais frequente do que no restante da popula\u00e7\u00e3o).<\/li>\n<\/ol>\n\n\n\n<h3 class=\"wp-block-heading\" id=\"caracteristicas-biomedicas\">Caracter\u00edsticas biom\u00e9dicas<\/h3>\n\n\n\n<p>Cr\u00e2nio pequeno (microcefalia), face redonda, palato ogival ou em forma de c\u00fapula, hipotonia, deformidades nos p\u00e9s, problemas associados de audi\u00e7\u00e3o (hipersensibilidade) e vis\u00e3o (estrabismo).<\/p>\n\n\n\n<h3 class=\"wp-block-heading\" id=\"caracteristicas-cognitivas\">Caracter\u00edsticas cognitivas<\/h3>\n\n\n\n<p>Defici\u00eancia intelectual, capacidade de aten\u00e7\u00e3o limitada, atraso no desenvolvimento, f\u00e1cil desregula\u00e7\u00e3o emocional.<\/p>\n\n\n\n<h3 class=\"wp-block-heading\" id=\"caracteristicas-conductuales\">Caracter\u00edsticas comportamentais<\/h3>\n\n\n\n<p>Dificuldade de interagir com o ambiente e aparecimento de esterotipia.<\/p>\n\n\n\n<h3 class=\"wp-block-heading\" id=\"caracteristicas-comunicacitvas\">Caracter\u00edsticas de comunica\u00e7\u00e3o<\/h3>\n\n\n\n<p>Atraso geral na aquisi\u00e7\u00e3o da linguagem, caracterizado por grande dificuldade na express\u00e3o oral, sendo a compreens\u00e3o mais desenvolvida.<\/p>\n\n\n<div class=\"wp-block-image\">\n<figure class=\"aligncenter size-large\"><img decoding=\"async\" width=\"1024\" height=\"1024\" src=\"https:\/\/neuronup.com\/br\/wp-content\/uploads\/2024\/12\/Sintomas-Down-BR-1-1024x1024.webp\" alt=\"Crian\u00e7a sorridente com setas apontando sintomas da S\u00edndrome de Down: decis\u00f5es, aten\u00e7\u00e3o, impulsividade e aprendizagem lenta.\" class=\"wp-image-33922\" srcset=\"https:\/\/neuronup.com\/br\/wp-content\/uploads\/2024\/12\/Sintomas-Down-BR-1-24x24.webp 24w, https:\/\/neuronup.com\/br\/wp-content\/uploads\/2024\/12\/Sintomas-Down-BR-1-48x48.webp 48w, https:\/\/neuronup.com\/br\/wp-content\/uploads\/2024\/12\/Sintomas-Down-BR-1-80x80.webp 80w, https:\/\/neuronup.com\/br\/wp-content\/uploads\/2024\/12\/Sintomas-Down-BR-1-96x96.webp 96w, https:\/\/neuronup.com\/br\/wp-content\/uploads\/2024\/12\/Sintomas-Down-BR-1-150x150.webp 150w, https:\/\/neuronup.com\/br\/wp-content\/uploads\/2024\/12\/Sintomas-Down-BR-1-300x300.webp 300w, https:\/\/neuronup.com\/br\/wp-content\/uploads\/2024\/12\/Sintomas-Down-BR-1-768x768.webp 768w, https:\/\/neuronup.com\/br\/wp-content\/uploads\/2024\/12\/Sintomas-Down-BR-1-1024x1024.webp 1024w, https:\/\/neuronup.com\/br\/wp-content\/uploads\/2024\/12\/Sintomas-Down-BR-1.webp 1080w\" sizes=\"(max-width: 1024px) 100vw, 1024px\" \/><figcaption class=\"wp-element-caption\">Sintomas relacionados \u00e0 s\u00edndrome de Down<\/figcaption><\/figure>\n<\/div>\n\n\n<h2 class=\"wp-block-heading\" id=\"la-asociacion-sindrome-de-down-de-las-palmas\">Associa\u00e7\u00e3o de S\u00edndrome de Down de Las Palmas<\/h2>\n\n\n<div class=\"wp-block-image image-interface wp-image-8129\">\n<figure class=\"aligncenter size-full\"><img decoding=\"async\" width=\"1024\" height=\"681\" src=\"https:\/\/neuronup.com\/br\/wp-content\/uploads\/2024\/12\/Associacao-de-sindrome-de-Down.webp\" alt=\"Grupo em cozinha comunit\u00e1ria usando aventais e toucas de chef, sorrindo; ao fundo, duas mesas com pratos de comida.\" class=\"wp-image-33105\" srcset=\"https:\/\/neuronup.com\/br\/wp-content\/uploads\/2024\/12\/Associacao-de-sindrome-de-Down-300x200.webp 300w, https:\/\/neuronup.com\/br\/wp-content\/uploads\/2024\/12\/Associacao-de-sindrome-de-Down-768x511.webp 768w, https:\/\/neuronup.com\/br\/wp-content\/uploads\/2024\/12\/Associacao-de-sindrome-de-Down.webp 1024w\" sizes=\"(max-width: 1024px) 100vw, 1024px\" \/><figcaption class=\"wp-element-caption\">Pessoas da Associa\u00e7\u00e3o de S\u00edndrome de Down de Las Palmas cozinhando.<\/figcaption><\/figure>\n<\/div>\n\n\n<p>A Associa\u00e7\u00e3o de S\u00edndrome de Down de Las Palmas (ASDLP) \u00e9 uma organiza\u00e7\u00e3o sem fins lucrativos criada em 1987 por um grupo de parentes de pessoas com s\u00edndrome de Down, servindo como um instrumento para atender \u00e0s necessidades e preocupa\u00e7\u00f5es de seus membros. A singularidade da s\u00edndrome de Down exige um alto grau de especializa\u00e7\u00e3o psicol\u00f3gica, pedag\u00f3gica e profissional (devido ao fato de abranger caracter\u00edsticas e necessidades muito diferentes). E \u00e9 para dar uma resposta adequada a essas necessidades e contribuir com a falta de institui\u00e7\u00f5es que apoiem essas pessoas e suas fam\u00edlias que nossa associa\u00e7\u00e3o foi criada.<\/p>\n\n\n\n<p>\u00c9 nesse contexto que a Down Las Palmas contribui com solu\u00e7\u00f5es concretas e profissionalizadas para as pessoas com s\u00edndrome de Down e suas fam\u00edlias, com o objetivo de <strong>\u201cpromover o desenvolvimento, a normaliza\u00e7\u00e3o e a plena integra\u00e7\u00e3o das pessoas com s\u00edndrome de Down em todas as \u00e1reas em que desenvolvem suas vidas (pessoal, familiar, educacional, laboral e social)\u201d<\/strong>.<\/p>\n\n\n\n<p>A Down Las Palmas \u00e9 membro da Federa\u00e7\u00e3o Espanhola de Institui\u00e7\u00f5es para S\u00edndrome de Down (Down Espanha), bem como da Confedera\u00e7\u00e3o de Organiza\u00e7\u00f5es para Pessoas com Defici\u00eancia Intelectual (Plena Inclusi\u00f3n) e de sua Federa\u00e7\u00e3o nas Ilhas Can\u00e1rias (Plena Inclusi\u00f3n Canarias).<\/p>\n\n\n\n<h3 class=\"wp-block-heading\" id=\"nuestra-mision\">Nossa miss\u00e3o<\/h3>\n\n\n\n<p>Nossa miss\u00e3o \u00e9 ser a organiza\u00e7\u00e3o l\u00edder nas Ilhas Can\u00e1rias, <strong>garantindo o pleno desenvolvimento pessoal<\/strong>, familiar, educacional, ocupacional e social das pessoas com s\u00edndrome de Down, al\u00e9m de <strong>promover a\u00e7\u00f5es de normaliza\u00e7\u00e3o e conscientiza\u00e7\u00e3o social.<\/strong><\/p>\n\n\n\n<h3 class=\"wp-block-heading\" id=\"que-hacemos-programas-profesionalizados-de-trabajo\">O que fazemos: programas profissionalizados de trabalho<\/h3>\n\n\n\n<p>Para melhorar a qualidade de vida das pessoas com s\u00edndrome de Down e de suas fam\u00edlias, nosso trabalho se concentra em <strong>7 programas de trabalho profissionalizados<\/strong>, que incluem os diferentes projetos e atividades que realizamos diariamente:<\/p>\n\n\n\n<h4 class=\"wp-block-heading\" id=\"1-gestion-y-promocion-de-la-asociacion\">1. Gerenciamento e promo\u00e7\u00e3o da associa\u00e7\u00e3o<\/h4>\n\n\n\n<p>Programa destinado a administrar os recursos humanos, materiais e econ\u00f4micos para a sustentabilidade da associa\u00e7\u00e3o e o desenvolvimento adequado de suas atividades, al\u00e9m de promover sua presen\u00e7a e participa\u00e7\u00e3o na sociedade e em suas institui\u00e7\u00f5es.<\/p>\n\n\n\n<h4 class=\"wp-block-heading\" id=\"2-voluntariado-y-participacion-social\">2. Voluntariado e participa\u00e7\u00e3o social<\/h4>\n\n\n\n<p>Programa destinado a promover o recrutamento e a participa\u00e7\u00e3o ativa de volunt\u00e1rios, bem como a participa\u00e7\u00e3o social em treinamentos gerais e vocacionais:<\/p>\n\n\n\n<h4 class=\"wp-block-heading\" id=\"3-atencion-familiar\">3. Aten\u00e7\u00e3o familiar<\/h4>\n\n\n\n<p>Programa destinado a apoiar, informar e aconselhar as fam\u00edlias nos diferentes est\u00e1gios e circunst\u00e2ncias da vida de pessoas com s\u00edndrome de Down.<\/p>\n\n\n\n<h4 class=\"wp-block-heading\" id=\"4-atencion-educativa\">4.&nbsp;Assist\u00eancia educacional<\/h4>\n\n\n\n<p>Programa que visa <strong>promover a plena integra\u00e7\u00e3o das pessoas com s\u00edndrome de Down <\/strong>no sistema educacional, bem como colaborar ativamente com a comunidade educacional como um todo para esse fim. Tamb\u00e9m contempla o desenvolvimento de a\u00e7\u00f5es educativas\/formativas complementares ao desenvolvimento integral das pessoas com s\u00edndrome de Down.<\/p>\n\n\n\n<h4 class=\"wp-block-heading\" id=\"5-integracion-social-y-autonomia-personal\">5. Integra\u00e7\u00e3o social e autonomia pessoal<\/h4>\n\n\n\n<p>Programa destinado a promover a integra\u00e7\u00e3o, a normaliza\u00e7\u00e3o social e a autonomia pessoal de pessoas com s\u00edndrome de Down por meio de <strong>atividades culturais, recreativas e esportivas, etc.<\/strong><\/p>\n\n\n\n<h4 class=\"wp-block-heading\" id=\"6-formacion-e-integracion-laboral\">6. Forma\u00e7\u00e3o e integra\u00e7\u00e3o no mercado de trabalho<\/h4>\n\n\n\n<p>Programa para promover o treinamento profissional voltado para a integra\u00e7\u00e3o ocupacional e profissional de pessoas com s\u00edndrome de Down e o gerenciamento de empregos em empresas comuns.<\/p>\n\n\n\n<h4 class=\"wp-block-heading\" id=\"7-desarrollo-y-mantenimiento-socio-personal\">7. Desenvolvimento e manuten\u00e7\u00e3o sociopessoal<\/h4>\n\n\n\n<p>Programa destinado a fornecer respostas adequadas aos desafios, necessidades e situa\u00e7\u00f5es que a vida adulta apresenta para as pessoas com s\u00edndrome de Down e suas fam\u00edlias.<\/p>\n\n\n\n<h2 class=\"wp-block-heading\" id=\"nuestra-experiencia-con-neuronup\">Nossa experi\u00eancia com a NeuronUP<\/h2>\n\n\n\n<figure class=\"wp-block-gallery has-nested-images columns-default is-cropped wp-block-gallery-1 is-layout-flex wp-block-gallery-is-layout-flex\">\n<figure class=\"wp-block-image size-full image-interface\"><img decoding=\"async\" width=\"716\" height=\"960\" data-id=\"33264\" src=\"https:\/\/neuronup.com\/br\/wp-content\/uploads\/2024\/12\/crianca-com-sindrome-de-down-treino-cognitivo-com-a-NeuronUP.webp\" alt=\"Aluna com s\u00edndrome de Down sentada diante do computador; fones, tela mostra contagem de euros com total 29,84.\" class=\"wp-image-33264\" srcset=\"https:\/\/neuronup.com\/br\/wp-content\/uploads\/2024\/12\/crianca-com-sindrome-de-down-treino-cognitivo-com-a-NeuronUP-224x300.webp 224w, https:\/\/neuronup.com\/br\/wp-content\/uploads\/2024\/12\/crianca-com-sindrome-de-down-treino-cognitivo-com-a-NeuronUP.webp 716w\" sizes=\"(max-width: 716px) 100vw, 716px\" \/><figcaption class=\"wp-element-caption\">Uma aluna da Associa\u00e7\u00e3o de S\u00edndrome de Down de Las Palmas trabalhando com a atividade \u201cPagamentos exatos\u201d.<\/figcaption><\/figure>\n\n\n\n<figure class=\"wp-block-image size-full image-interface\"><img decoding=\"async\" width=\"716\" height=\"960\" data-id=\"33083\" src=\"https:\/\/neuronup.com\/br\/wp-content\/uploads\/2024\/12\/aluno-com-sindrome-de-down-trabalhando-com-a-NeuronUP.webp\" alt=\"Homem idoso com fones de ouvido olhando para o computador; tela com pontos conectados por linhas em ambiente de mesa.\" class=\"wp-image-33083\" srcset=\"https:\/\/neuronup.com\/br\/wp-content\/uploads\/2024\/12\/aluno-com-sindrome-de-down-trabalhando-com-a-NeuronUP-224x300.webp 224w, https:\/\/neuronup.com\/br\/wp-content\/uploads\/2024\/12\/aluno-com-sindrome-de-down-trabalhando-com-a-NeuronUP.webp 716w\" sizes=\"(max-width: 716px) 100vw, 716px\" \/><figcaption class=\"wp-element-caption\">Um aluno da Associa\u00e7\u00e3o de S\u00edndrome de Down de Las Palmas trabalhando com a NeuronUP<\/figcaption><\/figure>\n<\/figure>\n\n\n\n<p>Estamos trabalhando h\u00e1 dois anos com a NeuronUP, que tem sido um apoio fundamental para os profissionais de nossa organiza\u00e7\u00e3o envolvidos nos processos de <strong>reabilita\u00e7\u00e3o <\/strong>e <strong>estimula\u00e7\u00e3o cognitiva.<\/strong><\/p>\n\n\n\n<p>Essa ferramenta nos permite <strong>realizar muitas atividades de forma personalizada<\/strong> para o aprimoramento cognitivo das pessoas com s\u00edndrome de Down com as quais trabalhamos.<\/p>\n\n\n\n<p>Cerca de 50 pessoas com s\u00edndrome de Down de diferentes idades e situa\u00e7\u00f5es de vida muito diferentes se beneficiam diretamente, e a NeuronUP nos permite <strong>individualizar e alcan\u00e7ar alunos em diferentes n\u00edveis de dificuldade<\/strong>, podendo trabalhar em v\u00e1rios objetivos educacionais e de treinamento.<\/p>\n\n\n\n<h3 class=\"wp-block-heading\" id=\"si-estas-interesado-en-esta-entrada-puede-que-tambien-te-interese-leer\">Se voc\u00ea se interessou neste artigo, talvez tamb\u00e9m tenha interesse em ler:<\/h3>\n\n\n<div class=\"mai-grid entries entries-grid has-boxed has-image-full\" style=\"--entry-title-font-size:var(--font-size-lg);--align-text:start;--entry-meta-text-align:start;\"><div class=\"entries-wrap has-columns\" style=\"--columns-xs:1\/1;--columns-sm:1\/1;--columns-md:1\/3;--columns-lg:1\/3;--flex-xs:0 0 var(--flex-basis);--flex-sm:0 0 var(--flex-basis);--flex-md:0 0 var(--flex-basis);--flex-lg:0 0 var(--flex-basis);--column-gap:var(--spacing-lg);--row-gap:var(--spacing-lg);--align-columns:start;\"><article class=\"entry entry-grid is-column has-entry-link has-image has-image-first type-post category-sindrome-de-down tag-deficiencia-intelectual tag-sindrome-de-down\" style=\"--entry-index:1;\" aria-label=\"S\u00edndrome de Down: o que \u00e9, n\u00fameros, mitos e verdades\" itemscope itemtype=\"https:\/\/schema.org\/CreativeWork\"><a class=\"entry-image-link\" href=\"https:\/\/neuronup.com\/br\/noticias-de-estimulacao-cognitiva\/deficiencia-intelectual\/sindrome-de-down\/sindrome-de-down-o-que-e-cifras-mitos-e-verdades\/\" tabindex=\"-1\" aria-hidden=\"true\"><img decoding=\"async\" width=\"400\" height=\"267\" src=\"https:\/\/neuronup.com\/br\/wp-content\/uploads\/2022\/02\/people-with-down-syndrome-cute-bonding-WMX5BHK-655x437-1-1-1.webp\" class=\"entry-image size-landscape-sm\" alt=\"Homem e menina sentados em tronco de \u00e1rvore no parque, sorrindo juntos, ambiente natural com \u00e1rvores e grama.\" srcset=\"https:\/\/neuronup.com\/br\/wp-content\/uploads\/2022\/02\/people-with-down-syndrome-cute-bonding-WMX5BHK-655x437-1-1-1-300x200.webp 300w, https:\/\/neuronup.com\/br\/wp-content\/uploads\/2022\/02\/people-with-down-syndrome-cute-bonding-WMX5BHK-655x437-1-1-1.webp 767w\" sizes=\"(max-width:599px) 599px, (min-width:600px) and (max-width: 799px) 799px, (min-width:800px) and (max-width: 999px) 333px, (min-width:1000px) 400px\" \/><\/a><div class=\"entry-wrap entry-wrap-grid\"><h3 class=\"entry-title\" itemprop=\"headline\"><a class=\"entry-title-link\" href=\"https:\/\/neuronup.com\/br\/noticias-de-estimulacao-cognitiva\/deficiencia-intelectual\/sindrome-de-down\/sindrome-de-down-o-que-e-cifras-mitos-e-verdades\/\" rel=\"bookmark\">S\u00edndrome de Down: o que \u00e9, n\u00fameros, mitos e verdades<\/a><\/h3>\n<\/div><\/article><article class=\"entry entry-grid is-column has-entry-link has-image has-image-first type-post category-sindrome-de-down tag-deficiencia-intelectual tag-depoimentos tag-sindrome-de-down\" style=\"--entry-index:2;\" aria-label=\"Trabalho com pessoas com s\u00edndrome de Down por grupos et\u00e1rios\" itemscope itemtype=\"https:\/\/schema.org\/CreativeWork\"><a class=\"entry-image-link\" href=\"https:\/\/neuronup.com\/br\/noticias-de-estimulacao-cognitiva\/deficiencia-intelectual\/sindrome-de-down\/trabalho-com-pessoas-com-sindrome-de-down-por-grupos-etarios\/\" tabindex=\"-1\" aria-hidden=\"true\"><img decoding=\"async\" width=\"400\" height=\"300\" src=\"https:\/\/neuronup.com\/br\/wp-content\/uploads\/2024\/12\/Trabalho-com-pessoas-com-sindrome-de-Down-por-grupos-etarios-400x300.webp\" class=\"entry-image size-landscape-sm\" alt=\"Menino sorridente com tablet em sala de aula, exibindo a mensagem &#039;N\u00e3o pode ser feito&#039;; outro estudante concentrado.\" srcset=\"https:\/\/neuronup.com\/br\/wp-content\/uploads\/2024\/12\/Trabalho-com-pessoas-com-sindrome-de-Down-por-grupos-etarios-300x225.webp 300w, https:\/\/neuronup.com\/br\/wp-content\/uploads\/2024\/12\/Trabalho-com-pessoas-com-sindrome-de-Down-por-grupos-etarios-400x300.webp 400w, https:\/\/neuronup.com\/br\/wp-content\/uploads\/2024\/12\/Trabalho-com-pessoas-com-sindrome-de-Down-por-grupos-etarios-768x576.webp 768w, https:\/\/neuronup.com\/br\/wp-content\/uploads\/2024\/12\/Trabalho-com-pessoas-com-sindrome-de-Down-por-grupos-etarios-800x600.webp 800w, https:\/\/neuronup.com\/br\/wp-content\/uploads\/2024\/12\/Trabalho-com-pessoas-com-sindrome-de-Down-por-grupos-etarios-1024x768.webp 1024w, https:\/\/neuronup.com\/br\/wp-content\/uploads\/2024\/12\/Trabalho-com-pessoas-com-sindrome-de-Down-por-grupos-etarios.webp 1200w\" sizes=\"(max-width:599px) 599px, (min-width:600px) and (max-width: 799px) 799px, (min-width:800px) and (max-width: 999px) 333px, (min-width:1000px) 400px\" \/><\/a><div class=\"entry-wrap entry-wrap-grid\"><h3 class=\"entry-title\" itemprop=\"headline\"><a class=\"entry-title-link\" href=\"https:\/\/neuronup.com\/br\/noticias-de-estimulacao-cognitiva\/deficiencia-intelectual\/sindrome-de-down\/trabalho-com-pessoas-com-sindrome-de-down-por-grupos-etarios\/\" rel=\"bookmark\">Trabalho com pessoas com s\u00edndrome de Down por grupos et\u00e1rios<\/a><\/h3>\n<\/div><\/article><article class=\"entry entry-grid is-column has-entry-link has-image has-image-first type-post category-sindrome-de-down tag-atividades-de-estimulacao-cognitiva tag-deficiencia-intelectual tag-depoimentos tag-sindrome-de-down\" style=\"--entry-index:3;\" aria-label=\"Atividades para pessoas com s\u00edndrome de Down\" itemscope itemtype=\"https:\/\/schema.org\/CreativeWork\"><a class=\"entry-image-link\" href=\"https:\/\/neuronup.com\/br\/noticias-de-estimulacao-cognitiva\/deficiencia-intelectual\/sindrome-de-down\/atividades-para-pessoas-com-sindrome-de-down\/\" tabindex=\"-1\" aria-hidden=\"true\"><img decoding=\"async\" width=\"400\" height=\"300\" src=\"https:\/\/neuronup.com\/br\/wp-content\/uploads\/2024\/12\/Atividades-multidisciplinares-para-sindrome-de-down-400x300.webp\" class=\"entry-image size-landscape-sm\" alt=\"Menina sorridente diante de um computador em sala educativa, concentrada em um jogo com imagens, usando blusa vermelha e la\u00e7o.\" srcset=\"https:\/\/neuronup.com\/br\/wp-content\/uploads\/2024\/12\/Atividades-multidisciplinares-para-sindrome-de-down-400x300.webp 400w, https:\/\/neuronup.com\/br\/wp-content\/uploads\/2024\/12\/Atividades-multidisciplinares-para-sindrome-de-down-800x600.webp 800w\" sizes=\"(max-width:599px) 599px, (min-width:600px) and (max-width: 799px) 799px, (min-width:800px) and (max-width: 999px) 333px, (min-width:1000px) 400px\" \/><\/a><div class=\"entry-wrap entry-wrap-grid\"><h3 class=\"entry-title\" itemprop=\"headline\"><a class=\"entry-title-link\" href=\"https:\/\/neuronup.com\/br\/noticias-de-estimulacao-cognitiva\/deficiencia-intelectual\/sindrome-de-down\/atividades-para-pessoas-com-sindrome-de-down\/\" rel=\"bookmark\">Atividades para pessoas com s\u00edndrome de Down<\/a><\/h3>\n<\/div><\/article><article class=\"entry entry-grid is-column has-entry-link has-image has-image-first type-post category-sindrome-de-down tag-deficiencia-intelectual tag-depoimentos tag-estimulacao-cognitiva tag-sindrome-de-down\" style=\"--entry-index:4;\" aria-label=\"Como funciona uma Funda\u00e7\u00e3o de S\u00edndrome de Down?\" itemscope itemtype=\"https:\/\/schema.org\/CreativeWork\"><a class=\"entry-image-link\" href=\"https:\/\/neuronup.com\/br\/noticias-de-estimulacao-cognitiva\/deficiencia-intelectual\/sindrome-de-down\/como-funciona-uma-fundacao-de-sindrome-de-down\/\" tabindex=\"-1\" aria-hidden=\"true\"><img decoding=\"async\" width=\"400\" height=\"300\" src=\"https:\/\/neuronup.com\/br\/wp-content\/uploads\/2024\/12\/Treino-cognitivo-para-jovens-com-sindrome-de-down-400x300.webp\" class=\"entry-image size-landscape-sm\" alt=\"Tr\u00eas pessoas em uma mesa observando tablets; dois homens \u00e0 esquerda e centro, uma mulher \u00e0 direita, em espa\u00e7o de trabalho com arm\u00e1rios.\" srcset=\"https:\/\/neuronup.com\/br\/wp-content\/uploads\/2024\/12\/Treino-cognitivo-para-jovens-com-sindrome-de-down-400x300.webp 400w, https:\/\/neuronup.com\/br\/wp-content\/uploads\/2024\/12\/Treino-cognitivo-para-jovens-com-sindrome-de-down-800x600.webp 800w, https:\/\/neuronup.com\/br\/wp-content\/uploads\/2024\/12\/Treino-cognitivo-para-jovens-com-sindrome-de-down-1200x900.webp 1200w\" sizes=\"(max-width:599px) 599px, (min-width:600px) and (max-width: 799px) 799px, (min-width:800px) and (max-width: 999px) 333px, (min-width:1000px) 400px\" \/><\/a><div class=\"entry-wrap entry-wrap-grid\"><h3 class=\"entry-title\" itemprop=\"headline\"><a class=\"entry-title-link\" href=\"https:\/\/neuronup.com\/br\/noticias-de-estimulacao-cognitiva\/deficiencia-intelectual\/sindrome-de-down\/como-funciona-uma-fundacao-de-sindrome-de-down\/\" rel=\"bookmark\">Como funciona uma Funda\u00e7\u00e3o de S\u00edndrome de Down?<\/a><\/h3>\n<\/div><\/article><article class=\"entry entry-grid is-column has-entry-link has-image has-image-first type-post category-sindrome-de-down tag-deficiencia-intelectual tag-depoimentos tag-sindrome-de-down\" style=\"--entry-index:5;\" aria-label=\"A s\u00edndrome de Down contada pela associa\u00e7\u00e3o Down Las Palmas\" itemscope itemtype=\"https:\/\/schema.org\/CreativeWork\"><a class=\"entry-image-link\" href=\"https:\/\/neuronup.com\/br\/noticias-de-estimulacao-cognitiva\/deficiencia-intelectual\/sindrome-de-down\/a-sindrome-de-down-contada-pela-associacao-down-las-palmas\/\" tabindex=\"-1\" aria-hidden=\"true\"><img decoding=\"async\" width=\"400\" height=\"300\" src=\"https:\/\/neuronup.com\/br\/wp-content\/uploads\/2024\/12\/Cuidados-cognitivos-sindrome-de-down-400x300.webp\" class=\"entry-image size-landscape-sm\" alt=\"Grupo de pessoas em cozinha com aventais e toucas de chef celebra diante de mesas com pratos, utens\u00edlios e ilumina\u00e7\u00e3o moderna.\" srcset=\"https:\/\/neuronup.com\/br\/wp-content\/uploads\/2024\/12\/Cuidados-cognitivos-sindrome-de-down-300x225.webp 300w, https:\/\/neuronup.com\/br\/wp-content\/uploads\/2024\/12\/Cuidados-cognitivos-sindrome-de-down-400x300.webp 400w, https:\/\/neuronup.com\/br\/wp-content\/uploads\/2024\/12\/Cuidados-cognitivos-sindrome-de-down-768x576.webp 768w, https:\/\/neuronup.com\/br\/wp-content\/uploads\/2024\/12\/Cuidados-cognitivos-sindrome-de-down-800x600.webp 800w, https:\/\/neuronup.com\/br\/wp-content\/uploads\/2024\/12\/Cuidados-cognitivos-sindrome-de-down-1024x768.webp 1024w, https:\/\/neuronup.com\/br\/wp-content\/uploads\/2024\/12\/Cuidados-cognitivos-sindrome-de-down.webp 1200w\" sizes=\"(max-width:599px) 599px, (min-width:600px) and (max-width: 799px) 799px, (min-width:800px) and (max-width: 999px) 333px, (min-width:1000px) 400px\" \/><\/a><div class=\"entry-wrap entry-wrap-grid\"><h3 class=\"entry-title\" itemprop=\"headline\"><a class=\"entry-title-link\" href=\"https:\/\/neuronup.com\/br\/noticias-de-estimulacao-cognitiva\/deficiencia-intelectual\/sindrome-de-down\/a-sindrome-de-down-contada-pela-associacao-down-las-palmas\/\" rel=\"bookmark\">A s\u00edndrome de Down contada pela associa\u00e7\u00e3o Down Las Palmas<\/a><\/h3>\n<\/div><\/article><article class=\"entry entry-grid is-column has-entry-link has-image has-image-first type-post category-sindrome-de-down tag-deficiencia-intelectual tag-depoimentos tag-sindrome-de-down\" style=\"--entry-index:6;\" aria-label=\"Qual \u00e9 o trabalho de uma Associa\u00e7\u00e3o de S\u00edndrome de Down? O caso da Down Navarra\" itemscope itemtype=\"https:\/\/schema.org\/CreativeWork\"><a class=\"entry-image-link\" href=\"https:\/\/neuronup.com\/br\/noticias-de-estimulacao-cognitiva\/deficiencia-intelectual\/sindrome-de-down\/qual-e-o-trabalho-de-uma-associacao-de-sindrome-de-down-o-caso-da-down-navarra\/\" tabindex=\"-1\" aria-hidden=\"true\"><img decoding=\"async\" width=\"400\" height=\"300\" src=\"https:\/\/neuronup.com\/br\/wp-content\/uploads\/2024\/12\/tratamentos-para-sindrome-de-down-com-a-NeuronUP-400x300.webp\" class=\"entry-image size-landscape-sm\" alt=\"V\u00e1rias pessoas sentadas em mesas brancas com computadores, cadeiras vermelhas, em sala bem iluminada, concentradas em suas telas.\" srcset=\"https:\/\/neuronup.com\/br\/wp-content\/uploads\/2024\/12\/tratamentos-para-sindrome-de-down-com-a-NeuronUP-300x225.webp 300w, https:\/\/neuronup.com\/br\/wp-content\/uploads\/2024\/12\/tratamentos-para-sindrome-de-down-com-a-NeuronUP-400x300.webp 400w, https:\/\/neuronup.com\/br\/wp-content\/uploads\/2024\/12\/tratamentos-para-sindrome-de-down-com-a-NeuronUP-768x576.webp 768w, https:\/\/neuronup.com\/br\/wp-content\/uploads\/2024\/12\/tratamentos-para-sindrome-de-down-com-a-NeuronUP-800x600.webp 800w, https:\/\/neuronup.com\/br\/wp-content\/uploads\/2024\/12\/tratamentos-para-sindrome-de-down-com-a-NeuronUP-1024x768.webp 1024w, https:\/\/neuronup.com\/br\/wp-content\/uploads\/2024\/12\/tratamentos-para-sindrome-de-down-com-a-NeuronUP-1200x900.webp 1200w, https:\/\/neuronup.com\/br\/wp-content\/uploads\/2024\/12\/tratamentos-para-sindrome-de-down-com-a-NeuronUP.webp 1440w\" sizes=\"(max-width:599px) 599px, (min-width:600px) and (max-width: 799px) 799px, (min-width:800px) and (max-width: 999px) 333px, (min-width:1000px) 400px\" \/><\/a><div class=\"entry-wrap entry-wrap-grid\"><h3 class=\"entry-title\" itemprop=\"headline\"><a class=\"entry-title-link\" href=\"https:\/\/neuronup.com\/br\/noticias-de-estimulacao-cognitiva\/deficiencia-intelectual\/sindrome-de-down\/qual-e-o-trabalho-de-uma-associacao-de-sindrome-de-down-o-caso-da-down-navarra\/\" rel=\"bookmark\">Qual \u00e9 o trabalho de uma Associa\u00e7\u00e3o de S\u00edndrome de Down? O caso da Down Navarra<\/a><\/h3>\n<\/div><\/article><\/div><\/div>","protected":false},"excerpt":{"rendered":"<p>A Associa\u00e7\u00e3o S\u00edndrome de Down Las Palmas conta neste artigo sobre o trabalho que realiza para apoiar pessoas com s\u00edndrome de Down e sua experi\u00eancia com o NeuronUP. O que \u00e9 a s\u00edndrome de Down? A s\u00edndrome de Down \u00e9 uma caracter\u00edstica do ser humano que ocorre como resultado de uma altera\u00e7\u00e3o gen\u00e9tica (devido ao &hellip;<\/p>\n","protected":false},"author":232,"featured_media":33287,"comment_status":"open","ping_status":"open","sticky":false,"template":"","format":"standard","meta":{"_acf_changed":false,"_genesis_hide_title":false,"_genesis_hide_breadcrumbs":false,"_genesis_hide_singular_image":false,"_genesis_hide_footer_widgets":false,"_genesis_custom_body_class":"","_genesis_custom_post_class":"","_genesis_layout":"","footnotes":""},"categories":[615],"tags":[562,570,616],"class_list":{"2":"type-post","7":"category-sindrome-de-down","8":"tag-deficiencia-intelectual","9":"tag-depoimentos","10":"tag-sindrome-de-down","11":"entry"},"acf":[],"_links":{"self":[{"href":"https:\/\/neuronup.com\/br\/wp-json\/wp\/v2\/posts\/6509","targetHints":{"allow":["GET"]}}],"collection":[{"href":"https:\/\/neuronup.com\/br\/wp-json\/wp\/v2\/posts"}],"about":[{"href":"https:\/\/neuronup.com\/br\/wp-json\/wp\/v2\/types\/post"}],"author":[{"embeddable":true,"href":"https:\/\/neuronup.com\/br\/wp-json\/wp\/v2\/users\/232"}],"replies":[{"embeddable":true,"href":"https:\/\/neuronup.com\/br\/wp-json\/wp\/v2\/comments?post=6509"}],"version-history":[{"count":0,"href":"https:\/\/neuronup.com\/br\/wp-json\/wp\/v2\/posts\/6509\/revisions"}],"wp:featuredmedia":[{"embeddable":true,"href":"https:\/\/neuronup.com\/br\/wp-json\/wp\/v2\/media\/33287"}],"wp:attachment":[{"href":"https:\/\/neuronup.com\/br\/wp-json\/wp\/v2\/media?parent=6509"}],"wp:term":[{"taxonomy":"category","embeddable":true,"href":"https:\/\/neuronup.com\/br\/wp-json\/wp\/v2\/categories?post=6509"},{"taxonomy":"post_tag","embeddable":true,"href":"https:\/\/neuronup.com\/br\/wp-json\/wp\/v2\/tags?post=6509"}],"curies":[{"name":"wp","href":"https:\/\/api.w.org\/{rel}","templated":true}]}}