{"id":6491,"date":"2024-05-21T09:26:48","date_gmt":"2024-05-21T07:26:48","guid":{"rendered":"https:\/\/neuronup.com\/br\/?p=6491"},"modified":"2026-01-26T18:16:48","modified_gmt":"2026-01-26T16:16:48","slug":"o-envelhecimento-das-pessoas-com-sindrome-de-down","status":"publish","type":"post","link":"https:\/\/neuronup.com\/br\/noticias-de-estimulacao-cognitiva\/deficiencia-intelectual\/sindrome-de-down\/o-envelhecimento-das-pessoas-com-sindrome-de-down\/","title":{"rendered":"O envelhecimento das pessoas com S\u00edndrome de Down"},"content":{"rendered":"\n<p class=\"is-style-default has-large-font-size\">A Associa\u00e7\u00e3o de S\u00edndrome de Down de Castell\u00f3n explica neste artigo como eles tratam o <strong>envelhecimento de pessoas com s\u00edndrome de Down<\/strong> por meio da NeuronUP.<\/p>\n\n\n\n<h2 class=\"wp-block-heading\" id=\"la-labor-de-la-asociacion-sindrome-de-down-de-castellon\">O trabalho da Associa\u00e7\u00e3o de S\u00edndrome de Down de Castell\u00f3n<\/h2>\n\n\n\n<p class=\"is-style-default\">Este ano completa 25 anos desde 1995, quando um grupo de pais decidiu unir for\u00e7as para atender \u00e0s necessidades n\u00e3o satisfeitas de pessoas com <strong>s\u00edndrome de Down e\/ou defici\u00eancias intelectuais.<\/strong><\/p>\n\n\n\n<h3 class=\"wp-block-heading\" id=\"sus-objetivos\">Seus objetivos<\/h3>\n\n\n\n<p class=\"is-style-default\">Desde ent\u00e3o e ao longo de sua hist\u00f3ria, a organiza\u00e7\u00e3o tem buscado os seguintes objetivos:<\/p>\n\n\n\n<ul class=\"wp-block-list\">\n<li><strong>Promover o desenvolvimento cognitivo, social e afetivo<\/strong>, permitindo que as pessoas com s\u00edndrome de Down alcancem sua plena realiza\u00e7\u00e3o pessoal.<\/li>\n\n\n\n<li><strong>Aumentar a conscientiza\u00e7\u00e3o e sensibilizar<\/strong> o restante da sociedade para a realidade dessas pessoas, a fim de alcan\u00e7ar sua inclus\u00e3o total.<\/li>\n\n\n\n<li><strong>Defender a inclus\u00e3o educacional<\/strong>. Porque as pessoas com s\u00edndrome de Down e defici\u00eancias intelectuais se beneficiam dela. E todos os nossos colegas tamb\u00e9m.<\/li>\n\n\n\n<li><strong>Ativar sua inclus\u00e3o no mercado de trabalho<\/strong>, para obter uma autoimagem positiva e \u00fatil e um conhecimento e respeito pelas outras pessoas.<\/li>\n\n\n\n<li><strong>Promover atendimento m\u00e9dico<\/strong>, para reivindicar seus direitos como pessoa.<\/li>\n<\/ul>\n\n\n\n<h3 class=\"wp-block-heading\" id=\"servicios-y-programas\">Servi\u00e7os e Programas<\/h3>\n\n\n\n<p class=\"is-style-default\">A Associa\u00e7\u00e3o tem servi\u00e7os e programas que contribuem para melhorar a qualidade de vida das pessoas que atendemos. Entre os servi\u00e7os e programas est\u00e3o:<\/p>\n\n\n\n<ul class=\"wp-block-list\">\n<li>Atendimento \u00e0s fam\u00edlias<\/li>\n\n\n\n<li>Consult\u00f3rio psicopedag\u00f3gico<\/li>\n\n\n\n<li>Workshop sobre habilidades adaptativas e comunica\u00e7\u00e3o eficaz<\/li>\n\n\n\n<li>Escola para irm\u00e3os<\/li>\n\n\n\n<li>Atendimento psicol\u00f3gico<\/li>\n\n\n\n<li>Escola de ver\u00e3o<\/li>\n\n\n\n<li>Programas de voluntariado, lazer e tempo livre<\/li>\n\n\n\n<li><strong>Projeto de envelhecimento<\/strong><\/li>\n\n\n\n<li>Programa de sa\u00fade e estimula\u00e7\u00e3o cognitiva<\/li>\n<\/ul>\n\n\n\n<h2 class=\"wp-block-heading\" id=\"el-envejecimiento-de-las-personas-con-sindrome-de-down\">Envelhecimento de pessoas com s\u00edndrome de Down<\/h2>\n\n\n\n<p class=\"is-style-default\">Nas \u00faltimas d\u00e9cadas, observamos que, devido a melhorias em v\u00e1rios campos, a expectativa de vida das pessoas com s\u00edndrome de Down aumentou. Essa longevidade \u00e9 acompanhada por uma melhora em sua qualidade de vida.<\/p>\n\n\n\n<p class=\"is-style-default\">Sabemos que envelhecer envolve uma s\u00e9rie de mudan\u00e7as. Essas mudan\u00e7as podem ser:<\/p>\n\n\n\n<ul class=\"wp-block-list\">\n<li><strong>Biol\u00f3gico<\/strong>, no qual ocorrem mudan\u00e7as no n\u00edvel do lobo frontal. Como resultado, o c\u00e9rebro atrofia e os neur\u00f4nios come\u00e7am a ser perdidos.<\/li>\n\n\n\n<li><strong>Psicol\u00f3gicos<\/strong>, como esquecimento ligeiro, comportamentos obsessivos, irritabilidade, rigidez mental, etc.<\/li>\n\n\n\n<li><strong>Social<\/strong>, no qual as amizades s\u00e3o reduzidas, o apoio familiar \u00e9 perdido, o n\u00edvel de autonomia \u00e9 reduzido, a necessidade de apoio para a realiza\u00e7\u00e3o de atividades etc. aumenta. Esse est\u00e1gio aparece em uma idade mais avan\u00e7ada na popula\u00e7\u00e3o em geral. Entretanto, em pessoas com s\u00edndrome de Down, esse processo ocorre cada vez mais cedo. \u00c9 claro que, devido \u00e0 conex\u00e3o gen\u00e9tica espec\u00edfica que a s\u00edndrome de Down e a doen\u00e7a de Alzheimer compartilham, h\u00e1 uma alta preval\u00eancia de desenvolvimento da doen\u00e7a de Alzheimer.<\/li>\n<\/ul>\n\n\n\n<p class=\"is-style-default\">O comprometimento cognitivo e a progress\u00e3o da doen\u00e7a depender\u00e3o das caracter\u00edsticas pessoais de cada pessoa. Portanto, \u00e9 de vital import\u00e2ncia <strong>estabelecer e manter programas de cuidados abrangentes<\/strong>. Esses programas s\u00e3o baseados em dois aspectos fundamentais: <strong>envelhecimento com dignidade e prontid\u00e3o para o desenvolvimento<\/strong>. Os programas devem ser estabelecidos tanto para <strong>pessoas com s\u00edndrome de Down<\/strong> quanto para seus familiares e cuidadores.<\/p>\n\n\n\n<h2 class=\"wp-block-heading\" id=\"proyecto-de-envejecimiento-de-las-personas-con-sindrome-de-down\">Projeto de envelhecimento de pessoas com s\u00edndrome de Down<\/h2>\n\n\n\n<p class=\"is-style-default\">O projeto de envelhecimento vem sendo desenvolvido desde 2016, quando foi detectada a necessidade de responder \u00e0s pessoas com s\u00edndrome de Down na idade adulta. Desde ent\u00e3o, duas pessoas est\u00e3o encarregadas de implementar o projeto: uma assistente social e uma psic\u00f3loga.<\/p>\n\n\n\n<p class=\"is-style-default\">No programa, cobrimos as pessoas que est\u00e3o dentro da faixa et\u00e1ria em que os primeiros <strong>sinais e sintomas de envelhecimento<\/strong> podem aparecer. Tamb\u00e9m cobrimos aquelas pessoas que, apesar de n\u00e3o estarem dentro dessa faixa, queremos prevenir e retardar o aparecimento desses sinais e sintomas.<\/p>\n\n\n\n<h3 class=\"wp-block-heading\" id=\"objetivos-del-proyecto\">Objetivos do projeto<\/h3>\n\n\n\n<p class=\"is-style-default\">Portanto, os objetivos que sustentam o programa de envelhecimento para pessoas com s\u00edndrome de Down s\u00e3o:<\/p>\n\n\n\n<ul class=\"wp-block-list\">\n<li><strong>Promover o envelhecimento ativo<\/strong> abordando \u00e1reas relacionadas a: estado de sa\u00fade e necessidades m\u00e9dicas, atividade esportiva, necessidades afetivo-sexuais, lazer e tempo livre e estimula\u00e7\u00e3o de habilidades cognitivas.<\/li>\n\n\n\n<li><strong>Aumentar a independ\u00eancia e a autonomia<\/strong> das pessoas com s\u00edndrome de Down, levando a um envelhecimento de qualidade.<\/li>\n\n\n\n<li><strong>Detectar qualquer sinal ou sintoma que possa ser considerado como causa de poss\u00edvel comprometimento cognitivo<\/strong> por meio de testes de triagem para posterior encaminhamento ao servi\u00e7o correspondente.<\/li>\n\n\n\n<li><strong>Manter o controle<\/strong> de todos os benefici\u00e1rios do programa.<\/li>\n\n\n\n<li><strong>Preparar as fam\u00edlias e os cuidadores de adultos com s\u00edndrome de Down<\/strong> e\/ou defici\u00eancia intelectual para esse est\u00e1gio.<\/li>\n\n\n\n<li><strong>Oferecer orienta\u00e7\u00e3o, aten\u00e7\u00e3o e apoio espec\u00edfico<\/strong> tanto para pessoas com s\u00edndrome de Down quanto para seus familiares e cuidadores.<\/li>\n<\/ul>\n\n\n\n<h3 class=\"wp-block-heading\" id=\"agentes-implicados\">Atores envolvidos<\/h3>\n\n\n\n<p class=\"is-style-default\">\u00c9 necess\u00e1ria a colabora\u00e7\u00e3o estreita e conjunta de todos os envolvidos na melhoria das necessidades individuais das pessoas com s\u00edndrome de Down. Por isso, consideramos de especial import\u00e2ncia a fam\u00edlia e as redes de apoio. Da mesma forma, os profissionais que trabalham com eles; e as sinergias de colabora\u00e7\u00e3o com outras entidades, universidades e servi\u00e7os de sa\u00fade.<\/p>\n\n\n\n<h3 class=\"wp-block-heading\" id=\"reconocimientos-del-programa\">Reconhecimentos do programa<\/h3>\n\n\n\n<p class=\"is-style-default\">Em novembro passado, a Associa\u00e7\u00e3o de S\u00edndrome de Down de Castell\u00f3n recebeu o primeiro pr\u00eamio na categoria &#8220;<em>Profissionais do setor: Melhores pr\u00e1ticas no cuidado de pessoas<\/em>&#8220;, concedido pela <em>DomusVi<\/em>. Esse reconhecimento promove o trabalho dos profissionais. Dessa forma, consegue-se que as pessoas com s\u00edndrome de Down tenham um programa que garanta um envelhecimento de qualidade em todas as dimens\u00f5es.<\/p>\n\n\n\n<h2 class=\"wp-block-heading\" id=\"neuronup-herramienta-de-apoyo\">NeuronUP: ferramenta de apoio<\/h2>\n\n\n<div class=\"wp-block-image image-interface\">\n<figure class=\"aligncenter size-full\"><img decoding=\"async\" width=\"1024\" height=\"768\" src=\"https:\/\/neuronup.com\/br\/wp-content\/uploads\/2024\/12\/tratamentos-para-sindrome-de-down.webp\" alt=\"Ambiente de inform\u00e1tica com duas pessoas em mesas, cada uma diante de computadores; cadeiras vermelhas e parede clara ao fundo.\" class=\"wp-image-33976\" srcset=\"https:\/\/neuronup.com\/br\/wp-content\/uploads\/2024\/12\/tratamentos-para-sindrome-de-down-300x225.webp 300w, https:\/\/neuronup.com\/br\/wp-content\/uploads\/2024\/12\/tratamentos-para-sindrome-de-down-400x300.webp 400w, https:\/\/neuronup.com\/br\/wp-content\/uploads\/2024\/12\/tratamentos-para-sindrome-de-down-768x576.webp 768w, https:\/\/neuronup.com\/br\/wp-content\/uploads\/2024\/12\/tratamentos-para-sindrome-de-down-800x600.webp 800w, https:\/\/neuronup.com\/br\/wp-content\/uploads\/2024\/12\/tratamentos-para-sindrome-de-down.webp 1024w\" sizes=\"(max-width: 1024px) 100vw, 1024px\" \/><\/figure>\n<\/div>\n\n\n<p class=\"is-style-default\">Um dos pilares do Programa de Envelhecimento \u00e9 que as pessoas com s\u00edndrome de Down permane\u00e7am ativas em todos os sentidos, e um deles \u00e9 o cognitivo. Sentir-se ativo retarda a <strong>deteriora\u00e7\u00e3o cognitiva<\/strong> e permite que sejamos mais aut\u00f4nomos e independentes em nossa vida di\u00e1ria. A equipe de profissionais que trabalha na Down&#8217;s Syndrome Castell\u00f3n defende essas premissas.<\/p>\n\n\n\n<p class=\"is-style-default\">H\u00e1 v\u00e1rios anos, decidimos incorporar o <strong>NeuronUP <\/strong>como uma ferramenta de apoio para o profissional que ministra as sess\u00f5es que estimulam as habilidades cognitivas. Essas sess\u00f5es s\u00e3o realizadas em grupos e s\u00e3o adaptadas \u00e0s habilidades individuais. Por meio de jogos, planilhas de papel, uso de material do cotidiano, uso da plataforma NeuronUP, entre outros, buscamos manter e melhorar o funcionamento cognitivo das pessoas que participam das sess\u00f5es.<\/p>\n\n\n\n<h3 class=\"wp-block-heading\" id=\"ventajas-de-neuronup\">Vantagens da NeuronUP<\/h3>\n\n\n\n<p class=\"is-style-default\">Uma das vantagens oferecidas pela NeuronUP \u00e9 a <strong>personaliza\u00e7\u00e3o das sess\u00f5es<\/strong> de acordo com as necessidades do indiv\u00edduo e o <em>feedback <\/em>sobre sua execu\u00e7\u00e3o. Da mesma forma, a <strong>atualiza\u00e7\u00e3o constante das atividades<\/strong> e a <strong>forma\u00e7\u00e3o <\/strong>oferecida foram outros pontos a favor que tornaram o uso dessa plataforma a ferramenta de suporte ideal para o profissional respons\u00e1vel pelo planejamento das sess\u00f5es.<\/p>\n\n\n\n<h2 class=\"wp-block-heading\" id=\"conclusiones\">Conclus\u00f5es<\/h2>\n\n\n\n<p class=\"is-style-default\">Na Associa\u00e7\u00e3o de S\u00edndrome de Down de Castell\u00f3n, estamos trabalhando para garantir que nosso lema &#8220;<em>Eu envelhe\u00e7o com qualidade de vida: e voc\u00ea<\/em>?&#8221;<\/p>\n\n\n\n<p class=\"is-style-default\">Se quiser saber mais sobre nosso programa e como trabalhamos, acesse www.downcastellon.com. Teremos o maior prazer em receber propostas que tenham impacto no bem-estar de pessoas com s\u00edndrome de Down e\/ou defici\u00eancias intelectuais e em seu ambiente.<\/p>\n\n\n\n<h3 class=\"wp-block-heading\" id=\"si-te-ha-gustado-esta-entrada-del-blog-sobre-el-envejecimiento-de-las-personas-con-sindrome-de-down-puede-que-tambien-estes-interesado-en\"><strong>Se voc\u00ea gostou desta publica\u00e7\u00e3o do blog sobre<\/strong> o envelhecimento em pessoas com s\u00edndrome de Down,<strong> talvez tamb\u00e9m tenha interesse em<\/strong>:<\/h3>\n\n\n<div class=\"mai-grid entries entries-grid has-boxed has-image-full\" style=\"--entry-title-font-size:var(--font-size-lg);--align-text:start;--entry-meta-text-align:start;\"><div class=\"entries-wrap has-columns\" style=\"--columns-xs:1\/1;--columns-sm:1\/1;--columns-md:1\/3;--columns-lg:1\/3;--flex-xs:0 0 var(--flex-basis);--flex-sm:0 0 var(--flex-basis);--flex-md:0 0 var(--flex-basis);--flex-lg:0 0 var(--flex-basis);--column-gap:var(--spacing-lg);--row-gap:var(--spacing-lg);--align-columns:start;\"><article class=\"entry entry-grid is-column has-entry-link has-image has-image-first type-post category-sindrome-de-down tag-deficiencia-intelectual tag-sindrome-de-down\" style=\"--entry-index:1;\" aria-label=\"S\u00edndrome de Down: o que \u00e9, n\u00fameros, mitos e verdades\" itemscope itemtype=\"https:\/\/schema.org\/CreativeWork\"><a class=\"entry-image-link\" href=\"https:\/\/neuronup.com\/br\/noticias-de-estimulacao-cognitiva\/deficiencia-intelectual\/sindrome-de-down\/sindrome-de-down-o-que-e-cifras-mitos-e-verdades\/\" tabindex=\"-1\" aria-hidden=\"true\"><img decoding=\"async\" width=\"400\" height=\"267\" src=\"https:\/\/neuronup.com\/br\/wp-content\/uploads\/2022\/02\/people-with-down-syndrome-cute-bonding-WMX5BHK-655x437-1-1-1.webp\" class=\"entry-image size-landscape-sm\" alt=\"Homem e menina sentados em tronco de \u00e1rvore no parque, sorrindo juntos, ambiente natural com \u00e1rvores e grama.\" srcset=\"https:\/\/neuronup.com\/br\/wp-content\/uploads\/2022\/02\/people-with-down-syndrome-cute-bonding-WMX5BHK-655x437-1-1-1-300x200.webp 300w, https:\/\/neuronup.com\/br\/wp-content\/uploads\/2022\/02\/people-with-down-syndrome-cute-bonding-WMX5BHK-655x437-1-1-1.webp 767w\" sizes=\"(max-width:599px) 599px, (min-width:600px) and (max-width: 799px) 799px, (min-width:800px) and (max-width: 999px) 333px, (min-width:1000px) 400px\" \/><\/a><div class=\"entry-wrap entry-wrap-grid\"><h3 class=\"entry-title\" itemprop=\"headline\"><a class=\"entry-title-link\" href=\"https:\/\/neuronup.com\/br\/noticias-de-estimulacao-cognitiva\/deficiencia-intelectual\/sindrome-de-down\/sindrome-de-down-o-que-e-cifras-mitos-e-verdades\/\" rel=\"bookmark\">S\u00edndrome de Down: o que \u00e9, n\u00fameros, mitos e verdades<\/a><\/h3>\n<\/div><\/article><article class=\"entry entry-grid is-column has-entry-link has-image has-image-first type-post category-sindrome-de-down tag-deficiencia-intelectual tag-depoimentos tag-sindrome-de-down\" style=\"--entry-index:2;\" aria-label=\"Trabalho com pessoas com s\u00edndrome de Down por grupos et\u00e1rios\" itemscope itemtype=\"https:\/\/schema.org\/CreativeWork\"><a class=\"entry-image-link\" href=\"https:\/\/neuronup.com\/br\/noticias-de-estimulacao-cognitiva\/deficiencia-intelectual\/sindrome-de-down\/trabalho-com-pessoas-com-sindrome-de-down-por-grupos-etarios\/\" tabindex=\"-1\" aria-hidden=\"true\"><img decoding=\"async\" width=\"400\" height=\"300\" src=\"https:\/\/neuronup.com\/br\/wp-content\/uploads\/2024\/12\/Trabalho-com-pessoas-com-sindrome-de-Down-por-grupos-etarios-400x300.webp\" class=\"entry-image size-landscape-sm\" alt=\"Menino sorridente com tablet em sala de aula, exibindo a mensagem &#039;N\u00e3o pode ser feito&#039;; outro estudante concentrado.\" srcset=\"https:\/\/neuronup.com\/br\/wp-content\/uploads\/2024\/12\/Trabalho-com-pessoas-com-sindrome-de-Down-por-grupos-etarios-300x225.webp 300w, https:\/\/neuronup.com\/br\/wp-content\/uploads\/2024\/12\/Trabalho-com-pessoas-com-sindrome-de-Down-por-grupos-etarios-400x300.webp 400w, https:\/\/neuronup.com\/br\/wp-content\/uploads\/2024\/12\/Trabalho-com-pessoas-com-sindrome-de-Down-por-grupos-etarios-768x576.webp 768w, https:\/\/neuronup.com\/br\/wp-content\/uploads\/2024\/12\/Trabalho-com-pessoas-com-sindrome-de-Down-por-grupos-etarios-800x600.webp 800w, https:\/\/neuronup.com\/br\/wp-content\/uploads\/2024\/12\/Trabalho-com-pessoas-com-sindrome-de-Down-por-grupos-etarios-1024x768.webp 1024w, https:\/\/neuronup.com\/br\/wp-content\/uploads\/2024\/12\/Trabalho-com-pessoas-com-sindrome-de-Down-por-grupos-etarios.webp 1200w\" sizes=\"(max-width:599px) 599px, (min-width:600px) and (max-width: 799px) 799px, (min-width:800px) and (max-width: 999px) 333px, (min-width:1000px) 400px\" \/><\/a><div class=\"entry-wrap entry-wrap-grid\"><h3 class=\"entry-title\" itemprop=\"headline\"><a class=\"entry-title-link\" href=\"https:\/\/neuronup.com\/br\/noticias-de-estimulacao-cognitiva\/deficiencia-intelectual\/sindrome-de-down\/trabalho-com-pessoas-com-sindrome-de-down-por-grupos-etarios\/\" rel=\"bookmark\">Trabalho com pessoas com s\u00edndrome de Down por grupos et\u00e1rios<\/a><\/h3>\n<\/div><\/article><article class=\"entry entry-grid is-column has-entry-link has-image has-image-first type-post category-sindrome-de-down tag-atividades-de-estimulacao-cognitiva tag-deficiencia-intelectual tag-depoimentos tag-sindrome-de-down\" style=\"--entry-index:3;\" aria-label=\"Atividades para pessoas com s\u00edndrome de Down\" itemscope itemtype=\"https:\/\/schema.org\/CreativeWork\"><a class=\"entry-image-link\" href=\"https:\/\/neuronup.com\/br\/noticias-de-estimulacao-cognitiva\/deficiencia-intelectual\/sindrome-de-down\/atividades-para-pessoas-com-sindrome-de-down\/\" tabindex=\"-1\" aria-hidden=\"true\"><img decoding=\"async\" width=\"400\" height=\"300\" src=\"https:\/\/neuronup.com\/br\/wp-content\/uploads\/2024\/12\/Atividades-multidisciplinares-para-sindrome-de-down-400x300.webp\" class=\"entry-image size-landscape-sm\" alt=\"Menina sorridente diante de um computador em sala educativa, concentrada em um jogo com imagens, usando blusa vermelha e la\u00e7o.\" srcset=\"https:\/\/neuronup.com\/br\/wp-content\/uploads\/2024\/12\/Atividades-multidisciplinares-para-sindrome-de-down-400x300.webp 400w, https:\/\/neuronup.com\/br\/wp-content\/uploads\/2024\/12\/Atividades-multidisciplinares-para-sindrome-de-down-800x600.webp 800w\" sizes=\"(max-width:599px) 599px, (min-width:600px) and (max-width: 799px) 799px, (min-width:800px) and (max-width: 999px) 333px, (min-width:1000px) 400px\" \/><\/a><div class=\"entry-wrap entry-wrap-grid\"><h3 class=\"entry-title\" itemprop=\"headline\"><a class=\"entry-title-link\" href=\"https:\/\/neuronup.com\/br\/noticias-de-estimulacao-cognitiva\/deficiencia-intelectual\/sindrome-de-down\/atividades-para-pessoas-com-sindrome-de-down\/\" rel=\"bookmark\">Atividades para pessoas com s\u00edndrome de Down<\/a><\/h3>\n<\/div><\/article><article class=\"entry entry-grid is-column has-entry-link has-image has-image-first type-post category-sindrome-de-down tag-deficiencia-intelectual tag-depoimentos tag-estimulacao-cognitiva tag-sindrome-de-down\" style=\"--entry-index:4;\" aria-label=\"Como funciona uma Funda\u00e7\u00e3o de S\u00edndrome de Down?\" itemscope itemtype=\"https:\/\/schema.org\/CreativeWork\"><a class=\"entry-image-link\" href=\"https:\/\/neuronup.com\/br\/noticias-de-estimulacao-cognitiva\/deficiencia-intelectual\/sindrome-de-down\/como-funciona-uma-fundacao-de-sindrome-de-down\/\" tabindex=\"-1\" aria-hidden=\"true\"><img decoding=\"async\" width=\"400\" height=\"300\" src=\"https:\/\/neuronup.com\/br\/wp-content\/uploads\/2024\/12\/Treino-cognitivo-para-jovens-com-sindrome-de-down-400x300.webp\" class=\"entry-image size-landscape-sm\" alt=\"Tr\u00eas pessoas em uma mesa observando tablets; dois homens \u00e0 esquerda e centro, uma mulher \u00e0 direita, em espa\u00e7o de trabalho com arm\u00e1rios.\" srcset=\"https:\/\/neuronup.com\/br\/wp-content\/uploads\/2024\/12\/Treino-cognitivo-para-jovens-com-sindrome-de-down-400x300.webp 400w, https:\/\/neuronup.com\/br\/wp-content\/uploads\/2024\/12\/Treino-cognitivo-para-jovens-com-sindrome-de-down-800x600.webp 800w, https:\/\/neuronup.com\/br\/wp-content\/uploads\/2024\/12\/Treino-cognitivo-para-jovens-com-sindrome-de-down-1200x900.webp 1200w\" sizes=\"(max-width:599px) 599px, (min-width:600px) and (max-width: 799px) 799px, (min-width:800px) and (max-width: 999px) 333px, (min-width:1000px) 400px\" \/><\/a><div class=\"entry-wrap entry-wrap-grid\"><h3 class=\"entry-title\" itemprop=\"headline\"><a class=\"entry-title-link\" href=\"https:\/\/neuronup.com\/br\/noticias-de-estimulacao-cognitiva\/deficiencia-intelectual\/sindrome-de-down\/como-funciona-uma-fundacao-de-sindrome-de-down\/\" rel=\"bookmark\">Como funciona uma Funda\u00e7\u00e3o de S\u00edndrome de Down?<\/a><\/h3>\n<\/div><\/article><article class=\"entry entry-grid is-column has-entry-link has-image has-image-first type-post category-sindrome-de-down tag-deficiencia-intelectual tag-depoimentos tag-sindrome-de-down\" style=\"--entry-index:5;\" aria-label=\"A s\u00edndrome de Down contada pela associa\u00e7\u00e3o Down Las Palmas\" itemscope itemtype=\"https:\/\/schema.org\/CreativeWork\"><a class=\"entry-image-link\" href=\"https:\/\/neuronup.com\/br\/noticias-de-estimulacao-cognitiva\/deficiencia-intelectual\/sindrome-de-down\/a-sindrome-de-down-contada-pela-associacao-down-las-palmas\/\" tabindex=\"-1\" aria-hidden=\"true\"><img decoding=\"async\" width=\"400\" height=\"300\" src=\"https:\/\/neuronup.com\/br\/wp-content\/uploads\/2024\/12\/Cuidados-cognitivos-sindrome-de-down-400x300.webp\" class=\"entry-image size-landscape-sm\" alt=\"Grupo de pessoas em cozinha com aventais e toucas de chef celebra diante de mesas com pratos, utens\u00edlios e ilumina\u00e7\u00e3o moderna.\" srcset=\"https:\/\/neuronup.com\/br\/wp-content\/uploads\/2024\/12\/Cuidados-cognitivos-sindrome-de-down-300x225.webp 300w, https:\/\/neuronup.com\/br\/wp-content\/uploads\/2024\/12\/Cuidados-cognitivos-sindrome-de-down-400x300.webp 400w, https:\/\/neuronup.com\/br\/wp-content\/uploads\/2024\/12\/Cuidados-cognitivos-sindrome-de-down-768x576.webp 768w, https:\/\/neuronup.com\/br\/wp-content\/uploads\/2024\/12\/Cuidados-cognitivos-sindrome-de-down-800x600.webp 800w, https:\/\/neuronup.com\/br\/wp-content\/uploads\/2024\/12\/Cuidados-cognitivos-sindrome-de-down-1024x768.webp 1024w, https:\/\/neuronup.com\/br\/wp-content\/uploads\/2024\/12\/Cuidados-cognitivos-sindrome-de-down.webp 1200w\" sizes=\"(max-width:599px) 599px, (min-width:600px) and (max-width: 799px) 799px, (min-width:800px) and (max-width: 999px) 333px, (min-width:1000px) 400px\" \/><\/a><div class=\"entry-wrap entry-wrap-grid\"><h3 class=\"entry-title\" itemprop=\"headline\"><a class=\"entry-title-link\" href=\"https:\/\/neuronup.com\/br\/noticias-de-estimulacao-cognitiva\/deficiencia-intelectual\/sindrome-de-down\/a-sindrome-de-down-contada-pela-associacao-down-las-palmas\/\" rel=\"bookmark\">A s\u00edndrome de Down contada pela associa\u00e7\u00e3o Down Las Palmas<\/a><\/h3>\n<\/div><\/article><article class=\"entry entry-grid is-column has-entry-link has-image has-image-first type-post category-sindrome-de-down tag-deficiencia-intelectual tag-depoimentos tag-sindrome-de-down\" style=\"--entry-index:6;\" aria-label=\"Qual \u00e9 o trabalho de uma Associa\u00e7\u00e3o de S\u00edndrome de Down? O caso da Down Navarra\" itemscope itemtype=\"https:\/\/schema.org\/CreativeWork\"><a class=\"entry-image-link\" href=\"https:\/\/neuronup.com\/br\/noticias-de-estimulacao-cognitiva\/deficiencia-intelectual\/sindrome-de-down\/qual-e-o-trabalho-de-uma-associacao-de-sindrome-de-down-o-caso-da-down-navarra\/\" tabindex=\"-1\" aria-hidden=\"true\"><img decoding=\"async\" width=\"400\" height=\"300\" src=\"https:\/\/neuronup.com\/br\/wp-content\/uploads\/2024\/12\/tratamentos-para-sindrome-de-down-com-a-NeuronUP-400x300.webp\" class=\"entry-image size-landscape-sm\" alt=\"V\u00e1rias pessoas sentadas em mesas brancas com computadores, cadeiras vermelhas, em sala bem iluminada, concentradas em suas telas.\" srcset=\"https:\/\/neuronup.com\/br\/wp-content\/uploads\/2024\/12\/tratamentos-para-sindrome-de-down-com-a-NeuronUP-300x225.webp 300w, https:\/\/neuronup.com\/br\/wp-content\/uploads\/2024\/12\/tratamentos-para-sindrome-de-down-com-a-NeuronUP-400x300.webp 400w, https:\/\/neuronup.com\/br\/wp-content\/uploads\/2024\/12\/tratamentos-para-sindrome-de-down-com-a-NeuronUP-768x576.webp 768w, https:\/\/neuronup.com\/br\/wp-content\/uploads\/2024\/12\/tratamentos-para-sindrome-de-down-com-a-NeuronUP-800x600.webp 800w, https:\/\/neuronup.com\/br\/wp-content\/uploads\/2024\/12\/tratamentos-para-sindrome-de-down-com-a-NeuronUP-1024x768.webp 1024w, https:\/\/neuronup.com\/br\/wp-content\/uploads\/2024\/12\/tratamentos-para-sindrome-de-down-com-a-NeuronUP-1200x900.webp 1200w, https:\/\/neuronup.com\/br\/wp-content\/uploads\/2024\/12\/tratamentos-para-sindrome-de-down-com-a-NeuronUP.webp 1440w\" sizes=\"(max-width:599px) 599px, (min-width:600px) and (max-width: 799px) 799px, (min-width:800px) and (max-width: 999px) 333px, (min-width:1000px) 400px\" \/><\/a><div class=\"entry-wrap entry-wrap-grid\"><h3 class=\"entry-title\" itemprop=\"headline\"><a class=\"entry-title-link\" href=\"https:\/\/neuronup.com\/br\/noticias-de-estimulacao-cognitiva\/deficiencia-intelectual\/sindrome-de-down\/qual-e-o-trabalho-de-uma-associacao-de-sindrome-de-down-o-caso-da-down-navarra\/\" rel=\"bookmark\">Qual \u00e9 o trabalho de uma Associa\u00e7\u00e3o de S\u00edndrome de Down? O caso da Down Navarra<\/a><\/h3>\n<\/div><\/article><\/div><\/div>","protected":false},"excerpt":{"rendered":"<p>A Associa\u00e7\u00e3o de S\u00edndrome de Down de Castell\u00f3n explica neste artigo como eles tratam o envelhecimento de pessoas com s\u00edndrome de Down por meio da NeuronUP. O trabalho da Associa\u00e7\u00e3o de S\u00edndrome de Down de Castell\u00f3n Este ano completa 25 anos desde 1995, quando um grupo de pais decidiu unir for\u00e7as para atender \u00e0s necessidades &hellip;<\/p>\n","protected":false},"author":229,"featured_media":33358,"comment_status":"open","ping_status":"open","sticky":false,"template":"","format":"standard","meta":{"_acf_changed":false,"_genesis_hide_title":false,"_genesis_hide_breadcrumbs":false,"_genesis_hide_singular_image":false,"_genesis_hide_footer_widgets":false,"_genesis_custom_body_class":"","_genesis_custom_post_class":"","_genesis_layout":"","footnotes":""},"categories":[615],"tags":[562,570,616],"class_list":{"2":"type-post","7":"category-sindrome-de-down","8":"tag-deficiencia-intelectual","9":"tag-depoimentos","10":"tag-sindrome-de-down","11":"entry"},"acf":[],"_links":{"self":[{"href":"https:\/\/neuronup.com\/br\/wp-json\/wp\/v2\/posts\/6491","targetHints":{"allow":["GET"]}}],"collection":[{"href":"https:\/\/neuronup.com\/br\/wp-json\/wp\/v2\/posts"}],"about":[{"href":"https:\/\/neuronup.com\/br\/wp-json\/wp\/v2\/types\/post"}],"author":[{"embeddable":true,"href":"https:\/\/neuronup.com\/br\/wp-json\/wp\/v2\/users\/229"}],"replies":[{"embeddable":true,"href":"https:\/\/neuronup.com\/br\/wp-json\/wp\/v2\/comments?post=6491"}],"version-history":[{"count":0,"href":"https:\/\/neuronup.com\/br\/wp-json\/wp\/v2\/posts\/6491\/revisions"}],"wp:featuredmedia":[{"embeddable":true,"href":"https:\/\/neuronup.com\/br\/wp-json\/wp\/v2\/media\/33358"}],"wp:attachment":[{"href":"https:\/\/neuronup.com\/br\/wp-json\/wp\/v2\/media?parent=6491"}],"wp:term":[{"taxonomy":"category","embeddable":true,"href":"https:\/\/neuronup.com\/br\/wp-json\/wp\/v2\/categories?post=6491"},{"taxonomy":"post_tag","embeddable":true,"href":"https:\/\/neuronup.com\/br\/wp-json\/wp\/v2\/tags?post=6491"}],"curies":[{"name":"wp","href":"https:\/\/api.w.org\/{rel}","templated":true}]}}