{"id":6467,"date":"2024-05-09T17:04:24","date_gmt":"2024-05-09T15:04:24","guid":{"rendered":"https:\/\/neuronup.com\/br\/?p=6467"},"modified":"2026-01-26T18:16:45","modified_gmt":"2026-01-26T16:16:45","slug":"a-aura-fundacio-explica-a-importancia-da-estimulacao-cognitiva-para-pessoas-com-deficiencias-intelectuais","status":"publish","type":"post","link":"https:\/\/neuronup.com\/br\/noticias-de-estimulacao-cognitiva\/deficiencia-intelectual\/a-aura-fundacio-explica-a-importancia-da-estimulacao-cognitiva-para-pessoas-com-deficiencias-intelectuais\/","title":{"rendered":"A Aura Fundaci\u00f3 explica a import\u00e2ncia da estimula\u00e7\u00e3o cognitiva para pessoas com defici\u00eancias intelectuais"},"content":{"rendered":"\n<p class=\"has-large-font-size\">A diretora do Programa de Neuropsicologia da Aura Fundaci\u00f3, Roser Fern\u00e1ndez, explica a import\u00e2ncia da <strong>estimula\u00e7\u00e3o cognitiva em pessoas com defici\u00eancias intelectuais<\/strong>.<\/p>\n\n\n\n<h2 class=\"wp-block-heading\">Estimula\u00e7\u00e3o cognitiva para pessoas com defici\u00eancias intelectuais<\/h2>\n\n\n\n<p>A Aura Fundaci\u00f3, ao longo de seus 29 anos de experi\u00eancia, acompanhando pessoas com defici\u00eancia intelectual em sua inser\u00e7\u00e3o no mundo laboral, teve a oportunidade de conhecer as necessidades de seus participantes e tentou buscar respostas adequadas para cada momento de sua fase vital.<\/p>\n\n\n\n<p>Um dos aspectos em que sempre intervimos \u00e9 o da estimula\u00e7\u00e3o cognitiva, com o <strong>objetivo de manter e\/ou aprimorar as habilidades dos participantes.<\/strong><\/p>\n\n\n\n<p>Ao longo dos anos, criamos nosso pr\u00f3prio programa de treinamento cognitivo, com base em uma grande quantidade de material publicado, ajustando-o \u00e0s diferentes necessidades que observamos.<\/p>\n\n\n\n<h3 class=\"wp-block-heading\">Estudo multic\u00eantrico de acompanhamento longitudinal do processo de envelhecimento em pessoas com s\u00edndrome de Down<\/h3>\n\n\n\n<p>Da mesma forma, h\u00e1 alguns anos, estamos coordenando um estudo multic\u00eantrico com a Faculdade de Psicologia, Educa\u00e7\u00e3o e Ci\u00eancias do Esporte de Blanquerna da Universidade Ramon Llull, um estudo multic\u00eantrico de monitoramento longitudinal do processo de envelhecimento de pessoas com s\u00edndrome de Down. O objetivo \u00e9 realizar a preven\u00e7\u00e3o, a detec\u00e7\u00e3o e o diagn\u00f3stico adequados da defici\u00eancia cognitiva, bem como uma interven\u00e7\u00e3o adaptada \u00e0s necessidades de cada pessoa.<\/p>\n\n\n\n<p>Os resultados descritivos foram obtidos em uma amostra de 200 pessoas. Esses resultados permitem comparar a evolu\u00e7\u00e3o em um n\u00edvel cognitivo em tr\u00eas grupos et\u00e1rios bem diferenciados, com <strong>o objetivo principal de detectar as primeiras mudan\u00e7as e sinais de envelhecimento em um n\u00edvel cognitivo em pessoas com s\u00edndrome de Down.<\/strong><\/p>\n\n\n\n<p>Um dos aspectos que pudemos observar \u00e9 <strong>a import\u00e2ncia de continuar com os programas de treinamento e estimula\u00e7\u00e3o cognitiva<\/strong> para melhorar e\/ou manter as fun\u00e7\u00f5es mesmo na velhice.<\/p>\n\n\n\n<h3 class=\"wp-block-heading\">Programas de interven\u00e7\u00e3o com a NeuronUP para pessoas com S\u00edndrome de Down<\/h3>\n\n\n\n<p>Em setembro de 2017, iniciamos a implementa\u00e7\u00e3o, adapta\u00e7\u00e3o e valida\u00e7\u00e3o do programa NeuronUP para pessoas com s\u00edndrome de Down. Para isso, revisamos \u201cuma a uma\u201d todas as atividades do programa (tanto a vers\u00e3o digital quanto a vers\u00e3o em papel e l\u00e1pis). Depois disso, <strong>elaboramos quatro programas com diferentes graus de dificuldade<\/strong>, adaptados \u00e0s habilidades de nossos participantes.<\/p>\n\n\n\n<p>Vale a pena mencionar que a valida\u00e7\u00e3o do programa NeuronUP foi realizada por um estudante de doutorado da Universidade Ramon Llull, que n\u00f3s da Aura Fundaci\u00f3 estamos coordenando e em breve compartilharemos com as institui\u00e7\u00f5es que fazem parte do estudo multic\u00eantrico.<\/p>\n\n\n\n<h4 class=\"wp-block-heading\">O que fazemos com a NeuronUP?<\/h4>\n\n\n\n<p>A plataforma NeuronUP nos permite trabalhar as <strong>fun\u00e7\u00f5es cognitivas b\u00e1sicas<\/strong> (como orienta\u00e7\u00e3o, aten\u00e7\u00e3o, mem\u00f3ria, linguagem, fun\u00e7\u00f5es executivas, velocidade de processamento, habilidades visuais e espaciais, cogni\u00e7\u00e3o social), bem como as <strong>atividades da vida di\u00e1ria e as habilidades sociais<\/strong>.<\/p>\n\n\n\n<h4 class=\"wp-block-heading\">Princ\u00edpios de generaliza\u00e7\u00e3o e\/ou transfer\u00eancia<\/h4>\n\n\n\n<p>As atividades oferecidas obedecem aos princ\u00edpios de generaliza\u00e7\u00e3o e\/ou transfer\u00eancia, que para a Aura Fundaci\u00f3 s\u00e3o os pilares da metodologia que vem sendo utilizada desde o in\u00edcio, com base na <strong>aprendizagem mediada.<\/strong><\/p>\n\n\n\n<p>Por esse motivo, a NeuronUP \u00e9 muito ben\u00e9fica para qualquer pessoa, pois abrange outros dom\u00ednios diferentes do que \u00e9 treinado, especificamente a \u00e1rea cognitiva, e tamb\u00e9m \u00e9 facilmente aplic\u00e1vel no dia a dia de cada pessoa.<\/p>\n\n\n\n<h3 class=\"wp-block-heading\">O est\u00edmulo de trabalhar em uma empresa comum<\/h3>\n\n\n<div class=\"wp-block-image image-interface\">\n<figure class=\"aligncenter size-full\"><img decoding=\"async\" width=\"768\" height=\"778\" src=\"https:\/\/neuronup.com\/br\/wp-content\/uploads\/2024\/12\/A-importancia-do-treino-cognitivo-em-pessoas-com-deficiencia-intelectual.webp\" alt=\"Homem sorridente segura cartaz laranja com hashtags vis\u00edveis; ambiente de escrit\u00f3rio com prateleiras ao fundo.\" class=\"wp-image-33079\" srcset=\"https:\/\/neuronup.com\/br\/wp-content\/uploads\/2024\/12\/A-importancia-do-treino-cognitivo-em-pessoas-com-deficiencia-intelectual-24x24.webp 24w, https:\/\/neuronup.com\/br\/wp-content\/uploads\/2024\/12\/A-importancia-do-treino-cognitivo-em-pessoas-com-deficiencia-intelectual-48x48.webp 48w, https:\/\/neuronup.com\/br\/wp-content\/uploads\/2024\/12\/A-importancia-do-treino-cognitivo-em-pessoas-com-deficiencia-intelectual-80x80.webp 80w, https:\/\/neuronup.com\/br\/wp-content\/uploads\/2024\/12\/A-importancia-do-treino-cognitivo-em-pessoas-com-deficiencia-intelectual-96x96.webp 96w, https:\/\/neuronup.com\/br\/wp-content\/uploads\/2024\/12\/A-importancia-do-treino-cognitivo-em-pessoas-com-deficiencia-intelectual-296x300.webp 296w, https:\/\/neuronup.com\/br\/wp-content\/uploads\/2024\/12\/A-importancia-do-treino-cognitivo-em-pessoas-com-deficiencia-intelectual.webp 768w\" sizes=\"(max-width: 768px) 100vw, 768px\" \/><figcaption class=\"wp-element-caption\">Paciente com defici\u00eancia intelectual.<\/figcaption><\/figure>\n<\/div>\n\n\n<p>Na Aura Fundaci\u00f3, estamos convencidos de que uma vida cotidiana estimulante, o trabalho em uma empresa comum, bem como a continuidade dos programas de treinamento e estimula\u00e7\u00e3o cognitiva, ajudam a prevenir o envelhecimento precoce e a melhorar a qualidade de vida e a funcionalidade das pessoas com s\u00edndrome de Down.<\/p>\n\n\n\n<h4 class=\"wp-block-heading\">Se voc\u00ea gostou desta publica\u00e7\u00e3o sobre a import\u00e2ncia da estimula\u00e7\u00e3o cognitiva em pessoas com defici\u00eancia intelectual, talvez tamb\u00e9m se interesse por esta publica\u00e7\u00e3o:<\/h4>\n\n\n<div class=\"mai-grid entries entries-grid has-boxed has-image-full\" style=\"--entry-title-font-size:var(--font-size-lg);--align-text:start;--entry-meta-text-align:start;\"><div class=\"entries-wrap has-columns\" style=\"--columns-xs:1\/1;--columns-sm:1\/1;--columns-md:1\/3;--columns-lg:1\/3;--flex-xs:0 0 var(--flex-basis);--flex-sm:0 0 var(--flex-basis);--flex-md:0 0 var(--flex-basis);--flex-lg:0 0 var(--flex-basis);--column-gap:var(--spacing-lg);--row-gap:var(--spacing-lg);--align-columns:start;\"><article class=\"entry entry-grid is-column has-entry-link has-image has-image-first type-post category-deficiencia-intelectual tag-deficiencia-intelectual tag-neuropsicologia\" style=\"--entry-index:1;\" aria-label=\"Consumo de \u00e1lcool durante a gravidez: efeitos no c\u00e9rebro fetal e risco de defici\u00eancia intelectual\" itemscope itemtype=\"https:\/\/schema.org\/CreativeWork\"><a class=\"entry-image-link\" href=\"https:\/\/neuronup.com\/br\/noticias-de-estimulacao-cognitiva\/deficiencia-intelectual\/consumo-de-alcool-durante-a-gravidez-efeitos-no-cerebro-fetal-e-risco-de-deficiencia-intelectual\/\" tabindex=\"-1\" aria-hidden=\"true\"><img decoding=\"async\" width=\"400\" height=\"267\" src=\"https:\/\/neuronup.com\/br\/wp-content\/uploads\/2024\/10\/Consumo-de-alcohol-durante-el-embarazo-efectos-en-el-cerebro-fetal-y-riesgo-de-discapacidad-intelectual-NeuronUP.webp\" class=\"entry-image size-landscape-sm\" alt=\"Mulher gr\u00e1vida segurando sapatinhos de couro marrom, em ambiente dom\u00e9stico acolhedor, com sorriso suave e foco nas m\u00e3os.\" srcset=\"https:\/\/neuronup.com\/br\/wp-content\/uploads\/2024\/10\/Consumo-de-alcohol-durante-el-embarazo-efectos-en-el-cerebro-fetal-y-riesgo-de-discapacidad-intelectual-NeuronUP-300x200.webp 300w, https:\/\/neuronup.com\/br\/wp-content\/uploads\/2024\/10\/Consumo-de-alcohol-durante-el-embarazo-efectos-en-el-cerebro-fetal-y-riesgo-de-discapacidad-intelectual-NeuronUP-768x512.webp 768w, https:\/\/neuronup.com\/br\/wp-content\/uploads\/2024\/10\/Consumo-de-alcohol-durante-el-embarazo-efectos-en-el-cerebro-fetal-y-riesgo-de-discapacidad-intelectual-NeuronUP-1024x683.webp 1024w, https:\/\/neuronup.com\/br\/wp-content\/uploads\/2024\/10\/Consumo-de-alcohol-durante-el-embarazo-efectos-en-el-cerebro-fetal-y-riesgo-de-discapacidad-intelectual-NeuronUP.webp 1200w\" sizes=\"(max-width:599px) 599px, (min-width:600px) and (max-width: 799px) 799px, (min-width:800px) and (max-width: 999px) 333px, (min-width:1000px) 400px\" \/><\/a><div class=\"entry-wrap entry-wrap-grid\"><h3 class=\"entry-title\" itemprop=\"headline\"><a class=\"entry-title-link\" href=\"https:\/\/neuronup.com\/br\/noticias-de-estimulacao-cognitiva\/deficiencia-intelectual\/consumo-de-alcool-durante-a-gravidez-efeitos-no-cerebro-fetal-e-risco-de-deficiencia-intelectual\/\" rel=\"bookmark\">Consumo de \u00e1lcool durante a gravidez: efeitos no c\u00e9rebro fetal e risco de defici\u00eancia intelectual<\/a><\/h3>\n<\/div><\/article><article class=\"entry entry-grid is-column has-entry-link has-image has-image-first type-post category-deficiencia-intelectual tag-deficiencia-intelectual\" style=\"--entry-index:2;\" aria-label=\"Benef\u00edcios do lazer e do turismo para pessoas com defici\u00eancia\" itemscope itemtype=\"https:\/\/schema.org\/CreativeWork\"><a class=\"entry-image-link\" href=\"https:\/\/neuronup.com\/br\/noticias-de-estimulacao-cognitiva\/deficiencia-intelectual\/beneficios-do-lazer-e-do-turismo-para-pessoas-com-deficiencia\/\" tabindex=\"-1\" aria-hidden=\"true\"><img decoding=\"async\" width=\"400\" height=\"267\" src=\"https:\/\/neuronup.com\/br\/wp-content\/uploads\/2023\/12\/Beneficios-del-ocio-y-el-turismo-para-personas-con-discapacidad.webp\" class=\"entry-image size-landscape-sm\" alt=\"Grupo de pessoas ao ar livre, duas em cadeiras de rodas sendo empurradas, outras conversando sob \u00e1rvores em ambiente tranquilo.\" srcset=\"https:\/\/neuronup.com\/br\/wp-content\/uploads\/2023\/12\/Beneficios-del-ocio-y-el-turismo-para-personas-con-discapacidad-300x200.webp 300w, https:\/\/neuronup.com\/br\/wp-content\/uploads\/2023\/12\/Beneficios-del-ocio-y-el-turismo-para-personas-con-discapacidad-768x512.webp 768w, https:\/\/neuronup.com\/br\/wp-content\/uploads\/2023\/12\/Beneficios-del-ocio-y-el-turismo-para-personas-con-discapacidad-1024x683.webp 1024w, https:\/\/neuronup.com\/br\/wp-content\/uploads\/2023\/12\/Beneficios-del-ocio-y-el-turismo-para-personas-con-discapacidad.webp 1200w\" sizes=\"(max-width:599px) 599px, (min-width:600px) and (max-width: 799px) 799px, (min-width:800px) and (max-width: 999px) 333px, (min-width:1000px) 400px\" \/><\/a><div class=\"entry-wrap entry-wrap-grid\"><h3 class=\"entry-title\" itemprop=\"headline\"><a class=\"entry-title-link\" href=\"https:\/\/neuronup.com\/br\/noticias-de-estimulacao-cognitiva\/deficiencia-intelectual\/beneficios-do-lazer-e-do-turismo-para-pessoas-com-deficiencia\/\" rel=\"bookmark\">Benef\u00edcios do lazer e do turismo para pessoas com defici\u00eancia<\/a><\/h3>\n<\/div><\/article><article class=\"entry entry-grid is-column has-entry-link has-image has-image-first type-post category-sindrome-de-down tag-deficiencia-intelectual tag-sindrome-de-down\" style=\"--entry-index:3;\" aria-label=\"S\u00edndrome de Down: o que \u00e9, n\u00fameros, mitos e verdades\" itemscope itemtype=\"https:\/\/schema.org\/CreativeWork\"><a class=\"entry-image-link\" href=\"https:\/\/neuronup.com\/br\/noticias-de-estimulacao-cognitiva\/deficiencia-intelectual\/sindrome-de-down\/sindrome-de-down-o-que-e-cifras-mitos-e-verdades\/\" tabindex=\"-1\" aria-hidden=\"true\"><img decoding=\"async\" width=\"400\" height=\"267\" src=\"https:\/\/neuronup.com\/br\/wp-content\/uploads\/2022\/02\/people-with-down-syndrome-cute-bonding-WMX5BHK-655x437-1-1-1.webp\" class=\"entry-image size-landscape-sm\" alt=\"Homem e menina sentados em tronco de \u00e1rvore no parque, sorrindo juntos, ambiente natural com \u00e1rvores e grama.\" srcset=\"https:\/\/neuronup.com\/br\/wp-content\/uploads\/2022\/02\/people-with-down-syndrome-cute-bonding-WMX5BHK-655x437-1-1-1-300x200.webp 300w, https:\/\/neuronup.com\/br\/wp-content\/uploads\/2022\/02\/people-with-down-syndrome-cute-bonding-WMX5BHK-655x437-1-1-1.webp 767w\" sizes=\"(max-width:599px) 599px, (min-width:600px) and (max-width: 799px) 799px, (min-width:800px) and (max-width: 999px) 333px, (min-width:1000px) 400px\" \/><\/a><div class=\"entry-wrap entry-wrap-grid\"><h3 class=\"entry-title\" itemprop=\"headline\"><a class=\"entry-title-link\" href=\"https:\/\/neuronup.com\/br\/noticias-de-estimulacao-cognitiva\/deficiencia-intelectual\/sindrome-de-down\/sindrome-de-down-o-que-e-cifras-mitos-e-verdades\/\" rel=\"bookmark\">S\u00edndrome de Down: o que \u00e9, n\u00fameros, mitos e verdades<\/a><\/h3>\n<\/div><\/article><article class=\"entry entry-grid is-column has-entry-link has-image has-image-first type-post category-deficiencia-intelectual tag-criancas tag-deficiencia-intelectual\" style=\"--entry-index:4;\" aria-label=\"Em dire\u00e7\u00e3o a uma neurodid\u00e1tica do aprendizado musical\" itemscope itemtype=\"https:\/\/schema.org\/CreativeWork\"><a class=\"entry-image-link\" href=\"https:\/\/neuronup.com\/br\/noticias-de-estimulacao-cognitiva\/deficiencia-intelectual\/em-direcao-a-uma-neurodidatica-do-aprendizado-musical\/\" tabindex=\"-1\" aria-hidden=\"true\"><img decoding=\"async\" width=\"400\" height=\"300\" src=\"https:\/\/neuronup.com\/br\/wp-content\/uploads\/2024\/12\/Neurodidatica-no-ensino-da-musica-400x300.webp\" class=\"entry-image size-landscape-sm\" alt=\"Menina sentada perto de uma janela, observando pensativamente o teclado, com laptop aberto, caderno e planta na mesa.\" srcset=\"https:\/\/neuronup.com\/br\/wp-content\/uploads\/2024\/12\/Neurodidatica-no-ensino-da-musica-400x300.webp 400w, https:\/\/neuronup.com\/br\/wp-content\/uploads\/2024\/12\/Neurodidatica-no-ensino-da-musica-800x600.webp 800w\" sizes=\"(max-width:599px) 599px, (min-width:600px) and (max-width: 799px) 799px, (min-width:800px) and (max-width: 999px) 333px, (min-width:1000px) 400px\" \/><\/a><div class=\"entry-wrap entry-wrap-grid\"><h3 class=\"entry-title\" itemprop=\"headline\"><a class=\"entry-title-link\" href=\"https:\/\/neuronup.com\/br\/noticias-de-estimulacao-cognitiva\/deficiencia-intelectual\/em-direcao-a-uma-neurodidatica-do-aprendizado-musical\/\" rel=\"bookmark\">Em dire\u00e7\u00e3o a uma neurodid\u00e1tica do aprendizado musical<\/a><\/h3>\n<\/div><\/article><article class=\"entry entry-grid is-column has-entry-link has-image has-image-first type-post category-sindrome-de-down tag-deficiencia-intelectual tag-depoimentos tag-sindrome-de-down\" style=\"--entry-index:5;\" aria-label=\"Trabalho com pessoas com s\u00edndrome de Down por grupos et\u00e1rios\" itemscope itemtype=\"https:\/\/schema.org\/CreativeWork\"><a class=\"entry-image-link\" href=\"https:\/\/neuronup.com\/br\/noticias-de-estimulacao-cognitiva\/deficiencia-intelectual\/sindrome-de-down\/trabalho-com-pessoas-com-sindrome-de-down-por-grupos-etarios\/\" tabindex=\"-1\" aria-hidden=\"true\"><img decoding=\"async\" width=\"400\" height=\"300\" src=\"https:\/\/neuronup.com\/br\/wp-content\/uploads\/2024\/12\/Trabalho-com-pessoas-com-sindrome-de-Down-por-grupos-etarios-400x300.webp\" class=\"entry-image size-landscape-sm\" alt=\"Menino sorridente com tablet em sala de aula, exibindo a mensagem &#039;N\u00e3o pode ser feito&#039;; outro estudante concentrado.\" srcset=\"https:\/\/neuronup.com\/br\/wp-content\/uploads\/2024\/12\/Trabalho-com-pessoas-com-sindrome-de-Down-por-grupos-etarios-300x225.webp 300w, https:\/\/neuronup.com\/br\/wp-content\/uploads\/2024\/12\/Trabalho-com-pessoas-com-sindrome-de-Down-por-grupos-etarios-400x300.webp 400w, https:\/\/neuronup.com\/br\/wp-content\/uploads\/2024\/12\/Trabalho-com-pessoas-com-sindrome-de-Down-por-grupos-etarios-768x576.webp 768w, https:\/\/neuronup.com\/br\/wp-content\/uploads\/2024\/12\/Trabalho-com-pessoas-com-sindrome-de-Down-por-grupos-etarios-800x600.webp 800w, https:\/\/neuronup.com\/br\/wp-content\/uploads\/2024\/12\/Trabalho-com-pessoas-com-sindrome-de-Down-por-grupos-etarios-1024x768.webp 1024w, https:\/\/neuronup.com\/br\/wp-content\/uploads\/2024\/12\/Trabalho-com-pessoas-com-sindrome-de-Down-por-grupos-etarios.webp 1200w\" sizes=\"(max-width:599px) 599px, (min-width:600px) and (max-width: 799px) 799px, (min-width:800px) and (max-width: 999px) 333px, (min-width:1000px) 400px\" \/><\/a><div class=\"entry-wrap entry-wrap-grid\"><h3 class=\"entry-title\" itemprop=\"headline\"><a class=\"entry-title-link\" href=\"https:\/\/neuronup.com\/br\/noticias-de-estimulacao-cognitiva\/deficiencia-intelectual\/sindrome-de-down\/trabalho-com-pessoas-com-sindrome-de-down-por-grupos-etarios\/\" rel=\"bookmark\">Trabalho com pessoas com s\u00edndrome de Down por grupos et\u00e1rios<\/a><\/h3>\n<\/div><\/article><article class=\"entry entry-grid is-column has-entry-link has-image has-image-first type-post category-sindrome-de-down tag-atividades-de-estimulacao-cognitiva tag-deficiencia-intelectual tag-depoimentos tag-sindrome-de-down\" style=\"--entry-index:6;\" aria-label=\"Atividades para pessoas com s\u00edndrome de Down\" itemscope itemtype=\"https:\/\/schema.org\/CreativeWork\"><a class=\"entry-image-link\" href=\"https:\/\/neuronup.com\/br\/noticias-de-estimulacao-cognitiva\/deficiencia-intelectual\/sindrome-de-down\/atividades-para-pessoas-com-sindrome-de-down\/\" tabindex=\"-1\" aria-hidden=\"true\"><img decoding=\"async\" width=\"400\" height=\"300\" src=\"https:\/\/neuronup.com\/br\/wp-content\/uploads\/2024\/12\/Atividades-multidisciplinares-para-sindrome-de-down-400x300.webp\" class=\"entry-image size-landscape-sm\" alt=\"Menina sorridente diante de um computador em sala educativa, concentrada em um jogo com imagens, usando blusa vermelha e la\u00e7o.\" srcset=\"https:\/\/neuronup.com\/br\/wp-content\/uploads\/2024\/12\/Atividades-multidisciplinares-para-sindrome-de-down-400x300.webp 400w, https:\/\/neuronup.com\/br\/wp-content\/uploads\/2024\/12\/Atividades-multidisciplinares-para-sindrome-de-down-800x600.webp 800w\" sizes=\"(max-width:599px) 599px, (min-width:600px) and (max-width: 799px) 799px, (min-width:800px) and (max-width: 999px) 333px, (min-width:1000px) 400px\" \/><\/a><div class=\"entry-wrap entry-wrap-grid\"><h3 class=\"entry-title\" itemprop=\"headline\"><a class=\"entry-title-link\" href=\"https:\/\/neuronup.com\/br\/noticias-de-estimulacao-cognitiva\/deficiencia-intelectual\/sindrome-de-down\/atividades-para-pessoas-com-sindrome-de-down\/\" rel=\"bookmark\">Atividades para pessoas com s\u00edndrome de Down<\/a><\/h3>\n<\/div><\/article><\/div><\/div>","protected":false},"excerpt":{"rendered":"<p>A diretora do Programa de Neuropsicologia da Aura Fundaci\u00f3, Roser Fern\u00e1ndez, explica a import\u00e2ncia da estimula\u00e7\u00e3o cognitiva em pessoas com defici\u00eancias intelectuais. Estimula\u00e7\u00e3o cognitiva para pessoas com defici\u00eancias intelectuais A Aura Fundaci\u00f3, ao longo de seus 29 anos de experi\u00eancia, acompanhando pessoas com defici\u00eancia intelectual em sua inser\u00e7\u00e3o no mundo laboral, teve a oportunidade de &hellip;<\/p>\n","protected":false},"author":227,"featured_media":33988,"comment_status":"open","ping_status":"open","sticky":false,"template":"","format":"standard","meta":{"_acf_changed":false,"_genesis_hide_title":false,"_genesis_hide_breadcrumbs":false,"_genesis_hide_singular_image":false,"_genesis_hide_footer_widgets":false,"_genesis_custom_body_class":"","_genesis_custom_post_class":"","_genesis_layout":"","footnotes":""},"categories":[624],"tags":[569,562,570,551,616],"class_list":{"2":"type-post","7":"category-deficiencia-intelectual","8":"tag-criancas","9":"tag-deficiencia-intelectual","10":"tag-depoimentos","11":"tag-estimulacao-cognitiva","12":"tag-sindrome-de-down","13":"entry"},"acf":[],"_links":{"self":[{"href":"https:\/\/neuronup.com\/br\/wp-json\/wp\/v2\/posts\/6467","targetHints":{"allow":["GET"]}}],"collection":[{"href":"https:\/\/neuronup.com\/br\/wp-json\/wp\/v2\/posts"}],"about":[{"href":"https:\/\/neuronup.com\/br\/wp-json\/wp\/v2\/types\/post"}],"author":[{"embeddable":true,"href":"https:\/\/neuronup.com\/br\/wp-json\/wp\/v2\/users\/227"}],"replies":[{"embeddable":true,"href":"https:\/\/neuronup.com\/br\/wp-json\/wp\/v2\/comments?post=6467"}],"version-history":[{"count":0,"href":"https:\/\/neuronup.com\/br\/wp-json\/wp\/v2\/posts\/6467\/revisions"}],"wp:featuredmedia":[{"embeddable":true,"href":"https:\/\/neuronup.com\/br\/wp-json\/wp\/v2\/media\/33988"}],"wp:attachment":[{"href":"https:\/\/neuronup.com\/br\/wp-json\/wp\/v2\/media?parent=6467"}],"wp:term":[{"taxonomy":"category","embeddable":true,"href":"https:\/\/neuronup.com\/br\/wp-json\/wp\/v2\/categories?post=6467"},{"taxonomy":"post_tag","embeddable":true,"href":"https:\/\/neuronup.com\/br\/wp-json\/wp\/v2\/tags?post=6467"}],"curies":[{"name":"wp","href":"https:\/\/api.w.org\/{rel}","templated":true}]}}