{"id":6231,"date":"2024-03-20T09:31:28","date_gmt":"2024-03-20T08:31:28","guid":{"rendered":"https:\/\/neuronup.com\/br\/?p=6231"},"modified":"2025-02-13T13:06:06","modified_gmt":"2025-02-13T11:06:06","slug":"neurodesenvolvimento-compreender-o-diagnostico-do-transtorno-do-espectro-autista-tea-e-do-transtorno-de-deficit-de-atencao-e-hiperatividade-tdah","status":"publish","type":"post","link":"https:\/\/neuronup.com\/br\/noticias-de-estimulacao-cognitiva\/transtornos-do-desenvolvimento\/neurodesenvolvimento-compreender-o-diagnostico-do-transtorno-do-espectro-autista-tea-e-do-transtorno-de-deficit-de-atencao-e-hiperatividade-tdah\/","title":{"rendered":"Neurodesenvolvimento: compreender o diagn\u00f3stico do Transtorno do Espectro Autista (TEA) e do Transtorno de D\u00e9ficit de Aten\u00e7\u00e3o e Hiperatividade (TDAH)"},"content":{"rendered":"\n<p class=\"has-xl-font-size\">Ilse Andrea Carranza Ram\u00edrez, professora e psic\u00f3loga cl\u00ednica especializada em psicoterapia da inf\u00e2ncia e da adolesc\u00eancia, neuropsicologia e TEA, oferece-nos neste artigo os seus conhecimentos sobre <strong>o diagn\u00f3stico do transtorno do espetro autista (TEA) e do transtorno de d\u00e9fice de aten\u00e7\u00e3o e hiperatividade (TDAH).<\/strong><\/p>\n\n\n\n<h2 class=\"wp-block-heading\">Transtorno do Espectro Autista (TEA)<\/h2>\n\n\n\n<p>O transtorno do espetro autista (TEA) \u00e9 uma condi\u00e7\u00e3o do neurodesenvolvimento que afeta os indiv\u00edduos desde uma idade precoce, manifestando-se de forma diferente em cada pessoa. Caracterizada por dificuldades nas rela\u00e7\u00f5es sociais, padr\u00f5es de comportamento repetitivos e interesses limitados, o TEA tem uma elevada frequ\u00eancia de condi\u00e7\u00f5es m\u00e9dicas concomitantes, de acordo com a defini\u00e7\u00e3o proposta pelo Instituto Domus Autismo em 2018.<\/p>\n\n\n\n<p><a href=\"https:\/\/neuronup.com\/br\/neurorreabilitacao\/perturbacoes-do-neurodesenvolvimento\/transtornos-do-espectro-autista-tea\/\">O diagn\u00f3stico do TEA<\/a> baseia-se em crit\u00e9rios espec\u00edficos, tais como os estabelecidos no DSM-5. Este manual fornece orienta\u00e7\u00f5es claras e baseadas em provas para identificar as caracter\u00edsticas distintivas do autismo, o que facilita uma abordagem adequada ao tratamento e apoio. Algumas destas caracter\u00edsticas incluem dificuldades sociais, interesses restritos e comportamentos repetitivos, problemas de comunica\u00e7\u00e3o e sensibilidades sensoriais.<\/p>\n\n\n\n<ul class=\"wp-block-list\">\n<li><strong>Dificuldades sociais:<\/strong> podem ter dificuldade em relacionar-se com os outros, ter dificuldade em interpretar sinais sociais e ter dificuldade em fazer amigos ou manter rela\u00e7\u00f5es \u00edntimas.<\/li>\n\n\n\n<li><strong>Interesses restritos e comportamentos repetitivos:<\/strong> podem ter interesses restritos e comportamentos repetitivos que lhes proporcionam uma sensa\u00e7\u00e3o de conforto e seguran\u00e7a.<\/li>\n\n\n\n<li><strong>Problemas de comunica\u00e7\u00e3o:<\/strong> podem ter dificuldade em compreender as nuances da linguagem n\u00e3o verbal, como o tom, o volume e a inflex\u00e3o da voz. Podem tamb\u00e9m ter dificuldade em iniciar e manter uma conversa.<\/li>\n\n\n\n<li><strong>Sensibilidades sensoriais:<\/strong> podem ser hipersens\u00edveis ou hipossens\u00edveis a est\u00edmulos sensoriais como a luz, o som, o tato e o cheiro.<\/li>\n<\/ul>\n\n\n\n<h3 class=\"wp-block-heading\">Quem diagnostica o TEA?<\/h3>\n\n\n\n<p>Esta \u00e9 uma pergunta que muitos pais fazem a si pr\u00f3prios, bem como muitos adultos que sentem que precisam de uma avalia\u00e7\u00e3o sobre esta quest\u00e3o. <strong>O diagn\u00f3stico do TEA requer a interven\u00e7\u00e3o de profissionais experientes<\/strong> e com forma\u00e7\u00e3o espec\u00edfica em desenvolvimento e sa\u00fade mental. Em geral, o m\u00e9dico assistente, que pode ser um pediatra, por exemplo, \u00e9 normalmente o primeiro a detetar o problema.<\/p>\n\n\n\n<p>Esse profissional geralmente encaminha para outros especialistas em sa\u00fade para avalia\u00e7\u00f5es mais detalhadas. Esses especialistas podem incluir neuropsic\u00f3logos e psic\u00f3logos cl\u00ednicos para a realiza\u00e7\u00e3o de testes padronizados, bem como observa\u00e7\u00f5es diretas do paciente.<\/p>\n\n\n\n<p>Al\u00e9m disso, pode ser solicitada a avalia\u00e7\u00e3o de um terapeuta ocupacional para determinar o perfil sensorial do paciente. A <strong>avalia\u00e7\u00e3o multidisciplinar tamb\u00e9m pode incluir a colabora\u00e7\u00e3o de outros profissionais especializados em autismo<\/strong>, como terapeutas da comunica\u00e7\u00e3o e fonoaudi\u00f3logos. A abordagem multidisciplinar e transdisciplinar garante uma avalia\u00e7\u00e3o abrangente que fornece informa\u00e7\u00f5es detalhadas n\u00e3o apenas para confirmar ou descartar o TEA, mas tamb\u00e9m para elaborar um plano de interven\u00e7\u00e3o e entender as necessidades espec\u00edficas do paciente para garantir um atendimento ideal.<\/p>\n\n\n\n<h3 class=\"wp-block-heading\">Como \u00e9 feita a avalia\u00e7\u00e3o do TEA?<\/h3>\n\n\n\n<p>A avalia\u00e7\u00e3o do TEA envolve v\u00e1rios m\u00e9todos, incluindo o uso de ferramentas como o <strong>ADOS-2<\/strong> (Autism Diagnostic Observation Schedule, Second Edition) e o <strong>ADI-R <\/strong>(Autism Diagnostic Interview-Revised), testes para avaliar o desenvolvimento da crian\u00e7a, bem como testes complementares para estimar o QI (seja com testes padronizados espec\u00edficos ou por meio de instrumentos de desenvolvimento que fornecem essas informa\u00e7\u00f5es).<\/p>\n\n\n\n<p>Esses testes podem ser administrados por psic\u00f3logos, neuropsic\u00f3logos ou pedagogos certificados e treinados em sua correta aplica\u00e7\u00e3o e avalia\u00e7\u00e3o. Essas certifica\u00e7\u00f5es e treinamentos geralmente s\u00e3o obtidos em centros especializados em TEA, que se dedicam especificamente a fornecer esse treinamento a esses profissionais.<\/p>\n\n\n\n<p>Essa avalia\u00e7\u00e3o abrangente e baseada em evid\u00eancias fornece uma compreens\u00e3o completa dos pontos fortes e das necessidades do indiv\u00edduo, permitindo recomenda\u00e7\u00f5es e estrat\u00e9gias espec\u00edficas para apoiar seu desenvolvimento e bem-estar emocional. Ela tamb\u00e9m ajuda as fam\u00edlias e os profissionais a tomar decis\u00f5es informadas sobre o tratamento, a educa\u00e7\u00e3o e o apoio necess\u00e1rios para o indiv\u00edduo.<\/p>\n\n\n\n<p>Os <strong>sintomas do TEA em crian\u00e7as geralmente s\u00e3o detectados nos est\u00e1gios iniciais do desenvolvimento<\/strong>. Entretanto, algumas crian\u00e7as com um n\u00edvel de funcionamento aparentemente normal podem n\u00e3o ser detectadas at\u00e9 a adolesc\u00eancia ou a idade adulta, quando as demandas sociais aumentam e suas dificuldades se tornam mais evidentes. Portanto, o diagn\u00f3stico de TEA em adolescentes e adultos tamb\u00e9m \u00e9 importante.<\/p>\n\n\n\n<p>Normalmente, a avalia\u00e7\u00e3o desses perfis \u00e9 realizada por meio de entrevistas aprofundadas e do uso de algumas das ferramentas mencionadas acima. Embora o m\u00e9todo de avalia\u00e7\u00e3o permane\u00e7a o mesmo, o formato e os ajustes s\u00e3o adaptados para que as atividades propostas sejam direcionadas \u00e0 popula\u00e7\u00e3o adolescente e adulta.<\/p>\n\n\n\n<div style=\"height:50px\" aria-hidden=\"true\" class=\"wp-block-spacer\"><\/div>\n\n\n\n<div class=\"wp-block-group br-0111 has-primary-background-color has-background has-dark-background has-sm-padding-top has-sm-padding-left has-sm-padding-right has-xxl-margin-top\"><div class=\"wp-block-group__inner-container is-layout-constrained wp-block-group-is-layout-constrained\">\n<div class=\"wp-block-columns is-layout-flex wp-container-core-columns-is-layout-9d6595d7 wp-block-columns-is-layout-flex\">\n<div class=\"wp-block-column is-layout-flow wp-block-column-is-layout-flow\">\n<figure class=\"wp-block-image size-full desktop-position-absolute desktop-bottom-0 mobile-width-50 mobile-m-inline-auto has-xl-margin-top\"><img decoding=\"async\" width=\"292\" height=\"338\" src=\"https:\/\/neuronup.com\/br\/wp-content\/uploads\/2024\/10\/certificado-de-produto.webp\" alt=\"\" class=\"wp-image-31568\" srcset=\"https:\/\/neuronup.com\/br\/wp-content\/uploads\/2024\/10\/certificado-de-produto-259x300.webp 259w, https:\/\/neuronup.com\/br\/wp-content\/uploads\/2024\/10\/certificado-de-produto.webp 292w\" sizes=\"(max-width: 292px) 100vw, 292px\" \/><\/figure>\n<\/div>\n\n\n\n<div class=\"wp-block-column is-layout-flow wp-block-column-is-layout-flow\">\n<h2 class=\"wp-block-heading has-white-color has-text-color\"><strong>Inscreva-se<\/strong> <br>na nossa <br>Newsletter<\/h2>\n\n\n\n<div class=\"wp-block-buttons is-layout-flex wp-block-buttons-is-layout-flex\">\n<div class=\"wp-block-button--1\" style=\"--button-outline-color:var(--color-white);--button-outline-color-hover:rgba(0,0,0,0.8);\"><a class=\"wp-block-button__link button button-outline   wp-element-button\" href=\"https:\/\/neuronup.com\/br\/newsletter\/\">Inscreva-se<\/a><\/div>\n\n<\/div>\n\n\n\n<div style=\"height:40px\" aria-hidden=\"true\" class=\"wp-block-spacer\"><\/div>\n<\/div>\n<\/div>\n<\/div><\/div>\n\n\n\n\n<div style=\"height:50px\" aria-hidden=\"true\" class=\"wp-block-spacer\"><\/div>\n\n\n\n<h2 class=\"wp-block-heading\">Transtorno de d\u00e9ficit de aten\u00e7\u00e3o e hiperatividade (TDAH)<\/h2>\n\n\n\n<p>O <a href=\"https:\/\/neuronup.com\/br\/neurorreabilitacao\/perturbacoes-do-neurodesenvolvimento\/transtorno-de-deficit-de-atencao-e-hiperatividade-tdah\/\">transtorno de d\u00e9ficit de aten\u00e7\u00e3o e hiperatividade (TDAH)<\/a> \u00e9 um dist\u00farbio neurobiol\u00f3gico do desenvolvimento que afeta a capacidade da pessoa de manter a aten\u00e7\u00e3o, controlar os impulsos e regular o comportamento de maneira apropriada \u00e0 idade e ao ambiente. Caracteriza-se por sintomas de desaten\u00e7\u00e3o, hiperatividade e impulsividade, podendo tamb\u00e9m ser muito inquieto, falar muito, agir sem pensar ou ter dificuldade para esperar sua vez.<\/p>\n\n\n\n<p>Esses sintomas podem se manifestar de forma diferente em indiv\u00edduos diferentes e podem ser detectados na inf\u00e2ncia ou na idade adulta. O TDAH pode afetar pessoas de todas as idades e pode ter um impacto significativo na vida di\u00e1ria, inclusive no desempenho acad\u00eamico, nas rela\u00e7\u00f5es interpessoais e no funcionamento do trabalho. O tratamento do TDAH geralmente envolve uma combina\u00e7\u00e3o de terapia cognitivo-comportamental, reabilita\u00e7\u00e3o neuropsicol\u00f3gica, apoio educacional e, em alguns casos, medicamentos.<\/p>\n\n\n\n<h3 class=\"wp-block-heading\">Diagn\u00f3stico e tratamento do TDAH<\/h3>\n\n\n\n<p>Esse processo geralmente \u00e9 conduzido por profissionais da sa\u00fade mental, como <strong>psiquiatras, psic\u00f3logos, neuropsic\u00f3logos e pediatras<\/strong>. Esses especialistas avaliam os sintomas de forma abrangente e elaboram um <strong><a href=\"https:\/\/neuronup.com\/br\/atividades-de-neurorreabilitacao\/para-tdah\/10-atividades-de-reabilitacao-cognitiva-para-criancas-com-tdah\/\">plano de tratamento personalizado<\/a><\/strong> para cada indiv\u00edduo; a avalia\u00e7\u00e3o \u00e9 <strong>abrangente e multidisciplinar<\/strong>. A fun\u00e7\u00e3o do psic\u00f3logo cl\u00ednico ou do neuropsic\u00f3logo \u00e9 administrar uma s\u00e9rie de <strong>testes psicol\u00f3gicos para entender o funcionamento cognitivo do indiv\u00edduo<\/strong>, seja ele crian\u00e7a ou adulto.<\/p>\n\n\n\n<p>Com base nos resultados desses testes, \u00e9 proposto um plano de interven\u00e7\u00e3o para tratar os sintomas. A avalia\u00e7\u00e3o pode ser <strong>compartilhada com o m\u00e9dico respons\u00e1vel pelo tratamento<\/strong> (neurologista, psiquiatra ou pediatra) para considerar a necessidade de medica\u00e7\u00e3o. No entanto, <strong>a decis\u00e3o de prescrever a medica\u00e7\u00e3o cabe exclusivamente ao m\u00e9dico respons\u00e1vel <\/strong>pelo tratamento, com base nas avalia\u00e7\u00f5es abrangentes feitas em colabora\u00e7\u00e3o com a equipe multidisciplinar de profissionais.<\/p>\n\n\n\n<p>O transtorno de d\u00e9ficit de aten\u00e7\u00e3o e hiperatividade (TDAH) <strong>n\u00e3o \u00e9 exclusivo da inf\u00e2ncia<\/strong>; ele tamb\u00e9m <strong>afeta adultos<\/strong>, embora possa se manifestar de forma diferente. Em adultos, os sintomas do TDAH podem variar de <strong>distra\u00e7\u00e3o cr\u00f4nica a dificuldade de concluir tarefas, procrastina\u00e7\u00e3o e tend\u00eancia a tomar decis\u00f5es impulsivas<\/strong>. H\u00e1 adultos com TDAH que enfrentam desafios significativos para manter o trabalho e a estabilidade financeira, bem como para estabelecer e manter relacionamentos pessoais saud\u00e1veis.<\/p>\n\n\n\n<p>\u00c9 importante reconhecer que o TDAH n\u00e3o \u00e9 simplesmente um problema de desaten\u00e7\u00e3o ou hiperatividade, mas um <strong>transtorno neuropsiqui\u00e1trico complexo<\/strong> que pode ter um <strong>impacto profundo na qualidade de vida<\/strong>. O diagn\u00f3stico e o tratamento adequados s\u00e3o necess\u00e1rios para a melhora dos sintomas.<\/p>\n\n\n\n<p>Ambos os <strong>transtornos do neurodesenvolvimento<\/strong> envolvem tratamento multidisciplinar, no qual, em geral, o que se busca \u00e9 que o <strong>tratamento tenha um impacto na qualidade de vida da pessoa que sofre do transtorno e de sua fam\u00edlia.<\/strong><\/p>\n\n\n\n<div class=\"wp-block-cover br-1010 has-sm-padding-top has-sm-padding-bottom has-sm-padding-left has-sm-padding-right\"><img decoding=\"async\" width=\"1280\" height=\"768\" sizes=\"(max-width: 600px) 100vw, 50vw\" class=\"wp-block-cover__image-background wp-image-31661 size-large\" alt=\"neuronup illustration background\" src=\"https:\/\/neuronup.com\/br\/wp-content\/uploads\/2024\/10\/neuronup-illustration-background.svg\" data-object-fit=\"cover\"\/><span aria-hidden=\"true\" class=\"wp-block-cover__background has-background-dim\" style=\"background-color:#005767\"><\/span><div class=\"wp-block-cover__inner-container is-layout-constrained wp-block-cover-is-layout-constrained\">\n<p class=\"has-xl-font-size\" style=\"letter-spacing:0.07rem\"><strong>Lan\u00e7amos NeuronUP Assessment!<\/strong><\/p>\n\n\n\n<div class=\"wp-block-columns are-vertically-aligned-center is-layout-flex wp-container-core-columns-is-layout-9d6595d7 wp-block-columns-is-layout-flex\">\n<div class=\"wp-block-column is-vertically-aligned-center has-white-color has-text-color has-link-color wp-elements-bd68cc8433c056f7c59b955812e8ea6c is-layout-flow wp-block-column-is-layout-flow\" style=\"flex-basis:70%\">\n<p class=\"has-no-margin-top has-no-margin-bottom\" style=\"letter-spacing:0.05rem\">O novo produto de Avalia\u00e7\u00e3o da NeuronUP.<\/p>\n\n\n\n<p class=\"has-text-align-left has-no-margin-top has-no-margin-bottom\" style=\"font-size:18px\">Solicite acesso para testar gratuitamente por tempo limitado.<\/p>\n<\/div>\n\n\n\n<div class=\"wp-block-column is-vertically-aligned-center is-layout-flow wp-block-column-is-layout-flow\" style=\"flex-basis:30%\">\n<div class=\"wp-block-buttons is-content-justification-center is-layout-flex wp-container-core-buttons-is-layout-16018d1d wp-block-buttons-is-layout-flex\">\n<div class=\"wp-block-button has-custom-width wp-block-button__width-100\" style=\"--button-color:#01606f;--button-background:var(--color-white);--button-background-hover:#e6e6e6;\"><a class=\"wp-block-button__link button    has-link-color wp-element-button\" href=\"https:\/\/neuronup.com\/br\/neuronup-assessment\/solicitar-acesso\/\" style=\"color:#01606f\"><strong>Solicite acceso<\/strong><\/a><\/div>\n\n<\/div>\n<\/div>\n<\/div>\n<\/div><\/div>\n\n\n\n<h2 class=\"wp-block-heading\">Bibliografia<\/h2>\n\n\n\n<ul class=\"wp-block-list has-sm-font-size\">\n<li class=\"has-sm-font-size\">Vaillard, J, Reza, D (2018) El ABC del Autismo, Domus Ediciones, M\u00e9xico.<\/li>\n\n\n\n<li class=\"has-sm-font-size\">American Psychiatric Association. (2013). Diagnostic and statistical manual of mental disorders (5th ed.).<\/li>\n<\/ul>\n\n\n\n<h3 class=\"wp-block-heading\">Se voc\u00ea gostou deste artigo sobre o diagn\u00f3stico do transtorno do espectro autista (TEA) e do transtorno de d\u00e9ficit de aten\u00e7\u00e3o e hiperatividade (TDAH), <strong>provavelmente vai se interessar por estes artigos da NeuronUP:<\/strong><\/h3>\n\n\n<div class=\"mai-grid entries entries-grid has-boxed has-image-full\" style=\"--entry-title-font-size:var(--font-size-lg);--align-text:start;--entry-meta-text-align:start;\"><div class=\"entries-wrap has-columns\" style=\"--columns-xs:1\/1;--columns-sm:1\/1;--columns-md:1\/3;--columns-lg:1\/3;--flex-xs:0 0 var(--flex-basis);--flex-sm:0 0 var(--flex-basis);--flex-md:0 0 var(--flex-basis);--flex-lg:0 0 var(--flex-basis);--column-gap:var(--spacing-lg);--row-gap:var(--spacing-lg);--align-columns:start;\"><article class=\"entry entry-grid is-column has-entry-link has-image has-image-first type-post category-transtornos-do-desenvolvimento tag-transtornos-do-neurodesenvolvimento\" style=\"--entry-index:1;\" aria-label=\"Tend\u00eancias atuais no tratamento de transtornos do neurodesenvolvimento\" itemscope itemtype=\"https:\/\/schema.org\/CreativeWork\"><a class=\"entry-image-link\" href=\"https:\/\/neuronup.com\/br\/noticias-de-estimulacao-cognitiva\/transtornos-do-desenvolvimento\/tendencias-atuais-no-tratamento-de-transtornos-do-neurodesenvolvimento\/\" tabindex=\"-1\" aria-hidden=\"true\"><img decoding=\"async\" width=\"400\" height=\"267\" src=\"https:\/\/neuronup.com\/br\/wp-content\/uploads\/2024\/11\/Tendencias-actuales-en-el-tratamiento-de-trastornos-del-neurodesarrollo.webp\" class=\"entry-image size-landscape-sm\" alt=\"Menino ruivo deitado no ch\u00e3o observa uma esfera luminosa com luzes coloridas, em ambiente neutro.\" srcset=\"https:\/\/neuronup.com\/br\/wp-content\/uploads\/2024\/11\/Tendencias-actuales-en-el-tratamiento-de-trastornos-del-neurodesarrollo-300x200.webp 300w, https:\/\/neuronup.com\/br\/wp-content\/uploads\/2024\/11\/Tendencias-actuales-en-el-tratamiento-de-trastornos-del-neurodesarrollo-768x512.webp 768w, https:\/\/neuronup.com\/br\/wp-content\/uploads\/2024\/11\/Tendencias-actuales-en-el-tratamiento-de-trastornos-del-neurodesarrollo-1024x683.webp 1024w, https:\/\/neuronup.com\/br\/wp-content\/uploads\/2024\/11\/Tendencias-actuales-en-el-tratamiento-de-trastornos-del-neurodesarrollo.webp 1200w\" sizes=\"(max-width:599px) 599px, (min-width:600px) and (max-width: 799px) 799px, (min-width:800px) and (max-width: 999px) 333px, (min-width:1000px) 400px\" \/><\/a><div class=\"entry-wrap entry-wrap-grid\"><h3 class=\"entry-title\" itemprop=\"headline\"><a class=\"entry-title-link\" href=\"https:\/\/neuronup.com\/br\/noticias-de-estimulacao-cognitiva\/transtornos-do-desenvolvimento\/tendencias-atuais-no-tratamento-de-transtornos-do-neurodesenvolvimento\/\" rel=\"bookmark\">Tend\u00eancias atuais no tratamento de transtornos do neurodesenvolvimento<\/a><\/h3>\n<\/div><\/article><article class=\"entry entry-grid is-column has-entry-link has-image has-image-first type-post category-tea-transtorno-do-espectro-do-autismo tag-autismo tag-criancas tag-dislexia tag-transtornos-do-neurodesenvolvimento\" style=\"--entry-index:2;\" aria-label=\"Coexist\u00eancia entre a condi\u00e7\u00e3o do espectro autista e a dislexia: preval\u00eancia e estrat\u00e9gias de interven\u00e7\u00e3o\" itemscope itemtype=\"https:\/\/schema.org\/CreativeWork\"><a class=\"entry-image-link\" href=\"https:\/\/neuronup.com\/br\/noticias-de-estimulacao-cognitiva\/transtornos-do-desenvolvimento\/tea-transtorno-do-espectro-do-autismo\/coexistencia-entre-a-condicao-do-espectro-autista-e-a-dislexia-prevalencia-e-estrategias-de-intervencao\/\" tabindex=\"-1\" aria-hidden=\"true\"><img decoding=\"async\" width=\"400\" height=\"267\" src=\"https:\/\/neuronup.com\/br\/wp-content\/uploads\/2024\/11\/Coexistencia-entre-la-condicion-del-espectro-autista-y-la-dislexia-prevalencia-y-estrategias-de-intervencion-NeuronUP.webp\" class=\"entry-image size-landscape-sm\" alt=\"Menino de cabelos castanhos curtos l\u00ea um livro aberto, deitado em sof\u00e1 acolhedor, express\u00e3o concentrada.\" srcset=\"https:\/\/neuronup.com\/br\/wp-content\/uploads\/2024\/11\/Coexistencia-entre-la-condicion-del-espectro-autista-y-la-dislexia-prevalencia-y-estrategias-de-intervencion-NeuronUP-300x200.webp 300w, https:\/\/neuronup.com\/br\/wp-content\/uploads\/2024\/11\/Coexistencia-entre-la-condicion-del-espectro-autista-y-la-dislexia-prevalencia-y-estrategias-de-intervencion-NeuronUP-768x512.webp 768w, https:\/\/neuronup.com\/br\/wp-content\/uploads\/2024\/11\/Coexistencia-entre-la-condicion-del-espectro-autista-y-la-dislexia-prevalencia-y-estrategias-de-intervencion-NeuronUP-1024x683.webp 1024w, https:\/\/neuronup.com\/br\/wp-content\/uploads\/2024\/11\/Coexistencia-entre-la-condicion-del-espectro-autista-y-la-dislexia-prevalencia-y-estrategias-de-intervencion-NeuronUP.webp 1200w\" sizes=\"(max-width:599px) 599px, (min-width:600px) and (max-width: 799px) 799px, (min-width:800px) and (max-width: 999px) 333px, (min-width:1000px) 400px\" \/><\/a><div class=\"entry-wrap entry-wrap-grid\"><h3 class=\"entry-title\" itemprop=\"headline\"><a class=\"entry-title-link\" href=\"https:\/\/neuronup.com\/br\/noticias-de-estimulacao-cognitiva\/transtornos-do-desenvolvimento\/tea-transtorno-do-espectro-do-autismo\/coexistencia-entre-a-condicao-do-espectro-autista-e-a-dislexia-prevalencia-e-estrategias-de-intervencao\/\" rel=\"bookmark\">Coexist\u00eancia entre a condi\u00e7\u00e3o do espectro autista e a dislexia: preval\u00eancia e estrat\u00e9gias de interven\u00e7\u00e3o<\/a><\/h3>\n<\/div><\/article><article class=\"entry entry-grid is-column has-entry-link has-image has-image-first type-post category-transtornos-do-desenvolvimento tag-transtornos-do-neurodesenvolvimento\" style=\"--entry-index:3;\" aria-label=\"Sinestesias: o que podemos aprender com elas\" itemscope itemtype=\"https:\/\/schema.org\/CreativeWork\"><a class=\"entry-image-link\" href=\"https:\/\/neuronup.com\/br\/noticias-de-estimulacao-cognitiva\/transtornos-do-desenvolvimento\/sinestesias\/\" tabindex=\"-1\" aria-hidden=\"true\"><img decoding=\"async\" width=\"400\" height=\"265\" src=\"https:\/\/neuronup.com\/br\/wp-content\/uploads\/2024\/10\/Sinestesias-colores.webp\" class=\"entry-image size-landscape-sm\" alt=\"Composi\u00e7\u00e3o radial vibrante com formas angulares 3D que se projetam, em tons de azul, verde, amarelo, laranja e rosa.\" srcset=\"https:\/\/neuronup.com\/br\/wp-content\/uploads\/2024\/10\/Sinestesias-colores-300x199.webp 300w, https:\/\/neuronup.com\/br\/wp-content\/uploads\/2024\/10\/Sinestesias-colores-768x509.webp 768w, https:\/\/neuronup.com\/br\/wp-content\/uploads\/2024\/10\/Sinestesias-colores-1024x679.webp 1024w, https:\/\/neuronup.com\/br\/wp-content\/uploads\/2024\/10\/Sinestesias-colores.webp 1200w\" sizes=\"(max-width:599px) 599px, (min-width:600px) and (max-width: 799px) 799px, (min-width:800px) and (max-width: 999px) 333px, (min-width:1000px) 400px\" \/><\/a><div class=\"entry-wrap entry-wrap-grid\"><h3 class=\"entry-title\" itemprop=\"headline\"><a class=\"entry-title-link\" href=\"https:\/\/neuronup.com\/br\/noticias-de-estimulacao-cognitiva\/transtornos-do-desenvolvimento\/sinestesias\/\" rel=\"bookmark\">Sinestesias: o que podemos aprender com elas<\/a><\/h3>\n<\/div><\/article><article class=\"entry entry-grid is-column has-entry-link has-image has-image-first type-post category-transtornos-do-desenvolvimento tag-funcoes-executivas tag-transtornos-do-neurodesenvolvimento\" style=\"--entry-index:4;\" aria-label=\"Guia para a revis\u00e3o de literatura sobre apraxias\" itemscope itemtype=\"https:\/\/schema.org\/CreativeWork\"><a class=\"entry-image-link\" href=\"https:\/\/neuronup.com\/br\/noticias-de-estimulacao-cognitiva\/transtornos-do-desenvolvimento\/guia-para-a-revisao-de-literatura-sobre-apraxias\/\" tabindex=\"-1\" aria-hidden=\"true\"><img decoding=\"async\" width=\"400\" height=\"267\" src=\"https:\/\/neuronup.com\/br\/wp-content\/uploads\/2024\/09\/apraxias-pareja.webp\" class=\"entry-image size-landscape-sm\" alt=\"Duas pessoas deitadas sobre uma superf\u00edcie de madeira, sorrindo; uma delas faz moldura com as m\u00e3os.\" srcset=\"https:\/\/neuronup.com\/br\/wp-content\/uploads\/2024\/09\/apraxias-pareja-300x200.webp 300w, https:\/\/neuronup.com\/br\/wp-content\/uploads\/2024\/09\/apraxias-pareja-768x512.webp 768w, https:\/\/neuronup.com\/br\/wp-content\/uploads\/2024\/09\/apraxias-pareja-1024x683.webp 1024w, https:\/\/neuronup.com\/br\/wp-content\/uploads\/2024\/09\/apraxias-pareja.webp 1200w\" sizes=\"(max-width:599px) 599px, (min-width:600px) and (max-width: 799px) 799px, (min-width:800px) and (max-width: 999px) 333px, (min-width:1000px) 400px\" \/><\/a><div class=\"entry-wrap entry-wrap-grid\"><h3 class=\"entry-title\" itemprop=\"headline\"><a class=\"entry-title-link\" href=\"https:\/\/neuronup.com\/br\/noticias-de-estimulacao-cognitiva\/transtornos-do-desenvolvimento\/guia-para-a-revisao-de-literatura-sobre-apraxias\/\" rel=\"bookmark\">Guia para a revis\u00e3o de literatura sobre apraxias<\/a><\/h3>\n<\/div><\/article><article class=\"entry entry-grid is-column has-entry-link has-image has-image-first type-post category-tea-transtorno-do-espectro-do-autismo tag-autismo tag-criancas tag-transtorno-do-espectro-autista\" style=\"--entry-index:5;\" aria-label=\"O autismo e a realidade das pessoas com transtorno do espectro autista\" itemscope itemtype=\"https:\/\/schema.org\/CreativeWork\"><a class=\"entry-image-link\" href=\"https:\/\/neuronup.com\/br\/noticias-de-estimulacao-cognitiva\/transtornos-do-desenvolvimento\/tea-transtorno-do-espectro-do-autismo\/cha\/\" tabindex=\"-1\" aria-hidden=\"true\"><img decoding=\"async\" width=\"400\" height=\"300\" src=\"https:\/\/neuronup.com\/br\/wp-content\/uploads\/2024\/09\/dia-mundial-sobre-el-autismo.webp\" class=\"entry-image size-landscape-sm\" alt=\"V\u00e1rias m\u00e3os de diferentes idades erguidas diante de um fundo colorido com pe\u00e7as de quebra-cabe\u00e7a, simbolizando diversidade e inclus\u00e3o.\" srcset=\"https:\/\/neuronup.com\/br\/wp-content\/uploads\/2024\/09\/dia-mundial-sobre-el-autismo-300x225.webp 300w, https:\/\/neuronup.com\/br\/wp-content\/uploads\/2024\/09\/dia-mundial-sobre-el-autismo-768x576.webp 768w, https:\/\/neuronup.com\/br\/wp-content\/uploads\/2024\/09\/dia-mundial-sobre-el-autismo-1024x768.webp 1024w, https:\/\/neuronup.com\/br\/wp-content\/uploads\/2024\/09\/dia-mundial-sobre-el-autismo.webp 1200w\" sizes=\"(max-width:599px) 599px, (min-width:600px) and (max-width: 799px) 799px, (min-width:800px) and (max-width: 999px) 333px, (min-width:1000px) 400px\" \/><\/a><div class=\"entry-wrap entry-wrap-grid\"><h3 class=\"entry-title\" itemprop=\"headline\"><a class=\"entry-title-link\" href=\"https:\/\/neuronup.com\/br\/noticias-de-estimulacao-cognitiva\/transtornos-do-desenvolvimento\/tea-transtorno-do-espectro-do-autismo\/cha\/\" rel=\"bookmark\">O autismo e a realidade das pessoas com transtorno do espectro autista<\/a><\/h3>\n<\/div><\/article><article class=\"entry entry-grid is-column has-entry-link has-image has-image-first type-post category-tea-transtorno-do-espectro-do-autismo tag-autismo tag-criancas tag-habilidades-sociais tag-psicologia tag-transtorno-do-espectro-autista tag-transtornos-do-neurodesenvolvimento\" style=\"--entry-index:6;\" aria-label=\"As pessoas que vivem com Asperger do ponto de vista social\" itemscope itemtype=\"https:\/\/schema.org\/CreativeWork\"><a class=\"entry-image-link\" href=\"https:\/\/neuronup.com\/br\/noticias-de-estimulacao-cognitiva\/transtornos-do-desenvolvimento\/tea-transtorno-do-espectro-do-autismo\/as-pessoas-que-vivem-com-asperger-do-ponto-de-vista-social\/\" tabindex=\"-1\" aria-hidden=\"true\"><img decoding=\"async\" width=\"400\" height=\"267\" src=\"https:\/\/neuronup.com\/br\/wp-content\/uploads\/2024\/09\/Terapia-de-juego-para-el-trastorno-de-autismo.webp\" class=\"entry-image size-landscape-sm\" alt=\"Mulher observando menina loira interagindo com quadro na sala, usando marcadores coloridos, em terapia de jogo para autismo.\" srcset=\"https:\/\/neuronup.com\/br\/wp-content\/uploads\/2024\/09\/Terapia-de-juego-para-el-trastorno-de-autismo-300x200.webp 300w, https:\/\/neuronup.com\/br\/wp-content\/uploads\/2024\/09\/Terapia-de-juego-para-el-trastorno-de-autismo-768x512.webp 768w, https:\/\/neuronup.com\/br\/wp-content\/uploads\/2024\/09\/Terapia-de-juego-para-el-trastorno-de-autismo-1024x683.webp 1024w, https:\/\/neuronup.com\/br\/wp-content\/uploads\/2024\/09\/Terapia-de-juego-para-el-trastorno-de-autismo.webp 1202w\" sizes=\"(max-width:599px) 599px, (min-width:600px) and (max-width: 799px) 799px, (min-width:800px) and (max-width: 999px) 333px, (min-width:1000px) 400px\" \/><\/a><div class=\"entry-wrap entry-wrap-grid\"><h3 class=\"entry-title\" itemprop=\"headline\"><a class=\"entry-title-link\" href=\"https:\/\/neuronup.com\/br\/noticias-de-estimulacao-cognitiva\/transtornos-do-desenvolvimento\/tea-transtorno-do-espectro-do-autismo\/as-pessoas-que-vivem-com-asperger-do-ponto-de-vista-social\/\" rel=\"bookmark\">As pessoas que vivem com Asperger do ponto de vista social<\/a><\/h3>\n<\/div><\/article><\/div><\/div>","protected":false},"excerpt":{"rendered":"<p>Ilse Andrea Carranza Ram\u00edrez, professora e psic\u00f3loga cl\u00ednica especializada em psicoterapia da inf\u00e2ncia e da adolesc\u00eancia, neuropsicologia e TEA, oferece-nos neste artigo os seus conhecimentos sobre o diagn\u00f3stico do transtorno do espetro autista (TEA) e do transtorno de d\u00e9fice de aten\u00e7\u00e3o e hiperatividade (TDAH). Transtorno do Espectro Autista (TEA) O transtorno do espetro autista (TEA) &hellip;<\/p>\n","protected":false},"author":212,"featured_media":33934,"comment_status":"open","ping_status":"open","sticky":false,"template":"","format":"standard","meta":{"_acf_changed":false,"_genesis_hide_title":false,"_genesis_hide_breadcrumbs":false,"_genesis_hide_singular_image":false,"_genesis_hide_footer_widgets":false,"_genesis_custom_body_class":"","_genesis_custom_post_class":"","_genesis_layout":"","footnotes":""},"categories":[571],"tags":[589,601,587],"class_list":{"2":"type-post","7":"category-transtornos-do-desenvolvimento","8":"tag-autismo","9":"tag-tdah","10":"tag-transtornos-do-desenvolvimento","11":"entry"},"acf":[],"_links":{"self":[{"href":"https:\/\/neuronup.com\/br\/wp-json\/wp\/v2\/posts\/6231","targetHints":{"allow":["GET"]}}],"collection":[{"href":"https:\/\/neuronup.com\/br\/wp-json\/wp\/v2\/posts"}],"about":[{"href":"https:\/\/neuronup.com\/br\/wp-json\/wp\/v2\/types\/post"}],"author":[{"embeddable":true,"href":"https:\/\/neuronup.com\/br\/wp-json\/wp\/v2\/users\/212"}],"replies":[{"embeddable":true,"href":"https:\/\/neuronup.com\/br\/wp-json\/wp\/v2\/comments?post=6231"}],"version-history":[{"count":0,"href":"https:\/\/neuronup.com\/br\/wp-json\/wp\/v2\/posts\/6231\/revisions"}],"wp:featuredmedia":[{"embeddable":true,"href":"https:\/\/neuronup.com\/br\/wp-json\/wp\/v2\/media\/33934"}],"wp:attachment":[{"href":"https:\/\/neuronup.com\/br\/wp-json\/wp\/v2\/media?parent=6231"}],"wp:term":[{"taxonomy":"category","embeddable":true,"href":"https:\/\/neuronup.com\/br\/wp-json\/wp\/v2\/categories?post=6231"},{"taxonomy":"post_tag","embeddable":true,"href":"https:\/\/neuronup.com\/br\/wp-json\/wp\/v2\/tags?post=6231"}],"curies":[{"name":"wp","href":"https:\/\/api.w.org\/{rel}","templated":true}]}}