{"id":6216,"date":"2024-03-12T13:12:18","date_gmt":"2024-03-12T12:12:18","guid":{"rendered":"https:\/\/neuronup.com\/br\/?p=6216"},"modified":"2026-01-26T18:16:25","modified_gmt":"2026-01-26T16:16:25","slug":"reabilitacao-fonoaudiologica-para-pessoas-com-afasia","status":"publish","type":"post","link":"https:\/\/neuronup.com\/br\/noticias-de-estimulacao-cognitiva\/transtorno-de-linguagem\/reabilitacao-fonoaudiologica-para-pessoas-com-afasia\/","title":{"rendered":"Reabilita\u00e7\u00e3o fonoaudiol\u00f3gica para pessoas com afasia"},"content":{"rendered":"\n<p class=\"has-xl-font-size\">Laura Carbonero Sancho, fonoaudi\u00f3loga com experi\u00eancia cl\u00ednica em atendimento a adultos com patologia neurol\u00f3gica, explica neste artigo <strong>o que \u00e9 afasia e o que caracteriza cada um de seus perfis cl\u00ednicos, al\u00e9m de fazer refer\u00eancia aos m\u00e9todos de interven\u00e7\u00e3o fonoaudiol\u00f3gica<\/strong>.<\/p>\n\n\n\n<h2 class=\"wp-block-heading\">O que \u00e9 afasia?<\/h2>\n\n\n\n<p>A cada ano, uma m\u00e9dia estimada de 4,5 milh\u00f5es de sobreviventes de <a href=\"https:\/\/neuronup.com\/br\/atividades-de-neurorreabilitacao\/para-avc\/exercicios-de-reabilitacao-apos-um-avc\/\">AVC <\/a>desenvolvem afasia. De acordo com a <em>National Aphasia Association (NAA)<\/em>, a afasia \u00e9 definida como o <strong>resultado de um derrame ou les\u00e3o cerebral que afeta a capacidade de comunica\u00e7\u00e3o de uma pessoa<\/strong>. Em outros casos, o in\u00edcio gradual de um transtorno de comunica\u00e7\u00e3o, com etiologia neurol\u00f3gica, \u00e9 chamado de afasia progressiva prim\u00e1ria (APP).<\/p>\n\n\n\n<h2 class=\"wp-block-heading\">Perfis cl\u00ednicos<\/h2>\n\n\n\n<p>Ao longo dos anos, foi definida uma <strong>classifica\u00e7\u00e3o da afasia<\/strong> que inclui defici\u00eancias lingu\u00edsticas espec\u00edficas que, de acordo com a teoria localizacionista, correspondem \u00e0 localiza\u00e7\u00e3o da les\u00e3o cerebral.<\/p>\n\n\n\n<p>A <em>National Aphasia Association (NAA)<\/em> descreve algumas caracter\u00edsticas dos <strong>tipos de afasia<\/strong>:<\/p>\n\n\n\n<ul class=\"wp-block-list\">\n<li><strong>Afasia global:<\/strong> comprometimento grave da comunica\u00e7\u00e3o.<\/li>\n\n\n\n<li><strong>Afasia de Broca (n\u00e3o fluente):<\/strong> a produ\u00e7\u00e3o da linguagem \u00e9 reduzida, h\u00e1 v\u00e1rias limita\u00e7\u00f5es no acesso e\/ou na produ\u00e7\u00e3o da fala.<\/li>\n\n\n\n<li><strong>Afasia mista n\u00e3o fluente: <\/strong>al\u00e9m das dificuldades na produ\u00e7\u00e3o da linguagem, h\u00e1 altera\u00e7\u00f5es na recep\u00e7\u00e3o.<\/li>\n\n\n\n<li><strong>Afasia de Wernicke (fluente):<\/strong> caracterizada pela presen\u00e7a de termos que n\u00e3o mant\u00eam a coer\u00eancia lingu\u00edstica. Dificuldades graves de compreens\u00e3o.<\/li>\n\n\n\n<li><strong>Afasia an\u00f4mica: <\/strong>caracteriza-se pela dificuldade de encontrar palavras. Geralmente envolve frustra\u00e7\u00e3o e leva a uma fala cheia de circunlocu\u00e7\u00f5es.<\/li>\n\n\n\n<li><strong>Afasia progressiva prim\u00e1ria: <\/strong>deteriora\u00e7\u00e3o progressiva das habilidades de linguagem.<\/li>\n<\/ul>\n\n\n<div class=\"wp-block-image is-style-default\">\n<figure class=\"aligncenter size-full\"><img decoding=\"async\" width=\"768\" height=\"430\" src=\"https:\/\/neuronup.com\/br\/wp-content\/uploads\/2024\/12\/tipos-de-afasia.webp\" alt=\"Diagrama em \u00e1rvore sobre afasia: perguntas de flu\u00eancia e compreens\u00e3o, com ramos para Broca, Wernicke e afasia global.\" class=\"wp-image-33954\" srcset=\"https:\/\/neuronup.com\/br\/wp-content\/uploads\/2024\/12\/tipos-de-afasia-300x168.webp 300w, https:\/\/neuronup.com\/br\/wp-content\/uploads\/2024\/12\/tipos-de-afasia.webp 768w\" sizes=\"(max-width: 768px) 100vw, 768px\" \/><figcaption class=\"wp-element-caption\">Fonte: www.aphasia.org<\/figcaption><\/figure>\n<\/div>\n\n\n<p>Al\u00e9m disso, prop\u00f5e uma escala de gravidade da comunica\u00e7\u00e3o com base nas dificuldades apresentadas por cada pessoa de acordo com o perfil da afasia.<\/p>\n\n\n<div class=\"wp-block-image\">\n<figure class=\"aligncenter size-full\"><img decoding=\"async\" width=\"768\" height=\"225\" src=\"https:\/\/neuronup.com\/br\/wp-content\/uploads\/2024\/12\/Classificacoes-de-Afasia.webp\" alt=\"Ilustra\u00e7\u00e3o classificando tipos de afasia por gravidade: An\u00f4mica, Mista N\u00e3o-Fluente e Global no topo; Wernicke e Broca na base, com linha de progress\u00e3o.\" class=\"wp-image-33233\" srcset=\"https:\/\/neuronup.com\/br\/wp-content\/uploads\/2024\/12\/Classificacoes-de-Afasia-300x88.webp 300w, https:\/\/neuronup.com\/br\/wp-content\/uploads\/2024\/12\/Classificacoes-de-Afasia.webp 768w\" sizes=\"(max-width: 768px) 100vw, 768px\" \/><figcaption class=\"wp-element-caption\">Classifica\u00e7\u00f5es da afasia. Fonte: www.rehabhh.com\/ .<\/figcaption><\/figure>\n<\/div>\n\n\n<h2 class=\"wp-block-heading\">Estados e princ\u00edpios da neuroplasticidade<\/h2>\n\n\n\n<p>Quando ocorre uma <a href=\"https:\/\/neuronup.com\/br\/neurorreabilitacao\/lesao-cerebral-adquirida\/\" data-type=\"link\" data-id=\"https:\/\/neuronup.com\/br\/neurorreabilitacao\/lesao-cerebral-adquirida\/\">les\u00e3o cerebral<\/a>, os pesquisadores identificam per\u00edodos que correspondem aos est\u00e1gios em que a pessoa se encontra ap\u00f3s a les\u00e3o.<\/p>\n\n\n\n<ul class=\"wp-block-list\">\n<li><strong>Fase aguda:<\/strong> per\u00edodo desde a hospitaliza\u00e7\u00e3o at\u00e9 os 3 meses seguintes.<\/li>\n\n\n\n<li><strong>Fase subaguda:<\/strong> 3 a 6 meses ap\u00f3s a les\u00e3o.<\/li>\n\n\n\n<li><strong>Fase cr\u00f4nica:<\/strong> a partir de 6 meses ap\u00f3s a les\u00e3o.<\/li>\n<\/ul>\n\n\n\n<p>Os estudos indicam a <strong>necessidade de reabilita\u00e7\u00e3o na fase aguda e precoce<\/strong>, levando em conta a estabilidade das caracter\u00edsticas cl\u00ednicas. No caso dos portadores de afasia, h\u00e1 uma grande quantidade de estudos que indicam o in\u00edcio precoce da terapia.<\/p>\n\n\n\n<p>Embora essas fases tenham sido estabelecidas, h\u00e1 outro aspecto de grande relev\u00e2ncia a ser considerado: os <strong>princ\u00edpios da neuroplasticidade<\/strong>. Eles est\u00e3o sempre presentes, como um mecanismo estrat\u00e9gico que o c\u00e9rebro possui para fazer mudan\u00e7as, e \u00e9 por isso que influenciar\u00e3o a recupera\u00e7\u00e3o da pessoa que sofreu les\u00e3o cerebral e devem ser levados em conta ao estabelecer um programa de reabilita\u00e7\u00e3o.<\/p>\n\n\n\n<h2 class=\"wp-block-heading\">Abordagens de reabilita\u00e7\u00e3o<\/h2>\n\n\n\n<p>Em toda a literatura, dentro das terapias n\u00e3o farmacol\u00f3gicas, a \u00eanfase \u00e9 colocada em duas abordagens que t\u00eam sido comumente usadas na reabilita\u00e7\u00e3o de pessoas com afasia:<\/p>\n\n\n\n<ul class=\"wp-block-list\">\n<li><strong>Terapia baseada na defici\u00eancia:<\/strong> visa melhorar as fun\u00e7\u00f5es da linguagem, concentrando-se em aspectos espec\u00edficos.<\/li>\n\n\n\n<li><strong>Terapias baseadas na comunica\u00e7\u00e3o<\/strong>: prop\u00f5e uma abordagem mais funcional e se concentra na globalidade da intera\u00e7\u00e3o.<\/li>\n<\/ul>\n\n\n\n<p>Uma revis\u00e3o da <em>Evidence-Based Review of Stroke Rehabilitation<\/em> (EBRSR) inclui alguns m\u00e9todos de interven\u00e7\u00e3o, entre os quais destaco:<\/p>\n\n\n\n<ul class=\"wp-block-list\">\n<li>A <strong>terapia tradicional<\/strong> <strong>da afasia<\/strong> visava abordar principalmente os d\u00e9ficits lingu\u00edsticos (nomea\u00e7\u00e3o, flu\u00eancia verbal, fala, escrita, compreens\u00e3o oral\/escrita, repeti\u00e7\u00e3o etc.).<\/li>\n\n\n\n<li><strong>Terapia de afasia induzida<\/strong> (CIAT), na qual os indiv\u00edduos afetados s\u00e3o orientados a fazer uso for\u00e7ado da linguagem falada durante situa\u00e7\u00f5es de comunica\u00e7\u00e3o.<\/li>\n\n\n\n<li>A <strong>terapia de recupera\u00e7\u00e3o lexical <\/strong>usa procedimentos de aprendizado associativo (sem\u00e2ntico e fonol\u00f3gico).<\/li>\n\n\n\n<li>A <strong>terapia de fala e linguagem<\/strong> facilitada por volunt\u00e1rios prop\u00f5e o treinamento de n\u00e3o fonoaudi\u00f3logos para implementar programas de comunica\u00e7\u00e3o.<\/li>\n\n\n\n<li>A<strong> terapia de intera\u00e7\u00e3o social<\/strong> promove a participa\u00e7\u00e3o da pessoa com afasia no treinamento de conversa\u00e7\u00e3o em um ambiente social.<\/li>\n\n\n\n<li>A <strong>terapia baseada em m\u00fasica<\/strong> utiliza elementos musicais (melodia, ritmo, din\u00e2mica, andamento) para estimular a produ\u00e7\u00e3o verbal e melhorar a flu\u00eancia verbal.<\/li>\n\n\n\n<li>A <strong>terapia baseada no uso de novas tecnologias<\/strong> (computador) \u00e9 uma forma acess\u00edvel e r\u00e1pida para o paciente, que requer participa\u00e7\u00e3o volunt\u00e1ria de sua parte. Ela consiste em transferir o treinamento dos aspectos comunicativos para essa via de reabilita\u00e7\u00e3o.<\/li>\n<\/ul>\n\n\n\n<h2 class=\"wp-block-heading\">Reabilita\u00e7\u00e3o intensiva e a abordagem pragm\u00e1tica<\/h2>\n\n\n\n<p>A <strong>reabilita\u00e7\u00e3o fonoaudiol\u00f3gica<\/strong> proporciona um enorme benef\u00edcio na comunica\u00e7\u00e3o de pessoas que sofrem de afasia. A pesquisa atual se concentra no perfil cl\u00ednico da pessoa, no tipo de interven\u00e7\u00e3o fornecida e na intensidade da interven\u00e7\u00e3o.<\/p>\n\n\n\n<p>Estudos recentes sobre a reabilita\u00e7\u00e3o da afasia encontraram resultados positivos ao longo do tratamento com uma dose m\u00ednima de 4 horas por semana, distribu\u00eddas em 3 a 5 dias, por um per\u00edodo m\u00ednimo de 3 meses.<\/p>\n\n\n\n<p>Os aspectos da comunica\u00e7\u00e3o que foram analisados em alguns dos estudos revisados s\u00e3o a linguagem geral, a compreens\u00e3o auditiva, a nomea\u00e7\u00e3o e a comunica\u00e7\u00e3o funcional. Esses aspectos foram avaliados com base em escalas ou testes padronizados e possibilitaram o estabelecimento de uma linha de base para os pacientes, bem como a quantifica\u00e7\u00e3o das mudan\u00e7as durante e ap\u00f3s a interven\u00e7\u00e3o.<\/p>\n\n\n\n<p>Alguns dos m\u00e9todos de interven\u00e7\u00e3o usados est\u00e3o listados acima, mas, ao analisar a literatura, os pesquisadores confirmam em seus estudos que h\u00e1 uma associa\u00e7\u00e3o entre a abordagem funcional\/pragm\u00e1tica e os benef\u00edcios na capacidade comunicativa das pessoas que sofrem de afasia.<\/p>\n\n\n\n<p>Os benef\u00edcios dessa abordagem s\u00e3o comprovados por estudos que usam a <strong>intera\u00e7\u00e3o social como meio de reabilita\u00e7\u00e3o<\/strong>. Os programas de treinamento verbal, como a terapia PACE, a terapia de afasia induzida por restri\u00e7\u00e3o, o treinamento de conversa\u00e7\u00e3o ou a conversa\u00e7\u00e3o apoiada, foram usados para demonstrar sua efic\u00e1cia em pessoas com afasia, sendo eficazes n\u00e3o apenas nos aspectos comunicativos, mas tamb\u00e9m nos sociais (participa\u00e7\u00e3o), que promovem o bem-estar da pessoa na esfera biopsicossocial.<\/p>\n\n\n\n<div style=\"height:50px\" aria-hidden=\"true\" class=\"wp-block-spacer\"><\/div>\n\n\n\n<div class=\"wp-block-cover br-1010 has-sm-padding-top has-sm-padding-bottom has-sm-padding-left has-sm-padding-right\"><img decoding=\"async\" width=\"1280\" height=\"768\" sizes=\"(max-width: 600px) 100vw, 50vw\" class=\"wp-block-cover__image-background wp-image-31661 size-large\" alt=\"neuronup illustration background\" src=\"https:\/\/neuronup.com\/br\/wp-content\/uploads\/2024\/10\/neuronup-illustration-background.svg\" data-object-fit=\"cover\"\/><span aria-hidden=\"true\" class=\"wp-block-cover__background has-background-dim\" style=\"background-color:#005767\"><\/span><div class=\"wp-block-cover__inner-container is-layout-constrained wp-block-cover-is-layout-constrained\">\n<p class=\"has-xl-font-size\" style=\"letter-spacing:0.07rem\"><strong>Lan\u00e7amos NeuronUP Assessment!<\/strong><\/p>\n\n\n\n<div class=\"wp-block-columns are-vertically-aligned-center is-layout-flex wp-container-core-columns-is-layout-9d6595d7 wp-block-columns-is-layout-flex\">\n<div class=\"wp-block-column is-vertically-aligned-center has-white-color has-text-color has-link-color wp-elements-bd68cc8433c056f7c59b955812e8ea6c is-layout-flow wp-block-column-is-layout-flow\" style=\"flex-basis:70%\">\n<p class=\"has-no-margin-top has-no-margin-bottom\" style=\"letter-spacing:0.05rem\">O novo produto de Avalia\u00e7\u00e3o da NeuronUP.<\/p>\n\n\n\n<p class=\"has-text-align-left has-no-margin-top has-no-margin-bottom\" style=\"font-size:18px\">Solicite acesso para testar gratuitamente por tempo limitado.<\/p>\n<\/div>\n\n\n\n<div class=\"wp-block-column is-vertically-aligned-center is-layout-flow wp-block-column-is-layout-flow\" style=\"flex-basis:30%\">\n<div class=\"wp-block-buttons is-content-justification-center is-layout-flex wp-container-core-buttons-is-layout-16018d1d wp-block-buttons-is-layout-flex\">\n<div class=\"wp-block-button has-custom-width wp-block-button__width-100\" style=\"--button-color:#01606f;--button-background:var(--color-white);--button-background-hover:#e6e6e6;\"><a class=\"wp-block-button__link button    has-link-color wp-element-button\" href=\"https:\/\/neuronup.com\/br\/neuronup-assessment\/solicitar-acesso\/\" style=\"color:#01606f\"><strong>Solicite acceso<\/strong><\/a><\/div>\n\n<\/div>\n<\/div>\n<\/div>\n<\/div><\/div>\n\n\n\n<div style=\"height:50px\" aria-hidden=\"true\" class=\"wp-block-spacer\"><\/div>\n\n\n\n<h2 class=\"wp-block-heading\">Conclus\u00f5es<\/h2>\n\n\n\n<p>Este artigo tem o objetivo de coletar informa\u00e7\u00f5es sobre <strong>o conceito de afasia, a tipologia e os m\u00e9todos de reabilita\u00e7\u00e3o da linguagem<\/strong>. Al\u00e9m disso, os termos &#8220;reabilita\u00e7\u00e3o intensiva&#8221; e &#8220;abordagem pragm\u00e1tica&#8221; s\u00e3o enfatizados como aspectos fundamentais dos programas de interven\u00e7\u00e3o que foram estudados em publica\u00e7\u00f5es recentes.<\/p>\n\n\n\n<p>Portanto, os fonoaudi\u00f3logos, como profissionais treinados em comunica\u00e7\u00e3o, devem levar em conta n\u00e3o apenas a patologia que v\u00e3o tratar, mas tamb\u00e9m todos os aspectos que podem influenciar a comunica\u00e7\u00e3o funcional em pessoas que sofrem de afasia. Entre os m\u00e9todos mencionados, devem ser considerados aqueles com as melhores evid\u00eancias de acordo com o perfil cl\u00ednico, e ser\u00e1 aconselh\u00e1vel elaborar um programa de interven\u00e7\u00e3o individualizado que inclua atividades pr\u00e1ticas e funcionais que levem em conta os princ\u00edpios da neuroplasticidade.<\/p>\n\n\n\n<h2 class=\"wp-block-heading\">Bibliografia <\/h2>\n\n\n\n<ul class=\"wp-block-list has-sm-font-size\">\n<li class=\"has-xs-font-size\">Brady MC, Ali M, et al. Precision rehabilitation for aphasia by patient age, sex, aphasia severity, and time since stroke? A prespecified, systematic review-based, individual participant data, network, subgroup meta-analysis. International Journal of Stroke. 2022;17(10):1067-1077. doi:10.1177\/17474930221097477<\/li>\n\n\n\n<li class=\"has-xs-font-size\">E. No\u00e9, A. G\u00f3mez, M. Bernabeu et al., Gu\u00eda: Principios b\u00e1sicos de la neurorrehabilitaci\u00f3n del paciente con da\u00f1o cerebral adquirido. Recomendaciones de la Sociedad Espa\u00f1ola de Neurorrehabilitaci\u00f3n, Neurolog\u00eda, https:\/\/doi.org\/10.1016\/j.nrl.2021.06.009<\/li>\n\n\n\n<li class=\"has-xs-font-size\">Evidence-Based Review of Stroke Rehabilitation (EBRSR) (2022). Introduction | EBRSR &#8211; Evidence-Based Review of Stroke Rehabilitation<\/li>\n\n\n\n<li class=\"has-xs-font-size\">Palmer R, Pauranik A. Rehabilitaci\u00f3n de los trastornos de la comunicaci\u00f3n. 15 de enero de 2021. En: Platz T, editor. V\u00edas cl\u00ednicas en la rehabilitaci\u00f3n de accidentes cerebrovasculares: recomendaciones de pr\u00e1ctica cl\u00ednica basadas en la evidencia [Internet]. Cham (CH): Springer; 2021.&nbsp;Disponible en: https:\/\/www.ncbi.nlm.nih.gov\/books\/NBK585589\/&nbsp;doi: 10.1007\/978-3-030-58505-1_10<\/li>\n\n\n\n<li class=\"has-xs-font-size\">REhabilitation and recovery of peopLE with Aphasia after StrokE (RELEASE) Collaborators. Dosage, Intensity, and Frequency of Language Therapy for Aphasia: A Systematic Review-Based, Individual Participant Data Network Meta-Analysis. Stroke. 2022 Mar;53(3):956-967. doi: 10.1161\/STROKEAHA.121.035216. Epub 2021 Dec 1. PMID: 34847708; PMCID: PMC8884127.<\/li>\n\n\n\n<li class=\"has-xs-font-size\">Shrubsole, K., Worrall, L.E., Power, E., &amp; O\u2019Connor, D.A. (2017). Recommendations for post-stroke aphasia rehabilitation: an updated systematic review and evaluation of clinical practice guidelines.&nbsp;<em>Aphasiology, 31<\/em>, 1 &#8211; 24.<\/li>\n<\/ul>\n\n\n\n<h3 class=\"wp-block-heading\">Se voc\u00ea gostou deste artigo sobre a reabilita\u00e7\u00e3o fonoaudiol\u00f3gica para pessoas com afasia, talvez se interesse por estes artigos da NeuronUP:<\/h3>\n\n\n<div class=\"mai-grid entries entries-grid has-boxed has-image-full\" style=\"--entry-title-font-size:var(--font-size-lg);--align-text:start;--entry-meta-text-align:start;\"><div class=\"entries-wrap has-columns\" style=\"--columns-xs:1\/1;--columns-sm:1\/1;--columns-md:1\/3;--columns-lg:1\/3;--flex-xs:0 0 var(--flex-basis);--flex-sm:0 0 var(--flex-basis);--flex-md:0 0 var(--flex-basis);--flex-lg:0 0 var(--flex-basis);--column-gap:var(--spacing-lg);--row-gap:var(--spacing-lg);--align-columns:start;\"><article class=\"entry entry-grid is-column has-entry-link has-image has-image-first type-post category-transtorno-de-linguagem tag-criancas tag-linguagem tag-transtornos-do-neurodesenvolvimento\" style=\"--entry-index:1;\" aria-label=\"A dislexia como barreira na inf\u00e2ncia\" itemscope itemtype=\"https:\/\/schema.org\/CreativeWork\"><a class=\"entry-image-link\" href=\"https:\/\/neuronup.com\/br\/noticias-de-estimulacao-cognitiva\/transtorno-de-linguagem\/a-dislexia-na-infancia\/\" tabindex=\"-1\" aria-hidden=\"true\"><img decoding=\"async\" width=\"400\" height=\"226\" src=\"https:\/\/neuronup.com\/br\/wp-content\/uploads\/2024\/09\/dislexia-infancia.webp\" class=\"entry-image size-landscape-sm\" alt=\"Livro aberto em superf\u00edcie clara, duas m\u00e3os segurando as p\u00e1ginas; letras estilizadas parecem emergir, sugerindo leitura.\" srcset=\"https:\/\/neuronup.com\/br\/wp-content\/uploads\/2024\/09\/dislexia-infancia-300x170.webp 300w, https:\/\/neuronup.com\/br\/wp-content\/uploads\/2024\/09\/dislexia-infancia-768x434.webp 768w, https:\/\/neuronup.com\/br\/wp-content\/uploads\/2024\/09\/dislexia-infancia-1024x579.webp 1024w, https:\/\/neuronup.com\/br\/wp-content\/uploads\/2024\/09\/dislexia-infancia.webp 1200w\" sizes=\"(max-width:599px) 599px, (min-width:600px) and (max-width: 799px) 799px, (min-width:800px) and (max-width: 999px) 333px, (min-width:1000px) 400px\" \/><\/a><div class=\"entry-wrap entry-wrap-grid\"><h3 class=\"entry-title\" itemprop=\"headline\"><a class=\"entry-title-link\" href=\"https:\/\/neuronup.com\/br\/noticias-de-estimulacao-cognitiva\/transtorno-de-linguagem\/a-dislexia-na-infancia\/\" rel=\"bookmark\">A dislexia como barreira na inf\u00e2ncia<\/a><\/h3>\n<\/div><\/article><article class=\"entry entry-grid is-column has-entry-link has-image has-image-first type-post category-transtorno-de-linguagem tag-afasia tag-linguagem tag-transtornos-do-neurodesenvolvimento\" style=\"--entry-index:2;\" aria-label=\"Avalia\u00e7\u00e3o e reabilita\u00e7\u00e3o neuropsicol\u00f3gica em afasias\" itemscope itemtype=\"https:\/\/schema.org\/CreativeWork\"><a class=\"entry-image-link\" href=\"https:\/\/neuronup.com\/br\/noticias-de-estimulacao-cognitiva\/transtorno-de-linguagem\/avaliacao-e-reabilitacao-neuropsicologica-nas-afasias\/\" tabindex=\"-1\" aria-hidden=\"true\"><img decoding=\"async\" width=\"300\" height=\"300\" src=\"https:\/\/neuronup.com\/br\/wp-content\/uploads\/2023\/01\/afasias.webp\" class=\"entry-image size-landscape-sm\" alt=\"Ilustra\u00e7\u00e3o de c\u00e9rebro em duas metades, esquerda l\u00f3gica com gr\u00e1ficos e f\u00f3rmulas; direita criativa com cores.\" srcset=\"https:\/\/neuronup.com\/br\/wp-content\/uploads\/2023\/01\/afasias-24x24.webp 24w, https:\/\/neuronup.com\/br\/wp-content\/uploads\/2023\/01\/afasias-48x48.webp 48w, https:\/\/neuronup.com\/br\/wp-content\/uploads\/2023\/01\/afasias-96x96.webp 96w, https:\/\/neuronup.com\/br\/wp-content\/uploads\/2023\/01\/afasias-150x150.webp 150w, https:\/\/neuronup.com\/br\/wp-content\/uploads\/2023\/01\/afasias-300x300.webp 300w, https:\/\/neuronup.com\/br\/wp-content\/uploads\/2023\/01\/afasias-768x768.webp 768w, https:\/\/neuronup.com\/br\/wp-content\/uploads\/2023\/01\/afasias-1024x1024.webp 1024w, https:\/\/neuronup.com\/br\/wp-content\/uploads\/2023\/01\/afasias.webp 1200w\" sizes=\"(max-width:599px) 599px, (min-width:600px) and (max-width: 799px) 799px, (min-width:800px) and (max-width: 999px) 333px, (min-width:1000px) 400px\" \/><\/a><div class=\"entry-wrap entry-wrap-grid\"><h3 class=\"entry-title\" itemprop=\"headline\"><a class=\"entry-title-link\" href=\"https:\/\/neuronup.com\/br\/noticias-de-estimulacao-cognitiva\/transtorno-de-linguagem\/avaliacao-e-reabilitacao-neuropsicologica-nas-afasias\/\" rel=\"bookmark\">Avalia\u00e7\u00e3o e reabilita\u00e7\u00e3o neuropsicol\u00f3gica em afasias<\/a><\/h3>\n<\/div><\/article><article class=\"entry entry-grid is-column has-entry-link has-image has-image-first type-post category-transtorno-de-linguagem tag-criancas tag-linguagem tag-transtornos-do-neurodesenvolvimento\" style=\"--entry-index:3;\" aria-label=\"Transtorno de aprendizagem n\u00e3o verbal\" itemscope itemtype=\"https:\/\/schema.org\/CreativeWork\"><a class=\"entry-image-link\" href=\"https:\/\/neuronup.com\/br\/noticias-de-estimulacao-cognitiva\/transtorno-de-linguagem\/transtorno-de-aprendizagem-nao-verbal\/\" tabindex=\"-1\" aria-hidden=\"true\"><img decoding=\"async\" width=\"400\" height=\"267\" src=\"https:\/\/neuronup.com\/br\/wp-content\/uploads\/2022\/12\/Trastorno-de-aprendizaje-no-verbal.webp\" class=\"entry-image size-landscape-sm\" alt=\"Crian\u00e7a concentrada escrevendo em caderno; cabelo crespo em coque, blusa clara e jaqueta verde, colega ao lado, ilumina\u00e7\u00e3o.\" srcset=\"https:\/\/neuronup.com\/br\/wp-content\/uploads\/2022\/12\/Trastorno-de-aprendizaje-no-verbal-300x200.webp 300w, https:\/\/neuronup.com\/br\/wp-content\/uploads\/2022\/12\/Trastorno-de-aprendizaje-no-verbal-768x512.webp 768w, https:\/\/neuronup.com\/br\/wp-content\/uploads\/2022\/12\/Trastorno-de-aprendizaje-no-verbal-1024x683.webp 1024w, https:\/\/neuronup.com\/br\/wp-content\/uploads\/2022\/12\/Trastorno-de-aprendizaje-no-verbal.webp 1200w\" sizes=\"(max-width:599px) 599px, (min-width:600px) and (max-width: 799px) 799px, (min-width:800px) and (max-width: 999px) 333px, (min-width:1000px) 400px\" \/><\/a><div class=\"entry-wrap entry-wrap-grid\"><h3 class=\"entry-title\" itemprop=\"headline\"><a class=\"entry-title-link\" href=\"https:\/\/neuronup.com\/br\/noticias-de-estimulacao-cognitiva\/transtorno-de-linguagem\/transtorno-de-aprendizagem-nao-verbal\/\" rel=\"bookmark\">Transtorno de aprendizagem n\u00e3o verbal<\/a><\/h3>\n<\/div><\/article><article class=\"entry entry-grid is-column has-entry-link has-image has-image-first type-post category-transtorno-de-linguagem tag-afasia tag-lesao-cerebral tag-lesao-cerebral-adquirida tag-linguagem\" style=\"--entry-index:4;\" aria-label=\"Afasia: diagn\u00f3stico diferencial e tipos de afasias\" itemscope itemtype=\"https:\/\/schema.org\/CreativeWork\"><a class=\"entry-image-link\" href=\"https:\/\/neuronup.com\/br\/noticias-de-estimulacao-cognitiva\/transtorno-de-linguagem\/afasia-tipos\/\" tabindex=\"-1\" aria-hidden=\"true\"><img decoding=\"async\" width=\"400\" height=\"267\" src=\"https:\/\/neuronup.com\/br\/wp-content\/uploads\/2022\/10\/afasia.webp\" class=\"entry-image size-landscape-sm\" alt=\"Perfil humano estilizado em fundo azul, com redes de conex\u00f5es dentro da cabe\u00e7a e um ponto de luz azul roxo no centro.\" srcset=\"https:\/\/neuronup.com\/br\/wp-content\/uploads\/2022\/10\/afasia-300x200.webp 300w, https:\/\/neuronup.com\/br\/wp-content\/uploads\/2022\/10\/afasia-768x512.webp 768w, https:\/\/neuronup.com\/br\/wp-content\/uploads\/2022\/10\/afasia-1024x683.webp 1024w, https:\/\/neuronup.com\/br\/wp-content\/uploads\/2022\/10\/afasia.webp 1200w\" sizes=\"(max-width:599px) 599px, (min-width:600px) and (max-width: 799px) 799px, (min-width:800px) and (max-width: 999px) 333px, (min-width:1000px) 400px\" \/><\/a><div class=\"entry-wrap entry-wrap-grid\"><h3 class=\"entry-title\" itemprop=\"headline\"><a class=\"entry-title-link\" href=\"https:\/\/neuronup.com\/br\/noticias-de-estimulacao-cognitiva\/transtorno-de-linguagem\/afasia-tipos\/\" rel=\"bookmark\">Afasia: diagn\u00f3stico diferencial e tipos de afasias<\/a><\/h3>\n<\/div><\/article><article class=\"entry entry-grid is-column has-entry-link has-image has-image-first type-post category-transtorno-de-linguagem tag-atividades-de-estimulacao-cognitiva tag-criancas tag-disturbios-do-desenvolvimento-neurologico tag-linguagem\" style=\"--entry-index:5;\" aria-label=\"Dist\u00farbio Espec\u00edfico de Linguagem (DEL): causas, sintomas e comorbidades\" itemscope itemtype=\"https:\/\/schema.org\/CreativeWork\"><a class=\"entry-image-link\" href=\"https:\/\/neuronup.com\/br\/noticias-de-estimulacao-cognitiva\/transtorno-de-linguagem\/disturbio-de-linguagem-del-causas-sintomas-e-comorbidades\/\" tabindex=\"-1\" aria-hidden=\"true\"><img decoding=\"async\" width=\"400\" height=\"300\" src=\"https:\/\/neuronup.com\/br\/wp-content\/uploads\/2024\/12\/woman-doing-speech-therapy-with-little-boy-at-her-clinic-1-1-1-400x300.webp\" class=\"entry-image size-landscape-sm\" alt=\"Profissional de terapia da fala orienta crian\u00e7a durante sess\u00e3o, com folhas de letras coloridas sobre a mesa.\" srcset=\"https:\/\/neuronup.com\/br\/wp-content\/uploads\/2024\/12\/woman-doing-speech-therapy-with-little-boy-at-her-clinic-1-1-1-400x300.webp 400w, https:\/\/neuronup.com\/br\/wp-content\/uploads\/2024\/12\/woman-doing-speech-therapy-with-little-boy-at-her-clinic-1-1-1-800x600.webp 800w\" sizes=\"(max-width:599px) 599px, (min-width:600px) and (max-width: 799px) 799px, (min-width:800px) and (max-width: 999px) 333px, (min-width:1000px) 400px\" \/><\/a><div class=\"entry-wrap entry-wrap-grid\"><h3 class=\"entry-title\" itemprop=\"headline\"><a class=\"entry-title-link\" href=\"https:\/\/neuronup.com\/br\/noticias-de-estimulacao-cognitiva\/transtorno-de-linguagem\/disturbio-de-linguagem-del-causas-sintomas-e-comorbidades\/\" rel=\"bookmark\">Dist\u00farbio Espec\u00edfico de Linguagem (DEL): causas, sintomas e comorbidades<\/a><\/h3>\n<\/div><\/article><article class=\"entry entry-grid is-column has-entry-link has-image has-image-first type-post category-transtorno-de-linguagem tag-depoimentos tag-estimulacao-cognitiva tag-linguagem tag-telerreabilitacao\" style=\"--entry-index:6;\" aria-label=\"Fonoaudiologia online: metodologia e exerc\u00edcios de fonoaudiologia\" itemscope itemtype=\"https:\/\/schema.org\/CreativeWork\"><a class=\"entry-image-link\" href=\"https:\/\/neuronup.com\/br\/noticias-de-estimulacao-cognitiva\/transtorno-de-linguagem\/fonoaudiologia-online-metodologia-e-exercicios-de-fonoaudiologia\/\" tabindex=\"-1\" aria-hidden=\"true\"><img decoding=\"async\" width=\"400\" height=\"300\" src=\"https:\/\/neuronup.com\/br\/wp-content\/uploads\/2024\/12\/NeuronUP-para-fonoaudiologia-400x300.webp\" class=\"entry-image size-landscape-sm\" alt=\"Crian\u00e7a sentada \u00e0 mesa, de costas, interage com tablet; tela azul com c\u00edrculos coloridos. Sala de aula com foco na atividade.\" srcset=\"https:\/\/neuronup.com\/br\/wp-content\/uploads\/2024\/12\/NeuronUP-para-fonoaudiologia-400x300.webp 400w, https:\/\/neuronup.com\/br\/wp-content\/uploads\/2024\/12\/NeuronUP-para-fonoaudiologia-800x600.webp 800w, https:\/\/neuronup.com\/br\/wp-content\/uploads\/2024\/12\/NeuronUP-para-fonoaudiologia-1200x900.webp 1200w\" sizes=\"(max-width:599px) 599px, (min-width:600px) and (max-width: 799px) 799px, (min-width:800px) and (max-width: 999px) 333px, (min-width:1000px) 400px\" \/><\/a><div class=\"entry-wrap entry-wrap-grid\"><h3 class=\"entry-title\" itemprop=\"headline\"><a class=\"entry-title-link\" href=\"https:\/\/neuronup.com\/br\/noticias-de-estimulacao-cognitiva\/transtorno-de-linguagem\/fonoaudiologia-online-metodologia-e-exercicios-de-fonoaudiologia\/\" rel=\"bookmark\">Fonoaudiologia online: metodologia e exerc\u00edcios de fonoaudiologia<\/a><\/h3>\n<\/div><\/article><\/div><\/div>","protected":false},"excerpt":{"rendered":"<p>Laura Carbonero Sancho, fonoaudi\u00f3loga com experi\u00eancia cl\u00ednica em atendimento a adultos com patologia neurol\u00f3gica, explica neste artigo o que \u00e9 afasia e o que caracteriza cada um de seus perfis cl\u00ednicos, al\u00e9m de fazer refer\u00eancia aos m\u00e9todos de interven\u00e7\u00e3o fonoaudiol\u00f3gica. O que \u00e9 afasia? A cada ano, uma m\u00e9dia estimada de 4,5 milh\u00f5es de sobreviventes &hellip;<\/p>\n","protected":false},"author":211,"featured_media":33078,"comment_status":"open","ping_status":"open","sticky":false,"template":"","format":"standard","meta":{"_acf_changed":false,"_genesis_hide_title":false,"_genesis_hide_breadcrumbs":false,"_genesis_hide_singular_image":false,"_genesis_hide_footer_widgets":false,"_genesis_custom_body_class":"","_genesis_custom_post_class":"","_genesis_layout":"","footnotes":""},"categories":[619],"tags":[614,547,618],"class_list":{"2":"type-post","7":"category-transtorno-de-linguagem","8":"tag-disturbios-do-desenvolvimento-neurologico","9":"tag-linguagem","10":"tag-transtorno-de-linguagem","11":"entry"},"acf":[],"_links":{"self":[{"href":"https:\/\/neuronup.com\/br\/wp-json\/wp\/v2\/posts\/6216","targetHints":{"allow":["GET"]}}],"collection":[{"href":"https:\/\/neuronup.com\/br\/wp-json\/wp\/v2\/posts"}],"about":[{"href":"https:\/\/neuronup.com\/br\/wp-json\/wp\/v2\/types\/post"}],"author":[{"embeddable":true,"href":"https:\/\/neuronup.com\/br\/wp-json\/wp\/v2\/users\/211"}],"replies":[{"embeddable":true,"href":"https:\/\/neuronup.com\/br\/wp-json\/wp\/v2\/comments?post=6216"}],"version-history":[{"count":0,"href":"https:\/\/neuronup.com\/br\/wp-json\/wp\/v2\/posts\/6216\/revisions"}],"wp:featuredmedia":[{"embeddable":true,"href":"https:\/\/neuronup.com\/br\/wp-json\/wp\/v2\/media\/33078"}],"wp:attachment":[{"href":"https:\/\/neuronup.com\/br\/wp-json\/wp\/v2\/media?parent=6216"}],"wp:term":[{"taxonomy":"category","embeddable":true,"href":"https:\/\/neuronup.com\/br\/wp-json\/wp\/v2\/categories?post=6216"},{"taxonomy":"post_tag","embeddable":true,"href":"https:\/\/neuronup.com\/br\/wp-json\/wp\/v2\/tags?post=6216"}],"curies":[{"name":"wp","href":"https:\/\/api.w.org\/{rel}","templated":true}]}}