{"id":6063,"date":"2024-02-23T10:50:57","date_gmt":"2024-02-23T09:50:57","guid":{"rendered":"https:\/\/neuronup.com\/br\/?p=6063"},"modified":"2026-01-26T18:16:05","modified_gmt":"2026-01-26T16:16:05","slug":"intervencao-cognitiva-com-adolescentes-com-transtorno-de-deficit-de-atencao-e-hiperatividade-tipo-hiperativo","status":"publish","type":"post","link":"https:\/\/neuronup.com\/br\/noticias-de-estimulacao-cognitiva\/transtornos-do-desenvolvimento\/tdah-transtorno-deficit-atencao-hiperatividade\/intervencao-cognitiva-com-adolescentes-com-transtorno-de-deficit-de-atencao-e-hiperatividade-tipo-hiperativo\/","title":{"rendered":"Interven\u00e7\u00e3o cognitiva com adolescentes com transtorno de d\u00e9ficit de aten\u00e7\u00e3o e hiperatividade, tipo hiperativo"},"content":{"rendered":"\n<p class=\"has-large-font-size\">Ana Priscila Santiago Albarran, psic\u00f3loga do CITPA, apresenta uma abordagem de <strong>interven\u00e7\u00e3o cognitiva com adolescentes com transtorno de d\u00e9ficit de aten\u00e7\u00e3o e hiperatividade<\/strong>.<\/p>\n\n\n\n<p>Trabalhar com adolescentes com transtornos do neurodesenvolvimento, como o <strong>TDAH<\/strong>, pode ser um desafio. Al\u00e9m das caracter\u00edsticas de i<strong>nconst\u00e2ncia que ocorrem nessa fase do desenvolvimento<\/strong>, h\u00e1 tamb\u00e9m os sintomas pr\u00f3prios do transtorno relacionados \u00e0 <strong>baixa capacidade de controle inibit\u00f3rio<\/strong> e \u00e0s <strong>habilidades sociais deficientes<\/strong> que alguns deles apresentam.<\/p>\n\n\n\n<h3 class=\"wp-block-heading\">Consequ\u00eancias negativas e positivas<\/h3>\n\n\n\n<p>Tudo isso pode resultar na exclus\u00e3o da popula\u00e7\u00e3o t\u00edpica se eles n\u00e3o se beneficiarem das ferramentas de enfrentamento que levam ao crescimento e \u00e0 constru\u00e7\u00e3o de habilidades para a vida.<\/p>\n\n\n\n<p>Entretanto, \u00e9 tamb\u00e9m nessa fase que o paciente come\u00e7a a se conscientizar do dist\u00farbio que sofre e a cooperar com a reabilita\u00e7\u00e3o neuropsicol\u00f3gica, se houver a devida ades\u00e3o ao processo. \u00c9 nesse momento que devemos repensar os objetivos terap\u00eauticos na esfera social, uma vez que podemos estabelecer expectativas a curto, m\u00e9dio e longo prazo e de forma processual, pois o senso de temporalidade \u00e9 vislumbrado de forma mais pontual.<\/p>\n\n\n\n<h2 class=\"wp-block-heading\">O trabalho dos psicoterapeutas na interven\u00e7\u00e3o cognitiva com adolescentes com d\u00e9ficit de aten\u00e7\u00e3o<\/h2>\n\n\n\n<p>Como psicoterapeutas cognitivos, \u00e9 necess\u00e1rio reunir for\u00e7as e proporcionar novas ferramentas para realizar um processo focado em um <strong>tratamento ecol\u00f3gico e funcional<\/strong>, ou seja, que as sess\u00f5es tenham uma transfer\u00eancia em sua vida cotidiana e que o que for tratado possa ser \u00fatil para enfrentar as vicissitudes de cada cen\u00e1rio em que nossos pacientes se desenvolvem.<\/p>\n\n\n\n<p>Nesse sentido, a <strong>NeuronUP tem sido uma ferramenta de trabalho que usamos dentro e fora do espa\u00e7o terap\u00eautico<\/strong> e que \u00e9 muito \u00fatil para n\u00f3s. Ele \u00e9 \u00fatil por reconhecer a diversidade dos ambientes atuais, bem como os ambientes mais pr\u00f3ximos ou futuros que nosso paciente enfrentar\u00e1 em um determinado momento.<\/p>\n\n\n\n<p>A ferramenta nos oferece diferentes materiais audiovisuais que s\u00e3o muito semelhantes \u00e0 realidade, promovendo um trabalho mais eficaz e real com eles. Dessa forma, facilita a aquisi\u00e7\u00e3o de habilidades que podem ser mais dif\u00edceis de obter com tarefas de l\u00e1pis e papel.<\/p>\n\n\n\n<h3 class=\"wp-block-heading\">Exerc\u00edcios para trabalhar a teoria da mente com adolescentes com d\u00e9ficit de aten\u00e7\u00e3o<\/h3>\n\n\n<div class=\"wp-block-image image-interface\">\n<figure class=\"aligncenter size-full\"><img decoding=\"async\" width=\"768\" height=\"760\" src=\"https:\/\/neuronup.com\/br\/wp-content\/uploads\/2024\/12\/atividades-para-alunos-com-tdah.webp\" alt=\"Sequ\u00eancia de quatro quadros: mulher preocupada com cesto, depois sorridente segurando pel\u00facia; homem pensa na cena \u2014 Teoria da Mente.\" class=\"wp-image-33160\" srcset=\"https:\/\/neuronup.com\/br\/wp-content\/uploads\/2024\/12\/atividades-para-alunos-com-tdah-24x24.webp 24w, https:\/\/neuronup.com\/br\/wp-content\/uploads\/2024\/12\/atividades-para-alunos-com-tdah-48x48.webp 48w, https:\/\/neuronup.com\/br\/wp-content\/uploads\/2024\/12\/atividades-para-alunos-com-tdah-80x80.webp 80w, https:\/\/neuronup.com\/br\/wp-content\/uploads\/2024\/12\/atividades-para-alunos-com-tdah-96x96.webp 96w, https:\/\/neuronup.com\/br\/wp-content\/uploads\/2024\/12\/atividades-para-alunos-com-tdah-300x297.webp 300w, https:\/\/neuronup.com\/br\/wp-content\/uploads\/2024\/12\/atividades-para-alunos-com-tdah.webp 768w\" sizes=\"(max-width: 768px) 100vw, 768px\" \/><figcaption class=\"wp-element-caption\">O que esperam encontrar? \u00e9 uma atividade da NeuronUP para trabalhar a Teoria da Mente.<\/figcaption><\/figure>\n<\/div>\n\n\n<p>Um exemplo claro s\u00e3o os exerc\u00edcios associados \u00e0 Teoria da Mente (TOM). Por fazerem parte de \u00e1reas metacognitivas, s\u00e3o de dif\u00edcil acesso com materiais convencionais: <em>O que est\u00e3o pensando?<\/em>, <em>O que esperam encontrar?<\/em> ou <em>O que voc\u00ea acha que os outros pensam?<\/em> s\u00e3o exerc\u00edcios em s\u00e9rie nos quais situa\u00e7\u00f5es da vida cotidiana s\u00e3o apresentadas na forma de cenas para as quais nosso paciente tem de fazer uma afirma\u00e7\u00e3o das inten\u00e7\u00f5es, cren\u00e7as ou emo\u00e7\u00f5es dos outros. Levando em conta que seu objetivo \u00e9 <strong>possibilitar processos metacognitivos e socioemocionais<\/strong>.<\/p>\n\n\n\n<p>Tamb\u00e9m exigem a execu\u00e7\u00e3o de habilidades de primeira e segunda ordem intimamente relacionadas \u00e0s \u00e1reas mencionadas acima, como aten\u00e7\u00e3o sustentada, manuten\u00e7\u00e3o de informa\u00e7\u00f5es, atualiza\u00e7\u00e3o, mem\u00f3ria, flexibilidade cognitiva, controle inibit\u00f3rio e solu\u00e7\u00e3o de problemas.<\/p>\n\n\n\n<p><strong>A NeuronUP facilitou nosso trabalho terap\u00eautico ao nos dar a possibilidade de observar com maior clareza as situa\u00e7\u00f5es de erro<\/strong>. Isso nos permite ajust\u00e1-lo por meio de outros exerc\u00edcios e estimular \u00e1reas subjacentes, pois tamb\u00e9m podemos registrar o tempo de lat\u00eancia entre cada tarefa, o que \u00e9 muito rico.<\/p>\n\n\n\n<h3 class=\"wp-block-heading\">Atividades da vida di\u00e1ria<\/h3>\n\n\n\n<p>Por outro lado, podemos fazer interven\u00e7\u00f5es diretas com nossos pacientes, nas quais promovemos a reflex\u00e3o antes de cada apresenta\u00e7\u00e3o e a leitura atenta e consciente.<\/p>\n\n\n\n<p>Al\u00e9m disso, podemos trabalhar com exerc\u00edcios relacionados \u00e0 vida de nosso paciente, para o <strong>desenvolvimento de habilidades pr\u00e1ticas<\/strong>, transferindo esse aprendizado de uma situa\u00e7\u00e3o para outra.<\/p>\n\n\n\n<p>Tamb\u00e9m descobrimos que a carga de estresse diminui, pois trabalhar com um computador proporciona confian\u00e7a e uma perspectiva mais l\u00fadica.<\/p>\n\n\n\n<h3 class=\"wp-block-heading\">Se voc\u00ea gostou deste artigo sobre interven\u00e7\u00e3o cognitiva com adolescentes com transtorno de d\u00e9ficit de aten\u00e7\u00e3o e hiperatividade<strong>, talvez tamb\u00e9m se interesse por estes artigos:<\/strong><\/h3>\n\n\n<div class=\"mai-grid entries entries-grid has-boxed has-image-full\" style=\"--entry-title-font-size:var(--font-size-lg);--align-text:start;--entry-meta-text-align:start;\"><div class=\"entries-wrap has-columns\" style=\"--columns-xs:1\/1;--columns-sm:1\/1;--columns-md:1\/3;--columns-lg:1\/3;--flex-xs:0 0 var(--flex-basis);--flex-sm:0 0 var(--flex-basis);--flex-md:0 0 var(--flex-basis);--flex-lg:0 0 var(--flex-basis);--column-gap:var(--spacing-lg);--row-gap:var(--spacing-lg);--align-columns:start;\"><article class=\"entry entry-grid is-column has-entry-link has-image has-image-first type-post category-depoimentos tag-adultos tag-estimulacao-cognitiva tag-lesao-cerebral-adquirida tag-testemunhos\" style=\"--entry-index:1;\" aria-label=\"Reabilita\u00e7\u00e3o cognitiva com NeuronUP no Ateneu Maestrat\" itemscope itemtype=\"https:\/\/schema.org\/CreativeWork\"><a class=\"entry-image-link\" href=\"https:\/\/neuronup.com\/br\/noticias-de-estimulacao-cognitiva\/depoimentos\/reabilitacao-cognitiva-com-neuronup-no-ateneu-maestrat\/\" tabindex=\"-1\" aria-hidden=\"true\"><img decoding=\"async\" width=\"300\" height=\"300\" src=\"https:\/\/neuronup.com\/br\/wp-content\/uploads\/2024\/12\/Usuario-de-Ateneu-Maestrat-trabajando-con-NeuronUP.webp\" class=\"entry-image size-landscape-sm\" alt=\"Homem sentado diante de um computador, apontando para a tela; monitor exibe v\u00e1rias imagens de rostos, em escrit\u00f3rio.\" srcset=\"https:\/\/neuronup.com\/br\/wp-content\/uploads\/2024\/12\/Usuario-de-Ateneu-Maestrat-trabajando-con-NeuronUP-24x24.webp 24w, https:\/\/neuronup.com\/br\/wp-content\/uploads\/2024\/12\/Usuario-de-Ateneu-Maestrat-trabajando-con-NeuronUP-48x48.webp 48w, https:\/\/neuronup.com\/br\/wp-content\/uploads\/2024\/12\/Usuario-de-Ateneu-Maestrat-trabajando-con-NeuronUP-96x96.webp 96w, https:\/\/neuronup.com\/br\/wp-content\/uploads\/2024\/12\/Usuario-de-Ateneu-Maestrat-trabajando-con-NeuronUP-150x150.webp 150w, https:\/\/neuronup.com\/br\/wp-content\/uploads\/2024\/12\/Usuario-de-Ateneu-Maestrat-trabajando-con-NeuronUP-300x300.webp 300w, https:\/\/neuronup.com\/br\/wp-content\/uploads\/2024\/12\/Usuario-de-Ateneu-Maestrat-trabajando-con-NeuronUP-768x769.webp 768w, https:\/\/neuronup.com\/br\/wp-content\/uploads\/2024\/12\/Usuario-de-Ateneu-Maestrat-trabajando-con-NeuronUP-1022x1024.webp 1022w, https:\/\/neuronup.com\/br\/wp-content\/uploads\/2024\/12\/Usuario-de-Ateneu-Maestrat-trabajando-con-NeuronUP.webp 1200w\" sizes=\"(max-width:599px) 599px, (min-width:600px) and (max-width: 799px) 799px, (min-width:800px) and (max-width: 999px) 333px, (min-width:1000px) 400px\" \/><\/a><div class=\"entry-wrap entry-wrap-grid\"><h3 class=\"entry-title\" itemprop=\"headline\"><a class=\"entry-title-link\" href=\"https:\/\/neuronup.com\/br\/noticias-de-estimulacao-cognitiva\/depoimentos\/reabilitacao-cognitiva-com-neuronup-no-ateneu-maestrat\/\" rel=\"bookmark\">Reabilita\u00e7\u00e3o cognitiva com NeuronUP no Ateneu Maestrat<\/a><\/h3>\n<\/div><\/article><article class=\"entry entry-grid is-column has-entry-link has-image has-image-first type-post category-depoimentos tag-testemunhos\" style=\"--entry-index:2;\" aria-label=\"Superar os desafios cognitivos: a abordagem \u00fanica da BIQAF Psychology\" itemscope itemtype=\"https:\/\/schema.org\/CreativeWork\"><a class=\"entry-image-link\" href=\"https:\/\/neuronup.com\/br\/noticias-de-estimulacao-cognitiva\/depoimentos\/superar-os-retos-cognitivos-o-enfoque-unico-de-biqaf-psychology\/\" tabindex=\"-1\" aria-hidden=\"true\"><img decoding=\"async\" width=\"400\" height=\"300\" src=\"https:\/\/neuronup.com\/br\/wp-content\/uploads\/2024\/11\/BIQAF-usuario.webp\" class=\"entry-image size-landscape-sm\" alt=\"Pessoa sentada em cadeira, fones de ouvido, diante de laptop e tela com gr\u00e1ficos; ambiente claro e tranquilo.\" srcset=\"https:\/\/neuronup.com\/br\/wp-content\/uploads\/2024\/11\/BIQAF-usuario-300x225.webp 300w, https:\/\/neuronup.com\/br\/wp-content\/uploads\/2024\/11\/BIQAF-usuario-768x576.webp 768w, https:\/\/neuronup.com\/br\/wp-content\/uploads\/2024\/11\/BIQAF-usuario-1024x768.webp 1024w, https:\/\/neuronup.com\/br\/wp-content\/uploads\/2024\/11\/BIQAF-usuario.webp 1200w\" sizes=\"(max-width:599px) 599px, (min-width:600px) and (max-width: 799px) 799px, (min-width:800px) and (max-width: 999px) 333px, (min-width:1000px) 400px\" \/><\/a><div class=\"entry-wrap entry-wrap-grid\"><h3 class=\"entry-title\" itemprop=\"headline\"><a class=\"entry-title-link\" href=\"https:\/\/neuronup.com\/br\/noticias-de-estimulacao-cognitiva\/depoimentos\/superar-os-retos-cognitivos-o-enfoque-unico-de-biqaf-psychology\/\" rel=\"bookmark\">Superar os desafios cognitivos: a abordagem \u00fanica da BIQAF Psychology<\/a><\/h3>\n<\/div><\/article><article class=\"entry entry-grid is-column has-entry-link has-image has-image-first type-post category-doencas-raras tag-doencas-raras\" style=\"--entry-index:3;\" aria-label=\"Compreendendo a S\u00edndrome de Gerstmann\" itemscope itemtype=\"https:\/\/schema.org\/CreativeWork\"><a class=\"entry-image-link\" href=\"https:\/\/neuronup.com\/br\/noticias-de-estimulacao-cognitiva\/doencas-raras\/compreendendo-o-sindrome-de-gerstmann\/\" tabindex=\"-1\" aria-hidden=\"true\"><img decoding=\"async\" width=\"400\" height=\"267\" src=\"https:\/\/neuronup.com\/br\/wp-content\/uploads\/2024\/11\/Comprendiendo-el-Sindrome-de-Gerstmann-NeuronUP.webp\" class=\"entry-image size-landscape-sm\" alt=\"Mulher sentada em cadeira, cabelos longos escuros, camisa azul; express\u00e3o s\u00e9ria e pensativa com a m\u00e3o no queixo, fundo neutro.\" srcset=\"https:\/\/neuronup.com\/br\/wp-content\/uploads\/2024\/11\/Comprendiendo-el-Sindrome-de-Gerstmann-NeuronUP-300x200.webp 300w, https:\/\/neuronup.com\/br\/wp-content\/uploads\/2024\/11\/Comprendiendo-el-Sindrome-de-Gerstmann-NeuronUP-768x512.webp 768w, https:\/\/neuronup.com\/br\/wp-content\/uploads\/2024\/11\/Comprendiendo-el-Sindrome-de-Gerstmann-NeuronUP-1024x683.webp 1024w, https:\/\/neuronup.com\/br\/wp-content\/uploads\/2024\/11\/Comprendiendo-el-Sindrome-de-Gerstmann-NeuronUP.webp 1200w\" sizes=\"(max-width:599px) 599px, (min-width:600px) and (max-width: 799px) 799px, (min-width:800px) and (max-width: 999px) 333px, (min-width:1000px) 400px\" \/><\/a><div class=\"entry-wrap entry-wrap-grid\"><h3 class=\"entry-title\" itemprop=\"headline\"><a class=\"entry-title-link\" href=\"https:\/\/neuronup.com\/br\/noticias-de-estimulacao-cognitiva\/doencas-raras\/compreendendo-o-sindrome-de-gerstmann\/\" rel=\"bookmark\">Compreendendo a S\u00edndrome de Gerstmann<\/a><\/h3>\n<\/div><\/article><article class=\"entry entry-grid is-column has-entry-link has-image has-image-first type-post category-linhas-de-investigacao tag-noticias-da-neuronup tag-pesquisa\" style=\"--entry-index:4;\" aria-label=\"A doen\u00e7a de Alzheimer como construto cl\u00ednico-biol\u00f3gico: recomenda\u00e7\u00e3o de um grupo de trabalho internacional\" itemscope itemtype=\"https:\/\/schema.org\/CreativeWork\"><a class=\"entry-image-link\" href=\"https:\/\/neuronup.com\/br\/investigacao\/linhas-de-investigacao\/a-doenca-de-alzheimer-como-construto-clinico-biologico-recomendacao-de-um-grupo-de-trabalho-internacional\/\" tabindex=\"-1\" aria-hidden=\"true\"><img decoding=\"async\" width=\"400\" height=\"225\" src=\"https:\/\/neuronup.com\/br\/wp-content\/uploads\/2024\/11\/La-enfermedad-de-alzheimer-como-constructo-clinico-biologico-recomendacion-de-un-grupo-de-trabajo-internacional-NeuronUP.webp\" class=\"entry-image size-landscape-sm\" alt=\"Homem idoso de cabelo branco concentra-se em montar um quebra-cabe\u00e7a, com outra pessoa oferecendo apoio no ombro, em ambiente claro.\" srcset=\"https:\/\/neuronup.com\/br\/wp-content\/uploads\/2024\/11\/La-enfermedad-de-alzheimer-como-constructo-clinico-biologico-recomendacion-de-un-grupo-de-trabajo-internacional-NeuronUP-300x169.webp 300w, https:\/\/neuronup.com\/br\/wp-content\/uploads\/2024\/11\/La-enfermedad-de-alzheimer-como-constructo-clinico-biologico-recomendacion-de-un-grupo-de-trabajo-internacional-NeuronUP-768x432.webp 768w, https:\/\/neuronup.com\/br\/wp-content\/uploads\/2024\/11\/La-enfermedad-de-alzheimer-como-constructo-clinico-biologico-recomendacion-de-un-grupo-de-trabajo-internacional-NeuronUP-1024x576.webp 1024w, https:\/\/neuronup.com\/br\/wp-content\/uploads\/2024\/11\/La-enfermedad-de-alzheimer-como-constructo-clinico-biologico-recomendacion-de-un-grupo-de-trabajo-internacional-NeuronUP.webp 1200w\" sizes=\"(max-width:599px) 599px, (min-width:600px) and (max-width: 799px) 799px, (min-width:800px) and (max-width: 999px) 333px, (min-width:1000px) 400px\" \/><\/a><div class=\"entry-wrap entry-wrap-grid\"><h3 class=\"entry-title\" itemprop=\"headline\"><a class=\"entry-title-link\" href=\"https:\/\/neuronup.com\/br\/investigacao\/linhas-de-investigacao\/a-doenca-de-alzheimer-como-construto-clinico-biologico-recomendacao-de-um-grupo-de-trabalho-internacional\/\" rel=\"bookmark\">A doen\u00e7a de Alzheimer como construto cl\u00ednico-biol\u00f3gico: recomenda\u00e7\u00e3o de um grupo de trabalho internacional<\/a><\/h3>\n<\/div><\/article><article class=\"entry entry-grid is-column has-entry-link has-image has-image-first type-post category-atividades-para-transtornos-do-desenvolvimento tag-atividades-de-estimulacao-cognitiva tag-atividades-de-estimulacao-cognitiva-para-criancas tag-criancas tag-dislexia tag-estimulacao-cognitiva tag-transtornos-do-neurodesenvolvimento\" style=\"--entry-index:5;\" aria-label=\"Atividades para pessoas com dislexia\" itemscope itemtype=\"https:\/\/schema.org\/CreativeWork\"><a class=\"entry-image-link\" href=\"https:\/\/neuronup.com\/br\/atividades-de-neurorreabilitacao\/atividades-para-transtornos-do-desenvolvimento\/atividades-para-pessoas-com-dislexia\/\" tabindex=\"-1\" aria-hidden=\"true\"><img decoding=\"async\" width=\"400\" height=\"225\" src=\"https:\/\/neuronup.com\/br\/wp-content\/uploads\/2024\/10\/Detective-de-letras-NeuronUP.webp\" class=\"entry-image size-landscape-sm\" alt=\"Interface educativa do NeuronUP com fogueira; palavra &#039;fuego&#039; tem a letra &#039;e&#039; destacada em verde.\" srcset=\"https:\/\/neuronup.com\/br\/wp-content\/uploads\/2024\/10\/Detective-de-letras-NeuronUP-300x169.webp 300w, https:\/\/neuronup.com\/br\/wp-content\/uploads\/2024\/10\/Detective-de-letras-NeuronUP-768x432.webp 768w, https:\/\/neuronup.com\/br\/wp-content\/uploads\/2024\/10\/Detective-de-letras-NeuronUP-1024x576.webp 1024w, https:\/\/neuronup.com\/br\/wp-content\/uploads\/2024\/10\/Detective-de-letras-NeuronUP.webp 1200w\" sizes=\"(max-width:599px) 599px, (min-width:600px) and (max-width: 799px) 799px, (min-width:800px) and (max-width: 999px) 333px, (min-width:1000px) 400px\" \/><\/a><div class=\"entry-wrap entry-wrap-grid\"><h3 class=\"entry-title\" itemprop=\"headline\"><a class=\"entry-title-link\" href=\"https:\/\/neuronup.com\/br\/atividades-de-neurorreabilitacao\/atividades-para-transtornos-do-desenvolvimento\/atividades-para-pessoas-com-dislexia\/\" rel=\"bookmark\">Atividades para pessoas com dislexia<\/a><\/h3>\n<\/div><\/article><article class=\"entry entry-grid is-column has-entry-link has-image has-image-first type-post category-doenca-mental tag-esquizofrenia tag-saude-mental\" style=\"--entry-index:6;\" aria-label=\"Tend\u00eancias atuais no tratamento de doen\u00e7as mentais\" itemscope itemtype=\"https:\/\/schema.org\/CreativeWork\"><a class=\"entry-image-link\" href=\"https:\/\/neuronup.com\/br\/noticias-de-estimulacao-cognitiva\/doenca-mental\/tendencias-atuais-no-tratamento-de-doencas-mentais\/\" tabindex=\"-1\" aria-hidden=\"true\"><img decoding=\"async\" width=\"400\" height=\"257\" src=\"https:\/\/neuronup.com\/br\/wp-content\/uploads\/2024\/12\/Tendencias-actuales-en-el-tratamiento-de-enfermedades-mentales-NeuronUP.webp\" class=\"entry-image size-landscape-sm\" alt=\"Homem de cabelo castanho ondulado cobre o rosto com as m\u00e3os, express\u00e3o introspectiva, fundo cinza s\u00f3lido.\" srcset=\"https:\/\/neuronup.com\/br\/wp-content\/uploads\/2024\/12\/Tendencias-actuales-en-el-tratamiento-de-enfermedades-mentales-NeuronUP-300x193.webp 300w, https:\/\/neuronup.com\/br\/wp-content\/uploads\/2024\/12\/Tendencias-actuales-en-el-tratamiento-de-enfermedades-mentales-NeuronUP-768x493.webp 768w, https:\/\/neuronup.com\/br\/wp-content\/uploads\/2024\/12\/Tendencias-actuales-en-el-tratamiento-de-enfermedades-mentales-NeuronUP-1024x657.webp 1024w, https:\/\/neuronup.com\/br\/wp-content\/uploads\/2024\/12\/Tendencias-actuales-en-el-tratamiento-de-enfermedades-mentales-NeuronUP.webp 1200w\" sizes=\"(max-width:599px) 599px, (min-width:600px) and (max-width: 799px) 799px, (min-width:800px) and (max-width: 999px) 333px, (min-width:1000px) 400px\" \/><\/a><div class=\"entry-wrap entry-wrap-grid\"><h3 class=\"entry-title\" itemprop=\"headline\"><a class=\"entry-title-link\" href=\"https:\/\/neuronup.com\/br\/noticias-de-estimulacao-cognitiva\/doenca-mental\/tendencias-atuais-no-tratamento-de-doencas-mentais\/\" rel=\"bookmark\">Tend\u00eancias atuais no tratamento de doen\u00e7as mentais<\/a><\/h3>\n<\/div><\/article><\/div><\/div>","protected":false},"excerpt":{"rendered":"<p>Ana Priscila Santiago Albarran, psic\u00f3loga do CITPA, apresenta uma abordagem de interven\u00e7\u00e3o cognitiva com adolescentes com transtorno de d\u00e9ficit de aten\u00e7\u00e3o e hiperatividade. Trabalhar com adolescentes com transtornos do neurodesenvolvimento, como o TDAH, pode ser um desafio. Al\u00e9m das caracter\u00edsticas de inconst\u00e2ncia que ocorrem nessa fase do desenvolvimento, h\u00e1 tamb\u00e9m os sintomas pr\u00f3prios do transtorno &hellip;<\/p>\n","protected":false},"author":89,"featured_media":33978,"comment_status":"open","ping_status":"open","sticky":false,"template":"","format":"standard","meta":{"_acf_changed":false,"_genesis_hide_title":false,"_genesis_hide_breadcrumbs":false,"_genesis_hide_singular_image":false,"_genesis_hide_footer_widgets":false,"_genesis_custom_body_class":"","_genesis_custom_post_class":"","_genesis_layout":"","footnotes":""},"categories":[607],"tags":[569,570,614,601],"class_list":{"2":"type-post","7":"category-tdah-transtorno-deficit-atencao-hiperatividade","8":"tag-criancas","9":"tag-depoimentos","10":"tag-disturbios-do-desenvolvimento-neurologico","11":"tag-tdah","12":"entry"},"acf":[],"_links":{"self":[{"href":"https:\/\/neuronup.com\/br\/wp-json\/wp\/v2\/posts\/6063","targetHints":{"allow":["GET"]}}],"collection":[{"href":"https:\/\/neuronup.com\/br\/wp-json\/wp\/v2\/posts"}],"about":[{"href":"https:\/\/neuronup.com\/br\/wp-json\/wp\/v2\/types\/post"}],"author":[{"embeddable":true,"href":"https:\/\/neuronup.com\/br\/wp-json\/wp\/v2\/users\/89"}],"replies":[{"embeddable":true,"href":"https:\/\/neuronup.com\/br\/wp-json\/wp\/v2\/comments?post=6063"}],"version-history":[{"count":0,"href":"https:\/\/neuronup.com\/br\/wp-json\/wp\/v2\/posts\/6063\/revisions"}],"wp:featuredmedia":[{"embeddable":true,"href":"https:\/\/neuronup.com\/br\/wp-json\/wp\/v2\/media\/33978"}],"wp:attachment":[{"href":"https:\/\/neuronup.com\/br\/wp-json\/wp\/v2\/media?parent=6063"}],"wp:term":[{"taxonomy":"category","embeddable":true,"href":"https:\/\/neuronup.com\/br\/wp-json\/wp\/v2\/categories?post=6063"},{"taxonomy":"post_tag","embeddable":true,"href":"https:\/\/neuronup.com\/br\/wp-json\/wp\/v2\/tags?post=6063"}],"curies":[{"name":"wp","href":"https:\/\/api.w.org\/{rel}","templated":true}]}}