{"id":5965,"date":"2024-02-07T09:32:20","date_gmt":"2024-02-07T08:32:20","guid":{"rendered":"https:\/\/neuronup.com\/br\/?p=5965"},"modified":"2026-01-26T18:15:49","modified_gmt":"2026-01-26T16:15:49","slug":"teste-de-raven-o-que-e-e-como-interpretar-o-teste-das-matrizes-progressivas-de-raven","status":"publish","type":"post","link":"https:\/\/neuronup.com\/br\/neurociencia\/neuropsicologia\/testes-neuropsicologicos\/teste-de-raven-o-que-e-e-como-interpretar-o-teste-das-matrizes-progressivas-de-raven\/","title":{"rendered":"Teste de Raven: O que \u00e9 e como interpretar o Teste das Matrizes Progressivas de Raven"},"content":{"rendered":"\n<p class=\"has-xl-font-size\">Neste artigo, a neuropsic\u00f3loga cl\u00ednica e diretora do Espai Neurol\u00f2gic, Anna Curto, explica <strong>em que consiste o teste de Raven <\/strong>e como interpretar os resultados do teste de matriz progressiva de Raven.<\/p>\n\n\n\n<h2 class=\"wp-block-heading\">O que \u00e9 o teste Raven e o que ele mede?<\/h2>\n\n\n\n<p>Se voc\u00ea est\u00e1 se perguntando o que \u00e9 o teste de Raven e <strong>para que ele \u00e9 usado<\/strong>, o teste de Raven \u00e9 um teste psicom\u00e9trico que <strong>consiste em completar as matrizes apresentadas escolhendo entre as v\u00e1rias op\u00e7\u00f5es dispon\u00edveis<\/strong>.<\/p>\n\n\n\n<p>Com essa tarefa aparentemente simples, a <strong>capacidade educacional <\/strong>do participante \u00e9 avaliada e \u00e9 poss\u00edvel obter uma pontua\u00e7\u00e3o para a capacidade do indiv\u00edduo de raciocinar e resolver problemas complexos.<\/p>\n\n\n<div class=\"wp-block-image image-interface\">\n<figure class=\"aligncenter size-full\"><img decoding=\"async\" width=\"678\" height=\"339\" src=\"https:\/\/neuronup.com\/br\/wp-content\/uploads\/2024\/12\/exemplo-de-matriz-de-raven.webp\" alt=\"Grade Raven 3x3 estilo Raven: 1\u00aa coluna quadrado sem padr\u00e3o, hex\u00e1gono; 2\u00aa quadrado listrado, estrela; 3\u00aa estrela, hex\u00e1gono com padr\u00e3o; interroga\u00e7\u00e3o e op\u00e7\u00f5es A\u2013C.\" class=\"wp-image-33385\" srcset=\"https:\/\/neuronup.com\/br\/wp-content\/uploads\/2024\/12\/exemplo-de-matriz-de-raven-300x150.webp 300w, https:\/\/neuronup.com\/br\/wp-content\/uploads\/2024\/12\/exemplo-de-matriz-de-raven.webp 678w\" sizes=\"(max-width: 678px) 100vw, 678px\" \/><figcaption class=\"wp-element-caption\">Exemplo semelhante ao teste de Raven, em que o participante do teste deve identificar qual figura est\u00e1 faltando.<\/figcaption><\/figure>\n<\/div>\n\n\n<h3 class=\"wp-block-heading\">Origem do teste<\/h3>\n\n\n\n<p>Esse teste passou por v\u00e1rios nomes e vers\u00f5es, sendo que a primeira delas data de 1938 e foi publicada com o nome de <em><strong>Raven&#8217;s Standard Progressive Matrices<\/strong><\/em> (Matrizes Progressivas Padr\u00e3o de Raven). A ideia n\u00e3o mudou em suas diferentes vers\u00f5es, mas <strong>foi revisada e adaptada a diferentes popula\u00e7\u00f5es<\/strong>. A \u00faltima vers\u00e3o publicada \u00e9 a Raven&#8217;s 2 e data de 2019.<\/p>\n\n\n\n<p>As <strong>matrizes de Raven<\/strong> foram projetadas para <strong>avaliar o &#8220;fator G&#8221; da intelig\u00eancia<\/strong>, que \u00e9 estimado como a capacidade de resolver problemas complexos por meio do <strong>racioc\u00ednio intelectual e sem a interfer\u00eancia da linguagem<\/strong> e, portanto, <strong>sem a influ\u00eancia do n\u00edvel educacional e cultural<\/strong> anterior da pessoa.<\/p>\n\n\n\n<h3 class=\"wp-block-heading\">Em que consiste o teste Raven?<\/h3>\n\n\n\n<p>Em que consiste o teste de Raven? Conforme especificado no manual do Raven&#8217;s 2 em sua vers\u00e3o mais recente, o teste consiste em uma s\u00e9rie de <strong>formas geom\u00e9tricas universais e identific\u00e1veis<\/strong>, independentemente do n\u00edvel educacional. A tarefa verbal \u00e9 \u00fanica e n\u00e3o exige nenhum tipo de habilidade de escrita ou fala para a realiza\u00e7\u00e3o correta do teste, pois consiste simplesmente em completar a matriz apresentada com um dos elementos ou padr\u00f5es mostrados entre as diferentes respostas dispon\u00edveis.<\/p>\n\n\n\n<h4 class=\"wp-block-heading\">Teste de Raven: idades<\/h4>\n\n\n\n<p>Al\u00e9m disso, a faixa et\u00e1ria em que ele pode ser aplicado \u00e9 muito ampla, de <strong>4 anos a 69 anos e 11 meses<\/strong>.<\/p>\n\n\n\n<p>Esse teste mede o que <strong>Spearman <\/strong>(1927) chamou de <strong>aptid\u00e3o educativa<\/strong>. A atividade mental educativa exige que se d\u00ea sentido \u00e0 desordem, que se procure o que n\u00e3o \u00e9 \u00f3bvio e que se busque novas percep\u00e7\u00f5es. Em resumo, seria o equivalente a analisar o padr\u00e3o de rela\u00e7\u00f5es dos est\u00edmulos apresentados, procurando mudan\u00e7as ou rela\u00e7\u00f5es entre eles e, a partir da\u00ed, considerar qual seria a resposta correta dentre as apresentadas.<\/p>\n\n\n\n<p>Essas tarefas s\u00e3o apresentadas em uma <strong>dificuldade progressiva<\/strong>, o que permite que o candidato treine o modo de resolv\u00ea-las.<\/p>\n\n\n\n<h2 class=\"wp-block-heading\">Como aplicar o teste de Raven? Principais usos<\/h2>\n\n\n\n<p>A pontua\u00e7\u00e3o obtida no teste Raven <strong>n\u00e3o pode ser interpretada como um valor da intelig\u00eancia global do indiv\u00edduo<\/strong>, pois avalia apenas dom\u00ednios espec\u00edficos do funcionamento cognitivo.<\/p>\n\n\n\n<p>Esses dom\u00ednios est\u00e3o intimamente relacionados \u00e0s <a href=\"https:\/\/neuronup.com\/br\/areas-de-intervencao\/funcoes-cognitivas\/funcoes-executivas\/\">fun\u00e7\u00f5es executivas<\/a> (racioc\u00ednio, planejamento, flexibilidade cognitiva, tomada de decis\u00f5es, abstra\u00e7\u00e3o\u2026), e n\u00e3o \u00e9 recomend\u00e1vel administr\u00e1-la a pessoas nas quais esses dom\u00ednios sejam pontos fortes ou fracos, devido ao vi\u00e9s nos resultados que podem ser obtidos.<\/p>\n\n\n\n<p><strong>Pode ser administrado individualmente ou em grupos<\/strong>, o que o torna vers\u00e1til e \u00fatil para <strong>avaliar a capacidade educacional <\/strong>em grupos (pesquisa cient\u00edfica, centros educacionais, processos de sele\u00e7\u00e3o de pessoal, etc.), bem como em avalia\u00e7\u00f5es individuais, como centros de avalia\u00e7\u00e3o cognitiva e\/ou psicol\u00f3gica.<\/p>\n\n\n\n<h3 class=\"wp-block-heading\">Pr\u00e1tica cl\u00ednica<\/h3>\n\n\n\n<p>Na pr\u00e1tica cl\u00ednica, quando se pretende avaliar a intelig\u00eancia global de um indiv\u00edduo, \u00e9 mais adequado usar outras baterias de avalia\u00e7\u00e3o de intelig\u00eancia, como as de <strong>Weschler <\/strong>(WPPSI, WISC ou WAIS) em suas diferentes vers\u00f5es, pois elas fornecem uma aproxima\u00e7\u00e3o mais global da cogni\u00e7\u00e3o.<\/p>\n\n\n\n<p>Especificamente, os testes de intelig\u00eancia de Wechler incluem um subteste no dom\u00ednio do racioc\u00ednio perceptual ou racioc\u00ednio fluido que se baseia precisamente nas <strong>matrizes progressivas de Raven<\/strong>. Isso se deve ao fato de a habilidade educacional avaliada pelo teste de Raven ser muito semelhante ao que \u00e9 conhecido como <strong>intelig\u00eancia fluida<\/strong>, que \u00e9 definida como a <strong>capacidade de resolver problemas<\/strong>, raciocinar e pensar com flexibilidade.<\/p>\n\n\n\n<h4 class=\"wp-block-heading\">Pacientes que sofreram uma les\u00e3o cerebral adquirida com comprometimento da linguagem<\/h4>\n\n\n\n<p>Por outro lado, as Matrizes de Raven s\u00e3o muito \u00fateis para avaliar as capacidades dos pacientes que n\u00e3o podem usar a linguagem, seja por causa de um dist\u00farbio, uma les\u00e3o ou simplesmente porque n\u00e3o a conhecem. Esse fato facilita, por exemplo, a estimativa da capacidade educacional em pacientes com <a href=\"https:\/\/neuronup.com\/br\/neurorreabilitacao\/lesao-cerebral-adquirida\/\" data-type=\"link\" data-id=\"https:\/\/neuronup.com\/br\/neurorreabilitacao\/lesao-cerebral-adquirida\/\">les\u00e3o cerebral adquirida<\/a> que perderam o uso da linguagem, a fim de determinar, por exemplo, seu <strong>n\u00edvel cognitivo pr\u00e9-m\u00f3rbido<\/strong> e, assim, poder formular objetivos de estimula\u00e7\u00e3o e\/ou reabilita\u00e7\u00e3o mais realistas.<\/p>\n\n\n\n<p>Tamb\u00e9m \u00e9 f\u00e1cil de aplicar a pessoas com um <a href=\"https:\/\/neuronup.com\/br\/tag\/transtorno-de-linguagem\/\">transtorno de linguagem<\/a>, como o TDL, ou outros, como <strong>mutismo seletivo<\/strong> ou <strong>estrangeiros <\/strong>que n\u00e3o conhecem ou dominam o idioma.<\/p>\n\n\n\n<div style=\"height:50px\" aria-hidden=\"true\" class=\"wp-block-spacer\"><\/div>\n\n\n\n<div class=\"wp-block-group br-0111 has-primary-background-color has-background has-dark-background has-sm-padding-top has-sm-padding-left has-sm-padding-right has-xxl-margin-top\"><div class=\"wp-block-group__inner-container is-layout-constrained wp-block-group-is-layout-constrained\">\n<div class=\"wp-block-columns is-layout-flex wp-container-core-columns-is-layout-9d6595d7 wp-block-columns-is-layout-flex\">\n<div class=\"wp-block-column is-layout-flow wp-block-column-is-layout-flow\">\n<figure class=\"wp-block-image size-full desktop-position-absolute desktop-bottom-0 mobile-width-50 mobile-m-inline-auto has-xl-margin-top\"><img decoding=\"async\" width=\"292\" height=\"338\" src=\"https:\/\/neuronup.com\/br\/wp-content\/uploads\/2024\/10\/certificado-de-produto.webp\" alt=\"\" class=\"wp-image-31568\" srcset=\"https:\/\/neuronup.com\/br\/wp-content\/uploads\/2024\/10\/certificado-de-produto-259x300.webp 259w, https:\/\/neuronup.com\/br\/wp-content\/uploads\/2024\/10\/certificado-de-produto.webp 292w\" sizes=\"(max-width: 292px) 100vw, 292px\" \/><\/figure>\n<\/div>\n\n\n\n<div class=\"wp-block-column is-layout-flow wp-block-column-is-layout-flow\">\n<h2 class=\"wp-block-heading has-white-color has-text-color\"><strong>Inscreva-se<\/strong> <br>na nossa <br>Newsletter<\/h2>\n\n\n\n<div class=\"wp-block-buttons is-layout-flex wp-block-buttons-is-layout-flex\">\n<div class=\"wp-block-button--1\" style=\"--button-outline-color:var(--color-white);--button-outline-color-hover:rgba(0,0,0,0.8);\"><a class=\"wp-block-button__link button button-outline   wp-element-button\" href=\"https:\/\/neuronup.com\/br\/newsletter\/\">Inscreva-se<\/a><\/div>\n\n<\/div>\n\n\n\n<div style=\"height:40px\" aria-hidden=\"true\" class=\"wp-block-spacer\"><\/div>\n<\/div>\n<\/div>\n<\/div><\/div>\n\n\n\n\n<div style=\"height:50px\" aria-hidden=\"true\" class=\"wp-block-spacer\"><\/div>\n\n\n\n<h2 class=\"wp-block-heading\">Como interpretar o teste de Raven? Interpreta\u00e7\u00e3o dos resultados do teste de Raven<\/h2>\n\n\n\n<p>Os resultados obtidos no teste de matriz progressiva de Raven devem ser<strong> interpretados levando-se em conta o hist\u00f3rico m\u00e9dico, pessoal<\/strong>, ocupacional e emocional do paciente, bem como seu grau de motiva\u00e7\u00e3o e esfor\u00e7o durante a aplica\u00e7\u00e3o do teste.<\/p>\n\n\n\n<p>As pontua\u00e7\u00f5es diretas s\u00e3o as respostas corretas obtidas diretamente no teste e, por fim, s\u00e3o transformadas em pontua\u00e7\u00f5es t\u00edpicas que nos permitem classificar qualitativamente a capacidade educacional do sujeito.<\/p>\n\n\n\n<figure class=\"wp-block-table aligncenter\"><table><tbody><tr><td><strong>Pontua\u00e7\u00e3o t\u00edpica<\/strong><\/td><td><strong>Classifica\u00e7\u00e3o qualitativa<\/strong><\/td><\/tr><tr><td>\u2265 130<\/td><td>Muito alto<\/td><\/tr><tr><td>120-129<\/td><td>Alto<\/td><\/tr><tr><td>110-119<\/td><td>M\u00e9dio-alto<\/td><\/tr><tr><td>90-109<\/td><td>M\u00e9dio<\/td><\/tr><tr><td>80-89<\/td><td>M\u00e9dio-baixo<\/td><\/tr><tr><td>70-79<\/td><td>Baixo<\/td><\/tr><tr><td>\u2264 69<\/td><td>Muito baixo<\/td><\/tr><\/tbody><\/table><figcaption class=\"wp-element-caption\">Resultados do teste de Raven: percentil 95 do teste de Raven, percentil 90, percentil 75, etc.<\/figcaption><\/figure>\n\n\n\n<p>Al\u00e9m disso, h\u00e1 tamb\u00e9m a possibilidade de <strong>verificar a equival\u00eancia de idade<\/strong>, que mostra a idade m\u00e9dia, em anos e meses, na qual uma determinada pontua\u00e7\u00e3o de aptid\u00e3o \u00e9 obtida com mais frequ\u00eancia. Isso facilita a interpreta\u00e7\u00e3o e a compreens\u00e3o das pontua\u00e7\u00f5es e equival\u00eancias para aqueles que n\u00e3o t\u00eam um conhecimento geral dos conceitos psicom\u00e9tricos.<\/p>\n\n\n\n<h3 class=\"wp-block-heading\">Conclus\u00e3o<\/h3>\n\n\n\n<p>O teste de Raven, tamb\u00e9m conhecido como teste de matriz progressiva de Raven, \u00e9 um teste psicom\u00e9trico com um longo hist\u00f3rico na hist\u00f3ria da psicologia, capaz de estimar a capacidade educacional ou educativa do sujeito que o responde.<\/p>\n\n\n\n<p>Ele usa formas geom\u00e9tricas b\u00e1sicas e universais, compreens\u00edveis para todas as idades e culturas. Ele se baseia principalmente em <strong>habilidades de racioc\u00ednio intelectual<\/strong>, dando sentido \u00e0 desordem e <strong>sem <\/strong>interfer\u00eancia do idioma e\/ou da cultura.<\/p>\n\n\n\n<p>\u00c9 um<strong> teste muito vers\u00e1til<\/strong>, tanto em termos de sua aplica\u00e7\u00e3o, que pode ser em <strong>grupo <\/strong>ou <strong>individual<\/strong>, quanto em <strong>rela\u00e7\u00e3o \u00e0 faixa et\u00e1ria<\/strong> que pode avaliar, de <strong>4 anos a 69 anos e 11 meses<\/strong>.<\/p>\n\n\n\n<div style=\"height:50px\" aria-hidden=\"true\" class=\"wp-block-spacer\"><\/div>\n\n\n<div class=\"wp-block-image image-interface\">\n<figure class=\"aligncenter size-full is-resized\"><img decoding=\"async\" width=\"975\" height=\"1400\" src=\"https:\/\/neuronup.com\/br\/wp-content\/uploads\/2024\/02\/Teste-de-Raven-Infografico-do-artigo.webp\" alt=\"Infogr\u00e1fico do Teste de Raven com se\u00e7\u00f5es O que \u00e9, Origem, Estrutura, Interpreta\u00e7\u00e3o e N\u00edveis de capacidade, com \u00edcones simples e paleta suave.\" class=\"wp-image-41394\" style=\"width:700px\" srcset=\"https:\/\/neuronup.com\/br\/wp-content\/uploads\/2024\/02\/Teste-de-Raven-Infografico-do-artigo-209x300.webp 209w, https:\/\/neuronup.com\/br\/wp-content\/uploads\/2024\/02\/Teste-de-Raven-Infografico-do-artigo-713x1024.webp 713w, https:\/\/neuronup.com\/br\/wp-content\/uploads\/2024\/02\/Teste-de-Raven-Infografico-do-artigo-768x1103.webp 768w, https:\/\/neuronup.com\/br\/wp-content\/uploads\/2024\/02\/Teste-de-Raven-Infografico-do-artigo.webp 975w\" sizes=\"(max-width: 975px) 100vw, 975px\" \/><figcaption class=\"wp-element-caption\">Infogr\u00e1fico sobre Teste de Raven &#8211; <em>Gu\u00eda r\u00e1pida para enteder e interpretar as matrices progressivas.<\/em><\/figcaption><\/figure>\n<\/div>\n\n\n<div style=\"height:50px\" aria-hidden=\"true\" class=\"wp-block-spacer\"><\/div>\n\n\n\n<h2 class=\"wp-block-heading\">Refer\u00eancias<\/h2>\n\n\n\n<ul class=\"wp-block-list has-sm-font-size\">\n<li>Pearson (2019). Manual de Raven\u2019s 2, matrices progresivas.<\/li>\n<\/ul>\n\n\n\n<h3 class=\"wp-block-heading\">Se voc\u00ea gostou deste artigo sobre o teste de Raven, talvez tamb\u00e9m se interesse por estas publica\u00e7\u00f5es do blog:<\/h3>\n\n\n<div class=\"mai-grid entries entries-grid has-boxed has-image-full\" style=\"--entry-title-font-size:var(--font-size-lg);--align-text:start;--entry-meta-text-align:start;\"><div class=\"entries-wrap has-columns\" style=\"--columns-xs:1\/1;--columns-sm:1\/1;--columns-md:1\/3;--columns-lg:1\/3;--flex-xs:0 0 var(--flex-basis);--flex-sm:0 0 var(--flex-basis);--flex-md:0 0 var(--flex-basis);--flex-lg:0 0 var(--flex-basis);--column-gap:var(--spacing-lg);--row-gap:var(--spacing-lg);--align-columns:start;\"><article class=\"entry entry-grid is-column has-entry-link has-image has-image-first type-post category-depoimentos tag-testemunhos\" style=\"--entry-index:1;\" aria-label=\"Superar os desafios cognitivos: a abordagem \u00fanica da BIQAF Psychology\" itemscope itemtype=\"https:\/\/schema.org\/CreativeWork\"><a class=\"entry-image-link\" href=\"https:\/\/neuronup.com\/br\/noticias-de-estimulacao-cognitiva\/depoimentos\/superar-os-retos-cognitivos-o-enfoque-unico-de-biqaf-psychology\/\" tabindex=\"-1\" aria-hidden=\"true\"><img decoding=\"async\" width=\"400\" height=\"300\" src=\"https:\/\/neuronup.com\/br\/wp-content\/uploads\/2024\/11\/BIQAF-usuario.webp\" class=\"entry-image size-landscape-sm\" alt=\"Pessoa sentada em cadeira, fones de ouvido, diante de laptop e tela com gr\u00e1ficos; ambiente claro e tranquilo.\" srcset=\"https:\/\/neuronup.com\/br\/wp-content\/uploads\/2024\/11\/BIQAF-usuario-300x225.webp 300w, https:\/\/neuronup.com\/br\/wp-content\/uploads\/2024\/11\/BIQAF-usuario-768x576.webp 768w, https:\/\/neuronup.com\/br\/wp-content\/uploads\/2024\/11\/BIQAF-usuario-1024x768.webp 1024w, https:\/\/neuronup.com\/br\/wp-content\/uploads\/2024\/11\/BIQAF-usuario.webp 1200w\" sizes=\"(max-width:599px) 599px, (min-width:600px) and (max-width: 799px) 799px, (min-width:800px) and (max-width: 999px) 333px, (min-width:1000px) 400px\" \/><\/a><div class=\"entry-wrap entry-wrap-grid\"><h3 class=\"entry-title\" itemprop=\"headline\"><a class=\"entry-title-link\" href=\"https:\/\/neuronup.com\/br\/noticias-de-estimulacao-cognitiva\/depoimentos\/superar-os-retos-cognitivos-o-enfoque-unico-de-biqaf-psychology\/\" rel=\"bookmark\">Superar os desafios cognitivos: a abordagem \u00fanica da BIQAF Psychology<\/a><\/h3>\n<\/div><\/article><article class=\"entry entry-grid is-column has-entry-link has-image has-image-first type-post category-doencas-raras tag-doencas-raras\" style=\"--entry-index:2;\" aria-label=\"Compreendendo a S\u00edndrome de Gerstmann\" itemscope itemtype=\"https:\/\/schema.org\/CreativeWork\"><a class=\"entry-image-link\" href=\"https:\/\/neuronup.com\/br\/noticias-de-estimulacao-cognitiva\/doencas-raras\/compreendendo-o-sindrome-de-gerstmann\/\" tabindex=\"-1\" aria-hidden=\"true\"><img decoding=\"async\" width=\"400\" height=\"267\" src=\"https:\/\/neuronup.com\/br\/wp-content\/uploads\/2024\/11\/Comprendiendo-el-Sindrome-de-Gerstmann-NeuronUP.webp\" class=\"entry-image size-landscape-sm\" alt=\"Mulher sentada em cadeira, cabelos longos escuros, camisa azul; express\u00e3o s\u00e9ria e pensativa com a m\u00e3o no queixo, fundo neutro.\" srcset=\"https:\/\/neuronup.com\/br\/wp-content\/uploads\/2024\/11\/Comprendiendo-el-Sindrome-de-Gerstmann-NeuronUP-300x200.webp 300w, https:\/\/neuronup.com\/br\/wp-content\/uploads\/2024\/11\/Comprendiendo-el-Sindrome-de-Gerstmann-NeuronUP-768x512.webp 768w, https:\/\/neuronup.com\/br\/wp-content\/uploads\/2024\/11\/Comprendiendo-el-Sindrome-de-Gerstmann-NeuronUP-1024x683.webp 1024w, https:\/\/neuronup.com\/br\/wp-content\/uploads\/2024\/11\/Comprendiendo-el-Sindrome-de-Gerstmann-NeuronUP.webp 1200w\" sizes=\"(max-width:599px) 599px, (min-width:600px) and (max-width: 799px) 799px, (min-width:800px) and (max-width: 999px) 333px, (min-width:1000px) 400px\" \/><\/a><div class=\"entry-wrap entry-wrap-grid\"><h3 class=\"entry-title\" itemprop=\"headline\"><a class=\"entry-title-link\" href=\"https:\/\/neuronup.com\/br\/noticias-de-estimulacao-cognitiva\/doencas-raras\/compreendendo-o-sindrome-de-gerstmann\/\" rel=\"bookmark\">Compreendendo a S\u00edndrome de Gerstmann<\/a><\/h3>\n<\/div><\/article><article class=\"entry entry-grid is-column has-entry-link has-image has-image-first type-post category-linhas-de-investigacao tag-noticias-da-neuronup tag-pesquisa\" style=\"--entry-index:3;\" aria-label=\"A doen\u00e7a de Alzheimer como construto cl\u00ednico-biol\u00f3gico: recomenda\u00e7\u00e3o de um grupo de trabalho internacional\" itemscope itemtype=\"https:\/\/schema.org\/CreativeWork\"><a class=\"entry-image-link\" href=\"https:\/\/neuronup.com\/br\/investigacao\/linhas-de-investigacao\/a-doenca-de-alzheimer-como-construto-clinico-biologico-recomendacao-de-um-grupo-de-trabalho-internacional\/\" tabindex=\"-1\" aria-hidden=\"true\"><img decoding=\"async\" width=\"400\" height=\"225\" src=\"https:\/\/neuronup.com\/br\/wp-content\/uploads\/2024\/11\/La-enfermedad-de-alzheimer-como-constructo-clinico-biologico-recomendacion-de-un-grupo-de-trabajo-internacional-NeuronUP.webp\" class=\"entry-image size-landscape-sm\" alt=\"Homem idoso de cabelo branco concentra-se em montar um quebra-cabe\u00e7a, com outra pessoa oferecendo apoio no ombro, em ambiente claro.\" srcset=\"https:\/\/neuronup.com\/br\/wp-content\/uploads\/2024\/11\/La-enfermedad-de-alzheimer-como-constructo-clinico-biologico-recomendacion-de-un-grupo-de-trabajo-internacional-NeuronUP-300x169.webp 300w, https:\/\/neuronup.com\/br\/wp-content\/uploads\/2024\/11\/La-enfermedad-de-alzheimer-como-constructo-clinico-biologico-recomendacion-de-un-grupo-de-trabajo-internacional-NeuronUP-768x432.webp 768w, https:\/\/neuronup.com\/br\/wp-content\/uploads\/2024\/11\/La-enfermedad-de-alzheimer-como-constructo-clinico-biologico-recomendacion-de-un-grupo-de-trabajo-internacional-NeuronUP-1024x576.webp 1024w, https:\/\/neuronup.com\/br\/wp-content\/uploads\/2024\/11\/La-enfermedad-de-alzheimer-como-constructo-clinico-biologico-recomendacion-de-un-grupo-de-trabajo-internacional-NeuronUP.webp 1200w\" sizes=\"(max-width:599px) 599px, (min-width:600px) and (max-width: 799px) 799px, (min-width:800px) and (max-width: 999px) 333px, (min-width:1000px) 400px\" \/><\/a><div class=\"entry-wrap entry-wrap-grid\"><h3 class=\"entry-title\" itemprop=\"headline\"><a class=\"entry-title-link\" href=\"https:\/\/neuronup.com\/br\/investigacao\/linhas-de-investigacao\/a-doenca-de-alzheimer-como-construto-clinico-biologico-recomendacao-de-um-grupo-de-trabalho-internacional\/\" rel=\"bookmark\">A doen\u00e7a de Alzheimer como construto cl\u00ednico-biol\u00f3gico: recomenda\u00e7\u00e3o de um grupo de trabalho internacional<\/a><\/h3>\n<\/div><\/article><article class=\"entry entry-grid is-column has-entry-link has-image has-image-first type-post category-atividades-para-transtornos-do-desenvolvimento tag-atividades-de-estimulacao-cognitiva tag-atividades-de-estimulacao-cognitiva-para-criancas tag-criancas tag-dislexia tag-estimulacao-cognitiva tag-transtornos-do-neurodesenvolvimento\" style=\"--entry-index:4;\" aria-label=\"Atividades para pessoas com dislexia\" itemscope itemtype=\"https:\/\/schema.org\/CreativeWork\"><a class=\"entry-image-link\" href=\"https:\/\/neuronup.com\/br\/atividades-de-neurorreabilitacao\/atividades-para-transtornos-do-desenvolvimento\/atividades-para-pessoas-com-dislexia\/\" tabindex=\"-1\" aria-hidden=\"true\"><img decoding=\"async\" width=\"400\" height=\"225\" src=\"https:\/\/neuronup.com\/br\/wp-content\/uploads\/2024\/10\/Detective-de-letras-NeuronUP.webp\" class=\"entry-image size-landscape-sm\" alt=\"Interface educativa do NeuronUP com fogueira; palavra &#039;fuego&#039; tem a letra &#039;e&#039; destacada em verde.\" srcset=\"https:\/\/neuronup.com\/br\/wp-content\/uploads\/2024\/10\/Detective-de-letras-NeuronUP-300x169.webp 300w, https:\/\/neuronup.com\/br\/wp-content\/uploads\/2024\/10\/Detective-de-letras-NeuronUP-768x432.webp 768w, https:\/\/neuronup.com\/br\/wp-content\/uploads\/2024\/10\/Detective-de-letras-NeuronUP-1024x576.webp 1024w, https:\/\/neuronup.com\/br\/wp-content\/uploads\/2024\/10\/Detective-de-letras-NeuronUP.webp 1200w\" sizes=\"(max-width:599px) 599px, (min-width:600px) and (max-width: 799px) 799px, (min-width:800px) and (max-width: 999px) 333px, (min-width:1000px) 400px\" \/><\/a><div class=\"entry-wrap entry-wrap-grid\"><h3 class=\"entry-title\" itemprop=\"headline\"><a class=\"entry-title-link\" href=\"https:\/\/neuronup.com\/br\/atividades-de-neurorreabilitacao\/atividades-para-transtornos-do-desenvolvimento\/atividades-para-pessoas-com-dislexia\/\" rel=\"bookmark\">Atividades para pessoas com dislexia<\/a><\/h3>\n<\/div><\/article><article class=\"entry entry-grid is-column has-entry-link has-image has-image-first type-post category-doenca-mental tag-esquizofrenia tag-saude-mental\" style=\"--entry-index:5;\" aria-label=\"Tend\u00eancias atuais no tratamento de doen\u00e7as mentais\" itemscope itemtype=\"https:\/\/schema.org\/CreativeWork\"><a class=\"entry-image-link\" href=\"https:\/\/neuronup.com\/br\/noticias-de-estimulacao-cognitiva\/doenca-mental\/tendencias-atuais-no-tratamento-de-doencas-mentais\/\" tabindex=\"-1\" aria-hidden=\"true\"><img decoding=\"async\" width=\"400\" height=\"257\" src=\"https:\/\/neuronup.com\/br\/wp-content\/uploads\/2024\/12\/Tendencias-actuales-en-el-tratamiento-de-enfermedades-mentales-NeuronUP.webp\" class=\"entry-image size-landscape-sm\" alt=\"Homem de cabelo castanho ondulado cobre o rosto com as m\u00e3os, express\u00e3o introspectiva, fundo cinza s\u00f3lido.\" srcset=\"https:\/\/neuronup.com\/br\/wp-content\/uploads\/2024\/12\/Tendencias-actuales-en-el-tratamiento-de-enfermedades-mentales-NeuronUP-300x193.webp 300w, https:\/\/neuronup.com\/br\/wp-content\/uploads\/2024\/12\/Tendencias-actuales-en-el-tratamiento-de-enfermedades-mentales-NeuronUP-768x493.webp 768w, https:\/\/neuronup.com\/br\/wp-content\/uploads\/2024\/12\/Tendencias-actuales-en-el-tratamiento-de-enfermedades-mentales-NeuronUP-1024x657.webp 1024w, https:\/\/neuronup.com\/br\/wp-content\/uploads\/2024\/12\/Tendencias-actuales-en-el-tratamiento-de-enfermedades-mentales-NeuronUP.webp 1200w\" sizes=\"(max-width:599px) 599px, (min-width:600px) and (max-width: 799px) 799px, (min-width:800px) and (max-width: 999px) 333px, (min-width:1000px) 400px\" \/><\/a><div class=\"entry-wrap entry-wrap-grid\"><h3 class=\"entry-title\" itemprop=\"headline\"><a class=\"entry-title-link\" href=\"https:\/\/neuronup.com\/br\/noticias-de-estimulacao-cognitiva\/doenca-mental\/tendencias-atuais-no-tratamento-de-doencas-mentais\/\" rel=\"bookmark\">Tend\u00eancias atuais no tratamento de doen\u00e7as mentais<\/a><\/h3>\n<\/div><\/article><article class=\"entry entry-grid is-column has-entry-link has-image has-image-first type-post category-neuronup-academy tag-academia-neuronup tag-lesao-cerebral-adquirida tag-palestra-da-academia-neuronup\" style=\"--entry-index:6;\" aria-label=\"A neuropsic\u00f3loga Ainhoa Espinosa de Luzarraga responde \u00e0s d\u00favidas sobre sua palestra de les\u00e3o cerebral adquirida\" itemscope itemtype=\"https:\/\/schema.org\/CreativeWork\"><a class=\"entry-image-link\" href=\"https:\/\/neuronup.com\/br\/formacao\/neuronup-academy\/a-neuropsicologa-ainhoa-espinosa-de-luzarraga-responde-as-duvidas-sobre-sua-palestra-de-dano-cerebral-adquirido\/\" tabindex=\"-1\" aria-hidden=\"true\"><img decoding=\"async\" width=\"400\" height=\"225\" src=\"https:\/\/neuronup.com\/br\/wp-content\/uploads\/2024\/11\/ACADEMY-Ainhoa.webp\" class=\"entry-image size-landscape-sm\" alt=\"Mulher sorridente ao lado de tela\/slide; fundo azul\/preto; destaque para Ainhoa em afeto e sexualidade ap\u00f3s dano cerebral.\" srcset=\"https:\/\/neuronup.com\/br\/wp-content\/uploads\/2024\/11\/ACADEMY-Ainhoa-300x169.webp 300w, https:\/\/neuronup.com\/br\/wp-content\/uploads\/2024\/11\/ACADEMY-Ainhoa-768x432.webp 768w, https:\/\/neuronup.com\/br\/wp-content\/uploads\/2024\/11\/ACADEMY-Ainhoa-1024x576.webp 1024w, https:\/\/neuronup.com\/br\/wp-content\/uploads\/2024\/11\/ACADEMY-Ainhoa.webp 1280w\" sizes=\"(max-width:599px) 599px, (min-width:600px) and (max-width: 799px) 799px, (min-width:800px) and (max-width: 999px) 333px, (min-width:1000px) 400px\" \/><\/a><div class=\"entry-wrap entry-wrap-grid\"><h3 class=\"entry-title\" itemprop=\"headline\"><a class=\"entry-title-link\" href=\"https:\/\/neuronup.com\/br\/formacao\/neuronup-academy\/a-neuropsicologa-ainhoa-espinosa-de-luzarraga-responde-as-duvidas-sobre-sua-palestra-de-dano-cerebral-adquirido\/\" rel=\"bookmark\">A neuropsic\u00f3loga Ainhoa Espinosa de Luzarraga responde \u00e0s d\u00favidas sobre sua palestra de les\u00e3o cerebral adquirida<\/a><\/h3>\n<\/div><\/article><\/div><\/div>","protected":false},"excerpt":{"rendered":"<p>Neste artigo, a neuropsic\u00f3loga cl\u00ednica e diretora do Espai Neurol\u00f2gic, Anna Curto, explica em que consiste o teste de Raven e como interpretar os resultados do teste de matriz progressiva de Raven. O que \u00e9 o teste Raven e o que ele mede? Se voc\u00ea est\u00e1 se perguntando o que \u00e9 o teste de Raven &hellip;<\/p>\n","protected":false},"author":144,"featured_media":33386,"comment_status":"open","ping_status":"open","sticky":false,"template":"","format":"standard","meta":{"_acf_changed":false,"_genesis_hide_title":false,"_genesis_hide_breadcrumbs":false,"_genesis_hide_singular_image":false,"_genesis_hide_footer_widgets":false,"_genesis_custom_body_class":"","_genesis_custom_post_class":"","_genesis_layout":"","footnotes":""},"categories":[621],"tags":[555],"class_list":{"2":"type-post","7":"category-testes-neuropsicologicos","8":"tag-atencao","9":"entry"},"acf":[],"_links":{"self":[{"href":"https:\/\/neuronup.com\/br\/wp-json\/wp\/v2\/posts\/5965","targetHints":{"allow":["GET"]}}],"collection":[{"href":"https:\/\/neuronup.com\/br\/wp-json\/wp\/v2\/posts"}],"about":[{"href":"https:\/\/neuronup.com\/br\/wp-json\/wp\/v2\/types\/post"}],"author":[{"embeddable":true,"href":"https:\/\/neuronup.com\/br\/wp-json\/wp\/v2\/users\/144"}],"replies":[{"embeddable":true,"href":"https:\/\/neuronup.com\/br\/wp-json\/wp\/v2\/comments?post=5965"}],"version-history":[{"count":0,"href":"https:\/\/neuronup.com\/br\/wp-json\/wp\/v2\/posts\/5965\/revisions"}],"wp:featuredmedia":[{"embeddable":true,"href":"https:\/\/neuronup.com\/br\/wp-json\/wp\/v2\/media\/33386"}],"wp:attachment":[{"href":"https:\/\/neuronup.com\/br\/wp-json\/wp\/v2\/media?parent=5965"}],"wp:term":[{"taxonomy":"category","embeddable":true,"href":"https:\/\/neuronup.com\/br\/wp-json\/wp\/v2\/categories?post=5965"},{"taxonomy":"post_tag","embeddable":true,"href":"https:\/\/neuronup.com\/br\/wp-json\/wp\/v2\/tags?post=5965"}],"curies":[{"name":"wp","href":"https:\/\/api.w.org\/{rel}","templated":true}]}}