{"id":5955,"date":"2024-02-01T17:53:28","date_gmt":"2024-02-01T16:53:28","guid":{"rendered":"https:\/\/neuronup.com\/br\/?p=5955"},"modified":"2026-01-26T18:15:48","modified_gmt":"2026-01-26T16:15:48","slug":"reabilitacao-neuropsicologica-em-idosos-com-demencia-experiencia-em-um-centro-de-dia-com-a-neuronup","status":"publish","type":"post","link":"https:\/\/neuronup.com\/br\/noticias-de-estimulacao-cognitiva\/envelhecimento-natural\/reabilitacao-neuropsicologica-em-idosos-com-demencia-experiencia-em-um-centro-de-dia-com-a-neuronup\/","title":{"rendered":"Reabilita\u00e7\u00e3o neuropsicol\u00f3gica em idosos com dem\u00eancia: experi\u00eancia em um centro de dia com a NeuronUP"},"content":{"rendered":"\n<p class=\"has-xl-font-size\">Neste artigo, Claudia Mayza, neuropsic\u00f3loga com forma\u00e7\u00e3o em psico-oncologia e neuropsicologia e ampla pr\u00e1tica em reabilita\u00e7\u00e3o cognitiva, nos conta sobre sua experi\u00eancia no centro peruano Caldevid Geriatric na reabilita\u00e7\u00e3o neuropsicol\u00f3gica de idosos com dem\u00eancia. Este texto busca promover a pesquisa e o uso de novas tecnologias na abordagem da dem\u00eancia.<\/p>\n\n\n\n<p>Nos \u00faltimos anos, houve um aumento na pir\u00e2mide populacional e na expectativa de vida dos idosos, o que levou a um olhar mais atento ao estilo de vida, \u00e0s doen\u00e7as relacionadas e ao escopo do sistema de sa\u00fade.<\/p>\n\n\n\n<p>A Organiza\u00e7\u00e3o Mundial da Sa\u00fade estima que entre 5% e 8% da popula\u00e7\u00e3o mundial com mais de 60 anos de idade seja diagnosticada com dem\u00eancia. Em 2015, pelo menos 47 milh\u00f5es de pessoas sofriam de dem\u00eancia e as proje\u00e7\u00f5es estat\u00edsticas sugerem que a doen\u00e7a afetar\u00e1 75 milh\u00f5es at\u00e9 2030 e 131 milh\u00f5es de pessoas at\u00e9 2050.<\/p>\n\n\n\n<p>De acordo com a Organiza\u00e7\u00e3o Pan-Americana da Sa\u00fade (OPAS) (2020), a maioria das pessoas com dem\u00eancia \u00e9 cuidada em casa, o que aumenta as taxas de mortalidade, tanto para as pessoas com dem\u00eancia quanto para os cuidadores e\/ou familiares.<\/p>\n\n\n\n<p>Al\u00e9m disso, muitos pa\u00edses n\u00e3o disp\u00f5em de cuidados adequados em instala\u00e7\u00f5es ou institui\u00e7\u00f5es de cuidados de longo prazo, o que tem um impacto econ\u00f4mico.<\/p>\n\n\n\n<p>Em 2010, o custo estimado para tratar e cuidar de pessoas com dem\u00eancia foi de US$ 604 bilh\u00f5es em todo o mundo e US$ 235,8 bilh\u00f5es nos pa\u00edses das Am\u00e9ricas, sendo que grande parte dessa carga econ\u00f4mica \u00e9 suportada pelas fam\u00edlias.<\/p>\n\n\n\n<h2 class=\"wp-block-heading\">O que \u00e9 reabilita\u00e7\u00e3o neuropsicol\u00f3gica?<\/h2>\n\n\n\n<p>A reabilita\u00e7\u00e3o neuropsicol\u00f3gica \u00e9 definida como um <strong>conjunto estruturado de atividades terap\u00eauticas <\/strong>especificamente projetadas para <strong>recuperar as habilidades<\/strong> de indiv\u00edduos que sofreram algum tipo de d\u00e9ficit cognitivo ap\u00f3s uma les\u00e3o ou doen\u00e7a.<\/p>\n\n\n\n<p>Em um conceito integral, refere-se a uma interven\u00e7\u00e3o que visa permitir que os pacientes e suas fam\u00edlias convivam, gerenciem, evitem, reduzam ou enfrentem as defici\u00eancias, o que \u00e9 leg\u00edtimo no caso da dem\u00eancia, com <strong>foco na melhoria da qualidade de vida<\/strong>, na promo\u00e7\u00e3o da independ\u00eancia, na desacelera\u00e7\u00e3o do grau de deteriora\u00e7\u00e3o e na otimiza\u00e7\u00e3o do desempenho e da funcionalidade cognitiva geral.<\/p>\n\n\n\n<div style=\"height:50px\" aria-hidden=\"true\" class=\"wp-block-spacer\"><\/div>\n\n\n\n<div class=\"wp-block-group br-0111 has-primary-background-color has-background has-dark-background has-sm-padding-top has-sm-padding-left has-sm-padding-right has-xxl-margin-top\"><div class=\"wp-block-group__inner-container is-layout-constrained wp-block-group-is-layout-constrained\">\n<div class=\"wp-block-columns is-layout-flex wp-container-core-columns-is-layout-9d6595d7 wp-block-columns-is-layout-flex\">\n<div class=\"wp-block-column is-layout-flow wp-block-column-is-layout-flow\">\n<figure class=\"wp-block-image size-full desktop-position-absolute desktop-bottom-0 mobile-width-50 mobile-m-inline-auto has-xl-margin-top\"><img decoding=\"async\" width=\"292\" height=\"338\" src=\"https:\/\/neuronup.com\/br\/wp-content\/uploads\/2024\/10\/certificado-de-produto.webp\" alt=\"\" class=\"wp-image-31568\" srcset=\"https:\/\/neuronup.com\/br\/wp-content\/uploads\/2024\/10\/certificado-de-produto-259x300.webp 259w, https:\/\/neuronup.com\/br\/wp-content\/uploads\/2024\/10\/certificado-de-produto.webp 292w\" sizes=\"(max-width: 292px) 100vw, 292px\" \/><\/figure>\n<\/div>\n\n\n\n<div class=\"wp-block-column is-layout-flow wp-block-column-is-layout-flow\">\n<h2 class=\"wp-block-heading has-white-color has-text-color\"><strong>Inscreva-se<\/strong> <br>na nossa <br>Newsletter<\/h2>\n\n\n\n<div class=\"wp-block-buttons is-layout-flex wp-block-buttons-is-layout-flex\">\n<div class=\"wp-block-button--1\" style=\"--button-outline-color:var(--color-white);--button-outline-color-hover:rgba(0,0,0,0.8);\"><a class=\"wp-block-button__link button button-outline   wp-element-button\" href=\"https:\/\/neuronup.com\/br\/newsletter\/\">Inscreva-se<\/a><\/div>\n\n<\/div>\n\n\n\n<div style=\"height:40px\" aria-hidden=\"true\" class=\"wp-block-spacer\"><\/div>\n<\/div>\n<\/div>\n<\/div><\/div>\n\n\n\n\n<div style=\"height:50px\" aria-hidden=\"true\" class=\"wp-block-spacer\"><\/div>\n\n\n\n<h2 class=\"wp-block-heading\">Reabilita\u00e7\u00e3o neuropsicol\u00f3gica nos casos de dem\u00eancia<\/h2>\n\n\n\n<p>Atualmente, existe um manejo integral da reabilita\u00e7\u00e3o neuropsicol\u00f3gica que permite v\u00e1rias estrat\u00e9gias baseadas em evid\u00eancias, utilizando m\u00e9todos, t\u00e9cnicas cognitivas, terapias ou interven\u00e7\u00f5es psicossociais, com foco principal na manuten\u00e7\u00e3o da funcionalidade e da qualidade de vida dos idosos e de seus familiares e\/ou cuidadores.<\/p>\n\n\n\n<p>Qualquer interven\u00e7\u00e3o deve ser adaptada \u00e0 dificuldade, com <strong>supervis\u00e3o permanente de um especialista<\/strong>, focada em um grau de representatividade e transferibilidade para as atividades cotidianas.<\/p>\n\n\n\n<p>Destacar a import\u00e2ncia da <strong>avalia\u00e7\u00e3o neuropsicol\u00f3gica<\/strong> como ponto de partida para uma abordagem adequada e conhecimento tanto da reserva cognitiva quanto das fun\u00e7\u00f5es preservadas e\/ou alteradas.<\/p>\n\n\n\n<h2 class=\"wp-block-heading\">O uso de novas tecnologias e a era digital<\/h2>\n\n\n\n<p>De acordo com estat\u00edsticas da Comiss\u00e3o Econ\u00f4mica para a Am\u00e9rica Latina e o Caribe (CEPAL) (2019), a faixa et\u00e1ria mais velha \u00e9 a mais isolada no uso de tecnologias digitais, o que aponta para uma profunda lacuna na era digital e para o <strong>desafio de promover a inclus\u00e3o<\/strong>.<\/p>\n\n\n\n<p>Nesse sentido, \u00e9 importante mencionar que o contexto pand\u00eamico e p\u00f3s-pand\u00eamico destacou a necessidade do uso de tecnologias como recurso para manter a <strong>comunica\u00e7\u00e3o<\/strong>, a <strong>socializa\u00e7\u00e3o<\/strong>, os <strong>cuidados com a sa\u00fade<\/strong>, a <strong>reabilita\u00e7\u00e3o<\/strong>, o <strong>entretenimento <\/strong>e o <strong>aprendizado dos idosos<\/strong>.<\/p>\n\n\n\n<p>V\u00e1rios estudos recomendam o uso de novas tecnologias como um m\u00e9todo para <strong>melhorar a qualidade de vida de idosos <\/strong>com doen\u00e7as neurodegenerativas, condi\u00e7\u00f5es neurol\u00f3gicas, comprometimento cognitivo, depress\u00e3o, entre outras doen\u00e7as.<\/p>\n\n\n\n<p>Recursos como wietherapy, aplicativos, plataformas, realidade virtual e aumentada, RGS, rob\u00f3tica, entre outros, s\u00e3o os mais utilizados.<\/p>\n\n\n\n<h2 class=\"wp-block-heading\">Neurorreabilita\u00e7\u00e3o: Experi\u00eancia com o uso da NeuronUP<\/h2>\n\n\n\n<p>A neurorreabilita\u00e7\u00e3o pode se concentrar em dois tipos de processos: <strong>de curto<\/strong> e de<strong> longo prazo<\/strong>.<\/p>\n\n\n\n<h3 class=\"wp-block-heading\">Processo de curto prazo<\/h3>\n\n\n\n<p>No primeiro caso, ele deve ser <strong>espec\u00edfico<\/strong>, <strong>mensur\u00e1vel<\/strong>, <strong>adapt\u00e1vel<\/strong>, realista e com prazo determinado.<\/p>\n\n\n\n<h3 class=\"wp-block-heading\">Processo de longo prazo<\/h3>\n\n\n\n<p>No segundo caso, o objetivo \u00e9 ajudar a <strong>recuperar <\/strong>e\/ou <strong>minimizar<\/strong>, compensar e\/ou substituir as fun\u00e7\u00f5es alteradas ou diminu\u00eddas, ajudando a recuperar o potencial m\u00e1ximo, a funcionalidade e a independ\u00eancia, a fim de <strong>manter <\/strong>e\/ou <strong>retardar <\/strong>o processo, em casos de deteriora\u00e7\u00e3o cognitiva e\/ou dem\u00eancia.<\/p>\n\n\n<div class=\"wp-block-image image-interface\">\n<figure class=\"aligncenter size-full\"><img decoding=\"async\" width=\"800\" height=\"600\" src=\"https:\/\/neuronup.com\/br\/wp-content\/uploads\/2024\/12\/Reabilitacao-Neuropsicologica.webp\" alt=\"Profissional de sa\u00fade com jaleco branco e m\u00e1scara aponta tela grande com letras em linhas; paciente observa de costas, em sala azul.\" class=\"wp-image-33867\" srcset=\"https:\/\/neuronup.com\/br\/wp-content\/uploads\/2024\/12\/Reabilitacao-Neuropsicologica-300x225.webp 300w, https:\/\/neuronup.com\/br\/wp-content\/uploads\/2024\/12\/Reabilitacao-Neuropsicologica-400x300.webp 400w, https:\/\/neuronup.com\/br\/wp-content\/uploads\/2024\/12\/Reabilitacao-Neuropsicologica-768x576.webp 768w, https:\/\/neuronup.com\/br\/wp-content\/uploads\/2024\/12\/Reabilitacao-Neuropsicologica.webp 800w\" sizes=\"(max-width: 800px) 100vw, 800px\" \/><figcaption class=\"wp-element-caption\">Reabilita\u00e7\u00e3o Neuropsicol\u00f3gica com NeuronUP.<\/figcaption><\/figure>\n<\/div>\n\n\n<h3 class=\"wp-block-heading\">Alternativa baseada em evid\u00eancias<\/h3>\n\n\n\n<p>Com base em nossa experi\u00eancia em atendimento particular e no Caldevid Centre, <strong>a plataforma NeuronUP<\/strong> nos permitiu oferecer uma <strong>alternativa digital baseada em evid\u00eancias com t\u00e9cnicas cognitivas, como<\/strong>:<\/p>\n\n\n\n<p>Aprendizagem sem erros (AsE), recupera\u00e7\u00e3o espa\u00e7ada (RE), desvanecimento de pistas (DP), treinamento do processo de aten\u00e7\u00e3o (APT), estrat\u00e9gias metacognitivas, acr\u00f4nimos, tentativa e erro, visualiza\u00e7\u00e3o, associa\u00e7\u00e3o, repeti\u00e7\u00e3o por aproxima\u00e7\u00e3o, modelagem, autoinstru\u00e7\u00f5es, entre outros, que complementam a abordagem abrangente que oferecemos aos idosos e suas fam\u00edlias.<\/p>\n\n\n\n<h3 class=\"wp-block-heading\">Formas de interven\u00e7\u00e3o<\/h3>\n\n\n\n<p>Tamb\u00e9m oferecemos <strong>v\u00e1rias formas de interven\u00e7\u00f5es de reabilita\u00e7\u00e3o neuropsicol\u00f3gica:<\/strong><\/p>\n\n\n\n<ul class=\"wp-block-list\">\n<li>Presencial: individual e em grupo.<\/li>\n\n\n\n<li>Telereabilita\u00e7\u00e3o: facilitada pelo especialista e com tela compartilhada.<\/li>\n\n\n\n<li>Domiciliar: individual.<\/li>\n<\/ul>\n\n\n\n<h3 class=\"wp-block-heading\">Plataforma complementar a outras atividades<\/h3>\n\n\n\n<p>A plataforma <strong>NeuronUP <\/strong>\u00e9 usada em todas as modalidades, <strong>complementando outras atividades que oferecemos no centro de dia<\/strong>, como exerc\u00edcios com papel, jogos terap\u00eauticos, realidade virtual, atividades din\u00e2micas e de psicoestimula\u00e7\u00e3o, gerontogin\u00e1stica, fisioterapia funcional, atividades sociais e recreativas, arteterapia, olimp\u00edadas geri\u00e1tricas, exposi\u00e7\u00f5es de arte, entre outras.<\/p>\n\n\n\n<p>A NeuronUP \u00e9 f\u00e1cil de usar, <strong>adaptada de acordo com a dificuldade<\/strong>, a idade e o n\u00edvel de escolaridade, e tem recursos que favorecem a motiva\u00e7\u00e3o e a ades\u00e3o ao tratamento.<\/p>\n\n\n\n<p>Cont\u00e9m <strong>atividades digitais<\/strong>, que s\u00e3o ordenadas de acordo com \u00e1reas de <strong>interven\u00e7\u00e3o e fun\u00e7\u00f5es cognitivas<\/strong> (aten\u00e7\u00e3o, mem\u00f3ria, linguagem, fun\u00e7\u00f5es executivas, gnosias, praxias, habilidades visuoespaciais, cogni\u00e7\u00e3o social) e \u00e1reas de ocupa\u00e7\u00e3o (atividades b\u00e1sicas de vida di\u00e1ria e instrumentais, entre outras). <strong>Permite o gerenciamento de usu\u00e1rios e resultados de desempenho<\/strong>.<\/p>\n\n\n\n<h3 class=\"wp-block-heading\">Trabalho em grupo com a NeuronUP<\/h3>\n\n\n\n<p>Em setembro de 2022, foi realizada uma mini <strong>geriolimpiada<\/strong> <strong>digital usando a plataforma NeuronUP.<\/strong><\/p>\n\n\n\n<p>A atividade foi programada em dois momentos:<\/p>\n\n\n\n<ol class=\"wp-block-list\">\n<li>Treinamento pr\u00e9-geriol\u00edmpico, <strong>refor\u00e7ando o uso de atividades digitais para adultos mais velhos e suas fam\u00edlias<\/strong>, com dura\u00e7\u00e3o de duas semanas e duas vezes por semana.<\/li>\n\n\n\n<li>A atividade em si, em que grupos de duas pessoas (idoso e acompanhante) se formavam por hor\u00e1rios e de acordo com as caracter\u00edsticas.<\/li>\n<\/ol>\n\n\n\n<p>Isso <strong>possibilitou o trabalho em diferentes fun\u00e7\u00f5es cognitivas e ocupacionais<\/strong>. Al\u00e9m disso, foram estimuladas a motiva\u00e7\u00e3o, a autonomia, a identidade, o senso de pertencimento e a competitividade para novos desafios.<\/p>\n\n\n<div class=\"wp-block-image image-interface\">\n<figure class=\"aligncenter size-full\"><img decoding=\"async\" width=\"800\" height=\"600\" src=\"https:\/\/neuronup.com\/br\/wp-content\/uploads\/2024\/12\/Reabilitacao-Neuropsicologica-em-grupo.webp\" alt=\"Sala de grupo com pessoas sentadas em mesas, tela com texto na parede azul e ilumina\u00e7\u00e3o superior, sugerindo sess\u00e3o de estudo.\" class=\"wp-image-33868\" srcset=\"https:\/\/neuronup.com\/br\/wp-content\/uploads\/2024\/12\/Reabilitacao-Neuropsicologica-em-grupo-300x225.webp 300w, https:\/\/neuronup.com\/br\/wp-content\/uploads\/2024\/12\/Reabilitacao-Neuropsicologica-em-grupo-400x300.webp 400w, https:\/\/neuronup.com\/br\/wp-content\/uploads\/2024\/12\/Reabilitacao-Neuropsicologica-em-grupo-768x576.webp 768w, https:\/\/neuronup.com\/br\/wp-content\/uploads\/2024\/12\/Reabilitacao-Neuropsicologica-em-grupo.webp 800w\" sizes=\"(max-width: 800px) 100vw, 800px\" \/><figcaption class=\"wp-element-caption\">Reabilita\u00e7\u00e3o Neuropsicol\u00f3gica em grupo com a NeuronUP.<\/figcaption><\/figure>\n<\/div>\n\n\n<h2 class=\"wp-block-heading\">Conclus\u00e3o<\/h2>\n\n\n\n<ul class=\"wp-block-list\">\n<li>\u00c9 importante ter em mente que <strong>o uso da tecnologia n\u00e3o ser\u00e1 acess\u00edvel em alguns casos<\/strong>, seja por causa de recursos financeiros, recursos sociais, grau de deteriora\u00e7\u00e3o da doen\u00e7a ou d\u00e9ficits relacionados.<\/li>\n\n\n\n<li>A abordagem neuropsicol\u00f3gica \u00e9 ampla, com v\u00e1rias t\u00e9cnicas e estrat\u00e9gias que <strong>ser\u00e3o adaptadas de acordo com o caso<\/strong>, sempre incluindo a fam\u00edlia, tanto na participa\u00e7\u00e3o das sess\u00f5es quanto na psicoeduca\u00e7\u00e3o e no apoio emocional.<\/li>\n\n\n\n<li>Incentivar a <strong>pesquisa <\/strong>e o <strong>aprendizado <\/strong>sobre as novidades em neurorreabilita\u00e7\u00e3o e outras estrat\u00e9gias de reabilita\u00e7\u00e3o neuropsicol\u00f3gica.<\/li>\n<\/ul>\n\n\n\n<p>No Peru, o acesso ao uso de novas tecnologias e t\u00e9cnicas de neurorreabilita\u00e7\u00e3o para idosos que sofrem de d\u00e9ficits cognitivos ou dem\u00eancia \u00e9 limitado, mas h\u00e1 um esfor\u00e7o de muitos profissionais em diferentes \u00e1reas de <strong>atendimento<\/strong>, <strong>pesquisa <\/strong>e <strong>forma\u00e7\u00e3o<\/strong>.<\/p>\n\n\n\n<p>Nada \u00e9 \u00fanico, n\u00e3o se trata de um \u00fanico recurso, a interven\u00e7\u00e3o em dem\u00eancia \u00e9 ampla, por isso <strong>\u00e9 importante usar ferramentas que apresentem evid\u00eancias<\/strong>, pois o objetivo comum \u00e9 proporcionar qualidade de vida aos idosos e suas fam\u00edlias.<\/p>\n\n\n\n<h2 class=\"wp-block-heading\">Bibliografia<\/h2>\n\n\n\n<ul class=\"wp-block-list has-sm-font-size\">\n<li>Custodio, N., Garc\u00eda, A., Montesinos, R., Escobar, J., Bendez\u00fa, L. Prevalencia de demencia en una poblaci\u00f3n urbana de Lima-Per\u00fa: Un estudio puerta a puerta. An Fac med. 2008; 69(4): 233-238.<\/li>\n\n\n\n<li>Le\u00f3n-Sarmiento, FE, Bayona, E., &amp; Bayona-Prieto, J. (2009).&nbsp;Neurorrehabilitaci\u00f3n: La otra revoluci\u00f3n del siglo XXI.&nbsp;Acta m\u00e9dica colombiana,&nbsp;34&nbsp;(2), 88-92.<\/li>\n\n\n\n<li>Prevalence of Dementia and Associated Factors among Older Adults in Latin America during the COVID-19 Pandemic Soto-A\u00f1ari M, Camargo L, [\u2026] L\u00f3pez N Dementia and Geriatric Cognitive Disorders Extra (2021) 11(3) 213-221<\/li>\n\n\n\n<li>Sunkel G, Ullmann H, Las personas mayores de Am\u00e9rica Latina en la era digital: superaci\u00f3n de la brecha digital, Revista de la CEPAL, 2019.<\/li>\n\n\n\n<li>Wilson. B, Winegardner.J, Van Heugten. C., Ownsworth., T, (2017), Rehabilitaci\u00f3n neuropsicol\u00f3gica. Manual internacional, Editorial El Manual Moderno S.A de C.V.<\/li>\n\n\n\n<li>Zurique S\u00e1nchez C, Cadena Sanabria MO, Zurique S\u00e1nchez M, Camacho L\u00f3pez PA, S\u00e1nchez Sanabria M, Hernandez Hernandez S, et al. [Prevalence of dementia in the elderly in Latin America: a systematic review]. Rev Esp Geriatr Gerontol. 2019;54(6):346\u201355. Spanish.<\/li>\n<\/ul>\n\n\n\n<h3 class=\"wp-block-heading\">Se voc\u00ea gostou deste artigo sobre reabilita\u00e7\u00e3o neuropsicol\u00f3gica, <strong>talvez tamb\u00e9m se interesse pelos artigos a seguir:<\/strong><\/h3>\n\n\n<div class=\"mai-grid entries entries-grid has-boxed has-image-full\" style=\"--entry-title-font-size:var(--font-size-lg);--align-text:start;--entry-meta-text-align:start;\"><div class=\"entries-wrap has-columns\" style=\"--columns-xs:1\/1;--columns-sm:1\/1;--columns-md:1\/3;--columns-lg:1\/3;--flex-xs:0 0 var(--flex-basis);--flex-sm:0 0 var(--flex-basis);--flex-md:0 0 var(--flex-basis);--flex-lg:0 0 var(--flex-basis);--column-gap:var(--spacing-lg);--row-gap:var(--spacing-lg);--align-columns:start;\"><article class=\"entry entry-grid is-column has-entry-link has-image has-image-first type-post category-depoimentos tag-testemunhos\" style=\"--entry-index:1;\" aria-label=\"Superar os desafios cognitivos: a abordagem \u00fanica da BIQAF Psychology\" itemscope itemtype=\"https:\/\/schema.org\/CreativeWork\"><a class=\"entry-image-link\" href=\"https:\/\/neuronup.com\/br\/noticias-de-estimulacao-cognitiva\/depoimentos\/superar-os-retos-cognitivos-o-enfoque-unico-de-biqaf-psychology\/\" tabindex=\"-1\" aria-hidden=\"true\"><img decoding=\"async\" width=\"400\" height=\"300\" src=\"https:\/\/neuronup.com\/br\/wp-content\/uploads\/2024\/11\/BIQAF-usuario.webp\" class=\"entry-image size-landscape-sm\" alt=\"Pessoa sentada em cadeira, fones de ouvido, diante de laptop e tela com gr\u00e1ficos; ambiente claro e tranquilo.\" srcset=\"https:\/\/neuronup.com\/br\/wp-content\/uploads\/2024\/11\/BIQAF-usuario-300x225.webp 300w, https:\/\/neuronup.com\/br\/wp-content\/uploads\/2024\/11\/BIQAF-usuario-768x576.webp 768w, https:\/\/neuronup.com\/br\/wp-content\/uploads\/2024\/11\/BIQAF-usuario-1024x768.webp 1024w, https:\/\/neuronup.com\/br\/wp-content\/uploads\/2024\/11\/BIQAF-usuario.webp 1200w\" sizes=\"(max-width:599px) 599px, (min-width:600px) and (max-width: 799px) 799px, (min-width:800px) and (max-width: 999px) 333px, (min-width:1000px) 400px\" \/><\/a><div class=\"entry-wrap entry-wrap-grid\"><h3 class=\"entry-title\" itemprop=\"headline\"><a class=\"entry-title-link\" href=\"https:\/\/neuronup.com\/br\/noticias-de-estimulacao-cognitiva\/depoimentos\/superar-os-retos-cognitivos-o-enfoque-unico-de-biqaf-psychology\/\" rel=\"bookmark\">Superar os desafios cognitivos: a abordagem \u00fanica da BIQAF Psychology<\/a><\/h3>\n<\/div><\/article><article class=\"entry entry-grid is-column has-entry-link has-image has-image-first type-post category-doencas-raras tag-doencas-raras\" style=\"--entry-index:2;\" aria-label=\"Compreendendo a S\u00edndrome de Gerstmann\" itemscope itemtype=\"https:\/\/schema.org\/CreativeWork\"><a class=\"entry-image-link\" href=\"https:\/\/neuronup.com\/br\/noticias-de-estimulacao-cognitiva\/doencas-raras\/compreendendo-o-sindrome-de-gerstmann\/\" tabindex=\"-1\" aria-hidden=\"true\"><img decoding=\"async\" width=\"400\" height=\"267\" src=\"https:\/\/neuronup.com\/br\/wp-content\/uploads\/2024\/11\/Comprendiendo-el-Sindrome-de-Gerstmann-NeuronUP.webp\" class=\"entry-image size-landscape-sm\" alt=\"Mulher sentada em cadeira, cabelos longos escuros, camisa azul; express\u00e3o s\u00e9ria e pensativa com a m\u00e3o no queixo, fundo neutro.\" srcset=\"https:\/\/neuronup.com\/br\/wp-content\/uploads\/2024\/11\/Comprendiendo-el-Sindrome-de-Gerstmann-NeuronUP-300x200.webp 300w, https:\/\/neuronup.com\/br\/wp-content\/uploads\/2024\/11\/Comprendiendo-el-Sindrome-de-Gerstmann-NeuronUP-768x512.webp 768w, https:\/\/neuronup.com\/br\/wp-content\/uploads\/2024\/11\/Comprendiendo-el-Sindrome-de-Gerstmann-NeuronUP-1024x683.webp 1024w, https:\/\/neuronup.com\/br\/wp-content\/uploads\/2024\/11\/Comprendiendo-el-Sindrome-de-Gerstmann-NeuronUP.webp 1200w\" sizes=\"(max-width:599px) 599px, (min-width:600px) and (max-width: 799px) 799px, (min-width:800px) and (max-width: 999px) 333px, (min-width:1000px) 400px\" \/><\/a><div class=\"entry-wrap entry-wrap-grid\"><h3 class=\"entry-title\" itemprop=\"headline\"><a class=\"entry-title-link\" href=\"https:\/\/neuronup.com\/br\/noticias-de-estimulacao-cognitiva\/doencas-raras\/compreendendo-o-sindrome-de-gerstmann\/\" rel=\"bookmark\">Compreendendo a S\u00edndrome de Gerstmann<\/a><\/h3>\n<\/div><\/article><article class=\"entry entry-grid is-column has-entry-link has-image has-image-first type-post category-linhas-de-investigacao tag-noticias-da-neuronup tag-pesquisa\" style=\"--entry-index:3;\" aria-label=\"A doen\u00e7a de Alzheimer como construto cl\u00ednico-biol\u00f3gico: recomenda\u00e7\u00e3o de um grupo de trabalho internacional\" itemscope itemtype=\"https:\/\/schema.org\/CreativeWork\"><a class=\"entry-image-link\" href=\"https:\/\/neuronup.com\/br\/investigacao\/linhas-de-investigacao\/a-doenca-de-alzheimer-como-construto-clinico-biologico-recomendacao-de-um-grupo-de-trabalho-internacional\/\" tabindex=\"-1\" aria-hidden=\"true\"><img decoding=\"async\" width=\"400\" height=\"225\" src=\"https:\/\/neuronup.com\/br\/wp-content\/uploads\/2024\/11\/La-enfermedad-de-alzheimer-como-constructo-clinico-biologico-recomendacion-de-un-grupo-de-trabajo-internacional-NeuronUP.webp\" class=\"entry-image size-landscape-sm\" alt=\"Homem idoso de cabelo branco concentra-se em montar um quebra-cabe\u00e7a, com outra pessoa oferecendo apoio no ombro, em ambiente claro.\" srcset=\"https:\/\/neuronup.com\/br\/wp-content\/uploads\/2024\/11\/La-enfermedad-de-alzheimer-como-constructo-clinico-biologico-recomendacion-de-un-grupo-de-trabajo-internacional-NeuronUP-300x169.webp 300w, https:\/\/neuronup.com\/br\/wp-content\/uploads\/2024\/11\/La-enfermedad-de-alzheimer-como-constructo-clinico-biologico-recomendacion-de-un-grupo-de-trabajo-internacional-NeuronUP-768x432.webp 768w, https:\/\/neuronup.com\/br\/wp-content\/uploads\/2024\/11\/La-enfermedad-de-alzheimer-como-constructo-clinico-biologico-recomendacion-de-un-grupo-de-trabajo-internacional-NeuronUP-1024x576.webp 1024w, https:\/\/neuronup.com\/br\/wp-content\/uploads\/2024\/11\/La-enfermedad-de-alzheimer-como-constructo-clinico-biologico-recomendacion-de-un-grupo-de-trabajo-internacional-NeuronUP.webp 1200w\" sizes=\"(max-width:599px) 599px, (min-width:600px) and (max-width: 799px) 799px, (min-width:800px) and (max-width: 999px) 333px, (min-width:1000px) 400px\" \/><\/a><div class=\"entry-wrap entry-wrap-grid\"><h3 class=\"entry-title\" itemprop=\"headline\"><a class=\"entry-title-link\" href=\"https:\/\/neuronup.com\/br\/investigacao\/linhas-de-investigacao\/a-doenca-de-alzheimer-como-construto-clinico-biologico-recomendacao-de-um-grupo-de-trabalho-internacional\/\" rel=\"bookmark\">A doen\u00e7a de Alzheimer como construto cl\u00ednico-biol\u00f3gico: recomenda\u00e7\u00e3o de um grupo de trabalho internacional<\/a><\/h3>\n<\/div><\/article><article class=\"entry entry-grid is-column has-entry-link has-image has-image-first type-post category-atividades-para-transtornos-do-desenvolvimento tag-atividades-de-estimulacao-cognitiva tag-atividades-de-estimulacao-cognitiva-para-criancas tag-criancas tag-dislexia tag-estimulacao-cognitiva tag-transtornos-do-neurodesenvolvimento\" style=\"--entry-index:4;\" aria-label=\"Atividades para pessoas com dislexia\" itemscope itemtype=\"https:\/\/schema.org\/CreativeWork\"><a class=\"entry-image-link\" href=\"https:\/\/neuronup.com\/br\/atividades-de-neurorreabilitacao\/atividades-para-transtornos-do-desenvolvimento\/atividades-para-pessoas-com-dislexia\/\" tabindex=\"-1\" aria-hidden=\"true\"><img decoding=\"async\" width=\"400\" height=\"225\" src=\"https:\/\/neuronup.com\/br\/wp-content\/uploads\/2024\/10\/Detective-de-letras-NeuronUP.webp\" class=\"entry-image size-landscape-sm\" alt=\"Interface educativa do NeuronUP com fogueira; palavra &#039;fuego&#039; tem a letra &#039;e&#039; destacada em verde.\" srcset=\"https:\/\/neuronup.com\/br\/wp-content\/uploads\/2024\/10\/Detective-de-letras-NeuronUP-300x169.webp 300w, https:\/\/neuronup.com\/br\/wp-content\/uploads\/2024\/10\/Detective-de-letras-NeuronUP-768x432.webp 768w, https:\/\/neuronup.com\/br\/wp-content\/uploads\/2024\/10\/Detective-de-letras-NeuronUP-1024x576.webp 1024w, https:\/\/neuronup.com\/br\/wp-content\/uploads\/2024\/10\/Detective-de-letras-NeuronUP.webp 1200w\" sizes=\"(max-width:599px) 599px, (min-width:600px) and (max-width: 799px) 799px, (min-width:800px) and (max-width: 999px) 333px, (min-width:1000px) 400px\" \/><\/a><div class=\"entry-wrap entry-wrap-grid\"><h3 class=\"entry-title\" itemprop=\"headline\"><a class=\"entry-title-link\" href=\"https:\/\/neuronup.com\/br\/atividades-de-neurorreabilitacao\/atividades-para-transtornos-do-desenvolvimento\/atividades-para-pessoas-com-dislexia\/\" rel=\"bookmark\">Atividades para pessoas com dislexia<\/a><\/h3>\n<\/div><\/article><article class=\"entry entry-grid is-column has-entry-link has-image has-image-first type-post category-doenca-mental tag-esquizofrenia tag-saude-mental\" style=\"--entry-index:5;\" aria-label=\"Tend\u00eancias atuais no tratamento de doen\u00e7as mentais\" itemscope itemtype=\"https:\/\/schema.org\/CreativeWork\"><a class=\"entry-image-link\" href=\"https:\/\/neuronup.com\/br\/noticias-de-estimulacao-cognitiva\/doenca-mental\/tendencias-atuais-no-tratamento-de-doencas-mentais\/\" tabindex=\"-1\" aria-hidden=\"true\"><img decoding=\"async\" width=\"400\" height=\"257\" src=\"https:\/\/neuronup.com\/br\/wp-content\/uploads\/2024\/12\/Tendencias-actuales-en-el-tratamiento-de-enfermedades-mentales-NeuronUP.webp\" class=\"entry-image size-landscape-sm\" alt=\"Homem de cabelo castanho ondulado cobre o rosto com as m\u00e3os, express\u00e3o introspectiva, fundo cinza s\u00f3lido.\" srcset=\"https:\/\/neuronup.com\/br\/wp-content\/uploads\/2024\/12\/Tendencias-actuales-en-el-tratamiento-de-enfermedades-mentales-NeuronUP-300x193.webp 300w, https:\/\/neuronup.com\/br\/wp-content\/uploads\/2024\/12\/Tendencias-actuales-en-el-tratamiento-de-enfermedades-mentales-NeuronUP-768x493.webp 768w, https:\/\/neuronup.com\/br\/wp-content\/uploads\/2024\/12\/Tendencias-actuales-en-el-tratamiento-de-enfermedades-mentales-NeuronUP-1024x657.webp 1024w, https:\/\/neuronup.com\/br\/wp-content\/uploads\/2024\/12\/Tendencias-actuales-en-el-tratamiento-de-enfermedades-mentales-NeuronUP.webp 1200w\" sizes=\"(max-width:599px) 599px, (min-width:600px) and (max-width: 799px) 799px, (min-width:800px) and (max-width: 999px) 333px, (min-width:1000px) 400px\" \/><\/a><div class=\"entry-wrap entry-wrap-grid\"><h3 class=\"entry-title\" itemprop=\"headline\"><a class=\"entry-title-link\" href=\"https:\/\/neuronup.com\/br\/noticias-de-estimulacao-cognitiva\/doenca-mental\/tendencias-atuais-no-tratamento-de-doencas-mentais\/\" rel=\"bookmark\">Tend\u00eancias atuais no tratamento de doen\u00e7as mentais<\/a><\/h3>\n<\/div><\/article><article class=\"entry entry-grid is-column has-entry-link has-image has-image-first type-post category-neuronup-academy tag-academia-neuronup tag-lesao-cerebral-adquirida tag-palestra-da-academia-neuronup\" style=\"--entry-index:6;\" aria-label=\"A neuropsic\u00f3loga Ainhoa Espinosa de Luzarraga responde \u00e0s d\u00favidas sobre sua palestra de les\u00e3o cerebral adquirida\" itemscope itemtype=\"https:\/\/schema.org\/CreativeWork\"><a class=\"entry-image-link\" href=\"https:\/\/neuronup.com\/br\/formacao\/neuronup-academy\/a-neuropsicologa-ainhoa-espinosa-de-luzarraga-responde-as-duvidas-sobre-sua-palestra-de-dano-cerebral-adquirido\/\" tabindex=\"-1\" aria-hidden=\"true\"><img decoding=\"async\" width=\"400\" height=\"225\" src=\"https:\/\/neuronup.com\/br\/wp-content\/uploads\/2024\/11\/ACADEMY-Ainhoa.webp\" class=\"entry-image size-landscape-sm\" alt=\"Mulher sorridente ao lado de tela\/slide; fundo azul\/preto; destaque para Ainhoa em afeto e sexualidade ap\u00f3s dano cerebral.\" srcset=\"https:\/\/neuronup.com\/br\/wp-content\/uploads\/2024\/11\/ACADEMY-Ainhoa-300x169.webp 300w, https:\/\/neuronup.com\/br\/wp-content\/uploads\/2024\/11\/ACADEMY-Ainhoa-768x432.webp 768w, https:\/\/neuronup.com\/br\/wp-content\/uploads\/2024\/11\/ACADEMY-Ainhoa-1024x576.webp 1024w, https:\/\/neuronup.com\/br\/wp-content\/uploads\/2024\/11\/ACADEMY-Ainhoa.webp 1280w\" sizes=\"(max-width:599px) 599px, (min-width:600px) and (max-width: 799px) 799px, (min-width:800px) and (max-width: 999px) 333px, (min-width:1000px) 400px\" \/><\/a><div class=\"entry-wrap entry-wrap-grid\"><h3 class=\"entry-title\" itemprop=\"headline\"><a class=\"entry-title-link\" href=\"https:\/\/neuronup.com\/br\/formacao\/neuronup-academy\/a-neuropsicologa-ainhoa-espinosa-de-luzarraga-responde-as-duvidas-sobre-sua-palestra-de-dano-cerebral-adquirido\/\" rel=\"bookmark\">A neuropsic\u00f3loga Ainhoa Espinosa de Luzarraga responde \u00e0s d\u00favidas sobre sua palestra de les\u00e3o cerebral adquirida<\/a><\/h3>\n<\/div><\/article><\/div><\/div>","protected":false},"excerpt":{"rendered":"<p>Neste artigo, Claudia Mayza, neuropsic\u00f3loga com forma\u00e7\u00e3o em psico-oncologia e neuropsicologia e ampla pr\u00e1tica em reabilita\u00e7\u00e3o cognitiva, nos conta sobre sua experi\u00eancia no centro peruano Caldevid Geriatric na reabilita\u00e7\u00e3o neuropsicol\u00f3gica de idosos com dem\u00eancia. Este texto busca promover a pesquisa e o uso de novas tecnologias na abordagem da dem\u00eancia. Nos \u00faltimos anos, houve um &hellip;<\/p>\n","protected":false},"author":193,"featured_media":33860,"comment_status":"open","ping_status":"open","sticky":false,"template":"","format":"standard","meta":{"_acf_changed":false,"_genesis_hide_title":false,"_genesis_hide_breadcrumbs":false,"_genesis_hide_singular_image":false,"_genesis_hide_footer_widgets":false,"_genesis_custom_body_class":"","_genesis_custom_post_class":"","_genesis_layout":"","footnotes":""},"categories":[612],"tags":[545,597,565],"class_list":{"2":"type-post","7":"category-envelhecimento-natural","8":"tag-atividades-de-estimulacao-cognitiva","9":"tag-neuropsicologia","10":"tag-reabilitacao-cognitiva","11":"entry"},"acf":[],"_links":{"self":[{"href":"https:\/\/neuronup.com\/br\/wp-json\/wp\/v2\/posts\/5955","targetHints":{"allow":["GET"]}}],"collection":[{"href":"https:\/\/neuronup.com\/br\/wp-json\/wp\/v2\/posts"}],"about":[{"href":"https:\/\/neuronup.com\/br\/wp-json\/wp\/v2\/types\/post"}],"author":[{"embeddable":true,"href":"https:\/\/neuronup.com\/br\/wp-json\/wp\/v2\/users\/193"}],"replies":[{"embeddable":true,"href":"https:\/\/neuronup.com\/br\/wp-json\/wp\/v2\/comments?post=5955"}],"version-history":[{"count":0,"href":"https:\/\/neuronup.com\/br\/wp-json\/wp\/v2\/posts\/5955\/revisions"}],"wp:featuredmedia":[{"embeddable":true,"href":"https:\/\/neuronup.com\/br\/wp-json\/wp\/v2\/media\/33860"}],"wp:attachment":[{"href":"https:\/\/neuronup.com\/br\/wp-json\/wp\/v2\/media?parent=5955"}],"wp:term":[{"taxonomy":"category","embeddable":true,"href":"https:\/\/neuronup.com\/br\/wp-json\/wp\/v2\/categories?post=5955"},{"taxonomy":"post_tag","embeddable":true,"href":"https:\/\/neuronup.com\/br\/wp-json\/wp\/v2\/tags?post=5955"}],"curies":[{"name":"wp","href":"https:\/\/api.w.org\/{rel}","templated":true}]}}