{"id":5921,"date":"2024-01-25T13:47:55","date_gmt":"2024-01-25T12:47:55","guid":{"rendered":"https:\/\/neuronup.com\/br\/?p=5921"},"modified":"2026-01-26T18:15:41","modified_gmt":"2026-01-26T16:15:41","slug":"zonas-azuis-e-o-segredo-da-longevidade","status":"publish","type":"post","link":"https:\/\/neuronup.com\/br\/noticias-de-estimulacao-cognitiva\/envelhecimento-natural\/zonas-azuis-e-o-segredo-da-longevidade\/","title":{"rendered":"Zonas azuis e o segredo da longevidade"},"content":{"rendered":"\n<p class=\"has-xl-font-size\">Neste artigo, a neuropsic\u00f3loga Diana Carolina G\u00f3mez Blanco explica o que s\u00e3o as <strong>Zonas Azuis<\/strong> (ZAs) e o segredo da longevidade de seus habitantes, com \u00eanfase especial nas caracter\u00edsticas, nas chaves e nos estilos de vida das popula\u00e7\u00f5es das ZAs.<\/p>\n\n\n\n<p><strong>Zonas azuis e o segredo da longevidade<\/strong><\/p>\n\n\n\n<p>Desde a antiguidade, a busca pela<strong> juventude eterna <\/strong>cativou a humanidade, e muitos procuraram a f\u00f3rmula m\u00e1gica para aumentar os anos de vida e derrotar a temida morte. Ainda hoje existe esse desejo desenfreado de permanecer jovem, e h\u00e1 cada vez mais dietas, procedimentos m\u00e9dicos e produtos de beleza que afirmam interromper a passagem do tempo. O que \u00e9 fato, no entanto, \u00e9 que nos \u00faltimos 150 anos, a expectativa de vida aumentou drasticamente e cada vez mais pessoas est\u00e3o chegando \u00e0 velhice.<\/p>\n\n\n\n<p>&#8220;A longevidade est\u00e1 aumentando em todo o mundo mais rapidamente do que muitos de n\u00f3s podemos imaginar. Na verdade, os dem\u00f3grafos dizem que o beb\u00ea que viver\u00e1 at\u00e9 os 200 anos de idade j\u00e1 nasceu&#8221; (Figueroa Suarez et al., 2019, p.281). No qual tamb\u00e9m \u00e9 destacado que o <strong>envelhecimento da popula\u00e7\u00e3o est\u00e1 ocorrendo sem nenhum precedente<\/strong> na hist\u00f3ria da humanidade. E, embora a mortalidade cardiovascular tenha diminu\u00eddo, <strong>a mortalidade por doen\u00e7as do sistema nervoso e transtornos mentais aumentou.<\/strong><\/p>\n\n\n<div class=\"wp-block-image image-interface\">\n<figure class=\"aligncenter size-full\"><img decoding=\"async\" width=\"768\" height=\"750\" src=\"https:\/\/neuronup.com\/br\/wp-content\/uploads\/2024\/12\/Grafico-aumento-da-esperanca-de-vida-1-1.webp\" alt=\"Gr\u00e1fico de expectativa de vida ao nascer por regi\u00e3o com barras para 1950, 2000 e 2050; regi\u00f5es: Am\u00e9rica do Norte, Europa, \u00c1frica, \u00c1sia, Oceania e Am\u00e9rica Latina e Caribe.\" class=\"wp-image-33454\" srcset=\"https:\/\/neuronup.com\/br\/wp-content\/uploads\/2024\/12\/Grafico-aumento-da-esperanca-de-vida-1-1-24x24.webp 24w, https:\/\/neuronup.com\/br\/wp-content\/uploads\/2024\/12\/Grafico-aumento-da-esperanca-de-vida-1-1-48x48.webp 48w, https:\/\/neuronup.com\/br\/wp-content\/uploads\/2024\/12\/Grafico-aumento-da-esperanca-de-vida-1-1-300x293.webp 300w, https:\/\/neuronup.com\/br\/wp-content\/uploads\/2024\/12\/Grafico-aumento-da-esperanca-de-vida-1-1.webp 768w\" sizes=\"(max-width: 768px) 100vw, 768px\" \/><figcaption class=\"wp-element-caption\">Proje\u00e7\u00e3o do aumento da expectativa de vida global (adaptada) <a href=\"https:\/\/es.statista.com\/grafico\/29351\/esperanza-de-vida-al-nacer-estimada-por-region\/\">https:\/\/es.statista.com\/grafico\/29351\/esperanza-de-vida-al-nacer-estimada-por-region\/<\/a><\/figcaption><\/figure>\n<\/div>\n\n\n<p>Levando em conta este \u00faltimo, o estilo de vida da <strong>vida moderna<\/strong>, que promove principalmente um estilo de vida sedent\u00e1rio, bem como a inclus\u00e3o de <strong>tecnologias que facilitam a vida<\/strong>, tanto f\u00edsica quanto cognitivamente, uma dieta baseada em alimentos processados, rica em a\u00e7\u00facares, s\u00f3dio, calorias e gorduras saturadas, bem como um ritmo de vida estressante, est\u00e1 fazendo com que esse sonho de longa longevidade fracasse em termos de dura\u00e7\u00e3o e qualidade. Entretanto, h\u00e1 alguns lugares no mundo onde esse sonho de grande longevidade parece estar sendo realizado (Y\u00e1\u00f1ez-Y\u00e1\u00f1ez &amp; Mc Ardle Draguicevic, 2021, p. 155).<\/p>\n\n\n\n<h2 class=\"wp-block-heading\">Zonas azuis<\/h2>\n\n\n\n<p>Nessas \u00e1reas, as pessoas n\u00e3o apenas vivem mais, mas tamb\u00e9m <strong>vivem melhor<\/strong>, onde a velhice n\u00e3o \u00e9 sin\u00f4nimo de incapacidade, mas, ao contr\u00e1rio, a velhice \u00e9 alcan\u00e7ada com <strong>altos n\u00edveis de autonomia<\/strong>. Essas \u00e1reas s\u00e3o denominadas &#8220;zonas azuis&#8221;.<\/p>\n\n\n\n<p>Uma zona azul \u00e9 uma \u00e1rea geograficamente delimitada na qual a popula\u00e7\u00e3o <strong>tem uma longevidade excepcionalmente alta<\/strong>, embora isso n\u00e3o esteja relacionado \u00e0 alta renda ou \u00e0 assist\u00eancia m\u00e9dica especializada. Inicialmente, essas \u00e1reas receberam esse nome porque os primeiros pesquisadores usavam uma caneta azul para marc\u00e1-las.<\/p>\n\n\n\n<p>O mapa a seguir mostra as zonas azuis detectadas no momento.<\/p>\n\n\n<div class=\"wp-block-image image-interface\">\n<figure class=\"aligncenter size-large\"><img decoding=\"async\" width=\"1024\" height=\"536\" src=\"https:\/\/neuronup.com\/br\/wp-content\/uploads\/2024\/12\/Zonas-Azuis-2-1-1-1-2-1024x536.webp\" alt=\"Mapa-m\u00fandi com destaque nas Zonas Azuis: Loma Linda, Sardenha, Ic\u00e1ria, Okinawa e Nicoya, destacando longevidade.\" class=\"wp-image-34050\" srcset=\"https:\/\/neuronup.com\/br\/wp-content\/uploads\/2024\/12\/Zonas-Azuis-2-1-1-1-2-300x157.webp 300w, https:\/\/neuronup.com\/br\/wp-content\/uploads\/2024\/12\/Zonas-Azuis-2-1-1-1-2-768x402.webp 768w, https:\/\/neuronup.com\/br\/wp-content\/uploads\/2024\/12\/Zonas-Azuis-2-1-1-1-2-1024x536.webp 1024w, https:\/\/neuronup.com\/br\/wp-content\/uploads\/2024\/12\/Zonas-Azuis-2-1-1-1-2-1536x804.webp 1536w, https:\/\/neuronup.com\/br\/wp-content\/uploads\/2024\/12\/Zonas-Azuis-2-1-1-1-2.webp 1600w\" sizes=\"(max-width: 1024px) 100vw, 1024px\" \/><figcaption class=\"wp-element-caption\">Localiza\u00e7\u00e3o global das zonas azuis (adaptada) https:\/\/universidadesazules.org\/zona-azul\/ <\/figcaption><\/figure>\n<\/div>\n\n\n<p>No entanto, at\u00e9 o momento, <strong>os dados<\/strong> sobre longevidade e expectativa de vida nas Zonas Azuis<strong> n\u00e3o s\u00e3o conclusivos<\/strong>, embora elas tenham uma propor\u00e7\u00e3o maior de centen\u00e1rios, mesmo em compara\u00e7\u00e3o com pa\u00edses mais desenvolvidos, tanto social quanto economicamente.<\/p>\n\n\n\n<p>Do mesmo modo, outra dificuldade no estudo dessas popula\u00e7\u00f5es \u00e9 que elas <strong>compartilham caracter\u00edsticas gen\u00e9ticas<\/strong> e de estilo de vida, o que torna necess\u00e1rio um estudo mais aprofundado da rela\u00e7\u00e3o com a maior longevidade. Esclarecendo que o envelhecimento humano \u00e9 atribu\u00eddo a uma mistura de fatores gen\u00e9ticos e epigen\u00e9ticos, por isso \u00e9 importante prestar aten\u00e7\u00e3o aos fatores de estilo de vida que s\u00e3o mais f\u00e1ceis de modificar (Navarro-Pardo, 2015, p.79).<\/p>\n\n\n\n<h3 class=\"wp-block-heading\">Vari\u00e1veis das zonas azuis<\/h3>\n\n\n\n<p>Entre as vari\u00e1veis envolvidas nisso, deve-se mencionar, em primeiro lugar, que <strong>apenas 20% da longevidade est\u00e1 relacionada a fatores gen\u00e9ticos<\/strong>, enquanto <strong>80% \u00e9 influenciada pelo ambiente e pelo estilo de vida<\/strong>. Outros autores sugerem que esse fator gen\u00e9tico \u00e9 respons\u00e1vel por 25-30% da variabilidade da longevidade.<\/p>\n\n\n\n<div style=\"height:9px\" aria-hidden=\"true\" class=\"wp-block-spacer\"><\/div>\n\n\n\n<h2 class=\"wp-block-heading\">Caracter\u00edsticas da popula\u00e7\u00e3o das zonas azuis por zonas:<\/h2>\n\n\n\n<p>Portanto, as principais caracter\u00edsticas dessas popula\u00e7\u00f5es espec\u00edficas s\u00e3o descritas a seguir:<\/p>\n\n\n\n<h3 class=\"wp-block-heading\">1. Icaria (Gr\u00e9cia)<\/h3>\n\n\n\n<p>As popula\u00e7\u00f5es das zonas azuis t\u00eam certos h\u00e1bitos e estilos de vida que parecem influenciar sua alta longevidade. Por exemplo, em Ic\u00e1ria, uma ilha grega de 255 km2, onde a probabilidade de as pessoas chegarem aos 100 anos \u00e9 <strong>tr\u00eas vezes maior do que em qualquer outro lugar do mundo<\/strong>, e a propor\u00e7\u00e3o de pessoas com 90 anos \u00e9 <strong>dez vezes maior do que a m\u00e9dia europeia<\/strong>.<\/p>\n\n\n\n<h4 class=\"wp-block-heading\">Morbidade<\/h4>\n\n\n\n<p>Em rela\u00e7\u00e3o \u00e0 morbidade:<\/p>\n\n\n\n<ul class=\"wp-block-list\">\n<li><strong>a taxa de incid\u00eancia de c\u00e2ncer \u00e9 inferior a 20%, <\/strong><\/li>\n\n\n\n<li>a incid\u00eancia de doen\u00e7as cardiovasculares \u00e9 50% menor,<\/li>\n\n\n\n<li>nenhum caso de depress\u00e3o,<\/li>\n\n\n\n<li>nenhum caso de dem\u00eancia.<\/li>\n<\/ul>\n\n\n\n<h4 class=\"wp-block-heading\">Chaves para a longevidade em Icaria (Gr\u00e9cia)<\/h4>\n\n\n\n<p>Um estudo compilou poss\u00edveis chaves para essa longevidade. Rodr\u00edguez &#8211; Pardo del Castillo &amp; L\u00f3pez Farr\u00e9 (2017, p.71-72) apontam o seguinte:<\/p>\n\n\n\n<ul class=\"wp-block-list\">\n<li>Um poss\u00edvel motivo para isso \u00e9 o <strong>isolamento <\/strong>que, devido \u00e0 dist\u00e2ncia, os idosos ainda mant\u00eam os mesmos h\u00e1bitos de meio s\u00e9culo atr\u00e1s, como <strong>caminhar nas montanhas \u00edngremes da regi\u00e3o<\/strong>.<\/li>\n\n\n\n<li>Da mesma forma, a <strong>dieta mediterr\u00e2nea<\/strong> foi destacada, com muitos de seus centen\u00e1rios afirmando que <strong>comem apenas o que cultivam e peixe<\/strong>, n\u00e3o carne. Outro considera que beber uma ta\u00e7a de vinho em vez de \u00e1gua rejuvenesce. Em um estudo do New York Times, os alimentos cozidos com azeite de oliva, o clima e a falta de estresse podem ser a causa comum de seu segredo. Al\u00e9m dessa dieta mediterr\u00e2nea, o consumo de uma infus\u00e3o di\u00e1ria de ch\u00e1 da montanha com ervas secas, como s\u00e1lvia, tomilho, hortel\u00e3 e camomila, tamb\u00e9m \u00e9 atribu\u00eddo.<\/li>\n\n\n\n<li><strong>Cochilar 30 minutos por dia, cinco vezes por semana<\/strong>, reduz em um ter\u00e7o a probabilidade de doen\u00e7as cardiovasculares. Da mesma forma, esses habitantes da ilha podem dormir profundamente por at\u00e9 10 horas.<\/li>\n\n\n\n<li>A taxa de mortalidade \u00e9 reduzida quase pela metade naqueles que <strong>mant\u00eam rela\u00e7\u00f5es sexuais pelo menos duas vezes por semana<\/strong> ap\u00f3s os 50 anos de idade.<\/li>\n\n\n\n<li><strong>Fazer exerc\u00edcios por meio de atividades f\u00edsicas na vida cotidiana<\/strong>, como o cultivo de uma horta, o que leva a sair para regar, remover ervas daninhas e tamb\u00e9m colher.<\/li>\n\n\n\n<li>Em Icara (Gr\u00e9cia), eles s\u00f3 usam ferramentas manuais, preparam o p\u00e3o \u00e0 m\u00e3o e se deslocam a p\u00e9 para ir ao supermercado ou ao trabalho.<\/li>\n\n\n\n<li><strong>Viver deliberadamente e sem pressa<\/strong>, os habitantes da ilha vivem em um ritmo lento e sem pressa, dedicando seu tempo para observar e viver, como nos exerc\u00edcios de medita\u00e7\u00e3o.<\/li>\n<\/ul>\n\n\n\n<h3 class=\"wp-block-heading\">2. Okinawa (Jap\u00e3o)<\/h3>\n\n\n\n<p>Por outro lado, Okinawa (Jap\u00e3o) n\u00e3o s\u00f3 se destaca por sua longevidade, mas tamb\u00e9m por suas <strong>baixas taxas de arteriosclerose, c\u00e2ncer de est\u00f4mago e baixo risco de c\u00e2ncer de mama e de pr\u00f3stata<\/strong>. Tamb\u00e9m foram identificadas taxas mais baixas da doen\u00e7a de Alzheimer.<\/p>\n\n\n\n<h4 class=\"wp-block-heading\">Dieta na zona azul de Okinawa<\/h4>\n\n\n\n<p>V\u00e1rios autores se concentraram em oito elementos relacionados \u00e0 dieta desses habitantes:<\/p>\n\n\n\n<ol class=\"wp-block-list\">\n<li><strong>\u00c1gua<\/strong>: eles bebem entre <strong>oito e doze copos por dia<\/strong>.<\/li>\n\n\n\n<li><strong>Infus\u00f5es<\/strong>: em especial ch\u00e1 verde e ch\u00e1 preto, eles costumam tom\u00e1-los sozinhos, sem leite ou ado\u00e7antes de qualquer tipo.<\/li>\n\n\n\n<li><strong>Alimentos ricos em c\u00e1lcio.<\/strong><\/li>\n\n\n\n<li><strong>Carne vermelha e ovos uma vez por semana.<\/strong><\/li>\n\n\n\n<li>Consumo frequente de <strong>soja<\/strong>.<\/li>\n\n\n\n<li><strong>Peixe<\/strong>: <strong>um a tr\u00eas peda\u00e7os por dia<\/strong>, especialmente peixes oleosos, como salm\u00e3o ou atum.<\/li>\n\n\n\n<li><strong>Tr\u00eas a cinco x\u00edcaras de arroz<\/strong>, milho ou macarr\u00e3o por dia.<\/li>\n\n\n\n<li><strong>Consumo de frutas e vegetais<\/strong>, de prefer\u00eancia crus, especialmente cenoura, repolho, cebola, piment\u00e3o e algas marinhas.<\/li>\n<\/ol>\n\n\n\n<h4 class=\"wp-block-heading\">Ikigai<\/h4>\n\n\n\n<p>Adicionalmente a essa dieta de baixa caloria, os idosos de Okinawa praticam o Ikigai, que se refere a ter um <strong>prop\u00f3sito na vida<\/strong>, fazer <strong>exerc\u00edcios<\/strong> <strong>f\u00edsicos <\/strong>e ter <strong>responsabilidades familiares<\/strong>. Os idosos s\u00e3o abra\u00e7ados pela fam\u00edlia, al\u00e9m da espiritualidade japonesa.<\/p>\n\n\n\n<h4 class=\"wp-block-heading\">Moais<\/h4>\n\n\n\n<p>Tamb\u00e9m destaca as rela\u00e7\u00f5es de amizade, em grupos chamados &#8220;moais&#8221;, nos quais <strong>5 amigos est\u00e3o comprometidos <\/strong>uns com os outros, o que favorece o ambiente social.<\/p>\n\n\n\n<h4 class=\"wp-block-heading\">Yuimaru<\/h4>\n\n\n\n<p>Okinawa \u00e9 uma comunidade muito unida, com o &#8220;yuimaru&#8221;, que significa c\u00edrculo de relacionamentos, sendo importante; por exemplo, eles t\u00eam <strong>hortas familiares<\/strong> e comunit\u00e1rias.<\/p>\n\n\n\n<p>Todas essas atividades, bem como a <strong>pesca e outras atividades ocupacionais<\/strong>, mant\u00eam as pessoas ativas mesmo em idades muito avan\u00e7adas (90 anos ou mais), levando em conta que s\u00e3o realizadas ao ar livre, o que lhes permite tomar sol e, assim, sintetizar a vitamina D, que promove o fortalecimento \u00f3sseo.<\/p>\n\n\n\n<h4 class=\"wp-block-heading\">Estilo de vida que faz de Okinawa uma zona azul<\/h4>\n\n\n\n<p>Por fim, foram identificados outros estilos de vida que parecem contribuir para sua grande longevidade:<\/p>\n\n\n\n<ul class=\"wp-block-list\">\n<li><strong>80% dos idosos vivem sozinhos<\/strong>, n\u00e3o s\u00e3o dependentes, pois sua sa\u00fade lhes permite isso.<\/li>\n\n\n\n<li>Eles tendem a se <strong>deslocar de bicicleta ou a p\u00e9<\/strong>.<\/li>\n\n\n\n<li>\u00c9 interessante notar que o <strong>horm\u00f4nio DHEA<\/strong>, o precursor do estrog\u00eanio e da testosterona, <strong>tem n\u00edveis reduzidos.<\/strong><\/li>\n\n\n\n<li><strong>Eles se levantam muito cedo e v\u00e3o para a cama muito cedo.<\/strong><\/li>\n<\/ul>\n\n\n\n<h3 class=\"wp-block-heading\">3. Loma Linda (Calif\u00f3rnia &#8211; EUA)<\/h3>\n\n\n\n<p>Enquanto isso, do outro lado do mundo, no continente americano, a cidade de Loma Lina tem uma caracter\u00edstica particular, que \u00e9 o fato de mais da metade de seus habitantes estarem ligados \u00e0 <strong>Igreja Adventista do S\u00e9timo Dia<\/strong>, e parece que pertencer a essa comunidade parece ser o principal fator que explica a longevidade.<\/p>\n\n\n\n<p>Por exemplo, eles designam o s\u00e1bado (<strong>Sabbath<\/strong>) como um dia de descanso e n\u00e3o fazem nada que possa ser considerado trabalho. Da mesma forma, eles t\u00eam <strong>h\u00e1bitos sociais como n\u00e3o fumar, n\u00e3o beber \u00e1lcool<\/strong> e <strong>a maioria deles n\u00e3o come carne<\/strong>, sua dieta \u00e9 composta principalmente de gr\u00e3os integrais, frutas frescas e nozes, n\u00e3o bebem cafe\u00edna nem comem alimentos com gorduras saturadas.<\/p>\n\n\n\n<p>A <strong>religiosidade <\/strong>tamb\u00e9m \u00e9 destacada, o que geralmente \u00e9 atribu\u00eddo a um aumento de 4 a 14 anos na expectativa de vida. E avalia-se que esse fator permite que as emo\u00e7\u00f5es sejam moduladas ao crescer com um prop\u00f3sito maior e, portanto, esse equil\u00edbrio emocional reduz as situa\u00e7\u00f5es estressantes.<\/p>\n\n\n\n<p>Concluiu-se que os habitantes de Loma Linda <strong>morrem das mesmas doen\u00e7as, mas em idades muito mais avan\u00e7adas<\/strong>, onde os habitantes se exercitam, v\u00e3o para a cama cedo, vivem sem \u00e1lcool e tabaco e oram a Deus.<\/p>\n\n\n\n<h3 class=\"wp-block-heading\">4. Nicoya (Costa Rica)<\/h3>\n\n\n\n<p>Essa pen\u00ednsula \u00e9 considerada a maior <strong>zona azul de longevidade<\/strong> do mundo, o que contrasta com o fato de ser uma <strong>\u00e1rea extremamente pobre<\/strong>, com problemas de desnutri\u00e7\u00e3o e higiene.<\/p>\n\n\n\n<p>Uma pesquisa realizada para avaliar a exist\u00eancia de um <strong>fator gen\u00e9tico<\/strong> que influencia isso identificou que os nicaraguenses perdem mais pares de tel\u00f4meros por ano, mas t\u00eam medidas de comprimento quase semelhantes \u00e0s daqueles que se beneficiam de certos h\u00e1bitos saud\u00e1veis, como exerc\u00edcios.<\/p>\n\n\n\n<p>Al\u00e9m disso, em Nicoya, alguns h\u00e1bitos tamb\u00e9m foram identificados, como comer alimentos frescos e n\u00e3o processados, <strong>priorizar o descanso e as amizades <\/strong>e incluir a atividade f\u00edsica regular em suas vidas di\u00e1rias.<\/p>\n\n\n\n<p>Sua dieta \u00e9 rica principalmente em alimentos integrais, como ab\u00f3bora, milho, banana, e um consumo relativamente baixo de carne. Grande parte de seus alimentos \u00e9 colhida por eles mesmos.<\/p>\n\n\n\n<p>Tamb\u00e9m foi identificada como uma caracter\u00edstica particular dessa \u00e1rea a \u00e1gua rica em c\u00e1lcio, que tem o efeito de taxas mais baixas de doen\u00e7as card\u00edacas, ossos mais fortes e menos fraturas de quadril.<\/p>\n\n\n\n<h3 class=\"wp-block-heading\">5. Sardenha (It\u00e1lia)<\/h3>\n\n\n\n<p>Finalmente, nessa \u00faltima zona azul, considera-se que a chave para a longevidade est\u00e1 na <strong>dieta mediterr\u00e2nea<\/strong>, que \u00e9 abundante no consumo de azeite de oliva, nozes, legumes e frutas frescas.<\/p>\n\n\n\n<p>Al\u00e9m disso, o isolamento em que essa popula\u00e7\u00e3o vive levou ao surgimento de marcadores gen\u00e9ticos ligados \u00e0 longevidade.<\/p>\n\n\n\n<p>Da mesma forma, muitos <strong>trabalhos manuais<\/strong> ainda s\u00e3o preservados nessa popula\u00e7\u00e3o, os quais, por si s\u00f3, exigem um esfor\u00e7o f\u00edsico ainda mais extenuante do que uma ida \u00e0 academia.<\/p>\n\n\n\n<p>Eles s\u00e3o uma <strong>comunidade <\/strong>que mant\u00e9m relacionamentos saud\u00e1veis com as pessoas ao seu redor, ningu\u00e9m vive sozinho, mesmo que viva sozinho em casa. Eles s\u00e3o independentes, limpam a pr\u00f3pria casa, caminham at\u00e9 a casa dos vizinhos, portanto, seu metabolismo funciona em um n\u00edvel mais alto.<\/p>\n\n\n\n<h2 class=\"wp-block-heading\">Conclus\u00e3o<\/h2>\n\n\n\n<h3 class=\"wp-block-heading\">Caracter\u00edsticas comuns das zonas azuis<\/h3>\n\n\n\n<p>Essas cinco zonas azuis compartilham as seguintes <strong>caracter\u00edsticas que refor\u00e7am esses estilos de vida e h\u00e1bitos saud\u00e1veis<\/strong> (Cavallini Solano et al., 2022, p. 99):<\/p>\n\n\n\n<ol class=\"wp-block-list\">\n<li>atividade f\u00edsica naturalmente di\u00e1ria,<\/li>\n\n\n\n<li>prop\u00f3sito de vida,<\/li>\n\n\n\n<li>rotinas para combater o estresse,<\/li>\n\n\n\n<li>ingest\u00e3o reduzida, consumo de legumes,<\/li>\n\n\n\n<li>consumo moderado de \u00e1lcool,<\/li>\n\n\n\n<li>participa\u00e7\u00e3o em comunidades religiosas,<\/li>\n\n\n\n<li>dedica\u00e7\u00e3o \u00e0 fam\u00edlia<\/li>\n\n\n\n<li>redes de apoio social familiar e comunit\u00e1rio.<\/li>\n<\/ol>\n\n\n\n<p>O estudo dessas popula\u00e7\u00f5es \u00e9 importante. Sem d\u00favida, ele marca os pilares do que tem sido considerado um envelhecimento saud\u00e1vel e destaca os estilos de vida que permitem que as pessoas tenham uma vida longa, sem que isso signifique incapacidade, doen\u00e7a ou solid\u00e3o.<\/p>\n\n\n\n<p>Essas zonas s\u00e3o relevantes em uma popula\u00e7\u00e3o que est\u00e1 envelhecendo, na qual o aumento de doen\u00e7as neurol\u00f3gicas e de dem\u00eancia est\u00e1 aumentando, e na qual as mudan\u00e7as no estilo de vida podem prevenir efetivamente o aparecimento dessas doen\u00e7as.<\/p>\n\n\n\n<h2 class=\"wp-block-heading\">Bibliografia<\/h2>\n\n\n\n<ul class=\"wp-block-list has-sm-font-size\">\n<li class=\"has-sm-font-size\">Figueroa Suarez, J. A., Bravo Cevallos, D. M., &amp; Guillen Mendoza, R. V. (2019). Salud, la esperanza y el coste de vida Health, hope and cost of living. <em>Revista Arbitrada Interdisciplinaria de Ciencias de la Salud. SALUD Y VIDA<\/em>, <em>3<\/em>(6), 278-299. http:\/\/dx.doi.org\/10.35381\/s.v.v3i6.322<\/li>\n\n\n\n<li class=\"has-sm-font-size\">Navarro-Pardo, E. (2015). \u00bfPor qu\u00e9 nos interesan las Zonas Azules? <em>Conversas de Psicologia e do Envelhecimento Ativo<\/em>, 77-91. ResearchGate. https:\/\/www.researchgate.net\/publication\/283625085_Por_que_nos_interesan_las_Zonas_Azules<\/li>\n\n\n\n<li class=\"has-sm-font-size\">Rodriguez &#8211; Pardo del Castillo, J. M., &amp; Lop\u00e9z Farr\u00e9, A. (2017). <em>Longevidad y envejecimiento en el tercer milenio: Nuevas perspectivas<\/em> (1st ed.). Fundaci\u00f3n Mapfre. https:\/\/www.escueladepensamiento.org\/wp-content\/uploads\/2024\/12\/00000001_compressed.pdf<\/li>\n\n\n\n<li class=\"has-sm-font-size\">Y\u00e1\u00f1ez-Y\u00e1\u00f1ez, R., &amp; Mc Ardle Draguicevic, N. (2021). Zonas azules: longevidad poblacional, un anhelo de la sociedad. <em>Rev Med Chile<\/em>, (149), 147-158. https:\/\/www.scielo.cl\/pdf\/rmc\/v149n1\/0717-6163-rmc-149-01-0154.pdf<\/li>\n<\/ul>\n\n\n\n<h3 class=\"wp-block-heading\">Se voc\u00ea gostou deste artigo sobre zonas azuis<strong>, talvez tamb\u00e9m tenha interesse:<\/strong><\/h3>\n\n\n<div class=\"mai-grid entries entries-grid has-boxed has-image-full\" style=\"--entry-title-font-size:var(--font-size-lg);--align-text:start;--entry-meta-text-align:start;\"><div class=\"entries-wrap has-columns\" style=\"--columns-xs:1\/1;--columns-sm:1\/1;--columns-md:1\/3;--columns-lg:1\/3;--flex-xs:0 0 var(--flex-basis);--flex-sm:0 0 var(--flex-basis);--flex-md:0 0 var(--flex-basis);--flex-lg:0 0 var(--flex-basis);--column-gap:var(--spacing-lg);--row-gap:var(--spacing-lg);--align-columns:start;\"><article class=\"entry entry-grid is-column has-entry-link type-post category-linhas-de-investigacao tag-noticias-da-neuronup tag-pesquisa\" style=\"--entry-index:1;\" aria-label=\"Dispositivos digitais como ferramenta terap\u00eautica em crian\u00e7as e adolescentes com defici\u00eancia intelectual\" itemscope itemtype=\"https:\/\/schema.org\/CreativeWork\"><div class=\"entry-wrap entry-wrap-grid\"><h3 class=\"entry-title\" itemprop=\"headline\"><a class=\"entry-title-link\" href=\"https:\/\/neuronup.com\/br\/investigacao\/linhas-de-investigacao\/dispositivos-digitais-como-ferramenta-terapeutica-em-criancas-e-adolescentes-com-deficiencia-intelectual\/\" rel=\"bookmark\">Dispositivos digitais como ferramenta terap\u00eautica em crian\u00e7as e adolescentes com defici\u00eancia intelectual<\/a><\/h3>\n<\/div><\/article><article class=\"entry entry-grid is-column has-entry-link has-image has-image-first type-post category-depoimentos tag-adultos tag-estimulacao-cognitiva tag-lesao-cerebral-adquirida tag-testemunhos\" style=\"--entry-index:2;\" aria-label=\"Reabilita\u00e7\u00e3o cognitiva com NeuronUP no Ateneu Maestrat\" itemscope itemtype=\"https:\/\/schema.org\/CreativeWork\"><a class=\"entry-image-link\" href=\"https:\/\/neuronup.com\/br\/noticias-de-estimulacao-cognitiva\/depoimentos\/reabilitacao-cognitiva-com-neuronup-no-ateneu-maestrat\/\" tabindex=\"-1\" aria-hidden=\"true\"><img decoding=\"async\" width=\"300\" height=\"300\" src=\"https:\/\/neuronup.com\/br\/wp-content\/uploads\/2024\/12\/Usuario-de-Ateneu-Maestrat-trabajando-con-NeuronUP.webp\" class=\"entry-image size-landscape-sm\" alt=\"Homem sentado diante de um computador, apontando para a tela; monitor exibe v\u00e1rias imagens de rostos, em escrit\u00f3rio.\" srcset=\"https:\/\/neuronup.com\/br\/wp-content\/uploads\/2024\/12\/Usuario-de-Ateneu-Maestrat-trabajando-con-NeuronUP-24x24.webp 24w, https:\/\/neuronup.com\/br\/wp-content\/uploads\/2024\/12\/Usuario-de-Ateneu-Maestrat-trabajando-con-NeuronUP-48x48.webp 48w, https:\/\/neuronup.com\/br\/wp-content\/uploads\/2024\/12\/Usuario-de-Ateneu-Maestrat-trabajando-con-NeuronUP-96x96.webp 96w, https:\/\/neuronup.com\/br\/wp-content\/uploads\/2024\/12\/Usuario-de-Ateneu-Maestrat-trabajando-con-NeuronUP-150x150.webp 150w, https:\/\/neuronup.com\/br\/wp-content\/uploads\/2024\/12\/Usuario-de-Ateneu-Maestrat-trabajando-con-NeuronUP-300x300.webp 300w, https:\/\/neuronup.com\/br\/wp-content\/uploads\/2024\/12\/Usuario-de-Ateneu-Maestrat-trabajando-con-NeuronUP-768x769.webp 768w, https:\/\/neuronup.com\/br\/wp-content\/uploads\/2024\/12\/Usuario-de-Ateneu-Maestrat-trabajando-con-NeuronUP-1022x1024.webp 1022w, https:\/\/neuronup.com\/br\/wp-content\/uploads\/2024\/12\/Usuario-de-Ateneu-Maestrat-trabajando-con-NeuronUP.webp 1200w\" sizes=\"(max-width:599px) 599px, (min-width:600px) and (max-width: 799px) 799px, (min-width:800px) and (max-width: 999px) 333px, (min-width:1000px) 400px\" \/><\/a><div class=\"entry-wrap entry-wrap-grid\"><h3 class=\"entry-title\" itemprop=\"headline\"><a class=\"entry-title-link\" href=\"https:\/\/neuronup.com\/br\/noticias-de-estimulacao-cognitiva\/depoimentos\/reabilitacao-cognitiva-com-neuronup-no-ateneu-maestrat\/\" rel=\"bookmark\">Reabilita\u00e7\u00e3o cognitiva com NeuronUP no Ateneu Maestrat<\/a><\/h3>\n<\/div><\/article><article class=\"entry entry-grid is-column has-entry-link has-image has-image-first type-post category-depoimentos tag-testemunhos\" style=\"--entry-index:3;\" aria-label=\"Superar os desafios cognitivos: a abordagem \u00fanica da BIQAF Psychology\" itemscope itemtype=\"https:\/\/schema.org\/CreativeWork\"><a class=\"entry-image-link\" href=\"https:\/\/neuronup.com\/br\/noticias-de-estimulacao-cognitiva\/depoimentos\/superar-os-retos-cognitivos-o-enfoque-unico-de-biqaf-psychology\/\" tabindex=\"-1\" aria-hidden=\"true\"><img decoding=\"async\" width=\"400\" height=\"300\" src=\"https:\/\/neuronup.com\/br\/wp-content\/uploads\/2024\/11\/BIQAF-usuario.webp\" class=\"entry-image size-landscape-sm\" alt=\"Pessoa sentada em cadeira, fones de ouvido, diante de laptop e tela com gr\u00e1ficos; ambiente claro e tranquilo.\" srcset=\"https:\/\/neuronup.com\/br\/wp-content\/uploads\/2024\/11\/BIQAF-usuario-300x225.webp 300w, https:\/\/neuronup.com\/br\/wp-content\/uploads\/2024\/11\/BIQAF-usuario-768x576.webp 768w, https:\/\/neuronup.com\/br\/wp-content\/uploads\/2024\/11\/BIQAF-usuario-1024x768.webp 1024w, https:\/\/neuronup.com\/br\/wp-content\/uploads\/2024\/11\/BIQAF-usuario.webp 1200w\" sizes=\"(max-width:599px) 599px, (min-width:600px) and (max-width: 799px) 799px, (min-width:800px) and (max-width: 999px) 333px, (min-width:1000px) 400px\" \/><\/a><div class=\"entry-wrap entry-wrap-grid\"><h3 class=\"entry-title\" itemprop=\"headline\"><a class=\"entry-title-link\" href=\"https:\/\/neuronup.com\/br\/noticias-de-estimulacao-cognitiva\/depoimentos\/superar-os-retos-cognitivos-o-enfoque-unico-de-biqaf-psychology\/\" rel=\"bookmark\">Superar os desafios cognitivos: a abordagem \u00fanica da BIQAF Psychology<\/a><\/h3>\n<\/div><\/article><article class=\"entry entry-grid is-column has-entry-link has-image has-image-first type-post category-doencas-raras tag-doencas-raras\" style=\"--entry-index:4;\" aria-label=\"Compreendendo a S\u00edndrome de Gerstmann\" itemscope itemtype=\"https:\/\/schema.org\/CreativeWork\"><a class=\"entry-image-link\" href=\"https:\/\/neuronup.com\/br\/noticias-de-estimulacao-cognitiva\/doencas-raras\/compreendendo-o-sindrome-de-gerstmann\/\" tabindex=\"-1\" aria-hidden=\"true\"><img decoding=\"async\" width=\"400\" height=\"267\" src=\"https:\/\/neuronup.com\/br\/wp-content\/uploads\/2024\/11\/Comprendiendo-el-Sindrome-de-Gerstmann-NeuronUP.webp\" class=\"entry-image size-landscape-sm\" alt=\"Mulher sentada em cadeira, cabelos longos escuros, camisa azul; express\u00e3o s\u00e9ria e pensativa com a m\u00e3o no queixo, fundo neutro.\" srcset=\"https:\/\/neuronup.com\/br\/wp-content\/uploads\/2024\/11\/Comprendiendo-el-Sindrome-de-Gerstmann-NeuronUP-300x200.webp 300w, https:\/\/neuronup.com\/br\/wp-content\/uploads\/2024\/11\/Comprendiendo-el-Sindrome-de-Gerstmann-NeuronUP-768x512.webp 768w, https:\/\/neuronup.com\/br\/wp-content\/uploads\/2024\/11\/Comprendiendo-el-Sindrome-de-Gerstmann-NeuronUP-1024x683.webp 1024w, https:\/\/neuronup.com\/br\/wp-content\/uploads\/2024\/11\/Comprendiendo-el-Sindrome-de-Gerstmann-NeuronUP.webp 1200w\" sizes=\"(max-width:599px) 599px, (min-width:600px) and (max-width: 799px) 799px, (min-width:800px) and (max-width: 999px) 333px, (min-width:1000px) 400px\" \/><\/a><div class=\"entry-wrap entry-wrap-grid\"><h3 class=\"entry-title\" itemprop=\"headline\"><a class=\"entry-title-link\" href=\"https:\/\/neuronup.com\/br\/noticias-de-estimulacao-cognitiva\/doencas-raras\/compreendendo-o-sindrome-de-gerstmann\/\" rel=\"bookmark\">Compreendendo a S\u00edndrome de Gerstmann<\/a><\/h3>\n<\/div><\/article><article class=\"entry entry-grid is-column has-entry-link has-image has-image-first type-post category-linhas-de-investigacao tag-noticias-da-neuronup tag-pesquisa\" style=\"--entry-index:5;\" aria-label=\"A doen\u00e7a de Alzheimer como construto cl\u00ednico-biol\u00f3gico: recomenda\u00e7\u00e3o de um grupo de trabalho internacional\" itemscope itemtype=\"https:\/\/schema.org\/CreativeWork\"><a class=\"entry-image-link\" href=\"https:\/\/neuronup.com\/br\/investigacao\/linhas-de-investigacao\/a-doenca-de-alzheimer-como-construto-clinico-biologico-recomendacao-de-um-grupo-de-trabalho-internacional\/\" tabindex=\"-1\" aria-hidden=\"true\"><img decoding=\"async\" width=\"400\" height=\"225\" src=\"https:\/\/neuronup.com\/br\/wp-content\/uploads\/2024\/11\/La-enfermedad-de-alzheimer-como-constructo-clinico-biologico-recomendacion-de-un-grupo-de-trabajo-internacional-NeuronUP.webp\" class=\"entry-image size-landscape-sm\" alt=\"Homem idoso de cabelo branco concentra-se em montar um quebra-cabe\u00e7a, com outra pessoa oferecendo apoio no ombro, em ambiente claro.\" srcset=\"https:\/\/neuronup.com\/br\/wp-content\/uploads\/2024\/11\/La-enfermedad-de-alzheimer-como-constructo-clinico-biologico-recomendacion-de-un-grupo-de-trabajo-internacional-NeuronUP-300x169.webp 300w, https:\/\/neuronup.com\/br\/wp-content\/uploads\/2024\/11\/La-enfermedad-de-alzheimer-como-constructo-clinico-biologico-recomendacion-de-un-grupo-de-trabajo-internacional-NeuronUP-768x432.webp 768w, https:\/\/neuronup.com\/br\/wp-content\/uploads\/2024\/11\/La-enfermedad-de-alzheimer-como-constructo-clinico-biologico-recomendacion-de-un-grupo-de-trabajo-internacional-NeuronUP-1024x576.webp 1024w, https:\/\/neuronup.com\/br\/wp-content\/uploads\/2024\/11\/La-enfermedad-de-alzheimer-como-constructo-clinico-biologico-recomendacion-de-un-grupo-de-trabajo-internacional-NeuronUP.webp 1200w\" sizes=\"(max-width:599px) 599px, (min-width:600px) and (max-width: 799px) 799px, (min-width:800px) and (max-width: 999px) 333px, (min-width:1000px) 400px\" \/><\/a><div class=\"entry-wrap entry-wrap-grid\"><h3 class=\"entry-title\" itemprop=\"headline\"><a class=\"entry-title-link\" href=\"https:\/\/neuronup.com\/br\/investigacao\/linhas-de-investigacao\/a-doenca-de-alzheimer-como-construto-clinico-biologico-recomendacao-de-um-grupo-de-trabalho-internacional\/\" rel=\"bookmark\">A doen\u00e7a de Alzheimer como construto cl\u00ednico-biol\u00f3gico: recomenda\u00e7\u00e3o de um grupo de trabalho internacional<\/a><\/h3>\n<\/div><\/article><article class=\"entry entry-grid is-column has-entry-link has-image has-image-first type-post category-atividades-para-transtornos-do-desenvolvimento tag-atividades-de-estimulacao-cognitiva tag-atividades-de-estimulacao-cognitiva-para-criancas tag-criancas tag-dislexia tag-estimulacao-cognitiva tag-transtornos-do-neurodesenvolvimento\" style=\"--entry-index:6;\" aria-label=\"Atividades para pessoas com dislexia\" itemscope itemtype=\"https:\/\/schema.org\/CreativeWork\"><a class=\"entry-image-link\" href=\"https:\/\/neuronup.com\/br\/atividades-de-neurorreabilitacao\/atividades-para-transtornos-do-desenvolvimento\/atividades-para-pessoas-com-dislexia\/\" tabindex=\"-1\" aria-hidden=\"true\"><img decoding=\"async\" width=\"400\" height=\"225\" src=\"https:\/\/neuronup.com\/br\/wp-content\/uploads\/2024\/10\/Detective-de-letras-NeuronUP.webp\" class=\"entry-image size-landscape-sm\" alt=\"Interface educativa do NeuronUP com fogueira; palavra &#039;fuego&#039; tem a letra &#039;e&#039; destacada em verde.\" srcset=\"https:\/\/neuronup.com\/br\/wp-content\/uploads\/2024\/10\/Detective-de-letras-NeuronUP-300x169.webp 300w, https:\/\/neuronup.com\/br\/wp-content\/uploads\/2024\/10\/Detective-de-letras-NeuronUP-768x432.webp 768w, https:\/\/neuronup.com\/br\/wp-content\/uploads\/2024\/10\/Detective-de-letras-NeuronUP-1024x576.webp 1024w, https:\/\/neuronup.com\/br\/wp-content\/uploads\/2024\/10\/Detective-de-letras-NeuronUP.webp 1200w\" sizes=\"(max-width:599px) 599px, (min-width:600px) and (max-width: 799px) 799px, (min-width:800px) and (max-width: 999px) 333px, (min-width:1000px) 400px\" \/><\/a><div class=\"entry-wrap entry-wrap-grid\"><h3 class=\"entry-title\" itemprop=\"headline\"><a class=\"entry-title-link\" href=\"https:\/\/neuronup.com\/br\/atividades-de-neurorreabilitacao\/atividades-para-transtornos-do-desenvolvimento\/atividades-para-pessoas-com-dislexia\/\" rel=\"bookmark\">Atividades para pessoas com dislexia<\/a><\/h3>\n<\/div><\/article><\/div><\/div>","protected":false},"excerpt":{"rendered":"<p>Neste artigo, a neuropsic\u00f3loga Diana Carolina G\u00f3mez Blanco explica o que s\u00e3o as Zonas Azuis (ZAs) e o segredo da longevidade de seus habitantes, com \u00eanfase especial nas caracter\u00edsticas, nas chaves e nos estilos de vida das popula\u00e7\u00f5es das ZAs. Zonas azuis e o segredo da longevidade Desde a antiguidade, a busca pela juventude eterna &hellip;<\/p>\n","protected":false},"author":188,"featured_media":34050,"comment_status":"open","ping_status":"open","sticky":false,"template":"","format":"standard","meta":{"_acf_changed":false,"_genesis_hide_title":false,"_genesis_hide_breadcrumbs":false,"_genesis_hide_singular_image":false,"_genesis_hide_footer_widgets":false,"_genesis_custom_body_class":"","_genesis_custom_post_class":"","_genesis_layout":"","footnotes":""},"categories":[612],"tags":[577,613],"class_list":{"2":"type-post","7":"category-envelhecimento-natural","8":"tag-doencas-neurodegenerativas","9":"tag-envelhecimento-natural","10":"entry"},"acf":[],"_links":{"self":[{"href":"https:\/\/neuronup.com\/br\/wp-json\/wp\/v2\/posts\/5921","targetHints":{"allow":["GET"]}}],"collection":[{"href":"https:\/\/neuronup.com\/br\/wp-json\/wp\/v2\/posts"}],"about":[{"href":"https:\/\/neuronup.com\/br\/wp-json\/wp\/v2\/types\/post"}],"author":[{"embeddable":true,"href":"https:\/\/neuronup.com\/br\/wp-json\/wp\/v2\/users\/188"}],"replies":[{"embeddable":true,"href":"https:\/\/neuronup.com\/br\/wp-json\/wp\/v2\/comments?post=5921"}],"version-history":[{"count":0,"href":"https:\/\/neuronup.com\/br\/wp-json\/wp\/v2\/posts\/5921\/revisions"}],"wp:featuredmedia":[{"embeddable":true,"href":"https:\/\/neuronup.com\/br\/wp-json\/wp\/v2\/media\/34050"}],"wp:attachment":[{"href":"https:\/\/neuronup.com\/br\/wp-json\/wp\/v2\/media?parent=5921"}],"wp:term":[{"taxonomy":"category","embeddable":true,"href":"https:\/\/neuronup.com\/br\/wp-json\/wp\/v2\/categories?post=5921"},{"taxonomy":"post_tag","embeddable":true,"href":"https:\/\/neuronup.com\/br\/wp-json\/wp\/v2\/tags?post=5921"}],"curies":[{"name":"wp","href":"https:\/\/api.w.org\/{rel}","templated":true}]}}