{"id":52268,"date":"2026-09-01T14:21:45","date_gmt":"2026-09-01T12:21:45","guid":{"rendered":"https:\/\/neuronup.com\/br\/?p=52268"},"modified":"2026-09-01T14:21:45","modified_gmt":"2026-09-01T12:21:45","slug":"reabilitacao-cognitiva-e-descanso-cerebral-evidencia-sobre-a-fadiga-mental-e-retorno-ao-trabalho","status":"publish","type":"post","link":"https:\/\/neuronup.com\/br\/neurociencia\/neuropsicologia\/reabilitacao-cognitiva-e-descanso-cerebral-evidencia-sobre-a-fadiga-mental-e-retorno-ao-trabalho\/","title":{"rendered":"Recupera\u00e7\u00e3o cognitiva e descanso cerebral: evid\u00eancias sobre a fadiga mental e o retorno ao trabalho"},"content":{"rendered":"\n<p class=\"has-xl-font-size wp-block-paragraph\">Valeria Medina, neuropsic\u00f3loga da NeuronUP, explica <strong>do que o c\u00e9rebro precisa durante as f\u00e9rias e como retomar o trabalho da maneira mais segura poss\u00edvel para o nosso c\u00e9rebro<\/strong>.<\/p>\n\n\n\n<section class=\"wp-block-group anims-fadein-up\"><div class=\"wp-block-group__inner-container is-layout-constrained wp-block-group-is-layout-constrained\">\n<p class=\"has-text-align-center br-0101 has-heading-color has-alt-background-color has-text-color has-background has-link-color wp-elements-1 has-xl-margin-top has-xxl-margin-bottom wp-block-paragraph\">O estresse ocupacional cont\u00ednuo enfraquece o controle das fun\u00e7\u00f5es executivas e sobrecarrega a mem\u00f3ria de trabalho, reduzindo a efici\u00eancia atencional. As <strong>f\u00e9rias oferecem uma oportunidade de recupera\u00e7\u00e3o cognitiva<\/strong>, na qual o desligamento psicol\u00f3gico e o descanso ativam a rede de modo padr\u00e3o (DMN), processo fundamental para a consolida\u00e7\u00e3o da mem\u00f3ria e a restaura\u00e7\u00e3o dos recursos cerebrais. Neste artigo, examinamos as <strong>bases neurobiol\u00f3gicas da fadiga mental, do burnout e da s\u00edndrome p\u00f3s-f\u00e9rias<\/strong>, apresentando <strong>orienta\u00e7\u00f5es respaldadas por evid\u00eancias cient\u00edficas para gerenciar a carga cognitiva durante um retorno ao trabalho progressivo e sustent\u00e1vel<\/strong>.<\/p>\n<\/div><\/section>\n\n\n\n<div style=\"height:20px\" aria-hidden=\"true\" class=\"wp-block-spacer\"><\/div>\n\n\n\n<h2 class=\"wp-block-heading\">Da fadiga mental \u00e0 recupera\u00e7\u00e3o cognitiva<\/h2>\n\n\n\n<p class=\"wp-block-paragraph\">A sensa\u00e7\u00e3o de chegar \u00e0s f\u00e9rias com a cabe\u00e7a cheia tem uma base reconhec\u00edvel. Depois de meses de e-mails, interrup\u00e7\u00f5es, <a href=\"https:\/\/neuronup.com\/br\/neurociencia\/neuropsicologia\/o-impacto-da-multitarefa-no-funcionamento-cerebral-e-cognitivo\/\">multitarefa<\/a> e decis\u00f5es encadeadas, \u00e9 comum que se concentrar fique mais dif\u00edcil, que seja preciso reler uma tarefa ou que ocorram pequenos esquecimentos. <strong>As evid\u00eancias relacionam o estresse ocupacional e,<\/strong> provavelmente, <strong>as jornadas prolongadas a um pior funcionamento cognitivo<\/strong>, embora o efeito dependa do tipo de trabalho e de cada pessoa (Bufano et al., 2024).<\/p>\n\n\n\n<p class=\"wp-block-paragraph\">Considerando o exposto, <strong>as f\u00e9rias oferecem uma oportunidade de recupera\u00e7\u00e3o cognitiva<\/strong>. O c\u00e9rebro permanece ativo durante o descanso, embora mude o tipo de demanda que precisa sustentar. Com a redu\u00e7\u00e3o da press\u00e3o temporal, da vigil\u00e2ncia e da necessidade de responder, <strong>diminui a exig\u00eancia cont\u00ednua sobre a aten\u00e7\u00e3o, a mem\u00f3ria e o funcionamento executivo<\/strong>.<\/p>\n\n\n\n<h2 class=\"wp-block-heading\">O desligamento mental e seu impacto na recupera\u00e7\u00e3o cognitiva\u00a0<\/h2>\n\n\n\n<p class=\"wp-block-paragraph\">A <a href=\"https:\/\/neuronup.com\/br\/neurociencia\/neuropsicologia\/funcoes-executivas\/neuro-reabilitacao-e-estimulacao-das-funcoes-executivas-no-mundo-do-trabalho\/\">psicologia do trabalho<\/a> entende a recupera\u00e7\u00e3o como o <strong>processo por meio do qual a tens\u00e3o gerada pelas demandas profissionais diminui e os recursos s\u00e3o restaurados<\/strong>. Uma parte central desse processo \u00e9 o <strong>desligamento psicol\u00f3gico<\/strong>, ou seja, deixar de realizar tarefas de trabalho e, na medida do poss\u00edvel, tamb\u00e9m deixar de ruminar sobre elas. Uma <strong>carga de trabalho elevada dificulta esse distanciamento mental<\/strong>, enquanto continuar pensando no trabalho durante o tempo livre est\u00e1 associado a maior sofrimento e menor bem-estar (Sonnentag e Fritz, 2015).<\/p>\n\n\n\n<p class=\"wp-block-paragraph\">Durante as f\u00e9rias, o bem-estar costuma melhorar de forma significativa, e parte desse efeito pode permanecer por v\u00e1rias semanas. O <strong>desligamento psicol\u00f3gico e a atividade f\u00edsica<\/strong> est\u00e3o entre as <strong>experi\u00eancias que melhor acompanham a recupera\u00e7\u00e3o<\/strong>. Por isso, \u00e9 importante contar com dias livres com atividades de lazer e tamb\u00e9m considerar como s\u00e3o vivenciados, quanta margem de escolha oferecem e at\u00e9 que ponto permitem afastar-se do trabalho (Grant, Buchanan e Shockley, 2025).&nbsp;<\/p>\n\n\n\n<p class=\"wp-block-paragraph\">Isso ajuda a entender por que verificar o e-mail \u201cs\u00f3 por um momento\u201d pode impedir um desligamento profundo. Uma mensagem ocupa poucos minutos, mas, ao abri-la, o contexto profissional \u00e9 reativado. Retornam a tarefa pendente, a decis\u00e3o que ser\u00e1 preciso tomar e a sensa\u00e7\u00e3o de disponibilidade. O <strong>uso do telefone para trabalhar fora do hor\u00e1rio est\u00e1 associado a maior conflito entre a vida pessoal e a profissional<\/strong>, e a dificuldade para se desligar parece explicar parte dessa rela\u00e7\u00e3o. Como boa parte das evid\u00eancias \u00e9 transversal, esses <strong>resultados descrevem uma associa\u00e7\u00e3o e oferecem uma base limitada para estabelecer causalidade<\/strong> (Blake et al., 2024).<\/p>\n\n\n\n\n\n<div style=\"height:50px\" aria-hidden=\"true\" class=\"wp-block-spacer\"><\/div>\n\n\n\n<h2 class=\"wp-block-heading\">Efeitos da fadiga e do estresse nos n\u00edveis cognitivo e cerebral<\/h2>\n\n\n\n<p class=\"wp-block-paragraph\">A express\u00e3o \u201cficar sem energia mental\u201d funciona como uma met\u00e1fora. <strong>A fadiga se manifesta como menor efici\u00eancia para sustentar o esfor\u00e7o<\/strong>, sobretudo quando uma tarefa exige <a href=\"https:\/\/neuronup.com\/br\/atividades-de-neurorreabilitacao\/para-funcoes-cognitivas\/de-atencao\/atividades-de-atencao-sustentada-para-adultos-e-criancas\/\">aten\u00e7\u00e3o prolongada<\/a>, inibir distra\u00e7\u00f5es, manter informa\u00e7\u00f5es ativas ou mudar de estrat\u00e9gia. Depois de uma atividade mon\u00f3tona e prolongada, podem surgir respostas mais lentas, mais omiss\u00f5es e sinais cerebrais compat\u00edveis com menor disponibilidade de recursos atencionais. A fadiga, portanto, <strong>pode ser observada na experi\u00eancia subjetiva, no desempenho e na atividade cerebral<\/strong> (Guo et al., 2018).<\/p>\n\n\n\n<p class=\"wp-block-paragraph\">O <a href=\"https:\/\/neuronup.com\/br\/psicologia\/o-estresse-laboral-definicao-causas-e-consequencias-para-a-saude\/\">estresse<\/a> acrescenta outra camada. O c\u00f3rtex pr\u00e9-frontal participa da mem\u00f3ria de trabalho, do planejamento, da inibi\u00e7\u00e3o e do comportamento dirigido a metas<strong>. Uma resposta intensa de estresse<\/strong> altera a sinaliza\u00e7\u00e3o neuroqu\u00edmica dessas redes e <strong>pode enfraquecer temporariamente o controle cognitivo<\/strong>. Sob press\u00e3o, portanto, fica mais dif\u00edcil priorizar, considerar alternativas ou frear uma resposta autom\u00e1tica (Arnsten, 2009). Uma semana complicada raramente produz uma les\u00e3o cerebral. O ponto relevante est\u00e1 na sensibilidade do desempenho cognitivo ao estado fisiol\u00f3gico e emocional.<\/p>\n\n\n\n<p class=\"wp-block-paragraph\">Quando o esgotamento se torna clinicamente significativo, as dificuldades podem ser mais amplas. <strong>Em pessoas com<\/strong> <a href=\"https:\/\/neuronup.com\/br\/neurociencia\/neuropsicologia\/sindrome-de-burnout-e-funcoes-executivas-evidencia-e-intervencao-desde-a-neuropsicologia-clinica\/\"><strong><em>burnout<\/em><\/strong><\/a> <strong>foram observadas altera\u00e7\u00f5es pequenas ou moderadas na mem\u00f3ria epis\u00f3dica, na mem\u00f3ria de trabalho, no planejamento, na inibi\u00e7\u00e3o, na aten\u00e7\u00e3o e na velocidade de processamento<\/strong> (Gavelin et al., 2022). Esses dados ajudam a dimensionar a fadiga persistente, embora sejam insuficientes para interpretar o cansa\u00e7o habitual do fim de uma temporada como um diagn\u00f3stico.<\/p>\n\n\n\n<h2 class=\"wp-block-heading\">O c\u00e9rebro em repouso tamb\u00e9m continua trabalhando<\/h2>\n\n\n\n<p class=\"wp-block-paragraph\"><strong>O descanso mant\u00e9m o c\u00e9rebro ativo<\/strong>. Quando a aten\u00e7\u00e3o deixa de se concentrar em uma demanda externa, a rede de modo padr\u00e3o, envolvida na mem\u00f3ria autobiogr\u00e1fica, no pensamento sobre si mesmo, na cogni\u00e7\u00e3o social e na simula\u00e7\u00e3o do futuro, ganha maior protagonismo (Menon, 2023). Durante uma caminhada tranquila ou um per\u00edodo sem agenda, podem surgir lembran\u00e7as, conex\u00f5es e ideias que permaneciam ocultas ao resolver uma tarefa ap\u00f3s outra. <strong>\u00c9 um modo diferente de funcionamento cerebral<\/strong>.<\/p>\n\n\n\n<p class=\"wp-block-paragraph\">O descanso <strong>pode ser desconfort\u00e1vel no in\u00edcio<\/strong>. Quando a rotina habitual est\u00e1 cheia de est\u00edmulos, desacelerar abre espa\u00e7o para pensamentos pendentes, preocupa\u00e7\u00f5es ou uma sensa\u00e7\u00e3o de t\u00e9dio. Essa experi\u00eancia pode levar a buscar imediatamente o telefone, organizar outra atividade ou voltar mentalmente ao trabalho. Dar alguns minutos a essa transi\u00e7\u00e3o permite que a aten\u00e7\u00e3o abandone gradualmente o modo de resposta constante. Caminhar sem fones de ouvido, sentar-se para observar o ambiente ou tomar um caf\u00e9 sem verificar mensagens s\u00e3o formas simples de pratic\u00e1-lo. Esses momentos <strong>alternam a aten\u00e7\u00e3o direcionada para fora com processos internos<\/strong> relacionados \u00e0 mem\u00f3ria, \u00e0 reflex\u00e3o pessoal e \u00e0 imagina\u00e7\u00e3o do futuro, fun\u00e7\u00f5es associadas \u00e0 rede de modo padr\u00e3o (Menon, 2023).<\/p>\n\n\n\n<p class=\"wp-block-paragraph\"><strong>Breves per\u00edodos de repouso acordado tamb\u00e9m podem favorecer a consolida\u00e7\u00e3o da mem\u00f3ria<\/strong>. Depois de aprender algo, alguns minutos de tranquilidade oferecem ao c\u00e9rebro uma oportunidade de estabilizar as informa\u00e7\u00f5es recentes. Esse <strong>efeito pode se prolongar por v\u00e1rios dias<\/strong>, embora varie de acordo com o tipo de aprendizagem e o contexto (Dewar et al., 2012). Preencher cada intervalo com novos est\u00edmulos reduz justamente esse espa\u00e7o de pausa.<\/p>\n\n\n\n<p class=\"wp-block-paragraph\"><a href=\"https:\/\/neuronup.com\/br\/neurociencia\/neurociencia-do-sono-como-o-descanso-influencia-a-recuperacao-cerebral-e-o-desempenho-cognitivo\/\"><strong>O sono completa essa recupera\u00e7\u00e3o<\/strong><\/a>. Durante o sono, os tra\u00e7os de mem\u00f3ria s\u00e3o reativados e reorganizados por meio da coordena\u00e7\u00e3o entre o hipocampo e as regi\u00f5es corticais. Esse trabalho noturno <strong>favorece a integra\u00e7\u00e3o das aprendizagens recentes aos conhecimentos pr\u00e9vios e sua transforma\u00e7\u00e3o em representa\u00e7\u00f5es mais est\u00e1veis<\/strong>, enquanto o c\u00e9rebro seleciona quais informa\u00e7\u00f5es merecem ser conservadas. Esse processo facilita a recupera\u00e7\u00e3o do que foi aprendido quando voltar a ser necess\u00e1rio mais adiante. Dormir faz parte da aprendizagem e do equil\u00edbrio cognitivo do dia seguinte (Diekelmann e Born, 2010). F\u00e9rias restauradoras favorecem quantidade e qualidade suficientes de sono, junto com noites afastadas da hiperatividade do dia.<\/p>\n\n\n\n<div style=\"height:50px\" aria-hidden=\"true\" class=\"wp-block-spacer\"><\/div>\n\n\n\n<div class=\"wp-block-group br-0111 has-primary-background-color has-background has-dark-background has-sm-padding-top has-sm-padding-left has-sm-padding-right has-xxl-margin-top\"><div class=\"wp-block-group__inner-container is-layout-constrained wp-block-group-is-layout-constrained\">\n<div class=\"wp-block-columns is-layout-flex wp-container-core-columns-is-layout-8f761849 wp-block-columns-is-layout-flex\">\n<div class=\"wp-block-column is-layout-flow wp-block-column-is-layout-flow\">\n<figure class=\"wp-block-image size-full desktop-position-absolute desktop-bottom-0 mobile-width-50 mobile-m-inline-auto has-xl-margin-top\"><img decoding=\"async\" width=\"292\" height=\"338\" src=\"https:\/\/neuronup.com\/br\/wp-content\/uploads\/2024\/10\/certificado-de-produto.webp\" alt=\"\" class=\"wp-image-31568\" srcset=\"https:\/\/neuronup.com\/br\/wp-content\/uploads\/2024\/10\/certificado-de-produto-259x300.webp 259w, https:\/\/neuronup.com\/br\/wp-content\/uploads\/2024\/10\/certificado-de-produto.webp 292w\" sizes=\"(max-width: 292px) 100vw, 292px\" \/><\/figure>\n<\/div>\n\n\n\n<div class=\"wp-block-column is-layout-flow wp-block-column-is-layout-flow\">\n<h2 class=\"wp-block-heading has-white-color has-text-color\"><strong>Inscreva-se<\/strong> <br>na nossa <br>Newsletter<\/h2>\n\n\n\n<div class=\"wp-block-buttons is-layout-flex wp-block-buttons-is-layout-flex\">\n<div class=\"wp-block-button--1\" style=\"--button-outline-color:var(--color-white);--button-outline-color-hover:rgba(0,0,0,0.8);\"><a class=\"wp-block-button__link button button-outline   wp-element-button\" href=\"https:\/\/neuronup.com\/br\/newsletter\/\">Inscreva-se<\/a><\/div>\n\n<\/div>\n\n\n\n<div style=\"height:40px\" aria-hidden=\"true\" class=\"wp-block-spacer\"><\/div>\n<\/div>\n<\/div>\n<\/div><\/div>\n\n\n\n\n<div style=\"height:50px\" aria-hidden=\"true\" class=\"wp-block-spacer\"><\/div>\n\n\n\n<h2 class=\"wp-block-heading\">Estrat\u00e9gias baseadas em evid\u00eancias para um desligamento profissional eficaz<\/h2>\n\n\n\n<h3 class=\"wp-block-heading\">Limites profissionais vis\u00edveis<\/h3>\n\n\n\n<p class=\"wp-block-paragraph\">A primeira condi\u00e7\u00e3o \u00e9 <strong>estabelecer limites vis\u00edveis para o trabalho<\/strong>. Antes de sair, \u00e9 conveniente deixar uma resposta autom\u00e1tica, combinar quem atender\u00e1 \u00e0s urg\u00eancias e definir quais situa\u00e7\u00f5es realmente justificariam um contato. Silenciar as notifica\u00e7\u00f5es profissionais ou remover temporariamente os aplicativos da tela principal reduz os sinais que reativam as metas profissionais. <strong>Se, pelo tipo de cargo, for imposs\u00edvel um desligamento completo, \u00e9 prefer\u00edvel combinar um per\u00edodo espec\u00edfico e breve de verifica\u00e7\u00e3o<\/strong> a permanecer em alerta o dia todo.<\/p>\n\n\n\n<h3 class=\"wp-block-heading\">Autonomia sobre o tempo<\/h3>\n\n\n\n<p class=\"wp-block-paragraph\">A segunda condi\u00e7\u00e3o \u00e9 <strong>recuperar a autonomia sobre o tempo<\/strong>. O bem-estar durante as f\u00e9rias costuma aumentar rapidamente e pode atingir seu ponto m\u00e1ximo por volta do oitavo dia. A cifra serve como orienta\u00e7\u00e3o, nunca como prazo universal. O relaxamento, o prazer, a capacidade de saborear a experi\u00eancia, o controle sobre o pr\u00f3prio tempo e o sono est\u00e3o associados a uma recupera\u00e7\u00e3o melhor (de Bloom, Geurts e Kompier, 2013). <strong>Uma agenda de f\u00e9rias lotada pode reproduzir a mesma press\u00e3o que se pretendia deixar para tr\u00e1s.<\/strong><\/p>\n\n\n\n<h2 class=\"wp-block-heading\">Exerc\u00edcio f\u00edsico e cogni\u00e7\u00e3o<\/h2>\n\n\n\n<p class=\"wp-block-paragraph\">A terceira \u00e9 <strong>movimentar-se sem transformar o exerc\u00edcio em outra obriga\u00e7\u00e3o<\/strong>. Caminhar, nadar, pedalar ou praticar uma atividade agrad\u00e1vel combina mudan\u00e7a de contexto, regula\u00e7\u00e3o emocional e estimula\u00e7\u00e3o f\u00edsica. As <strong>evid\u00eancias acumuladas relacionam o<\/strong> <a href=\"https:\/\/neuronup.com\/br\/neurociencia\/cerebro\/exercicio-e-saude-cerebral-como-melhora-a-memoria-e-previne-o-deterioro-cognitivo\/\"><strong>exerc\u00edcio a benef\u00edcios na cogni\u00e7\u00e3o geral<\/strong><\/a><strong>, na mem\u00f3ria e nas fun\u00e7\u00f5es executivas<\/strong>. Os efeitos costumam ser pequenos ou moderados e variam de acordo com a idade e o tipo de atividade (Singh et al., 2025). O movimento pode fazer parte do descanso em uma intensidade agrad\u00e1vel. <strong>A regularidade e o prazer s\u00e3o mais sustent\u00e1veis<\/strong> do que buscar o desempenho m\u00e1ximo.<\/p>\n\n\n\n<h3 class=\"wp-block-heading\">Atividades de lazer estimulantes<\/h3>\n\n\n\n<p class=\"wp-block-paragraph\">Por fim, conv\u00e9m <strong>deixar espa\u00e7o tanto para o repouso quanto para est\u00edmulos escolhidos por prazer<\/strong>. Ler um romance, cozinhar uma receita diferente, orientar-se em um lugar novo, brincar, conversar ou aprender algumas palavras de outro idioma mobiliza aten\u00e7\u00e3o, mem\u00f3ria, linguagem ou planejamento sem a press\u00e3o avaliativa do trabalho. A inten\u00e7\u00e3o <strong>\u00e9 mudar a rela\u00e7\u00e3o com o esfor\u00e7o mental<\/strong>. Uma atividade pode ser cognitivamente rica e, ao mesmo tempo, restauradora se for realizada com autonomia, curiosidade e possibilidade de parar.<\/p>\n\n\n\n<h2 class=\"wp-block-heading\">S\u00edndrome p\u00f3s-f\u00e9rias e gest\u00e3o do aumento da carga cognitiva<\/h2>\n\n\n\n<p class=\"wp-block-paragraph\">Ap\u00f3s o desligamento das f\u00e9rias, costuma surgir a \u201cs\u00edndrome p\u00f3s-f\u00e9rias\u201d; esse termo \u00e9 usado para descrever a <strong>apatia, irritabilidade, cansa\u00e7o, ansiedade leve ou dificuldades de concentra\u00e7\u00e3o ao retornar ao trabalho<\/strong>. \u00c9 uma express\u00e3o coloquial, alheia a categorias diagn\u00f3sticas espec\u00edficas. Sua dura\u00e7\u00e3o tamb\u00e9m n\u00e3o segue um calend\u00e1rio fixo. <strong>O bem-estar obtido durante as f\u00e9rias pode se manter por v\u00e1rias semanas ou se aproximar antes dos n\u00edveis anteriores, conforme a qualidade do descanso, o sono e as condi\u00e7\u00f5es de trabalho \u00e0s quais se retorna<\/strong> (Grant et al., 2025; de Bloom et al., 2013).<\/p>\n\n\n\n<p class=\"wp-block-paragraph\"><strong>Ao retomar a rotina, a demanda cognitiva aumenta de forma brusca<\/strong>. Essa demanda inclui sustentar a aten\u00e7\u00e3o, manter informa\u00e7\u00f5es ativas, inibir distra\u00e7\u00f5es, alternar entre tarefas, tomar decis\u00f5es e organizar a\u00e7\u00f5es futuras. <strong>A carga cognitiva surge quando essas exig\u00eancias ocupam os recursos mentais dispon\u00edveis<\/strong>. Como a mem\u00f3ria de trabalho tem capacidade limitada, os e-mails pendentes, as reuni\u00f5es, as mensagens e as prioridades competem por um espa\u00e7o reduzido (Cowan, 2001). Ao mesmo tempo, <strong>as<\/strong> <a href=\"https:\/\/neuronup.com\/br\/areas-de-intervencao\/funcoes-cognitivas\/funcoes-executivas\/\"><strong>fun\u00e7\u00f5es executivas<\/strong><\/a> <strong>precisam coordenar quais informa\u00e7\u00f5es devem ser atendidas, quais devem ser descartadas e quando mudar de estrat\u00e9gia<\/strong> (Diamond, 2013).<\/p>\n\n\n\n<p class=\"wp-block-paragraph\">Por isso, a <strong>sensa\u00e7\u00e3o de lentid\u00e3o nos primeiros dias pode refletir um desajuste tempor\u00e1rio<\/strong> entre a demanda e os recursos dispon\u00edveis. Cada projeto exige recuperar nomes, decis\u00f5es anteriores, prazos e pr\u00f3ximos passos. <strong>Tamb\u00e9m \u00e9 preciso reconstruir o panorama geral do trabalho e decidir o que merece aten\u00e7\u00e3o imediata<\/strong>. Contar com uma pista concreta facilita a retomada de uma atividade interrompida (Trafton et al., 2003). Deixar, antes de sair, uma breve anota\u00e7\u00e3o com o status dos projetos reduz essa carga de reconstru\u00e7\u00e3o e libera mem\u00f3ria de trabalho para agir.<\/p>\n\n\n\n<p class=\"wp-block-paragraph\"><strong>A antecipa\u00e7\u00e3o acrescenta carga antes mesmo de abrir o primeiro e-mail<\/strong>. Imaginar um dia estressante pode estar relacionado a um pior desempenho posterior da mem\u00f3ria de trabalho, mesmo quando o dia se mostra mais tranquilo do que o previsto (Hyun, Sliwinski e Smyth, 2019). <strong>Durante os \u00faltimos dias de f\u00e9rias, transformar as pend\u00eancias em uma lista externa, breve e organizada evita mant\u00ea-las ativas mentalmente e protege o descanso<\/strong>.<\/p>\n\n\n\n\n\n<div style=\"height:50px\" aria-hidden=\"true\" class=\"wp-block-spacer\"><\/div>\n\n\n\n<h2 class=\"wp-block-heading\">Orienta\u00e7\u00f5es para uma reinser\u00e7\u00e3o cognitivamente sustent\u00e1vel: controle da aten\u00e7\u00e3o e limita\u00e7\u00e3o da multitarefa<\/h2>\n\n\n\n<p class=\"wp-block-paragraph\"><strong>No primeiro dia, \u00e9 conveniente orientar-se antes de produzir<\/strong>. Revisar o calend\u00e1rio, ler a anota\u00e7\u00e3o de retorno e organizar as pend\u00eancias em hoje, nesta semana e mais adiante permite construir um mapa de trabalho.&nbsp;<\/p>\n\n\n\n<p class=\"wp-block-paragraph\"><strong>A progress\u00e3o tamb\u00e9m importa<\/strong>. Come\u00e7ar com uma tarefa conhecida e delimitada, continuar com decis\u00f5es de complexidade m\u00e9dia e adiar as quest\u00f5es estrat\u00e9gicas mais exigentes reduz o salto de demanda.<\/p>\n\n\n\n<p class=\"wp-block-paragraph\"><strong>Limitar a multitarefa ajuda especialmente durante essa fase<\/strong>. Alternar entre atividades obriga a abandonar uma regra, ativar outra e atualizar o conte\u00fado da mem\u00f3ria de trabalho. Cada transi\u00e7\u00e3o gera custos de tempo e precis\u00e3o que se acumulam ao longo do dia (Rubinstein, Meyer e Evans, 2001). <strong>Agrupar os e-mails em per\u00edodos espec\u00edficos, desativar alertas dispens\u00e1veis e reservar blocos sem reuni\u00f5es reduz a fragmenta\u00e7\u00e3o da aten\u00e7\u00e3o<\/strong>.<\/p>\n\n\n\n<p class=\"wp-block-paragraph\">As pausas tamb\u00e9m regulam a carga. <strong>Micropausas de at\u00e9 dez minutos podem reduzir modestamente a fadiga e aumentar o vigor<\/strong>, embora tarefas muito exigentes geralmente se beneficiem de descansos mais longos (Albulescu et al., 2022). Levantar-se, olhar para longe, respirar calmamente ou caminhar alguns minutos ajuda a interromper o ac\u00famulo de esfor\u00e7o. <strong>Uma pausa funciona melhor quando existe uma carga de trabalho razo\u00e1vel<\/strong> e depois permite retornar a uma prioridade definida.<\/p>\n\n\n\n<h2 class=\"wp-block-heading\">Conclus\u00f5es: o descanso como pilar do desempenho e da sa\u00fade cognitiva<\/h2>\n\n\n\n<p class=\"wp-block-paragraph\">As f\u00e9rias oferecem uma oportunidade necess\u00e1ria para recuperar o bem-estar e os recursos cognitivos. O desligamento do trabalho pode coexistir com uma vida mental, social e fisicamente ativa. Ler por prazer, conhecer um ambiente, conversar, brincar, aprender algo novo ou movimentar-se mant\u00e9m o c\u00e9rebro estimulado com autonomia e prazer. O descanso tamb\u00e9m precisa de momentos tranquilos, sono suficiente e espa\u00e7os sem exig\u00eancias.<\/p>\n\n\n\n<p class=\"wp-block-paragraph\">Ao retornar, uma progress\u00e3o organizada permite recuperar o contexto profissional sem sobrecarregar a aten\u00e7\u00e3o e a mem\u00f3ria de trabalho. Priorizar, reduzir interrup\u00e7\u00f5es, limitar a multitarefa e manter pausas facilita essa readapta\u00e7\u00e3o. Se o desconforto persistir por v\u00e1rias semanas ou afetar significativamente o sono, o desempenho ou a vida pessoal, \u00e9 recomend\u00e1vel buscar uma avalia\u00e7\u00e3o profissional para investigar outras poss\u00edveis dificuldades.<\/p>\n\n\n\n<h2 class=\"wp-block-heading\">Bibliografia<\/h2>\n\n\n\n<ul class=\"wp-block-list\">\n<li class=\"has-sm-font-size\">Albulescu, P., Macsinga, I., Rusu, A., Sulea, C., Bodnaru, A., y Tulbure, B. T. (2022). \u201cGive me a break!\u201d A systematic review and meta-analysis on the efficacy of micro-breaks for increasing well-being and performance. <em>PLOS ONE, 17<\/em>(8), e0272460. https:\/\/doi.org\/10.1371\/journal.pone.0272460<\/li>\n\n\n\n<li class=\"has-sm-font-size\">Arnsten, A. F. T. (2009). Stress signalling pathways that impair prefrontal cortex structure and function. <em>Nature Reviews Neuroscience, 10<\/em>(6), 410-422. https:\/\/doi.org\/10.1038\/nrn2648<\/li>\n\n\n\n<li class=\"has-sm-font-size\">Blake, H., Hassard, J., Singh, J., y Teoh, K. (2024). Work-related smartphone use during off-job hours and work-life conflict: A scoping review. <em>PLOS Digital Health, 3<\/em>(7), e0000554. https:\/\/doi.org\/10.1371\/journal.pdig.0000554<\/li>\n\n\n\n<li class=\"has-sm-font-size\">Bufano, P., Di Tecco, C., Fattori, A., Barnini, T., Comotti, A., Ciocan, C., Ferrari, L., Mastorci, F., Laurino, M., y Bonzini, M. (2024). The effects of work on cognitive functions: A systematic review. <em>Frontiers in Psychology, 15<\/em>, 1351625. https:\/\/doi.org\/10.3389\/fpsyg.2024.1351625<\/li>\n\n\n\n<li class=\"has-sm-font-size\">Cowan, N. (2001). The magical number 4 in short-term memory: A reconsideration of mental storage capacity. <em>Behavioral and Brain Sciences, 24<\/em>(1), 87-114. https:\/\/doi.org\/10.1017\/S0140525X01003922<\/li>\n\n\n\n<li class=\"has-sm-font-size\">de Bloom, J., Geurts, S. A. E., y Kompier, M. A. J. (2013). Vacation (after-) effects on employee health and well-being, and the role of vacation activities, experiences and sleep. <em>Journal of Happiness Studies, 14<\/em>, 613-633. https:\/\/doi.org\/10.1007\/s10902-012-9345-3<\/li>\n\n\n\n<li class=\"has-sm-font-size\">Dewar, M., Alber, J., Butler, C., Cowan, N., y Della Sala, S. (2012). Brief wakeful resting boosts new memories over the long term. <em>Psychological Science, 23<\/em>(9), 955-960. https:\/\/doi.org\/10.1177\/0956797612441220<\/li>\n\n\n\n<li class=\"has-sm-font-size\">Diamond, A. (2013). Executive functions. <em>Annual Review of Psychology, 64<\/em>, 135-168. https:\/\/doi.org\/10.1146\/annurev-psych-113011-143750<\/li>\n\n\n\n<li class=\"has-sm-font-size\">Diekelmann, S., y Born, J. (2010). The memory function of sleep. <em>Nature Reviews Neuroscience, 11<\/em>(2), 114-126. https:\/\/doi.org\/10.1038\/nrn2762<\/li>\n\n\n\n<li class=\"has-sm-font-size\">Gavelin, H. M., Domell\u00f6f, M. E., \u00c5str\u00f6m, E., Nelson, A., Launder, N. H., Stigsdotter Neely, A., y Lampit, A. (2022). Cognitive function in clinical burnout: A systematic review and meta-analysis. <em>Work &amp; Stress, 36<\/em>(1), 86-104. https:\/\/doi.org\/10.1080\/02678373.2021.2002972<\/li>\n\n\n\n<li class=\"has-sm-font-size\">Grant, R. S., Buchanan, B. E., y Shockley, K. M. (2025). I need a vacation: A meta-analysis of vacation and employee well-being. <em>Journal of Applied Psychology, 110<\/em>(7), 887-905. https:\/\/doi.org\/10.1037\/apl0001262<\/li>\n\n\n\n<li class=\"has-sm-font-size\">Guo, Z., Chen, R., Liu, X., Zhao, G., Zheng, Y., Gong, M., y Zhang, J. (2018). The impairing effects of mental fatigue on response inhibition: An ERP study. <em>PLOS ONE, 13<\/em>(6), e0198206. https:\/\/doi.org\/10.1371\/journal.pone.0198206<\/li>\n\n\n\n<li class=\"has-sm-font-size\">Hyun, J., Sliwinski, M. J., y Smyth, J. M. (2019). Waking up on the wrong side of the bed: The effects of stress anticipation on working memory in daily life. <em>The Journals of Gerontology: Series B, 74<\/em>(1), 38-46. https:\/\/doi.org\/10.1093\/geronb\/gby042<\/li>\n\n\n\n<li class=\"has-sm-font-size\">Menon, V. (2023). 20 years of the default mode network: A review and synthesis. <em>Neuron, 111<\/em>(16), 2469-2487. https:\/\/doi.org\/10.1016\/j.neuron.2023.04.023<\/li>\n\n\n\n<li class=\"has-sm-font-size\">Rubinstein, J. S., Meyer, D. E., y Evans, J. E. (2001). Executive control of cognitive processes in task switching. <em>Journal of Experimental Psychology: Human Perception and Performance, 27<\/em>(4), 763-797. https:\/\/doi.org\/10.1037\/0096-1523.27.4.763<\/li>\n\n\n\n<li class=\"has-sm-font-size\">Singh, B., Bennett, H., Miatke, A., Dumuid, D., Curtis, R., Ferguson, T., et al. (2025). Effectiveness of exercise for improving cognition, memory and executive function: A systematic umbrella review and meta-meta-analysis. <em>British Journal of Sports Medicine, 59<\/em>(12), 866-876. https:\/\/doi.org\/10.1136\/bjsports-2024-108589<\/li>\n\n\n\n<li class=\"has-sm-font-size\">Sonnentag, S., y Fritz, C. (2015). Recovery from job stress: The stressor-detachment model as an integrative framework. <em>Journal of Organizational Behavior, 36<\/em>(S1), S72-S103. https:\/\/doi.org\/10.1002\/job.1924<\/li>\n\n\n\n<li class=\"has-sm-font-size\">Trafton, J. G., Altmann, E. M., Brock, D. P., y Mintz, F. E. (2003). Preparing to resume an interrupted task: Effects of prospective goal encoding and retrospective rehearsal. <em>International Journal of Human-Computer Studies, 58<\/em>(5), 583-603. https:\/\/doi.org\/10.1016\/S1071-5819(03)00023-5<\/li>\n<\/ul>\n\n\n\n<div style=\"height:100px\" aria-hidden=\"true\" class=\"wp-block-spacer\"><\/div>\n\n\n\n<div class=\"wp-block-group p-4 br-0111 has-alt-background-color has-background has-light-background\"><div class=\"wp-block-group__inner-container is-layout-constrained wp-block-group-is-layout-constrained\">\n<h2 class=\"wp-block-heading\"><strong>Perguntas frequentes sobre a fadiga mental e o retorno ao trabalho<\/strong><\/h2>\n\n\n\n<div style=\"height:20px\" aria-hidden=\"true\" class=\"wp-block-spacer\"><\/div>\n\n\n\n<div class=\"wp-block-pb-accordion-item c-accordion__item js-accordion-item no-js\" data-initially-open=\"false\" data-click-to-close=\"true\" data-auto-close=\"true\" data-scroll=\"false\" data-scroll-offset=\"0\" id=\"trabajarneuronup\"><h3 id=\"at-517010\" class=\"c-accordion__title js-accordion-controller\" role=\"button\">1. Qual \u00e9 o impacto do estresse ocupacional cont\u00ednuo sobre as fun\u00e7\u00f5es executivas?<\/h3><div id=\"ac-517010\" class=\"c-accordion__content\">\n<p class=\"wp-block-paragraph\">O estresse ocupacional de alta intensidade altera a sinaliza\u00e7\u00e3o neuroqu\u00edmica no c\u00f3rtex pr\u00e9-frontal, afetando o controle cognitivo. Isso se traduz em menor capacidade para priorizar, manter informa\u00e7\u00f5es ativas na mem\u00f3ria de trabalho, inibir respostas autom\u00e1ticas e mudar de estrat\u00e9gia diante de demandas complexas.<\/p>\n<\/div><\/div>\n\n\n\n<div class=\"wp-block-pb-accordion-item c-accordion__item js-accordion-item no-js\" data-initially-open=\"false\" data-click-to-close=\"true\" data-auto-close=\"true\" data-scroll=\"false\" data-scroll-offset=\"0\" id=\"trabajarneuronup\"><h3 id=\"at-517011\" class=\"c-accordion__title js-accordion-controller\" role=\"button\">2. Como a Rede de Modo Padr\u00e3o (DMN) atua durante o repouso cognitivo?<\/h3><div id=\"ac-517011\" class=\"c-accordion__content\">\n<p class=\"wp-block-paragraph\">\u00c0 medida que diminuem as demandas de aten\u00e7\u00e3o direcionada a est\u00edmulos externos, a Rede de Modo Padr\u00e3o (DMN) aumenta sua atividade. Essa rede sustenta processos internos como a mem\u00f3ria autobiogr\u00e1fica, a cogni\u00e7\u00e3o social, a simula\u00e7\u00e3o do futuro e a consolida\u00e7\u00e3o de novos conhecimentos.<\/p>\n<\/div><\/div>\n\n\n\n<div class=\"wp-block-pb-accordion-item c-accordion__item js-accordion-item no-js\" data-initially-open=\"false\" data-click-to-close=\"true\" data-auto-close=\"true\" data-scroll=\"false\" data-scroll-offset=\"0\" id=\"videosneuronup\"><h3 id=\"at-517012\" class=\"c-accordion__title js-accordion-controller\" role=\"button\">3. Quais altera\u00e7\u00f5es cognitivas est\u00e3o clinicamente associadas \u00e0 s\u00edndrome de burnout?<\/h3><div id=\"ac-517012\" class=\"c-accordion__content\">\n<p class=\"wp-block-paragraph\">Em pessoas com esgotamento profissional ou burnout, s\u00e3o identificadas altera\u00e7\u00f5es pequenas ou moderadas em dom\u00ednios fundamentais: mem\u00f3ria epis\u00f3dica, mem\u00f3ria de trabalho, velocidade de processamento, aten\u00e7\u00e3o sustentada, planejamento e inibi\u00e7\u00e3o.<\/p>\n<\/div><\/div>\n\n\n\n<div class=\"wp-block-pb-accordion-item c-accordion__item js-accordion-item no-js\" data-initially-open=\"false\" data-click-to-close=\"true\" data-auto-close=\"true\" data-scroll=\"false\" data-scroll-offset=\"0\" id=\"formaciongratuita\"><h3 id=\"at-517013\" class=\"c-accordion__title js-accordion-controller\" role=\"button\">4. Por que a multitarefa aumenta a fadiga mental durante a reinser\u00e7\u00e3o profissional?<\/h3><div id=\"ac-517013\" class=\"c-accordion__content\">\n<p class=\"wp-block-paragraph\">Alternar entre tarefas obriga o c\u00e9rebro a desativar um conjunto de regras cognitivas para ativar outro e atualizar o conte\u00fado da mem\u00f3ria de trabalho. Esse processo de altern\u00e2ncia gera custos de tempo e imprecis\u00e3o que aumentam a carga cognitiva ao longo do dia de trabalho.<\/p>\n<\/div><\/div>\n\n\n\n<div class=\"wp-block-pb-accordion-item c-accordion__item js-accordion-item no-js\" data-initially-open=\"false\" data-click-to-close=\"true\" data-auto-close=\"true\" data-scroll=\"false\" data-scroll-offset=\"0\" id=\"formaciongratuita\"><h3 id=\"at-517014\" class=\"c-accordion__title js-accordion-controller\" role=\"button\">5. Quanto tempo duram os efeitos positivos do descanso sobre o desempenho e o bem-estar?<\/h3><div id=\"ac-517014\" class=\"c-accordion__content\">\n<p class=\"wp-block-paragraph\">O aumento do bem-estar costuma atingir seu ponto ideal por volta do oitavo dia de descanso, e seus benef\u00edcios podem se estender por v\u00e1rias semanas. No entanto, a persist\u00eancia desses efeitos depende estreitamente da qualidade do sono, do desligamento psicol\u00f3gico alcan\u00e7ado e do n\u00edvel de demanda ao qual se retorna.<\/p>\n<\/div><\/div>\n<\/div><\/div>\n\n\n\n\n<div style=\"height:50px\" aria-hidden=\"true\" class=\"wp-block-spacer\"><\/div>\n\n\n\n<h3 class=\"wp-block-heading\">Se voc\u00ea gostou deste artigo sobre <strong>recupera\u00e7\u00e3o cognitiva e descanso cerebral: evid\u00eancias sobre a fadiga mental e o retorno ao trabalho<\/strong>, provavelmente tamb\u00e9m se interessar\u00e1 por estes artigos da NeuronUP:<\/h3>\n\n\n<div class=\"mai-grid entries entries-grid has-boxed has-image-full\" style=\"--entry-title-font-size:var(--font-size-lg);--align-text:start;--entry-meta-text-align:start;\"><div class=\"entries-wrap has-columns\" style=\"--columns-xs:1 \/ 1;--columns-sm:1 \/ 1;--columns-md:1 \/ 3;--columns-lg:1 \/ 3;--flex-xs:0 0 var(--flex-basis);--flex-sm:0 0 var(--flex-basis);--flex-md:0 0 var(--flex-basis);--flex-lg:0 0 var(--flex-basis);--column-gap:var(--spacing-lg);--row-gap:var(--spacing-lg);--align-columns:start;\"><article class=\"entry entry-grid is-column has-entry-link has-image has-image-first type-post category-neuropsicologia tag-neuropsicologia\" style=\"--entry-index:1;\" aria-label=\"Recupera\u00e7\u00e3o cognitiva e descanso cerebral: evid\u00eancias sobre a fadiga mental e o retorno ao trabalho\" itemscope itemtype=\"https:\/\/schema.org\/CreativeWork\"><a class=\"entry-image-link\" href=\"https:\/\/neuronup.com\/br\/neurociencia\/neuropsicologia\/reabilitacao-cognitiva-e-descanso-cerebral-evidencia-sobre-a-fadiga-mental-e-retorno-ao-trabalho\/\" tabindex=\"-1\" aria-hidden=\"true\"><img decoding=\"async\" width=\"400\" height=\"300\" src=\"https:\/\/neuronup.com\/br\/wp-content\/uploads\/2026\/09\/br-Fatiga-mental-y-retorno-laboral.-Que-necesita-el-cerebro-durante-las-vacaciones--400x300.webp\" class=\"entry-image size-landscape-sm\" alt=\"\" srcset=\"https:\/\/neuronup.com\/br\/wp-content\/uploads\/2026\/09\/br-Fatiga-mental-y-retorno-laboral.-Que-necesita-el-cerebro-durante-las-vacaciones--400x300.webp 400w, https:\/\/neuronup.com\/br\/wp-content\/uploads\/2026\/09\/br-Fatiga-mental-y-retorno-laboral.-Que-necesita-el-cerebro-durante-las-vacaciones--800x600.webp 800w\" sizes=\"(max-width:599px) 599px, (min-width:600px) and (max-width: 799px) 799px, (min-width:800px) and (max-width: 999px) 333px, (min-width:1000px) 400px\" \/><\/a><div class=\"entry-wrap entry-wrap-grid\"><h3 class=\"entry-title\" itemprop=\"headline\"><a class=\"entry-title-link\" href=\"https:\/\/neuronup.com\/br\/neurociencia\/neuropsicologia\/reabilitacao-cognitiva-e-descanso-cerebral-evidencia-sobre-a-fadiga-mental-e-retorno-ao-trabalho\/\" rel=\"bookmark\">Recupera\u00e7\u00e3o cognitiva e descanso cerebral: evid\u00eancias sobre a fadiga mental e o retorno ao trabalho<\/a><\/h3>\n<\/div><\/article><article class=\"entry entry-grid is-column has-entry-link has-image has-image-first type-post category-neuropsicologia tag-avaliacao-neuropsicologica tag-funcoes-executivas tag-neuropsicologia\" style=\"--entry-index:2;\" aria-label=\"S\u00edndrome de burnout e fun\u00e7\u00f5es executivas: evid\u00eancias e interven\u00e7\u00e3o na neuropsicologia cl\u00ednica\" itemscope itemtype=\"https:\/\/schema.org\/CreativeWork\"><a class=\"entry-image-link\" href=\"https:\/\/neuronup.com\/br\/neurociencia\/neuropsicologia\/sindrome-de-burnout-e-funcoes-executivas-evidencia-e-intervencao-desde-a-neuropsicologia-clinica\/\" tabindex=\"-1\" aria-hidden=\"true\"><img decoding=\"async\" width=\"400\" height=\"300\" src=\"https:\/\/neuronup.com\/br\/wp-content\/uploads\/2026\/08\/Sindrome-de-burnout-y-funciones-ejecutivas-evidencia-e-intervencion-desde-la-neuropsicologia-clinica-400x300.webp\" class=\"entry-image size-landscape-sm\" alt=\"S\u00edndrome de burnout e fun\u00e7\u00f5es executivas: evid\u00eancias e interven\u00e7\u00e3o na neuropsicologia cl\u00ednica.\" srcset=\"https:\/\/neuronup.com\/br\/wp-content\/uploads\/2026\/08\/Sindrome-de-burnout-y-funciones-ejecutivas-evidencia-e-intervencion-desde-la-neuropsicologia-clinica-400x300.webp 400w, https:\/\/neuronup.com\/br\/wp-content\/uploads\/2026\/08\/Sindrome-de-burnout-y-funciones-ejecutivas-evidencia-e-intervencion-desde-la-neuropsicologia-clinica-800x600.webp 800w\" sizes=\"(max-width:599px) 599px, (min-width:600px) and (max-width: 799px) 799px, (min-width:800px) and (max-width: 999px) 333px, (min-width:1000px) 400px\" \/><\/a><div class=\"entry-wrap entry-wrap-grid\"><h3 class=\"entry-title\" itemprop=\"headline\"><a class=\"entry-title-link\" href=\"https:\/\/neuronup.com\/br\/neurociencia\/neuropsicologia\/sindrome-de-burnout-e-funcoes-executivas-evidencia-e-intervencao-desde-a-neuropsicologia-clinica\/\" rel=\"bookmark\">S\u00edndrome de burnout e fun\u00e7\u00f5es executivas: evid\u00eancias e interven\u00e7\u00e3o na neuropsicologia cl\u00ednica<\/a><\/h3>\n<\/div><\/article><article class=\"entry entry-grid is-column has-entry-link has-image has-image-first type-post category-neuropsicologia tag-estimulacao-cognitiva tag-neuropsicologia\" style=\"--entry-index:3;\" aria-label=\"Neuropsicologia nos transtornos alimentares (TCA): o papel cl\u00ednico da reabilita\u00e7\u00e3o cognitiva\" itemscope itemtype=\"https:\/\/schema.org\/CreativeWork\"><a class=\"entry-image-link\" href=\"https:\/\/neuronup.com\/br\/neurociencia\/neuropsicologia\/neuropsicologia-em-transtornos-da-conduta-alimentar-tca-o-papel-clinico-da-reabilitacao-cognitiva\/\" tabindex=\"-1\" aria-hidden=\"true\"><img decoding=\"async\" width=\"400\" height=\"300\" src=\"https:\/\/neuronup.com\/br\/wp-content\/uploads\/2026\/08\/Neuropsicologia-en-trastornos-de-la-conducta-alimentaria-TCA-400x300.webp\" class=\"entry-image size-landscape-sm\" alt=\"Neuropsicologia nos transtornos alimentares (TCA)\" srcset=\"https:\/\/neuronup.com\/br\/wp-content\/uploads\/2026\/08\/Neuropsicologia-en-trastornos-de-la-conducta-alimentaria-TCA-400x300.webp 400w, https:\/\/neuronup.com\/br\/wp-content\/uploads\/2026\/08\/Neuropsicologia-en-trastornos-de-la-conducta-alimentaria-TCA-800x600.webp 800w\" sizes=\"(max-width:599px) 599px, (min-width:600px) and (max-width: 799px) 799px, (min-width:800px) and (max-width: 999px) 333px, (min-width:1000px) 400px\" \/><\/a><div class=\"entry-wrap entry-wrap-grid\"><h3 class=\"entry-title\" itemprop=\"headline\"><a class=\"entry-title-link\" href=\"https:\/\/neuronup.com\/br\/neurociencia\/neuropsicologia\/neuropsicologia-em-transtornos-da-conduta-alimentar-tca-o-papel-clinico-da-reabilitacao-cognitiva\/\" rel=\"bookmark\">Neuropsicologia nos transtornos alimentares (TCA): o papel cl\u00ednico da reabilita\u00e7\u00e3o cognitiva<\/a><\/h3>\n<\/div><\/article><article class=\"entry entry-grid is-column has-entry-link has-image has-image-first type-post category-neuropsicologia tag-criancas tag-memoria\" style=\"--entry-index:4;\" aria-label=\"Mem\u00f3ria de trabalho em crian\u00e7as: o que \u00e9, como influencia a aprendizagem e sinais de dificuldade\" itemscope itemtype=\"https:\/\/schema.org\/CreativeWork\"><a class=\"entry-image-link\" href=\"https:\/\/neuronup.com\/br\/neurociencia\/neuropsicologia\/memoria-de-trabalho-em-criancas-o-que-e-como-influencia-aprendizado-e-sinais-de-dificuldade\/\" tabindex=\"-1\" aria-hidden=\"true\"><img decoding=\"async\" width=\"400\" height=\"300\" src=\"https:\/\/neuronup.com\/br\/wp-content\/uploads\/2026\/08\/Que-es-la-memoria-de-trabajo-infantil-como-se-relaciona-con-el-aprendizaje-y-que-estrategias-pueden-ayudar-en-casa-y-en-el-colegio-400x300.webp\" class=\"entry-image size-landscape-sm\" alt=\"O que \u00e9 a mem\u00f3ria de trabalho infantil, como ela se relaciona com a aprendizagem e quais estrat\u00e9gias podem ajudar em casa e na escola.\" srcset=\"https:\/\/neuronup.com\/br\/wp-content\/uploads\/2026\/08\/Que-es-la-memoria-de-trabajo-infantil-como-se-relaciona-con-el-aprendizaje-y-que-estrategias-pueden-ayudar-en-casa-y-en-el-colegio-400x300.webp 400w, https:\/\/neuronup.com\/br\/wp-content\/uploads\/2026\/08\/Que-es-la-memoria-de-trabajo-infantil-como-se-relaciona-con-el-aprendizaje-y-que-estrategias-pueden-ayudar-en-casa-y-en-el-colegio-800x600.webp 800w\" sizes=\"(max-width:599px) 599px, (min-width:600px) and (max-width: 799px) 799px, (min-width:800px) and (max-width: 999px) 333px, (min-width:1000px) 400px\" \/><\/a><div class=\"entry-wrap entry-wrap-grid\"><h3 class=\"entry-title\" itemprop=\"headline\"><a class=\"entry-title-link\" href=\"https:\/\/neuronup.com\/br\/neurociencia\/neuropsicologia\/memoria-de-trabalho-em-criancas-o-que-e-como-influencia-aprendizado-e-sinais-de-dificuldade\/\" rel=\"bookmark\">Mem\u00f3ria de trabalho em crian\u00e7as: o que \u00e9, como influencia a aprendizagem e sinais de dificuldade<\/a><\/h3>\n<\/div><\/article><article class=\"entry entry-grid is-column has-entry-link has-image has-image-first type-post category-neuropsicologia tag-cerebro tag-neuropsicologia\" style=\"--entry-index:5;\" aria-label=\"O impacto da multitarefa no funcionamento cerebral e cognitivo\" itemscope itemtype=\"https:\/\/schema.org\/CreativeWork\"><a class=\"entry-image-link\" href=\"https:\/\/neuronup.com\/br\/neurociencia\/neuropsicologia\/o-impacto-da-multitarefa-no-funcionamento-cerebral-e-cognitivo\/\" tabindex=\"-1\" aria-hidden=\"true\"><img decoding=\"async\" width=\"400\" height=\"300\" src=\"https:\/\/neuronup.com\/br\/wp-content\/uploads\/2026\/08\/Consecuencias-de-la-multitarea-en-el-cerebro-la-memoria-de-trabajo-y-la-atencion.-Guia-para-profesionales-de-la-neurorrehabilitacion-400x300.webp\" class=\"entry-image size-landscape-sm\" alt=\"Consequ\u00eancias da multitarefa no c\u00e9rebro, na mem\u00f3ria de trabalho e na aten\u00e7\u00e3o. Guia para profissionais da neurorreabilita\u00e7\u00e3o.\" srcset=\"https:\/\/neuronup.com\/br\/wp-content\/uploads\/2026\/08\/Consecuencias-de-la-multitarea-en-el-cerebro-la-memoria-de-trabajo-y-la-atencion.-Guia-para-profesionales-de-la-neurorrehabilitacion-400x300.webp 400w, https:\/\/neuronup.com\/br\/wp-content\/uploads\/2026\/08\/Consecuencias-de-la-multitarea-en-el-cerebro-la-memoria-de-trabajo-y-la-atencion.-Guia-para-profesionales-de-la-neurorrehabilitacion-800x600.webp 800w\" sizes=\"(max-width:599px) 599px, (min-width:600px) and (max-width: 799px) 799px, (min-width:800px) and (max-width: 999px) 333px, (min-width:1000px) 400px\" \/><\/a><div class=\"entry-wrap entry-wrap-grid\"><h3 class=\"entry-title\" itemprop=\"headline\"><a class=\"entry-title-link\" href=\"https:\/\/neuronup.com\/br\/neurociencia\/neuropsicologia\/o-impacto-da-multitarefa-no-funcionamento-cerebral-e-cognitivo\/\" rel=\"bookmark\">O impacto da multitarefa no funcionamento cerebral e cognitivo<\/a><\/h3>\n<\/div><\/article><article class=\"entry entry-grid is-column has-entry-link has-image has-image-first type-post category-neuropsicologia tag-neuropsicologia\" style=\"--entry-index:6;\" aria-label=\"Transtorno de ansiedade generalizada (TAG): perfil neuropsicol\u00f3gico e avalia\u00e7\u00e3o cl\u00ednica\" itemscope itemtype=\"https:\/\/schema.org\/CreativeWork\"><a class=\"entry-image-link\" href=\"https:\/\/neuronup.com\/br\/neurociencia\/neuropsicologia\/transtorno-de-ansiedade-generalizada-tag-perfil-neuropsicologico-e-avaliacao-clinica\/\" tabindex=\"-1\" aria-hidden=\"true\"><img decoding=\"async\" width=\"400\" height=\"300\" src=\"https:\/\/neuronup.com\/br\/wp-content\/uploads\/2026\/08\/Trastorno-de-ansiedad-generalizada-TAG-perfil-neuropsicologico-y-evaluacion-clinica.-Como-afecta-el-TAG-a-las-funciones-ejecutivas-y-como-evaluarlo-400x300.webp\" class=\"entry-image size-landscape-sm\" alt=\"Transtorno de ansiedade generalizada (TAG): perfil neuropsicol\u00f3gico e avalia\u00e7\u00e3o cl\u00ednica. Como o TAG afeta as fun\u00e7\u00f5es executivas e como avali\u00e1-lo.\" srcset=\"https:\/\/neuronup.com\/br\/wp-content\/uploads\/2026\/08\/Trastorno-de-ansiedad-generalizada-TAG-perfil-neuropsicologico-y-evaluacion-clinica.-Como-afecta-el-TAG-a-las-funciones-ejecutivas-y-como-evaluarlo-400x300.webp 400w, https:\/\/neuronup.com\/br\/wp-content\/uploads\/2026\/08\/Trastorno-de-ansiedad-generalizada-TAG-perfil-neuropsicologico-y-evaluacion-clinica.-Como-afecta-el-TAG-a-las-funciones-ejecutivas-y-como-evaluarlo-800x600.webp 800w, https:\/\/neuronup.com\/br\/wp-content\/uploads\/2026\/08\/Trastorno-de-ansiedad-generalizada-TAG-perfil-neuropsicologico-y-evaluacion-clinica.-Como-afecta-el-TAG-a-las-funciones-ejecutivas-y-como-evaluarlo-1200x900.webp 1200w\" sizes=\"(max-width:599px) 599px, (min-width:600px) and (max-width: 799px) 799px, (min-width:800px) and (max-width: 999px) 333px, (min-width:1000px) 400px\" \/><\/a><div class=\"entry-wrap entry-wrap-grid\"><h3 class=\"entry-title\" itemprop=\"headline\"><a class=\"entry-title-link\" href=\"https:\/\/neuronup.com\/br\/neurociencia\/neuropsicologia\/transtorno-de-ansiedade-generalizada-tag-perfil-neuropsicologico-e-avaliacao-clinica\/\" rel=\"bookmark\">Transtorno de ansiedade generalizada (TAG): perfil neuropsicol\u00f3gico e avalia\u00e7\u00e3o cl\u00ednica<\/a><\/h3>\n<\/div><\/article><\/div><\/div>\n\n","protected":false},"excerpt":{"rendered":"<p>Valeria Medina, neuropsic\u00f3loga da NeuronUP, explica do que o c\u00e9rebro precisa durante as f\u00e9rias e como retomar o trabalho da maneira mais segura poss\u00edvel para o nosso c\u00e9rebro. O estresse ocupacional cont\u00ednuo enfraquece o controle das fun\u00e7\u00f5es executivas e sobrecarrega a mem\u00f3ria de trabalho, reduzindo a efici\u00eancia atencional. As f\u00e9rias oferecem uma oportunidade de recupera\u00e7\u00e3o &hellip;<\/p>\n","protected":false},"author":362,"featured_media":52267,"comment_status":"open","ping_status":"open","sticky":false,"template":"","format":"standard","meta":{"_acf_changed":false,"_genesis_hide_title":false,"_genesis_hide_breadcrumbs":false,"_genesis_hide_singular_image":false,"_genesis_hide_footer_widgets":false,"_genesis_custom_body_class":"","_genesis_custom_post_class":"","_genesis_layout":"","footnotes":""},"categories":[558],"tags":[597],"class_list":["type-post","category-neuropsicologia","tag-neuropsicologia","entry"],"acf":[],"_links":{"self":[{"href":"https:\/\/neuronup.com\/br\/wp-json\/wp\/v2\/posts\/52268","targetHints":{"allow":["GET"]}}],"collection":[{"href":"https:\/\/neuronup.com\/br\/wp-json\/wp\/v2\/posts"}],"about":[{"href":"https:\/\/neuronup.com\/br\/wp-json\/wp\/v2\/types\/post"}],"author":[{"embeddable":true,"href":"https:\/\/neuronup.com\/br\/wp-json\/wp\/v2\/users\/362"}],"replies":[{"embeddable":true,"href":"https:\/\/neuronup.com\/br\/wp-json\/wp\/v2\/comments?post=52268"}],"version-history":[{"count":2,"href":"https:\/\/neuronup.com\/br\/wp-json\/wp\/v2\/posts\/52268\/revisions"}],"predecessor-version":[{"id":52299,"href":"https:\/\/neuronup.com\/br\/wp-json\/wp\/v2\/posts\/52268\/revisions\/52299"}],"wp:featuredmedia":[{"embeddable":true,"href":"https:\/\/neuronup.com\/br\/wp-json\/wp\/v2\/media\/52267"}],"wp:attachment":[{"href":"https:\/\/neuronup.com\/br\/wp-json\/wp\/v2\/media?parent=52268"}],"wp:term":[{"taxonomy":"category","embeddable":true,"href":"https:\/\/neuronup.com\/br\/wp-json\/wp\/v2\/categories?post=52268"},{"taxonomy":"post_tag","embeddable":true,"href":"https:\/\/neuronup.com\/br\/wp-json\/wp\/v2\/tags?post=52268"}],"curies":[{"name":"wp","href":"https:\/\/api.w.org\/{rel}","templated":true}]}}