{"id":5139,"date":"2024-01-03T18:27:27","date_gmt":"2024-01-03T17:27:27","guid":{"rendered":"https:\/\/neuronup.com\/br\/?p=5139"},"modified":"2026-01-26T18:15:21","modified_gmt":"2026-01-26T16:15:21","slug":"a-abordagem-de-doencas-neurodegenerativas-com-a-neuronup","status":"publish","type":"post","link":"https:\/\/neuronup.com\/br\/noticias-de-estimulacao-cognitiva\/doencas-neurodegenerativas\/a-abordagem-de-doencas-neurodegenerativas-com-a-neuronup\/","title":{"rendered":"O tratamento de doen\u00e7as neurodegenerativas com a NeuronUP"},"content":{"rendered":"\n<p class=\"has-xl-font-size\">A terapeuta ocupacional do centro AFA Alcal\u00e1, Laura Caballero, explica <strong>o tratamento de doen\u00e7as neurodegenerativas por meio de workshops de estimula\u00e7\u00e3o cognitiva e terapia ocupacional por meio da NeuronUP.<\/strong><\/p>\n\n\n\n<h2 class=\"wp-block-heading\">Introdu\u00e7\u00e3o&nbsp;<\/h2>\n\n\n\n<h3 class=\"wp-block-heading\">Quem somos?<\/h3>\n\n\n\n<p>A Associa\u00e7\u00e3o de Pacientes e Familiares de Alzheimer e Parkinson de Alcal\u00e1 de Henares (AFA Alcal\u00e1) surgiu em 1997 como um recurso criado por e para os familiares de pacientes com Alzheimer, com o objetivo de se apoiarem mutuamente e obterem uma melhor qualidade de vida para o paciente e seus familiares. Somos uma ONG regional e nossos membros s\u00e3o, em sua maioria, familiares de pessoas com enfermidaedes neurodegenerativas relacionadas \u00e0 idade. Como Parkinson, Alzheimer e outras dem\u00eancias relacionadas.<\/p>\n\n\n\n<p>Nosso centro, onde as atividades s\u00e3o realizadas, est\u00e1 localizado em Alcal\u00e1 de Henares, que \u00e9 a maior cidade da regi\u00e3o, mas atende pessoas de cidades vizinhas.<\/p>\n\n\n\n<h4 class=\"wp-block-heading\">Equipe interdisciplinar<\/h4>\n\n\n\n<p>Nossa equipe \u00e9 formada por profissionais especializados em diferentes \u00e1reas, como:<\/p>\n\n\n\n<ul class=\"wp-block-list\">\n<li>Psicologia<\/li>\n\n\n\n<li>Terapia ocupacional<\/li>\n\n\n\n<li>Arteterapia<\/li>\n\n\n\n<li>Musicoterapia<\/li>\n\n\n\n<li>Fonoaudiologia<\/li>\n\n\n\n<li>Fisioterapia<\/li>\n\n\n\n<li>Servi\u00e7o social<\/li>\n<\/ul>\n\n\n\n<p>A partir de uma abordagem transdisciplinar, alcan\u00e7amos uma abordagem hol\u00edstica tanto para a pessoa que sofre da doen\u00e7a quanto para seu ambiente familiar e social.<\/p>\n\n\n\n<h3 class=\"wp-block-heading\">Doen\u00e7as neurodegenerativas com as quais trabalhamos<\/h3>\n\n\n\n<p>A seguir, apresentaremos uma descri\u00e7\u00e3o concisa das diversas patologias que recebemos em nosso centro:<\/p>\n\n\n\n<h4 class=\"wp-block-heading\">Parkinson<\/h4>\n\n\n\n<p>Doen\u00e7a neurodegenerativa cr\u00f4nica, progressiva, caracterizada por sintomas extrapiramidais, devido a danos irrevers\u00edveis \u00e0 subst\u00e2ncia negra produtora de dopamina. Os sintomas da doen\u00e7a de Parkinson s\u00e3o:<\/p>\n\n\n\n<ul class=\"wp-block-list\">\n<li><strong>Bradicinesia<\/strong>: lentid\u00e3o dos movimentos volunt\u00e1rios associada \u00e0 diminui\u00e7\u00e3o dos movimentos volunt\u00e1rios, com perda dos movimentos autom\u00e1ticos, fala hipof\u00f4nica, aus\u00eancia de braquia\u00e7\u00e3o.<\/li>\n\n\n\n<li><strong>Tremor em repouso.<\/strong><\/li>\n\n\n\n<li><strong>Instabilidade postural<\/strong>: perda de reflexos, marcha inclinada para frente, aumento da base de apoio, dist\u00farbios da marcha.<\/li>\n\n\n\n<li><strong>Rigidez.<\/strong><\/li>\n<\/ul>\n\n\n\n<p>Al\u00e9m desses quatro sintomas fundamentais para o diagn\u00f3stico de Parkinson, h\u00e1 altera\u00e7\u00f5es neuropsiqui\u00e1tricas como <strong>comprometimento cognitivo<\/strong>, dist\u00farbios de humor, dist\u00farbios do sono, del\u00edrios e alucina\u00e7\u00f5es, bradipsiquia, problemas de mastiga\u00e7\u00e3o, fala e ingest\u00e3o de alimentos. E sintomas vegetativos (constipa\u00e7\u00e3o, incontin\u00eancia, sudorese, saliva\u00e7\u00e3o, entre outros).<\/p>\n\n\n\n<h4 class=\"wp-block-heading\"><strong>Comprometimento cognitiv<\/strong>o<\/h4>\n\n\n\n<p>O comprometimento cognitivo \u00e9 a <strong>perda de fun\u00e7\u00f5es cognitivas<\/strong>, especificamente mem\u00f3ria, aten\u00e7\u00e3o e velocidade de processamento de informa\u00e7\u00f5es (VP), que ocorre com o envelhecimento normal.<\/p>\n\n\n\n<p>Esse comprometimento cognitivo do nosso c\u00e9rebro depende de fatores fisiol\u00f3gicos e ambientais e est\u00e1 sujeito a uma grande variabilidade interindividual.<\/p>\n\n\n\n<p>A diferen\u00e7a entre comprometimento cognitivo e dem\u00eancia deve ser levada em conta. Quando uma pessoa n\u00e3o \u00e9 mais independente para atender \u00e0s necessidades b\u00e1sicas, isso \u00e9 considerado dem\u00eancia, mas, embora seja verdade que uma pessoa possa relatar alguma perda de mem\u00f3ria ou de outras fun\u00e7\u00f5es cognitivas, mas permanecer independente em tarefas comuns, isso \u00e9 chamado de comprometimento cognitivo leve (CCL).&nbsp;<\/p>\n\n\n\n<p>V\u00e1rios estudos demonstraram que as pessoas com CCL correm o risco de desenvolver dem\u00eancia no futuro. O comprometimento cognitivo \u00e9 classificado como leve, moderado, grave, severo e grave, sendo que o grau moderado ou superior \u00e9 considerado dem\u00eancia.<\/p>\n\n\n\n<h4 class=\"wp-block-heading\">Dem\u00eancia<\/h4>\n\n\n\n<p>A dem\u00eancia \u00e9 uma patologia associada \u00e0 idade; \u00e0 medida que a idade da popula\u00e7\u00e3o aumenta, a frequ\u00eancia da enfermidade aumenta. A dem\u00eancia n\u00e3o \u00e9 uma enfermidade espec\u00edfica, \u00e9 um termo geral que descreve uma ampla gama de sintomas relacionados ao <strong>comprometimento da mem\u00f3ria e de outras habilidades cognitivas<\/strong>, grave o suficiente para interferir nas <strong>atividades di\u00e1rias da pessoa.<\/strong><\/p>\n\n\n\n<p>H\u00e1 v\u00e1rios tipos de dem\u00eancia, mas somente a doen\u00e7a de Alzheimer, a dem\u00eancia difusa com corpos de Lewy e a dem\u00eancia frontotemporal ser\u00e3o descritas.<\/p>\n\n\n\n<p><strong>Alzheimer<\/strong><\/p>\n\n\n\n<p>\u00c9 uma enfermidade neurodegenerativa progressiva, caracterizada pela degenera\u00e7\u00e3o das c\u00e9lulas nervosas do c\u00e9rebro e manifestada pela perda de mem\u00f3ria. A mem\u00f3ria de curto prazo \u00e9 perdida primeiro, seguida pela mem\u00f3ria de longo prazo. Ela tamb\u00e9m se manifesta com <strong>afasia, apraxia e agnosia<\/strong>, al\u00e9m de desorienta\u00e7\u00e3o temporal, espacial e pessoal e defici\u00eancia intelectual. Os d\u00e9ficits s\u00e3o suficientes para interferir na fun\u00e7\u00e3o social e ocupacional, o que representa uma diminui\u00e7\u00e3o das fun\u00e7\u00f5es anteriores.<\/p>\n\n\n\n<h4 class=\"wp-block-heading\">Dem\u00eancia por corpos de Lewy<\/h4>\n\n\n\n<p>As pessoas com dem\u00eancia difusa por corpos de Lewy t\u00eam les\u00f5es em formas de prote\u00edna em \u00e1reas relacionadas \u00e0 cogni\u00e7\u00e3o. Ela se manifesta por dem\u00eancia, <strong>cogni\u00e7\u00e3o <\/strong>e alerta flutuantes, alucina\u00e7\u00f5es visuais que aparecem no in\u00edcio da enfermidade e s\u00e3o muito bem estruturadas, sinais motores de parkinsonismo, rigidez, lentid\u00e3o de movimentos e, em menor grau, tremor.<\/p>\n\n\n\n<h4 class=\"wp-block-heading\">Dem\u00eancia frontotemporal<\/h4>\n\n\n\n<p>Enfermidade progressiva caracterizada por <strong>dist\u00farbios comportamentais<\/strong> proeminentes e <strong>altera\u00e7\u00f5es de linguagem<\/strong>. Por exemplo, afasia prim\u00e1ria, dificuldade de nomear, etc. Tamb\u00e9m \u00e9 caracterizada por v\u00e1rios sinais f\u00edsicos, como incontin\u00eancia, rigidez, acinesia, tremor, reflexos frontais (gelosia, suc\u00e7\u00e3o, extens\u00e3o do queixo) e d\u00e9ficits desproporcionais de comportamento, sociais, de julgamento e de linguagem devido a defeitos de mem\u00f3ria.<\/p>\n\n\n\n<h2 class=\"wp-block-heading\">Protocolo de inclus\u00e3o: Como s\u00e3o realizadas as abordagens das doen\u00e7as neurodegenerativas no centro?<\/h2>\n\n\n\n<h3 class=\"wp-block-heading\">Avalia\u00e7\u00e3o interdisciplinar<\/h3>\n\n\n\n<p>A porta de entrada para nossa associa\u00e7\u00e3o \u00e9 o <strong>departamento de servi\u00e7o social<\/strong>, onde as necessidades mais urgentes s\u00e3o avaliadas por meio de uma entrevista orientada. Esse primeiro contato nos ajuda a confirmar se somos o recurso certo ou, infelizmente, \u00e0s vezes atuamos como intermedi\u00e1rios para outras ajudas ou institui\u00e7\u00f5es.<\/p>\n\n\n\n<p>O pr\u00f3ximo passo para a inclus\u00e3o de workshops \u00e9 a <strong>avalia\u00e7\u00e3o pela equipe transdisciplinar<\/strong>. A avalia\u00e7\u00e3o geral funcional, cognitiva e f\u00edsica nos d\u00e1 uma ideia aproximada do estado da enfermidade, bem como das repercuss\u00f5es que ela tem no ambiente imediato do paciente.<\/p>\n\n\n\n<h3 class=\"wp-block-heading\">Proposta de interven\u00e7\u00e3o e orienta\u00e7\u00e3o familiar<\/h3>\n\n\n\n<p>Cada profissional da equipe apresenta os resultados dessa avalia\u00e7\u00e3o em uma reuni\u00e3o semanal. Todas essas informa\u00e7\u00f5es s\u00e3o usadas para oferecer o <strong>plano de interven\u00e7\u00e3o<\/strong> que melhor se adapta \u00e0s necessidades, tudo \u00e9 levado em conta: hist\u00f3ria de vida, personalidade e gostos, rede de apoio familiar, recursos financeiros, n\u00edvel de escolaridade, atividades significativas e tempo de lazer.<\/p>\n\n\n\n<p>Em uma orienta\u00e7\u00e3o familiar, o psic\u00f3logo do centro fala sobre a enfermidade e sua evolu\u00e7\u00e3o, o manejo de poss\u00edveis altera\u00e7\u00f5es comportamentais, as d\u00favidas que podem surgir e, por fim, oferece a proposta elaborada para seu familiar.<\/p>\n\n\n\n<h3 class=\"wp-block-heading\">Inclus\u00e3o em workshops: estimula\u00e7\u00e3o cognitiva e terapia ocupacional na abordagem de doen\u00e7as neurodegenerativas com a NeuronUP<\/h3>\n\n\n\n<p>Depois que a fam\u00edlia aceita a proposta, ela se junta a um grupo de estimula\u00e7\u00e3o com um comprometimento cognitivo semelhante. \u00c9 nessas oficinas que trabalhamos as diferentes \u00e1reas cognitivas afetadas, usando diferentes abordagens e recursos.<\/p>\n\n\n\n<p>Desde os mais convencionais e funcionais para eles, como l\u00e1pis e papel, at\u00e9 a aplica\u00e7\u00e3o de novas tecnologias e recursos, como o tablet e o <strong>NeuronUP<\/strong>.<\/p>\n\n\n\n<p>Tamb\u00e9m utilizamos outras terapias n\u00e3o farmacol\u00f3gicas, como as terapias expressivas. Especificamente, a musicoterapia, a terapia dram\u00e1tica e a terapia art\u00edstica, que s\u00e3o integradas \u00e0 vida cotidiana da associa\u00e7\u00e3o.<\/p>\n\n\n\n<h2 class=\"wp-block-heading\">Qual \u00e9 a abordagem das doen\u00e7as neurodegenerativas com o NeuronUP?<\/h2>\n\n\n<div class=\"wp-block-image image-interface\">\n<figure class=\"aligncenter size-full\"><img decoding=\"async\" width=\"1024\" height=\"896\" src=\"https:\/\/neuronup.com\/br\/wp-content\/uploads\/2024\/12\/A-abordagem-das-doencas-neurodegenerativas-na-AFA-Alcala-por-meio-da-NeuronUP.webp\" alt=\"Duas pessoas usando m\u00e1scaras em uma mesa interna, com iPads \u00e0 frente; uma aponta para a tela enquanto a outra observa, copo na mesa.\" class=\"wp-image-33039\" srcset=\"https:\/\/neuronup.com\/br\/wp-content\/uploads\/2024\/12\/A-abordagem-das-doencas-neurodegenerativas-na-AFA-Alcala-por-meio-da-NeuronUP-300x263.webp 300w, https:\/\/neuronup.com\/br\/wp-content\/uploads\/2024\/12\/A-abordagem-das-doencas-neurodegenerativas-na-AFA-Alcala-por-meio-da-NeuronUP-768x672.webp 768w, https:\/\/neuronup.com\/br\/wp-content\/uploads\/2024\/12\/A-abordagem-das-doencas-neurodegenerativas-na-AFA-Alcala-por-meio-da-NeuronUP.webp 1024w\" sizes=\"(max-width: 1024px) 100vw, 1024px\" \/><\/figure>\n<\/div>\n\n\n<h3 class=\"wp-block-heading\">Atividades da vida di\u00e1ria<\/h3>\n\n\n\n<p>Como terapeutas ocupacionais, trabalhando em um ambiente fora de casa, sempre foi muito dif\u00edcil para n\u00f3s reproduzir na sala de terapia as atividades da vida di\u00e1ria e sua abordagem terap\u00eautica para treinar novamente o usu\u00e1rio nas habilidades perdidas. \u00c9 por meio do NeuronUP que conseguimos criar um ambiente virtual no qual podemos reproduzir atividades como <strong>vestir-se, limpar-se, arrumar a cozinha, reciclar, sequenciar etapas<\/strong> etc.<\/p>\n\n\n\n<h3 class=\"wp-block-heading\">Afeta\u00e7\u00e3o severa<\/h3>\n\n\n\n<p>Quando o n\u00edvel de deteriora\u00e7\u00e3o e perda de habilidades \u00e9 muito avan\u00e7ado, os recursos convencionais n\u00e3o s\u00e3o suficientes. Os terapeutas recorrem a diferentes recursos sensoriais como forma de alcan\u00e7ar um n\u00edvel ideal de estimula\u00e7\u00e3o para a pessoa. Nesse aspecto, a NeuronUP nos oferece <strong>recursos sonoros e visuais<\/strong> (movimento, cor, forma, baixa velocidade) adaptados \u00e0s baixas capacidades residuais.<\/p>\n\n\n\n<h3 class=\"wp-block-heading\">Baixo n\u00edvel de alfabetiza\u00e7\u00e3o<\/h3>\n\n\n\n<p>Mesmo que a estimula\u00e7\u00e3o seja feita em grupo, ela leva em conta as caracter\u00edsticas pessoais anteriores, como o n\u00edvel de escolaridade. Nos casos em que a pessoa \u00e9 analfabeta ou frequentou poucos anos de escola, a NeuronUP se torna um recurso muito valioso para poder adaptar a estimula\u00e7\u00e3o o m\u00e1ximo poss\u00edvel.&nbsp;<\/p>\n\n\n\n<p>O uso do aplicativo nos permite <strong>favorecer a autonomia<\/strong> da pessoa durante a execu\u00e7\u00e3o do exerc\u00edcio, al\u00e9m de <strong>promover a aten\u00e7\u00e3o individualizada<\/strong>.<\/p>\n\n\n\n<p>O suporte visual (pictogramas e imagens diferentes) e de \u00e1udio (cada exerc\u00edcio \u00e9 explicado verbalmente) na maioria dos exerc\u00edcios torna seu uso intuitivo.<\/p>\n\n\n\n<h3 class=\"wp-block-heading\">Defici\u00eancia de linguagem<\/h3>\n\n\n\n<p>Valorizamos positivamente a grande quantidade de recursos relacionados a essa \u00e1rea que a NeuronUP possui. Isso nos permite trabalhar no mesmo campo a partir de atividades diferentes, o que torna a abordagem estimulante, pois n\u00e3o cai na repeti\u00e7\u00e3o.<\/p>\n\n\n\n<h3 class=\"wp-block-heading\">Controle de impulsos<\/h3>\n\n\n\n<p>Talvez essa seja uma das \u00e1reas em que mais temos concentrado nossa aten\u00e7\u00e3o nos \u00faltimos anos. Observamos a evolu\u00e7\u00e3o das doen\u00e7as e como a sintomatologia vai mudando, com muitas pessoas sendo diagnosticadas atualmente em que essa falta de controle dos impulsos dificulta sua vida cotidiana.<\/p>\n\n\n\n<p>A pr\u00f3pria din\u00e2mica dos exerc\u00edcios nos permite<strong> trabalhar simultaneamente<\/strong> nas \u00e1reas afetadas, bem como em diferentes altera\u00e7\u00f5es comportamentais associadas, como<strong> inibi\u00e7\u00e3o, cogni\u00e7\u00e3o social<\/strong>, etc.<\/p>\n\n\n\n<div style=\"height:50px\" aria-hidden=\"true\" class=\"wp-block-spacer\"><\/div>\n\n\n\n<div class=\"wp-block-group br-0111 has-primary-background-color has-background has-dark-background has-sm-padding-top has-sm-padding-left has-sm-padding-right has-xxl-margin-top\"><div class=\"wp-block-group__inner-container is-layout-constrained wp-block-group-is-layout-constrained\">\n<div class=\"wp-block-columns is-layout-flex wp-container-core-columns-is-layout-9d6595d7 wp-block-columns-is-layout-flex\">\n<div class=\"wp-block-column is-layout-flow wp-block-column-is-layout-flow\">\n<figure class=\"wp-block-image size-full desktop-position-absolute desktop-bottom-0 mobile-width-50 mobile-m-inline-auto has-xl-margin-top\"><img decoding=\"async\" width=\"292\" height=\"338\" src=\"https:\/\/neuronup.com\/br\/wp-content\/uploads\/2024\/10\/certificado-de-produto.webp\" alt=\"\" class=\"wp-image-31568\" srcset=\"https:\/\/neuronup.com\/br\/wp-content\/uploads\/2024\/10\/certificado-de-produto-259x300.webp 259w, https:\/\/neuronup.com\/br\/wp-content\/uploads\/2024\/10\/certificado-de-produto.webp 292w\" sizes=\"(max-width: 292px) 100vw, 292px\" \/><\/figure>\n<\/div>\n\n\n\n<div class=\"wp-block-column is-layout-flow wp-block-column-is-layout-flow\">\n<h2 class=\"wp-block-heading has-white-color has-text-color\"><strong>Inscreva-se<\/strong> <br>na nossa <br>Newsletter<\/h2>\n\n\n\n<div class=\"wp-block-buttons is-layout-flex wp-block-buttons-is-layout-flex\">\n<div class=\"wp-block-button--1\" style=\"--button-outline-color:var(--color-white);--button-outline-color-hover:rgba(0,0,0,0.8);\"><a class=\"wp-block-button__link button button-outline   wp-element-button\" href=\"https:\/\/neuronup.com\/br\/newsletter\/\">Inscreva-se<\/a><\/div>\n\n<\/div>\n\n\n\n<div style=\"height:40px\" aria-hidden=\"true\" class=\"wp-block-spacer\"><\/div>\n<\/div>\n<\/div>\n<\/div><\/div>\n\n\n\n\n<div style=\"height:50px\" aria-hidden=\"true\" class=\"wp-block-spacer\"><\/div>\n\n\n\n<h2 class=\"wp-block-heading\">Conclus\u00e3o<\/h2>\n\n\n\n<p>Para concluir, pode-se dizer que os terapeutas que realizam os workshops de estimula\u00e7\u00e3o cognitiva do centro para doen\u00e7as neurodegenerativas descobriram que a NeuronUP \u00e9 um recurso fundamental que nos ajuda a economizar tempo. Al\u00e9m de ter uma ampla gama de recursos e tamb\u00e9m atingir mais perfis de usu\u00e1rios.<\/p>\n\n\n\n<h3 class=\"wp-block-heading\">Se voc\u00ea gostou deste artigo sobre a abordagem das doen\u00e7as neurodegenerativas realizada com a NeuronUP, recomendamos que d\u00ea uma olhada nestas publica\u00e7\u00f5es:<\/h3>\n\n\n<div class=\"mai-grid entries entries-grid has-boxed has-image-full\" style=\"--entry-title-font-size:var(--font-size-lg);--align-text:start;--entry-meta-text-align:start;\"><div class=\"entries-wrap has-columns\" style=\"--columns-xs:1\/1;--columns-sm:1\/1;--columns-md:1\/3;--columns-lg:1\/3;--flex-xs:0 0 var(--flex-basis);--flex-sm:0 0 var(--flex-basis);--flex-md:0 0 var(--flex-basis);--flex-lg:0 0 var(--flex-basis);--column-gap:var(--spacing-lg);--row-gap:var(--spacing-lg);--align-columns:start;\"><article class=\"entry entry-grid is-column has-entry-link has-image has-image-first type-post category-depoimentos tag-testemunhos\" style=\"--entry-index:1;\" aria-label=\"Superar os desafios cognitivos: a abordagem \u00fanica da BIQAF Psychology\" itemscope itemtype=\"https:\/\/schema.org\/CreativeWork\"><a class=\"entry-image-link\" href=\"https:\/\/neuronup.com\/br\/noticias-de-estimulacao-cognitiva\/depoimentos\/superar-os-retos-cognitivos-o-enfoque-unico-de-biqaf-psychology\/\" tabindex=\"-1\" aria-hidden=\"true\"><img decoding=\"async\" width=\"400\" height=\"300\" src=\"https:\/\/neuronup.com\/br\/wp-content\/uploads\/2024\/11\/BIQAF-usuario.webp\" class=\"entry-image size-landscape-sm\" alt=\"Pessoa sentada em cadeira, fones de ouvido, diante de laptop e tela com gr\u00e1ficos; ambiente claro e tranquilo.\" srcset=\"https:\/\/neuronup.com\/br\/wp-content\/uploads\/2024\/11\/BIQAF-usuario-300x225.webp 300w, https:\/\/neuronup.com\/br\/wp-content\/uploads\/2024\/11\/BIQAF-usuario-768x576.webp 768w, https:\/\/neuronup.com\/br\/wp-content\/uploads\/2024\/11\/BIQAF-usuario-1024x768.webp 1024w, https:\/\/neuronup.com\/br\/wp-content\/uploads\/2024\/11\/BIQAF-usuario.webp 1200w\" sizes=\"(max-width:599px) 599px, (min-width:600px) and (max-width: 799px) 799px, (min-width:800px) and (max-width: 999px) 333px, (min-width:1000px) 400px\" \/><\/a><div class=\"entry-wrap entry-wrap-grid\"><h3 class=\"entry-title\" itemprop=\"headline\"><a class=\"entry-title-link\" href=\"https:\/\/neuronup.com\/br\/noticias-de-estimulacao-cognitiva\/depoimentos\/superar-os-retos-cognitivos-o-enfoque-unico-de-biqaf-psychology\/\" rel=\"bookmark\">Superar os desafios cognitivos: a abordagem \u00fanica da BIQAF Psychology<\/a><\/h3>\n<\/div><\/article><article class=\"entry entry-grid is-column has-entry-link has-image has-image-first type-post category-doencas-raras tag-doencas-raras\" style=\"--entry-index:2;\" aria-label=\"Compreendendo a S\u00edndrome de Gerstmann\" itemscope itemtype=\"https:\/\/schema.org\/CreativeWork\"><a class=\"entry-image-link\" href=\"https:\/\/neuronup.com\/br\/noticias-de-estimulacao-cognitiva\/doencas-raras\/compreendendo-o-sindrome-de-gerstmann\/\" tabindex=\"-1\" aria-hidden=\"true\"><img decoding=\"async\" width=\"400\" height=\"267\" src=\"https:\/\/neuronup.com\/br\/wp-content\/uploads\/2024\/11\/Comprendiendo-el-Sindrome-de-Gerstmann-NeuronUP.webp\" class=\"entry-image size-landscape-sm\" alt=\"Mulher sentada em cadeira, cabelos longos escuros, camisa azul; express\u00e3o s\u00e9ria e pensativa com a m\u00e3o no queixo, fundo neutro.\" srcset=\"https:\/\/neuronup.com\/br\/wp-content\/uploads\/2024\/11\/Comprendiendo-el-Sindrome-de-Gerstmann-NeuronUP-300x200.webp 300w, https:\/\/neuronup.com\/br\/wp-content\/uploads\/2024\/11\/Comprendiendo-el-Sindrome-de-Gerstmann-NeuronUP-768x512.webp 768w, https:\/\/neuronup.com\/br\/wp-content\/uploads\/2024\/11\/Comprendiendo-el-Sindrome-de-Gerstmann-NeuronUP-1024x683.webp 1024w, https:\/\/neuronup.com\/br\/wp-content\/uploads\/2024\/11\/Comprendiendo-el-Sindrome-de-Gerstmann-NeuronUP.webp 1200w\" sizes=\"(max-width:599px) 599px, (min-width:600px) and (max-width: 799px) 799px, (min-width:800px) and (max-width: 999px) 333px, (min-width:1000px) 400px\" \/><\/a><div class=\"entry-wrap entry-wrap-grid\"><h3 class=\"entry-title\" itemprop=\"headline\"><a class=\"entry-title-link\" href=\"https:\/\/neuronup.com\/br\/noticias-de-estimulacao-cognitiva\/doencas-raras\/compreendendo-o-sindrome-de-gerstmann\/\" rel=\"bookmark\">Compreendendo a S\u00edndrome de Gerstmann<\/a><\/h3>\n<\/div><\/article><article class=\"entry entry-grid is-column has-entry-link has-image has-image-first type-post category-linhas-de-investigacao tag-noticias-da-neuronup tag-pesquisa\" style=\"--entry-index:3;\" aria-label=\"A doen\u00e7a de Alzheimer como construto cl\u00ednico-biol\u00f3gico: recomenda\u00e7\u00e3o de um grupo de trabalho internacional\" itemscope itemtype=\"https:\/\/schema.org\/CreativeWork\"><a class=\"entry-image-link\" href=\"https:\/\/neuronup.com\/br\/investigacao\/linhas-de-investigacao\/a-doenca-de-alzheimer-como-construto-clinico-biologico-recomendacao-de-um-grupo-de-trabalho-internacional\/\" tabindex=\"-1\" aria-hidden=\"true\"><img decoding=\"async\" width=\"400\" height=\"225\" src=\"https:\/\/neuronup.com\/br\/wp-content\/uploads\/2024\/11\/La-enfermedad-de-alzheimer-como-constructo-clinico-biologico-recomendacion-de-un-grupo-de-trabajo-internacional-NeuronUP.webp\" class=\"entry-image size-landscape-sm\" alt=\"Homem idoso de cabelo branco concentra-se em montar um quebra-cabe\u00e7a, com outra pessoa oferecendo apoio no ombro, em ambiente claro.\" srcset=\"https:\/\/neuronup.com\/br\/wp-content\/uploads\/2024\/11\/La-enfermedad-de-alzheimer-como-constructo-clinico-biologico-recomendacion-de-un-grupo-de-trabajo-internacional-NeuronUP-300x169.webp 300w, https:\/\/neuronup.com\/br\/wp-content\/uploads\/2024\/11\/La-enfermedad-de-alzheimer-como-constructo-clinico-biologico-recomendacion-de-un-grupo-de-trabajo-internacional-NeuronUP-768x432.webp 768w, https:\/\/neuronup.com\/br\/wp-content\/uploads\/2024\/11\/La-enfermedad-de-alzheimer-como-constructo-clinico-biologico-recomendacion-de-un-grupo-de-trabajo-internacional-NeuronUP-1024x576.webp 1024w, https:\/\/neuronup.com\/br\/wp-content\/uploads\/2024\/11\/La-enfermedad-de-alzheimer-como-constructo-clinico-biologico-recomendacion-de-un-grupo-de-trabajo-internacional-NeuronUP.webp 1200w\" sizes=\"(max-width:599px) 599px, (min-width:600px) and (max-width: 799px) 799px, (min-width:800px) and (max-width: 999px) 333px, (min-width:1000px) 400px\" \/><\/a><div class=\"entry-wrap entry-wrap-grid\"><h3 class=\"entry-title\" itemprop=\"headline\"><a class=\"entry-title-link\" href=\"https:\/\/neuronup.com\/br\/investigacao\/linhas-de-investigacao\/a-doenca-de-alzheimer-como-construto-clinico-biologico-recomendacao-de-um-grupo-de-trabalho-internacional\/\" rel=\"bookmark\">A doen\u00e7a de Alzheimer como construto cl\u00ednico-biol\u00f3gico: recomenda\u00e7\u00e3o de um grupo de trabalho internacional<\/a><\/h3>\n<\/div><\/article><article class=\"entry entry-grid is-column has-entry-link has-image has-image-first type-post category-atividades-para-transtornos-do-desenvolvimento tag-atividades-de-estimulacao-cognitiva tag-atividades-de-estimulacao-cognitiva-para-criancas tag-criancas tag-dislexia tag-estimulacao-cognitiva tag-transtornos-do-neurodesenvolvimento\" style=\"--entry-index:4;\" aria-label=\"Atividades para pessoas com dislexia\" itemscope itemtype=\"https:\/\/schema.org\/CreativeWork\"><a class=\"entry-image-link\" href=\"https:\/\/neuronup.com\/br\/atividades-de-neurorreabilitacao\/atividades-para-transtornos-do-desenvolvimento\/atividades-para-pessoas-com-dislexia\/\" tabindex=\"-1\" aria-hidden=\"true\"><img decoding=\"async\" width=\"400\" height=\"225\" src=\"https:\/\/neuronup.com\/br\/wp-content\/uploads\/2024\/10\/Detective-de-letras-NeuronUP.webp\" class=\"entry-image size-landscape-sm\" alt=\"Interface educativa do NeuronUP com fogueira; palavra &#039;fuego&#039; tem a letra &#039;e&#039; destacada em verde.\" srcset=\"https:\/\/neuronup.com\/br\/wp-content\/uploads\/2024\/10\/Detective-de-letras-NeuronUP-300x169.webp 300w, https:\/\/neuronup.com\/br\/wp-content\/uploads\/2024\/10\/Detective-de-letras-NeuronUP-768x432.webp 768w, https:\/\/neuronup.com\/br\/wp-content\/uploads\/2024\/10\/Detective-de-letras-NeuronUP-1024x576.webp 1024w, https:\/\/neuronup.com\/br\/wp-content\/uploads\/2024\/10\/Detective-de-letras-NeuronUP.webp 1200w\" sizes=\"(max-width:599px) 599px, (min-width:600px) and (max-width: 799px) 799px, (min-width:800px) and (max-width: 999px) 333px, (min-width:1000px) 400px\" \/><\/a><div class=\"entry-wrap entry-wrap-grid\"><h3 class=\"entry-title\" itemprop=\"headline\"><a class=\"entry-title-link\" href=\"https:\/\/neuronup.com\/br\/atividades-de-neurorreabilitacao\/atividades-para-transtornos-do-desenvolvimento\/atividades-para-pessoas-com-dislexia\/\" rel=\"bookmark\">Atividades para pessoas com dislexia<\/a><\/h3>\n<\/div><\/article><article class=\"entry entry-grid is-column has-entry-link has-image has-image-first type-post category-doenca-mental tag-esquizofrenia tag-saude-mental\" style=\"--entry-index:5;\" aria-label=\"Tend\u00eancias atuais no tratamento de doen\u00e7as mentais\" itemscope itemtype=\"https:\/\/schema.org\/CreativeWork\"><a class=\"entry-image-link\" href=\"https:\/\/neuronup.com\/br\/noticias-de-estimulacao-cognitiva\/doenca-mental\/tendencias-atuais-no-tratamento-de-doencas-mentais\/\" tabindex=\"-1\" aria-hidden=\"true\"><img decoding=\"async\" width=\"400\" height=\"257\" src=\"https:\/\/neuronup.com\/br\/wp-content\/uploads\/2024\/12\/Tendencias-actuales-en-el-tratamiento-de-enfermedades-mentales-NeuronUP.webp\" class=\"entry-image size-landscape-sm\" alt=\"Homem de cabelo castanho ondulado cobre o rosto com as m\u00e3os, express\u00e3o introspectiva, fundo cinza s\u00f3lido.\" srcset=\"https:\/\/neuronup.com\/br\/wp-content\/uploads\/2024\/12\/Tendencias-actuales-en-el-tratamiento-de-enfermedades-mentales-NeuronUP-300x193.webp 300w, https:\/\/neuronup.com\/br\/wp-content\/uploads\/2024\/12\/Tendencias-actuales-en-el-tratamiento-de-enfermedades-mentales-NeuronUP-768x493.webp 768w, https:\/\/neuronup.com\/br\/wp-content\/uploads\/2024\/12\/Tendencias-actuales-en-el-tratamiento-de-enfermedades-mentales-NeuronUP-1024x657.webp 1024w, https:\/\/neuronup.com\/br\/wp-content\/uploads\/2024\/12\/Tendencias-actuales-en-el-tratamiento-de-enfermedades-mentales-NeuronUP.webp 1200w\" sizes=\"(max-width:599px) 599px, (min-width:600px) and (max-width: 799px) 799px, (min-width:800px) and (max-width: 999px) 333px, (min-width:1000px) 400px\" \/><\/a><div class=\"entry-wrap entry-wrap-grid\"><h3 class=\"entry-title\" itemprop=\"headline\"><a class=\"entry-title-link\" href=\"https:\/\/neuronup.com\/br\/noticias-de-estimulacao-cognitiva\/doenca-mental\/tendencias-atuais-no-tratamento-de-doencas-mentais\/\" rel=\"bookmark\">Tend\u00eancias atuais no tratamento de doen\u00e7as mentais<\/a><\/h3>\n<\/div><\/article><article class=\"entry entry-grid is-column has-entry-link has-image has-image-first type-post category-neuronup-academy tag-academia-neuronup tag-lesao-cerebral-adquirida tag-palestra-da-academia-neuronup\" style=\"--entry-index:6;\" aria-label=\"A neuropsic\u00f3loga Ainhoa Espinosa de Luzarraga responde \u00e0s d\u00favidas sobre sua palestra de les\u00e3o cerebral adquirida\" itemscope itemtype=\"https:\/\/schema.org\/CreativeWork\"><a class=\"entry-image-link\" href=\"https:\/\/neuronup.com\/br\/formacao\/neuronup-academy\/a-neuropsicologa-ainhoa-espinosa-de-luzarraga-responde-as-duvidas-sobre-sua-palestra-de-dano-cerebral-adquirido\/\" tabindex=\"-1\" aria-hidden=\"true\"><img decoding=\"async\" width=\"400\" height=\"225\" src=\"https:\/\/neuronup.com\/br\/wp-content\/uploads\/2024\/11\/ACADEMY-Ainhoa.webp\" class=\"entry-image size-landscape-sm\" alt=\"Mulher sorridente ao lado de tela\/slide; fundo azul\/preto; destaque para Ainhoa em afeto e sexualidade ap\u00f3s dano cerebral.\" srcset=\"https:\/\/neuronup.com\/br\/wp-content\/uploads\/2024\/11\/ACADEMY-Ainhoa-300x169.webp 300w, https:\/\/neuronup.com\/br\/wp-content\/uploads\/2024\/11\/ACADEMY-Ainhoa-768x432.webp 768w, https:\/\/neuronup.com\/br\/wp-content\/uploads\/2024\/11\/ACADEMY-Ainhoa-1024x576.webp 1024w, https:\/\/neuronup.com\/br\/wp-content\/uploads\/2024\/11\/ACADEMY-Ainhoa.webp 1280w\" sizes=\"(max-width:599px) 599px, (min-width:600px) and (max-width: 799px) 799px, (min-width:800px) and (max-width: 999px) 333px, (min-width:1000px) 400px\" \/><\/a><div class=\"entry-wrap entry-wrap-grid\"><h3 class=\"entry-title\" itemprop=\"headline\"><a class=\"entry-title-link\" href=\"https:\/\/neuronup.com\/br\/formacao\/neuronup-academy\/a-neuropsicologa-ainhoa-espinosa-de-luzarraga-responde-as-duvidas-sobre-sua-palestra-de-dano-cerebral-adquirido\/\" rel=\"bookmark\">A neuropsic\u00f3loga Ainhoa Espinosa de Luzarraga responde \u00e0s d\u00favidas sobre sua palestra de les\u00e3o cerebral adquirida<\/a><\/h3>\n<\/div><\/article><\/div><\/div>","protected":false},"excerpt":{"rendered":"<p>A terapeuta ocupacional do centro AFA Alcal\u00e1, Laura Caballero, explica o tratamento de doen\u00e7as neurodegenerativas por meio de workshops de estimula\u00e7\u00e3o cognitiva e terapia ocupacional por meio da NeuronUP. Introdu\u00e7\u00e3o&nbsp; Quem somos? A Associa\u00e7\u00e3o de Pacientes e Familiares de Alzheimer e Parkinson de Alcal\u00e1 de Henares (AFA Alcal\u00e1) surgiu em 1997 como um recurso criado &hellip;<\/p>\n","protected":false},"author":69,"featured_media":33040,"comment_status":"open","ping_status":"open","sticky":false,"template":"","format":"standard","meta":{"_acf_changed":false,"_genesis_hide_title":false,"_genesis_hide_breadcrumbs":false,"_genesis_hide_singular_image":false,"_genesis_hide_footer_widgets":false,"_genesis_custom_body_class":"","_genesis_custom_post_class":"","_genesis_layout":"","footnotes":""},"categories":[576],"tags":[537,570,577,551,617,538],"class_list":{"2":"type-post","7":"category-doencas-neurodegenerativas","8":"tag-alzheimer","9":"tag-depoimentos","10":"tag-doencas-neurodegenerativas","11":"tag-estimulacao-cognitiva","12":"tag-funcoes-executivas","13":"tag-parkinson","14":"entry"},"acf":[],"_links":{"self":[{"href":"https:\/\/neuronup.com\/br\/wp-json\/wp\/v2\/posts\/5139","targetHints":{"allow":["GET"]}}],"collection":[{"href":"https:\/\/neuronup.com\/br\/wp-json\/wp\/v2\/posts"}],"about":[{"href":"https:\/\/neuronup.com\/br\/wp-json\/wp\/v2\/types\/post"}],"author":[{"embeddable":true,"href":"https:\/\/neuronup.com\/br\/wp-json\/wp\/v2\/users\/69"}],"replies":[{"embeddable":true,"href":"https:\/\/neuronup.com\/br\/wp-json\/wp\/v2\/comments?post=5139"}],"version-history":[{"count":0,"href":"https:\/\/neuronup.com\/br\/wp-json\/wp\/v2\/posts\/5139\/revisions"}],"wp:featuredmedia":[{"embeddable":true,"href":"https:\/\/neuronup.com\/br\/wp-json\/wp\/v2\/media\/33040"}],"wp:attachment":[{"href":"https:\/\/neuronup.com\/br\/wp-json\/wp\/v2\/media?parent=5139"}],"wp:term":[{"taxonomy":"category","embeddable":true,"href":"https:\/\/neuronup.com\/br\/wp-json\/wp\/v2\/categories?post=5139"},{"taxonomy":"post_tag","embeddable":true,"href":"https:\/\/neuronup.com\/br\/wp-json\/wp\/v2\/tags?post=5139"}],"curies":[{"name":"wp","href":"https:\/\/api.w.org\/{rel}","templated":true}]}}