{"id":5081,"date":"2023-12-26T12:31:25","date_gmt":"2023-12-26T11:31:25","guid":{"rendered":"https:\/\/neuronup.com\/br\/?p=5081"},"modified":"2026-01-26T18:15:16","modified_gmt":"2026-01-26T16:15:16","slug":"como-trabalhar-a-estimulacao-cognitiva-em-criancas-com-transtorno-do-espectro-do-autismo","status":"publish","type":"post","link":"https:\/\/neuronup.com\/br\/noticias-de-estimulacao-cognitiva\/transtornos-do-desenvolvimento\/tea-transtorno-do-espectro-do-autismo\/como-trabalhar-a-estimulacao-cognitiva-em-criancas-com-transtorno-do-espectro-do-autismo\/","title":{"rendered":"Como trabalhar a estimula\u00e7\u00e3o cognitiva em crian\u00e7as com transtorno do espectro autista"},"content":{"rendered":"\n<p class=\"has-xl-font-size\">Sabrina Mart\u00ednez, diretora e psic\u00f3loga da Stimulos, explica o <strong>transtorno do espectro autista e as experi\u00eancias de seu consult\u00f3rio com a NeuronUP.<\/strong><\/p>\n\n\n\n<h2 class=\"wp-block-heading\">O que \u00e9 o transtorno do espectro autista?<\/h2>\n\n\n\n<p><strong>O transtorno do espectro autista (TEA)<\/strong> \u00e9 um dist\u00farbio do neurodesenvolvimento caracterizado por um <strong>desenvolvimento at\u00edpico na intera\u00e7\u00e3o social e nas habilidades de comunica\u00e7\u00e3o<\/strong>, com atividades e interesses restritos no in\u00edcio.<\/p>\n\n\n\n<p>Atualmente, <strong>afeta quatro a cinco vezes mais meninos do que meninas<\/strong> e estudos estimam a seguinte preval\u00eancia:<\/p>\n\n\n\n<ul class=\"wp-block-list\">\n<li>1\/100 (Europa, 2010),<\/li>\n\n\n\n<li>1\/59 (USA, 2018).<\/li>\n<\/ul>\n\n\n\n<h2 class=\"wp-block-heading\">Graus de autismo<\/h2>\n\n\n\n<p>Dentro do transtorno do espectro autista, podemos distinguir tr\u00eas graus de <strong>autismo<\/strong>:<\/p>\n\n\n\n<ul class=\"wp-block-list\">\n<li>Grau 1: requer ajuda,<\/li>\n\n\n\n<li>grau 2: requer ajuda significativa,<\/li>\n\n\n\n<li>grau 3: requer ajuda muito significativa.<\/li>\n<\/ul>\n\n\n\n<h2 class=\"wp-block-heading\">Caracter\u00edsticas mais comuns do autismo<\/h2>\n\n\n\n<h3 class=\"wp-block-heading\">D\u00e9ficits na comunica\u00e7\u00e3o e na intera\u00e7\u00e3o social:<\/h3>\n\n\n\n<ul class=\"wp-block-list\">\n<li>Dificuldades na reciprocidade <strong>socioemocional<\/strong>,<\/li>\n\n\n\n<li>d\u00e9ficits em comportamentos <strong>comunicativos n\u00e3o verbais,<\/strong><\/li>\n\n\n\n<li>dificuldades em<strong> desenvolver e manter relacionamentos adequados<\/strong> ao n\u00edvel de desenvolvimento.<\/li>\n<\/ul>\n\n\n\n<h3 class=\"wp-block-heading\">Padr\u00f5es repetitivos e restritos de comportamento, atividades e interesses<\/h3>\n\n\n\n<ul class=\"wp-block-list\">\n<li><strong>Comportamentos verbais<\/strong>, motores ou de uso de objetos estereotipados ou repetitivos,<\/li>\n\n\n\n<li><strong>ades\u00e3o excessiva<\/strong> a rotinas, padr\u00f5es de comportamento verbal e n\u00e3o verbal ritualizados ou resist\u00eancia excessiva a mudan\u00e7as,<\/li>\n\n\n\n<li><strong>interesses restritos<\/strong> e obsessivos que s\u00e3o anormais por sua intensidade ou tipo de conte\u00fado,<\/li>\n\n\n\n<li><strong>hiper ou hipo reatividade<\/strong> sensorial ou interesse incomum em aspectos do ambiente.<\/li>\n<\/ul>\n\n\n\n<h2 class=\"wp-block-heading\">O transtorno do espectro autista contado pela Stimulos<\/h2>\n\n\n\n<h3 class=\"wp-block-heading\">Stimulos Atenci\u00f3n Educativa s.l.<\/h3>\n\n\n\n<p>A Stimulos Atenci\u00f3n Educativa \u00e9 formada por um grupo de profissionais que se comprometem diariamente a <strong>ajudar as crian\u00e7as e suas fam\u00edlias em seu desenvolvimento evolutivo<\/strong>, detectando precocemente diferentes dificuldades e, principalmente, ajudando por meio da preven\u00e7\u00e3o e minimizando ao m\u00e1ximo as dificuldades que possam apresentar.<\/p>\n\n\n\n<p>A Stimulos come\u00e7ou a trabalhar em pr\u00e9-escolas para oferecer esse atendimento o mais r\u00e1pido poss\u00edvel. Em um per\u00edodo de tempo relativamente curto, teve que se expandir, prestando servi\u00e7os \u00e0s fam\u00edlias em casa e em cl\u00ednicas particulares. Atualmente, possui dois centros e trata principalmente de dist\u00farbios de neurodesenvolvimento.<\/p>\n\n\n\n<p>Para apoiar todas essas fam\u00edlias, cedemos uma das nossas instala\u00e7\u00f5es no per\u00edodo da manh\u00e3 para a Associa\u00e7\u00e3o ANDIAT, para que possa abrir um centro de cuidados infantis e continuar a ajudar as crian\u00e7as e suas fam\u00edlias que precisam de cuidados infantis.<\/p>\n\n\n\n<p>Os profissionais da Stimulos realizam interven\u00e7\u00f5es personalizadas <strong>com base em uma abordagem multidisciplinar para cada crian\u00e7a<\/strong>.<\/p>\n\n\n\n<p>A Stimulos Atenci\u00f3n Educativa conta com uma equipe formada por fonoaudi\u00f3logos, psic\u00f3logos, pedagogos, terapeutas ocupacionais e fisioterapeutas, sempre em treinamento cont\u00ednuo.<\/p>\n\n\n<div class=\"wp-block-image image-interface\">\n<figure class=\"aligncenter size-large\"><img decoding=\"async\" width=\"1024\" height=\"576\" src=\"https:\/\/neuronup.com\/br\/wp-content\/uploads\/2024\/12\/Crianca-trabalhando-com-as-atividades-da-NeuronUP.-1-1024x576.webp\" alt=\"Menino sentado \u00e0 mesa, olhando para um laptop aberto; ao fundo, janela com persianas verdes e itens de organiza\u00e7\u00e3o na bancada.\" class=\"wp-image-33272\" srcset=\"https:\/\/neuronup.com\/br\/wp-content\/uploads\/2024\/12\/Crianca-trabalhando-com-as-atividades-da-NeuronUP.-1-300x169.webp 300w, https:\/\/neuronup.com\/br\/wp-content\/uploads\/2024\/12\/Crianca-trabalhando-com-as-atividades-da-NeuronUP.-1-768x432.webp 768w, https:\/\/neuronup.com\/br\/wp-content\/uploads\/2024\/12\/Crianca-trabalhando-com-as-atividades-da-NeuronUP.-1-1024x576.webp 1024w, https:\/\/neuronup.com\/br\/wp-content\/uploads\/2024\/12\/Crianca-trabalhando-com-as-atividades-da-NeuronUP.-1.webp 1200w\" sizes=\"(max-width: 1024px) 100vw, 1024px\" \/><figcaption class=\"wp-element-caption\">Crian\u00e7a trabalhando com as atividades da NeuronUP.<\/figcaption><\/figure>\n<\/div>\n\n\n<h3 class=\"wp-block-heading\">Nossa experi\u00eancia com a NeuronUP<\/h3>\n\n\n\n<p>Nossa equipe<strong> usa a plataforma NeuronUP<\/strong> para trabalhar com essas crian\u00e7as nas dificuldades que elas apresentam em termos de fun\u00e7\u00f5es executivas e cognitivas. Mas, acima de tudo, \u00e9 muito \u00fatil para n\u00f3s podermos <strong>trabalhar especificamente na cogni\u00e7\u00e3o social e na teoria da mente<\/strong>, pois \u00e9 dif\u00edcil encontrar programas que trabalhem essas \u00e1reas.<\/p>\n\n\n\n<p>Dessa forma, <strong>as crian\u00e7as ficam mais motivadas<\/strong> e n\u00e3o se importam em incluir o trabalho em sua vida di\u00e1ria em casa, pois o veem mais como um jogo do que como li\u00e7\u00e3o de casa, <strong>promovendo assim o exerc\u00edcio em casa e, com isso, melhores resultados nos tratamentos.<\/strong><\/p>\n\n\n\n<h2 class=\"wp-block-heading\">O caso de uma das nossas meninas e a NeuronUP<\/h2>\n\n\n\n<p>Uma de nossas meninas de 8 anos com autismo de grau 1 (levando em conta os manuais anteriores: S\u00edndrome de Asperger) est\u00e1 trabalhando com a NeuronUP h\u00e1 quase 2 anos. Quando n\u00e3o est\u00e1 fisicamente no consult\u00f3rio, <strong>ela continua treinando tr\u00eas vezes por semana em casa, refor\u00e7ando tudo o que est\u00e1 fazendo no consult\u00f3rio.<\/strong><\/p>\n\n\n\n<p>Nesse caso, a pedagoga programa jogos semanais de acordo com os resultados obtidos e as exig\u00eancias do ambiente escolar. Al\u00e9m disso, como essas crian\u00e7as trabalham muito bem com rotinas, ela j\u00e1 estabeleceu o uso da NeuronUP como parte de sua rotina. Dessa forma, a crian\u00e7a pode <strong>continuar a melhorar seus pontos fracos, sempre sob a supervis\u00e3o de um profissional<\/strong>, mesmo sem precisar se deslocar, o que tamb\u00e9m deixa a fam\u00edlia muito grata.<\/p>\n\n\n\n<p>No nosso trabalho di\u00e1rio, sempre tentamos motivar as nossas crian\u00e7as nas sess\u00f5es porque o progresso depende disso e, com a NeuronUP, <strong>conseguimos encontrar um complemento de trabalho muito positivo para atingir nossos objetivos.<\/strong><\/p>\n\n\n\n<p>Al\u00e9m disso, h\u00e1 novos jogos sendo lan\u00e7ados na plataforma de tempos em tempos, para que voc\u00ea sempre tenha acesso a novas alternativas para trabalhar em diferentes \u00e1reas.<\/p>\n\n\n\n<h3 class=\"wp-block-heading\">Se voc\u00ea gostou deste artigo sobre o transtorno do espectro autista contado pela Stimulos, talvez se interesse por estes artigos da <strong>NeuronUP:<\/strong><\/h3>\n\n\n<div class=\"mai-grid entries entries-grid has-boxed has-image-full\" style=\"--entry-title-font-size:var(--font-size-lg);--align-text:start;--entry-meta-text-align:start;\"><div class=\"entries-wrap has-columns\" style=\"--columns-xs:1\/1;--columns-sm:1\/1;--columns-md:1\/3;--columns-lg:1\/3;--flex-xs:0 0 var(--flex-basis);--flex-sm:0 0 var(--flex-basis);--flex-md:0 0 var(--flex-basis);--flex-lg:0 0 var(--flex-basis);--column-gap:var(--spacing-lg);--row-gap:var(--spacing-lg);--align-columns:start;\"><article class=\"entry entry-grid is-column has-entry-link has-image has-image-first type-post category-depoimentos tag-testemunhos\" style=\"--entry-index:1;\" aria-label=\"Superar os desafios cognitivos: a abordagem \u00fanica da BIQAF Psychology\" itemscope itemtype=\"https:\/\/schema.org\/CreativeWork\"><a class=\"entry-image-link\" href=\"https:\/\/neuronup.com\/br\/noticias-de-estimulacao-cognitiva\/depoimentos\/superar-os-retos-cognitivos-o-enfoque-unico-de-biqaf-psychology\/\" tabindex=\"-1\" aria-hidden=\"true\"><img decoding=\"async\" width=\"400\" height=\"300\" src=\"https:\/\/neuronup.com\/br\/wp-content\/uploads\/2024\/11\/BIQAF-usuario.webp\" class=\"entry-image size-landscape-sm\" alt=\"Pessoa sentada em cadeira, fones de ouvido, diante de laptop e tela com gr\u00e1ficos; ambiente claro e tranquilo.\" srcset=\"https:\/\/neuronup.com\/br\/wp-content\/uploads\/2024\/11\/BIQAF-usuario-300x225.webp 300w, https:\/\/neuronup.com\/br\/wp-content\/uploads\/2024\/11\/BIQAF-usuario-768x576.webp 768w, https:\/\/neuronup.com\/br\/wp-content\/uploads\/2024\/11\/BIQAF-usuario-1024x768.webp 1024w, https:\/\/neuronup.com\/br\/wp-content\/uploads\/2024\/11\/BIQAF-usuario.webp 1200w\" sizes=\"(max-width:599px) 599px, (min-width:600px) and (max-width: 799px) 799px, (min-width:800px) and (max-width: 999px) 333px, (min-width:1000px) 400px\" \/><\/a><div class=\"entry-wrap entry-wrap-grid\"><h3 class=\"entry-title\" itemprop=\"headline\"><a class=\"entry-title-link\" href=\"https:\/\/neuronup.com\/br\/noticias-de-estimulacao-cognitiva\/depoimentos\/superar-os-retos-cognitivos-o-enfoque-unico-de-biqaf-psychology\/\" rel=\"bookmark\">Superar os desafios cognitivos: a abordagem \u00fanica da BIQAF Psychology<\/a><\/h3>\n<\/div><\/article><article class=\"entry entry-grid is-column has-entry-link has-image has-image-first type-post category-doencas-raras tag-doencas-raras\" style=\"--entry-index:2;\" aria-label=\"Compreendendo a S\u00edndrome de Gerstmann\" itemscope itemtype=\"https:\/\/schema.org\/CreativeWork\"><a class=\"entry-image-link\" href=\"https:\/\/neuronup.com\/br\/noticias-de-estimulacao-cognitiva\/doencas-raras\/compreendendo-o-sindrome-de-gerstmann\/\" tabindex=\"-1\" aria-hidden=\"true\"><img decoding=\"async\" width=\"400\" height=\"267\" src=\"https:\/\/neuronup.com\/br\/wp-content\/uploads\/2024\/11\/Comprendiendo-el-Sindrome-de-Gerstmann-NeuronUP.webp\" class=\"entry-image size-landscape-sm\" alt=\"Mulher sentada em cadeira, cabelos longos escuros, camisa azul; express\u00e3o s\u00e9ria e pensativa com a m\u00e3o no queixo, fundo neutro.\" srcset=\"https:\/\/neuronup.com\/br\/wp-content\/uploads\/2024\/11\/Comprendiendo-el-Sindrome-de-Gerstmann-NeuronUP-300x200.webp 300w, https:\/\/neuronup.com\/br\/wp-content\/uploads\/2024\/11\/Comprendiendo-el-Sindrome-de-Gerstmann-NeuronUP-768x512.webp 768w, https:\/\/neuronup.com\/br\/wp-content\/uploads\/2024\/11\/Comprendiendo-el-Sindrome-de-Gerstmann-NeuronUP-1024x683.webp 1024w, https:\/\/neuronup.com\/br\/wp-content\/uploads\/2024\/11\/Comprendiendo-el-Sindrome-de-Gerstmann-NeuronUP.webp 1200w\" sizes=\"(max-width:599px) 599px, (min-width:600px) and (max-width: 799px) 799px, (min-width:800px) and (max-width: 999px) 333px, (min-width:1000px) 400px\" \/><\/a><div class=\"entry-wrap entry-wrap-grid\"><h3 class=\"entry-title\" itemprop=\"headline\"><a class=\"entry-title-link\" href=\"https:\/\/neuronup.com\/br\/noticias-de-estimulacao-cognitiva\/doencas-raras\/compreendendo-o-sindrome-de-gerstmann\/\" rel=\"bookmark\">Compreendendo a S\u00edndrome de Gerstmann<\/a><\/h3>\n<\/div><\/article><article class=\"entry entry-grid is-column has-entry-link has-image has-image-first type-post category-linhas-de-investigacao tag-noticias-da-neuronup tag-pesquisa\" style=\"--entry-index:3;\" aria-label=\"A doen\u00e7a de Alzheimer como construto cl\u00ednico-biol\u00f3gico: recomenda\u00e7\u00e3o de um grupo de trabalho internacional\" itemscope itemtype=\"https:\/\/schema.org\/CreativeWork\"><a class=\"entry-image-link\" href=\"https:\/\/neuronup.com\/br\/investigacao\/linhas-de-investigacao\/a-doenca-de-alzheimer-como-construto-clinico-biologico-recomendacao-de-um-grupo-de-trabalho-internacional\/\" tabindex=\"-1\" aria-hidden=\"true\"><img decoding=\"async\" width=\"400\" height=\"225\" src=\"https:\/\/neuronup.com\/br\/wp-content\/uploads\/2024\/11\/La-enfermedad-de-alzheimer-como-constructo-clinico-biologico-recomendacion-de-un-grupo-de-trabajo-internacional-NeuronUP.webp\" class=\"entry-image size-landscape-sm\" alt=\"Homem idoso de cabelo branco concentra-se em montar um quebra-cabe\u00e7a, com outra pessoa oferecendo apoio no ombro, em ambiente claro.\" srcset=\"https:\/\/neuronup.com\/br\/wp-content\/uploads\/2024\/11\/La-enfermedad-de-alzheimer-como-constructo-clinico-biologico-recomendacion-de-un-grupo-de-trabajo-internacional-NeuronUP-300x169.webp 300w, https:\/\/neuronup.com\/br\/wp-content\/uploads\/2024\/11\/La-enfermedad-de-alzheimer-como-constructo-clinico-biologico-recomendacion-de-un-grupo-de-trabajo-internacional-NeuronUP-768x432.webp 768w, https:\/\/neuronup.com\/br\/wp-content\/uploads\/2024\/11\/La-enfermedad-de-alzheimer-como-constructo-clinico-biologico-recomendacion-de-un-grupo-de-trabajo-internacional-NeuronUP-1024x576.webp 1024w, https:\/\/neuronup.com\/br\/wp-content\/uploads\/2024\/11\/La-enfermedad-de-alzheimer-como-constructo-clinico-biologico-recomendacion-de-un-grupo-de-trabajo-internacional-NeuronUP.webp 1200w\" sizes=\"(max-width:599px) 599px, (min-width:600px) and (max-width: 799px) 799px, (min-width:800px) and (max-width: 999px) 333px, (min-width:1000px) 400px\" \/><\/a><div class=\"entry-wrap entry-wrap-grid\"><h3 class=\"entry-title\" itemprop=\"headline\"><a class=\"entry-title-link\" href=\"https:\/\/neuronup.com\/br\/investigacao\/linhas-de-investigacao\/a-doenca-de-alzheimer-como-construto-clinico-biologico-recomendacao-de-um-grupo-de-trabalho-internacional\/\" rel=\"bookmark\">A doen\u00e7a de Alzheimer como construto cl\u00ednico-biol\u00f3gico: recomenda\u00e7\u00e3o de um grupo de trabalho internacional<\/a><\/h3>\n<\/div><\/article><article class=\"entry entry-grid is-column has-entry-link has-image has-image-first type-post category-atividades-para-transtornos-do-desenvolvimento tag-atividades-de-estimulacao-cognitiva tag-atividades-de-estimulacao-cognitiva-para-criancas tag-criancas tag-dislexia tag-estimulacao-cognitiva tag-transtornos-do-neurodesenvolvimento\" style=\"--entry-index:4;\" aria-label=\"Atividades para pessoas com dislexia\" itemscope itemtype=\"https:\/\/schema.org\/CreativeWork\"><a class=\"entry-image-link\" href=\"https:\/\/neuronup.com\/br\/atividades-de-neurorreabilitacao\/atividades-para-transtornos-do-desenvolvimento\/atividades-para-pessoas-com-dislexia\/\" tabindex=\"-1\" aria-hidden=\"true\"><img decoding=\"async\" width=\"400\" height=\"225\" src=\"https:\/\/neuronup.com\/br\/wp-content\/uploads\/2024\/10\/Detective-de-letras-NeuronUP.webp\" class=\"entry-image size-landscape-sm\" alt=\"Interface educativa do NeuronUP com fogueira; palavra &#039;fuego&#039; tem a letra &#039;e&#039; destacada em verde.\" srcset=\"https:\/\/neuronup.com\/br\/wp-content\/uploads\/2024\/10\/Detective-de-letras-NeuronUP-300x169.webp 300w, https:\/\/neuronup.com\/br\/wp-content\/uploads\/2024\/10\/Detective-de-letras-NeuronUP-768x432.webp 768w, https:\/\/neuronup.com\/br\/wp-content\/uploads\/2024\/10\/Detective-de-letras-NeuronUP-1024x576.webp 1024w, https:\/\/neuronup.com\/br\/wp-content\/uploads\/2024\/10\/Detective-de-letras-NeuronUP.webp 1200w\" sizes=\"(max-width:599px) 599px, (min-width:600px) and (max-width: 799px) 799px, (min-width:800px) and (max-width: 999px) 333px, (min-width:1000px) 400px\" \/><\/a><div class=\"entry-wrap entry-wrap-grid\"><h3 class=\"entry-title\" itemprop=\"headline\"><a class=\"entry-title-link\" href=\"https:\/\/neuronup.com\/br\/atividades-de-neurorreabilitacao\/atividades-para-transtornos-do-desenvolvimento\/atividades-para-pessoas-com-dislexia\/\" rel=\"bookmark\">Atividades para pessoas com dislexia<\/a><\/h3>\n<\/div><\/article><article class=\"entry entry-grid is-column has-entry-link has-image has-image-first type-post category-doenca-mental tag-esquizofrenia tag-saude-mental\" style=\"--entry-index:5;\" aria-label=\"Tend\u00eancias atuais no tratamento de doen\u00e7as mentais\" itemscope itemtype=\"https:\/\/schema.org\/CreativeWork\"><a class=\"entry-image-link\" href=\"https:\/\/neuronup.com\/br\/noticias-de-estimulacao-cognitiva\/doenca-mental\/tendencias-atuais-no-tratamento-de-doencas-mentais\/\" tabindex=\"-1\" aria-hidden=\"true\"><img decoding=\"async\" width=\"400\" height=\"257\" src=\"https:\/\/neuronup.com\/br\/wp-content\/uploads\/2024\/12\/Tendencias-actuales-en-el-tratamiento-de-enfermedades-mentales-NeuronUP.webp\" class=\"entry-image size-landscape-sm\" alt=\"Homem de cabelo castanho ondulado cobre o rosto com as m\u00e3os, express\u00e3o introspectiva, fundo cinza s\u00f3lido.\" srcset=\"https:\/\/neuronup.com\/br\/wp-content\/uploads\/2024\/12\/Tendencias-actuales-en-el-tratamiento-de-enfermedades-mentales-NeuronUP-300x193.webp 300w, https:\/\/neuronup.com\/br\/wp-content\/uploads\/2024\/12\/Tendencias-actuales-en-el-tratamiento-de-enfermedades-mentales-NeuronUP-768x493.webp 768w, https:\/\/neuronup.com\/br\/wp-content\/uploads\/2024\/12\/Tendencias-actuales-en-el-tratamiento-de-enfermedades-mentales-NeuronUP-1024x657.webp 1024w, https:\/\/neuronup.com\/br\/wp-content\/uploads\/2024\/12\/Tendencias-actuales-en-el-tratamiento-de-enfermedades-mentales-NeuronUP.webp 1200w\" sizes=\"(max-width:599px) 599px, (min-width:600px) and (max-width: 799px) 799px, (min-width:800px) and (max-width: 999px) 333px, (min-width:1000px) 400px\" \/><\/a><div class=\"entry-wrap entry-wrap-grid\"><h3 class=\"entry-title\" itemprop=\"headline\"><a class=\"entry-title-link\" href=\"https:\/\/neuronup.com\/br\/noticias-de-estimulacao-cognitiva\/doenca-mental\/tendencias-atuais-no-tratamento-de-doencas-mentais\/\" rel=\"bookmark\">Tend\u00eancias atuais no tratamento de doen\u00e7as mentais<\/a><\/h3>\n<\/div><\/article><article class=\"entry entry-grid is-column has-entry-link has-image has-image-first type-post category-neuronup-academy tag-academia-neuronup tag-lesao-cerebral-adquirida tag-palestra-da-academia-neuronup\" style=\"--entry-index:6;\" aria-label=\"A neuropsic\u00f3loga Ainhoa Espinosa de Luzarraga responde \u00e0s d\u00favidas sobre sua palestra de les\u00e3o cerebral adquirida\" itemscope itemtype=\"https:\/\/schema.org\/CreativeWork\"><a class=\"entry-image-link\" href=\"https:\/\/neuronup.com\/br\/formacao\/neuronup-academy\/a-neuropsicologa-ainhoa-espinosa-de-luzarraga-responde-as-duvidas-sobre-sua-palestra-de-dano-cerebral-adquirido\/\" tabindex=\"-1\" aria-hidden=\"true\"><img decoding=\"async\" width=\"400\" height=\"225\" src=\"https:\/\/neuronup.com\/br\/wp-content\/uploads\/2024\/11\/ACADEMY-Ainhoa.webp\" class=\"entry-image size-landscape-sm\" alt=\"Mulher sorridente ao lado de tela\/slide; fundo azul\/preto; destaque para Ainhoa em afeto e sexualidade ap\u00f3s dano cerebral.\" srcset=\"https:\/\/neuronup.com\/br\/wp-content\/uploads\/2024\/11\/ACADEMY-Ainhoa-300x169.webp 300w, https:\/\/neuronup.com\/br\/wp-content\/uploads\/2024\/11\/ACADEMY-Ainhoa-768x432.webp 768w, https:\/\/neuronup.com\/br\/wp-content\/uploads\/2024\/11\/ACADEMY-Ainhoa-1024x576.webp 1024w, https:\/\/neuronup.com\/br\/wp-content\/uploads\/2024\/11\/ACADEMY-Ainhoa.webp 1280w\" sizes=\"(max-width:599px) 599px, (min-width:600px) and (max-width: 799px) 799px, (min-width:800px) and (max-width: 999px) 333px, (min-width:1000px) 400px\" \/><\/a><div class=\"entry-wrap entry-wrap-grid\"><h3 class=\"entry-title\" itemprop=\"headline\"><a class=\"entry-title-link\" href=\"https:\/\/neuronup.com\/br\/formacao\/neuronup-academy\/a-neuropsicologa-ainhoa-espinosa-de-luzarraga-responde-as-duvidas-sobre-sua-palestra-de-dano-cerebral-adquirido\/\" rel=\"bookmark\">A neuropsic\u00f3loga Ainhoa Espinosa de Luzarraga responde \u00e0s d\u00favidas sobre sua palestra de les\u00e3o cerebral adquirida<\/a><\/h3>\n<\/div><\/article><\/div><\/div>","protected":false},"excerpt":{"rendered":"<p>Sabrina Mart\u00ednez, diretora e psic\u00f3loga da Stimulos, explica o transtorno do espectro autista e as experi\u00eancias de seu consult\u00f3rio com a NeuronUP. O que \u00e9 o transtorno do espectro autista? O transtorno do espectro autista (TEA) \u00e9 um dist\u00farbio do neurodesenvolvimento caracterizado por um desenvolvimento at\u00edpico na intera\u00e7\u00e3o social e nas habilidades de comunica\u00e7\u00e3o, com &hellip;<\/p>\n","protected":false},"author":178,"featured_media":33272,"comment_status":"open","ping_status":"open","sticky":false,"template":"","format":"standard","meta":{"_acf_changed":false,"_genesis_hide_title":false,"_genesis_hide_breadcrumbs":false,"_genesis_hide_singular_image":false,"_genesis_hide_footer_widgets":false,"_genesis_custom_body_class":"","_genesis_custom_post_class":"","_genesis_layout":"","footnotes":""},"categories":[590],"tags":[589,569,570,614],"class_list":{"2":"type-post","7":"category-tea-transtorno-do-espectro-do-autismo","8":"tag-autismo","9":"tag-criancas","10":"tag-depoimentos","11":"tag-disturbios-do-desenvolvimento-neurologico","12":"entry"},"acf":[],"_links":{"self":[{"href":"https:\/\/neuronup.com\/br\/wp-json\/wp\/v2\/posts\/5081","targetHints":{"allow":["GET"]}}],"collection":[{"href":"https:\/\/neuronup.com\/br\/wp-json\/wp\/v2\/posts"}],"about":[{"href":"https:\/\/neuronup.com\/br\/wp-json\/wp\/v2\/types\/post"}],"author":[{"embeddable":true,"href":"https:\/\/neuronup.com\/br\/wp-json\/wp\/v2\/users\/178"}],"replies":[{"embeddable":true,"href":"https:\/\/neuronup.com\/br\/wp-json\/wp\/v2\/comments?post=5081"}],"version-history":[{"count":0,"href":"https:\/\/neuronup.com\/br\/wp-json\/wp\/v2\/posts\/5081\/revisions"}],"wp:featuredmedia":[{"embeddable":true,"href":"https:\/\/neuronup.com\/br\/wp-json\/wp\/v2\/media\/33272"}],"wp:attachment":[{"href":"https:\/\/neuronup.com\/br\/wp-json\/wp\/v2\/media?parent=5081"}],"wp:term":[{"taxonomy":"category","embeddable":true,"href":"https:\/\/neuronup.com\/br\/wp-json\/wp\/v2\/categories?post=5081"},{"taxonomy":"post_tag","embeddable":true,"href":"https:\/\/neuronup.com\/br\/wp-json\/wp\/v2\/tags?post=5081"}],"curies":[{"name":"wp","href":"https:\/\/api.w.org\/{rel}","templated":true}]}}