{"id":49863,"date":"2026-05-07T11:00:00","date_gmt":"2026-05-07T09:00:00","guid":{"rendered":"https:\/\/neuronup.com\/?p=49863"},"modified":"2026-08-12T14:11:24","modified_gmt":"2026-08-12T12:11:24","slug":"conheca-a-historia-de-pilar-jalon-primeira-funcionaria-da-neuronup","status":"publish","type":"post","link":"https:\/\/neuronup.com\/br\/recursos-humanos\/conheca-a-historia-de-pilar-jalon-primeira-funcionaria-da-neuronup\/","title":{"rendered":"Conhe\u00e7a a hist\u00f3ria de Pilar Jal\u00f3n, a primeira funcion\u00e1ria da NeuronUP"},"content":{"rendered":"\n<p class=\"has-xl-font-size wp-block-paragraph\">Apresentamos a hist\u00f3ria da nossa colega <strong>Pilar Jal\u00f3n, Diretora de Seguran\u00e7a e Conformidade da NeuronUP<\/strong> e uma das primeiras pessoas a fazer parte da empresa, cuja trajet\u00f3ria inspira e reflete a evolu\u00e7\u00e3o da nossa companhia.<\/p>\n\n\n\n<h2 class=\"wp-block-heading\">Pilar Jal\u00f3n, Diretora de Seguran\u00e7a e Conformidade da NeuronUP<\/h2>\n\n\n\n<p class=\"wp-block-paragraph\">Como \u00e9 <strong>crescer profissionalmente<\/strong> dentro de uma empresa desde o seu in\u00edcio at\u00e9 fazer parte do comit\u00ea de dire\u00e7\u00e3o? Hoje conhecemos a <strong>hist\u00f3ria de Pilar Jal\u00f3n<\/strong>, uma das primeiras pessoas a se juntar \u00e0 NeuronUP, cuja trajet\u00f3ria reflete a evolu\u00e7\u00e3o da empresa desde o seu in\u00edcio at\u00e9 hoje.<\/p>\n\n\n\n<div class=\"wp-block-columns is-layout-flex wp-container-core-columns-is-layout-8f761849 wp-block-columns-is-layout-flex\">\n<div class=\"wp-block-column is-layout-flow wp-block-column-is-layout-flow\"><div class=\"wp-block-image image-interface wp-duotone-unset-1\">\n<figure class=\"aligncenter size-full is-resized\"><img decoding=\"async\" width=\"1978\" height=\"2560\" src=\"https:\/\/neuronup.com\/br\/wp-content\/uploads\/2026\/04\/Pilar-Jalon-scaled-1.webp\" alt=\"Hist\u00f3rias de sucesso da NeuronUP. Descubra como \u00e9 crescer profissionalmente em uma equipe com prop\u00f3sito e talento e visualize seu futuro dentro da NeuronUP atrav\u00e9s de experi\u00eancias reais.\" class=\"wp-image-49881\" style=\"aspect-ratio:0.7726746818250415;width:283px;height:auto\" srcset=\"https:\/\/neuronup.com\/br\/wp-content\/uploads\/2026\/04\/Pilar-Jalon-scaled-1-232x300.webp 232w, https:\/\/neuronup.com\/br\/wp-content\/uploads\/2026\/04\/Pilar-Jalon-scaled-1-768x994.webp 768w, https:\/\/neuronup.com\/br\/wp-content\/uploads\/2026\/04\/Pilar-Jalon-scaled-1-791x1024.webp 791w, https:\/\/neuronup.com\/br\/wp-content\/uploads\/2026\/04\/Pilar-Jalon-scaled-1-1187x1536.webp 1187w, https:\/\/neuronup.com\/br\/wp-content\/uploads\/2026\/04\/Pilar-Jalon-scaled-1-1582x2048.webp 1582w, https:\/\/neuronup.com\/br\/wp-content\/uploads\/2026\/04\/Pilar-Jalon-scaled-1.webp 1978w\" sizes=\"(max-width: 1978px) 100vw, 1978px\" \/><figcaption class=\"wp-element-caption\">Pilar Jal\u00f3n, Diretora de Seguran\u00e7a e Conformidade da NeuronUP.<\/figcaption><\/figure>\n<\/div><\/div>\n\n\n\n<div class=\"wp-block-column is-layout-flow wp-block-column-is-layout-flow\">\n<p class=\"wp-block-paragraph\">Ela trabalha na sede de Logro\u00f1o h\u00e1 mais de 15 anos e passou <strong>de<\/strong> <strong>estagi\u00e1ria a Diretora de Seguran\u00e7a e Conformidade<\/strong>. Sua hist\u00f3ria \u00e9 um exemplo de aprendizado constante, adapta\u00e7\u00e3o e crescimento em um ambiente tecnol\u00f3gico e em cont\u00ednua transforma\u00e7\u00e3o.<\/p>\n\n\n\n<p class=\"wp-block-paragraph\">Na NeuronUP acreditamos que o verdadeiro valor de uma empresa est\u00e1 nas pessoas que a constroem. Por isso nasce este espa\u00e7o para descobrir, por meio de hist\u00f3rias reais, <strong>como \u00e9 crescer profissionalmente dentro de um projeto com um grande prop\u00f3sito e valor social.<\/strong><\/p>\n<\/div>\n<\/div>\n\n\n\n<div class=\"wp-block-group is-nowrap is-layout-flex wp-container-core-group-is-layout-8f761849 wp-block-group-is-layout-flex\"><\/div>\n\n\n\n<p class=\"wp-block-paragraph\">Pilar nos conta como foi sua trajet\u00f3ria, o que faz hoje na empresa e por que a NeuronUP \u00e9 um lugar para construir uma carreira:<\/p>\n\n\n\n<div class=\"wp-block-columns is-layout-flex wp-container-core-columns-is-layout-8f761849 wp-block-columns-is-layout-flex\">\n<div class=\"wp-block-column is-layout-flow wp-block-column-is-layout-flow\"><\/div>\n\n\n\n<div class=\"wp-block-column is-layout-flow wp-block-column-is-layout-flow\"><\/div>\n<\/div>\n\n\n\n<hr class=\"wp-block-separator has-alpha-channel-opacity\"\/>\n\n\n\n<h2 class=\"wp-block-heading\">-O que voc\u00ea faz na NeuronUP?<\/h2>\n\n\n\n<p class=\"wp-block-paragraph\"><em>&#8220;Gerencio uma \u00e1rea t\u00e9cnica de seguran\u00e7a e sistemas, na qual garantimos que toda a equipe tenha os recursos necess\u00e1rios para trabalhar e que a seguran\u00e7a esteja sempre integrada ao dia a dia.<\/em><\/p>\n\n\n\n<p class=\"wp-block-paragraph\"><em>Al\u00e9m disso, <strong>lidero a \u00e1rea de conformidade<\/strong>, na qual gerenciamos riscos, definimos pol\u00edticas e controles de seguran\u00e7a e supervisionamos o cumprimento normativo. Trabalhamos em certifica\u00e7\u00f5es, avalia\u00e7\u00f5es de terceiros e adequa\u00e7\u00f5es contratuais.<\/em><\/p>\n\n\n\n<p class=\"wp-block-paragraph\"><em>Tamb\u00e9m sou o ponto de contato em prote\u00e7\u00e3o de dados como <strong>DPO (Encarregada de Prote\u00e7\u00e3o de Dados) e respons\u00e1vel t\u00e9cnica perante as autoridades sanit\u00e1rias<\/strong>. Supervisiono a fabrica\u00e7\u00e3o da NeuronUP como produto para sa\u00fade, garantindo os padr\u00f5es regulat\u00f3rios e de qualidade&#8221;.<\/em><\/p>\n\n\n\n<hr class=\"wp-block-separator has-alpha-channel-opacity\"\/>\n\n\n\n<h2 class=\"wp-block-heading\">-Como sua carreira se desenvolveu na NeuronUP?<\/h2>\n\n\n\n<p class=\"wp-block-paragraph\"><em><strong>&#8220;Comecei com uma bolsa de inova\u00e7\u00e3o quando o projeto ainda n\u00e3o tinha nem nome<\/strong>. Eu vinha de uma forma\u00e7\u00e3o em programa\u00e7\u00e3o de videogames e comecei desenvolvendo atividades para a plataforma.<\/em><\/p>\n\n\n\n<p class=\"wp-block-paragraph\"><em>Com o tempo, fui assumindo mais responsabilidades: coordenei equipes de conte\u00fado, atendia clientes, preparava equipamentos t\u00e9cnicos e desenvolvia demos. Naquele momento \u00e9ramos uma equipe muito pequena e todos faziam um pouco de tudo.<\/em><\/p>\n\n\n\n<p class=\"wp-block-paragraph\"><em>Com a chegada do RGPD, comecei a me formar como DPO e depois me especializei em ciberseguran\u00e7a como CISO. Nos \u00faltimos anos, tenho me dedicado \u00e0 normativa e \u00e0 regula\u00e7\u00e3o de produtos para sa\u00fade, contribuindo a partir do <strong>comit\u00ea de dire\u00e7\u00e3o<\/strong>&#8220;.<\/em><\/p>\n\n\n\n<hr class=\"wp-block-separator has-alpha-channel-opacity\"\/>\n\n\n\n<h2 class=\"wp-block-heading\">-O que voc\u00ea mais gosta no seu trabalho?<\/h2>\n\n\n\n<p class=\"wp-block-paragraph\"><em>&#8220;A flexibilidade para organizar meu trabalho, desenvolver meu pr\u00f3prio crit\u00e9rio e poder atuar em \u00e1reas muito diferentes.<\/em><\/p>\n\n\n\n<p class=\"wp-block-paragraph\"><em>\u00c9 um desafio constante mudar de um tema t\u00e9cnico para um jur\u00eddico em quest\u00e3o de minutos, mas \u00e9 isso tamb\u00e9m que torna o trabalho <strong>interessante e estimulante<\/strong>&#8220;.<\/em><\/p>\n\n\n\n<hr class=\"wp-block-separator has-alpha-channel-opacity\"\/>\n\n\n\n<h2 class=\"wp-block-heading\">-Por que voc\u00ea recomendaria desenvolver uma carreira na NeuronUP?<\/h2>\n\n\n\n<p class=\"wp-block-paragraph\"><em>&#8220;Porque \u00e9 uma oportunidade de fazer parte de <strong>um projeto com prop\u00f3sito claro: melhorar a vida das pessoas.<\/strong><\/em><\/p>\n\n\n\n<p class=\"wp-block-paragraph\"><em>Al\u00e9m disso, voc\u00ea pode se capacitar em diferentes \u00e1reas e trabalhar com tecnologias atuais, em um ambiente que impulsiona o <strong>aprendizado cont\u00ednuo<\/strong>&#8220;.<\/em><\/p>\n\n\n\n<hr class=\"wp-block-separator has-alpha-channel-opacity\"\/>\n\n\n\n<h2 class=\"wp-block-heading\">-Defina a NeuronUP em 3 palavras<\/h2>\n\n\n\n<p class=\"wp-block-paragraph\"><em>&#8220;Const\u00e2ncia, transforma\u00e7\u00e3o e aprendizado&#8221;.<\/em><\/p>\n\n\n\n<hr class=\"wp-block-separator has-alpha-channel-opacity\"\/>\n\n\n\n<h3 class=\"wp-block-heading\">Voc\u00ea gostaria de construir sua hist\u00f3ria na NeuronUP?<\/h3>\n\n\n\n<p class=\"wp-block-paragraph\">Na NeuronUP buscamos pessoas com talento, curiosidade e vontade de gerar impacto real.<\/p>\n\n\n\n<p class=\"wp-block-paragraph\">Se voc\u00ea quer fazer parte de uma equipe onde pode crescer, aprender e contribuir para melhorar a vida de milhares de usu\u00e1rios\u2026 a NeuronUP \u00e9 para voc\u00ea.<\/p>\n\n\n\n<div style=\"height:50px\" aria-hidden=\"true\" class=\"wp-block-spacer\"><\/div>\n\n\n<div class=\"mai-grid entries entries-grid has-boxed has-image-full\" style=\"--entry-title-font-size:var(--font-size-lg);--align-text:start;--entry-meta-text-align:start;\"><div class=\"entries-wrap has-columns\" style=\"--columns-xs:1 \/ 1;--columns-sm:1 \/ 1;--columns-md:1 \/ 3;--columns-lg:1 \/ 3;--flex-xs:0 0 var(--flex-basis);--flex-sm:0 0 var(--flex-basis);--flex-md:0 0 var(--flex-basis);--flex-lg:0 0 var(--flex-basis);--column-gap:var(--spacing-lg);--row-gap:var(--spacing-lg);--align-columns:start;\"><article class=\"entry entry-grid is-column has-entry-link has-image has-image-first type-post category-doencas-neurodegenerativas tag-demencia tag-enfermedades-neurodegenerativas tag-maiores\" style=\"--entry-index:1;\" aria-label=\"Decl\u00ednio cognitivo leve (DCL) ou dem\u00eancia: diferen\u00e7as cl\u00ednicas, diagn\u00f3stico e estimula\u00e7\u00e3o cognitiva\" itemscope itemtype=\"https:\/\/schema.org\/CreativeWork\"><a class=\"entry-image-link\" href=\"https:\/\/neuronup.com\/br\/noticias-de-estimulacao-cognitiva\/doencas-neurodegenerativas\/deterioro-cognitivo-leve-demencia-diferencas-clinicas-diagnostico-e-estimulacao-cognitiva\/\" tabindex=\"-1\" aria-hidden=\"true\"><img decoding=\"async\" width=\"400\" height=\"300\" src=\"https:\/\/neuronup.com\/br\/wp-content\/uploads\/2025\/05\/Deterioro-cognitivo-leve-o-demencia-diferencias-clinicas-diagnostico-y-estimulacion-cognitiva-400x300.webp\" class=\"entry-image size-landscape-sm\" alt=\"Ilustra\u00e7\u00e3o comparando deteriora\u00e7\u00e3o cognitiva leve e dem\u00eancia, com \u00eanfase em diferen\u00e7as cl\u00ednicas para a avalia\u00e7\u00e3o.\" srcset=\"https:\/\/neuronup.com\/br\/wp-content\/uploads\/2025\/05\/Deterioro-cognitivo-leve-o-demencia-diferencias-clinicas-diagnostico-y-estimulacion-cognitiva-400x300.webp 400w, https:\/\/neuronup.com\/br\/wp-content\/uploads\/2025\/05\/Deterioro-cognitivo-leve-o-demencia-diferencias-clinicas-diagnostico-y-estimulacion-cognitiva-800x600.webp 800w\" sizes=\"(max-width:599px) 599px, (min-width:600px) and (max-width: 799px) 799px, (min-width:800px) and (max-width: 999px) 333px, (min-width:1000px) 400px\" \/><\/a><div class=\"entry-wrap entry-wrap-grid\"><h3 class=\"entry-title\" itemprop=\"headline\"><a class=\"entry-title-link\" href=\"https:\/\/neuronup.com\/br\/noticias-de-estimulacao-cognitiva\/doencas-neurodegenerativas\/deterioro-cognitivo-leve-demencia-diferencas-clinicas-diagnostico-e-estimulacao-cognitiva\/\" rel=\"bookmark\">Decl\u00ednio cognitivo leve (DCL) ou dem\u00eancia: diferen\u00e7as cl\u00ednicas, diagn\u00f3stico e estimula\u00e7\u00e3o cognitiva<\/a><\/h3>\n<\/div><\/article><article class=\"entry entry-grid is-column has-entry-link has-image has-image-first type-post category-dano-cerebral tag-dano-cerebral-adquirido\" style=\"--entry-index:2;\" aria-label=\"Aprendizagem motora: o que \u00e9, fatores, metodologia e objetivo\" itemscope itemtype=\"https:\/\/schema.org\/CreativeWork\"><a class=\"entry-image-link\" href=\"https:\/\/neuronup.com\/br\/noticias-de-estimulacao-cognitiva\/dano-cerebral\/aprendizagem-motora-o-que-e-fatores-metodologia-e-objetivo\/\" tabindex=\"-1\" aria-hidden=\"true\"><img decoding=\"async\" width=\"400\" height=\"300\" src=\"https:\/\/neuronup.com\/br\/wp-content\/uploads\/2021\/10\/cross-section-of-human-brain-tissue-8ALYQ7M-655x427-1-400x300.webp\" class=\"entry-image size-landscape-sm\" alt=\"Estrutura transversal com ramifica\u00e7\u00f5es do tipo rede neural em tons de marrom e dourado, parecida com o tecido cerebral.\" \/><\/a><div class=\"entry-wrap entry-wrap-grid\"><h3 class=\"entry-title\" itemprop=\"headline\"><a class=\"entry-title-link\" href=\"https:\/\/neuronup.com\/br\/noticias-de-estimulacao-cognitiva\/dano-cerebral\/aprendizagem-motora-o-que-e-fatores-metodologia-e-objetivo\/\" rel=\"bookmark\">Aprendizagem motora: o que \u00e9, fatores, metodologia e objetivo<\/a><\/h3>\n<\/div><\/article><article class=\"entry entry-grid is-column has-entry-link has-image has-image-first type-post category-atividades-de-neurorreabilitacao tag-actividades-de-estimulacion-cognitiva tag-actividades-de-estimulacion-cognitiva-para-ninos tag-noticias-de-neuronup\" style=\"--entry-index:3;\" aria-label=\"Descubra as 10 atividades da NeuronUP mais utilizadas para trabalhar com crian\u00e7as\" itemscope itemtype=\"https:\/\/schema.org\/CreativeWork\"><a class=\"entry-image-link\" href=\"https:\/\/neuronup.com\/br\/atividades-de-neurorreabilitacao\/conheca-as-10-atividades-neuronup-mais-utilizadas-para-trabalhar-com-criancas\/\" tabindex=\"-1\" aria-hidden=\"true\"><img decoding=\"async\" width=\"400\" height=\"300\" src=\"https:\/\/neuronup.com\/br\/wp-content\/uploads\/2024\/09\/Juego-de-NeuronUP-para-trabajar-la-relacion-espacial-en-ninos-Parada-en-boxes-400x300.webp\" class=\"entry-image size-landscape-sm\" alt=\"Interface do NeuronUP para rela\u00e7\u00e3o espacial em crian\u00e7as: pista para localizar objetos, com um personagem e controles na parte inferior.\" srcset=\"https:\/\/neuronup.com\/br\/wp-content\/uploads\/2024\/09\/Juego-de-NeuronUP-para-trabajar-la-relacion-espacial-en-ninos-Parada-en-boxes-400x300.webp 400w, https:\/\/neuronup.com\/br\/wp-content\/uploads\/2024\/09\/Juego-de-NeuronUP-para-trabajar-la-relacion-espacial-en-ninos-Parada-en-boxes-800x600.webp 800w\" sizes=\"(max-width:599px) 599px, (min-width:600px) and (max-width: 799px) 799px, (min-width:800px) and (max-width: 999px) 333px, (min-width:1000px) 400px\" \/><\/a><div class=\"entry-wrap entry-wrap-grid\"><h3 class=\"entry-title\" itemprop=\"headline\"><a class=\"entry-title-link\" href=\"https:\/\/neuronup.com\/br\/atividades-de-neurorreabilitacao\/conheca-as-10-atividades-neuronup-mais-utilizadas-para-trabalhar-com-criancas\/\" rel=\"bookmark\">Descubra as 10 atividades da NeuronUP mais utilizadas para trabalhar com crian\u00e7as<\/a><\/h3>\n<\/div><\/article><article class=\"entry entry-grid is-column has-entry-link has-image has-image-first type-post category-eventos tag-congresso\" style=\"--entry-index:4;\" aria-label=\"Global Neuropsychology Congress: o congresso que reuniu o mundo no Porto\" itemscope itemtype=\"https:\/\/schema.org\/CreativeWork\"><a class=\"entry-image-link\" href=\"https:\/\/neuronup.com\/br\/eventos\/global-neuropsychology-congress-conectando-o-mundo-no-porto\/\" tabindex=\"-1\" aria-hidden=\"true\"><img decoding=\"async\" width=\"400\" height=\"300\" src=\"https:\/\/neuronup.com\/br\/wp-content\/uploads\/2024\/07\/IMG_9004-1-400x300.webp\" class=\"entry-image size-landscape-sm\" alt=\"Participantes em uma confer\u00eancia no Porto, com palestrantes e tela de proje\u00e7\u00e3o durante o Congresso Global de Neuropsicologia.\" srcset=\"https:\/\/neuronup.com\/br\/wp-content\/uploads\/2024\/07\/IMG_9004-1-400x300.webp 400w, https:\/\/neuronup.com\/br\/wp-content\/uploads\/2024\/07\/IMG_9004-1-800x600.webp 800w\" sizes=\"(max-width:599px) 599px, (min-width:600px) and (max-width: 799px) 799px, (min-width:800px) and (max-width: 999px) 333px, (min-width:1000px) 400px\" \/><\/a><div class=\"entry-wrap entry-wrap-grid\"><h3 class=\"entry-title\" itemprop=\"headline\"><a class=\"entry-title-link\" href=\"https:\/\/neuronup.com\/br\/eventos\/global-neuropsychology-congress-conectando-o-mundo-no-porto\/\" rel=\"bookmark\">Global Neuropsychology Congress: o congresso que reuniu o mundo no Porto<\/a><\/h3>\n<\/div><\/article><article class=\"entry entry-grid is-column has-entry-link has-image has-image-first type-post category-linhas-de-investigacao tag-investigacion tag-ninos\" style=\"--entry-index:5;\" aria-label=\"Ferramentas digitais na interven\u00e7\u00e3o precoce: o que a evid\u00eancia internacional nos diz\" itemscope itemtype=\"https:\/\/schema.org\/CreativeWork\"><a class=\"entry-image-link\" href=\"https:\/\/neuronup.com\/br\/investigacao\/linhas-de-investigacao\/ferramentas-digitais-na-intervencao-precoce-o-que-a-evidencia-internacional-diz\/\" tabindex=\"-1\" aria-hidden=\"true\"><img decoding=\"async\" width=\"400\" height=\"300\" src=\"https:\/\/neuronup.com\/br\/wp-content\/uploads\/2026\/04\/Evidencia-sobre-las-herramientas-digitales-en-intervencion-temprana.-Como-las-tecnologias-digitales-transforman-la-intervencion-temprana-400x300.webp\" class=\"entry-image size-landscape-sm\" alt=\"Descubra como as tecnologias digitais transformam a interven\u00e7\u00e3o precoce, gra\u00e7as a uma an\u00e1lise baseada em evid\u00eancias de Liapakis (2025) e ao impacto da NeuronUP nas fun\u00e7\u00f5es executivas e na ades\u00e3o cl\u00ednica.\" srcset=\"https:\/\/neuronup.com\/br\/wp-content\/uploads\/2026\/04\/Evidencia-sobre-las-herramientas-digitales-en-intervencion-temprana.-Como-las-tecnologias-digitales-transforman-la-intervencion-temprana-400x300.webp 400w, https:\/\/neuronup.com\/br\/wp-content\/uploads\/2026\/04\/Evidencia-sobre-las-herramientas-digitales-en-intervencion-temprana.-Como-las-tecnologias-digitales-transforman-la-intervencion-temprana-800x600.webp 800w\" sizes=\"(max-width:599px) 599px, (min-width:600px) and (max-width: 799px) 799px, (min-width:800px) and (max-width: 999px) 333px, (min-width:1000px) 400px\" \/><\/a><div class=\"entry-wrap entry-wrap-grid\"><h3 class=\"entry-title\" itemprop=\"headline\"><a class=\"entry-title-link\" href=\"https:\/\/neuronup.com\/br\/investigacao\/linhas-de-investigacao\/ferramentas-digitais-na-intervencao-precoce-o-que-a-evidencia-internacional-diz\/\" rel=\"bookmark\">Ferramentas digitais na interven\u00e7\u00e3o precoce: o que a evid\u00eancia internacional nos diz<\/a><\/h3>\n<\/div><\/article><article class=\"entry entry-grid is-column has-entry-link has-image has-image-first type-post category-doencas-neurodegenerativas tag-doenca-de-alzheimer tag-enfermedades-neurodegenerativas\" style=\"--entry-index:6;\" aria-label=\"Microbiota intestinal e Alzheimer: papel do eixo intestino-c\u00e9rebro na deteriora\u00e7\u00e3o cognitiva\" itemscope itemtype=\"https:\/\/schema.org\/CreativeWork\"><a class=\"entry-image-link\" href=\"https:\/\/neuronup.com\/br\/noticias-de-estimulacao-cognitiva\/doencas-neurodegenerativas\/microbiota-intestinal-e-alzheimer-papel-do-eixo-intestino-cerebro-no-declinio-cognitivo\/\" tabindex=\"-1\" aria-hidden=\"true\"><img decoding=\"async\" width=\"400\" height=\"300\" src=\"https:\/\/neuronup.com\/br\/wp-content\/uploads\/2026\/04\/Microbiota-intestinal-y-alzheimer-papel-del-eje-intestino-cerebro-en-el-deterioro-cognitivo.-Relacion-entre-la-microbiota-intestinal-y-el-deterioro-cognitivo-400x300.webp\" class=\"entry-image size-landscape-sm\" alt=\"Microbiota intestinal e Alzheimer: papel do eixo intestino-c\u00e9rebro no decl\u00ednio cognitivo. Rela\u00e7\u00e3o entre a microbiota intestinal e o decl\u00ednio cognitivo.\" srcset=\"https:\/\/neuronup.com\/br\/wp-content\/uploads\/2026\/04\/Microbiota-intestinal-y-alzheimer-papel-del-eje-intestino-cerebro-en-el-deterioro-cognitivo.-Relacion-entre-la-microbiota-intestinal-y-el-deterioro-cognitivo-400x300.webp 400w, https:\/\/neuronup.com\/br\/wp-content\/uploads\/2026\/04\/Microbiota-intestinal-y-alzheimer-papel-del-eje-intestino-cerebro-en-el-deterioro-cognitivo.-Relacion-entre-la-microbiota-intestinal-y-el-deterioro-cognitivo-800x600.webp 800w\" sizes=\"(max-width:599px) 599px, (min-width:600px) and (max-width: 799px) 799px, (min-width:800px) and (max-width: 999px) 333px, (min-width:1000px) 400px\" \/><\/a><div class=\"entry-wrap entry-wrap-grid\"><h3 class=\"entry-title\" itemprop=\"headline\"><a class=\"entry-title-link\" href=\"https:\/\/neuronup.com\/br\/noticias-de-estimulacao-cognitiva\/doencas-neurodegenerativas\/microbiota-intestinal-e-alzheimer-papel-do-eixo-intestino-cerebro-no-declinio-cognitivo\/\" rel=\"bookmark\">Microbiota intestinal e Alzheimer: papel do eixo intestino-c\u00e9rebro na deteriora\u00e7\u00e3o cognitiva<\/a><\/h3>\n<\/div><\/article><\/div><\/div>","protected":false},"excerpt":{"rendered":"<p>Apresentamos a hist\u00f3ria da nossa colega Pilar Jal\u00f3n, Diretora de Seguran\u00e7a e Conformidade da NeuronUP e uma das primeiras pessoas a fazer parte da empresa, cuja trajet\u00f3ria inspira e reflete a evolu\u00e7\u00e3o da nossa companhia. Pilar Jal\u00f3n, Diretora de Seguran\u00e7a e Conformidade da NeuronUP Como \u00e9 crescer profissionalmente dentro de uma empresa desde o seu &hellip;<\/p>\n","protected":false},"author":7,"featured_media":51278,"comment_status":"open","ping_status":"open","sticky":false,"template":"","format":"standard","meta":{"_acf_changed":false,"_genesis_hide_title":false,"_genesis_hide_breadcrumbs":false,"_genesis_hide_singular_image":false,"_genesis_hide_footer_widgets":false,"_genesis_custom_body_class":"","_genesis_custom_post_class":"","_genesis_layout":"","footnotes":""},"categories":[742],"tags":[],"class_list":["type-post","category-recursos-humanos","entry"],"acf":[],"_links":{"self":[{"href":"https:\/\/neuronup.com\/br\/wp-json\/wp\/v2\/posts\/49863","targetHints":{"allow":["GET"]}}],"collection":[{"href":"https:\/\/neuronup.com\/br\/wp-json\/wp\/v2\/posts"}],"about":[{"href":"https:\/\/neuronup.com\/br\/wp-json\/wp\/v2\/types\/post"}],"author":[{"embeddable":true,"href":"https:\/\/neuronup.com\/br\/wp-json\/wp\/v2\/users\/7"}],"replies":[{"embeddable":true,"href":"https:\/\/neuronup.com\/br\/wp-json\/wp\/v2\/comments?post=49863"}],"version-history":[{"count":0,"href":"https:\/\/neuronup.com\/br\/wp-json\/wp\/v2\/posts\/49863\/revisions"}],"wp:featuredmedia":[{"embeddable":true,"href":"https:\/\/neuronup.com\/br\/wp-json\/wp\/v2\/media\/51278"}],"wp:attachment":[{"href":"https:\/\/neuronup.com\/br\/wp-json\/wp\/v2\/media?parent=49863"}],"wp:term":[{"taxonomy":"category","embeddable":true,"href":"https:\/\/neuronup.com\/br\/wp-json\/wp\/v2\/categories?post=49863"},{"taxonomy":"post_tag","embeddable":true,"href":"https:\/\/neuronup.com\/br\/wp-json\/wp\/v2\/tags?post=49863"}],"curies":[{"name":"wp","href":"https:\/\/api.w.org\/{rel}","templated":true}]}}