{"id":49813,"date":"2026-05-12T08:00:00","date_gmt":"2026-05-12T06:00:00","guid":{"rendered":"https:\/\/neuronup.com\/?p=49813"},"modified":"2026-08-12T19:25:58","modified_gmt":"2026-08-12T17:25:58","slug":"tdah-adultos-intervencao-neuropsicologica","status":"publish","type":"post","link":"https:\/\/neuronup.com\/br\/noticias-de-estimulacao-cognitiva\/transtornos-do-desenvolvimento\/tdah-transtorno-deficit-atencao-hiperatividade\/tdah-adultos-intervencao-neuropsicologica\/","title":{"rendered":"TDAH em adultos: bases neurobiol\u00f3gicas, impacto sist\u00eamico e reabilita\u00e7\u00e3o neuropsicol\u00f3gica"},"content":{"rendered":"\n<p class=\"has-xl-font-size wp-block-paragraph\">A neuropsic\u00f3loga Mar\u00eda Garau compartilha um <strong>guia t\u00e9cnico sobre o TDAH em adultos<\/strong>: analisa a neurobiologia, a disfun\u00e7\u00e3o executiva e o impacto sist\u00eamico, junto com estrat\u00e9gias avan\u00e7adas de interven\u00e7\u00e3o neuropsicol\u00f3gica para as pessoas com TDAH na idade adulta.<\/p>\n\n\n\n<section class=\"wp-block-group anims-fadein-up\"><div class=\"wp-block-group__inner-container is-layout-constrained wp-block-group-is-layout-constrained\">\n<p class=\"has-text-align-center br-0101 has-heading-color has-alt-background-color has-text-color has-background has-link-color wp-elements-1 has-xl-margin-top has-xxl-margin-bottom wp-block-paragraph\">An\u00e1lise t\u00e9cnica do TDAH em adultos: aprofundamos a <strong>disfun\u00e7\u00e3o executiva e as bases neurobiol\u00f3gicas da imaturidade pr\u00e9-frontal e a din\u00e2mica das redes neuronais<\/strong>. <br><br>Exploramos o <strong>impacto sist\u00eamico<\/strong> deste transtorno do neurodesenvolvimento no estilo de vida -incluindo sono, alimenta\u00e7\u00e3o e eixo intestino-c\u00e9rebro-, e <strong>definimos estrat\u00e9gias de interven\u00e7\u00e3o neuropsicol\u00f3gica e reabilita\u00e7\u00e3o cognitiva multimodal<\/strong> para otimizar o funcionamento di\u00e1rio e a qualidade de vida das pessoas com TDAH na idade adulta.<\/p>\n<\/div><\/section>\n\n\n\n<div style=\"height:20px\" aria-hidden=\"true\" class=\"wp-block-spacer\"><\/div>\n\n\n\n<h2 class=\"wp-block-heading\">Introdu\u00e7\u00e3o <\/h2>\n\n\n\n<p class=\"wp-block-paragraph\">Durante anos, o TDAH foi associado quase exclusivamente \u00e0 inf\u00e2ncia. A problemas na sala de aula, \u00e0 inquieta\u00e7\u00e3o motora, \u00e0 dificuldade de seguir regras. No entanto, hoje sabemos que em <strong>uma porcentagem significativa de casos o TDAH persiste na fase adulta<\/strong>, embora sua express\u00e3o mude. Nem sempre se v\u00ea. Mas se vive.<\/p>\n\n\n\n<p class=\"wp-block-paragraph\">Pela minha experi\u00eancia como neuropsic\u00f3loga e psicoterapeuta, o que meus pacientes mais descrevem \u00e9:<\/p>\n\n\n\n<ul class=\"wp-block-list\">\n<li>A sensa\u00e7\u00e3o constante de estar atrasado.<\/li>\n\n\n\n<li>A dificuldade de manter rotinas. <\/li>\n\n\n\n<li>O ac\u00famulo de tarefas pendentes. <\/li>\n\n\n\n<li>A fadiga mental de ter que fazer um esfor\u00e7o extra para organizar aquilo que, para outras pessoas, sai de forma autom\u00e1tica.<\/li>\n<\/ul>\n\n\n\n<h2 class=\"wp-block-heading\">O TDAH como transtorno da regula\u00e7\u00e3o<\/h2>\n\n\n\n<p class=\"wp-block-paragraph\">O <a href=\"https:\/\/neuronup.com\/br\/neurorreabilitacao\/perturbacoes-do-neurodesenvolvimento\/transtorno-de-deficit-de-atencao-e-hiperatividade-tdah\/\">Transtorno de D\u00e9ficit de Aten\u00e7\u00e3o e Hiperatividade (TDAH)<\/a> \u00e9 um <strong>transtorno do neurodesenvolvimento gen\u00e9tico e heredit\u00e1rio<\/strong>, caracterizado por um padr\u00e3o persistente de desaten\u00e7\u00e3o, impulsividade e hiperatividade; ao qual se somou, nos anos 90, a disfun\u00e7\u00e3o executiva como quarto elemento-chave.<\/p>\n\n\n\n<p class=\"wp-block-paragraph\">Conforme indicam Barkley (1997) e Willcutt et al. (2005), as pessoas com TDAH apresentam <strong>dificuldades em processos <\/strong>como:<\/p>\n\n\n\n<ul class=\"wp-block-list\">\n<li>planejamento,<\/li>\n\n\n\n<li>organiza\u00e7\u00e3o,<\/li>\n\n\n\n<li>mem\u00f3ria de trabalho,<\/li>\n\n\n\n<li>controle inibit\u00f3rio,<\/li>\n\n\n\n<li>regula\u00e7\u00e3o do esfor\u00e7o.<\/li>\n<\/ul>\n\n\n\n<p class=\"wp-block-paragraph\">N\u00e3o \u00e9 um problema de \u201cn\u00e3o querer\u201d; \u00e9 um <strong>problema de n\u00e3o conseguir regular eficazmente o comportamento dirigido a objetivos<\/strong>.<\/p>\n\n\n\n<h3 class=\"wp-block-heading\">Preval\u00eancia do TDAH em adultos <\/h3>\n\n\n\n<p class=\"wp-block-paragraph\">Durante muito tempo se assumiu que o TDAH desaparecia com a idade. Hoje sabemos que n\u00e3o \u00e9 assim.<\/p>\n\n\n\n<p class=\"wp-block-paragraph\">A evid\u00eancia atual situa a <strong>preval\u00eancia do <\/strong><a href=\"https:\/\/neuronup.com\/br\/noticias-de-estimulacao-cognitiva\/transtornos-do-desenvolvimento\/tdah-transtorno-deficit-atencao-hiperatividade\/tdah-em-adultos-sintomas-poucos-conhecidos-diagnostico-tardio-e-tratamento-eficaz\/\"><strong>TDAH em adultos<\/strong><\/a><strong> em torno de 2,5% \u2013 3,4% da popula\u00e7\u00e3o geral<\/strong> (Faraone et al., 2015; Song et al., 2021, <em>Neuroscience &amp; Biobehavioral Reviews<\/em>).&nbsp;<\/p>\n\n\n\n<p class=\"wp-block-paragraph\">O mais relevante \u00e9 que <strong>uma porcentagem significativa desses casos n\u00e3o est\u00e1 diagnosticada<\/strong>. Isso explica por que muitas pessoas chegam ao diagn\u00f3stico na vida adulta, ap\u00f3s anos de dificuldade sem uma explica\u00e7\u00e3o clara.<\/p>\n\n\n\n<div style=\"height:50px\" aria-hidden=\"true\" class=\"wp-block-spacer\"><\/div>\n\n\n\n<div class=\"wp-block-group br-0111 has-primary-background-color has-background has-dark-background has-sm-padding-top has-sm-padding-left has-sm-padding-right has-xxl-margin-top\"><div class=\"wp-block-group__inner-container is-layout-constrained wp-block-group-is-layout-constrained\">\n<div class=\"wp-block-columns is-layout-flex wp-container-core-columns-is-layout-8f761849 wp-block-columns-is-layout-flex\">\n<div class=\"wp-block-column is-layout-flow wp-block-column-is-layout-flow\">\n<figure class=\"wp-block-image size-full desktop-position-absolute desktop-bottom-0 mobile-width-50 mobile-m-inline-auto has-xl-margin-top\"><img decoding=\"async\" width=\"292\" height=\"338\" src=\"https:\/\/neuronup.com\/br\/wp-content\/uploads\/2024\/10\/certificado-de-produto.webp\" alt=\"\" class=\"wp-image-31568\" srcset=\"https:\/\/neuronup.com\/br\/wp-content\/uploads\/2024\/10\/certificado-de-produto-259x300.webp 259w, https:\/\/neuronup.com\/br\/wp-content\/uploads\/2024\/10\/certificado-de-produto.webp 292w\" sizes=\"(max-width: 292px) 100vw, 292px\" \/><\/figure>\n<\/div>\n\n\n\n<div class=\"wp-block-column is-layout-flow wp-block-column-is-layout-flow\">\n<h2 class=\"wp-block-heading has-white-color has-text-color\"><strong>Inscreva-se<\/strong> <br>na nossa <br>Newsletter<\/h2>\n\n\n\n<div class=\"wp-block-buttons is-layout-flex wp-block-buttons-is-layout-flex\">\n<div class=\"wp-block-button--1\" style=\"--button-outline-color:var(--color-white);--button-outline-color-hover:rgba(0,0,0,0.8);\"><a class=\"wp-block-button__link button button-outline   wp-element-button\" href=\"https:\/\/neuronup.com\/br\/newsletter\/\">Inscreva-se<\/a><\/div>\n\n<\/div>\n\n\n\n<div style=\"height:40px\" aria-hidden=\"true\" class=\"wp-block-spacer\"><\/div>\n<\/div>\n<\/div>\n<\/div><\/div>\n\n\n\n\n<div style=\"height:50px\" aria-hidden=\"true\" class=\"wp-block-spacer\"><\/div>\n\n\n\n<h2 class=\"wp-block-heading\">Bases neurobiol\u00f3gicas: o que acontece no c\u00e9rebro adulto com TDAH?<\/h2>\n\n\n\n<p class=\"wp-block-paragraph\">Para entender o TDAH em adultos devemos atentar para <strong>tr\u00eas esferas<\/strong>: <\/p>\n\n\n\n<h3 class=\"wp-block-heading\">1. Imaturidade do lobo pr\u00e9-frontal e aumento do custo cognitivo<\/h3>\n\n\n\n<p class=\"wp-block-paragraph\">O TDAH est\u00e1 associado a uma <strong>matura\u00e7\u00e3o mais lenta do lobo pr\u00e9-frontal<\/strong>, especialmente em regi\u00f5es dorsolaterais e orbitofrontais.<\/p>\n\n\n\n<p class=\"wp-block-paragraph\">Essas \u00e1reas s\u00e3o respons\u00e1veis por:<\/p>\n\n\n\n<ul class=\"wp-block-list\">\n<li>aten\u00e7\u00e3o dirigida,<\/li>\n\n\n\n<li>fun\u00e7\u00f5es executivas,<\/li>\n\n\n\n<li>regula\u00e7\u00e3o comportamental,<\/li>\n\n\n\n<li>controle emocional.<\/li>\n<\/ul>\n\n\n\n<p class=\"wp-block-paragraph\">Shaw et al. (2007, <em>PNAS<\/em>) mostraram que em crian\u00e7as com TDAH o <strong>pico de matura\u00e7\u00e3o cortical pr\u00e9-frontal se atrasa v\u00e1rios anos <\/strong>em rela\u00e7\u00e3o \u00e0 popula\u00e7\u00e3o sem TDAH.<\/p>\n\n\n\n<p class=\"wp-block-paragraph\">Na idade adulta, isso n\u00e3o implica aus\u00eancia de fun\u00e7\u00e3o, mas sim uma <strong>menor efici\u00eancia e um maior custo cognitivo<\/strong>.<\/p>\n\n\n\n<h3 class=\"wp-block-heading\">2. Desequil\u00edbrio neuroqu\u00edmico: o impacto da dopamina e da noradrenalina<\/h3>\n\n\n\n<p class=\"wp-block-paragraph\">O TDAH implica <strong>altera\u00e7\u00f5es em sistemas catecolamin\u00e9rgicos<\/strong>, principalmente:<\/p>\n\n\n\n<ul class=\"wp-block-list\">\n<li>dopamina \u2192 motiva\u00e7\u00e3o, recompensa, esfor\u00e7o;<\/li>\n\n\n\n<li>noradrenalina \u2192 alerta, aten\u00e7\u00e3o sustentada, gest\u00e3o do estresse.<\/li>\n<\/ul>\n\n\n\n<p class=\"wp-block-paragraph\">Isso <strong>impacta em<\/strong>:<\/p>\n\n\n\n<ul class=\"wp-block-list\">\n<li>dificuldade para iniciar tarefas,<\/li>\n\n\n\n<li>menor persist\u00eancia,<\/li>\n\n\n\n<li>busca de est\u00edmulos mais imediatos,<\/li>\n\n\n\n<li>pior gest\u00e3o do estresse.<\/li>\n<\/ul>\n\n\n\n<p class=\"wp-block-paragraph\">Em consequ\u00eancia, as <strong>tarefas com recompensa adiada<\/strong> (estudar, fazer exerc\u00edcio, planejar) <strong>t\u00eam menos peso motivacional<\/strong>.<\/p>\n\n\n\n<h3 class=\"wp-block-heading\">3. Altera\u00e7\u00e3o nas redes cerebrais: a DMN frente ao controle cognitivo<\/h3>\n\n\n\n<p class=\"wp-block-paragraph\">Um dos achados mais consistentes em neuroimagem \u00e9 a <strong>altera\u00e7\u00e3o na din\u00e2mica entre redes cerebrais<\/strong>:<\/p>\n\n\n\n<ul class=\"wp-block-list\">\n<li><strong>Rede de modo padr\u00e3o (DMN)<\/strong> \u2192 \u00c9 a rede que ativamos em repouso, quando n\u00e3o fazemos nada (esperar o \u00f4nibus) ou em tarefas muito autom\u00e1ticas (lavar a lou\u00e7a ou tomar banho). Ao ativ\u00e1-la, ativamos a divaga\u00e7\u00e3o, a imagina\u00e7\u00e3o, hist\u00f3rias em que voc\u00ea \u00e9 o protagonista (o que teria acontecido se eu\u2026?, como eu teria reagido se\u2026?). <\/li>\n\n\n\n<li><strong>Rede de controle cognitivo<\/strong> \u2192 Ativa em tarefas dirigidas, tarefas que exigem aten\u00e7\u00e3o (ler um livro, fazer um relat\u00f3rio).<\/li>\n<\/ul>\n\n\n\n<p class=\"wp-block-paragraph\">Ambas as redes s\u00e3o <strong>antag\u00f4nicas<\/strong>; se uma se ativa, a outra se desativa. <strong>No TDAH a rede de modo padr\u00e3o n\u00e3o se desativa adequadamente<\/strong> quando a rede de controle \u00e9 ativada.<\/p>\n\n\n\n<p class=\"wp-block-paragraph\">Conforme indicam Sonuga-Barke &amp; Castellanos (2007) e Cortese et al. (2012), isso <strong>gera<\/strong>:<\/p>\n\n\n\n<ul class=\"wp-block-list\">\n<li>distra\u00e7\u00e3o interna,<\/li>\n\n\n\n<li>dificuldade para sustentar a aten\u00e7\u00e3o,<\/li>\n\n\n\n<li>intrus\u00e3o de pensamentos irrelevantes.<\/li>\n<\/ul>\n\n\n\n<h2 class=\"wp-block-heading\">O impacto sist\u00eamico do TDAH na vida cotidiana e na sa\u00fade<\/h2>\n\n\n\n<p class=\"wp-block-paragraph\">Observou-se que o diagn\u00f3stico est\u00e1 associado \u00e0 redu\u00e7\u00e3o de autoatribui\u00e7\u00f5es negativas, a uma melhora na autoefic\u00e1cia e a uma diminui\u00e7\u00e3o da ansiedade e da depress\u00e3o secund\u00e1ria (Kooij et al., 2019). O que mais observo na consulta \u00e9 a <strong>sensa\u00e7\u00e3o de al\u00edvio<\/strong> que os pacientes experimentam <strong>ao encontrar uma explica\u00e7\u00e3o<\/strong> para toda a sua hist\u00f3ria de vida.&nbsp;<\/p>\n\n\n\n<p class=\"wp-block-paragraph\"><strong>Muitas pessoas constru\u00edram sua identidade a partir da incompreens\u00e3o<\/strong>: <em>\u201csou desorganizado\u201d, \u201cn\u00e3o tenho const\u00e2ncia\u201d, \u201csempre deixo tudo para o final\u201d<\/em>&#8230;&nbsp;<\/p>\n\n\n\n<p class=\"wp-block-paragraph\">Quando, na realidade, h\u00e1 uma base neurobiol\u00f3gica que explica esse funcionamento; entender muda a narrativa e, quando a narrativa muda, a carga diminui. Por isso, nunca \u00e9 tarde para compreender nosso funcionamento.<\/p>\n\n\n\n<p class=\"wp-block-paragraph\"><strong>O impacto do TDAH \u00e9 mais amplo<\/strong> e, sobretudo, mais cotidiano. Atravessa a forma como uma pessoa organiza seu dia, cuida do seu corpo e regula sua energia.<\/p>\n\n\n\n<ul class=\"wp-block-list\">\n<li><strong>Alimenta\u00e7\u00e3o<\/strong>: Aparece <strong>desorganiza\u00e7\u00e3o nas refei\u00e7\u00f5es<\/strong>, dificuldade para planejar card\u00e1pios, maior tend\u00eancia a resolver com op\u00e7\u00f5es imediatas como a comida por delivery e, em muitos casos, uma <strong>maior impulsividade alimentar<\/strong>. N\u00e3o \u00e9 apenas uma quest\u00e3o de escolha, mas de regula\u00e7\u00e3o. A evid\u00eancia aponta que essas dificuldades s\u00e3o mediadas por <strong>altera\u00e7\u00f5es no controle inibit\u00f3rio e nos sistemas de recompensa<\/strong> (Cortese et al., 2016). Isso acarreta uma altera\u00e7\u00e3o na microbiota, impactando a rela\u00e7\u00e3o do <a href=\"https:\/\/neuronup.com\/br\/noticias-de-estimulacao-cognitiva\/doencas-neurodegenerativas\/microbiota-intestinal-e-alzheimer-papel-do-eixo-intestino-cerebro-no-declinio-cognitivo\/\">eixo intestino-c\u00e9rebro<\/a>, exacerbando a sintomatologia cognitivo-comportamental e emocional. <\/li>\n\n\n\n<li><strong>Sono<\/strong>: \u00c9 frequente encontrar um <strong>atraso de fase<\/strong>, com tend\u00eancia a se deitar mais tarde, junto com uma <strong>maior irregularidade nos hor\u00e1rios<\/strong> e uma lat\u00eancia de in\u00edcio do sono mais elevada. Esse desajuste circadiano <strong>impacta diretamente a aten\u00e7\u00e3o, a regula\u00e7\u00e3o emocional e o desempenho cognitivo<\/strong> no dia seguinte (Coogan &amp; McGowan, 2017).<\/li>\n\n\n\n<li><strong>Atividade f\u00edsica<\/strong>: descreveu-se <strong>maior tend\u00eancia ao sedentarismo<\/strong> pela falta de const\u00e2ncia na atividade f\u00edsica, pela tend\u00eancia \u00e0 procrastina\u00e7\u00e3o ou pela falta de planejamento e de gest\u00e3o do tempo. Hoje sabemos que a atividade f\u00edsica impacta de forma direta nossa sa\u00fade mental, de modo que levar uma vida sedent\u00e1ria n\u00e3o nos ajuda a conviver de forma amig\u00e1vel com nosso TDAH. <\/li>\n<\/ul>\n\n<div style=\"height:50px\" aria-hidden=\"true\" class=\"wp-block-spacer\"><\/div>\n\n\n\n<aside class=\"wp-block-group pb-0 br-0101 has-background has-xl-margin-top\" style=\"background:linear-gradient(135deg,rgb(0,128,150) 0%,rgb(0,171,199) 100%)\"><div class=\"wp-block-group__inner-container is-layout-constrained wp-block-group-is-layout-constrained\">\n<div class=\"wp-block-columns br-1010 is-layout-flex wp-container-core-columns-is-layout-8f761849 wp-block-columns-is-layout-flex\">\n<div class=\"wp-block-column is-vertically-aligned-center is-layout-flow wp-block-column-is-layout-flow\" style=\"flex-basis:60%\">\n<p class=\"has-text-align-center has-white-color has-text-color has-link-color has-xxl-font-size wp-elements-2 has-no-margin-top has-no-margin-bottom wp-block-paragraph\"> <strong>Trabalhe na NeuronUP<\/strong><\/p>\n\n\n\n<p class=\"has-text-align-center has-white-color has-text-color has-link-color has-sm-font-size wp-elements-3 has-no-margin-top has-no-margin-bottom wp-block-paragraph\">Desenvolva sua carreira no setor da sa\u00fade digital.<br>Junte-se \u00e0 nossa equipe.<\/p>\n\n\n\n<div style=\"height:10px\" aria-hidden=\"true\" class=\"wp-block-spacer\"><\/div>\n\n\n\n<div class=\"wp-block-buttons is-content-justification-center is-layout-flex wp-container-core-buttons-is-layout-fe48e5de wp-block-buttons-is-layout-flex\">\n<div class=\"wp-block-button has-custom-width wp-block-button__width-75\" style=\"--button-background:var(--color-custom-1);--button-background-hover:#cc7e00;\"><a class=\"wp-block-button__link button   has-sm-font-size has-custom-font-size wp-element-button\" href=\"https:\/\/neuronup.com\/br\/as-melhores-ofertas-de-emprego-para-profissionais-da-neurorreabilitacao\/\"><strong><strong>Ver vagas dispon\u00edveis<\/strong><\/strong><\/a><\/div>\n\n<\/div>\n<\/div>\n\n\n\n<div class=\"wp-block-column is-vertically-aligned-center is-layout-flow wp-block-column-is-layout-flow\" style=\"flex-basis:40%\"><div class=\"wp-block-image blog-br-0101\">\n<figure class=\"alignright size-large is-resized has--xxxl-margin-top has-no-margin-bottom\"><img decoding=\"async\" width=\"1024\" height=\"1024\" src=\"https:\/\/neuronup.com\/br\/wp-content\/uploads\/2026\/06\/Historias-exito-NeuronUP-14-2-1024x1024.webp\" alt=\"\" class=\"wp-image-51286\" style=\"width:361px;height:auto\" srcset=\"https:\/\/neuronup.com\/br\/wp-content\/uploads\/2026\/06\/Historias-exito-NeuronUP-14-2-24x24.webp 24w, https:\/\/neuronup.com\/br\/wp-content\/uploads\/2026\/06\/Historias-exito-NeuronUP-14-2-48x48.webp 48w, https:\/\/neuronup.com\/br\/wp-content\/uploads\/2026\/06\/Historias-exito-NeuronUP-14-2-80x80.webp 80w, https:\/\/neuronup.com\/br\/wp-content\/uploads\/2026\/06\/Historias-exito-NeuronUP-14-2-96x96.webp 96w, https:\/\/neuronup.com\/br\/wp-content\/uploads\/2026\/06\/Historias-exito-NeuronUP-14-2-150x150.webp 150w, https:\/\/neuronup.com\/br\/wp-content\/uploads\/2026\/06\/Historias-exito-NeuronUP-14-2-300x300.webp 300w, https:\/\/neuronup.com\/br\/wp-content\/uploads\/2026\/06\/Historias-exito-NeuronUP-14-2-768x768.webp 768w, https:\/\/neuronup.com\/br\/wp-content\/uploads\/2026\/06\/Historias-exito-NeuronUP-14-2-1024x1024.webp 1024w, https:\/\/neuronup.com\/br\/wp-content\/uploads\/2026\/06\/Historias-exito-NeuronUP-14-2.webp 1080w\" sizes=\"(max-width: 1024px) 100vw, 1024px\" \/><\/figure>\n<\/div><\/div>\n<\/div>\n<\/div><\/aside>\n\n\n\n<div style=\"height:50px\" aria-hidden=\"true\" class=\"wp-block-spacer\"><\/div>\n\n\n\n<h2 class=\"wp-block-heading\">Estrat\u00e9gias de interven\u00e7\u00e3o e reabilita\u00e7\u00e3o neuropsicol\u00f3gica no TDAH em adultos<\/h2>\n\n\n\n<p class=\"wp-block-paragraph\">Algo que eu sempre explico na consulta \u00e9 que <strong>o diagn\u00f3stico n\u00e3o \u00e9 o fim do processo<\/strong>, mas sim o ponto de partida para intervir de forma mais precisa. Existem diferentes frentes onde se pode intervir. Dependendo do momento de vida em que voc\u00ea esteja, escolher\u00e1 uma, outra ou a combina\u00e7\u00e3o de algumas.<\/p>\n\n\n\n<ul class=\"wp-block-list\">\n<li><strong>Psiquiatria<\/strong>: O <strong>tratamento farmacol\u00f3gico<\/strong>, quando indicado, demonstrou alta efic\u00e1cia na melhora da aten\u00e7\u00e3o, na redu\u00e7\u00e3o da impulsividade e na regula\u00e7\u00e3o do esfor\u00e7o. <strong>N\u00e3o \u00e9 necess\u00e1rio em todos os casos<\/strong>, mas quando bem ajustado, facilita significativamente o funcionamento di\u00e1rio (Cortese et al., 2018).<\/li>\n\n\n\n<li><strong>Interven\u00e7\u00e3o neuropsicol\u00f3gica:<\/strong> Foca em <strong>reduzir o impacto da desaten\u00e7\u00e3o, da impulsividade e das dificuldades de planejar<\/strong>. O objetivo nessas sess\u00f5es ser\u00e1 aprender a planejar, organizar, gerir o tempo e, especialmente, externalizar processos que internamente n\u00e3o est\u00e3o sendo eficientes. Estrat\u00e9gias como o uso de sistemas externos, a decomposi\u00e7\u00e3o de tarefas ou a estrutura\u00e7\u00e3o do ambiente demonstraram efic\u00e1cia em adultos com TDAH (Safren et al., 2010).<\/li>\n\n\n\n<li><strong>Psicoterapia<\/strong>: Aborda outra camada do problema. Muitas pessoas chegam \u00e0 consulta com um hist\u00f3rico acumulado de frustra\u00e7\u00e3o, sensa\u00e7\u00e3o de fracasso e baixa autoestima. Aqui <strong>trabalha-se a narrativa pessoal, a regula\u00e7\u00e3o emocional e os padr\u00f5es de evita\u00e7\u00e3o<\/strong> que se foram consolidando ao longo do tempo.<\/li>\n\n\n\n<li><strong>O estilo de vida <\/strong>n\u00e3o \u00e9 um complemento, mas uma <strong>parte estrutural do tratamento<\/strong>. A incorpora\u00e7\u00e3o de exerc\u00edcio f\u00edsico, a regulariza\u00e7\u00e3o do sono, a organiza\u00e7\u00e3o da alimenta\u00e7\u00e3o e a redu\u00e7\u00e3o do sedentarismo t\u00eam um impacto direto na fun\u00e7\u00e3o executiva e na regula\u00e7\u00e3o dopamin\u00e9rgica.<strong> N\u00e3o substituem outras interven\u00e7\u00f5es, mas as potencializam<\/strong> (Cerrillo-Urbina et al., 2015).<\/li>\n<\/ul>\n\n\n\n<h2 class=\"wp-block-heading\">Conclus\u00e3o <\/h2>\n\n\n\n<p class=\"wp-block-paragraph\">Voc\u00ea pode ter chegado at\u00e9 aqui funcionando \u201ccomo p\u00f4de\u201d. Com esfor\u00e7o, com estrat\u00e9gias improvisadas, com desgaste.<\/p>\n\n\n\n<p class=\"wp-block-paragraph\">Se voc\u00ea se reconheceu no que leu, n\u00e3o se trata de se encaixar num diagn\u00f3stico, trata-se de entender como seu c\u00e9rebro funciona para deixar de compensar \u00e0s cegas.<\/p>\n\n\n\n<p class=\"wp-block-paragraph\">Porque quando voc\u00ea entende a origem, pode ajustar a estrat\u00e9gia.<\/p>\n\n\n\n<p class=\"wp-block-paragraph\">E \u00e9 a\u00ed que come\u00e7a a mudan\u00e7a.<\/p>\n\n\n\n<div style=\"height:50px\" aria-hidden=\"true\" class=\"wp-block-spacer\"><\/div>\n\n\n\n<div class=\"wp-block-columns has-alt-background-color has-background is-layout-flex wp-container-core-columns-is-layout-8f761849 wp-block-columns-is-layout-flex\">\n<div class=\"wp-block-column is-layout-flow wp-block-column-is-layout-flow\">\n<p class=\"wp-block-paragraph\">Para otimizar a abordagem cl\u00ednica do TDAH na idade adulta, \u00e9 <strong>fundamental dispor de ferramentas que centralizem o fluxo de trabalho<\/strong>. <br><br><a href=\"https:\/\/neuronup.com\/br\/\">NeuronUP<\/a> permite realizar a <strong>avalia\u00e7\u00e3o, interven\u00e7\u00e3o e acompanhamento cognitivo de pessoas com TDAH a partir de uma mesma plataforma<\/strong>, facilitando a personaliza\u00e7\u00e3o de tarefas destinadas a melhorar o planejamento, a mem\u00f3ria de trabalho e o controle inibit\u00f3rio.<\/p>\n<\/div>\n<\/div>\n\n\n\n<div style=\"height:50px\" aria-hidden=\"true\" class=\"wp-block-spacer\"><\/div>\n\n\n\n<h2 class=\"wp-block-heading\">Bibliografia <\/h2>\n\n\n\n<ul class=\"wp-block-list\">\n<li class=\"has-sm-font-size\">Barkley, R. A. (1997). Behavioral inhibition, sustained attention, and executive functions: Constructing a unifying theory of ADHD. <em>Psychological Bulletin, 121<\/em>(1), 65\u201394. https:\/\/doi.org\/10.1037\/0033-2909.121.1.65<\/li>\n\n\n\n<li class=\"has-sm-font-size\">Cerrillo-Urbina, A. J., Garc\u00eda-Hermoso, A., S\u00e1nchez-L\u00f3pez, M., Pardo-Guijarro, M. J., Santos G\u00f3mez, J. L., &amp; Mart\u00ednez-Vizca\u00edno, V. (2015). The effects of physical exercise in children with attention deficit hyperactivity disorder: A systematic review and meta-analysis of randomized control trials. <em>Child: Care, Health and Development, 41<\/em>(6), 779\u2013788. https:\/\/doi.org\/10.1111\/cch.12255<\/li>\n\n\n\n<li class=\"has-sm-font-size\">Coogan, A. N., &amp; McGowan, N. M. (2017). A systematic review of circadian function, chronotype and chronotherapy in attention deficit hyperactivity disorder. <em>Attention Deficit and Hyperactivity Disorders, 9<\/em>(3), 129\u2013147. https:\/\/doi.org\/10.1007\/s12402-016-0214-5<\/li>\n\n\n\n<li class=\"has-sm-font-size\">Cortese, S., Adamo, N., Del Giovane, C., Mohr-Jensen, C., Hayes, A. J., Carucci, S., Atkinson, L. Z., Tessari, L., Banaschewski, T., Coghill, D., Hollis, C., Simonoff, E., Zuddas, A., Barbui, C., Purgato, M., Steinhausen, H.-C., Shokraneh, F., Xia, J., &amp; Cipriani, A. (2018). Comparative efficacy and tolerability of medications for attention-deficit hyperactivity disorder in children, adolescents, and adults: A systematic review and network meta-analysis. <em>The Lancet Psychiatry, 5<\/em>(9), 727\u2013738. https:\/\/doi.org\/10.1016\/S2215-0366(18)30269-4<\/li>\n\n\n\n<li class=\"has-sm-font-size\">Cortese, S., Kelly, C., Chabernaud, C., Proal, E., Di Martino, A., Milham, M. P., &amp; Castellanos, F. X. (2012). Toward systems neuroscience of ADHD: A meta-analysis of 55 fMRI studies. <em>American Journal of Psychiatry, 169<\/em>(10), 1038\u20131055. https:\/\/doi.org\/10.1176\/appi.ajp.2012.11101521<\/li>\n\n\n\n<li class=\"has-sm-font-size\">Cortese, S., Moreira-Maia, C. R., St. Fleur, D., Morcillo-Pe\u00f1alver, C., Rohde, L. A., &amp; Faraone, S. V. (2016). Association between ADHD and obesity: A systematic review and meta-analysis. <em>American Journal of Psychiatry, 173<\/em>(1), 34\u201343. https:\/\/doi.org\/10.1176\/appi.ajp.2015.15020266<\/li>\n\n\n\n<li class=\"has-sm-font-size\">Faraone, S. V., Asherson, P., Banaschewski, T., Biederman, J., Buitelaar, J. K., Ramos-Quiroga, J. A., Rohde, L. A., Sonuga-Barke, E. J. S., Tannock, R., &amp; Franke, B. (2015). Attention-deficit\/hyperactivity disorder. <em>Nature Reviews Disease Primers, 1<\/em>, 15020. https:\/\/doi.org\/10.1038\/nrdp.2015.20<\/li>\n\n\n\n<li class=\"has-sm-font-size\">Kooij, J. J. S., Bijlenga, D., Salerno, L., Jaeschke, R., Bitter, I., Bal\u00e1zs, J., Thome, J., Dom, G., Kasper, S., Nunes Filipe, C., Stes, S., Mohr, P., Lepp\u00e4m\u00e4ki, S., Casas, M., Bobes, J., Mccarthy, J. M., Richarte, V., Kjems Philipsen, A., Pehlivanidis, A., &#8230; Asherson, P. (2019). Updated European Consensus Statement on diagnosis and treatment of adult ADHD. <em>European Psychiatry, 56<\/em>, 14\u201334. https:\/\/doi.org\/10.1016\/j.eurpsy.2018.11.001<\/li>\n\n\n\n<li class=\"has-sm-font-size\">Safren, S. A., Sprich, S., Mimiaga, M. J., Surman, C., Knouse, L., Groves, M., &amp; Otto, M. W. (2010). Cognitive behavioral therapy vs relaxation with educational support for medication-treated adults with ADHD and persistent symptoms: A randomized controlled trial. <em>JAMA, 304<\/em>(8), 875\u2013880. https:\/\/doi.org\/10.1001\/jama.2010.1192<\/li>\n\n\n\n<li class=\"has-sm-font-size\">Shaw, P., Eckstrand, K., Sharp, W., Blumenthal, J., Lerch, J. P., Greenstein, D., Clasen, L., Evans, A., Giedd, J., &amp; Rapoport, J. L. (2007). Attention-deficit\/hyperactivity disorder is characterized by a delay in cortical maturation. <em>Proceedings of the National Academy of Sciences of the United States of America, 104<\/em>(49), 19649\u201319654. https:\/\/doi.org\/10.1073\/pnas.0707741104<\/li>\n\n\n\n<li class=\"has-sm-font-size\">Song, P., Zha, M., Yang, Q., Zhang, Y., Li, X., &amp; Rudan, I. (2021). The prevalence of adult attention-deficit hyperactivity disorder: A global systematic review and meta-analysis. <em>Journal of Global Health, 11<\/em>, 04009. https:\/\/doi.org\/10.7189\/jogh.11.04009<\/li>\n\n\n\n<li class=\"has-sm-font-size\">Sonuga-Barke, E. J. S., &amp; Castellanos, F. X. (2007). Spontaneous attentional fluctuations in impaired states and pathological conditions: A neurobiological hypothesis. <em>Neuroscience &amp; Biobehavioral Reviews, 31<\/em>(7), 977\u2013986. https:\/\/doi.org\/10.1016\/j.neubiorev.2007.02.005Willcutt, E. G., Doyle, A. E., Nigg, J. T., Faraone, S. V., &amp; Pennington, B. F. (2005). Validity of the executive function theory of attention-deficit\/hyperactivity disorder: A meta-analytic review. <em>Biological Psychiatry, 57<\/em>(11), 1336\u20131346. https:\/\/doi.org\/10.1016\/j.biopsych.2005.02.006<\/li>\n<\/ul>\n\n\n\n<div style=\"height:70px\" aria-hidden=\"true\" class=\"wp-block-spacer\"><\/div>\n\n\n\n<div class=\"wp-block-group p-4 br-0111 has-alt-background-color has-background has-light-background\"><div class=\"wp-block-group__inner-container is-layout-constrained wp-block-group-is-layout-constrained\">\n<h2 class=\"wp-block-heading\"><strong>Perguntas frequentes sobre TDAH em adultos<\/strong><\/h2>\n\n\n\n<div style=\"height:20px\" aria-hidden=\"true\" class=\"wp-block-spacer\"><\/div>\n\n\n\n<div class=\"wp-block-pb-accordion-item c-accordion__item js-accordion-item no-js\" data-initially-open=\"false\" data-click-to-close=\"true\" data-auto-close=\"true\" data-scroll=\"false\" data-scroll-offset=\"0\" id=\"trabajarneuronup\"><h3 id=\"at-498135\" class=\"c-accordion__title js-accordion-controller\" role=\"button\">1. Quais s\u00e3o as diferen\u00e7as cl\u00ednicas entre o TDAH infantil e o TDAH em adultos?<\/h3><div id=\"ac-498135\" class=\"c-accordion__content\">\n<p class=\"wp-block-paragraph\">Enquanto na inf\u00e2ncia predominam a inquietude motora e as dificuldades escolares, no adulto o transtorno costuma ser menos vis\u00edvel externamente, mas com alto impacto interno. O sintoma central evolui para uma disfun\u00e7\u00e3o executiva marcada pela fadiga mental e uma sensa\u00e7\u00e3o constante de estar atrasado devido \u00e0 dificuldade de manter rotinas. No \u00e2mbito cl\u00ednico, isso se traduz em menor efici\u00eancia e maior custo cognitivo nas tarefas di\u00e1rias.<\/p>\n<\/div><\/div>\n\n\n\n<div class=\"wp-block-pb-accordion-item c-accordion__item js-accordion-item no-js\" data-initially-open=\"false\" data-click-to-close=\"true\" data-auto-close=\"true\" data-scroll=\"false\" data-scroll-offset=\"0\" id=\"trabajarneuronup\"><h3 id=\"at-498131\" class=\"c-accordion__title js-accordion-controller\" role=\"button\">2. O que acontece no c\u00e9rebro de um adulto com TDAH a n\u00edvel neurobiol\u00f3gico?<\/h3><div id=\"ac-498131\" class=\"c-accordion__content\">\n<p class=\"wp-block-paragraph\">O TDAH associa-se a uma matura\u00e7\u00e3o mais lenta do lobo pr\u00e9-frontal, respons\u00e1vel pela aten\u00e7\u00e3o dirigida e pelas fun\u00e7\u00f5es executivas. Al\u00e9m disso, existe uma altera\u00e7\u00e3o na din\u00e2mica das redes cerebrais: a Rede de Modo Padr\u00e3o (DMN), que se ativa em repouso e na divaga\u00e7\u00e3o, n\u00e3o se desativa adequadamente quando \u00e9 necess\u00e1ria aten\u00e7\u00e3o, provocando uma distra\u00e7\u00e3o interna constante e intrus\u00e3o de pensamentos irrelevantes.<\/p>\n<\/div><\/div>\n\n\n\n<div class=\"wp-block-pb-accordion-item c-accordion__item js-accordion-item no-js\" data-initially-open=\"false\" data-click-to-close=\"true\" data-auto-close=\"true\" data-scroll=\"false\" data-scroll-offset=\"0\" id=\"videosneuronup\"><h3 id=\"at-498132\" class=\"c-accordion__title js-accordion-controller\" role=\"button\">3. Por que o TDAH afeta o sono e a alimenta\u00e7\u00e3o em adultos?<\/h3><div id=\"ac-498132\" class=\"c-accordion__content\">\n<p class=\"wp-block-paragraph\">O impacto do TDAH \u00e9 sist\u00eamico e atravessa a regula\u00e7\u00e3o do estilo de vida. No sono, \u00e9 frequente um atraso de fase e maior irregularidade nos hor\u00e1rios, o que impacta o desempenho cognitivo no dia seguinte. Na alimenta\u00e7\u00e3o, as dificuldades no controle inibit\u00f3rio favorecem a impulsividade alimentar e o consumo de ultraprocessados, o que pode alterar a microbiota e o eixo intestino-c\u00e9rebro.<\/p>\n<\/div><\/div>\n\n\n\n<div class=\"wp-block-pb-accordion-item c-accordion__item js-accordion-item no-js\" data-initially-open=\"false\" data-click-to-close=\"true\" data-auto-close=\"true\" data-scroll=\"false\" data-scroll-offset=\"0\" id=\"formaciongratuita\"><h3 id=\"at-498133\" class=\"c-accordion__title js-accordion-controller\" role=\"button\">4. Em que consiste a interven\u00e7\u00e3o neuropsicol\u00f3gica para adultos com TDAH?<\/h3><div id=\"ac-498133\" class=\"c-accordion__content\">\n<p class=\"wp-block-paragraph\">A interven\u00e7\u00e3o centra-se em reduzir o impacto da desaten\u00e7\u00e3o e da impulsividade mediante a aprendizagem de estrat\u00e9gias para planear e gerir o tempo. Um dos objetivos principais \u00e9 externalizar processos que internamente n\u00e3o s\u00e3o eficientes, utilizando sistemas externos e a estrutura\u00e7\u00e3o do ambiente para facilitar o funcionamento di\u00e1rio.<\/p>\n<\/div><\/div>\n\n\n\n<div class=\"wp-block-pb-accordion-item c-accordion__item js-accordion-item no-js\" data-initially-open=\"false\" data-click-to-close=\"true\" data-auto-close=\"true\" data-scroll=\"false\" data-scroll-offset=\"0\" id=\"formaciongratuita\"><h3 id=\"at-498134\" class=\"c-accordion__title js-accordion-controller\" role=\"button\">5. O tratamento farmacol\u00f3gico do TDAH \u00e9 eficaz na idade adulta?<\/h3><div id=\"ac-498134\" class=\"c-accordion__content\">\n<p class=\"wp-block-paragraph\">Sim, o tratamento farmacol\u00f3gico demonstrou alta efic\u00e1cia na melhora da aten\u00e7\u00e3o, na redu\u00e7\u00e3o da impulsividade e na regula\u00e7\u00e3o do esfor\u00e7o. Embora n\u00e3o seja necess\u00e1rio em todos os casos, quando ajustado corretamente facilita significativamente o \u00eaxito de outras interven\u00e7\u00f5es como a reabilita\u00e7\u00e3o cognitiva e a psicoterapia.<\/p>\n<\/div><\/div>\n<\/div><\/div>\n\n\n<div style=\"height:50px\" aria-hidden=\"true\" class=\"wp-block-spacer\"><\/div>\n\n\n\n<h3 class=\"wp-block-heading\">Se voc\u00ea gostou deste artigo sobre o <strong>TDAH em adultos: bases neurobiol\u00f3gicas, impacto sist\u00eamico e reabilita\u00e7\u00e3o neuropsicol\u00f3gica<\/strong>, com certeza estes artigos da NeuronUP v\u00e3o te interessar:<\/h3>\n\n\n\n<div class=\"mai-grid entries entries-grid has-boxed has-image-full\" style=\"--entry-title-font-size:var(--font-size-lg);--align-text:start;--entry-meta-text-align:start;\"><div class=\"entries-wrap has-columns\" style=\"--columns-xs:1 \/ 1;--columns-sm:1 \/ 1;--columns-md:1 \/ 3;--columns-lg:1 \/ 3;--flex-xs:0 0 var(--flex-basis);--flex-sm:0 0 var(--flex-basis);--flex-md:0 0 var(--flex-basis);--flex-lg:0 0 var(--flex-basis);--column-gap:var(--spacing-lg);--row-gap:var(--spacing-lg);--align-columns:start;\"><article class=\"entry entry-grid is-column has-entry-link has-image has-image-first type-post category-doencas-neurodegenerativas tag-demencia tag-enfermedades-neurodegenerativas tag-maiores\" style=\"--entry-index:1;\" aria-label=\"Decl\u00ednio cognitivo leve (DCL) ou dem\u00eancia: diferen\u00e7as cl\u00ednicas, diagn\u00f3stico e estimula\u00e7\u00e3o cognitiva\" itemscope itemtype=\"https:\/\/schema.org\/CreativeWork\"><a class=\"entry-image-link\" href=\"https:\/\/neuronup.com\/br\/noticias-de-estimulacao-cognitiva\/doencas-neurodegenerativas\/deterioro-cognitivo-leve-demencia-diferencas-clinicas-diagnostico-e-estimulacao-cognitiva\/\" tabindex=\"-1\" aria-hidden=\"true\"><img decoding=\"async\" width=\"400\" height=\"300\" src=\"https:\/\/neuronup.com\/br\/wp-content\/uploads\/2025\/05\/Deterioro-cognitivo-leve-o-demencia-diferencias-clinicas-diagnostico-y-estimulacion-cognitiva-400x300.webp\" class=\"entry-image size-landscape-sm\" alt=\"Ilustra\u00e7\u00e3o comparando deteriora\u00e7\u00e3o cognitiva leve e dem\u00eancia, com \u00eanfase em diferen\u00e7as cl\u00ednicas para a avalia\u00e7\u00e3o.\" srcset=\"https:\/\/neuronup.com\/br\/wp-content\/uploads\/2025\/05\/Deterioro-cognitivo-leve-o-demencia-diferencias-clinicas-diagnostico-y-estimulacion-cognitiva-400x300.webp 400w, https:\/\/neuronup.com\/br\/wp-content\/uploads\/2025\/05\/Deterioro-cognitivo-leve-o-demencia-diferencias-clinicas-diagnostico-y-estimulacion-cognitiva-800x600.webp 800w\" sizes=\"(max-width:599px) 599px, (min-width:600px) and (max-width: 799px) 799px, (min-width:800px) and (max-width: 999px) 333px, (min-width:1000px) 400px\" \/><\/a><div class=\"entry-wrap entry-wrap-grid\"><h3 class=\"entry-title\" itemprop=\"headline\"><a class=\"entry-title-link\" href=\"https:\/\/neuronup.com\/br\/noticias-de-estimulacao-cognitiva\/doencas-neurodegenerativas\/deterioro-cognitivo-leve-demencia-diferencas-clinicas-diagnostico-e-estimulacao-cognitiva\/\" rel=\"bookmark\">Decl\u00ednio cognitivo leve (DCL) ou dem\u00eancia: diferen\u00e7as cl\u00ednicas, diagn\u00f3stico e estimula\u00e7\u00e3o cognitiva<\/a><\/h3>\n<\/div><\/article><article class=\"entry entry-grid is-column has-entry-link has-image has-image-first type-post category-dano-cerebral tag-dano-cerebral-adquirido\" style=\"--entry-index:2;\" aria-label=\"Aprendizagem motora: o que \u00e9, fatores, metodologia e objetivo\" itemscope itemtype=\"https:\/\/schema.org\/CreativeWork\"><a class=\"entry-image-link\" href=\"https:\/\/neuronup.com\/br\/noticias-de-estimulacao-cognitiva\/dano-cerebral\/aprendizagem-motora-o-que-e-fatores-metodologia-e-objetivo\/\" tabindex=\"-1\" aria-hidden=\"true\"><img decoding=\"async\" width=\"400\" height=\"300\" src=\"https:\/\/neuronup.com\/br\/wp-content\/uploads\/2021\/10\/cross-section-of-human-brain-tissue-8ALYQ7M-655x427-1-400x300.webp\" class=\"entry-image size-landscape-sm\" alt=\"Estrutura transversal com ramifica\u00e7\u00f5es do tipo rede neural em tons de marrom e dourado, parecida com o tecido cerebral.\" \/><\/a><div class=\"entry-wrap entry-wrap-grid\"><h3 class=\"entry-title\" itemprop=\"headline\"><a class=\"entry-title-link\" href=\"https:\/\/neuronup.com\/br\/noticias-de-estimulacao-cognitiva\/dano-cerebral\/aprendizagem-motora-o-que-e-fatores-metodologia-e-objetivo\/\" rel=\"bookmark\">Aprendizagem motora: o que \u00e9, fatores, metodologia e objetivo<\/a><\/h3>\n<\/div><\/article><article class=\"entry entry-grid is-column has-entry-link has-image has-image-first type-post category-atividades-de-neurorreabilitacao tag-actividades-de-estimulacion-cognitiva tag-actividades-de-estimulacion-cognitiva-para-ninos tag-noticias-de-neuronup\" style=\"--entry-index:3;\" aria-label=\"Descubra as 10 atividades da NeuronUP mais utilizadas para trabalhar com crian\u00e7as\" itemscope itemtype=\"https:\/\/schema.org\/CreativeWork\"><a class=\"entry-image-link\" href=\"https:\/\/neuronup.com\/br\/atividades-de-neurorreabilitacao\/conheca-as-10-atividades-neuronup-mais-utilizadas-para-trabalhar-com-criancas\/\" tabindex=\"-1\" aria-hidden=\"true\"><img decoding=\"async\" width=\"400\" height=\"300\" src=\"https:\/\/neuronup.com\/br\/wp-content\/uploads\/2024\/09\/Juego-de-NeuronUP-para-trabajar-la-relacion-espacial-en-ninos-Parada-en-boxes-400x300.webp\" class=\"entry-image size-landscape-sm\" alt=\"Interface do NeuronUP para rela\u00e7\u00e3o espacial em crian\u00e7as: pista para localizar objetos, com um personagem e controles na parte inferior.\" srcset=\"https:\/\/neuronup.com\/br\/wp-content\/uploads\/2024\/09\/Juego-de-NeuronUP-para-trabajar-la-relacion-espacial-en-ninos-Parada-en-boxes-400x300.webp 400w, https:\/\/neuronup.com\/br\/wp-content\/uploads\/2024\/09\/Juego-de-NeuronUP-para-trabajar-la-relacion-espacial-en-ninos-Parada-en-boxes-800x600.webp 800w\" sizes=\"(max-width:599px) 599px, (min-width:600px) and (max-width: 799px) 799px, (min-width:800px) and (max-width: 999px) 333px, (min-width:1000px) 400px\" \/><\/a><div class=\"entry-wrap entry-wrap-grid\"><h3 class=\"entry-title\" itemprop=\"headline\"><a class=\"entry-title-link\" href=\"https:\/\/neuronup.com\/br\/atividades-de-neurorreabilitacao\/conheca-as-10-atividades-neuronup-mais-utilizadas-para-trabalhar-com-criancas\/\" rel=\"bookmark\">Descubra as 10 atividades da NeuronUP mais utilizadas para trabalhar com crian\u00e7as<\/a><\/h3>\n<\/div><\/article><article class=\"entry entry-grid is-column has-entry-link has-image has-image-first type-post category-eventos tag-congresso\" style=\"--entry-index:4;\" aria-label=\"Global Neuropsychology Congress: o congresso que reuniu o mundo no Porto\" itemscope itemtype=\"https:\/\/schema.org\/CreativeWork\"><a class=\"entry-image-link\" href=\"https:\/\/neuronup.com\/br\/eventos\/global-neuropsychology-congress-conectando-o-mundo-no-porto\/\" tabindex=\"-1\" aria-hidden=\"true\"><img decoding=\"async\" width=\"400\" height=\"300\" src=\"https:\/\/neuronup.com\/br\/wp-content\/uploads\/2024\/07\/IMG_9004-1-400x300.webp\" class=\"entry-image size-landscape-sm\" alt=\"Participantes em uma confer\u00eancia no Porto, com palestrantes e tela de proje\u00e7\u00e3o durante o Congresso Global de Neuropsicologia.\" srcset=\"https:\/\/neuronup.com\/br\/wp-content\/uploads\/2024\/07\/IMG_9004-1-400x300.webp 400w, https:\/\/neuronup.com\/br\/wp-content\/uploads\/2024\/07\/IMG_9004-1-800x600.webp 800w\" sizes=\"(max-width:599px) 599px, (min-width:600px) and (max-width: 799px) 799px, (min-width:800px) and (max-width: 999px) 333px, (min-width:1000px) 400px\" \/><\/a><div class=\"entry-wrap entry-wrap-grid\"><h3 class=\"entry-title\" itemprop=\"headline\"><a class=\"entry-title-link\" href=\"https:\/\/neuronup.com\/br\/eventos\/global-neuropsychology-congress-conectando-o-mundo-no-porto\/\" rel=\"bookmark\">Global Neuropsychology Congress: o congresso que reuniu o mundo no Porto<\/a><\/h3>\n<\/div><\/article><article class=\"entry entry-grid is-column has-entry-link has-image has-image-first type-post category-linhas-de-investigacao tag-investigacion tag-ninos\" style=\"--entry-index:5;\" aria-label=\"Ferramentas digitais na interven\u00e7\u00e3o precoce: o que a evid\u00eancia internacional nos diz\" itemscope itemtype=\"https:\/\/schema.org\/CreativeWork\"><a class=\"entry-image-link\" href=\"https:\/\/neuronup.com\/br\/investigacao\/linhas-de-investigacao\/ferramentas-digitais-na-intervencao-precoce-o-que-a-evidencia-internacional-diz\/\" tabindex=\"-1\" aria-hidden=\"true\"><img decoding=\"async\" width=\"400\" height=\"300\" src=\"https:\/\/neuronup.com\/br\/wp-content\/uploads\/2026\/04\/Evidencia-sobre-las-herramientas-digitales-en-intervencion-temprana.-Como-las-tecnologias-digitales-transforman-la-intervencion-temprana-400x300.webp\" class=\"entry-image size-landscape-sm\" alt=\"Descubra como as tecnologias digitais transformam a interven\u00e7\u00e3o precoce, gra\u00e7as a uma an\u00e1lise baseada em evid\u00eancias de Liapakis (2025) e ao impacto da NeuronUP nas fun\u00e7\u00f5es executivas e na ades\u00e3o cl\u00ednica.\" srcset=\"https:\/\/neuronup.com\/br\/wp-content\/uploads\/2026\/04\/Evidencia-sobre-las-herramientas-digitales-en-intervencion-temprana.-Como-las-tecnologias-digitales-transforman-la-intervencion-temprana-400x300.webp 400w, https:\/\/neuronup.com\/br\/wp-content\/uploads\/2026\/04\/Evidencia-sobre-las-herramientas-digitales-en-intervencion-temprana.-Como-las-tecnologias-digitales-transforman-la-intervencion-temprana-800x600.webp 800w\" sizes=\"(max-width:599px) 599px, (min-width:600px) and (max-width: 799px) 799px, (min-width:800px) and (max-width: 999px) 333px, (min-width:1000px) 400px\" \/><\/a><div class=\"entry-wrap entry-wrap-grid\"><h3 class=\"entry-title\" itemprop=\"headline\"><a class=\"entry-title-link\" href=\"https:\/\/neuronup.com\/br\/investigacao\/linhas-de-investigacao\/ferramentas-digitais-na-intervencao-precoce-o-que-a-evidencia-internacional-diz\/\" rel=\"bookmark\">Ferramentas digitais na interven\u00e7\u00e3o precoce: o que a evid\u00eancia internacional nos diz<\/a><\/h3>\n<\/div><\/article><article class=\"entry entry-grid is-column has-entry-link has-image has-image-first type-post category-doencas-neurodegenerativas tag-doenca-de-alzheimer tag-enfermedades-neurodegenerativas\" style=\"--entry-index:6;\" aria-label=\"Microbiota intestinal e Alzheimer: papel do eixo intestino-c\u00e9rebro na deteriora\u00e7\u00e3o cognitiva\" itemscope itemtype=\"https:\/\/schema.org\/CreativeWork\"><a class=\"entry-image-link\" href=\"https:\/\/neuronup.com\/br\/noticias-de-estimulacao-cognitiva\/doencas-neurodegenerativas\/microbiota-intestinal-e-alzheimer-papel-do-eixo-intestino-cerebro-no-declinio-cognitivo\/\" tabindex=\"-1\" aria-hidden=\"true\"><img decoding=\"async\" width=\"400\" height=\"300\" src=\"https:\/\/neuronup.com\/br\/wp-content\/uploads\/2026\/04\/Microbiota-intestinal-y-alzheimer-papel-del-eje-intestino-cerebro-en-el-deterioro-cognitivo.-Relacion-entre-la-microbiota-intestinal-y-el-deterioro-cognitivo-400x300.webp\" class=\"entry-image size-landscape-sm\" alt=\"Microbiota intestinal e Alzheimer: papel do eixo intestino-c\u00e9rebro no decl\u00ednio cognitivo. Rela\u00e7\u00e3o entre a microbiota intestinal e o decl\u00ednio cognitivo.\" srcset=\"https:\/\/neuronup.com\/br\/wp-content\/uploads\/2026\/04\/Microbiota-intestinal-y-alzheimer-papel-del-eje-intestino-cerebro-en-el-deterioro-cognitivo.-Relacion-entre-la-microbiota-intestinal-y-el-deterioro-cognitivo-400x300.webp 400w, https:\/\/neuronup.com\/br\/wp-content\/uploads\/2026\/04\/Microbiota-intestinal-y-alzheimer-papel-del-eje-intestino-cerebro-en-el-deterioro-cognitivo.-Relacion-entre-la-microbiota-intestinal-y-el-deterioro-cognitivo-800x600.webp 800w\" sizes=\"(max-width:599px) 599px, (min-width:600px) and (max-width: 799px) 799px, (min-width:800px) and (max-width: 999px) 333px, (min-width:1000px) 400px\" \/><\/a><div class=\"entry-wrap entry-wrap-grid\"><h3 class=\"entry-title\" itemprop=\"headline\"><a class=\"entry-title-link\" href=\"https:\/\/neuronup.com\/br\/noticias-de-estimulacao-cognitiva\/doencas-neurodegenerativas\/microbiota-intestinal-e-alzheimer-papel-do-eixo-intestino-cerebro-no-declinio-cognitivo\/\" rel=\"bookmark\">Microbiota intestinal e Alzheimer: papel do eixo intestino-c\u00e9rebro na deteriora\u00e7\u00e3o cognitiva<\/a><\/h3>\n<\/div><\/article><\/div><\/div>","protected":false},"excerpt":{"rendered":"<p>A neuropsic\u00f3loga Mar\u00eda Garau compartilha um guia t\u00e9cnico sobre o TDAH em adultos: analisa a neurobiologia, a disfun\u00e7\u00e3o executiva e o impacto sist\u00eamico, junto com estrat\u00e9gias avan\u00e7adas de interven\u00e7\u00e3o neuropsicol\u00f3gica para as pessoas com TDAH na idade adulta. An\u00e1lise t\u00e9cnica do TDAH em adultos: aprofundamos a disfun\u00e7\u00e3o executiva e as bases neurobiol\u00f3gicas da imaturidade pr\u00e9-frontal &hellip;<\/p>\n","protected":false},"author":379,"featured_media":49818,"comment_status":"open","ping_status":"open","sticky":false,"template":"","format":"standard","meta":{"_acf_changed":false,"_genesis_hide_title":false,"_genesis_hide_breadcrumbs":false,"_genesis_hide_singular_image":false,"_genesis_hide_footer_widgets":false,"_genesis_custom_body_class":"","_genesis_custom_post_class":"","_genesis_layout":"content-sidebar","footnotes":""},"categories":[607],"tags":[715,601],"class_list":["type-post","category-tdah-transtorno-deficit-atencao-hiperatividade","tag-adultos","tag-tdah","entry"],"acf":[],"_links":{"self":[{"href":"https:\/\/neuronup.com\/br\/wp-json\/wp\/v2\/posts\/49813","targetHints":{"allow":["GET"]}}],"collection":[{"href":"https:\/\/neuronup.com\/br\/wp-json\/wp\/v2\/posts"}],"about":[{"href":"https:\/\/neuronup.com\/br\/wp-json\/wp\/v2\/types\/post"}],"author":[{"embeddable":true,"href":"https:\/\/neuronup.com\/br\/wp-json\/wp\/v2\/users\/379"}],"replies":[{"embeddable":true,"href":"https:\/\/neuronup.com\/br\/wp-json\/wp\/v2\/comments?post=49813"}],"version-history":[{"count":0,"href":"https:\/\/neuronup.com\/br\/wp-json\/wp\/v2\/posts\/49813\/revisions"}],"wp:featuredmedia":[{"embeddable":true,"href":"https:\/\/neuronup.com\/br\/wp-json\/wp\/v2\/media\/49818"}],"wp:attachment":[{"href":"https:\/\/neuronup.com\/br\/wp-json\/wp\/v2\/media?parent=49813"}],"wp:term":[{"taxonomy":"category","embeddable":true,"href":"https:\/\/neuronup.com\/br\/wp-json\/wp\/v2\/categories?post=49813"},{"taxonomy":"post_tag","embeddable":true,"href":"https:\/\/neuronup.com\/br\/wp-json\/wp\/v2\/tags?post=49813"}],"curies":[{"name":"wp","href":"https:\/\/api.w.org\/{rel}","templated":true}]}}