{"id":45962,"date":"2025-10-22T20:00:00","date_gmt":"2025-10-22T20:00:00","guid":{"rendered":"https:\/\/neuronup.com\/?p=40984"},"modified":"2025-10-22T20:00:00","modified_gmt":"2025-10-22T20:00:00","slug":"como-zv-psicologia-l-neuropsicologia-utiliza-neuronup-para-a-reabilitacao-cognitiva-do-dano-cerebral-e-demencias","status":"publish","type":"post","link":"https:\/\/neuronup.com\/br\/uncategorized\/como-zv-psicologia-l-neuropsicologia-utiliza-neuronup-para-a-reabilitacao-cognitiva-do-dano-cerebral-e-demencias\/","title":{"rendered":"Como a ZV Psicologia e Neuropsicologia utiliza o NeuronUP para a reabilita\u00e7\u00e3o cognitiva de dano cerebral e dem\u00eancias"},"content":{"rendered":"\n<p class=\"has-xl-font-size\">Zeltia Veiga Roca, psic\u00f3loga e neuropsic\u00f3loga na ZV Psicolog\u00eda l Neuropsicolog\u00eda, apresenta<strong> como aplicam a reabilita\u00e7\u00e3o neuropsicol\u00f3gica e a estimula\u00e7\u00e3o cognitiva com a ajuda da NeuronUP<\/strong>, incluindo exemplos reais que evidenciam os benef\u00edcios na recupera\u00e7\u00e3o cognitiva de seus pacientes.<\/p>\n\n\n\n<h2 class=\"wp-block-heading\">O que \u00e9 a ZV Psicolog\u00eda l Neuropsicolog\u00eda e como trabalha a reabilita\u00e7\u00e3o cognitiva?<\/h2>\n\n\n\n<p><a href=\"https:\/\/zvpsicologia.es\/\">ZV Psicolog\u00eda l Neuropsicolog\u00eda<\/a> \u00e9 um centro de reabilita\u00e7\u00e3o neuropsicol\u00f3gica em Ourense, em funcionamento desde 2020. Seu objetivo principal \u00e9 minimizar as altera\u00e7\u00f5es cognitivas e comportamentais e reduzir o impacto na vida cotidiana da pessoa que tenha um <a href=\"https:\/\/neuronup.com\/br\/neurorreabilitacao\/lesao-cerebral-adquirida\/\">les\u00e3o cerebral<\/a>, tendo em conta sempre a intera\u00e7\u00e3o cont\u00ednua com a fam\u00edlia.<\/p>\n\n\n\n<p>Na ZV Psicolog\u00eda l Neuropsicolog\u00eda queremos estar na vanguarda da reabilita\u00e7\u00e3o neuropsicol\u00f3gica porque <strong>somos conscientes da import\u00e2ncia que tem para a pessoa a estimula\u00e7\u00e3o cognitiva<\/strong> como meio para que uma melhoria no desempenho neuronal possa ser real e eficaz.<\/p>\n\n\n\n<p>Nos importa a pessoa, importa-nos o que lhe acontece. Queremos que todas elas se sintam acolhidas e compreendidas. Por isso consideramos que o nosso trabalho com o paciente e o nosso compromisso com a forma\u00e7\u00e3o atualizada s\u00e3o fundamentais para esse fim.<\/p>\n\n\n\n<h3 class=\"wp-block-heading\">Em que consiste a reabilita\u00e7\u00e3o neuropsicol\u00f3gica?<\/h3>\n\n\n\n<p>A <a href=\"https:\/\/neuronup.com\/br\/neurorreabilitacao\/\">reabilita\u00e7\u00e3o neuropsicol\u00f3gica<\/a> abrange <strong>quatro tipos de interven\u00e7\u00e3o<\/strong>:<\/p>\n\n\n\n<ol class=\"wp-block-list\">\n<li>Reabilita\u00e7\u00e3o cognitiva,&nbsp;<\/li>\n\n\n\n<li>modifica\u00e7\u00e3o de comportamento,&nbsp;<\/li>\n\n\n\n<li>interven\u00e7\u00e3o com as fam\u00edlias&nbsp;<\/li>\n\n\n\n<li>e readapta\u00e7\u00e3o profissional.&nbsp;<\/li>\n<\/ol>\n\n\n\n<p>Com elas, os neuropsic\u00f3logos pretendemos reduzir as altera\u00e7\u00f5es cognitivas e comportamentais para que o impacto da les\u00e3o cerebral seja menor tanto na vida do paciente quanto na da sua fam\u00edlia.<\/p>\n\n\n\n<p><strong>Uma parte essencial da reabilita\u00e7\u00e3o \u00e9 a estimula\u00e7\u00e3o cognitiva<\/strong>. Para aumentar sua efic\u00e1cia, devemos elaborar o desenho de um programa de reabilita\u00e7\u00e3o individualizado, ajustando-nos \u00e0s caracter\u00edsticas espec\u00edficas de cada caso: devemos ter em conta a idade, o n\u00edvel educacional, o tipo de les\u00e3o e as necessidades particulares de cada pessoa, recolhendo assim a reserva cognitiva (RC) do indiv\u00edduo no question\u00e1rio de RC.<\/p>\n\n\n\n<p>A <a href=\"https:\/\/neuronup.com\/estimulacion-y-rehabilitacion-cognitiva\/dano-cerebral-adquirido\/reserva-cognitiva\/\">reserva cognitiva<\/a> \u00e9 um <strong>processo ativo e din\u00e2mico adquirido ao longo da vida pelo qual se compensa o dano neurol\u00f3gico<\/strong> utilizando para isso os recursos de processamento que a pessoa tenha dispon\u00edveis. Quanto maior a RC, maior a otimiza\u00e7\u00e3o neuronal, por isso para n\u00f3s \u00e9 de suma import\u00e2ncia t\u00ea-la em conta para poder prever e ajustar nosso plano de trabalho adaptado \u00e0 pessoa.<\/p>\n\n\n\n<p>Dadas as condicionantes que costumam existir tanto econ\u00f4micas como de deslocamento, o treinamento presencial costuma ser insuficiente, por isso <strong>poder continuar a reabilita\u00e7\u00e3o em domic\u00edlio torna-se uma op\u00e7\u00e3o muito necess\u00e1ria<\/strong>. Da\u00ed a origem da <a href=\"https:\/\/neuronup.com\/br\/produto\/telereabilitacao-reabilitacao-cognitiva-a-distancia-com-a-neuronup\/\">telereabilita\u00e7\u00e3o (TRHB)<\/a>, que permite ao neuropsic\u00f3logo fazer um plano de interven\u00e7\u00e3o mais amplo e mais espec\u00edfico.<\/p>\n\n\n\n<div style=\"height:50px\" aria-hidden=\"true\" class=\"wp-block-spacer\"><\/div>\n\n\n\n<div class=\"wp-block-cover br-1010 has-sm-padding-top has-sm-padding-bottom has-sm-padding-left has-sm-padding-right\"><img decoding=\"async\" width=\"1280\" height=\"768\" sizes=\"(max-width: 600px) 100vw, 50vw\" class=\"wp-block-cover__image-background wp-image-31661 size-large\" alt=\"neuronup illustration background\" src=\"https:\/\/neuronup.com\/br\/wp-content\/uploads\/2024\/10\/neuronup-illustration-background.svg\" data-object-fit=\"cover\"\/><span aria-hidden=\"true\" class=\"wp-block-cover__background has-background-dim\" style=\"background-color:#005767\"><\/span><div class=\"wp-block-cover__inner-container is-layout-constrained wp-block-cover-is-layout-constrained\">\n<p class=\"has-xl-font-size\" style=\"letter-spacing:0.07rem\"><strong>Lan\u00e7amos NeuronUP Assessment!<\/strong><\/p>\n\n\n\n<div class=\"wp-block-columns are-vertically-aligned-center is-layout-flex wp-container-core-columns-is-layout-9d6595d7 wp-block-columns-is-layout-flex\">\n<div class=\"wp-block-column is-vertically-aligned-center has-white-color has-text-color has-link-color wp-elements-bd68cc8433c056f7c59b955812e8ea6c is-layout-flow wp-block-column-is-layout-flow\" style=\"flex-basis:70%\">\n<p class=\"has-no-margin-top has-no-margin-bottom\" style=\"letter-spacing:0.05rem\">O novo produto de Avalia\u00e7\u00e3o da NeuronUP.<\/p>\n\n\n\n<p class=\"has-text-align-left has-no-margin-top has-no-margin-bottom\" style=\"font-size:18px\">Solicite acesso para testar gratuitamente por tempo limitado.<\/p>\n<\/div>\n\n\n\n<div class=\"wp-block-column is-vertically-aligned-center is-layout-flow wp-block-column-is-layout-flow\" style=\"flex-basis:30%\">\n<div class=\"wp-block-buttons is-content-justification-center is-layout-flex wp-container-core-buttons-is-layout-16018d1d wp-block-buttons-is-layout-flex\">\n<div class=\"wp-block-button has-custom-width wp-block-button__width-100\" style=\"--button-color:#01606f;--button-background:var(--color-white);--button-background-hover:#e6e6e6;\"><a class=\"wp-block-button__link button    has-link-color wp-element-button\" href=\"https:\/\/neuronup.com\/br\/neuronup-assessment\/solicitar-acesso\/\" style=\"color:#01606f\"><strong>Solicite acceso<\/strong><\/a><\/div>\n\n<\/div>\n<\/div>\n<\/div>\n<\/div><\/div>\n\n\n\n<div style=\"height:50px\" aria-hidden=\"true\" class=\"wp-block-spacer\"><\/div>\n\n\n\n<h2 class=\"wp-block-heading\">Protocolo de interven\u00e7\u00e3o em reabilita\u00e7\u00e3o neuropsicol\u00f3gica em ZV Psicolog\u00eda l Neuropsicolog\u00eda<\/h2>\n\n\n\n<p>Na ZV Psicolog\u00eda l Neuropsicolog\u00eda, estabelecemos um protocolo de interven\u00e7\u00e3o detalhado, que consta de v\u00e1rias partes, e com o qual pretendemos garantir resultados efetivos:<\/p>\n\n\n\n<h3 class=\"wp-block-heading\">1. Entrevista inicial<\/h3>\n\n\n\n<p>Em primeiro lugar, uma <strong>Entrevista inicial na qual se recolha a sua hist\u00f3ria cl\u00ednica<\/strong>. Ou seja, onde estejam os seus dados de identifica\u00e7\u00e3o, a sua hist\u00f3ria pessoal, a sua hist\u00f3ria m\u00e9dica e psicopatol\u00f3gica, e a sua hist\u00f3ria familiar. Al\u00e9m de aspetos comportamentais e emocionais, relat\u00f3rios e uma avalia\u00e7\u00e3o, caso se justifique.<\/p>\n\n\n\n<h3 class=\"wp-block-heading\">2. Detec\u00e7\u00e3o e avalia\u00e7\u00e3o de d\u00e9ficits<\/h3>\n\n\n\n<p>Uma vez identificadas as \u00e1reas-chave em que trabalhar, <strong>definimos onde \u00e9 necess\u00e1rio incidir mais e o que h\u00e1 a refor\u00e7ar<\/strong>; considerando tamb\u00e9m se h\u00e1 necessidade de estabelecer estrat\u00e9gias substitutivas ou introduzir mecanismos compensat\u00f3rios.<\/p>\n\n\n\n<h3 class=\"wp-block-heading\">3. Sess\u00f5es presenciais<\/h3>\n\n\n\n<p>Realizadas todas as considera\u00e7\u00f5es, propomos o hor\u00e1rio presencial, que ser\u00e1 semanal. Cada sess\u00e3o adota um <strong>enfoque dual na qual se trabalha tanto com as atividades digitais como com os exerc\u00edcios em papel da NeuronUP<\/strong>. Isso nos permite continuar observando para poder readaptar as sess\u00f5es, se necess\u00e1rio.<\/p>\n\n\n\n<h3 class=\"wp-block-heading\">4. Telereabilita\u00e7\u00e3o<\/h3>\n\n\n\n<p>Gra\u00e7as ao NeuronUP2GO, nossos usu\u00e1rios continuam sua reabilita\u00e7\u00e3o cognitiva em domic\u00edlio com sess\u00f5es de 15-20 minutos por dia.<\/p>\n\n\n\n<p>O NeuronUP2GO \u00e9 uma ferramenta fundamental porque oferece um <strong>registro preciso e exaustivo de cada exerc\u00edcio que realizam<\/strong>. De tal forma que <strong>podemos nos antecipar a um poss\u00edvel agravamento<\/strong>, porque os dados coletados na parte \u201cResultados digitais\u201d s\u00e3o capazes de captar mudan\u00e7as mesmo que sejam sutis.<\/p>\n\n\n\n<h3 class=\"wp-block-heading\">5. Acompanhamento cont\u00ednuo<\/h3>\n\n\n\n<p>A cada sete-diez dias, realizamos o acompanhamento individualizado de cada paciente com NeuronUP2GO, analisando sua evolu\u00e7\u00e3o nos gr\u00e1ficos.<\/p>\n\n\n\n<p>Recentemente, a NeuronUP elabora os relat\u00f3rios de forma muito simples para n\u00f3s, os profissionais <strong>n\u00e3o apenas incorporando o gr\u00e1fico evolutivo, mas tamb\u00e9m o desenvolvimento por fun\u00e7\u00f5es cognitivas<\/strong>. Desta forma, tamb\u00e9m mantemos o contato com a fam\u00edlia e podemos falar sobre o progresso do(a) paciente.<\/p>\n\n\n\n<p>Isso gera que possa haver um feedback em ambas as dire\u00e7\u00f5es, porque podem resolver d\u00favidas e, ao mesmo tempo, n\u00f3s podemos inferir como \u00e9 a evolu\u00e7\u00e3o fora da consulta.<\/p>\n\n\n\n<p>Por sua vez, o fato de os familiares terem essa rela\u00e7\u00e3o bidirecional tamb\u00e9m tem um impacto direto e positivo para cada usu\u00e1rio, pois gera maior ades\u00e3o ao tratamento.<\/p>\n\n\n\n\n\n<h3 class=\"wp-block-heading\">Programa personalizado de estimula\u00e7\u00e3o cognitiva para uma pessoa com les\u00e3o cerebral adquirida (LCA)<\/h3>\n\n\n\n<h4 class=\"wp-block-heading\">Como trabalhamos a estimula\u00e7\u00e3o cognitiva de pessoas com les\u00e3o neurol\u00f3gica-cognitiva leve?<\/h4>\n\n\n\n<p>Esta proposta destina-se \u00e0s <strong>pessoas que apresentam uma les\u00e3o neurol\u00f3gica-cognitiva leve e \u00e0quelas que querem usar o NeuronUP como treinamento cognitivo<\/strong> para se manterem em forma.<\/p>\n\n\n\n<p>Neste caso, \u00e9 preciso ter em conta que, em qualquer um dos programas, existe uma grande variabilidade para poder exercitar todas as \u00e1reas cognitivas. <\/p>\n\n\n\n<p>Na ZV Psicolog\u00eda l Neuropsicolog\u00eda, damos grande \u00eanfase em:<\/p>\n\n\n\n<ul class=\"wp-block-list\">\n<li>A <strong>velocidade de processamento<\/strong>, com atividades como <em>Pare a bola<\/em>, onde a pessoa tem que calcular quando uma bola passa por um ponto concreto.<\/li>\n\n\n\n<li>A <strong>mem\u00f3ria epis\u00f3dica<\/strong>, com exerc\u00edcios como:\n<ul class=\"wp-block-list\">\n<li><em>Entrega em domic\u00edlio<\/em>, para memorizar a ordem em que se iluminam alguns pr\u00e9dios e repeti-la inversamente; <\/li>\n\n\n\n<li>e <em>Entrevista<\/em>, onde t\u00eam que lembrar a ordem em que v\u00e1rios jornalistas interv\u00eam e reproduzi-la.<\/li>\n<\/ul>\n<\/li>\n\n\n\n<li>A <strong>mem\u00f3ria sem\u00e2ntica<\/strong>, com exerc\u00edcios como o de <em>Ordenar alfabeticamente<\/em>.<\/li>\n\n\n\n<li><strong>Fun\u00e7\u00f5es executivas<\/strong>, com diferentes atividades como:\n<ul class=\"wp-block-list\">\n<li><em>Tiro ao alvo<\/em>, na qual \u00e9 preciso encontrar diferentes maneiras de atingir uma pontua\u00e7\u00e3o determinada sobre um alvo; <\/li>\n\n\n\n<li><em>Formar n\u00fameros<\/em>, na qual \u00e9 preciso combinar n\u00fameros de formas diferentes conforme solicitado; <\/li>\n\n\n\n<li><em>Movimento de cubos<\/em>, com a qual \u00e9 preciso calcular como ficariam v\u00e1rios cubos ao mudar a posi\u00e7\u00e3o deles; <\/li>\n\n\n\n<li>e <em>Categorias contra o rel\u00f3gio<\/em>, no qual se deve selecionar os elementos que pertencem a uma categoria dada o mais r\u00e1pido poss\u00edvel.<\/li>\n<\/ul>\n<\/li>\n<\/ul>\n\n\n\n<h4 class=\"wp-block-heading\">Como trabalhamos a estimula\u00e7\u00e3o cognitiva de pessoas com les\u00e3o cerebral moderada?<\/h4>\n\n\n\n<p>No caso de <strong>pessoas com les\u00e3o cerebral moderada<\/strong>, ser\u00e3o predominantes diariamente exerc\u00edcios de aten\u00e7\u00e3o seletiva e fun\u00e7\u00f5es executivas, destacando a mem\u00f3ria de trabalho e o planejamento.<\/p>\n\n\n\n<p>Por exemplo: <\/p>\n\n\n\n<ul class=\"wp-block-list\">\n<li><em>Jogo de tampas<\/em>, uma atividade em que a pessoa tem de ordenar a sequ\u00eancia de letras ou n\u00fameros.<\/li>\n\n\n\n<li><em>Opera\u00e7\u00f5es em cadeia<\/em>, fichas com as quais os usu\u00e1rios devem realizar uma s\u00e9rie de opera\u00e7\u00f5es em cadeia. <\/li>\n\n\n\n<li><em>Reconhecimento de sequ\u00eancia de imagens<\/em>, fichas com as quais \u00e9 preciso memorizar uma s\u00e9rie de imagens em ordem e depois reconhecer essa sequ\u00eancia.<\/li>\n\n\n\n<li><em>Ordenar passos de atividades<\/em>, na sua vers\u00e3o em texto e imagens, com as quais colocar em ordem diferentes passos para realizar uma atividade concreta.<\/li>\n\n\n\n<li><em>Equilibre os sacos<\/em>, um jogo com o qual equilibrar o peso das sacolas em ambos os bra\u00e7os.<\/li>\n\n\n\n<li><em>Somas<\/em>, uma atividade para realizar somas.<\/li>\n\n\n\n<li><em>Subtra\u00e7\u00f5es<\/em>, uma atividade para realizar subtra\u00e7\u00f5es.<\/li>\n\n\n\n<li><em>Loteria de cores<\/em>, um exerc\u00edcio em que \u00e9 preciso memorizar a cor das bolas que est\u00e3o no tambor para depois descobrir qual saiu.<\/li>\n<\/ul>\n\n\n\n<h4 class=\"wp-block-heading\">Como trabalhamos a estimula\u00e7\u00e3o cognitiva de pessoas com les\u00e3o cerebral grave?<\/h4>\n\n\n\n<p>Finalmente, para <strong>trabalhar a reabilita\u00e7\u00e3o cognitiva de pessoas com les\u00e3o cerebral grave<\/strong>, procuraremos que a pessoa fa\u00e7a todos os dias exerc\u00edcios de aten\u00e7\u00e3o seletiva e sustentada como parte fixa di\u00e1ria.<\/p>\n\n\n\n<p>No NeuronUP, esses exerc\u00edcios podem ser: <\/p>\n\n\n\n<ul class=\"wp-block-list\">\n<li><em>Contar e assinalar<\/em>, fichas nas quais \u00e9 preciso assinalar o n\u00famero de objetos indicado.<\/li>\n\n\n\n<li><em>Explora e encontra<\/em>, um jogo que consiste em escolher v\u00e1rios elementos de um grupo.<\/li>\n\n\n\n<li><em>Procura de est\u00edmulos consecutivos<\/em>, fichas em que os usu\u00e1rios t\u00eam que procurar, entre um conjunto de est\u00edmulos, a chave dada.<\/li>\n\n\n\n<li><em>Palavras repetidas<\/em>, fichas nas quais \u00e9 preciso assinalar as palavras que aparecem repetidas.<\/li>\n\n\n\n<li><em>Copiar matrizes de letras<\/em>, uma atividade que consiste em copiar matrizes incompletas, fixando-se em uma matriz modelo.<\/li>\n\n\n\n<li><em>Organize a estante<\/em>, um jogo para copiar a posi\u00e7\u00e3o dos objetos do modelo. <\/li>\n<\/ul>\n\n\n\n<div style=\"height:50px\" aria-hidden=\"true\" class=\"wp-block-spacer\"><\/div>\n\n\n\n<div class=\"wp-block-group br-0111 has-primary-background-color has-background has-dark-background has-sm-padding-top has-sm-padding-left has-sm-padding-right has-xxl-margin-top\"><div class=\"wp-block-group__inner-container is-layout-constrained wp-block-group-is-layout-constrained\">\n<div class=\"wp-block-columns is-layout-flex wp-container-core-columns-is-layout-9d6595d7 wp-block-columns-is-layout-flex\">\n<div class=\"wp-block-column is-layout-flow wp-block-column-is-layout-flow\">\n<figure class=\"wp-block-image size-full desktop-position-absolute desktop-bottom-0 mobile-width-50 mobile-m-inline-auto has-xl-margin-top\"><img decoding=\"async\" width=\"292\" height=\"338\" src=\"https:\/\/neuronup.com\/br\/wp-content\/uploads\/2024\/10\/certificado-de-produto.webp\" alt=\"\" class=\"wp-image-31568\" srcset=\"https:\/\/neuronup.com\/br\/wp-content\/uploads\/2024\/10\/certificado-de-produto-259x300.webp 259w, https:\/\/neuronup.com\/br\/wp-content\/uploads\/2024\/10\/certificado-de-produto.webp 292w\" sizes=\"(max-width: 292px) 100vw, 292px\" \/><\/figure>\n<\/div>\n\n\n\n<div class=\"wp-block-column is-layout-flow wp-block-column-is-layout-flow\">\n<h2 class=\"wp-block-heading has-white-color has-text-color\"><strong>Inscreva-se<\/strong> <br>na nossa <br>Newsletter<\/h2>\n\n\n\n<div class=\"wp-block-buttons is-layout-flex wp-block-buttons-is-layout-flex\">\n<div class=\"wp-block-button--1\" style=\"--button-outline-color:var(--color-white);--button-outline-color-hover:rgba(0,0,0,0.8);\"><a class=\"wp-block-button__link button button-outline   wp-element-button\" href=\"https:\/\/neuronup.com\/br\/newsletter\/\">Inscreva-se<\/a><\/div>\n\n<\/div>\n\n\n\n<div style=\"height:40px\" aria-hidden=\"true\" class=\"wp-block-spacer\"><\/div>\n<\/div>\n<\/div>\n<\/div><\/div>\n\n\n\n\n<div style=\"height:50px\" aria-hidden=\"true\" class=\"wp-block-spacer\"><\/div>\n\n\n\n<h2 class=\"wp-block-heading\">Casos reais de sucesso na ZV Psicolog\u00eda l Neuropsicolog\u00eda gra\u00e7as \u00e0 NeuronUP<\/h2>\n\n\n\n<p>A seguir apresentamos quatro casos semelhantes e atuais que trat\u00e1mos no centro ZV Psicolog\u00eda l Neuropsicolog\u00eda. Todos eles s\u00e3o <strong>casos de dem\u00eancia com desenvolvimento inicial\u2013m\u00e9dio em que a sintomatologia \u00e9 evidente.<\/strong><\/p>\n\n\n\n<p>Para poder fazer uma melhor an\u00e1lise destes casos neste artigo, consider\u00e1mos 3 vari\u00e1veis: <\/p>\n\n\n\n<ol class=\"wp-block-list\">\n<li>diagn\u00f3stico, <\/li>\n\n\n\n<li>reserva cognitiva (RC) <\/li>\n\n\n\n<li>e resultado no MoCa.<\/li>\n<\/ol>\n\n\n\n<p>Nos primeiros gr\u00e1ficos comparamos o rendimento geral e da mem\u00f3ria, enquanto que nos segundos gr\u00e1ficos compararemos aten\u00e7\u00e3o e linguagem.<\/p>\n\n\n\n<h3 class=\"wp-block-heading\">Caso de sucesso 1: Mulher com doen\u00e7a de Alzheimer t\u00edpica<\/h3>\n\n\n\n<p>Uma mulher de 72 anos diagnosticada h\u00e1 dois anos com doen\u00e7a de Alzheimer t\u00edpica. Frequenta a ZV Psicolog\u00eda l Neuropsicolog\u00eda semanalmente h\u00e1 12 meses para trabalhar com a NeuronUP no seu processo de reabilita\u00e7\u00e3o cognitiva. Ap\u00f3s a Entrevista inicial, estabelecemos a sua reserva cognitiva em 10, ou seja, numa faixa m\u00e9dia-alta. Al\u00e9m disso, o resultado no MoCa \u00e9 de 11\/30.<\/p>\n\n\n\n\n\n<h3 class=\"wp-block-heading\">Se voc\u00ea gostou deste artigo sobre <strong>como a ZV Psicolog\u00eda l Neuropsicolog\u00eda utiliza a NeuronUP para a reabilita\u00e7\u00e3o cognitiva de les\u00e3o cerebral e dem\u00eancias<\/strong>, certamente se interessar\u00e1 por estes artigos da NeuronUP:<\/h3>\n\n\n\n<div class=\"mai-grid entries entries-grid has-boxed has-image-full\" style=\"--entry-title-font-size:var(--font-size-lg);--align-text:start;--entry-meta-text-align:start;\"><div class=\"entries-wrap has-columns\" style=\"--columns-xs:1\/1;--columns-sm:1\/1;--columns-md:1\/3;--columns-lg:1\/3;--flex-xs:0 0 var(--flex-basis);--flex-sm:0 0 var(--flex-basis);--flex-md:0 0 var(--flex-basis);--flex-lg:0 0 var(--flex-basis);--column-gap:var(--spacing-lg);--row-gap:var(--spacing-lg);--align-columns:start;\"><article class=\"entry entry-grid is-column has-entry-link has-image has-image-first type-post category-neuronup-academy tag-academia-neuronup tag-lesao-cerebral-adquirida tag-palestra-da-academia-neuronup\" style=\"--entry-index:1;\" aria-label=\"A neuropsic\u00f3loga Ainhoa Espinosa de Luzarraga responde \u00e0s d\u00favidas sobre sua palestra de les\u00e3o cerebral adquirida\" itemscope itemtype=\"https:\/\/schema.org\/CreativeWork\"><a class=\"entry-image-link\" href=\"https:\/\/neuronup.com\/br\/formacao\/neuronup-academy\/a-neuropsicologa-ainhoa-espinosa-de-luzarraga-responde-as-duvidas-sobre-sua-palestra-de-dano-cerebral-adquirido\/\" tabindex=\"-1\" aria-hidden=\"true\"><img decoding=\"async\" width=\"400\" height=\"225\" src=\"https:\/\/neuronup.com\/br\/wp-content\/uploads\/2024\/11\/ACADEMY-Ainhoa.webp\" class=\"entry-image size-landscape-sm\" alt=\"Mulher sorridente ao lado de tela\/slide; fundo azul\/preto; destaque para Ainhoa em afeto e sexualidade ap\u00f3s dano cerebral.\" srcset=\"https:\/\/neuronup.com\/br\/wp-content\/uploads\/2024\/11\/ACADEMY-Ainhoa-300x169.webp 300w, https:\/\/neuronup.com\/br\/wp-content\/uploads\/2024\/11\/ACADEMY-Ainhoa-768x432.webp 768w, https:\/\/neuronup.com\/br\/wp-content\/uploads\/2024\/11\/ACADEMY-Ainhoa-1024x576.webp 1024w, https:\/\/neuronup.com\/br\/wp-content\/uploads\/2024\/11\/ACADEMY-Ainhoa.webp 1280w\" sizes=\"(max-width:599px) 599px, (min-width:600px) and (max-width: 799px) 799px, (min-width:800px) and (max-width: 999px) 333px, (min-width:1000px) 400px\" \/><\/a><div class=\"entry-wrap entry-wrap-grid\"><h3 class=\"entry-title\" itemprop=\"headline\"><a class=\"entry-title-link\" href=\"https:\/\/neuronup.com\/br\/formacao\/neuronup-academy\/a-neuropsicologa-ainhoa-espinosa-de-luzarraga-responde-as-duvidas-sobre-sua-palestra-de-dano-cerebral-adquirido\/\" rel=\"bookmark\">A neuropsic\u00f3loga Ainhoa Espinosa de Luzarraga responde \u00e0s d\u00favidas sobre sua palestra de les\u00e3o cerebral adquirida<\/a><\/h3>\n<\/div><\/article><article class=\"entry entry-grid is-column has-entry-link has-image has-image-first type-post category-memoria tag-memoria\" style=\"--entry-index:2;\" aria-label=\"Tudo sobre a mem\u00f3ria\" itemscope itemtype=\"https:\/\/schema.org\/CreativeWork\"><a class=\"entry-image-link\" href=\"https:\/\/neuronup.com\/br\/neurociencia\/neuropsicologia\/memoria\/tudo-sobre-a-memoria\/\" tabindex=\"-1\" aria-hidden=\"true\"><img decoding=\"async\" width=\"400\" height=\"265\" src=\"https:\/\/neuronup.com\/br\/wp-content\/uploads\/2023\/05\/todo-sobre-la-memoria.webp\" class=\"entry-image size-landscape-sm\" alt=\"Pessoa sentada em uma cafeteria, folheando um \u00e1lbum de fotos antigas, com c\u00e2mera, cadernos e l\u00e1pis sobre a mesa.\" srcset=\"https:\/\/neuronup.com\/br\/wp-content\/uploads\/2023\/05\/todo-sobre-la-memoria-300x199.webp 300w, https:\/\/neuronup.com\/br\/wp-content\/uploads\/2023\/05\/todo-sobre-la-memoria-768x509.webp 768w, https:\/\/neuronup.com\/br\/wp-content\/uploads\/2023\/05\/todo-sobre-la-memoria-1024x679.webp 1024w, https:\/\/neuronup.com\/br\/wp-content\/uploads\/2023\/05\/todo-sobre-la-memoria.webp 1206w\" sizes=\"(max-width:599px) 599px, (min-width:600px) and (max-width: 799px) 799px, (min-width:800px) and (max-width: 999px) 333px, (min-width:1000px) 400px\" \/><\/a><div class=\"entry-wrap entry-wrap-grid\"><h3 class=\"entry-title\" itemprop=\"headline\"><a class=\"entry-title-link\" href=\"https:\/\/neuronup.com\/br\/neurociencia\/neuropsicologia\/memoria\/tudo-sobre-a-memoria\/\" rel=\"bookmark\">Tudo sobre a mem\u00f3ria<\/a><\/h3>\n<\/div><\/article><article class=\"entry entry-grid is-column has-entry-link has-image has-image-first type-post category-dano-cerebral tag-avc tag-depoimentos tag-lesao-cerebral-adquirida tag-reabilitacao-cognitiva\" style=\"--entry-index:3;\" aria-label=\"Les\u00e3o cerebral adquirida (LCA): reabilita\u00e7\u00e3o e estimula\u00e7\u00e3o cognitiva\" itemscope itemtype=\"https:\/\/schema.org\/CreativeWork\"><a class=\"entry-image-link\" href=\"https:\/\/neuronup.com\/br\/noticias-de-estimulacao-cognitiva\/dano-cerebral\/lesao-cerebral-adquirida-lca-reabilitacao-e-estimulacao-cognitiva\/\" tabindex=\"-1\" aria-hidden=\"true\"><img decoding=\"async\" width=\"400\" height=\"300\" src=\"https:\/\/neuronup.com\/br\/wp-content\/uploads\/2024\/12\/trabalho-em-grupo-lesao-cerebral-traumatica-tratamento-2-400x300.webp\" class=\"entry-image size-landscape-sm\" alt=\"Grupo de cinco idosos visto de costas em sala, assistindo a proje\u00e7\u00e3o com grade azul; apresentador de roupa laranja em frente, ambiente educativo.\" srcset=\"https:\/\/neuronup.com\/br\/wp-content\/uploads\/2024\/12\/trabalho-em-grupo-lesao-cerebral-traumatica-tratamento-2-300x225.webp 300w, https:\/\/neuronup.com\/br\/wp-content\/uploads\/2024\/12\/trabalho-em-grupo-lesao-cerebral-traumatica-tratamento-2-400x300.webp 400w, https:\/\/neuronup.com\/br\/wp-content\/uploads\/2024\/12\/trabalho-em-grupo-lesao-cerebral-traumatica-tratamento-2-768x576.webp 768w, https:\/\/neuronup.com\/br\/wp-content\/uploads\/2024\/12\/trabalho-em-grupo-lesao-cerebral-traumatica-tratamento-2-800x600.webp 800w, https:\/\/neuronup.com\/br\/wp-content\/uploads\/2024\/12\/trabalho-em-grupo-lesao-cerebral-traumatica-tratamento-2-1024x768.webp 1024w, https:\/\/neuronup.com\/br\/wp-content\/uploads\/2024\/12\/trabalho-em-grupo-lesao-cerebral-traumatica-tratamento-2-1200x900.webp 1200w, https:\/\/neuronup.com\/br\/wp-content\/uploads\/2024\/12\/trabalho-em-grupo-lesao-cerebral-traumatica-tratamento-2-1536x1152.webp 1536w, https:\/\/neuronup.com\/br\/wp-content\/uploads\/2024\/12\/trabalho-em-grupo-lesao-cerebral-traumatica-tratamento-2.webp 1600w\" sizes=\"(max-width:599px) 599px, (min-width:600px) and (max-width: 799px) 799px, (min-width:800px) and (max-width: 999px) 333px, (min-width:1000px) 400px\" \/><\/a><div class=\"entry-wrap entry-wrap-grid\"><h3 class=\"entry-title\" itemprop=\"headline\"><a class=\"entry-title-link\" href=\"https:\/\/neuronup.com\/br\/noticias-de-estimulacao-cognitiva\/dano-cerebral\/lesao-cerebral-adquirida-lca-reabilitacao-e-estimulacao-cognitiva\/\" rel=\"bookmark\">Les\u00e3o cerebral adquirida (LCA): reabilita\u00e7\u00e3o e estimula\u00e7\u00e3o cognitiva<\/a><\/h3>\n<\/div><\/article><article class=\"entry entry-grid is-column has-entry-link has-image has-image-first type-post category-psicologia tag-reabilitacao-cognitiva tag-saude-mental\" style=\"--entry-index:4;\" aria-label=\"A sa\u00fade mental dos profissionais de sa\u00fade\" itemscope itemtype=\"https:\/\/schema.org\/CreativeWork\"><a class=\"entry-image-link\" href=\"https:\/\/neuronup.com\/br\/psicologia\/a-saude-mental-dos-trabalhadores-de-saude\/\" tabindex=\"-1\" aria-hidden=\"true\"><img decoding=\"async\" width=\"400\" height=\"267\" src=\"https:\/\/neuronup.com\/br\/wp-content\/uploads\/2022\/04\/Trabajadores-sanitarios-cansados.webp\" class=\"entry-image size-landscape-sm\" alt=\"Dois profissionais de sa\u00fade sentados em ambiente hospitalar; mulher com cabe\u00e7a baixa, testa na m\u00e3o, m\u00e1scara e jaleco.\" srcset=\"https:\/\/neuronup.com\/br\/wp-content\/uploads\/2022\/04\/Trabajadores-sanitarios-cansados-300x200.webp 300w, https:\/\/neuronup.com\/br\/wp-content\/uploads\/2022\/04\/Trabajadores-sanitarios-cansados-768x512.webp 768w, https:\/\/neuronup.com\/br\/wp-content\/uploads\/2022\/04\/Trabajadores-sanitarios-cansados.webp 1000w\" sizes=\"(max-width:599px) 599px, (min-width:600px) and (max-width: 799px) 799px, (min-width:800px) and (max-width: 999px) 333px, (min-width:1000px) 400px\" \/><\/a><div class=\"entry-wrap entry-wrap-grid\"><h3 class=\"entry-title\" itemprop=\"headline\"><a class=\"entry-title-link\" href=\"https:\/\/neuronup.com\/br\/psicologia\/a-saude-mental-dos-trabalhadores-de-saude\/\" rel=\"bookmark\">A sa\u00fade mental dos profissionais de sa\u00fade<\/a><\/h3>\n<\/div><\/article><article class=\"entry entry-grid is-column has-entry-link has-image has-image-first type-post category-esclerose-multipla tag-depoimentos tag-doencas-neurodegenerativas tag-esclerose-multipla\" style=\"--entry-index:5;\" aria-label=\"Tratamento da esclerose m\u00faltipla com NeuronUP\" itemscope itemtype=\"https:\/\/schema.org\/CreativeWork\"><a class=\"entry-image-link\" href=\"https:\/\/neuronup.com\/br\/noticias-de-estimulacao-cognitiva\/doencas-neurodegenerativas\/esclerose-multipla\/tratamento-da-esclerose-multipla-com-neuronup\/\" tabindex=\"-1\" aria-hidden=\"true\"><img decoding=\"async\" width=\"400\" height=\"300\" src=\"https:\/\/neuronup.com\/br\/wp-content\/uploads\/2024\/12\/Centro-ADEMBI-no-tratamento-da-esclerose-multipla-1-400x300.webp\" class=\"entry-image size-landscape-sm\" alt=\"Duas mulheres em escrit\u00f3rio bem iluminado diante de um computador; uma explica na tela enquanto a outra observa.\" srcset=\"https:\/\/neuronup.com\/br\/wp-content\/uploads\/2024\/12\/Centro-ADEMBI-no-tratamento-da-esclerose-multipla-1-400x300.webp 400w, https:\/\/neuronup.com\/br\/wp-content\/uploads\/2024\/12\/Centro-ADEMBI-no-tratamento-da-esclerose-multipla-1-800x600.webp 800w\" sizes=\"(max-width:599px) 599px, (min-width:600px) and (max-width: 799px) 799px, (min-width:800px) and (max-width: 999px) 333px, (min-width:1000px) 400px\" \/><\/a><div class=\"entry-wrap entry-wrap-grid\"><h3 class=\"entry-title\" itemprop=\"headline\"><a class=\"entry-title-link\" href=\"https:\/\/neuronup.com\/br\/noticias-de-estimulacao-cognitiva\/doencas-neurodegenerativas\/esclerose-multipla\/tratamento-da-esclerose-multipla-com-neuronup\/\" rel=\"bookmark\">Tratamento da esclerose m\u00faltipla com NeuronUP<\/a><\/h3>\n<\/div><\/article><article class=\"entry entry-grid is-column has-entry-link has-image has-image-first type-post category-tea-transtorno-do-espectro-do-autismo tag-autismo tag-funcoes-executivas tag-transtornos-do-neurodesenvolvimento\" style=\"--entry-index:6;\" aria-label=\"Autismo em mulheres e fun\u00e7\u00f5es executivas\" itemscope itemtype=\"https:\/\/schema.org\/CreativeWork\"><a class=\"entry-image-link\" href=\"https:\/\/neuronup.com\/br\/noticias-de-estimulacao-cognitiva\/transtornos-do-desenvolvimento\/tea-transtorno-do-espectro-do-autismo\/autismo-em-mulheres-e-funcoes-executivas\/\" tabindex=\"-1\" aria-hidden=\"true\"><img decoding=\"async\" width=\"400\" height=\"267\" src=\"https:\/\/neuronup.com\/br\/wp-content\/uploads\/2024\/05\/La-invisibilidad-del-autismo-en-ninas-adolescentes-y-mujeres-Raquel-Hernandez-Autora-NeuronUP.webp\" class=\"entry-image size-landscape-sm\" alt=\"Crian\u00e7a com cabelos cacheados deitada em gramado verde, sorriso suave e olhar tranquilo, segurando algo entre as m\u00e3os.\" srcset=\"https:\/\/neuronup.com\/br\/wp-content\/uploads\/2024\/05\/La-invisibilidad-del-autismo-en-ninas-adolescentes-y-mujeres-Raquel-Hernandez-Autora-NeuronUP-300x200.webp 300w, https:\/\/neuronup.com\/br\/wp-content\/uploads\/2024\/05\/La-invisibilidad-del-autismo-en-ninas-adolescentes-y-mujeres-Raquel-Hernandez-Autora-NeuronUP-768x512.webp 768w, https:\/\/neuronup.com\/br\/wp-content\/uploads\/2024\/05\/La-invisibilidad-del-autismo-en-ninas-adolescentes-y-mujeres-Raquel-Hernandez-Autora-NeuronUP-1024x683.webp 1024w, https:\/\/neuronup.com\/br\/wp-content\/uploads\/2024\/05\/La-invisibilidad-del-autismo-en-ninas-adolescentes-y-mujeres-Raquel-Hernandez-Autora-NeuronUP.webp 1202w\" sizes=\"(max-width:599px) 599px, (min-width:600px) and (max-width: 799px) 799px, (min-width:800px) and (max-width: 999px) 333px, (min-width:1000px) 400px\" \/><\/a><div class=\"entry-wrap entry-wrap-grid\"><h3 class=\"entry-title\" itemprop=\"headline\"><a class=\"entry-title-link\" href=\"https:\/\/neuronup.com\/br\/noticias-de-estimulacao-cognitiva\/transtornos-do-desenvolvimento\/tea-transtorno-do-espectro-do-autismo\/autismo-em-mulheres-e-funcoes-executivas\/\" rel=\"bookmark\">Autismo em mulheres e fun\u00e7\u00f5es executivas<\/a><\/h3>\n<\/div><\/article><\/div><\/div>","protected":false},"excerpt":{"rendered":"<p>Zeltia Veiga Roca, psic\u00f3loga e neuropsic\u00f3loga na ZV Psicolog\u00eda l Neuropsicolog\u00eda, apresenta como aplicam a reabilita\u00e7\u00e3o neuropsicol\u00f3gica e a estimula\u00e7\u00e3o cognitiva com a ajuda da NeuronUP, incluindo exemplos reais que evidenciam os benef\u00edcios na recupera\u00e7\u00e3o cognitiva de seus pacientes. O que \u00e9 a ZV Psicolog\u00eda l Neuropsicolog\u00eda e como trabalha a reabilita\u00e7\u00e3o cognitiva? ZV Psicolog\u00eda &hellip;<\/p>\n","protected":false},"author":348,"featured_media":45970,"comment_status":"open","ping_status":"open","sticky":false,"template":"","format":"standard","meta":{"_acf_changed":false,"_genesis_hide_title":false,"_genesis_hide_breadcrumbs":false,"_genesis_hide_singular_image":false,"_genesis_hide_footer_widgets":false,"_genesis_custom_body_class":"","_genesis_custom_post_class":"","_genesis_layout":"","footnotes":""},"categories":[1],"tags":[],"class_list":{"2":"type-post","8":"entry"},"acf":[],"_links":{"self":[{"href":"https:\/\/neuronup.com\/br\/wp-json\/wp\/v2\/posts\/45962","targetHints":{"allow":["GET"]}}],"collection":[{"href":"https:\/\/neuronup.com\/br\/wp-json\/wp\/v2\/posts"}],"about":[{"href":"https:\/\/neuronup.com\/br\/wp-json\/wp\/v2\/types\/post"}],"author":[{"embeddable":true,"href":"https:\/\/neuronup.com\/br\/wp-json\/wp\/v2\/users\/348"}],"replies":[{"embeddable":true,"href":"https:\/\/neuronup.com\/br\/wp-json\/wp\/v2\/comments?post=45962"}],"version-history":[{"count":0,"href":"https:\/\/neuronup.com\/br\/wp-json\/wp\/v2\/posts\/45962\/revisions"}],"wp:featuredmedia":[{"embeddable":true,"href":"https:\/\/neuronup.com\/br\/wp-json\/wp\/v2\/media\/45970"}],"wp:attachment":[{"href":"https:\/\/neuronup.com\/br\/wp-json\/wp\/v2\/media?parent=45962"}],"wp:term":[{"taxonomy":"category","embeddable":true,"href":"https:\/\/neuronup.com\/br\/wp-json\/wp\/v2\/categories?post=45962"},{"taxonomy":"post_tag","embeddable":true,"href":"https:\/\/neuronup.com\/br\/wp-json\/wp\/v2\/tags?post=45962"}],"curies":[{"name":"wp","href":"https:\/\/api.w.org\/{rel}","templated":true}]}}