{"id":4370,"date":"2021-06-24T09:58:59","date_gmt":"2021-06-24T07:58:59","guid":{"rendered":"https:\/\/neuronup.com\/br\/?p=4370"},"modified":"2026-01-26T18:14:51","modified_gmt":"2026-01-26T16:14:51","slug":"pesquisa-esclerose-multipla-reabilitacao-cognitiva","status":"publish","type":"post","link":"https:\/\/neuronup.com\/br\/noticias-de-estimulacao-cognitiva\/doencas-neurodegenerativas\/esclerose-multipla\/pesquisa-esclerose-multipla-reabilitacao-cognitiva\/","title":{"rendered":"Pesquisa conclui que houve mudan\u00e7as neuropsicol\u00f3gicas no volume de subst\u00e2ncias cinzentas em pacientes com Esclerose M\u00faltipla, ap\u00f3s terapia de reabilita\u00e7\u00e3o cognitiva assistida por computador com a NeuronUP"},"content":{"rendered":"\n<div class=\"wp-block-group\"><div class=\"wp-block-group__inner-container is-layout-flow wp-block-group-is-layout-flow\">\n<p><strong>Autores<\/strong><\/p>\n\n\n\n<p>Julio Plata-Bello, *Mar\u00eda Yaiza P\u00e9rez-Mart\u00edn, Montserrat Gonz\u00e1lez-Platas, V\u00edctor Fajardo-Santana, Kritsia Sinay Fumero-Revetti. <em>Servi\u00e7o de Neurocirurgia, Hospital Universit\u00e1rio das Ilhas Can\u00e1rias, San Crist\u00f3bal de La Laguna, Espanha<\/em><\/p>\n\n\n\n<p>*Autor para correspond\u00eancia: yaizaneuro@hotmail.com<\/p>\n<\/div><\/div>\n\n\n\n<hr class=\"wp-block-separator has-css-opacity\"\/>\n\n\n\n<p><strong>Declara\u00e7\u00e3o<\/strong>: Os autores declaramque n\u00e3o t\u00eam nenhum conflito de interesses.<\/p>\n\n\n\n<p><strong>Refer\u00eancia<\/strong>: EMJ Neurol. 2018;6[1]:46-48. Abstract Review No. AR1.<\/p>\n\n\n\n<hr class=\"wp-block-separator has-css-opacity\"\/>\n\n\n\n<h2 class=\"wp-block-heading\">Antecedentes<\/h2>\n\n\n\n<p>Mais de 65% dos pacientes com <a href=\"https:\/\/neuronup.com\/br\/neurorreabilitacao\/doencas-neurodegenerativas\/\" data-type=\"URL\" data-id=\"https:\/\/neuronup.com\/br\/neurorreabilitacao\/doencas-neurodegenerativas\">Esclerose M\u00faltipla<\/a> (EM) normalmente apresentam deterioro cognitivo, tanto na fase inicial, quanto na etapa avan\u00e7ada da doen\u00e7a; esse deterioro progride ao longo do tempo. A Esclerose M\u00faltipla pode afetar consideravelmente a qualidade de vida do paciente, tanto no \u00e2mbito profissional, quanto na vida pessoal e cotidiana em geral.<\/p>\n\n\n\n<p>O tratamento cognitivo oferece resultados contradit\u00f3rios, provavelmente porque as interven\u00e7\u00f5es e as medidas de resultados s\u00e3o heterog\u00eaneas. Apesar disso, v\u00e1rios estudos t\u00eam demonstrado que a interven\u00e7\u00e3o neuropsicol\u00f3gica pode ter efeitos favor\u00e1veis no desempenho cognitivo dos pacientes. Especificamente, h\u00e1 evid\u00eancias de que <strong>a reabilita\u00e7\u00e3o cognitiva assistida por computador melhora o desempenho em testes neuropsicol\u00f3gicos; <\/strong>por esse motivo, projetou-seum estudo para avaliar a efic\u00e1cia da aplica\u00e7\u00e3o de uma terapia de reabilita\u00e7\u00e3o cognitiva assistida por computador em pacientes com EM.<\/p>\n\n\n\n<h2 class=\"wp-block-heading\">M\u00e9todos<\/h2>\n\n\n\n<p>Doze pacientes foram inclu\u00eddos no estudo. Todos os pacientes tinham diagn\u00f3stico de EM remitente-recorrente clinicamente est\u00e1vel, um deterioro cognitivo de leve a moderado, de acordo com o estabelecido <em>pela Brief Repeatable Battery of Neuropsychological Tests<\/em> de Rao (BRB-N), tinham um n\u00edvel adequado de acuidade visual, e todos tinham mais de 18 anos de idade. Os pacientes foram avaliados em tr\u00eas ocasi\u00f5es: no in\u00edcio do estudo, na oitava semana e na d\u00e9cima sexta semana.<\/p>\n\n\n\n<p>Os pacientes foram agrupados aleatoriamente para receberem o tratamento ap\u00f3s a primeira avalia\u00e7\u00e3o (Grupo 1), ou ap\u00f3s a segunda avalia\u00e7\u00e3o (Grupo 2). Essa avalia\u00e7\u00e3o consistia em uma avalia\u00e7\u00e3o neuropsicol\u00f3gica (utilizou-se vers\u00f5es alternativas da mesma bateria para reduzir os efeitos relacionados com a pr\u00e1tica); um estudo de resson\u00e2ncia magn\u00e9tica funcional (que incluiu uma resson\u00e2ncia magn\u00e9tica funcional em estado de repouso, uma imagem com tensor de difus\u00e3o e uma morfometria baseada em voxel); e uma amostra de sangue para identificar altera\u00e7\u00f5es plasm\u00e1ticas associadas ao fator neurotr\u00f3fico derivado do c\u00e9rebro, que participa nos processos de plasticidade neural (NEURONAL). Adotou-se essas medidas para identificar poss\u00edveis biomarcadores de efic\u00e1cia terap\u00eautica.<\/p>\n\n\n\n<p>Todos os pacientes receberam <strong>24 sess\u00f5es de terapia cognitiva <\/strong>assistidas por computador <strong>com o programa <\/strong><a href=\"https:\/\/neuronup.com\/br\/\" data-type=\"URL\" data-id=\"https:\/\/neuronup.com\/br\"><strong>NeuronUP<\/strong><\/a><strong>. NeuronUP<\/strong> \u00e9 uma plataforma web de neurorreabilita\u00e7\u00e3o que cont\u00e9m atividades que abrangem 40 processos neuropsicol\u00f3gicos. A dura\u00e7\u00e3o de <strong>cada sess\u00e3o<\/strong> de reabilita\u00e7\u00e3oera de <strong>45 minutos, tr\u00eas vezes por semana, durante oito semanas; <\/strong>na casa do paciente.<\/p>\n\n\n\n<h2 class=\"wp-block-heading\">Resultados<\/h2>\n\n\n\n<p>Os resultados preliminares mostraram <strong>melhorias significativas na mem\u00f3ria verbal, <\/strong><strong>na <\/strong><strong>mem\u00f3ria visual diferida, na mem\u00f3ria de trabalho e na fluidez sem\u00e2ntica.<\/strong><strong><\/strong><\/p>\n\n\n\n<p>A an\u00e1lise dos dados estruturais da RM (morfologia baseada em voxel) mostrou um <strong>aumento de 0,7%<\/strong><strong> no volume total de subst\u00e2ncia cinzenta<\/strong> na maioria dos pacientes. Al\u00e9m disso, os estudos de resson\u00e2ncia magn\u00e9tica funcional em estado de repouso revelaram uma diminui\u00e7\u00e3o da amplitude fracion\u00e1ria das flutua\u00e7\u00f5es de baixa frequ\u00eancia no c\u00f3rtex cingulado \u2014 regi\u00e3o envolvida nos processos de aprendizagem e mem\u00f3ria \u2014 e na \u00e1rea frontal m\u00e9dia (Figura 1); sugerindo que a<strong> reabilita\u00e7\u00e3o cognitiva<\/strong> melhora o desempenho cognitivo <strong>e pode provocar mudan\u00e7as estruturais e funcionais no c\u00e9rebro dos<\/strong><strong> pacientes com EM.<\/strong><\/p>\n\n\n\n<p>Figura 1: Diminui\u00e7\u00e3o da amplitude fracion\u00e1ria de flutua\u00e7\u00f5es de baixa frequ\u00eancia no c\u00f3rtex cingulado e na \u00e1rea frontal m\u00e9dia, ap\u00f3s o tratamento.<\/p>\n\n\n<div class=\"wp-block-image image-interface\">\n<figure class=\"aligncenter size-full\"><img decoding=\"async\" width=\"594\" height=\"408\" src=\"https:\/\/neuronup.com\/br\/wp-content\/uploads\/2024\/12\/Cambios-neuropsicologicos-y-en-el-volumen-de-sustencia-gris-en-pacientes-con-esclerosis-multiple-tras-una-terapia-de-re-cognitiva-asistida-p_ord.webp\" alt=\"Mapas fMRI exibem cortes do c\u00e9rebro com ativa\u00e7\u00e3o no c\u00f3rtex cingulado e frontal m\u00e9dio, em tons vermelhos e amarelos.\" class=\"wp-image-33189\" srcset=\"https:\/\/neuronup.com\/br\/wp-content\/uploads\/2024\/12\/Cambios-neuropsicologicos-y-en-el-volumen-de-sustencia-gris-en-pacientes-con-esclerosis-multiple-tras-una-terapia-de-re-cognitiva-asistida-p_ord-300x206.webp 300w, https:\/\/neuronup.com\/br\/wp-content\/uploads\/2024\/12\/Cambios-neuropsicologicos-y-en-el-volumen-de-sustencia-gris-en-pacientes-con-esclerosis-multiple-tras-una-terapia-de-re-cognitiva-asistida-p_ord.webp 594w\" sizes=\"(max-width: 594px) 100vw, 594px\" \/><\/figure>\n<\/div>\n\n\n<h2 class=\"wp-block-heading\">Conclus\u00e3o<\/h2>\n\n\n\n<p>Esses resultados indicam que<strong> a terapia de reabilita\u00e7\u00e3o cognitiva<\/strong> pode favorecer a neuroplasticidade ao induzir mudan\u00e7as na reorganiza\u00e7\u00e3o cortical, o que <strong>ajudar\u00e1 a melhorar a reserva cognitiva ou cerebral.<\/strong><\/p>\n\n\n\n<h2 class=\"wp-block-heading\">Refer\u00eancias<\/h2>\n\n\n\n<ul class=\"wp-block-list has-sm-font-size\">\n<li><em>Amato MP et al. Multiple sclerosis-related cognitive changes: A review of cross-sectional and longitudinal studies. J Neurol Sci. 2006;245(1-2):41-5.<\/em><\/li>\n\n\n\n<li><em>De Giglio L et al. A low-cost cognitive rehabilitation with a commercial video game improves sustained attention and executive functions in multiple sclerosis: A pilot study. Neurorehabil Neural Repair. 2015;29(5):453-61.<\/em><\/li>\n\n\n\n<li><em>Shatil E et al. Home-based personalized cognitive training in MS patients: A study of adherence and cognitive performance. Neuro Rehabilitation. 2010;26(2):143-53.<\/em><\/li>\n\n\n\n<li><em>Filippi M et al. Multiple sclerosis: Effects of cognitive rehabilitation on structural and functional MR imaging measures\u2013An explorative study. Radiology. 2012;262(3):932-40.<\/em><\/li>\n\n\n\n<li><em>Mu\u00f1oz C\u00e9spedes JM, Tirapu Ust\u00e1rroz Rehabilitation programs for executive functions. Rev Neurol. 2004;38(7):656-63.<\/em><\/li>\n<\/ul>\n\n\n<div class=\"mai-grid entries entries-grid has-boxed has-image-full\" style=\"--entry-title-font-size:var(--font-size-lg);--align-text:start;--entry-meta-text-align:start;\"><div class=\"entries-wrap has-columns\" style=\"--columns-xs:1\/1;--columns-sm:1\/1;--columns-md:1\/3;--columns-lg:1\/3;--flex-xs:0 0 var(--flex-basis);--flex-sm:0 0 var(--flex-basis);--flex-md:0 0 var(--flex-basis);--flex-lg:0 0 var(--flex-basis);--column-gap:var(--spacing-lg);--row-gap:var(--spacing-lg);--align-columns:start;\"><article class=\"entry entry-grid is-column has-entry-link type-post category-linhas-de-investigacao tag-noticias-da-neuronup tag-pesquisa\" style=\"--entry-index:1;\" aria-label=\"Dispositivos digitais como ferramenta terap\u00eautica em crian\u00e7as e adolescentes com defici\u00eancia intelectual\" itemscope itemtype=\"https:\/\/schema.org\/CreativeWork\"><div class=\"entry-wrap entry-wrap-grid\"><h3 class=\"entry-title\" itemprop=\"headline\"><a class=\"entry-title-link\" href=\"https:\/\/neuronup.com\/br\/investigacao\/linhas-de-investigacao\/dispositivos-digitais-como-ferramenta-terapeutica-em-criancas-e-adolescentes-com-deficiencia-intelectual\/\" rel=\"bookmark\">Dispositivos digitais como ferramenta terap\u00eautica em crian\u00e7as e adolescentes com defici\u00eancia intelectual<\/a><\/h3>\n<\/div><\/article><article class=\"entry entry-grid is-column has-entry-link has-image has-image-first type-post category-depoimentos tag-adultos tag-estimulacao-cognitiva tag-lesao-cerebral-adquirida tag-testemunhos\" style=\"--entry-index:2;\" aria-label=\"Reabilita\u00e7\u00e3o cognitiva com NeuronUP no Ateneu Maestrat\" itemscope itemtype=\"https:\/\/schema.org\/CreativeWork\"><a class=\"entry-image-link\" href=\"https:\/\/neuronup.com\/br\/noticias-de-estimulacao-cognitiva\/depoimentos\/reabilitacao-cognitiva-com-neuronup-no-ateneu-maestrat\/\" tabindex=\"-1\" aria-hidden=\"true\"><img decoding=\"async\" width=\"300\" height=\"300\" src=\"https:\/\/neuronup.com\/br\/wp-content\/uploads\/2024\/12\/Usuario-de-Ateneu-Maestrat-trabajando-con-NeuronUP.webp\" class=\"entry-image size-landscape-sm\" alt=\"Homem sentado diante de um computador, apontando para a tela; monitor exibe v\u00e1rias imagens de rostos, em escrit\u00f3rio.\" srcset=\"https:\/\/neuronup.com\/br\/wp-content\/uploads\/2024\/12\/Usuario-de-Ateneu-Maestrat-trabajando-con-NeuronUP-24x24.webp 24w, https:\/\/neuronup.com\/br\/wp-content\/uploads\/2024\/12\/Usuario-de-Ateneu-Maestrat-trabajando-con-NeuronUP-48x48.webp 48w, https:\/\/neuronup.com\/br\/wp-content\/uploads\/2024\/12\/Usuario-de-Ateneu-Maestrat-trabajando-con-NeuronUP-96x96.webp 96w, https:\/\/neuronup.com\/br\/wp-content\/uploads\/2024\/12\/Usuario-de-Ateneu-Maestrat-trabajando-con-NeuronUP-150x150.webp 150w, https:\/\/neuronup.com\/br\/wp-content\/uploads\/2024\/12\/Usuario-de-Ateneu-Maestrat-trabajando-con-NeuronUP-300x300.webp 300w, https:\/\/neuronup.com\/br\/wp-content\/uploads\/2024\/12\/Usuario-de-Ateneu-Maestrat-trabajando-con-NeuronUP-768x769.webp 768w, https:\/\/neuronup.com\/br\/wp-content\/uploads\/2024\/12\/Usuario-de-Ateneu-Maestrat-trabajando-con-NeuronUP-1022x1024.webp 1022w, https:\/\/neuronup.com\/br\/wp-content\/uploads\/2024\/12\/Usuario-de-Ateneu-Maestrat-trabajando-con-NeuronUP.webp 1200w\" sizes=\"(max-width:599px) 599px, (min-width:600px) and (max-width: 799px) 799px, (min-width:800px) and (max-width: 999px) 333px, (min-width:1000px) 400px\" \/><\/a><div class=\"entry-wrap entry-wrap-grid\"><h3 class=\"entry-title\" itemprop=\"headline\"><a class=\"entry-title-link\" href=\"https:\/\/neuronup.com\/br\/noticias-de-estimulacao-cognitiva\/depoimentos\/reabilitacao-cognitiva-com-neuronup-no-ateneu-maestrat\/\" rel=\"bookmark\">Reabilita\u00e7\u00e3o cognitiva com NeuronUP no Ateneu Maestrat<\/a><\/h3>\n<\/div><\/article><article class=\"entry entry-grid is-column has-entry-link has-image has-image-first type-post category-depoimentos tag-testemunhos\" style=\"--entry-index:3;\" aria-label=\"Superar os desafios cognitivos: a abordagem \u00fanica da BIQAF Psychology\" itemscope itemtype=\"https:\/\/schema.org\/CreativeWork\"><a class=\"entry-image-link\" href=\"https:\/\/neuronup.com\/br\/noticias-de-estimulacao-cognitiva\/depoimentos\/superar-os-retos-cognitivos-o-enfoque-unico-de-biqaf-psychology\/\" tabindex=\"-1\" aria-hidden=\"true\"><img decoding=\"async\" width=\"400\" height=\"300\" src=\"https:\/\/neuronup.com\/br\/wp-content\/uploads\/2024\/11\/BIQAF-usuario.webp\" class=\"entry-image size-landscape-sm\" alt=\"Pessoa sentada em cadeira, fones de ouvido, diante de laptop e tela com gr\u00e1ficos; ambiente claro e tranquilo.\" srcset=\"https:\/\/neuronup.com\/br\/wp-content\/uploads\/2024\/11\/BIQAF-usuario-300x225.webp 300w, https:\/\/neuronup.com\/br\/wp-content\/uploads\/2024\/11\/BIQAF-usuario-768x576.webp 768w, https:\/\/neuronup.com\/br\/wp-content\/uploads\/2024\/11\/BIQAF-usuario-1024x768.webp 1024w, https:\/\/neuronup.com\/br\/wp-content\/uploads\/2024\/11\/BIQAF-usuario.webp 1200w\" sizes=\"(max-width:599px) 599px, (min-width:600px) and (max-width: 799px) 799px, (min-width:800px) and (max-width: 999px) 333px, (min-width:1000px) 400px\" \/><\/a><div class=\"entry-wrap entry-wrap-grid\"><h3 class=\"entry-title\" itemprop=\"headline\"><a class=\"entry-title-link\" href=\"https:\/\/neuronup.com\/br\/noticias-de-estimulacao-cognitiva\/depoimentos\/superar-os-retos-cognitivos-o-enfoque-unico-de-biqaf-psychology\/\" rel=\"bookmark\">Superar os desafios cognitivos: a abordagem \u00fanica da BIQAF Psychology<\/a><\/h3>\n<\/div><\/article><article class=\"entry entry-grid is-column has-entry-link has-image has-image-first type-post category-doencas-raras tag-doencas-raras\" style=\"--entry-index:4;\" aria-label=\"Compreendendo a S\u00edndrome de Gerstmann\" itemscope itemtype=\"https:\/\/schema.org\/CreativeWork\"><a class=\"entry-image-link\" href=\"https:\/\/neuronup.com\/br\/noticias-de-estimulacao-cognitiva\/doencas-raras\/compreendendo-o-sindrome-de-gerstmann\/\" tabindex=\"-1\" aria-hidden=\"true\"><img decoding=\"async\" width=\"400\" height=\"267\" src=\"https:\/\/neuronup.com\/br\/wp-content\/uploads\/2024\/11\/Comprendiendo-el-Sindrome-de-Gerstmann-NeuronUP.webp\" class=\"entry-image size-landscape-sm\" alt=\"Mulher sentada em cadeira, cabelos longos escuros, camisa azul; express\u00e3o s\u00e9ria e pensativa com a m\u00e3o no queixo, fundo neutro.\" srcset=\"https:\/\/neuronup.com\/br\/wp-content\/uploads\/2024\/11\/Comprendiendo-el-Sindrome-de-Gerstmann-NeuronUP-300x200.webp 300w, https:\/\/neuronup.com\/br\/wp-content\/uploads\/2024\/11\/Comprendiendo-el-Sindrome-de-Gerstmann-NeuronUP-768x512.webp 768w, https:\/\/neuronup.com\/br\/wp-content\/uploads\/2024\/11\/Comprendiendo-el-Sindrome-de-Gerstmann-NeuronUP-1024x683.webp 1024w, https:\/\/neuronup.com\/br\/wp-content\/uploads\/2024\/11\/Comprendiendo-el-Sindrome-de-Gerstmann-NeuronUP.webp 1200w\" sizes=\"(max-width:599px) 599px, (min-width:600px) and (max-width: 799px) 799px, (min-width:800px) and (max-width: 999px) 333px, (min-width:1000px) 400px\" \/><\/a><div class=\"entry-wrap entry-wrap-grid\"><h3 class=\"entry-title\" itemprop=\"headline\"><a class=\"entry-title-link\" href=\"https:\/\/neuronup.com\/br\/noticias-de-estimulacao-cognitiva\/doencas-raras\/compreendendo-o-sindrome-de-gerstmann\/\" rel=\"bookmark\">Compreendendo a S\u00edndrome de Gerstmann<\/a><\/h3>\n<\/div><\/article><article class=\"entry entry-grid is-column has-entry-link has-image has-image-first type-post category-linhas-de-investigacao tag-noticias-da-neuronup tag-pesquisa\" style=\"--entry-index:5;\" aria-label=\"A doen\u00e7a de Alzheimer como construto cl\u00ednico-biol\u00f3gico: recomenda\u00e7\u00e3o de um grupo de trabalho internacional\" itemscope itemtype=\"https:\/\/schema.org\/CreativeWork\"><a class=\"entry-image-link\" href=\"https:\/\/neuronup.com\/br\/investigacao\/linhas-de-investigacao\/a-doenca-de-alzheimer-como-construto-clinico-biologico-recomendacao-de-um-grupo-de-trabalho-internacional\/\" tabindex=\"-1\" aria-hidden=\"true\"><img decoding=\"async\" width=\"400\" height=\"225\" src=\"https:\/\/neuronup.com\/br\/wp-content\/uploads\/2024\/11\/La-enfermedad-de-alzheimer-como-constructo-clinico-biologico-recomendacion-de-un-grupo-de-trabajo-internacional-NeuronUP.webp\" class=\"entry-image size-landscape-sm\" alt=\"Homem idoso de cabelo branco concentra-se em montar um quebra-cabe\u00e7a, com outra pessoa oferecendo apoio no ombro, em ambiente claro.\" srcset=\"https:\/\/neuronup.com\/br\/wp-content\/uploads\/2024\/11\/La-enfermedad-de-alzheimer-como-constructo-clinico-biologico-recomendacion-de-un-grupo-de-trabajo-internacional-NeuronUP-300x169.webp 300w, https:\/\/neuronup.com\/br\/wp-content\/uploads\/2024\/11\/La-enfermedad-de-alzheimer-como-constructo-clinico-biologico-recomendacion-de-un-grupo-de-trabajo-internacional-NeuronUP-768x432.webp 768w, https:\/\/neuronup.com\/br\/wp-content\/uploads\/2024\/11\/La-enfermedad-de-alzheimer-como-constructo-clinico-biologico-recomendacion-de-un-grupo-de-trabajo-internacional-NeuronUP-1024x576.webp 1024w, https:\/\/neuronup.com\/br\/wp-content\/uploads\/2024\/11\/La-enfermedad-de-alzheimer-como-constructo-clinico-biologico-recomendacion-de-un-grupo-de-trabajo-internacional-NeuronUP.webp 1200w\" sizes=\"(max-width:599px) 599px, (min-width:600px) and (max-width: 799px) 799px, (min-width:800px) and (max-width: 999px) 333px, (min-width:1000px) 400px\" \/><\/a><div class=\"entry-wrap entry-wrap-grid\"><h3 class=\"entry-title\" itemprop=\"headline\"><a class=\"entry-title-link\" href=\"https:\/\/neuronup.com\/br\/investigacao\/linhas-de-investigacao\/a-doenca-de-alzheimer-como-construto-clinico-biologico-recomendacao-de-um-grupo-de-trabalho-internacional\/\" rel=\"bookmark\">A doen\u00e7a de Alzheimer como construto cl\u00ednico-biol\u00f3gico: recomenda\u00e7\u00e3o de um grupo de trabalho internacional<\/a><\/h3>\n<\/div><\/article><article class=\"entry entry-grid is-column has-entry-link has-image has-image-first type-post category-atividades-para-transtornos-do-desenvolvimento tag-atividades-de-estimulacao-cognitiva tag-atividades-de-estimulacao-cognitiva-para-criancas tag-criancas tag-dislexia tag-estimulacao-cognitiva tag-transtornos-do-neurodesenvolvimento\" style=\"--entry-index:6;\" aria-label=\"Atividades para pessoas com dislexia\" itemscope itemtype=\"https:\/\/schema.org\/CreativeWork\"><a class=\"entry-image-link\" href=\"https:\/\/neuronup.com\/br\/atividades-de-neurorreabilitacao\/atividades-para-transtornos-do-desenvolvimento\/atividades-para-pessoas-com-dislexia\/\" tabindex=\"-1\" aria-hidden=\"true\"><img decoding=\"async\" width=\"400\" height=\"225\" src=\"https:\/\/neuronup.com\/br\/wp-content\/uploads\/2024\/10\/Detective-de-letras-NeuronUP.webp\" class=\"entry-image size-landscape-sm\" alt=\"Interface educativa do NeuronUP com fogueira; palavra &#039;fuego&#039; tem a letra &#039;e&#039; destacada em verde.\" srcset=\"https:\/\/neuronup.com\/br\/wp-content\/uploads\/2024\/10\/Detective-de-letras-NeuronUP-300x169.webp 300w, https:\/\/neuronup.com\/br\/wp-content\/uploads\/2024\/10\/Detective-de-letras-NeuronUP-768x432.webp 768w, https:\/\/neuronup.com\/br\/wp-content\/uploads\/2024\/10\/Detective-de-letras-NeuronUP-1024x576.webp 1024w, https:\/\/neuronup.com\/br\/wp-content\/uploads\/2024\/10\/Detective-de-letras-NeuronUP.webp 1200w\" sizes=\"(max-width:599px) 599px, (min-width:600px) and (max-width: 799px) 799px, (min-width:800px) and (max-width: 999px) 333px, (min-width:1000px) 400px\" \/><\/a><div class=\"entry-wrap entry-wrap-grid\"><h3 class=\"entry-title\" itemprop=\"headline\"><a class=\"entry-title-link\" href=\"https:\/\/neuronup.com\/br\/atividades-de-neurorreabilitacao\/atividades-para-transtornos-do-desenvolvimento\/atividades-para-pessoas-com-dislexia\/\" rel=\"bookmark\">Atividades para pessoas com dislexia<\/a><\/h3>\n<\/div><\/article><\/div><\/div>","protected":false},"excerpt":{"rendered":"<p>Autores Julio Plata-Bello, *Mar\u00eda Yaiza P\u00e9rez-Mart\u00edn, Montserrat Gonz\u00e1lez-Platas, V\u00edctor Fajardo-Santana, Kritsia Sinay Fumero-Revetti. Servi\u00e7o de Neurocirurgia, Hospital Universit\u00e1rio das Ilhas Can\u00e1rias, San Crist\u00f3bal de La Laguna, Espanha *Autor para correspond\u00eancia: yaizaneuro@hotmail.com Declara\u00e7\u00e3o: Os autores declaramque n\u00e3o t\u00eam nenhum conflito de interesses. Refer\u00eancia: EMJ Neurol. 2018;6[1]:46-48. Abstract Review No. AR1. Antecedentes Mais de 65% dos pacientes &hellip;<\/p>\n","protected":false},"author":7,"featured_media":35456,"comment_status":"open","ping_status":"open","sticky":false,"template":"","format":"standard","meta":{"_acf_changed":false,"_genesis_hide_title":false,"_genesis_hide_breadcrumbs":false,"_genesis_hide_singular_image":false,"_genesis_hide_footer_widgets":false,"_genesis_custom_body_class":"","_genesis_custom_post_class":"","_genesis_layout":"","footnotes":""},"categories":[584],"tags":[598,565],"class_list":{"2":"type-post","7":"category-esclerose-multipla","8":"tag-esclerose-multipla","9":"tag-reabilitacao-cognitiva","10":"entry"},"acf":[],"_links":{"self":[{"href":"https:\/\/neuronup.com\/br\/wp-json\/wp\/v2\/posts\/4370","targetHints":{"allow":["GET"]}}],"collection":[{"href":"https:\/\/neuronup.com\/br\/wp-json\/wp\/v2\/posts"}],"about":[{"href":"https:\/\/neuronup.com\/br\/wp-json\/wp\/v2\/types\/post"}],"author":[{"embeddable":true,"href":"https:\/\/neuronup.com\/br\/wp-json\/wp\/v2\/users\/7"}],"replies":[{"embeddable":true,"href":"https:\/\/neuronup.com\/br\/wp-json\/wp\/v2\/comments?post=4370"}],"version-history":[{"count":0,"href":"https:\/\/neuronup.com\/br\/wp-json\/wp\/v2\/posts\/4370\/revisions"}],"wp:featuredmedia":[{"embeddable":true,"href":"https:\/\/neuronup.com\/br\/wp-json\/wp\/v2\/media\/35456"}],"wp:attachment":[{"href":"https:\/\/neuronup.com\/br\/wp-json\/wp\/v2\/media?parent=4370"}],"wp:term":[{"taxonomy":"category","embeddable":true,"href":"https:\/\/neuronup.com\/br\/wp-json\/wp\/v2\/categories?post=4370"},{"taxonomy":"post_tag","embeddable":true,"href":"https:\/\/neuronup.com\/br\/wp-json\/wp\/v2\/tags?post=4370"}],"curies":[{"name":"wp","href":"https:\/\/api.w.org\/{rel}","templated":true}]}}