{"id":43340,"date":"2025-09-23T07:00:00","date_gmt":"2025-09-23T05:00:00","guid":{"rendered":"https:\/\/neuronup.com\/?p=43340"},"modified":"2025-09-23T07:00:00","modified_gmt":"2025-09-23T05:00:00","slug":"estimulacao-cognitiva-personalizada-em-pessoas-com-doenca-mental-grave-residencia-espartales-sul","status":"publish","type":"post","link":"https:\/\/neuronup.com\/br\/noticias-de-estimulacao-cognitiva\/depoimentos\/estimulacao-cognitiva-personalizada-em-pessoas-com-doenca-mental-grave-residencia-espartales-sul\/","title":{"rendered":"Estimula\u00e7\u00e3o cognitiva personalizada em pessoas com doen\u00e7a mental grave: Resid\u00eancia Espartales Sur"},"content":{"rendered":"\n<p class=\"has-xl-font-size wp-block-paragraph\">\u00d3scar e Ver\u00f3nica, Educador e Terapeuta Ocupacional da MR Espartales Sur, apresentam como abordam a <strong>estimula\u00e7\u00e3o cognitiva personalizada em pessoas com doen\u00e7a mental grave a partir de uma abordagem multidisciplinar e utilizando ferramentas digitais como NeuronUP.<\/strong><\/p>\n\n\n\n<h2 class=\"wp-block-heading\">Sobre a Resid\u00eancia Espartales Sur de Alcal\u00e1 de Henares<\/h2>\n\n\n\n<p class=\"wp-block-paragraph\">A Resid\u00eancia Espartales Sur faz parte da <strong>Rede p\u00fablica de Aten\u00e7\u00e3o Social a pessoas com <a href=\"https:\/\/neuronup.com\/br\/neurorreabilitacao\/doenca-mental\/\">doen\u00e7a mental grave<\/a> e duradoura da Comunidad de Madrid<\/strong>. \u00c9 um centro especializado que oferece um ambiente seguro e estruturado para aquelas pessoas que precisam de apoio cont\u00ednuo em seu processo de recupera\u00e7\u00e3o e manejo de sua condi\u00e7\u00e3o.&nbsp;<\/p>\n\n\n\n<h3 class=\"wp-block-heading\">Objetivos da Resid\u00eancia Espartales Sur&nbsp;<\/h3>\n\n\n\n<p class=\"wp-block-paragraph\">Seus principais <strong>objetivos<\/strong> s\u00e3o:&nbsp;<\/p>\n\n\n\n<ul class=\"wp-block-list\">\n<li><strong>Proporcionar alojamento, alimenta\u00e7\u00e3o, cuidado e suporte<\/strong>, assim como apoio \u00e0 melhoria da autonomia pessoal e social.&nbsp;<\/li>\n\n\n\n<li><strong>Oferecer supervis\u00e3o e apoio 24 horas por dia<\/strong>, em um ambiente de conviv\u00eancia o mais familiar e normalizado poss\u00edvel.&nbsp;<\/li>\n\n\n\n<li><strong>Oferecer o cuidado e apoio pessoal e social<\/strong> de que os residentes precisam para melhorar sua situa\u00e7\u00e3o e qualidade de vida.&nbsp;<\/li>\n\n\n\n<li><strong>Possibilitar o processo de reabilita\u00e7\u00e3o psicossocial e integra\u00e7\u00e3o comunit\u00e1ria<\/strong>, apoiando ao m\u00e1ximo o desenvolvimento de sua autonomia pessoal e social.&nbsp;<\/li>\n\n\n\n<li><strong>Evitar situa\u00e7\u00f5es de desamparo ou falta de suporte socioafetivo<\/strong>, ajudando a recuperar v\u00ednculos sociais das pessoas residentes ou criar outros novos.&nbsp;<\/li>\n\n\n\n<li><strong>Possibilitar a perman\u00eancia na comunidade<\/strong> nas melhores condi\u00e7\u00f5es poss\u00edveis.&nbsp;<\/li>\n<\/ul>\n\n\n\n<p class=\"wp-block-paragraph\">O ambiente da resid\u00eancia \u00e9 fundamental. Busca-se criar um <strong>ambiente seguro, respeitoso e de apoio<\/strong>, onde os residentes se sintam valorizados e compreendidos. Existem normas de conviv\u00eancia que buscam garantir o bem-estar de todos, promovendo a responsabilidade individual e a conviv\u00eancia pac\u00edfica.&nbsp;<\/p>\n\n\n\n<h3 class=\"wp-block-heading\">Perfil dos usu\u00e1rios da Resid\u00eancia Espartales Sur<\/h3>\n\n\n\n<p class=\"wp-block-paragraph\">A Resid\u00eancia Espartales Sur acolhe pessoas com problemas de sa\u00fade mental como <strong><a href=\"https:\/\/neuronup.com\/br\/noticias-de-estimulacao-cognitiva\/doenca-mental\/esquizofrenia\/neuropsicologia-da-esquizofrenia\/\">esquizofrenia<\/a>, <a href=\"https:\/\/neuronup.com\/br\/noticias-de-estimulacao-cognitiva\/doenca-mental\/transtorno-bipolar\/transtorno-bipolar-o-que-e-tipos-causas-sintomas-diagnostico-e-tratamento\/\">transtorno bipolar<\/a>, depress\u00f5es graves, <a href=\"https:\/\/neuronup.com\/br\/noticias-de-estimulacao-cognitiva\/doenca-mental\/transtorno-de-personalidade-o-que-e-natureza-tipos-tratamento-e-realidade\/\">transtornos de personalidade<\/a>, entre outras<\/strong>, que podem ter dificuldades significativas para viver de forma independente ou que requerem supervis\u00e3o constante. As pessoas usu\u00e1rias costumam chegar encaminhadas pelos Servi\u00e7os de Sa\u00fade Mental, ap\u00f3s uma avalia\u00e7\u00e3o de suas necessidades.&nbsp;<\/p>\n\n\n\n<p class=\"wp-block-paragraph\">As pessoas residentes na MR Espartales Sur encontram-se em uma faixa et\u00e1ria compreendida <strong>entre os 18 e os 65 anos<\/strong>. Todas elas foram diagnosticadas com uma doen\u00e7a mental grave e de car\u00e1ter duradouro. Atualmente, <strong>o recurso acolhe um total de 30 pessoas<\/strong>, 11 mulheres e 19 homens, respectivamente.&nbsp;<\/p>\n\n\n\n<h3 class=\"wp-block-heading\">Equipe da Resid\u00eancia Espartales Sur&nbsp;<\/h3>\n\n\n\n<p class=\"wp-block-paragraph\">Somos uma <strong>equipe interdisciplinar<\/strong> formada por:&nbsp;<\/p>\n\n\n\n<ul class=\"wp-block-list\">\n<li><strong>Psic\u00f3logo<\/strong>: oferece terapia individual e grupal, apoio emocional e estrat\u00e9gias de enfrentamento.&nbsp;<\/li>\n\n\n\n<li><strong>Terapeuta ocupacional<\/strong>: apoia os residentes nas atividades da vida di\u00e1ria para ganhar autonomia e na busca de atividades significativas.&nbsp;<\/li>\n\n\n\n<li><strong>Educadores<\/strong>: facilitadores do bem-estar, autonomia e inclus\u00e3o, acompanhando a pessoa em seu processo de reabilita\u00e7\u00e3o e melhoria da qualidade de vida.<\/li>\n\n\n\n<li><strong>Dire\u00e7\u00e3o<\/strong>: \u00e9 respons\u00e1vel pela gest\u00e3o e organiza\u00e7\u00e3o do centro, supervis\u00e3o da equipe e promo\u00e7\u00e3o de um ambiente terap\u00eautico e de inclus\u00e3o.&nbsp;<\/li>\n\n\n\n<li><strong>Administrativa<\/strong>: \u00e9 respons\u00e1vel por assegurar a viabilidade, efici\u00eancia e o cumprimento normativo da institui\u00e7\u00e3o.&nbsp;<\/li>\n<\/ul>\n\n\n\n<h3 class=\"wp-block-heading\">Programas e atividades da Resid\u00eancia Espartales Sur<\/h3>\n\n\n\n<p class=\"wp-block-paragraph\">A vida em uma resid\u00eancia \u00e9 projetada para ser estruturada e terap\u00eautica. Estabelecem-se <strong>rotinas di\u00e1rias<\/strong> que incluem:&nbsp;<\/p>\n\n\n\n<ul class=\"wp-block-list\">\n<li><strong>Terapias individuais e grupais<\/strong>, como terapia art\u00edstica, musicoterapia ou esportes.&nbsp;<\/li>\n\n\n\n<li><strong>Atividades de reabilita\u00e7\u00e3o psicossocial<\/strong>, como <a href=\"https:\/\/neuronup.com\/br\/noticias-de-estimulacao-cognitiva\/doenca-mental\/esquizofrenia\/oficina-cognitiva-com-neuronup-para-a-intervencao-da-esquizofrenia\/\">oficinas de estimula\u00e7\u00e3o cognitiva<\/a>, gest\u00e3o do lar, habilidades sociais e comunica\u00e7\u00e3o assertiva, etc.&nbsp;<\/li>\n\n\n\n<li><strong>Atividades ocupacionais e de lazer<\/strong>, como sa\u00eddas em grupo para fomentar a intera\u00e7\u00e3o social.&nbsp;<\/li>\n\n\n\n<li><strong>Promo\u00e7\u00e3o da autonomia<\/strong>, por meio do treinamento em atividades da vida di\u00e1ria (AVDs) b\u00e1sicas e instrumentais ou mediante a retirada gradual de apoios, entre outros.&nbsp;<\/li>\n<\/ul>\n\n\n\n<h3 class=\"wp-block-heading\">Processo de reabilita\u00e7\u00e3o e recupera\u00e7\u00e3o na Resid\u00eancia Espartales Sur&nbsp;<\/h3>\n\n\n\n<p class=\"wp-block-paragraph\">O objetivo final \u00e9 a reabilita\u00e7\u00e3o e a recupera\u00e7\u00e3o dos residentes. O tempo de perman\u00eancia pode variar, dependendo das necessidades de cada pessoa. Trabalha-se com cada residente em um <strong>plano individualizado de recupera\u00e7\u00e3o que considera suas metas e potencialidades<\/strong>. O progresso \u00e9 avaliado regularmente e s\u00e3o realizados os ajustes necess\u00e1rios, sempre focando na funcionalidade e na autonomia.&nbsp;<\/p>\n\n\n\n<p class=\"wp-block-paragraph\">Em resumo, a Resid\u00eancia Espartales Sur \u00e9 um espa\u00e7o de cuidado integral, reabilita\u00e7\u00e3o e apoio constante, projetado para <strong>ajudar os residentes a gerir sua doen\u00e7a, desenvolver suas capacidades e viver uma vida o mais plena e integradora poss\u00edvel<\/strong>.&nbsp;<\/p>\n\n\n\n<div style=\"height:50px\" aria-hidden=\"true\" class=\"wp-block-spacer\"><\/div>\n\n\n\n<div class=\"wp-block-group br-0111 has-primary-background-color has-background has-dark-background has-sm-padding-top has-sm-padding-left has-sm-padding-right has-xxl-margin-top\"><div class=\"wp-block-group__inner-container is-layout-constrained wp-block-group-is-layout-constrained\">\n<div class=\"wp-block-columns is-layout-flex wp-container-core-columns-is-layout-8f761849 wp-block-columns-is-layout-flex\">\n<div class=\"wp-block-column is-layout-flow wp-block-column-is-layout-flow\">\n<figure class=\"wp-block-image size-full desktop-position-absolute desktop-bottom-0 mobile-width-50 mobile-m-inline-auto has-xl-margin-top\"><img decoding=\"async\" width=\"292\" height=\"338\" src=\"https:\/\/neuronup.com\/br\/wp-content\/uploads\/2024\/10\/certificado-de-produto.webp\" alt=\"\" class=\"wp-image-31568\" srcset=\"https:\/\/neuronup.com\/br\/wp-content\/uploads\/2024\/10\/certificado-de-produto-259x300.webp 259w, https:\/\/neuronup.com\/br\/wp-content\/uploads\/2024\/10\/certificado-de-produto.webp 292w\" sizes=\"(max-width: 292px) 100vw, 292px\" \/><\/figure>\n<\/div>\n\n\n\n<div class=\"wp-block-column is-layout-flow wp-block-column-is-layout-flow\">\n<h2 class=\"wp-block-heading has-white-color has-text-color\"><strong>Inscreva-se<\/strong> <br>na nossa <br>Newsletter<\/h2>\n\n\n\n<div class=\"wp-block-buttons is-layout-flex wp-block-buttons-is-layout-flex\">\n<div class=\"wp-block-button--1\" style=\"--button-outline-color:var(--color-white);--button-outline-color-hover:rgba(0,0,0,0.8);\"><a class=\"wp-block-button__link button button-outline   wp-element-button\" href=\"https:\/\/neuronup.com\/br\/newsletter\/\">Inscreva-se<\/a><\/div>\n\n<\/div>\n\n\n\n<div style=\"height:40px\" aria-hidden=\"true\" class=\"wp-block-spacer\"><\/div>\n<\/div>\n<\/div>\n<\/div><\/div>\n\n\n\n\n<div style=\"height:50px\" aria-hidden=\"true\" class=\"wp-block-spacer\"><\/div>\n\n\n\n<h2 class=\"wp-block-heading\">Programa de estimula\u00e7\u00e3o cognitiva para doen\u00e7as mentais graves da Resid\u00eancia Espartales Sur&nbsp;<\/h2>\n\n\n\n<p class=\"wp-block-paragraph\">A finalidade da <a href=\"https:\/\/neuronup.com\/br\/neurorreabilitacao\/\">estimula\u00e7\u00e3o cognitiva<\/a> \u00e9 <strong>retardar o decl\u00ednio cognitivo e manter e\/ou refor\u00e7ar as capacidades preservadas<\/strong>. \u00c9 aplic\u00e1vel em doen\u00e7as neurodegenerativas, mentais e no envelhecimento normal.&nbsp;<\/p>\n\n\n\n<p class=\"wp-block-paragraph\">Ap\u00f3s as avalia\u00e7\u00f5es e por meio da observa\u00e7\u00e3o direta, constatamos que <strong>uma necessidade muito comum entre as pessoas residentes \u00e9 trabalhar as fun\u00e7\u00f5es cognitivas<\/strong>.&nbsp;<\/p>\n\n\n\n<p class=\"wp-block-paragraph\">A inten\u00e7\u00e3o \u00e9 que o treinamento das fun\u00e7\u00f5es cognitivas realizado neste programa consiga ser extrapolado para as atividades e tarefas da vida di\u00e1ria da pessoa usu\u00e1ria.&nbsp;<\/p>\n\n\n\n<h3 class=\"wp-block-heading\">Estimula\u00e7\u00e3o cognitiva com NeuronUP na Resid\u00eancia Espartales Sur&nbsp;<\/h3>\n\n\n\n<p class=\"wp-block-paragraph\">A <a href=\"https:\/\/neuronup.com\/br\/\">plataforma de reabilita\u00e7\u00e3o <strong>NeuronUP<\/strong><\/a><strong> tem contribu\u00eddo a otimizar nosso trabalho, pois permite realizar sess\u00f5es individualizadas, al\u00e9m de prepar\u00e1-las e program\u00e1-las com anteced\u00eancia<\/strong>. Da mesma forma, possibilita a <a href=\"https:\/\/neuronup.com\/br\/novidades-neuronup\/como-adaptar-a-dificuldade-das-atividades-na-neuronup-para-trabalhar-o-comprometimento-cognitivo\/\">adapta\u00e7\u00e3o das atividades quanto \u00e0 complexidade<\/a> e nos permite realizar um <a href=\"https:\/\/neuronup.com\/br\/produto\/neuronup-score\/\">acompanhamento dos resultados obtidos<\/a>.&nbsp;<\/p>\n\n\n\n<p class=\"wp-block-paragraph\">Esta aplica\u00e7\u00e3o adapta-se aos diferentes perfis de residentes, potencializando as diferentes \u00e1reas cognitivas, ajustando sempre o n\u00edvel a cada um deles. O formato desta plataforma \u00e9 simples, intuitivo e, <strong>por possibilitar o uso em diferentes dispositivos eletr\u00f4nicos, facilita o uso e motiva os participantes<\/strong>.&nbsp;<\/p>\n\n\n\n<p class=\"wp-block-paragraph\">Em nosso centro <strong>utiliza-se o NeuronUP nas \u00e1reas de Terapia Ocupacional e Educa\u00e7\u00e3o, sobretudo em sess\u00f5es individuais<\/strong>. Cada sess\u00e3o foca-se em uma das \u00e1reas cognitivas (aten\u00e7\u00e3o, mem\u00f3ria, linguagem, fun\u00e7\u00f5es executivas&#8230;) e cada uma delas \u00e9 composta por 5 exerc\u00edcios de 3 minutos de dura\u00e7\u00e3o, respectivamente.&nbsp;<\/p>\n\n\n\n<div style=\"height:50px\" aria-hidden=\"true\" class=\"wp-block-spacer\"><\/div>\n\n\n<div class=\"wp-block-image image-interface\">\n<figure class=\"aligncenter size-large is-resized\"><img decoding=\"async\" width=\"768\" height=\"1024\" src=\"https:\/\/neuronup.com\/br\/wp-content\/uploads\/2025\/07\/Usuario-de-la-Residencia-Espartales-Sur-utilizando-NeuronUP-con-pantalla-768x1024.webp\" alt=\"Pessoa de costas interagindo com uma tela mostrando letras para estimula\u00e7\u00e3o cognitiva com NeuronUP em Espartales.\" class=\"wp-image-43366\" style=\"width:768px;height:auto\" srcset=\"https:\/\/neuronup.com\/br\/wp-content\/uploads\/2025\/07\/Usuario-de-la-Residencia-Espartales-Sur-utilizando-NeuronUP-con-pantalla-225x300.webp 225w, https:\/\/neuronup.com\/br\/wp-content\/uploads\/2025\/07\/Usuario-de-la-Residencia-Espartales-Sur-utilizando-NeuronUP-con-pantalla-768x1024.webp 768w, https:\/\/neuronup.com\/br\/wp-content\/uploads\/2025\/07\/Usuario-de-la-Residencia-Espartales-Sur-utilizando-NeuronUP-con-pantalla-1152x1536.webp 1152w, https:\/\/neuronup.com\/br\/wp-content\/uploads\/2025\/07\/Usuario-de-la-Residencia-Espartales-Sur-utilizando-NeuronUP-con-pantalla.webp 1200w\" sizes=\"(max-width: 768px) 100vw, 768px\" \/><figcaption class=\"wp-element-caption\">Usu\u00e1rio da Resid\u00eancia Espartales Sur utilizando NeuronUP com tela.<\/figcaption><\/figure>\n<\/div>\n<div style=\"height:50px\" aria-hidden=\"true\" class=\"wp-block-spacer\"><\/div>\n\n\n\n<p class=\"wp-block-paragraph\">Os exerc\u00edcios s\u00e3o escolhidos com base nos resultados obtidos em outras sess\u00f5es, na relev\u00e2ncia para os participantes e, sobretudo, dependendo da \u00e1rea que quisermos trabalhar.&nbsp;<\/p>\n\n\n\n<p class=\"wp-block-paragraph\">Os resultados de cada sess\u00e3o s\u00e3o registrados na base de dados e, se algum participante encontrar dificuldades ou incapacidade de realizar algum exerc\u00edcio, os profissionais respons\u00e1veis pela oficina adaptar\u00e3o essa sess\u00e3o para quando ele a realizar novamente no futuro.<\/p>\n\n\n\n<h4 class=\"wp-block-heading\">Exemplo de sess\u00e3o com NeuronUP <\/h4>\n\n\n\n<div style=\"height:50px\" aria-hidden=\"true\" class=\"wp-block-spacer\"><\/div>\n\n\n<div class=\"wp-block-image image-interface\">\n<figure class=\"aligncenter size-large\"><img decoding=\"async\" width=\"989\" height=\"1024\" src=\"https:\/\/neuronup.com\/br\/wp-content\/uploads\/2025\/07\/Ejemplo-de-sesion-con-NeuronUP-para-trabajar-el-area-de-lenguaje-con-los-usuarios-de-la-residencia-989x1024.webp\" alt=\"Captura de sess\u00e3o no NeuronUP para linguagem: junho de 2025, 15 minutos, 5 atividades (letras desordenadas, formar frases, frases verdadeiras ou falsas, formando palavras).\" class=\"wp-image-43367\" srcset=\"https:\/\/neuronup.com\/br\/wp-content\/uploads\/2025\/07\/Ejemplo-de-sesion-con-NeuronUP-para-trabajar-el-area-de-lenguaje-con-los-usuarios-de-la-residencia-24x24.webp 24w, https:\/\/neuronup.com\/br\/wp-content\/uploads\/2025\/07\/Ejemplo-de-sesion-con-NeuronUP-para-trabajar-el-area-de-lenguaje-con-los-usuarios-de-la-residencia-290x300.webp 290w, https:\/\/neuronup.com\/br\/wp-content\/uploads\/2025\/07\/Ejemplo-de-sesion-con-NeuronUP-para-trabajar-el-area-de-lenguaje-con-los-usuarios-de-la-residencia-768x795.webp 768w, https:\/\/neuronup.com\/br\/wp-content\/uploads\/2025\/07\/Ejemplo-de-sesion-con-NeuronUP-para-trabajar-el-area-de-lenguaje-con-los-usuarios-de-la-residencia-989x1024.webp 989w, https:\/\/neuronup.com\/br\/wp-content\/uploads\/2025\/07\/Ejemplo-de-sesion-con-NeuronUP-para-trabajar-el-area-de-lenguaje-con-los-usuarios-de-la-residencia.webp 1200w\" sizes=\"(max-width: 989px) 100vw, 989px\" \/><figcaption class=\"wp-element-caption\">Imagem 2. Exemplo de sess\u00e3o com NeuronUP para trabalhar a \u00e1rea de linguagem com os usu\u00e1rios da resid\u00eancia.<\/figcaption><\/figure>\n<\/div>\n\n\n<div style=\"height:50px\" aria-hidden=\"true\" class=\"wp-block-spacer\"><\/div>\n\n\n\n<p class=\"wp-block-paragraph\">Neste caso, a <strong>sess\u00e3o \u00e9 dirigida \u00e0 \u00e1rea de linguagem<\/strong>, embora haja outras \u00e1reas predominantes como o vocabul\u00e1rio e a mem\u00f3ria de trabalho. Como explicamos anteriormente, a sess\u00e3o tem dura\u00e7\u00e3o de 15 minutos, na qual s\u00e3o realizados 5 exerc\u00edcios de 3 minutos cada.<\/p>\n\n\n\n<p class=\"wp-block-paragraph\">As <strong>atividades do NeuronUP com as quais se trabalha nesta sess\u00e3o<\/strong> focada na linguagem s\u00e3o:<\/p>\n\n\n\n<ol class=\"wp-block-list\">\n<li><em><a href=\"https:\/\/neuronup.com\/br\/atividades-de-neurorreabilitacao\/para-funcoes-cognitivas\/de-linguagem\/10-exercicios-para-estimular-a-linguagem\/\"><strong>Letras desordenadas<\/strong><\/a><\/em>, um jogo que consiste em ordenar as letras que aparecem para formar uma palavra. \u00c9 pensado para trabalhar o vocabul\u00e1rio e a mem\u00f3ria de trabalho.<\/li>\n\n\n\n<li><em><strong>Formar frases<\/strong><\/em>, uma atividade em que os usu\u00e1rios t\u00eam que ordenar as palavras exibidas para formar estruturas sint\u00e1ticas coerentes. \u00c9 destinada a treinar a mem\u00f3ria de trabalho, a flexibilidade, o planejamento e a compreens\u00e3o.<\/li>\n\n\n\n<li><em><strong>Jogo da Forca<\/strong><\/em>, um jogo em que \u00e9 preciso adivinhar as palavras ocultas escolhendo, uma a uma, as letras que as formam. Assim como no primeiro, trabalha-se o vocabul\u00e1rio e a mem\u00f3ria de trabalho.<\/li>\n\n\n\n<li><em><a href=\"https:\/\/neuronup.com\/br\/noticias-de-estimulacao-cognitiva\/doenca-mental\/esquizofrenia\/oficina-cognitiva-com-neuronup-para-a-intervencao-da-esquizofrenia\/\"><strong>Formando palavras<\/strong><\/a><\/em>, uma atividade que consiste em formar palavras ordenando fragmentos, s\u00edlabas e letras soltas. Com ela, trabalha-se a mem\u00f3ria de trabalho e o vocabul\u00e1rio.<\/li>\n\n\n\n<li><em><strong>Frases orais verdadeiras ou falsas<\/strong><\/em>, fichas para trabalhar a compreens\u00e3o que consistem em dizer se as frases apresentadas verbalmente s\u00e3o corretas ou incorretas em compara\u00e7\u00e3o com a imagem apresentada.<\/li>\n<\/ol>\n\n\n\n<p class=\"wp-block-paragraph\">As pessoas do nosso centro realizam <strong>sess\u00f5es de curta dura\u00e7\u00e3o devido \u00e0s dificuldades na capacidade de concentra\u00e7\u00e3o<\/strong> que algumas apresentam, o que, a nosso ver, \u00e9 um elemento que repercute negativamente no n\u00edvel de participa\u00e7\u00e3o.<\/p>\n\n\n\n<div style=\"height:50px\" aria-hidden=\"true\" class=\"wp-block-spacer\"><\/div>\n\n\n<div class=\"wp-block-image image-interface\">\n<figure class=\"aligncenter size-large\"><img decoding=\"async\" width=\"1024\" height=\"471\" src=\"https:\/\/neuronup.com\/br\/wp-content\/uploads\/2025\/07\/Evolucion-de-uno-de-los-usuarios-de-MR-Espartales-Sur-gracias-a-NeuronUP-Score-1024x471.webp\" alt=\"Gr\u00e1fico de evolu\u00e7\u00e3o do NeuronUP Score de um usu\u00e1rio do MR Espartales Sur, com hist\u00f3rico de pontua\u00e7\u00f5es em estimula\u00e7\u00e3o cognitiva.\" class=\"wp-image-43368\" srcset=\"https:\/\/neuronup.com\/br\/wp-content\/uploads\/2025\/07\/Evolucion-de-uno-de-los-usuarios-de-MR-Espartales-Sur-gracias-a-NeuronUP-Score-300x138.webp 300w, https:\/\/neuronup.com\/br\/wp-content\/uploads\/2025\/07\/Evolucion-de-uno-de-los-usuarios-de-MR-Espartales-Sur-gracias-a-NeuronUP-Score-768x353.webp 768w, https:\/\/neuronup.com\/br\/wp-content\/uploads\/2025\/07\/Evolucion-de-uno-de-los-usuarios-de-MR-Espartales-Sur-gracias-a-NeuronUP-Score-1024x471.webp 1024w, https:\/\/neuronup.com\/br\/wp-content\/uploads\/2025\/07\/Evolucion-de-uno-de-los-usuarios-de-MR-Espartales-Sur-gracias-a-NeuronUP-Score.webp 1200w\" sizes=\"(max-width: 1024px) 100vw, 1024px\" \/><figcaption class=\"wp-element-caption\">Imagem 3. Evolu\u00e7\u00e3o de um dos usu\u00e1rios do MR Espartales Sur gra\u00e7as ao NeuronUP Score.<\/figcaption><\/figure>\n<\/div>\n\n\n<div style=\"height:50px\" aria-hidden=\"true\" class=\"wp-block-spacer\"><\/div>\n\n\n<div class=\"wp-block-image image-interface\">\n<figure class=\"aligncenter size-large\"><img decoding=\"async\" width=\"1024\" height=\"358\" src=\"https:\/\/neuronup.com\/br\/wp-content\/uploads\/2025\/07\/Impacto-de-la-rehabilitacion-cognitiva-en-las-funciones-cognitivas-de-uno-de-los-usuarios-de-la-Residencia-Espartales-Sur-1024x358.webp\" alt=\"Adulto realiza exerc\u00edcios cognitivos em tablet, acompanhado por um profissional na Resid\u00eancia Espartales Sur, com gr\u00e1ficos.\" class=\"wp-image-43369\" srcset=\"https:\/\/neuronup.com\/br\/wp-content\/uploads\/2025\/07\/Impacto-de-la-rehabilitacion-cognitiva-en-las-funciones-cognitivas-de-uno-de-los-usuarios-de-la-Residencia-Espartales-Sur-300x105.webp 300w, https:\/\/neuronup.com\/br\/wp-content\/uploads\/2025\/07\/Impacto-de-la-rehabilitacion-cognitiva-en-las-funciones-cognitivas-de-uno-de-los-usuarios-de-la-Residencia-Espartales-Sur-768x268.webp 768w, https:\/\/neuronup.com\/br\/wp-content\/uploads\/2025\/07\/Impacto-de-la-rehabilitacion-cognitiva-en-las-funciones-cognitivas-de-uno-de-los-usuarios-de-la-Residencia-Espartales-Sur-1024x358.webp 1024w, https:\/\/neuronup.com\/br\/wp-content\/uploads\/2025\/07\/Impacto-de-la-rehabilitacion-cognitiva-en-las-funciones-cognitivas-de-uno-de-los-usuarios-de-la-Residencia-Espartales-Sur.webp 1200w\" sizes=\"(max-width: 1024px) 100vw, 1024px\" \/><figcaption class=\"wp-element-caption\">Imagem 4. Impacto da reabilita\u00e7\u00e3o cognitiva nas fun\u00e7\u00f5es cognitivas de um dos usu\u00e1rios da Resid\u00eancia Espartales Sur.<\/figcaption><\/figure>\n<\/div>\n\n\n<div style=\"height:50px\" aria-hidden=\"true\" class=\"wp-block-spacer\"><\/div>\n\n\n\n<p class=\"wp-block-paragraph\">O profissional pode <strong>analisar os resultados dos usu\u00e1rios para adaptar a terapia em fun\u00e7\u00e3o do progresso<\/strong> para potenciar uma interven\u00e7\u00e3o cont\u00ednua e pautada. As sess\u00f5es ser\u00e3o organizadas de forma que possamos refor\u00e7ar as \u00e1reas cognitivas mais afetadas. Al\u00e9m disso, gra\u00e7as \u00e0 se\u00e7\u00e3o de resultados digitais da pr\u00f3pria aplica\u00e7\u00e3o podemos avaliar o progresso de cada participante ao longo do tempo.&nbsp;<\/p>\n\n\n\n<div style=\"height:50px\" aria-hidden=\"true\" class=\"wp-block-spacer\"><\/div>\n\n\n\n<aside class=\"wp-block-group pb-0 br-0101 has-background has-xl-margin-top\" style=\"background:linear-gradient(135deg,rgb(0,128,150) 0%,rgb(0,171,199) 100%)\"><div class=\"wp-block-group__inner-container is-layout-constrained wp-block-group-is-layout-constrained\">\n<div class=\"wp-block-columns br-1010 is-layout-flex wp-container-core-columns-is-layout-8f761849 wp-block-columns-is-layout-flex\">\n<div class=\"wp-block-column is-vertically-aligned-center is-layout-flow wp-block-column-is-layout-flow\" style=\"flex-basis:60%\">\n<p class=\"has-text-align-center has-white-color has-text-color has-link-color has-xxl-font-size wp-elements-1 has-no-margin-top has-no-margin-bottom wp-block-paragraph\"> <strong>Trabalhe na NeuronUP<\/strong><\/p>\n\n\n\n<p class=\"has-text-align-center has-white-color has-text-color has-link-color has-sm-font-size wp-elements-2 has-no-margin-top has-no-margin-bottom wp-block-paragraph\">Desenvolva sua carreira no setor da sa\u00fade digital.<br>Junte-se \u00e0 nossa equipe.<\/p>\n\n\n\n<div style=\"height:10px\" aria-hidden=\"true\" class=\"wp-block-spacer\"><\/div>\n\n\n\n<div class=\"wp-block-buttons is-content-justification-center is-layout-flex wp-container-core-buttons-is-layout-fe48e5de wp-block-buttons-is-layout-flex\">\n<div class=\"wp-block-button has-custom-width wp-block-button__width-75\" style=\"--button-background:var(--color-custom-1);--button-background-hover:#cc7e00;\"><a class=\"wp-block-button__link button   has-sm-font-size has-custom-font-size wp-element-button\" href=\"https:\/\/neuronup.com\/br\/as-melhores-ofertas-de-emprego-para-profissionais-da-neurorreabilitacao\/\"><strong><strong>Ver vagas dispon\u00edveis<\/strong><\/strong><\/a><\/div>\n\n<\/div>\n<\/div>\n\n\n\n<div class=\"wp-block-column is-vertically-aligned-center is-layout-flow wp-block-column-is-layout-flow\" style=\"flex-basis:40%\"><div class=\"wp-block-image blog-br-0101\">\n<figure class=\"alignright size-large is-resized has--xxxl-margin-top has-no-margin-bottom\"><img decoding=\"async\" width=\"1024\" height=\"1024\" src=\"https:\/\/neuronup.com\/br\/wp-content\/uploads\/2026\/06\/Historias-exito-NeuronUP-14-2-1024x1024.webp\" alt=\"\" class=\"wp-image-51286\" style=\"width:361px;height:auto\" srcset=\"https:\/\/neuronup.com\/br\/wp-content\/uploads\/2026\/06\/Historias-exito-NeuronUP-14-2-24x24.webp 24w, https:\/\/neuronup.com\/br\/wp-content\/uploads\/2026\/06\/Historias-exito-NeuronUP-14-2-48x48.webp 48w, https:\/\/neuronup.com\/br\/wp-content\/uploads\/2026\/06\/Historias-exito-NeuronUP-14-2-80x80.webp 80w, https:\/\/neuronup.com\/br\/wp-content\/uploads\/2026\/06\/Historias-exito-NeuronUP-14-2-96x96.webp 96w, https:\/\/neuronup.com\/br\/wp-content\/uploads\/2026\/06\/Historias-exito-NeuronUP-14-2-150x150.webp 150w, https:\/\/neuronup.com\/br\/wp-content\/uploads\/2026\/06\/Historias-exito-NeuronUP-14-2-300x300.webp 300w, https:\/\/neuronup.com\/br\/wp-content\/uploads\/2026\/06\/Historias-exito-NeuronUP-14-2-768x768.webp 768w, https:\/\/neuronup.com\/br\/wp-content\/uploads\/2026\/06\/Historias-exito-NeuronUP-14-2-1024x1024.webp 1024w, https:\/\/neuronup.com\/br\/wp-content\/uploads\/2026\/06\/Historias-exito-NeuronUP-14-2.webp 1080w\" sizes=\"(max-width: 1024px) 100vw, 1024px\" \/><\/figure>\n<\/div><\/div>\n<\/div>\n<\/div><\/aside>\n\n\n\n<div style=\"height:50px\" aria-hidden=\"true\" class=\"wp-block-spacer\"><\/div>\n\n\n\n<h2 class=\"wp-block-heading\">Conclus\u00e3o<\/h2>\n\n\n\n<p class=\"wp-block-paragraph\">O profissional pode analisar os resultados dos usu\u00e1rios para adaptar a terapia em fun\u00e7\u00e3o do progresso para potenciar uma interven\u00e7\u00e3o cont\u00ednua e pautada. As sess\u00f5es ser\u00e3o organizadas de forma que possamos refor\u00e7ar as \u00e1reas cognitivas mais afetadas. Al\u00e9m disso, gra\u00e7as \u00e0 se\u00e7\u00e3o de resultados digitais da pr\u00f3pria aplica\u00e7\u00e3o podemos avaliar o progresso de cada participante ao longo do tempo.&nbsp;<\/p>\n\n\n\n<h3 class=\"wp-block-heading\">Se voc\u00ea gostou desta entrada do blog sobre la <strong>estimula\u00e7\u00e3o cognitiva personalizada em pessoas com doen\u00e7a mental grave: Resid\u00eancia Espartales Sur<\/strong>, certamente estes artigos da NeuronUP lhe interessar\u00e3o:<\/h3>\n\n\n\n<div class=\"mai-grid entries entries-grid has-boxed has-image-full\" style=\"--entry-title-font-size:var(--font-size-lg);--align-text:start;--entry-meta-text-align:start;\"><div class=\"entries-wrap has-columns\" style=\"--columns-xs:1 \/ 1;--columns-sm:1 \/ 1;--columns-md:1 \/ 3;--columns-lg:1 \/ 3;--flex-xs:0 0 var(--flex-basis);--flex-sm:0 0 var(--flex-basis);--flex-md:0 0 var(--flex-basis);--flex-lg:0 0 var(--flex-basis);--column-gap:var(--spacing-lg);--row-gap:var(--spacing-lg);--align-columns:start;\"><article class=\"entry entry-grid is-column has-entry-link has-image has-image-first type-post category-doencas-neurodegenerativas tag-demencia tag-enfermedades-neurodegenerativas tag-maiores\" style=\"--entry-index:1;\" aria-label=\"Decl\u00ednio cognitivo leve (DCL) ou dem\u00eancia: diferen\u00e7as cl\u00ednicas, diagn\u00f3stico e estimula\u00e7\u00e3o cognitiva\" itemscope itemtype=\"https:\/\/schema.org\/CreativeWork\"><a class=\"entry-image-link\" href=\"https:\/\/neuronup.com\/br\/noticias-de-estimulacao-cognitiva\/doencas-neurodegenerativas\/deterioro-cognitivo-leve-demencia-diferencas-clinicas-diagnostico-e-estimulacao-cognitiva\/\" tabindex=\"-1\" aria-hidden=\"true\"><img decoding=\"async\" width=\"400\" height=\"300\" src=\"https:\/\/neuronup.com\/br\/wp-content\/uploads\/2025\/05\/Deterioro-cognitivo-leve-o-demencia-diferencias-clinicas-diagnostico-y-estimulacion-cognitiva-400x300.webp\" class=\"entry-image size-landscape-sm\" alt=\"Ilustra\u00e7\u00e3o comparando deteriora\u00e7\u00e3o cognitiva leve e dem\u00eancia, com \u00eanfase em diferen\u00e7as cl\u00ednicas para a avalia\u00e7\u00e3o.\" srcset=\"https:\/\/neuronup.com\/br\/wp-content\/uploads\/2025\/05\/Deterioro-cognitivo-leve-o-demencia-diferencias-clinicas-diagnostico-y-estimulacion-cognitiva-400x300.webp 400w, https:\/\/neuronup.com\/br\/wp-content\/uploads\/2025\/05\/Deterioro-cognitivo-leve-o-demencia-diferencias-clinicas-diagnostico-y-estimulacion-cognitiva-800x600.webp 800w\" sizes=\"(max-width:599px) 599px, (min-width:600px) and (max-width: 799px) 799px, (min-width:800px) and (max-width: 999px) 333px, (min-width:1000px) 400px\" \/><\/a><div class=\"entry-wrap entry-wrap-grid\"><h3 class=\"entry-title\" itemprop=\"headline\"><a class=\"entry-title-link\" href=\"https:\/\/neuronup.com\/br\/noticias-de-estimulacao-cognitiva\/doencas-neurodegenerativas\/deterioro-cognitivo-leve-demencia-diferencas-clinicas-diagnostico-e-estimulacao-cognitiva\/\" rel=\"bookmark\">Decl\u00ednio cognitivo leve (DCL) ou dem\u00eancia: diferen\u00e7as cl\u00ednicas, diagn\u00f3stico e estimula\u00e7\u00e3o cognitiva<\/a><\/h3>\n<\/div><\/article><article class=\"entry entry-grid is-column has-entry-link has-image has-image-first type-post category-dano-cerebral tag-dano-cerebral-adquirido\" style=\"--entry-index:2;\" aria-label=\"Aprendizagem motora: o que \u00e9, fatores, metodologia e objetivo\" itemscope itemtype=\"https:\/\/schema.org\/CreativeWork\"><a class=\"entry-image-link\" href=\"https:\/\/neuronup.com\/br\/noticias-de-estimulacao-cognitiva\/dano-cerebral\/aprendizagem-motora-o-que-e-fatores-metodologia-e-objetivo\/\" tabindex=\"-1\" aria-hidden=\"true\"><img decoding=\"async\" width=\"400\" height=\"300\" src=\"https:\/\/neuronup.com\/br\/wp-content\/uploads\/2021\/10\/cross-section-of-human-brain-tissue-8ALYQ7M-655x427-1-400x300.webp\" class=\"entry-image size-landscape-sm\" alt=\"Estrutura transversal com ramifica\u00e7\u00f5es do tipo rede neural em tons de marrom e dourado, parecida com o tecido cerebral.\" \/><\/a><div class=\"entry-wrap entry-wrap-grid\"><h3 class=\"entry-title\" itemprop=\"headline\"><a class=\"entry-title-link\" href=\"https:\/\/neuronup.com\/br\/noticias-de-estimulacao-cognitiva\/dano-cerebral\/aprendizagem-motora-o-que-e-fatores-metodologia-e-objetivo\/\" rel=\"bookmark\">Aprendizagem motora: o que \u00e9, fatores, metodologia e objetivo<\/a><\/h3>\n<\/div><\/article><article class=\"entry entry-grid is-column has-entry-link has-image has-image-first type-post category-atividades-de-neurorreabilitacao tag-actividades-de-estimulacion-cognitiva tag-actividades-de-estimulacion-cognitiva-para-ninos tag-noticias-de-neuronup\" style=\"--entry-index:3;\" aria-label=\"Descubra as 10 atividades da NeuronUP mais utilizadas para trabalhar com crian\u00e7as\" itemscope itemtype=\"https:\/\/schema.org\/CreativeWork\"><a class=\"entry-image-link\" href=\"https:\/\/neuronup.com\/br\/atividades-de-neurorreabilitacao\/conheca-as-10-atividades-neuronup-mais-utilizadas-para-trabalhar-com-criancas\/\" tabindex=\"-1\" aria-hidden=\"true\"><img decoding=\"async\" width=\"400\" height=\"300\" src=\"https:\/\/neuronup.com\/br\/wp-content\/uploads\/2024\/09\/Juego-de-NeuronUP-para-trabajar-la-relacion-espacial-en-ninos-Parada-en-boxes-400x300.webp\" class=\"entry-image size-landscape-sm\" alt=\"Interface do NeuronUP para rela\u00e7\u00e3o espacial em crian\u00e7as: pista para localizar objetos, com um personagem e controles na parte inferior.\" srcset=\"https:\/\/neuronup.com\/br\/wp-content\/uploads\/2024\/09\/Juego-de-NeuronUP-para-trabajar-la-relacion-espacial-en-ninos-Parada-en-boxes-400x300.webp 400w, https:\/\/neuronup.com\/br\/wp-content\/uploads\/2024\/09\/Juego-de-NeuronUP-para-trabajar-la-relacion-espacial-en-ninos-Parada-en-boxes-800x600.webp 800w\" sizes=\"(max-width:599px) 599px, (min-width:600px) and (max-width: 799px) 799px, (min-width:800px) and (max-width: 999px) 333px, (min-width:1000px) 400px\" \/><\/a><div class=\"entry-wrap entry-wrap-grid\"><h3 class=\"entry-title\" itemprop=\"headline\"><a class=\"entry-title-link\" href=\"https:\/\/neuronup.com\/br\/atividades-de-neurorreabilitacao\/conheca-as-10-atividades-neuronup-mais-utilizadas-para-trabalhar-com-criancas\/\" rel=\"bookmark\">Descubra as 10 atividades da NeuronUP mais utilizadas para trabalhar com crian\u00e7as<\/a><\/h3>\n<\/div><\/article><article class=\"entry entry-grid is-column has-entry-link has-image has-image-first type-post category-eventos tag-congresso\" style=\"--entry-index:4;\" aria-label=\"Global Neuropsychology Congress: o congresso que reuniu o mundo no Porto\" itemscope itemtype=\"https:\/\/schema.org\/CreativeWork\"><a class=\"entry-image-link\" href=\"https:\/\/neuronup.com\/br\/eventos\/global-neuropsychology-congress-conectando-o-mundo-no-porto\/\" tabindex=\"-1\" aria-hidden=\"true\"><img decoding=\"async\" width=\"400\" height=\"300\" src=\"https:\/\/neuronup.com\/br\/wp-content\/uploads\/2024\/07\/IMG_9004-1-400x300.webp\" class=\"entry-image size-landscape-sm\" alt=\"Participantes em uma confer\u00eancia no Porto, com palestrantes e tela de proje\u00e7\u00e3o durante o Congresso Global de Neuropsicologia.\" srcset=\"https:\/\/neuronup.com\/br\/wp-content\/uploads\/2024\/07\/IMG_9004-1-400x300.webp 400w, https:\/\/neuronup.com\/br\/wp-content\/uploads\/2024\/07\/IMG_9004-1-800x600.webp 800w\" sizes=\"(max-width:599px) 599px, (min-width:600px) and (max-width: 799px) 799px, (min-width:800px) and (max-width: 999px) 333px, (min-width:1000px) 400px\" \/><\/a><div class=\"entry-wrap entry-wrap-grid\"><h3 class=\"entry-title\" itemprop=\"headline\"><a class=\"entry-title-link\" href=\"https:\/\/neuronup.com\/br\/eventos\/global-neuropsychology-congress-conectando-o-mundo-no-porto\/\" rel=\"bookmark\">Global Neuropsychology Congress: o congresso que reuniu o mundo no Porto<\/a><\/h3>\n<\/div><\/article><article class=\"entry entry-grid is-column has-entry-link has-image has-image-first type-post category-linhas-de-investigacao tag-investigacion tag-ninos\" style=\"--entry-index:5;\" aria-label=\"Ferramentas digitais na interven\u00e7\u00e3o precoce: o que a evid\u00eancia internacional nos diz\" itemscope itemtype=\"https:\/\/schema.org\/CreativeWork\"><a class=\"entry-image-link\" href=\"https:\/\/neuronup.com\/br\/investigacao\/linhas-de-investigacao\/ferramentas-digitais-na-intervencao-precoce-o-que-a-evidencia-internacional-diz\/\" tabindex=\"-1\" aria-hidden=\"true\"><img decoding=\"async\" width=\"400\" height=\"300\" src=\"https:\/\/neuronup.com\/br\/wp-content\/uploads\/2026\/04\/Evidencia-sobre-las-herramientas-digitales-en-intervencion-temprana.-Como-las-tecnologias-digitales-transforman-la-intervencion-temprana-400x300.webp\" class=\"entry-image size-landscape-sm\" alt=\"Descubra como as tecnologias digitais transformam a interven\u00e7\u00e3o precoce, gra\u00e7as a uma an\u00e1lise baseada em evid\u00eancias de Liapakis (2025) e ao impacto da NeuronUP nas fun\u00e7\u00f5es executivas e na ades\u00e3o cl\u00ednica.\" srcset=\"https:\/\/neuronup.com\/br\/wp-content\/uploads\/2026\/04\/Evidencia-sobre-las-herramientas-digitales-en-intervencion-temprana.-Como-las-tecnologias-digitales-transforman-la-intervencion-temprana-400x300.webp 400w, https:\/\/neuronup.com\/br\/wp-content\/uploads\/2026\/04\/Evidencia-sobre-las-herramientas-digitales-en-intervencion-temprana.-Como-las-tecnologias-digitales-transforman-la-intervencion-temprana-800x600.webp 800w\" sizes=\"(max-width:599px) 599px, (min-width:600px) and (max-width: 799px) 799px, (min-width:800px) and (max-width: 999px) 333px, (min-width:1000px) 400px\" \/><\/a><div class=\"entry-wrap entry-wrap-grid\"><h3 class=\"entry-title\" itemprop=\"headline\"><a class=\"entry-title-link\" href=\"https:\/\/neuronup.com\/br\/investigacao\/linhas-de-investigacao\/ferramentas-digitais-na-intervencao-precoce-o-que-a-evidencia-internacional-diz\/\" rel=\"bookmark\">Ferramentas digitais na interven\u00e7\u00e3o precoce: o que a evid\u00eancia internacional nos diz<\/a><\/h3>\n<\/div><\/article><article class=\"entry entry-grid is-column has-entry-link has-image has-image-first type-post category-doencas-neurodegenerativas tag-doenca-de-alzheimer tag-enfermedades-neurodegenerativas\" style=\"--entry-index:6;\" aria-label=\"Microbiota intestinal e Alzheimer: papel do eixo intestino-c\u00e9rebro na deteriora\u00e7\u00e3o cognitiva\" itemscope itemtype=\"https:\/\/schema.org\/CreativeWork\"><a class=\"entry-image-link\" href=\"https:\/\/neuronup.com\/br\/noticias-de-estimulacao-cognitiva\/doencas-neurodegenerativas\/microbiota-intestinal-e-alzheimer-papel-do-eixo-intestino-cerebro-no-declinio-cognitivo\/\" tabindex=\"-1\" aria-hidden=\"true\"><img decoding=\"async\" width=\"400\" height=\"300\" src=\"https:\/\/neuronup.com\/br\/wp-content\/uploads\/2026\/04\/Microbiota-intestinal-y-alzheimer-papel-del-eje-intestino-cerebro-en-el-deterioro-cognitivo.-Relacion-entre-la-microbiota-intestinal-y-el-deterioro-cognitivo-400x300.webp\" class=\"entry-image size-landscape-sm\" alt=\"Microbiota intestinal e Alzheimer: papel do eixo intestino-c\u00e9rebro no decl\u00ednio cognitivo. Rela\u00e7\u00e3o entre a microbiota intestinal e o decl\u00ednio cognitivo.\" srcset=\"https:\/\/neuronup.com\/br\/wp-content\/uploads\/2026\/04\/Microbiota-intestinal-y-alzheimer-papel-del-eje-intestino-cerebro-en-el-deterioro-cognitivo.-Relacion-entre-la-microbiota-intestinal-y-el-deterioro-cognitivo-400x300.webp 400w, https:\/\/neuronup.com\/br\/wp-content\/uploads\/2026\/04\/Microbiota-intestinal-y-alzheimer-papel-del-eje-intestino-cerebro-en-el-deterioro-cognitivo.-Relacion-entre-la-microbiota-intestinal-y-el-deterioro-cognitivo-800x600.webp 800w\" sizes=\"(max-width:599px) 599px, (min-width:600px) and (max-width: 799px) 799px, (min-width:800px) and (max-width: 999px) 333px, (min-width:1000px) 400px\" \/><\/a><div class=\"entry-wrap entry-wrap-grid\"><h3 class=\"entry-title\" itemprop=\"headline\"><a class=\"entry-title-link\" href=\"https:\/\/neuronup.com\/br\/noticias-de-estimulacao-cognitiva\/doencas-neurodegenerativas\/microbiota-intestinal-e-alzheimer-papel-do-eixo-intestino-cerebro-no-declinio-cognitivo\/\" rel=\"bookmark\">Microbiota intestinal e Alzheimer: papel do eixo intestino-c\u00e9rebro na deteriora\u00e7\u00e3o cognitiva<\/a><\/h3>\n<\/div><\/article><\/div><\/div>","protected":false},"excerpt":{"rendered":"<p>\u00d3scar e Ver\u00f3nica, Educador e Terapeuta Ocupacional da MR Espartales Sur, apresentam como abordam a estimula\u00e7\u00e3o cognitiva personalizada em pessoas com doen\u00e7a mental grave a partir de uma abordagem multidisciplinar e utilizando ferramentas digitais como NeuronUP. Sobre a Resid\u00eancia Espartales Sur de Alcal\u00e1 de Henares A Resid\u00eancia Espartales Sur faz parte da Rede p\u00fablica de &hellip;<\/p>\n","protected":false},"author":341,"featured_media":43366,"comment_status":"open","ping_status":"open","sticky":false,"template":"","format":"standard","meta":{"_acf_changed":false,"_genesis_hide_title":false,"_genesis_hide_breadcrumbs":false,"_genesis_hide_singular_image":false,"_genesis_hide_footer_widgets":false,"_genesis_custom_body_class":"","_genesis_custom_post_class":"","_genesis_layout":"content-sidebar","footnotes":""},"categories":[572],"tags":[715,761,760,716],"class_list":["type-post","category-depoimentos","tag-adultos","tag-estimulacion-cognitiva","tag-salud-mental","tag-testemunhos","entry"],"acf":[],"_links":{"self":[{"href":"https:\/\/neuronup.com\/br\/wp-json\/wp\/v2\/posts\/43340","targetHints":{"allow":["GET"]}}],"collection":[{"href":"https:\/\/neuronup.com\/br\/wp-json\/wp\/v2\/posts"}],"about":[{"href":"https:\/\/neuronup.com\/br\/wp-json\/wp\/v2\/types\/post"}],"author":[{"embeddable":true,"href":"https:\/\/neuronup.com\/br\/wp-json\/wp\/v2\/users\/341"}],"replies":[{"embeddable":true,"href":"https:\/\/neuronup.com\/br\/wp-json\/wp\/v2\/comments?post=43340"}],"version-history":[{"count":0,"href":"https:\/\/neuronup.com\/br\/wp-json\/wp\/v2\/posts\/43340\/revisions"}],"wp:featuredmedia":[{"embeddable":true,"href":"https:\/\/neuronup.com\/br\/wp-json\/wp\/v2\/media\/43366"}],"wp:attachment":[{"href":"https:\/\/neuronup.com\/br\/wp-json\/wp\/v2\/media?parent=43340"}],"wp:term":[{"taxonomy":"category","embeddable":true,"href":"https:\/\/neuronup.com\/br\/wp-json\/wp\/v2\/categories?post=43340"},{"taxonomy":"post_tag","embeddable":true,"href":"https:\/\/neuronup.com\/br\/wp-json\/wp\/v2\/tags?post=43340"}],"curies":[{"name":"wp","href":"https:\/\/api.w.org\/{rel}","templated":true}]}}